{"id":52487,"date":"2026-04-03T05:36:00","date_gmt":"2026-04-03T08:36:00","guid":{"rendered":"https:\/\/www.estrategiaconcursos.com.br\/blog\/?p=52487"},"modified":"2026-04-17T23:58:37","modified_gmt":"2026-04-18T02:58:37","slug":"concurso-tre-to","status":"publish","type":"post","link":"https:\/\/www.estrategiaconcursos.com.br\/blog\/concurso-tre-to\/","title":{"rendered":"Concurso TRE TO homologado! Veja a nova remunera\u00e7\u00e3o"},"content":{"rendered":"\n<p class=\"has-large-font-size\"><strong><em>Concurso TRE TO ofertou 4 vagas + CR; edital publicado em 2025 est\u00e1 homologado!<\/em><\/strong><\/p>\n\n\n<p><center><a id=\"cta-icon\" href=\"https:\/\/sndflw.com\/i\/tre-to-grupo\" target=\"_blank\" style=\"background:#29a61a; display:inline-flex; align-items:center; padding:10px 15px; border-radius:6px; color:#fff; text-decoration:none; font-weight:500; font-size:15px;\"><img decoding=\"async\" src=\"https:\/\/dhg1h5j42swfq.cloudfront.net\/2023\/12\/07154107\/whatsapp_13851.png\" alt=\"\" style=\"width:20px; height:20px; margin-right:8px;\"><span>Acesse agora o Grupo de Estudos para o Concurso TRE TO<\/span><\/a><\/center><\/p>\n\n\n\n<p>O<strong>&nbsp;edital do concurso <a href=\"https:\/\/www.estrategiaconcursos.com.br\/cursosPorConcurso\/tre-to\/\" target=\"_blank\" rel=\"noreferrer noopener\">Tribunal Regional Eleitoral do Tocantins<\/a><\/strong> <strong>(TRE TO)<\/strong> foi <strong>homologado<\/strong>:<\/p>\n\n\n\n<ul class=\"wp-block-list\">\n<li><strong><a href=\"https:\/\/dhg1h5j42swfq.cloudfront.net\/2026\/02\/05060419\/edital-no-83-de-4-de-marco-de-2026-edital-no-83-de-4-de-marco-de-2026-dou-imprensa-nacional-1.pdf\" target=\"_blank\" rel=\"noreferrer noopener nofollow\">Homologa\u00e7\u00e3o Concurso TRE TO<\/a><\/strong><\/li>\n<\/ul>\n\n\n\n<p>Vale lembrar que o certame ofereceu <strong>quatro vagas\u00a0entre imediatas e forma\u00e7\u00e3o de cadastro de reserva<\/strong>, distribu\u00eddas entre os cargos de Analista e T\u00e9cnico Judici\u00e1rio, em diversas especialidades.<\/p>\n\n\n\n<p>As oportunidades foram para n\u00edvel superior de forma\u00e7\u00e3o. Os sal\u00e1rios iniciais variavam de&nbsp;<strong>R$ 9.052,51 a R$ 14.852,66<\/strong>, al\u00e9m de benef\u00edcios, mas em 2026 os servidores tiveram reajuste aprovado.<\/p>\n\n\n\n<p>Confira mais informa\u00e7\u00f5es no decorrer do artigo!<\/p>\n\n\n\n<ul class=\"wp-block-list has-blush-light-purple-gradient-background has-background\">\n<li><strong>Concurso TRE TO<\/strong><\/li>\n\n\n\n<li><strong>Status:<\/strong>&nbsp;homologado<\/li>\n\n\n\n<li><strong>Banca:<\/strong> Instituto AOCP<\/li>\n\n\n\n<li><strong>Vagas:<\/strong> 4 + CR<\/li>\n\n\n\n<li><strong>Escolaridade<\/strong>: n\u00edvel superior<\/li>\n\n\n\n<li><strong>Sal\u00e1rio inicial conforme edital:&nbsp;<\/strong>R$ 9.052,54 (T\u00e9cnico) e R$ 14.852,98 (Analista) + benef\u00edcios<\/li>\n\n\n\n<li><strong>Sal\u00e1rios a partir de Jul. de 2026: <\/strong>R$ 9.776,74 (T\u00e9cnico)\/R$ 16.041,21 (Analista)<\/li>\n\n\n\n<li><strong>Edital<\/strong>: <a href=\"https:\/\/www.in.gov.br\/en\/web\/dou\/-\/edital-n-1-de-18-de-marco-de-2025-618704148\" target=\"_blank\" rel=\"noreferrer noopener\">TRE TO 2025<\/a> <\/li>\n<\/ul>\n\n\n\n<ul id=\"indice\" class=\"wp-block-list\">\n<li><strong><a href=\"#situacao\">Situa\u00e7\u00e3o atual do concurso<\/a><\/strong><\/li>\n\n\n\n<li><a href=\"http:\/\/h-salarios-e-adicional-de-qualificacao-reajustados\"><strong>Reajuste do sal\u00e1rio e adicional de qualifica\u00e7\u00e3o<\/strong><\/a><\/li>\n\n\n\n<li><a href=\"#cargos-vagas-remuneracoes-e-beneficios\"><strong>Cargos, vagas, remunera\u00e7\u00f5es e benef\u00edcios<\/strong><\/a><\/li>\n\n\n\n<li><a href=\"#etapas-e-provas\"><strong>Etapas e provas<\/strong><\/a><\/li>\n\n\n\n<li><strong><a href=\"#guia-de-estudos\">Guia de estudos<\/a><\/strong><\/li>\n\n\n\n<li><strong><a href=\"#carreira\">Carreira<\/a><\/strong>\n<ul class=\"wp-block-list\">\n<li><strong><a href=\"#vagos\">Cargos Vagos<\/a><\/strong><\/li>\n<\/ul>\n<\/li>\n\n\n\n<li><strong><a href=\"#ultimo\">\u00daltimo concurso<\/a><\/strong><\/li>\n\n\n\n<li><strong><a href=\"#cursos\">Cursos e Assinaturas<\/a><\/strong><\/li>\n\n\n\n<li><strong><a href=\"#ficha\">Ficha t\u00e9cnica<\/a><\/strong><\/li>\n<\/ul>\n\n\n\n<div class=\"container\" id=\"boxes\">\n  <div class=\"row\">\n\n    <div class=\"col-sm\">\n      <div class=\"banner-tribunal\" id=\"box-assinatura\">\n        <h3 class=\"titulo-assinatura\">Curso TRE TO<\/h3>\n        <p class=\"subtitulo-assinatura\">Conhe\u00e7a os cursos<\/p>\n        <div class=\"box-botao\">\n          <a class=\"btn-assinatura\" target=\"_blank\" href=\"https:\/\/www.estrategiaconcursos.com.br\/cursosPorConcurso\/tre-to\/\" role=\"button\" rel=\"noopener noreferrer\">Conhe\u00e7a mais<\/a>\n        <\/div>\n      <\/div>\n      <p class=\"texto-auxiliar\">Prepare-se com o melhor material e com quem mais aprova em Concursos P\u00fablicos em todo o pa\u00eds.<\/p>\n    <\/div>\n\n  <\/div>\n<\/div>\n\n\n\n<h2 class=\"wp-block-heading has-very-light-gray-to-cyan-bluish-gray-gradient-background has-background\" id=\"ultimasnoticias\">\u00daltimas not\u00edcias do Concurso TRE TO<\/h2>\n\n\n\n<p>Veja abaixo as \u00faltimas not\u00edcias publicadas sobre o concurso:<\/p>\n\n\n\n<ul class=\"wp-block-list\">\n<li>02\/04\/2026 &#8211; <a href=\"https:\/\/www.estrategiaconcursos.com.br\/blog\/concurso-tse-2026-cargos-criados\/\" target=\"_blank\" rel=\"noreferrer noopener\">Sancionada a cria\u00e7\u00e3o de 474 cargos de t\u00e9cnico e analista<\/a><\/li>\n\n\n\n<li>25\/03\/2026 &#8211; <a href=\"https:\/\/www.estrategiaconcursos.com.br\/blog\/criacao-de-cargos-justica-eleitoral-senado\/\" target=\"_blank\" rel=\"noreferrer noopener\">Senado vota projeto que prev\u00ea cria\u00e7\u00e3o de cargos<\/a><\/li>\n\n\n\n<li>12\/02\/2026 &#8211; <a href=\"https:\/\/www.estrategiaconcursos.com.br\/blog\/concurso-tse-unificado-398-nomeacoes\/\" target=\"_blank\" rel=\"noreferrer noopener\">Justi\u00e7a Eleitoral autoriza 398 provimentos<\/a><\/li>\n\n\n\n<li>14\/01\/2026 &#8211; <a href=\"https:\/\/www.estrategiaconcursos.com.br\/blog\/loa-2026-e-sancionada-163-mil-vagas\/\" target=\"_blank\" rel=\"noreferrer noopener\">Or\u00e7amento prev\u00ea 2.458 vagas, sendo 1.654 para provimento<\/a><\/li>\n<\/ul>\n\n\n\n<h2 class=\"wp-block-heading\" id=\"situacao\">Concurso TRE TO: situa\u00e7\u00e3o atual<\/h2>\n\n\n\n<p>Confira a situa\u00e7\u00e3o atual do certame:<\/p>\n\n\n\n<p>Concurso TRE TO \u00e9 homologado<\/p>\n\n\n\n<p>Em mar\u00e7o de 2026, o certame TRE TO foi oficialmente homologado, e teve sua validade prorrogada em 12 meses.<\/p>\n\n\n\n<h3 class=\"wp-block-heading\" id=\"h-salarios-e-adicional-de-qualificacao-reajustados\">Sal\u00e1rios e adicional de qualifica\u00e7\u00e3o reajustados<\/h3>\n\n\n\n<p>A Justi\u00e7a Federal teve o <a href=\"https:\/\/www.estrategiaconcursos.com.br\/blog\/lula-sancionou-reajuste-salarial-aos-servidores-para-2026\/\" target=\"_blank\" rel=\"noreferrer noopener\">reajuste salarial de 8%<\/a> para todas as carreiras sancionado pelo governo federal. Com isso, os sal\u00e1rios iniciais podem <strong>chegar a R$&nbsp;16.041,21<\/strong>, al\u00e9m de benef\u00edcios.<\/p>\n\n\n\n<p>O adicional de qualifica\u00e7\u00e3o tamb\u00e9m foi reajustado. Atualmente, um analista em final de carreira pode somar R$ 1.161,52 se tiver doutorado, por exemplo. <\/p>\n\n\n\n<p>Com a mudan\u00e7a, o valor vai para <strong>R$ 3.857,75<\/strong> a partir de 2026, considerando-se o reajuste de 8% a partir do pr\u00f3ximo ano, previsto na&nbsp;Lei 15.293, de 19 de dezembro de 2025.<\/p>\n\n\n\n<p>Tamb\u00e9m a partir de 2026, o mestrado valer\u00e1 <strong>R$ 2.700,43 (contra os atuais R$ 929,21)<\/strong>. Essas duas qualifica\u00e7\u00f5es n\u00e3o podem ser acumuladas entre si e absorvem outras de valores menores.<\/p>\n\n\n\n<p>Com o reajuste, os vencimentos b\u00e1sicos iniciais para os cargos ficam com os seguintes valores a partir de julho de 2026:<\/p>\n\n\n\n<ul class=\"wp-block-list\">\n<li><strong>R$ 9.776,74 (T\u00e9cnico) <\/strong><\/li>\n\n\n\n<li><strong>R$ 16.041,21 (Analista)<\/strong><\/li>\n<\/ul>\n\n\n\n<p>Al\u00e9m do vencimento b\u00e1sico atualizado, os aprovados ter\u00e3o direito a benef\u00edcios como&nbsp;<strong>aux\u00edlio pr\u00e9-escolar<\/strong>&nbsp;no valor de&nbsp;<strong>R$ 1.288,47<\/strong>, e&nbsp;<strong>aux\u00edlio alimenta\u00e7\u00e3o<\/strong>&nbsp;no valor de&nbsp;<strong>R$ 1.860,51<\/strong>.<\/p>\n\n\n\n<h2 class=\"wp-block-heading\" id=\"cargos-vagas\">Concurso TRE TO: edital 2025<\/h2>\n\n\n\n<p>Confira abaixo todas as informa\u00e7\u00f5es sobre o Concurso TRE TO 2025:<\/p>\n\n\n\n<h3 class=\"wp-block-heading\" id=\"cargos\">Cargos, vagas e remunera\u00e7\u00f5es<\/h3>\n\n\n\n<p>Veja no quadro abaixo as especialidades, o n\u00famero de oportunidades e a remunera\u00e7\u00e3o inicial bruta:<\/p>\n\n\n\n<figure class=\"wp-block-table is-style-stripes\"><table class=\"has-very-light-gray-to-cyan-bluish-gray-gradient-background has-background\"><thead><tr><th class=\"has-text-align-center\" data-align=\"center\">Cargo\/\u00c1rea\/Especialidade<\/th><th class=\"has-text-align-center\" data-align=\"center\">Ampla Concorr\u00eancia<\/th><th class=\"has-text-align-center\" data-align=\"center\">PCD, Negros e Ind\u00edgenas<\/th><th class=\"has-text-align-center\" data-align=\"center\">Remunera\u00e7\u00e3o Inicial Bruta<\/th><\/tr><\/thead><tbody><tr><td class=\"has-text-align-center\" data-align=\"center\">Analista Judici\u00e1rio; \u00c1rea Judici\u00e1ria<\/td><td class=\"has-text-align-center\" data-align=\"center\">3<\/td><td class=\"has-text-align-center\" data-align=\"center\">1 para Negros e CR para as demais<\/td><td class=\"has-text-align-center\" data-align=\"center\">R$ 14.852,66<\/td><\/tr><tr><td class=\"has-text-align-center\" data-align=\"center\">Analista Judici\u00e1rio; \u00c1rea de Atividade: Administrativa; Especialidade: Contabilidade<\/td><td class=\"has-text-align-center\" data-align=\"center\">CR(2)<\/td><td class=\"has-text-align-center\" data-align=\"center\">CR(2)<\/td><td class=\"has-text-align-center\" data-align=\"center\">R$ 14.852,66<\/td><\/tr><tr><td class=\"has-text-align-center\" data-align=\"center\">Analista Judici\u00e1rio; \u00c1rea de Atividade: Apoio Especializado; Especialidade: Tecnologia da Informa\u00e7\u00e3o<\/td><td class=\"has-text-align-center\" data-align=\"center\">CR(2)<\/td><td class=\"has-text-align-center\" data-align=\"center\">CR(2)<\/td><td class=\"has-text-align-center\" data-align=\"center\">R$ 14.852,66<\/td><\/tr><tr><td class=\"has-text-align-center\" data-align=\"center\">T\u00e9cnico Judici\u00e1rio; \u00c1rea de Atividade: Administrativa<\/td><td class=\"has-text-align-center\" data-align=\"center\">1<\/td><td class=\"has-text-align-center\" data-align=\"center\">CR(2)<\/td><td class=\"has-text-align-center\" data-align=\"center\">R$ 9.052,51<\/td><\/tr><tr><td class=\"has-text-align-center\" data-align=\"center\">T\u00e9cnico Judici\u00e1rio; \u00c1rea de Atividade: Administrativa; Especialidade: Agente da Pol\u00edcia Judicial<\/td><td class=\"has-text-align-center\" data-align=\"center\">CR(2)<\/td><td class=\"has-text-align-center\" data-align=\"center\">CR(2)<\/td><td class=\"has-text-align-center\" data-align=\"center\">R$ 9.052,51*<\/td><\/tr><tr><td class=\"has-text-align-center\" data-align=\"center\">T\u00e9cnico Judici\u00e1rio; \u00c1rea de Atividade: Apoio Especializado; Especialidade: Programa\u00e7\u00e3o de Sistemas<\/td><td class=\"has-text-align-center\" data-align=\"center\">CR(2)<\/td><td class=\"has-text-align-center\" data-align=\"center\">CR(2)<\/td><td class=\"has-text-align-center\" data-align=\"center\">R$ 9.052,51<\/td><\/tr><\/tbody><\/table><\/figure>\n\n\n\n<p class=\"has-small-font-size\"><em>(2) Cadastro de Reserva para vagas que surgirem ou forem criadas no prazo de validade do Concurso.<\/em><\/p>\n\n\n\n<p class=\"has-small-font-size\"><em>* Remunera\u00e7\u00e3o Inicial: R$ 9.052,51, acrescido de R$ 1.320,16 (Gratifica\u00e7\u00e3o de Atividade de Seguran\u00e7a &#8211; GAS), totalizando R$ 10.372,67.<\/em><\/p>\n\n\n\n<h3 class=\"wp-block-heading\" id=\"etapas\">Etapas e provas<\/h3>\n\n\n\n<p>Os candidatos inscritos no edital do concurso TRE TO ser\u00e3o avaliados por meio da aplica\u00e7\u00e3o das seguintes etapas:<\/p>\n\n\n\n<p><strong><em>Todos os cargos, exceto Pol\u00edcia Judicial<\/em><\/strong><\/p>\n\n\n\n<figure class=\"wp-block-table is-style-stripes\"><table class=\"has-very-light-gray-to-cyan-bluish-gray-gradient-background has-background\"><thead><tr><th>Fase<\/th><th>Prova<\/th><th>Disciplinas<\/th><th>Quest\u00f5es<\/th><th>Valor Unit.<\/th><th>Total<\/th><th>Car\u00e1ter<\/th><\/tr><\/thead><tbody><tr><td>1\u00aa<\/td><td>Objetiva<\/td><td>Conhecimentos Gerais<\/td><td class=\"has-text-align-right\" data-align=\"right\">20<\/td><td>1 pt<\/td><td class=\"has-text-align-right\" data-align=\"right\">20<\/td><td>Elim.\/Class.<\/td><\/tr><tr><td><\/td><td><\/td><td>Conhecimentos Espec\u00edficos<\/td><td class=\"has-text-align-right\" data-align=\"right\">40<\/td><td>2 pts<\/td><td class=\"has-text-align-right\" data-align=\"right\">80<\/td><td>Elim.\/Class.<\/td><\/tr><tr><td>2\u00aa<\/td><td>Discursiva<\/td><td>Reda\u00e7\u00e3o\/Estudo de Caso*<\/td><td class=\"has-text-align-right\" data-align=\"right\">1<\/td><td>&#8212;<\/td><td class=\"has-text-align-right\" data-align=\"right\">30<\/td><td>Elim.\/Class.<\/td><\/tr><tr><td>&#8212;<\/td><td>&#8212;<\/td><td>&#8212;<\/td><td>&#8212;<\/td><td>&#8212;<\/td><td>&#8212;<\/td><td>&#8212;<\/td><\/tr><tr><td>TOTAL<\/td><td><\/td><td><\/td><td class=\"has-text-align-right\" data-align=\"right\"><strong>61<\/strong><\/td><td><\/td><td class=\"has-text-align-right\" data-align=\"right\"><strong>130<\/strong><\/td><td><\/td><\/tr><\/tbody><\/table><figcaption class=\"wp-element-caption\">*Conforme regras do item 14 do edital.<\/figcaption><\/figure>\n\n\n\n<p><strong><em>Cargo de Pol\u00edcia Judicial<\/em><\/strong><\/p>\n\n\n\n<figure class=\"wp-block-table is-style-stripes\"><table class=\"has-very-light-gray-to-cyan-bluish-gray-gradient-background has-background\"><thead><tr><th>Fase<\/th><th>Prova<\/th><th>Disciplinas<\/th><th class=\"has-text-align-right\" data-align=\"right\">Quest\u00f5es<\/th><th class=\"has-text-align-right\" data-align=\"right\">Valor Unit. <\/th><th class=\"has-text-align-right\" data-align=\"right\">Total<\/th><th>Car\u00e1ter<\/th><\/tr><\/thead><tbody><tr><td>1\u00aa<\/td><td>Objetiva<\/td><td>Gerais<\/td><td class=\"has-text-align-right\" data-align=\"right\">20<\/td><td class=\"has-text-align-right\" data-align=\"right\">1<\/td><td class=\"has-text-align-right\" data-align=\"right\">20<\/td><td>Elim. e Classif.<\/td><\/tr><tr><td><\/td><td><\/td><td>Espec\u00edficos<\/td><td class=\"has-text-align-right\" data-align=\"right\">40<\/td><td class=\"has-text-align-right\" data-align=\"right\">2<\/td><td class=\"has-text-align-right\" data-align=\"right\">80<\/td><td>Elim. e Classif.<\/td><\/tr><tr><td>2\u00aa<\/td><td>Discursiva<\/td><td>Reda\u00e7\u00e3o<\/td><td class=\"has-text-align-right\" data-align=\"right\">1<\/td><td>&#8212;<\/td><td class=\"has-text-align-right\" data-align=\"right\">30<\/td><td>Elim. e Classif.<\/td><\/tr><tr><td>3\u00aa<\/td><td>Capac. F\u00edsica<\/td><td>TAF (Item 15)<\/td><td>&#8212;<\/td><td>&#8212;<\/td><td>&#8212;<\/td><td>Eliminat\u00f3rio<\/td><\/tr><tr><td>&#8212;<\/td><td>&#8212;<\/td><td>&#8212;<\/td><td>&#8212;<\/td><td>&#8212;<\/td><td>&#8212;<\/td><td>&#8212;<\/td><\/tr><tr><td>TOTAL<\/td><td><\/td><td><\/td><td class=\"has-text-align-right\" data-align=\"right\"><strong>61<\/strong><\/td><td><\/td><td class=\"has-text-align-right\" data-align=\"right\"><strong>130<\/strong><\/td><td><\/td><\/tr><\/tbody><\/table><\/figure>\n\n\n\n<p>As provas Objetivas e Discursivas ser\u00e3o realizadas nas seguintes cidades:<\/p>\n\n\n\n<ul class=\"wp-block-list\">\n<li>TO\/ARAGUA\u00cdNA<\/li>\n\n\n\n<li>TO\/ARAGUATINS<\/li>\n\n\n\n<li>TO\/DIAN\u00d3POLIS<\/li>\n\n\n\n<li>TO\/GURUPI<\/li>\n\n\n\n<li>TO\/PALMAS<\/li>\n<\/ul>\n\n\n\n<h4 class=\"wp-block-heading\" id=\"objetiva\">Provas Objetivas<\/h4>\n\n\n\n<p>A Prova Objetiva (de Conhecimentos Gerais e de Conhecimentos Espec\u00edficos), de car\u00e1ter eliminat\u00f3rio e classificat\u00f3rio, constar\u00e1 de quest\u00f5es objetivas de m\u00faltipla escolha, com 5 (cinco) alternativas e uma \u00fanica resposta correta.<\/p>\n\n\n\n<h4 class=\"wp-block-heading\" id=\"discursiva\">Prova Discursiva<\/h4>\n\n\n\n<p>A Prova Discursiva consistir\u00e1 em 1 (uma) quest\u00e3o de Conhecimentos Espec\u00edficos.<\/p>\n\n\n\n<h4 class=\"wp-block-heading\" id=\"h-teste-de-aptidao-fisica\">Teste de Aptid\u00e3o F\u00edsica<\/h4>\n\n\n\n<p>O Teste de Aptid\u00e3o F\u00edsica (<a href=\"https:\/\/www.estrategiaconcursos.com.br\/blog\/preparacao-teste-aptidao-fisica\/\" target=\"_blank\" rel=\"noreferrer noopener\">TAF<\/a>) ser\u00e1 realizado para o cargo de T\u00e9cnico Judici\u00e1rio; \u00c1rea de Atividade: Administrativa; Especialidade: Agente da Pol\u00edcia Judicial, de forma presencial na cidade de Palmas\/TO.<\/p>\n\n\n\n<p>O local, a data e o hor\u00e1rio do Teste de Aptid\u00e3o F\u00edsica ser\u00e3o oportunamente divulgados em Edital de convoca\u00e7\u00e3o para a sua realiza\u00e7\u00e3o, podendo conter normas e informa\u00e7\u00f5es complementares pertinentes.<\/p>\n\n\n\n<p>O Teste de Aptid\u00e3o F\u00edsica ser\u00e1 filmado pela banca examinadora.<\/p>\n\n\n\n<ul class=\"wp-block-list\">\n<li><strong>Teste de Flex\u00e3o de Bra\u00e7o na Barra Fixa<\/strong> (somente para os candidatos do sexo masculino);<\/li>\n\n\n\n<li><strong>Teste Est\u00e1tico de Barra<\/strong> (somente para as candidatas do sexo feminino);<\/li>\n\n\n\n<li><strong>Teste de Flex\u00e3o Abdominal<\/strong>; e<\/li>\n\n\n\n<li><strong>Teste de Corrida de 12 Minutos<\/strong>.<\/li>\n<\/ul>\n\n\n\n<h3 class=\"wp-block-heading\" id=\"resultados\">Resultados do Concurso TRE-TO<\/h3>\n\n\n\n<ul class=\"wp-block-list\">\n<li><a href=\"https:\/\/arquivos-site.institutoaocp.org.br\/publicacoes\/a9c59999-07a4-4c5b-9b18-5a1e5666af2a.pdf\" target=\"_blank\" rel=\"noreferrer noopener\">Resultado da objetiva<\/a>;<\/li>\n\n\n\n<li><a href=\"https:\/\/arquivos-site.institutoaocp.org.br\/publicacoes\/d9911da8-4567-4445-bc12-1d8950b7c335.pdf\" target=\"_blank\" rel=\"noreferrer noopener\">Resultado TAF<\/a>;<\/li>\n\n\n\n<li><a href=\"https:\/\/arquivos-site.institutoaocp.org.br\/publicacoes\/c4eb5057-0a36-4df7-a86d-1950077ffd0c.pdf\" target=\"_blank\" rel=\"noreferrer noopener\">Resultado da discursiva<\/a>.<\/li>\n<\/ul>\n\n\n\n<h2 class=\"wp-block-heading\" id=\"h-concurso-tre-to-guia-de-estudos\">Concurso TRE TO: guia de estudos<\/h2>\n\n\n\n<p>Veja o que deve ser estudado:<\/p>\n\n\n\n<ul class=\"wp-block-list\">\n<li><a href=\"https:\/\/concursos.estrategia.com\/cadernos-e-simulados\/cadernos\/e4d8b5e8-7e0b-43b8-a2ae-b6fdb7f519a8?sort=key_pedagogical_order&amp;order=ASC\" target=\"_blank\" rel=\"noreferrer noopener\">Portugu\u00eas<\/a>;<\/li>\n\n\n\n<li><a href=\"https:\/\/concursos.estrategia.com\/cadernos-e-simulados\/cadernos\/303ec5bf-461c-4667-9b93-513c594fd4d2?sort=key_pedagogical_order&amp;order=ASC\" target=\"_blank\" rel=\"noreferrer noopener\">Direito Constitucional<\/a>;<\/li>\n\n\n\n<li><a href=\"https:\/\/concursos.estrategia.com\/cadernos-e-simulados\/cadernos\/39a28f38-4e88-4e24-a74a-b8c253a7af3d?sort=key_pedagogical_order&amp;order=ASC\" target=\"_blank\" rel=\"noreferrer noopener\">Direito Administrativo<\/a>;<\/li>\n\n\n\n<li><a href=\"https:\/\/concursos.estrategia.com\/cadernos-e-simulados\/cadernos\/5117260f-b8a4-4927-b6b6-ad0eb166fa72?sort=key_pedagogical_order&amp;order=ASC\" target=\"_blank\" rel=\"noreferrer noopener\">Direito Eleitoral<\/a>;<\/li>\n\n\n\n<li><a href=\"https:\/\/concursos.estrategia.com\/cadernos-e-simulados\/cadernos\/26f71da2-7488-4409-9bab-2604a215a72a?sort=key_pedagogical_order&amp;order=ASC\" target=\"_blank\" rel=\"noreferrer noopener\">Direito Civil<\/a>;<\/li>\n\n\n\n<li><a href=\"https:\/\/concursos.estrategia.com\/cadernos-e-simulados\/cadernos\/2478ac08-ff34-45ab-affe-0ab953c8a3e9\" target=\"_blank\" rel=\"noreferrer noopener\">Direito Penal<\/a>;<\/li>\n\n\n\n<li><a href=\"https:\/\/concursos.estrategia.com\/cadernos-e-simulados\/cadernos\/fc2b1f6a-addd-4bea-8601-4e50f22417d1\" target=\"_blank\" rel=\"noreferrer noopener\">Direito Processual Civil<\/a>;<\/li>\n\n\n\n<li><a href=\"http:\/\/P\u00fablica https:\/\/concursos.estrategia.com\/cadernos-e-simulados\/cadernos\/a35e5448-6b02-430e-84c8-3bc4c708dac4\" target=\"_blank\" rel=\"noreferrer noopener\">Regimento Interno &#8211; Administra\u00e7\u00e3o<\/a>;<\/li>\n\n\n\n<li><a href=\"https:\/\/concursos.estrategia.com\/cadernos-e-simulados\/cadernos\/68f8cef1-fe69-44f8-924d-140660e1528b\" target=\"_blank\" rel=\"noreferrer noopener\">Gest\u00e3o de Pessoas<\/a>;<\/li>\n\n\n\n<li><a href=\"https:\/\/concursos.estrategia.com\/cadernos-e-simulados\/cadernos\/aa69a2cb-418c-4031-8fe3-9a844f9a059b\" target=\"_blank\" rel=\"noreferrer noopener\">Gest\u00e3o de Contratos<\/a>.<\/li>\n<\/ul>\n\n\n\n<h2 class=\"wp-block-heading\" id=\"carreira\">Carreira no TRE TO<\/h2>\n\n\n\n<h3 class=\"wp-block-heading\" id=\"h-requisitos-e-atribuicoes-das-vagas-do-concurso-tre-to\">Requisitos e atribui\u00e7\u00f5es das vagas do Concurso TRE TO<\/h3>\n\n\n\n<ul class=\"wp-block-list\">\n<li><strong>Analista Judici\u00e1rio; \u00c1rea Judici\u00e1ria<\/strong>\n<ul class=\"wp-block-list\">\n<li>Requisitos: Diploma, devidamente registrado, de conclus\u00e3o de curso de ensino superior em Direito, fornecido por institui\u00e7\u00e3o de ensino superior reconhecida pelo MEC.<\/li>\n\n\n\n<li>Atribui\u00e7\u00f5es: Realizar atividades de an\u00e1lise processual; pesquisar, selecionar e analisar legisla\u00e7\u00f5es, jurisprud\u00eancias e doutrinas relacionadas a sua \u00e1rea de atua\u00e7\u00e3o; prestar orienta\u00e7\u00f5es t\u00e9cnico-jur\u00eddicas em mat\u00e9rias judiciais e administrativas; elaborar pareceres jur\u00eddicos, atos administrativos e normativos, informa\u00e7\u00f5es, relat\u00f3rios e outros documentos de natureza t\u00e9cnico-jur\u00eddica. Demais atribui\u00e7\u00f5es previstas na Resolu\u00e7\u00e3o TSE n\u00ba 23.741\/24.<\/li>\n<\/ul>\n<\/li>\n<\/ul>\n\n\n\n<ul class=\"wp-block-list\">\n<li><strong>Analista Judici\u00e1rio; \u00c1rea de Atividade: Administrativa; Especialidade: Contabilidade<\/strong>\n<ul class=\"wp-block-list\">\n<li>Requisitos: Diploma, devidamente registrado, de conclus\u00e3o de curso superior em Ci\u00eancias Cont\u00e1beis, fornecido por institui\u00e7\u00e3o de ensino superior reconhecida pelo MEC, e registro no \u00f3rg\u00e3o de classe.<\/li>\n\n\n\n<li>Atribui\u00e7\u00f5es: Desenvolver atividades de planejamento, execu\u00e7\u00e3o, controle e avalia\u00e7\u00e3o de opera\u00e7\u00f5es cont\u00e1beis relacionadas com programa\u00e7\u00e3o e execu\u00e7\u00e3o financeira; desenvolver programa\u00e7\u00e3o, altera\u00e7\u00e3o, ajustes or\u00e7ament\u00e1rios, fechamento de contas e encerramento do exerc\u00edcio financeiro; realizar an\u00e1lise cont\u00e1bil das contas anuais do Tribunal e da presta\u00e7\u00e3o de contas eleitorais e partid\u00e1rias; desenvolver as atividades de auditoria cont\u00e1bil e financeira; analisar planilhas de custo e de forma\u00e7\u00e3o de pre\u00e7os nas contrata\u00e7\u00f5es, al\u00e9m de aspectos de natureza fiscal, previdenci\u00e1ria e trabalhista; realizar atividades de elabora\u00e7\u00e3o e an\u00e1lise das Demonstra\u00e7\u00f5es Cont\u00e1beis e Notas Explicativas; coordenar, acompanhar e executar atividades relacionadas ao encerramento cont\u00e1bil do exerc\u00edcio financeiro; fornecer informa\u00e7\u00f5es or\u00e7ament\u00e1rias, financeiras, patrimoniais e cont\u00e1beis para instru\u00e7\u00e3o de processos de presta\u00e7\u00e3o de contas do \u00f3rg\u00e3o. Demais atribui\u00e7\u00f5es previstas na Resolu\u00e7\u00e3o TSE n\u00ba 23.741\/24.<\/li>\n<\/ul>\n<\/li>\n<\/ul>\n\n\n\n<ul class=\"wp-block-list\">\n<li><strong>Analista Judici\u00e1rio; \u00c1rea de Atividade: Apoio Especializado; Especialidade: Tecnologia da Informa\u00e7\u00e3o<\/strong>\n<ul class=\"wp-block-list\">\n<li>Requisitos: Diploma, devidamente registrado, de conclus\u00e3o de curso superior na \u00e1rea de Tecnologia da Informa\u00e7\u00e3o, An\u00e1lise e Desenvolvimento de Sistemas, Ci\u00eancia da Computa\u00e7\u00e3o, Engenharia de Software, Engenharia de Redes, Seguran\u00e7a das Informa\u00e7\u00f5es, Sistemas de Informa\u00e7\u00e3o, Engenharia da Computa\u00e7\u00e3o ou outras correlatas, fornecido por institui\u00e7\u00e3o de ensino superior reconhecida pelo MEC.<\/li>\n\n\n\n<li>Atribui\u00e7\u00f5es: Desenvolver atividades de planejamento, coordena\u00e7\u00e3o, desenvolvimento e implanta\u00e7\u00e3o de Projetos de Sistemas; desenvolver atividades relacionadas ao planejamento, governan\u00e7a, \u00e0 gest\u00e3o de tecnologia da informa\u00e7\u00e3o e \u00e0 manuten\u00e7\u00e3o de rede, banco de dados, e comunica\u00e7\u00e3o de dados, dos sistemas informatizados; implementar e monitorar pol\u00edticas e pr\u00e1ticas de seguran\u00e7a da informa\u00e7\u00e3o; realizar avalia\u00e7\u00f5es de risco e auditorias de seguran\u00e7a para identificar potenciais vulnerabilidades e implementar solu\u00e7\u00f5es; promover per\u00edcias e auditorias de projetos e sistemas de informa\u00e7\u00e3o; realizar especifica\u00e7\u00f5es t\u00e9cnicas de equipamentos, softwares e servi\u00e7os de inform\u00e1tica. Demais atribui\u00e7\u00f5es previstas na Resolu\u00e7\u00e3o TSE n\u00ba 23.741\/24.<\/li>\n<\/ul>\n<\/li>\n<\/ul>\n\n\n\n<ul class=\"wp-block-list\">\n<li><strong>T\u00e9cnico Judici\u00e1rio; \u00c1rea de Atividade: Administrativa<\/strong>\n<ul class=\"wp-block-list\">\n<li>Requisitos: Diploma, devidamente registrado, de conclus\u00e3o de curso de ensino superior em qualquer \u00e1rea de forma\u00e7\u00e3o, fornecido por institui\u00e7\u00e3o de ensino superior reconhecida pelo MEC.<\/li>\n\n\n\n<li>Atribui\u00e7\u00f5es: Executar atividades de pesquisa, sele\u00e7\u00e3o e organiza\u00e7\u00e3o de legisla\u00e7\u00e3o, jurisprud\u00eancias e doutrinas relativas a sua \u00e1rea de atua\u00e7\u00e3o; executar atividades de apoio ao planejamento e gest\u00e3o de aquisi\u00e7\u00f5es; executar atividades de apoio \u00e0 gest\u00e3o de riscos nos processos e rotinas de trabalho; executar atividades de apoio ao planejamento e gest\u00e3o do or\u00e7amento; realizar a gest\u00e3o da informa\u00e7\u00e3o e do conhecimento referente \u00e0s atividades, processos e projetos sob sua responsabilidade; executar atividades de apoio ao planejamento e ao desenvolvimento, relativas \u00e0 auditoria; executar atividades de apoio \u00e0 \u00e1rea judici\u00e1ria; executar atividades de apoio \u00e0 gest\u00e3o de pessoas. Demais atribui\u00e7\u00f5es previstas na Resolu\u00e7\u00e3o TSE n\u00ba 23.741\/24.<\/li>\n<\/ul>\n<\/li>\n<\/ul>\n\n\n\n<ul class=\"wp-block-list\">\n<li><strong>T\u00e9cnico Judici\u00e1rio; \u00c1rea de Atividade: Administrativa; Especialidade: Agente da Pol\u00edcia Judicial<\/strong>\n<ul class=\"wp-block-list\">\n<li>Requisitos: Diploma, devidamente registrado, de conclus\u00e3o de curso de ensino superior em qualquer \u00e1rea de forma\u00e7\u00e3o, fornecido por institui\u00e7\u00e3o de ensino superior reconhecida pelo MEC e possuir, no m\u00ednimo, Carteira Nacional de Habilita\u00e7\u00e3o, categoria B.<\/li>\n\n\n\n<li>Atribui\u00e7\u00f5es: Executar as atividades voltadas \u00e0 prote\u00e7\u00e3o, \u00e0 integridade e \u00e0 seguran\u00e7a de ministros (magistrados), servidores, colaboradores, usu\u00e1rios e autoridades que ingressam nas \u00e1reas e instala\u00e7\u00f5es da institui\u00e7\u00e3o; executar as atividades de policiamento ostensivo e preventivo relacionadas \u00e0 prote\u00e7\u00e3o das \u00e1reas e instala\u00e7\u00f5es f\u00edsicas nas depend\u00eancias da institui\u00e7\u00e3o e respectivas \u00e1reas de seguran\u00e7a adjacentes; executar as atividades voltadas e \u00e0 integridade dos bens e patrim\u00f4nio da institui\u00e7\u00e3o; planejar, organizar e executar a seguran\u00e7a pessoal do presidente e demais autoridades da institui\u00e7\u00e3o, em qualquer localidade do territ\u00f3rio nacional e no exterior; promover o controle de entradas e sa\u00edda de materiais, equipamentos, documentos e pessoas; atuar no policiamento das Sess\u00f5es Plen\u00e1rias, audi\u00eancias e demais eventos institucionais; controlar o acesso, a perman\u00eancia e a circula\u00e7\u00e3o de pessoas e ve\u00edculos nas depend\u00eancias do \u00f3rg\u00e3o; realizar vistoria e varredura de seguran\u00e7a em ve\u00edculos, instala\u00e7\u00f5es, equipamentos e ambientes; executar a\u00e7\u00f5es especializadas relacionadas \u00e0 identifica\u00e7\u00e3o, avalia\u00e7\u00e3o e acompanhamento de amea\u00e7as reais ou potenciais aos ativos do \u00f3rg\u00e3o; realizar atividade de intelig\u00eancia na produ\u00e7\u00e3o do conhecimento para a seguran\u00e7a institucional visando subsidiar o processo decis\u00f3rio; propor e realizar a aquisi\u00e7\u00e3o de equipamentos especializados compat\u00edveis com o grau de risco e com o exerc\u00edcio das fun\u00e7\u00f5es do cargo; conduzir ve\u00edculos automotores em atividades de seguran\u00e7a; realizar investiga\u00e7\u00f5es preliminares de interesse institucional, devidamente autorizadas pela presid\u00eancia da institui\u00e7\u00e3o; interagir com unidades de seguran\u00e7a de outros \u00f3rg\u00e3os p\u00fablicos na execu\u00e7\u00e3o de atividades comuns ou de interesse da institui\u00e7\u00e3o; utilizar porte de arma institucional com observ\u00e2ncia \u00e0 regulamenta\u00e7\u00e3o interna e \u00e0 legisla\u00e7\u00e3o correlata; controlar e supervisionar a guarda e a disponibiliza\u00e7\u00e3o de muni\u00e7\u00f5es e armas de fogo institucionais, em conformidade com a regulamenta\u00e7\u00e3o interna e \u00e0 legisla\u00e7\u00e3o correlata. Demais atribui\u00e7\u00f5es previstas na Resolu\u00e7\u00e3o TSE n\u00ba 23.741\/24.<\/li>\n<\/ul>\n<\/li>\n<\/ul>\n\n\n\n<ul class=\"wp-block-list\">\n<li><strong>T\u00e9cnico Judici\u00e1rio; \u00c1rea de Atividade: Apoio Especializado; Especialidade: Programa\u00e7\u00e3o de Sistemas<\/strong>\n<ul class=\"wp-block-list\">\n<li>Requisitos: Diploma, devidamente registrado, de conclus\u00e3o de curso de ensino superior em qualquer \u00e1rea de forma\u00e7\u00e3o, fornecido por institui\u00e7\u00e3o de ensino superior reconhecida pelo MEC, e, ainda, certificado(s) de conclus\u00e3o com aproveitamento de curso(s) de programa\u00e7\u00e3o ou desenvolvimento de sistemas de, no m\u00ednimo, 180 horas ou cuja soma seja de, no m\u00ednimo, 180 horas.<\/li>\n\n\n\n<li>Atribui\u00e7\u00f5es: Executar atividades de elabora\u00e7\u00e3o de programas de computa\u00e7\u00e3o, baseando-se nos dados fornecidos pela equipe de an\u00e1lise e estabelecendo processos operacionais que permitam o tratamento autom\u00e1tico de dados; integrar pr\u00e1ticas de seguran\u00e7a da informa\u00e7\u00e3o no desenvolvimento de software, incluindo a codifica\u00e7\u00e3o segura e a revis\u00e3o do c\u00f3digo para vulnerabilidades de seguran\u00e7a; implementar e monitorar controles de acesso e prote\u00e7\u00f5es de dados nos sistemas e programas desenvolvidos; preparar os manuais de instru\u00e7\u00f5es de opera\u00e7\u00e3o de sistemas e programas informatizados, incluindo diretrizes de seguran\u00e7a para os usu\u00e1rios; acompanhar a implanta\u00e7\u00e3o e promover a manuten\u00e7\u00e3o, a altera\u00e7\u00e3o e a amplia\u00e7\u00e3o de sistemas. Demais atribui\u00e7\u00f5es previstas na Resolu\u00e7\u00e3o TSE n\u00ba 23.741\/24.<\/li>\n<\/ul>\n<\/li>\n<\/ul>\n\n\n\n<h3 class=\"wp-block-heading\" id=\"vagos\">Cargos vagos<\/h3>\n\n\n\n<p>Segundo o \u00faltimo levantamento disponibilizado no portal da <a href=\"https:\/\/www.tre-to.jus.br\/transparencia-e-prestacao-de-contas\/recursos-humanos-e-remuneracoes\/anexo-iv-quantitativo-de-cargos-e-funcoes\/anexo-iv-a-cargos-efetivos\" target=\"_blank\" rel=\"noreferrer noopener\">transpar\u00eancia do \u00f3rg\u00e3o<\/a>, realizado em dezembro de 2025 pelo TSE, o TRE TO possui <strong>06 cargos vagos<\/strong>:<\/p>\n\n\n\n<figure class=\"wp-block-table is-style-stripes\"><table><thead><tr><th class=\"has-text-align-center\" data-align=\"center\">\u00d3rg\u00e3o <\/th><th class=\"has-text-align-center\" data-align=\"center\">T\u00e9cnico<\/th><th class=\"has-text-align-center\" data-align=\"center\">Analista<\/th><th class=\"has-text-align-center\" data-align=\"center\">Total<\/th><\/tr><\/thead><tbody><tr><td class=\"has-text-align-center\" data-align=\"center\">TRE &#8211; TO<\/td><td class=\"has-text-align-center\" data-align=\"center\">01<\/td><td class=\"has-text-align-center\" data-align=\"center\">05<\/td><td class=\"has-text-align-center\" data-align=\"center\">06<\/td><\/tr><\/tbody><\/table><figcaption class=\"wp-element-caption\">Vac\u00e2ncias no \u00f3rg\u00e3o<\/figcaption><\/figure>\n\n\n\n<h2 class=\"wp-block-heading\" id=\"ultimo\">\u00daltimo concurso TRE TO<\/h2>\n\n\n\n<p>O \u00faltimo concurso TRE TO ocorreu em <strong>2018<\/strong> e registrou 14.291 inscritos, confira abaixo os n\u00fameros totais de inscritos para cada cargo.<\/p>\n\n\n\n<figure class=\"wp-block-table is-style-stripes\"><table class=\"has-blush-light-purple-gradient-background has-background\"><thead><tr><th class=\"has-text-align-center\" data-align=\"center\">Cargo<\/th><th class=\"has-text-align-center\" data-align=\"center\">Inscritos<\/th><th class=\"has-text-align-center\" data-align=\"center\">Vagas<\/th><\/tr><\/thead><tbody><tr><td class=\"has-text-align-center\" data-align=\"center\">Analista Judici\u00e1rio \u2013 \u00c1rea: Judici\u00e1ria <\/td><td class=\"has-text-align-center\" data-align=\"center\"><strong> <\/strong>2.858<\/td><td class=\"has-text-align-center\" data-align=\"center\">3<\/td><\/tr><tr><td class=\"has-text-align-center\" data-align=\"center\">Analista Judici\u00e1rio Administrativo<\/td><td class=\"has-text-align-center\" data-align=\"center\">1.964<\/td><td class=\"has-text-align-center\" data-align=\"center\">cadastro reserva<\/td><\/tr><tr><td class=\"has-text-align-center\" data-align=\"center\">Analista Judici\u00e1rio em Contabilidade<\/td><td class=\"has-text-align-center\" data-align=\"center\">459<\/td><td class=\"has-text-align-center\" data-align=\"center\">2<\/td><\/tr><tr><td class=\"has-text-align-center\" data-align=\"center\">T\u00e9cnico Judici\u00e1rio Administrativo<\/td><td class=\"has-text-align-center\" data-align=\"center\">8.538 <\/td><td class=\"has-text-align-center\" data-align=\"center\">3<\/td><\/tr><tr><td class=\"has-text-align-center\" data-align=\"center\">T\u00e9cnico Judici\u00e1rio em Programa\u00e7\u00e3o de Sistemas<\/td><td class=\"has-text-align-center\" data-align=\"center\">472<\/td><td class=\"has-text-align-center\" data-align=\"center\">2<\/td><\/tr><\/tbody><\/table><figcaption class=\"wp-element-caption\">N\u00famero de inscritos e vagas dispon\u00edveis no \u00faltimo concurso TRE TO<\/figcaption><\/figure>\n\n\n\n<h3 class=\"wp-block-heading\" id=\"etapas\">Etapa de provas<\/h3>\n\n\n\n<p>O concurso contou com duas etapas no total: uma <strong>prova objetiva<\/strong>, de car\u00e1ter eliminat\u00f3rio e classificat\u00f3rio, com um total de <strong>60 quest\u00f5es<\/strong> e uma <strong>prova discursiva<\/strong>, composta por uma <strong>reda\u00e7\u00e3o<\/strong>. Segue abaixo a tabela com as provas e seus respectivos pesos:<\/p>\n\n\n\n<figure class=\"wp-block-table is-style-stripes\"><table class=\"has-blush-light-purple-gradient-background has-background has-fixed-layout\"><tbody><tr><td class=\"has-text-align-center\" data-align=\"center\"><strong>Prova\/Tipo<\/strong><\/td><td class=\"has-text-align-center\" data-align=\"center\"><strong>\u00c1rea de Conhecimento<\/strong><\/td><td class=\"has-text-align-center\" data-align=\"center\"><strong>N\u00famero de Quest\u00f5es<\/strong><\/td><td class=\"has-text-align-center\" data-align=\"center\"><strong>Peso<\/strong><\/td><\/tr><tr><td class=\"has-text-align-center\" data-align=\"center\">P1- Objetiva<\/td><td class=\"has-text-align-center\" data-align=\"center\">Conhecimentos Gerais<\/td><td class=\"has-text-align-center\" data-align=\"center\">20<\/td><td class=\"has-text-align-center\" data-align=\"center\">1<\/td><\/tr><tr><td class=\"has-text-align-center\" data-align=\"center\">P2 &#8211; Objetiva<\/td><td class=\"has-text-align-center\" data-align=\"center\">Conhecimentos Espec\u00edficos<\/td><td class=\"has-text-align-center\" data-align=\"center\">40<\/td><td class=\"has-text-align-center\" data-align=\"center\">3<\/td><\/tr><tr><td class=\"has-text-align-center\" data-align=\"center\">P3 &#8211; Discursiva<\/td><td class=\"has-text-align-center\" data-align=\"center\">&#8212;&#8212;&#8212;&#8212;-<\/td><td class=\"has-text-align-center\" data-align=\"center\">1<\/td><td class=\"has-text-align-center\" data-align=\"center\">2<\/td><\/tr><\/tbody><\/table><figcaption class=\"wp-element-caption\">Tabela de disciplinas e quest\u00f5es do \u00faltimo certame<\/figcaption><\/figure>\n\n\n\n<p>As provas tiveram dura\u00e7\u00e3o de <strong>4h30<\/strong>, a prova para Analista ocorreu no per\u00edodo da manh\u00e3 e para T\u00e9cnico, na parte da tarde. O que permitiu \u00e0 alguns candidatos concorrerem em mais de um cargo, aumentando assim as chances de aprova\u00e7\u00e3o no concurso TRE TO.<\/p>\n\n\n\n<ul class=\"wp-block-list\">\n<li>Conhecimentos Gerais<\/li>\n\n\n\n<li>Portugu\u00eas<\/li>\n\n\n\n<li>No\u00e7\u00f5es de Inform\u00e1tica<\/li>\n\n\n\n<li>Normas Aplic\u00e1veis aos Servidores P\u00fablicos Federais<\/li>\n\n\n\n<li>Regimento Interno do TRE TO<\/li>\n\n\n\n<li>No\u00e7\u00f5es sobre Direito da Pessoas com defici\u00eancia<\/li>\n<\/ul>\n\n\n\n<h4 class=\"wp-block-heading\" id=\"discursiva\">Prova Discursiva <\/h4>\n\n\n\n<p>Para a prova discursiva foram cobradas temas espec\u00edficos para cada cargo, elaboramos uma lista com esses assuntos e os requisitos para pontuar na reda\u00e7\u00e3o. <\/p>\n\n\n\n<ul class=\"wp-block-list\">\n<li><strong>Analista Judici\u00e1rio<\/strong> &#8211; \u00c1rea Judici\u00e1ria &#8211; <em>Tema sobre Direito Constitucional e (ou) Direito Eleitoral<\/em><\/li>\n\n\n\n<li><strong>Analista Judici\u00e1rio Administrativo<\/strong> &#8211; <em>Tema relacionado \u00e0 Administra\u00e7\u00e3o P\u00fablica<\/em><\/li>\n\n\n\n<li><strong>Analista Judici\u00e1rio em Contabilidade<\/strong> &#8211; <em>Tema relacionado(s) \u00e0 Contabilidade P\u00fablica<\/em><\/li>\n\n\n\n<li><strong>T\u00e9cnico Judici\u00e1rio Administrativo<\/strong> &#8211; <em>Tema atual ligado ao mundo contempor\u00e2neo divulgado pelos meios de comunica\u00e7\u00e3o<\/em><\/li>\n\n\n\n<li><strong>T\u00e9cnico Judici\u00e1rio em Programa\u00e7\u00e3o de Sistemas<\/strong> &#8211; Tema sobre conhecimentos espec\u00edficos da \u00e1rea.<\/li>\n<\/ul>\n\n\n\n<h5 class=\"wp-block-heading\" id=\"requisitos\">Requisitos da prova discursiva<\/h5>\n\n\n\n<p>A prova discursiva, como as outras avalia\u00e7\u00f5es, <strong>vale 10 pontos <\/strong>e o seu formato \u00e9 um <strong>texto dissertativo de at\u00e9 30 linhas<\/strong>. Outro detalhe, a reda\u00e7\u00e3o s\u00f3 \u00e9 corrigida se o candidato for <strong>classificado nas provas objetivas<\/strong>, acertar igual ou superior a <strong>50% das quest\u00f5es<\/strong>.<\/p>\n\n\n\n<p>Al\u00e9m disso, a banca examinadora segue os crit\u00e9rios abaixo de classifica\u00e7\u00e3o.<\/p>\n\n\n\n<figure class=\"wp-block-table is-style-stripes\"><table class=\"has-blush-light-purple-gradient-background has-background has-fixed-layout\"><tbody><tr><td class=\"has-text-align-center\" data-align=\"center\"><strong>Cargo\/\u00c1rea\/Especialidade<\/strong><\/td><td class=\"has-text-align-center\" data-align=\"center\"><strong>Ampla concorr\u00eancia<\/strong><\/td><td class=\"has-text-align-center\" data-align=\"center\"><strong>Candidatos que se<br \/>autodeclararam<br \/>negros<\/strong><\/td><\/tr><tr><td class=\"has-text-align-center\" data-align=\"center\">Analista Judici\u00e1rio \u2013<br \/>\u00c1rea: Judici\u00e1ria<\/td><td class=\"has-text-align-center\" data-align=\"center\">150\u00aa<\/td><td class=\"has-text-align-center\" data-align=\"center\">38\u00aa<\/td><\/tr><tr><td class=\"has-text-align-center\" data-align=\"center\">Analista Judici\u00e1rio \u2013<br \/>\u00c1rea: Administrativa<\/td><td class=\"has-text-align-center\" data-align=\"center\">50\u00aa<\/td><td class=\"has-text-align-center\" data-align=\"center\">13\u00aa<\/td><\/tr><tr><td class=\"has-text-align-center\" data-align=\"center\">Analista Judici\u00e1rio \u2013<br \/>\u00c1rea: Administrativa \u2013<br \/>Especialidade: Contabilidade<\/td><td class=\"has-text-align-center\" data-align=\"center\">40\u00aa<\/td><td class=\"has-text-align-center\" data-align=\"center\">10\u00aa<\/td><\/tr><tr><td class=\"has-text-align-center\" data-align=\"center\">T\u00e9cnico Judici\u00e1rio \u2013<br \/>\u00c1rea: Administrativa<\/td><td class=\"has-text-align-center\" data-align=\"center\">150\u00aa<\/td><td class=\"has-text-align-center\" data-align=\"center\">38\u00aa<\/td><\/tr><tr><td class=\"has-text-align-center\" data-align=\"center\">T\u00e9cnico Judici\u00e1rio \u2013<br \/>\u00c1rea: Apoio Especializado \u2013<br \/>Especialidade: Programa\u00e7\u00e3o de<br \/>Sistemas<\/td><td class=\"has-text-align-center\" data-align=\"center\">100\u00aa<\/td><td class=\"has-text-align-center\" data-align=\"center\">25\u00aa<\/td><\/tr><\/tbody><\/table><figcaption class=\"wp-element-caption\">Requisitos da prova discursiva<\/figcaption><\/figure>\n\n\n\n<p>A prova discursiva avaliar\u00e1 o conte\u00fado\/conhecimento do tema, a  capacidade de express\u00e3o na <strong>modalidade escrita <\/strong>e o uso das normas do <strong>registro formal culto da L\u00edngua Portuguesa<\/strong>. A avalia\u00e7\u00e3o de conte\u00fado \u00e9 feita por pelo menos <strong>dois examinadores<\/strong> e a nota \u00e9 obtida por uma <strong>m\u00e9dia aritm\u00e9tica<\/strong>. <\/p>\n\n\n\n<p><strong>A reda\u00e7\u00e3o \u00e9 corrigida conforme os crit\u00e9rios a seguir:<\/strong> <\/p>\n\n\n\n<ul class=\"wp-block-list\">\n<li>A  apresenta\u00e7\u00e3o  e  a  estrutura  textuais  e  o  desenvolvimento  do  tema  totalizam  a  nota  relativa  ao  dom\u00ednio do conte\u00fado (NC), cuja pontua\u00e7\u00e3o m\u00e1xima ser\u00e1 limitada ao valor de 10,00 pontos;<\/li>\n\n\n\n<li>A  avalia\u00e7\u00e3o  da modalidade  escrita  totaliza  o  n\u00famero  de  erros  (NE)  do  candidato,  considerando\u2010se aspectos tais como: ortografia, morfossintaxe e propriedade vocabular; <\/li>\n\n\n\n<li><em>S\u00f3 \u00e9<\/em> computado o n\u00famero total de linhas (TL) efetivamente escritas pelo candidato; <\/li>\n\n\n\n<li>Para efeito de avalia\u00e7\u00e3o, \u00e9 desconsiderado qualquer fragmento de texto escrito fora do local apropriado ou que ultrapassar a extens\u00e3o m\u00e1xima de linhas estabelecida (30 linhas).<\/li>\n<\/ul>\n\n\n\n<p class=\"has-text-align-center has-x-large-font-size\" id=\"h-quer-saber-tudo-sobre-concursos-previstos-confira-nossos-artigos\">Quer saber tudo sobre concursos previstos?<br \/>Confira nossos artigos!<\/p>\n\n\n\n<ul class=\"wp-block-list\">\n<li><a href=\"https:\/\/www.estrategiaconcursos.com.br\/blog\/concursos-abertos\/\" target=\"_blank\" rel=\"noreferrer noopener\">Concursos abertos<\/a><\/li>\n\n\n\n<li><a href=\"https:\/\/www.estrategiaconcursos.com.br\/blog\/concursos-tribunais\/\">Concursos tribunais<\/a><\/li>\n\n\n\n<li><a href=\"https:\/\/www.estrategiaconcursos.com.br\/blog\/concursos-tre\/\">Concursos TRE<\/a><\/li>\n\n\n\n<li><a href=\"https:\/\/www.estrategiaconcursos.com.br\/blog\/concursos-2026\/\">Concursos 2026<\/a><\/li>\n<\/ul>\n\n\n\n<p class=\"has-text-align-center has-x-large-font-size\" id=\"cursos\"><em>Quer estudar para Concurso TRE TO?<\/em><\/p>\n\n\n\n<p class=\"has-text-align-center\"><em><strong>Gostou desta oportunidade e deseja come\u00e7ar se preparar agora mesmo? Ent\u00e3o, confira os nossos cursos e comece a estudar para TRE TO:<\/strong><\/em><\/p>\n\n\n\n<div class=\"container\" id=\"boxes\">\n  <div class=\"row\">\n\n    <div class=\"col-sm\">\n      <div class=\"banner-tribunal\" id=\"box-assinatura\">\n        <h3 class=\"titulo-assinatura\">Curso TRE TO<\/h3>\n        <p class=\"subtitulo-assinatura\">Conhe\u00e7a os cursos<\/p>\n        <div class=\"box-botao\">\n          <a class=\"btn-assinatura\" target=\"_blank\" href=\"https:\/\/www.estrategiaconcursos.com.br\/cursosPorConcurso\/tre-to\/\" role=\"button\" rel=\"noopener noreferrer\">Conhe\u00e7a mais<\/a>\n        <\/div>\n      <\/div>\n      <p class=\"texto-auxiliar\">Prepare-se com o melhor material e com quem mais aprova em Concursos P\u00fablicos em todo o pa\u00eds.<\/p>\n    <\/div>\n\n  <\/div>\n<\/div>\n\n\n\n<div class=\"container\" id=\"boxes\">\n  <div class=\"row\">\n\n    <div class=\"col-sm\">\n      <div class=\"estrategia\" id=\"box-assinatura\">\n        <h3 class=\"titulo-assinatura\">Assinatura Concursos<\/h3>\n        <p class=\"subtitulo-assinatura\">Assinatura de 1 ano ou 2 anos<\/p>\n        <div class=\"box-botao\">\n          <a class=\"btn-assinatura\" target=\"_blank\" href=\"https:\/\/www.estrategiaconcursos.com.br\/assinaturas\/\" role=\"button\" rel=\"noopener noreferrer\">ASSINE AGORA<\/a>\n        <\/div>\n      <\/div>\n     \n    <\/div><\/div><\/div>\n\n\n\n<figure class=\"wp-block-image size-large is-resized\"><img loading=\"lazy\" decoding=\"async\" width=\"1024\" height=\"632\" src=\"https:\/\/dhg1h5j42swfq.cloudfront.net\/2021\/04\/06121419\/ficha-tecnica-95-1024x632.png\" alt=\"ficha t\u00e9cnica para o concurso TRE TO Tocantins \" class=\"wp-image-708464\" style=\"width:247px;height:auto\" srcset=\"https:\/\/dhg1h5j42swfq.cloudfront.net\/2021\/04\/06121419\/ficha-tecnica-95-1024x632.png 1024w, https:\/\/dhg1h5j42swfq.cloudfront.net\/2021\/04\/06121419\/ficha-tecnica-95-300x185.png 300w, https:\/\/dhg1h5j42swfq.cloudfront.net\/2021\/04\/06121419\/ficha-tecnica-95-768x474.png 768w, https:\/\/dhg1h5j42swfq.cloudfront.net\/2021\/04\/06121419\/ficha-tecnica-95-1536x948.png 1536w, https:\/\/dhg1h5j42swfq.cloudfront.net\/2021\/04\/06121419\/ficha-tecnica-95-610x377.png 610w, https:\/\/dhg1h5j42swfq.cloudfront.net\/2021\/04\/06121419\/ficha-tecnica-95.png 1571w\" sizes=\"auto, (max-width: 1024px) 100vw, 1024px\" \/><\/figure>\n\n\n\n<p id=\"ficha\"><strong>Informa\u00e7\u00f5es sobre o concurso TRE TO<\/strong><\/p>\n\n\n\n<ul class=\"wp-block-list\">\n<li><strong>Provas<\/strong>: <s>22\/06\/2025<\/s><\/li>\n\n\n\n<li><strong>Vagas<\/strong>: 4 + CR<\/li>\n\n\n\n<li><strong>Cargos<\/strong>: Analista e T\u00e9cnico<\/li>\n\n\n\n<li><strong>Banca<\/strong>: Instituto AOCP<\/li>\n\n\n\n<li><strong>Escolaridade<\/strong>: superior<\/li>\n\n\n\n<li><strong>Edital<\/strong>:&nbsp;<a href=\"https:\/\/www.in.gov.br\/en\/web\/dou\/-\/edital-n-1-de-18-de-marco-de-2025-618704148\" target=\"_blank\" rel=\"noreferrer noopener\">TRE TO 2025<\/a><\/li>\n<\/ul>\n\n\n\n<div class=\"schema-faq wp-block-yoast-faq-block\"><div class=\"schema-faq-section\" id=\"faq-question-1752509593872\"><strong class=\"schema-faq-question\">Qual \u00e9 a remunera\u00e7\u00e3o para Analista no TRE TO?<\/strong> <p class=\"schema-faq-answer\">A remunera\u00e7\u00e3o inicial bruta para Analista Judici\u00e1rio do TRE TO \u00e9 de R$ 14.852,66.<\/p> <\/div> <div class=\"schema-faq-section\" id=\"faq-question-1752509611776\"><strong class=\"schema-faq-question\">Quanto ganha um T\u00e9cnico no TRE Tocantins?<\/strong> <p class=\"schema-faq-answer\">O cargo de T\u00e9cnico Judici\u00e1rio do TRE TO conta com vencimento de R$ 9.052,51.<\/p> <\/div> <div class=\"schema-faq-section\" id=\"faq-question-1752509624126\"><strong class=\"schema-faq-question\">Quantos cargos vagos existem atualmente no TRE TO?<\/strong> <p class=\"schema-faq-answer\">De acordo com informa\u00e7\u00f5es no Portal da transpar\u00eancia do \u00f3rg\u00e3o, em abril de 2025, s\u00e3o 4 cargos vagos.<\/p> <\/div> <\/div>\n","protected":false},"excerpt":{"rendered":"<p>Concurso TRE TO ofertou 4 vagas + CR; edital publicado em 2025 est\u00e1 homologado! O&nbsp;edital do concurso Tribunal Regional Eleitoral do Tocantins (TRE TO) foi homologado: Vale lembrar que o certame ofereceu quatro vagas\u00a0entre imediatas e forma\u00e7\u00e3o de cadastro de reserva, distribu\u00eddas entre os cargos de Analista e T\u00e9cnico Judici\u00e1rio, em diversas especialidades. As oportunidades [&hellip;]<\/p>\n","protected":false},"author":1,"featured_media":1347104,"comment_status":"open","ping_status":"open","sticky":false,"template":"","format":"standard","meta":{"post_tipo":"news_page","footnotes":""},"categories":[1984,220219],"tags":[2546,2858,799],"tax_estado":[219990],"class_list":["post-52487","post","type-post","status-publish","format-standard","has-post-thumbnail","hentry","category-tribunais","category-noticias","tag-concurso-tre-to-term","tag-tocantins","tag-tre","tax_estado-to"],"acf":[],"yoast_head":"<!-- This site is optimized with the Yoast SEO Premium plugin v27.2 (Yoast SEO v27.2) - https:\/\/yoast.com\/product\/yoast-seo-premium-wordpress\/ -->\n<title>Concurso TRE TO homologado! Veja a nova remunera\u00e7\u00e3o<\/title>\n<meta name=\"description\" content=\"Concurso TRE TO ofertou 4 vagas + CR com remunera\u00e7\u00e3o inicial de R$14,8 mil; edital publicado em 2025 est\u00e1 homologado!\" \/>\n<meta name=\"robots\" content=\"index, follow, max-snippet:-1, max-image-preview:large, max-video-preview:-1\" \/>\n<link rel=\"canonical\" href=\"https:\/\/www.estrategiaconcursos.com.br\/blog\/concurso-tre-to\/\" \/>\n<meta property=\"og:locale\" content=\"pt_BR\" \/>\n<meta property=\"og:type\" content=\"article\" \/>\n<meta property=\"og:title\" content=\"Concurso TRE TO homologado! Veja a nova remunera\u00e7\u00e3o\" \/>\n<meta property=\"og:description\" content=\"Concurso TRE TO: s\u00e3o ofertadas 2 vagas + CR com remunera\u00e7\u00e3o inicial de R$14,8 mil. Resultados j\u00e1 dispon\u00edveis!\" \/>\n<meta property=\"og:url\" content=\"https:\/\/www.estrategiaconcursos.com.br\/blog\/concurso-tre-to\/\" \/>\n<meta property=\"og:site_name\" content=\"Estrat\u00e9gia Concursos\" \/>\n<meta property=\"article:author\" content=\"https:\/\/www.facebook.com\/EstrategiaConcursos\" \/>\n<meta property=\"article:published_time\" content=\"2026-04-03T08:36:00+00:00\" \/>\n<meta property=\"article:modified_time\" content=\"2026-04-18T02:58:37+00:00\" \/>\n<meta property=\"og:image\" content=\"https:\/\/dhg1h5j42swfq.cloudfront.net\/2024\/02\/05110330\/tre-to.jpg\" \/>\n\t<meta property=\"og:image:width\" content=\"768\" \/>\n\t<meta property=\"og:image:height\" content=\"432\" \/>\n\t<meta property=\"og:image:type\" content=\"image\/jpeg\" \/>\n<meta name=\"author\" content=\"Coordena\u00e7\u00e3o\" \/>\n<meta name=\"twitter:card\" content=\"summary_large_image\" \/>\n<meta name=\"twitter:creator\" content=\"@EstratConcursos\" \/>\n<meta name=\"twitter:site\" content=\"@EstratConcursos\" \/>\n<meta name=\"twitter:label1\" content=\"Escrito por\" \/>\n\t<meta name=\"twitter:data1\" content=\"Coordena\u00e7\u00e3o\" \/>\n\t<meta name=\"twitter:label2\" content=\"Est. tempo de leitura\" \/>\n\t<meta name=\"twitter:data2\" content=\"9 minutos\" \/>\n<script type=\"application\/ld+json\" class=\"yoast-schema-graph\">{\"@context\":\"https:\/\/schema.org\",\"@graph\":[{\"@type\":\"NewsArticle\",\"@id\":\"https:\/\/www.estrategiaconcursos.com.br\/blog\/concurso-tre-to\/#article\",\"isPartOf\":{\"@id\":\"https:\/\/www.estrategiaconcursos.com.br\/blog\/concurso-tre-to\/\"},\"author\":{\"name\":\"Coordena\u00e7\u00e3o\",\"@id\":\"https:\/\/www.estrategiaconcursos.com.br\/blog\/#\/schema\/person\/b4a388c97673c5f483d72185668afa1f\"},\"headline\":\"Concurso TRE TO homologado! Veja a nova remunera\u00e7\u00e3o\",\"datePublished\":\"2026-04-03T08:36:00+00:00\",\"dateModified\":\"2026-04-18T02:58:37+00:00\",\"mainEntityOfPage\":{\"@id\":\"https:\/\/www.estrategiaconcursos.com.br\/blog\/concurso-tre-to\/\"},\"wordCount\":3161,\"commentCount\":12,\"publisher\":{\"@id\":\"https:\/\/www.estrategiaconcursos.com.br\/blog\/#organization\"},\"image\":{\"@id\":\"https:\/\/www.estrategiaconcursos.com.br\/blog\/concurso-tre-to\/#primaryimage\"},\"thumbnailUrl\":\"https:\/\/dhg1h5j42swfq.cloudfront.net\/2024\/02\/05110330\/tre-to.jpg\",\"keywords\":[\"concurso tre to\",\"Tocantins\",\"TRE\"],\"articleSection\":[\"Tribunais\",\"\u00daltimas not\u00edcias\"],\"inLanguage\":\"pt-BR\",\"potentialAction\":[{\"@type\":\"CommentAction\",\"name\":\"Comment\",\"target\":[\"https:\/\/www.estrategiaconcursos.com.br\/blog\/concurso-tre-to\/#respond\"]}],\"copyrightYear\":\"2026\",\"copyrightHolder\":{\"@id\":\"https:\/\/www.estrategiaconcursos.com.br\/blog\/#organization\"}},{\"@type\":[\"WebPage\",\"FAQPage\"],\"@id\":\"https:\/\/www.estrategiaconcursos.com.br\/blog\/concurso-tre-to\/\",\"url\":\"https:\/\/www.estrategiaconcursos.com.br\/blog\/concurso-tre-to\/\",\"name\":\"Concurso TRE TO homologado! Veja a nova remunera\u00e7\u00e3o\",\"isPartOf\":{\"@id\":\"https:\/\/www.estrategiaconcursos.com.br\/blog\/#website\"},\"primaryImageOfPage\":{\"@id\":\"https:\/\/www.estrategiaconcursos.com.br\/blog\/concurso-tre-to\/#primaryimage\"},\"image\":{\"@id\":\"https:\/\/www.estrategiaconcursos.com.br\/blog\/concurso-tre-to\/#primaryimage\"},\"thumbnailUrl\":\"https:\/\/dhg1h5j42swfq.cloudfront.net\/2024\/02\/05110330\/tre-to.jpg\",\"datePublished\":\"2026-04-03T08:36:00+00:00\",\"dateModified\":\"2026-04-18T02:58:37+00:00\",\"description\":\"Concurso TRE TO ofertou 4 vagas + CR com remunera\u00e7\u00e3o inicial de R$14,8 mil; edital publicado em 2025 est\u00e1 homologado!\",\"breadcrumb\":{\"@id\":\"https:\/\/www.estrategiaconcursos.com.br\/blog\/concurso-tre-to\/#breadcrumb\"},\"mainEntity\":[{\"@id\":\"https:\/\/www.estrategiaconcursos.com.br\/blog\/concurso-tre-to\/#faq-question-1752509593872\"},{\"@id\":\"https:\/\/www.estrategiaconcursos.com.br\/blog\/concurso-tre-to\/#faq-question-1752509611776\"},{\"@id\":\"https:\/\/www.estrategiaconcursos.com.br\/blog\/concurso-tre-to\/#faq-question-1752509624126\"}],\"inLanguage\":\"pt-BR\",\"potentialAction\":[{\"@type\":\"ReadAction\",\"target\":[\"https:\/\/www.estrategiaconcursos.com.br\/blog\/concurso-tre-to\/\"]}]},{\"@type\":\"ImageObject\",\"inLanguage\":\"pt-BR\",\"@id\":\"https:\/\/www.estrategiaconcursos.com.br\/blog\/concurso-tre-to\/#primaryimage\",\"url\":\"https:\/\/dhg1h5j42swfq.cloudfront.net\/2024\/02\/05110330\/tre-to.jpg\",\"contentUrl\":\"https:\/\/dhg1h5j42swfq.cloudfront.net\/2024\/02\/05110330\/tre-to.jpg\",\"width\":768,\"height\":432,\"caption\":\"Concurso TRE TO: local e hor\u00e1rio\"},{\"@type\":\"BreadcrumbList\",\"@id\":\"https:\/\/www.estrategiaconcursos.com.br\/blog\/concurso-tre-to\/#breadcrumb\",\"itemListElement\":[{\"@type\":\"ListItem\",\"position\":1,\"name\":\"In\u00edcio\",\"item\":\"https:\/\/www.estrategiaconcursos.com.br\/blog\/\"},{\"@type\":\"ListItem\",\"position\":2,\"name\":\"Concurso TRE TO homologado! Veja a nova remunera\u00e7\u00e3o\"}]},{\"@type\":\"WebSite\",\"@id\":\"https:\/\/www.estrategiaconcursos.com.br\/blog\/#website\",\"url\":\"https:\/\/www.estrategiaconcursos.com.br\/blog\/\",\"name\":\"Estrat\u00e9gia Concursos\",\"description\":\"O blog da Estrat\u00e9gia Concursos traz not\u00edcias sobre concursos e artigos de professores oferecendo cursos para concursos (pdf + videaulas) no site.\",\"publisher\":{\"@id\":\"https:\/\/www.estrategiaconcursos.com.br\/blog\/#organization\"},\"potentialAction\":[{\"@type\":\"SearchAction\",\"target\":{\"@type\":\"EntryPoint\",\"urlTemplate\":\"https:\/\/www.estrategiaconcursos.com.br\/blog\/?s={search_term_string}\"},\"query-input\":{\"@type\":\"PropertyValueSpecification\",\"valueRequired\":true,\"valueName\":\"search_term_string\"}}],\"inLanguage\":\"pt-BR\"},{\"@type\":\"Organization\",\"@id\":\"https:\/\/www.estrategiaconcursos.com.br\/blog\/#organization\",\"name\":\"Estrat\u00e9gia Concursos\",\"url\":\"https:\/\/www.estrategiaconcursos.com.br\/blog\/\",\"logo\":{\"@type\":\"ImageObject\",\"inLanguage\":\"pt-BR\",\"@id\":\"https:\/\/www.estrategiaconcursos.com.br\/blog\/#\/schema\/logo\/image\/\",\"url\":\"https:\/\/dhg1h5j42swfq.cloudfront.net\/2025\/06\/03203428\/logo_concursos-1.jpg\",\"contentUrl\":\"https:\/\/dhg1h5j42swfq.cloudfront.net\/2025\/06\/03203428\/logo_concursos-1.jpg\",\"width\":230,\"height\":60,\"caption\":\"Estrat\u00e9gia Concursos\"},\"image\":{\"@id\":\"https:\/\/www.estrategiaconcursos.com.br\/blog\/#\/schema\/logo\/image\/\"},\"sameAs\":[\"https:\/\/x.com\/EstratConcursos\"]},{\"@type\":\"Person\",\"@id\":\"https:\/\/www.estrategiaconcursos.com.br\/blog\/#\/schema\/person\/b4a388c97673c5f483d72185668afa1f\",\"name\":\"Coordena\u00e7\u00e3o\",\"image\":{\"@type\":\"ImageObject\",\"inLanguage\":\"pt-BR\",\"@id\":\"https:\/\/secure.gravatar.com\/avatar\/b720319e4c9a967eb58678d110f4fe35452fc5d5f97b202bac7b8acceb18c6ad?s=96&d=mm&r=g\",\"url\":\"https:\/\/secure.gravatar.com\/avatar\/b720319e4c9a967eb58678d110f4fe35452fc5d5f97b202bac7b8acceb18c6ad?s=96&d=mm&r=g\",\"contentUrl\":\"https:\/\/secure.gravatar.com\/avatar\/b720319e4c9a967eb58678d110f4fe35452fc5d5f97b202bac7b8acceb18c6ad?s=96&d=mm&r=g\",\"caption\":\"Coordena\u00e7\u00e3o\"},\"sameAs\":[\"https:\/\/www.facebook.com\/EstrategiaConcursos\",\"https:\/\/x.com\/EstratConcursos\"],\"url\":\"https:\/\/www.estrategiaconcursos.com.br\/blog\/author\/estrategia2013\/\"},{\"@type\":\"Question\",\"@id\":\"https:\/\/www.estrategiaconcursos.com.br\/blog\/concurso-tre-to\/#faq-question-1752509593872\",\"position\":1,\"url\":\"https:\/\/www.estrategiaconcursos.com.br\/blog\/concurso-tre-to\/#faq-question-1752509593872\",\"name\":\"Qual \u00e9 a remunera\u00e7\u00e3o para Analista no TRE TO?\",\"answerCount\":1,\"acceptedAnswer\":{\"@type\":\"Answer\",\"text\":\"A remunera\u00e7\u00e3o inicial bruta para Analista Judici\u00e1rio do TRE TO \u00e9 de R$ 14.852,66.\",\"inLanguage\":\"pt-BR\"},\"inLanguage\":\"pt-BR\"},{\"@type\":\"Question\",\"@id\":\"https:\/\/www.estrategiaconcursos.com.br\/blog\/concurso-tre-to\/#faq-question-1752509611776\",\"position\":2,\"url\":\"https:\/\/www.estrategiaconcursos.com.br\/blog\/concurso-tre-to\/#faq-question-1752509611776\",\"name\":\"Quanto ganha um T\u00e9cnico no TRE Tocantins?\",\"answerCount\":1,\"acceptedAnswer\":{\"@type\":\"Answer\",\"text\":\"O cargo de T\u00e9cnico Judici\u00e1rio do TRE TO conta com vencimento de R$ 9.052,51.\",\"inLanguage\":\"pt-BR\"},\"inLanguage\":\"pt-BR\"},{\"@type\":\"Question\",\"@id\":\"https:\/\/www.estrategiaconcursos.com.br\/blog\/concurso-tre-to\/#faq-question-1752509624126\",\"position\":3,\"url\":\"https:\/\/www.estrategiaconcursos.com.br\/blog\/concurso-tre-to\/#faq-question-1752509624126\",\"name\":\"Quantos cargos vagos existem atualmente no TRE TO?\",\"answerCount\":1,\"acceptedAnswer\":{\"@type\":\"Answer\",\"text\":\"De acordo com informa\u00e7\u00f5es no Portal da transpar\u00eancia do \u00f3rg\u00e3o, em abril de 2025, s\u00e3o 4 cargos vagos.\",\"inLanguage\":\"pt-BR\"},\"inLanguage\":\"pt-BR\"}]}<\/script>\n<!-- \/ Yoast SEO Premium plugin. -->","yoast_head_json":{"title":"Concurso TRE TO homologado! Veja a nova remunera\u00e7\u00e3o","description":"Concurso TRE TO ofertou 4 vagas + CR com remunera\u00e7\u00e3o inicial de R$14,8 mil; edital publicado em 2025 est\u00e1 homologado!","robots":{"index":"index","follow":"follow","max-snippet":"max-snippet:-1","max-image-preview":"max-image-preview:large","max-video-preview":"max-video-preview:-1"},"canonical":"https:\/\/www.estrategiaconcursos.com.br\/blog\/concurso-tre-to\/","og_locale":"pt_BR","og_type":"article","og_title":"Concurso TRE TO homologado! Veja a nova remunera\u00e7\u00e3o","og_description":"Concurso TRE TO: s\u00e3o ofertadas 2 vagas + CR com remunera\u00e7\u00e3o inicial de R$14,8 mil. Resultados j\u00e1 dispon\u00edveis!","og_url":"https:\/\/www.estrategiaconcursos.com.br\/blog\/concurso-tre-to\/","og_site_name":"Estrat\u00e9gia Concursos","article_author":"https:\/\/www.facebook.com\/EstrategiaConcursos","article_published_time":"2026-04-03T08:36:00+00:00","article_modified_time":"2026-04-18T02:58:37+00:00","og_image":[{"width":768,"height":432,"url":"https:\/\/dhg1h5j42swfq.cloudfront.net\/2024\/02\/05110330\/tre-to.jpg","type":"image\/jpeg"}],"author":"Coordena\u00e7\u00e3o","twitter_card":"summary_large_image","twitter_creator":"@EstratConcursos","twitter_site":"@EstratConcursos","twitter_misc":{"Escrito por":"Coordena\u00e7\u00e3o","Est. tempo de leitura":"9 minutos"},"schema":{"@context":"https:\/\/schema.org","@graph":[{"@type":"NewsArticle","@id":"https:\/\/www.estrategiaconcursos.com.br\/blog\/concurso-tre-to\/#article","isPartOf":{"@id":"https:\/\/www.estrategiaconcursos.com.br\/blog\/concurso-tre-to\/"},"author":{"name":"Coordena\u00e7\u00e3o","@id":"https:\/\/www.estrategiaconcursos.com.br\/blog\/#\/schema\/person\/b4a388c97673c5f483d72185668afa1f"},"headline":"Concurso TRE TO homologado! Veja a nova remunera\u00e7\u00e3o","datePublished":"2026-04-03T08:36:00+00:00","dateModified":"2026-04-18T02:58:37+00:00","mainEntityOfPage":{"@id":"https:\/\/www.estrategiaconcursos.com.br\/blog\/concurso-tre-to\/"},"wordCount":3161,"commentCount":12,"publisher":{"@id":"https:\/\/www.estrategiaconcursos.com.br\/blog\/#organization"},"image":{"@id":"https:\/\/www.estrategiaconcursos.com.br\/blog\/concurso-tre-to\/#primaryimage"},"thumbnailUrl":"https:\/\/dhg1h5j42swfq.cloudfront.net\/2024\/02\/05110330\/tre-to.jpg","keywords":["concurso tre to","Tocantins","TRE"],"articleSection":["Tribunais","\u00daltimas not\u00edcias"],"inLanguage":"pt-BR","potentialAction":[{"@type":"CommentAction","name":"Comment","target":["https:\/\/www.estrategiaconcursos.com.br\/blog\/concurso-tre-to\/#respond"]}],"copyrightYear":"2026","copyrightHolder":{"@id":"https:\/\/www.estrategiaconcursos.com.br\/blog\/#organization"}},{"@type":["WebPage","FAQPage"],"@id":"https:\/\/www.estrategiaconcursos.com.br\/blog\/concurso-tre-to\/","url":"https:\/\/www.estrategiaconcursos.com.br\/blog\/concurso-tre-to\/","name":"Concurso TRE TO homologado! Veja a nova remunera\u00e7\u00e3o","isPartOf":{"@id":"https:\/\/www.estrategiaconcursos.com.br\/blog\/#website"},"primaryImageOfPage":{"@id":"https:\/\/www.estrategiaconcursos.com.br\/blog\/concurso-tre-to\/#primaryimage"},"image":{"@id":"https:\/\/www.estrategiaconcursos.com.br\/blog\/concurso-tre-to\/#primaryimage"},"thumbnailUrl":"https:\/\/dhg1h5j42swfq.cloudfront.net\/2024\/02\/05110330\/tre-to.jpg","datePublished":"2026-04-03T08:36:00+00:00","dateModified":"2026-04-18T02:58:37+00:00","description":"Concurso TRE TO ofertou 4 vagas + CR com remunera\u00e7\u00e3o inicial de R$14,8 mil; edital publicado em 2025 est\u00e1 homologado!","breadcrumb":{"@id":"https:\/\/www.estrategiaconcursos.com.br\/blog\/concurso-tre-to\/#breadcrumb"},"mainEntity":[{"@id":"https:\/\/www.estrategiaconcursos.com.br\/blog\/concurso-tre-to\/#faq-question-1752509593872"},{"@id":"https:\/\/www.estrategiaconcursos.com.br\/blog\/concurso-tre-to\/#faq-question-1752509611776"},{"@id":"https:\/\/www.estrategiaconcursos.com.br\/blog\/concurso-tre-to\/#faq-question-1752509624126"}],"inLanguage":"pt-BR","potentialAction":[{"@type":"ReadAction","target":["https:\/\/www.estrategiaconcursos.com.br\/blog\/concurso-tre-to\/"]}]},{"@type":"ImageObject","inLanguage":"pt-BR","@id":"https:\/\/www.estrategiaconcursos.com.br\/blog\/concurso-tre-to\/#primaryimage","url":"https:\/\/dhg1h5j42swfq.cloudfront.net\/2024\/02\/05110330\/tre-to.jpg","contentUrl":"https:\/\/dhg1h5j42swfq.cloudfront.net\/2024\/02\/05110330\/tre-to.jpg","width":768,"height":432,"caption":"Concurso TRE TO: local e hor\u00e1rio"},{"@type":"BreadcrumbList","@id":"https:\/\/www.estrategiaconcursos.com.br\/blog\/concurso-tre-to\/#breadcrumb","itemListElement":[{"@type":"ListItem","position":1,"name":"In\u00edcio","item":"https:\/\/www.estrategiaconcursos.com.br\/blog\/"},{"@type":"ListItem","position":2,"name":"Concurso TRE TO homologado! Veja a nova remunera\u00e7\u00e3o"}]},{"@type":"WebSite","@id":"https:\/\/www.estrategiaconcursos.com.br\/blog\/#website","url":"https:\/\/www.estrategiaconcursos.com.br\/blog\/","name":"Estrat\u00e9gia Concursos","description":"O blog da Estrat\u00e9gia Concursos traz not\u00edcias sobre concursos e artigos de professores oferecendo cursos para concursos (pdf + videaulas) no site.","publisher":{"@id":"https:\/\/www.estrategiaconcursos.com.br\/blog\/#organization"},"potentialAction":[{"@type":"SearchAction","target":{"@type":"EntryPoint","urlTemplate":"https:\/\/www.estrategiaconcursos.com.br\/blog\/?s={search_term_string}"},"query-input":{"@type":"PropertyValueSpecification","valueRequired":true,"valueName":"search_term_string"}}],"inLanguage":"pt-BR"},{"@type":"Organization","@id":"https:\/\/www.estrategiaconcursos.com.br\/blog\/#organization","name":"Estrat\u00e9gia Concursos","url":"https:\/\/www.estrategiaconcursos.com.br\/blog\/","logo":{"@type":"ImageObject","inLanguage":"pt-BR","@id":"https:\/\/www.estrategiaconcursos.com.br\/blog\/#\/schema\/logo\/image\/","url":"https:\/\/dhg1h5j42swfq.cloudfront.net\/2025\/06\/03203428\/logo_concursos-1.jpg","contentUrl":"https:\/\/dhg1h5j42swfq.cloudfront.net\/2025\/06\/03203428\/logo_concursos-1.jpg","width":230,"height":60,"caption":"Estrat\u00e9gia Concursos"},"image":{"@id":"https:\/\/www.estrategiaconcursos.com.br\/blog\/#\/schema\/logo\/image\/"},"sameAs":["https:\/\/x.com\/EstratConcursos"]},{"@type":"Person","@id":"https:\/\/www.estrategiaconcursos.com.br\/blog\/#\/schema\/person\/b4a388c97673c5f483d72185668afa1f","name":"Coordena\u00e7\u00e3o","image":{"@type":"ImageObject","inLanguage":"pt-BR","@id":"https:\/\/secure.gravatar.com\/avatar\/b720319e4c9a967eb58678d110f4fe35452fc5d5f97b202bac7b8acceb18c6ad?s=96&d=mm&r=g","url":"https:\/\/secure.gravatar.com\/avatar\/b720319e4c9a967eb58678d110f4fe35452fc5d5f97b202bac7b8acceb18c6ad?s=96&d=mm&r=g","contentUrl":"https:\/\/secure.gravatar.com\/avatar\/b720319e4c9a967eb58678d110f4fe35452fc5d5f97b202bac7b8acceb18c6ad?s=96&d=mm&r=g","caption":"Coordena\u00e7\u00e3o"},"sameAs":["https:\/\/www.facebook.com\/EstrategiaConcursos","https:\/\/x.com\/EstratConcursos"],"url":"https:\/\/www.estrategiaconcursos.com.br\/blog\/author\/estrategia2013\/"},{"@type":"Question","@id":"https:\/\/www.estrategiaconcursos.com.br\/blog\/concurso-tre-to\/#faq-question-1752509593872","position":1,"url":"https:\/\/www.estrategiaconcursos.com.br\/blog\/concurso-tre-to\/#faq-question-1752509593872","name":"Qual \u00e9 a remunera\u00e7\u00e3o para Analista no TRE TO?","answerCount":1,"acceptedAnswer":{"@type":"Answer","text":"A remunera\u00e7\u00e3o inicial bruta para Analista Judici\u00e1rio do TRE TO \u00e9 de R$ 14.852,66.","inLanguage":"pt-BR"},"inLanguage":"pt-BR"},{"@type":"Question","@id":"https:\/\/www.estrategiaconcursos.com.br\/blog\/concurso-tre-to\/#faq-question-1752509611776","position":2,"url":"https:\/\/www.estrategiaconcursos.com.br\/blog\/concurso-tre-to\/#faq-question-1752509611776","name":"Quanto ganha um T\u00e9cnico no TRE Tocantins?","answerCount":1,"acceptedAnswer":{"@type":"Answer","text":"O cargo de T\u00e9cnico Judici\u00e1rio do TRE TO conta com vencimento de R$ 9.052,51.","inLanguage":"pt-BR"},"inLanguage":"pt-BR"},{"@type":"Question","@id":"https:\/\/www.estrategiaconcursos.com.br\/blog\/concurso-tre-to\/#faq-question-1752509624126","position":3,"url":"https:\/\/www.estrategiaconcursos.com.br\/blog\/concurso-tre-to\/#faq-question-1752509624126","name":"Quantos cargos vagos existem atualmente no TRE TO?","answerCount":1,"acceptedAnswer":{"@type":"Answer","text":"De acordo com informa\u00e7\u00f5es no Portal da transpar\u00eancia do \u00f3rg\u00e3o, em abril de 2025, s\u00e3o 4 cargos vagos.","inLanguage":"pt-BR"},"inLanguage":"pt-BR"}]}},"_links":{"self":[{"href":"https:\/\/www.estrategiaconcursos.com.br\/blog\/wp-json\/wp\/v2\/posts\/52487","targetHints":{"allow":["GET"]}}],"collection":[{"href":"https:\/\/www.estrategiaconcursos.com.br\/blog\/wp-json\/wp\/v2\/posts"}],"about":[{"href":"https:\/\/www.estrategiaconcursos.com.br\/blog\/wp-json\/wp\/v2\/types\/post"}],"author":[{"embeddable":true,"href":"https:\/\/www.estrategiaconcursos.com.br\/blog\/wp-json\/wp\/v2\/users\/1"}],"replies":[{"embeddable":true,"href":"https:\/\/www.estrategiaconcursos.com.br\/blog\/wp-json\/wp\/v2\/comments?post=52487"}],"version-history":[{"count":192,"href":"https:\/\/www.estrategiaconcursos.com.br\/blog\/wp-json\/wp\/v2\/posts\/52487\/revisions"}],"predecessor-version":[{"id":1755534,"href":"https:\/\/www.estrategiaconcursos.com.br\/blog\/wp-json\/wp\/v2\/posts\/52487\/revisions\/1755534"}],"wp:featuredmedia":[{"embeddable":true,"href":"https:\/\/www.estrategiaconcursos.com.br\/blog\/wp-json\/wp\/v2\/media\/1347104"}],"wp:attachment":[{"href":"https:\/\/www.estrategiaconcursos.com.br\/blog\/wp-json\/wp\/v2\/media?parent=52487"}],"wp:term":[{"taxonomy":"category","embeddable":true,"href":"https:\/\/www.estrategiaconcursos.com.br\/blog\/wp-json\/wp\/v2\/categories?post=52487"},{"taxonomy":"post_tag","embeddable":true,"href":"https:\/\/www.estrategiaconcursos.com.br\/blog\/wp-json\/wp\/v2\/tags?post=52487"},{"taxonomy":"tax_estado","embeddable":true,"href":"https:\/\/www.estrategiaconcursos.com.br\/blog\/wp-json\/wp\/v2\/tax_estado?post=52487"}],"curies":[{"name":"wp","href":"https:\/\/api.w.org\/{rel}","templated":true}]}}