{"id":524597,"date":"2020-06-10T09:39:32","date_gmt":"2020-06-10T12:39:32","guid":{"rendered":"https:\/\/www.estrategiaconcursos.com.br\/blog\/?p=524597"},"modified":"2020-06-10T09:44:46","modified_gmt":"2020-06-10T12:44:46","slug":"nota-de-apoio-aos-aprovados-do-concurso-tj-am","status":"publish","type":"post","link":"https:\/\/www.estrategiaconcursos.com.br\/blog\/nota-de-apoio-aos-aprovados-do-concurso-tj-am\/","title":{"rendered":"Nota de apoio aos aprovados do concurso TJ AM"},"content":{"rendered":"\n<p>O <strong>Tribunal de Justi\u00e7a do Amazonas<\/strong> ainda n\u00e3o homologou o \u00faltimo concurso p\u00fablico realizado para servidores, cujo resultado final foi publicado no dia 9 de mar\u00e7o deste ano.<\/p>\n\n\n\n<p>A corte justifica o protelamento do ato em virtude da pandemia do novo coronav\u00edrus (COVID-19), que paralisou e suspendeu parcialmente as atividades em v\u00e1rios tribunais do pa\u00eds, al\u00e9m de uma poss\u00edvel falta de or\u00e7amento para a realiza\u00e7\u00e3o de novas nomea\u00e7\u00f5es.<\/p>\n\n\n\n<p>A decis\u00e3o de suspender por prazo indeterminado a formaliza\u00e7\u00e3o do ato homologat\u00f3rio tem gerado grande <strong>pol\u00eamica<\/strong> e <strong>indigna\u00e7\u00e3o<\/strong>, j\u00e1 que, por outro lado, o Tribunal de Justi\u00e7a do Amazonas mant\u00e9m contratos ativos de <strong>228<\/strong> <strong>tempor\u00e1rios<\/strong> para o desempenho de atividades que deveriam ser realizadas por <span style=\"text-decoration: underline;\">servidores concursados<\/span>. <\/p>\n\n\n\n<p>Segundo dados da <strong>Comiss\u00e3o de Aprovados <\/strong>no concurso, a nomea\u00e7\u00e3o de novos servidores representaria economia de <strong>11,96%<\/strong> em rela\u00e7\u00e3o ao que \u00e9 gasto hoje com as contrata\u00e7\u00f5es tempor\u00e1rias. Vale lembrar que outros \u00f3rg\u00e3os p\u00fablicos amazonenses, como a Defensoria P\u00fablica, j\u00e1 homologaram o resultado final de seus concursos, mesmo durante a pandemia.<\/p>\n\n\n\n<p>O <strong>Estrat\u00e9gia Concursos<\/strong> tem muito orgulho de <a href=\"https:\/\/www.estrategiaconcursos.com.br\/blog\/11-alunos-do-estrategia-ficaram-primeiras-colocacoes-do-tj-am\/\" target=\"_blank\" rel=\"noreferrer noopener\">fazer parte da caminhada de muitos dos aprovados no TJ AM<\/a>. Al\u00e9m disso, temos a miss\u00e3o de apoiar o aluno desde o in\u00edcio dos estudos at\u00e9 a sua nomea\u00e7\u00e3o. Por isso, manifestamos nosso apoio ao pleito da Comiss\u00e3o de Aprovados no Concurso do TJ AM. <\/p>\n\n\n\n<p>A nomea\u00e7\u00e3o dos candidatos aprovados, al\u00e9m de apresentar uma vis\u00edvel economia aos cofres p\u00fablicos, vai enriquecer o quadro de servidores do tribunal com m\u00e3o de obra altamente qualificada, testada em um dos concursos mais exigentes do pa\u00eds.<\/p>\n\n\n\n<p><em>Abaixo voc\u00ea confere a \u00edntegra da nota da Comiss\u00e3o dos aprovados do concurso do Tribunal de Justi\u00e7a do Amazonas:<\/em><\/p>\n\n\n\n<h2 class=\"wp-block-heading\">O que dizem os aprovados: Nota da Comiss\u00e3o de Aprovados do TJ AM<\/h2>\n\n\n\n<p><em>O Concurso P\u00fablico para Servidores do Tribunal de Justi\u00e7a do Estado do Amazonas de 2019 encontra-se apto \u00e0 homologa\u00e7\u00e3o desde o dia 09 de mar\u00e7o de 2020, conforme o resultado final divulgado pela banca Cebraspe:<\/em><\/p>\n\n\n\n<p class=\"has-text-align-center\"><a href=\"https:\/\/www.cebraspe.org.br\/concursos\/TJ_AM_19_SERVIDOR\">https:\/\/www.cebraspe.org.br\/concursos\/TJ_AM_19_SERVIDOR<\/a><\/p>\n\n\n\n<p><em>Diante da in\u00e9rcia do Tribunal de Justi\u00e7a do Amazonas (TJAM), n\u00f3s, os aprovados, reivindicamos a homologa\u00e7\u00e3o do certame. Todavia, o Tribunal Pleno do TJAM, por maioria dos votos, recusou-se a homologar: decidiu suspender a possibilidade de homologa\u00e7\u00e3o, por tempo INDETERMINADO. A decis\u00e3o ocorreu na sess\u00e3o plen\u00e1ria do dia 12 de maio de 2020. No julgamento, alegou-se a inoportunidade e inconveni\u00eancia de tal ato administrativo, em raz\u00e3o do atual cen\u00e1rio brasileiro de enfrentamento ao Covid-19, bem como a troca de gest\u00e3o do respectivo Tribunal, problemas judiciais, log\u00edstica, e at\u00e9 poss\u00edvel falta de or\u00e7amento para nomea\u00e7\u00f5es.<\/em><\/p>\n\n\n\n<p><em>&nbsp;&nbsp;&nbsp;&nbsp;&nbsp;&nbsp;&nbsp;&nbsp; &nbsp;Acontece que os argumentos usados pelo TJAM para se recusar a homologar o concurso n\u00e3o prosperam e n\u00e3o condizem com a realidade, pois:<\/em><\/p>\n\n\n\n<p><em>a) a homologa\u00e7\u00e3o \u00e9 o ato administrativo que acarreta a plena validade jur\u00eddica ao concurso p\u00fablico. Neste sentido, trata-se de um ato unilateral e vinculado, pelo qual a Administra\u00e7\u00e3o P\u00fablica reconhece a legalidade de uma situa\u00e7\u00e3o jur\u00eddico-administrativa. Ela se realiza sempre a posteriori e examina t\u00e3o somente o aspecto da legalidade, no que se distingue da aprova\u00e7\u00e3o. Ocorre que o referido concurso obedeceu a todas as regras legais e edital\u00edcias, assim como princ\u00edpios constitucionais, de modo que est\u00e1 apto \u00e0 homologa\u00e7\u00e3o. Portanto, sendo um ato vinculado, n\u00e3o se aplica a discricionariedade ao administrador p\u00fablico quanto \u00e0 escolha do momento para homologa\u00e7\u00e3o do certame. Assim, o TJAM n\u00e3o pode dispor do ato de homologar o resultado final de concurso dentro de um prazo considerado razo\u00e1vel, sob pena de caracterizar arbitrariedade injustificada;<\/em><\/p>\n\n\n\n<p><em>b) o Tribunal possui or\u00e7amento para manter em seu quadro de servidores cerca de 228 (duzentos e vinte e oito) tempor\u00e1rios (com vencimentos equivalentes ao dos servidores efetivos) e 71 (setenta e um) terceirizados, que exercem as atividades pr\u00f3prias dos Cargos Efetivos constantes no Edital do certame;<\/em><\/p>\n\n\n\n<p><em>c) a nomea\u00e7\u00e3o dos aprovados, em substitui\u00e7\u00e3o dos tempor\u00e1rios, gerar\u00e1 economia de 11,96% do volume atualmente despendido, segundo Parecer do pr\u00f3prio TJAM. Inclusive, o TJAM, sob a Presid\u00eancia do Desembargador Yedo Sim\u00f5es, realizou o concurso para substitui\u00e7\u00e3o de tempor\u00e1rios por concursados e, assim cumprir o artigo 37, inciso II, da Constitui\u00e7\u00e3o Federal, al\u00e9m de colher a redu\u00e7\u00e3o de despesas;<\/em><\/p>\n\n\n\n<p><em>d) o TJAM firmou contrato com v\u00e1rias prefeituras para cess\u00e3o de servidores, que, apesar de n\u00e3o serem pagos pelo Tribunal, exercem as fun\u00e7\u00f5es pr\u00f3prias dos concursados;<\/em><\/p>\n\n\n\n<p><em>e) o or\u00e7amento do Tribunal est\u00e1 garantido e n\u00e3o \u00e9 vinculado ao combate da Pandemia;<\/em><\/p>\n\n\n\n<p><em>f) o Tribunal est\u00e1 economizando com o trabalho em home office;<\/em><\/p>\n\n\n\n<p><em>g) a arrecada\u00e7\u00e3o or\u00e7ament\u00e1ria do Estado do Amazonas teve aumento de R$ 416 (quatrocentos e dezesseis) milh\u00f5es nos \u00faltimos 5 (cinco) meses, comparado ao mesmo per\u00edodo do ano passado. Isso pode ser constatado no site da SEFAZ-AM: <a href=\"http:\/\/www.transparencia.am.gov.br\/receitas\/\" target=\"_blank\" rel=\"noreferrer noopener\">http:\/\/www.transparencia.am.gov.br\/receitas\/<\/a><\/em><\/p>\n\n\n\n<p><em>h) o TJAM firmou acordo com a Associa\u00e7\u00e3o dos Magistrados do Amazonas (AMAZON) e com o Conselho Nacional de Justi\u00e7a (CNJ) para nomear 160 aprovados at\u00e9 30\/06\/2020 (PP n\u00ba 0004017-45.2019.2.00.0000 &#8211; CNJ). Por\u00e9m, em raz\u00e3o da suspens\u00e3o da possibilidade de homologa\u00e7\u00e3o do certame, por tempo indeterminado, tornou-se invi\u00e1vel o cumprimento de tal acordo;<\/em><\/p>\n\n\n\n<p><em>i) o TJAM alega impossibilidade log\u00edstica para nomear, dar posse, treinar e colocar os aprovados em exerc\u00edcio. Entretanto, h\u00e1 possibilidade de realizar tudo isso por meio virtual. V\u00e1rios \u00d3rg\u00e3os nomearam em plena pandemia, como, por exemplo, TJ MG, TJ MA, TRF1, TRF2, TRF 5, TRE PR, DPU, DP DF.<\/em><\/p>\n\n\n\n<p><em>j) a Defensoria P\u00fablica do Amazonas lan\u00e7ou edital de Concurso P\u00fablico para Servidor ap\u00f3s o TJAM e j\u00e1 homologou no m\u00eas passado, em plena pandemia, argumentando que o certame observou todas as regras legais e edital\u00edcias, sem qualquer an\u00e1lise de oportunidade ou conveni\u00eancia do ato.<\/em><\/p>\n\n\n\n<p><em>Enfatiza-se que a preocupa\u00e7\u00e3o dos aprovados refere-se ao fato de os contratos de grande parte dos servidores tempor\u00e1rios encerrarem-se no m\u00eas de julho de 2020. H\u00e1 de se considerar, ainda, a inviabilidade de renova\u00e7\u00e3o de contrata\u00e7\u00e3o com as mesmas pessoas, conforme o artigo 4\u00ba, da Lei Estadual n\u00ba 1.674\/1984, a qual trata do regime de admiss\u00e3o de servidores tempor\u00e1rios.<\/em><\/p>\n\n\n\n<p><em>Sendo assim, o Tribunal ficar\u00e1 com d\u00e9ficit de servidores? Afinal, se houve a contrata\u00e7\u00e3o de tempor\u00e1rios, tal fato denota a necessidade de pessoal. Portanto, se h\u00e1 a necessidade de pessoal, por que n\u00e3o nomear os aprovados do concurso p\u00fablico, em obedi\u00eancia aos preceitos constitucionais?<\/em><\/p>\n\n\n\n<p><em>Questiona-se, ainda: se o Tribunal de Justi\u00e7a do Amazonas possui recursos financeiros para manter os 228 tempor\u00e1rios, por que n\u00e3o poderia dispor dos mesmos recursos para contratar os aprovados no concurso p\u00fablico? Por que n\u00e3o proceder \u00e0 homologa\u00e7\u00e3o do concurso?<\/em><\/p>\n\n\n\n<p><em>Vale salientar o qu\u00e3o dif\u00edcil \u00e9 a rotina de estudo e prepara\u00e7\u00e3o para concursos, pois exige muito esfor\u00e7o e dedica\u00e7\u00e3o, al\u00e9m de muitas ren\u00fancias. Alguns dos aprovados renunciaram aos empregos para estudar para esse concurso; outros, atravessaram o pa\u00eds para se deslocar ao Estado do Amazonas, para aproveitar essa oportunidade. Infelizmente, temos nos deparado com o fato de que \u201caprova\u00e7\u00e3o n\u00e3o \u00e9 certeza de nomea\u00e7\u00e3o\u201d, o que vai de encontro \u00e0s decis\u00f5es judiciais reverberadas em sentido contr\u00e1rio.<\/em><\/p>\n\n\n\n<p><em>Desse modo, ressalta-se que <strong>A PANDEMIA N\u00c3O PODE SER USADA COMO PRETEXTO PARA MANUTEN\u00c7\u00c3O DE SERVIDORES TEMPOR\u00c1RIOS, OFENDENDO E FERINDO O PRINC\u00cdPIO DA MORALIDADE, PRETERINDO CANDIDATOS APROVADOS NO CONCURSO P\u00daBLICO.<\/strong><\/em><\/p>\n\n\n\n<p><em>Nas palavras de Domingos Jorge Chalub Pereira, pr\u00f3ximo Desembargador a assumir a Presid\u00eancia do Tribunal de Justi\u00e7a do Estado do Amazonas, em reuni\u00e3o do Reuni\u00e3o do Tribunal Pleno e Conselho da Magistratura do dia 02\/06\/20:<\/em><\/p>\n\n\n\n<p><em>&nbsp;[&#8230;] O problema \u00e9 que \u00e9 imoral fazer concurso, homologar e n\u00e3o chamar. Esse \u00e9 que \u00e9 o problema. Pra que fizeram concurso? Gastaram dinheiro para fazer um concurso e est\u00e3o fazendo contrata\u00e7\u00e3o tempor\u00e1ria. Tudo bem, numa pandemia como n\u00f3s estamos vivendo, a contrata\u00e7\u00e3o tem que buscar m\u00e9dicos de Cuba, do planeta marte, de onde quer que seja. Mas n\u00e3o \u00e9 o caso que n\u00f3s estamos discutindo.<\/em><\/p>\n\n\n\n<p><em>Portanto, n\u00e3o nos calaremos, nem nos omitiremos de lutar pelo que \u00e9 nosso por direito l\u00edquido e certo!<\/em><\/p>\n\n\n\n<p class=\"has-text-align-right\"><strong>Comiss\u00e3o dos aprovados no TJ AM<\/strong><\/p>\n","protected":false},"excerpt":{"rendered":"<p>O Tribunal de Justi\u00e7a do Amazonas ainda n\u00e3o homologou o \u00faltimo concurso p\u00fablico realizado para servidores, cujo resultado final foi publicado no dia 9 de mar\u00e7o deste ano. A corte justifica o protelamento do ato em virtude da pandemia do novo coronav\u00edrus (COVID-19), que paralisou e suspendeu parcialmente as atividades em v\u00e1rios tribunais do pa\u00eds, [&hellip;]<\/p>\n","protected":false},"author":1,"featured_media":524608,"comment_status":"open","ping_status":"closed","sticky":false,"template":"","format":"standard","meta":{"post_tipo":"news","footnotes":""},"categories":[1],"tags":[],"tax_estado":[],"class_list":["post-524597","post","type-post","status-publish","format-standard","has-post-thumbnail","hentry","category-cursos-e-concursos"],"acf":[],"yoast_head":"<!-- This site is optimized with the Yoast SEO Premium plugin v27.2 (Yoast SEO v27.2) - https:\/\/yoast.com\/product\/yoast-seo-premium-wordpress\/ -->\n<title>Nota de apoio aos aprovados do concurso TJ AM<\/title>\n<meta name=\"description\" content=\"O Tribunal de Justi\u00e7a do Amazonas ainda n\u00e3o homologou o \u00faltimo concurso p\u00fablico realizado para servidores, cujo resultado final foi publicado no dia 9 de mar\u00e7o deste ano.\" \/>\n<meta name=\"robots\" content=\"index, follow, max-snippet:-1, max-image-preview:large, max-video-preview:-1\" \/>\n<link rel=\"canonical\" href=\"https:\/\/www.estrategiaconcursos.com.br\/blog\/nota-de-apoio-aos-aprovados-do-concurso-tj-am\/\" \/>\n<meta property=\"og:locale\" content=\"pt_BR\" \/>\n<meta property=\"og:type\" content=\"article\" \/>\n<meta property=\"og:title\" content=\"Nota de apoio aos aprovados do concurso TJ AM\" \/>\n<meta property=\"og:description\" content=\"O Tribunal de Justi\u00e7a do Amazonas ainda n\u00e3o homologou o \u00faltimo concurso p\u00fablico realizado para servidores, cujo resultado final foi publicado no dia 9 de mar\u00e7o deste ano.\" \/>\n<meta property=\"og:url\" content=\"https:\/\/www.estrategiaconcursos.com.br\/blog\/nota-de-apoio-aos-aprovados-do-concurso-tj-am\/\" \/>\n<meta property=\"og:site_name\" content=\"Estrat\u00e9gia Concursos\" \/>\n<meta property=\"article:author\" content=\"https:\/\/www.facebook.com\/EstrategiaConcursos\" \/>\n<meta property=\"article:published_time\" content=\"2020-06-10T12:39:32+00:00\" \/>\n<meta property=\"article:modified_time\" content=\"2020-06-10T12:44:46+00:00\" \/>\n<meta property=\"og:image\" content=\"https:\/\/dhg1h5j42swfq.cloudfront.net\/2020\/06\/10084314\/tjam.jpg\" \/>\n\t<meta property=\"og:image:width\" content=\"872\" \/>\n\t<meta property=\"og:image:height\" content=\"585\" \/>\n\t<meta property=\"og:image:type\" content=\"image\/jpeg\" \/>\n<meta name=\"author\" content=\"Coordena\u00e7\u00e3o\" \/>\n<meta name=\"twitter:card\" content=\"summary_large_image\" \/>\n<meta name=\"twitter:creator\" content=\"@EstratConcursos\" \/>\n<meta name=\"twitter:site\" content=\"@EstratConcursos\" \/>\n<meta name=\"twitter:label1\" content=\"Escrito por\" \/>\n\t<meta name=\"twitter:data1\" content=\"Coordena\u00e7\u00e3o\" \/>\n\t<meta name=\"twitter:label2\" content=\"Est. tempo de leitura\" \/>\n\t<meta name=\"twitter:data2\" content=\"7 minutos\" \/>\n<script type=\"application\/ld+json\" class=\"yoast-schema-graph\">{\"@context\":\"https:\/\/schema.org\",\"@graph\":[{\"@type\":\"NewsArticle\",\"@id\":\"https:\/\/www.estrategiaconcursos.com.br\/blog\/nota-de-apoio-aos-aprovados-do-concurso-tj-am\/#article\",\"isPartOf\":{\"@id\":\"https:\/\/www.estrategiaconcursos.com.br\/blog\/nota-de-apoio-aos-aprovados-do-concurso-tj-am\/\"},\"author\":{\"name\":\"Coordena\u00e7\u00e3o\",\"@id\":\"https:\/\/www.estrategiaconcursos.com.br\/blog\/#\/schema\/person\/b4a388c97673c5f483d72185668afa1f\"},\"headline\":\"Nota de apoio aos aprovados do concurso TJ AM\",\"datePublished\":\"2020-06-10T12:39:32+00:00\",\"dateModified\":\"2020-06-10T12:44:46+00:00\",\"mainEntityOfPage\":{\"@id\":\"https:\/\/www.estrategiaconcursos.com.br\/blog\/nota-de-apoio-aos-aprovados-do-concurso-tj-am\/\"},\"wordCount\":1465,\"commentCount\":14,\"publisher\":{\"@id\":\"https:\/\/www.estrategiaconcursos.com.br\/blog\/#organization\"},\"image\":{\"@id\":\"https:\/\/www.estrategiaconcursos.com.br\/blog\/nota-de-apoio-aos-aprovados-do-concurso-tj-am\/#primaryimage\"},\"thumbnailUrl\":\"https:\/\/dhg1h5j42swfq.cloudfront.net\/2020\/06\/10084314\/tjam.jpg\",\"articleSection\":[\"Concursos P\u00fablicos\"],\"inLanguage\":\"pt-BR\",\"potentialAction\":[{\"@type\":\"CommentAction\",\"name\":\"Comment\",\"target\":[\"https:\/\/www.estrategiaconcursos.com.br\/blog\/nota-de-apoio-aos-aprovados-do-concurso-tj-am\/#respond\"]}],\"copyrightYear\":\"2020\",\"copyrightHolder\":{\"@id\":\"https:\/\/www.estrategiaconcursos.com.br\/blog\/#organization\"}},{\"@type\":\"WebPage\",\"@id\":\"https:\/\/www.estrategiaconcursos.com.br\/blog\/nota-de-apoio-aos-aprovados-do-concurso-tj-am\/\",\"url\":\"https:\/\/www.estrategiaconcursos.com.br\/blog\/nota-de-apoio-aos-aprovados-do-concurso-tj-am\/\",\"name\":\"Nota de apoio aos aprovados do concurso TJ AM\",\"isPartOf\":{\"@id\":\"https:\/\/www.estrategiaconcursos.com.br\/blog\/#website\"},\"primaryImageOfPage\":{\"@id\":\"https:\/\/www.estrategiaconcursos.com.br\/blog\/nota-de-apoio-aos-aprovados-do-concurso-tj-am\/#primaryimage\"},\"image\":{\"@id\":\"https:\/\/www.estrategiaconcursos.com.br\/blog\/nota-de-apoio-aos-aprovados-do-concurso-tj-am\/#primaryimage\"},\"thumbnailUrl\":\"https:\/\/dhg1h5j42swfq.cloudfront.net\/2020\/06\/10084314\/tjam.jpg\",\"datePublished\":\"2020-06-10T12:39:32+00:00\",\"dateModified\":\"2020-06-10T12:44:46+00:00\",\"description\":\"O Tribunal de Justi\u00e7a do Amazonas ainda n\u00e3o homologou o \u00faltimo concurso p\u00fablico realizado para servidores, cujo resultado final foi publicado no dia 9 de mar\u00e7o deste ano.\",\"breadcrumb\":{\"@id\":\"https:\/\/www.estrategiaconcursos.com.br\/blog\/nota-de-apoio-aos-aprovados-do-concurso-tj-am\/#breadcrumb\"},\"inLanguage\":\"pt-BR\",\"potentialAction\":[{\"@type\":\"ReadAction\",\"target\":[\"https:\/\/www.estrategiaconcursos.com.br\/blog\/nota-de-apoio-aos-aprovados-do-concurso-tj-am\/\"]}]},{\"@type\":\"ImageObject\",\"inLanguage\":\"pt-BR\",\"@id\":\"https:\/\/www.estrategiaconcursos.com.br\/blog\/nota-de-apoio-aos-aprovados-do-concurso-tj-am\/#primaryimage\",\"url\":\"https:\/\/dhg1h5j42swfq.cloudfront.net\/2020\/06\/10084314\/tjam.jpg\",\"contentUrl\":\"https:\/\/dhg1h5j42swfq.cloudfront.net\/2020\/06\/10084314\/tjam.jpg\",\"width\":872,\"height\":585,\"caption\":\"MANAUS-AM: 30\/08\/2011 - POL\u00cdTICA - COORDENADORA DO SINTJAM, ELANIS DEUZUITA E SAMUEL CAVALCANTE, ADVOGADO, REENVIDICAM A GRATIFICA\u00c7\u00c3O DE 50% SOBRE O SAL\u00c1RIO DOS SERVIDORES DO TJA-AM. NA FOTO: FACHADA DPO TRIBUNAL DE JUSTI\u00c7A DO AMAZONAS, EDIF\u00cdCIO ARNOLDO CARPINTEIRO P\u00c9RES. FOTO: MARCIO SILVA\/ACRITICA\"},{\"@type\":\"BreadcrumbList\",\"@id\":\"https:\/\/www.estrategiaconcursos.com.br\/blog\/nota-de-apoio-aos-aprovados-do-concurso-tj-am\/#breadcrumb\",\"itemListElement\":[{\"@type\":\"ListItem\",\"position\":1,\"name\":\"In\u00edcio\",\"item\":\"https:\/\/www.estrategiaconcursos.com.br\/blog\/\"},{\"@type\":\"ListItem\",\"position\":2,\"name\":\"Nota de apoio aos aprovados do concurso TJ AM\"}]},{\"@type\":\"WebSite\",\"@id\":\"https:\/\/www.estrategiaconcursos.com.br\/blog\/#website\",\"url\":\"https:\/\/www.estrategiaconcursos.com.br\/blog\/\",\"name\":\"Estrat\u00e9gia Concursos\",\"description\":\"O blog da Estrat\u00e9gia Concursos traz not\u00edcias sobre concursos e artigos de professores oferecendo cursos para concursos (pdf + videaulas) no site.\",\"publisher\":{\"@id\":\"https:\/\/www.estrategiaconcursos.com.br\/blog\/#organization\"},\"potentialAction\":[{\"@type\":\"SearchAction\",\"target\":{\"@type\":\"EntryPoint\",\"urlTemplate\":\"https:\/\/www.estrategiaconcursos.com.br\/blog\/?s={search_term_string}\"},\"query-input\":{\"@type\":\"PropertyValueSpecification\",\"valueRequired\":true,\"valueName\":\"search_term_string\"}}],\"inLanguage\":\"pt-BR\"},{\"@type\":\"Organization\",\"@id\":\"https:\/\/www.estrategiaconcursos.com.br\/blog\/#organization\",\"name\":\"Estrat\u00e9gia Concursos\",\"url\":\"https:\/\/www.estrategiaconcursos.com.br\/blog\/\",\"logo\":{\"@type\":\"ImageObject\",\"inLanguage\":\"pt-BR\",\"@id\":\"https:\/\/www.estrategiaconcursos.com.br\/blog\/#\/schema\/logo\/image\/\",\"url\":\"https:\/\/dhg1h5j42swfq.cloudfront.net\/2025\/06\/03203428\/logo_concursos-1.jpg\",\"contentUrl\":\"https:\/\/dhg1h5j42swfq.cloudfront.net\/2025\/06\/03203428\/logo_concursos-1.jpg\",\"width\":230,\"height\":60,\"caption\":\"Estrat\u00e9gia Concursos\"},\"image\":{\"@id\":\"https:\/\/www.estrategiaconcursos.com.br\/blog\/#\/schema\/logo\/image\/\"},\"sameAs\":[\"https:\/\/x.com\/EstratConcursos\"]},{\"@type\":\"Person\",\"@id\":\"https:\/\/www.estrategiaconcursos.com.br\/blog\/#\/schema\/person\/b4a388c97673c5f483d72185668afa1f\",\"name\":\"Coordena\u00e7\u00e3o\",\"image\":{\"@type\":\"ImageObject\",\"inLanguage\":\"pt-BR\",\"@id\":\"https:\/\/secure.gravatar.com\/avatar\/b720319e4c9a967eb58678d110f4fe35452fc5d5f97b202bac7b8acceb18c6ad?s=96&d=mm&r=g\",\"url\":\"https:\/\/secure.gravatar.com\/avatar\/b720319e4c9a967eb58678d110f4fe35452fc5d5f97b202bac7b8acceb18c6ad?s=96&d=mm&r=g\",\"contentUrl\":\"https:\/\/secure.gravatar.com\/avatar\/b720319e4c9a967eb58678d110f4fe35452fc5d5f97b202bac7b8acceb18c6ad?s=96&d=mm&r=g\",\"caption\":\"Coordena\u00e7\u00e3o\"},\"sameAs\":[\"https:\/\/www.facebook.com\/EstrategiaConcursos\",\"https:\/\/x.com\/EstratConcursos\"],\"url\":\"https:\/\/www.estrategiaconcursos.com.br\/blog\/author\/estrategia2013\/\"}]}<\/script>\n<!-- \/ Yoast SEO Premium plugin. -->","yoast_head_json":{"title":"Nota de apoio aos aprovados do concurso TJ AM","description":"O Tribunal de Justi\u00e7a do Amazonas ainda n\u00e3o homologou o \u00faltimo concurso p\u00fablico realizado para servidores, cujo resultado final foi publicado no dia 9 de mar\u00e7o deste ano.","robots":{"index":"index","follow":"follow","max-snippet":"max-snippet:-1","max-image-preview":"max-image-preview:large","max-video-preview":"max-video-preview:-1"},"canonical":"https:\/\/www.estrategiaconcursos.com.br\/blog\/nota-de-apoio-aos-aprovados-do-concurso-tj-am\/","og_locale":"pt_BR","og_type":"article","og_title":"Nota de apoio aos aprovados do concurso TJ AM","og_description":"O Tribunal de Justi\u00e7a do Amazonas ainda n\u00e3o homologou o \u00faltimo concurso p\u00fablico realizado para servidores, cujo resultado final foi publicado no dia 9 de mar\u00e7o deste ano.","og_url":"https:\/\/www.estrategiaconcursos.com.br\/blog\/nota-de-apoio-aos-aprovados-do-concurso-tj-am\/","og_site_name":"Estrat\u00e9gia Concursos","article_author":"https:\/\/www.facebook.com\/EstrategiaConcursos","article_published_time":"2020-06-10T12:39:32+00:00","article_modified_time":"2020-06-10T12:44:46+00:00","og_image":[{"width":872,"height":585,"url":"https:\/\/dhg1h5j42swfq.cloudfront.net\/2020\/06\/10084314\/tjam.jpg","type":"image\/jpeg"}],"author":"Coordena\u00e7\u00e3o","twitter_card":"summary_large_image","twitter_creator":"@EstratConcursos","twitter_site":"@EstratConcursos","twitter_misc":{"Escrito por":"Coordena\u00e7\u00e3o","Est. tempo de leitura":"7 minutos"},"schema":{"@context":"https:\/\/schema.org","@graph":[{"@type":"NewsArticle","@id":"https:\/\/www.estrategiaconcursos.com.br\/blog\/nota-de-apoio-aos-aprovados-do-concurso-tj-am\/#article","isPartOf":{"@id":"https:\/\/www.estrategiaconcursos.com.br\/blog\/nota-de-apoio-aos-aprovados-do-concurso-tj-am\/"},"author":{"name":"Coordena\u00e7\u00e3o","@id":"https:\/\/www.estrategiaconcursos.com.br\/blog\/#\/schema\/person\/b4a388c97673c5f483d72185668afa1f"},"headline":"Nota de apoio aos aprovados do concurso TJ AM","datePublished":"2020-06-10T12:39:32+00:00","dateModified":"2020-06-10T12:44:46+00:00","mainEntityOfPage":{"@id":"https:\/\/www.estrategiaconcursos.com.br\/blog\/nota-de-apoio-aos-aprovados-do-concurso-tj-am\/"},"wordCount":1465,"commentCount":14,"publisher":{"@id":"https:\/\/www.estrategiaconcursos.com.br\/blog\/#organization"},"image":{"@id":"https:\/\/www.estrategiaconcursos.com.br\/blog\/nota-de-apoio-aos-aprovados-do-concurso-tj-am\/#primaryimage"},"thumbnailUrl":"https:\/\/dhg1h5j42swfq.cloudfront.net\/2020\/06\/10084314\/tjam.jpg","articleSection":["Concursos P\u00fablicos"],"inLanguage":"pt-BR","potentialAction":[{"@type":"CommentAction","name":"Comment","target":["https:\/\/www.estrategiaconcursos.com.br\/blog\/nota-de-apoio-aos-aprovados-do-concurso-tj-am\/#respond"]}],"copyrightYear":"2020","copyrightHolder":{"@id":"https:\/\/www.estrategiaconcursos.com.br\/blog\/#organization"}},{"@type":"WebPage","@id":"https:\/\/www.estrategiaconcursos.com.br\/blog\/nota-de-apoio-aos-aprovados-do-concurso-tj-am\/","url":"https:\/\/www.estrategiaconcursos.com.br\/blog\/nota-de-apoio-aos-aprovados-do-concurso-tj-am\/","name":"Nota de apoio aos aprovados do concurso TJ AM","isPartOf":{"@id":"https:\/\/www.estrategiaconcursos.com.br\/blog\/#website"},"primaryImageOfPage":{"@id":"https:\/\/www.estrategiaconcursos.com.br\/blog\/nota-de-apoio-aos-aprovados-do-concurso-tj-am\/#primaryimage"},"image":{"@id":"https:\/\/www.estrategiaconcursos.com.br\/blog\/nota-de-apoio-aos-aprovados-do-concurso-tj-am\/#primaryimage"},"thumbnailUrl":"https:\/\/dhg1h5j42swfq.cloudfront.net\/2020\/06\/10084314\/tjam.jpg","datePublished":"2020-06-10T12:39:32+00:00","dateModified":"2020-06-10T12:44:46+00:00","description":"O Tribunal de Justi\u00e7a do Amazonas ainda n\u00e3o homologou o \u00faltimo concurso p\u00fablico realizado para servidores, cujo resultado final foi publicado no dia 9 de mar\u00e7o deste ano.","breadcrumb":{"@id":"https:\/\/www.estrategiaconcursos.com.br\/blog\/nota-de-apoio-aos-aprovados-do-concurso-tj-am\/#breadcrumb"},"inLanguage":"pt-BR","potentialAction":[{"@type":"ReadAction","target":["https:\/\/www.estrategiaconcursos.com.br\/blog\/nota-de-apoio-aos-aprovados-do-concurso-tj-am\/"]}]},{"@type":"ImageObject","inLanguage":"pt-BR","@id":"https:\/\/www.estrategiaconcursos.com.br\/blog\/nota-de-apoio-aos-aprovados-do-concurso-tj-am\/#primaryimage","url":"https:\/\/dhg1h5j42swfq.cloudfront.net\/2020\/06\/10084314\/tjam.jpg","contentUrl":"https:\/\/dhg1h5j42swfq.cloudfront.net\/2020\/06\/10084314\/tjam.jpg","width":872,"height":585,"caption":"MANAUS-AM: 30\/08\/2011 - POL\u00cdTICA - COORDENADORA DO SINTJAM, ELANIS DEUZUITA E SAMUEL CAVALCANTE, ADVOGADO, REENVIDICAM A GRATIFICA\u00c7\u00c3O DE 50% SOBRE O SAL\u00c1RIO DOS SERVIDORES DO TJA-AM. NA FOTO: FACHADA DPO TRIBUNAL DE JUSTI\u00c7A DO AMAZONAS, EDIF\u00cdCIO ARNOLDO CARPINTEIRO P\u00c9RES. FOTO: MARCIO SILVA\/ACRITICA"},{"@type":"BreadcrumbList","@id":"https:\/\/www.estrategiaconcursos.com.br\/blog\/nota-de-apoio-aos-aprovados-do-concurso-tj-am\/#breadcrumb","itemListElement":[{"@type":"ListItem","position":1,"name":"In\u00edcio","item":"https:\/\/www.estrategiaconcursos.com.br\/blog\/"},{"@type":"ListItem","position":2,"name":"Nota de apoio aos aprovados do concurso TJ AM"}]},{"@type":"WebSite","@id":"https:\/\/www.estrategiaconcursos.com.br\/blog\/#website","url":"https:\/\/www.estrategiaconcursos.com.br\/blog\/","name":"Estrat\u00e9gia Concursos","description":"O blog da Estrat\u00e9gia Concursos traz not\u00edcias sobre concursos e artigos de professores oferecendo cursos para concursos (pdf + videaulas) no site.","publisher":{"@id":"https:\/\/www.estrategiaconcursos.com.br\/blog\/#organization"},"potentialAction":[{"@type":"SearchAction","target":{"@type":"EntryPoint","urlTemplate":"https:\/\/www.estrategiaconcursos.com.br\/blog\/?s={search_term_string}"},"query-input":{"@type":"PropertyValueSpecification","valueRequired":true,"valueName":"search_term_string"}}],"inLanguage":"pt-BR"},{"@type":"Organization","@id":"https:\/\/www.estrategiaconcursos.com.br\/blog\/#organization","name":"Estrat\u00e9gia Concursos","url":"https:\/\/www.estrategiaconcursos.com.br\/blog\/","logo":{"@type":"ImageObject","inLanguage":"pt-BR","@id":"https:\/\/www.estrategiaconcursos.com.br\/blog\/#\/schema\/logo\/image\/","url":"https:\/\/dhg1h5j42swfq.cloudfront.net\/2025\/06\/03203428\/logo_concursos-1.jpg","contentUrl":"https:\/\/dhg1h5j42swfq.cloudfront.net\/2025\/06\/03203428\/logo_concursos-1.jpg","width":230,"height":60,"caption":"Estrat\u00e9gia Concursos"},"image":{"@id":"https:\/\/www.estrategiaconcursos.com.br\/blog\/#\/schema\/logo\/image\/"},"sameAs":["https:\/\/x.com\/EstratConcursos"]},{"@type":"Person","@id":"https:\/\/www.estrategiaconcursos.com.br\/blog\/#\/schema\/person\/b4a388c97673c5f483d72185668afa1f","name":"Coordena\u00e7\u00e3o","image":{"@type":"ImageObject","inLanguage":"pt-BR","@id":"https:\/\/secure.gravatar.com\/avatar\/b720319e4c9a967eb58678d110f4fe35452fc5d5f97b202bac7b8acceb18c6ad?s=96&d=mm&r=g","url":"https:\/\/secure.gravatar.com\/avatar\/b720319e4c9a967eb58678d110f4fe35452fc5d5f97b202bac7b8acceb18c6ad?s=96&d=mm&r=g","contentUrl":"https:\/\/secure.gravatar.com\/avatar\/b720319e4c9a967eb58678d110f4fe35452fc5d5f97b202bac7b8acceb18c6ad?s=96&d=mm&r=g","caption":"Coordena\u00e7\u00e3o"},"sameAs":["https:\/\/www.facebook.com\/EstrategiaConcursos","https:\/\/x.com\/EstratConcursos"],"url":"https:\/\/www.estrategiaconcursos.com.br\/blog\/author\/estrategia2013\/"}]}},"_links":{"self":[{"href":"https:\/\/www.estrategiaconcursos.com.br\/blog\/wp-json\/wp\/v2\/posts\/524597","targetHints":{"allow":["GET"]}}],"collection":[{"href":"https:\/\/www.estrategiaconcursos.com.br\/blog\/wp-json\/wp\/v2\/posts"}],"about":[{"href":"https:\/\/www.estrategiaconcursos.com.br\/blog\/wp-json\/wp\/v2\/types\/post"}],"author":[{"embeddable":true,"href":"https:\/\/www.estrategiaconcursos.com.br\/blog\/wp-json\/wp\/v2\/users\/1"}],"replies":[{"embeddable":true,"href":"https:\/\/www.estrategiaconcursos.com.br\/blog\/wp-json\/wp\/v2\/comments?post=524597"}],"version-history":[{"count":9,"href":"https:\/\/www.estrategiaconcursos.com.br\/blog\/wp-json\/wp\/v2\/posts\/524597\/revisions"}],"predecessor-version":[{"id":524661,"href":"https:\/\/www.estrategiaconcursos.com.br\/blog\/wp-json\/wp\/v2\/posts\/524597\/revisions\/524661"}],"wp:featuredmedia":[{"embeddable":true,"href":"https:\/\/www.estrategiaconcursos.com.br\/blog\/wp-json\/wp\/v2\/media\/524608"}],"wp:attachment":[{"href":"https:\/\/www.estrategiaconcursos.com.br\/blog\/wp-json\/wp\/v2\/media?parent=524597"}],"wp:term":[{"taxonomy":"category","embeddable":true,"href":"https:\/\/www.estrategiaconcursos.com.br\/blog\/wp-json\/wp\/v2\/categories?post=524597"},{"taxonomy":"post_tag","embeddable":true,"href":"https:\/\/www.estrategiaconcursos.com.br\/blog\/wp-json\/wp\/v2\/tags?post=524597"},{"taxonomy":"tax_estado","embeddable":true,"href":"https:\/\/www.estrategiaconcursos.com.br\/blog\/wp-json\/wp\/v2\/tax_estado?post=524597"}],"curies":[{"name":"wp","href":"https:\/\/api.w.org\/{rel}","templated":true}]}}