{"id":524142,"date":"2020-06-09T09:40:56","date_gmt":"2020-06-09T12:40:56","guid":{"rendered":"https:\/\/www.estrategiaconcursos.com.br\/blog\/?p=524142"},"modified":"2020-06-11T18:42:41","modified_gmt":"2020-06-11T21:42:41","slug":"inss-temporarios-prazo-para-convocacao-e-alterado","status":"publish","type":"post","link":"https:\/\/www.estrategiaconcursos.com.br\/blog\/inss-temporarios-prazo-para-convocacao-e-alterado\/","title":{"rendered":"INSS Tempor\u00e1rios: prazo para convoca\u00e7\u00e3o \u00e9 alterado"},"content":{"rendered":"\n<p>Foi publicada, no Di\u00e1rio Oficial da Uni\u00e3o, dessa ter\u00e7a-feira, 09 de junho, uma Portaria que altera o cronograma de convoca\u00e7\u00e3o dos grupos E.2 e G.2 a G.8 do Processo Seletivo Simplificado do INSS.<\/p>\n\n\n\n<p>Segundo essa nova altera\u00e7\u00e3o, as convoca\u00e7\u00f5es previstas para acontecerem entre 08 e 12 de junho, ser\u00e3o realizadas agora dos dias 10 a 16 de junho:<\/p>\n\n\n\n<ul class=\"wp-block-list\"><li><strong>Grupo E.1:<\/strong> assinaram entre os dias 1\u00ba e 5 de junho;<\/li><li><strong>Grupo E.2: <\/strong>entre os dias 10 e 16 de junho;<\/li><li><strong>Grupos G.1 a G.8: <\/strong>entre os dias 10 e 16 de junho, em primeira chamada.<\/li><\/ul>\n\n\n\n<p>Vale lembrar que dos 5.330 selecionados no PSS, 584 iniciaram seu treinamento j\u00e1 na \u00faltima segunda-feira (08).<\/p>\n\n\n\n<p>Do total de inscritos, foram selecionados 1.969 militares inativos, 1.900 da carreira do seguro social e 1.461 aposentados das demais \u00e1reas do RPPS. O edital ofertou no total, 8.230 vagas. N\u00e3o foi divulgado se as outras 2.900 vagas restantes ser\u00e3o preenchidas.<\/p>\n\n\n\n<div class=\"wp-block-image\"><figure class=\"aligncenter size-large\"><img loading=\"lazy\" decoding=\"async\" width=\"746\" height=\"444\" src=\"https:\/\/dhg1h5j42swfq.cloudfront.net\/2020\/06\/09092706\/image-121.png\" alt=\"\" class=\"wp-image-524148\" srcset=\"https:\/\/dhg1h5j42swfq.cloudfront.net\/2020\/06\/09092706\/image-121.png 746w, https:\/\/dhg1h5j42swfq.cloudfront.net\/2020\/06\/09092706\/image-121-300x179.png 300w, https:\/\/dhg1h5j42swfq.cloudfront.net\/2020\/06\/09092706\/image-121-610x363.png 610w\" sizes=\"auto, (max-width: 746px) 100vw, 746px\" \/><\/figure><\/div>\n\n\n\n<p class=\"has-background has-text-align-center has-medium-font-size has-very-light-gray-background-color\"><strong>Mais informa\u00e7\u00f5es: <a href=\"https:\/\/www.estrategiaconcursos.com.br\/blog\/concurso-inss-2\/\" target=\"_blank\" rel=\"noreferrer noopener\">Concurso INSS<\/a><\/strong><\/p>\n\n\n\n<hr class=\"wp-block-separator\"\/>\n\n\n\n<p style=\"font-size:25px\" class=\"has-text-align-center\"><em><strong>Assinatura Anual Ilimitada*<\/strong><\/em><\/p>\n\n\n\n<p class=\"has-text-align-center\"><em>Prepare-se com o melhor material e com quem mais aprova em Concursos P\u00fablicos em todo o pa\u00eds. Assine agora a nossa Assinatura Anual e tenha acesso ilimitado* a todos os nossos cursos.<\/em><\/p>\n\n\n\n<p style=\"font-size:25px\" class=\"has-background has-text-align-center has-light-green-cyan-background-color\"><strong>ASSINE AGORA<\/strong> &#8211; <span class=\"underline\" style=\"text-decoration: underline\"><a rel=\"noreferrer noopener\" aria-label=\" (opens in a new tab)\" href=\"https:\/\/www.estrategiaconcursos.com.br\/assinaturas\/\" target=\"_blank\"><strong>Assinatura Ilimitada<\/strong><\/a><\/span><\/p>\n\n\n\n<p class=\"has-text-align-center has-medium-font-size\"><strong><em><strong>Sistema de Quest\u00f5es<\/strong><\/em><\/strong><\/p>\n\n\n\n<p class=\"has-text-align-center\">Estrat\u00e9gia Quest\u00f5es nasceu maior do que todos os concorrentes, com mais quest\u00f5es cadastradas e mais solu\u00e7\u00f5es por professores. Clique no link e aproveite os descontos e b\u00f4nus imperd\u00edveis!<\/p>\n\n\n\n<p style=\"font-size:22px\" class=\"has-text-color has-background has-text-align-center has-very-dark-gray-color has-vivid-green-cyan-background-color\"><strong>ASSINE AGORA &#8211; <a href=\"https:\/\/www.estrategiaconcursos.com.br\/cursosPorConcurso\/sistema-de-questoes\/#\/\" target=\"_blank\" rel=\"noreferrer noopener\">Sistema de Quest\u00f5es<\/a><\/strong><\/p>\n\n\n\n<p class=\"has-background has-text-align-center has-medium-font-size has-pale-cyan-blue-background-color\"><strong><a href=\"https:\/\/www.estrategiaconcursos.com.br\/blog\/material-gratuitos-para-concurso-inss\/\" target=\"_blank\" rel=\"noreferrer noopener\" aria-label=\"Materiais Gratuitos INSS (abre numa nova aba)\">Materiais Gratuitos INSS<\/a><\/strong><\/p>\n\n\n\n<p style=\"font-size:22px\" class=\"has-background has-text-align-center has-pale-cyan-blue-background-color\"><strong><a href=\"https:\/\/www.estrategiaconcursos.com.br\/blog\/concursos-abertos\/\">CONCURSOS ABERTOS<\/a><\/strong><\/p>\n\n\n\n<p style=\"font-size:22px\" class=\"has-background has-text-align-center has-pale-cyan-blue-background-color\"><a href=\"https:\/\/www.estrategiaconcursos.com.br\/blog\/concursos-2020\/\"><strong>CONCURSOS<\/strong><\/a><strong><a href=\"https:\/\/www.estrategiaconcursos.com.br\/blog\/concursos-2020\/\">&nbsp;2020<\/a><\/strong><\/p>\n\n\n\n<p style=\"font-size:22px\" class=\"has-background has-text-align-center has-pale-cyan-blue-background-color\"><a href=\"https:\/\/www.estrategiaconcursos.com.br\/blog\/concursos-2021\/\" target=\"_blank\" rel=\"noreferrer noopener\"><strong>CONCURSOS 2021<\/strong><\/a><\/p>\n","protected":false},"excerpt":{"rendered":"<p>Foi publicada, no Di\u00e1rio Oficial da Uni\u00e3o, dessa ter\u00e7a-feira, 09 de junho, uma Portaria que altera o cronograma de convoca\u00e7\u00e3o dos grupos E.2 e G.2 a G.8 do Processo Seletivo Simplificado do INSS. Segundo essa nova altera\u00e7\u00e3o, as convoca\u00e7\u00f5es previstas para acontecerem entre 08 e 12 de junho, ser\u00e3o realizadas agora dos dias 10 a [&hellip;]<\/p>\n","protected":false},"author":641,"featured_media":166149,"comment_status":"open","ping_status":"closed","sticky":false,"template":"","format":"standard","meta":{"post_tipo":"article","footnotes":""},"categories":[1],"tags":[],"tax_estado":[],"class_list":["post-524142","post","type-post","status-publish","format-standard","has-post-thumbnail","hentry","category-cursos-e-concursos"],"acf":[],"yoast_head":"<!-- This site is optimized with the Yoast SEO Premium plugin v27.2 (Yoast SEO v27.2) - https:\/\/yoast.com\/product\/yoast-seo-premium-wordpress\/ -->\n<title>INSS Tempor\u00e1rios: prazo para convoca\u00e7\u00e3o \u00e9 alterado<\/title>\n<meta name=\"robots\" content=\"index, follow, max-snippet:-1, max-image-preview:large, max-video-preview:-1\" \/>\n<link rel=\"canonical\" href=\"https:\/\/www.estrategiaconcursos.com.br\/blog\/inss-temporarios-prazo-para-convocacao-e-alterado\/\" \/>\n<meta property=\"og:locale\" content=\"pt_BR\" \/>\n<meta property=\"og:type\" content=\"article\" \/>\n<meta property=\"og:title\" content=\"INSS Tempor\u00e1rios: prazo para convoca\u00e7\u00e3o \u00e9 alterado\" \/>\n<meta property=\"og:description\" content=\"Foi publicada, no Di\u00e1rio Oficial da Uni\u00e3o, dessa ter\u00e7a-feira, 09 de junho, uma Portaria que altera o cronograma de convoca\u00e7\u00e3o dos grupos E.2 e G.2 a G.8 do Processo Seletivo Simplificado do INSS. Segundo essa nova altera\u00e7\u00e3o, as convoca\u00e7\u00f5es previstas para acontecerem entre 08 e 12 de junho, ser\u00e3o realizadas agora dos dias 10 a [&hellip;]\" \/>\n<meta property=\"og:url\" content=\"https:\/\/www.estrategiaconcursos.com.br\/blog\/inss-temporarios-prazo-para-convocacao-e-alterado\/\" \/>\n<meta property=\"og:site_name\" content=\"Estrat\u00e9gia Concursos\" \/>\n<meta property=\"article:published_time\" content=\"2020-06-09T12:40:56+00:00\" \/>\n<meta property=\"article:modified_time\" content=\"2020-06-11T21:42:41+00:00\" \/>\n<meta property=\"og:image\" content=\"https:\/\/dhg1h5j42swfq.cloudfront.net\/2019\/02\/14151433\/Captuinssrar-min.jpg\" \/>\n\t<meta property=\"og:image:width\" content=\"1200\" \/>\n\t<meta property=\"og:image:height\" content=\"627\" \/>\n\t<meta property=\"og:image:type\" content=\"image\/jpeg\" \/>\n<meta name=\"author\" content=\"Tonyvan de Carvalho Oliveira\" \/>\n<meta name=\"twitter:card\" content=\"summary_large_image\" \/>\n<meta name=\"twitter:creator\" content=\"@EstratConcursos\" \/>\n<meta name=\"twitter:site\" content=\"@EstratConcursos\" \/>\n<meta name=\"twitter:label1\" content=\"Escrito por\" \/>\n\t<meta name=\"twitter:data1\" content=\"Tonyvan de Carvalho Oliveira\" \/>\n\t<meta name=\"twitter:label2\" content=\"Est. tempo de leitura\" \/>\n\t<meta name=\"twitter:data2\" content=\"1 minuto\" \/>\n<script type=\"application\/ld+json\" class=\"yoast-schema-graph\">{\"@context\":\"https:\/\/schema.org\",\"@graph\":[{\"@type\":\"NewsArticle\",\"@id\":\"https:\/\/www.estrategiaconcursos.com.br\/blog\/inss-temporarios-prazo-para-convocacao-e-alterado\/#article\",\"isPartOf\":{\"@id\":\"https:\/\/www.estrategiaconcursos.com.br\/blog\/inss-temporarios-prazo-para-convocacao-e-alterado\/\"},\"author\":{\"name\":\"Tonyvan de Carvalho Oliveira\",\"@id\":\"https:\/\/www.estrategiaconcursos.com.br\/blog\/#\/schema\/person\/fdb84f3b69d6c8fbca00577aa84bcd63\"},\"headline\":\"INSS Tempor\u00e1rios: prazo para convoca\u00e7\u00e3o \u00e9 alterado\",\"datePublished\":\"2020-06-09T12:40:56+00:00\",\"dateModified\":\"2020-06-11T21:42:41+00:00\",\"mainEntityOfPage\":{\"@id\":\"https:\/\/www.estrategiaconcursos.com.br\/blog\/inss-temporarios-prazo-para-convocacao-e-alterado\/\"},\"wordCount\":250,\"commentCount\":0,\"publisher\":{\"@id\":\"https:\/\/www.estrategiaconcursos.com.br\/blog\/#organization\"},\"image\":{\"@id\":\"https:\/\/www.estrategiaconcursos.com.br\/blog\/inss-temporarios-prazo-para-convocacao-e-alterado\/#primaryimage\"},\"thumbnailUrl\":\"https:\/\/dhg1h5j42swfq.cloudfront.net\/2019\/02\/14151433\/Captuinssrar-min.jpg\",\"articleSection\":[\"Concursos P\u00fablicos\"],\"inLanguage\":\"pt-BR\",\"potentialAction\":[{\"@type\":\"CommentAction\",\"name\":\"Comment\",\"target\":[\"https:\/\/www.estrategiaconcursos.com.br\/blog\/inss-temporarios-prazo-para-convocacao-e-alterado\/#respond\"]}],\"copyrightYear\":\"2020\",\"copyrightHolder\":{\"@id\":\"https:\/\/www.estrategiaconcursos.com.br\/blog\/#organization\"}},{\"@type\":\"WebPage\",\"@id\":\"https:\/\/www.estrategiaconcursos.com.br\/blog\/inss-temporarios-prazo-para-convocacao-e-alterado\/\",\"url\":\"https:\/\/www.estrategiaconcursos.com.br\/blog\/inss-temporarios-prazo-para-convocacao-e-alterado\/\",\"name\":\"INSS Tempor\u00e1rios: prazo para convoca\u00e7\u00e3o \u00e9 alterado\",\"isPartOf\":{\"@id\":\"https:\/\/www.estrategiaconcursos.com.br\/blog\/#website\"},\"primaryImageOfPage\":{\"@id\":\"https:\/\/www.estrategiaconcursos.com.br\/blog\/inss-temporarios-prazo-para-convocacao-e-alterado\/#primaryimage\"},\"image\":{\"@id\":\"https:\/\/www.estrategiaconcursos.com.br\/blog\/inss-temporarios-prazo-para-convocacao-e-alterado\/#primaryimage\"},\"thumbnailUrl\":\"https:\/\/dhg1h5j42swfq.cloudfront.net\/2019\/02\/14151433\/Captuinssrar-min.jpg\",\"datePublished\":\"2020-06-09T12:40:56+00:00\",\"dateModified\":\"2020-06-11T21:42:41+00:00\",\"breadcrumb\":{\"@id\":\"https:\/\/www.estrategiaconcursos.com.br\/blog\/inss-temporarios-prazo-para-convocacao-e-alterado\/#breadcrumb\"},\"inLanguage\":\"pt-BR\",\"potentialAction\":[{\"@type\":\"ReadAction\",\"target\":[\"https:\/\/www.estrategiaconcursos.com.br\/blog\/inss-temporarios-prazo-para-convocacao-e-alterado\/\"]}]},{\"@type\":\"ImageObject\",\"inLanguage\":\"pt-BR\",\"@id\":\"https:\/\/www.estrategiaconcursos.com.br\/blog\/inss-temporarios-prazo-para-convocacao-e-alterado\/#primaryimage\",\"url\":\"https:\/\/dhg1h5j42swfq.cloudfront.net\/2019\/02\/14151433\/Captuinssrar-min.jpg\",\"contentUrl\":\"https:\/\/dhg1h5j42swfq.cloudfront.net\/2019\/02\/14151433\/Captuinssrar-min.jpg\",\"width\":1200,\"height\":627,\"caption\":\"Instituto Nacional do Seguro Social\"},{\"@type\":\"BreadcrumbList\",\"@id\":\"https:\/\/www.estrategiaconcursos.com.br\/blog\/inss-temporarios-prazo-para-convocacao-e-alterado\/#breadcrumb\",\"itemListElement\":[{\"@type\":\"ListItem\",\"position\":1,\"name\":\"In\u00edcio\",\"item\":\"https:\/\/www.estrategiaconcursos.com.br\/blog\/\"},{\"@type\":\"ListItem\",\"position\":2,\"name\":\"INSS Tempor\u00e1rios: prazo para convoca\u00e7\u00e3o \u00e9 alterado\"}]},{\"@type\":\"WebSite\",\"@id\":\"https:\/\/www.estrategiaconcursos.com.br\/blog\/#website\",\"url\":\"https:\/\/www.estrategiaconcursos.com.br\/blog\/\",\"name\":\"Estrat\u00e9gia Concursos\",\"description\":\"O blog da Estrat\u00e9gia Concursos traz not\u00edcias sobre concursos e artigos de professores oferecendo cursos para concursos (pdf + videaulas) no site.\",\"publisher\":{\"@id\":\"https:\/\/www.estrategiaconcursos.com.br\/blog\/#organization\"},\"potentialAction\":[{\"@type\":\"SearchAction\",\"target\":{\"@type\":\"EntryPoint\",\"urlTemplate\":\"https:\/\/www.estrategiaconcursos.com.br\/blog\/?s={search_term_string}\"},\"query-input\":{\"@type\":\"PropertyValueSpecification\",\"valueRequired\":true,\"valueName\":\"search_term_string\"}}],\"inLanguage\":\"pt-BR\"},{\"@type\":\"Organization\",\"@id\":\"https:\/\/www.estrategiaconcursos.com.br\/blog\/#organization\",\"name\":\"Estrat\u00e9gia Concursos\",\"url\":\"https:\/\/www.estrategiaconcursos.com.br\/blog\/\",\"logo\":{\"@type\":\"ImageObject\",\"inLanguage\":\"pt-BR\",\"@id\":\"https:\/\/www.estrategiaconcursos.com.br\/blog\/#\/schema\/logo\/image\/\",\"url\":\"https:\/\/dhg1h5j42swfq.cloudfront.net\/2025\/06\/03203428\/logo_concursos-1.jpg\",\"contentUrl\":\"https:\/\/dhg1h5j42swfq.cloudfront.net\/2025\/06\/03203428\/logo_concursos-1.jpg\",\"width\":230,\"height\":60,\"caption\":\"Estrat\u00e9gia Concursos\"},\"image\":{\"@id\":\"https:\/\/www.estrategiaconcursos.com.br\/blog\/#\/schema\/logo\/image\/\"},\"sameAs\":[\"https:\/\/x.com\/EstratConcursos\"]},{\"@type\":\"Person\",\"@id\":\"https:\/\/www.estrategiaconcursos.com.br\/blog\/#\/schema\/person\/fdb84f3b69d6c8fbca00577aa84bcd63\",\"name\":\"Tonyvan de Carvalho Oliveira\",\"image\":{\"@type\":\"ImageObject\",\"inLanguage\":\"pt-BR\",\"@id\":\"https:\/\/secure.gravatar.com\/avatar\/354e898e44074b25275c76829bbd340ca45a4e040cd1bc470f70d6c486a7af8d?s=96&d=mm&r=g\",\"url\":\"https:\/\/secure.gravatar.com\/avatar\/354e898e44074b25275c76829bbd340ca45a4e040cd1bc470f70d6c486a7af8d?s=96&d=mm&r=g\",\"contentUrl\":\"https:\/\/secure.gravatar.com\/avatar\/354e898e44074b25275c76829bbd340ca45a4e040cd1bc470f70d6c486a7af8d?s=96&d=mm&r=g\",\"caption\":\"Tonyvan de Carvalho Oliveira\"},\"url\":\"https:\/\/www.estrategiaconcursos.com.br\/blog\/author\/tonyvan13yahoo-com-br\/\"}]}<\/script>\n<!-- \/ Yoast SEO Premium plugin. -->","yoast_head_json":{"title":"INSS Tempor\u00e1rios: prazo para convoca\u00e7\u00e3o \u00e9 alterado","robots":{"index":"index","follow":"follow","max-snippet":"max-snippet:-1","max-image-preview":"max-image-preview:large","max-video-preview":"max-video-preview:-1"},"canonical":"https:\/\/www.estrategiaconcursos.com.br\/blog\/inss-temporarios-prazo-para-convocacao-e-alterado\/","og_locale":"pt_BR","og_type":"article","og_title":"INSS Tempor\u00e1rios: prazo para convoca\u00e7\u00e3o \u00e9 alterado","og_description":"Foi publicada, no Di\u00e1rio Oficial da Uni\u00e3o, dessa ter\u00e7a-feira, 09 de junho, uma Portaria que altera o cronograma de convoca\u00e7\u00e3o dos grupos E.2 e G.2 a G.8 do Processo Seletivo Simplificado do INSS. Segundo essa nova altera\u00e7\u00e3o, as convoca\u00e7\u00f5es previstas para acontecerem entre 08 e 12 de junho, ser\u00e3o realizadas agora dos dias 10 a [&hellip;]","og_url":"https:\/\/www.estrategiaconcursos.com.br\/blog\/inss-temporarios-prazo-para-convocacao-e-alterado\/","og_site_name":"Estrat\u00e9gia Concursos","article_published_time":"2020-06-09T12:40:56+00:00","article_modified_time":"2020-06-11T21:42:41+00:00","og_image":[{"width":1200,"height":627,"url":"https:\/\/dhg1h5j42swfq.cloudfront.net\/2019\/02\/14151433\/Captuinssrar-min.jpg","type":"image\/jpeg"}],"author":"Tonyvan de Carvalho Oliveira","twitter_card":"summary_large_image","twitter_creator":"@EstratConcursos","twitter_site":"@EstratConcursos","twitter_misc":{"Escrito por":"Tonyvan de Carvalho Oliveira","Est. tempo de leitura":"1 minuto"},"schema":{"@context":"https:\/\/schema.org","@graph":[{"@type":"NewsArticle","@id":"https:\/\/www.estrategiaconcursos.com.br\/blog\/inss-temporarios-prazo-para-convocacao-e-alterado\/#article","isPartOf":{"@id":"https:\/\/www.estrategiaconcursos.com.br\/blog\/inss-temporarios-prazo-para-convocacao-e-alterado\/"},"author":{"name":"Tonyvan de Carvalho Oliveira","@id":"https:\/\/www.estrategiaconcursos.com.br\/blog\/#\/schema\/person\/fdb84f3b69d6c8fbca00577aa84bcd63"},"headline":"INSS Tempor\u00e1rios: prazo para convoca\u00e7\u00e3o \u00e9 alterado","datePublished":"2020-06-09T12:40:56+00:00","dateModified":"2020-06-11T21:42:41+00:00","mainEntityOfPage":{"@id":"https:\/\/www.estrategiaconcursos.com.br\/blog\/inss-temporarios-prazo-para-convocacao-e-alterado\/"},"wordCount":250,"commentCount":0,"publisher":{"@id":"https:\/\/www.estrategiaconcursos.com.br\/blog\/#organization"},"image":{"@id":"https:\/\/www.estrategiaconcursos.com.br\/blog\/inss-temporarios-prazo-para-convocacao-e-alterado\/#primaryimage"},"thumbnailUrl":"https:\/\/dhg1h5j42swfq.cloudfront.net\/2019\/02\/14151433\/Captuinssrar-min.jpg","articleSection":["Concursos P\u00fablicos"],"inLanguage":"pt-BR","potentialAction":[{"@type":"CommentAction","name":"Comment","target":["https:\/\/www.estrategiaconcursos.com.br\/blog\/inss-temporarios-prazo-para-convocacao-e-alterado\/#respond"]}],"copyrightYear":"2020","copyrightHolder":{"@id":"https:\/\/www.estrategiaconcursos.com.br\/blog\/#organization"}},{"@type":"WebPage","@id":"https:\/\/www.estrategiaconcursos.com.br\/blog\/inss-temporarios-prazo-para-convocacao-e-alterado\/","url":"https:\/\/www.estrategiaconcursos.com.br\/blog\/inss-temporarios-prazo-para-convocacao-e-alterado\/","name":"INSS Tempor\u00e1rios: prazo para convoca\u00e7\u00e3o \u00e9 alterado","isPartOf":{"@id":"https:\/\/www.estrategiaconcursos.com.br\/blog\/#website"},"primaryImageOfPage":{"@id":"https:\/\/www.estrategiaconcursos.com.br\/blog\/inss-temporarios-prazo-para-convocacao-e-alterado\/#primaryimage"},"image":{"@id":"https:\/\/www.estrategiaconcursos.com.br\/blog\/inss-temporarios-prazo-para-convocacao-e-alterado\/#primaryimage"},"thumbnailUrl":"https:\/\/dhg1h5j42swfq.cloudfront.net\/2019\/02\/14151433\/Captuinssrar-min.jpg","datePublished":"2020-06-09T12:40:56+00:00","dateModified":"2020-06-11T21:42:41+00:00","breadcrumb":{"@id":"https:\/\/www.estrategiaconcursos.com.br\/blog\/inss-temporarios-prazo-para-convocacao-e-alterado\/#breadcrumb"},"inLanguage":"pt-BR","potentialAction":[{"@type":"ReadAction","target":["https:\/\/www.estrategiaconcursos.com.br\/blog\/inss-temporarios-prazo-para-convocacao-e-alterado\/"]}]},{"@type":"ImageObject","inLanguage":"pt-BR","@id":"https:\/\/www.estrategiaconcursos.com.br\/blog\/inss-temporarios-prazo-para-convocacao-e-alterado\/#primaryimage","url":"https:\/\/dhg1h5j42swfq.cloudfront.net\/2019\/02\/14151433\/Captuinssrar-min.jpg","contentUrl":"https:\/\/dhg1h5j42swfq.cloudfront.net\/2019\/02\/14151433\/Captuinssrar-min.jpg","width":1200,"height":627,"caption":"Instituto Nacional do Seguro Social"},{"@type":"BreadcrumbList","@id":"https:\/\/www.estrategiaconcursos.com.br\/blog\/inss-temporarios-prazo-para-convocacao-e-alterado\/#breadcrumb","itemListElement":[{"@type":"ListItem","position":1,"name":"In\u00edcio","item":"https:\/\/www.estrategiaconcursos.com.br\/blog\/"},{"@type":"ListItem","position":2,"name":"INSS Tempor\u00e1rios: prazo para convoca\u00e7\u00e3o \u00e9 alterado"}]},{"@type":"WebSite","@id":"https:\/\/www.estrategiaconcursos.com.br\/blog\/#website","url":"https:\/\/www.estrategiaconcursos.com.br\/blog\/","name":"Estrat\u00e9gia Concursos","description":"O blog da Estrat\u00e9gia Concursos traz not\u00edcias sobre concursos e artigos de professores oferecendo cursos para concursos (pdf + videaulas) no site.","publisher":{"@id":"https:\/\/www.estrategiaconcursos.com.br\/blog\/#organization"},"potentialAction":[{"@type":"SearchAction","target":{"@type":"EntryPoint","urlTemplate":"https:\/\/www.estrategiaconcursos.com.br\/blog\/?s={search_term_string}"},"query-input":{"@type":"PropertyValueSpecification","valueRequired":true,"valueName":"search_term_string"}}],"inLanguage":"pt-BR"},{"@type":"Organization","@id":"https:\/\/www.estrategiaconcursos.com.br\/blog\/#organization","name":"Estrat\u00e9gia Concursos","url":"https:\/\/www.estrategiaconcursos.com.br\/blog\/","logo":{"@type":"ImageObject","inLanguage":"pt-BR","@id":"https:\/\/www.estrategiaconcursos.com.br\/blog\/#\/schema\/logo\/image\/","url":"https:\/\/dhg1h5j42swfq.cloudfront.net\/2025\/06\/03203428\/logo_concursos-1.jpg","contentUrl":"https:\/\/dhg1h5j42swfq.cloudfront.net\/2025\/06\/03203428\/logo_concursos-1.jpg","width":230,"height":60,"caption":"Estrat\u00e9gia Concursos"},"image":{"@id":"https:\/\/www.estrategiaconcursos.com.br\/blog\/#\/schema\/logo\/image\/"},"sameAs":["https:\/\/x.com\/EstratConcursos"]},{"@type":"Person","@id":"https:\/\/www.estrategiaconcursos.com.br\/blog\/#\/schema\/person\/fdb84f3b69d6c8fbca00577aa84bcd63","name":"Tonyvan de Carvalho Oliveira","image":{"@type":"ImageObject","inLanguage":"pt-BR","@id":"https:\/\/secure.gravatar.com\/avatar\/354e898e44074b25275c76829bbd340ca45a4e040cd1bc470f70d6c486a7af8d?s=96&d=mm&r=g","url":"https:\/\/secure.gravatar.com\/avatar\/354e898e44074b25275c76829bbd340ca45a4e040cd1bc470f70d6c486a7af8d?s=96&d=mm&r=g","contentUrl":"https:\/\/secure.gravatar.com\/avatar\/354e898e44074b25275c76829bbd340ca45a4e040cd1bc470f70d6c486a7af8d?s=96&d=mm&r=g","caption":"Tonyvan de Carvalho Oliveira"},"url":"https:\/\/www.estrategiaconcursos.com.br\/blog\/author\/tonyvan13yahoo-com-br\/"}]}},"_links":{"self":[{"href":"https:\/\/www.estrategiaconcursos.com.br\/blog\/wp-json\/wp\/v2\/posts\/524142","targetHints":{"allow":["GET"]}}],"collection":[{"href":"https:\/\/www.estrategiaconcursos.com.br\/blog\/wp-json\/wp\/v2\/posts"}],"about":[{"href":"https:\/\/www.estrategiaconcursos.com.br\/blog\/wp-json\/wp\/v2\/types\/post"}],"author":[{"embeddable":true,"href":"https:\/\/www.estrategiaconcursos.com.br\/blog\/wp-json\/wp\/v2\/users\/641"}],"replies":[{"embeddable":true,"href":"https:\/\/www.estrategiaconcursos.com.br\/blog\/wp-json\/wp\/v2\/comments?post=524142"}],"version-history":[{"count":5,"href":"https:\/\/www.estrategiaconcursos.com.br\/blog\/wp-json\/wp\/v2\/posts\/524142\/revisions"}],"predecessor-version":[{"id":525940,"href":"https:\/\/www.estrategiaconcursos.com.br\/blog\/wp-json\/wp\/v2\/posts\/524142\/revisions\/525940"}],"wp:featuredmedia":[{"embeddable":true,"href":"https:\/\/www.estrategiaconcursos.com.br\/blog\/wp-json\/wp\/v2\/media\/166149"}],"wp:attachment":[{"href":"https:\/\/www.estrategiaconcursos.com.br\/blog\/wp-json\/wp\/v2\/media?parent=524142"}],"wp:term":[{"taxonomy":"category","embeddable":true,"href":"https:\/\/www.estrategiaconcursos.com.br\/blog\/wp-json\/wp\/v2\/categories?post=524142"},{"taxonomy":"post_tag","embeddable":true,"href":"https:\/\/www.estrategiaconcursos.com.br\/blog\/wp-json\/wp\/v2\/tags?post=524142"},{"taxonomy":"tax_estado","embeddable":true,"href":"https:\/\/www.estrategiaconcursos.com.br\/blog\/wp-json\/wp\/v2\/tax_estado?post=524142"}],"curies":[{"name":"wp","href":"https:\/\/api.w.org\/{rel}","templated":true}]}}