{"id":523503,"date":"2020-07-03T16:15:00","date_gmt":"2020-07-03T19:15:00","guid":{"rendered":"https:\/\/www.estrategiaconcursos.com.br\/blog\/?p=523503"},"modified":"2020-06-26T13:32:42","modified_gmt":"2020-06-26T16:32:42","slug":"lei-aurea-entenda-a-lei-que-colocou-fim-na-escravidao-do-brasil","status":"publish","type":"post","link":"https:\/\/www.estrategiaconcursos.com.br\/blog\/lei-aurea-entenda-a-lei-que-colocou-fim-na-escravidao-do-brasil\/","title":{"rendered":"Lei \u00c1urea: entenda a lei que colocou fim na escravid\u00e3o do Brasil"},"content":{"rendered":"\n<p>A Lei \u00c1urea (Lei Imperial n\u00famero 3.353) foi assinada pela Princesa Isabel no dia 13 de maio de 1888. A partir dessa data, a escravid\u00e3o passou a ser considerada crime e quase 700 mil escravos foram libertados no Brasil. O fim da escravatura foi resultado da intensa batalha dos movimentos abolicionistas, da luta dos movimentos negros e da press\u00e3o inglesa para expandir o mercado de trabalho livre e consumidor na Am\u00e9rica, j\u00e1 que a revolu\u00e7\u00e3o industrial estava em plena ascens\u00e3o e a necessidade de m\u00e3o de obra e consumo era uma prioridade para a corte inglesa.<\/p>\n\n\n\n<p>O fim da servid\u00e3o foi um dos principais fatores da queda da monarquia e fortalecimento do sistema republicado, foi respons\u00e1vel, assim, por estimular os movimentos migrat\u00f3rios da Europa para Brasil, e como consequ\u00eancia, marcar a pluralidade \u00e9tnica existe em nosso pa\u00eds.<\/p>\n\n\n\n<h2 class=\"wp-block-heading\">Contexto hist\u00f3rico da Lei \u00c1urea<\/h2>\n\n\n\n<p>A mobiliza\u00e7\u00e3o pol\u00edtica e popular pressionou a monarquia brasileira a decretar o fim da escravid\u00e3o, que ainda assim foi tardia, sendo o Brasil o \u00faltimo pa\u00eds ocidental a erradicar o trabalho escravo.<\/p>\n\n\n\n<h3 class=\"wp-block-heading\">Fim do tr\u00e1fico negreiro<\/h3>\n\n\n\n<p>A crescente batalha inglesa para p\u00f4r fim ao tr\u00e1fico negreiro fez o Brasil decretar a Lei Eus\u00e9bio de Queir\u00f3s em 1850. Ela proibiu o com\u00e9rcio ultramarino escravos no Brasil e foi importante para iniciar o processo gradual da aboli\u00e7\u00e3o. Al\u00e9m de proporcionar a diminui\u00e7\u00e3o da quantidade de escravos no Brasil, tamb\u00e9m tornou o com\u00e9rcio de escravos cada mais caro. Visto que agora os senhores n\u00e3o podiam mais comprar escravos vindos da \u00c1frica.<\/p>\n\n\n\n<h3 class=\"wp-block-heading\">Escravid\u00e3o incompat\u00edvel com o sistema capitalista<\/h3>\n\n\n\n<p>O final do s\u00e9culo XVIII e in\u00edcio do s\u00e9culo XIX foram marcados pelo come\u00e7o da revolu\u00e7\u00e3o industrial e fortalecimento do modo de produ\u00e7\u00e3o capitalista. O Brasil estava expandindo sua ind\u00fastria, principalmente do setor t\u00eaxtil, e a escravid\u00e3o impedia o crescimento de um mercado consumidor, formado pela m\u00e3o de obra livre. Esses trabalhadores poderiam comprar os produtos que eles mesmos produziam.<\/p>\n\n\n\n<p>Com assinatura da Lei Eus\u00e9bio de Queir\u00f3s, boa parte da elite deixou de investir no com\u00e9rcio de escravos e passou a aplicar seu capital no setor industrial, fato que aumentou ainda mais a necessidade de trabalhadores assalariados.<\/p>\n\n\n\n<h3 class=\"wp-block-heading\">Movimentos abolicionistas<\/h3>\n\n\n\n<p>Os movimentos abolicionistas foram extremamente importantes para a promulga\u00e7\u00e3o da Lei \u00c1urea. Por conta do fortalecimento do processo de industrializa\u00e7\u00e3o, centrado na regi\u00e3o sudeste, eles passaram a ter apoio popular e principalmente uma fonte de financiamento. Podemos dividir esses movimentos em tr\u00eas principais frentes.<\/p>\n\n\n\n<p>A primeira e mais importe era a resist\u00eancia dos pr\u00f3prios escravos, isso porque sempre estavam se rebelando e fugindo das fazendas escravocratas. A fuga era estimulada pelas elites libert\u00e1rias, que ofereciam abrigo e transporte para os escravos. O surgimento dos quilombos foi uma grande marca desses movimentos.<\/p>\n\n\n\n<p>Dentre as frentes libertarias realizadas pelas pessoas livres, temos o movimento jornal\u00edstico, marcado pela lideran\u00e7a dos intelectuais negros Lu\u00eds Gama e Jos\u00e9 do Patroc\u00ednio. E a frente legislativa, que tinha como principal expoente Joaquim&nbsp;Nabuco.<\/p>\n\n\n\n<h3 class=\"wp-block-heading\">Lei do Ventre Livre e Lei do Sexagen\u00e1rio<\/h3>\n\n\n\n<p>Para atender \u00e0 press\u00e3o popular e inglesa, o governo brasileiro deu in\u00edcio ao processo gradual de aboli\u00e7\u00e3o. As duas primeiras leis abolicionistas de fato foram a Lei do Ventre Livre e a Lei dos Sexagen\u00e1rios.<\/p>\n\n\n\n<p>A Lei do Ventre Livre concedia a liberdade, a partir 28 de setembro de 1871, para todos os filhos nascidos de ventre escravo, assim como a Lei dos Sexagen\u00e1rios, que libertou em 1885 os escravos com mais de 60 anos de idade.<\/p>\n\n\n\n<p>Na pr\u00e1tica, contudo, essas duas leis n\u00e3o tiveram muitos efeitos. Uma vez que a Lei do Ventre Livre ainda determinava que os filhos dos escravos deveriam ficar aos cuidados dos senhores at\u00e9 os 21 anos de idade. E a Lei dos Sexagen\u00e1rios, al\u00e9m de exigir duras condi\u00e7\u00f5es, estipulava a idade de 60 anos para a liberdade. A grande maioria dos trabalhadores escravos nem sequer chegavam a essa idade.<\/p>\n\n\n\n<h2 class=\"wp-block-heading\">Texto da Lei \u00c1urea<\/h2>\n\n\n\n<p>A Lei \u00c1urea trouxe um texto curto e direto, vejamos:<\/p>\n\n\n\n<p>&nbsp;&nbsp;&nbsp;&nbsp;&nbsp;&nbsp;&nbsp;&nbsp;&nbsp;&nbsp;&nbsp;&nbsp;&nbsp;&nbsp;&nbsp;&nbsp;&nbsp;&nbsp;&nbsp;&nbsp;&nbsp;&nbsp;&nbsp;&nbsp;&nbsp;&nbsp;&nbsp; <a href=\"http:\/\/legislacao.planalto.gov.br\/legisla\/legislacao.nsf\/Viw_Identificacao\/lim%203.353-1888?OpenDocument\">LEI N\u00ba 3.353, DE 13 DE MAIO DE 1888.<\/a><\/p>\n\n\n\n<p>                                             <em>Declara extinta a escravid\u00e3o no Brasil.<\/em><\/p>\n\n\n\n<p><em>A Princesa Imperial Regente, em nome de Sua Majestade o Imperador, o Senhor D. Pedro II, faz saber a todos os s\u00faditos do Imp\u00e9rio que a Assembl\u00e9ia Geral decretou e ela sancionou a lei seguinte:<\/em><em><\/em><\/p>\n\n\n\n<p><em>Art. 1\u00b0: \u00c9 declarada extincta desde a data desta lei a escravid\u00e3o no Brazil.<\/em><\/p>\n\n\n\n<p><em>Art. 2\u00b0: Revogam-se as disposi\u00e7\u00f5es em contr\u00e1rio.<\/em><\/p>\n\n\n\n<p><em>Manda, portanto, a todas as autoridades, a quem o conhecimento e execu\u00e7\u00e3o da referida Lei pertencer, que a cumpram, e fa\u00e7am cumprir e guardar t\u00e3o inteiramente como nella se cont\u00e9m.<\/em><\/p>\n\n\n\n<p><em>O secret\u00e1rio de Estado dos Neg\u00f3cios da Agricultura, Comercio e Obras Publicas e interino dos Neg\u00f3cios Estrangeiros, Bacharel Rodrigo Augusto da Silva, do Conselho de sua Majestade o Imperador, o fa\u00e7a imprimir, publicar e correr.<\/em><\/p>\n\n\n\n<p><em>Dada no Pal\u00e1cio do Rio de Janeiro, em 13 de maio de 1888, 67\u00ba da Independ\u00eancia e do Imp\u00e9rio.<\/em><\/p>\n\n\n\n<p><em>&nbsp;&nbsp;&nbsp;&nbsp;&nbsp;&nbsp;&nbsp; Princeza Imperial Regente.<\/em><\/p>\n\n\n\n<figure class=\"wp-block-image size-large is-style-default\"><img loading=\"lazy\" decoding=\"async\" width=\"650\" height=\"841\" src=\"https:\/\/dhg1h5j42swfq.cloudfront.net\/2020\/06\/06185157\/carta-lei-aurea.jpg\" alt=\"Carta da Lei \u00c1urea.\" class=\"wp-image-523504\" srcset=\"https:\/\/dhg1h5j42swfq.cloudfront.net\/2020\/06\/06185157\/carta-lei-aurea.jpg 650w, https:\/\/dhg1h5j42swfq.cloudfront.net\/2020\/06\/06185157\/carta-lei-aurea-232x300.jpg 232w, https:\/\/dhg1h5j42swfq.cloudfront.net\/2020\/06\/06185157\/carta-lei-aurea-610x789.jpg 610w\" sizes=\"auto, (max-width: 650px) 100vw, 650px\" \/><figcaption>Carta da Lei \u00c1urea<br \/><strong>InfoEscola: <\/strong>Lei \u00c1rea. Dispon\u00edvel em: &lt;<a href=\"https:\/\/www.infoescola.com\/historia-do-brasil\/lei-aurea\/\">https:\/\/www.infoescola.com\/historia-do-brasil\/lei-aurea\/<\/a>&gt;<\/figcaption><\/figure>\n\n\n\n<h2 class=\"wp-block-heading\">Consequ\u00eancias da Lei \u00c1urea<\/h2>\n\n\n\n<p>A liberta\u00e7\u00e3o dos escravos pela Lei \u00c1urea trouxe diversas consequ\u00eancias para o Brasil, nas esferas pol\u00edticas, sociais e econ\u00f4micas.<\/p>\n\n\n\n<h3 class=\"wp-block-heading\">Situa\u00e7\u00e3o da popula\u00e7\u00e3o negra ap\u00f3s a Lei \u00c1urea<\/h3>\n\n\n\n<p>A Lei \u00c1urea trouxe a liberdade aos escravos, mas isso n\u00e3o significou a garantia da inclus\u00e3o social da popula\u00e7\u00e3o negra. A grande maioria dos negros libertados n\u00e3o possu\u00edam acesso a terras para cultivar, n\u00e3o receberam qualquer tipo de indeniza\u00e7\u00e3o ou amparo do governo e geralmente eram analfabetos que sofriam grande preconceito da sociedade da \u00e9poca. Muitos negros permaneceram, desse modo, nas fazendas, trabalhando em troca do m\u00ednimo para sobreviver ou migraram para as grandes cidades onde ocupavam subempregos na economia informal.<\/p>\n\n\n\n<p>Tudo isso resultou na marginaliza\u00e7\u00e3o dessa popula\u00e7\u00e3o, que at\u00e9 hoje reflete na forma como nossa sociedade \u00e9 formada, deixando consequ\u00eancias que ainda n\u00e3o fomos capazes de consertar. &nbsp;<\/p>\n\n\n\n<h3 class=\"wp-block-heading\">Fim do Imp\u00e9rio<\/h3>\n\n\n\n<p>Ao assinar a Lei \u00c1urea, a Princesa Isabel passou a sofrer oposi\u00e7\u00e3o dos grandes latifundi\u00e1rios, porquanto a elite agr\u00e1ria considerava a aboli\u00e7\u00e3o precipitada e que deveria receber indeniza\u00e7\u00f5es pela liberdade dos escravos (o Brasil foi o \u00faltimo pa\u00eds ocidental a libertar os escravos). Fato que fez com que os republicanos ganhassem cada vez mais for\u00e7a, trazendo uma grande crise para o segundo reinado do imp\u00e9rio.<\/p>\n\n\n\n<p>Assim, apenas um ano e meio ap\u00f3s fim da escravatura, o Marechal Deodoro da Fonseca, em 15 de novembro de 1889, tomou posse como o primeiro presidente do Brasil. Esse foi o marco inicial da Rep\u00fablica velha.<\/p>\n\n\n\n<h3 class=\"wp-block-heading\">Imigra\u00e7\u00e3o europeia<\/h3>\n\n\n\n<p>Mesmo antes da promulga\u00e7\u00e3o da Lei \u00c1urea, o Brasil j\u00e1 era o destino de diversos emigrantes vindos da Europa para trabalhar nas planta\u00e7\u00f5es de caf\u00e9 da regi\u00e3o sudeste do pa\u00eds. Isso foi, portanto, reflexo da proibi\u00e7\u00e3o do tr\u00e1fico de escravos em 1850.<\/p>\n\n\n\n<p>A partir de 1888 o trabalho escravo passou a ser ilegal e esse movimento ficou ainda mais intenso. A vinda de povos de diversas regi\u00f5es do mundo, como os italianos, alem\u00e3es, chineses e japoneses ajudou a enriquecer a diversidade cultural no Brasil, mas foi bastante prejudicial para os ex-escravos, pois aprofundou ainda mais o preconceito e diminuiu as oportunidades de emprego para a popula\u00e7\u00e3o negra.<\/p>\n\n\n\n<h2 class=\"wp-block-heading\">Conclus\u00e3o<\/h2>\n\n\n\n<p>A assinatura da Lei \u00c1urea foi resultado de um processo lento e gradual de aboli\u00e7\u00e3o da escravid\u00e3o. A luta ferrenha dos l\u00edderes negros e dos movimentos abolicionistas foram crucias para esse processo. Al\u00e9m disso, o fortalecimento do sistema capitalista e da industrializa\u00e7\u00e3o colocou o Brasil em uma situa\u00e7\u00e3o que o fim do trabalho escravo era inevit\u00e1vel.<\/p>\n\n\n\n<p>N\u00e3o podemos dizer, contudo, que o fim do escravismo no Brasil partiu de uma conscientiza\u00e7\u00e3o humanit\u00e1ria dos l\u00edderes pol\u00edticos. Os interesses econ\u00f4micos foram marcantes para o processo abolicionista. Isso acabou trazendo consequ\u00eancias que at\u00e9 hoje n\u00e3o foram solucionadas para a popula\u00e7\u00e3o negra do Brasil, pois o fim da servid\u00e3o n\u00e3o foi acompanhado de um projeto de socializa\u00e7\u00e3o, essas pessoas ficaram marginalizadas e vivendo em situa\u00e7\u00e3o de extrema mis\u00e9ria.<\/p>\n\n\n\n<p>                                     <em><strong>Assinatura Anual Ilimitada*<\/strong><\/em><\/p>\n\n\n\n<p><em>Prepare-se com o melhor material e com quem mais aprova em Concursos P\u00fablicos em todo o pa\u00eds. Assine agora a nossa Assinatura Anual e tenha acesso ilimitado* a todos os nossos cursos.<\/em><\/p>\n\n\n\n<p class=\"has-background has-text-align-left has-luminous-vivid-amber-background-color\">                           <strong>ASSINE AGORA<\/strong>&nbsp;\u2013&nbsp;<a rel=\"noreferrer noopener\" href=\"https:\/\/www.estrategiaconcursos.com.br\/assinaturas\" target=\"_blank\"><strong>Assinatura Ilimitada<\/strong><\/a><\/p>\n\n\n\n<p>                               <em><strong>Fique por dentro de todos os concursos<\/strong><\/em>:<\/p>\n\n\n\n<p class=\"has-background has-text-align-left has-light-green-cyan-background-color\">                                          <strong><a rel=\"noreferrer noopener\" href=\"https:\/\/www.estrategiaconcursos.com.br\/blog\/concursos-abertos\/\" target=\"_blank\">Concursos Abertos<\/a><\/strong><\/p>\n\n\n\n<p class=\"has-background has-text-align-left has-light-green-cyan-background-color\">                                             <strong><a rel=\"noreferrer noopener\" href=\"https:\/\/www.estrategiaconcursos.com.br\/blog\/concursos-2020\/\" target=\"_blank\">Concursos 2020<\/a><\/strong><\/p>\n","protected":false},"excerpt":{"rendered":"<p>Entenda as consequ\u00eancias da Lei \u00c1urea, a lei que aboliu a escravid\u00e3o no Brasil e que at\u00e9 hoje reflete na forma\u00e7\u00e3o da popula\u00e7\u00e3o nacional.<\/p>\n","protected":false},"author":1715,"featured_media":531011,"comment_status":"open","ping_status":"closed","sticky":false,"template":"","format":"standard","meta":{"post_tipo":"article","footnotes":""},"categories":[1],"tags":[],"tax_estado":[],"class_list":["post-523503","post","type-post","status-publish","format-standard","has-post-thumbnail","hentry","category-cursos-e-concursos"],"acf":[],"yoast_head":"<!-- This site is optimized with the Yoast SEO Premium plugin v27.2 (Yoast SEO v27.2) - https:\/\/yoast.com\/product\/yoast-seo-premium-wordpress\/ -->\n<title>Lei \u00c1urea: entenda a lei que colocou fim na escravid\u00e3o do Brasil<\/title>\n<meta name=\"description\" content=\"Entenda as consequ\u00eancias da Lei \u00c1urea, a lei que aboliu a escravid\u00e3o no Brasil e que at\u00e9 hoje reflete na forma\u00e7\u00e3o da popula\u00e7\u00e3o nacional.\" \/>\n<meta name=\"robots\" content=\"index, follow, max-snippet:-1, max-image-preview:large, max-video-preview:-1\" \/>\n<link rel=\"canonical\" href=\"https:\/\/www.estrategiaconcursos.com.br\/blog\/lei-aurea-entenda-a-lei-que-colocou-fim-na-escravidao-do-brasil\/\" \/>\n<meta property=\"og:locale\" content=\"pt_BR\" \/>\n<meta property=\"og:type\" content=\"article\" \/>\n<meta property=\"og:title\" content=\"Lei \u00c1urea: entenda a lei que colocou fim na escravid\u00e3o do Brasil\" \/>\n<meta property=\"og:description\" content=\"Entenda as consequ\u00eancias da Lei \u00c1urea, a lei que aboliu a escravid\u00e3o no Brasil e que at\u00e9 hoje reflete na forma\u00e7\u00e3o da popula\u00e7\u00e3o nacional.\" \/>\n<meta property=\"og:url\" content=\"https:\/\/www.estrategiaconcursos.com.br\/blog\/lei-aurea-entenda-a-lei-que-colocou-fim-na-escravidao-do-brasil\/\" \/>\n<meta property=\"og:site_name\" content=\"Estrat\u00e9gia Concursos\" \/>\n<meta property=\"article:published_time\" content=\"2020-07-03T19:15:00+00:00\" \/>\n<meta property=\"og:image\" content=\"https:\/\/dhg1h5j42swfq.cloudfront.net\/2020\/06\/23161113\/carta-lei-aurea-1.jpg\" \/>\n\t<meta property=\"og:image:width\" content=\"650\" \/>\n\t<meta property=\"og:image:height\" content=\"841\" \/>\n\t<meta property=\"og:image:type\" content=\"image\/jpeg\" \/>\n<meta name=\"author\" content=\"Arthur Roberto Lapa de Carvalho Neto\" \/>\n<meta name=\"twitter:card\" content=\"summary_large_image\" \/>\n<meta name=\"twitter:creator\" content=\"@EstratConcursos\" \/>\n<meta name=\"twitter:site\" content=\"@EstratConcursos\" \/>\n<meta name=\"twitter:label1\" content=\"Escrito por\" \/>\n\t<meta name=\"twitter:data1\" content=\"Arthur Roberto Lapa de Carvalho Neto\" \/>\n\t<meta name=\"twitter:label2\" content=\"Est. tempo de leitura\" \/>\n\t<meta name=\"twitter:data2\" content=\"8 minutos\" \/>\n<script type=\"application\/ld+json\" class=\"yoast-schema-graph\">{\"@context\":\"https:\/\/schema.org\",\"@graph\":[{\"@type\":\"NewsArticle\",\"@id\":\"https:\/\/www.estrategiaconcursos.com.br\/blog\/lei-aurea-entenda-a-lei-que-colocou-fim-na-escravidao-do-brasil\/#article\",\"isPartOf\":{\"@id\":\"https:\/\/www.estrategiaconcursos.com.br\/blog\/lei-aurea-entenda-a-lei-que-colocou-fim-na-escravidao-do-brasil\/\"},\"author\":{\"name\":\"Arthur Roberto Lapa de Carvalho Neto\",\"@id\":\"https:\/\/www.estrategiaconcursos.com.br\/blog\/#\/schema\/person\/fb214c45c4796db366ecd6b742514b34\"},\"headline\":\"Lei \u00c1urea: entenda a lei que colocou fim na escravid\u00e3o do Brasil\",\"datePublished\":\"2020-07-03T19:15:00+00:00\",\"mainEntityOfPage\":{\"@id\":\"https:\/\/www.estrategiaconcursos.com.br\/blog\/lei-aurea-entenda-a-lei-que-colocou-fim-na-escravidao-do-brasil\/\"},\"wordCount\":1525,\"commentCount\":0,\"publisher\":{\"@id\":\"https:\/\/www.estrategiaconcursos.com.br\/blog\/#organization\"},\"image\":{\"@id\":\"https:\/\/www.estrategiaconcursos.com.br\/blog\/lei-aurea-entenda-a-lei-que-colocou-fim-na-escravidao-do-brasil\/#primaryimage\"},\"thumbnailUrl\":\"https:\/\/dhg1h5j42swfq.cloudfront.net\/2020\/06\/23161113\/carta-lei-aurea-1.jpg\",\"articleSection\":[\"Concursos P\u00fablicos\"],\"inLanguage\":\"pt-BR\",\"potentialAction\":[{\"@type\":\"CommentAction\",\"name\":\"Comment\",\"target\":[\"https:\/\/www.estrategiaconcursos.com.br\/blog\/lei-aurea-entenda-a-lei-que-colocou-fim-na-escravidao-do-brasil\/#respond\"]}],\"copyrightYear\":\"2020\",\"copyrightHolder\":{\"@id\":\"https:\/\/www.estrategiaconcursos.com.br\/blog\/#organization\"}},{\"@type\":\"WebPage\",\"@id\":\"https:\/\/www.estrategiaconcursos.com.br\/blog\/lei-aurea-entenda-a-lei-que-colocou-fim-na-escravidao-do-brasil\/\",\"url\":\"https:\/\/www.estrategiaconcursos.com.br\/blog\/lei-aurea-entenda-a-lei-que-colocou-fim-na-escravidao-do-brasil\/\",\"name\":\"Lei \u00c1urea: entenda a lei que colocou fim na escravid\u00e3o do Brasil\",\"isPartOf\":{\"@id\":\"https:\/\/www.estrategiaconcursos.com.br\/blog\/#website\"},\"primaryImageOfPage\":{\"@id\":\"https:\/\/www.estrategiaconcursos.com.br\/blog\/lei-aurea-entenda-a-lei-que-colocou-fim-na-escravidao-do-brasil\/#primaryimage\"},\"image\":{\"@id\":\"https:\/\/www.estrategiaconcursos.com.br\/blog\/lei-aurea-entenda-a-lei-que-colocou-fim-na-escravidao-do-brasil\/#primaryimage\"},\"thumbnailUrl\":\"https:\/\/dhg1h5j42swfq.cloudfront.net\/2020\/06\/23161113\/carta-lei-aurea-1.jpg\",\"datePublished\":\"2020-07-03T19:15:00+00:00\",\"description\":\"Entenda as consequ\u00eancias da Lei \u00c1urea, a lei que aboliu a escravid\u00e3o no Brasil e que at\u00e9 hoje reflete na forma\u00e7\u00e3o da popula\u00e7\u00e3o nacional.\",\"breadcrumb\":{\"@id\":\"https:\/\/www.estrategiaconcursos.com.br\/blog\/lei-aurea-entenda-a-lei-que-colocou-fim-na-escravidao-do-brasil\/#breadcrumb\"},\"inLanguage\":\"pt-BR\",\"potentialAction\":[{\"@type\":\"ReadAction\",\"target\":[\"https:\/\/www.estrategiaconcursos.com.br\/blog\/lei-aurea-entenda-a-lei-que-colocou-fim-na-escravidao-do-brasil\/\"]}]},{\"@type\":\"ImageObject\",\"inLanguage\":\"pt-BR\",\"@id\":\"https:\/\/www.estrategiaconcursos.com.br\/blog\/lei-aurea-entenda-a-lei-que-colocou-fim-na-escravidao-do-brasil\/#primaryimage\",\"url\":\"https:\/\/dhg1h5j42swfq.cloudfront.net\/2020\/06\/23161113\/carta-lei-aurea-1.jpg\",\"contentUrl\":\"https:\/\/dhg1h5j42swfq.cloudfront.net\/2020\/06\/23161113\/carta-lei-aurea-1.jpg\",\"width\":650,\"height\":841},{\"@type\":\"BreadcrumbList\",\"@id\":\"https:\/\/www.estrategiaconcursos.com.br\/blog\/lei-aurea-entenda-a-lei-que-colocou-fim-na-escravidao-do-brasil\/#breadcrumb\",\"itemListElement\":[{\"@type\":\"ListItem\",\"position\":1,\"name\":\"In\u00edcio\",\"item\":\"https:\/\/www.estrategiaconcursos.com.br\/blog\/\"},{\"@type\":\"ListItem\",\"position\":2,\"name\":\"Lei \u00c1urea: entenda a lei que colocou fim na escravid\u00e3o do Brasil\"}]},{\"@type\":\"WebSite\",\"@id\":\"https:\/\/www.estrategiaconcursos.com.br\/blog\/#website\",\"url\":\"https:\/\/www.estrategiaconcursos.com.br\/blog\/\",\"name\":\"Estrat\u00e9gia Concursos\",\"description\":\"O blog da Estrat\u00e9gia Concursos traz not\u00edcias sobre concursos e artigos de professores oferecendo cursos para concursos (pdf + videaulas) no site.\",\"publisher\":{\"@id\":\"https:\/\/www.estrategiaconcursos.com.br\/blog\/#organization\"},\"potentialAction\":[{\"@type\":\"SearchAction\",\"target\":{\"@type\":\"EntryPoint\",\"urlTemplate\":\"https:\/\/www.estrategiaconcursos.com.br\/blog\/?s={search_term_string}\"},\"query-input\":{\"@type\":\"PropertyValueSpecification\",\"valueRequired\":true,\"valueName\":\"search_term_string\"}}],\"inLanguage\":\"pt-BR\"},{\"@type\":\"Organization\",\"@id\":\"https:\/\/www.estrategiaconcursos.com.br\/blog\/#organization\",\"name\":\"Estrat\u00e9gia Concursos\",\"url\":\"https:\/\/www.estrategiaconcursos.com.br\/blog\/\",\"logo\":{\"@type\":\"ImageObject\",\"inLanguage\":\"pt-BR\",\"@id\":\"https:\/\/www.estrategiaconcursos.com.br\/blog\/#\/schema\/logo\/image\/\",\"url\":\"https:\/\/dhg1h5j42swfq.cloudfront.net\/2025\/06\/03203428\/logo_concursos-1.jpg\",\"contentUrl\":\"https:\/\/dhg1h5j42swfq.cloudfront.net\/2025\/06\/03203428\/logo_concursos-1.jpg\",\"width\":230,\"height\":60,\"caption\":\"Estrat\u00e9gia Concursos\"},\"image\":{\"@id\":\"https:\/\/www.estrategiaconcursos.com.br\/blog\/#\/schema\/logo\/image\/\"},\"sameAs\":[\"https:\/\/x.com\/EstratConcursos\"]},{\"@type\":\"Person\",\"@id\":\"https:\/\/www.estrategiaconcursos.com.br\/blog\/#\/schema\/person\/fb214c45c4796db366ecd6b742514b34\",\"name\":\"Arthur Roberto Lapa de Carvalho Neto\",\"image\":{\"@type\":\"ImageObject\",\"inLanguage\":\"pt-BR\",\"@id\":\"https:\/\/secure.gravatar.com\/avatar\/fd1bf9c7925646c932111352894c9841236797b28a7f7cdbe1a75ceb3cea67ce?s=96&d=mm&r=g\",\"url\":\"https:\/\/secure.gravatar.com\/avatar\/fd1bf9c7925646c932111352894c9841236797b28a7f7cdbe1a75ceb3cea67ce?s=96&d=mm&r=g\",\"contentUrl\":\"https:\/\/secure.gravatar.com\/avatar\/fd1bf9c7925646c932111352894c9841236797b28a7f7cdbe1a75ceb3cea67ce?s=96&d=mm&r=g\",\"caption\":\"Arthur Roberto Lapa de Carvalho Neto\"},\"url\":\"https:\/\/www.estrategiaconcursos.com.br\/blog\/author\/arthurcarvalhonetohotmail-com\/\"}]}<\/script>\n<!-- \/ Yoast SEO Premium plugin. -->","yoast_head_json":{"title":"Lei \u00c1urea: entenda a lei que colocou fim na escravid\u00e3o do Brasil","description":"Entenda as consequ\u00eancias da Lei \u00c1urea, a lei que aboliu a escravid\u00e3o no Brasil e que at\u00e9 hoje reflete na forma\u00e7\u00e3o da popula\u00e7\u00e3o nacional.","robots":{"index":"index","follow":"follow","max-snippet":"max-snippet:-1","max-image-preview":"max-image-preview:large","max-video-preview":"max-video-preview:-1"},"canonical":"https:\/\/www.estrategiaconcursos.com.br\/blog\/lei-aurea-entenda-a-lei-que-colocou-fim-na-escravidao-do-brasil\/","og_locale":"pt_BR","og_type":"article","og_title":"Lei \u00c1urea: entenda a lei que colocou fim na escravid\u00e3o do Brasil","og_description":"Entenda as consequ\u00eancias da Lei \u00c1urea, a lei que aboliu a escravid\u00e3o no Brasil e que at\u00e9 hoje reflete na forma\u00e7\u00e3o da popula\u00e7\u00e3o nacional.","og_url":"https:\/\/www.estrategiaconcursos.com.br\/blog\/lei-aurea-entenda-a-lei-que-colocou-fim-na-escravidao-do-brasil\/","og_site_name":"Estrat\u00e9gia Concursos","article_published_time":"2020-07-03T19:15:00+00:00","og_image":[{"width":650,"height":841,"url":"https:\/\/dhg1h5j42swfq.cloudfront.net\/2020\/06\/23161113\/carta-lei-aurea-1.jpg","type":"image\/jpeg"}],"author":"Arthur Roberto Lapa de Carvalho Neto","twitter_card":"summary_large_image","twitter_creator":"@EstratConcursos","twitter_site":"@EstratConcursos","twitter_misc":{"Escrito por":"Arthur Roberto Lapa de Carvalho Neto","Est. tempo de leitura":"8 minutos"},"schema":{"@context":"https:\/\/schema.org","@graph":[{"@type":"NewsArticle","@id":"https:\/\/www.estrategiaconcursos.com.br\/blog\/lei-aurea-entenda-a-lei-que-colocou-fim-na-escravidao-do-brasil\/#article","isPartOf":{"@id":"https:\/\/www.estrategiaconcursos.com.br\/blog\/lei-aurea-entenda-a-lei-que-colocou-fim-na-escravidao-do-brasil\/"},"author":{"name":"Arthur Roberto Lapa de Carvalho Neto","@id":"https:\/\/www.estrategiaconcursos.com.br\/blog\/#\/schema\/person\/fb214c45c4796db366ecd6b742514b34"},"headline":"Lei \u00c1urea: entenda a lei que colocou fim na escravid\u00e3o do Brasil","datePublished":"2020-07-03T19:15:00+00:00","mainEntityOfPage":{"@id":"https:\/\/www.estrategiaconcursos.com.br\/blog\/lei-aurea-entenda-a-lei-que-colocou-fim-na-escravidao-do-brasil\/"},"wordCount":1525,"commentCount":0,"publisher":{"@id":"https:\/\/www.estrategiaconcursos.com.br\/blog\/#organization"},"image":{"@id":"https:\/\/www.estrategiaconcursos.com.br\/blog\/lei-aurea-entenda-a-lei-que-colocou-fim-na-escravidao-do-brasil\/#primaryimage"},"thumbnailUrl":"https:\/\/dhg1h5j42swfq.cloudfront.net\/2020\/06\/23161113\/carta-lei-aurea-1.jpg","articleSection":["Concursos P\u00fablicos"],"inLanguage":"pt-BR","potentialAction":[{"@type":"CommentAction","name":"Comment","target":["https:\/\/www.estrategiaconcursos.com.br\/blog\/lei-aurea-entenda-a-lei-que-colocou-fim-na-escravidao-do-brasil\/#respond"]}],"copyrightYear":"2020","copyrightHolder":{"@id":"https:\/\/www.estrategiaconcursos.com.br\/blog\/#organization"}},{"@type":"WebPage","@id":"https:\/\/www.estrategiaconcursos.com.br\/blog\/lei-aurea-entenda-a-lei-que-colocou-fim-na-escravidao-do-brasil\/","url":"https:\/\/www.estrategiaconcursos.com.br\/blog\/lei-aurea-entenda-a-lei-que-colocou-fim-na-escravidao-do-brasil\/","name":"Lei \u00c1urea: entenda a lei que colocou fim na escravid\u00e3o do Brasil","isPartOf":{"@id":"https:\/\/www.estrategiaconcursos.com.br\/blog\/#website"},"primaryImageOfPage":{"@id":"https:\/\/www.estrategiaconcursos.com.br\/blog\/lei-aurea-entenda-a-lei-que-colocou-fim-na-escravidao-do-brasil\/#primaryimage"},"image":{"@id":"https:\/\/www.estrategiaconcursos.com.br\/blog\/lei-aurea-entenda-a-lei-que-colocou-fim-na-escravidao-do-brasil\/#primaryimage"},"thumbnailUrl":"https:\/\/dhg1h5j42swfq.cloudfront.net\/2020\/06\/23161113\/carta-lei-aurea-1.jpg","datePublished":"2020-07-03T19:15:00+00:00","description":"Entenda as consequ\u00eancias da Lei \u00c1urea, a lei que aboliu a escravid\u00e3o no Brasil e que at\u00e9 hoje reflete na forma\u00e7\u00e3o da popula\u00e7\u00e3o nacional.","breadcrumb":{"@id":"https:\/\/www.estrategiaconcursos.com.br\/blog\/lei-aurea-entenda-a-lei-que-colocou-fim-na-escravidao-do-brasil\/#breadcrumb"},"inLanguage":"pt-BR","potentialAction":[{"@type":"ReadAction","target":["https:\/\/www.estrategiaconcursos.com.br\/blog\/lei-aurea-entenda-a-lei-que-colocou-fim-na-escravidao-do-brasil\/"]}]},{"@type":"ImageObject","inLanguage":"pt-BR","@id":"https:\/\/www.estrategiaconcursos.com.br\/blog\/lei-aurea-entenda-a-lei-que-colocou-fim-na-escravidao-do-brasil\/#primaryimage","url":"https:\/\/dhg1h5j42swfq.cloudfront.net\/2020\/06\/23161113\/carta-lei-aurea-1.jpg","contentUrl":"https:\/\/dhg1h5j42swfq.cloudfront.net\/2020\/06\/23161113\/carta-lei-aurea-1.jpg","width":650,"height":841},{"@type":"BreadcrumbList","@id":"https:\/\/www.estrategiaconcursos.com.br\/blog\/lei-aurea-entenda-a-lei-que-colocou-fim-na-escravidao-do-brasil\/#breadcrumb","itemListElement":[{"@type":"ListItem","position":1,"name":"In\u00edcio","item":"https:\/\/www.estrategiaconcursos.com.br\/blog\/"},{"@type":"ListItem","position":2,"name":"Lei \u00c1urea: entenda a lei que colocou fim na escravid\u00e3o do Brasil"}]},{"@type":"WebSite","@id":"https:\/\/www.estrategiaconcursos.com.br\/blog\/#website","url":"https:\/\/www.estrategiaconcursos.com.br\/blog\/","name":"Estrat\u00e9gia Concursos","description":"O blog da Estrat\u00e9gia Concursos traz not\u00edcias sobre concursos e artigos de professores oferecendo cursos para concursos (pdf + videaulas) no site.","publisher":{"@id":"https:\/\/www.estrategiaconcursos.com.br\/blog\/#organization"},"potentialAction":[{"@type":"SearchAction","target":{"@type":"EntryPoint","urlTemplate":"https:\/\/www.estrategiaconcursos.com.br\/blog\/?s={search_term_string}"},"query-input":{"@type":"PropertyValueSpecification","valueRequired":true,"valueName":"search_term_string"}}],"inLanguage":"pt-BR"},{"@type":"Organization","@id":"https:\/\/www.estrategiaconcursos.com.br\/blog\/#organization","name":"Estrat\u00e9gia Concursos","url":"https:\/\/www.estrategiaconcursos.com.br\/blog\/","logo":{"@type":"ImageObject","inLanguage":"pt-BR","@id":"https:\/\/www.estrategiaconcursos.com.br\/blog\/#\/schema\/logo\/image\/","url":"https:\/\/dhg1h5j42swfq.cloudfront.net\/2025\/06\/03203428\/logo_concursos-1.jpg","contentUrl":"https:\/\/dhg1h5j42swfq.cloudfront.net\/2025\/06\/03203428\/logo_concursos-1.jpg","width":230,"height":60,"caption":"Estrat\u00e9gia Concursos"},"image":{"@id":"https:\/\/www.estrategiaconcursos.com.br\/blog\/#\/schema\/logo\/image\/"},"sameAs":["https:\/\/x.com\/EstratConcursos"]},{"@type":"Person","@id":"https:\/\/www.estrategiaconcursos.com.br\/blog\/#\/schema\/person\/fb214c45c4796db366ecd6b742514b34","name":"Arthur Roberto Lapa de Carvalho Neto","image":{"@type":"ImageObject","inLanguage":"pt-BR","@id":"https:\/\/secure.gravatar.com\/avatar\/fd1bf9c7925646c932111352894c9841236797b28a7f7cdbe1a75ceb3cea67ce?s=96&d=mm&r=g","url":"https:\/\/secure.gravatar.com\/avatar\/fd1bf9c7925646c932111352894c9841236797b28a7f7cdbe1a75ceb3cea67ce?s=96&d=mm&r=g","contentUrl":"https:\/\/secure.gravatar.com\/avatar\/fd1bf9c7925646c932111352894c9841236797b28a7f7cdbe1a75ceb3cea67ce?s=96&d=mm&r=g","caption":"Arthur Roberto Lapa de Carvalho Neto"},"url":"https:\/\/www.estrategiaconcursos.com.br\/blog\/author\/arthurcarvalhonetohotmail-com\/"}]}},"_links":{"self":[{"href":"https:\/\/www.estrategiaconcursos.com.br\/blog\/wp-json\/wp\/v2\/posts\/523503","targetHints":{"allow":["GET"]}}],"collection":[{"href":"https:\/\/www.estrategiaconcursos.com.br\/blog\/wp-json\/wp\/v2\/posts"}],"about":[{"href":"https:\/\/www.estrategiaconcursos.com.br\/blog\/wp-json\/wp\/v2\/types\/post"}],"author":[{"embeddable":true,"href":"https:\/\/www.estrategiaconcursos.com.br\/blog\/wp-json\/wp\/v2\/users\/1715"}],"replies":[{"embeddable":true,"href":"https:\/\/www.estrategiaconcursos.com.br\/blog\/wp-json\/wp\/v2\/comments?post=523503"}],"version-history":[{"count":21,"href":"https:\/\/www.estrategiaconcursos.com.br\/blog\/wp-json\/wp\/v2\/posts\/523503\/revisions"}],"predecessor-version":[{"id":533015,"href":"https:\/\/www.estrategiaconcursos.com.br\/blog\/wp-json\/wp\/v2\/posts\/523503\/revisions\/533015"}],"wp:featuredmedia":[{"embeddable":true,"href":"https:\/\/www.estrategiaconcursos.com.br\/blog\/wp-json\/wp\/v2\/media\/531011"}],"wp:attachment":[{"href":"https:\/\/www.estrategiaconcursos.com.br\/blog\/wp-json\/wp\/v2\/media?parent=523503"}],"wp:term":[{"taxonomy":"category","embeddable":true,"href":"https:\/\/www.estrategiaconcursos.com.br\/blog\/wp-json\/wp\/v2\/categories?post=523503"},{"taxonomy":"post_tag","embeddable":true,"href":"https:\/\/www.estrategiaconcursos.com.br\/blog\/wp-json\/wp\/v2\/tags?post=523503"},{"taxonomy":"tax_estado","embeddable":true,"href":"https:\/\/www.estrategiaconcursos.com.br\/blog\/wp-json\/wp\/v2\/tax_estado?post=523503"}],"curies":[{"name":"wp","href":"https:\/\/api.w.org\/{rel}","templated":true}]}}