{"id":523495,"date":"2020-06-26T19:00:00","date_gmt":"2020-06-26T22:00:00","guid":{"rendered":"https:\/\/www.estrategiaconcursos.com.br\/blog\/?p=523495"},"modified":"2024-12-05T22:51:39","modified_gmt":"2024-12-06T01:51:39","slug":"tipos-de-sujeito-aprenda-a-classifica-los-e-como-os-utilizar","status":"publish","type":"post","link":"https:\/\/www.estrategiaconcursos.com.br\/blog\/tipos-de-sujeito-aprenda-a-classifica-los-e-como-os-utilizar\/","title":{"rendered":"Tipos de sujeito: aprenda a classific\u00e1-los e como os utilizar"},"content":{"rendered":"\n<p>Ol\u00e1, queridas e queridos! Tudo certo? Nosso artigo versar\u00e1, mais uma vez, sobre d\u00favidas comuns sobre a l\u00edngua portuguesa. Voc\u00ea sabe quais s\u00e3o os tipos de sujeito e como utiliz\u00e1-los corretamente? Esse ser\u00e1 o nosso tema de hoje. Vamos l\u00e1?<\/p>\n\n\n\n<div class=\"container\" id=\"boxes\">\n  <div class=\"row\">\n\n    <div class=\"col-sm\">\n      <div class=\"banner-estrat-corj\" id=\"box-assinatura\">\n        <h3 class=\"titulo-assinatura\" style=\"text-align: left;\">Cursos para Concursos<\/h3>\n        <p class=\"subtitulo-assinatura\" style=\"text-align: left;\">Conhe\u00e7a os cursos<\/p>\n        <div class=\"box-botao\" style=\"text-align: left;\">\n          <a class=\"btn-assinatura\" target=\"_blank\" href=\"https:\/\/www.estrategiaconcursos.com.br\/cursos\/concurso\/\" role=\"button\" rel=\"noopener noreferrer\">CLIQUE AQUI<\/a>\n        <\/div>\n      <\/div><\/div><\/div><\/div>\n\n\n\n<h2 class=\"wp-block-heading\" id=\"h-o-que-e-sujeito\">O que \u00e9 sujeito?<\/h2>\n\n\n\n<p>O <a href=\"https:\/\/www.estrategiaconcursos.com.br\/blog\/sujeito\/\" target=\"_blank\" rel=\"noreferrer noopener\">sujeito<\/a> \u00e9 um dos dois componentes dos termos essenciais da ora\u00e7\u00e3o: sujeito e predicado. As ora\u00e7\u00f5es s\u00e3o estruturadas em volta desses dois termos: o sujeito \u00e9 o elemento que estabelece a rela\u00e7\u00e3o de concord\u00e2ncia com o verbo. O predicado \u00e9 tudo aquilo na frase al\u00e9m do sujeito, tudo o que resta quando o retiramos.<\/p>\n\n\n\n<p>Sujeito \u00e9 aquele sobre o qual, dentro de uma ora\u00e7\u00e3o, se declara algo. O predicado \u00e9 o que se declara sobre o sujeito. Vejamos um exemplo:<\/p>\n\n\n\n<ul class=\"wp-block-list\">\n<li><em>O rapaz de bon\u00e9 azul estava atravessando a rua quando olhou para o lado e viu seu pai.<\/em><\/li>\n<\/ul>\n\n\n\n<p>Sobre quem estamos declarando algo nessa frase? Sobre \u201co rapaz de bon\u00e9 azul\u201d. Dessa forma, esse \u00e9 o sujeito. Tudo aquilo que n\u00e3o \u00e9 sujeito, \u00e9 predicado. Assim, o predicado \u00e9 \u201cestava atravessando a rua quando olhou para o lado e viu seu pai\u201d.<\/p>\n\n\n\n<h2 class=\"wp-block-heading\" id=\"h-nucleo-do-sujeito\">N\u00facleo do sujeito<\/h2>\n\n\n\n<p>Para entrarmos nos tipos de sujeito, \u00e9 necess\u00e1rio que tenhamos conhecimento sobre o n\u00facleo do sujeito. O n\u00facleo \u00e9 aquela palavra que possui maior import\u00e2ncia\/for\u00e7a dentro do sujeito. Voltando ao exemplo acima, em que o sujeito era \u201co rapaz de bon\u00e9 azul\u201d, qual voc\u00ea pensa ser o n\u00facleo? Exato, \u201crapaz\u201d!<\/p>\n\n\n\n<p>Sabemos que se tratava de um exemplo simples, em que o n\u00facleo do sujeito poderia ser detectado com facilidade. H\u00e1 casos mais robustos, em que a rela\u00e7\u00e3o de import\u00e2ncia entre o n\u00facleo e os demais termos do sujeito n\u00e3o fica t\u00e3o clara.<\/p>\n\n\n\n<p>Entretanto, em provas de concurso, n\u00e3o \u00e9 costumeiro que exemplos complicados de sujeito sejam utilizados. Isso acontece porque pode haver uma certa subjetividade na defini\u00e7\u00e3o do n\u00facleo, o que n\u00e3o \u00e9 desejado pelas bancas.<\/p>\n\n\n\n<h2 class=\"wp-block-heading\" id=\"h-tipos-de-sujeito\">Tipos de sujeito<\/h2>\n\n\n\n<p>Chegamos ao tema principal de nosso artigo: os tipos de sujeito. Nesse t\u00f3pico, iremos somente cit\u00e1-los e, logo \u00e0 frente, iremos trazer suas caracter\u00edsticas e algumas peculiaridades:<\/p>\n\n\n\n<ul class=\"wp-block-list\">\n<li>Simples<\/li>\n\n\n\n<li>Composto<\/li>\n\n\n\n<li>Oculto<\/li>\n\n\n\n<li>Indeterminado<\/li>\n\n\n\n<li>Inexistente<\/li>\n<\/ul>\n\n\n\n<h3 class=\"wp-block-heading\" id=\"h-sujeito-simples\">Sujeito simples<\/h3>\n\n\n\n<p>Trata-se do sujeito que possui somente um n\u00facleo. \u00c9 muito comum que muitos pensem que o sujeito simples \u00e9 aquele composto por somente uma palavra. N\u00e3o caia nessa pegadinha, porque \u00e9 algo costumeiro em provas. Em nosso exemplo, o sujeito \u201co rapaz de bon\u00e9 azul\u201d \u00e9 simples, j\u00e1 que possui somente um n\u00facleo: \u201crapaz\u201d.<\/p>\n\n\n\n<p>Mesmo se tratando do tipo de sujeito mais utilizado no dia a dia, \u00e9 aquele que possui as maiores peculiaridades. Tais peculiaridades s\u00e3o relacionadas \u00e0 concord\u00e2ncia entre o sujeito e o verbo. H\u00e1 de existir uma correla\u00e7\u00e3o de n\u00famero, singular ou plural, e pessoa entre ambos. No exemplo apresentado, o sujeito realiza duas a\u00e7\u00f5es.<\/p>\n\n\n\n<p>Primeiro, \u201cestava atravessando\u201d, que \u00e9 uma locu\u00e7\u00e3o verbal. S\u00e3o dois verbos que remetem a uma \u00fanica ideia de a\u00e7\u00e3o. Em um segundo momento, \u201cviu\u201d, verbo simples. Ambos est\u00e3o no singular para concordar com o grau unit\u00e1rio do sujeito.<\/p>\n\n\n\n<h3 class=\"wp-block-heading\" id=\"h-sujeito-composto\">Sujeito Composto<\/h3>\n\n\n\n<p>Sujeito composto \u00e9 aquele que possui dois ou mais n\u00facleos. Fique atento, pois estamos falando de n\u00facleos e n\u00e3o de palavras.<\/p>\n\n\n\n<ul class=\"wp-block-list\">\n<li><em>Pedro e Maria fizeram a prova juntos e foram aprovados. <\/em>-> Sujeito: Pedro e Maria.<\/li>\n<\/ul>\n\n\n\n<p>No exemplo acima temos dois n\u00facleos: primeiro, Pedro, e segundo, Maria. Dessa forma, estamos diante de um sujeito composto. Em rela\u00e7\u00e3o \u00e0 concord\u00e2ncia verbal dos sujeitos compostos, h\u00e1 duas poss\u00edveis situa\u00e7\u00f5es.<\/p>\n\n\n\n<h4 class=\"wp-block-heading\" id=\"h-1-frase-na-ordem-direta\">1) Frase na ordem direta<\/h4>\n\n\n\n<p>A frase est\u00e1 na ordem direta quando temos a seguinte sequ\u00eancia:<\/p>\n\n\n\n<figure class=\"wp-block-image aligncenter size-large\"><img loading=\"lazy\" decoding=\"async\" width=\"770\" height=\"89\" src=\"https:\/\/dhg1h5j42swfq.cloudfront.net\/2020\/06\/06164543\/Ordem-direta.png\" alt=\"tipos de sujeito: ordem direta\" class=\"wp-image-523498\" srcset=\"https:\/\/dhg1h5j42swfq.cloudfront.net\/2020\/06\/06164543\/Ordem-direta.png 770w, https:\/\/dhg1h5j42swfq.cloudfront.net\/2020\/06\/06164543\/Ordem-direta-300x35.png 300w, https:\/\/dhg1h5j42swfq.cloudfront.net\/2020\/06\/06164543\/Ordem-direta-768x89.png 768w, https:\/\/dhg1h5j42swfq.cloudfront.net\/2020\/06\/06164543\/Ordem-direta-610x71.png 610w\" sizes=\"auto, (max-width: 770px) 100vw, 770px\" \/><figcaption class=\"wp-element-caption\">Ordem direta<\/figcaption><\/figure>\n\n\n\n<p>Quando o sujeito composto estiver disposto em uma frase na ordem direta, o verbo sempre deve se flexionar no plural. &nbsp;<\/p>\n\n\n\n<ul class=\"wp-block-list\">\n<li><em>O projeto e a lei <strong>h\u00e3o<\/strong> de ser revistos.<\/em><\/li>\n<\/ul>\n\n\n\n<p>Sujeito: O projeto e a lei. N\u00facleos: projeto, lei.<\/p>\n\n\n\n<h4 class=\"wp-block-heading\" id=\"h-2-frase-na-ordem-indireta\">2) Frase na ordem indireta<\/h4>\n\n\n\n<p>A ordem indireta \u00e9 o oposto da direta. Qualquer ordem que n\u00e3o seja a descrita acima (Sujeito -&gt; Verbo -&gt; Complemento) classifica-se como ordem indireta. Nesse caso, h\u00e1 duas op\u00e7\u00f5es para a concord\u00e2ncia: plural, como na direta, ou referindo-se ao n\u00facleo mais pr\u00f3ximo ao verbo.<\/p>\n\n\n\n<ul class=\"wp-block-list\">\n<li><strong><em>H\u00e3o<\/em><\/strong><em> de ser <strong>revistos<\/strong> <strong><u>o projeto e a lei.<\/u><\/strong><\/em> \/ <strong><em>H\u00e1<\/em><\/strong><em> de ser <strong>revisto<\/strong> o <strong><u>projeto<\/u><\/strong> e a lei.<\/em><\/li>\n<\/ul>\n\n\n\n<p>Na primeira frase, o verbo se flexiona no plural. J\u00e1 no segundo caso, o verbo concorda somente com o n\u00facleo mais pr\u00f3ximo, que no caso \u00e9 \u201cprojeto\u201d. Vale notar que mesmo a concord\u00e2ncia sendo realizada, no segundo caso, somente com o termo mais pr\u00f3ximo ao verbo, o sentido \u00e9 o mesmo do primeiro caso, onde a concord\u00e2ncia \u00e9 realizada no plural.<\/p>\n\n\n\n<p>Dessa forma, em ambas as frases, o projeto e a lei necessitam ser revistos.<\/p>\n\n\n\n<h3 class=\"wp-block-heading\" id=\"h-sujeito-oculto\">Sujeito Oculto<\/h3>\n\n\n\n<p>Sujeito oculto ou el\u00edptico \u00e9 aquele que n\u00e3o est\u00e1 vis\u00edvel na frase, mas que pode ser identificado pelo contexto. Dessa forma, o sujeito existe, consegue ser identificado, mas n\u00e3o est\u00e1 expresso na ora\u00e7\u00e3o.<\/p>\n\n\n\n<ul class=\"wp-block-list\">\n<li><em>Comi um lanche ontem. <\/em>-> Sujeito: Eu.<\/li>\n<\/ul>\n\n\n\n<ul class=\"wp-block-list\">\n<li><em>Entendeste a ideia do projeto.<\/em> -> Sujeito: Tu.<\/li>\n<\/ul>\n\n\n\n<ul class=\"wp-block-list\">\n<li><em>Passamos pela sua casa no domingo.<\/em> -> Sujeito: N\u00f3s.<\/li>\n<\/ul>\n\n\n\n<h3 class=\"wp-block-heading\" id=\"h-sujeito-indeterminado\">Sujeito Indeterminado<\/h3>\n\n\n\n<p>Enquanto o sujeito oculto \u00e9 aquele que existe e pode ser determinado pelo contexto, o indeterminado tamb\u00e9m existe, por\u00e9m, n\u00e3o consegue ser determinado.<\/p>\n\n\n\n<p>H\u00e1 tr\u00eas casos em que podemos encontrar o sujeito indeterminado:<\/p>\n\n\n\n<h4 class=\"wp-block-heading\" id=\"h-1-verbo-flexionado-na-3\u00aa-pessoa-do-plural\">1) Verbo flexionado na 3\u00aa pessoa do plural<\/h4>\n\n\n\n<p>Esse \u00e9 o caso mais popular de sujeito indeterminado. H\u00e1 a flex\u00e3o do verbo na 3\u00aa pessoa do plural, sem que exista um referente citado anteriormente.<\/p>\n\n\n\n<ul class=\"wp-block-list\">\n<li><strong><em>Falaram<\/em><\/strong><em> que a prova ser\u00e1 muito dif\u00edcil.<\/em><\/li>\n<\/ul>\n\n\n\n<ul class=\"wp-block-list\">\n<li><strong><em>Trouxeram<\/em><\/strong><em> uma apostila muito boa de estudos.<\/em><\/li>\n<\/ul>\n\n\n\n<p>Nesse caso, o verbo est\u00e1 conjugado em rela\u00e7\u00e3o ao referente eles\/elas, por\u00e9m, n\u00e3o existe a certeza de que o real sujeito realmente seja \u201celes\/elas\u201d. Explicamos: em ambas as frases, n\u00e3o \u00e9 poss\u00edvel saber se mais de uma pessoa realizaram as a\u00e7\u00f5es de \u201cfalar\u201d ou \u201ctrazer\u201d.<\/p>\n\n\n\n<p>\u00c9 poss\u00edvel que mais de uma pessoa, ou seja, eles\/elas, tenha realizado as a\u00e7\u00f5es ou pode ser que tenha sido uma \u00fanica pessoa. Dessa forma, n\u00e3o \u00e9 poss\u00edvel determinar o sujeito, j\u00e1 que n\u00e3o possui um referente e tamb\u00e9m n\u00e3o possibilita uma an\u00e1lise de seu n\u00famero: est\u00e1 no plural, mas n\u00e3o sabemos se o sujeito realmente \u00e9 plural.<\/p>\n\n\n\n<h4 class=\"wp-block-heading\" id=\"h-2-verbo-seguido-do-pronome-se\">2) Verbo seguido do pronome &#8220;se&#8221;<\/h4>\n\n\n\n<p>Esse \u00e9 um caso muito peculiar, em que o pronome \u201cse\u201d atua como \u00edndice de indetermina\u00e7\u00e3o do sujeito. Essa forma ocorre com verbos que n\u00e3o s\u00e3o complementados por objeto direto: verbos intransitivos, transitivos indiretos e de liga\u00e7\u00e3o. \u00c9 uma obrigatoriedade que o verbo esteja flexionado na terceira pessoa do singular. Vejamos os exemplos:<\/p>\n\n\n\n<ul class=\"wp-block-list\">\n<li>Necessita-<strong>se<\/strong> de uma ajuda do professor para a resolu\u00e7\u00e3o do exerc\u00edcio. (Verbo transitivo indireto)<\/li>\n<\/ul>\n\n\n\n<ul class=\"wp-block-list\">\n<li>Vive-<strong>se<\/strong> plenamente em momentos de clareza. (Verbo intransitivo)<\/li>\n<\/ul>\n\n\n\n<ul class=\"wp-block-list\">\n<li>Nas provas, sempre <strong>se<\/strong> fica preocupado. (Verbo de liga\u00e7\u00e3o)<\/li>\n<\/ul>\n\n\n\n<p>O caso do verbo transitivo indireto \u00e9 o preferido pelas bancas em provas de concursos. Costumeiramente, as bancas colocam um termo plural ap\u00f3s o verbo e tamb\u00e9m flexionam o verbo transitivo indireto no plural. Segue o exemplo abaixo, adaptado da primeira frase dos exemplos acima:<\/p>\n\n\n\n<ul class=\"wp-block-list\">\n<li>Necessita-se de algumas ajudas do professor para a resolu\u00e7\u00e3o do exerc\u00edcio -> <strong>Correto.<\/strong><\/li>\n<\/ul>\n\n\n\n<ul class=\"wp-block-list\">\n<li>Necessitam-se de algumas ajudas do professor para a resolu\u00e7\u00e3o do exerc\u00edcio -> <strong>Errado.<\/strong><\/li>\n<\/ul>\n\n\n\n<h4 class=\"wp-block-heading\" id=\"h-3-verbo-impessoal-no-modo-infinitivo\">3) Verbo impessoal no modo infinitivo<\/h4>\n\n\n\n<p>Nesse caso, os exemplos s\u00e3o a melhor maneira de demonstrar a impossibilidade em determinar o sujeito.<\/p>\n\n\n\n<ul class=\"wp-block-list\">\n<li><em>Era muito dif\u00edcil <strong>passar<\/strong> os finais de semana estudando.<\/em><\/li>\n<\/ul>\n\n\n\n<ul class=\"wp-block-list\">\n<li><strong><em>Ter<\/em><\/strong><em> um pensamento cr\u00edtico \u00e9 essencial \u00e0 evolu\u00e7\u00e3o.<\/em><\/li>\n<\/ul>\n\n\n\n<h3 class=\"wp-block-heading\" id=\"h-sujeito-inexistente\">Sujeito inexistente<\/h3>\n\n\n\n<p>O sujeito inexistente tamb\u00e9m \u00e9 conhecido como ora\u00e7\u00e3o sem sujeito. Como trouxemos no in\u00edcio do texto: os termos essenciais da ora\u00e7\u00e3o s\u00e3o o sujeito e o predicado. Como n\u00e3o h\u00e1 sujeito, a ora\u00e7\u00e3o \u00e9 composta somente por predicado. H\u00e1 tr\u00eas casos cl\u00e1ssicos em que isso acontece, vejamos abaixo:<\/p>\n\n\n\n<h4 class=\"wp-block-heading\" id=\"h-1-verbos-que-indicam-fenomenos-da-natureza\">1) Verbos que indicam fen\u00f4menos da natureza<\/h4>\n\n\n\n<ul class=\"wp-block-list\">\n<li><strong><em>Choveu<\/em><\/strong><em> muito ontem \u00e0 noite.<\/em><\/li>\n<\/ul>\n\n\n\n<ul class=\"wp-block-list\">\n<li><strong><em>Amanheceu<\/em><\/strong><em> de maneira esplendorosa.<\/em><\/li>\n<\/ul>\n\n\n\n<p>Uma observa\u00e7\u00e3o importante \u00e9 que, quando esses verbos, que indicam fen\u00f4menos da natureza, s\u00e3o utilizados de maneira figurada, o sujeito existe e h\u00e1 concord\u00e2ncia com o verbo.<\/p>\n\n\n\n<ul class=\"wp-block-list\">\n<li><em>O <strong>clima<\/strong> da turma <strong>esquentou<\/strong> com certas acusa\u00e7\u00f5es. <\/em>Sujeito -> clima.<\/li>\n<\/ul>\n\n\n\n<ul class=\"wp-block-list\">\n<li><strong><em>Choveram<\/em><\/strong><em> <strong>recursos<\/strong> naquela prova. <\/em>Sujeito -> recursos.<\/li>\n<\/ul>\n\n\n\n<h4 class=\"wp-block-heading\" id=\"h-2-verbos-que-indicam-fenomenos-meteorologicos-e-tempo-decorrido\">2) Verbos que indicam fen\u00f4menos meteorol\u00f3gicos e tempo decorrido<\/h4>\n\n\n\n<ul class=\"wp-block-list\">\n<li><strong><em>Faz<\/em><\/strong><em> tr\u00eas horas que o \u00f4nibus passou.<\/em><\/li>\n<\/ul>\n\n\n\n<ul class=\"wp-block-list\">\n<li><strong><em>Est\u00e1<\/em><\/strong><em> muito tarde!<\/em><\/li>\n<\/ul>\n\n\n\n<ul class=\"wp-block-list\">\n<li><strong><em>H\u00e1<\/em><\/strong><em> tempos n\u00e3o <strong>fazia<\/strong> tanto calor.<\/em><\/li>\n<\/ul>\n\n\n\n<ul class=\"wp-block-list\">\n<li><strong><em>Faz <\/em><\/strong><em>calor durante o dia e frio durante a noite.<\/em><\/li>\n<\/ul>\n\n\n\n<h4 class=\"wp-block-heading\" id=\"h-3-verbo-haver-no-sentido-de-existir-e-acontecer\">3) Verbo haver no sentido de existir e acontecer<\/h4>\n\n\n\n<ul class=\"wp-block-list\">\n<li><strong><em>Houve<\/em><\/strong><em> um acidente na avenida no per\u00edodo da noite.<\/em><\/li>\n<\/ul>\n\n\n\n<ul class=\"wp-block-list\">\n<li><strong><em>Havia<\/em><\/strong><em> muitos computadores para serem comprados.<\/em><\/li>\n<\/ul>\n\n\n\n<p>Nos casos de sujeito inexistente, aquele candidato que \u201cpergunta\u201d para o verbo quem \u00e9 o autor da a\u00e7\u00e3o, encontra uma resposta errada. Isso acontece porque, em muitos casos, o verbo consegue \u201cresponder\u201d.<\/p>\n\n\n\n<p>Entretanto, essa \u201cresposta\u201d do verbo \u00e9 err\u00f4nea, tendo em vista que s\u00e3o casos classificados como ora\u00e7\u00e3o sem sujeito. Dessa forma, \u00e9 necess\u00e1rio ter esses tr\u00eas casos bem sedimentados e lev\u00e1-los para a prova.<\/p>\n\n\n\n<h2 class=\"wp-block-heading\" id=\"h-tipos-de-sujeito-conclusao\">Tipos de sujeito: conclus\u00e3o<\/h2>\n\n\n\n<p>O objetivo foi apresentar todos os tipos de sujeito existentes na l\u00edngua portuguesa, trazendo muitos exemplos. \u00c9 um tema que sempre est\u00e1 presente nas provas de portugu\u00eas: faz-se essencial que a parte conceitual esteja clara e que sejam realizadas muitas quest\u00f5es. Desejo \u00f3timos estudos a todos e um grande abra\u00e7o!<\/p>\n\n\n\n<p class=\"has-text-align-center has-luminous-vivid-amber-background-color has-background\" style=\"font-size:clamp(14.642px, 0.915rem + ((1vw - 3.2px) * 0.721), 22px);px\"><strong><a href=\"https:\/\/www.estrategiaconcursos.com.br\/pesquisa\/?q=portugu\u00eas\" target=\"_blank\" rel=\"noreferrer noopener\">Cursos de Portugu\u00ea<\/a><\/strong><a href=\"https:\/\/www.estrategiaconcursos.com.br\/pesquisa\/?q=direito+tribut\u00e1rio\" target=\"_blank\" rel=\"noreferrer noopener\"><strong>s<\/strong>\u00a0<\/a><\/p>\n\n\n\n<p class=\"has-text-align-center has-white-color has-vivid-purple-background-color has-text-color has-background\"><a href=\"https:\/\/www.estrategiaconcursos.com.br\/blog\/concursos-abertos\/\" target=\"_blank\" rel=\"noreferrer noopener\"><strong><span class=\"has-inline-color has-white-color\">Concursos abertos<\/span><\/strong><\/a><\/p>\n\n\n\n<p class=\"has-text-align-center has-white-color has-vivid-purple-background-color has-text-color has-background\"><strong><a href=\"https:\/\/www.estrategiaconcursos.com.br\/blog\/concursos-2025\/\" target=\"_blank\" rel=\"noreferrer noopener\"><span class=\"has-inline-color has-white-color\">Concursos 2025<\/span><\/a><\/strong><\/p>\n\n\n\n<div class=\"container\" id=\"boxes\">\n  <div class=\"row\">\n    <div class=\"col-sm\">\n      <div class=\"estrategia\" id=\"box-assinatura\">\n        <h3 class=\"titulo-assinatura\">Assinatura de Concursos<\/h3>\n        <p class=\"subtitulo-assinatura\">Assinatura de 1 ano ou 2 anos<\/p>\n        <div class=\"box-botao\">\n          <a class=\"btn-assinatura\" target=\"_blank\" href=\"https:\/\/www.estrategiaconcursos.com.br\/assinaturas\/\" role=\"button\" rel=\"noopener noreferrer\">ASSINE AGORA<\/a>\n        <\/div>\n      <\/div>\n      \n    <\/div><\/div><\/div>\n","protected":false},"excerpt":{"rendered":"<p>Ol\u00e1, queridas e queridos! Tudo certo? Nosso artigo versar\u00e1, mais uma vez, sobre d\u00favidas comuns sobre a l\u00edngua portuguesa. Voc\u00ea sabe quais s\u00e3o os tipos de sujeito e como utiliz\u00e1-los corretamente? Esse ser\u00e1 o nosso tema de hoje. Vamos l\u00e1? Cursos para Concursos Conhe\u00e7a os cursos CLIQUE AQUI O que \u00e9 sujeito? O sujeito \u00e9 [&hellip;]<\/p>\n","protected":false},"author":1,"featured_media":402775,"comment_status":"open","ping_status":"closed","sticky":false,"template":"","format":"standard","meta":{"post_tipo":"article","footnotes":""},"categories":[1],"tags":[194554,194544,194548,194551,194552,194549,194553,194550,194547,194545,194546],"tax_estado":[],"class_list":["post-523495","post","type-post","status-publish","format-standard","has-post-thumbnail","hentry","category-cursos-e-concursos","tag-oracao-sem-sujeito","tag-sujeito","tag-sujeito-composto","tag-sujeito-determinado","tag-sujeito-eliptico","tag-sujeito-indeterminado","tag-sujeito-inexistente","tag-sujeito-oculto","tag-sujeito-simples","tag-tipos-de-sujeito","tag-tipos-de-sujeitos"],"acf":[],"yoast_head":"<!-- This site is optimized with the Yoast SEO Premium plugin v27.2 (Yoast SEO v27.2) - https:\/\/yoast.com\/product\/yoast-seo-premium-wordpress\/ -->\n<title>Tipos de sujeito: aprenda a classific\u00e1-los e como os utilizar<\/title>\n<meta name=\"description\" content=\"Quer conhecer todos os tipos de sujeito e saber como os utilizar nas frases? Leia nosso artigo e ganhe tranquilidade nesse tema!\" \/>\n<meta name=\"robots\" content=\"index, follow, max-snippet:-1, max-image-preview:large, max-video-preview:-1\" \/>\n<link rel=\"canonical\" href=\"https:\/\/www.estrategiaconcursos.com.br\/blog\/tipos-de-sujeito-aprenda-a-classifica-los-e-como-os-utilizar\/\" \/>\n<meta property=\"og:locale\" content=\"pt_BR\" \/>\n<meta property=\"og:type\" content=\"article\" \/>\n<meta property=\"og:title\" content=\"Tipos de sujeito: aprenda a classific\u00e1-los e como os utilizar\" \/>\n<meta property=\"og:description\" content=\"Quer conhecer todos os tipos de sujeito e saber como os utilizar nas frases? Leia nosso artigo e ganhe tranquilidade nesse tema!\" \/>\n<meta property=\"og:url\" content=\"https:\/\/www.estrategiaconcursos.com.br\/blog\/tipos-de-sujeito-aprenda-a-classifica-los-e-como-os-utilizar\/\" \/>\n<meta property=\"og:site_name\" content=\"Estrat\u00e9gia Concursos\" \/>\n<meta property=\"article:author\" content=\"https:\/\/www.facebook.com\/EstrategiaConcursos\" \/>\n<meta property=\"article:published_time\" content=\"2020-06-26T22:00:00+00:00\" \/>\n<meta property=\"article:modified_time\" content=\"2024-12-06T01:51:39+00:00\" \/>\n<meta property=\"og:image\" content=\"https:\/\/dhg1h5j42swfq.cloudfront.net\/2019\/07\/25165614\/estudar3.jpg\" \/>\n\t<meta property=\"og:image:width\" content=\"1360\" \/>\n\t<meta property=\"og:image:height\" content=\"907\" \/>\n\t<meta property=\"og:image:type\" content=\"image\/jpeg\" \/>\n<meta name=\"author\" content=\"Coordena\u00e7\u00e3o\" \/>\n<meta name=\"twitter:card\" content=\"summary_large_image\" \/>\n<meta name=\"twitter:creator\" content=\"@EstratConcursos\" \/>\n<meta name=\"twitter:site\" content=\"@EstratConcursos\" \/>\n<meta name=\"twitter:label1\" content=\"Escrito por\" \/>\n\t<meta name=\"twitter:data1\" content=\"Coordena\u00e7\u00e3o\" \/>\n\t<meta name=\"twitter:label2\" content=\"Est. tempo de leitura\" \/>\n\t<meta name=\"twitter:data2\" content=\"8 minutos\" \/>\n<script type=\"application\/ld+json\" class=\"yoast-schema-graph\">{\"@context\":\"https:\/\/schema.org\",\"@graph\":[{\"@type\":\"NewsArticle\",\"@id\":\"https:\/\/www.estrategiaconcursos.com.br\/blog\/tipos-de-sujeito-aprenda-a-classifica-los-e-como-os-utilizar\/#article\",\"isPartOf\":{\"@id\":\"https:\/\/www.estrategiaconcursos.com.br\/blog\/tipos-de-sujeito-aprenda-a-classifica-los-e-como-os-utilizar\/\"},\"author\":{\"name\":\"Coordena\u00e7\u00e3o\",\"@id\":\"https:\/\/www.estrategiaconcursos.com.br\/blog\/#\/schema\/person\/b4a388c97673c5f483d72185668afa1f\"},\"headline\":\"Tipos de sujeito: aprenda a classific\u00e1-los e como os utilizar\",\"datePublished\":\"2020-06-26T22:00:00+00:00\",\"dateModified\":\"2024-12-06T01:51:39+00:00\",\"mainEntityOfPage\":{\"@id\":\"https:\/\/www.estrategiaconcursos.com.br\/blog\/tipos-de-sujeito-aprenda-a-classifica-los-e-como-os-utilizar\/\"},\"wordCount\":1631,\"commentCount\":1,\"publisher\":{\"@id\":\"https:\/\/www.estrategiaconcursos.com.br\/blog\/#organization\"},\"image\":{\"@id\":\"https:\/\/www.estrategiaconcursos.com.br\/blog\/tipos-de-sujeito-aprenda-a-classifica-los-e-como-os-utilizar\/#primaryimage\"},\"thumbnailUrl\":\"https:\/\/dhg1h5j42swfq.cloudfront.net\/2019\/07\/25165614\/estudar3.jpg\",\"keywords\":[\"ora\u00e7\u00e3o sem sujeito\",\"sujeito\",\"sujeito composto\",\"sujeito determinado\",\"sujeito el\u00edptico\",\"sujeito indeterminado\",\"sujeito inexistente\",\"sujeito oculto\",\"sujeito simples\",\"tipos de sujeito\",\"tipos de sujeitos\"],\"articleSection\":[\"Concursos P\u00fablicos\"],\"inLanguage\":\"pt-BR\",\"potentialAction\":[{\"@type\":\"CommentAction\",\"name\":\"Comment\",\"target\":[\"https:\/\/www.estrategiaconcursos.com.br\/blog\/tipos-de-sujeito-aprenda-a-classifica-los-e-como-os-utilizar\/#respond\"]}],\"copyrightYear\":\"2020\",\"copyrightHolder\":{\"@id\":\"https:\/\/www.estrategiaconcursos.com.br\/blog\/#organization\"}},{\"@type\":\"WebPage\",\"@id\":\"https:\/\/www.estrategiaconcursos.com.br\/blog\/tipos-de-sujeito-aprenda-a-classifica-los-e-como-os-utilizar\/\",\"url\":\"https:\/\/www.estrategiaconcursos.com.br\/blog\/tipos-de-sujeito-aprenda-a-classifica-los-e-como-os-utilizar\/\",\"name\":\"Tipos de sujeito: aprenda a classific\u00e1-los e como os utilizar\",\"isPartOf\":{\"@id\":\"https:\/\/www.estrategiaconcursos.com.br\/blog\/#website\"},\"primaryImageOfPage\":{\"@id\":\"https:\/\/www.estrategiaconcursos.com.br\/blog\/tipos-de-sujeito-aprenda-a-classifica-los-e-como-os-utilizar\/#primaryimage\"},\"image\":{\"@id\":\"https:\/\/www.estrategiaconcursos.com.br\/blog\/tipos-de-sujeito-aprenda-a-classifica-los-e-como-os-utilizar\/#primaryimage\"},\"thumbnailUrl\":\"https:\/\/dhg1h5j42swfq.cloudfront.net\/2019\/07\/25165614\/estudar3.jpg\",\"datePublished\":\"2020-06-26T22:00:00+00:00\",\"dateModified\":\"2024-12-06T01:51:39+00:00\",\"description\":\"Quer conhecer todos os tipos de sujeito e saber como os utilizar nas frases? Leia nosso artigo e ganhe tranquilidade nesse tema!\",\"breadcrumb\":{\"@id\":\"https:\/\/www.estrategiaconcursos.com.br\/blog\/tipos-de-sujeito-aprenda-a-classifica-los-e-como-os-utilizar\/#breadcrumb\"},\"inLanguage\":\"pt-BR\",\"potentialAction\":[{\"@type\":\"ReadAction\",\"target\":[\"https:\/\/www.estrategiaconcursos.com.br\/blog\/tipos-de-sujeito-aprenda-a-classifica-los-e-como-os-utilizar\/\"]}]},{\"@type\":\"ImageObject\",\"inLanguage\":\"pt-BR\",\"@id\":\"https:\/\/www.estrategiaconcursos.com.br\/blog\/tipos-de-sujeito-aprenda-a-classifica-los-e-como-os-utilizar\/#primaryimage\",\"url\":\"https:\/\/dhg1h5j42swfq.cloudfront.net\/2019\/07\/25165614\/estudar3.jpg\",\"contentUrl\":\"https:\/\/dhg1h5j42swfq.cloudfront.net\/2019\/07\/25165614\/estudar3.jpg\",\"width\":1360,\"height\":907,\"caption\":\"plano de estudo\"},{\"@type\":\"BreadcrumbList\",\"@id\":\"https:\/\/www.estrategiaconcursos.com.br\/blog\/tipos-de-sujeito-aprenda-a-classifica-los-e-como-os-utilizar\/#breadcrumb\",\"itemListElement\":[{\"@type\":\"ListItem\",\"position\":1,\"name\":\"In\u00edcio\",\"item\":\"https:\/\/www.estrategiaconcursos.com.br\/blog\/\"},{\"@type\":\"ListItem\",\"position\":2,\"name\":\"Tipos de sujeito: aprenda a classific\u00e1-los e como os utilizar\"}]},{\"@type\":\"WebSite\",\"@id\":\"https:\/\/www.estrategiaconcursos.com.br\/blog\/#website\",\"url\":\"https:\/\/www.estrategiaconcursos.com.br\/blog\/\",\"name\":\"Estrat\u00e9gia Concursos\",\"description\":\"O blog da Estrat\u00e9gia Concursos traz not\u00edcias sobre concursos e artigos de professores oferecendo cursos para concursos (pdf + videaulas) no site.\",\"publisher\":{\"@id\":\"https:\/\/www.estrategiaconcursos.com.br\/blog\/#organization\"},\"potentialAction\":[{\"@type\":\"SearchAction\",\"target\":{\"@type\":\"EntryPoint\",\"urlTemplate\":\"https:\/\/www.estrategiaconcursos.com.br\/blog\/?s={search_term_string}\"},\"query-input\":{\"@type\":\"PropertyValueSpecification\",\"valueRequired\":true,\"valueName\":\"search_term_string\"}}],\"inLanguage\":\"pt-BR\"},{\"@type\":\"Organization\",\"@id\":\"https:\/\/www.estrategiaconcursos.com.br\/blog\/#organization\",\"name\":\"Estrat\u00e9gia Concursos\",\"url\":\"https:\/\/www.estrategiaconcursos.com.br\/blog\/\",\"logo\":{\"@type\":\"ImageObject\",\"inLanguage\":\"pt-BR\",\"@id\":\"https:\/\/www.estrategiaconcursos.com.br\/blog\/#\/schema\/logo\/image\/\",\"url\":\"https:\/\/dhg1h5j42swfq.cloudfront.net\/2025\/06\/03203428\/logo_concursos-1.jpg\",\"contentUrl\":\"https:\/\/dhg1h5j42swfq.cloudfront.net\/2025\/06\/03203428\/logo_concursos-1.jpg\",\"width\":230,\"height\":60,\"caption\":\"Estrat\u00e9gia Concursos\"},\"image\":{\"@id\":\"https:\/\/www.estrategiaconcursos.com.br\/blog\/#\/schema\/logo\/image\/\"},\"sameAs\":[\"https:\/\/x.com\/EstratConcursos\"]},{\"@type\":\"Person\",\"@id\":\"https:\/\/www.estrategiaconcursos.com.br\/blog\/#\/schema\/person\/b4a388c97673c5f483d72185668afa1f\",\"name\":\"Coordena\u00e7\u00e3o\",\"image\":{\"@type\":\"ImageObject\",\"inLanguage\":\"pt-BR\",\"@id\":\"https:\/\/secure.gravatar.com\/avatar\/b720319e4c9a967eb58678d110f4fe35452fc5d5f97b202bac7b8acceb18c6ad?s=96&d=mm&r=g\",\"url\":\"https:\/\/secure.gravatar.com\/avatar\/b720319e4c9a967eb58678d110f4fe35452fc5d5f97b202bac7b8acceb18c6ad?s=96&d=mm&r=g\",\"contentUrl\":\"https:\/\/secure.gravatar.com\/avatar\/b720319e4c9a967eb58678d110f4fe35452fc5d5f97b202bac7b8acceb18c6ad?s=96&d=mm&r=g\",\"caption\":\"Coordena\u00e7\u00e3o\"},\"sameAs\":[\"https:\/\/www.facebook.com\/EstrategiaConcursos\",\"https:\/\/x.com\/EstratConcursos\"],\"url\":\"https:\/\/www.estrategiaconcursos.com.br\/blog\/author\/estrategia2013\/\"}]}<\/script>\n<!-- \/ Yoast SEO Premium plugin. -->","yoast_head_json":{"title":"Tipos de sujeito: aprenda a classific\u00e1-los e como os utilizar","description":"Quer conhecer todos os tipos de sujeito e saber como os utilizar nas frases? Leia nosso artigo e ganhe tranquilidade nesse tema!","robots":{"index":"index","follow":"follow","max-snippet":"max-snippet:-1","max-image-preview":"max-image-preview:large","max-video-preview":"max-video-preview:-1"},"canonical":"https:\/\/www.estrategiaconcursos.com.br\/blog\/tipos-de-sujeito-aprenda-a-classifica-los-e-como-os-utilizar\/","og_locale":"pt_BR","og_type":"article","og_title":"Tipos de sujeito: aprenda a classific\u00e1-los e como os utilizar","og_description":"Quer conhecer todos os tipos de sujeito e saber como os utilizar nas frases? Leia nosso artigo e ganhe tranquilidade nesse tema!","og_url":"https:\/\/www.estrategiaconcursos.com.br\/blog\/tipos-de-sujeito-aprenda-a-classifica-los-e-como-os-utilizar\/","og_site_name":"Estrat\u00e9gia Concursos","article_author":"https:\/\/www.facebook.com\/EstrategiaConcursos","article_published_time":"2020-06-26T22:00:00+00:00","article_modified_time":"2024-12-06T01:51:39+00:00","og_image":[{"width":1360,"height":907,"url":"https:\/\/dhg1h5j42swfq.cloudfront.net\/2019\/07\/25165614\/estudar3.jpg","type":"image\/jpeg"}],"author":"Coordena\u00e7\u00e3o","twitter_card":"summary_large_image","twitter_creator":"@EstratConcursos","twitter_site":"@EstratConcursos","twitter_misc":{"Escrito por":"Coordena\u00e7\u00e3o","Est. tempo de leitura":"8 minutos"},"schema":{"@context":"https:\/\/schema.org","@graph":[{"@type":"NewsArticle","@id":"https:\/\/www.estrategiaconcursos.com.br\/blog\/tipos-de-sujeito-aprenda-a-classifica-los-e-como-os-utilizar\/#article","isPartOf":{"@id":"https:\/\/www.estrategiaconcursos.com.br\/blog\/tipos-de-sujeito-aprenda-a-classifica-los-e-como-os-utilizar\/"},"author":{"name":"Coordena\u00e7\u00e3o","@id":"https:\/\/www.estrategiaconcursos.com.br\/blog\/#\/schema\/person\/b4a388c97673c5f483d72185668afa1f"},"headline":"Tipos de sujeito: aprenda a classific\u00e1-los e como os utilizar","datePublished":"2020-06-26T22:00:00+00:00","dateModified":"2024-12-06T01:51:39+00:00","mainEntityOfPage":{"@id":"https:\/\/www.estrategiaconcursos.com.br\/blog\/tipos-de-sujeito-aprenda-a-classifica-los-e-como-os-utilizar\/"},"wordCount":1631,"commentCount":1,"publisher":{"@id":"https:\/\/www.estrategiaconcursos.com.br\/blog\/#organization"},"image":{"@id":"https:\/\/www.estrategiaconcursos.com.br\/blog\/tipos-de-sujeito-aprenda-a-classifica-los-e-como-os-utilizar\/#primaryimage"},"thumbnailUrl":"https:\/\/dhg1h5j42swfq.cloudfront.net\/2019\/07\/25165614\/estudar3.jpg","keywords":["ora\u00e7\u00e3o sem sujeito","sujeito","sujeito composto","sujeito determinado","sujeito el\u00edptico","sujeito indeterminado","sujeito inexistente","sujeito oculto","sujeito simples","tipos de sujeito","tipos de sujeitos"],"articleSection":["Concursos P\u00fablicos"],"inLanguage":"pt-BR","potentialAction":[{"@type":"CommentAction","name":"Comment","target":["https:\/\/www.estrategiaconcursos.com.br\/blog\/tipos-de-sujeito-aprenda-a-classifica-los-e-como-os-utilizar\/#respond"]}],"copyrightYear":"2020","copyrightHolder":{"@id":"https:\/\/www.estrategiaconcursos.com.br\/blog\/#organization"}},{"@type":"WebPage","@id":"https:\/\/www.estrategiaconcursos.com.br\/blog\/tipos-de-sujeito-aprenda-a-classifica-los-e-como-os-utilizar\/","url":"https:\/\/www.estrategiaconcursos.com.br\/blog\/tipos-de-sujeito-aprenda-a-classifica-los-e-como-os-utilizar\/","name":"Tipos de sujeito: aprenda a classific\u00e1-los e como os utilizar","isPartOf":{"@id":"https:\/\/www.estrategiaconcursos.com.br\/blog\/#website"},"primaryImageOfPage":{"@id":"https:\/\/www.estrategiaconcursos.com.br\/blog\/tipos-de-sujeito-aprenda-a-classifica-los-e-como-os-utilizar\/#primaryimage"},"image":{"@id":"https:\/\/www.estrategiaconcursos.com.br\/blog\/tipos-de-sujeito-aprenda-a-classifica-los-e-como-os-utilizar\/#primaryimage"},"thumbnailUrl":"https:\/\/dhg1h5j42swfq.cloudfront.net\/2019\/07\/25165614\/estudar3.jpg","datePublished":"2020-06-26T22:00:00+00:00","dateModified":"2024-12-06T01:51:39+00:00","description":"Quer conhecer todos os tipos de sujeito e saber como os utilizar nas frases? Leia nosso artigo e ganhe tranquilidade nesse tema!","breadcrumb":{"@id":"https:\/\/www.estrategiaconcursos.com.br\/blog\/tipos-de-sujeito-aprenda-a-classifica-los-e-como-os-utilizar\/#breadcrumb"},"inLanguage":"pt-BR","potentialAction":[{"@type":"ReadAction","target":["https:\/\/www.estrategiaconcursos.com.br\/blog\/tipos-de-sujeito-aprenda-a-classifica-los-e-como-os-utilizar\/"]}]},{"@type":"ImageObject","inLanguage":"pt-BR","@id":"https:\/\/www.estrategiaconcursos.com.br\/blog\/tipos-de-sujeito-aprenda-a-classifica-los-e-como-os-utilizar\/#primaryimage","url":"https:\/\/dhg1h5j42swfq.cloudfront.net\/2019\/07\/25165614\/estudar3.jpg","contentUrl":"https:\/\/dhg1h5j42swfq.cloudfront.net\/2019\/07\/25165614\/estudar3.jpg","width":1360,"height":907,"caption":"plano de estudo"},{"@type":"BreadcrumbList","@id":"https:\/\/www.estrategiaconcursos.com.br\/blog\/tipos-de-sujeito-aprenda-a-classifica-los-e-como-os-utilizar\/#breadcrumb","itemListElement":[{"@type":"ListItem","position":1,"name":"In\u00edcio","item":"https:\/\/www.estrategiaconcursos.com.br\/blog\/"},{"@type":"ListItem","position":2,"name":"Tipos de sujeito: aprenda a classific\u00e1-los e como os utilizar"}]},{"@type":"WebSite","@id":"https:\/\/www.estrategiaconcursos.com.br\/blog\/#website","url":"https:\/\/www.estrategiaconcursos.com.br\/blog\/","name":"Estrat\u00e9gia Concursos","description":"O blog da Estrat\u00e9gia Concursos traz not\u00edcias sobre concursos e artigos de professores oferecendo cursos para concursos (pdf + videaulas) no site.","publisher":{"@id":"https:\/\/www.estrategiaconcursos.com.br\/blog\/#organization"},"potentialAction":[{"@type":"SearchAction","target":{"@type":"EntryPoint","urlTemplate":"https:\/\/www.estrategiaconcursos.com.br\/blog\/?s={search_term_string}"},"query-input":{"@type":"PropertyValueSpecification","valueRequired":true,"valueName":"search_term_string"}}],"inLanguage":"pt-BR"},{"@type":"Organization","@id":"https:\/\/www.estrategiaconcursos.com.br\/blog\/#organization","name":"Estrat\u00e9gia Concursos","url":"https:\/\/www.estrategiaconcursos.com.br\/blog\/","logo":{"@type":"ImageObject","inLanguage":"pt-BR","@id":"https:\/\/www.estrategiaconcursos.com.br\/blog\/#\/schema\/logo\/image\/","url":"https:\/\/dhg1h5j42swfq.cloudfront.net\/2025\/06\/03203428\/logo_concursos-1.jpg","contentUrl":"https:\/\/dhg1h5j42swfq.cloudfront.net\/2025\/06\/03203428\/logo_concursos-1.jpg","width":230,"height":60,"caption":"Estrat\u00e9gia Concursos"},"image":{"@id":"https:\/\/www.estrategiaconcursos.com.br\/blog\/#\/schema\/logo\/image\/"},"sameAs":["https:\/\/x.com\/EstratConcursos"]},{"@type":"Person","@id":"https:\/\/www.estrategiaconcursos.com.br\/blog\/#\/schema\/person\/b4a388c97673c5f483d72185668afa1f","name":"Coordena\u00e7\u00e3o","image":{"@type":"ImageObject","inLanguage":"pt-BR","@id":"https:\/\/secure.gravatar.com\/avatar\/b720319e4c9a967eb58678d110f4fe35452fc5d5f97b202bac7b8acceb18c6ad?s=96&d=mm&r=g","url":"https:\/\/secure.gravatar.com\/avatar\/b720319e4c9a967eb58678d110f4fe35452fc5d5f97b202bac7b8acceb18c6ad?s=96&d=mm&r=g","contentUrl":"https:\/\/secure.gravatar.com\/avatar\/b720319e4c9a967eb58678d110f4fe35452fc5d5f97b202bac7b8acceb18c6ad?s=96&d=mm&r=g","caption":"Coordena\u00e7\u00e3o"},"sameAs":["https:\/\/www.facebook.com\/EstrategiaConcursos","https:\/\/x.com\/EstratConcursos"],"url":"https:\/\/www.estrategiaconcursos.com.br\/blog\/author\/estrategia2013\/"}]}},"_links":{"self":[{"href":"https:\/\/www.estrategiaconcursos.com.br\/blog\/wp-json\/wp\/v2\/posts\/523495","targetHints":{"allow":["GET"]}}],"collection":[{"href":"https:\/\/www.estrategiaconcursos.com.br\/blog\/wp-json\/wp\/v2\/posts"}],"about":[{"href":"https:\/\/www.estrategiaconcursos.com.br\/blog\/wp-json\/wp\/v2\/types\/post"}],"author":[{"embeddable":true,"href":"https:\/\/www.estrategiaconcursos.com.br\/blog\/wp-json\/wp\/v2\/users\/1"}],"replies":[{"embeddable":true,"href":"https:\/\/www.estrategiaconcursos.com.br\/blog\/wp-json\/wp\/v2\/comments?post=523495"}],"version-history":[{"count":7,"href":"https:\/\/www.estrategiaconcursos.com.br\/blog\/wp-json\/wp\/v2\/posts\/523495\/revisions"}],"predecessor-version":[{"id":1500586,"href":"https:\/\/www.estrategiaconcursos.com.br\/blog\/wp-json\/wp\/v2\/posts\/523495\/revisions\/1500586"}],"wp:featuredmedia":[{"embeddable":true,"href":"https:\/\/www.estrategiaconcursos.com.br\/blog\/wp-json\/wp\/v2\/media\/402775"}],"wp:attachment":[{"href":"https:\/\/www.estrategiaconcursos.com.br\/blog\/wp-json\/wp\/v2\/media?parent=523495"}],"wp:term":[{"taxonomy":"category","embeddable":true,"href":"https:\/\/www.estrategiaconcursos.com.br\/blog\/wp-json\/wp\/v2\/categories?post=523495"},{"taxonomy":"post_tag","embeddable":true,"href":"https:\/\/www.estrategiaconcursos.com.br\/blog\/wp-json\/wp\/v2\/tags?post=523495"},{"taxonomy":"tax_estado","embeddable":true,"href":"https:\/\/www.estrategiaconcursos.com.br\/blog\/wp-json\/wp\/v2\/tax_estado?post=523495"}],"curies":[{"name":"wp","href":"https:\/\/api.w.org\/{rel}","templated":true}]}}