{"id":523391,"date":"2020-06-06T09:45:36","date_gmt":"2020-06-06T12:45:36","guid":{"rendered":"https:\/\/www.estrategiaconcursos.com.br\/blog\/?p=523391"},"modified":"2020-06-11T08:27:14","modified_gmt":"2020-06-11T11:27:14","slug":"processo-seletivo-iterpa-pa","status":"publish","type":"post","link":"https:\/\/www.estrategiaconcursos.com.br\/blog\/processo-seletivo-iterpa-pa\/","title":{"rendered":"Processo Seletivo Iterpa PA: SAIU edital com 80 vagas"},"content":{"rendered":"\n<p>Foi publicado o edital do Processo Seletivo do Instituto de Terras do Par\u00e1 &#8211; ITERPA com 80 vagas para selecionar candidatos \u00e0 contrata\u00e7\u00e3o por prazo determinado em fun\u00e7\u00f5es tempor\u00e1rias de n\u00edvel m\u00e9dio, t\u00e9cnico e superior. <\/p>\n\n\n\n<p>Os interessados em participar da sele\u00e7\u00e3o puderam realizar as inscri\u00e7\u00f5es no per\u00edodo de 08 a 09 de Junho de 2020, no site da banca organizadora, <strong>SIPROS, <\/strong>(Sistema Integrado de Processo Seletivo). <strong>N\u00e3o houve taxa de inscri\u00e7\u00e3o.<\/strong><\/p>\n\n\n\n<h2 class=\"wp-block-heading\" id=\"datas\">Principais datas do Processo Seletivo Iterpa<\/h2>\n\n\n\n<p class=\"has-background has-very-light-gray-background-color\"><strong>Inscri\u00e7\u00f5es<\/strong>: <s>08 a 09 de Junho de 2020<\/s><br \/><strong>An\u00e1lise documental e curricular:<\/strong>  10\/06 a 12\/06\/2020<br \/><strong>Entrevista e Prova Pr\u00e1tica<\/strong>: 17\/06\/2020<\/p>\n\n\n\n<h2 class=\"wp-block-heading\" id=\"cargos-vagas\">Cargos\/vagas e remunera\u00e7\u00f5es<\/h2>\n\n\n\n<p>O Processo Seletivo Iterpa oferta 80 vagas para cargos de n\u00edvel m\u00e9dio, t\u00e9cnico e superior com jornada de trabalho de seis horas di\u00e1rias, totalizando 30 horas semanais. <\/p>\n\n\n\n<p>Lembrando que a carga hor\u00e1ria pode ser desenvolvida no per\u00edodo de 08:00h \u00e0s 17:00h, conforme a conveni\u00eancia da Autarquia. J\u00e1 os sal\u00e1rios podem variar conforme o n\u00edvel de escolaridade do candidato, alternando entre R$ 998 a R$ 4.782,98 mais benef\u00edcios. Confira mais detalhes abaixo:<\/p>\n\n\n\n<h3 class=\"wp-block-heading\">N\u00edvel m\u00e9dio e m\u00e9dio\/t\u00e9cnico<\/h3>\n\n\n\n<figure class=\"wp-block-table is-style-stripes\"><table class=\"has-subtle-pale-blue-background-color has-fixed-layout has-background\"><thead><tr><th class=\"has-text-align-center\" data-align=\"center\"><strong>CARGO<\/strong><\/th><th class=\"has-text-align-center\" data-align=\"center\"><strong>VAGAS<\/strong><\/th><th class=\"has-text-align-center\" data-align=\"center\"><strong>REMUNERA\u00c7\u00c3O<\/strong><\/th><\/tr><\/thead><tbody><tr><td class=\"has-text-align-center\" data-align=\"center\">Assistente Administrativo<\/td><td class=\"has-text-align-center\" data-align=\"center\">16<\/td><td class=\"has-text-align-center\" data-align=\"center\">R$ 998,00 + 600,00 vale alimenta\u00e7\u00e3o<\/td><\/tr><tr><td class=\"has-text-align-center\" data-align=\"center\">Assistente T\u00e9cnico de Inform\u00e1tica<\/td><td class=\"has-text-align-center\" data-align=\"center\">1<\/td><td class=\"has-text-align-center\" data-align=\"center\">R$ 1.278,72 + 600,00 vale alimenta\u00e7\u00e3o<\/td><\/tr><\/tbody><\/table><\/figure>\n\n\n\n<h3 class=\"wp-block-heading\">N\u00edvel superior<\/h3>\n\n\n\n<figure class=\"wp-block-table is-style-stripes\"><table class=\"has-subtle-pale-blue-background-color has-fixed-layout has-background\"><thead><tr><th class=\"has-text-align-center\" data-align=\"center\"><strong>CARGO<\/strong><\/th><th class=\"has-text-align-center\" data-align=\"center\"><strong>VAGAS<\/strong><\/th><th class=\"has-text-align-center\" data-align=\"center\"><strong>REMUNERA\u00c7\u00c3O<\/strong><\/th><\/tr><\/thead><tbody><tr><td class=\"has-text-align-center\" data-align=\"center\">Assistente T\u00e9cnico Agrimensor <\/td><td class=\"has-text-align-center\" data-align=\"center\">5<\/td><td class=\"has-text-align-center\" data-align=\"center\">R$ 1.278,72 + 600,00 vale alimenta\u00e7\u00e3o<\/td><\/tr><tr><td class=\"has-text-align-center\" data-align=\"center\">Assistente T\u00e9cnico em Geodesia\/ Cartografia <\/td><td class=\"has-text-align-center\" data-align=\"center\">7<\/td><td class=\"has-text-align-center\" data-align=\"center\">R$ 1.278,72 + 600,00 vale alimenta\u00e7\u00e3o<\/td><\/tr><tr><td class=\"has-text-align-center\" data-align=\"center\">T\u00e9cnico em Gest\u00e3o de Administra\u00e7\u00e3o e Finan\u00e7as \u2013 Administrador<\/td><td class=\"has-text-align-center\" data-align=\"center\">5<\/td><td class=\"has-text-align-center\" data-align=\"center\">R$ 1.769,15 + 80% de gratifica\u00e7\u00e3o de escolaridade + 600,00 vale alimenta\u00e7\u00e3o<\/td><\/tr><tr><td class=\"has-text-align-center\" data-align=\"center\">T\u00e9cnico em Gest\u00e3o de Administra\u00e7\u00e3o e Finan\u00e7as \u2013 Contador<\/td><td class=\"has-text-align-center\" data-align=\"center\">2<\/td><td class=\"has-text-align-center\" data-align=\"center\">R$ 1.769,15 + 80% de gratifica\u00e7\u00e3o de escolaridade + 600,00 vale alimenta\u00e7\u00e3o<\/td><\/tr><tr><td class=\"has-text-align-center\" data-align=\"center\">T\u00e9cnico em Gest\u00e3o de Administra\u00e7\u00e3o e Finan\u00e7as \u2013 Economista<\/td><td class=\"has-text-align-center\" data-align=\"center\">1<\/td><td class=\"has-text-align-center\" data-align=\"center\">R$ 1.769,15 + 80% de gratifica\u00e7\u00e3o de escolaridade + 600,00 vale alimenta\u00e7\u00e3o<\/td><\/tr><tr><td class=\"has-text-align-center\" data-align=\"center\">T\u00e9cnico em Gest\u00e3o de Inform\u00e1tica<\/td><td class=\"has-text-align-center\" data-align=\"center\">1<\/td><td class=\"has-text-align-center\" data-align=\"center\">R$ 1.769,15 + 80% escolaridade + 600,00 vale alimenta\u00e7\u00e3o<\/td><\/tr><tr><td class=\"has-text-align-center\" data-align=\"center\">T\u00e9cnico em Gest\u00e3o e Desenvolvimento Agr\u00e1rio e Fundi\u00e1rio \u2013 Engenheiro Agr\u00f4nomo<\/td><td class=\"has-text-align-center\" data-align=\"center\">16<\/td><td class=\"has-text-align-center\" data-align=\"center\">R$ 1.769,15 + 80% de gratifica\u00e7\u00e3o de escolaridade + 600,00 vale alimenta\u00e7\u00e3o<\/td><\/tr><tr><td class=\"has-text-align-center\" data-align=\"center\">T\u00e9cnico em Gest\u00e3o e Desenvolvimento Agr\u00e1rio e Fundi\u00e1rio \u2013 Engenheiro Ambiental<\/td><td class=\"has-text-align-center\" data-align=\"center\">2<\/td><td class=\"has-text-align-center\" data-align=\"center\">R$ 1.769,15 + 80% de gratifica\u00e7\u00e3o de escolaridade + 600,00 vale alimenta\u00e7\u00e3o<\/td><\/tr><tr><td class=\"has-text-align-center\" data-align=\"center\">T\u00e9cnico em Gest\u00e3o e Desenvolvimento Agr\u00e1rio e Fundi\u00e1rio \u2013 Engenheiro Cartogr\u00e1fico e Agrimensor<\/td><td class=\"has-text-align-center\" data-align=\"center\">10<\/td><td class=\"has-text-align-center\" data-align=\"center\">R$ 1.769,15 + 80% de gratifica\u00e7\u00e3o de escolaridade + 600,00 vale alimenta\u00e7\u00e3o<\/td><\/tr><tr><td class=\"has-text-align-center\" data-align=\"center\">T\u00e9cnico em Gest\u00e3o e Desenvolvimento Agr\u00e1rio e Fundi\u00e1rio \u2013 Engenheiro Florestal<\/td><td class=\"has-text-align-center\" data-align=\"center\">9<\/td><td class=\"has-text-align-center\" data-align=\"center\">R$ 1.769,15 + 80% de gratifica\u00e7\u00e3o de escolaridade + 600,00 vale alimenta\u00e7\u00e3o<\/td><\/tr><tr><td class=\"has-text-align-center\" data-align=\"center\">T\u00e9cnico em Gest\u00e3o e Desenvolvimento Agr\u00e1rio e Fundi\u00e1rio \u2013 Engenheiro de Produ\u00e7\u00e3o<\/td><td class=\"has-text-align-center\" data-align=\"center\">1<\/td><td class=\"has-text-align-center\" data-align=\"center\">R$ 1.769,15 + 80% de gratifica\u00e7\u00e3o de escolaridade + 600,00 vale alimenta\u00e7\u00e3o<\/td><\/tr><tr><td class=\"has-text-align-center\" data-align=\"center\">T\u00e9cnico em Gest\u00e3o e Desenvolvimento Agr\u00e1rio e Fundi\u00e1rio \u2013 Ge\u00f3grafo<\/td><td class=\"has-text-align-center\" data-align=\"center\">4<\/td><td class=\"has-text-align-center\" data-align=\"center\">R$ 1.769,15 + 80% de gratifica\u00e7\u00e3o de escolaridade + 600,00 vale alimenta\u00e7\u00e3o<\/td><\/tr><\/tbody><\/table><\/figure>\n\n\n\n<h2 class=\"wp-block-heading\" id=\"etapas\">Etapas do Processo Seletivo Iterpa<\/h2>\n\n\n\n<p>O Processo Seletivo Iterpa compreender\u00e1 as seguintes fases:<br \/><strong>a) <\/strong>Primeira Fase: Inscri\u00e7\u00e3o; de car\u00e1ter habilitat\u00f3rio<br \/><strong>b) <\/strong>Segunda Fase: An\u00e1lise Documental e Curricular, de car\u00e1ter eliminat\u00f3rio e<br \/>classificat\u00f3rio e;<br \/><strong>c)<\/strong> Terceira Fase: Entrevista pessoal e prova pr\u00e1tica e\/ou te\u00f3rica de car\u00e1ter eliminat\u00f3rio e classificat\u00f3rio;<\/p>\n\n\n\n<p>Para a segunda fase, ser\u00e3o analisadas pela Comiss\u00e3o do PSS as documenta\u00e7\u00f5es comprobat\u00f3rias apresentadas no ato da inscri\u00e7\u00e3o dos candidatos que apresentarem o requisito minimo de qualifica\u00e7\u00e3o t\u00e9cnica.<\/p>\n\n\n\n<p>Ser\u00e3o convocados para entrevista e prova pr\u00e1tica e\/ou te\u00f3rica somente os<br \/>classificados na etapa anterior, para cada fun\u00e7\u00e3o de n\u00edvel m\u00e9dio e superior, pela ordem decrescente da pontua\u00e7\u00e3o obtida na An\u00e1lise Documental e Curricular, limitada a convoca\u00e7\u00e3o ao quantitativo de tr\u00eas vezes o n\u00famero de vagas ofertadas para cada fun\u00e7\u00e3o.<\/p>\n\n\n\n<p>As provas pr\u00e1ticas do Processo Seletivo Iterpa ser\u00e3o aplicadas aos cargos de T\u00e9cnico em Gest\u00e3o de Desenvolvimento Agr\u00e1rio e Fundi\u00e1rio em diversas especialidades, Assistente T\u00e9cnico, Assistente Administrativo, T\u00e9cnico em Administra\u00e7\u00e3o, T\u00e9cnico em Inform\u00e1tica e Advogado.<\/p>\n\n\n\n<p>A terceira fase de entrevistas e provas pr\u00e1ticas e\/ou te\u00f3ricas ser\u00e3o realizadas na sede do ITERPA situada na Rod. Augusto Montenegro, km 09 s\/n- Bairro: Parque Guajar\u00e1.<\/p>\n\n\n\n<hr class=\"wp-block-separator\"\/>\n\n\n\n<p style=\"font-size:22px\" class=\"has-background has-text-align-center has-luminous-vivid-amber-background-color\"><strong><a rel=\"noreferrer noopener\" href=\"https:\/\/www.estrategiaconcursos.com.br\/cursos\/concurso\/\" target=\"_blank\">Curso para concurso<\/a><\/strong><\/p>\n\n\n\n<p class=\"has-text-align-center\"><em><strong>Assinatura Anual Ilimitada*<\/strong><\/em><\/p>\n\n\n\n<p><em>Prepare-se com o melhor material e com quem mais aprova em Concursos P\u00fablicos em todo o pa\u00eds. Assine agora a nossa Assinatura Anual e tenha acesso ilimitado* a todos os nossos cursos.<\/em><\/p>\n\n\n\n<p style=\"font-size:22px\" class=\"has-background has-text-align-center has-light-green-cyan-background-color\"><strong>ASSINE AGORA<\/strong>&nbsp;\u2013&nbsp;<strong><a rel=\"noreferrer noopener\" href=\"https:\/\/www.estrategiaconcursos.com.br\/assinaturas\" target=\"_blank\">Assinatura Ilimitada<\/a><\/strong><\/p>\n\n\n\n<p style=\"font-size:22px\" class=\"has-text-align-center\"><strong><em><strong>Sistema de Quest\u00f5es<\/strong><\/em><\/strong><\/p>\n\n\n\n<p class=\"has-text-align-center\"><em>Estrat\u00e9gia Quest\u00f5es nasceu maior do que todos os concorrentes, com mais quest\u00f5es cadastradas e mais solu\u00e7\u00f5es por professores. Clique no link e aproveite os descontos e b\u00f4nus imperd\u00edveis!<\/em><\/p>\n\n\n\n<p style=\"font-size:22px\" class=\"has-background has-text-align-center has-vivid-green-cyan-background-color\"><strong>ASSINE AGORA \u2013&nbsp;<a href=\"https:\/\/www.estrategiaconcursos.com.br\/cursosPorConcurso\/sistema-de-questoes\/#\/\" target=\"_blank\" rel=\"noreferrer noopener\">Sistema de Quest\u00f5es<\/a><\/strong><\/p>\n\n\n\n<p class=\"has-text-align-center\"><strong><em>Fique por dentro de todos os concursos<\/em><\/strong><\/p>\n\n\n\n<p style=\"font-size:22px\" class=\"has-background has-text-align-center has-pale-cyan-blue-background-color\"><a rel=\"noreferrer noopener\" href=\"https:\/\/www.estrategiaconcursos.com.br\/blog\/concursos-abertos\/\" target=\"_blank\"><strong>CONCURSOS ABERTOS<\/strong><\/a><\/p>\n\n\n\n<p style=\"font-size:22px\" class=\"has-background has-text-align-center has-pale-cyan-blue-background-color\"><a rel=\"noreferrer noopener\" href=\"https:\/\/www.estrategiaconcursos.com.br\/blog\/concursos-2020\/\" target=\"_blank\"><strong>CONCURSOS&nbsp;2020<\/strong><\/a><\/p>\n\n\n\n<figure class=\"wp-block-image\"><img loading=\"lazy\" decoding=\"async\" width=\"300\" height=\"102\" src=\"https:\/\/dhg1h5j42swfq.cloudfront.net\/2017\/03\/28152500\/coruja-ficha-tecnica-300x102.png\" alt=\"\" class=\"wp-image-68542\"\/><\/figure>\n\n\n\n<h3 class=\"wp-block-heading\" id=\"ficha\"><strong>Informa\u00e7\u00f5es sobre o Processo Seletivo Iterpa<\/strong><\/h3>\n\n\n\n<p>\u25ba<strong>Provas<\/strong> <strong>pr\u00e1ticas<\/strong>: 17\/06<br \/>\u25ba<strong>Vagas<\/strong>: 85<br \/>\u25ba<strong>Cargos<\/strong>: diversos<br \/>\u25ba<strong>Banca<\/strong>: Sipros<br \/>\u25ba<strong>Escolaridade<\/strong>: N\u00edvel m\u00e9dio, t\u00e9cnico e superior<br \/>\u25ba<strong>Edital<\/strong>:\u00a0<strong><a rel=\"noreferrer noopener\" href=\"https:\/\/dhg1h5j42swfq.cloudfront.net\/2020\/06\/06094153\/EDITAL-ITERPA-PSS-02-2020.pdf.pdf\" target=\"_blank\">PSS Iterpa PA<\/a><\/strong><\/p>\n\n\n\n<p><em>Ascom Estrat\u00e9gia<\/em><br \/>ascomestrategia@gmail.co<\/p>\n","protected":false},"excerpt":{"rendered":"<p>Foi publicado o edital do Processo Seletivo do Instituto de Terras do Par\u00e1 &#8211; ITERPA com 80 vagas para selecionar candidatos \u00e0 contrata\u00e7\u00e3o por prazo determinado em fun\u00e7\u00f5es tempor\u00e1rias de n\u00edvel m\u00e9dio, t\u00e9cnico e superior. Os interessados em participar da sele\u00e7\u00e3o puderam realizar as inscri\u00e7\u00f5es no per\u00edodo de 08 a 09 de Junho de 2020, [&hellip;]<\/p>\n","protected":false},"author":221,"featured_media":444274,"comment_status":"open","ping_status":"closed","sticky":false,"template":"","format":"standard","meta":{"post_tipo":"article","footnotes":""},"categories":[1],"tags":[],"tax_estado":[],"class_list":["post-523391","post","type-post","status-publish","format-standard","has-post-thumbnail","hentry","category-cursos-e-concursos"],"acf":[],"yoast_head":"<!-- This site is optimized with the Yoast SEO Premium plugin v27.2 (Yoast SEO v27.2) - https:\/\/yoast.com\/product\/yoast-seo-premium-wordpress\/ -->\n<title>Processo Seletivo Iterpa PA: SAIU edital com 80 vagas<\/title>\n<meta name=\"description\" content=\"Processo Seletivo Iterpa PA: SAIU edital com oferta de 80 vagas para diversos cargos de n\u00edveis m\u00e9dio, t\u00e9cnico e superior.\" \/>\n<meta name=\"robots\" content=\"index, follow, max-snippet:-1, max-image-preview:large, max-video-preview:-1\" \/>\n<link rel=\"canonical\" href=\"https:\/\/www.estrategiaconcursos.com.br\/blog\/processo-seletivo-iterpa-pa\/\" \/>\n<meta property=\"og:locale\" content=\"pt_BR\" \/>\n<meta property=\"og:type\" content=\"article\" \/>\n<meta property=\"og:title\" content=\"Processo Seletivo Iterpa PA: SAIU edital com 80 vagas\" \/>\n<meta property=\"og:description\" content=\"Processo Seletivo Iterpa PA: SAIU edital com oferta de 80 vagas para diversos cargos de n\u00edveis m\u00e9dio, t\u00e9cnico e superior.\" \/>\n<meta property=\"og:url\" content=\"https:\/\/www.estrategiaconcursos.com.br\/blog\/processo-seletivo-iterpa-pa\/\" \/>\n<meta property=\"og:site_name\" content=\"Estrat\u00e9gia Concursos\" \/>\n<meta property=\"article:published_time\" content=\"2020-06-06T12:45:36+00:00\" \/>\n<meta property=\"article:modified_time\" content=\"2020-06-11T11:27:14+00:00\" \/>\n<meta property=\"og:image\" content=\"https:\/\/dhg1h5j42swfq.cloudfront.net\/2019\/11\/05113836\/Saiu-Edital-7.png\" \/>\n\t<meta property=\"og:image:width\" content=\"1200\" \/>\n\t<meta property=\"og:image:height\" content=\"628\" \/>\n\t<meta property=\"og:image:type\" content=\"image\/png\" \/>\n<meta name=\"author\" content=\"Tulio Lages\" \/>\n<meta name=\"twitter:card\" content=\"summary_large_image\" \/>\n<meta name=\"twitter:creator\" content=\"@EstratConcursos\" \/>\n<meta name=\"twitter:site\" content=\"@EstratConcursos\" \/>\n<meta name=\"twitter:label1\" content=\"Escrito por\" \/>\n\t<meta name=\"twitter:data1\" content=\"Tulio Lages\" \/>\n\t<meta name=\"twitter:label2\" content=\"Est. tempo de leitura\" \/>\n\t<meta name=\"twitter:data2\" content=\"4 minutos\" \/>\n<script type=\"application\/ld+json\" class=\"yoast-schema-graph\">{\"@context\":\"https:\/\/schema.org\",\"@graph\":[{\"@type\":\"NewsArticle\",\"@id\":\"https:\/\/www.estrategiaconcursos.com.br\/blog\/processo-seletivo-iterpa-pa\/#article\",\"isPartOf\":{\"@id\":\"https:\/\/www.estrategiaconcursos.com.br\/blog\/processo-seletivo-iterpa-pa\/\"},\"author\":{\"name\":\"Tulio Lages\",\"@id\":\"https:\/\/www.estrategiaconcursos.com.br\/blog\/#\/schema\/person\/80581c41357e3666d4b56f2db6910639\"},\"headline\":\"Processo Seletivo Iterpa PA: SAIU edital com 80 vagas\",\"datePublished\":\"2020-06-06T12:45:36+00:00\",\"dateModified\":\"2020-06-11T11:27:14+00:00\",\"mainEntityOfPage\":{\"@id\":\"https:\/\/www.estrategiaconcursos.com.br\/blog\/processo-seletivo-iterpa-pa\/\"},\"wordCount\":834,\"commentCount\":0,\"publisher\":{\"@id\":\"https:\/\/www.estrategiaconcursos.com.br\/blog\/#organization\"},\"image\":{\"@id\":\"https:\/\/www.estrategiaconcursos.com.br\/blog\/processo-seletivo-iterpa-pa\/#primaryimage\"},\"thumbnailUrl\":\"https:\/\/dhg1h5j42swfq.cloudfront.net\/2019\/11\/05113836\/Saiu-Edital-7.png\",\"articleSection\":[\"Concursos P\u00fablicos\"],\"inLanguage\":\"pt-BR\",\"potentialAction\":[{\"@type\":\"CommentAction\",\"name\":\"Comment\",\"target\":[\"https:\/\/www.estrategiaconcursos.com.br\/blog\/processo-seletivo-iterpa-pa\/#respond\"]}],\"copyrightYear\":\"2020\",\"copyrightHolder\":{\"@id\":\"https:\/\/www.estrategiaconcursos.com.br\/blog\/#organization\"}},{\"@type\":\"WebPage\",\"@id\":\"https:\/\/www.estrategiaconcursos.com.br\/blog\/processo-seletivo-iterpa-pa\/\",\"url\":\"https:\/\/www.estrategiaconcursos.com.br\/blog\/processo-seletivo-iterpa-pa\/\",\"name\":\"Processo Seletivo Iterpa PA: SAIU edital com 80 vagas\",\"isPartOf\":{\"@id\":\"https:\/\/www.estrategiaconcursos.com.br\/blog\/#website\"},\"primaryImageOfPage\":{\"@id\":\"https:\/\/www.estrategiaconcursos.com.br\/blog\/processo-seletivo-iterpa-pa\/#primaryimage\"},\"image\":{\"@id\":\"https:\/\/www.estrategiaconcursos.com.br\/blog\/processo-seletivo-iterpa-pa\/#primaryimage\"},\"thumbnailUrl\":\"https:\/\/dhg1h5j42swfq.cloudfront.net\/2019\/11\/05113836\/Saiu-Edital-7.png\",\"datePublished\":\"2020-06-06T12:45:36+00:00\",\"dateModified\":\"2020-06-11T11:27:14+00:00\",\"description\":\"Processo Seletivo Iterpa PA: SAIU edital com oferta de 80 vagas para diversos cargos de n\u00edveis m\u00e9dio, t\u00e9cnico e superior.\",\"breadcrumb\":{\"@id\":\"https:\/\/www.estrategiaconcursos.com.br\/blog\/processo-seletivo-iterpa-pa\/#breadcrumb\"},\"inLanguage\":\"pt-BR\",\"potentialAction\":[{\"@type\":\"ReadAction\",\"target\":[\"https:\/\/www.estrategiaconcursos.com.br\/blog\/processo-seletivo-iterpa-pa\/\"]}]},{\"@type\":\"ImageObject\",\"inLanguage\":\"pt-BR\",\"@id\":\"https:\/\/www.estrategiaconcursos.com.br\/blog\/processo-seletivo-iterpa-pa\/#primaryimage\",\"url\":\"https:\/\/dhg1h5j42swfq.cloudfront.net\/2019\/11\/05113836\/Saiu-Edital-7.png\",\"contentUrl\":\"https:\/\/dhg1h5j42swfq.cloudfront.net\/2019\/11\/05113836\/Saiu-Edital-7.png\",\"width\":1200,\"height\":628,\"caption\":\"processo seletivo agu\"},{\"@type\":\"BreadcrumbList\",\"@id\":\"https:\/\/www.estrategiaconcursos.com.br\/blog\/processo-seletivo-iterpa-pa\/#breadcrumb\",\"itemListElement\":[{\"@type\":\"ListItem\",\"position\":1,\"name\":\"In\u00edcio\",\"item\":\"https:\/\/www.estrategiaconcursos.com.br\/blog\/\"},{\"@type\":\"ListItem\",\"position\":2,\"name\":\"Processo Seletivo Iterpa PA: SAIU edital com 80 vagas\"}]},{\"@type\":\"WebSite\",\"@id\":\"https:\/\/www.estrategiaconcursos.com.br\/blog\/#website\",\"url\":\"https:\/\/www.estrategiaconcursos.com.br\/blog\/\",\"name\":\"Estrat\u00e9gia Concursos\",\"description\":\"O blog da Estrat\u00e9gia Concursos traz not\u00edcias sobre concursos e artigos de professores oferecendo cursos para concursos (pdf + videaulas) no site.\",\"publisher\":{\"@id\":\"https:\/\/www.estrategiaconcursos.com.br\/blog\/#organization\"},\"potentialAction\":[{\"@type\":\"SearchAction\",\"target\":{\"@type\":\"EntryPoint\",\"urlTemplate\":\"https:\/\/www.estrategiaconcursos.com.br\/blog\/?s={search_term_string}\"},\"query-input\":{\"@type\":\"PropertyValueSpecification\",\"valueRequired\":true,\"valueName\":\"search_term_string\"}}],\"inLanguage\":\"pt-BR\"},{\"@type\":\"Organization\",\"@id\":\"https:\/\/www.estrategiaconcursos.com.br\/blog\/#organization\",\"name\":\"Estrat\u00e9gia Concursos\",\"url\":\"https:\/\/www.estrategiaconcursos.com.br\/blog\/\",\"logo\":{\"@type\":\"ImageObject\",\"inLanguage\":\"pt-BR\",\"@id\":\"https:\/\/www.estrategiaconcursos.com.br\/blog\/#\/schema\/logo\/image\/\",\"url\":\"https:\/\/dhg1h5j42swfq.cloudfront.net\/2025\/06\/03203428\/logo_concursos-1.jpg\",\"contentUrl\":\"https:\/\/dhg1h5j42swfq.cloudfront.net\/2025\/06\/03203428\/logo_concursos-1.jpg\",\"width\":230,\"height\":60,\"caption\":\"Estrat\u00e9gia Concursos\"},\"image\":{\"@id\":\"https:\/\/www.estrategiaconcursos.com.br\/blog\/#\/schema\/logo\/image\/\"},\"sameAs\":[\"https:\/\/x.com\/EstratConcursos\"]},{\"@type\":\"Person\",\"@id\":\"https:\/\/www.estrategiaconcursos.com.br\/blog\/#\/schema\/person\/80581c41357e3666d4b56f2db6910639\",\"name\":\"Tulio Lages\",\"image\":{\"@type\":\"ImageObject\",\"inLanguage\":\"pt-BR\",\"@id\":\"https:\/\/secure.gravatar.com\/avatar\/d24e31d7062c4ca48f968843d2bcad20a2ba1a5cf087b6f34171db005b925941?s=96&d=mm&r=g\",\"url\":\"https:\/\/secure.gravatar.com\/avatar\/d24e31d7062c4ca48f968843d2bcad20a2ba1a5cf087b6f34171db005b925941?s=96&d=mm&r=g\",\"contentUrl\":\"https:\/\/secure.gravatar.com\/avatar\/d24e31d7062c4ca48f968843d2bcad20a2ba1a5cf087b6f34171db005b925941?s=96&d=mm&r=g\",\"caption\":\"Tulio Lages\"},\"url\":\"https:\/\/www.estrategiaconcursos.com.br\/blog\/author\/tuliolagesestrategiaconcursos-com-br\/\"}]}<\/script>\n<!-- \/ Yoast SEO Premium plugin. -->","yoast_head_json":{"title":"Processo Seletivo Iterpa PA: SAIU edital com 80 vagas","description":"Processo Seletivo Iterpa PA: SAIU edital com oferta de 80 vagas para diversos cargos de n\u00edveis m\u00e9dio, t\u00e9cnico e superior.","robots":{"index":"index","follow":"follow","max-snippet":"max-snippet:-1","max-image-preview":"max-image-preview:large","max-video-preview":"max-video-preview:-1"},"canonical":"https:\/\/www.estrategiaconcursos.com.br\/blog\/processo-seletivo-iterpa-pa\/","og_locale":"pt_BR","og_type":"article","og_title":"Processo Seletivo Iterpa PA: SAIU edital com 80 vagas","og_description":"Processo Seletivo Iterpa PA: SAIU edital com oferta de 80 vagas para diversos cargos de n\u00edveis m\u00e9dio, t\u00e9cnico e superior.","og_url":"https:\/\/www.estrategiaconcursos.com.br\/blog\/processo-seletivo-iterpa-pa\/","og_site_name":"Estrat\u00e9gia Concursos","article_published_time":"2020-06-06T12:45:36+00:00","article_modified_time":"2020-06-11T11:27:14+00:00","og_image":[{"width":1200,"height":628,"url":"https:\/\/dhg1h5j42swfq.cloudfront.net\/2019\/11\/05113836\/Saiu-Edital-7.png","type":"image\/png"}],"author":"Tulio Lages","twitter_card":"summary_large_image","twitter_creator":"@EstratConcursos","twitter_site":"@EstratConcursos","twitter_misc":{"Escrito por":"Tulio Lages","Est. tempo de leitura":"4 minutos"},"schema":{"@context":"https:\/\/schema.org","@graph":[{"@type":"NewsArticle","@id":"https:\/\/www.estrategiaconcursos.com.br\/blog\/processo-seletivo-iterpa-pa\/#article","isPartOf":{"@id":"https:\/\/www.estrategiaconcursos.com.br\/blog\/processo-seletivo-iterpa-pa\/"},"author":{"name":"Tulio Lages","@id":"https:\/\/www.estrategiaconcursos.com.br\/blog\/#\/schema\/person\/80581c41357e3666d4b56f2db6910639"},"headline":"Processo Seletivo Iterpa PA: SAIU edital com 80 vagas","datePublished":"2020-06-06T12:45:36+00:00","dateModified":"2020-06-11T11:27:14+00:00","mainEntityOfPage":{"@id":"https:\/\/www.estrategiaconcursos.com.br\/blog\/processo-seletivo-iterpa-pa\/"},"wordCount":834,"commentCount":0,"publisher":{"@id":"https:\/\/www.estrategiaconcursos.com.br\/blog\/#organization"},"image":{"@id":"https:\/\/www.estrategiaconcursos.com.br\/blog\/processo-seletivo-iterpa-pa\/#primaryimage"},"thumbnailUrl":"https:\/\/dhg1h5j42swfq.cloudfront.net\/2019\/11\/05113836\/Saiu-Edital-7.png","articleSection":["Concursos P\u00fablicos"],"inLanguage":"pt-BR","potentialAction":[{"@type":"CommentAction","name":"Comment","target":["https:\/\/www.estrategiaconcursos.com.br\/blog\/processo-seletivo-iterpa-pa\/#respond"]}],"copyrightYear":"2020","copyrightHolder":{"@id":"https:\/\/www.estrategiaconcursos.com.br\/blog\/#organization"}},{"@type":"WebPage","@id":"https:\/\/www.estrategiaconcursos.com.br\/blog\/processo-seletivo-iterpa-pa\/","url":"https:\/\/www.estrategiaconcursos.com.br\/blog\/processo-seletivo-iterpa-pa\/","name":"Processo Seletivo Iterpa PA: SAIU edital com 80 vagas","isPartOf":{"@id":"https:\/\/www.estrategiaconcursos.com.br\/blog\/#website"},"primaryImageOfPage":{"@id":"https:\/\/www.estrategiaconcursos.com.br\/blog\/processo-seletivo-iterpa-pa\/#primaryimage"},"image":{"@id":"https:\/\/www.estrategiaconcursos.com.br\/blog\/processo-seletivo-iterpa-pa\/#primaryimage"},"thumbnailUrl":"https:\/\/dhg1h5j42swfq.cloudfront.net\/2019\/11\/05113836\/Saiu-Edital-7.png","datePublished":"2020-06-06T12:45:36+00:00","dateModified":"2020-06-11T11:27:14+00:00","description":"Processo Seletivo Iterpa PA: SAIU edital com oferta de 80 vagas para diversos cargos de n\u00edveis m\u00e9dio, t\u00e9cnico e superior.","breadcrumb":{"@id":"https:\/\/www.estrategiaconcursos.com.br\/blog\/processo-seletivo-iterpa-pa\/#breadcrumb"},"inLanguage":"pt-BR","potentialAction":[{"@type":"ReadAction","target":["https:\/\/www.estrategiaconcursos.com.br\/blog\/processo-seletivo-iterpa-pa\/"]}]},{"@type":"ImageObject","inLanguage":"pt-BR","@id":"https:\/\/www.estrategiaconcursos.com.br\/blog\/processo-seletivo-iterpa-pa\/#primaryimage","url":"https:\/\/dhg1h5j42swfq.cloudfront.net\/2019\/11\/05113836\/Saiu-Edital-7.png","contentUrl":"https:\/\/dhg1h5j42swfq.cloudfront.net\/2019\/11\/05113836\/Saiu-Edital-7.png","width":1200,"height":628,"caption":"processo seletivo agu"},{"@type":"BreadcrumbList","@id":"https:\/\/www.estrategiaconcursos.com.br\/blog\/processo-seletivo-iterpa-pa\/#breadcrumb","itemListElement":[{"@type":"ListItem","position":1,"name":"In\u00edcio","item":"https:\/\/www.estrategiaconcursos.com.br\/blog\/"},{"@type":"ListItem","position":2,"name":"Processo Seletivo Iterpa PA: SAIU edital com 80 vagas"}]},{"@type":"WebSite","@id":"https:\/\/www.estrategiaconcursos.com.br\/blog\/#website","url":"https:\/\/www.estrategiaconcursos.com.br\/blog\/","name":"Estrat\u00e9gia Concursos","description":"O blog da Estrat\u00e9gia Concursos traz not\u00edcias sobre concursos e artigos de professores oferecendo cursos para concursos (pdf + videaulas) no site.","publisher":{"@id":"https:\/\/www.estrategiaconcursos.com.br\/blog\/#organization"},"potentialAction":[{"@type":"SearchAction","target":{"@type":"EntryPoint","urlTemplate":"https:\/\/www.estrategiaconcursos.com.br\/blog\/?s={search_term_string}"},"query-input":{"@type":"PropertyValueSpecification","valueRequired":true,"valueName":"search_term_string"}}],"inLanguage":"pt-BR"},{"@type":"Organization","@id":"https:\/\/www.estrategiaconcursos.com.br\/blog\/#organization","name":"Estrat\u00e9gia Concursos","url":"https:\/\/www.estrategiaconcursos.com.br\/blog\/","logo":{"@type":"ImageObject","inLanguage":"pt-BR","@id":"https:\/\/www.estrategiaconcursos.com.br\/blog\/#\/schema\/logo\/image\/","url":"https:\/\/dhg1h5j42swfq.cloudfront.net\/2025\/06\/03203428\/logo_concursos-1.jpg","contentUrl":"https:\/\/dhg1h5j42swfq.cloudfront.net\/2025\/06\/03203428\/logo_concursos-1.jpg","width":230,"height":60,"caption":"Estrat\u00e9gia Concursos"},"image":{"@id":"https:\/\/www.estrategiaconcursos.com.br\/blog\/#\/schema\/logo\/image\/"},"sameAs":["https:\/\/x.com\/EstratConcursos"]},{"@type":"Person","@id":"https:\/\/www.estrategiaconcursos.com.br\/blog\/#\/schema\/person\/80581c41357e3666d4b56f2db6910639","name":"Tulio Lages","image":{"@type":"ImageObject","inLanguage":"pt-BR","@id":"https:\/\/secure.gravatar.com\/avatar\/d24e31d7062c4ca48f968843d2bcad20a2ba1a5cf087b6f34171db005b925941?s=96&d=mm&r=g","url":"https:\/\/secure.gravatar.com\/avatar\/d24e31d7062c4ca48f968843d2bcad20a2ba1a5cf087b6f34171db005b925941?s=96&d=mm&r=g","contentUrl":"https:\/\/secure.gravatar.com\/avatar\/d24e31d7062c4ca48f968843d2bcad20a2ba1a5cf087b6f34171db005b925941?s=96&d=mm&r=g","caption":"Tulio Lages"},"url":"https:\/\/www.estrategiaconcursos.com.br\/blog\/author\/tuliolagesestrategiaconcursos-com-br\/"}]}},"_links":{"self":[{"href":"https:\/\/www.estrategiaconcursos.com.br\/blog\/wp-json\/wp\/v2\/posts\/523391","targetHints":{"allow":["GET"]}}],"collection":[{"href":"https:\/\/www.estrategiaconcursos.com.br\/blog\/wp-json\/wp\/v2\/posts"}],"about":[{"href":"https:\/\/www.estrategiaconcursos.com.br\/blog\/wp-json\/wp\/v2\/types\/post"}],"author":[{"embeddable":true,"href":"https:\/\/www.estrategiaconcursos.com.br\/blog\/wp-json\/wp\/v2\/users\/221"}],"replies":[{"embeddable":true,"href":"https:\/\/www.estrategiaconcursos.com.br\/blog\/wp-json\/wp\/v2\/comments?post=523391"}],"version-history":[{"count":10,"href":"https:\/\/www.estrategiaconcursos.com.br\/blog\/wp-json\/wp\/v2\/posts\/523391\/revisions"}],"predecessor-version":[{"id":525540,"href":"https:\/\/www.estrategiaconcursos.com.br\/blog\/wp-json\/wp\/v2\/posts\/523391\/revisions\/525540"}],"wp:featuredmedia":[{"embeddable":true,"href":"https:\/\/www.estrategiaconcursos.com.br\/blog\/wp-json\/wp\/v2\/media\/444274"}],"wp:attachment":[{"href":"https:\/\/www.estrategiaconcursos.com.br\/blog\/wp-json\/wp\/v2\/media?parent=523391"}],"wp:term":[{"taxonomy":"category","embeddable":true,"href":"https:\/\/www.estrategiaconcursos.com.br\/blog\/wp-json\/wp\/v2\/categories?post=523391"},{"taxonomy":"post_tag","embeddable":true,"href":"https:\/\/www.estrategiaconcursos.com.br\/blog\/wp-json\/wp\/v2\/tags?post=523391"},{"taxonomy":"tax_estado","embeddable":true,"href":"https:\/\/www.estrategiaconcursos.com.br\/blog\/wp-json\/wp\/v2\/tax_estado?post=523391"}],"curies":[{"name":"wp","href":"https:\/\/api.w.org\/{rel}","templated":true}]}}