{"id":522779,"date":"2020-06-23T10:00:00","date_gmt":"2020-06-23T13:00:00","guid":{"rendered":"https:\/\/www.estrategiaconcursos.com.br\/blog\/?p=522779"},"modified":"2020-06-11T13:57:48","modified_gmt":"2020-06-11T16:57:48","slug":"lei-do-ventre-livre-a-primeira-lei-abolicionista-do-brasil","status":"publish","type":"post","link":"https:\/\/www.estrategiaconcursos.com.br\/blog\/lei-do-ventre-livre-a-primeira-lei-abolicionista-do-brasil\/","title":{"rendered":"Lei do Ventre Livre: a primeira lei abolicionista do Brasil."},"content":{"rendered":"\n<p>A Lei do Ventre Livre (Lei Rio Branco) foi promulgada pela Princesa Isabel em 28 de setembro de 1871 e ficou conhecida como a primeira lei abolicionista do Brasil. O projeto foi apresentado por Visconde do Rio Branco, Partido Conservador, e aprovado tanto pelo Senado como pela C\u00e2mara dos Deputados, tornando-se a Lei n\u00ba 2.040.<\/p>\n\n\n\n<p>A partir da Lei do Ventre Livre, foi concedida a liberdade aos filhos dos escravos nascidos ap\u00f3s a data da sua promulga\u00e7\u00e3o. A lei ainda trazia outras providencias em rela\u00e7\u00e3o ao tratamento e a cria\u00e7\u00e3o daqueles filhos menores. Ela n\u00e3o foi respons\u00e1vel por cessar a escravid\u00e3o no territ\u00f3rio brasileiro, mas foi um importante passo para possibilitar a transa\u00e7\u00e3o gradual do sistema escravocrata para o da m\u00e3o de obra livre.<\/p>\n\n\n\n<figure class=\"wp-block-image size-large is-style-default\"><img loading=\"lazy\" decoding=\"async\" width=\"486\" height=\"350\" src=\"https:\/\/dhg1h5j42swfq.cloudfront.net\/2020\/06\/04200956\/28-de-setembro-Dia-da-Lei-do-Ventre-Livre-1.jpg\" alt=\"Lei do Ventre Livre\" class=\"wp-image-522781\" srcset=\"https:\/\/dhg1h5j42swfq.cloudfront.net\/2020\/06\/04200956\/28-de-setembro-Dia-da-Lei-do-Ventre-Livre-1.jpg 486w, https:\/\/dhg1h5j42swfq.cloudfront.net\/2020\/06\/04200956\/28-de-setembro-Dia-da-Lei-do-Ventre-Livre-1-300x216.jpg 300w\" sizes=\"auto, (max-width: 486px) 100vw, 486px\" \/><\/figure>\n\n\n\n<h2 class=\"wp-block-heading\">Contexto Hist\u00f3rico<\/h2>\n\n\n\n<h3 class=\"wp-block-heading\">Press\u00e3o da Inglaterra<\/h3>\n\n\n\n<p>Na segunda metade do s\u00e9culo XIX, existia uma grande tens\u00e3o social no Brasil. Isso foi resultado das transforma\u00e7\u00f5es econ\u00f4micas e sociais que levaram \u00e0 crise do segundo reinado, e como consequ\u00eancia, o fim da monarquia. A Inglaterra &#8211; uma das maiores pot\u00eancias comerciais e mar\u00edtimas da \u00e9poca &#8211; exercia uma forte press\u00e3o para que o governo brasileiro tomasse alguma provid\u00eancia quanto \u00e0 escravid\u00e3o. Isso se dava pela busca da corte brit\u00e2nica por um fortalecimento do mercado consumidor brasileiro, j\u00e1 que havia realizado grandes investimentos no territ\u00f3rio nacional. A m\u00e3o de obra escrava ainda era um empecilho para isso e, devido \u00e0 insist\u00eancia internacional, o brasil proibiu o com\u00e9rcio ultramarino de escravos em 1850, atrav\u00e9s da Lei Eus\u00e9bio de Queir\u00f3s.<\/p>\n\n\n\n<h3 class=\"wp-block-heading\">Apoio popular<\/h3>\n\n\n\n<p>O crescimento da cultura do caf\u00e9, nos territ\u00f3rios do sudeste do pa\u00eds, estimulou a urbaniza\u00e7\u00e3o e a industrializa\u00e7\u00e3o nessa regi\u00e3o, e com isso, ocorreu o surgimento de novos grupos sociais. Esses grupos passaram a ser opostos ao regime escravocrata, apoiavam e incentivavam as fugas e rebeli\u00f5es dos escravos negros, que lutavam incansavelmente pela liberdade.<\/p>\n\n\n\n<h2 class=\"wp-block-heading\">Princesa Isabel<\/h2>\n\n\n\n<p>Juntamente com a vis\u00e3o abolicionista dentro da igreja cat\u00f3lica e a press\u00e3o internacional, as tens\u00f5es entre as classes foram extremamente importantes para a ades\u00e3o da Princesa Isabel ao processo de liberta\u00e7\u00e3o dos escravos. Como resultado, Isabel mostrava muito empenho em prol das causas abolicionistas e humanit\u00e1rias, criando a Associa\u00e7\u00e3o Protetora da Inf\u00e2ncia Desamparada, em 1883.<\/p>\n\n\n\n<p>Apesar de toda a conjuntura para o fim do escravismo, a princesa sabia que o processo deveria ser gradual, pois uma aboli\u00e7\u00e3o abrupta da escravid\u00e3o poderia causar uma quebra da ordem pol\u00edtica e social. Fato que tenderia a levar a s\u00e9rios conflitos civis. Dessa forma, a Lei do Ventre Livre foi implementada para possibilitar um processo lento, gradual e pac\u00edfico.<\/p>\n\n\n\n<h2 class=\"wp-block-heading\">Principais artigos da Lei do Ventre Livre<\/h2>\n\n\n\n<h4 class=\"wp-block-heading\"><strong><\/strong><strong><a href=\"http:\/\/legislacao.planalto.gov.br\/legisla\/legislacao.nsf\/Viw_Identificacao\/lim%202.040-1871?OpenDocument\">LEI N\u00ba 2.040, DE 28 DE SETEMBRO DE 1871<\/a><\/strong> <\/h4>\n\n\n\n<p><em>A Princesa Imperial Regente, em nome de S. M. o Imperador e Sr. D. Pedro II, faz saber a todos os cidad\u00e3os do Imp\u00e9rio que a Assembl\u00e9ia Geral decretou e ela sancionou a lei seguinte:&nbsp;<\/em><\/p>\n\n\n\n<p><em>Art. 1.\u00ba &#8211; Os filhos de mulher escrava que nascerem no Imp\u00e9rio desde a data desta lei ser\u00e3o considerados de condi\u00e7\u00e3o livre.&nbsp;<\/em><\/p>\n\n\n\n<p><em>&nbsp;\u00a7 1.\u00ba &#8211; Os ditos filhos menores ficar\u00e3o em poder ou sob a autoridade dos senhores de suas m\u00e3es, os quais ter\u00e3o a obriga\u00e7\u00e3o de cri\u00e1-los e trat\u00e1-los at\u00e9 a idade de oito anos completos. Chegando o filho da escrava a esta idade, o senhor da m\u00e3e ter\u00e1 op\u00e7\u00e3o<\/em>. O<em>u de receber do Estado a indeniza\u00e7\u00e3o de 600$000, ou de utilizar-se dos servi\u00e7os do menor at\u00e9 a idade de 21 anos completos. No primeiro caso, o Gov\u00earno receber\u00e1 o menor e lhe dar\u00e1 destino, em conformidade da presente lei.&nbsp;<\/em><\/p>\n\n\n\n<h5 class=\"wp-block-heading\"><em>&nbsp;Art. 3.\u00ba &#8211; Ser\u00e3o anualmente libertados em cada prov\u00edncia do Imp\u00e9rio tantos escravos quantos corresponderem \u00e0 quota anualmente dispon\u00edvel do fundo destinado para a emancipa\u00e7\u00e3o&#8230;&nbsp;<\/em><\/h5>\n\n\n\n<p>(&#8230;)<\/p>\n\n\n\n<p><em>Art. 8.\u00ba &#8211; O Gov\u00e8rno mandar\u00e1 proceder \u00e0 matr\u00edcula especial de todos os escravos existentes do Imp\u00e9rio<\/em>. <em>Com declara\u00e7\u00e3o do nome, sexo, estado, aptid\u00e3o para o trabalho e filia\u00e7\u00e3o de cada um, se f\u00f4r conhecida.&nbsp;<\/em><\/p>\n\n\n\n<p><em>&nbsp;\u00a7 2.\u00ba &#8211; Os escravos que, por culpa ou omiss\u00e3o dos interessados n\u00e3o forem dados \u00e0 matr\u00edcula, at\u00e9 um ano depois do encerramento desta, ser\u00e3o por \u00easte fato considerados libertos.&nbsp;<\/em><\/p>\n\n\n\n<p><em>&nbsp;\u00a7 4.\u00ba &#8211; Ser\u00e3o tamb\u00e9m matriculados em livro distinto os filhos da mulher escrava, que por esta lei ficam livres. Incorrer\u00e3o os senhores omissos, por neglig\u00eancia, na multa de 100$000 a 200$000. Repetidas tantas v\u00eazes quantos forem os indiv\u00edduos omitidos, e por fraude nas penas do ari. 179 do c\u00f3digo criminal.&nbsp;<\/em><\/p>\n\n\n\n<h5 class=\"wp-block-heading\"><em>&nbsp;Art. 9.\u00ba &#8211; O Gov\u00earno em seus regulamentos poder\u00e1 impor multas at\u00e9 100$000 e penas de pris\u00e3o simples at\u00e9 um m\u00eas.&nbsp;<\/em><\/h5>\n\n\n\n<p><em>&nbsp;Art. 10\u00ba &#8211; Ficam revogadas as disposi\u00e7\u00f5es em contr\u00e1rio. Manda, portanto, a t\u00f4das as autoridades a quem o conhecimento e execu\u00e7\u00e3o da referida lei pertencer, que a cumpram e fa\u00e7am cumprir e guardar t\u00e3o inteiramente como nela se cont\u00e9m. O Secret\u00e1rio de Estado de Neg\u00f3cios da Agricultura, Com\u00e9rcio e Obras P\u00fablicas a fa\u00e7a imprimir, publicar e correr.&nbsp;<\/em><\/p>\n\n\n\n<p><em>&nbsp;Dada no Pal\u00e1cio do Rio de Janeiro, aos 28 de setembro de 1871, 50.\u00ba da Independ\u00eancia e do Imp\u00e9rio&nbsp;<\/em><\/p>\n\n\n\n<p><em>Princesa Imperial Regente &#8211; Teodoro Machado Freire Pereira da Silva.<\/em><\/p>\n\n\n\n<h2 class=\"wp-block-heading\">O que propunha a Lei do Ventre Livre<\/h2>\n\n\n\n<p>A Lei do Ventre Livre garantia que as crian\u00e7as nascidas a partir da sua promulga\u00e7\u00e3o estariam livres. Elas deveriam ficar sob a guarda dos senhores de suas m\u00e3es at\u00e9 completarem oito anos de idade, assim, ap\u00f3s completar essa idade, havia duas possibilidades. Ou os senhores entregavam as crian\u00e7as aos cuidados do governo e recebiam uma indeniza\u00e7\u00e3o, ou poderiam utilizar os servi\u00e7os dos menores at\u00e9 eles completarem vinte e um anos de idade. Na pr\u00e1tica, a segunda op\u00e7\u00e3o era a mais comum, o que beneficiava os senhorios, que continuavam de posse de uma m\u00e3o de obra barata.<\/p>\n\n\n\n<p>Al\u00e9m de determinar a constitui\u00e7\u00e3o de um fundo de emancipa\u00e7\u00e3o e regular as alforrias. A Lei do Ventre Livre obrigava o cadastro de todos os escravos existentes no Imp\u00e9rio. Com declara\u00e7\u00e3o do nome, sexo, estado, aptid\u00e3o para o trabalho e filia\u00e7\u00e3o de cada um. Esse cadastro foi realizado em 1972.<\/p>\n\n\n\n<h2 class=\"wp-block-heading\">Consequ\u00eancias da Lei do Ventre Livre<\/h2>\n\n\n\n<p>Apesar de ser um importante passo para o processo gradual de aboli\u00e7\u00e3o, a Lei do Ventre Livre serviu principalmente como uma forma de atenuar as tens\u00f5es existentes \u00e0 \u00e9poca e mostrar a preocupa\u00e7\u00e3o do governo em abolir sistema escravagista. Atendeu a demanda dos senhores por indeniza\u00e7\u00f5es e mostrou aos abolicionistas o empenho do governo em rela\u00e7\u00e3o ao fim do regime.<\/p>\n\n\n\n<p>Contudo, na pr\u00e1tica, poucas foram as consequ\u00eancias da Lei do Ventre Livre, pois a liberdade n\u00e3o era dada de imediato \u00e0s crian\u00e7as, muitos menos \u00e0queles negros que j\u00e1 se encontravam em situa\u00e7\u00e3o de servid\u00e3o. Esse fato ficou claro para os movimentos libert\u00e1rios, que continuaram a lutar pelo fim da escravatura durante as d\u00e9cadas de 70 e 80 do s\u00e9culo XIX.<\/p>\n\n\n\n<p>A luta foi incentivada pelos registros obrigat\u00f3rios dos escravos, pois os negros n\u00e3o cadastrados eram considerados livres ap\u00f3s um ano. Com isso, os libertadores consultavam frequentemente os registros em busca de irregularidades que possibilitassem a atua\u00e7\u00e3o da justi\u00e7a brasileira.<\/p>\n\n\n\n<p>O movimente crescente da luta contra a escravid\u00e3o fez surgir tamb\u00e9m alguns movimentos contr\u00e1rios \u00e0 aboli\u00e7\u00e3o, que resistiam \u00e0 luta. A Lei dos Sexagen\u00e1rios, sendo assim, foi um reflexo desses movimentos, e considerada um retrocesso pelos abolicionistas por exigir condi\u00e7\u00f5es muito r\u00edgidas para a liberdade. Por\u00e9m, os esfor\u00e7os dos escravocratas n\u00e3o foram suficientes para frear os libert\u00e1rios, a resist\u00eancia \u00e0 servid\u00e3o continuou crescendo e culminou na Lei \u00c1urea de 1888.<\/p>\n\n\n\n<h2 class=\"wp-block-heading\">Conclus\u00f5es<\/h2>\n\n\n\n<p>A Lei do Ventre Livre foi resultado da forte press\u00e3o social. Principalmente da luta dos pr\u00f3prios movimentos da popula\u00e7\u00e3o negra para p\u00f4r fim \u00e0 escravatura no Brasil. Com a ades\u00e3o de boa parte da popula\u00e7\u00e3o e a expans\u00e3o comercial e industrial, mostrou-se que o regime escravista j\u00e1 n\u00e3o se enquadrava nos moldes de uma sociedade moderna.<\/p>\n\n\n\n<p>N\u00e3o podemos dizer, contudo, que os governantes eram completamente sens\u00edveis as causas humanit\u00e1rias, pois muitas decis\u00f5es foram tomadas por interesses pol\u00edticos e econ\u00f4micos. Mas ficou claro para a popula\u00e7\u00e3o brasileira que est\u00e1vamos caminhando na contram\u00e3o da tend\u00eancia internacional de colocar fim em um regime que at\u00e9 hoje traz duras consequ\u00eancias para a popula\u00e7\u00e3o negra do Brasil.<\/p>\n\n\n\n<p><\/p>\n\n\n\n<p class=\"has-text-align-center has-medium-font-size\"><em><strong>Assinatura Anual Ilimitada*<\/strong><\/em><\/p>\n\n\n\n<p class=\"has-text-align-center\"><em>Prepare-se com o melhor material e com quem mais aprova em Concursos P\u00fablicos em todo o pa\u00eds. Assine agora a nossa Assinatura Anual e tenha acesso ilimitado* a todos os nossos cursos.<\/em><\/p>\n\n\n\n<p style=\"font-size:22px\" class=\"has-background has-text-align-center has-luminous-vivid-amber-background-color\"><strong>ASSINE AGORA<\/strong>&nbsp;\u2013&nbsp;<a rel=\"noreferrer noopener\" href=\"https:\/\/www.estrategiaconcursos.com.br\/assinaturas\" target=\"_blank\"><strong>Assinatura Ilimitada<\/strong><\/a><\/p>\n\n\n\n<p class=\"has-text-align-center has-medium-font-size\"><em><strong>Fique por dentro de todos os concursos<\/strong><\/em>:<\/p>\n\n\n\n<p style=\"font-size:22px\" class=\"has-background has-text-align-center has-pale-cyan-blue-background-color\"><a rel=\"noreferrer noopener\" href=\"https:\/\/www.estrategiaconcursos.com.br\/blog\/concursos-abertos\/\" target=\"_blank\"><strong>Concursos abertos<\/strong><\/a><\/p>\n\n\n\n<p style=\"font-size:22px\" class=\"has-background has-text-align-center has-pale-cyan-blue-background-color\"><a rel=\"noreferrer noopener\" href=\"https:\/\/www.estrategiaconcursos.com.br\/blog\/concursos-2020\/\" target=\"_blank\"><strong>Concursos 2020<\/strong><\/a><\/p>\n","protected":false},"excerpt":{"rendered":"<p>A Lei do Ventre Livre (Lei Rio Branco) foi promulgada pela Princesa Isabel em 28 de setembro de 1871 e ficou conhecida como a primeira lei abolicionista do Brasil. O projeto foi apresentado por Visconde do Rio Branco, Partido Conservador, e aprovado tanto pelo Senado como pela C\u00e2mara dos Deputados, tornando-se a Lei n\u00ba 2.040. [&hellip;]<\/p>\n","protected":false},"author":1124,"featured_media":0,"comment_status":"open","ping_status":"closed","sticky":false,"template":"","format":"standard","meta":{"post_tipo":"article","footnotes":""},"categories":[1],"tags":[],"tax_estado":[],"class_list":["post-522779","post","type-post","status-publish","format-standard","hentry","category-cursos-e-concursos"],"acf":[],"yoast_head":"<!-- This site is optimized with the Yoast SEO Premium plugin v27.2 (Yoast SEO v27.2) - https:\/\/yoast.com\/product\/yoast-seo-premium-wordpress\/ -->\n<title>Lei do Ventre Livre: a primeira lei abolicionista do Brasil.<\/title>\n<meta name=\"description\" content=\"Saiba tudo sobre a Lei do Ventre Livre, a primeira norma abolicionista do Brasil, e como se deu o processo de aboli\u00e7\u00e3o da escravatura no Brasil.\" \/>\n<meta name=\"robots\" content=\"index, follow, max-snippet:-1, max-image-preview:large, max-video-preview:-1\" \/>\n<link rel=\"canonical\" href=\"https:\/\/www.estrategiaconcursos.com.br\/blog\/lei-do-ventre-livre-a-primeira-lei-abolicionista-do-brasil\/\" \/>\n<meta property=\"og:locale\" content=\"pt_BR\" \/>\n<meta property=\"og:type\" content=\"article\" \/>\n<meta property=\"og:title\" content=\"Lei do Ventre Livre: a primeira lei abolicionista do Brasil.\" \/>\n<meta property=\"og:description\" content=\"Saiba tudo sobre a Lei do Ventre Livre, a primeira norma abolicionista do Brasil, e como se deu o processo de aboli\u00e7\u00e3o da escravatura no Brasil.\" \/>\n<meta property=\"og:url\" content=\"https:\/\/www.estrategiaconcursos.com.br\/blog\/lei-do-ventre-livre-a-primeira-lei-abolicionista-do-brasil\/\" \/>\n<meta property=\"og:site_name\" content=\"Estrat\u00e9gia Concursos\" \/>\n<meta property=\"article:published_time\" content=\"2020-06-23T13:00:00+00:00\" \/>\n<meta property=\"og:image\" content=\"https:\/\/www.estrategiaconcursos.com.br\/blog\/wp-content\/uploads\/2020\/06\/28-de-setembro-Dia-da-Lei-do-Ventre-Livre-1.jpg\" \/>\n<meta name=\"author\" content=\"Alessandra Lopes\" \/>\n<meta name=\"twitter:card\" content=\"summary_large_image\" \/>\n<meta name=\"twitter:creator\" content=\"@EstratConcursos\" \/>\n<meta name=\"twitter:site\" content=\"@EstratConcursos\" \/>\n<meta name=\"twitter:label1\" content=\"Escrito por\" \/>\n\t<meta name=\"twitter:data1\" content=\"Alessandra Lopes\" \/>\n\t<meta name=\"twitter:label2\" content=\"Est. tempo de leitura\" \/>\n\t<meta name=\"twitter:data2\" content=\"8 minutos\" \/>\n<script type=\"application\/ld+json\" class=\"yoast-schema-graph\">{\"@context\":\"https:\/\/schema.org\",\"@graph\":[{\"@type\":\"NewsArticle\",\"@id\":\"https:\/\/www.estrategiaconcursos.com.br\/blog\/lei-do-ventre-livre-a-primeira-lei-abolicionista-do-brasil\/#article\",\"isPartOf\":{\"@id\":\"https:\/\/www.estrategiaconcursos.com.br\/blog\/lei-do-ventre-livre-a-primeira-lei-abolicionista-do-brasil\/\"},\"author\":{\"name\":\"Alessandra Lopes\",\"@id\":\"https:\/\/www.estrategiaconcursos.com.br\/blog\/#\/schema\/person\/d6f3980f18465975dc814138e3b4c7a1\"},\"headline\":\"Lei do Ventre Livre: a primeira lei abolicionista do Brasil.\",\"datePublished\":\"2020-06-23T13:00:00+00:00\",\"mainEntityOfPage\":{\"@id\":\"https:\/\/www.estrategiaconcursos.com.br\/blog\/lei-do-ventre-livre-a-primeira-lei-abolicionista-do-brasil\/\"},\"wordCount\":1550,\"commentCount\":0,\"publisher\":{\"@id\":\"https:\/\/www.estrategiaconcursos.com.br\/blog\/#organization\"},\"image\":{\"@id\":\"https:\/\/www.estrategiaconcursos.com.br\/blog\/lei-do-ventre-livre-a-primeira-lei-abolicionista-do-brasil\/#primaryimage\"},\"thumbnailUrl\":\"https:\/\/www.estrategiaconcursos.com.br\/blog\/wp-content\/uploads\/2020\/06\/28-de-setembro-Dia-da-Lei-do-Ventre-Livre-1.jpg\",\"articleSection\":[\"Concursos P\u00fablicos\"],\"inLanguage\":\"pt-BR\",\"potentialAction\":[{\"@type\":\"CommentAction\",\"name\":\"Comment\",\"target\":[\"https:\/\/www.estrategiaconcursos.com.br\/blog\/lei-do-ventre-livre-a-primeira-lei-abolicionista-do-brasil\/#respond\"]}],\"copyrightYear\":\"2020\",\"copyrightHolder\":{\"@id\":\"https:\/\/www.estrategiaconcursos.com.br\/blog\/#organization\"}},{\"@type\":\"WebPage\",\"@id\":\"https:\/\/www.estrategiaconcursos.com.br\/blog\/lei-do-ventre-livre-a-primeira-lei-abolicionista-do-brasil\/\",\"url\":\"https:\/\/www.estrategiaconcursos.com.br\/blog\/lei-do-ventre-livre-a-primeira-lei-abolicionista-do-brasil\/\",\"name\":\"Lei do Ventre Livre: a primeira lei abolicionista do Brasil.\",\"isPartOf\":{\"@id\":\"https:\/\/www.estrategiaconcursos.com.br\/blog\/#website\"},\"primaryImageOfPage\":{\"@id\":\"https:\/\/www.estrategiaconcursos.com.br\/blog\/lei-do-ventre-livre-a-primeira-lei-abolicionista-do-brasil\/#primaryimage\"},\"image\":{\"@id\":\"https:\/\/www.estrategiaconcursos.com.br\/blog\/lei-do-ventre-livre-a-primeira-lei-abolicionista-do-brasil\/#primaryimage\"},\"thumbnailUrl\":\"https:\/\/www.estrategiaconcursos.com.br\/blog\/wp-content\/uploads\/2020\/06\/28-de-setembro-Dia-da-Lei-do-Ventre-Livre-1.jpg\",\"datePublished\":\"2020-06-23T13:00:00+00:00\",\"description\":\"Saiba tudo sobre a Lei do Ventre Livre, a primeira norma abolicionista do Brasil, e como se deu o processo de aboli\u00e7\u00e3o da escravatura no Brasil.\",\"breadcrumb\":{\"@id\":\"https:\/\/www.estrategiaconcursos.com.br\/blog\/lei-do-ventre-livre-a-primeira-lei-abolicionista-do-brasil\/#breadcrumb\"},\"inLanguage\":\"pt-BR\",\"potentialAction\":[{\"@type\":\"ReadAction\",\"target\":[\"https:\/\/www.estrategiaconcursos.com.br\/blog\/lei-do-ventre-livre-a-primeira-lei-abolicionista-do-brasil\/\"]}]},{\"@type\":\"ImageObject\",\"inLanguage\":\"pt-BR\",\"@id\":\"https:\/\/www.estrategiaconcursos.com.br\/blog\/lei-do-ventre-livre-a-primeira-lei-abolicionista-do-brasil\/#primaryimage\",\"url\":\"https:\/\/dhg1h5j42swfq.cloudfront.net\/2020\/06\/04200956\/28-de-setembro-Dia-da-Lei-do-Ventre-Livre-1.jpg\",\"contentUrl\":\"https:\/\/dhg1h5j42swfq.cloudfront.net\/2020\/06\/04200956\/28-de-setembro-Dia-da-Lei-do-Ventre-Livre-1.jpg\",\"width\":486,\"height\":350},{\"@type\":\"BreadcrumbList\",\"@id\":\"https:\/\/www.estrategiaconcursos.com.br\/blog\/lei-do-ventre-livre-a-primeira-lei-abolicionista-do-brasil\/#breadcrumb\",\"itemListElement\":[{\"@type\":\"ListItem\",\"position\":1,\"name\":\"In\u00edcio\",\"item\":\"https:\/\/www.estrategiaconcursos.com.br\/blog\/\"},{\"@type\":\"ListItem\",\"position\":2,\"name\":\"Lei do Ventre Livre: a primeira lei abolicionista do Brasil.\"}]},{\"@type\":\"WebSite\",\"@id\":\"https:\/\/www.estrategiaconcursos.com.br\/blog\/#website\",\"url\":\"https:\/\/www.estrategiaconcursos.com.br\/blog\/\",\"name\":\"Estrat\u00e9gia Concursos\",\"description\":\"O blog da Estrat\u00e9gia Concursos traz not\u00edcias sobre concursos e artigos de professores oferecendo cursos para concursos (pdf + videaulas) no site.\",\"publisher\":{\"@id\":\"https:\/\/www.estrategiaconcursos.com.br\/blog\/#organization\"},\"potentialAction\":[{\"@type\":\"SearchAction\",\"target\":{\"@type\":\"EntryPoint\",\"urlTemplate\":\"https:\/\/www.estrategiaconcursos.com.br\/blog\/?s={search_term_string}\"},\"query-input\":{\"@type\":\"PropertyValueSpecification\",\"valueRequired\":true,\"valueName\":\"search_term_string\"}}],\"inLanguage\":\"pt-BR\"},{\"@type\":\"Organization\",\"@id\":\"https:\/\/www.estrategiaconcursos.com.br\/blog\/#organization\",\"name\":\"Estrat\u00e9gia Concursos\",\"url\":\"https:\/\/www.estrategiaconcursos.com.br\/blog\/\",\"logo\":{\"@type\":\"ImageObject\",\"inLanguage\":\"pt-BR\",\"@id\":\"https:\/\/www.estrategiaconcursos.com.br\/blog\/#\/schema\/logo\/image\/\",\"url\":\"https:\/\/dhg1h5j42swfq.cloudfront.net\/2025\/06\/03203428\/logo_concursos-1.jpg\",\"contentUrl\":\"https:\/\/dhg1h5j42swfq.cloudfront.net\/2025\/06\/03203428\/logo_concursos-1.jpg\",\"width\":230,\"height\":60,\"caption\":\"Estrat\u00e9gia Concursos\"},\"image\":{\"@id\":\"https:\/\/www.estrategiaconcursos.com.br\/blog\/#\/schema\/logo\/image\/\"},\"sameAs\":[\"https:\/\/x.com\/EstratConcursos\"]},{\"@type\":\"Person\",\"@id\":\"https:\/\/www.estrategiaconcursos.com.br\/blog\/#\/schema\/person\/d6f3980f18465975dc814138e3b4c7a1\",\"name\":\"Alessandra Lopes\",\"image\":{\"@type\":\"ImageObject\",\"inLanguage\":\"pt-BR\",\"@id\":\"https:\/\/secure.gravatar.com\/avatar\/3d10dc0eae79651197cd76a2b579fbe177a1e8d966af27f9cc906b557261bcd7?s=96&d=mm&r=g\",\"url\":\"https:\/\/secure.gravatar.com\/avatar\/3d10dc0eae79651197cd76a2b579fbe177a1e8d966af27f9cc906b557261bcd7?s=96&d=mm&r=g\",\"contentUrl\":\"https:\/\/secure.gravatar.com\/avatar\/3d10dc0eae79651197cd76a2b579fbe177a1e8d966af27f9cc906b557261bcd7?s=96&d=mm&r=g\",\"caption\":\"Alessandra Lopes\"},\"url\":\"https:\/\/www.estrategiaconcursos.com.br\/blog\/author\/ale-lopesestrategiaconcursos-com-br\/\"}]}<\/script>\n<!-- \/ Yoast SEO Premium plugin. -->","yoast_head_json":{"title":"Lei do Ventre Livre: a primeira lei abolicionista do Brasil.","description":"Saiba tudo sobre a Lei do Ventre Livre, a primeira norma abolicionista do Brasil, e como se deu o processo de aboli\u00e7\u00e3o da escravatura no Brasil.","robots":{"index":"index","follow":"follow","max-snippet":"max-snippet:-1","max-image-preview":"max-image-preview:large","max-video-preview":"max-video-preview:-1"},"canonical":"https:\/\/www.estrategiaconcursos.com.br\/blog\/lei-do-ventre-livre-a-primeira-lei-abolicionista-do-brasil\/","og_locale":"pt_BR","og_type":"article","og_title":"Lei do Ventre Livre: a primeira lei abolicionista do Brasil.","og_description":"Saiba tudo sobre a Lei do Ventre Livre, a primeira norma abolicionista do Brasil, e como se deu o processo de aboli\u00e7\u00e3o da escravatura no Brasil.","og_url":"https:\/\/www.estrategiaconcursos.com.br\/blog\/lei-do-ventre-livre-a-primeira-lei-abolicionista-do-brasil\/","og_site_name":"Estrat\u00e9gia Concursos","article_published_time":"2020-06-23T13:00:00+00:00","og_image":[{"url":"https:\/\/www.estrategiaconcursos.com.br\/blog\/wp-content\/uploads\/2020\/06\/28-de-setembro-Dia-da-Lei-do-Ventre-Livre-1.jpg","type":"","width":"","height":""}],"author":"Alessandra Lopes","twitter_card":"summary_large_image","twitter_creator":"@EstratConcursos","twitter_site":"@EstratConcursos","twitter_misc":{"Escrito por":"Alessandra Lopes","Est. tempo de leitura":"8 minutos"},"schema":{"@context":"https:\/\/schema.org","@graph":[{"@type":"NewsArticle","@id":"https:\/\/www.estrategiaconcursos.com.br\/blog\/lei-do-ventre-livre-a-primeira-lei-abolicionista-do-brasil\/#article","isPartOf":{"@id":"https:\/\/www.estrategiaconcursos.com.br\/blog\/lei-do-ventre-livre-a-primeira-lei-abolicionista-do-brasil\/"},"author":{"name":"Alessandra Lopes","@id":"https:\/\/www.estrategiaconcursos.com.br\/blog\/#\/schema\/person\/d6f3980f18465975dc814138e3b4c7a1"},"headline":"Lei do Ventre Livre: a primeira lei abolicionista do Brasil.","datePublished":"2020-06-23T13:00:00+00:00","mainEntityOfPage":{"@id":"https:\/\/www.estrategiaconcursos.com.br\/blog\/lei-do-ventre-livre-a-primeira-lei-abolicionista-do-brasil\/"},"wordCount":1550,"commentCount":0,"publisher":{"@id":"https:\/\/www.estrategiaconcursos.com.br\/blog\/#organization"},"image":{"@id":"https:\/\/www.estrategiaconcursos.com.br\/blog\/lei-do-ventre-livre-a-primeira-lei-abolicionista-do-brasil\/#primaryimage"},"thumbnailUrl":"https:\/\/www.estrategiaconcursos.com.br\/blog\/wp-content\/uploads\/2020\/06\/28-de-setembro-Dia-da-Lei-do-Ventre-Livre-1.jpg","articleSection":["Concursos P\u00fablicos"],"inLanguage":"pt-BR","potentialAction":[{"@type":"CommentAction","name":"Comment","target":["https:\/\/www.estrategiaconcursos.com.br\/blog\/lei-do-ventre-livre-a-primeira-lei-abolicionista-do-brasil\/#respond"]}],"copyrightYear":"2020","copyrightHolder":{"@id":"https:\/\/www.estrategiaconcursos.com.br\/blog\/#organization"}},{"@type":"WebPage","@id":"https:\/\/www.estrategiaconcursos.com.br\/blog\/lei-do-ventre-livre-a-primeira-lei-abolicionista-do-brasil\/","url":"https:\/\/www.estrategiaconcursos.com.br\/blog\/lei-do-ventre-livre-a-primeira-lei-abolicionista-do-brasil\/","name":"Lei do Ventre Livre: a primeira lei abolicionista do Brasil.","isPartOf":{"@id":"https:\/\/www.estrategiaconcursos.com.br\/blog\/#website"},"primaryImageOfPage":{"@id":"https:\/\/www.estrategiaconcursos.com.br\/blog\/lei-do-ventre-livre-a-primeira-lei-abolicionista-do-brasil\/#primaryimage"},"image":{"@id":"https:\/\/www.estrategiaconcursos.com.br\/blog\/lei-do-ventre-livre-a-primeira-lei-abolicionista-do-brasil\/#primaryimage"},"thumbnailUrl":"https:\/\/www.estrategiaconcursos.com.br\/blog\/wp-content\/uploads\/2020\/06\/28-de-setembro-Dia-da-Lei-do-Ventre-Livre-1.jpg","datePublished":"2020-06-23T13:00:00+00:00","description":"Saiba tudo sobre a Lei do Ventre Livre, a primeira norma abolicionista do Brasil, e como se deu o processo de aboli\u00e7\u00e3o da escravatura no Brasil.","breadcrumb":{"@id":"https:\/\/www.estrategiaconcursos.com.br\/blog\/lei-do-ventre-livre-a-primeira-lei-abolicionista-do-brasil\/#breadcrumb"},"inLanguage":"pt-BR","potentialAction":[{"@type":"ReadAction","target":["https:\/\/www.estrategiaconcursos.com.br\/blog\/lei-do-ventre-livre-a-primeira-lei-abolicionista-do-brasil\/"]}]},{"@type":"ImageObject","inLanguage":"pt-BR","@id":"https:\/\/www.estrategiaconcursos.com.br\/blog\/lei-do-ventre-livre-a-primeira-lei-abolicionista-do-brasil\/#primaryimage","url":"https:\/\/dhg1h5j42swfq.cloudfront.net\/2020\/06\/04200956\/28-de-setembro-Dia-da-Lei-do-Ventre-Livre-1.jpg","contentUrl":"https:\/\/dhg1h5j42swfq.cloudfront.net\/2020\/06\/04200956\/28-de-setembro-Dia-da-Lei-do-Ventre-Livre-1.jpg","width":486,"height":350},{"@type":"BreadcrumbList","@id":"https:\/\/www.estrategiaconcursos.com.br\/blog\/lei-do-ventre-livre-a-primeira-lei-abolicionista-do-brasil\/#breadcrumb","itemListElement":[{"@type":"ListItem","position":1,"name":"In\u00edcio","item":"https:\/\/www.estrategiaconcursos.com.br\/blog\/"},{"@type":"ListItem","position":2,"name":"Lei do Ventre Livre: a primeira lei abolicionista do Brasil."}]},{"@type":"WebSite","@id":"https:\/\/www.estrategiaconcursos.com.br\/blog\/#website","url":"https:\/\/www.estrategiaconcursos.com.br\/blog\/","name":"Estrat\u00e9gia Concursos","description":"O blog da Estrat\u00e9gia Concursos traz not\u00edcias sobre concursos e artigos de professores oferecendo cursos para concursos (pdf + videaulas) no site.","publisher":{"@id":"https:\/\/www.estrategiaconcursos.com.br\/blog\/#organization"},"potentialAction":[{"@type":"SearchAction","target":{"@type":"EntryPoint","urlTemplate":"https:\/\/www.estrategiaconcursos.com.br\/blog\/?s={search_term_string}"},"query-input":{"@type":"PropertyValueSpecification","valueRequired":true,"valueName":"search_term_string"}}],"inLanguage":"pt-BR"},{"@type":"Organization","@id":"https:\/\/www.estrategiaconcursos.com.br\/blog\/#organization","name":"Estrat\u00e9gia Concursos","url":"https:\/\/www.estrategiaconcursos.com.br\/blog\/","logo":{"@type":"ImageObject","inLanguage":"pt-BR","@id":"https:\/\/www.estrategiaconcursos.com.br\/blog\/#\/schema\/logo\/image\/","url":"https:\/\/dhg1h5j42swfq.cloudfront.net\/2025\/06\/03203428\/logo_concursos-1.jpg","contentUrl":"https:\/\/dhg1h5j42swfq.cloudfront.net\/2025\/06\/03203428\/logo_concursos-1.jpg","width":230,"height":60,"caption":"Estrat\u00e9gia Concursos"},"image":{"@id":"https:\/\/www.estrategiaconcursos.com.br\/blog\/#\/schema\/logo\/image\/"},"sameAs":["https:\/\/x.com\/EstratConcursos"]},{"@type":"Person","@id":"https:\/\/www.estrategiaconcursos.com.br\/blog\/#\/schema\/person\/d6f3980f18465975dc814138e3b4c7a1","name":"Alessandra Lopes","image":{"@type":"ImageObject","inLanguage":"pt-BR","@id":"https:\/\/secure.gravatar.com\/avatar\/3d10dc0eae79651197cd76a2b579fbe177a1e8d966af27f9cc906b557261bcd7?s=96&d=mm&r=g","url":"https:\/\/secure.gravatar.com\/avatar\/3d10dc0eae79651197cd76a2b579fbe177a1e8d966af27f9cc906b557261bcd7?s=96&d=mm&r=g","contentUrl":"https:\/\/secure.gravatar.com\/avatar\/3d10dc0eae79651197cd76a2b579fbe177a1e8d966af27f9cc906b557261bcd7?s=96&d=mm&r=g","caption":"Alessandra Lopes"},"url":"https:\/\/www.estrategiaconcursos.com.br\/blog\/author\/ale-lopesestrategiaconcursos-com-br\/"}]}},"_links":{"self":[{"href":"https:\/\/www.estrategiaconcursos.com.br\/blog\/wp-json\/wp\/v2\/posts\/522779","targetHints":{"allow":["GET"]}}],"collection":[{"href":"https:\/\/www.estrategiaconcursos.com.br\/blog\/wp-json\/wp\/v2\/posts"}],"about":[{"href":"https:\/\/www.estrategiaconcursos.com.br\/blog\/wp-json\/wp\/v2\/types\/post"}],"author":[{"embeddable":true,"href":"https:\/\/www.estrategiaconcursos.com.br\/blog\/wp-json\/wp\/v2\/users\/1124"}],"replies":[{"embeddable":true,"href":"https:\/\/www.estrategiaconcursos.com.br\/blog\/wp-json\/wp\/v2\/comments?post=522779"}],"version-history":[{"count":14,"href":"https:\/\/www.estrategiaconcursos.com.br\/blog\/wp-json\/wp\/v2\/posts\/522779\/revisions"}],"predecessor-version":[{"id":525709,"href":"https:\/\/www.estrategiaconcursos.com.br\/blog\/wp-json\/wp\/v2\/posts\/522779\/revisions\/525709"}],"wp:attachment":[{"href":"https:\/\/www.estrategiaconcursos.com.br\/blog\/wp-json\/wp\/v2\/media?parent=522779"}],"wp:term":[{"taxonomy":"category","embeddable":true,"href":"https:\/\/www.estrategiaconcursos.com.br\/blog\/wp-json\/wp\/v2\/categories?post=522779"},{"taxonomy":"post_tag","embeddable":true,"href":"https:\/\/www.estrategiaconcursos.com.br\/blog\/wp-json\/wp\/v2\/tags?post=522779"},{"taxonomy":"tax_estado","embeddable":true,"href":"https:\/\/www.estrategiaconcursos.com.br\/blog\/wp-json\/wp\/v2\/tax_estado?post=522779"}],"curies":[{"name":"wp","href":"https:\/\/api.w.org\/{rel}","templated":true}]}}