{"id":522625,"date":"2020-06-04T16:55:04","date_gmt":"2020-06-04T19:55:04","guid":{"rendered":"https:\/\/www.estrategiaconcursos.com.br\/blog\/?p=522625"},"modified":"2020-06-05T11:17:04","modified_gmt":"2020-06-05T14:17:04","slug":"processo-seletivo-ibama-autorizado","status":"publish","type":"post","link":"https:\/\/www.estrategiaconcursos.com.br\/blog\/processo-seletivo-ibama-autorizado\/","title":{"rendered":"Processo Seletivo IBAMA \u00e9 autorizado com 1.481 vagas!"},"content":{"rendered":"\n<p>Foi autorizado pelo Minist\u00e9rio da Economia nesta quinta-feira, 04 de junho, a realiza\u00e7\u00e3o de <strong>Processo Seletivo para o Instituto Brasileiro do Meio Ambiente e dos Recursos Naturais Renov\u00e1veis<\/strong> (IBAMA).         <\/p>\n\n\n\n<p>Segundo a Portaria Interministerial n\u00ba 13.378, est\u00e1 prevista a oferta m\u00e1xima de 1.481 vagas, para suprir a necessidade tempor\u00e1ria em car\u00e1ter emergencial. O objetivo \u00e9 que os candidatos iniciem os trabalhos a partir de junho de 2020.<\/p>\n\n\n\n<p>O prazo de validade dos contratos ser\u00e1 de at\u00e9 seis meses, podendo ser prorrogado pelo prazo necess\u00e1rio \u00e0 supera\u00e7\u00e3o da situa\u00e7\u00e3o de emerg\u00eancia ambiental, desde que o tempo total n\u00e3o exceda dois anos.<\/p>\n\n\n\n<p>Demais informa\u00e7\u00f5es do certame, como per\u00edodo de inscri\u00e7\u00f5es, sal\u00e1rios e etapas, ainda n\u00e3o foram divulgadas. Esses detalhes devem ser anunciados somente com o edital de abertura. Contudo, seguimos em contato com o \u00f3rg\u00e3o para novidades.<\/p>\n\n\n\n<h3 class=\"wp-block-heading\">Cargos e vagas previstos<\/h3>\n\n\n\n<figure class=\"wp-block-table is-style-stripes\"><table class=\"has-subtle-pale-blue-background-color has-fixed-layout has-background\"><tbody><tr><td><strong>FUN\u00c7\u00c3O<\/strong><\/td><td><strong>QUANTIDADE<\/strong><\/td><\/tr><tr><td><strong>Brigada Normal<\/strong><\/td><td>Brigadista &#8211; 925 vagas<\/td><\/tr><tr><td>&nbsp;<\/td><td>Chefe de Esquadr\u00e3o &#8211; 168 vagas<\/td><\/tr><tr><td>&nbsp;<\/td><td>Chefe de Brigada &#8211; 67 vagas<\/td><\/tr><tr><td><\/td><td><\/td><\/tr><tr><td><strong><\/strong><strong>Brigada Especializada<\/strong><\/td><td>Brigadista &#8211; 235 vagas<\/td><\/tr><tr><td>&nbsp;<\/td><td>Chefe de Esquadr\u00e3o &#8211; 35 vagas<\/td><\/tr><tr><td>&nbsp;<\/td><td>Chefe de Brigada &#8211; 11 vagas<\/td><\/tr><tr><td><\/td><td><\/td><\/tr><tr><td><strong>Supervisor de Brigada<\/strong><\/td><td>Estadual &#8211; 35 vagas<\/td><\/tr><tr><td>&nbsp;<\/td><td>Federal &#8211; 5 vagas<\/td><\/tr><tr><td><strong>TOTAL<\/strong><\/td><td><strong>1.481<\/strong><\/td><\/tr><\/tbody><\/table><\/figure>\n\n\n\n<p class=\"has-background has-text-align-center has-medium-font-size has-very-light-gray-background-color\"><a href=\"https:\/\/dhg1h5j42swfq.cloudfront.net\/2020\/06\/04164653\/PORTARIA-INTERMINISTERIAL-N%C2%BA-13.378-DE-2-DE-JUNHO-DE-2020-IBAMA.pdf\" target=\"_blank\" rel=\"noreferrer noopener\"><strong>Portaria Interministerial n\u00ba 13.378 &#8211; PSS IBAMA<\/strong><\/a><\/p>\n\n\n\n<hr class=\"wp-block-separator\"\/>\n\n\n\n<p class=\"has-text-align-center has-medium-font-size\"><em><strong>Assinatura Anual Ilimitada*<\/strong><\/em><\/p>\n\n\n\n<p class=\"has-text-align-center\"><em>Prepare-se com o melhor material e com quem mais aprova em Concursos P\u00fablicos em todo o pa\u00eds. Assine agora a nossa Assinatura Anual e tenha acesso ilimitado* a todos os nossos cursos.<\/em><\/p>\n\n\n\n<p style=\"font-size:22px\" class=\"has-background has-text-align-center has-light-green-cyan-background-color\"><strong>ASSINE AGORA<\/strong>&nbsp;\u2013&nbsp;<strong><a rel=\"noreferrer noopener\" href=\"https:\/\/www.estrategiaconcursos.com.br\/assinaturas\" target=\"_blank\">Assinatura Ilimitada<\/a><\/strong><\/p>\n\n\n\n<p class=\"has-text-align-center has-medium-font-size\"><strong><em><strong>Sistema de Quest\u00f5es<\/strong><\/em><\/strong><\/p>\n\n\n\n<p class=\"has-text-align-center\"><em>Estrat\u00e9gia Quest\u00f5es nasceu maior do que todos os concorrentes, com mais quest\u00f5es cadastradas e mais solu\u00e7\u00f5es por professores. Clique no link e aproveite os descontos e b\u00f4nus imperd\u00edveis!<\/em><\/p>\n\n\n\n<p style=\"font-size:22px\" class=\"has-background has-text-align-center has-vivid-green-cyan-background-color\"><strong>ASSINE AGORA \u2013&nbsp;<a href=\"https:\/\/www.estrategiaconcursos.com.br\/cursosPorConcurso\/sistema-de-questoes\/#\/\" target=\"_blank\" rel=\"noreferrer noopener\">Sistema de Quest\u00f5es<\/a><\/strong><\/p>\n\n\n\n<p class=\"has-text-align-center has-medium-font-size\"><strong><em>Fique por dentro de todos os concursos<\/em><\/strong><\/p>\n\n\n\n<p style=\"font-size:22px\" class=\"has-background has-text-align-center has-pale-cyan-blue-background-color\"><strong><a href=\"https:\/\/www.estrategiaconcursos.com.br\/blog\/concurso-ibama\/\" target=\"_blank\" rel=\"noreferrer noopener\">CONCURSOS IBAMA<\/a><\/strong><\/p>\n\n\n\n<p style=\"font-size:22px\" class=\"has-background has-text-align-center has-pale-cyan-blue-background-color\"><a rel=\"noreferrer noopener\" href=\"https:\/\/www.estrategiaconcursos.com.br\/blog\/concursos-abertos\/\" target=\"_blank\"><strong>CONCURSOS ABERTOS<\/strong><\/a><\/p>\n\n\n\n<p style=\"font-size:22px\" class=\"has-background has-text-align-center has-pale-cyan-blue-background-color\"><a rel=\"noreferrer noopener\" href=\"https:\/\/www.estrategiaconcursos.com.br\/blog\/concursos-2020\/\" target=\"_blank\"><strong>CONCURSOS&nbsp;2020<\/strong><\/a><\/p>\n","protected":false},"excerpt":{"rendered":"<p>Foi autorizado pelo Minist\u00e9rio da Economia nesta quinta-feira, 04 de junho, a realiza\u00e7\u00e3o de Processo Seletivo para o Instituto Brasileiro do Meio Ambiente e dos Recursos Naturais Renov\u00e1veis (IBAMA). Segundo a Portaria Interministerial n\u00ba 13.378, est\u00e1 prevista a oferta m\u00e1xima de 1.481 vagas, para suprir a necessidade tempor\u00e1ria em car\u00e1ter emergencial. O objetivo \u00e9 que [&hellip;]<\/p>\n","protected":false},"author":73,"featured_media":123873,"comment_status":"open","ping_status":"closed","sticky":false,"template":"","format":"standard","meta":{"post_tipo":"article","footnotes":""},"categories":[1],"tags":[],"tax_estado":[],"class_list":["post-522625","post","type-post","status-publish","format-standard","has-post-thumbnail","hentry","category-cursos-e-concursos"],"acf":[],"yoast_head":"<!-- This site is optimized with the Yoast SEO Premium plugin v27.2 (Yoast SEO v27.2) - https:\/\/yoast.com\/product\/yoast-seo-premium-wordpress\/ -->\n<title>Processo Seletivo IBAMA \u00e9 autorizado com 1.481 vagas!<\/title>\n<meta name=\"description\" content=\"Minist\u00e9rio da Economia autoriza, por meio de Portaria, realiza\u00e7\u00e3o de Processo Seletivo com at\u00e9 1.481 vagas para o IBAMA. Confira!\" \/>\n<meta name=\"robots\" content=\"index, follow, max-snippet:-1, max-image-preview:large, max-video-preview:-1\" \/>\n<link rel=\"canonical\" href=\"https:\/\/www.estrategiaconcursos.com.br\/blog\/processo-seletivo-ibama-autorizado\/\" \/>\n<meta property=\"og:locale\" content=\"pt_BR\" \/>\n<meta property=\"og:type\" content=\"article\" \/>\n<meta property=\"og:title\" content=\"Processo Seletivo IBAMA \u00e9 autorizado com 1.481 vagas!\" \/>\n<meta property=\"og:description\" content=\"Minist\u00e9rio da Economia autoriza, por meio de Portaria, realiza\u00e7\u00e3o de Processo Seletivo com at\u00e9 1.481 vagas para o IBAMA. Confira!\" \/>\n<meta property=\"og:url\" content=\"https:\/\/www.estrategiaconcursos.com.br\/blog\/processo-seletivo-ibama-autorizado\/\" \/>\n<meta property=\"og:site_name\" content=\"Estrat\u00e9gia Concursos\" \/>\n<meta property=\"article:author\" content=\"https:\/\/www.facebook.com\/rosenvaljr\" \/>\n<meta property=\"article:published_time\" content=\"2020-06-04T19:55:04+00:00\" \/>\n<meta property=\"article:modified_time\" content=\"2020-06-05T14:17:04+00:00\" \/>\n<meta property=\"og:image\" content=\"https:\/\/dhg1h5j42swfq.cloudfront.net\/2018\/05\/02101505\/jornalismo-IBAMA.jpg\" \/>\n\t<meta property=\"og:image:width\" content=\"1200\" \/>\n\t<meta property=\"og:image:height\" content=\"628\" \/>\n\t<meta property=\"og:image:type\" content=\"image\/jpeg\" \/>\n<meta name=\"author\" content=\"Rosenval J\u00fanior\" \/>\n<meta name=\"twitter:card\" content=\"summary_large_image\" \/>\n<meta name=\"twitter:creator\" content=\"@EstratConcursos\" \/>\n<meta name=\"twitter:site\" content=\"@EstratConcursos\" \/>\n<meta name=\"twitter:label1\" content=\"Escrito por\" \/>\n\t<meta name=\"twitter:data1\" content=\"Rosenval J\u00fanior\" \/>\n\t<meta name=\"twitter:label2\" content=\"Est. tempo de leitura\" \/>\n\t<meta name=\"twitter:data2\" content=\"1 minuto\" \/>\n<script type=\"application\/ld+json\" class=\"yoast-schema-graph\">{\"@context\":\"https:\/\/schema.org\",\"@graph\":[{\"@type\":\"NewsArticle\",\"@id\":\"https:\/\/www.estrategiaconcursos.com.br\/blog\/processo-seletivo-ibama-autorizado\/#article\",\"isPartOf\":{\"@id\":\"https:\/\/www.estrategiaconcursos.com.br\/blog\/processo-seletivo-ibama-autorizado\/\"},\"author\":{\"name\":\"Rosenval J\u00fanior\",\"@id\":\"https:\/\/www.estrategiaconcursos.com.br\/blog\/#\/schema\/person\/3489eb8fb39ff11193689cf7762b03b0\"},\"headline\":\"Processo Seletivo IBAMA \u00e9 autorizado com 1.481 vagas!\",\"datePublished\":\"2020-06-04T19:55:04+00:00\",\"dateModified\":\"2020-06-05T14:17:04+00:00\",\"mainEntityOfPage\":{\"@id\":\"https:\/\/www.estrategiaconcursos.com.br\/blog\/processo-seletivo-ibama-autorizado\/\"},\"wordCount\":312,\"commentCount\":0,\"publisher\":{\"@id\":\"https:\/\/www.estrategiaconcursos.com.br\/blog\/#organization\"},\"image\":{\"@id\":\"https:\/\/www.estrategiaconcursos.com.br\/blog\/processo-seletivo-ibama-autorizado\/#primaryimage\"},\"thumbnailUrl\":\"https:\/\/dhg1h5j42swfq.cloudfront.net\/2018\/05\/02101505\/jornalismo-IBAMA.jpg\",\"articleSection\":[\"Concursos P\u00fablicos\"],\"inLanguage\":\"pt-BR\",\"potentialAction\":[{\"@type\":\"CommentAction\",\"name\":\"Comment\",\"target\":[\"https:\/\/www.estrategiaconcursos.com.br\/blog\/processo-seletivo-ibama-autorizado\/#respond\"]}],\"copyrightYear\":\"2020\",\"copyrightHolder\":{\"@id\":\"https:\/\/www.estrategiaconcursos.com.br\/blog\/#organization\"}},{\"@type\":\"WebPage\",\"@id\":\"https:\/\/www.estrategiaconcursos.com.br\/blog\/processo-seletivo-ibama-autorizado\/\",\"url\":\"https:\/\/www.estrategiaconcursos.com.br\/blog\/processo-seletivo-ibama-autorizado\/\",\"name\":\"Processo Seletivo IBAMA \u00e9 autorizado com 1.481 vagas!\",\"isPartOf\":{\"@id\":\"https:\/\/www.estrategiaconcursos.com.br\/blog\/#website\"},\"primaryImageOfPage\":{\"@id\":\"https:\/\/www.estrategiaconcursos.com.br\/blog\/processo-seletivo-ibama-autorizado\/#primaryimage\"},\"image\":{\"@id\":\"https:\/\/www.estrategiaconcursos.com.br\/blog\/processo-seletivo-ibama-autorizado\/#primaryimage\"},\"thumbnailUrl\":\"https:\/\/dhg1h5j42swfq.cloudfront.net\/2018\/05\/02101505\/jornalismo-IBAMA.jpg\",\"datePublished\":\"2020-06-04T19:55:04+00:00\",\"dateModified\":\"2020-06-05T14:17:04+00:00\",\"description\":\"Minist\u00e9rio da Economia autoriza, por meio de Portaria, realiza\u00e7\u00e3o de Processo Seletivo com at\u00e9 1.481 vagas para o IBAMA. Confira!\",\"breadcrumb\":{\"@id\":\"https:\/\/www.estrategiaconcursos.com.br\/blog\/processo-seletivo-ibama-autorizado\/#breadcrumb\"},\"inLanguage\":\"pt-BR\",\"potentialAction\":[{\"@type\":\"ReadAction\",\"target\":[\"https:\/\/www.estrategiaconcursos.com.br\/blog\/processo-seletivo-ibama-autorizado\/\"]}]},{\"@type\":\"ImageObject\",\"inLanguage\":\"pt-BR\",\"@id\":\"https:\/\/www.estrategiaconcursos.com.br\/blog\/processo-seletivo-ibama-autorizado\/#primaryimage\",\"url\":\"https:\/\/dhg1h5j42swfq.cloudfront.net\/2018\/05\/02101505\/jornalismo-IBAMA.jpg\",\"contentUrl\":\"https:\/\/dhg1h5j42swfq.cloudfront.net\/2018\/05\/02101505\/jornalismo-IBAMA.jpg\",\"width\":1200,\"height\":628,\"caption\":\"IBAMA\"},{\"@type\":\"BreadcrumbList\",\"@id\":\"https:\/\/www.estrategiaconcursos.com.br\/blog\/processo-seletivo-ibama-autorizado\/#breadcrumb\",\"itemListElement\":[{\"@type\":\"ListItem\",\"position\":1,\"name\":\"In\u00edcio\",\"item\":\"https:\/\/www.estrategiaconcursos.com.br\/blog\/\"},{\"@type\":\"ListItem\",\"position\":2,\"name\":\"Processo Seletivo IBAMA \u00e9 autorizado com 1.481 vagas!\"}]},{\"@type\":\"WebSite\",\"@id\":\"https:\/\/www.estrategiaconcursos.com.br\/blog\/#website\",\"url\":\"https:\/\/www.estrategiaconcursos.com.br\/blog\/\",\"name\":\"Estrat\u00e9gia Concursos\",\"description\":\"O blog da Estrat\u00e9gia Concursos traz not\u00edcias sobre concursos e artigos de professores oferecendo cursos para concursos (pdf + videaulas) no site.\",\"publisher\":{\"@id\":\"https:\/\/www.estrategiaconcursos.com.br\/blog\/#organization\"},\"potentialAction\":[{\"@type\":\"SearchAction\",\"target\":{\"@type\":\"EntryPoint\",\"urlTemplate\":\"https:\/\/www.estrategiaconcursos.com.br\/blog\/?s={search_term_string}\"},\"query-input\":{\"@type\":\"PropertyValueSpecification\",\"valueRequired\":true,\"valueName\":\"search_term_string\"}}],\"inLanguage\":\"pt-BR\"},{\"@type\":\"Organization\",\"@id\":\"https:\/\/www.estrategiaconcursos.com.br\/blog\/#organization\",\"name\":\"Estrat\u00e9gia Concursos\",\"url\":\"https:\/\/www.estrategiaconcursos.com.br\/blog\/\",\"logo\":{\"@type\":\"ImageObject\",\"inLanguage\":\"pt-BR\",\"@id\":\"https:\/\/www.estrategiaconcursos.com.br\/blog\/#\/schema\/logo\/image\/\",\"url\":\"https:\/\/dhg1h5j42swfq.cloudfront.net\/2025\/06\/03203428\/logo_concursos-1.jpg\",\"contentUrl\":\"https:\/\/dhg1h5j42swfq.cloudfront.net\/2025\/06\/03203428\/logo_concursos-1.jpg\",\"width\":230,\"height\":60,\"caption\":\"Estrat\u00e9gia Concursos\"},\"image\":{\"@id\":\"https:\/\/www.estrategiaconcursos.com.br\/blog\/#\/schema\/logo\/image\/\"},\"sameAs\":[\"https:\/\/x.com\/EstratConcursos\"]},{\"@type\":\"Person\",\"@id\":\"https:\/\/www.estrategiaconcursos.com.br\/blog\/#\/schema\/person\/3489eb8fb39ff11193689cf7762b03b0\",\"name\":\"Rosenval J\u00fanior\",\"image\":{\"@type\":\"ImageObject\",\"inLanguage\":\"pt-BR\",\"@id\":\"https:\/\/secure.gravatar.com\/avatar\/dc38e7bcadccb99c8a28b35b027bdc6b8b6a65ee938a25ed335e3e31eed462e0?s=96&d=mm&r=g\",\"url\":\"https:\/\/secure.gravatar.com\/avatar\/dc38e7bcadccb99c8a28b35b027bdc6b8b6a65ee938a25ed335e3e31eed462e0?s=96&d=mm&r=g\",\"contentUrl\":\"https:\/\/secure.gravatar.com\/avatar\/dc38e7bcadccb99c8a28b35b027bdc6b8b6a65ee938a25ed335e3e31eed462e0?s=96&d=mm&r=g\",\"caption\":\"Rosenval J\u00fanior\"},\"description\":\"Graduado pela Universidade Federal de Vi\u00e7osa - UFV. P\u00f3s-graduado em Direito Ambiental. Graduado tamb\u00e9m em Gest\u00e3o Ambiental, com tr\u00eas especializa\u00e7\u00f5es na \u00e1rea ambiental. Mestrando em Engenharia Ambiental. Servidor p\u00fablico do Minist\u00e9rio da Justi\u00e7a e professor de Direito Ambiental, Meio Ambiente, Direito Agr\u00e1rio e Direito Urban\u00edstico para concursos p\u00fablicos. Professor de Direito Ambiental para o Exame de Ordem. Aprovado em 15 concursos p\u00fablicos na \u00e1rea de Meio Ambiente como Analista Ambiental do Instituto Brasileiro do Meio Ambiente e dos Recursos Naturais Renov\u00e1veis - IBAMA; Analista Pericial - Especialidade Engenharia Florestal do Minist\u00e9rio P\u00fablico da Uni\u00e3o - MPU; Analista de Infraestrutura - \u00c1rea de Especializa\u00e7\u00e3o Ambiental do Departamento Nacional de Infraestrutura de Transportes - DNIT; Especialista em Regula\u00e7\u00e3o - \u00c1rea Engenharia Ambiental e Engenharia Florestal, com \u00eanfase em Meio Ambiente da Ag\u00eancia Nacional de Transportes Terrestres - ANTT; Consultor Legislativo em Meio Ambiente e Direito Ambiental, Organiza\u00e7\u00e3o Territorial, Desenvolvimento Urbano e Regional da C\u00e2mara dos Deputados; entre outros. Autor do livro \\\"Direito Ambiental para Concursos e Exame de Ordem\\\", Editora Juru\u00e1. Iniciou sua carreira no servi\u00e7o p\u00fablico federal em 2006, quando obteve aprova\u00e7\u00e3o em 1\u00b0 lugar para o cargo de engenheiro florestal da Casa Civil da Presid\u00eancia da Rep\u00fablica\/Arquivo Nacional. Alguns concursos em que foi aprovado: 1\u00b0 lugar para Analista do Minist\u00e9rio P\u00fablico de MG; 1\u00ba lugar para Engenheiro da Casa Civil da Presid\u00eancia da Rep\u00fablica; 1\u00b0 lugar para T\u00e9cnico em Recursos Naturais \u2013 n\u00edvel II \u2013 \u00c1rea Engenharia Florestal do IDAF; 2\u00b0 lugar para Analista Pericial do Minist\u00e9rio P\u00fablico da Uni\u00e3o - MPU; 2\u00b0 lugar para Analista em Reforma e Desenvolvimento Agr\u00e1rio do INCRA; 7\u00ba lugar Engenheiro J\u00fanior da Caixa Econ\u00f4mica Federal; 10\u00ba lugar para Analista Ambiental do Instituto Estadual de Florestas - IEF\/MG; 6\u00ba lugar para Analista de Infraestrutura (\u00c1rea de Especializa\u00e7\u00e3o Ambiental) do Departamento Nacional de Infraestrutura de Transportes \u2013 DNIT (Prova objetiva e discursiva); 2\u00b0 lugar para Perito Criminal da Pol\u00edcia Civil do Estado do Rio de Janeiro \u2013PCERJ (Resultado na Prova objetiva, TAF, Avalia\u00e7\u00e3o M\u00e9dica, e Psicot\u00e9cnico); 10\u00ba lugar para Perito Criminal da Pol\u00edcia Federal \u2013 DPF \u2013 \u00c1rea 9 (Resultado definitivo na prova objetiva e discursiva); 2\u00b0 lugar para Analista Ambiental do Instituto Brasileiro do Meio Ambiente e dos Recursos Naturais Renov\u00e1veis \u2013 IBAMA (Prova objetiva e discursiva); 1\u00b0 lugar para Especialista em Regula\u00e7\u00e3o Engenharia Ambiental e Engenharia Florestal (com \u00eanfase em meio ambiente) da Ag\u00eancia Nacional de Transportes Terrestres - ANTT (Resultado da prova objetiva, discursiva e de t\u00edtulos); 10\u00ba lugar para Consultor Legislativo em Meio Ambiente e Direito Ambiental, Organiza\u00e7\u00e3o Territorial, Desenvolvimento Urbano e Regional da C\u00e2mara dos Deputados. (Resultado da prova objetiva, discursiva e de t\u00edtulos) Entre em contato comigo pelo facebook e pelo Youtube. Basta colocar na busca: Rosenval J\u00fanior. Ou copiar e colar o endere\u00e7o: www.facebook.com\/rosenvaljr Acesse o meu site e saiba mais: www.aprendadireitoambiental.com.br\",\"sameAs\":[\"http:\/\/www.aprendadireitoambiental.com.br\",\"https:\/\/www.facebook.com\/rosenvaljr\"],\"url\":\"https:\/\/www.estrategiaconcursos.com.br\/blog\/author\/rosenvaljuniorestrategiaconcursos-com-br\/\"}]}<\/script>\n<!-- \/ Yoast SEO Premium plugin. -->","yoast_head_json":{"title":"Processo Seletivo IBAMA \u00e9 autorizado com 1.481 vagas!","description":"Minist\u00e9rio da Economia autoriza, por meio de Portaria, realiza\u00e7\u00e3o de Processo Seletivo com at\u00e9 1.481 vagas para o IBAMA. Confira!","robots":{"index":"index","follow":"follow","max-snippet":"max-snippet:-1","max-image-preview":"max-image-preview:large","max-video-preview":"max-video-preview:-1"},"canonical":"https:\/\/www.estrategiaconcursos.com.br\/blog\/processo-seletivo-ibama-autorizado\/","og_locale":"pt_BR","og_type":"article","og_title":"Processo Seletivo IBAMA \u00e9 autorizado com 1.481 vagas!","og_description":"Minist\u00e9rio da Economia autoriza, por meio de Portaria, realiza\u00e7\u00e3o de Processo Seletivo com at\u00e9 1.481 vagas para o IBAMA. Confira!","og_url":"https:\/\/www.estrategiaconcursos.com.br\/blog\/processo-seletivo-ibama-autorizado\/","og_site_name":"Estrat\u00e9gia Concursos","article_author":"https:\/\/www.facebook.com\/rosenvaljr","article_published_time":"2020-06-04T19:55:04+00:00","article_modified_time":"2020-06-05T14:17:04+00:00","og_image":[{"width":1200,"height":628,"url":"https:\/\/dhg1h5j42swfq.cloudfront.net\/2018\/05\/02101505\/jornalismo-IBAMA.jpg","type":"image\/jpeg"}],"author":"Rosenval J\u00fanior","twitter_card":"summary_large_image","twitter_creator":"@EstratConcursos","twitter_site":"@EstratConcursos","twitter_misc":{"Escrito por":"Rosenval J\u00fanior","Est. tempo de leitura":"1 minuto"},"schema":{"@context":"https:\/\/schema.org","@graph":[{"@type":"NewsArticle","@id":"https:\/\/www.estrategiaconcursos.com.br\/blog\/processo-seletivo-ibama-autorizado\/#article","isPartOf":{"@id":"https:\/\/www.estrategiaconcursos.com.br\/blog\/processo-seletivo-ibama-autorizado\/"},"author":{"name":"Rosenval J\u00fanior","@id":"https:\/\/www.estrategiaconcursos.com.br\/blog\/#\/schema\/person\/3489eb8fb39ff11193689cf7762b03b0"},"headline":"Processo Seletivo IBAMA \u00e9 autorizado com 1.481 vagas!","datePublished":"2020-06-04T19:55:04+00:00","dateModified":"2020-06-05T14:17:04+00:00","mainEntityOfPage":{"@id":"https:\/\/www.estrategiaconcursos.com.br\/blog\/processo-seletivo-ibama-autorizado\/"},"wordCount":312,"commentCount":0,"publisher":{"@id":"https:\/\/www.estrategiaconcursos.com.br\/blog\/#organization"},"image":{"@id":"https:\/\/www.estrategiaconcursos.com.br\/blog\/processo-seletivo-ibama-autorizado\/#primaryimage"},"thumbnailUrl":"https:\/\/dhg1h5j42swfq.cloudfront.net\/2018\/05\/02101505\/jornalismo-IBAMA.jpg","articleSection":["Concursos P\u00fablicos"],"inLanguage":"pt-BR","potentialAction":[{"@type":"CommentAction","name":"Comment","target":["https:\/\/www.estrategiaconcursos.com.br\/blog\/processo-seletivo-ibama-autorizado\/#respond"]}],"copyrightYear":"2020","copyrightHolder":{"@id":"https:\/\/www.estrategiaconcursos.com.br\/blog\/#organization"}},{"@type":"WebPage","@id":"https:\/\/www.estrategiaconcursos.com.br\/blog\/processo-seletivo-ibama-autorizado\/","url":"https:\/\/www.estrategiaconcursos.com.br\/blog\/processo-seletivo-ibama-autorizado\/","name":"Processo Seletivo IBAMA \u00e9 autorizado com 1.481 vagas!","isPartOf":{"@id":"https:\/\/www.estrategiaconcursos.com.br\/blog\/#website"},"primaryImageOfPage":{"@id":"https:\/\/www.estrategiaconcursos.com.br\/blog\/processo-seletivo-ibama-autorizado\/#primaryimage"},"image":{"@id":"https:\/\/www.estrategiaconcursos.com.br\/blog\/processo-seletivo-ibama-autorizado\/#primaryimage"},"thumbnailUrl":"https:\/\/dhg1h5j42swfq.cloudfront.net\/2018\/05\/02101505\/jornalismo-IBAMA.jpg","datePublished":"2020-06-04T19:55:04+00:00","dateModified":"2020-06-05T14:17:04+00:00","description":"Minist\u00e9rio da Economia autoriza, por meio de Portaria, realiza\u00e7\u00e3o de Processo Seletivo com at\u00e9 1.481 vagas para o IBAMA. Confira!","breadcrumb":{"@id":"https:\/\/www.estrategiaconcursos.com.br\/blog\/processo-seletivo-ibama-autorizado\/#breadcrumb"},"inLanguage":"pt-BR","potentialAction":[{"@type":"ReadAction","target":["https:\/\/www.estrategiaconcursos.com.br\/blog\/processo-seletivo-ibama-autorizado\/"]}]},{"@type":"ImageObject","inLanguage":"pt-BR","@id":"https:\/\/www.estrategiaconcursos.com.br\/blog\/processo-seletivo-ibama-autorizado\/#primaryimage","url":"https:\/\/dhg1h5j42swfq.cloudfront.net\/2018\/05\/02101505\/jornalismo-IBAMA.jpg","contentUrl":"https:\/\/dhg1h5j42swfq.cloudfront.net\/2018\/05\/02101505\/jornalismo-IBAMA.jpg","width":1200,"height":628,"caption":"IBAMA"},{"@type":"BreadcrumbList","@id":"https:\/\/www.estrategiaconcursos.com.br\/blog\/processo-seletivo-ibama-autorizado\/#breadcrumb","itemListElement":[{"@type":"ListItem","position":1,"name":"In\u00edcio","item":"https:\/\/www.estrategiaconcursos.com.br\/blog\/"},{"@type":"ListItem","position":2,"name":"Processo Seletivo IBAMA \u00e9 autorizado com 1.481 vagas!"}]},{"@type":"WebSite","@id":"https:\/\/www.estrategiaconcursos.com.br\/blog\/#website","url":"https:\/\/www.estrategiaconcursos.com.br\/blog\/","name":"Estrat\u00e9gia Concursos","description":"O blog da Estrat\u00e9gia Concursos traz not\u00edcias sobre concursos e artigos de professores oferecendo cursos para concursos (pdf + videaulas) no site.","publisher":{"@id":"https:\/\/www.estrategiaconcursos.com.br\/blog\/#organization"},"potentialAction":[{"@type":"SearchAction","target":{"@type":"EntryPoint","urlTemplate":"https:\/\/www.estrategiaconcursos.com.br\/blog\/?s={search_term_string}"},"query-input":{"@type":"PropertyValueSpecification","valueRequired":true,"valueName":"search_term_string"}}],"inLanguage":"pt-BR"},{"@type":"Organization","@id":"https:\/\/www.estrategiaconcursos.com.br\/blog\/#organization","name":"Estrat\u00e9gia Concursos","url":"https:\/\/www.estrategiaconcursos.com.br\/blog\/","logo":{"@type":"ImageObject","inLanguage":"pt-BR","@id":"https:\/\/www.estrategiaconcursos.com.br\/blog\/#\/schema\/logo\/image\/","url":"https:\/\/dhg1h5j42swfq.cloudfront.net\/2025\/06\/03203428\/logo_concursos-1.jpg","contentUrl":"https:\/\/dhg1h5j42swfq.cloudfront.net\/2025\/06\/03203428\/logo_concursos-1.jpg","width":230,"height":60,"caption":"Estrat\u00e9gia Concursos"},"image":{"@id":"https:\/\/www.estrategiaconcursos.com.br\/blog\/#\/schema\/logo\/image\/"},"sameAs":["https:\/\/x.com\/EstratConcursos"]},{"@type":"Person","@id":"https:\/\/www.estrategiaconcursos.com.br\/blog\/#\/schema\/person\/3489eb8fb39ff11193689cf7762b03b0","name":"Rosenval J\u00fanior","image":{"@type":"ImageObject","inLanguage":"pt-BR","@id":"https:\/\/secure.gravatar.com\/avatar\/dc38e7bcadccb99c8a28b35b027bdc6b8b6a65ee938a25ed335e3e31eed462e0?s=96&d=mm&r=g","url":"https:\/\/secure.gravatar.com\/avatar\/dc38e7bcadccb99c8a28b35b027bdc6b8b6a65ee938a25ed335e3e31eed462e0?s=96&d=mm&r=g","contentUrl":"https:\/\/secure.gravatar.com\/avatar\/dc38e7bcadccb99c8a28b35b027bdc6b8b6a65ee938a25ed335e3e31eed462e0?s=96&d=mm&r=g","caption":"Rosenval J\u00fanior"},"description":"Graduado pela Universidade Federal de Vi\u00e7osa - UFV. P\u00f3s-graduado em Direito Ambiental. Graduado tamb\u00e9m em Gest\u00e3o Ambiental, com tr\u00eas especializa\u00e7\u00f5es na \u00e1rea ambiental. Mestrando em Engenharia Ambiental. Servidor p\u00fablico do Minist\u00e9rio da Justi\u00e7a e professor de Direito Ambiental, Meio Ambiente, Direito Agr\u00e1rio e Direito Urban\u00edstico para concursos p\u00fablicos. Professor de Direito Ambiental para o Exame de Ordem. Aprovado em 15 concursos p\u00fablicos na \u00e1rea de Meio Ambiente como Analista Ambiental do Instituto Brasileiro do Meio Ambiente e dos Recursos Naturais Renov\u00e1veis - IBAMA; Analista Pericial - Especialidade Engenharia Florestal do Minist\u00e9rio P\u00fablico da Uni\u00e3o - MPU; Analista de Infraestrutura - \u00c1rea de Especializa\u00e7\u00e3o Ambiental do Departamento Nacional de Infraestrutura de Transportes - DNIT; Especialista em Regula\u00e7\u00e3o - \u00c1rea Engenharia Ambiental e Engenharia Florestal, com \u00eanfase em Meio Ambiente da Ag\u00eancia Nacional de Transportes Terrestres - ANTT; Consultor Legislativo em Meio Ambiente e Direito Ambiental, Organiza\u00e7\u00e3o Territorial, Desenvolvimento Urbano e Regional da C\u00e2mara dos Deputados; entre outros. Autor do livro \"Direito Ambiental para Concursos e Exame de Ordem\", Editora Juru\u00e1. Iniciou sua carreira no servi\u00e7o p\u00fablico federal em 2006, quando obteve aprova\u00e7\u00e3o em 1\u00b0 lugar para o cargo de engenheiro florestal da Casa Civil da Presid\u00eancia da Rep\u00fablica\/Arquivo Nacional. Alguns concursos em que foi aprovado: 1\u00b0 lugar para Analista do Minist\u00e9rio P\u00fablico de MG; 1\u00ba lugar para Engenheiro da Casa Civil da Presid\u00eancia da Rep\u00fablica; 1\u00b0 lugar para T\u00e9cnico em Recursos Naturais \u2013 n\u00edvel II \u2013 \u00c1rea Engenharia Florestal do IDAF; 2\u00b0 lugar para Analista Pericial do Minist\u00e9rio P\u00fablico da Uni\u00e3o - MPU; 2\u00b0 lugar para Analista em Reforma e Desenvolvimento Agr\u00e1rio do INCRA; 7\u00ba lugar Engenheiro J\u00fanior da Caixa Econ\u00f4mica Federal; 10\u00ba lugar para Analista Ambiental do Instituto Estadual de Florestas - IEF\/MG; 6\u00ba lugar para Analista de Infraestrutura (\u00c1rea de Especializa\u00e7\u00e3o Ambiental) do Departamento Nacional de Infraestrutura de Transportes \u2013 DNIT (Prova objetiva e discursiva); 2\u00b0 lugar para Perito Criminal da Pol\u00edcia Civil do Estado do Rio de Janeiro \u2013PCERJ (Resultado na Prova objetiva, TAF, Avalia\u00e7\u00e3o M\u00e9dica, e Psicot\u00e9cnico); 10\u00ba lugar para Perito Criminal da Pol\u00edcia Federal \u2013 DPF \u2013 \u00c1rea 9 (Resultado definitivo na prova objetiva e discursiva); 2\u00b0 lugar para Analista Ambiental do Instituto Brasileiro do Meio Ambiente e dos Recursos Naturais Renov\u00e1veis \u2013 IBAMA (Prova objetiva e discursiva); 1\u00b0 lugar para Especialista em Regula\u00e7\u00e3o Engenharia Ambiental e Engenharia Florestal (com \u00eanfase em meio ambiente) da Ag\u00eancia Nacional de Transportes Terrestres - ANTT (Resultado da prova objetiva, discursiva e de t\u00edtulos); 10\u00ba lugar para Consultor Legislativo em Meio Ambiente e Direito Ambiental, Organiza\u00e7\u00e3o Territorial, Desenvolvimento Urbano e Regional da C\u00e2mara dos Deputados. (Resultado da prova objetiva, discursiva e de t\u00edtulos) Entre em contato comigo pelo facebook e pelo Youtube. Basta colocar na busca: Rosenval J\u00fanior. Ou copiar e colar o endere\u00e7o: www.facebook.com\/rosenvaljr Acesse o meu site e saiba mais: www.aprendadireitoambiental.com.br","sameAs":["http:\/\/www.aprendadireitoambiental.com.br","https:\/\/www.facebook.com\/rosenvaljr"],"url":"https:\/\/www.estrategiaconcursos.com.br\/blog\/author\/rosenvaljuniorestrategiaconcursos-com-br\/"}]}},"_links":{"self":[{"href":"https:\/\/www.estrategiaconcursos.com.br\/blog\/wp-json\/wp\/v2\/posts\/522625","targetHints":{"allow":["GET"]}}],"collection":[{"href":"https:\/\/www.estrategiaconcursos.com.br\/blog\/wp-json\/wp\/v2\/posts"}],"about":[{"href":"https:\/\/www.estrategiaconcursos.com.br\/blog\/wp-json\/wp\/v2\/types\/post"}],"author":[{"embeddable":true,"href":"https:\/\/www.estrategiaconcursos.com.br\/blog\/wp-json\/wp\/v2\/users\/73"}],"replies":[{"embeddable":true,"href":"https:\/\/www.estrategiaconcursos.com.br\/blog\/wp-json\/wp\/v2\/comments?post=522625"}],"version-history":[{"count":4,"href":"https:\/\/www.estrategiaconcursos.com.br\/blog\/wp-json\/wp\/v2\/posts\/522625\/revisions"}],"predecessor-version":[{"id":522957,"href":"https:\/\/www.estrategiaconcursos.com.br\/blog\/wp-json\/wp\/v2\/posts\/522625\/revisions\/522957"}],"wp:featuredmedia":[{"embeddable":true,"href":"https:\/\/www.estrategiaconcursos.com.br\/blog\/wp-json\/wp\/v2\/media\/123873"}],"wp:attachment":[{"href":"https:\/\/www.estrategiaconcursos.com.br\/blog\/wp-json\/wp\/v2\/media?parent=522625"}],"wp:term":[{"taxonomy":"category","embeddable":true,"href":"https:\/\/www.estrategiaconcursos.com.br\/blog\/wp-json\/wp\/v2\/categories?post=522625"},{"taxonomy":"post_tag","embeddable":true,"href":"https:\/\/www.estrategiaconcursos.com.br\/blog\/wp-json\/wp\/v2\/tags?post=522625"},{"taxonomy":"tax_estado","embeddable":true,"href":"https:\/\/www.estrategiaconcursos.com.br\/blog\/wp-json\/wp\/v2\/tax_estado?post=522625"}],"curies":[{"name":"wp","href":"https:\/\/api.w.org\/{rel}","templated":true}]}}