{"id":522534,"date":"2020-06-04T15:33:06","date_gmt":"2020-06-04T18:33:06","guid":{"rendered":"https:\/\/www.estrategiaconcursos.com.br\/blog\/?p=522534"},"modified":"2023-06-14T10:42:23","modified_gmt":"2023-06-14T13:42:23","slug":"concurso-ceitec","status":"publish","type":"post","link":"https:\/\/www.estrategiaconcursos.com.br\/blog\/concurso-ceitec\/","title":{"rendered":"Concurso CEITEC: prazo de validade do \u00faltimo certame \u00e9 SUSPENSO"},"content":{"rendered":"\n<p>Foi publicada no Di\u00e1rio Oficial da Uni\u00e3o, a Portaria n\u00ba 24 que suspende o prazo de validade do concurso Centro Nacional de Tecnologia Avan\u00e7ada. (Concurso CEITEC)<\/p>\n\n\n\n<p>Ap\u00f3s ter sido prorrogado por dois anos, o prazo de validade do certame estava previsto para encerrar no dia 7 de julho de 2020. Contudo, o mesmo precisou ser suspenso at\u00e9 o termino da vig\u00eancia do estado de calamidade p\u00fablica estabelecida pela Uni\u00e3o.<\/p>\n\n\n\n<ul class=\"wp-block-list\">\n<li><a href=\"#atual\"><strong><em>Atual situa\u00e7\u00e3o<\/em><\/strong><\/a><\/li>\n\n\n\n<li><a href=\"#cargos\"><strong><em>Cargos vagos<\/em><\/strong><\/a><\/li>\n\n\n\n<li><a href=\"#requisitos\"><strong><em>Requisitos dos cargos<\/em><\/strong><\/a><\/li>\n\n\n\n<li><a href=\"#ultimo\"><strong><em>\u00daltimo concurso<\/em><\/strong><\/a><\/li>\n\n\n\n<li><strong><em><a href=\"#assinatura\">Cursos\/assinatura<\/a><\/em><\/strong><\/li>\n\n\n\n<li><strong><em><a href=\"#ficha-tecnica\">Ficha t\u00e9cnica<\/a><\/em><\/strong><\/li>\n<\/ul>\n\n\n\n<h2 class=\"wp-block-heading\" id=\"atual\">Atual situa\u00e7\u00e3o do concurso CEITEC<\/h2>\n\n\n\n<p>Ap\u00f3s ter sido prorrogado por dois anos, em julho de 2018, o Centro Nacional de Tecnologia Eletr\u00f4nica Avan\u00e7ada (CEITEC) resolveu suspender o prazo de validade do seu \u00faltimo concurso. O prazo estava previsto para vencer em julho de 2020.<\/p>\n\n\n\n<p>Com mais de cinco anos sem realizar um certame e com alguns cargos vagos registrados no quadro de servidores do \u00f3rg\u00e3o, o CEITEC n\u00e3o prev\u00ea pelo menos por enquanto, um novo concurso p\u00fablico para suprir as vagas em quest\u00e3o.<\/p>\n\n\n\n<p><strong>Confira abaixo a Portaria n\u00ba 24 que suspende a validade do \u00faltimo concurso CEITEC:<\/strong><\/p>\n\n\n\n<figure class=\"wp-block-image aligncenter size-large is-resized\"><img loading=\"lazy\" decoding=\"async\" src=\"https:\/\/dhg1h5j42swfq.cloudfront.net\/2020\/06\/04154402\/ceitec.jpg\" alt=\"\" class=\"wp-image-522567\" width=\"509\" height=\"321\" srcset=\"https:\/\/dhg1h5j42swfq.cloudfront.net\/2020\/06\/04154402\/ceitec.jpg 702w, https:\/\/dhg1h5j42swfq.cloudfront.net\/2020\/06\/04154402\/ceitec-300x189.jpg 300w, https:\/\/dhg1h5j42swfq.cloudfront.net\/2020\/06\/04154402\/ceitec-610x385.jpg 610w\" sizes=\"auto, (max-width: 509px) 100vw, 509px\" \/><\/figure>\n\n\n\n<h2 class=\"wp-block-heading\" id=\"cargos\">Cargos vagos do concurso CEITEC<\/h2>\n\n\n\n<p>Com base no Portal da Transpar\u00eancia listamos abaixo o n\u00famero de vagas e os cargos vagos atualmente no \u00f3rg\u00e3o, al\u00e9m dos ocupados tamb\u00e9m. Ao todo s\u00e3o nove vagas dispon\u00edveis para preenchimento e 170 ocupadas.<\/p>\n\n\n\n<ul class=\"wp-block-list\">\n<li>Analista Administrativo e Operacional (AAO):<strong>&nbsp;3 cargos vagos \/ 25 ocupados<\/strong> <\/li>\n\n\n\n<li>Especialista em Tecnologia Eletr\u00f4nica Avan\u00e7ada (ETEA):&nbsp;<strong>4 cargos vagos \/ 103 ocupados<\/strong> <\/li>\n\n\n\n<li>T\u00e9cnico Administrativo e Operacional (TAO):&nbsp;<strong>1 cargos vagos \/ 20 ocupados<\/strong><\/li>\n\n\n\n<li>T\u00e9cnico em Eletr\u00f4nica Avan\u00e7ada (TEA):&nbsp;<strong>1 cargos vagos \/ 22 ocupados<\/strong><\/li>\n<\/ul>\n\n\n\n<h2 class=\"wp-block-heading\" id=\"requisitos\">Requisitos dos cargos<\/h2>\n\n\n\n<ul class=\"wp-block-list\">\n<li><strong>Analista Administrativo Operacional:&nbsp;<\/strong>N\u00edvel Superior em Direito, Administra\u00e7\u00e3o de Empresas, Ci\u00eancias Cont\u00e1beis, Ci\u00eancias Econ\u00f4micas; Arquivologia, Comercio Exterior, Engenharia (todas) e Jornalismo<\/li>\n\n\n\n<li><strong>Especialista em Tecnologia Eletr\u00f4nica Avan\u00e7ada<br \/><\/strong>N\u00edvel Superior em F\u00edsica, Materiais, Engenharia (todas), Sistema de Informa\u00e7\u00e3o, Ci\u00eancia da Computa\u00e7\u00e3o, Inform\u00e1tica, An\u00e1lise de Sistema, Matem\u00e1tica, Qu\u00edmica, Controle e Automa\u00e7\u00e3o, Tecnologia, Qu\u00edmica industrial e Arquitetura.<\/li>\n\n\n\n<li><strong>T\u00e9cnico Administrativo e Operacional<br \/><\/strong>Ensino M\u00e9dio e Curso T\u00e9cnico em Secretariado<\/li>\n\n\n\n<li><strong>T\u00e9cnico em Eletr\u00f4nica Avan\u00e7ada<br \/><\/strong>Ensino M\u00e9dio, Curso T\u00e9cnico (Eletr\u00f4nica, Qu\u00edmica, Eletrot\u00e9cnica, Instrumentaliza\u00e7\u00e3o, Controle e Automa\u00e7\u00e3o, Mec\u00e2nica, Mecatr\u00f4nica, Automa\u00e7\u00e3o Industrial, Metalurgia e Seguran\u00e7a do Trabalho.<\/li>\n<\/ul>\n\n\n\n<h2 class=\"wp-block-heading\" id=\"ultimo\">\u00daltimo concurso CEITEC <\/h2>\n\n\n\n<p>O \u00faltimo concurso CEITEC ocorreu no ano de 2015, sob organiza\u00e7\u00e3o da banca IADES. A homologa\u00e7\u00e3o ocorreu no ano seguinte. Ao todo, foram ofertadas 64 vagas para diversas especialidades de n\u00edvel m\u00e9dio, t\u00e9cnico e superior.<\/p>\n\n\n\n<p>J\u00e1 as remunera\u00e7\u00f5es oferecidas aos cargos contemplados eram de R$ 2.244,00 e chegavam ao teto de R$ 7.337,88. Por\u00e9m, segundo informa\u00e7\u00f5es do Portal da Transpar\u00eancia, os candidatos que tomaram posse e entraram em exerc\u00edcio j\u00e1 possuem uma remunera\u00e7\u00e3o inicial que chega a R$ 9.500,72.<\/p>\n\n\n\n<p>At\u00e9 onde se sabe <strong>28 candidatos<\/strong> que foram aprovados tomaram posse e est\u00e3o em exerc\u00edcio atualmente. <\/p>\n\n\n\n<h3 class=\"wp-block-heading has-text-align-center\" id=\"assinatura\"><em><strong>Assinatura Anual Ilimitada*<\/strong><\/em><\/h3>\n\n\n\n<p class=\"has-text-align-center\"><em>Prepare-se com o melhor material e com quem mais aprova em Concursos P\u00fablicos em todo o pa\u00eds. Assine agora a nossa Assinatura Anual e tenha acesso ilimitado* a todos os nossos cursos.<\/em><\/p>\n\n\n\n<p class=\"has-text-align-center has-light-green-cyan-background-color has-background\" style=\"font-size:clamp(14.642px, 0.915rem + ((1vw - 3.2px) * 0.721), 22px);px\"><strong>ASSINE AGORA<\/strong>&nbsp;\u2013&nbsp;<a rel=\"noreferrer noopener\" href=\"https:\/\/www.estrategiaconcursos.com.br\/assinaturas\" target=\"_blank\"><strong>Assinatura Ilimitada<\/strong><\/a><\/p>\n\n\n\n<p class=\"has-text-align-center\"><strong><em>Fique por dentro de todos os concursos<\/em><\/strong><\/p>\n\n\n\n<p class=\"has-text-align-center\">Estrat\u00e9gia Quest\u00f5es nasceu maior do que todos os concorrentes, com mais quest\u00f5es cadastradas e mais solu\u00e7\u00f5es por professores. Clique no banner e aproveite os descontos e b\u00f4nus imperd\u00edveis!<\/p>\n\n\n\n<p class=\"has-text-align-center has-vivid-green-cyan-background-color has-background\" style=\"font-size:clamp(14.642px, 0.915rem + ((1vw - 3.2px) * 0.721), 22px);px\"><strong>ASSINE AGORA \u2013&nbsp;<a href=\"https:\/\/www.estrategiaconcursos.com.br\/cursosPorConcurso\/sistema-de-questoes\/#\/\" target=\"_blank\" rel=\"noreferrer noopener\">Sistema de Quest\u00f5es<\/a><\/strong><\/p>\n\n\n\n<p class=\"has-text-align-center\"><strong><em>Fique por dentro de todos os concursos<\/em><\/strong><\/p>\n\n\n\n<p class=\"has-text-align-center has-pale-cyan-blue-background-color has-background\" style=\"font-size:clamp(14.642px, 0.915rem + ((1vw - 3.2px) * 0.721), 22px);px\"><strong><a href=\"https:\/\/www.estrategiaconcursos.com.br\/blog\/concursos-abertos\/\" target=\"_blank\" rel=\"noreferrer noopener\">CONCURSOS ABERTOS<\/a><\/strong><\/p>\n\n\n\n<figure class=\"wp-block-image\"><img loading=\"lazy\" decoding=\"async\" width=\"300\" height=\"102\" src=\"https:\/\/dhg1h5j42swfq.cloudfront.net\/2017\/03\/28152500\/coruja-ficha-tecnica-300x102.png\" alt=\"Informa\u00e7\u00f5es sobre o concurso Prefeituras do Agreste Potiguar\" class=\"wp-image-68542\"\/><\/figure>\n\n\n\n<h3 class=\"wp-block-heading\" id=\"ficha-tecnica\"><strong>Informa\u00e7\u00f5es do \u00faltimo concurso CEITEC<\/strong><\/h3>\n\n\n\n<p>\u25ba<strong>Ano<\/strong>: 2015<br \/>\u25ba<strong>Vagas<\/strong>: CR (m\u00e9dio e superior)<br \/>\u25ba<strong>Cargos<\/strong>: V\u00e1rios<br \/>\u25ba<strong>Banca<\/strong>: Iades<br \/>\u25ba<strong>Edital<\/strong>: <a rel=\"noreferrer noopener\" href=\"https:\/\/dhg1h5j42swfq.cloudfront.net\/2020\/06\/04161311\/Concurso-CEITEC.pdf\" target=\"_blank\">Edital CEITEC 2015<\/a><\/p>\n\n\n\n<p><br \/><em>Ascom Estrat\u00e9gia<br \/><\/em>ascomestrategia@gmail.com<\/p>\n","protected":false},"excerpt":{"rendered":"<p>Foi publicada no Di\u00e1rio Oficial da Uni\u00e3o, a Portaria n\u00ba 24 que suspende o prazo de validade do concurso Centro Nacional de Tecnologia Avan\u00e7ada. (Concurso CEITEC) Ap\u00f3s ter sido prorrogado por dois anos, o prazo de validade do certame estava previsto para encerrar no dia 7 de julho de 2020. Contudo, o mesmo precisou ser [&hellip;]<\/p>\n","protected":false},"author":492,"featured_media":522555,"comment_status":"open","ping_status":"closed","sticky":false,"template":"","format":"standard","meta":{"post_tipo":"article","footnotes":""},"categories":[1],"tags":[],"tax_estado":[],"class_list":["post-522534","post","type-post","status-publish","format-standard","has-post-thumbnail","hentry","category-cursos-e-concursos"],"acf":[],"yoast_head":"<!-- This site is optimized with the Yoast SEO Premium plugin v27.2 (Yoast SEO v27.2) - https:\/\/yoast.com\/product\/yoast-seo-premium-wordpress\/ -->\n<title>Concurso CEITEC: prazo de validade do \u00faltimo certame \u00e9 SUSPENSO<\/title>\n<meta name=\"description\" content=\"Concurso CEITEC: prazo de validade do \u00faltimo certame, realizado no ano de 2015, \u00e9 suspenso em raz\u00e3o do novo Coronav\u00edrus. Saiba mais!\" \/>\n<meta name=\"robots\" content=\"index, follow, max-snippet:-1, max-image-preview:large, max-video-preview:-1\" \/>\n<link rel=\"canonical\" href=\"https:\/\/www.estrategiaconcursos.com.br\/blog\/concurso-ceitec\/\" \/>\n<meta property=\"og:locale\" content=\"pt_BR\" \/>\n<meta property=\"og:type\" content=\"article\" \/>\n<meta property=\"og:title\" content=\"Concurso CEITEC: prazo de validade do \u00faltimo certame \u00e9 SUSPENSO\" \/>\n<meta property=\"og:description\" content=\"Concurso CEITEC: prazo de validade do \u00faltimo certame, realizado no ano de 2015, \u00e9 suspenso em raz\u00e3o do novo Coronav\u00edrus. Saiba mais!\" \/>\n<meta property=\"og:url\" content=\"https:\/\/www.estrategiaconcursos.com.br\/blog\/concurso-ceitec\/\" \/>\n<meta property=\"og:site_name\" content=\"Estrat\u00e9gia Concursos\" \/>\n<meta property=\"article:published_time\" content=\"2020-06-04T18:33:06+00:00\" \/>\n<meta property=\"article:modified_time\" content=\"2023-06-14T13:42:23+00:00\" \/>\n<meta property=\"og:image\" content=\"https:\/\/dhg1h5j42swfq.cloudfront.net\/2020\/06\/04153014\/ceitec2-e1585768035671.jpg\" \/>\n\t<meta property=\"og:image:width\" content=\"936\" \/>\n\t<meta property=\"og:image:height\" content=\"527\" \/>\n\t<meta property=\"og:image:type\" content=\"image\/jpeg\" \/>\n<meta name=\"author\" content=\"Nelma Fontana\" \/>\n<meta name=\"twitter:card\" content=\"summary_large_image\" \/>\n<meta name=\"twitter:creator\" content=\"@EstratConcursos\" \/>\n<meta name=\"twitter:site\" content=\"@EstratConcursos\" \/>\n<meta name=\"twitter:label1\" content=\"Escrito por\" \/>\n\t<meta name=\"twitter:data1\" content=\"Nelma Fontana\" \/>\n\t<meta name=\"twitter:label2\" content=\"Est. tempo de leitura\" \/>\n\t<meta name=\"twitter:data2\" content=\"3 minutos\" \/>\n<script type=\"application\/ld+json\" class=\"yoast-schema-graph\">{\"@context\":\"https:\/\/schema.org\",\"@graph\":[{\"@type\":\"NewsArticle\",\"@id\":\"https:\/\/www.estrategiaconcursos.com.br\/blog\/concurso-ceitec\/#article\",\"isPartOf\":{\"@id\":\"https:\/\/www.estrategiaconcursos.com.br\/blog\/concurso-ceitec\/\"},\"author\":{\"name\":\"Nelma Fontana\",\"@id\":\"https:\/\/www.estrategiaconcursos.com.br\/blog\/#\/schema\/person\/09924ae9dae935885ef15db075a3be15\"},\"headline\":\"Concurso CEITEC: prazo de validade do \u00faltimo certame \u00e9 SUSPENSO\",\"datePublished\":\"2020-06-04T18:33:06+00:00\",\"dateModified\":\"2023-06-14T13:42:23+00:00\",\"mainEntityOfPage\":{\"@id\":\"https:\/\/www.estrategiaconcursos.com.br\/blog\/concurso-ceitec\/\"},\"wordCount\":647,\"commentCount\":0,\"publisher\":{\"@id\":\"https:\/\/www.estrategiaconcursos.com.br\/blog\/#organization\"},\"image\":{\"@id\":\"https:\/\/www.estrategiaconcursos.com.br\/blog\/concurso-ceitec\/#primaryimage\"},\"thumbnailUrl\":\"https:\/\/dhg1h5j42swfq.cloudfront.net\/2020\/06\/04153014\/ceitec2-e1585768035671.jpg\",\"articleSection\":[\"Concursos P\u00fablicos\"],\"inLanguage\":\"pt-BR\",\"potentialAction\":[{\"@type\":\"CommentAction\",\"name\":\"Comment\",\"target\":[\"https:\/\/www.estrategiaconcursos.com.br\/blog\/concurso-ceitec\/#respond\"]}],\"copyrightYear\":\"2020\",\"copyrightHolder\":{\"@id\":\"https:\/\/www.estrategiaconcursos.com.br\/blog\/#organization\"}},{\"@type\":\"WebPage\",\"@id\":\"https:\/\/www.estrategiaconcursos.com.br\/blog\/concurso-ceitec\/\",\"url\":\"https:\/\/www.estrategiaconcursos.com.br\/blog\/concurso-ceitec\/\",\"name\":\"Concurso CEITEC: prazo de validade do \u00faltimo certame \u00e9 SUSPENSO\",\"isPartOf\":{\"@id\":\"https:\/\/www.estrategiaconcursos.com.br\/blog\/#website\"},\"primaryImageOfPage\":{\"@id\":\"https:\/\/www.estrategiaconcursos.com.br\/blog\/concurso-ceitec\/#primaryimage\"},\"image\":{\"@id\":\"https:\/\/www.estrategiaconcursos.com.br\/blog\/concurso-ceitec\/#primaryimage\"},\"thumbnailUrl\":\"https:\/\/dhg1h5j42swfq.cloudfront.net\/2020\/06\/04153014\/ceitec2-e1585768035671.jpg\",\"datePublished\":\"2020-06-04T18:33:06+00:00\",\"dateModified\":\"2023-06-14T13:42:23+00:00\",\"description\":\"Concurso CEITEC: prazo de validade do \u00faltimo certame, realizado no ano de 2015, \u00e9 suspenso em raz\u00e3o do novo Coronav\u00edrus. Saiba mais!\",\"breadcrumb\":{\"@id\":\"https:\/\/www.estrategiaconcursos.com.br\/blog\/concurso-ceitec\/#breadcrumb\"},\"inLanguage\":\"pt-BR\",\"potentialAction\":[{\"@type\":\"ReadAction\",\"target\":[\"https:\/\/www.estrategiaconcursos.com.br\/blog\/concurso-ceitec\/\"]}]},{\"@type\":\"ImageObject\",\"inLanguage\":\"pt-BR\",\"@id\":\"https:\/\/www.estrategiaconcursos.com.br\/blog\/concurso-ceitec\/#primaryimage\",\"url\":\"https:\/\/dhg1h5j42swfq.cloudfront.net\/2020\/06\/04153014\/ceitec2-e1585768035671.jpg\",\"contentUrl\":\"https:\/\/dhg1h5j42swfq.cloudfront.net\/2020\/06\/04153014\/ceitec2-e1585768035671.jpg\",\"width\":936,\"height\":527,\"caption\":\"Concurso CEITEC\"},{\"@type\":\"BreadcrumbList\",\"@id\":\"https:\/\/www.estrategiaconcursos.com.br\/blog\/concurso-ceitec\/#breadcrumb\",\"itemListElement\":[{\"@type\":\"ListItem\",\"position\":1,\"name\":\"In\u00edcio\",\"item\":\"https:\/\/www.estrategiaconcursos.com.br\/blog\/\"},{\"@type\":\"ListItem\",\"position\":2,\"name\":\"Concurso CEITEC: prazo de validade do \u00faltimo certame \u00e9 SUSPENSO\"}]},{\"@type\":\"WebSite\",\"@id\":\"https:\/\/www.estrategiaconcursos.com.br\/blog\/#website\",\"url\":\"https:\/\/www.estrategiaconcursos.com.br\/blog\/\",\"name\":\"Estrat\u00e9gia Concursos\",\"description\":\"O blog da Estrat\u00e9gia Concursos traz not\u00edcias sobre concursos e artigos de professores oferecendo cursos para concursos (pdf + videaulas) no site.\",\"publisher\":{\"@id\":\"https:\/\/www.estrategiaconcursos.com.br\/blog\/#organization\"},\"potentialAction\":[{\"@type\":\"SearchAction\",\"target\":{\"@type\":\"EntryPoint\",\"urlTemplate\":\"https:\/\/www.estrategiaconcursos.com.br\/blog\/?s={search_term_string}\"},\"query-input\":{\"@type\":\"PropertyValueSpecification\",\"valueRequired\":true,\"valueName\":\"search_term_string\"}}],\"inLanguage\":\"pt-BR\"},{\"@type\":\"Organization\",\"@id\":\"https:\/\/www.estrategiaconcursos.com.br\/blog\/#organization\",\"name\":\"Estrat\u00e9gia Concursos\",\"url\":\"https:\/\/www.estrategiaconcursos.com.br\/blog\/\",\"logo\":{\"@type\":\"ImageObject\",\"inLanguage\":\"pt-BR\",\"@id\":\"https:\/\/www.estrategiaconcursos.com.br\/blog\/#\/schema\/logo\/image\/\",\"url\":\"https:\/\/dhg1h5j42swfq.cloudfront.net\/2025\/06\/03203428\/logo_concursos-1.jpg\",\"contentUrl\":\"https:\/\/dhg1h5j42swfq.cloudfront.net\/2025\/06\/03203428\/logo_concursos-1.jpg\",\"width\":230,\"height\":60,\"caption\":\"Estrat\u00e9gia Concursos\"},\"image\":{\"@id\":\"https:\/\/www.estrategiaconcursos.com.br\/blog\/#\/schema\/logo\/image\/\"},\"sameAs\":[\"https:\/\/x.com\/EstratConcursos\"]},{\"@type\":\"Person\",\"@id\":\"https:\/\/www.estrategiaconcursos.com.br\/blog\/#\/schema\/person\/09924ae9dae935885ef15db075a3be15\",\"name\":\"Nelma Fontana\",\"image\":{\"@type\":\"ImageObject\",\"inLanguage\":\"pt-BR\",\"@id\":\"https:\/\/secure.gravatar.com\/avatar\/a2b4071a40b0ae857a4dfe2308130289bde3d65cc7674fb758d21a8b645071e5?s=96&d=mm&r=g\",\"url\":\"https:\/\/secure.gravatar.com\/avatar\/a2b4071a40b0ae857a4dfe2308130289bde3d65cc7674fb758d21a8b645071e5?s=96&d=mm&r=g\",\"contentUrl\":\"https:\/\/secure.gravatar.com\/avatar\/a2b4071a40b0ae857a4dfe2308130289bde3d65cc7674fb758d21a8b645071e5?s=96&d=mm&r=g\",\"caption\":\"Nelma Fontana\"},\"url\":\"https:\/\/www.estrategiaconcursos.com.br\/blog\/author\/fontananelmagmail-com\/\"}]}<\/script>\n<!-- \/ Yoast SEO Premium plugin. -->","yoast_head_json":{"title":"Concurso CEITEC: prazo de validade do \u00faltimo certame \u00e9 SUSPENSO","description":"Concurso CEITEC: prazo de validade do \u00faltimo certame, realizado no ano de 2015, \u00e9 suspenso em raz\u00e3o do novo Coronav\u00edrus. Saiba mais!","robots":{"index":"index","follow":"follow","max-snippet":"max-snippet:-1","max-image-preview":"max-image-preview:large","max-video-preview":"max-video-preview:-1"},"canonical":"https:\/\/www.estrategiaconcursos.com.br\/blog\/concurso-ceitec\/","og_locale":"pt_BR","og_type":"article","og_title":"Concurso CEITEC: prazo de validade do \u00faltimo certame \u00e9 SUSPENSO","og_description":"Concurso CEITEC: prazo de validade do \u00faltimo certame, realizado no ano de 2015, \u00e9 suspenso em raz\u00e3o do novo Coronav\u00edrus. Saiba mais!","og_url":"https:\/\/www.estrategiaconcursos.com.br\/blog\/concurso-ceitec\/","og_site_name":"Estrat\u00e9gia Concursos","article_published_time":"2020-06-04T18:33:06+00:00","article_modified_time":"2023-06-14T13:42:23+00:00","og_image":[{"width":936,"height":527,"url":"https:\/\/dhg1h5j42swfq.cloudfront.net\/2020\/06\/04153014\/ceitec2-e1585768035671.jpg","type":"image\/jpeg"}],"author":"Nelma Fontana","twitter_card":"summary_large_image","twitter_creator":"@EstratConcursos","twitter_site":"@EstratConcursos","twitter_misc":{"Escrito por":"Nelma Fontana","Est. tempo de leitura":"3 minutos"},"schema":{"@context":"https:\/\/schema.org","@graph":[{"@type":"NewsArticle","@id":"https:\/\/www.estrategiaconcursos.com.br\/blog\/concurso-ceitec\/#article","isPartOf":{"@id":"https:\/\/www.estrategiaconcursos.com.br\/blog\/concurso-ceitec\/"},"author":{"name":"Nelma Fontana","@id":"https:\/\/www.estrategiaconcursos.com.br\/blog\/#\/schema\/person\/09924ae9dae935885ef15db075a3be15"},"headline":"Concurso CEITEC: prazo de validade do \u00faltimo certame \u00e9 SUSPENSO","datePublished":"2020-06-04T18:33:06+00:00","dateModified":"2023-06-14T13:42:23+00:00","mainEntityOfPage":{"@id":"https:\/\/www.estrategiaconcursos.com.br\/blog\/concurso-ceitec\/"},"wordCount":647,"commentCount":0,"publisher":{"@id":"https:\/\/www.estrategiaconcursos.com.br\/blog\/#organization"},"image":{"@id":"https:\/\/www.estrategiaconcursos.com.br\/blog\/concurso-ceitec\/#primaryimage"},"thumbnailUrl":"https:\/\/dhg1h5j42swfq.cloudfront.net\/2020\/06\/04153014\/ceitec2-e1585768035671.jpg","articleSection":["Concursos P\u00fablicos"],"inLanguage":"pt-BR","potentialAction":[{"@type":"CommentAction","name":"Comment","target":["https:\/\/www.estrategiaconcursos.com.br\/blog\/concurso-ceitec\/#respond"]}],"copyrightYear":"2020","copyrightHolder":{"@id":"https:\/\/www.estrategiaconcursos.com.br\/blog\/#organization"}},{"@type":"WebPage","@id":"https:\/\/www.estrategiaconcursos.com.br\/blog\/concurso-ceitec\/","url":"https:\/\/www.estrategiaconcursos.com.br\/blog\/concurso-ceitec\/","name":"Concurso CEITEC: prazo de validade do \u00faltimo certame \u00e9 SUSPENSO","isPartOf":{"@id":"https:\/\/www.estrategiaconcursos.com.br\/blog\/#website"},"primaryImageOfPage":{"@id":"https:\/\/www.estrategiaconcursos.com.br\/blog\/concurso-ceitec\/#primaryimage"},"image":{"@id":"https:\/\/www.estrategiaconcursos.com.br\/blog\/concurso-ceitec\/#primaryimage"},"thumbnailUrl":"https:\/\/dhg1h5j42swfq.cloudfront.net\/2020\/06\/04153014\/ceitec2-e1585768035671.jpg","datePublished":"2020-06-04T18:33:06+00:00","dateModified":"2023-06-14T13:42:23+00:00","description":"Concurso CEITEC: prazo de validade do \u00faltimo certame, realizado no ano de 2015, \u00e9 suspenso em raz\u00e3o do novo Coronav\u00edrus. Saiba mais!","breadcrumb":{"@id":"https:\/\/www.estrategiaconcursos.com.br\/blog\/concurso-ceitec\/#breadcrumb"},"inLanguage":"pt-BR","potentialAction":[{"@type":"ReadAction","target":["https:\/\/www.estrategiaconcursos.com.br\/blog\/concurso-ceitec\/"]}]},{"@type":"ImageObject","inLanguage":"pt-BR","@id":"https:\/\/www.estrategiaconcursos.com.br\/blog\/concurso-ceitec\/#primaryimage","url":"https:\/\/dhg1h5j42swfq.cloudfront.net\/2020\/06\/04153014\/ceitec2-e1585768035671.jpg","contentUrl":"https:\/\/dhg1h5j42swfq.cloudfront.net\/2020\/06\/04153014\/ceitec2-e1585768035671.jpg","width":936,"height":527,"caption":"Concurso CEITEC"},{"@type":"BreadcrumbList","@id":"https:\/\/www.estrategiaconcursos.com.br\/blog\/concurso-ceitec\/#breadcrumb","itemListElement":[{"@type":"ListItem","position":1,"name":"In\u00edcio","item":"https:\/\/www.estrategiaconcursos.com.br\/blog\/"},{"@type":"ListItem","position":2,"name":"Concurso CEITEC: prazo de validade do \u00faltimo certame \u00e9 SUSPENSO"}]},{"@type":"WebSite","@id":"https:\/\/www.estrategiaconcursos.com.br\/blog\/#website","url":"https:\/\/www.estrategiaconcursos.com.br\/blog\/","name":"Estrat\u00e9gia Concursos","description":"O blog da Estrat\u00e9gia Concursos traz not\u00edcias sobre concursos e artigos de professores oferecendo cursos para concursos (pdf + videaulas) no site.","publisher":{"@id":"https:\/\/www.estrategiaconcursos.com.br\/blog\/#organization"},"potentialAction":[{"@type":"SearchAction","target":{"@type":"EntryPoint","urlTemplate":"https:\/\/www.estrategiaconcursos.com.br\/blog\/?s={search_term_string}"},"query-input":{"@type":"PropertyValueSpecification","valueRequired":true,"valueName":"search_term_string"}}],"inLanguage":"pt-BR"},{"@type":"Organization","@id":"https:\/\/www.estrategiaconcursos.com.br\/blog\/#organization","name":"Estrat\u00e9gia Concursos","url":"https:\/\/www.estrategiaconcursos.com.br\/blog\/","logo":{"@type":"ImageObject","inLanguage":"pt-BR","@id":"https:\/\/www.estrategiaconcursos.com.br\/blog\/#\/schema\/logo\/image\/","url":"https:\/\/dhg1h5j42swfq.cloudfront.net\/2025\/06\/03203428\/logo_concursos-1.jpg","contentUrl":"https:\/\/dhg1h5j42swfq.cloudfront.net\/2025\/06\/03203428\/logo_concursos-1.jpg","width":230,"height":60,"caption":"Estrat\u00e9gia Concursos"},"image":{"@id":"https:\/\/www.estrategiaconcursos.com.br\/blog\/#\/schema\/logo\/image\/"},"sameAs":["https:\/\/x.com\/EstratConcursos"]},{"@type":"Person","@id":"https:\/\/www.estrategiaconcursos.com.br\/blog\/#\/schema\/person\/09924ae9dae935885ef15db075a3be15","name":"Nelma Fontana","image":{"@type":"ImageObject","inLanguage":"pt-BR","@id":"https:\/\/secure.gravatar.com\/avatar\/a2b4071a40b0ae857a4dfe2308130289bde3d65cc7674fb758d21a8b645071e5?s=96&d=mm&r=g","url":"https:\/\/secure.gravatar.com\/avatar\/a2b4071a40b0ae857a4dfe2308130289bde3d65cc7674fb758d21a8b645071e5?s=96&d=mm&r=g","contentUrl":"https:\/\/secure.gravatar.com\/avatar\/a2b4071a40b0ae857a4dfe2308130289bde3d65cc7674fb758d21a8b645071e5?s=96&d=mm&r=g","caption":"Nelma Fontana"},"url":"https:\/\/www.estrategiaconcursos.com.br\/blog\/author\/fontananelmagmail-com\/"}]}},"_links":{"self":[{"href":"https:\/\/www.estrategiaconcursos.com.br\/blog\/wp-json\/wp\/v2\/posts\/522534","targetHints":{"allow":["GET"]}}],"collection":[{"href":"https:\/\/www.estrategiaconcursos.com.br\/blog\/wp-json\/wp\/v2\/posts"}],"about":[{"href":"https:\/\/www.estrategiaconcursos.com.br\/blog\/wp-json\/wp\/v2\/types\/post"}],"author":[{"embeddable":true,"href":"https:\/\/www.estrategiaconcursos.com.br\/blog\/wp-json\/wp\/v2\/users\/492"}],"replies":[{"embeddable":true,"href":"https:\/\/www.estrategiaconcursos.com.br\/blog\/wp-json\/wp\/v2\/comments?post=522534"}],"version-history":[{"count":12,"href":"https:\/\/www.estrategiaconcursos.com.br\/blog\/wp-json\/wp\/v2\/posts\/522534\/revisions"}],"predecessor-version":[{"id":1231997,"href":"https:\/\/www.estrategiaconcursos.com.br\/blog\/wp-json\/wp\/v2\/posts\/522534\/revisions\/1231997"}],"wp:featuredmedia":[{"embeddable":true,"href":"https:\/\/www.estrategiaconcursos.com.br\/blog\/wp-json\/wp\/v2\/media\/522555"}],"wp:attachment":[{"href":"https:\/\/www.estrategiaconcursos.com.br\/blog\/wp-json\/wp\/v2\/media?parent=522534"}],"wp:term":[{"taxonomy":"category","embeddable":true,"href":"https:\/\/www.estrategiaconcursos.com.br\/blog\/wp-json\/wp\/v2\/categories?post=522534"},{"taxonomy":"post_tag","embeddable":true,"href":"https:\/\/www.estrategiaconcursos.com.br\/blog\/wp-json\/wp\/v2\/tags?post=522534"},{"taxonomy":"tax_estado","embeddable":true,"href":"https:\/\/www.estrategiaconcursos.com.br\/blog\/wp-json\/wp\/v2\/tax_estado?post=522534"}],"curies":[{"name":"wp","href":"https:\/\/api.w.org\/{rel}","templated":true}]}}