{"id":521947,"date":"2020-09-16T13:40:00","date_gmt":"2020-09-16T16:40:00","guid":{"rendered":"https:\/\/www.estrategiaconcursos.com.br\/blog\/?p=521947"},"modified":"2020-12-16T10:30:36","modified_gmt":"2020-12-16T13:30:36","slug":"concurso-camara-divino-mg","status":"publish","type":"post","link":"https:\/\/www.estrategiaconcursos.com.br\/blog\/concurso-camara-divino-mg\/","title":{"rendered":"Concurso C\u00e2mara de Divino MG: sai a convoca\u00e7\u00e3o para a prova. Veja!"},"content":{"rendered":"\n<p>Ap\u00f3s as mudan\u00e7as no calend\u00e1rio de atividades do concurso C\u00e2mara de Divino MG, do estado de Minas Gerais, foram publicados os relat\u00f3rios nominais de convoca\u00e7\u00e3o por turno para as provas do certame, marcadas para o dia <strong>20 de setembro de 2020<\/strong>.<\/p>\n\n\n\n<p>Al\u00e9m das listas, o site da banca informa, tamb\u00e9m, os procedimentos de biosseguran\u00e7a para o dia das provas. Confira abaixo:<\/p>\n\n\n\n<p class=\"has-text-align-center has-background\" style=\"font-size:clamp(14.642px, 0.915rem + ((1vw - 3.2px) * 0.721), 22px);px;background-color:#e9ebed\"><strong><a href=\"https:\/\/dhg1h5j42swfq.cloudfront.net\/2020\/09\/16144727\/122AB2C314D16092020092450.pdf\" target=\"_blank\" rel=\"noreferrer noopener\">Relat\u00f3rio &#8211; Matutino<\/a><br \/><a href=\"https:\/\/dhg1h5j42swfq.cloudfront.net\/2020\/09\/16145008\/1223A4B3A1B16092020092511.pdf\" target=\"_blank\" rel=\"noreferrer noopener\">Relat\u00f3rio &#8211; Vespertino<\/a><\/strong><\/p>\n\n\n\n<p>Anteriormente, o edital j\u00e1 havia sofrido retifica\u00e7\u00f5es. Confira as mudan\u00e7as abaixo:<\/p>\n\n\n\n<p class=\"has-text-align-center has-very-light-gray-background-color has-background\"><strong><a href=\"https:\/\/dhg1h5j42swfq.cloudfront.net\/2020\/06\/09130921\/122CCA4A3AA08062020170126.pdf\">Cronograma retificado<\/a><\/strong><\/p>\n\n\n\n<p>O edital do concurso foi publicado em mar\u00e7o, com oferta <strong>5 vagas imediatas<\/strong> + CR para profissionais de diversas \u00e1reas.<\/p>\n\n\n\n<p>Os interessados puderam se inscrever at\u00e9 <strong>12 de junho<\/strong>, atrav\u00e9s do site da banca organizadora, <strong><a href=\"https:\/\/gualimp.com.br\/\">G-Strategic<\/a><\/strong>. Al\u00e9m disso, era necess\u00e1rio fazer o pagamento da taxa de inscri\u00e7\u00e3o: <\/p>\n\n\n\n<ul class=\"wp-block-list\"><li><strong>R$ 70,00<\/strong>  para os cargos de N\u00edvel M\u00e9dio;<\/li><li><strong>R$ 50,00 <\/strong> para os cargos de Ensino Fundamental Completo.<\/li><li><strong>R$ 40,00<\/strong>  para os cargos de Ensino Fundamental Incompleto.<\/li><\/ul>\n\n\n\n<p class=\"has-medium-font-size\"><strong>Datas principais<\/strong><\/p>\n\n\n\n<p class=\"has-very-light-gray-background-color has-background\"><strong>Inscri\u00e7\u00f5es<\/strong>: <s>08\/05\/2020 a 12\/06\/2020<\/s><br \/><strong>Provas<\/strong>: 20\/09\/2020<br \/><strong>Resultados<\/strong>: 07\/10\/2020<\/p>\n\n\n\n<h2 class=\"wp-block-heading\">Cargos, vagas e remunera\u00e7\u00f5es <\/h2>\n\n\n\n<p>Confira abaixo todas as oportunidades que o concurso C\u00e2mara de Divino MG oferta:<\/p>\n\n\n\n<p class=\"has-medium-font-size\"><strong>N\u00edvel fundamental<\/strong><\/p>\n\n\n\n<ul class=\"wp-block-list\"><li>Auxiliar de Servi\u00e7os Gerais (1 vaga) R$ 1.186,62<\/li><li>Motorista (1 vaga ) R$ 1.446,19<\/li><li>Recepcionista (1 vaga ) R$ 1.200,00<\/li><\/ul>\n\n\n\n<p class=\"has-medium-font-size\"><strong>N\u00edvel m\u00e9dio<\/strong><\/p>\n\n\n\n<ul class=\"wp-block-list\"><li>Auxiliar Administrativo (1 vaga) R$ 1.500,00<\/li><li>Secret\u00e1rio Adjunto (1 vaga) R$ 1.800,00<\/li><\/ul>\n\n\n\n<h2 class=\"wp-block-heading\">Etapas do concurso C\u00e2mara de Divino MG<\/h2>\n\n\n\n<p>O concurso C\u00e2mara de Divino MG ser\u00e1 realizado em 02 (duas) etapas distintas, observado o seguinte:<\/p>\n\n\n\n<ul class=\"wp-block-list\"><li>A <strong>primeira etapa<\/strong> \u00e9 constitu\u00edda de Prova Objetiva de car\u00e1ter ELIMINAT\u00d3RIO e CLASSIFICAT\u00d3RIO para todos os cargos, observado o edital. <\/li><\/ul>\n\n\n\n<ul class=\"wp-block-list\"><li>A <strong>segunda etapa <\/strong> \u00e9 constitu\u00edda de Prova Pr\u00e1tica de car\u00e1ter ELIMINAT\u00d3RIO e CLASSIFICAT\u00d3RIO, para o cargo de Motorista.<\/li><\/ul>\n\n\n\n<p class=\"has-text-align-center\"><em><strong>Assinatura Anual Ilimitada*<\/strong><\/em><\/p>\n\n\n\n<p class=\"has-text-align-center\"><em>Prepare-se com o melhor material e com quem mais aprova em Concursos P\u00fablicos em todo o pa\u00eds. Assine agora a nossa Assinatura Anual e tenha acesso ilimitado a todos os nossos cursos.<\/em><\/p>\n\n\n\n<p class=\"has-text-align-center has-light-green-cyan-background-color has-background\"><strong>ASSINE AGORA<\/strong>&nbsp;\u2013&nbsp;<a rel=\"noreferrer noopener\" href=\"https:\/\/www.estrategiaconcursos.com.br\/assinaturas\" target=\"_blank\"><strong>Assinatura Ilimitada<\/strong><\/a><\/p>\n\n\n\n<p class=\"has-text-align-center\"><em><strong>Fique por dentro de todos os concursos<\/strong><\/em>:<\/p>\n\n\n\n<p class=\"has-text-align-center has-pale-cyan-blue-background-color has-background\"><strong><a rel=\"noreferrer noopener\" href=\"https:\/\/www.estrategiaconcursos.com.br\/blog\/concursos-abertos\/\" target=\"_blank\">Concursos abertos<\/a><\/strong><\/p>\n\n\n\n<p class=\"has-text-align-center has-pale-cyan-blue-background-color has-background\"><a rel=\"noreferrer noopener\" href=\"https:\/\/www.estrategiaconcursos.com.br\/blog\/concursos-2020\/\" target=\"_blank\"><strong>Concursos 2020<\/strong><\/a><\/p>\n\n\n\n<figure class=\"wp-block-image\"><img loading=\"lazy\" decoding=\"async\" width=\"300\" height=\"102\" src=\"https:\/\/dhg1h5j42swfq.cloudfront.net\/2017\/03\/28152500\/coruja-ficha-tecnica-300x102.png\" alt=\"Ficha t\u00e9cnica do concurso Prefeitura Santa Maria\" class=\"wp-image-68542\"\/><\/figure>\n\n\n\n<h3 class=\"wp-block-heading\" id=\"ficha-tecnica\"><strong>Informa\u00e7\u00f5es sobre o concurso<\/strong> C\u00e2mara de Divino MG<\/h3>\n\n\n\n<p>\u25ba<strong>Provas<\/strong>: 20\/09\/2020<br \/>\u25ba<strong>Vagas<\/strong>: 5 vagas + CR<br \/>\u25ba<strong>Banca<\/strong>:<strong> <\/strong>Gualimp Assessoria e Consultoria<br \/>\u25ba<strong>Escolaridade<\/strong>: N\u00edvel fundamental e m\u00e9dio<br \/><strong>Edital<\/strong>:\u00a0<a rel=\"noreferrer noopener\" href=\"https:\/\/dhg1h5j42swfq.cloudfront.net\/2020\/06\/03123902\/edital-camara-divino.pdf\" target=\"_blank\">Baixe AQUI!<\/a><br \/><a rel=\"noreferrer noopener\" href=\"https:\/\/dhg1h5j42swfq.cloudfront.net\/2020\/06\/03123945\/retificacao.pdf\" target=\"_blank\"><strong>Retifica\u00e7\u00e3o<\/strong> <strong>do edital<\/strong><\/a><\/p>\n","protected":false},"excerpt":{"rendered":"<p>Ap\u00f3s as mudan\u00e7as no calend\u00e1rio de atividades do concurso C\u00e2mara de Divino MG, do estado de Minas Gerais, foram publicados os relat\u00f3rios nominais de convoca\u00e7\u00e3o por turno para as provas do certame, marcadas para o dia 20 de setembro de 2020. Al\u00e9m das listas, o site da banca informa, tamb\u00e9m, os procedimentos de biosseguran\u00e7a para [&hellip;]<\/p>\n","protected":false},"author":1,"featured_media":572975,"comment_status":"open","ping_status":"closed","sticky":false,"template":"","format":"standard","meta":{"post_tipo":"news","footnotes":""},"categories":[2017],"tags":[],"tax_estado":[],"class_list":["post-521947","post","type-post","status-publish","format-standard","has-post-thumbnail","hentry","category-concursos-legislativos"],"acf":[],"yoast_head":"<!-- This site is optimized with the Yoast SEO Premium plugin v27.2 (Yoast SEO v27.2) - https:\/\/yoast.com\/product\/yoast-seo-premium-wordpress\/ -->\n<title>Concurso C\u00e2mara de Divino MG: sai a convoca\u00e7\u00e3o para a prova. Veja!<\/title>\n<meta name=\"description\" content=\"Com edital publicado, concurso C\u00e2mara de Divino MG oferta 5 vagas + CR para cargos de n\u00edveis m\u00e9dio e fundamental. Confira no site!\" \/>\n<meta name=\"robots\" content=\"index, follow, max-snippet:-1, max-image-preview:large, max-video-preview:-1\" \/>\n<link rel=\"canonical\" href=\"https:\/\/www.estrategiaconcursos.com.br\/blog\/concurso-camara-divino-mg\/\" \/>\n<meta property=\"og:locale\" content=\"pt_BR\" \/>\n<meta property=\"og:type\" content=\"article\" \/>\n<meta property=\"og:title\" content=\"Concurso C\u00e2mara de Divino MG: sai a convoca\u00e7\u00e3o para a prova. Veja!\" \/>\n<meta property=\"og:description\" content=\"Com edital publicado, concurso C\u00e2mara de Divino MG oferta 5 vagas + CR para cargos de n\u00edveis m\u00e9dio e fundamental. Confira no site!\" \/>\n<meta property=\"og:url\" content=\"https:\/\/www.estrategiaconcursos.com.br\/blog\/concurso-camara-divino-mg\/\" \/>\n<meta property=\"og:site_name\" content=\"Estrat\u00e9gia Concursos\" \/>\n<meta property=\"article:author\" content=\"https:\/\/www.facebook.com\/EstrategiaConcursos\" \/>\n<meta property=\"article:published_time\" content=\"2020-09-16T16:40:00+00:00\" \/>\n<meta property=\"article:modified_time\" content=\"2020-12-16T13:30:36+00:00\" \/>\n<meta property=\"og:image\" content=\"https:\/\/dhg1h5j42swfq.cloudfront.net\/2020\/06\/16145312\/Camara-de-Divino-MG.jpg\" \/>\n\t<meta property=\"og:image:width\" content=\"1200\" \/>\n\t<meta property=\"og:image:height\" content=\"628\" \/>\n\t<meta property=\"og:image:type\" content=\"image\/jpeg\" \/>\n<meta name=\"author\" content=\"Coordena\u00e7\u00e3o\" \/>\n<meta name=\"twitter:card\" content=\"summary_large_image\" \/>\n<meta name=\"twitter:creator\" content=\"@EstratConcursos\" \/>\n<meta name=\"twitter:site\" content=\"@EstratConcursos\" \/>\n<meta name=\"twitter:label1\" content=\"Escrito por\" \/>\n\t<meta name=\"twitter:data1\" content=\"Coordena\u00e7\u00e3o\" \/>\n\t<meta name=\"twitter:label2\" content=\"Est. tempo de leitura\" \/>\n\t<meta name=\"twitter:data2\" content=\"2 minutos\" \/>\n<script type=\"application\/ld+json\" class=\"yoast-schema-graph\">{\"@context\":\"https:\/\/schema.org\",\"@graph\":[{\"@type\":\"NewsArticle\",\"@id\":\"https:\/\/www.estrategiaconcursos.com.br\/blog\/concurso-camara-divino-mg\/#article\",\"isPartOf\":{\"@id\":\"https:\/\/www.estrategiaconcursos.com.br\/blog\/concurso-camara-divino-mg\/\"},\"author\":{\"name\":\"Coordena\u00e7\u00e3o\",\"@id\":\"https:\/\/www.estrategiaconcursos.com.br\/blog\/#\/schema\/person\/b4a388c97673c5f483d72185668afa1f\"},\"headline\":\"Concurso C\u00e2mara de Divino MG: sai a convoca\u00e7\u00e3o para a prova. Veja!\",\"datePublished\":\"2020-09-16T16:40:00+00:00\",\"dateModified\":\"2020-12-16T13:30:36+00:00\",\"mainEntityOfPage\":{\"@id\":\"https:\/\/www.estrategiaconcursos.com.br\/blog\/concurso-camara-divino-mg\/\"},\"wordCount\":389,\"commentCount\":0,\"publisher\":{\"@id\":\"https:\/\/www.estrategiaconcursos.com.br\/blog\/#organization\"},\"image\":{\"@id\":\"https:\/\/www.estrategiaconcursos.com.br\/blog\/concurso-camara-divino-mg\/#primaryimage\"},\"thumbnailUrl\":\"https:\/\/dhg1h5j42swfq.cloudfront.net\/2020\/06\/16145312\/Camara-de-Divino-MG.jpg\",\"articleSection\":[\"Legislativo\"],\"inLanguage\":\"pt-BR\",\"potentialAction\":[{\"@type\":\"CommentAction\",\"name\":\"Comment\",\"target\":[\"https:\/\/www.estrategiaconcursos.com.br\/blog\/concurso-camara-divino-mg\/#respond\"]}],\"copyrightYear\":\"2020\",\"copyrightHolder\":{\"@id\":\"https:\/\/www.estrategiaconcursos.com.br\/blog\/#organization\"}},{\"@type\":\"WebPage\",\"@id\":\"https:\/\/www.estrategiaconcursos.com.br\/blog\/concurso-camara-divino-mg\/\",\"url\":\"https:\/\/www.estrategiaconcursos.com.br\/blog\/concurso-camara-divino-mg\/\",\"name\":\"Concurso C\u00e2mara de Divino MG: sai a convoca\u00e7\u00e3o para a prova. Veja!\",\"isPartOf\":{\"@id\":\"https:\/\/www.estrategiaconcursos.com.br\/blog\/#website\"},\"primaryImageOfPage\":{\"@id\":\"https:\/\/www.estrategiaconcursos.com.br\/blog\/concurso-camara-divino-mg\/#primaryimage\"},\"image\":{\"@id\":\"https:\/\/www.estrategiaconcursos.com.br\/blog\/concurso-camara-divino-mg\/#primaryimage\"},\"thumbnailUrl\":\"https:\/\/dhg1h5j42swfq.cloudfront.net\/2020\/06\/16145312\/Camara-de-Divino-MG.jpg\",\"datePublished\":\"2020-09-16T16:40:00+00:00\",\"dateModified\":\"2020-12-16T13:30:36+00:00\",\"description\":\"Com edital publicado, concurso C\u00e2mara de Divino MG oferta 5 vagas + CR para cargos de n\u00edveis m\u00e9dio e fundamental. Confira no site!\",\"breadcrumb\":{\"@id\":\"https:\/\/www.estrategiaconcursos.com.br\/blog\/concurso-camara-divino-mg\/#breadcrumb\"},\"inLanguage\":\"pt-BR\",\"potentialAction\":[{\"@type\":\"ReadAction\",\"target\":[\"https:\/\/www.estrategiaconcursos.com.br\/blog\/concurso-camara-divino-mg\/\"]}]},{\"@type\":\"ImageObject\",\"inLanguage\":\"pt-BR\",\"@id\":\"https:\/\/www.estrategiaconcursos.com.br\/blog\/concurso-camara-divino-mg\/#primaryimage\",\"url\":\"https:\/\/dhg1h5j42swfq.cloudfront.net\/2020\/06\/16145312\/Camara-de-Divino-MG.jpg\",\"contentUrl\":\"https:\/\/dhg1h5j42swfq.cloudfront.net\/2020\/06\/16145312\/Camara-de-Divino-MG.jpg\",\"width\":1200,\"height\":628},{\"@type\":\"BreadcrumbList\",\"@id\":\"https:\/\/www.estrategiaconcursos.com.br\/blog\/concurso-camara-divino-mg\/#breadcrumb\",\"itemListElement\":[{\"@type\":\"ListItem\",\"position\":1,\"name\":\"In\u00edcio\",\"item\":\"https:\/\/www.estrategiaconcursos.com.br\/blog\/\"},{\"@type\":\"ListItem\",\"position\":2,\"name\":\"Concurso C\u00e2mara de Divino MG: sai a convoca\u00e7\u00e3o para a prova. Veja!\"}]},{\"@type\":\"WebSite\",\"@id\":\"https:\/\/www.estrategiaconcursos.com.br\/blog\/#website\",\"url\":\"https:\/\/www.estrategiaconcursos.com.br\/blog\/\",\"name\":\"Estrat\u00e9gia Concursos\",\"description\":\"O blog da Estrat\u00e9gia Concursos traz not\u00edcias sobre concursos e artigos de professores oferecendo cursos para concursos (pdf + videaulas) no site.\",\"publisher\":{\"@id\":\"https:\/\/www.estrategiaconcursos.com.br\/blog\/#organization\"},\"potentialAction\":[{\"@type\":\"SearchAction\",\"target\":{\"@type\":\"EntryPoint\",\"urlTemplate\":\"https:\/\/www.estrategiaconcursos.com.br\/blog\/?s={search_term_string}\"},\"query-input\":{\"@type\":\"PropertyValueSpecification\",\"valueRequired\":true,\"valueName\":\"search_term_string\"}}],\"inLanguage\":\"pt-BR\"},{\"@type\":\"Organization\",\"@id\":\"https:\/\/www.estrategiaconcursos.com.br\/blog\/#organization\",\"name\":\"Estrat\u00e9gia Concursos\",\"url\":\"https:\/\/www.estrategiaconcursos.com.br\/blog\/\",\"logo\":{\"@type\":\"ImageObject\",\"inLanguage\":\"pt-BR\",\"@id\":\"https:\/\/www.estrategiaconcursos.com.br\/blog\/#\/schema\/logo\/image\/\",\"url\":\"https:\/\/dhg1h5j42swfq.cloudfront.net\/2025\/06\/03203428\/logo_concursos-1.jpg\",\"contentUrl\":\"https:\/\/dhg1h5j42swfq.cloudfront.net\/2025\/06\/03203428\/logo_concursos-1.jpg\",\"width\":230,\"height\":60,\"caption\":\"Estrat\u00e9gia Concursos\"},\"image\":{\"@id\":\"https:\/\/www.estrategiaconcursos.com.br\/blog\/#\/schema\/logo\/image\/\"},\"sameAs\":[\"https:\/\/x.com\/EstratConcursos\"]},{\"@type\":\"Person\",\"@id\":\"https:\/\/www.estrategiaconcursos.com.br\/blog\/#\/schema\/person\/b4a388c97673c5f483d72185668afa1f\",\"name\":\"Coordena\u00e7\u00e3o\",\"image\":{\"@type\":\"ImageObject\",\"inLanguage\":\"pt-BR\",\"@id\":\"https:\/\/secure.gravatar.com\/avatar\/b720319e4c9a967eb58678d110f4fe35452fc5d5f97b202bac7b8acceb18c6ad?s=96&d=mm&r=g\",\"url\":\"https:\/\/secure.gravatar.com\/avatar\/b720319e4c9a967eb58678d110f4fe35452fc5d5f97b202bac7b8acceb18c6ad?s=96&d=mm&r=g\",\"contentUrl\":\"https:\/\/secure.gravatar.com\/avatar\/b720319e4c9a967eb58678d110f4fe35452fc5d5f97b202bac7b8acceb18c6ad?s=96&d=mm&r=g\",\"caption\":\"Coordena\u00e7\u00e3o\"},\"sameAs\":[\"https:\/\/www.facebook.com\/EstrategiaConcursos\",\"https:\/\/x.com\/EstratConcursos\"],\"url\":\"https:\/\/www.estrategiaconcursos.com.br\/blog\/author\/estrategia2013\/\"}]}<\/script>\n<!-- \/ Yoast SEO Premium plugin. -->","yoast_head_json":{"title":"Concurso C\u00e2mara de Divino MG: sai a convoca\u00e7\u00e3o para a prova. Veja!","description":"Com edital publicado, concurso C\u00e2mara de Divino MG oferta 5 vagas + CR para cargos de n\u00edveis m\u00e9dio e fundamental. Confira no site!","robots":{"index":"index","follow":"follow","max-snippet":"max-snippet:-1","max-image-preview":"max-image-preview:large","max-video-preview":"max-video-preview:-1"},"canonical":"https:\/\/www.estrategiaconcursos.com.br\/blog\/concurso-camara-divino-mg\/","og_locale":"pt_BR","og_type":"article","og_title":"Concurso C\u00e2mara de Divino MG: sai a convoca\u00e7\u00e3o para a prova. Veja!","og_description":"Com edital publicado, concurso C\u00e2mara de Divino MG oferta 5 vagas + CR para cargos de n\u00edveis m\u00e9dio e fundamental. Confira no site!","og_url":"https:\/\/www.estrategiaconcursos.com.br\/blog\/concurso-camara-divino-mg\/","og_site_name":"Estrat\u00e9gia Concursos","article_author":"https:\/\/www.facebook.com\/EstrategiaConcursos","article_published_time":"2020-09-16T16:40:00+00:00","article_modified_time":"2020-12-16T13:30:36+00:00","og_image":[{"width":1200,"height":628,"url":"https:\/\/dhg1h5j42swfq.cloudfront.net\/2020\/06\/16145312\/Camara-de-Divino-MG.jpg","type":"image\/jpeg"}],"author":"Coordena\u00e7\u00e3o","twitter_card":"summary_large_image","twitter_creator":"@EstratConcursos","twitter_site":"@EstratConcursos","twitter_misc":{"Escrito por":"Coordena\u00e7\u00e3o","Est. tempo de leitura":"2 minutos"},"schema":{"@context":"https:\/\/schema.org","@graph":[{"@type":"NewsArticle","@id":"https:\/\/www.estrategiaconcursos.com.br\/blog\/concurso-camara-divino-mg\/#article","isPartOf":{"@id":"https:\/\/www.estrategiaconcursos.com.br\/blog\/concurso-camara-divino-mg\/"},"author":{"name":"Coordena\u00e7\u00e3o","@id":"https:\/\/www.estrategiaconcursos.com.br\/blog\/#\/schema\/person\/b4a388c97673c5f483d72185668afa1f"},"headline":"Concurso C\u00e2mara de Divino MG: sai a convoca\u00e7\u00e3o para a prova. Veja!","datePublished":"2020-09-16T16:40:00+00:00","dateModified":"2020-12-16T13:30:36+00:00","mainEntityOfPage":{"@id":"https:\/\/www.estrategiaconcursos.com.br\/blog\/concurso-camara-divino-mg\/"},"wordCount":389,"commentCount":0,"publisher":{"@id":"https:\/\/www.estrategiaconcursos.com.br\/blog\/#organization"},"image":{"@id":"https:\/\/www.estrategiaconcursos.com.br\/blog\/concurso-camara-divino-mg\/#primaryimage"},"thumbnailUrl":"https:\/\/dhg1h5j42swfq.cloudfront.net\/2020\/06\/16145312\/Camara-de-Divino-MG.jpg","articleSection":["Legislativo"],"inLanguage":"pt-BR","potentialAction":[{"@type":"CommentAction","name":"Comment","target":["https:\/\/www.estrategiaconcursos.com.br\/blog\/concurso-camara-divino-mg\/#respond"]}],"copyrightYear":"2020","copyrightHolder":{"@id":"https:\/\/www.estrategiaconcursos.com.br\/blog\/#organization"}},{"@type":"WebPage","@id":"https:\/\/www.estrategiaconcursos.com.br\/blog\/concurso-camara-divino-mg\/","url":"https:\/\/www.estrategiaconcursos.com.br\/blog\/concurso-camara-divino-mg\/","name":"Concurso C\u00e2mara de Divino MG: sai a convoca\u00e7\u00e3o para a prova. Veja!","isPartOf":{"@id":"https:\/\/www.estrategiaconcursos.com.br\/blog\/#website"},"primaryImageOfPage":{"@id":"https:\/\/www.estrategiaconcursos.com.br\/blog\/concurso-camara-divino-mg\/#primaryimage"},"image":{"@id":"https:\/\/www.estrategiaconcursos.com.br\/blog\/concurso-camara-divino-mg\/#primaryimage"},"thumbnailUrl":"https:\/\/dhg1h5j42swfq.cloudfront.net\/2020\/06\/16145312\/Camara-de-Divino-MG.jpg","datePublished":"2020-09-16T16:40:00+00:00","dateModified":"2020-12-16T13:30:36+00:00","description":"Com edital publicado, concurso C\u00e2mara de Divino MG oferta 5 vagas + CR para cargos de n\u00edveis m\u00e9dio e fundamental. Confira no site!","breadcrumb":{"@id":"https:\/\/www.estrategiaconcursos.com.br\/blog\/concurso-camara-divino-mg\/#breadcrumb"},"inLanguage":"pt-BR","potentialAction":[{"@type":"ReadAction","target":["https:\/\/www.estrategiaconcursos.com.br\/blog\/concurso-camara-divino-mg\/"]}]},{"@type":"ImageObject","inLanguage":"pt-BR","@id":"https:\/\/www.estrategiaconcursos.com.br\/blog\/concurso-camara-divino-mg\/#primaryimage","url":"https:\/\/dhg1h5j42swfq.cloudfront.net\/2020\/06\/16145312\/Camara-de-Divino-MG.jpg","contentUrl":"https:\/\/dhg1h5j42swfq.cloudfront.net\/2020\/06\/16145312\/Camara-de-Divino-MG.jpg","width":1200,"height":628},{"@type":"BreadcrumbList","@id":"https:\/\/www.estrategiaconcursos.com.br\/blog\/concurso-camara-divino-mg\/#breadcrumb","itemListElement":[{"@type":"ListItem","position":1,"name":"In\u00edcio","item":"https:\/\/www.estrategiaconcursos.com.br\/blog\/"},{"@type":"ListItem","position":2,"name":"Concurso C\u00e2mara de Divino MG: sai a convoca\u00e7\u00e3o para a prova. Veja!"}]},{"@type":"WebSite","@id":"https:\/\/www.estrategiaconcursos.com.br\/blog\/#website","url":"https:\/\/www.estrategiaconcursos.com.br\/blog\/","name":"Estrat\u00e9gia Concursos","description":"O blog da Estrat\u00e9gia Concursos traz not\u00edcias sobre concursos e artigos de professores oferecendo cursos para concursos (pdf + videaulas) no site.","publisher":{"@id":"https:\/\/www.estrategiaconcursos.com.br\/blog\/#organization"},"potentialAction":[{"@type":"SearchAction","target":{"@type":"EntryPoint","urlTemplate":"https:\/\/www.estrategiaconcursos.com.br\/blog\/?s={search_term_string}"},"query-input":{"@type":"PropertyValueSpecification","valueRequired":true,"valueName":"search_term_string"}}],"inLanguage":"pt-BR"},{"@type":"Organization","@id":"https:\/\/www.estrategiaconcursos.com.br\/blog\/#organization","name":"Estrat\u00e9gia Concursos","url":"https:\/\/www.estrategiaconcursos.com.br\/blog\/","logo":{"@type":"ImageObject","inLanguage":"pt-BR","@id":"https:\/\/www.estrategiaconcursos.com.br\/blog\/#\/schema\/logo\/image\/","url":"https:\/\/dhg1h5j42swfq.cloudfront.net\/2025\/06\/03203428\/logo_concursos-1.jpg","contentUrl":"https:\/\/dhg1h5j42swfq.cloudfront.net\/2025\/06\/03203428\/logo_concursos-1.jpg","width":230,"height":60,"caption":"Estrat\u00e9gia Concursos"},"image":{"@id":"https:\/\/www.estrategiaconcursos.com.br\/blog\/#\/schema\/logo\/image\/"},"sameAs":["https:\/\/x.com\/EstratConcursos"]},{"@type":"Person","@id":"https:\/\/www.estrategiaconcursos.com.br\/blog\/#\/schema\/person\/b4a388c97673c5f483d72185668afa1f","name":"Coordena\u00e7\u00e3o","image":{"@type":"ImageObject","inLanguage":"pt-BR","@id":"https:\/\/secure.gravatar.com\/avatar\/b720319e4c9a967eb58678d110f4fe35452fc5d5f97b202bac7b8acceb18c6ad?s=96&d=mm&r=g","url":"https:\/\/secure.gravatar.com\/avatar\/b720319e4c9a967eb58678d110f4fe35452fc5d5f97b202bac7b8acceb18c6ad?s=96&d=mm&r=g","contentUrl":"https:\/\/secure.gravatar.com\/avatar\/b720319e4c9a967eb58678d110f4fe35452fc5d5f97b202bac7b8acceb18c6ad?s=96&d=mm&r=g","caption":"Coordena\u00e7\u00e3o"},"sameAs":["https:\/\/www.facebook.com\/EstrategiaConcursos","https:\/\/x.com\/EstratConcursos"],"url":"https:\/\/www.estrategiaconcursos.com.br\/blog\/author\/estrategia2013\/"}]}},"_links":{"self":[{"href":"https:\/\/www.estrategiaconcursos.com.br\/blog\/wp-json\/wp\/v2\/posts\/521947","targetHints":{"allow":["GET"]}}],"collection":[{"href":"https:\/\/www.estrategiaconcursos.com.br\/blog\/wp-json\/wp\/v2\/posts"}],"about":[{"href":"https:\/\/www.estrategiaconcursos.com.br\/blog\/wp-json\/wp\/v2\/types\/post"}],"author":[{"embeddable":true,"href":"https:\/\/www.estrategiaconcursos.com.br\/blog\/wp-json\/wp\/v2\/users\/1"}],"replies":[{"embeddable":true,"href":"https:\/\/www.estrategiaconcursos.com.br\/blog\/wp-json\/wp\/v2\/comments?post=521947"}],"version-history":[{"count":7,"href":"https:\/\/www.estrategiaconcursos.com.br\/blog\/wp-json\/wp\/v2\/posts\/521947\/revisions"}],"predecessor-version":[{"id":572996,"href":"https:\/\/www.estrategiaconcursos.com.br\/blog\/wp-json\/wp\/v2\/posts\/521947\/revisions\/572996"}],"wp:featuredmedia":[{"embeddable":true,"href":"https:\/\/www.estrategiaconcursos.com.br\/blog\/wp-json\/wp\/v2\/media\/572975"}],"wp:attachment":[{"href":"https:\/\/www.estrategiaconcursos.com.br\/blog\/wp-json\/wp\/v2\/media?parent=521947"}],"wp:term":[{"taxonomy":"category","embeddable":true,"href":"https:\/\/www.estrategiaconcursos.com.br\/blog\/wp-json\/wp\/v2\/categories?post=521947"},{"taxonomy":"post_tag","embeddable":true,"href":"https:\/\/www.estrategiaconcursos.com.br\/blog\/wp-json\/wp\/v2\/tags?post=521947"},{"taxonomy":"tax_estado","embeddable":true,"href":"https:\/\/www.estrategiaconcursos.com.br\/blog\/wp-json\/wp\/v2\/tax_estado?post=521947"}],"curies":[{"name":"wp","href":"https:\/\/api.w.org\/{rel}","templated":true}]}}