{"id":52178,"date":"2016-10-11T19:19:01","date_gmt":"2016-10-11T22:19:01","guid":{"rendered":"https:\/\/www.estrategiaconcursos.com.br\/blog\/?p=52178"},"modified":"2016-10-11T19:28:41","modified_gmt":"2016-10-11T22:28:41","slug":"iss-lages-prova-de-direito-tributario-cabe-recurso","status":"publish","type":"post","link":"https:\/\/www.estrategiaconcursos.com.br\/blog\/iss-lages-prova-de-direito-tributario-cabe-recurso\/","title":{"rendered":"ISS-Lages &#8211; Prova de Direito Tribut\u00e1rio Comentada"},"content":{"rendered":"<p style=\"text-align: justify\">Ol\u00e1, pessoal! Tudo bem?<\/p>\n<p style=\"text-align: justify\">Acabamos de examinar todas as quest\u00f5es de Direito Tribut\u00e1rio da prova aplicada no concurso para Auditor Fiscal da Receita Municipal de Lages &#8211; SC!<\/p>\n<p style=\"text-align: justify\">Cabe recurso na quest\u00e3o 30, pelos motivos expostos em seu coment\u00e1rio.<\/p>\n<p style=\"text-align: justify\">Desejo muita sorte aos que est\u00e3o participando deste concurso!<\/p>\n<p style=\"text-align: justify\">Que Deus aben\u00e7oe voc\u00eas!<\/p>\n<p style=\"text-align: justify\">Abra\u00e7os,<\/p>\n<p style=\"text-align: justify\"><strong>F\u00e1bio Dutra<\/strong><\/p>\n<p style=\"text-align: justify\"><span style=\"color: #3366ff\"><strong>Professor de Direito Tribut\u00e1rio e Legisla\u00e7\u00e3o Tribut\u00e1ria<\/strong><\/span><\/p>\n<p style=\"text-align: justify\"><span style=\"color: #3366ff\"><strong>Auditor-Fiscal da Receita Federal do Brasil<\/strong><\/span><\/p>\n<p style=\"text-align: justify\"><span style=\"color: #ff0000\"><strong>CONVITE:<\/strong>\u00a0<\/span>Voc\u00eas est\u00e3o convidados a participarem da minha\u00a0<strong>Lista VIP<\/strong>\u00a0de emails, recebendo em primeira m\u00e3o materiais gratuitos de Direito Tribut\u00e1rio e dicas de estudo para concursos p\u00fablicos. Para se inscrever, \u00e9 s\u00f3\u00a0<strong><a href=\"http:\/\/eepurl.com\/ccgPXb\" target=\"_blank\">clicar AQUI!<\/a><\/strong><\/p>\n<ol style=\"text-align: justify\" start=\"27\">\n<li>\u00c9(S\u00e3o) Sujeito(s) ativo(s) da obriga\u00e7\u00e3o tribut\u00e1ria:<\/li>\n<\/ol>\n<p>( ) aqueles que devem pagar o tributo, podendo ser contribuinte ou respons\u00e1vel.<\/p>\n<p style=\"text-align: justify\">( ) os contribuintes visto que s\u00e3o os devedores diretos que t\u00eam rela\u00e7\u00e3o pessoal e direta com o fato gerador (art. 121, I, CTN).<\/p>\n<p style=\"text-align: justify\">( ) qualquer empresa ou cidad\u00e3o que deve ao ente p\u00fablico e consequentemente deve ser considerado como um ativo.<\/p>\n<p style=\"text-align: justify\">( ) o respons\u00e1vel que \u00e9 o devedor indireto que, embora n\u00e3o sendo contribuinte, deve responder pela obriga\u00e7\u00e3o tribut\u00e1ria, por for\u00e7a de lei (art. 121, II, CTN).<\/p>\n<p style=\"text-align: justify\">( X ) a Uni\u00e3o, os Estados, o Distrito Federal e os Munic\u00edpios, os quais det\u00eam a compet\u00eancia tribut\u00e1ria, podendo legislar sobre tributos e exigi-los, dentro de suas respectivas esferas.<\/p>\n<p style=\"text-align: justify\"><strong>Coment\u00e1rio:<\/strong><\/p>\n<p style=\"text-align: justify\"><strong>Alternativa A: <\/strong>Os que devem pagar o tributo s\u00e3o os sujeitos passivos da obriga\u00e7\u00e3o tribut\u00e1ria. Alternativa errada.<\/p>\n<p style=\"text-align: justify\"><strong>Alternativa B:<\/strong> Os contribuintes s\u00e3o sujeitos passivos da obriga\u00e7\u00e3o tribut\u00e1ria. Alternativa errada.<\/p>\n<p style=\"text-align: justify\"><strong>Alternativa C:<\/strong> Quem tem a obriga\u00e7\u00e3o de pagar \u00e9 considerado sujeito passivo da obriga\u00e7\u00e3o tribut\u00e1ria. Alternativa errada.<\/p>\n<p style=\"text-align: justify\"><strong>Alternativa D:<\/strong> O respons\u00e1vel \u00e9 sujeito passivo da obriga\u00e7\u00e3o tribut\u00e1ria. Alternativa errada.<\/p>\n<p style=\"text-align: justify\"><strong>Alternativa E: <\/strong>a Uni\u00e3o, os Estados, o Distrito Federal e os Munic\u00edpios s\u00e3o sujeitos ativos da obriga\u00e7\u00e3o tribut\u00e1ria. \u00a0Alternativa correta.<\/p>\n<p style=\"text-align: justify\"><strong>Gabarito: Letra E<\/strong><\/p>\n<hr \/>\n<ol style=\"text-align: justify\" start=\"28\">\n<li>Quanto ao Cr\u00e9dito Tribut\u00e1rio, \u00e9 incorreto considerar:<\/li>\n<\/ol>\n<p style=\"text-align: justify\">( X ) que a obriga\u00e7\u00e3o e o cr\u00e9dito tribut\u00e1rio nasce com a ocorr\u00eancia do fato gerador.<\/p>\n<p style=\"text-align: justify\">( ) o cr\u00e9dito tribut\u00e1rio somente poder\u00e1 ser modificado, extinto, ou ter sua exigibilidade suspensa ou exclu\u00edda nos casos legalmente previstos.<\/p>\n<p style=\"text-align: justify\">( ) cr\u00e9dito regularmente constitu\u00eddo \u00e9 aquele tornado l\u00edquido, certo e exig\u00edvel, por meio do lan\u00e7amento.<\/p>\n<p style=\"text-align: justify\">( ) a presta\u00e7\u00e3o em moeda ou outro valor nela se possa exprimir, que o sujeito ativo da obriga\u00e7\u00e3o tribut\u00e1ria tem o direito de exigir do sujeito passivo direto ou indireto.<\/p>\n<p style=\"text-align: justify\">( ) o lan\u00e7amento \u00e9 constitutivo do cr\u00e9dito tribut\u00e1rio.<\/p>\n<p style=\"text-align: justify\"><strong>Coment\u00e1rio:<\/strong><\/p>\n<p style=\"text-align: justify\"><strong>Alternativa A:<\/strong> A obriga\u00e7\u00e3o tribut\u00e1ria nasce com a ocorr\u00eancia do fato gerador, mas o cr\u00e9dito tribut\u00e1rio somente surge com o lan\u00e7amento. Alternativa errada.<\/p>\n<p style=\"text-align: justify\"><strong>Alternativa B:<\/strong> Realmente, de acordo com o art. 141, do CTN, O cr\u00e9dito tribut\u00e1rio regularmente constitu\u00eddo somente se modifica ou extingue, ou tem sua exigibilidade suspensa ou exclu\u00edda, nos casos previstos nesta Lei. Alternativa correta.<\/p>\n<p style=\"text-align: justify\"><strong>Alternativa C:<\/strong> O cr\u00e9dito tribut\u00e1rio regularmente constitu\u00eddo \u00e9 tornado l\u00edquido, certo e exig\u00edvel, por meio do lan\u00e7amento, assim entendido como o procedimento previsto no art. 142, do CTN. Alternativa correta.<\/p>\n<p style=\"text-align: justify\"><strong>Alternativa D:<\/strong> Realmente, o tributo \u00e9 uma presta\u00e7\u00e3o em moeda ou outro valor nela se possa exprimir, que o sujeito ativo da obriga\u00e7\u00e3o tribut\u00e1ria tem o direito de exigir do sujeito passivo direto (contribuinte) ou indireto (respons\u00e1vel). Alternativa correta.<\/p>\n<p style=\"text-align: justify\"><strong>Alternativa E:<\/strong> O lan\u00e7amento \u00e9 o procedimento que constitui o cr\u00e9dito tribut\u00e1rio. Alternativa correta.<\/p>\n<p style=\"text-align: justify\"><strong>Gabarito: Letra A<\/strong><\/p>\n<hr \/>\n<ol style=\"text-align: justify\" start=\"29\">\n<li>Repeti\u00e7\u00e3o de ind\u00e9bito pode ser considerado como:<\/li>\n<\/ol>\n<p style=\"text-align: justify\">( ) o direito de o ente p\u00fablico pleitear o pagamento de uma quantia sem que tenha sido completamente paga pelo contribuinte.<\/p>\n<p style=\"text-align: justify\">( X ) o direito da pessoa de pleitear a devolu\u00e7\u00e3o de uma quantia paga sem que tenha sido devida.<\/p>\n<p style=\"text-align: justify\">( ) a restitui\u00e7\u00e3o do principal, acrescido ou n\u00e3o de juros, pago pelo contribuinte ao ente p\u00fablico em decorr\u00eancia de d\u00e9bitos de per\u00edodos\u00a0anteriores.<\/p>\n<p style=\"text-align: justify\">( ) os valores pagos pelo contribuinte acrescidos ou n\u00e3o de juros morat\u00f3rios, ap\u00f3s julgamento da senten\u00e7a.<\/p>\n<p style=\"text-align: justify\">( ) os valores pagos indevidamente pelo contribuinte que lhe ser\u00e3o devolvidos ao contribuinte desde de que o mesmo fa\u00e7a pedido formal, instruindo a raz\u00e3o do pagamento, sem direito de receber os juros decorrentes.<\/p>\n<p style=\"text-align: justify\"><strong>Coment\u00e1rio: <\/strong>Repeti\u00e7\u00e3o de ind\u00e9bito se refere ao direito do sujeito passivo de pleitear a devolu\u00e7\u00e3o de uma quantia paga sem que tenha sido devida.<\/p>\n<p style=\"text-align: justify\"><strong>\u00a0<\/strong><strong>Gabarito: Letra B<\/strong><\/p>\n<hr \/>\n<ol style=\"text-align: justify\" start=\"30\">\n<li>S\u00e3o considerados impostos Federais, Estaduais e Municipais, respectivamente:<\/li>\n<\/ol>\n<p style=\"text-align: justify\">( ) IOF \u2013 Imposto sobre Opera\u00e7\u00f5es Financeiras \u2022 ITR \u2013 Imposto sobre a Propriedade Territorial Rural \u2022 ISS \u2013 Imposto sobre Servi\u00e7os<\/p>\n<p style=\"text-align: justify\">( ) PIS\/Pasep \u2013 Programas de Integra\u00e7\u00e3o Social e de Forma\u00e7\u00e3o do Patrim\u00f4nio do Servidor P\u00fablico \u2022 ITBI \u2013 Imposto sobre Transmiss\u00e3o de Bens Inter Vivos \u2022 ICMS \u2013 Imposto sobre Circula\u00e7\u00e3o de Mercadorias<\/p>\n<p style=\"text-align: justify\">( X ) Cide \u2013 Contribui\u00e7\u00e3o de Interven\u00e7\u00e3o no Dom\u00ednio Econ\u00f4mico \u2022 IPVA \u2013 Imposto sobre a Propriedade de Ve\u00edculos Automotores \u2022 IPTU \u2013 Imposto sobre a Propriedade Predial e Territorial Urbana<\/p>\n<p style=\"text-align: justify\">( ) Cide \u2013 Contribui\u00e7\u00e3o de Interven\u00e7\u00e3o no Dom\u00ednio Econ\u00f4mico \u2022 IPVA \u2013 Imposto sobre a Propriedade de Ve\u00edculos Automotores \u2022 ITCMD \u2013 Imposto sobre a Transmiss\u00e3o Causa Mortis e Doa\u00e7\u00e3o<\/p>\n<p style=\"text-align: justify\">( ) CSLL \u2013 Contribui\u00e7\u00e3o Social sobre o Lucro L\u00edquido \u2022 ITBI \u2013 Imposto sobre Transmiss\u00e3o de Bens Inter Vivos \u2022 ITCMD \u2013 Imposto sobre a Transmiss\u00e3o Causa Mortis e Doa\u00e7\u00e3o<\/p>\n<p style=\"text-align: justify\"><strong>Coment\u00e1rio: <\/strong>Esta quest\u00e3o \u00e9 pass\u00edvel de recurso, uma vez que o seu enunciado solicita a escolha, dentre as alternativas, daquela que apresente, impostos Federais, Estaduais e Municipais, respectivamente. Ocorre que o gabarito, Letra C, aponta n\u00e3o um imposto federal, mas sim uma Contribui\u00e7\u00e3o de Interven\u00e7\u00e3o no Dom\u00ednio Econ\u00f4mico, que claramente n\u00e3o se confunde com imposto, consoante entendimento firmado pelo STF. N\u00e3o h\u00e1 resposta correta, e a quest\u00e3o deve ser anulada!!!<\/p>\n<p style=\"text-align: justify\"><strong>Gabarito Preliminar: Letra C<\/strong><\/p>\n<p>&nbsp;<\/p>\n","protected":false},"excerpt":{"rendered":"<p>Ol\u00e1, pessoal! Tudo bem? Acabamos de examinar todas as quest\u00f5es de Direito Tribut\u00e1rio da prova aplicada no concurso para Auditor Fiscal da Receita Municipal de Lages &#8211; SC! Cabe recurso na quest\u00e3o 30, pelos motivos expostos em seu coment\u00e1rio. Desejo muita sorte aos que est\u00e3o participando deste concurso! Que Deus aben\u00e7oe voc\u00eas! Abra\u00e7os, F\u00e1bio Dutra [&hellip;]<\/p>\n","protected":false},"author":150,"featured_media":0,"comment_status":"open","ping_status":"open","sticky":false,"template":"","format":"standard","meta":{"post_tipo":"article","footnotes":""},"categories":[1],"tags":[],"tax_estado":[],"class_list":["post-52178","post","type-post","status-publish","format-standard","hentry","category-cursos-e-concursos"],"acf":[],"yoast_head":"<!-- This site is optimized with the Yoast SEO Premium plugin v27.2 (Yoast SEO v27.2) - https:\/\/yoast.com\/product\/yoast-seo-premium-wordpress\/ -->\n<title>ISS-Lages - Prova de Direito Tribut\u00e1rio Comentada<\/title>\n<meta name=\"robots\" content=\"index, follow, max-snippet:-1, max-image-preview:large, max-video-preview:-1\" \/>\n<link rel=\"canonical\" href=\"https:\/\/www.estrategiaconcursos.com.br\/blog\/iss-lages-prova-de-direito-tributario-cabe-recurso\/\" \/>\n<meta property=\"og:locale\" content=\"pt_BR\" \/>\n<meta property=\"og:type\" content=\"article\" \/>\n<meta property=\"og:title\" content=\"ISS-Lages - Prova de Direito Tribut\u00e1rio Comentada\" \/>\n<meta property=\"og:description\" content=\"Ol\u00e1, pessoal! Tudo bem? Acabamos de examinar todas as quest\u00f5es de Direito Tribut\u00e1rio da prova aplicada no concurso para Auditor Fiscal da Receita Municipal de Lages &#8211; SC! Cabe recurso na quest\u00e3o 30, pelos motivos expostos em seu coment\u00e1rio. Desejo muita sorte aos que est\u00e3o participando deste concurso! Que Deus aben\u00e7oe voc\u00eas! Abra\u00e7os, F\u00e1bio Dutra [&hellip;]\" \/>\n<meta property=\"og:url\" content=\"https:\/\/www.estrategiaconcursos.com.br\/blog\/iss-lages-prova-de-direito-tributario-cabe-recurso\/\" \/>\n<meta property=\"og:site_name\" content=\"Estrat\u00e9gia Concursos\" \/>\n<meta property=\"article:published_time\" content=\"2016-10-11T22:19:01+00:00\" \/>\n<meta property=\"article:modified_time\" content=\"2016-10-11T22:28:41+00:00\" \/>\n<meta name=\"author\" content=\"F\u00e1bio Dutra\" \/>\n<meta name=\"twitter:card\" content=\"summary_large_image\" \/>\n<meta name=\"twitter:creator\" content=\"@EstratConcursos\" \/>\n<meta name=\"twitter:site\" content=\"@EstratConcursos\" \/>\n<meta name=\"twitter:label1\" content=\"Escrito por\" \/>\n\t<meta name=\"twitter:data1\" content=\"F\u00e1bio Dutra\" \/>\n\t<meta name=\"twitter:label2\" content=\"Est. tempo de leitura\" \/>\n\t<meta name=\"twitter:data2\" content=\"5 minutos\" \/>\n<script type=\"application\/ld+json\" class=\"yoast-schema-graph\">{\"@context\":\"https:\/\/schema.org\",\"@graph\":[{\"@type\":\"NewsArticle\",\"@id\":\"https:\/\/www.estrategiaconcursos.com.br\/blog\/iss-lages-prova-de-direito-tributario-cabe-recurso\/#article\",\"isPartOf\":{\"@id\":\"https:\/\/www.estrategiaconcursos.com.br\/blog\/iss-lages-prova-de-direito-tributario-cabe-recurso\/\"},\"author\":{\"name\":\"F\u00e1bio Dutra\",\"@id\":\"https:\/\/www.estrategiaconcursos.com.br\/blog\/#\/schema\/person\/c6615b1e72eae70edca73ea5362ead63\"},\"headline\":\"ISS-Lages &#8211; Prova de Direito Tribut\u00e1rio Comentada\",\"datePublished\":\"2016-10-11T22:19:01+00:00\",\"dateModified\":\"2016-10-11T22:28:41+00:00\",\"mainEntityOfPage\":{\"@id\":\"https:\/\/www.estrategiaconcursos.com.br\/blog\/iss-lages-prova-de-direito-tributario-cabe-recurso\/\"},\"wordCount\":1021,\"commentCount\":0,\"publisher\":{\"@id\":\"https:\/\/www.estrategiaconcursos.com.br\/blog\/#organization\"},\"articleSection\":[\"Concursos P\u00fablicos\"],\"inLanguage\":\"pt-BR\",\"potentialAction\":[{\"@type\":\"CommentAction\",\"name\":\"Comment\",\"target\":[\"https:\/\/www.estrategiaconcursos.com.br\/blog\/iss-lages-prova-de-direito-tributario-cabe-recurso\/#respond\"]}],\"copyrightYear\":\"2016\",\"copyrightHolder\":{\"@id\":\"https:\/\/www.estrategiaconcursos.com.br\/blog\/#organization\"}},{\"@type\":\"WebPage\",\"@id\":\"https:\/\/www.estrategiaconcursos.com.br\/blog\/iss-lages-prova-de-direito-tributario-cabe-recurso\/\",\"url\":\"https:\/\/www.estrategiaconcursos.com.br\/blog\/iss-lages-prova-de-direito-tributario-cabe-recurso\/\",\"name\":\"ISS-Lages - Prova de Direito Tribut\u00e1rio Comentada\",\"isPartOf\":{\"@id\":\"https:\/\/www.estrategiaconcursos.com.br\/blog\/#website\"},\"datePublished\":\"2016-10-11T22:19:01+00:00\",\"dateModified\":\"2016-10-11T22:28:41+00:00\",\"breadcrumb\":{\"@id\":\"https:\/\/www.estrategiaconcursos.com.br\/blog\/iss-lages-prova-de-direito-tributario-cabe-recurso\/#breadcrumb\"},\"inLanguage\":\"pt-BR\",\"potentialAction\":[{\"@type\":\"ReadAction\",\"target\":[\"https:\/\/www.estrategiaconcursos.com.br\/blog\/iss-lages-prova-de-direito-tributario-cabe-recurso\/\"]}]},{\"@type\":\"BreadcrumbList\",\"@id\":\"https:\/\/www.estrategiaconcursos.com.br\/blog\/iss-lages-prova-de-direito-tributario-cabe-recurso\/#breadcrumb\",\"itemListElement\":[{\"@type\":\"ListItem\",\"position\":1,\"name\":\"In\u00edcio\",\"item\":\"https:\/\/www.estrategiaconcursos.com.br\/blog\/\"},{\"@type\":\"ListItem\",\"position\":2,\"name\":\"ISS-Lages &#8211; Prova de Direito Tribut\u00e1rio Comentada\"}]},{\"@type\":\"WebSite\",\"@id\":\"https:\/\/www.estrategiaconcursos.com.br\/blog\/#website\",\"url\":\"https:\/\/www.estrategiaconcursos.com.br\/blog\/\",\"name\":\"Estrat\u00e9gia Concursos\",\"description\":\"O blog da Estrat\u00e9gia Concursos traz not\u00edcias sobre concursos e artigos de professores oferecendo cursos para concursos (pdf + videaulas) no site.\",\"publisher\":{\"@id\":\"https:\/\/www.estrategiaconcursos.com.br\/blog\/#organization\"},\"potentialAction\":[{\"@type\":\"SearchAction\",\"target\":{\"@type\":\"EntryPoint\",\"urlTemplate\":\"https:\/\/www.estrategiaconcursos.com.br\/blog\/?s={search_term_string}\"},\"query-input\":{\"@type\":\"PropertyValueSpecification\",\"valueRequired\":true,\"valueName\":\"search_term_string\"}}],\"inLanguage\":\"pt-BR\"},{\"@type\":\"Organization\",\"@id\":\"https:\/\/www.estrategiaconcursos.com.br\/blog\/#organization\",\"name\":\"Estrat\u00e9gia Concursos\",\"url\":\"https:\/\/www.estrategiaconcursos.com.br\/blog\/\",\"logo\":{\"@type\":\"ImageObject\",\"inLanguage\":\"pt-BR\",\"@id\":\"https:\/\/www.estrategiaconcursos.com.br\/blog\/#\/schema\/logo\/image\/\",\"url\":\"https:\/\/dhg1h5j42swfq.cloudfront.net\/2025\/06\/03203428\/logo_concursos-1.jpg\",\"contentUrl\":\"https:\/\/dhg1h5j42swfq.cloudfront.net\/2025\/06\/03203428\/logo_concursos-1.jpg\",\"width\":230,\"height\":60,\"caption\":\"Estrat\u00e9gia Concursos\"},\"image\":{\"@id\":\"https:\/\/www.estrategiaconcursos.com.br\/blog\/#\/schema\/logo\/image\/\"},\"sameAs\":[\"https:\/\/x.com\/EstratConcursos\"]},{\"@type\":\"Person\",\"@id\":\"https:\/\/www.estrategiaconcursos.com.br\/blog\/#\/schema\/person\/c6615b1e72eae70edca73ea5362ead63\",\"name\":\"F\u00e1bio Dutra\",\"image\":{\"@type\":\"ImageObject\",\"inLanguage\":\"pt-BR\",\"@id\":\"https:\/\/secure.gravatar.com\/avatar\/2fb4b2715a33320653086a45a7174528e6836e078753b587b59cb70f7b453819?s=96&d=mm&r=g\",\"url\":\"https:\/\/secure.gravatar.com\/avatar\/2fb4b2715a33320653086a45a7174528e6836e078753b587b59cb70f7b453819?s=96&d=mm&r=g\",\"contentUrl\":\"https:\/\/secure.gravatar.com\/avatar\/2fb4b2715a33320653086a45a7174528e6836e078753b587b59cb70f7b453819?s=96&d=mm&r=g\",\"caption\":\"F\u00e1bio Dutra\"},\"url\":\"https:\/\/www.estrategiaconcursos.com.br\/blog\/author\/fabiodutraestrategiaconcursos-com-br\/\"}]}<\/script>\n<!-- \/ Yoast SEO Premium plugin. -->","yoast_head_json":{"title":"ISS-Lages - Prova de Direito Tribut\u00e1rio Comentada","robots":{"index":"index","follow":"follow","max-snippet":"max-snippet:-1","max-image-preview":"max-image-preview:large","max-video-preview":"max-video-preview:-1"},"canonical":"https:\/\/www.estrategiaconcursos.com.br\/blog\/iss-lages-prova-de-direito-tributario-cabe-recurso\/","og_locale":"pt_BR","og_type":"article","og_title":"ISS-Lages - Prova de Direito Tribut\u00e1rio Comentada","og_description":"Ol\u00e1, pessoal! Tudo bem? Acabamos de examinar todas as quest\u00f5es de Direito Tribut\u00e1rio da prova aplicada no concurso para Auditor Fiscal da Receita Municipal de Lages &#8211; SC! Cabe recurso na quest\u00e3o 30, pelos motivos expostos em seu coment\u00e1rio. Desejo muita sorte aos que est\u00e3o participando deste concurso! Que Deus aben\u00e7oe voc\u00eas! Abra\u00e7os, F\u00e1bio Dutra [&hellip;]","og_url":"https:\/\/www.estrategiaconcursos.com.br\/blog\/iss-lages-prova-de-direito-tributario-cabe-recurso\/","og_site_name":"Estrat\u00e9gia Concursos","article_published_time":"2016-10-11T22:19:01+00:00","article_modified_time":"2016-10-11T22:28:41+00:00","author":"F\u00e1bio Dutra","twitter_card":"summary_large_image","twitter_creator":"@EstratConcursos","twitter_site":"@EstratConcursos","twitter_misc":{"Escrito por":"F\u00e1bio Dutra","Est. tempo de leitura":"5 minutos"},"schema":{"@context":"https:\/\/schema.org","@graph":[{"@type":"NewsArticle","@id":"https:\/\/www.estrategiaconcursos.com.br\/blog\/iss-lages-prova-de-direito-tributario-cabe-recurso\/#article","isPartOf":{"@id":"https:\/\/www.estrategiaconcursos.com.br\/blog\/iss-lages-prova-de-direito-tributario-cabe-recurso\/"},"author":{"name":"F\u00e1bio Dutra","@id":"https:\/\/www.estrategiaconcursos.com.br\/blog\/#\/schema\/person\/c6615b1e72eae70edca73ea5362ead63"},"headline":"ISS-Lages &#8211; Prova de Direito Tribut\u00e1rio Comentada","datePublished":"2016-10-11T22:19:01+00:00","dateModified":"2016-10-11T22:28:41+00:00","mainEntityOfPage":{"@id":"https:\/\/www.estrategiaconcursos.com.br\/blog\/iss-lages-prova-de-direito-tributario-cabe-recurso\/"},"wordCount":1021,"commentCount":0,"publisher":{"@id":"https:\/\/www.estrategiaconcursos.com.br\/blog\/#organization"},"articleSection":["Concursos P\u00fablicos"],"inLanguage":"pt-BR","potentialAction":[{"@type":"CommentAction","name":"Comment","target":["https:\/\/www.estrategiaconcursos.com.br\/blog\/iss-lages-prova-de-direito-tributario-cabe-recurso\/#respond"]}],"copyrightYear":"2016","copyrightHolder":{"@id":"https:\/\/www.estrategiaconcursos.com.br\/blog\/#organization"}},{"@type":"WebPage","@id":"https:\/\/www.estrategiaconcursos.com.br\/blog\/iss-lages-prova-de-direito-tributario-cabe-recurso\/","url":"https:\/\/www.estrategiaconcursos.com.br\/blog\/iss-lages-prova-de-direito-tributario-cabe-recurso\/","name":"ISS-Lages - Prova de Direito Tribut\u00e1rio Comentada","isPartOf":{"@id":"https:\/\/www.estrategiaconcursos.com.br\/blog\/#website"},"datePublished":"2016-10-11T22:19:01+00:00","dateModified":"2016-10-11T22:28:41+00:00","breadcrumb":{"@id":"https:\/\/www.estrategiaconcursos.com.br\/blog\/iss-lages-prova-de-direito-tributario-cabe-recurso\/#breadcrumb"},"inLanguage":"pt-BR","potentialAction":[{"@type":"ReadAction","target":["https:\/\/www.estrategiaconcursos.com.br\/blog\/iss-lages-prova-de-direito-tributario-cabe-recurso\/"]}]},{"@type":"BreadcrumbList","@id":"https:\/\/www.estrategiaconcursos.com.br\/blog\/iss-lages-prova-de-direito-tributario-cabe-recurso\/#breadcrumb","itemListElement":[{"@type":"ListItem","position":1,"name":"In\u00edcio","item":"https:\/\/www.estrategiaconcursos.com.br\/blog\/"},{"@type":"ListItem","position":2,"name":"ISS-Lages &#8211; Prova de Direito Tribut\u00e1rio Comentada"}]},{"@type":"WebSite","@id":"https:\/\/www.estrategiaconcursos.com.br\/blog\/#website","url":"https:\/\/www.estrategiaconcursos.com.br\/blog\/","name":"Estrat\u00e9gia Concursos","description":"O blog da Estrat\u00e9gia Concursos traz not\u00edcias sobre concursos e artigos de professores oferecendo cursos para concursos (pdf + videaulas) no site.","publisher":{"@id":"https:\/\/www.estrategiaconcursos.com.br\/blog\/#organization"},"potentialAction":[{"@type":"SearchAction","target":{"@type":"EntryPoint","urlTemplate":"https:\/\/www.estrategiaconcursos.com.br\/blog\/?s={search_term_string}"},"query-input":{"@type":"PropertyValueSpecification","valueRequired":true,"valueName":"search_term_string"}}],"inLanguage":"pt-BR"},{"@type":"Organization","@id":"https:\/\/www.estrategiaconcursos.com.br\/blog\/#organization","name":"Estrat\u00e9gia Concursos","url":"https:\/\/www.estrategiaconcursos.com.br\/blog\/","logo":{"@type":"ImageObject","inLanguage":"pt-BR","@id":"https:\/\/www.estrategiaconcursos.com.br\/blog\/#\/schema\/logo\/image\/","url":"https:\/\/dhg1h5j42swfq.cloudfront.net\/2025\/06\/03203428\/logo_concursos-1.jpg","contentUrl":"https:\/\/dhg1h5j42swfq.cloudfront.net\/2025\/06\/03203428\/logo_concursos-1.jpg","width":230,"height":60,"caption":"Estrat\u00e9gia Concursos"},"image":{"@id":"https:\/\/www.estrategiaconcursos.com.br\/blog\/#\/schema\/logo\/image\/"},"sameAs":["https:\/\/x.com\/EstratConcursos"]},{"@type":"Person","@id":"https:\/\/www.estrategiaconcursos.com.br\/blog\/#\/schema\/person\/c6615b1e72eae70edca73ea5362ead63","name":"F\u00e1bio Dutra","image":{"@type":"ImageObject","inLanguage":"pt-BR","@id":"https:\/\/secure.gravatar.com\/avatar\/2fb4b2715a33320653086a45a7174528e6836e078753b587b59cb70f7b453819?s=96&d=mm&r=g","url":"https:\/\/secure.gravatar.com\/avatar\/2fb4b2715a33320653086a45a7174528e6836e078753b587b59cb70f7b453819?s=96&d=mm&r=g","contentUrl":"https:\/\/secure.gravatar.com\/avatar\/2fb4b2715a33320653086a45a7174528e6836e078753b587b59cb70f7b453819?s=96&d=mm&r=g","caption":"F\u00e1bio Dutra"},"url":"https:\/\/www.estrategiaconcursos.com.br\/blog\/author\/fabiodutraestrategiaconcursos-com-br\/"}]}},"_links":{"self":[{"href":"https:\/\/www.estrategiaconcursos.com.br\/blog\/wp-json\/wp\/v2\/posts\/52178","targetHints":{"allow":["GET"]}}],"collection":[{"href":"https:\/\/www.estrategiaconcursos.com.br\/blog\/wp-json\/wp\/v2\/posts"}],"about":[{"href":"https:\/\/www.estrategiaconcursos.com.br\/blog\/wp-json\/wp\/v2\/types\/post"}],"author":[{"embeddable":true,"href":"https:\/\/www.estrategiaconcursos.com.br\/blog\/wp-json\/wp\/v2\/users\/150"}],"replies":[{"embeddable":true,"href":"https:\/\/www.estrategiaconcursos.com.br\/blog\/wp-json\/wp\/v2\/comments?post=52178"}],"version-history":[{"count":5,"href":"https:\/\/www.estrategiaconcursos.com.br\/blog\/wp-json\/wp\/v2\/posts\/52178\/revisions"}],"predecessor-version":[{"id":52183,"href":"https:\/\/www.estrategiaconcursos.com.br\/blog\/wp-json\/wp\/v2\/posts\/52178\/revisions\/52183"}],"wp:attachment":[{"href":"https:\/\/www.estrategiaconcursos.com.br\/blog\/wp-json\/wp\/v2\/media?parent=52178"}],"wp:term":[{"taxonomy":"category","embeddable":true,"href":"https:\/\/www.estrategiaconcursos.com.br\/blog\/wp-json\/wp\/v2\/categories?post=52178"},{"taxonomy":"post_tag","embeddable":true,"href":"https:\/\/www.estrategiaconcursos.com.br\/blog\/wp-json\/wp\/v2\/tags?post=52178"},{"taxonomy":"tax_estado","embeddable":true,"href":"https:\/\/www.estrategiaconcursos.com.br\/blog\/wp-json\/wp\/v2\/tax_estado?post=52178"}],"curies":[{"name":"wp","href":"https:\/\/api.w.org\/{rel}","templated":true}]}}