{"id":52142,"date":"2016-10-12T14:02:15","date_gmt":"2016-10-12T17:02:15","guid":{"rendered":"https:\/\/www.estrategiaconcursos.com.br\/blog\/?p=52142"},"modified":"2018-01-05T15:38:17","modified_gmt":"2018-01-05T18:38:17","slug":"concurso-pmdf-edital","status":"publish","type":"post","link":"https:\/\/www.estrategiaconcursos.com.br\/blog\/concurso-pmdf-edital\/","title":{"rendered":"Concurso PMDF | Pontos mais relevantes do nosso aul\u00e3o de an\u00e1lise do edital"},"content":{"rendered":"<p style=\"text-align: justify;\"><span style=\"color: #000000;\">Ol\u00e1 pessoal, tudo bem? Na \u00faltima segunda-feira, 10 de outubro, eu e o professor Ronaldo Fonseca realizamos \u00a0um aul\u00e3o online, ao vivo e gratuito de <strong>an\u00e1lise do edital PMDF<\/strong>.\u00a0Durante o evento demos dicas e principais detalhes sobre o concurso PMDF, abordamos t\u00e9cnicas de como se planejar e estudar, al\u00e9m de termos respondido\u00a0d\u00favidas ao vivo. \u00a0Veja abaixo os aspectos mais importantes que analisamos\u00a0ao longo do aul\u00e3o.<\/span><\/p>\n<h2 style=\"text-align: justify;\"><span style=\"color: #000000;\">Dados B\u00e1sicos do Concurso PMDF<\/span><\/h2>\n<p style=\"text-align: justify;\"><span style=\"color: #000000;\">O novo edital pode ser lan\u00e7ado ainda em 2016 para o cargo de Oficial com 51 \u00a0vagas imediatas + 153 para cadastro reserva. O concurso PMDF exige n\u00edvel superior e oferece sal\u00e1rios de R$ 6.112,87 (Aluno Oficial) e R$ 11.894,25 (Segundo Tenente).<\/span><\/p>\n<div class=\"lyte-wrapper\" style=\"width:853px;max-width:100%;margin:5px;\"><div class=\"lyMe qsa_\\&amp;start\\=725\" id=\"WYL__13SmF7aO7o\"><div id=\"lyte__13SmF7aO7o\" data-src=\"\/\/i.ytimg.com\/vi\/_13SmF7aO7o\/hqdefault.jpg\" class=\"pL\"><div class=\"tC\"><div class=\"tT\"><\/div><\/div><div class=\"play\"><\/div><div class=\"ctrl\"><div class=\"Lctrl\"><\/div><div class=\"Rctrl\"><\/div><\/div><\/div><noscript><a href=\"https:\/\/youtu.be\/_13SmF7aO7o\" rel=\"nofollow\"><img loading=\"lazy\" decoding=\"async\" src=\"https:\/\/i.ytimg.com\/vi\/_13SmF7aO7o\/0.jpg\" alt=\"YouTube video thumbnail\" width=\"853\" height=\"460\" \/><br \/>Assista a este v\u00eddeo no YouTube<\/a><\/noscript><\/div><\/div><div class=\"lL\" style=\"max-width:100%;width:853px;margin:5px;\"><\/div><\/p>\n<h2 style=\"text-align: justify;\"><span style=\"color: #000000;\">Exig\u00eancia quanto \u00e0 idade e altura<\/span><\/h2>\n<p style=\"text-align: justify;\"><span style=\"color: #000000;\">O cargo de Oficial da PMDF exige dos candidatos idade m\u00ednima de 18 anos e m\u00e1xima de 30 anos. A comprova\u00e7\u00e3o da idade m\u00e1xima deve ser feita no ato da\u00a0<span style=\"text-decoration: underline;\">inscri\u00e7\u00e3o do concurso<\/span> ( conforme entendimento do TCDF).\u00a0<\/span><\/p>\n<p style=\"text-align: justify;\"><span style=\"color: #000000;\">Os limites m\u00ednimos de altura (com os p\u00e9s nus e cabe\u00e7a descoberta) \u00e9 de: 1,65m para homens e 1,60m para mulheres. Veja esse t\u00f3pico do aul\u00e3o no v\u00eddeo abaixo:<\/span><\/p>\n<div class=\"lyte-wrapper\" style=\"width:853px;max-width:100%;margin:5px;\"><div class=\"lyMe qsa_\\&amp;start\\=957\" id=\"WYL__13SmF7aO7o\"><div id=\"lyte__13SmF7aO7o\" data-src=\"\/\/i.ytimg.com\/vi\/_13SmF7aO7o\/hqdefault.jpg\" class=\"pL\"><div class=\"tC\"><div class=\"tT\"><\/div><\/div><div class=\"play\"><\/div><div class=\"ctrl\"><div class=\"Lctrl\"><\/div><div class=\"Rctrl\"><\/div><\/div><\/div><noscript><a href=\"https:\/\/youtu.be\/_13SmF7aO7o\" rel=\"nofollow\"><img loading=\"lazy\" decoding=\"async\" src=\"https:\/\/i.ytimg.com\/vi\/_13SmF7aO7o\/0.jpg\" alt=\"YouTube video thumbnail\" width=\"853\" height=\"460\" \/><br \/>Assista a este v\u00eddeo no YouTube<\/a><\/noscript><\/div><\/div><div class=\"lL\" style=\"max-width:100%;width:853px;margin:5px;\"><\/div><\/p>\n<h2><span style=\"color: #000000;\">Concurso PMDF 2016<\/span><\/h2>\n<p><span style=\"color: #000000;\">A banca organizadora ser\u00e1 a IADES. As etapas do concurso de Oficial da PMDF s\u00e3o:<\/span><\/p>\n<ul>\n<li><span style=\"color: #000000;\">Provas escritas (Objetiva + Discursiva)<\/span><\/li>\n<li><span style=\"color: #000000;\">Teste de Exame de aptid\u00e3o f\u00edsica<\/span><\/li>\n<li><span style=\"color: #000000;\">Exames m\u00e9dicos<\/span><\/li>\n<li><span style=\"color: #000000;\">Avalia\u00e7\u00e3o psicol\u00f3gica<\/span><\/li>\n<li><span style=\"color: #000000;\">Avalia\u00e7\u00e3o de vida pregressa e investiga\u00e7\u00e3o social<\/span><\/li>\n<\/ul>\n<div class=\"lyte-wrapper\" style=\"width:853px;max-width:100%;margin:5px;\"><div class=\"lyMe qsa_\\&amp;start\\=1114\" id=\"WYL__13SmF7aO7o\"><div id=\"lyte__13SmF7aO7o\" data-src=\"\/\/i.ytimg.com\/vi\/_13SmF7aO7o\/hqdefault.jpg\" class=\"pL\"><div class=\"tC\"><div class=\"tT\"><\/div><\/div><div class=\"play\"><\/div><div class=\"ctrl\"><div class=\"Lctrl\"><\/div><div class=\"Rctrl\"><\/div><\/div><\/div><noscript><a href=\"https:\/\/youtu.be\/_13SmF7aO7o\" rel=\"nofollow\"><img loading=\"lazy\" decoding=\"async\" src=\"https:\/\/i.ytimg.com\/vi\/_13SmF7aO7o\/0.jpg\" alt=\"YouTube video thumbnail\" width=\"853\" height=\"460\" \/><br \/>Assista a este v\u00eddeo no YouTube<\/a><\/noscript><\/div><\/div><div class=\"lL\" style=\"max-width:100%;width:853px;margin:5px;\"><\/div><\/p>\n<h2><span style=\"color: #000000;\">Concurso PMDF anterior<\/span><\/h2>\n<p><span style=\"color: #000000;\">A demanda por vaga no certame anterior foi de 76,16 candidatos por vaga. Os objetos de avalia\u00e7\u00e3o cobrados na prova anterior foram:<\/span><\/p>\n<p><span style=\"color: #000000;\"><strong>Conhecimentos B\u00e1sicos:<\/strong><\/span><\/p>\n<ul>\n<li><span style=\"color: #000000;\">L\u00edngua Portuguesa<\/span><\/li>\n<li><span style=\"color: #000000;\">No\u00e7\u00f5es de Inform\u00e1tica<\/span><\/li>\n<li><span style=\"color: #000000;\">Matem\u00e1tica<\/span><\/li>\n<\/ul>\n<p><span style=\"color: #000000;\"><strong>Conhecimentos Espec\u00edficos:<\/strong><\/span><\/p>\n<ul>\n<li><span style=\"color: #000000;\">No\u00e7\u00f5es de Administra\u00e7\u00e3o\u00a0<\/span><\/li>\n<li><span style=\"color: #000000;\">Lei Org\u00e2nica do Distrito Federal<\/span><\/li>\n<li><span style=\"color: #000000;\">No\u00e7\u00f5es de Direito Administrativo<\/span><\/li>\n<li><span style=\"color: #000000;\">No\u00e7\u00f5es de Direito Constitucional<\/span><\/li>\n<li><span style=\"color: #000000;\">No\u00e7\u00f5es de Direitos Humanos<\/span><\/li>\n<li><span style=\"color: #000000;\">No\u00e7\u00f5es de Direito Penal<\/span><\/li>\n<li><span style=\"color: #000000;\">No\u00e7\u00f5es de Direito Processual Penal<\/span><\/li>\n<li><span style=\"color: #000000;\">No\u00e7\u00f5es de Legisla\u00e7\u00e3o Extravagante<\/span><\/li>\n<\/ul>\n<p style=\"text-align: justify;\"><span style=\"color: #000000;\">Sobre a prova discursiva, o CESPE corrigiu as 300 primeiras para os homens e 60 primeiras para as mulheres. Veja esse t\u00f3pico do nosso aul\u00e3o:<\/span><\/p>\n<div class=\"lyte-wrapper\" style=\"width:853px;max-width:100%;margin:5px;\"><div class=\"lyMe qsa_\\&amp;start\\=1945\" id=\"WYL__13SmF7aO7o\"><div id=\"lyte__13SmF7aO7o\" data-src=\"\/\/i.ytimg.com\/vi\/_13SmF7aO7o\/hqdefault.jpg\" class=\"pL\"><div class=\"tC\"><div class=\"tT\"><\/div><\/div><div class=\"play\"><\/div><div class=\"ctrl\"><div class=\"Lctrl\"><\/div><div class=\"Rctrl\"><\/div><\/div><\/div><noscript><a href=\"https:\/\/youtu.be\/_13SmF7aO7o\" rel=\"nofollow\"><img loading=\"lazy\" decoding=\"async\" src=\"https:\/\/i.ytimg.com\/vi\/_13SmF7aO7o\/0.jpg\" alt=\"YouTube video thumbnail\" width=\"853\" height=\"460\" \/><br \/>Assista a este v\u00eddeo no YouTube<\/a><\/noscript><\/div><\/div><div class=\"lL\" style=\"max-width:100%;width:853px;margin:5px;\"><\/div><\/p>\n<h2><span style=\"color: #000000;\">Teste de Aptid\u00e3o F\u00edsica (TAF)<\/span><\/h2>\n<p><span style=\"color: #000000;\">Os homens devem realizar:<\/span><\/p>\n<ul>\n<li><span style=\"color: #000000;\">Teste em barra fixa: 5 repeti\u00e7\u00f5es (Teste Din\u00e2mico)<\/span><\/li>\n<li><span style=\"color: #000000;\">Teste de flex\u00e3o abdominal: 35 repeti\u00e7\u00f5es<\/span><\/li>\n<li><span style=\"color: #000000;\">Teste de corrida (12 minutos): 2.300 metros<\/span><\/li>\n<\/ul>\n<p><span style=\"color: #000000;\">J\u00e1 as mulheres:<\/span><\/p>\n<ul>\n<li><span style=\"color: #000000;\">Teste em barra fixa: 10 segundos\u00a0(Teste Est\u00e1tico)<\/span><\/li>\n<li><span style=\"color: #000000;\">Teste de flex\u00e3o abdominal: 28 repeti\u00e7\u00f5es<\/span><\/li>\n<li><span style=\"color: #000000;\">Teste de corrida (12 minutos): 1.900 metros<\/span><\/li>\n<\/ul>\n<div class=\"lyte-wrapper\" style=\"width:853px;max-width:100%;margin:5px;\"><div class=\"lyMe qsa_\\&amp;start\\=2442\" id=\"WYL__13SmF7aO7o\"><div id=\"lyte__13SmF7aO7o\" data-src=\"\/\/i.ytimg.com\/vi\/_13SmF7aO7o\/hqdefault.jpg\" class=\"pL\"><div class=\"tC\"><div class=\"tT\"><\/div><\/div><div class=\"play\"><\/div><div class=\"ctrl\"><div class=\"Lctrl\"><\/div><div class=\"Rctrl\"><\/div><\/div><\/div><noscript><a href=\"https:\/\/youtu.be\/_13SmF7aO7o\" rel=\"nofollow\"><img loading=\"lazy\" decoding=\"async\" src=\"https:\/\/i.ytimg.com\/vi\/_13SmF7aO7o\/0.jpg\" alt=\"YouTube video thumbnail\" width=\"853\" height=\"460\" \/><br \/>Assista a este v\u00eddeo no YouTube<\/a><\/noscript><\/div><\/div><div class=\"lL\" style=\"max-width:100%;width:853px;margin:5px;\"><\/div><\/p>\n<h2><span style=\"color: #000000;\">Curso de Forma\u00e7\u00e3o<\/span><\/h2>\n<p style=\"text-align: justify;\"><span style=\"color: #000000;\">Os aprovados ir\u00e3o participar do\u00a0Curso de Forma\u00e7\u00e3o de Oficiais (CFO) que tem dura\u00e7\u00e3o de 03 anos. Aprovado no CFO, o candidato passa a ser Aspirante Oficial da PMDF e em seguida Tenente PMDF 2\u00aa Classe. A remunera\u00e7\u00e3o de Tenente 2\u00aa Classe pode chegar a\u00a0\u00a0R$ 13.330,06. Assista:<\/span><\/p>\n<div class=\"lyte-wrapper\" style=\"width:853px;max-width:100%;margin:5px;\"><div class=\"lyMe qsa_\\&amp;start\\=2743\" id=\"WYL__13SmF7aO7o\"><div id=\"lyte__13SmF7aO7o\" data-src=\"\/\/i.ytimg.com\/vi\/_13SmF7aO7o\/hqdefault.jpg\" class=\"pL\"><div class=\"tC\"><div class=\"tT\"><\/div><\/div><div class=\"play\"><\/div><div class=\"ctrl\"><div class=\"Lctrl\"><\/div><div class=\"Rctrl\"><\/div><\/div><\/div><noscript><a href=\"https:\/\/youtu.be\/_13SmF7aO7o\" rel=\"nofollow\"><img loading=\"lazy\" decoding=\"async\" src=\"https:\/\/i.ytimg.com\/vi\/_13SmF7aO7o\/0.jpg\" alt=\"YouTube video thumbnail\" width=\"853\" height=\"460\" \/><br \/>Assista a este v\u00eddeo no YouTube<\/a><\/noscript><\/div><\/div><div class=\"lL\" style=\"max-width:100%;width:853px;margin:5px;\"><\/div><\/p>\n<h2><span style=\"color: #000000;\">Dicas de Estudo<\/span><\/h2>\n<p style=\"text-align: justify;\"><span style=\"color: #000000;\">No final do aul\u00e3o do concurso PMDF, \u00a0o professor Ronaldo demos algumas dicas de de estudo, veja:<\/span><\/p>\n<div class=\"lyte-wrapper\" style=\"width:853px;max-width:100%;margin:5px;\"><div class=\"lyMe qsa_\\&amp;start\\=3149\" id=\"WYL__13SmF7aO7o\"><div id=\"lyte__13SmF7aO7o\" data-src=\"\/\/i.ytimg.com\/vi\/_13SmF7aO7o\/hqdefault.jpg\" class=\"pL\"><div class=\"tC\"><div class=\"tT\"><\/div><\/div><div class=\"play\"><\/div><div class=\"ctrl\"><div class=\"Lctrl\"><\/div><div class=\"Rctrl\"><\/div><\/div><\/div><noscript><a href=\"https:\/\/youtu.be\/_13SmF7aO7o\" rel=\"nofollow\"><img loading=\"lazy\" decoding=\"async\" src=\"https:\/\/i.ytimg.com\/vi\/_13SmF7aO7o\/0.jpg\" alt=\"YouTube video thumbnail\" width=\"853\" height=\"460\" \/><br \/>Assista a este v\u00eddeo no YouTube<\/a><\/noscript><\/div><\/div><div class=\"lL\" style=\"max-width:100%;width:853px;margin:5px;\"><\/div><\/p>\n<p style=\"text-align: justify;\"><span style=\"color: #000000;\">Pessoal ficamos por aqui. Um grande abra\u00e7o a todos! Assistam o aul\u00e3o na \u00edntegra e tenha todas as informa\u00e7\u00f5es do concurso PMDF.<\/span><\/p>\n<p style=\"text-align: justify;\"><span style=\"color: #000000;\">Siga-nos no Facebook e receba dicas e atualiza\u00e7\u00f5es sobre concursos p\u00fablicos.<\/span><\/p>\n<p style=\"text-align: justify;\"><a href=\"https:\/\/www.facebook.com\/ProfMarcosGirao\/\" target=\"_blank\" rel=\"noopener\">www.facebook.com\/ProfMarcosGirao\/<\/a><\/p>\n<p style=\"text-align: justify;\"><a href=\"http:\/\/www.facebook.com\/profronaldofonseca\" target=\"_blank\" rel=\"noopener\">www.facebook.com\/profronaldofonseca<\/a><\/p>\n<p style=\"text-align: justify;\"><span style=\"color: #000000;\"><strong>O Estrat\u00e9gia Concursos j\u00e1 lan\u00e7ou\u00a0cursos para este concurso. Veja\u00a0em: \u00a0<\/strong><\/span><\/p>\n<p class=\"titulo-lista\"><a href=\"https:\/\/www.estrategiaconcursos.com.br\/cursosPorConcurso\/policia-militar-do-distrito-federal-pmdf\/\" target=\"_blank\" rel=\"noopener\">CURSOS &#8211; POL\u00cdCIA MILITAR DO DISTRITO FEDERAL (PMDF)<\/a><\/p>\n<p>&nbsp;<\/p>\n<p>&nbsp;<\/p>\n<p>&nbsp;<\/p>\n","protected":false},"excerpt":{"rendered":"<p>Ol\u00e1 pessoal, tudo bem? Na \u00faltima segunda-feira, 10 de outubro, eu e o professor Ronaldo Fonseca realizamos \u00a0um aul\u00e3o online, ao vivo e gratuito de an\u00e1lise do edital PMDF.\u00a0Durante o evento demos dicas e principais detalhes sobre o concurso PMDF, abordamos t\u00e9cnicas de como se planejar e estudar, al\u00e9m de termos respondido\u00a0d\u00favidas ao vivo. \u00a0Veja [&hellip;]<\/p>\n","protected":false},"author":248,"featured_media":0,"comment_status":"open","ping_status":"open","sticky":false,"template":"","format":"standard","meta":{"post_tipo":"article","footnotes":""},"categories":[1],"tags":[],"tax_estado":[],"class_list":["post-52142","post","type-post","status-publish","format-standard","hentry","category-cursos-e-concursos"],"acf":[],"yoast_head":"<!-- This site is optimized with the Yoast SEO Premium plugin v27.2 (Yoast SEO v27.2) - https:\/\/yoast.com\/product\/yoast-seo-premium-wordpress\/ -->\n<title>Concurso PMDF | Pontos mais relevantes do nosso aul\u00e3o de an\u00e1lise do edital<\/title>\n<meta name=\"description\" content=\"Concurso PMDF: Veja os pontos mais relevantes do nosso aul\u00e3o de an\u00e1lise do edital e saiba tudo sobre o pr\u00f3ximo certame. Confira!\" \/>\n<meta name=\"robots\" content=\"index, follow, max-snippet:-1, max-image-preview:large, max-video-preview:-1\" \/>\n<link rel=\"canonical\" href=\"https:\/\/www.estrategiaconcursos.com.br\/blog\/concurso-pmdf-edital\/\" \/>\n<meta property=\"og:locale\" content=\"pt_BR\" \/>\n<meta property=\"og:type\" content=\"article\" \/>\n<meta property=\"og:title\" content=\"Concurso PMDF | Pontos mais relevantes do nosso aul\u00e3o de an\u00e1lise do edital\" \/>\n<meta property=\"og:description\" content=\"Concurso PMDF: Veja os pontos mais relevantes do nosso aul\u00e3o de an\u00e1lise do edital e saiba tudo sobre o pr\u00f3ximo certame. Confira!\" \/>\n<meta property=\"og:url\" content=\"https:\/\/www.estrategiaconcursos.com.br\/blog\/concurso-pmdf-edital\/\" \/>\n<meta property=\"og:site_name\" content=\"Estrat\u00e9gia Concursos\" \/>\n<meta property=\"article:published_time\" content=\"2016-10-12T17:02:15+00:00\" \/>\n<meta property=\"article:modified_time\" content=\"2018-01-05T18:38:17+00:00\" \/>\n<meta name=\"author\" content=\"Marcos Gir\u00e3o\" \/>\n<meta name=\"twitter:card\" content=\"summary_large_image\" \/>\n<meta name=\"twitter:creator\" content=\"@EstratConcursos\" \/>\n<meta name=\"twitter:site\" content=\"@EstratConcursos\" \/>\n<meta name=\"twitter:label1\" content=\"Escrito por\" \/>\n\t<meta name=\"twitter:data1\" content=\"Marcos Gir\u00e3o\" \/>\n\t<meta name=\"twitter:label2\" content=\"Est. tempo de leitura\" \/>\n\t<meta name=\"twitter:data2\" content=\"3 minutos\" \/>\n<script type=\"application\/ld+json\" class=\"yoast-schema-graph\">{\"@context\":\"https:\/\/schema.org\",\"@graph\":[{\"@type\":\"NewsArticle\",\"@id\":\"https:\/\/www.estrategiaconcursos.com.br\/blog\/concurso-pmdf-edital\/#article\",\"isPartOf\":{\"@id\":\"https:\/\/www.estrategiaconcursos.com.br\/blog\/concurso-pmdf-edital\/\"},\"author\":{\"name\":\"Marcos Gir\u00e3o\",\"@id\":\"https:\/\/www.estrategiaconcursos.com.br\/blog\/#\/schema\/person\/6be195b7a02a8ca214472b848686bb37\"},\"headline\":\"Concurso PMDF | Pontos mais relevantes do nosso aul\u00e3o de an\u00e1lise do edital\",\"datePublished\":\"2016-10-12T17:02:15+00:00\",\"dateModified\":\"2018-01-05T18:38:17+00:00\",\"mainEntityOfPage\":{\"@id\":\"https:\/\/www.estrategiaconcursos.com.br\/blog\/concurso-pmdf-edital\/\"},\"wordCount\":657,\"commentCount\":0,\"publisher\":{\"@id\":\"https:\/\/www.estrategiaconcursos.com.br\/blog\/#organization\"},\"articleSection\":[\"Concursos P\u00fablicos\"],\"inLanguage\":\"pt-BR\",\"potentialAction\":[{\"@type\":\"CommentAction\",\"name\":\"Comment\",\"target\":[\"https:\/\/www.estrategiaconcursos.com.br\/blog\/concurso-pmdf-edital\/#respond\"]}],\"copyrightYear\":\"2016\",\"copyrightHolder\":{\"@id\":\"https:\/\/www.estrategiaconcursos.com.br\/blog\/#organization\"}},{\"@type\":\"WebPage\",\"@id\":\"https:\/\/www.estrategiaconcursos.com.br\/blog\/concurso-pmdf-edital\/\",\"url\":\"https:\/\/www.estrategiaconcursos.com.br\/blog\/concurso-pmdf-edital\/\",\"name\":\"Concurso PMDF | Pontos mais relevantes do nosso aul\u00e3o de an\u00e1lise do edital\",\"isPartOf\":{\"@id\":\"https:\/\/www.estrategiaconcursos.com.br\/blog\/#website\"},\"datePublished\":\"2016-10-12T17:02:15+00:00\",\"dateModified\":\"2018-01-05T18:38:17+00:00\",\"description\":\"Concurso PMDF: Veja os pontos mais relevantes do nosso aul\u00e3o de an\u00e1lise do edital e saiba tudo sobre o pr\u00f3ximo certame. Confira!\",\"breadcrumb\":{\"@id\":\"https:\/\/www.estrategiaconcursos.com.br\/blog\/concurso-pmdf-edital\/#breadcrumb\"},\"inLanguage\":\"pt-BR\",\"potentialAction\":[{\"@type\":\"ReadAction\",\"target\":[\"https:\/\/www.estrategiaconcursos.com.br\/blog\/concurso-pmdf-edital\/\"]}]},{\"@type\":\"BreadcrumbList\",\"@id\":\"https:\/\/www.estrategiaconcursos.com.br\/blog\/concurso-pmdf-edital\/#breadcrumb\",\"itemListElement\":[{\"@type\":\"ListItem\",\"position\":1,\"name\":\"In\u00edcio\",\"item\":\"https:\/\/www.estrategiaconcursos.com.br\/blog\/\"},{\"@type\":\"ListItem\",\"position\":2,\"name\":\"Concurso PMDF | Pontos mais relevantes do nosso aul\u00e3o de an\u00e1lise do edital\"}]},{\"@type\":\"WebSite\",\"@id\":\"https:\/\/www.estrategiaconcursos.com.br\/blog\/#website\",\"url\":\"https:\/\/www.estrategiaconcursos.com.br\/blog\/\",\"name\":\"Estrat\u00e9gia Concursos\",\"description\":\"O blog da Estrat\u00e9gia Concursos traz not\u00edcias sobre concursos e artigos de professores oferecendo cursos para concursos (pdf + videaulas) no site.\",\"publisher\":{\"@id\":\"https:\/\/www.estrategiaconcursos.com.br\/blog\/#organization\"},\"potentialAction\":[{\"@type\":\"SearchAction\",\"target\":{\"@type\":\"EntryPoint\",\"urlTemplate\":\"https:\/\/www.estrategiaconcursos.com.br\/blog\/?s={search_term_string}\"},\"query-input\":{\"@type\":\"PropertyValueSpecification\",\"valueRequired\":true,\"valueName\":\"search_term_string\"}}],\"inLanguage\":\"pt-BR\"},{\"@type\":\"Organization\",\"@id\":\"https:\/\/www.estrategiaconcursos.com.br\/blog\/#organization\",\"name\":\"Estrat\u00e9gia Concursos\",\"url\":\"https:\/\/www.estrategiaconcursos.com.br\/blog\/\",\"logo\":{\"@type\":\"ImageObject\",\"inLanguage\":\"pt-BR\",\"@id\":\"https:\/\/www.estrategiaconcursos.com.br\/blog\/#\/schema\/logo\/image\/\",\"url\":\"https:\/\/dhg1h5j42swfq.cloudfront.net\/2025\/06\/03203428\/logo_concursos-1.jpg\",\"contentUrl\":\"https:\/\/dhg1h5j42swfq.cloudfront.net\/2025\/06\/03203428\/logo_concursos-1.jpg\",\"width\":230,\"height\":60,\"caption\":\"Estrat\u00e9gia Concursos\"},\"image\":{\"@id\":\"https:\/\/www.estrategiaconcursos.com.br\/blog\/#\/schema\/logo\/image\/\"},\"sameAs\":[\"https:\/\/x.com\/EstratConcursos\"]},{\"@type\":\"Person\",\"@id\":\"https:\/\/www.estrategiaconcursos.com.br\/blog\/#\/schema\/person\/6be195b7a02a8ca214472b848686bb37\",\"name\":\"Marcos Gir\u00e3o\",\"image\":{\"@type\":\"ImageObject\",\"inLanguage\":\"pt-BR\",\"@id\":\"https:\/\/secure.gravatar.com\/avatar\/ac5b9a36e2c99a8280e07b5763e3b764471d5b861c47521bfd2edffdfbb06fbd?s=96&d=mm&r=g\",\"url\":\"https:\/\/secure.gravatar.com\/avatar\/ac5b9a36e2c99a8280e07b5763e3b764471d5b861c47521bfd2edffdfbb06fbd?s=96&d=mm&r=g\",\"contentUrl\":\"https:\/\/secure.gravatar.com\/avatar\/ac5b9a36e2c99a8280e07b5763e3b764471d5b861c47521bfd2edffdfbb06fbd?s=96&d=mm&r=g\",\"caption\":\"Marcos Gir\u00e3o\"},\"url\":\"https:\/\/www.estrategiaconcursos.com.br\/blog\/author\/marcosgiraoestrategiaconcursos-com-br\/\"}]}<\/script>\n<!-- \/ Yoast SEO Premium plugin. -->","yoast_head_json":{"title":"Concurso PMDF | Pontos mais relevantes do nosso aul\u00e3o de an\u00e1lise do edital","description":"Concurso PMDF: Veja os pontos mais relevantes do nosso aul\u00e3o de an\u00e1lise do edital e saiba tudo sobre o pr\u00f3ximo certame. Confira!","robots":{"index":"index","follow":"follow","max-snippet":"max-snippet:-1","max-image-preview":"max-image-preview:large","max-video-preview":"max-video-preview:-1"},"canonical":"https:\/\/www.estrategiaconcursos.com.br\/blog\/concurso-pmdf-edital\/","og_locale":"pt_BR","og_type":"article","og_title":"Concurso PMDF | Pontos mais relevantes do nosso aul\u00e3o de an\u00e1lise do edital","og_description":"Concurso PMDF: Veja os pontos mais relevantes do nosso aul\u00e3o de an\u00e1lise do edital e saiba tudo sobre o pr\u00f3ximo certame. Confira!","og_url":"https:\/\/www.estrategiaconcursos.com.br\/blog\/concurso-pmdf-edital\/","og_site_name":"Estrat\u00e9gia Concursos","article_published_time":"2016-10-12T17:02:15+00:00","article_modified_time":"2018-01-05T18:38:17+00:00","author":"Marcos Gir\u00e3o","twitter_card":"summary_large_image","twitter_creator":"@EstratConcursos","twitter_site":"@EstratConcursos","twitter_misc":{"Escrito por":"Marcos Gir\u00e3o","Est. tempo de leitura":"3 minutos"},"schema":{"@context":"https:\/\/schema.org","@graph":[{"@type":"NewsArticle","@id":"https:\/\/www.estrategiaconcursos.com.br\/blog\/concurso-pmdf-edital\/#article","isPartOf":{"@id":"https:\/\/www.estrategiaconcursos.com.br\/blog\/concurso-pmdf-edital\/"},"author":{"name":"Marcos Gir\u00e3o","@id":"https:\/\/www.estrategiaconcursos.com.br\/blog\/#\/schema\/person\/6be195b7a02a8ca214472b848686bb37"},"headline":"Concurso PMDF | Pontos mais relevantes do nosso aul\u00e3o de an\u00e1lise do edital","datePublished":"2016-10-12T17:02:15+00:00","dateModified":"2018-01-05T18:38:17+00:00","mainEntityOfPage":{"@id":"https:\/\/www.estrategiaconcursos.com.br\/blog\/concurso-pmdf-edital\/"},"wordCount":657,"commentCount":0,"publisher":{"@id":"https:\/\/www.estrategiaconcursos.com.br\/blog\/#organization"},"articleSection":["Concursos P\u00fablicos"],"inLanguage":"pt-BR","potentialAction":[{"@type":"CommentAction","name":"Comment","target":["https:\/\/www.estrategiaconcursos.com.br\/blog\/concurso-pmdf-edital\/#respond"]}],"copyrightYear":"2016","copyrightHolder":{"@id":"https:\/\/www.estrategiaconcursos.com.br\/blog\/#organization"}},{"@type":"WebPage","@id":"https:\/\/www.estrategiaconcursos.com.br\/blog\/concurso-pmdf-edital\/","url":"https:\/\/www.estrategiaconcursos.com.br\/blog\/concurso-pmdf-edital\/","name":"Concurso PMDF | Pontos mais relevantes do nosso aul\u00e3o de an\u00e1lise do edital","isPartOf":{"@id":"https:\/\/www.estrategiaconcursos.com.br\/blog\/#website"},"datePublished":"2016-10-12T17:02:15+00:00","dateModified":"2018-01-05T18:38:17+00:00","description":"Concurso PMDF: Veja os pontos mais relevantes do nosso aul\u00e3o de an\u00e1lise do edital e saiba tudo sobre o pr\u00f3ximo certame. Confira!","breadcrumb":{"@id":"https:\/\/www.estrategiaconcursos.com.br\/blog\/concurso-pmdf-edital\/#breadcrumb"},"inLanguage":"pt-BR","potentialAction":[{"@type":"ReadAction","target":["https:\/\/www.estrategiaconcursos.com.br\/blog\/concurso-pmdf-edital\/"]}]},{"@type":"BreadcrumbList","@id":"https:\/\/www.estrategiaconcursos.com.br\/blog\/concurso-pmdf-edital\/#breadcrumb","itemListElement":[{"@type":"ListItem","position":1,"name":"In\u00edcio","item":"https:\/\/www.estrategiaconcursos.com.br\/blog\/"},{"@type":"ListItem","position":2,"name":"Concurso PMDF | Pontos mais relevantes do nosso aul\u00e3o de an\u00e1lise do edital"}]},{"@type":"WebSite","@id":"https:\/\/www.estrategiaconcursos.com.br\/blog\/#website","url":"https:\/\/www.estrategiaconcursos.com.br\/blog\/","name":"Estrat\u00e9gia Concursos","description":"O blog da Estrat\u00e9gia Concursos traz not\u00edcias sobre concursos e artigos de professores oferecendo cursos para concursos (pdf + videaulas) no site.","publisher":{"@id":"https:\/\/www.estrategiaconcursos.com.br\/blog\/#organization"},"potentialAction":[{"@type":"SearchAction","target":{"@type":"EntryPoint","urlTemplate":"https:\/\/www.estrategiaconcursos.com.br\/blog\/?s={search_term_string}"},"query-input":{"@type":"PropertyValueSpecification","valueRequired":true,"valueName":"search_term_string"}}],"inLanguage":"pt-BR"},{"@type":"Organization","@id":"https:\/\/www.estrategiaconcursos.com.br\/blog\/#organization","name":"Estrat\u00e9gia Concursos","url":"https:\/\/www.estrategiaconcursos.com.br\/blog\/","logo":{"@type":"ImageObject","inLanguage":"pt-BR","@id":"https:\/\/www.estrategiaconcursos.com.br\/blog\/#\/schema\/logo\/image\/","url":"https:\/\/dhg1h5j42swfq.cloudfront.net\/2025\/06\/03203428\/logo_concursos-1.jpg","contentUrl":"https:\/\/dhg1h5j42swfq.cloudfront.net\/2025\/06\/03203428\/logo_concursos-1.jpg","width":230,"height":60,"caption":"Estrat\u00e9gia Concursos"},"image":{"@id":"https:\/\/www.estrategiaconcursos.com.br\/blog\/#\/schema\/logo\/image\/"},"sameAs":["https:\/\/x.com\/EstratConcursos"]},{"@type":"Person","@id":"https:\/\/www.estrategiaconcursos.com.br\/blog\/#\/schema\/person\/6be195b7a02a8ca214472b848686bb37","name":"Marcos Gir\u00e3o","image":{"@type":"ImageObject","inLanguage":"pt-BR","@id":"https:\/\/secure.gravatar.com\/avatar\/ac5b9a36e2c99a8280e07b5763e3b764471d5b861c47521bfd2edffdfbb06fbd?s=96&d=mm&r=g","url":"https:\/\/secure.gravatar.com\/avatar\/ac5b9a36e2c99a8280e07b5763e3b764471d5b861c47521bfd2edffdfbb06fbd?s=96&d=mm&r=g","contentUrl":"https:\/\/secure.gravatar.com\/avatar\/ac5b9a36e2c99a8280e07b5763e3b764471d5b861c47521bfd2edffdfbb06fbd?s=96&d=mm&r=g","caption":"Marcos Gir\u00e3o"},"url":"https:\/\/www.estrategiaconcursos.com.br\/blog\/author\/marcosgiraoestrategiaconcursos-com-br\/"}]}},"_links":{"self":[{"href":"https:\/\/www.estrategiaconcursos.com.br\/blog\/wp-json\/wp\/v2\/posts\/52142","targetHints":{"allow":["GET"]}}],"collection":[{"href":"https:\/\/www.estrategiaconcursos.com.br\/blog\/wp-json\/wp\/v2\/posts"}],"about":[{"href":"https:\/\/www.estrategiaconcursos.com.br\/blog\/wp-json\/wp\/v2\/types\/post"}],"author":[{"embeddable":true,"href":"https:\/\/www.estrategiaconcursos.com.br\/blog\/wp-json\/wp\/v2\/users\/248"}],"replies":[{"embeddable":true,"href":"https:\/\/www.estrategiaconcursos.com.br\/blog\/wp-json\/wp\/v2\/comments?post=52142"}],"version-history":[{"count":8,"href":"https:\/\/www.estrategiaconcursos.com.br\/blog\/wp-json\/wp\/v2\/posts\/52142\/revisions"}],"predecessor-version":[{"id":101115,"href":"https:\/\/www.estrategiaconcursos.com.br\/blog\/wp-json\/wp\/v2\/posts\/52142\/revisions\/101115"}],"wp:attachment":[{"href":"https:\/\/www.estrategiaconcursos.com.br\/blog\/wp-json\/wp\/v2\/media?parent=52142"}],"wp:term":[{"taxonomy":"category","embeddable":true,"href":"https:\/\/www.estrategiaconcursos.com.br\/blog\/wp-json\/wp\/v2\/categories?post=52142"},{"taxonomy":"post_tag","embeddable":true,"href":"https:\/\/www.estrategiaconcursos.com.br\/blog\/wp-json\/wp\/v2\/tags?post=52142"},{"taxonomy":"tax_estado","embeddable":true,"href":"https:\/\/www.estrategiaconcursos.com.br\/blog\/wp-json\/wp\/v2\/tax_estado?post=52142"}],"curies":[{"name":"wp","href":"https:\/\/api.w.org\/{rel}","templated":true}]}}