{"id":520315,"date":"2020-05-29T15:47:13","date_gmt":"2020-05-29T18:47:13","guid":{"rendered":"https:\/\/www.estrategiaconcursos.com.br\/blog\/?p=520315"},"modified":"2020-05-29T15:47:16","modified_gmt":"2020-05-29T18:47:16","slug":"icmbio-divulga-editais-para-varios-processos-seletivos","status":"publish","type":"post","link":"https:\/\/www.estrategiaconcursos.com.br\/blog\/icmbio-divulga-editais-para-varios-processos-seletivos\/","title":{"rendered":"ICMBio divulga editais para v\u00e1rios Processos Seletivos"},"content":{"rendered":"\n<p>O <strong>Instituto Chico Mendes de Conserva\u00e7\u00e3o da Biodiversidade<\/strong> (ICMBio), \u00f3rg\u00e3o ambiental do governo brasileiro, divulgou diversos editais de Processo Seletivo ao longo da semana.<\/p>\n\n\n\n<p>S\u00e3o vagas para os cargos de <strong>Chefe de Esquadr\u00e3o<\/strong> e <strong>Brigadista<\/strong>, em diversas partes do pa\u00eds.<\/p>\n\n\n\n<p>Alguns j\u00e1 encerraram seu per\u00edodo de inscri\u00e7\u00f5es, mas muitos ainda se estendem at\u00e9 o m\u00eas de junho. Confira abaixo a rela\u00e7\u00e3o por estado, n\u00famero de vagas, per\u00edodo de inscri\u00e7\u00e3o e seus respectivos editais.<\/p>\n\n\n\n<p class=\"has-background has-medium-font-size has-very-light-gray-background-color\"><strong>Fernando de Noronha<\/strong> &#8211; <strong>PE<\/strong><\/p>\n\n\n\n<p><strong>Vagas:<\/strong> Chefe de Esquadr\u00e3o (01 vaga) e Brigadistas (06 vagas).<br \/><strong>Inscri\u00e7\u00f5es: <\/strong>19 de maio a 24 de junho<br \/><a rel=\"noreferrer noopener\" href=\"https:\/\/dhg1h5j42swfq.cloudfront.net\/2020\/05\/29141344\/icmbio-noronha.pdf\" target=\"_blank\">Edital<\/a> | <a rel=\"noreferrer noopener\" href=\"https:\/\/forms.office.com\/Pages\/ResponsePage.aspx?id=VitOwbzFvUOtnECM9sw1YD5dHA0Lt7tEkbqhQQQZFn9UN0NVNkpNODFCVFZGOEk3WExNU1o4R0RWNS4u\" target=\"_blank\">Ficha de Inscri\u00e7\u00e3o<\/a><\/p>\n\n\n\n<p class=\"has-background has-medium-font-size has-very-light-gray-background-color\"><strong>Aiuaba<\/strong> &#8211; <strong>CE<\/strong><\/p>\n\n\n\n<p><strong>Vagas:<\/strong> Chefe de Esquadr\u00e3o (1 vaga para 6 meses) e Brigadistas (5 vagas para 6 meses e 4 vagas para 24 meses)<br \/><strong>Inscri\u00e7\u00f5es presenciais:<\/strong> 08 a 12 de junho<br \/><a rel=\"noreferrer noopener\" href=\"https:\/\/dhg1h5j42swfq.cloudfront.net\/2020\/05\/29142204\/icmbio-aiuaba.pdf\" target=\"_blank\">Edital<\/a><\/p>\n\n\n\n<p class=\"has-background has-medium-font-size has-very-light-gray-background-color\"><strong>Jericoacoara &#8211; CE<\/strong><\/p>\n\n\n\n<p><strong>Vagas: <\/strong>Chefe de Esquadr\u00e3o pelo per\u00edodo de 24 meses (1 vaga) e Brigadistas pelo per\u00edodo de 24 meses (6 vagas)<br \/><strong>Inscri\u00e7\u00f5es:<\/strong> 1\u00ba a 19 de junho (parnajericoacoara.ce@icmbio.gov.br)<br \/><a href=\"https:\/\/dhg1h5j42swfq.cloudfront.net\/2020\/05\/29150707\/jericoacara.pdf\" target=\"_blank\" rel=\"noreferrer noopener\">Edital<\/a><\/p>\n\n\n\n<p class=\"has-background has-medium-font-size has-very-light-gray-background-color\"><strong>Comboios &#8211; ES<\/strong><\/p>\n\n\n\n<p><strong>Vagas: <\/strong>Chefe de Esquadr\u00e3o (1 vaga) e Brigadistas (1 vaga) <br \/><strong>Inscri\u00e7\u00f5es:<\/strong> 25 de maio a 10 de junho (comboios.brigadistas@icmbio.gov.br)<br \/><a rel=\"noreferrer noopener\" href=\"https:\/\/dhg1h5j42swfq.cloudfront.net\/2020\/05\/29143059\/comboios.pdf\" target=\"_blank\">Edital<\/a><\/p>\n\n\n\n<p class=\"has-background has-medium-font-size has-very-light-gray-background-color\"><strong>Porto Velho &#8211; RO<\/strong><\/p>\n\n\n\n<p><strong>Vagas:<\/strong> Chefe de Esquadr\u00e3o (1 vaga) e Brigadista (05 vagas)<br \/><strong>Inscri\u00e7\u00f5es:<\/strong> 26 de maio a 9 de junho (ngi.humaita@icmbio.gov.br)<br \/><a rel=\"noreferrer noopener\" href=\"https:\/\/dhg1h5j42swfq.cloudfront.net\/2020\/05\/29144107\/porto-velho.pdf\" target=\"_blank\">Edital<\/a><\/p>\n\n\n\n<p class=\"has-background has-medium-font-size has-very-light-gray-background-color\"><strong>Oriximina &#8211; PA<\/strong><\/p>\n\n\n\n<p><strong>Vagas: <\/strong>Brigadistas pelo per\u00edodo 24 meses: 6 vagas<br \/><strong>Inscri\u00e7\u00f5es: <\/strong>20 de maio a 12 de junho (trombetas@icmbio.gov.br)<br \/><a rel=\"noreferrer noopener\" href=\"https:\/\/dhg1h5j42swfq.cloudfront.net\/2020\/05\/29150049\/ORIXIMINA.pdf\" target=\"_blank\">Edital<\/a><\/p>\n\n\n\n<p class=\"has-background has-medium-font-size has-very-light-gray-background-color\"><strong>Roraima &#8211; RR<\/strong><\/p>\n\n\n\n<p><strong>Vagas:<\/strong><br \/><em>Escrit\u00f3rio de Boa Vista:<br \/><\/em><strong>\u00b7<\/strong> Brigadistas pelo per\u00edodo 24 meses (4 vagas).<br \/><em>Base Avan\u00e7ada de Caracara\u00ed:<br \/><\/em><strong>\u00b7<\/strong> Brigadistas pelo per\u00edodo 24 meses (4 vagas).<br \/><em>Esta\u00e7\u00e3o Ecol\u00f3gica de Marac\u00e1 &#8211; Amajari:<br \/><\/em><strong>\u00b7<\/strong> Chefes de Esquadr\u00e3o pelo per\u00edodo de 6 meses (2 vagas),<br \/><strong>\u00b7<\/strong> Brigadistas pelo per\u00edodo de 6 meses (12 vagas) e<br \/><strong>\u00b7<\/strong> Brigadistas pelo per\u00edodo 24 meses (2 vagas).<br \/><em>Parque Nacional do Viru\u00e1 &#8211; Caracara\u00ed:<br \/><\/em><strong>\u00b7<\/strong> Chefes de Esquadr\u00e3o pelo per\u00edodo de 6 meses (2 vagas),<br \/><strong>\u00b7<\/strong> Brigadistas pelo per\u00edodo de 6 meses (20 vagas) e<br \/><strong>\u00b7<\/strong> Brigadistas pelo per\u00edodo 24 meses (3 vagas).<br \/><strong>Inscri\u00e7\u00f5es:<\/strong> 1 de maio a 5 de junho<br \/><a rel=\"noreferrer noopener\" href=\"https:\/\/dhg1h5j42swfq.cloudfront.net\/2020\/05\/29151708\/rr.pdf\" target=\"_blank\">Edital<\/a> | <a rel=\"noreferrer noopener\" href=\"https:\/\/www.gov.br\/pt-br\/servicos\/participar-de-processo-seletivo-simplificado-para-a-contratacao-de-brigadistas-de-prevencao-e-combate-a-incendios-florestais-nas-unidades-de-conservacao-federais\" target=\"_blank\">Inscri\u00e7\u00f5es em Portal Brasil<\/a><\/p>\n\n\n\n<p class=\"has-background has-medium-font-size has-very-light-gray-background-color\"><strong>Serra da Mantiqueira &#8211; MG<\/strong><\/p>\n\n\n\n<p><strong>Vagas<\/strong>:<br \/>Chefe de Esquadr\u00e3o pelo per\u00edodo de seis meses (1 vaga);<br \/>Chefe de Esquadr\u00e3o pelo per\u00edodo de 24 meses (CR);<br \/>Brigadista pelo per\u00edodo de seis meses (CR);<br \/>Brigadista pelo per\u00edodo de 24 meses (CR).<br \/><strong>Inscri\u00e7\u00f5es:<\/strong> 1\u00ba a 12 de junho (apa_sm@icmbio.gov.br)<br \/><a rel=\"noreferrer noopener\" href=\"https:\/\/dhg1h5j42swfq.cloudfront.net\/2020\/05\/29152654\/MANTIQUEIRA.pdf\" target=\"_blank\">Edital<\/a><\/p>\n\n\n\n<p class=\"has-background has-medium-font-size has-very-light-gray-background-color\"><strong>Marinha de Soure &#8211; PA<\/strong><\/p>\n\n\n\n<p><strong>Vagas:<\/strong> Chefe de Esquadr\u00e3o pelo per\u00edodo de 24 meses (1 vaga) e Brigadistas pelo per\u00edodo de 24 meses (6 vagas).<br \/><strong>Inscri\u00e7\u00f5es:<\/strong> 5 de maio a 1\u00ba de junho (resexmar.soure@icmbio.gov.br)<br \/><a rel=\"noreferrer noopener\" href=\"https:\/\/dhg1h5j42swfq.cloudfront.net\/2020\/05\/29153242\/marinha-de-soure.pdf\" target=\"_blank\">Edital<\/a><\/p>\n\n\n\n<p class=\"has-background has-medium-font-size has-very-light-gray-background-color\"><strong>Goi\u00e2nia &#8211; GO<\/strong><\/p>\n\n\n\n<p><strong>Vagas:<\/strong> Chefe de Esquadr\u00e3o pelo per\u00edodo de 24 meses (1 vaga)<br \/><strong>Inscri\u00e7\u00f5es:<\/strong> 15 e 16 de junho (gr3@icmbio.gov.br)<br \/><a rel=\"noreferrer noopener\" href=\"https:\/\/dhg1h5j42swfq.cloudfront.net\/2020\/05\/29153741\/go.pdf\" target=\"_blank\">Edital<\/a><\/p>\n\n\n\n<p class=\"has-background has-medium-font-size has-very-light-gray-background-color\"><strong>Costa dos Corais &#8211; AL<\/strong><\/p>\n\n\n\n<p><strong>Vagas:<br \/><\/strong><em>Rebio Saltinho <br \/><\/em><strong>\u00b7<\/strong> Chefe de Esquadr\u00e3o pelo per\u00edodo de seis meses (1 vaga);<br \/><strong>\u00b7<\/strong> Brigadista pelo per\u00edodo de seis meses (3 vagas) e<br \/><strong>\u00b7<\/strong> Brigadistas pelo per\u00edodo de 24 meses (4 vagas).<br \/><em>Base avan\u00e7ada Porto de Pedras <br \/><\/em><strong>\u00b7<\/strong> Brigadistas pelo per\u00edodo de seis meses (1 vaga);<br \/><em>Base avan\u00e7ada Barra de Santo Ant\u00f4nio <br \/><\/em><strong>\u00b7<\/strong> Brigadista pelo per\u00edodo de seis meses (1 vaga).<br \/><strong>Inscri\u00e7\u00f5es: <\/strong>20 de maio a 19 de junho (ngi.costadosecorais@icmbio.gov.br)<br \/><a href=\"https:\/\/dhg1h5j42swfq.cloudfront.net\/2020\/05\/29154402\/corais.pdf\" target=\"_blank\" rel=\"noreferrer noopener\">Edital<\/a><\/p>\n\n\n\n<hr class=\"wp-block-separator\"\/>\n\n\n\n<p class=\"has-text-align-center\"><em><strong>Assinatura Anual Ilimitada*<\/strong><\/em><\/p>\n\n\n\n<p class=\"has-text-align-center\"><em>Prepare-se com o melhor material e com quem mais aprova em Concursos P\u00fablicos em todo o pa\u00eds. Assine agora a nossa Assinatura Anual e tenha acesso ilimitado* a todos os nossos cursos.<\/em><\/p>\n\n\n\n<p class=\"has-background has-text-align-center has-medium-font-size has-light-green-cyan-background-color\"><strong>ASSINE AGORA<\/strong>&nbsp;\u2013&nbsp;<a rel=\"noreferrer noopener\" href=\"https:\/\/www.estrategiaconcursos.com.br\/assinaturas\/\" target=\"_blank\"><strong>Assinatura Ilimitada<\/strong><\/a><\/p>\n\n\n\n<p class=\"has-text-align-center\"><strong><em><strong>Sistema de Quest\u00f5es<\/strong><\/em><\/strong><\/p>\n\n\n\n<p class=\"has-text-align-center\">Estrat\u00e9gia Quest\u00f5es nasceu maior do que todos os concorrentes, com mais quest\u00f5es cadastradas e mais solu\u00e7\u00f5es por professores. Clique no link e aproveite os descontos e b\u00f4nus imperd\u00edveis!<\/p>\n\n\n\n<p class=\"has-background has-text-align-center has-medium-font-size has-vivid-green-cyan-background-color\"><strong>ASSINE AGORA \u2013&nbsp;<a rel=\"noreferrer noopener\" href=\"https:\/\/www.estrategiaconcursos.com.br\/cursosPorConcurso\/sistema-de-questoes\/#\/\" target=\"_blank\">Sistema de Quest\u00f5es<\/a><\/strong><\/p>\n\n\n\n<p class=\"has-text-align-center\"><em><strong>Fique por dentro de todos os concursos<\/strong><\/em>:<\/p>\n\n\n\n<p class=\"has-background has-text-align-center has-medium-font-size has-pale-cyan-blue-background-color\"><a rel=\"noreferrer noopener\" href=\"https:\/\/www.estrategiaconcursos.com.br\/blog\/concursos-abertos\/\" target=\"_blank\"><strong>Concursos abertos<\/strong><\/a><\/p>\n\n\n\n<p class=\"has-background has-text-align-center has-medium-font-size has-pale-cyan-blue-background-color\"><a rel=\"noreferrer noopener\" href=\"https:\/\/www.estrategiaconcursos.com.br\/blog\/concursos-2020\/\" target=\"_blank\"><strong>Concursos 2020<\/strong><\/a><\/p>\n","protected":false},"excerpt":{"rendered":"<p>O Instituto Chico Mendes de Conserva\u00e7\u00e3o da Biodiversidade (ICMBio), \u00f3rg\u00e3o ambiental do governo brasileiro, divulgou diversos editais de Processo Seletivo ao longo da semana. S\u00e3o vagas para os cargos de Chefe de Esquadr\u00e3o e Brigadista, em diversas partes do pa\u00eds. Alguns j\u00e1 encerraram seu per\u00edodo de inscri\u00e7\u00f5es, mas muitos ainda se estendem at\u00e9 o m\u00eas [&hellip;]<\/p>\n","protected":false},"author":73,"featured_media":150757,"comment_status":"open","ping_status":"closed","sticky":false,"template":"","format":"standard","meta":{"post_tipo":"article","footnotes":""},"categories":[1],"tags":[],"tax_estado":[],"class_list":["post-520315","post","type-post","status-publish","format-standard","has-post-thumbnail","hentry","category-cursos-e-concursos"],"acf":[],"yoast_head":"<!-- This site is optimized with the Yoast SEO Premium plugin v27.2 (Yoast SEO v27.2) - https:\/\/yoast.com\/product\/yoast-seo-premium-wordpress\/ -->\n<title>ICMBio divulga editais para v\u00e1rios Processos Seletivos<\/title>\n<meta name=\"robots\" content=\"index, follow, max-snippet:-1, max-image-preview:large, max-video-preview:-1\" \/>\n<link rel=\"canonical\" href=\"https:\/\/www.estrategiaconcursos.com.br\/blog\/icmbio-divulga-editais-para-varios-processos-seletivos\/\" \/>\n<meta property=\"og:locale\" content=\"pt_BR\" \/>\n<meta property=\"og:type\" content=\"article\" \/>\n<meta property=\"og:title\" content=\"ICMBio divulga editais para v\u00e1rios Processos Seletivos\" \/>\n<meta property=\"og:description\" content=\"O Instituto Chico Mendes de Conserva\u00e7\u00e3o da Biodiversidade (ICMBio), \u00f3rg\u00e3o ambiental do governo brasileiro, divulgou diversos editais de Processo Seletivo ao longo da semana. S\u00e3o vagas para os cargos de Chefe de Esquadr\u00e3o e Brigadista, em diversas partes do pa\u00eds. Alguns j\u00e1 encerraram seu per\u00edodo de inscri\u00e7\u00f5es, mas muitos ainda se estendem at\u00e9 o m\u00eas [&hellip;]\" \/>\n<meta property=\"og:url\" content=\"https:\/\/www.estrategiaconcursos.com.br\/blog\/icmbio-divulga-editais-para-varios-processos-seletivos\/\" \/>\n<meta property=\"og:site_name\" content=\"Estrat\u00e9gia Concursos\" \/>\n<meta property=\"article:author\" content=\"https:\/\/www.facebook.com\/rosenvaljr\" \/>\n<meta property=\"article:published_time\" content=\"2020-05-29T18:47:13+00:00\" \/>\n<meta property=\"article:modified_time\" content=\"2020-05-29T18:47:16+00:00\" \/>\n<meta property=\"og:image\" content=\"https:\/\/dhg1h5j42swfq.cloudfront.net\/2018\/11\/11123659\/concurso-ICMBIO.jpg\" \/>\n\t<meta property=\"og:image:width\" content=\"1200\" \/>\n\t<meta property=\"og:image:height\" content=\"628\" \/>\n\t<meta property=\"og:image:type\" content=\"image\/jpeg\" \/>\n<meta name=\"author\" content=\"Rosenval J\u00fanior\" \/>\n<meta name=\"twitter:card\" content=\"summary_large_image\" \/>\n<meta name=\"twitter:creator\" content=\"@EstratConcursos\" \/>\n<meta name=\"twitter:site\" content=\"@EstratConcursos\" \/>\n<meta name=\"twitter:label1\" content=\"Escrito por\" \/>\n\t<meta name=\"twitter:data1\" content=\"Rosenval J\u00fanior\" \/>\n\t<meta name=\"twitter:label2\" content=\"Est. tempo de leitura\" \/>\n\t<meta name=\"twitter:data2\" content=\"3 minutos\" \/>\n<script type=\"application\/ld+json\" class=\"yoast-schema-graph\">{\"@context\":\"https:\/\/schema.org\",\"@graph\":[{\"@type\":\"NewsArticle\",\"@id\":\"https:\/\/www.estrategiaconcursos.com.br\/blog\/icmbio-divulga-editais-para-varios-processos-seletivos\/#article\",\"isPartOf\":{\"@id\":\"https:\/\/www.estrategiaconcursos.com.br\/blog\/icmbio-divulga-editais-para-varios-processos-seletivos\/\"},\"author\":{\"name\":\"Rosenval J\u00fanior\",\"@id\":\"https:\/\/www.estrategiaconcursos.com.br\/blog\/#\/schema\/person\/3489eb8fb39ff11193689cf7762b03b0\"},\"headline\":\"ICMBio divulga editais para v\u00e1rios Processos Seletivos\",\"datePublished\":\"2020-05-29T18:47:13+00:00\",\"dateModified\":\"2020-05-29T18:47:16+00:00\",\"mainEntityOfPage\":{\"@id\":\"https:\/\/www.estrategiaconcursos.com.br\/blog\/icmbio-divulga-editais-para-varios-processos-seletivos\/\"},\"wordCount\":644,\"commentCount\":0,\"publisher\":{\"@id\":\"https:\/\/www.estrategiaconcursos.com.br\/blog\/#organization\"},\"image\":{\"@id\":\"https:\/\/www.estrategiaconcursos.com.br\/blog\/icmbio-divulga-editais-para-varios-processos-seletivos\/#primaryimage\"},\"thumbnailUrl\":\"https:\/\/dhg1h5j42swfq.cloudfront.net\/2018\/11\/11123659\/concurso-ICMBIO.jpg\",\"articleSection\":[\"Concursos P\u00fablicos\"],\"inLanguage\":\"pt-BR\",\"potentialAction\":[{\"@type\":\"CommentAction\",\"name\":\"Comment\",\"target\":[\"https:\/\/www.estrategiaconcursos.com.br\/blog\/icmbio-divulga-editais-para-varios-processos-seletivos\/#respond\"]}],\"copyrightYear\":\"2020\",\"copyrightHolder\":{\"@id\":\"https:\/\/www.estrategiaconcursos.com.br\/blog\/#organization\"}},{\"@type\":\"WebPage\",\"@id\":\"https:\/\/www.estrategiaconcursos.com.br\/blog\/icmbio-divulga-editais-para-varios-processos-seletivos\/\",\"url\":\"https:\/\/www.estrategiaconcursos.com.br\/blog\/icmbio-divulga-editais-para-varios-processos-seletivos\/\",\"name\":\"ICMBio divulga editais para v\u00e1rios Processos Seletivos\",\"isPartOf\":{\"@id\":\"https:\/\/www.estrategiaconcursos.com.br\/blog\/#website\"},\"primaryImageOfPage\":{\"@id\":\"https:\/\/www.estrategiaconcursos.com.br\/blog\/icmbio-divulga-editais-para-varios-processos-seletivos\/#primaryimage\"},\"image\":{\"@id\":\"https:\/\/www.estrategiaconcursos.com.br\/blog\/icmbio-divulga-editais-para-varios-processos-seletivos\/#primaryimage\"},\"thumbnailUrl\":\"https:\/\/dhg1h5j42swfq.cloudfront.net\/2018\/11\/11123659\/concurso-ICMBIO.jpg\",\"datePublished\":\"2020-05-29T18:47:13+00:00\",\"dateModified\":\"2020-05-29T18:47:16+00:00\",\"breadcrumb\":{\"@id\":\"https:\/\/www.estrategiaconcursos.com.br\/blog\/icmbio-divulga-editais-para-varios-processos-seletivos\/#breadcrumb\"},\"inLanguage\":\"pt-BR\",\"potentialAction\":[{\"@type\":\"ReadAction\",\"target\":[\"https:\/\/www.estrategiaconcursos.com.br\/blog\/icmbio-divulga-editais-para-varios-processos-seletivos\/\"]}]},{\"@type\":\"ImageObject\",\"inLanguage\":\"pt-BR\",\"@id\":\"https:\/\/www.estrategiaconcursos.com.br\/blog\/icmbio-divulga-editais-para-varios-processos-seletivos\/#primaryimage\",\"url\":\"https:\/\/dhg1h5j42swfq.cloudfront.net\/2018\/11\/11123659\/concurso-ICMBIO.jpg\",\"contentUrl\":\"https:\/\/dhg1h5j42swfq.cloudfront.net\/2018\/11\/11123659\/concurso-ICMBIO.jpg\",\"width\":1200,\"height\":628,\"caption\":\"Prova discursiva para o concurso ICMBIO\"},{\"@type\":\"BreadcrumbList\",\"@id\":\"https:\/\/www.estrategiaconcursos.com.br\/blog\/icmbio-divulga-editais-para-varios-processos-seletivos\/#breadcrumb\",\"itemListElement\":[{\"@type\":\"ListItem\",\"position\":1,\"name\":\"In\u00edcio\",\"item\":\"https:\/\/www.estrategiaconcursos.com.br\/blog\/\"},{\"@type\":\"ListItem\",\"position\":2,\"name\":\"ICMBio divulga editais para v\u00e1rios Processos Seletivos\"}]},{\"@type\":\"WebSite\",\"@id\":\"https:\/\/www.estrategiaconcursos.com.br\/blog\/#website\",\"url\":\"https:\/\/www.estrategiaconcursos.com.br\/blog\/\",\"name\":\"Estrat\u00e9gia Concursos\",\"description\":\"O blog da Estrat\u00e9gia Concursos traz not\u00edcias sobre concursos e artigos de professores oferecendo cursos para concursos (pdf + videaulas) no site.\",\"publisher\":{\"@id\":\"https:\/\/www.estrategiaconcursos.com.br\/blog\/#organization\"},\"potentialAction\":[{\"@type\":\"SearchAction\",\"target\":{\"@type\":\"EntryPoint\",\"urlTemplate\":\"https:\/\/www.estrategiaconcursos.com.br\/blog\/?s={search_term_string}\"},\"query-input\":{\"@type\":\"PropertyValueSpecification\",\"valueRequired\":true,\"valueName\":\"search_term_string\"}}],\"inLanguage\":\"pt-BR\"},{\"@type\":\"Organization\",\"@id\":\"https:\/\/www.estrategiaconcursos.com.br\/blog\/#organization\",\"name\":\"Estrat\u00e9gia Concursos\",\"url\":\"https:\/\/www.estrategiaconcursos.com.br\/blog\/\",\"logo\":{\"@type\":\"ImageObject\",\"inLanguage\":\"pt-BR\",\"@id\":\"https:\/\/www.estrategiaconcursos.com.br\/blog\/#\/schema\/logo\/image\/\",\"url\":\"https:\/\/dhg1h5j42swfq.cloudfront.net\/2025\/06\/03203428\/logo_concursos-1.jpg\",\"contentUrl\":\"https:\/\/dhg1h5j42swfq.cloudfront.net\/2025\/06\/03203428\/logo_concursos-1.jpg\",\"width\":230,\"height\":60,\"caption\":\"Estrat\u00e9gia Concursos\"},\"image\":{\"@id\":\"https:\/\/www.estrategiaconcursos.com.br\/blog\/#\/schema\/logo\/image\/\"},\"sameAs\":[\"https:\/\/x.com\/EstratConcursos\"]},{\"@type\":\"Person\",\"@id\":\"https:\/\/www.estrategiaconcursos.com.br\/blog\/#\/schema\/person\/3489eb8fb39ff11193689cf7762b03b0\",\"name\":\"Rosenval J\u00fanior\",\"image\":{\"@type\":\"ImageObject\",\"inLanguage\":\"pt-BR\",\"@id\":\"https:\/\/secure.gravatar.com\/avatar\/dc38e7bcadccb99c8a28b35b027bdc6b8b6a65ee938a25ed335e3e31eed462e0?s=96&d=mm&r=g\",\"url\":\"https:\/\/secure.gravatar.com\/avatar\/dc38e7bcadccb99c8a28b35b027bdc6b8b6a65ee938a25ed335e3e31eed462e0?s=96&d=mm&r=g\",\"contentUrl\":\"https:\/\/secure.gravatar.com\/avatar\/dc38e7bcadccb99c8a28b35b027bdc6b8b6a65ee938a25ed335e3e31eed462e0?s=96&d=mm&r=g\",\"caption\":\"Rosenval J\u00fanior\"},\"description\":\"Graduado pela Universidade Federal de Vi\u00e7osa - UFV. P\u00f3s-graduado em Direito Ambiental. Graduado tamb\u00e9m em Gest\u00e3o Ambiental, com tr\u00eas especializa\u00e7\u00f5es na \u00e1rea ambiental. Mestrando em Engenharia Ambiental. Servidor p\u00fablico do Minist\u00e9rio da Justi\u00e7a e professor de Direito Ambiental, Meio Ambiente, Direito Agr\u00e1rio e Direito Urban\u00edstico para concursos p\u00fablicos. Professor de Direito Ambiental para o Exame de Ordem. Aprovado em 15 concursos p\u00fablicos na \u00e1rea de Meio Ambiente como Analista Ambiental do Instituto Brasileiro do Meio Ambiente e dos Recursos Naturais Renov\u00e1veis - IBAMA; Analista Pericial - Especialidade Engenharia Florestal do Minist\u00e9rio P\u00fablico da Uni\u00e3o - MPU; Analista de Infraestrutura - \u00c1rea de Especializa\u00e7\u00e3o Ambiental do Departamento Nacional de Infraestrutura de Transportes - DNIT; Especialista em Regula\u00e7\u00e3o - \u00c1rea Engenharia Ambiental e Engenharia Florestal, com \u00eanfase em Meio Ambiente da Ag\u00eancia Nacional de Transportes Terrestres - ANTT; Consultor Legislativo em Meio Ambiente e Direito Ambiental, Organiza\u00e7\u00e3o Territorial, Desenvolvimento Urbano e Regional da C\u00e2mara dos Deputados; entre outros. Autor do livro \\\"Direito Ambiental para Concursos e Exame de Ordem\\\", Editora Juru\u00e1. Iniciou sua carreira no servi\u00e7o p\u00fablico federal em 2006, quando obteve aprova\u00e7\u00e3o em 1\u00b0 lugar para o cargo de engenheiro florestal da Casa Civil da Presid\u00eancia da Rep\u00fablica\/Arquivo Nacional. Alguns concursos em que foi aprovado: 1\u00b0 lugar para Analista do Minist\u00e9rio P\u00fablico de MG; 1\u00ba lugar para Engenheiro da Casa Civil da Presid\u00eancia da Rep\u00fablica; 1\u00b0 lugar para T\u00e9cnico em Recursos Naturais \u2013 n\u00edvel II \u2013 \u00c1rea Engenharia Florestal do IDAF; 2\u00b0 lugar para Analista Pericial do Minist\u00e9rio P\u00fablico da Uni\u00e3o - MPU; 2\u00b0 lugar para Analista em Reforma e Desenvolvimento Agr\u00e1rio do INCRA; 7\u00ba lugar Engenheiro J\u00fanior da Caixa Econ\u00f4mica Federal; 10\u00ba lugar para Analista Ambiental do Instituto Estadual de Florestas - IEF\/MG; 6\u00ba lugar para Analista de Infraestrutura (\u00c1rea de Especializa\u00e7\u00e3o Ambiental) do Departamento Nacional de Infraestrutura de Transportes \u2013 DNIT (Prova objetiva e discursiva); 2\u00b0 lugar para Perito Criminal da Pol\u00edcia Civil do Estado do Rio de Janeiro \u2013PCERJ (Resultado na Prova objetiva, TAF, Avalia\u00e7\u00e3o M\u00e9dica, e Psicot\u00e9cnico); 10\u00ba lugar para Perito Criminal da Pol\u00edcia Federal \u2013 DPF \u2013 \u00c1rea 9 (Resultado definitivo na prova objetiva e discursiva); 2\u00b0 lugar para Analista Ambiental do Instituto Brasileiro do Meio Ambiente e dos Recursos Naturais Renov\u00e1veis \u2013 IBAMA (Prova objetiva e discursiva); 1\u00b0 lugar para Especialista em Regula\u00e7\u00e3o Engenharia Ambiental e Engenharia Florestal (com \u00eanfase em meio ambiente) da Ag\u00eancia Nacional de Transportes Terrestres - ANTT (Resultado da prova objetiva, discursiva e de t\u00edtulos); 10\u00ba lugar para Consultor Legislativo em Meio Ambiente e Direito Ambiental, Organiza\u00e7\u00e3o Territorial, Desenvolvimento Urbano e Regional da C\u00e2mara dos Deputados. (Resultado da prova objetiva, discursiva e de t\u00edtulos) Entre em contato comigo pelo facebook e pelo Youtube. Basta colocar na busca: Rosenval J\u00fanior. Ou copiar e colar o endere\u00e7o: www.facebook.com\/rosenvaljr Acesse o meu site e saiba mais: www.aprendadireitoambiental.com.br\",\"sameAs\":[\"http:\/\/www.aprendadireitoambiental.com.br\",\"https:\/\/www.facebook.com\/rosenvaljr\"],\"url\":\"https:\/\/www.estrategiaconcursos.com.br\/blog\/author\/rosenvaljuniorestrategiaconcursos-com-br\/\"}]}<\/script>\n<!-- \/ Yoast SEO Premium plugin. -->","yoast_head_json":{"title":"ICMBio divulga editais para v\u00e1rios Processos Seletivos","robots":{"index":"index","follow":"follow","max-snippet":"max-snippet:-1","max-image-preview":"max-image-preview:large","max-video-preview":"max-video-preview:-1"},"canonical":"https:\/\/www.estrategiaconcursos.com.br\/blog\/icmbio-divulga-editais-para-varios-processos-seletivos\/","og_locale":"pt_BR","og_type":"article","og_title":"ICMBio divulga editais para v\u00e1rios Processos Seletivos","og_description":"O Instituto Chico Mendes de Conserva\u00e7\u00e3o da Biodiversidade (ICMBio), \u00f3rg\u00e3o ambiental do governo brasileiro, divulgou diversos editais de Processo Seletivo ao longo da semana. S\u00e3o vagas para os cargos de Chefe de Esquadr\u00e3o e Brigadista, em diversas partes do pa\u00eds. Alguns j\u00e1 encerraram seu per\u00edodo de inscri\u00e7\u00f5es, mas muitos ainda se estendem at\u00e9 o m\u00eas [&hellip;]","og_url":"https:\/\/www.estrategiaconcursos.com.br\/blog\/icmbio-divulga-editais-para-varios-processos-seletivos\/","og_site_name":"Estrat\u00e9gia Concursos","article_author":"https:\/\/www.facebook.com\/rosenvaljr","article_published_time":"2020-05-29T18:47:13+00:00","article_modified_time":"2020-05-29T18:47:16+00:00","og_image":[{"width":1200,"height":628,"url":"https:\/\/dhg1h5j42swfq.cloudfront.net\/2018\/11\/11123659\/concurso-ICMBIO.jpg","type":"image\/jpeg"}],"author":"Rosenval J\u00fanior","twitter_card":"summary_large_image","twitter_creator":"@EstratConcursos","twitter_site":"@EstratConcursos","twitter_misc":{"Escrito por":"Rosenval J\u00fanior","Est. tempo de leitura":"3 minutos"},"schema":{"@context":"https:\/\/schema.org","@graph":[{"@type":"NewsArticle","@id":"https:\/\/www.estrategiaconcursos.com.br\/blog\/icmbio-divulga-editais-para-varios-processos-seletivos\/#article","isPartOf":{"@id":"https:\/\/www.estrategiaconcursos.com.br\/blog\/icmbio-divulga-editais-para-varios-processos-seletivos\/"},"author":{"name":"Rosenval J\u00fanior","@id":"https:\/\/www.estrategiaconcursos.com.br\/blog\/#\/schema\/person\/3489eb8fb39ff11193689cf7762b03b0"},"headline":"ICMBio divulga editais para v\u00e1rios Processos Seletivos","datePublished":"2020-05-29T18:47:13+00:00","dateModified":"2020-05-29T18:47:16+00:00","mainEntityOfPage":{"@id":"https:\/\/www.estrategiaconcursos.com.br\/blog\/icmbio-divulga-editais-para-varios-processos-seletivos\/"},"wordCount":644,"commentCount":0,"publisher":{"@id":"https:\/\/www.estrategiaconcursos.com.br\/blog\/#organization"},"image":{"@id":"https:\/\/www.estrategiaconcursos.com.br\/blog\/icmbio-divulga-editais-para-varios-processos-seletivos\/#primaryimage"},"thumbnailUrl":"https:\/\/dhg1h5j42swfq.cloudfront.net\/2018\/11\/11123659\/concurso-ICMBIO.jpg","articleSection":["Concursos P\u00fablicos"],"inLanguage":"pt-BR","potentialAction":[{"@type":"CommentAction","name":"Comment","target":["https:\/\/www.estrategiaconcursos.com.br\/blog\/icmbio-divulga-editais-para-varios-processos-seletivos\/#respond"]}],"copyrightYear":"2020","copyrightHolder":{"@id":"https:\/\/www.estrategiaconcursos.com.br\/blog\/#organization"}},{"@type":"WebPage","@id":"https:\/\/www.estrategiaconcursos.com.br\/blog\/icmbio-divulga-editais-para-varios-processos-seletivos\/","url":"https:\/\/www.estrategiaconcursos.com.br\/blog\/icmbio-divulga-editais-para-varios-processos-seletivos\/","name":"ICMBio divulga editais para v\u00e1rios Processos Seletivos","isPartOf":{"@id":"https:\/\/www.estrategiaconcursos.com.br\/blog\/#website"},"primaryImageOfPage":{"@id":"https:\/\/www.estrategiaconcursos.com.br\/blog\/icmbio-divulga-editais-para-varios-processos-seletivos\/#primaryimage"},"image":{"@id":"https:\/\/www.estrategiaconcursos.com.br\/blog\/icmbio-divulga-editais-para-varios-processos-seletivos\/#primaryimage"},"thumbnailUrl":"https:\/\/dhg1h5j42swfq.cloudfront.net\/2018\/11\/11123659\/concurso-ICMBIO.jpg","datePublished":"2020-05-29T18:47:13+00:00","dateModified":"2020-05-29T18:47:16+00:00","breadcrumb":{"@id":"https:\/\/www.estrategiaconcursos.com.br\/blog\/icmbio-divulga-editais-para-varios-processos-seletivos\/#breadcrumb"},"inLanguage":"pt-BR","potentialAction":[{"@type":"ReadAction","target":["https:\/\/www.estrategiaconcursos.com.br\/blog\/icmbio-divulga-editais-para-varios-processos-seletivos\/"]}]},{"@type":"ImageObject","inLanguage":"pt-BR","@id":"https:\/\/www.estrategiaconcursos.com.br\/blog\/icmbio-divulga-editais-para-varios-processos-seletivos\/#primaryimage","url":"https:\/\/dhg1h5j42swfq.cloudfront.net\/2018\/11\/11123659\/concurso-ICMBIO.jpg","contentUrl":"https:\/\/dhg1h5j42swfq.cloudfront.net\/2018\/11\/11123659\/concurso-ICMBIO.jpg","width":1200,"height":628,"caption":"Prova discursiva para o concurso ICMBIO"},{"@type":"BreadcrumbList","@id":"https:\/\/www.estrategiaconcursos.com.br\/blog\/icmbio-divulga-editais-para-varios-processos-seletivos\/#breadcrumb","itemListElement":[{"@type":"ListItem","position":1,"name":"In\u00edcio","item":"https:\/\/www.estrategiaconcursos.com.br\/blog\/"},{"@type":"ListItem","position":2,"name":"ICMBio divulga editais para v\u00e1rios Processos Seletivos"}]},{"@type":"WebSite","@id":"https:\/\/www.estrategiaconcursos.com.br\/blog\/#website","url":"https:\/\/www.estrategiaconcursos.com.br\/blog\/","name":"Estrat\u00e9gia Concursos","description":"O blog da Estrat\u00e9gia Concursos traz not\u00edcias sobre concursos e artigos de professores oferecendo cursos para concursos (pdf + videaulas) no site.","publisher":{"@id":"https:\/\/www.estrategiaconcursos.com.br\/blog\/#organization"},"potentialAction":[{"@type":"SearchAction","target":{"@type":"EntryPoint","urlTemplate":"https:\/\/www.estrategiaconcursos.com.br\/blog\/?s={search_term_string}"},"query-input":{"@type":"PropertyValueSpecification","valueRequired":true,"valueName":"search_term_string"}}],"inLanguage":"pt-BR"},{"@type":"Organization","@id":"https:\/\/www.estrategiaconcursos.com.br\/blog\/#organization","name":"Estrat\u00e9gia Concursos","url":"https:\/\/www.estrategiaconcursos.com.br\/blog\/","logo":{"@type":"ImageObject","inLanguage":"pt-BR","@id":"https:\/\/www.estrategiaconcursos.com.br\/blog\/#\/schema\/logo\/image\/","url":"https:\/\/dhg1h5j42swfq.cloudfront.net\/2025\/06\/03203428\/logo_concursos-1.jpg","contentUrl":"https:\/\/dhg1h5j42swfq.cloudfront.net\/2025\/06\/03203428\/logo_concursos-1.jpg","width":230,"height":60,"caption":"Estrat\u00e9gia Concursos"},"image":{"@id":"https:\/\/www.estrategiaconcursos.com.br\/blog\/#\/schema\/logo\/image\/"},"sameAs":["https:\/\/x.com\/EstratConcursos"]},{"@type":"Person","@id":"https:\/\/www.estrategiaconcursos.com.br\/blog\/#\/schema\/person\/3489eb8fb39ff11193689cf7762b03b0","name":"Rosenval J\u00fanior","image":{"@type":"ImageObject","inLanguage":"pt-BR","@id":"https:\/\/secure.gravatar.com\/avatar\/dc38e7bcadccb99c8a28b35b027bdc6b8b6a65ee938a25ed335e3e31eed462e0?s=96&d=mm&r=g","url":"https:\/\/secure.gravatar.com\/avatar\/dc38e7bcadccb99c8a28b35b027bdc6b8b6a65ee938a25ed335e3e31eed462e0?s=96&d=mm&r=g","contentUrl":"https:\/\/secure.gravatar.com\/avatar\/dc38e7bcadccb99c8a28b35b027bdc6b8b6a65ee938a25ed335e3e31eed462e0?s=96&d=mm&r=g","caption":"Rosenval J\u00fanior"},"description":"Graduado pela Universidade Federal de Vi\u00e7osa - UFV. P\u00f3s-graduado em Direito Ambiental. Graduado tamb\u00e9m em Gest\u00e3o Ambiental, com tr\u00eas especializa\u00e7\u00f5es na \u00e1rea ambiental. Mestrando em Engenharia Ambiental. Servidor p\u00fablico do Minist\u00e9rio da Justi\u00e7a e professor de Direito Ambiental, Meio Ambiente, Direito Agr\u00e1rio e Direito Urban\u00edstico para concursos p\u00fablicos. Professor de Direito Ambiental para o Exame de Ordem. Aprovado em 15 concursos p\u00fablicos na \u00e1rea de Meio Ambiente como Analista Ambiental do Instituto Brasileiro do Meio Ambiente e dos Recursos Naturais Renov\u00e1veis - IBAMA; Analista Pericial - Especialidade Engenharia Florestal do Minist\u00e9rio P\u00fablico da Uni\u00e3o - MPU; Analista de Infraestrutura - \u00c1rea de Especializa\u00e7\u00e3o Ambiental do Departamento Nacional de Infraestrutura de Transportes - DNIT; Especialista em Regula\u00e7\u00e3o - \u00c1rea Engenharia Ambiental e Engenharia Florestal, com \u00eanfase em Meio Ambiente da Ag\u00eancia Nacional de Transportes Terrestres - ANTT; Consultor Legislativo em Meio Ambiente e Direito Ambiental, Organiza\u00e7\u00e3o Territorial, Desenvolvimento Urbano e Regional da C\u00e2mara dos Deputados; entre outros. Autor do livro \"Direito Ambiental para Concursos e Exame de Ordem\", Editora Juru\u00e1. Iniciou sua carreira no servi\u00e7o p\u00fablico federal em 2006, quando obteve aprova\u00e7\u00e3o em 1\u00b0 lugar para o cargo de engenheiro florestal da Casa Civil da Presid\u00eancia da Rep\u00fablica\/Arquivo Nacional. Alguns concursos em que foi aprovado: 1\u00b0 lugar para Analista do Minist\u00e9rio P\u00fablico de MG; 1\u00ba lugar para Engenheiro da Casa Civil da Presid\u00eancia da Rep\u00fablica; 1\u00b0 lugar para T\u00e9cnico em Recursos Naturais \u2013 n\u00edvel II \u2013 \u00c1rea Engenharia Florestal do IDAF; 2\u00b0 lugar para Analista Pericial do Minist\u00e9rio P\u00fablico da Uni\u00e3o - MPU; 2\u00b0 lugar para Analista em Reforma e Desenvolvimento Agr\u00e1rio do INCRA; 7\u00ba lugar Engenheiro J\u00fanior da Caixa Econ\u00f4mica Federal; 10\u00ba lugar para Analista Ambiental do Instituto Estadual de Florestas - IEF\/MG; 6\u00ba lugar para Analista de Infraestrutura (\u00c1rea de Especializa\u00e7\u00e3o Ambiental) do Departamento Nacional de Infraestrutura de Transportes \u2013 DNIT (Prova objetiva e discursiva); 2\u00b0 lugar para Perito Criminal da Pol\u00edcia Civil do Estado do Rio de Janeiro \u2013PCERJ (Resultado na Prova objetiva, TAF, Avalia\u00e7\u00e3o M\u00e9dica, e Psicot\u00e9cnico); 10\u00ba lugar para Perito Criminal da Pol\u00edcia Federal \u2013 DPF \u2013 \u00c1rea 9 (Resultado definitivo na prova objetiva e discursiva); 2\u00b0 lugar para Analista Ambiental do Instituto Brasileiro do Meio Ambiente e dos Recursos Naturais Renov\u00e1veis \u2013 IBAMA (Prova objetiva e discursiva); 1\u00b0 lugar para Especialista em Regula\u00e7\u00e3o Engenharia Ambiental e Engenharia Florestal (com \u00eanfase em meio ambiente) da Ag\u00eancia Nacional de Transportes Terrestres - ANTT (Resultado da prova objetiva, discursiva e de t\u00edtulos); 10\u00ba lugar para Consultor Legislativo em Meio Ambiente e Direito Ambiental, Organiza\u00e7\u00e3o Territorial, Desenvolvimento Urbano e Regional da C\u00e2mara dos Deputados. (Resultado da prova objetiva, discursiva e de t\u00edtulos) Entre em contato comigo pelo facebook e pelo Youtube. Basta colocar na busca: Rosenval J\u00fanior. Ou copiar e colar o endere\u00e7o: www.facebook.com\/rosenvaljr Acesse o meu site e saiba mais: www.aprendadireitoambiental.com.br","sameAs":["http:\/\/www.aprendadireitoambiental.com.br","https:\/\/www.facebook.com\/rosenvaljr"],"url":"https:\/\/www.estrategiaconcursos.com.br\/blog\/author\/rosenvaljuniorestrategiaconcursos-com-br\/"}]}},"_links":{"self":[{"href":"https:\/\/www.estrategiaconcursos.com.br\/blog\/wp-json\/wp\/v2\/posts\/520315","targetHints":{"allow":["GET"]}}],"collection":[{"href":"https:\/\/www.estrategiaconcursos.com.br\/blog\/wp-json\/wp\/v2\/posts"}],"about":[{"href":"https:\/\/www.estrategiaconcursos.com.br\/blog\/wp-json\/wp\/v2\/types\/post"}],"author":[{"embeddable":true,"href":"https:\/\/www.estrategiaconcursos.com.br\/blog\/wp-json\/wp\/v2\/users\/73"}],"replies":[{"embeddable":true,"href":"https:\/\/www.estrategiaconcursos.com.br\/blog\/wp-json\/wp\/v2\/comments?post=520315"}],"version-history":[{"count":5,"href":"https:\/\/www.estrategiaconcursos.com.br\/blog\/wp-json\/wp\/v2\/posts\/520315\/revisions"}],"predecessor-version":[{"id":520404,"href":"https:\/\/www.estrategiaconcursos.com.br\/blog\/wp-json\/wp\/v2\/posts\/520315\/revisions\/520404"}],"wp:featuredmedia":[{"embeddable":true,"href":"https:\/\/www.estrategiaconcursos.com.br\/blog\/wp-json\/wp\/v2\/media\/150757"}],"wp:attachment":[{"href":"https:\/\/www.estrategiaconcursos.com.br\/blog\/wp-json\/wp\/v2\/media?parent=520315"}],"wp:term":[{"taxonomy":"category","embeddable":true,"href":"https:\/\/www.estrategiaconcursos.com.br\/blog\/wp-json\/wp\/v2\/categories?post=520315"},{"taxonomy":"post_tag","embeddable":true,"href":"https:\/\/www.estrategiaconcursos.com.br\/blog\/wp-json\/wp\/v2\/tags?post=520315"},{"taxonomy":"tax_estado","embeddable":true,"href":"https:\/\/www.estrategiaconcursos.com.br\/blog\/wp-json\/wp\/v2\/tax_estado?post=520315"}],"curies":[{"name":"wp","href":"https:\/\/api.w.org\/{rel}","templated":true}]}}