{"id":520267,"date":"2024-11-15T11:20:00","date_gmt":"2024-11-15T14:20:00","guid":{"rendered":"https:\/\/www.estrategiaconcursos.com.br\/blog\/?p=520267"},"modified":"2024-11-15T11:20:32","modified_gmt":"2024-11-15T14:20:32","slug":"concurso-prefeitura-codo","status":"publish","type":"post","link":"https:\/\/www.estrategiaconcursos.com.br\/blog\/concurso-prefeitura-codo\/","title":{"rendered":"Concurso da Prefeitura de Cod\u00f3 tem editais suspensos!"},"content":{"rendered":"\n<p>A <strong><a href=\"https:\/\/www.estrategiaconcursos.com.br\/cursosPorConcurso\/prefeitura-municipal-de-codo-ma\/\" target=\"_blank\" rel=\"noreferrer noopener\">Prefeitura de Cod\u00f3<\/a><\/strong>, Maranh\u00e3o, anunciou a suspens\u00e3o tempor\u00e1ria de seus tr\u00eas editais, respeitando uma decis\u00e3o liminar monocr\u00e1tica expedida pelo Tribunal de Contas do Estado na data de 13\/11\/2024.<\/p>\n\n\n\n<ul class=\"wp-block-list\">\n<li><strong><a href=\"https:\/\/dhg1h5j42swfq.cloudfront.net\/2024\/11\/15111627\/comunicado.pdf\" target=\"_blank\" rel=\"noreferrer noopener nofollow\">Confira o comunicado na \u00edntegra<\/a><\/strong><\/li>\n<\/ul>\n\n\n\n<p>Para o edital do quadro geral, as provas seriam realizadas no dia 17 de novembro. J\u00e1 para os cargos de Guarda e Procurador, a etapa aconteceu no m\u00eas de outubro.<\/p>\n\n\n\n<ul class=\"wp-block-list\">\n<li><a href=\"https:\/\/dhg1h5j42swfq.cloudfront.net\/2024\/10\/22134929\/gabarito-preliminar-das-provas-objetivas-2.pdf\" target=\"_blank\" rel=\"noreferrer noopener nofollow\">Gabaritos preliminares <em>&#8211; Guarda<\/em><\/a><\/li>\n\n\n\n<li><a href=\"https:\/\/dhg1h5j42swfq.cloudfront.net\/2024\/10\/22134927\/gabarito-preliminar-das-provas-objetivas-1.pdf\" target=\"_blank\" rel=\"noreferrer noopener nofollow\">Gabaritos preliminares <em>&#8211; Procurador<\/em><\/a><\/li>\n<\/ul>\n\n\n\n<p>No total, s\u00e3o <strong>9.213<\/strong> candidatos que concorrem a <strong>351 vagas<\/strong> para cargos de n\u00edveis m\u00e9dio, t\u00e9cnico e superior de escolaridade, com sal\u00e1rios iniciais que variam de <strong>R$ 1.687,47 a R$ 5.184,63<\/strong>.<\/p>\n\n\n\n<ul style=\"background-color:#dee3e7\" class=\"wp-block-list has-background\">\n<li><strong>Prefeitura Municipal de Cod\u00f3 &#8211; MA<\/strong><\/li>\n\n\n\n<li><strong style=\"color: initial;\">Status:\u00a0<\/strong>suspenso<\/li>\n\n\n\n<li><strong>Banca:<\/strong>&nbsp;<a href=\"https:\/\/www.legatus.org.br\/\" target=\"_blank\" rel=\"noreferrer noopener\">Instituto Legatus<\/a><\/li>\n\n\n\n<li><strong>Vagas:<\/strong> 97 + 254 CR<\/li>\n\n\n\n<li><strong>Sal\u00e1rio inicial:<\/strong>&nbsp;R$ 1.687,47 a R$ 5.184,63<\/li>\n\n\n\n<li><strong>Edital<\/strong>:&nbsp;<a href=\"https:\/\/dhg1h5j42swfq.cloudfront.net\/2024\/07\/29164654\/edital-no-03_2024-abertura-do-concurso.pdf\" target=\"_blank\" rel=\"noreferrer noopener nofollow\">Edital Geral<\/a> | <a href=\"https:\/\/dhg1h5j42swfq.cloudfront.net\/2024\/07\/29164702\/edital-no-01_2024-abertura-do-concurso.pdf\" target=\"_blank\" rel=\"noreferrer noopener nofollow\">Edital Guarda Civil<\/a> | <a href=\"https:\/\/dhg1h5j42swfq.cloudfront.net\/2024\/07\/29164658\/edital-no-02_2024-abertura-do-concurso.pdf\" target=\"_blank\" rel=\"noreferrer noopener nofollow\">Edital Procurador<\/a><\/li>\n<\/ul>\n\n\n\n<p>Neste artigo voc\u00ea encontra as principais informa\u00e7\u00f5es do concurso Prefeitura de Cod\u00f3. Acompanhe os t\u00f3picos abaixo e n\u00e3o perca nenhum detalhe:<\/p>\n\n\n\n<ul id=\"indice\" class=\"wp-block-list\">\n<li><strong><a href=\"#datas\">Principais datas<\/a><\/strong><\/li>\n\n\n\n<li><strong><a href=\"#cargo\">Cargos, vagas e sal\u00e1rios<\/a><\/strong>\n<ul class=\"wp-block-list\">\n<li><a href=\"#medi\">N\u00edvel m\u00e9dio\/t\u00e9cnico<\/a><\/li>\n\n\n\n<li><a href=\"#sup\">N\u00edvel superior<\/a><\/li>\n<\/ul>\n<\/li>\n\n\n\n<li><a href=\"#etapas\"><strong>Etapa de prova<\/strong><\/a>\n<ul class=\"wp-block-list\">\n<li><a href=\"#objetiva\">Prova objetiva<\/a><\/li>\n\n\n\n<li><a href=\"#pratica\">Prova pr\u00e1tica<\/a><\/li>\n\n\n\n<li><a href=\"#titulos\">Prova de t\u00edtulos<\/a><\/li>\n<\/ul>\n<\/li>\n\n\n\n<li><a href=\"#cursos\"><strong>Assinatura e cursos<\/strong><\/a><\/li>\n\n\n\n<li><a href=\"#ficha\"><strong>Ficha t\u00e9cnica<\/strong><\/a><\/li>\n<\/ul>\n\n\n\n<div class=\"container\" id=\"boxes\">\n  <div class=\"row\">\n\n    <div class=\"col-sm\">\n      <div class=\"banner-estrategia\" id=\"box-assinatura\">\n        <h3 class=\"titulo-assinatura\">Cursos para Pref. Cod\u00f3<\/h3>\n        <p class=\"subtitulo-assinatura\">Conhe\u00e7a os cursos<\/p>\n        <div class=\"box-botao\">\n          <a class=\"btn-assinatura\" target=\"_blank\" href=\"https:\/\/www.estrategiaconcursos.com.br\/cursosPorConcurso\/prefeitura-municipal-de-codo-ma\/\" role=\"button\" rel=\"noopener noreferrer\">Conhe\u00e7a mais<\/a>\n        <\/div>\n      <\/div>\n     \n    <\/div>\n\n  <\/div>\n<\/div>\n\n\n<figure class=\"wp-block-embed-youtube wp-block-embed is-type-video is-provider-youtube wp-embed-aspect-16-9 wp-has-aspect-ratio lyte-align aligncenter\"><div class=\"lyte-wrapper\" style=\"width:853px;max-width:100%;margin:5px;\"><div class=\"lyMe\" id=\"WYL_29Uqh-gfV8Y\"><div id=\"lyte_29Uqh-gfV8Y\" data-src=\"\/\/i.ytimg.com\/vi\/29Uqh-gfV8Y\/hqdefault.jpg\" class=\"pL\"><div class=\"tC\"><div class=\"tT\"><\/div><\/div><div class=\"play\"><\/div><div class=\"ctrl\"><div class=\"Lctrl\"><\/div><div class=\"Rctrl\"><\/div><\/div><\/div><noscript><a href=\"https:\/\/youtu.be\/29Uqh-gfV8Y\" rel=\"nofollow\"><img loading=\"lazy\" decoding=\"async\" src=\"https:\/\/i.ytimg.com\/vi\/29Uqh-gfV8Y\/0.jpg\" alt=\"YouTube video thumbnail\" width=\"853\" height=\"460\" \/><br \/>Assista a este v\u00eddeo no YouTube<\/a><\/noscript><\/div><\/div><div class=\"lL\" style=\"max-width:100%;width:853px;margin:5px;\"><\/div><figcaption>An\u00e1lise de edital<\/figcaption><\/figure>\n\n\n<h2 class=\"wp-block-heading\" id=\"datas\">Concurso Prefeitura de Cod\u00f3: principais datas<\/h2>\n\n\n\n<ul class=\"wp-block-list\">\n<li><strong>Inscri\u00e7\u00f5es:<\/strong> <s>29 de julho a 26 de agosto<\/s><\/li>\n\n\n\n<li><strong>\u00daltimo dia pagamento:<\/strong> <s>at\u00e9 27 de agosto<\/s><\/li>\n\n\n\n<li><strong>Isen\u00e7\u00e3o da taxa<\/strong>: <s>at\u00e9 15 de agosto<\/s><\/li>\n\n\n\n<li><strong>Provas:<\/strong> \n<ul class=\"wp-block-list\">\n<li><s>20 de outubro &#8211; Guarda Civil e Procurador<\/s><\/li>\n\n\n\n<li>nova data em breve &#8211; Cargos gerais<\/li>\n<\/ul>\n<\/li>\n<\/ul>\n\n\n\n<h2 class=\"wp-block-heading\" id=\"cargo\">Concurso Prefeitura de Cod\u00f3: cargos, vagas e sal\u00e1rios<\/h2>\n\n\n\n<h3 class=\"wp-block-heading\" id=\"medi\">N\u00edvel m\u00e9dio\/t\u00e9cnico<\/h3>\n\n\n\n<figure class=\"wp-block-table is-style-stripes\"><table><thead><tr><th class=\"has-text-align-center\" data-align=\"center\">Cargos<\/th><th class=\"has-text-align-center\" data-align=\"center\">Vagas<\/th><th class=\"has-text-align-center\" data-align=\"center\">Sal\u00e1rios<\/th><\/tr><\/thead><tbody><tr><td class=\"has-text-align-center\" data-align=\"center\">T\u00e9cnico em Radiologia<\/td><td class=\"has-text-align-center\" data-align=\"center\">02 + 06 CR<\/td><td class=\"has-text-align-center\" data-align=\"center\">R$ 1.826,57<\/td><\/tr><tr><td class=\"has-text-align-center\" data-align=\"center\">T\u00e9cnico em Higiene Dental<\/td><td class=\"has-text-align-center\" data-align=\"center\">02 + 06 CR<\/td><td class=\"has-text-align-center\" data-align=\"center\">R$ 1.826,57<\/td><\/tr><tr><td class=\"has-text-align-center\" data-align=\"center\"><a href=\"https:\/\/www.estrategiaconcursos.com.br\/curso\/prefeitura-de-codo-ma-tecnico-em-laboratorio-pacote-2024-pos-edital\/\" target=\"_blank\" rel=\"noreferrer noopener\">T\u00e9cnico em Laborat\u00f3rio<\/a><\/td><td class=\"has-text-align-center\" data-align=\"center\">02 + 06 CR<\/td><td class=\"has-text-align-center\" data-align=\"center\">R$ 1.826,57<\/td><\/tr><tr><td class=\"has-text-align-center\" data-align=\"center\"><a href=\"https:\/\/www.estrategiaconcursos.com.br\/curso\/prefeitura-de-codo-ma-tecnico-em-enfermagem-pacote-2024-pos-edital\/\" target=\"_blank\" rel=\"noreferrer noopener\">T\u00e9cnico em Enfermagem<\/a><\/td><td class=\"has-text-align-center\" data-align=\"center\">10 + 20 CR<\/td><td class=\"has-text-align-center\" data-align=\"center\">R$ 1.826,57<\/td><\/tr><tr><td class=\"has-text-align-center\" data-align=\"center\">Professor de Educa\u00e7\u00e3o Infantil<\/td><td class=\"has-text-align-center\" data-align=\"center\">06 + 14 CR<\/td><td class=\"has-text-align-center\" data-align=\"center\">R$ 2.880,35<\/td><\/tr><tr><td class=\"has-text-align-center\" data-align=\"center\">Professor de Ensino Fundamental I<\/td><td class=\"has-text-align-center\" data-align=\"center\">10 + 30 CR<\/td><td class=\"has-text-align-center\" data-align=\"center\">R$ 2.880,35<\/td><\/tr><tr><td class=\"has-text-align-center\" data-align=\"center\"><a href=\"https:\/\/www.estrategiaconcursos.com.br\/curso\/prefeitura-de-codo-ma-assistente-de-administracao-pacote-2024-pos-edital\/\" target=\"_blank\" rel=\"noreferrer noopener\">Assistente de Administra\u00e7\u00e3o<\/a><\/td><td class=\"has-text-align-center\" data-align=\"center\">10 + 30 CR<\/td><td class=\"has-text-align-center\" data-align=\"center\">R$ 1.687,47<\/td><\/tr><tr><td class=\"has-text-align-center\" data-align=\"center\">Guarda Civil Municipal<\/td><td class=\"has-text-align-center\" data-align=\"center\">10 + 20 CR<\/td><td class=\"has-text-align-center\" data-align=\"center\">R$ 2.005,66<\/td><\/tr><\/tbody><\/table><figcaption class=\"wp-element-caption\">Cargos, vagas e sal\u00e1rios de n\u00edvel m\u00e9dio<\/figcaption><\/figure>\n\n\n\n<h3 class=\"wp-block-heading\" id=\"sup\">N\u00edvel superior<\/h3>\n\n\n\n<figure class=\"wp-block-table is-style-stripes\"><table><thead><tr><th class=\"has-text-align-center\" data-align=\"center\">Cargos<\/th><th class=\"has-text-align-center\" data-align=\"center\">Vagas<\/th><th class=\"has-text-align-center\" data-align=\"center\">Sal\u00e1rios<\/th><\/tr><\/thead><tbody><tr><td class=\"has-text-align-center\" data-align=\"center\"><a href=\"https:\/\/www.estrategiaconcursos.com.br\/curso\/prefeitura-de-codo-ma-arquiteto-pacote-2024-pos-edital\/\" target=\"_blank\" rel=\"noreferrer noopener\">Arquiteto<\/a><\/td><td class=\"has-text-align-center\" data-align=\"center\">01 + 04 CR<\/td><td class=\"has-text-align-center\" data-align=\"center\">R$ 3.209,10<\/td><\/tr><tr><td class=\"has-text-align-center\" data-align=\"center\">Assistente Social<\/td><td class=\"has-text-align-center\" data-align=\"center\">10 + 20 CR<\/td><td class=\"has-text-align-center\" data-align=\"center\">R$ 3.209,10<\/td><\/tr><tr><td class=\"has-text-align-center\" data-align=\"center\"><a href=\"https:\/\/www.estrategiaconcursos.com.br\/curso\/prefeitura-de-codo-ma-biomedico-pacote-2024-pos-edital\/\" target=\"_blank\" rel=\"noreferrer noopener\">Biom\u00e9dico<\/a><\/td><td class=\"has-text-align-center\" data-align=\"center\">01 + 04 CR<\/td><td class=\"has-text-align-center\" data-align=\"center\">R$ 3.209,10<\/td><\/tr><tr><td class=\"has-text-align-center\" data-align=\"center\">Cirurgi\u00e3o Dentista<\/td><td class=\"has-text-align-center\" data-align=\"center\">02 + 06 CR<\/td><td class=\"has-text-align-center\" data-align=\"center\">R$ 3.209,10<\/td><\/tr><tr><td class=\"has-text-align-center\" data-align=\"center\"><a href=\"https:\/\/www.estrategiaconcursos.com.br\/curso\/prefeitura-de-codo-ma-enfermeiro-pacote-2024-pos-edital\/\" target=\"_blank\" rel=\"noreferrer noopener\">Enfermeiro<\/a><\/td><td class=\"has-text-align-center\" data-align=\"center\">05 + 10 CR<\/td><td class=\"has-text-align-center\" data-align=\"center\">R$ 3.209,10<\/td><\/tr><tr><td class=\"has-text-align-center\" data-align=\"center\">Engenheiro Agr\u00f4nomo<\/td><td class=\"has-text-align-center\" data-align=\"center\">01 + 04 CR<\/td><td class=\"has-text-align-center\" data-align=\"center\">R$ 3.209,10<\/td><\/tr><tr><td class=\"has-text-align-center\" data-align=\"center\"><a href=\"https:\/\/www.estrategiaconcursos.com.br\/curso\/prefeitura-de-codo-ma-engenheiro-ambiental-pacote-2024-pos-edital\/\" target=\"_blank\" rel=\"noreferrer noopener\">Engenheiro Ambiental<\/a><\/td><td class=\"has-text-align-center\" data-align=\"center\">01 + 04 CR<\/td><td class=\"has-text-align-center\" data-align=\"center\">R$ 3.209,10<\/td><\/tr><tr><td class=\"has-text-align-center\" data-align=\"center\"><a href=\"https:\/\/www.estrategiaconcursos.com.br\/curso\/prefeitura-de-codo-ma-farmaceutico-pacote-2024-pos-edital\/\" target=\"_blank\" rel=\"noreferrer noopener\">Farmac\u00eautico<\/a><\/td><td class=\"has-text-align-center\" data-align=\"center\">01 + 04 CR<\/td><td class=\"has-text-align-center\" data-align=\"center\">R$ 3.209,10<\/td><\/tr><tr><td class=\"has-text-align-center\" data-align=\"center\">Fisioterapeuta<\/td><td class=\"has-text-align-center\" data-align=\"center\">01 + 04 CR<\/td><td class=\"has-text-align-center\" data-align=\"center\">R$ 3.209,10<\/td><\/tr><tr><td class=\"has-text-align-center\" data-align=\"center\"><a href=\"https:\/\/www.estrategiaconcursos.com.br\/curso\/prefeitura-de-codo-ma-fonoaudiologo-pacote-2024-pos-edital\/\" target=\"_blank\" rel=\"noreferrer noopener\">Fonoaudi\u00f3logo<\/a><\/td><td class=\"has-text-align-center\" data-align=\"center\">01 + 04 CR<\/td><td class=\"has-text-align-center\" data-align=\"center\">R$ 3.209,10<\/td><\/tr><tr><td class=\"has-text-align-center\" data-align=\"center\">M\u00e9dico Veterin\u00e1rio<\/td><td class=\"has-text-align-center\" data-align=\"center\">01 + 04 CR<\/td><td class=\"has-text-align-center\" data-align=\"center\">R$ 3.209,10<\/td><\/tr><tr><td class=\"has-text-align-center\" data-align=\"center\"><a href=\"https:\/\/www.estrategiaconcursos.com.br\/curso\/prefeitura-de-codo-ma-nutricionista-pacote-completo-2024-pos-edital\/\" target=\"_blank\" rel=\"noreferrer noopener\">Nutricionista<\/a><\/td><td class=\"has-text-align-center\" data-align=\"center\">01 + 04 CR<\/td><td class=\"has-text-align-center\" data-align=\"center\">R$ 3.209,10<\/td><\/tr><tr><td class=\"has-text-align-center\" data-align=\"center\">Professor (v\u00e1rias especialidades)<\/td><td class=\"has-text-align-center\" data-align=\"center\">15 + 56 CR<\/td><td class=\"has-text-align-center\" data-align=\"center\">R$ 4.320,53<\/td><\/tr><tr><td class=\"has-text-align-center\" data-align=\"center\">Psic\u00f3logo<\/td><td class=\"has-text-align-center\" data-align=\"center\">03 + 04 CR<\/td><td class=\"has-text-align-center\" data-align=\"center\">R$ 3.209,10<\/td><\/tr><tr><td class=\"has-text-align-center\" data-align=\"center\"><a href=\"https:\/\/www.estrategiaconcursos.com.br\/curso\/prefeitura-de-codo-ma-supervisor-escolar-pacote-2024-pos-edital\/\" target=\"_blank\" rel=\"noreferrer noopener\">Supervisor Escolar<\/a><\/td><td class=\"has-text-align-center\" data-align=\"center\">05 + 15 CR<\/td><td class=\"has-text-align-center\" data-align=\"center\">R$ 5.184,63<\/td><\/tr><tr><td class=\"has-text-align-center\" data-align=\"center\">Terapeuta Ocupacional<\/td><td class=\"has-text-align-center\" data-align=\"center\">01 + 04 CR<\/td><td class=\"has-text-align-center\" data-align=\"center\">R$ 3.209,10<\/td><\/tr><\/tbody><\/table><figcaption class=\"wp-element-caption\">Cargos, vagas e sal\u00e1rios de n\u00edvel superior<\/figcaption><\/figure>\n\n\n\n<h2 class=\"wp-block-heading\" id=\"etapas\">Concurso Prefeitura de Cod\u00f3: etapas de avalia\u00e7\u00f5es<\/h2>\n\n\n\n<p>O certame constitui-se de:<\/p>\n\n\n\n<ul class=\"wp-block-list\">\n<li><strong>Prova objetiva<\/strong>, de car\u00e1ter classificat\u00f3rio e eliminat\u00f3rio, para todos os cargos;<\/li>\n\n\n\n<li><strong>Pr\u00e1tica pr\u00e1tica<\/strong>, de car\u00e1ter eliminat\u00f3rio, para o cargo de Assistente de Administra\u00e7\u00e3o;<\/li>\n\n\n\n<li><strong>Avalia\u00e7\u00e3o de t\u00edtulos<\/strong>, de car\u00e1ter classificat\u00f3rio, para cargos de n\u00edvel superior;<\/li>\n\n\n\n<li><strong>Prova discursiva<\/strong>, de car\u00e1ter classificat\u00f3rio e eliminat\u00f3rio, para Procurador;<\/li>\n\n\n\n<li><strong>Teste de aptid\u00e3o f\u00edsica<\/strong>, de car\u00e1ter eliminat\u00f3rio, para Guarda Civil Municipal;<\/li>\n\n\n\n<li><strong>Avalia\u00e7\u00e3o Psicol\u00f3gica<\/strong>, de car\u00e1ter eliminat\u00f3rio, para Guarda Civil Municipal;<\/li>\n\n\n\n<li><strong>Investiga\u00e7\u00e3o Social<\/strong>, de car\u00e1ter eliminat\u00f3rio, para Guarda Civil Municipal;<\/li>\n\n\n\n<li><strong>Avalia\u00e7\u00e3o m\u00e9dica<\/strong>, de car\u00e1ter eliminat\u00f3rio, para Guarda Civil Municipal; e<\/li>\n\n\n\n<li><strong>Curso de forma\u00e7\u00e3o<\/strong>, de car\u00e1ter eliminat\u00f3rio e habilitat\u00f3rio, para Guarda Civil Municipal.<\/li>\n<\/ul>\n\n\n\n<p class=\"has-background\" style=\"background-color:#def0ea\"><strong>&gt;&gt;&gt;Confira todos os detalhes sobre o cargo de <span style=\"text-decoration: underline;\">Guarda Municipal<\/span> em nosso artigo completo (<a href=\"https:\/\/www.estrategiaconcursos.com.br\/blog\/concurso-guarda-de-codo\/\" target=\"_blank\" rel=\"noreferrer noopener\">GCM Cod\u00f3<\/a>)<\/strong><br \/><strong>&gt;&gt;&gt;Confira todos os detalhes sobre o cargo de <span style=\"text-decoration: underline;\">Procurador Municipal<\/span> em nosso artigo completo (<a href=\"https:\/\/cj.estrategia.com\/portal\/concurso-pgm-codo-ma\/\" target=\"_blank\" rel=\"noreferrer noopener\">PGM Cod\u00f3<\/a>)<\/strong><\/p>\n\n\n\n<h3 class=\"wp-block-heading\" id=\"objetiva\">Prova objetiva<\/h3>\n\n\n\n<p>Com dura\u00e7\u00e3o a depender do cargo, a prova objetiva ser\u00e1 composta por quest\u00f5es de m\u00faltipla escolha, com cinco alternativas, sendo apenas uma a correta.<\/p>\n\n\n\n<p>Para ser considerado aprovado nesta etapa, o candidato deve obter, no m\u00ednimo, 50% da pontua\u00e7\u00e3o m\u00e1xima, que escala de 0 a 70 pontos.<\/p>\n\n\n\n<p><strong>Para Guarda Civil Municipal:<\/strong><\/p>\n\n\n\n<figure class=\"wp-block-image aligncenter size-full\"><img loading=\"lazy\" decoding=\"async\" width=\"597\" height=\"230\" src=\"https:\/\/dhg1h5j42swfq.cloudfront.net\/2024\/07\/29170049\/image-761.png\" alt=\"Tabela de detalhes da prova objetiva ao cargo de Guarda Civil\" class=\"wp-image-1436698\" srcset=\"https:\/\/dhg1h5j42swfq.cloudfront.net\/2024\/07\/29170049\/image-761.png 597w, https:\/\/dhg1h5j42swfq.cloudfront.net\/2024\/07\/29170049\/image-761-300x116.png 300w, https:\/\/dhg1h5j42swfq.cloudfront.net\/2024\/07\/29170049\/image-761-150x58.png 150w\" sizes=\"auto, (max-width: 597px) 100vw, 597px\" \/><\/figure>\n\n\n\n<p><strong>Para cargos de n\u00edvel superior, m\u00e9dio e t\u00e9cnico:<\/strong><\/p>\n\n\n\n<figure class=\"wp-block-image aligncenter size-full\"><img loading=\"lazy\" decoding=\"async\" width=\"592\" height=\"154\" src=\"https:\/\/dhg1h5j42swfq.cloudfront.net\/2024\/07\/29170101\/image-762.png\" alt=\"Tabela de detalhes da prova objetiva aos cargos de n\u00edveis m\u00e9dio, t\u00e9cnico e superior\" class=\"wp-image-1436699\" srcset=\"https:\/\/dhg1h5j42swfq.cloudfront.net\/2024\/07\/29170101\/image-762.png 592w, https:\/\/dhg1h5j42swfq.cloudfront.net\/2024\/07\/29170101\/image-762-300x78.png 300w, https:\/\/dhg1h5j42swfq.cloudfront.net\/2024\/07\/29170101\/image-762-150x39.png 150w\" sizes=\"auto, (max-width: 592px) 100vw, 592px\" \/><\/figure>\n\n\n\n<figure class=\"wp-block-image aligncenter size-full\"><img loading=\"lazy\" decoding=\"async\" width=\"578\" height=\"138\" src=\"https:\/\/dhg1h5j42swfq.cloudfront.net\/2024\/07\/29170112\/image-763.png\" alt=\"Tabela de detalhes da prova objetiva aos cargos de n\u00edveis m\u00e9dio, t\u00e9cnico e superior\" class=\"wp-image-1436700\" srcset=\"https:\/\/dhg1h5j42swfq.cloudfront.net\/2024\/07\/29170112\/image-763.png 578w, https:\/\/dhg1h5j42swfq.cloudfront.net\/2024\/07\/29170112\/image-763-300x72.png 300w, https:\/\/dhg1h5j42swfq.cloudfront.net\/2024\/07\/29170112\/image-763-150x36.png 150w\" sizes=\"auto, (max-width: 578px) 100vw, 578px\" \/><\/figure>\n\n\n\n<p><strong>Para Procurador:<\/strong><\/p>\n\n\n\n<figure class=\"wp-block-image aligncenter size-full\"><img loading=\"lazy\" decoding=\"async\" width=\"596\" height=\"243\" src=\"https:\/\/dhg1h5j42swfq.cloudfront.net\/2024\/07\/29170123\/image-764.png\" alt=\"Tabela de detalhes da prova objetiva ao cargo de Procurador\" class=\"wp-image-1436701\" srcset=\"https:\/\/dhg1h5j42swfq.cloudfront.net\/2024\/07\/29170123\/image-764.png 596w, https:\/\/dhg1h5j42swfq.cloudfront.net\/2024\/07\/29170123\/image-764-300x122.png 300w, https:\/\/dhg1h5j42swfq.cloudfront.net\/2024\/07\/29170123\/image-764-150x61.png 150w\" sizes=\"auto, (max-width: 596px) 100vw, 596px\" \/><\/figure>\n\n\n\n<h3 class=\"wp-block-heading\" id=\"titulos\">Prova de t\u00edtulos<\/h3>\n\n\n\n<p>A prova de t\u00edtulos visa avaliar as titula\u00e7\u00f5es acad\u00eamicas dos candidatos a partir de crit\u00e9rios e pontua\u00e7\u00f5es para fins classificat\u00f3rios.<\/p>\n\n\n\n<p><strong>Para cargos de n\u00edvel superior:<\/strong><\/p>\n\n\n\n<figure class=\"wp-block-image aligncenter size-full is-resized\"><img loading=\"lazy\" decoding=\"async\" width=\"452\" height=\"214\" src=\"https:\/\/dhg1h5j42swfq.cloudfront.net\/2024\/07\/29170440\/image-766.png\" alt=\"Tabela de atribui\u00e7\u00e3o de pontos na avalia\u00e7\u00e3o de t\u00edtulos\" class=\"wp-image-1436709\" style=\"width:722px;height:auto\" srcset=\"https:\/\/dhg1h5j42swfq.cloudfront.net\/2024\/07\/29170440\/image-766.png 452w, https:\/\/dhg1h5j42swfq.cloudfront.net\/2024\/07\/29170440\/image-766-300x142.png 300w, https:\/\/dhg1h5j42swfq.cloudfront.net\/2024\/07\/29170440\/image-766-150x71.png 150w\" sizes=\"auto, (max-width: 452px) 100vw, 452px\" \/><\/figure>\n\n\n\n<h3 class=\"wp-block-heading\" id=\"pratica\">Prova pr\u00e1tica<\/h3>\n\n\n\n<p>A prova pr\u00e1tica se relaciona \u00e0s atribui\u00e7\u00f5es para Assistente em Administra\u00e7\u00e3o. Os candidatos ter\u00e3o de enfrentar atividades cotidianas do cargo, que ser\u00e3o pontuadas e categorizadas.<\/p>\n\n\n\n<hr class=\"wp-block-separator has-alpha-channel-opacity\"\/>\n\n\n\n<h2 class=\"wp-block-heading has-text-align-center\" id=\"cursos\"><em>Quer estudar para o concurso Prefeitura de Cod\u00f3?<\/em><\/h2>\n\n\n\n<div class=\"container\" id=\"boxes\">\n  <div class=\"row\">\n\n    <div class=\"col-sm\">\n      <div class=\"banner-estrategia\" id=\"box-assinatura\">\n        <h3 class=\"titulo-assinatura\">Cursos para Pref. Cod\u00f3<\/h3>\n        <p class=\"subtitulo-assinatura\">Conhe\u00e7a os cursos<\/p>\n        <div class=\"box-botao\">\n          <a class=\"btn-assinatura\" target=\"_blank\" href=\"https:\/\/www.estrategiaconcursos.com.br\/cursosPorConcurso\/prefeitura-municipal-de-codo-ma\/\" role=\"button\" rel=\"noopener noreferrer\">Conhe\u00e7a mais<\/a>\n        <\/div>\n      <\/div>\n     \n    <\/div>\n\n  <\/div>\n<\/div>\n\n\n\n<div class=\"container\" id=\"boxes\">\r\n  <div class=\"row\">\r\n\r\n    <div class=\"col-sm\">\r\n      <div class=\"estrategia\" id=\"box-assinatura\">\r\n        <h3 class=\"titulo-assinatura\">Assinatura Concursos<\/h3>\r\n        <p class=\"subtitulo-assinatura\">Assinatura de 1 ano ou 2 anos<\/p>\r\n        <div class=\"box-botao\">\r\n          <a class=\"btn-assinatura\" target=\"_blank\" href=\"https:\/\/www.estrategiaconcursos.com.br\/assinaturas\/\" role=\"button\" rel=\"noopener noreferrer\">ASSINE AGORA<\/a>\r\n        <\/div>\r\n      <\/div><\/div><\/div><\/div>\n\n\n\n<h2 class=\"wp-block-heading has-text-align-center\" id=\"h-quer-saber-tudo-sobre-concursos-previstos-confira-os-nossos-artigos\">Quer saber tudo sobre concursos previstos?<br \/>Confira os nossos artigos!<\/h2>\n\n\n\n<ul class=\"wp-block-list\">\n<li><a href=\"https:\/\/www.estrategiaconcursos.com.br\/blog\/concursos-abertos\/\" target=\"_blank\" rel=\"noreferrer noopener\">Concursos Abertos<\/a><\/li>\n\n\n\n<li><a href=\"https:\/\/www.estrategiaconcursos.com.br\/blog\/concursos-prefeituras\/\">Concursos Prefeituras<\/a><\/li>\n\n\n\n<li><a href=\"https:\/\/www.estrategiaconcursos.com.br\/blog\/concursos-2025\/\" target=\"_blank\" rel=\"noreferrer noopener\">Concursos 2025<\/a><\/li>\n<\/ul>\n\n\n\n<figure class=\"wp-block-image is-resized\"><img loading=\"lazy\" decoding=\"async\" width=\"1024\" height=\"632\" src=\"https:\/\/dhg1h5j42swfq.cloudfront.net\/2021\/04\/01161145\/ficha-tecnica-5-1024x632.png\" alt=\"Informa\u00e7\u00f5es do concurso Prefeitura de Cod\u00f3\" class=\"wp-image-706736\" style=\"width:236px;height:145px\" srcset=\"https:\/\/dhg1h5j42swfq.cloudfront.net\/2021\/04\/01161145\/ficha-tecnica-5-1024x632.png 1024w, https:\/\/dhg1h5j42swfq.cloudfront.net\/2021\/04\/01161145\/ficha-tecnica-5-300x185.png 300w, https:\/\/dhg1h5j42swfq.cloudfront.net\/2021\/04\/01161145\/ficha-tecnica-5-768x474.png 768w, https:\/\/dhg1h5j42swfq.cloudfront.net\/2021\/04\/01161145\/ficha-tecnica-5-1536x948.png 1536w, https:\/\/dhg1h5j42swfq.cloudfront.net\/2021\/04\/01161145\/ficha-tecnica-5-610x377.png 610w, https:\/\/dhg1h5j42swfq.cloudfront.net\/2021\/04\/01161145\/ficha-tecnica-5.png 1571w\" sizes=\"auto, (max-width: 1024px) 100vw, 1024px\" \/><\/figure>\n\n\n\n<h3 class=\"wp-block-heading\" id=\"ficha-tecnica\">Informa\u00e7\u00f5es do Concurso  Prefeitura de Cod\u00f3<\/h3>\n\n\n\n<ul class=\"wp-block-list\">\n<li><strong>Data da prova<\/strong>: <s>20\/10<\/s> <\/li>\n\n\n\n<li><strong>Banca<\/strong>: Instituto Legatus<\/li>\n\n\n\n<li><strong>Escolaridade<\/strong>: n\u00edveis m\u00e9dio, t\u00e9cnico e superior<\/li>\n\n\n\n<li><strong>Vagas:<\/strong> 97 + 254 CR<\/li>\n\n\n\n<li><strong>Cargos<\/strong>: Diversos<\/li>\n\n\n\n<li><strong>Edital:<\/strong> <a href=\"https:\/\/dhg1h5j42swfq.cloudfront.net\/2024\/07\/29164654\/edital-no-03_2024-abertura-do-concurso.pdf\" target=\"_blank\" rel=\"noreferrer noopener nofollow\">Edital Geral<\/a> | <a href=\"https:\/\/dhg1h5j42swfq.cloudfront.net\/2024\/07\/29164702\/edital-no-01_2024-abertura-do-concurso.pdf\" target=\"_blank\" rel=\"noreferrer noopener nofollow\">Edital Guarda Civil<\/a> | <a href=\"https:\/\/dhg1h5j42swfq.cloudfront.net\/2024\/07\/29164658\/edital-no-02_2024-abertura-do-concurso.pdf\" target=\"_blank\" rel=\"noreferrer noopener nofollow\">Edital Procurador<\/a><\/li>\n<\/ul>\n","protected":false},"excerpt":{"rendered":"<p>A Prefeitura de Cod\u00f3, Maranh\u00e3o, anunciou a suspens\u00e3o tempor\u00e1ria de seus tr\u00eas editais, respeitando uma decis\u00e3o liminar monocr\u00e1tica expedida pelo Tribunal de Contas do Estado na data de 13\/11\/2024. Para o edital do quadro geral, as provas seriam realizadas no dia 17 de novembro. J\u00e1 para os cargos de Guarda e Procurador, a etapa aconteceu [&hellip;]<\/p>\n","protected":false},"author":1,"featured_media":1480374,"comment_status":"open","ping_status":"closed","sticky":false,"template":"","format":"standard","meta":{"post_tipo":"news_page","footnotes":""},"categories":[214992],"tags":[],"tax_estado":[219973],"class_list":["post-520267","post","type-post","status-publish","format-standard","has-post-thumbnail","hentry","category-concursos-administrativos","tax_estado-ma"],"acf":[],"yoast_head":"<!-- This site is optimized with the Yoast SEO Premium plugin v27.2 (Yoast SEO v27.2) - https:\/\/yoast.com\/product\/yoast-seo-premium-wordpress\/ -->\n<title>Concurso da Prefeitura de Cod\u00f3 tem editais suspensos!<\/title>\n<meta name=\"description\" content=\"Concurso Prefeitura de Cod\u00f3: editais ofertam 97 vagas para diversos cargos. Provas do dia 17\/11 s\u00e3o suspensas, bem como os demais editais.\" \/>\n<meta name=\"robots\" content=\"index, follow, max-snippet:-1, max-image-preview:large, max-video-preview:-1\" \/>\n<link rel=\"canonical\" href=\"https:\/\/www.estrategiaconcursos.com.br\/blog\/concurso-prefeitura-codo\/\" \/>\n<meta property=\"og:locale\" content=\"pt_BR\" \/>\n<meta property=\"og:type\" content=\"article\" \/>\n<meta property=\"og:title\" content=\"Concurso da Prefeitura de Cod\u00f3 tem editais suspensos!\" \/>\n<meta property=\"og:description\" content=\"Concurso Prefeitura de Cod\u00f3: editais ofertam 97 vagas para diversos cargos. Provas do dia 17\/11 s\u00e3o suspensas, bem como os demais editais.\" \/>\n<meta property=\"og:url\" content=\"https:\/\/www.estrategiaconcursos.com.br\/blog\/concurso-prefeitura-codo\/\" \/>\n<meta property=\"og:site_name\" content=\"Estrat\u00e9gia Concursos\" \/>\n<meta property=\"article:author\" content=\"https:\/\/www.facebook.com\/EstrategiaConcursos\" \/>\n<meta property=\"article:published_time\" content=\"2024-11-15T14:20:00+00:00\" \/>\n<meta property=\"article:modified_time\" content=\"2024-11-15T14:20:32+00:00\" \/>\n<meta property=\"og:image\" content=\"https:\/\/dhg1h5j42swfq.cloudfront.net\/2024\/10\/22163223\/codo-ma.jpg\" \/>\n\t<meta property=\"og:image:width\" content=\"768\" \/>\n\t<meta property=\"og:image:height\" content=\"432\" \/>\n\t<meta property=\"og:image:type\" content=\"image\/jpeg\" \/>\n<meta name=\"author\" content=\"Coordena\u00e7\u00e3o\" \/>\n<meta name=\"twitter:card\" content=\"summary_large_image\" \/>\n<meta name=\"twitter:creator\" content=\"@EstratConcursos\" \/>\n<meta name=\"twitter:site\" content=\"@EstratConcursos\" \/>\n<meta name=\"twitter:label1\" content=\"Escrito por\" \/>\n\t<meta name=\"twitter:data1\" content=\"Coordena\u00e7\u00e3o\" \/>\n\t<meta name=\"twitter:label2\" content=\"Est. tempo de leitura\" \/>\n\t<meta name=\"twitter:data2\" content=\"5 minutos\" \/>\n<script type=\"application\/ld+json\" class=\"yoast-schema-graph\">{\"@context\":\"https:\/\/schema.org\",\"@graph\":[{\"@type\":\"NewsArticle\",\"@id\":\"https:\/\/www.estrategiaconcursos.com.br\/blog\/concurso-prefeitura-codo\/#article\",\"isPartOf\":{\"@id\":\"https:\/\/www.estrategiaconcursos.com.br\/blog\/concurso-prefeitura-codo\/\"},\"author\":{\"name\":\"Coordena\u00e7\u00e3o\",\"@id\":\"https:\/\/www.estrategiaconcursos.com.br\/blog\/#\/schema\/person\/b4a388c97673c5f483d72185668afa1f\"},\"headline\":\"Concurso da Prefeitura de Cod\u00f3 tem editais suspensos!\",\"datePublished\":\"2024-11-15T14:20:00+00:00\",\"dateModified\":\"2024-11-15T14:20:32+00:00\",\"mainEntityOfPage\":{\"@id\":\"https:\/\/www.estrategiaconcursos.com.br\/blog\/concurso-prefeitura-codo\/\"},\"wordCount\":825,\"commentCount\":1,\"publisher\":{\"@id\":\"https:\/\/www.estrategiaconcursos.com.br\/blog\/#organization\"},\"image\":{\"@id\":\"https:\/\/www.estrategiaconcursos.com.br\/blog\/concurso-prefeitura-codo\/#primaryimage\"},\"thumbnailUrl\":\"https:\/\/dhg1h5j42swfq.cloudfront.net\/2024\/10\/22163223\/codo-ma.jpg\",\"articleSection\":[\"Executivo (Administrativa)\"],\"inLanguage\":\"pt-BR\",\"potentialAction\":[{\"@type\":\"CommentAction\",\"name\":\"Comment\",\"target\":[\"https:\/\/www.estrategiaconcursos.com.br\/blog\/concurso-prefeitura-codo\/#respond\"]}],\"copyrightYear\":\"2024\",\"copyrightHolder\":{\"@id\":\"https:\/\/www.estrategiaconcursos.com.br\/blog\/#organization\"}},{\"@type\":\"WebPage\",\"@id\":\"https:\/\/www.estrategiaconcursos.com.br\/blog\/concurso-prefeitura-codo\/\",\"url\":\"https:\/\/www.estrategiaconcursos.com.br\/blog\/concurso-prefeitura-codo\/\",\"name\":\"Concurso da Prefeitura de Cod\u00f3 tem editais suspensos!\",\"isPartOf\":{\"@id\":\"https:\/\/www.estrategiaconcursos.com.br\/blog\/#website\"},\"primaryImageOfPage\":{\"@id\":\"https:\/\/www.estrategiaconcursos.com.br\/blog\/concurso-prefeitura-codo\/#primaryimage\"},\"image\":{\"@id\":\"https:\/\/www.estrategiaconcursos.com.br\/blog\/concurso-prefeitura-codo\/#primaryimage\"},\"thumbnailUrl\":\"https:\/\/dhg1h5j42swfq.cloudfront.net\/2024\/10\/22163223\/codo-ma.jpg\",\"datePublished\":\"2024-11-15T14:20:00+00:00\",\"dateModified\":\"2024-11-15T14:20:32+00:00\",\"description\":\"Concurso Prefeitura de Cod\u00f3: editais ofertam 97 vagas para diversos cargos. Provas do dia 17\/11 s\u00e3o suspensas, bem como os demais editais.\",\"breadcrumb\":{\"@id\":\"https:\/\/www.estrategiaconcursos.com.br\/blog\/concurso-prefeitura-codo\/#breadcrumb\"},\"inLanguage\":\"pt-BR\",\"potentialAction\":[{\"@type\":\"ReadAction\",\"target\":[\"https:\/\/www.estrategiaconcursos.com.br\/blog\/concurso-prefeitura-codo\/\"]}]},{\"@type\":\"ImageObject\",\"inLanguage\":\"pt-BR\",\"@id\":\"https:\/\/www.estrategiaconcursos.com.br\/blog\/concurso-prefeitura-codo\/#primaryimage\",\"url\":\"https:\/\/dhg1h5j42swfq.cloudfront.net\/2024\/10\/22163223\/codo-ma.jpg\",\"contentUrl\":\"https:\/\/dhg1h5j42swfq.cloudfront.net\/2024\/10\/22163223\/codo-ma.jpg\",\"width\":768,\"height\":432},{\"@type\":\"BreadcrumbList\",\"@id\":\"https:\/\/www.estrategiaconcursos.com.br\/blog\/concurso-prefeitura-codo\/#breadcrumb\",\"itemListElement\":[{\"@type\":\"ListItem\",\"position\":1,\"name\":\"In\u00edcio\",\"item\":\"https:\/\/www.estrategiaconcursos.com.br\/blog\/\"},{\"@type\":\"ListItem\",\"position\":2,\"name\":\"Concurso da Prefeitura de Cod\u00f3 tem editais suspensos!\"}]},{\"@type\":\"WebSite\",\"@id\":\"https:\/\/www.estrategiaconcursos.com.br\/blog\/#website\",\"url\":\"https:\/\/www.estrategiaconcursos.com.br\/blog\/\",\"name\":\"Estrat\u00e9gia Concursos\",\"description\":\"O blog da Estrat\u00e9gia Concursos traz not\u00edcias sobre concursos e artigos de professores oferecendo cursos para concursos (pdf + videaulas) no site.\",\"publisher\":{\"@id\":\"https:\/\/www.estrategiaconcursos.com.br\/blog\/#organization\"},\"potentialAction\":[{\"@type\":\"SearchAction\",\"target\":{\"@type\":\"EntryPoint\",\"urlTemplate\":\"https:\/\/www.estrategiaconcursos.com.br\/blog\/?s={search_term_string}\"},\"query-input\":{\"@type\":\"PropertyValueSpecification\",\"valueRequired\":true,\"valueName\":\"search_term_string\"}}],\"inLanguage\":\"pt-BR\"},{\"@type\":\"Organization\",\"@id\":\"https:\/\/www.estrategiaconcursos.com.br\/blog\/#organization\",\"name\":\"Estrat\u00e9gia Concursos\",\"url\":\"https:\/\/www.estrategiaconcursos.com.br\/blog\/\",\"logo\":{\"@type\":\"ImageObject\",\"inLanguage\":\"pt-BR\",\"@id\":\"https:\/\/www.estrategiaconcursos.com.br\/blog\/#\/schema\/logo\/image\/\",\"url\":\"https:\/\/dhg1h5j42swfq.cloudfront.net\/2025\/06\/03203428\/logo_concursos-1.jpg\",\"contentUrl\":\"https:\/\/dhg1h5j42swfq.cloudfront.net\/2025\/06\/03203428\/logo_concursos-1.jpg\",\"width\":230,\"height\":60,\"caption\":\"Estrat\u00e9gia Concursos\"},\"image\":{\"@id\":\"https:\/\/www.estrategiaconcursos.com.br\/blog\/#\/schema\/logo\/image\/\"},\"sameAs\":[\"https:\/\/x.com\/EstratConcursos\"]},{\"@type\":\"Person\",\"@id\":\"https:\/\/www.estrategiaconcursos.com.br\/blog\/#\/schema\/person\/b4a388c97673c5f483d72185668afa1f\",\"name\":\"Coordena\u00e7\u00e3o\",\"image\":{\"@type\":\"ImageObject\",\"inLanguage\":\"pt-BR\",\"@id\":\"https:\/\/secure.gravatar.com\/avatar\/b720319e4c9a967eb58678d110f4fe35452fc5d5f97b202bac7b8acceb18c6ad?s=96&d=mm&r=g\",\"url\":\"https:\/\/secure.gravatar.com\/avatar\/b720319e4c9a967eb58678d110f4fe35452fc5d5f97b202bac7b8acceb18c6ad?s=96&d=mm&r=g\",\"contentUrl\":\"https:\/\/secure.gravatar.com\/avatar\/b720319e4c9a967eb58678d110f4fe35452fc5d5f97b202bac7b8acceb18c6ad?s=96&d=mm&r=g\",\"caption\":\"Coordena\u00e7\u00e3o\"},\"sameAs\":[\"https:\/\/www.facebook.com\/EstrategiaConcursos\",\"https:\/\/x.com\/EstratConcursos\"],\"url\":\"https:\/\/www.estrategiaconcursos.com.br\/blog\/author\/estrategia2013\/\"}]}<\/script>\n<!-- \/ Yoast SEO Premium plugin. -->","yoast_head_json":{"title":"Concurso da Prefeitura de Cod\u00f3 tem editais suspensos!","description":"Concurso Prefeitura de Cod\u00f3: editais ofertam 97 vagas para diversos cargos. Provas do dia 17\/11 s\u00e3o suspensas, bem como os demais editais.","robots":{"index":"index","follow":"follow","max-snippet":"max-snippet:-1","max-image-preview":"max-image-preview:large","max-video-preview":"max-video-preview:-1"},"canonical":"https:\/\/www.estrategiaconcursos.com.br\/blog\/concurso-prefeitura-codo\/","og_locale":"pt_BR","og_type":"article","og_title":"Concurso da Prefeitura de Cod\u00f3 tem editais suspensos!","og_description":"Concurso Prefeitura de Cod\u00f3: editais ofertam 97 vagas para diversos cargos. Provas do dia 17\/11 s\u00e3o suspensas, bem como os demais editais.","og_url":"https:\/\/www.estrategiaconcursos.com.br\/blog\/concurso-prefeitura-codo\/","og_site_name":"Estrat\u00e9gia Concursos","article_author":"https:\/\/www.facebook.com\/EstrategiaConcursos","article_published_time":"2024-11-15T14:20:00+00:00","article_modified_time":"2024-11-15T14:20:32+00:00","og_image":[{"width":768,"height":432,"url":"https:\/\/dhg1h5j42swfq.cloudfront.net\/2024\/10\/22163223\/codo-ma.jpg","type":"image\/jpeg"}],"author":"Coordena\u00e7\u00e3o","twitter_card":"summary_large_image","twitter_creator":"@EstratConcursos","twitter_site":"@EstratConcursos","twitter_misc":{"Escrito por":"Coordena\u00e7\u00e3o","Est. tempo de leitura":"5 minutos"},"schema":{"@context":"https:\/\/schema.org","@graph":[{"@type":"NewsArticle","@id":"https:\/\/www.estrategiaconcursos.com.br\/blog\/concurso-prefeitura-codo\/#article","isPartOf":{"@id":"https:\/\/www.estrategiaconcursos.com.br\/blog\/concurso-prefeitura-codo\/"},"author":{"name":"Coordena\u00e7\u00e3o","@id":"https:\/\/www.estrategiaconcursos.com.br\/blog\/#\/schema\/person\/b4a388c97673c5f483d72185668afa1f"},"headline":"Concurso da Prefeitura de Cod\u00f3 tem editais suspensos!","datePublished":"2024-11-15T14:20:00+00:00","dateModified":"2024-11-15T14:20:32+00:00","mainEntityOfPage":{"@id":"https:\/\/www.estrategiaconcursos.com.br\/blog\/concurso-prefeitura-codo\/"},"wordCount":825,"commentCount":1,"publisher":{"@id":"https:\/\/www.estrategiaconcursos.com.br\/blog\/#organization"},"image":{"@id":"https:\/\/www.estrategiaconcursos.com.br\/blog\/concurso-prefeitura-codo\/#primaryimage"},"thumbnailUrl":"https:\/\/dhg1h5j42swfq.cloudfront.net\/2024\/10\/22163223\/codo-ma.jpg","articleSection":["Executivo (Administrativa)"],"inLanguage":"pt-BR","potentialAction":[{"@type":"CommentAction","name":"Comment","target":["https:\/\/www.estrategiaconcursos.com.br\/blog\/concurso-prefeitura-codo\/#respond"]}],"copyrightYear":"2024","copyrightHolder":{"@id":"https:\/\/www.estrategiaconcursos.com.br\/blog\/#organization"}},{"@type":"WebPage","@id":"https:\/\/www.estrategiaconcursos.com.br\/blog\/concurso-prefeitura-codo\/","url":"https:\/\/www.estrategiaconcursos.com.br\/blog\/concurso-prefeitura-codo\/","name":"Concurso da Prefeitura de Cod\u00f3 tem editais suspensos!","isPartOf":{"@id":"https:\/\/www.estrategiaconcursos.com.br\/blog\/#website"},"primaryImageOfPage":{"@id":"https:\/\/www.estrategiaconcursos.com.br\/blog\/concurso-prefeitura-codo\/#primaryimage"},"image":{"@id":"https:\/\/www.estrategiaconcursos.com.br\/blog\/concurso-prefeitura-codo\/#primaryimage"},"thumbnailUrl":"https:\/\/dhg1h5j42swfq.cloudfront.net\/2024\/10\/22163223\/codo-ma.jpg","datePublished":"2024-11-15T14:20:00+00:00","dateModified":"2024-11-15T14:20:32+00:00","description":"Concurso Prefeitura de Cod\u00f3: editais ofertam 97 vagas para diversos cargos. Provas do dia 17\/11 s\u00e3o suspensas, bem como os demais editais.","breadcrumb":{"@id":"https:\/\/www.estrategiaconcursos.com.br\/blog\/concurso-prefeitura-codo\/#breadcrumb"},"inLanguage":"pt-BR","potentialAction":[{"@type":"ReadAction","target":["https:\/\/www.estrategiaconcursos.com.br\/blog\/concurso-prefeitura-codo\/"]}]},{"@type":"ImageObject","inLanguage":"pt-BR","@id":"https:\/\/www.estrategiaconcursos.com.br\/blog\/concurso-prefeitura-codo\/#primaryimage","url":"https:\/\/dhg1h5j42swfq.cloudfront.net\/2024\/10\/22163223\/codo-ma.jpg","contentUrl":"https:\/\/dhg1h5j42swfq.cloudfront.net\/2024\/10\/22163223\/codo-ma.jpg","width":768,"height":432},{"@type":"BreadcrumbList","@id":"https:\/\/www.estrategiaconcursos.com.br\/blog\/concurso-prefeitura-codo\/#breadcrumb","itemListElement":[{"@type":"ListItem","position":1,"name":"In\u00edcio","item":"https:\/\/www.estrategiaconcursos.com.br\/blog\/"},{"@type":"ListItem","position":2,"name":"Concurso da Prefeitura de Cod\u00f3 tem editais suspensos!"}]},{"@type":"WebSite","@id":"https:\/\/www.estrategiaconcursos.com.br\/blog\/#website","url":"https:\/\/www.estrategiaconcursos.com.br\/blog\/","name":"Estrat\u00e9gia Concursos","description":"O blog da Estrat\u00e9gia Concursos traz not\u00edcias sobre concursos e artigos de professores oferecendo cursos para concursos (pdf + videaulas) no site.","publisher":{"@id":"https:\/\/www.estrategiaconcursos.com.br\/blog\/#organization"},"potentialAction":[{"@type":"SearchAction","target":{"@type":"EntryPoint","urlTemplate":"https:\/\/www.estrategiaconcursos.com.br\/blog\/?s={search_term_string}"},"query-input":{"@type":"PropertyValueSpecification","valueRequired":true,"valueName":"search_term_string"}}],"inLanguage":"pt-BR"},{"@type":"Organization","@id":"https:\/\/www.estrategiaconcursos.com.br\/blog\/#organization","name":"Estrat\u00e9gia Concursos","url":"https:\/\/www.estrategiaconcursos.com.br\/blog\/","logo":{"@type":"ImageObject","inLanguage":"pt-BR","@id":"https:\/\/www.estrategiaconcursos.com.br\/blog\/#\/schema\/logo\/image\/","url":"https:\/\/dhg1h5j42swfq.cloudfront.net\/2025\/06\/03203428\/logo_concursos-1.jpg","contentUrl":"https:\/\/dhg1h5j42swfq.cloudfront.net\/2025\/06\/03203428\/logo_concursos-1.jpg","width":230,"height":60,"caption":"Estrat\u00e9gia Concursos"},"image":{"@id":"https:\/\/www.estrategiaconcursos.com.br\/blog\/#\/schema\/logo\/image\/"},"sameAs":["https:\/\/x.com\/EstratConcursos"]},{"@type":"Person","@id":"https:\/\/www.estrategiaconcursos.com.br\/blog\/#\/schema\/person\/b4a388c97673c5f483d72185668afa1f","name":"Coordena\u00e7\u00e3o","image":{"@type":"ImageObject","inLanguage":"pt-BR","@id":"https:\/\/secure.gravatar.com\/avatar\/b720319e4c9a967eb58678d110f4fe35452fc5d5f97b202bac7b8acceb18c6ad?s=96&d=mm&r=g","url":"https:\/\/secure.gravatar.com\/avatar\/b720319e4c9a967eb58678d110f4fe35452fc5d5f97b202bac7b8acceb18c6ad?s=96&d=mm&r=g","contentUrl":"https:\/\/secure.gravatar.com\/avatar\/b720319e4c9a967eb58678d110f4fe35452fc5d5f97b202bac7b8acceb18c6ad?s=96&d=mm&r=g","caption":"Coordena\u00e7\u00e3o"},"sameAs":["https:\/\/www.facebook.com\/EstrategiaConcursos","https:\/\/x.com\/EstratConcursos"],"url":"https:\/\/www.estrategiaconcursos.com.br\/blog\/author\/estrategia2013\/"}]}},"_links":{"self":[{"href":"https:\/\/www.estrategiaconcursos.com.br\/blog\/wp-json\/wp\/v2\/posts\/520267","targetHints":{"allow":["GET"]}}],"collection":[{"href":"https:\/\/www.estrategiaconcursos.com.br\/blog\/wp-json\/wp\/v2\/posts"}],"about":[{"href":"https:\/\/www.estrategiaconcursos.com.br\/blog\/wp-json\/wp\/v2\/types\/post"}],"author":[{"embeddable":true,"href":"https:\/\/www.estrategiaconcursos.com.br\/blog\/wp-json\/wp\/v2\/users\/1"}],"replies":[{"embeddable":true,"href":"https:\/\/www.estrategiaconcursos.com.br\/blog\/wp-json\/wp\/v2\/comments?post=520267"}],"version-history":[{"count":55,"href":"https:\/\/www.estrategiaconcursos.com.br\/blog\/wp-json\/wp\/v2\/posts\/520267\/revisions"}],"predecessor-version":[{"id":1490669,"href":"https:\/\/www.estrategiaconcursos.com.br\/blog\/wp-json\/wp\/v2\/posts\/520267\/revisions\/1490669"}],"wp:featuredmedia":[{"embeddable":true,"href":"https:\/\/www.estrategiaconcursos.com.br\/blog\/wp-json\/wp\/v2\/media\/1480374"}],"wp:attachment":[{"href":"https:\/\/www.estrategiaconcursos.com.br\/blog\/wp-json\/wp\/v2\/media?parent=520267"}],"wp:term":[{"taxonomy":"category","embeddable":true,"href":"https:\/\/www.estrategiaconcursos.com.br\/blog\/wp-json\/wp\/v2\/categories?post=520267"},{"taxonomy":"post_tag","embeddable":true,"href":"https:\/\/www.estrategiaconcursos.com.br\/blog\/wp-json\/wp\/v2\/tags?post=520267"},{"taxonomy":"tax_estado","embeddable":true,"href":"https:\/\/www.estrategiaconcursos.com.br\/blog\/wp-json\/wp\/v2\/tax_estado?post=520267"}],"curies":[{"name":"wp","href":"https:\/\/api.w.org\/{rel}","templated":true}]}}