{"id":518893,"date":"2020-05-26T11:10:26","date_gmt":"2020-05-26T14:10:26","guid":{"rendered":"https:\/\/www.estrategiaconcursos.com.br\/blog\/?p=518893"},"modified":"2020-05-26T11:10:27","modified_gmt":"2020-05-26T14:10:27","slug":"ses-ms-abre-selecao-para-a-area-da-saude-31-vagas","status":"publish","type":"post","link":"https:\/\/www.estrategiaconcursos.com.br\/blog\/ses-ms-abre-selecao-para-a-area-da-saude-31-vagas\/","title":{"rendered":"SES MS abre sele\u00e7\u00e3o para a \u00e1rea da sa\u00fade; 31 vagas"},"content":{"rendered":"\n<p>A Secretaria de Estado de Sa\u00fade do Mato Grosso do Sul (SES MS) publicou edital de um novo processo seletivo, com oportunidades tempor\u00e1rias para diversas especialidades na \u00e1rea da sa\u00fade, de n\u00edvel superior.  <\/p>\n\n\n\n<p>A sele\u00e7\u00e3o visa ampliar os esfor\u00e7os do estado no combate \u00e0 Covid-19 (novo Coronav\u00edrus), e os profissionais selecionados ser\u00e3o lotados nas unidades hospitalares do estado. <\/p>\n\n\n\n<h2 class=\"wp-block-heading\">Cargos, vagas e remunera\u00e7\u00f5es<\/h2>\n\n\n\n<ul class=\"wp-block-list\"><li>Assistente Social &#8211; 1 vaga &#8211; R$ 3.412,14 (40h)<\/li><li>Bi\u00f3logo &#8211; 2 vagas &#8211; R$ 3.412,14 (40h)<\/li><li>Bi\u00f3logo (Entomologia) &#8211; 1 vaga &#8211; R$ 3.412,14 (40h)<\/li><li>Enfermeiro &#8211; 12 vagas &#8211; R$ 3.542,14 (40h)<\/li><li>Epidemiologista &#8211; 3 vagas &#8211; R$ 3.412,14 (40h)<\/li><li>Farmac\u00eautico Bioqu\u00edmico &#8211; 7 vagas &#8211; R$ 3.412,14 (40h)<\/li><li>Fisioterapeuta &#8211; 1 vaga &#8211; R$ 3.412,14 (40h)<\/li><li>M\u00e9dico (Cl\u00ednica M\u00e9dica) &#8211; 2 vagas &#8211; R$ 6.639,23 (40h)<\/li><li>M\u00e9dico Veterin\u00e1rio &#8211; 1 vaga &#8211; R$ 3.412,14 (40h)<\/li><li>Psic\u00f3logo &#8211; 1 vaga &#8211; R$ 3.412,14 (40h)<\/li><\/ul>\n\n\n\n<p>O prazo de validade do Processo Seletivo Simplificado \u2013 SAD\/SES\/VS-NS\/2020 ser\u00e1 de 1 (um) ano, contado a partir da data da publica\u00e7\u00e3o do respectivo ato de homologa\u00e7\u00e3o no Di\u00e1rio Oficial Eletr\u00f4nico, podendo ser prorrogado<br \/>uma vez, por igual per\u00edodo.<\/p>\n\n\n\n<p>Os interessados no processo seletivo, que ser\u00e1 realizado por meio de an\u00e1lise curricular e t\u00edtulos, dever\u00e3o se inscrever por meio do endere\u00e7o eletr\u00f4nico <strong>pss.vigilancia@concurso.ms.gov.br<\/strong> at\u00e9 o dia 27 de maio. <\/p>\n\n\n\n<p>Para mais informa\u00e7\u00f5es, baixe o edital abaixo:<\/p>\n\n\n\n<p style=\"font-size:22px\" class=\"has-background has-text-align-center has-very-light-gray-background-color\"><strong><a href=\"https:\/\/dhg1h5j42swfq.cloudfront.net\/2020\/05\/26110820\/DO10180_25_05_2020-1.pdf\" target=\"_blank\" rel=\"noreferrer noopener\">Edital SES MS<\/a><\/strong><\/p>\n\n\n\n<h2 class=\"has-text-align-center wp-block-heading\"><strong><a href=\"https:\/\/www.estrategiaconcursos.com.br\/sistema-de-questoes#\/\" target=\"_blank\" rel=\"noreferrer noopener\">O l\u00edder em aprova\u00e7\u00f5es lan\u00e7ou o maior sistema de quest\u00f5es<\/a><\/strong><\/h2>\n\n\n\n<p class=\"has-text-align-center\">Estrat\u00e9gia Quest\u00f5es nasceu maior do que todos os concorrentes, com mais quest\u00f5es cadastradas e mais solu\u00e7\u00f5es por professores.<\/p>\n\n\n\n<p class=\"has-text-align-center\"><strong>Clique no banner e aproveite os descontos e b\u00f4nus imperd\u00edveis!<\/strong><\/p>\n\n\n\n<figure class=\"wp-block-image\"><a href=\"https:\/\/www.estrategiaconcursos.com.br\/sistema-de-questoes#\/\"><img decoding=\"async\" src=\"https:\/\/dhg1h5j42swfq.cloudfront.net\/2020\/05\/18151846\/Captura-de-Tela-2020-05-18-a%CC%80s-15.11.25-1024x211.png\" alt=\"\" class=\"wp-image-516143\"\/><\/a><\/figure>\n\n\n\n<p class=\"has-text-align-center\"><em><strong>Assinatura Anual Ilimitada*<\/strong><\/em><\/p>\n\n\n\n<p class=\"has-text-align-center\"><em>Prepare-se com o melhor material e com quem mais aprova em Concursos P\u00fablicos em todo o pa\u00eds. Assine agora a nossa Assinatura Anual e tenha acesso ilimitado* a todos os nossos cursos.<\/em><\/p>\n\n\n\n<p class=\"has-background has-text-align-center has-light-green-cyan-background-color\"><strong>ASSINE AGORA<\/strong>&nbsp;\u2013&nbsp;<a href=\"https:\/\/www.estrategiaconcursos.com.br\/assinaturas\/\" target=\"_blank\" rel=\"noreferrer noopener\"><strong>Assinatura Ilimitada<\/strong><\/a><\/p>\n\n\n\n<p class=\"has-background has-text-align-center has-pale-cyan-blue-background-color\"><strong><a href=\"https:\/\/www.estrategiaconcursos.com.br\/blog\/concursos-abertos\/\">CONCURSOS ABERTOS<\/a><\/strong><\/p>\n\n\n\n<p class=\"has-background has-text-align-center has-pale-cyan-blue-background-color\"><a href=\"https:\/\/www.estrategiaconcursos.com.br\/blog\/concursos-2020\/\"><strong>CONCURSOS<\/strong><\/a><strong><a href=\"https:\/\/www.estrategiaconcursos.com.br\/blog\/concursos-2020\/\">&nbsp;2020<\/a><\/strong><\/p>\n","protected":false},"excerpt":{"rendered":"<p>A Secretaria de Estado de Sa\u00fade do Mato Grosso do Sul (SES MS) publicou edital de um novo processo seletivo, com oportunidades tempor\u00e1rias para diversas especialidades na \u00e1rea da sa\u00fade, de n\u00edvel superior. A sele\u00e7\u00e3o visa ampliar os esfor\u00e7os do estado no combate \u00e0 Covid-19 (novo Coronav\u00edrus), e os profissionais selecionados ser\u00e3o lotados nas unidades [&hellip;]<\/p>\n","protected":false},"author":561,"featured_media":0,"comment_status":"open","ping_status":"closed","sticky":false,"template":"","format":"standard","meta":{"post_tipo":"article","footnotes":""},"categories":[1],"tags":[],"tax_estado":[],"class_list":["post-518893","post","type-post","status-publish","format-standard","hentry","category-cursos-e-concursos"],"acf":[],"yoast_head":"<!-- This site is optimized with the Yoast SEO Premium plugin v27.2 (Yoast SEO v27.2) - https:\/\/yoast.com\/product\/yoast-seo-premium-wordpress\/ -->\n<title>SES MS abre sele\u00e7\u00e3o para a \u00e1rea da sa\u00fade; 31 vagas<\/title>\n<meta name=\"robots\" content=\"index, follow, max-snippet:-1, max-image-preview:large, max-video-preview:-1\" \/>\n<link rel=\"canonical\" href=\"https:\/\/www.estrategiaconcursos.com.br\/blog\/ses-ms-abre-selecao-para-a-area-da-saude-31-vagas\/\" \/>\n<meta property=\"og:locale\" content=\"pt_BR\" \/>\n<meta property=\"og:type\" content=\"article\" \/>\n<meta property=\"og:title\" content=\"SES MS abre sele\u00e7\u00e3o para a \u00e1rea da sa\u00fade; 31 vagas\" \/>\n<meta property=\"og:description\" content=\"A Secretaria de Estado de Sa\u00fade do Mato Grosso do Sul (SES MS) publicou edital de um novo processo seletivo, com oportunidades tempor\u00e1rias para diversas especialidades na \u00e1rea da sa\u00fade, de n\u00edvel superior. A sele\u00e7\u00e3o visa ampliar os esfor\u00e7os do estado no combate \u00e0 Covid-19 (novo Coronav\u00edrus), e os profissionais selecionados ser\u00e3o lotados nas unidades [&hellip;]\" \/>\n<meta property=\"og:url\" content=\"https:\/\/www.estrategiaconcursos.com.br\/blog\/ses-ms-abre-selecao-para-a-area-da-saude-31-vagas\/\" \/>\n<meta property=\"og:site_name\" content=\"Estrat\u00e9gia Concursos\" \/>\n<meta property=\"article:published_time\" content=\"2020-05-26T14:10:26+00:00\" \/>\n<meta property=\"article:modified_time\" content=\"2020-05-26T14:10:27+00:00\" \/>\n<meta name=\"author\" content=\"Ligia Carvalheiro Fernandes\" \/>\n<meta name=\"twitter:card\" content=\"summary_large_image\" \/>\n<meta name=\"twitter:creator\" content=\"@EstratConcursos\" \/>\n<meta name=\"twitter:site\" content=\"@EstratConcursos\" \/>\n<meta name=\"twitter:label1\" content=\"Escrito por\" \/>\n\t<meta name=\"twitter:data1\" content=\"Ligia Carvalheiro Fernandes\" \/>\n\t<meta name=\"twitter:label2\" content=\"Est. tempo de leitura\" \/>\n\t<meta name=\"twitter:data2\" content=\"2 minutos\" \/>\n<script type=\"application\/ld+json\" class=\"yoast-schema-graph\">{\"@context\":\"https:\/\/schema.org\",\"@graph\":[{\"@type\":\"NewsArticle\",\"@id\":\"https:\/\/www.estrategiaconcursos.com.br\/blog\/ses-ms-abre-selecao-para-a-area-da-saude-31-vagas\/#article\",\"isPartOf\":{\"@id\":\"https:\/\/www.estrategiaconcursos.com.br\/blog\/ses-ms-abre-selecao-para-a-area-da-saude-31-vagas\/\"},\"author\":{\"name\":\"Ligia Carvalheiro Fernandes\",\"@id\":\"https:\/\/www.estrategiaconcursos.com.br\/blog\/#\/schema\/person\/cc76e9dac392d5e35e7d00c493eee792\"},\"headline\":\"SES MS abre sele\u00e7\u00e3o para a \u00e1rea da sa\u00fade; 31 vagas\",\"datePublished\":\"2020-05-26T14:10:26+00:00\",\"dateModified\":\"2020-05-26T14:10:27+00:00\",\"mainEntityOfPage\":{\"@id\":\"https:\/\/www.estrategiaconcursos.com.br\/blog\/ses-ms-abre-selecao-para-a-area-da-saude-31-vagas\/\"},\"wordCount\":346,\"commentCount\":0,\"publisher\":{\"@id\":\"https:\/\/www.estrategiaconcursos.com.br\/blog\/#organization\"},\"articleSection\":[\"Concursos P\u00fablicos\"],\"inLanguage\":\"pt-BR\",\"potentialAction\":[{\"@type\":\"CommentAction\",\"name\":\"Comment\",\"target\":[\"https:\/\/www.estrategiaconcursos.com.br\/blog\/ses-ms-abre-selecao-para-a-area-da-saude-31-vagas\/#respond\"]}],\"copyrightYear\":\"2020\",\"copyrightHolder\":{\"@id\":\"https:\/\/www.estrategiaconcursos.com.br\/blog\/#organization\"}},{\"@type\":\"WebPage\",\"@id\":\"https:\/\/www.estrategiaconcursos.com.br\/blog\/ses-ms-abre-selecao-para-a-area-da-saude-31-vagas\/\",\"url\":\"https:\/\/www.estrategiaconcursos.com.br\/blog\/ses-ms-abre-selecao-para-a-area-da-saude-31-vagas\/\",\"name\":\"SES MS abre sele\u00e7\u00e3o para a \u00e1rea da sa\u00fade; 31 vagas\",\"isPartOf\":{\"@id\":\"https:\/\/www.estrategiaconcursos.com.br\/blog\/#website\"},\"datePublished\":\"2020-05-26T14:10:26+00:00\",\"dateModified\":\"2020-05-26T14:10:27+00:00\",\"breadcrumb\":{\"@id\":\"https:\/\/www.estrategiaconcursos.com.br\/blog\/ses-ms-abre-selecao-para-a-area-da-saude-31-vagas\/#breadcrumb\"},\"inLanguage\":\"pt-BR\",\"potentialAction\":[{\"@type\":\"ReadAction\",\"target\":[\"https:\/\/www.estrategiaconcursos.com.br\/blog\/ses-ms-abre-selecao-para-a-area-da-saude-31-vagas\/\"]}]},{\"@type\":\"BreadcrumbList\",\"@id\":\"https:\/\/www.estrategiaconcursos.com.br\/blog\/ses-ms-abre-selecao-para-a-area-da-saude-31-vagas\/#breadcrumb\",\"itemListElement\":[{\"@type\":\"ListItem\",\"position\":1,\"name\":\"In\u00edcio\",\"item\":\"https:\/\/www.estrategiaconcursos.com.br\/blog\/\"},{\"@type\":\"ListItem\",\"position\":2,\"name\":\"SES MS abre sele\u00e7\u00e3o para a \u00e1rea da sa\u00fade; 31 vagas\"}]},{\"@type\":\"WebSite\",\"@id\":\"https:\/\/www.estrategiaconcursos.com.br\/blog\/#website\",\"url\":\"https:\/\/www.estrategiaconcursos.com.br\/blog\/\",\"name\":\"Estrat\u00e9gia Concursos\",\"description\":\"O blog da Estrat\u00e9gia Concursos traz not\u00edcias sobre concursos e artigos de professores oferecendo cursos para concursos (pdf + videaulas) no site.\",\"publisher\":{\"@id\":\"https:\/\/www.estrategiaconcursos.com.br\/blog\/#organization\"},\"potentialAction\":[{\"@type\":\"SearchAction\",\"target\":{\"@type\":\"EntryPoint\",\"urlTemplate\":\"https:\/\/www.estrategiaconcursos.com.br\/blog\/?s={search_term_string}\"},\"query-input\":{\"@type\":\"PropertyValueSpecification\",\"valueRequired\":true,\"valueName\":\"search_term_string\"}}],\"inLanguage\":\"pt-BR\"},{\"@type\":\"Organization\",\"@id\":\"https:\/\/www.estrategiaconcursos.com.br\/blog\/#organization\",\"name\":\"Estrat\u00e9gia Concursos\",\"url\":\"https:\/\/www.estrategiaconcursos.com.br\/blog\/\",\"logo\":{\"@type\":\"ImageObject\",\"inLanguage\":\"pt-BR\",\"@id\":\"https:\/\/www.estrategiaconcursos.com.br\/blog\/#\/schema\/logo\/image\/\",\"url\":\"https:\/\/dhg1h5j42swfq.cloudfront.net\/2025\/06\/03203428\/logo_concursos-1.jpg\",\"contentUrl\":\"https:\/\/dhg1h5j42swfq.cloudfront.net\/2025\/06\/03203428\/logo_concursos-1.jpg\",\"width\":230,\"height\":60,\"caption\":\"Estrat\u00e9gia Concursos\"},\"image\":{\"@id\":\"https:\/\/www.estrategiaconcursos.com.br\/blog\/#\/schema\/logo\/image\/\"},\"sameAs\":[\"https:\/\/x.com\/EstratConcursos\"]},{\"@type\":\"Person\",\"@id\":\"https:\/\/www.estrategiaconcursos.com.br\/blog\/#\/schema\/person\/cc76e9dac392d5e35e7d00c493eee792\",\"name\":\"Ligia Carvalheiro Fernandes\",\"image\":{\"@type\":\"ImageObject\",\"inLanguage\":\"pt-BR\",\"@id\":\"https:\/\/secure.gravatar.com\/avatar\/26e4636c44dabc043eaf634f767ecd1d80505b210d3981d4ebd176a3f373e3ec?s=96&d=mm&r=g\",\"url\":\"https:\/\/secure.gravatar.com\/avatar\/26e4636c44dabc043eaf634f767ecd1d80505b210d3981d4ebd176a3f373e3ec?s=96&d=mm&r=g\",\"contentUrl\":\"https:\/\/secure.gravatar.com\/avatar\/26e4636c44dabc043eaf634f767ecd1d80505b210d3981d4ebd176a3f373e3ec?s=96&d=mm&r=g\",\"caption\":\"Ligia Carvalheiro Fernandes\"},\"url\":\"https:\/\/www.estrategiaconcursos.com.br\/blog\/author\/licarfegmail-com\/\"}]}<\/script>\n<!-- \/ Yoast SEO Premium plugin. -->","yoast_head_json":{"title":"SES MS abre sele\u00e7\u00e3o para a \u00e1rea da sa\u00fade; 31 vagas","robots":{"index":"index","follow":"follow","max-snippet":"max-snippet:-1","max-image-preview":"max-image-preview:large","max-video-preview":"max-video-preview:-1"},"canonical":"https:\/\/www.estrategiaconcursos.com.br\/blog\/ses-ms-abre-selecao-para-a-area-da-saude-31-vagas\/","og_locale":"pt_BR","og_type":"article","og_title":"SES MS abre sele\u00e7\u00e3o para a \u00e1rea da sa\u00fade; 31 vagas","og_description":"A Secretaria de Estado de Sa\u00fade do Mato Grosso do Sul (SES MS) publicou edital de um novo processo seletivo, com oportunidades tempor\u00e1rias para diversas especialidades na \u00e1rea da sa\u00fade, de n\u00edvel superior. A sele\u00e7\u00e3o visa ampliar os esfor\u00e7os do estado no combate \u00e0 Covid-19 (novo Coronav\u00edrus), e os profissionais selecionados ser\u00e3o lotados nas unidades [&hellip;]","og_url":"https:\/\/www.estrategiaconcursos.com.br\/blog\/ses-ms-abre-selecao-para-a-area-da-saude-31-vagas\/","og_site_name":"Estrat\u00e9gia Concursos","article_published_time":"2020-05-26T14:10:26+00:00","article_modified_time":"2020-05-26T14:10:27+00:00","author":"Ligia Carvalheiro Fernandes","twitter_card":"summary_large_image","twitter_creator":"@EstratConcursos","twitter_site":"@EstratConcursos","twitter_misc":{"Escrito por":"Ligia Carvalheiro Fernandes","Est. tempo de leitura":"2 minutos"},"schema":{"@context":"https:\/\/schema.org","@graph":[{"@type":"NewsArticle","@id":"https:\/\/www.estrategiaconcursos.com.br\/blog\/ses-ms-abre-selecao-para-a-area-da-saude-31-vagas\/#article","isPartOf":{"@id":"https:\/\/www.estrategiaconcursos.com.br\/blog\/ses-ms-abre-selecao-para-a-area-da-saude-31-vagas\/"},"author":{"name":"Ligia Carvalheiro Fernandes","@id":"https:\/\/www.estrategiaconcursos.com.br\/blog\/#\/schema\/person\/cc76e9dac392d5e35e7d00c493eee792"},"headline":"SES MS abre sele\u00e7\u00e3o para a \u00e1rea da sa\u00fade; 31 vagas","datePublished":"2020-05-26T14:10:26+00:00","dateModified":"2020-05-26T14:10:27+00:00","mainEntityOfPage":{"@id":"https:\/\/www.estrategiaconcursos.com.br\/blog\/ses-ms-abre-selecao-para-a-area-da-saude-31-vagas\/"},"wordCount":346,"commentCount":0,"publisher":{"@id":"https:\/\/www.estrategiaconcursos.com.br\/blog\/#organization"},"articleSection":["Concursos P\u00fablicos"],"inLanguage":"pt-BR","potentialAction":[{"@type":"CommentAction","name":"Comment","target":["https:\/\/www.estrategiaconcursos.com.br\/blog\/ses-ms-abre-selecao-para-a-area-da-saude-31-vagas\/#respond"]}],"copyrightYear":"2020","copyrightHolder":{"@id":"https:\/\/www.estrategiaconcursos.com.br\/blog\/#organization"}},{"@type":"WebPage","@id":"https:\/\/www.estrategiaconcursos.com.br\/blog\/ses-ms-abre-selecao-para-a-area-da-saude-31-vagas\/","url":"https:\/\/www.estrategiaconcursos.com.br\/blog\/ses-ms-abre-selecao-para-a-area-da-saude-31-vagas\/","name":"SES MS abre sele\u00e7\u00e3o para a \u00e1rea da sa\u00fade; 31 vagas","isPartOf":{"@id":"https:\/\/www.estrategiaconcursos.com.br\/blog\/#website"},"datePublished":"2020-05-26T14:10:26+00:00","dateModified":"2020-05-26T14:10:27+00:00","breadcrumb":{"@id":"https:\/\/www.estrategiaconcursos.com.br\/blog\/ses-ms-abre-selecao-para-a-area-da-saude-31-vagas\/#breadcrumb"},"inLanguage":"pt-BR","potentialAction":[{"@type":"ReadAction","target":["https:\/\/www.estrategiaconcursos.com.br\/blog\/ses-ms-abre-selecao-para-a-area-da-saude-31-vagas\/"]}]},{"@type":"BreadcrumbList","@id":"https:\/\/www.estrategiaconcursos.com.br\/blog\/ses-ms-abre-selecao-para-a-area-da-saude-31-vagas\/#breadcrumb","itemListElement":[{"@type":"ListItem","position":1,"name":"In\u00edcio","item":"https:\/\/www.estrategiaconcursos.com.br\/blog\/"},{"@type":"ListItem","position":2,"name":"SES MS abre sele\u00e7\u00e3o para a \u00e1rea da sa\u00fade; 31 vagas"}]},{"@type":"WebSite","@id":"https:\/\/www.estrategiaconcursos.com.br\/blog\/#website","url":"https:\/\/www.estrategiaconcursos.com.br\/blog\/","name":"Estrat\u00e9gia Concursos","description":"O blog da Estrat\u00e9gia Concursos traz not\u00edcias sobre concursos e artigos de professores oferecendo cursos para concursos (pdf + videaulas) no site.","publisher":{"@id":"https:\/\/www.estrategiaconcursos.com.br\/blog\/#organization"},"potentialAction":[{"@type":"SearchAction","target":{"@type":"EntryPoint","urlTemplate":"https:\/\/www.estrategiaconcursos.com.br\/blog\/?s={search_term_string}"},"query-input":{"@type":"PropertyValueSpecification","valueRequired":true,"valueName":"search_term_string"}}],"inLanguage":"pt-BR"},{"@type":"Organization","@id":"https:\/\/www.estrategiaconcursos.com.br\/blog\/#organization","name":"Estrat\u00e9gia Concursos","url":"https:\/\/www.estrategiaconcursos.com.br\/blog\/","logo":{"@type":"ImageObject","inLanguage":"pt-BR","@id":"https:\/\/www.estrategiaconcursos.com.br\/blog\/#\/schema\/logo\/image\/","url":"https:\/\/dhg1h5j42swfq.cloudfront.net\/2025\/06\/03203428\/logo_concursos-1.jpg","contentUrl":"https:\/\/dhg1h5j42swfq.cloudfront.net\/2025\/06\/03203428\/logo_concursos-1.jpg","width":230,"height":60,"caption":"Estrat\u00e9gia Concursos"},"image":{"@id":"https:\/\/www.estrategiaconcursos.com.br\/blog\/#\/schema\/logo\/image\/"},"sameAs":["https:\/\/x.com\/EstratConcursos"]},{"@type":"Person","@id":"https:\/\/www.estrategiaconcursos.com.br\/blog\/#\/schema\/person\/cc76e9dac392d5e35e7d00c493eee792","name":"Ligia Carvalheiro Fernandes","image":{"@type":"ImageObject","inLanguage":"pt-BR","@id":"https:\/\/secure.gravatar.com\/avatar\/26e4636c44dabc043eaf634f767ecd1d80505b210d3981d4ebd176a3f373e3ec?s=96&d=mm&r=g","url":"https:\/\/secure.gravatar.com\/avatar\/26e4636c44dabc043eaf634f767ecd1d80505b210d3981d4ebd176a3f373e3ec?s=96&d=mm&r=g","contentUrl":"https:\/\/secure.gravatar.com\/avatar\/26e4636c44dabc043eaf634f767ecd1d80505b210d3981d4ebd176a3f373e3ec?s=96&d=mm&r=g","caption":"Ligia Carvalheiro Fernandes"},"url":"https:\/\/www.estrategiaconcursos.com.br\/blog\/author\/licarfegmail-com\/"}]}},"_links":{"self":[{"href":"https:\/\/www.estrategiaconcursos.com.br\/blog\/wp-json\/wp\/v2\/posts\/518893","targetHints":{"allow":["GET"]}}],"collection":[{"href":"https:\/\/www.estrategiaconcursos.com.br\/blog\/wp-json\/wp\/v2\/posts"}],"about":[{"href":"https:\/\/www.estrategiaconcursos.com.br\/blog\/wp-json\/wp\/v2\/types\/post"}],"author":[{"embeddable":true,"href":"https:\/\/www.estrategiaconcursos.com.br\/blog\/wp-json\/wp\/v2\/users\/561"}],"replies":[{"embeddable":true,"href":"https:\/\/www.estrategiaconcursos.com.br\/blog\/wp-json\/wp\/v2\/comments?post=518893"}],"version-history":[{"count":1,"href":"https:\/\/www.estrategiaconcursos.com.br\/blog\/wp-json\/wp\/v2\/posts\/518893\/revisions"}],"predecessor-version":[{"id":518916,"href":"https:\/\/www.estrategiaconcursos.com.br\/blog\/wp-json\/wp\/v2\/posts\/518893\/revisions\/518916"}],"wp:attachment":[{"href":"https:\/\/www.estrategiaconcursos.com.br\/blog\/wp-json\/wp\/v2\/media?parent=518893"}],"wp:term":[{"taxonomy":"category","embeddable":true,"href":"https:\/\/www.estrategiaconcursos.com.br\/blog\/wp-json\/wp\/v2\/categories?post=518893"},{"taxonomy":"post_tag","embeddable":true,"href":"https:\/\/www.estrategiaconcursos.com.br\/blog\/wp-json\/wp\/v2\/tags?post=518893"},{"taxonomy":"tax_estado","embeddable":true,"href":"https:\/\/www.estrategiaconcursos.com.br\/blog\/wp-json\/wp\/v2\/tax_estado?post=518893"}],"curies":[{"name":"wp","href":"https:\/\/api.w.org\/{rel}","templated":true}]}}