{"id":518862,"date":"2020-05-26T10:38:05","date_gmt":"2020-05-26T13:38:05","guid":{"rendered":"https:\/\/www.estrategiaconcursos.com.br\/blog\/?p=518862"},"modified":"2020-05-26T10:38:07","modified_gmt":"2020-05-26T13:38:07","slug":"ministerio-da-saude-ira-contratar-5-158","status":"publish","type":"post","link":"https:\/\/www.estrategiaconcursos.com.br\/blog\/ministerio-da-saude-ira-contratar-5-158\/","title":{"rendered":"Minist\u00e9rio da Sa\u00fade ir\u00e1 contratar  5.158 profissionais da sa\u00fade"},"content":{"rendered":"\n<p>O Minist\u00e9rio da Sa\u00fade obteve autoriza\u00e7\u00e3o para contratar <strong>5.158 profissionais <\/strong>de sa\u00fade de forma tempor\u00e1ria para hospitais em todo o Brasil.<\/p>\n\n\n\n<p>O val do Minist\u00e9rio da Economia foi publicado no Di\u00e1rio Oficial da Uni\u00e3o nesta ter\u00e7a-feira, 26 de maio.<\/p>\n\n\n\n<p>Os profissionais contratados ir\u00e3o atuar em diversas cidades em enfrentamento ao novo Coronav\u00edrus (COVID-19). O contrato ter\u00e1 validade de at\u00e9 6 meses.<\/p>\n\n\n\n<p>O Minist\u00e9rio da Sa\u00fade definir\u00e1 a remunera\u00e7\u00e3o dos profissionais a serem contratados e a distribui\u00e7\u00e3o do quantitativo m\u00e1ximo de profissionais.<\/p>\n\n\n\n<p>Confira abaixo a tabela com a distribui\u00e7\u00e3o de vagas por cargos:<\/p>\n\n\n\n<figure class=\"wp-block-table\"><table class=\"has-subtle-pale-pink-background-color has-fixed-layout has-background\"><tbody><tr><td><strong>Escolaridade<\/strong><\/td><td><strong>Fun\u00e7\u00e3o<\/strong><\/td><td><strong>Vagas<\/strong><\/td><\/tr><tr><td>N\u00edvel Superior<\/td><td>M\u00e9dico Intensivista<\/td><td>192<\/td><\/tr><tr><td>N\u00edvel Superior<\/td><td>Enfermeiro Intensivista<\/td><td>100<\/td><\/tr><tr><td>N\u00edvel Superior<\/td><td>Fisioterapeuta Intensivista<\/td><td>60<\/td><\/tr><tr><td>N\u00edvel Superior<\/td><td>M\u00e9dico (Unidade aberta)<\/td><td>606<\/td><\/tr><tr><td>N\u00edvel Superior<\/td><td>M\u00e9dico (UBS)<\/td><td>18<\/td><\/tr><tr><td>N\u00edvel Superior<\/td><td>Enfermeiro (Unidade aberta)<\/td><td>698<\/td><\/tr><tr><td>N\u00edvel Superior<\/td><td>Fisioterapeuta (Unidade aberta)<\/td><td>684<\/td><\/tr><tr><td>N\u00edvel T\u00e9cnico<\/td><td>T\u00e9cnico de Enfermagem (Unidade aberta)<\/td><td>2.259<\/td><\/tr><tr><td>N\u00edvel T\u00e9cnico<\/td><td>T\u00e9cnico em Laborat\u00f3rio (Unidade aberta)<\/td><td>101<\/td><\/tr><tr><td>N\u00edvel Superior<\/td><td>Farmac\u00eautico (Unidade aberta)<\/td><td>102<\/td><\/tr><tr><td>N\u00edvel Superior<\/td><td>Nutricionista (Unidade aberta)<\/td><td>57<\/td><\/tr><tr><td>N\u00edvel Superior<\/td><td>Biom\u00e9dico (Unidade aberta)<\/td><td>61<\/td><\/tr><tr><td>N\u00edvel Superior<\/td><td>Fonoaudi\u00f3logo (Unidade aberta)<\/td><td>120<\/td><\/tr><tr><td>N\u00edvel Superior<\/td><td>Psic\u00f3logo (Unidade aberta)<\/td><td>100<\/td><\/tr><tr><td><strong>TOTAL<\/strong><\/td><td><strong>5.158<\/strong><\/td><\/tr><\/tbody><\/table><\/figure>\n\n\n\n<h4 class=\"has-text-align-center wp-block-heading\" id=\"assinatura\"><em><strong>Assinatura Anual Ilimitada*<\/strong><\/em><\/h4>\n\n\n\n<p class=\"has-text-align-center\"><em>Prepare-se com o melhor material e com quem mais aprova em Concursos P\u00fablicos em todo o pa\u00eds. Assine agora a nossa Assinatura Anual e tenha acesso ilimitado* a todos os nossos cursos.<\/em><\/p>\n\n\n\n<p class=\"has-background has-text-align-center has-light-green-cyan-background-color\"><strong>ASSINE AGORA<\/strong>&nbsp;\u2013&nbsp;<a rel=\"noreferrer noopener\" href=\"https:\/\/www.estrategiaconcursos.com.br\/assinaturas\" target=\"_blank\">Assinatura Ilimitada<\/a><\/p>\n\n\n\n<p class=\"has-background has-text-align-center has-pale-cyan-blue-background-color\"><strong><a href=\"https:\/\/www.estrategiaconcursos.com.br\/blog\/concursos-abertos\/\">CONCURSOS ABERTOS<\/a><\/strong><\/p>\n\n\n\n<p class=\"has-background has-text-align-center has-pale-cyan-blue-background-color\"><a href=\"https:\/\/www.estrategiaconcursos.com.br\/blog\/concursos-2020\/\"><strong>CONCURSOS<\/strong><\/a><strong><a href=\"https:\/\/www.estrategiaconcursos.com.br\/blog\/concursos-2020\/\">&nbsp;2020<\/a><\/strong><\/p>\n","protected":false},"excerpt":{"rendered":"<p>O Minist\u00e9rio da Sa\u00fade obteve autoriza\u00e7\u00e3o para contratar 5.158 profissionais de sa\u00fade de forma tempor\u00e1ria para hospitais em todo o Brasil. O val do Minist\u00e9rio da Economia foi publicado no Di\u00e1rio Oficial da Uni\u00e3o nesta ter\u00e7a-feira, 26 de maio. Os profissionais contratados ir\u00e3o atuar em diversas cidades em enfrentamento ao novo Coronav\u00edrus (COVID-19). O contrato [&hellip;]<\/p>\n","protected":false},"author":93,"featured_media":0,"comment_status":"open","ping_status":"closed","sticky":false,"template":"","format":"standard","meta":{"post_tipo":"article","footnotes":""},"categories":[1],"tags":[],"tax_estado":[],"class_list":["post-518862","post","type-post","status-publish","format-standard","hentry","category-cursos-e-concursos"],"acf":[],"yoast_head":"<!-- This site is optimized with the Yoast SEO Premium plugin v27.2 (Yoast SEO v27.2) - https:\/\/yoast.com\/product\/yoast-seo-premium-wordpress\/ -->\n<title>Minist\u00e9rio da Sa\u00fade ir\u00e1 contratar 5.158 profissionais da sa\u00fade<\/title>\n<meta name=\"robots\" content=\"index, follow, max-snippet:-1, max-image-preview:large, max-video-preview:-1\" \/>\n<link rel=\"canonical\" href=\"https:\/\/www.estrategiaconcursos.com.br\/blog\/ministerio-da-saude-ira-contratar-5-158\/\" \/>\n<meta property=\"og:locale\" content=\"pt_BR\" \/>\n<meta property=\"og:type\" content=\"article\" \/>\n<meta property=\"og:title\" content=\"Minist\u00e9rio da Sa\u00fade ir\u00e1 contratar 5.158 profissionais da sa\u00fade\" \/>\n<meta property=\"og:description\" content=\"O Minist\u00e9rio da Sa\u00fade obteve autoriza\u00e7\u00e3o para contratar 5.158 profissionais de sa\u00fade de forma tempor\u00e1ria para hospitais em todo o Brasil. O val do Minist\u00e9rio da Economia foi publicado no Di\u00e1rio Oficial da Uni\u00e3o nesta ter\u00e7a-feira, 26 de maio. Os profissionais contratados ir\u00e3o atuar em diversas cidades em enfrentamento ao novo Coronav\u00edrus (COVID-19). O contrato [&hellip;]\" \/>\n<meta property=\"og:url\" content=\"https:\/\/www.estrategiaconcursos.com.br\/blog\/ministerio-da-saude-ira-contratar-5-158\/\" \/>\n<meta property=\"og:site_name\" content=\"Estrat\u00e9gia Concursos\" \/>\n<meta property=\"article:published_time\" content=\"2020-05-26T13:38:05+00:00\" \/>\n<meta property=\"article:modified_time\" content=\"2020-05-26T13:38:07+00:00\" \/>\n<meta name=\"author\" content=\"Vinicius Silva\" \/>\n<meta name=\"twitter:card\" content=\"summary_large_image\" \/>\n<meta name=\"twitter:creator\" content=\"@EstratConcursos\" \/>\n<meta name=\"twitter:site\" content=\"@EstratConcursos\" \/>\n<meta name=\"twitter:label1\" content=\"Escrito por\" \/>\n\t<meta name=\"twitter:data1\" content=\"Vinicius Silva\" \/>\n\t<meta name=\"twitter:label2\" content=\"Est. tempo de leitura\" \/>\n\t<meta name=\"twitter:data2\" content=\"1 minuto\" \/>\n<script type=\"application\/ld+json\" class=\"yoast-schema-graph\">{\"@context\":\"https:\/\/schema.org\",\"@graph\":[{\"@type\":\"NewsArticle\",\"@id\":\"https:\/\/www.estrategiaconcursos.com.br\/blog\/ministerio-da-saude-ira-contratar-5-158\/#article\",\"isPartOf\":{\"@id\":\"https:\/\/www.estrategiaconcursos.com.br\/blog\/ministerio-da-saude-ira-contratar-5-158\/\"},\"author\":{\"name\":\"Vinicius Silva\",\"@id\":\"https:\/\/www.estrategiaconcursos.com.br\/blog\/#\/schema\/person\/20030622a981f9a942ad6b3561fe4ca4\"},\"headline\":\"Minist\u00e9rio da Sa\u00fade ir\u00e1 contratar 5.158 profissionais da sa\u00fade\",\"datePublished\":\"2020-05-26T13:38:05+00:00\",\"dateModified\":\"2020-05-26T13:38:07+00:00\",\"mainEntityOfPage\":{\"@id\":\"https:\/\/www.estrategiaconcursos.com.br\/blog\/ministerio-da-saude-ira-contratar-5-158\/\"},\"wordCount\":265,\"commentCount\":0,\"publisher\":{\"@id\":\"https:\/\/www.estrategiaconcursos.com.br\/blog\/#organization\"},\"articleSection\":[\"Concursos P\u00fablicos\"],\"inLanguage\":\"pt-BR\",\"potentialAction\":[{\"@type\":\"CommentAction\",\"name\":\"Comment\",\"target\":[\"https:\/\/www.estrategiaconcursos.com.br\/blog\/ministerio-da-saude-ira-contratar-5-158\/#respond\"]}],\"copyrightYear\":\"2020\",\"copyrightHolder\":{\"@id\":\"https:\/\/www.estrategiaconcursos.com.br\/blog\/#organization\"}},{\"@type\":\"WebPage\",\"@id\":\"https:\/\/www.estrategiaconcursos.com.br\/blog\/ministerio-da-saude-ira-contratar-5-158\/\",\"url\":\"https:\/\/www.estrategiaconcursos.com.br\/blog\/ministerio-da-saude-ira-contratar-5-158\/\",\"name\":\"Minist\u00e9rio da Sa\u00fade ir\u00e1 contratar 5.158 profissionais da sa\u00fade\",\"isPartOf\":{\"@id\":\"https:\/\/www.estrategiaconcursos.com.br\/blog\/#website\"},\"datePublished\":\"2020-05-26T13:38:05+00:00\",\"dateModified\":\"2020-05-26T13:38:07+00:00\",\"breadcrumb\":{\"@id\":\"https:\/\/www.estrategiaconcursos.com.br\/blog\/ministerio-da-saude-ira-contratar-5-158\/#breadcrumb\"},\"inLanguage\":\"pt-BR\",\"potentialAction\":[{\"@type\":\"ReadAction\",\"target\":[\"https:\/\/www.estrategiaconcursos.com.br\/blog\/ministerio-da-saude-ira-contratar-5-158\/\"]}]},{\"@type\":\"BreadcrumbList\",\"@id\":\"https:\/\/www.estrategiaconcursos.com.br\/blog\/ministerio-da-saude-ira-contratar-5-158\/#breadcrumb\",\"itemListElement\":[{\"@type\":\"ListItem\",\"position\":1,\"name\":\"In\u00edcio\",\"item\":\"https:\/\/www.estrategiaconcursos.com.br\/blog\/\"},{\"@type\":\"ListItem\",\"position\":2,\"name\":\"Minist\u00e9rio da Sa\u00fade ir\u00e1 contratar 5.158 profissionais da sa\u00fade\"}]},{\"@type\":\"WebSite\",\"@id\":\"https:\/\/www.estrategiaconcursos.com.br\/blog\/#website\",\"url\":\"https:\/\/www.estrategiaconcursos.com.br\/blog\/\",\"name\":\"Estrat\u00e9gia Concursos\",\"description\":\"O blog da Estrat\u00e9gia Concursos traz not\u00edcias sobre concursos e artigos de professores oferecendo cursos para concursos (pdf + videaulas) no site.\",\"publisher\":{\"@id\":\"https:\/\/www.estrategiaconcursos.com.br\/blog\/#organization\"},\"potentialAction\":[{\"@type\":\"SearchAction\",\"target\":{\"@type\":\"EntryPoint\",\"urlTemplate\":\"https:\/\/www.estrategiaconcursos.com.br\/blog\/?s={search_term_string}\"},\"query-input\":{\"@type\":\"PropertyValueSpecification\",\"valueRequired\":true,\"valueName\":\"search_term_string\"}}],\"inLanguage\":\"pt-BR\"},{\"@type\":\"Organization\",\"@id\":\"https:\/\/www.estrategiaconcursos.com.br\/blog\/#organization\",\"name\":\"Estrat\u00e9gia Concursos\",\"url\":\"https:\/\/www.estrategiaconcursos.com.br\/blog\/\",\"logo\":{\"@type\":\"ImageObject\",\"inLanguage\":\"pt-BR\",\"@id\":\"https:\/\/www.estrategiaconcursos.com.br\/blog\/#\/schema\/logo\/image\/\",\"url\":\"https:\/\/dhg1h5j42swfq.cloudfront.net\/2025\/06\/03203428\/logo_concursos-1.jpg\",\"contentUrl\":\"https:\/\/dhg1h5j42swfq.cloudfront.net\/2025\/06\/03203428\/logo_concursos-1.jpg\",\"width\":230,\"height\":60,\"caption\":\"Estrat\u00e9gia Concursos\"},\"image\":{\"@id\":\"https:\/\/www.estrategiaconcursos.com.br\/blog\/#\/schema\/logo\/image\/\"},\"sameAs\":[\"https:\/\/x.com\/EstratConcursos\"]},{\"@type\":\"Person\",\"@id\":\"https:\/\/www.estrategiaconcursos.com.br\/blog\/#\/schema\/person\/20030622a981f9a942ad6b3561fe4ca4\",\"name\":\"Vinicius Silva\",\"image\":{\"@type\":\"ImageObject\",\"inLanguage\":\"pt-BR\",\"@id\":\"https:\/\/secure.gravatar.com\/avatar\/604d9670a4c7eea71feaa4381f3ae97e148292ac402671c5944aa67a3d127663?s=96&d=mm&r=g\",\"url\":\"https:\/\/secure.gravatar.com\/avatar\/604d9670a4c7eea71feaa4381f3ae97e148292ac402671c5944aa67a3d127663?s=96&d=mm&r=g\",\"contentUrl\":\"https:\/\/secure.gravatar.com\/avatar\/604d9670a4c7eea71feaa4381f3ae97e148292ac402671c5944aa67a3d127663?s=96&d=mm&r=g\",\"caption\":\"Vinicius Silva\"},\"url\":\"https:\/\/www.estrategiaconcursos.com.br\/blog\/author\/viniciussilvaestrategiaconcursos-com-br\/\"}]}<\/script>\n<!-- \/ Yoast SEO Premium plugin. -->","yoast_head_json":{"title":"Minist\u00e9rio da Sa\u00fade ir\u00e1 contratar 5.158 profissionais da sa\u00fade","robots":{"index":"index","follow":"follow","max-snippet":"max-snippet:-1","max-image-preview":"max-image-preview:large","max-video-preview":"max-video-preview:-1"},"canonical":"https:\/\/www.estrategiaconcursos.com.br\/blog\/ministerio-da-saude-ira-contratar-5-158\/","og_locale":"pt_BR","og_type":"article","og_title":"Minist\u00e9rio da Sa\u00fade ir\u00e1 contratar 5.158 profissionais da sa\u00fade","og_description":"O Minist\u00e9rio da Sa\u00fade obteve autoriza\u00e7\u00e3o para contratar 5.158 profissionais de sa\u00fade de forma tempor\u00e1ria para hospitais em todo o Brasil. O val do Minist\u00e9rio da Economia foi publicado no Di\u00e1rio Oficial da Uni\u00e3o nesta ter\u00e7a-feira, 26 de maio. Os profissionais contratados ir\u00e3o atuar em diversas cidades em enfrentamento ao novo Coronav\u00edrus (COVID-19). O contrato [&hellip;]","og_url":"https:\/\/www.estrategiaconcursos.com.br\/blog\/ministerio-da-saude-ira-contratar-5-158\/","og_site_name":"Estrat\u00e9gia Concursos","article_published_time":"2020-05-26T13:38:05+00:00","article_modified_time":"2020-05-26T13:38:07+00:00","author":"Vinicius Silva","twitter_card":"summary_large_image","twitter_creator":"@EstratConcursos","twitter_site":"@EstratConcursos","twitter_misc":{"Escrito por":"Vinicius Silva","Est. tempo de leitura":"1 minuto"},"schema":{"@context":"https:\/\/schema.org","@graph":[{"@type":"NewsArticle","@id":"https:\/\/www.estrategiaconcursos.com.br\/blog\/ministerio-da-saude-ira-contratar-5-158\/#article","isPartOf":{"@id":"https:\/\/www.estrategiaconcursos.com.br\/blog\/ministerio-da-saude-ira-contratar-5-158\/"},"author":{"name":"Vinicius Silva","@id":"https:\/\/www.estrategiaconcursos.com.br\/blog\/#\/schema\/person\/20030622a981f9a942ad6b3561fe4ca4"},"headline":"Minist\u00e9rio da Sa\u00fade ir\u00e1 contratar 5.158 profissionais da sa\u00fade","datePublished":"2020-05-26T13:38:05+00:00","dateModified":"2020-05-26T13:38:07+00:00","mainEntityOfPage":{"@id":"https:\/\/www.estrategiaconcursos.com.br\/blog\/ministerio-da-saude-ira-contratar-5-158\/"},"wordCount":265,"commentCount":0,"publisher":{"@id":"https:\/\/www.estrategiaconcursos.com.br\/blog\/#organization"},"articleSection":["Concursos P\u00fablicos"],"inLanguage":"pt-BR","potentialAction":[{"@type":"CommentAction","name":"Comment","target":["https:\/\/www.estrategiaconcursos.com.br\/blog\/ministerio-da-saude-ira-contratar-5-158\/#respond"]}],"copyrightYear":"2020","copyrightHolder":{"@id":"https:\/\/www.estrategiaconcursos.com.br\/blog\/#organization"}},{"@type":"WebPage","@id":"https:\/\/www.estrategiaconcursos.com.br\/blog\/ministerio-da-saude-ira-contratar-5-158\/","url":"https:\/\/www.estrategiaconcursos.com.br\/blog\/ministerio-da-saude-ira-contratar-5-158\/","name":"Minist\u00e9rio da Sa\u00fade ir\u00e1 contratar 5.158 profissionais da sa\u00fade","isPartOf":{"@id":"https:\/\/www.estrategiaconcursos.com.br\/blog\/#website"},"datePublished":"2020-05-26T13:38:05+00:00","dateModified":"2020-05-26T13:38:07+00:00","breadcrumb":{"@id":"https:\/\/www.estrategiaconcursos.com.br\/blog\/ministerio-da-saude-ira-contratar-5-158\/#breadcrumb"},"inLanguage":"pt-BR","potentialAction":[{"@type":"ReadAction","target":["https:\/\/www.estrategiaconcursos.com.br\/blog\/ministerio-da-saude-ira-contratar-5-158\/"]}]},{"@type":"BreadcrumbList","@id":"https:\/\/www.estrategiaconcursos.com.br\/blog\/ministerio-da-saude-ira-contratar-5-158\/#breadcrumb","itemListElement":[{"@type":"ListItem","position":1,"name":"In\u00edcio","item":"https:\/\/www.estrategiaconcursos.com.br\/blog\/"},{"@type":"ListItem","position":2,"name":"Minist\u00e9rio da Sa\u00fade ir\u00e1 contratar 5.158 profissionais da sa\u00fade"}]},{"@type":"WebSite","@id":"https:\/\/www.estrategiaconcursos.com.br\/blog\/#website","url":"https:\/\/www.estrategiaconcursos.com.br\/blog\/","name":"Estrat\u00e9gia Concursos","description":"O blog da Estrat\u00e9gia Concursos traz not\u00edcias sobre concursos e artigos de professores oferecendo cursos para concursos (pdf + videaulas) no site.","publisher":{"@id":"https:\/\/www.estrategiaconcursos.com.br\/blog\/#organization"},"potentialAction":[{"@type":"SearchAction","target":{"@type":"EntryPoint","urlTemplate":"https:\/\/www.estrategiaconcursos.com.br\/blog\/?s={search_term_string}"},"query-input":{"@type":"PropertyValueSpecification","valueRequired":true,"valueName":"search_term_string"}}],"inLanguage":"pt-BR"},{"@type":"Organization","@id":"https:\/\/www.estrategiaconcursos.com.br\/blog\/#organization","name":"Estrat\u00e9gia Concursos","url":"https:\/\/www.estrategiaconcursos.com.br\/blog\/","logo":{"@type":"ImageObject","inLanguage":"pt-BR","@id":"https:\/\/www.estrategiaconcursos.com.br\/blog\/#\/schema\/logo\/image\/","url":"https:\/\/dhg1h5j42swfq.cloudfront.net\/2025\/06\/03203428\/logo_concursos-1.jpg","contentUrl":"https:\/\/dhg1h5j42swfq.cloudfront.net\/2025\/06\/03203428\/logo_concursos-1.jpg","width":230,"height":60,"caption":"Estrat\u00e9gia Concursos"},"image":{"@id":"https:\/\/www.estrategiaconcursos.com.br\/blog\/#\/schema\/logo\/image\/"},"sameAs":["https:\/\/x.com\/EstratConcursos"]},{"@type":"Person","@id":"https:\/\/www.estrategiaconcursos.com.br\/blog\/#\/schema\/person\/20030622a981f9a942ad6b3561fe4ca4","name":"Vinicius Silva","image":{"@type":"ImageObject","inLanguage":"pt-BR","@id":"https:\/\/secure.gravatar.com\/avatar\/604d9670a4c7eea71feaa4381f3ae97e148292ac402671c5944aa67a3d127663?s=96&d=mm&r=g","url":"https:\/\/secure.gravatar.com\/avatar\/604d9670a4c7eea71feaa4381f3ae97e148292ac402671c5944aa67a3d127663?s=96&d=mm&r=g","contentUrl":"https:\/\/secure.gravatar.com\/avatar\/604d9670a4c7eea71feaa4381f3ae97e148292ac402671c5944aa67a3d127663?s=96&d=mm&r=g","caption":"Vinicius Silva"},"url":"https:\/\/www.estrategiaconcursos.com.br\/blog\/author\/viniciussilvaestrategiaconcursos-com-br\/"}]}},"_links":{"self":[{"href":"https:\/\/www.estrategiaconcursos.com.br\/blog\/wp-json\/wp\/v2\/posts\/518862","targetHints":{"allow":["GET"]}}],"collection":[{"href":"https:\/\/www.estrategiaconcursos.com.br\/blog\/wp-json\/wp\/v2\/posts"}],"about":[{"href":"https:\/\/www.estrategiaconcursos.com.br\/blog\/wp-json\/wp\/v2\/types\/post"}],"author":[{"embeddable":true,"href":"https:\/\/www.estrategiaconcursos.com.br\/blog\/wp-json\/wp\/v2\/users\/93"}],"replies":[{"embeddable":true,"href":"https:\/\/www.estrategiaconcursos.com.br\/blog\/wp-json\/wp\/v2\/comments?post=518862"}],"version-history":[{"count":2,"href":"https:\/\/www.estrategiaconcursos.com.br\/blog\/wp-json\/wp\/v2\/posts\/518862\/revisions"}],"predecessor-version":[{"id":518887,"href":"https:\/\/www.estrategiaconcursos.com.br\/blog\/wp-json\/wp\/v2\/posts\/518862\/revisions\/518887"}],"wp:attachment":[{"href":"https:\/\/www.estrategiaconcursos.com.br\/blog\/wp-json\/wp\/v2\/media?parent=518862"}],"wp:term":[{"taxonomy":"category","embeddable":true,"href":"https:\/\/www.estrategiaconcursos.com.br\/blog\/wp-json\/wp\/v2\/categories?post=518862"},{"taxonomy":"post_tag","embeddable":true,"href":"https:\/\/www.estrategiaconcursos.com.br\/blog\/wp-json\/wp\/v2\/tags?post=518862"},{"taxonomy":"tax_estado","embeddable":true,"href":"https:\/\/www.estrategiaconcursos.com.br\/blog\/wp-json\/wp\/v2\/tax_estado?post=518862"}],"curies":[{"name":"wp","href":"https:\/\/api.w.org\/{rel}","templated":true}]}}