{"id":518598,"date":"2020-05-25T12:57:14","date_gmt":"2020-05-25T15:57:14","guid":{"rendered":"https:\/\/www.estrategiaconcursos.com.br\/blog\/?p=518598"},"modified":"2020-05-26T07:13:27","modified_gmt":"2020-05-26T10:13:27","slug":"adi-stf-independencia-carreiras-receita","status":"publish","type":"post","link":"https:\/\/www.estrategiaconcursos.com.br\/blog\/adi-stf-independencia-carreiras-receita\/","title":{"rendered":"Em ADI, STF reafirma independ\u00eancia entre carreiras da Receita"},"content":{"rendered":"\n<h2 class=\"wp-block-heading\">A\u00e7\u00e3o foi proposta pela Associa\u00e7\u00e3o Nacional dos Auditores Fiscais <\/h2>\n\n\n\n<p>Em decis\u00e3o publicada nesta segunda-feira, 25 de maio, no Di\u00e1rio Oficial da Uni\u00e3o, o Supremo Tribunal Federal (STF) reiterou a <strong>independ\u00eancia<\/strong> entre as carreiras de <em>Auditor Fiscal<\/em> e <em>Analista Tribut\u00e1rio<\/em>, ambos pertencentes \u00e0 estrutura Tribut\u00e1ria e Aduaneira da Receita Federal do Brasil. <\/p>\n\n\n\n<p>O julgamento foi proferido na A\u00e7\u00e3o Direta de Inconstitucionalidade n.\u00ba 5391, proposta pela Associa\u00e7\u00e3o Nacional dos Auditores Fiscais da Receita Federal do Brasil, a fim de dar interpreta\u00e7\u00e3o conforme \u00e0 Constitui\u00e7\u00e3o ao artigo 5.\u00ba da Lei 13.464\/2017 que, por sua vez, modificou o artigo 5.\u00ba da Lei n\u00b0 10.593\/2002, relativa \u00e0 estrutura de servidores da Receita Federal.  <\/p>\n\n\n\n<p>A modifica\u00e7\u00e3o legislativa alterou o nome da <em>Carreira de Auditoria da Receita Federal do Brasil<\/em> para<em> carreira Tribut\u00e1ria e Aduaneira da Receita Federal do Brasil,<\/em> que se mant\u00e9m composta pelos cargos independentes de n\u00edvel superior de Auditor-Fiscal da Receita Federal do Brasil e de Analista Tribut\u00e1rio da Receita Federal do Brasil.&nbsp;<\/p>\n\n\n\n<p>A mudan\u00e7a, por\u00e9m, gerou o receio de confus\u00e3o entre as carreiras de Auditor-Fiscal e Analista Tribut\u00e1rio, uma vez que fariam parte de uma estrutura maior, tamb\u00e9m denominada de <em>carreira<\/em> pela lei, podendo gerar elo ou continuidade entre os dois cargos, causando penetra\u00e7\u00e3o entre duas carreiras distintas, para fins de aposentadoria, por exemplo. <\/p>\n\n\n\n<p>Demonstrando que tal confus\u00e3o entre os cargos n\u00e3o se justifica, o colegiado entendeu tratar-se a <em>Carreira Tribut\u00e1ria e Aduaneira da Receita Federal do Brasil<\/em> como carreira entendida <em><strong>lato sensu<\/strong><\/em>, estrutura macro condizente com quadro geral de pessoal, conglobante de dois cargos independentes entre si, os quais possuem, cada qual, uma carreira <strong><em>stricto sensu<\/em><\/strong>, com remunera\u00e7\u00f5es distintas e escalonamento pr\u00f3prio. <\/p>\n\n\n\n<p>Por essa raz\u00e3o, n\u00e3o seria poss\u00edvel falar em em ascens\u00e3o, transfer\u00eancia, enquadramento, mudan\u00e7a ou transforma\u00e7\u00e3o em outro cargo, entre as duas carreiras, ainda que em raz\u00e3o da cobertura \u00fanica de Carreira Tribut\u00e1ria e Aduaneira da Receita Federal do Brasil. <\/p>\n\n\n\n<p>Dessa forma, afirmou-se<em> Inexistente elo ou continuidade entre os dois cargos que integram a Carreira Tribut\u00e1ria e Aduaneira da Receita Federal do Brasil, <\/em>afigurando-se <em>inconstitucional a interpreta\u00e7\u00e3o que oriente \u00e0 concess\u00e3o de aposentadoria com base em um sentido de carreira que n\u00e3o<br \/>seja aquele stricto sensu. <\/em><\/p>\n\n\n\n<p>E ainda que,<em> Permanecem paralelas e impenetr\u00e1veis &#8211; salvo mediante concurso p\u00fablico &#8211; as carreiras stricto sensu de Analista Tribut\u00e1rio e de Auditor-Fiscal, sem que se possa atribuir \u00e0 grande Carreira Tribut\u00e1ria e Aduaneira da Receita Federal do Brasil o sentido que permita a contagem de tempo de carreira para fins de aposentadoria.<\/em><\/p>\n\n\n\n<p>O pedido, dessa forma, foi julgado parcialmente procedente, tendo em vista que a altera\u00e7\u00e3o da lei se deu em aspecto apenas terminol\u00f3gico, conferindo nova denomina\u00e7\u00e3o \u00e0 carreira fiscal da Receita Feral <em>lato sensu<\/em>, n\u00e3o havendo altera\u00e7\u00e3o substancial ou inconstitucionalidade material na independ\u00eancia das carreiras <em>stricto sensu<\/em>, de Auditor-Fiscal e Analista Tribut\u00e1rio dentro do \u00f3rg\u00e3o. <\/p>\n\n\n\n<p style=\"font-size:25px\" class=\"has-text-align-center\"><strong><a rel=\"noreferrer noopener\" href=\"https:\/\/www.estrategiaconcursos.com.br\/sistema-de-questoes#\/\" target=\"_blank\">O l\u00edder em aprova\u00e7\u00f5es lan\u00e7ou o maior sistema de quest\u00f5es!<\/a><\/strong><\/p>\n\n\n\n<p>Estrat\u00e9gia Quest\u00f5es nasceu maior do que todos os concorrentes, com mais quest\u00f5es cadastradas e mais solu\u00e7\u00f5es por professores. Clique no banner e aproveite os descontos e b\u00f4nus imperd\u00edveis!<\/p>\n\n\n\n<div class=\"wp-block-image\"><figure class=\"aligncenter size-large\"><a href=\"https:\/\/www.estrategiaconcursos.com.br\/sistema-de-questoes#\/\"><img loading=\"lazy\" decoding=\"async\" width=\"1024\" height=\"229\" src=\"https:\/\/dhg1h5j42swfq.cloudfront.net\/2020\/05\/18120730\/sq-1024x229.jpg\" alt=\"\" class=\"wp-image-515911\" srcset=\"https:\/\/dhg1h5j42swfq.cloudfront.net\/2020\/05\/18120730\/sq-1024x229.jpg 1024w, https:\/\/dhg1h5j42swfq.cloudfront.net\/2020\/05\/18120730\/sq-300x67.jpg 300w, https:\/\/dhg1h5j42swfq.cloudfront.net\/2020\/05\/18120730\/sq-768x172.jpg 768w, https:\/\/dhg1h5j42swfq.cloudfront.net\/2020\/05\/18120730\/sq-610x137.jpg 610w, https:\/\/dhg1h5j42swfq.cloudfront.net\/2020\/05\/18120730\/sq.jpg 1349w\" sizes=\"auto, (max-width: 1024px) 100vw, 1024px\" \/><\/a><\/figure><\/div>\n\n\n\n<h2 class=\"has-text-align-center wp-block-heading\"><strong><em>Quer estudar para o Concurso Receita Federal?<\/em><\/strong><\/h2>\n\n\n\n<p class=\"has-text-align-center\"><em>Gostou desta oportunidade e deseja come\u00e7ar se preparar agora mesmo? Ent\u00e3o, confira os nossos cursos e comece a estudar para Receita Federal:<\/em><\/p>\n\n\n\n<p style=\"font-size:25px\" class=\"has-background has-text-align-center has-very-light-gray-background-color\"><span class=\"underline\" style=\"text-decoration: underline\"><a rel=\"noreferrer noopener\" aria-label=\" (opens in a new tab)\" href=\"https:\/\/www.estrategiaconcursos.com.br\/cursosPorConcurso\/receita-federal-auditor-fiscal-7\/\" target=\"_blank\"><strong>CURSO RECEITA FEDERAL<\/strong><\/a><\/span><\/p>\n\n\n\n<p style=\"font-size:22px\" class=\"has-text-align-center\"><em><strong>Assinatura Anual Ilimitada*<\/strong><\/em><\/p>\n\n\n\n<p class=\"has-text-align-center\"><em>Prepare-se com o melhor material e com quem mais aprova em Concursos P\u00fablicos em todo o pa\u00eds. Assine agora a nossa Assinatura Anual e tenha acesso ilimitado* a todos os nossos cursos.<\/em><\/p>\n\n\n\n<p style=\"font-size:25px\" class=\"has-background has-text-align-center has-luminous-vivid-amber-background-color\"><strong>ASSINE AGORA<\/strong> &#8211; <span class=\"underline\" style=\"text-decoration: underline\"><a rel=\"noreferrer noopener\" aria-label=\" (opens in a new tab)\" href=\"https:\/\/www.estrategiaconcursos.com.br\/assinaturas\/\" target=\"_blank\"><strong>Assinatura Ilimitada<\/strong><\/a><\/span><\/p>\n\n\n\n<p class=\"has-text-align-center has-medium-font-size\"><strong><em>Fique por dentro dos concursos:<\/em><\/strong><\/p>\n\n\n\n<p style=\"color:#336480;font-size:22px\" class=\"has-text-color has-background has-text-align-center has-pale-cyan-blue-background-color\"><a rel=\"noreferrer noopener\" aria-label=\"CONCURSOS ABERTOS (abre numa nova aba)\" href=\"https:\/\/www.estrategiaconcursos.com.br\/blog\/concursos-abertos\/\" target=\"_blank\"><strong>CONCURSOS ABERTOS<\/strong><\/a><\/p>\n\n\n\n<p style=\"color:#1f6482;font-size:22px\" class=\"has-text-color has-background has-text-align-center has-pale-cyan-blue-background-color\"><a rel=\"noreferrer noopener\" aria-label=\"CONCURSOS&nbsp;2020 (abre numa nova aba)\" href=\"https:\/\/www.estrategiaconcursos.com.br\/blog\/concursos-2020\/\" target=\"_blank\"><strong>CONCURSOS&nbsp;2020<\/strong><\/a><\/p>\n","protected":false},"excerpt":{"rendered":"<p>A\u00e7\u00e3o foi proposta pela Associa\u00e7\u00e3o Nacional dos Auditores Fiscais Em decis\u00e3o publicada nesta segunda-feira, 25 de maio, no Di\u00e1rio Oficial da Uni\u00e3o, o Supremo Tribunal Federal (STF) reiterou a independ\u00eancia entre as carreiras de Auditor Fiscal e Analista Tribut\u00e1rio, ambos pertencentes \u00e0 estrutura Tribut\u00e1ria e Aduaneira da Receita Federal do Brasil. O julgamento foi proferido [&hellip;]<\/p>\n","protected":false},"author":1276,"featured_media":177431,"comment_status":"open","ping_status":"closed","sticky":false,"template":"","format":"standard","meta":{"post_tipo":"article","footnotes":""},"categories":[1],"tags":[],"tax_estado":[],"class_list":["post-518598","post","type-post","status-publish","format-standard","has-post-thumbnail","hentry","category-cursos-e-concursos"],"acf":[],"yoast_head":"<!-- This site is optimized with the Yoast SEO Premium plugin v27.2 (Yoast SEO v27.2) - https:\/\/yoast.com\/product\/yoast-seo-premium-wordpress\/ -->\n<title>Em ADI, STF reafirma independ\u00eancia entre carreiras da Receita<\/title>\n<meta name=\"description\" content=\"A decis\u00e3o se deu em A\u00e7\u00e3o Direta de Inconstitucionalidade proposta pelos Auditores Fiscais do \u00f3rg\u00e3o. Para a Corte, os cargos da carreira n\u00e3o se confundem.\" \/>\n<meta name=\"robots\" content=\"index, follow, max-snippet:-1, max-image-preview:large, max-video-preview:-1\" \/>\n<link rel=\"canonical\" href=\"https:\/\/www.estrategiaconcursos.com.br\/blog\/adi-stf-independencia-carreiras-receita\/\" \/>\n<meta property=\"og:locale\" content=\"pt_BR\" \/>\n<meta property=\"og:type\" content=\"article\" \/>\n<meta property=\"og:title\" content=\"Em ADI, STF reafirma independ\u00eancia entre carreiras da Receita\" \/>\n<meta property=\"og:description\" content=\"A decis\u00e3o se deu em A\u00e7\u00e3o Direta de Inconstitucionalidade proposta pelos Auditores Fiscais do \u00f3rg\u00e3o. Para a Corte, os cargos da carreira n\u00e3o se confundem.\" \/>\n<meta property=\"og:url\" content=\"https:\/\/www.estrategiaconcursos.com.br\/blog\/adi-stf-independencia-carreiras-receita\/\" \/>\n<meta property=\"og:site_name\" content=\"Estrat\u00e9gia Concursos\" \/>\n<meta property=\"article:published_time\" content=\"2020-05-25T15:57:14+00:00\" \/>\n<meta property=\"article:modified_time\" content=\"2020-05-26T10:13:27+00:00\" \/>\n<meta property=\"og:image\" content=\"https:\/\/dhg1h5j42swfq.cloudfront.net\/2019\/04\/08083217\/Capturar.jpg\" \/>\n\t<meta property=\"og:image:width\" content=\"1197\" \/>\n\t<meta property=\"og:image:height\" content=\"626\" \/>\n\t<meta property=\"og:image:type\" content=\"image\/jpeg\" \/>\n<meta name=\"author\" content=\"Victor Shinichi Tanaka\" \/>\n<meta name=\"twitter:card\" content=\"summary_large_image\" \/>\n<meta name=\"twitter:creator\" content=\"@EstratConcursos\" \/>\n<meta name=\"twitter:site\" content=\"@EstratConcursos\" \/>\n<meta name=\"twitter:label1\" content=\"Escrito por\" \/>\n\t<meta name=\"twitter:data1\" content=\"Victor Shinichi Tanaka\" \/>\n\t<meta name=\"twitter:label2\" content=\"Est. tempo de leitura\" \/>\n\t<meta name=\"twitter:data2\" content=\"3 minutos\" \/>\n<script type=\"application\/ld+json\" class=\"yoast-schema-graph\">{\"@context\":\"https:\/\/schema.org\",\"@graph\":[{\"@type\":\"NewsArticle\",\"@id\":\"https:\/\/www.estrategiaconcursos.com.br\/blog\/adi-stf-independencia-carreiras-receita\/#article\",\"isPartOf\":{\"@id\":\"https:\/\/www.estrategiaconcursos.com.br\/blog\/adi-stf-independencia-carreiras-receita\/\"},\"author\":{\"name\":\"Victor Shinichi Tanaka\",\"@id\":\"https:\/\/www.estrategiaconcursos.com.br\/blog\/#\/schema\/person\/602a4eaf2bed921c107675da3a65b0e0\"},\"headline\":\"Em ADI, STF reafirma independ\u00eancia entre carreiras da Receita\",\"datePublished\":\"2020-05-25T15:57:14+00:00\",\"dateModified\":\"2020-05-26T10:13:27+00:00\",\"mainEntityOfPage\":{\"@id\":\"https:\/\/www.estrategiaconcursos.com.br\/blog\/adi-stf-independencia-carreiras-receita\/\"},\"wordCount\":646,\"commentCount\":0,\"publisher\":{\"@id\":\"https:\/\/www.estrategiaconcursos.com.br\/blog\/#organization\"},\"image\":{\"@id\":\"https:\/\/www.estrategiaconcursos.com.br\/blog\/adi-stf-independencia-carreiras-receita\/#primaryimage\"},\"thumbnailUrl\":\"https:\/\/dhg1h5j42swfq.cloudfront.net\/2019\/04\/08083217\/Capturar.jpg\",\"articleSection\":[\"Concursos P\u00fablicos\"],\"inLanguage\":\"pt-BR\",\"potentialAction\":[{\"@type\":\"CommentAction\",\"name\":\"Comment\",\"target\":[\"https:\/\/www.estrategiaconcursos.com.br\/blog\/adi-stf-independencia-carreiras-receita\/#respond\"]}],\"copyrightYear\":\"2020\",\"copyrightHolder\":{\"@id\":\"https:\/\/www.estrategiaconcursos.com.br\/blog\/#organization\"}},{\"@type\":\"WebPage\",\"@id\":\"https:\/\/www.estrategiaconcursos.com.br\/blog\/adi-stf-independencia-carreiras-receita\/\",\"url\":\"https:\/\/www.estrategiaconcursos.com.br\/blog\/adi-stf-independencia-carreiras-receita\/\",\"name\":\"Em ADI, STF reafirma independ\u00eancia entre carreiras da Receita\",\"isPartOf\":{\"@id\":\"https:\/\/www.estrategiaconcursos.com.br\/blog\/#website\"},\"primaryImageOfPage\":{\"@id\":\"https:\/\/www.estrategiaconcursos.com.br\/blog\/adi-stf-independencia-carreiras-receita\/#primaryimage\"},\"image\":{\"@id\":\"https:\/\/www.estrategiaconcursos.com.br\/blog\/adi-stf-independencia-carreiras-receita\/#primaryimage\"},\"thumbnailUrl\":\"https:\/\/dhg1h5j42swfq.cloudfront.net\/2019\/04\/08083217\/Capturar.jpg\",\"datePublished\":\"2020-05-25T15:57:14+00:00\",\"dateModified\":\"2020-05-26T10:13:27+00:00\",\"description\":\"A decis\u00e3o se deu em A\u00e7\u00e3o Direta de Inconstitucionalidade proposta pelos Auditores Fiscais do \u00f3rg\u00e3o. Para a Corte, os cargos da carreira n\u00e3o se confundem.\",\"breadcrumb\":{\"@id\":\"https:\/\/www.estrategiaconcursos.com.br\/blog\/adi-stf-independencia-carreiras-receita\/#breadcrumb\"},\"inLanguage\":\"pt-BR\",\"potentialAction\":[{\"@type\":\"ReadAction\",\"target\":[\"https:\/\/www.estrategiaconcursos.com.br\/blog\/adi-stf-independencia-carreiras-receita\/\"]}]},{\"@type\":\"ImageObject\",\"inLanguage\":\"pt-BR\",\"@id\":\"https:\/\/www.estrategiaconcursos.com.br\/blog\/adi-stf-independencia-carreiras-receita\/#primaryimage\",\"url\":\"https:\/\/dhg1h5j42swfq.cloudfront.net\/2019\/04\/08083217\/Capturar.jpg\",\"contentUrl\":\"https:\/\/dhg1h5j42swfq.cloudfront.net\/2019\/04\/08083217\/Capturar.jpg\",\"width\":1197,\"height\":626,\"caption\":\"Receita Federal concurso\"},{\"@type\":\"BreadcrumbList\",\"@id\":\"https:\/\/www.estrategiaconcursos.com.br\/blog\/adi-stf-independencia-carreiras-receita\/#breadcrumb\",\"itemListElement\":[{\"@type\":\"ListItem\",\"position\":1,\"name\":\"In\u00edcio\",\"item\":\"https:\/\/www.estrategiaconcursos.com.br\/blog\/\"},{\"@type\":\"ListItem\",\"position\":2,\"name\":\"Em ADI, STF reafirma independ\u00eancia entre carreiras da Receita\"}]},{\"@type\":\"WebSite\",\"@id\":\"https:\/\/www.estrategiaconcursos.com.br\/blog\/#website\",\"url\":\"https:\/\/www.estrategiaconcursos.com.br\/blog\/\",\"name\":\"Estrat\u00e9gia Concursos\",\"description\":\"O blog da Estrat\u00e9gia Concursos traz not\u00edcias sobre concursos e artigos de professores oferecendo cursos para concursos (pdf + videaulas) no site.\",\"publisher\":{\"@id\":\"https:\/\/www.estrategiaconcursos.com.br\/blog\/#organization\"},\"potentialAction\":[{\"@type\":\"SearchAction\",\"target\":{\"@type\":\"EntryPoint\",\"urlTemplate\":\"https:\/\/www.estrategiaconcursos.com.br\/blog\/?s={search_term_string}\"},\"query-input\":{\"@type\":\"PropertyValueSpecification\",\"valueRequired\":true,\"valueName\":\"search_term_string\"}}],\"inLanguage\":\"pt-BR\"},{\"@type\":\"Organization\",\"@id\":\"https:\/\/www.estrategiaconcursos.com.br\/blog\/#organization\",\"name\":\"Estrat\u00e9gia Concursos\",\"url\":\"https:\/\/www.estrategiaconcursos.com.br\/blog\/\",\"logo\":{\"@type\":\"ImageObject\",\"inLanguage\":\"pt-BR\",\"@id\":\"https:\/\/www.estrategiaconcursos.com.br\/blog\/#\/schema\/logo\/image\/\",\"url\":\"https:\/\/dhg1h5j42swfq.cloudfront.net\/2025\/06\/03203428\/logo_concursos-1.jpg\",\"contentUrl\":\"https:\/\/dhg1h5j42swfq.cloudfront.net\/2025\/06\/03203428\/logo_concursos-1.jpg\",\"width\":230,\"height\":60,\"caption\":\"Estrat\u00e9gia Concursos\"},\"image\":{\"@id\":\"https:\/\/www.estrategiaconcursos.com.br\/blog\/#\/schema\/logo\/image\/\"},\"sameAs\":[\"https:\/\/x.com\/EstratConcursos\"]},{\"@type\":\"Person\",\"@id\":\"https:\/\/www.estrategiaconcursos.com.br\/blog\/#\/schema\/person\/602a4eaf2bed921c107675da3a65b0e0\",\"name\":\"Victor Shinichi Tanaka\",\"image\":{\"@type\":\"ImageObject\",\"inLanguage\":\"pt-BR\",\"@id\":\"https:\/\/secure.gravatar.com\/avatar\/3772723eea77b2e6a2231e357d6339c6c129c6fb65cda4d02d0f3ca700221333?s=96&d=mm&r=g\",\"url\":\"https:\/\/secure.gravatar.com\/avatar\/3772723eea77b2e6a2231e357d6339c6c129c6fb65cda4d02d0f3ca700221333?s=96&d=mm&r=g\",\"contentUrl\":\"https:\/\/secure.gravatar.com\/avatar\/3772723eea77b2e6a2231e357d6339c6c129c6fb65cda4d02d0f3ca700221333?s=96&d=mm&r=g\",\"caption\":\"Victor Shinichi Tanaka\"},\"url\":\"https:\/\/www.estrategiaconcursos.com.br\/blog\/author\/victorstanakagmail-com\/\"}]}<\/script>\n<!-- \/ Yoast SEO Premium plugin. -->","yoast_head_json":{"title":"Em ADI, STF reafirma independ\u00eancia entre carreiras da Receita","description":"A decis\u00e3o se deu em A\u00e7\u00e3o Direta de Inconstitucionalidade proposta pelos Auditores Fiscais do \u00f3rg\u00e3o. Para a Corte, os cargos da carreira n\u00e3o se confundem.","robots":{"index":"index","follow":"follow","max-snippet":"max-snippet:-1","max-image-preview":"max-image-preview:large","max-video-preview":"max-video-preview:-1"},"canonical":"https:\/\/www.estrategiaconcursos.com.br\/blog\/adi-stf-independencia-carreiras-receita\/","og_locale":"pt_BR","og_type":"article","og_title":"Em ADI, STF reafirma independ\u00eancia entre carreiras da Receita","og_description":"A decis\u00e3o se deu em A\u00e7\u00e3o Direta de Inconstitucionalidade proposta pelos Auditores Fiscais do \u00f3rg\u00e3o. Para a Corte, os cargos da carreira n\u00e3o se confundem.","og_url":"https:\/\/www.estrategiaconcursos.com.br\/blog\/adi-stf-independencia-carreiras-receita\/","og_site_name":"Estrat\u00e9gia Concursos","article_published_time":"2020-05-25T15:57:14+00:00","article_modified_time":"2020-05-26T10:13:27+00:00","og_image":[{"width":1197,"height":626,"url":"https:\/\/dhg1h5j42swfq.cloudfront.net\/2019\/04\/08083217\/Capturar.jpg","type":"image\/jpeg"}],"author":"Victor Shinichi Tanaka","twitter_card":"summary_large_image","twitter_creator":"@EstratConcursos","twitter_site":"@EstratConcursos","twitter_misc":{"Escrito por":"Victor Shinichi Tanaka","Est. tempo de leitura":"3 minutos"},"schema":{"@context":"https:\/\/schema.org","@graph":[{"@type":"NewsArticle","@id":"https:\/\/www.estrategiaconcursos.com.br\/blog\/adi-stf-independencia-carreiras-receita\/#article","isPartOf":{"@id":"https:\/\/www.estrategiaconcursos.com.br\/blog\/adi-stf-independencia-carreiras-receita\/"},"author":{"name":"Victor Shinichi Tanaka","@id":"https:\/\/www.estrategiaconcursos.com.br\/blog\/#\/schema\/person\/602a4eaf2bed921c107675da3a65b0e0"},"headline":"Em ADI, STF reafirma independ\u00eancia entre carreiras da Receita","datePublished":"2020-05-25T15:57:14+00:00","dateModified":"2020-05-26T10:13:27+00:00","mainEntityOfPage":{"@id":"https:\/\/www.estrategiaconcursos.com.br\/blog\/adi-stf-independencia-carreiras-receita\/"},"wordCount":646,"commentCount":0,"publisher":{"@id":"https:\/\/www.estrategiaconcursos.com.br\/blog\/#organization"},"image":{"@id":"https:\/\/www.estrategiaconcursos.com.br\/blog\/adi-stf-independencia-carreiras-receita\/#primaryimage"},"thumbnailUrl":"https:\/\/dhg1h5j42swfq.cloudfront.net\/2019\/04\/08083217\/Capturar.jpg","articleSection":["Concursos P\u00fablicos"],"inLanguage":"pt-BR","potentialAction":[{"@type":"CommentAction","name":"Comment","target":["https:\/\/www.estrategiaconcursos.com.br\/blog\/adi-stf-independencia-carreiras-receita\/#respond"]}],"copyrightYear":"2020","copyrightHolder":{"@id":"https:\/\/www.estrategiaconcursos.com.br\/blog\/#organization"}},{"@type":"WebPage","@id":"https:\/\/www.estrategiaconcursos.com.br\/blog\/adi-stf-independencia-carreiras-receita\/","url":"https:\/\/www.estrategiaconcursos.com.br\/blog\/adi-stf-independencia-carreiras-receita\/","name":"Em ADI, STF reafirma independ\u00eancia entre carreiras da Receita","isPartOf":{"@id":"https:\/\/www.estrategiaconcursos.com.br\/blog\/#website"},"primaryImageOfPage":{"@id":"https:\/\/www.estrategiaconcursos.com.br\/blog\/adi-stf-independencia-carreiras-receita\/#primaryimage"},"image":{"@id":"https:\/\/www.estrategiaconcursos.com.br\/blog\/adi-stf-independencia-carreiras-receita\/#primaryimage"},"thumbnailUrl":"https:\/\/dhg1h5j42swfq.cloudfront.net\/2019\/04\/08083217\/Capturar.jpg","datePublished":"2020-05-25T15:57:14+00:00","dateModified":"2020-05-26T10:13:27+00:00","description":"A decis\u00e3o se deu em A\u00e7\u00e3o Direta de Inconstitucionalidade proposta pelos Auditores Fiscais do \u00f3rg\u00e3o. Para a Corte, os cargos da carreira n\u00e3o se confundem.","breadcrumb":{"@id":"https:\/\/www.estrategiaconcursos.com.br\/blog\/adi-stf-independencia-carreiras-receita\/#breadcrumb"},"inLanguage":"pt-BR","potentialAction":[{"@type":"ReadAction","target":["https:\/\/www.estrategiaconcursos.com.br\/blog\/adi-stf-independencia-carreiras-receita\/"]}]},{"@type":"ImageObject","inLanguage":"pt-BR","@id":"https:\/\/www.estrategiaconcursos.com.br\/blog\/adi-stf-independencia-carreiras-receita\/#primaryimage","url":"https:\/\/dhg1h5j42swfq.cloudfront.net\/2019\/04\/08083217\/Capturar.jpg","contentUrl":"https:\/\/dhg1h5j42swfq.cloudfront.net\/2019\/04\/08083217\/Capturar.jpg","width":1197,"height":626,"caption":"Receita Federal concurso"},{"@type":"BreadcrumbList","@id":"https:\/\/www.estrategiaconcursos.com.br\/blog\/adi-stf-independencia-carreiras-receita\/#breadcrumb","itemListElement":[{"@type":"ListItem","position":1,"name":"In\u00edcio","item":"https:\/\/www.estrategiaconcursos.com.br\/blog\/"},{"@type":"ListItem","position":2,"name":"Em ADI, STF reafirma independ\u00eancia entre carreiras da Receita"}]},{"@type":"WebSite","@id":"https:\/\/www.estrategiaconcursos.com.br\/blog\/#website","url":"https:\/\/www.estrategiaconcursos.com.br\/blog\/","name":"Estrat\u00e9gia Concursos","description":"O blog da Estrat\u00e9gia Concursos traz not\u00edcias sobre concursos e artigos de professores oferecendo cursos para concursos (pdf + videaulas) no site.","publisher":{"@id":"https:\/\/www.estrategiaconcursos.com.br\/blog\/#organization"},"potentialAction":[{"@type":"SearchAction","target":{"@type":"EntryPoint","urlTemplate":"https:\/\/www.estrategiaconcursos.com.br\/blog\/?s={search_term_string}"},"query-input":{"@type":"PropertyValueSpecification","valueRequired":true,"valueName":"search_term_string"}}],"inLanguage":"pt-BR"},{"@type":"Organization","@id":"https:\/\/www.estrategiaconcursos.com.br\/blog\/#organization","name":"Estrat\u00e9gia Concursos","url":"https:\/\/www.estrategiaconcursos.com.br\/blog\/","logo":{"@type":"ImageObject","inLanguage":"pt-BR","@id":"https:\/\/www.estrategiaconcursos.com.br\/blog\/#\/schema\/logo\/image\/","url":"https:\/\/dhg1h5j42swfq.cloudfront.net\/2025\/06\/03203428\/logo_concursos-1.jpg","contentUrl":"https:\/\/dhg1h5j42swfq.cloudfront.net\/2025\/06\/03203428\/logo_concursos-1.jpg","width":230,"height":60,"caption":"Estrat\u00e9gia Concursos"},"image":{"@id":"https:\/\/www.estrategiaconcursos.com.br\/blog\/#\/schema\/logo\/image\/"},"sameAs":["https:\/\/x.com\/EstratConcursos"]},{"@type":"Person","@id":"https:\/\/www.estrategiaconcursos.com.br\/blog\/#\/schema\/person\/602a4eaf2bed921c107675da3a65b0e0","name":"Victor Shinichi Tanaka","image":{"@type":"ImageObject","inLanguage":"pt-BR","@id":"https:\/\/secure.gravatar.com\/avatar\/3772723eea77b2e6a2231e357d6339c6c129c6fb65cda4d02d0f3ca700221333?s=96&d=mm&r=g","url":"https:\/\/secure.gravatar.com\/avatar\/3772723eea77b2e6a2231e357d6339c6c129c6fb65cda4d02d0f3ca700221333?s=96&d=mm&r=g","contentUrl":"https:\/\/secure.gravatar.com\/avatar\/3772723eea77b2e6a2231e357d6339c6c129c6fb65cda4d02d0f3ca700221333?s=96&d=mm&r=g","caption":"Victor Shinichi Tanaka"},"url":"https:\/\/www.estrategiaconcursos.com.br\/blog\/author\/victorstanakagmail-com\/"}]}},"_links":{"self":[{"href":"https:\/\/www.estrategiaconcursos.com.br\/blog\/wp-json\/wp\/v2\/posts\/518598","targetHints":{"allow":["GET"]}}],"collection":[{"href":"https:\/\/www.estrategiaconcursos.com.br\/blog\/wp-json\/wp\/v2\/posts"}],"about":[{"href":"https:\/\/www.estrategiaconcursos.com.br\/blog\/wp-json\/wp\/v2\/types\/post"}],"author":[{"embeddable":true,"href":"https:\/\/www.estrategiaconcursos.com.br\/blog\/wp-json\/wp\/v2\/users\/1276"}],"replies":[{"embeddable":true,"href":"https:\/\/www.estrategiaconcursos.com.br\/blog\/wp-json\/wp\/v2\/comments?post=518598"}],"version-history":[{"count":11,"href":"https:\/\/www.estrategiaconcursos.com.br\/blog\/wp-json\/wp\/v2\/posts\/518598\/revisions"}],"predecessor-version":[{"id":518801,"href":"https:\/\/www.estrategiaconcursos.com.br\/blog\/wp-json\/wp\/v2\/posts\/518598\/revisions\/518801"}],"wp:featuredmedia":[{"embeddable":true,"href":"https:\/\/www.estrategiaconcursos.com.br\/blog\/wp-json\/wp\/v2\/media\/177431"}],"wp:attachment":[{"href":"https:\/\/www.estrategiaconcursos.com.br\/blog\/wp-json\/wp\/v2\/media?parent=518598"}],"wp:term":[{"taxonomy":"category","embeddable":true,"href":"https:\/\/www.estrategiaconcursos.com.br\/blog\/wp-json\/wp\/v2\/categories?post=518598"},{"taxonomy":"post_tag","embeddable":true,"href":"https:\/\/www.estrategiaconcursos.com.br\/blog\/wp-json\/wp\/v2\/tags?post=518598"},{"taxonomy":"tax_estado","embeddable":true,"href":"https:\/\/www.estrategiaconcursos.com.br\/blog\/wp-json\/wp\/v2\/tax_estado?post=518598"}],"curies":[{"name":"wp","href":"https:\/\/api.w.org\/{rel}","templated":true}]}}