{"id":518497,"date":"2020-05-26T08:55:00","date_gmt":"2020-05-26T11:55:00","guid":{"rendered":"https:\/\/www.estrategiaconcursos.com.br\/blog\/?p=518497"},"modified":"2023-07-10T13:40:06","modified_gmt":"2023-07-10T16:40:06","slug":"temporarios-do-inss-devem-ser-convocados-a-partir-de-junho","status":"publish","type":"post","link":"https:\/\/www.estrategiaconcursos.com.br\/blog\/temporarios-do-inss-devem-ser-convocados-a-partir-de-junho\/","title":{"rendered":"Tempor\u00e1rios do INSS devem ser convocados a partir de junho"},"content":{"rendered":"\n<p>Os candidatos do Processo Seletivo Tempor\u00e1rio do INSS devem come\u00e7ar a ser convocados <strong>a partir do pr\u00f3ximo m\u00eas<\/strong>. A informa\u00e7\u00e3o foi confirmada pelo presidente do \u00f3rg\u00e3o, Leonardo Rolim, em entrevista ao jornal EXTRA.<\/p>\n\n\n\n<p>O PSS, publicado no final de abril, \u00e9 dividido em dois grupos. Um deles, o de aposentados do \u00f3rg\u00e3o, vai ficar respons\u00e1vel pela an\u00e1lise dos benef\u00edcios. Esse trabalho ser\u00e1 feito inteiramente via <strong>home office<\/strong>.<\/p>\n\n\n\n<p>Segundo Rolim, <em>&#8220;assim que acabar o processo, eles v\u00e3o fazer curso \u00e0 dist\u00e2ncia para se atualizarem em rela\u00e7\u00e3o \u00e0 legisla\u00e7\u00e3o e aos nossos sistemas. Terminando esse curso j\u00e1 come\u00e7ar\u00e3o a trabalhar&#8221;.<\/em><\/p>\n\n\n\n<p>Quanto ao outro grupo, formado por militares e aposentados de outros \u00f3rg\u00e3os, o presidente do Instituto disse que o treinamento ser\u00e1 feito parcialmente nas ag\u00eancias, de forma <strong>presencial<\/strong>. Neste caso, a convoca\u00e7\u00e3o vai depender da <strong>abertura das ag\u00eancias<\/strong>, prevista inicialmente para o dia 19 de junho.<\/p>\n\n\n\n<p>Entretanto, uma retifica\u00e7\u00e3o no cronograma prev\u00ea o in\u00edcio das atividades do grupo 1 j\u00e1 no in\u00edcio do m\u00eas, no dia 08. Para o segundo grupo, a previs\u00e3o de in\u00edcio \u00e9 para 22 de junho.<\/p>\n\n\n\n<ul class=\"wp-block-list\">\n<li><a rel=\"noreferrer noopener\" href=\"https:\/\/dhg1h5j42swfq.cloudfront.net\/2020\/05\/26084749\/EDITAL-N%C2%BA-2-de-25-DE-MAIO-DE-2020EDITA...SIMPLIFICADO-DOU-Imprensa-Nacional.pdf\" target=\"_blank\">Cronograma retificado<\/a><\/li>\n<\/ul>\n\n\n\n<p>O edital visa ofertar <strong>7.400 vagas<\/strong> para servidores que ir\u00e3o atuar no INSS, no atendimento e servi\u00e7os administrativos e na concess\u00e3o e revis\u00e3o de benef\u00edcios. Os outros <strong>830 <\/strong>v\u00e3o desempenhar atividades diversas no Minist\u00e9rio da Economia. Para essas mais de 8 mil vagas, foram registrados <strong>17.277 inscritos<\/strong>.<\/p>\n\n\n\n<ul class=\"wp-block-list\">\n<li><a rel=\"noreferrer noopener\" href=\"https:\/\/dhg1h5j42swfq.cloudfront.net\/2020\/05\/25093905\/Edital-n%C2%BA-01-RESULTADO-PRELIMINAR-DO-PROCESSO-SELETIVO.pdf\" target=\"_blank\">Edital N\u00ba 01 \u2013 Resultado Preliminar do Processo Seletivo<\/a><\/li>\n\n\n\n<li><a rel=\"noreferrer noopener\" href=\"https:\/\/dhg1h5j42swfq.cloudfront.net\/2020\/05\/25093901\/RESULTADO-PRELIMINAR-ANEXO-I_v4.pdf\" target=\"_blank\">Resultado Preliminar \u2013 Anexo I: Total de candidatos<\/a><\/li>\n\n\n\n<li><a rel=\"noreferrer noopener\" href=\"https:\/\/dhg1h5j42swfq.cloudfront.net\/2020\/05\/25093929\/RESULTADO-PRELIMINAR-ANEXO-II-v3.pdf\" target=\"_blank\">Resultado Preliminar \u2013 Anexo II: Candidatos habilitados<\/a><\/li>\n<\/ul>\n\n\n\n<p>Esse processo seletivo \u00e9 uma medida paliativa enquanto o \u00f3rg\u00e3o n\u00e3o realiza um novo concurso p\u00fablico. Com mais de <strong>21 mil cargos vagos<\/strong>, espera-se que um novo certame seja realizado ao fim do contrato desses tempor\u00e1rios.<\/p>\n\n\n\n<p>Em contato recente com o INSS, fomos informados que at\u00e9 o momento n\u00e3o foi protocolada solicita\u00e7\u00e3o de concurso p\u00fablico junto ao Governo Federal em 2020. Entretanto, <strong>estudos est\u00e3o sendo realizados nesse sentido<\/strong>, considerando o cen\u00e1rio atual do INSS.<\/p>\n\n\n\n<p class=\"has-text-align-center has-very-light-gray-background-color has-background has-medium-font-size\"><strong>Mais informa\u00e7\u00f5es: <a href=\"https:\/\/www.estrategiaconcursos.com.br\/blog\/concurso-inss-2\/\" target=\"_blank\" rel=\"noreferrer noopener\">Concurso INSS<\/a><\/strong><\/p>\n\n\n\n<p class=\"has-text-align-center\"><em><strong>Assinatura Anual Ilimitada*<\/strong><\/em><\/p>\n\n\n\n<p class=\"has-text-align-center\"><em>Prepare-se com o melhor material e com quem mais aprova em Concursos P\u00fablicos em todo o pa\u00eds. Assine agora a nossa Assinatura Anual e tenha acesso ilimitado* a todos os nossos cursos.<\/em><\/p>\n\n\n\n<p class=\"has-text-align-center has-light-green-cyan-background-color has-background has-medium-font-size\"><strong>ASSINE AGORA<\/strong>&nbsp;\u2013&nbsp;<a rel=\"noreferrer noopener\" href=\"https:\/\/www.estrategiaconcursos.com.br\/assinaturas\/\" target=\"_blank\"><strong>Assinatura Ilimitada<\/strong><\/a><\/p>\n\n\n\n<p class=\"has-text-align-center has-pale-cyan-blue-background-color has-background has-medium-font-size\"><strong><a href=\"https:\/\/www.estrategiaconcursos.com.br\/blog\/material-gratuitos-para-concurso-inss\/\" target=\"_blank\" rel=\"noreferrer noopener\">Materiais Gratuitos INSS<\/a><\/strong><\/p>\n\n\n\n<p class=\"has-text-align-center has-pale-cyan-blue-background-color has-background has-medium-font-size\"><strong><a href=\"https:\/\/www.estrategiaconcursos.com.br\/blog\/concursos-abertos\/\">CONCURSOS ABERTOS<\/a><\/strong><\/p>\n","protected":false},"excerpt":{"rendered":"<p>Os candidatos do Processo Seletivo Tempor\u00e1rio do INSS devem come\u00e7ar a ser convocados a partir do pr\u00f3ximo m\u00eas. A informa\u00e7\u00e3o foi confirmada pelo presidente do \u00f3rg\u00e3o, Leonardo Rolim, em entrevista ao jornal EXTRA. O PSS, publicado no final de abril, \u00e9 dividido em dois grupos. Um deles, o de aposentados do \u00f3rg\u00e3o, vai ficar respons\u00e1vel [&hellip;]<\/p>\n","protected":false},"author":401,"featured_media":166149,"comment_status":"open","ping_status":"closed","sticky":false,"template":"","format":"standard","meta":{"post_tipo":"article","footnotes":""},"categories":[1],"tags":[],"tax_estado":[],"class_list":["post-518497","post","type-post","status-publish","format-standard","has-post-thumbnail","hentry","category-cursos-e-concursos"],"acf":[],"yoast_head":"<!-- This site is optimized with the Yoast SEO Premium plugin v27.2 (Yoast SEO v27.2) - https:\/\/yoast.com\/product\/yoast-seo-premium-wordpress\/ -->\n<title>Tempor\u00e1rios do INSS devem ser convocados a partir de junho<\/title>\n<meta name=\"robots\" content=\"index, follow, max-snippet:-1, max-image-preview:large, max-video-preview:-1\" \/>\n<link rel=\"canonical\" href=\"https:\/\/www.estrategiaconcursos.com.br\/blog\/temporarios-do-inss-devem-ser-convocados-a-partir-de-junho\/\" \/>\n<meta property=\"og:locale\" content=\"pt_BR\" \/>\n<meta property=\"og:type\" content=\"article\" \/>\n<meta property=\"og:title\" content=\"Tempor\u00e1rios do INSS devem ser convocados a partir de junho\" \/>\n<meta property=\"og:description\" content=\"Os candidatos do Processo Seletivo Tempor\u00e1rio do INSS devem come\u00e7ar a ser convocados a partir do pr\u00f3ximo m\u00eas. A informa\u00e7\u00e3o foi confirmada pelo presidente do \u00f3rg\u00e3o, Leonardo Rolim, em entrevista ao jornal EXTRA. O PSS, publicado no final de abril, \u00e9 dividido em dois grupos. Um deles, o de aposentados do \u00f3rg\u00e3o, vai ficar respons\u00e1vel [&hellip;]\" \/>\n<meta property=\"og:url\" content=\"https:\/\/www.estrategiaconcursos.com.br\/blog\/temporarios-do-inss-devem-ser-convocados-a-partir-de-junho\/\" \/>\n<meta property=\"og:site_name\" content=\"Estrat\u00e9gia Concursos\" \/>\n<meta property=\"article:published_time\" content=\"2020-05-26T11:55:00+00:00\" \/>\n<meta property=\"article:modified_time\" content=\"2023-07-10T16:40:06+00:00\" \/>\n<meta property=\"og:image\" content=\"https:\/\/dhg1h5j42swfq.cloudfront.net\/2019\/02\/14151433\/Captuinssrar-min.jpg\" \/>\n\t<meta property=\"og:image:width\" content=\"1200\" \/>\n\t<meta property=\"og:image:height\" content=\"627\" \/>\n\t<meta property=\"og:image:type\" content=\"image\/jpeg\" \/>\n<meta name=\"author\" content=\"Rubens Mauricio Corr\u00eaa\" \/>\n<meta name=\"twitter:card\" content=\"summary_large_image\" \/>\n<meta name=\"twitter:creator\" content=\"@EstratConcursos\" \/>\n<meta name=\"twitter:site\" content=\"@EstratConcursos\" \/>\n<meta name=\"twitter:label1\" content=\"Escrito por\" \/>\n\t<meta name=\"twitter:data1\" content=\"Rubens Mauricio Corr\u00eaa\" \/>\n\t<meta name=\"twitter:label2\" content=\"Est. tempo de leitura\" \/>\n\t<meta name=\"twitter:data2\" content=\"2 minutos\" \/>\n<script type=\"application\/ld+json\" class=\"yoast-schema-graph\">{\"@context\":\"https:\/\/schema.org\",\"@graph\":[{\"@type\":\"NewsArticle\",\"@id\":\"https:\/\/www.estrategiaconcursos.com.br\/blog\/temporarios-do-inss-devem-ser-convocados-a-partir-de-junho\/#article\",\"isPartOf\":{\"@id\":\"https:\/\/www.estrategiaconcursos.com.br\/blog\/temporarios-do-inss-devem-ser-convocados-a-partir-de-junho\/\"},\"author\":{\"name\":\"Rubens Mauricio Corr\u00eaa\",\"@id\":\"https:\/\/www.estrategiaconcursos.com.br\/blog\/#\/schema\/person\/9fac14a8bf47492d9fd98769d1481766\"},\"headline\":\"Tempor\u00e1rios do INSS devem ser convocados a partir de junho\",\"datePublished\":\"2020-05-26T11:55:00+00:00\",\"dateModified\":\"2023-07-10T16:40:06+00:00\",\"mainEntityOfPage\":{\"@id\":\"https:\/\/www.estrategiaconcursos.com.br\/blog\/temporarios-do-inss-devem-ser-convocados-a-partir-de-junho\/\"},\"wordCount\":412,\"commentCount\":0,\"publisher\":{\"@id\":\"https:\/\/www.estrategiaconcursos.com.br\/blog\/#organization\"},\"image\":{\"@id\":\"https:\/\/www.estrategiaconcursos.com.br\/blog\/temporarios-do-inss-devem-ser-convocados-a-partir-de-junho\/#primaryimage\"},\"thumbnailUrl\":\"https:\/\/dhg1h5j42swfq.cloudfront.net\/2019\/02\/14151433\/Captuinssrar-min.jpg\",\"articleSection\":[\"Concursos P\u00fablicos\"],\"inLanguage\":\"pt-BR\",\"potentialAction\":[{\"@type\":\"CommentAction\",\"name\":\"Comment\",\"target\":[\"https:\/\/www.estrategiaconcursos.com.br\/blog\/temporarios-do-inss-devem-ser-convocados-a-partir-de-junho\/#respond\"]}],\"copyrightYear\":\"2020\",\"copyrightHolder\":{\"@id\":\"https:\/\/www.estrategiaconcursos.com.br\/blog\/#organization\"}},{\"@type\":\"WebPage\",\"@id\":\"https:\/\/www.estrategiaconcursos.com.br\/blog\/temporarios-do-inss-devem-ser-convocados-a-partir-de-junho\/\",\"url\":\"https:\/\/www.estrategiaconcursos.com.br\/blog\/temporarios-do-inss-devem-ser-convocados-a-partir-de-junho\/\",\"name\":\"Tempor\u00e1rios do INSS devem ser convocados a partir de junho\",\"isPartOf\":{\"@id\":\"https:\/\/www.estrategiaconcursos.com.br\/blog\/#website\"},\"primaryImageOfPage\":{\"@id\":\"https:\/\/www.estrategiaconcursos.com.br\/blog\/temporarios-do-inss-devem-ser-convocados-a-partir-de-junho\/#primaryimage\"},\"image\":{\"@id\":\"https:\/\/www.estrategiaconcursos.com.br\/blog\/temporarios-do-inss-devem-ser-convocados-a-partir-de-junho\/#primaryimage\"},\"thumbnailUrl\":\"https:\/\/dhg1h5j42swfq.cloudfront.net\/2019\/02\/14151433\/Captuinssrar-min.jpg\",\"datePublished\":\"2020-05-26T11:55:00+00:00\",\"dateModified\":\"2023-07-10T16:40:06+00:00\",\"breadcrumb\":{\"@id\":\"https:\/\/www.estrategiaconcursos.com.br\/blog\/temporarios-do-inss-devem-ser-convocados-a-partir-de-junho\/#breadcrumb\"},\"inLanguage\":\"pt-BR\",\"potentialAction\":[{\"@type\":\"ReadAction\",\"target\":[\"https:\/\/www.estrategiaconcursos.com.br\/blog\/temporarios-do-inss-devem-ser-convocados-a-partir-de-junho\/\"]}]},{\"@type\":\"ImageObject\",\"inLanguage\":\"pt-BR\",\"@id\":\"https:\/\/www.estrategiaconcursos.com.br\/blog\/temporarios-do-inss-devem-ser-convocados-a-partir-de-junho\/#primaryimage\",\"url\":\"https:\/\/dhg1h5j42swfq.cloudfront.net\/2019\/02\/14151433\/Captuinssrar-min.jpg\",\"contentUrl\":\"https:\/\/dhg1h5j42swfq.cloudfront.net\/2019\/02\/14151433\/Captuinssrar-min.jpg\",\"width\":1200,\"height\":627,\"caption\":\"Instituto Nacional do Seguro Social\"},{\"@type\":\"BreadcrumbList\",\"@id\":\"https:\/\/www.estrategiaconcursos.com.br\/blog\/temporarios-do-inss-devem-ser-convocados-a-partir-de-junho\/#breadcrumb\",\"itemListElement\":[{\"@type\":\"ListItem\",\"position\":1,\"name\":\"In\u00edcio\",\"item\":\"https:\/\/www.estrategiaconcursos.com.br\/blog\/\"},{\"@type\":\"ListItem\",\"position\":2,\"name\":\"Tempor\u00e1rios do INSS devem ser convocados a partir de junho\"}]},{\"@type\":\"WebSite\",\"@id\":\"https:\/\/www.estrategiaconcursos.com.br\/blog\/#website\",\"url\":\"https:\/\/www.estrategiaconcursos.com.br\/blog\/\",\"name\":\"Estrat\u00e9gia Concursos\",\"description\":\"O blog da Estrat\u00e9gia Concursos traz not\u00edcias sobre concursos e artigos de professores oferecendo cursos para concursos (pdf + videaulas) no site.\",\"publisher\":{\"@id\":\"https:\/\/www.estrategiaconcursos.com.br\/blog\/#organization\"},\"potentialAction\":[{\"@type\":\"SearchAction\",\"target\":{\"@type\":\"EntryPoint\",\"urlTemplate\":\"https:\/\/www.estrategiaconcursos.com.br\/blog\/?s={search_term_string}\"},\"query-input\":{\"@type\":\"PropertyValueSpecification\",\"valueRequired\":true,\"valueName\":\"search_term_string\"}}],\"inLanguage\":\"pt-BR\"},{\"@type\":\"Organization\",\"@id\":\"https:\/\/www.estrategiaconcursos.com.br\/blog\/#organization\",\"name\":\"Estrat\u00e9gia Concursos\",\"url\":\"https:\/\/www.estrategiaconcursos.com.br\/blog\/\",\"logo\":{\"@type\":\"ImageObject\",\"inLanguage\":\"pt-BR\",\"@id\":\"https:\/\/www.estrategiaconcursos.com.br\/blog\/#\/schema\/logo\/image\/\",\"url\":\"https:\/\/dhg1h5j42swfq.cloudfront.net\/2025\/06\/03203428\/logo_concursos-1.jpg\",\"contentUrl\":\"https:\/\/dhg1h5j42swfq.cloudfront.net\/2025\/06\/03203428\/logo_concursos-1.jpg\",\"width\":230,\"height\":60,\"caption\":\"Estrat\u00e9gia Concursos\"},\"image\":{\"@id\":\"https:\/\/www.estrategiaconcursos.com.br\/blog\/#\/schema\/logo\/image\/\"},\"sameAs\":[\"https:\/\/x.com\/EstratConcursos\"]},{\"@type\":\"Person\",\"@id\":\"https:\/\/www.estrategiaconcursos.com.br\/blog\/#\/schema\/person\/9fac14a8bf47492d9fd98769d1481766\",\"name\":\"Rubens Mauricio Corr\u00eaa\",\"image\":{\"@type\":\"ImageObject\",\"inLanguage\":\"pt-BR\",\"@id\":\"https:\/\/secure.gravatar.com\/avatar\/83a4c19cfd065707044bf9b66e1b81736430186d86e560356b352823fac7df9c?s=96&d=mm&r=g\",\"url\":\"https:\/\/secure.gravatar.com\/avatar\/83a4c19cfd065707044bf9b66e1b81736430186d86e560356b352823fac7df9c?s=96&d=mm&r=g\",\"contentUrl\":\"https:\/\/secure.gravatar.com\/avatar\/83a4c19cfd065707044bf9b66e1b81736430186d86e560356b352823fac7df9c?s=96&d=mm&r=g\",\"caption\":\"Rubens Mauricio Corr\u00eaa\"},\"url\":\"https:\/\/www.estrategiaconcursos.com.br\/blog\/author\/rubensmauricioestrategiaconcursos-com-br\/\"}]}<\/script>\n<!-- \/ Yoast SEO Premium plugin. -->","yoast_head_json":{"title":"Tempor\u00e1rios do INSS devem ser convocados a partir de junho","robots":{"index":"index","follow":"follow","max-snippet":"max-snippet:-1","max-image-preview":"max-image-preview:large","max-video-preview":"max-video-preview:-1"},"canonical":"https:\/\/www.estrategiaconcursos.com.br\/blog\/temporarios-do-inss-devem-ser-convocados-a-partir-de-junho\/","og_locale":"pt_BR","og_type":"article","og_title":"Tempor\u00e1rios do INSS devem ser convocados a partir de junho","og_description":"Os candidatos do Processo Seletivo Tempor\u00e1rio do INSS devem come\u00e7ar a ser convocados a partir do pr\u00f3ximo m\u00eas. A informa\u00e7\u00e3o foi confirmada pelo presidente do \u00f3rg\u00e3o, Leonardo Rolim, em entrevista ao jornal EXTRA. O PSS, publicado no final de abril, \u00e9 dividido em dois grupos. Um deles, o de aposentados do \u00f3rg\u00e3o, vai ficar respons\u00e1vel [&hellip;]","og_url":"https:\/\/www.estrategiaconcursos.com.br\/blog\/temporarios-do-inss-devem-ser-convocados-a-partir-de-junho\/","og_site_name":"Estrat\u00e9gia Concursos","article_published_time":"2020-05-26T11:55:00+00:00","article_modified_time":"2023-07-10T16:40:06+00:00","og_image":[{"width":1200,"height":627,"url":"https:\/\/dhg1h5j42swfq.cloudfront.net\/2019\/02\/14151433\/Captuinssrar-min.jpg","type":"image\/jpeg"}],"author":"Rubens Mauricio Corr\u00eaa","twitter_card":"summary_large_image","twitter_creator":"@EstratConcursos","twitter_site":"@EstratConcursos","twitter_misc":{"Escrito por":"Rubens Mauricio Corr\u00eaa","Est. tempo de leitura":"2 minutos"},"schema":{"@context":"https:\/\/schema.org","@graph":[{"@type":"NewsArticle","@id":"https:\/\/www.estrategiaconcursos.com.br\/blog\/temporarios-do-inss-devem-ser-convocados-a-partir-de-junho\/#article","isPartOf":{"@id":"https:\/\/www.estrategiaconcursos.com.br\/blog\/temporarios-do-inss-devem-ser-convocados-a-partir-de-junho\/"},"author":{"name":"Rubens Mauricio Corr\u00eaa","@id":"https:\/\/www.estrategiaconcursos.com.br\/blog\/#\/schema\/person\/9fac14a8bf47492d9fd98769d1481766"},"headline":"Tempor\u00e1rios do INSS devem ser convocados a partir de junho","datePublished":"2020-05-26T11:55:00+00:00","dateModified":"2023-07-10T16:40:06+00:00","mainEntityOfPage":{"@id":"https:\/\/www.estrategiaconcursos.com.br\/blog\/temporarios-do-inss-devem-ser-convocados-a-partir-de-junho\/"},"wordCount":412,"commentCount":0,"publisher":{"@id":"https:\/\/www.estrategiaconcursos.com.br\/blog\/#organization"},"image":{"@id":"https:\/\/www.estrategiaconcursos.com.br\/blog\/temporarios-do-inss-devem-ser-convocados-a-partir-de-junho\/#primaryimage"},"thumbnailUrl":"https:\/\/dhg1h5j42swfq.cloudfront.net\/2019\/02\/14151433\/Captuinssrar-min.jpg","articleSection":["Concursos P\u00fablicos"],"inLanguage":"pt-BR","potentialAction":[{"@type":"CommentAction","name":"Comment","target":["https:\/\/www.estrategiaconcursos.com.br\/blog\/temporarios-do-inss-devem-ser-convocados-a-partir-de-junho\/#respond"]}],"copyrightYear":"2020","copyrightHolder":{"@id":"https:\/\/www.estrategiaconcursos.com.br\/blog\/#organization"}},{"@type":"WebPage","@id":"https:\/\/www.estrategiaconcursos.com.br\/blog\/temporarios-do-inss-devem-ser-convocados-a-partir-de-junho\/","url":"https:\/\/www.estrategiaconcursos.com.br\/blog\/temporarios-do-inss-devem-ser-convocados-a-partir-de-junho\/","name":"Tempor\u00e1rios do INSS devem ser convocados a partir de junho","isPartOf":{"@id":"https:\/\/www.estrategiaconcursos.com.br\/blog\/#website"},"primaryImageOfPage":{"@id":"https:\/\/www.estrategiaconcursos.com.br\/blog\/temporarios-do-inss-devem-ser-convocados-a-partir-de-junho\/#primaryimage"},"image":{"@id":"https:\/\/www.estrategiaconcursos.com.br\/blog\/temporarios-do-inss-devem-ser-convocados-a-partir-de-junho\/#primaryimage"},"thumbnailUrl":"https:\/\/dhg1h5j42swfq.cloudfront.net\/2019\/02\/14151433\/Captuinssrar-min.jpg","datePublished":"2020-05-26T11:55:00+00:00","dateModified":"2023-07-10T16:40:06+00:00","breadcrumb":{"@id":"https:\/\/www.estrategiaconcursos.com.br\/blog\/temporarios-do-inss-devem-ser-convocados-a-partir-de-junho\/#breadcrumb"},"inLanguage":"pt-BR","potentialAction":[{"@type":"ReadAction","target":["https:\/\/www.estrategiaconcursos.com.br\/blog\/temporarios-do-inss-devem-ser-convocados-a-partir-de-junho\/"]}]},{"@type":"ImageObject","inLanguage":"pt-BR","@id":"https:\/\/www.estrategiaconcursos.com.br\/blog\/temporarios-do-inss-devem-ser-convocados-a-partir-de-junho\/#primaryimage","url":"https:\/\/dhg1h5j42swfq.cloudfront.net\/2019\/02\/14151433\/Captuinssrar-min.jpg","contentUrl":"https:\/\/dhg1h5j42swfq.cloudfront.net\/2019\/02\/14151433\/Captuinssrar-min.jpg","width":1200,"height":627,"caption":"Instituto Nacional do Seguro Social"},{"@type":"BreadcrumbList","@id":"https:\/\/www.estrategiaconcursos.com.br\/blog\/temporarios-do-inss-devem-ser-convocados-a-partir-de-junho\/#breadcrumb","itemListElement":[{"@type":"ListItem","position":1,"name":"In\u00edcio","item":"https:\/\/www.estrategiaconcursos.com.br\/blog\/"},{"@type":"ListItem","position":2,"name":"Tempor\u00e1rios do INSS devem ser convocados a partir de junho"}]},{"@type":"WebSite","@id":"https:\/\/www.estrategiaconcursos.com.br\/blog\/#website","url":"https:\/\/www.estrategiaconcursos.com.br\/blog\/","name":"Estrat\u00e9gia Concursos","description":"O blog da Estrat\u00e9gia Concursos traz not\u00edcias sobre concursos e artigos de professores oferecendo cursos para concursos (pdf + videaulas) no site.","publisher":{"@id":"https:\/\/www.estrategiaconcursos.com.br\/blog\/#organization"},"potentialAction":[{"@type":"SearchAction","target":{"@type":"EntryPoint","urlTemplate":"https:\/\/www.estrategiaconcursos.com.br\/blog\/?s={search_term_string}"},"query-input":{"@type":"PropertyValueSpecification","valueRequired":true,"valueName":"search_term_string"}}],"inLanguage":"pt-BR"},{"@type":"Organization","@id":"https:\/\/www.estrategiaconcursos.com.br\/blog\/#organization","name":"Estrat\u00e9gia Concursos","url":"https:\/\/www.estrategiaconcursos.com.br\/blog\/","logo":{"@type":"ImageObject","inLanguage":"pt-BR","@id":"https:\/\/www.estrategiaconcursos.com.br\/blog\/#\/schema\/logo\/image\/","url":"https:\/\/dhg1h5j42swfq.cloudfront.net\/2025\/06\/03203428\/logo_concursos-1.jpg","contentUrl":"https:\/\/dhg1h5j42swfq.cloudfront.net\/2025\/06\/03203428\/logo_concursos-1.jpg","width":230,"height":60,"caption":"Estrat\u00e9gia Concursos"},"image":{"@id":"https:\/\/www.estrategiaconcursos.com.br\/blog\/#\/schema\/logo\/image\/"},"sameAs":["https:\/\/x.com\/EstratConcursos"]},{"@type":"Person","@id":"https:\/\/www.estrategiaconcursos.com.br\/blog\/#\/schema\/person\/9fac14a8bf47492d9fd98769d1481766","name":"Rubens Mauricio Corr\u00eaa","image":{"@type":"ImageObject","inLanguage":"pt-BR","@id":"https:\/\/secure.gravatar.com\/avatar\/83a4c19cfd065707044bf9b66e1b81736430186d86e560356b352823fac7df9c?s=96&d=mm&r=g","url":"https:\/\/secure.gravatar.com\/avatar\/83a4c19cfd065707044bf9b66e1b81736430186d86e560356b352823fac7df9c?s=96&d=mm&r=g","contentUrl":"https:\/\/secure.gravatar.com\/avatar\/83a4c19cfd065707044bf9b66e1b81736430186d86e560356b352823fac7df9c?s=96&d=mm&r=g","caption":"Rubens Mauricio Corr\u00eaa"},"url":"https:\/\/www.estrategiaconcursos.com.br\/blog\/author\/rubensmauricioestrategiaconcursos-com-br\/"}]}},"_links":{"self":[{"href":"https:\/\/www.estrategiaconcursos.com.br\/blog\/wp-json\/wp\/v2\/posts\/518497","targetHints":{"allow":["GET"]}}],"collection":[{"href":"https:\/\/www.estrategiaconcursos.com.br\/blog\/wp-json\/wp\/v2\/posts"}],"about":[{"href":"https:\/\/www.estrategiaconcursos.com.br\/blog\/wp-json\/wp\/v2\/types\/post"}],"author":[{"embeddable":true,"href":"https:\/\/www.estrategiaconcursos.com.br\/blog\/wp-json\/wp\/v2\/users\/401"}],"replies":[{"embeddable":true,"href":"https:\/\/www.estrategiaconcursos.com.br\/blog\/wp-json\/wp\/v2\/comments?post=518497"}],"version-history":[{"count":10,"href":"https:\/\/www.estrategiaconcursos.com.br\/blog\/wp-json\/wp\/v2\/posts\/518497\/revisions"}],"predecessor-version":[{"id":1245939,"href":"https:\/\/www.estrategiaconcursos.com.br\/blog\/wp-json\/wp\/v2\/posts\/518497\/revisions\/1245939"}],"wp:featuredmedia":[{"embeddable":true,"href":"https:\/\/www.estrategiaconcursos.com.br\/blog\/wp-json\/wp\/v2\/media\/166149"}],"wp:attachment":[{"href":"https:\/\/www.estrategiaconcursos.com.br\/blog\/wp-json\/wp\/v2\/media?parent=518497"}],"wp:term":[{"taxonomy":"category","embeddable":true,"href":"https:\/\/www.estrategiaconcursos.com.br\/blog\/wp-json\/wp\/v2\/categories?post=518497"},{"taxonomy":"post_tag","embeddable":true,"href":"https:\/\/www.estrategiaconcursos.com.br\/blog\/wp-json\/wp\/v2\/tags?post=518497"},{"taxonomy":"tax_estado","embeddable":true,"href":"https:\/\/www.estrategiaconcursos.com.br\/blog\/wp-json\/wp\/v2\/tax_estado?post=518497"}],"curies":[{"name":"wp","href":"https:\/\/api.w.org\/{rel}","templated":true}]}}