{"id":517926,"date":"2026-03-16T11:58:00","date_gmt":"2026-03-16T14:58:00","guid":{"rendered":"https:\/\/www.estrategiaconcursos.com.br\/blog\/?p=517926"},"modified":"2026-03-16T16:54:28","modified_gmt":"2026-03-16T19:54:28","slug":"concurso-mdr","status":"publish","type":"post","link":"https:\/\/www.estrategiaconcursos.com.br\/blog\/concurso-mdr\/","title":{"rendered":"Concurso MDR: resultado final \u00e9 homologado!"},"content":{"rendered":"\n<p>Foi publicada a homologa\u00e7\u00e3o do resultado final de aprovados no concurso <strong>MDR<\/strong> <strong>(<a href=\"https:\/\/www.estrategiaconcursos.com.br\/curso\/ministerio-da-integracao-e-do-desenvolvimento-regional-mrd-pacote-conhecimentos-basicos\/\" target=\"_blank\" rel=\"noreferrer noopener\">Minist\u00e9rio da Integra\u00e7\u00e3o e do Desenvolvimento Regional<\/a>)<\/strong>, contemplado no <strong><a href=\"https:\/\/www.estrategiaconcursos.com.br\/blog\/concurso-nacional-unificado\/\" target=\"_blank\" rel=\"noreferrer noopener\">CNU<\/a> <\/strong>.<\/p>\n\n\n\n<p>A informa\u00e7\u00e3o foi publicada no Di\u00e1rio Oficial da Uni\u00e3o do dia 16 de mar\u00e7o. Inclusive, \u00e9 poss\u00edvel conferir as listas finais de classifica\u00e7\u00e3o para as vagas imediatas e banco de espera.<\/p>\n\n\n\n<ul class=\"wp-block-list\">\n<li><a href=\"https:\/\/www.in.gov.br\/web\/dou\/-\/edital-n-84-de-13-de-marco-de-2026-693017893\" target=\"_blank\" rel=\"noreferrer noopener\"><strong>Resultado final!<\/strong><\/a><\/li>\n<\/ul>\n\n\n\n<p>Agora, os candidatos aprovados na sele\u00e7\u00e3o poder\u00e3o come\u00e7ar a ser convocados, conforme a necessidade e a validade do Concurso Unificado.<\/p>\n\n\n\n<p>Lembrando que o concurso MDR oferece <strong>10 vagas imediatas<\/strong> para Engenheiro, com exig\u00eancia de n\u00edvel superior.<\/p>\n\n\n\n<p>Essa \u00e9 a chance de ouro daqueles que sonham em ingressar no \u00f3rg\u00e3o, com sal\u00e1rios iniciais de at\u00e9 <strong>R$ 8.215,07<\/strong>.<\/p>\n\n\n\n<ul style=\"background-color:#dee3e7\" class=\"wp-block-list has-background\">\n<li><strong>Minist\u00e9rio da Integra\u00e7\u00e3o e do Desenvolvimento Regional &#8211; MDR<\/strong><\/li>\n\n\n\n<li><strong style=\"color: initial;\">Status:<\/strong> homologado<\/li>\n\n\n\n<li><strong>Banca:<\/strong>&nbsp;<a href=\"https:\/\/conhecimento.fgv.br\/cpnu2\" target=\"_blank\" rel=\"noreferrer noopener\">FGV<\/a><\/li>\n\n\n\n<li><strong>Vagas:<\/strong> 10<\/li>\n\n\n\n<li><strong>Sal\u00e1rio inicial:<\/strong>&nbsp;R$ 8.215,07<\/li>\n\n\n\n<li><strong>Edital retificado:<\/strong> <a href=\"https:\/\/dhg1h5j42swfq.cloudfront.net\/2025\/07\/17084842\/edital-cnu-2025-retificado.pdf\" target=\"_blank\" rel=\"noreferrer noopener\">Edital CNU 2025<\/a> | <a href=\"https:\/\/dhg1h5j42swfq.cloudfront.net\/2025\/08\/05095935\/cnu-2025-bloco-4.pdf\" target=\"_blank\" rel=\"noreferrer noopener\">Bloco 4<\/a>&nbsp;<\/li>\n<\/ul>\n\n\n\n<h3 class=\"wp-block-heading\" id=\"h-processo-seletivo-temporario-mdr\">Processo Seletivo Tempor\u00e1rio MDR<\/h3>\n\n\n\n<p>O \u00faltimo processo seletivo tempor\u00e1rio do <strong>MDR<\/strong> j\u00e1 teve o seu resultado <strong>homologado<\/strong>. Com isso, inicia-se a <strong>validade de 6 (seis) meses<\/strong>, prorrog\u00e1vel pelo prazo necess\u00e1rio, desde que n\u00e3o exceda 2 (dois) anos.<\/p>\n\n\n\n<ul class=\"wp-block-list\">\n<li><strong><a href=\"https:\/\/dhg1h5j42swfq.cloudfront.net\/2025\/02\/18085538\/resultado-homologado-midr-temporarios.pdf\" target=\"_blank\" rel=\"noreferrer noopener nofollow\">Veja a homologa\u00e7\u00e3o do resultado e as orienta\u00e7\u00f5es para os aprovados<\/a><\/strong><\/li>\n<\/ul>\n\n\n\n<p>Os candidatos aprovados dentro do n\u00famero de vagas ser\u00e3o convocados por e-mail e dever\u00e3o providenciar os exames m\u00e9dicos laboratoriais e complementares necess\u00e1rios.<\/p>\n\n\n\n<p>Lembrando que foram ofertadas <strong>59 vagas tempor\u00e1rias<\/strong> para diversos cargos de n\u00edvel superior de escolaridade, com sal\u00e1rios iniciais entre <strong>R$ 6.130,00 <\/strong>e<strong> R$ 8.300,00<\/strong>.<\/p>\n\n\n\n<ul style=\"background-color:#dee3e7\" class=\"wp-block-list has-background\">\n<li><strong>PSS Minist\u00e9rio do Desenvolvimento Regional<\/strong><\/li>\n\n\n\n<li><strong style=\"color: initial;\">Status:&nbsp;<\/strong>homologado<\/li>\n\n\n\n<li><strong>Banca:<\/strong> <a href=\"https:\/\/www.gov.br\/mdr\/pt-br\/acesso-a-informacao\/processos-seletivos\" target=\"_blank\" rel=\"noreferrer noopener\">comiss\u00e3o pr\u00f3pria<\/a><\/li>\n\n\n\n<li><strong>Vagas:<\/strong> 59 tempor\u00e1rias<\/li>\n\n\n\n<li><strong>Sal\u00e1rio inicial:<\/strong>&nbsp;R$ 6.130,00 a R$ 8.300,00<\/li>\n\n\n\n<li><strong>Edital:<\/strong> <a href=\"https:\/\/dhg1h5j42swfq.cloudfront.net\/2024\/12\/30074609\/edital-midr-temporarios.pdf\" target=\"_blank\" rel=\"noreferrer noopener\">MIDR 2025<\/a><\/li>\n<\/ul>\n\n\n\n<p>Confira, neste artigo, as principais informa\u00e7\u00f5es e novidades a respeito do concurso MDR. Acompanhe os t\u00f3picos abaixo e n\u00e3o perca nenhum detalhe:<\/p>\n\n\n\n<ul id=\"indice\" class=\"wp-block-list\">\n<li><a href=\"#sobre\"><strong>Sobre o MDR<\/strong><\/a><\/li>\n\n\n\n<li><a href=\"#cnu\"><strong>Edital &#8211; CNU 2025<\/strong><\/a>\n<ul class=\"wp-block-list\">\n<li><a href=\"#h-cargos-e-vagas\">Cargos e vagas<\/a><\/li>\n\n\n\n<li><a href=\"#h-etapas-do-edital\">Etapas do concurso<\/a><\/li>\n<\/ul>\n<\/li>\n\n\n\n<li><strong><a href=\"#temporarios\">Edital Tempor\u00e1rios<\/a><\/strong> (2024)\n<ul class=\"wp-block-list\">\n<li><a href=\"#cargos\">Cargos, vagas e sal\u00e1rios<\/a><\/li>\n\n\n\n<li><a href=\"#etapas\">Etapa de prova<\/a><\/li>\n<\/ul>\n<\/li>\n\n\n\n<li><a href=\"#assinatura-e-cursos\"><strong>Assinatura e cursos<\/strong><\/a><\/li>\n\n\n\n<li><a href=\"#ficha-tecnica\"><strong>Ficha t\u00e9cnica<\/strong><\/a><\/li>\n<\/ul>\n\n\n\n<div class=\"container\" id=\"boxes\">\n  <div class=\"row\">\n\n    <div class=\"col-sm\">\n      <div class=\"banner-adm-ec\" id=\"box-assinatura\">\n        <h2 class=\"titulo-assinatura\">Cursos para Concurso MDR<\/h2>\n        <p class=\"subtitulo-assinatura\">Prepara\u00e7\u00e3o completa para a carreira no MIDR!<\/p>\n        <div class=\"box-botao\">\n          <a class=\"btn-assinatura\" target=\"_blank\" href=\"https:\/\/www.estrategiaconcursos.com.br\/cursosPorConcurso\/ministerio-da-integracao-e-do-desenvolvimento-regional-mrd\/\" role=\"button\" rel=\"noopener noreferrer\">EXPLORAR CURSOS<\/a>\n        <\/div>\n      <\/div>\n     \n    <\/div>\n\n  <\/div>\n<\/div>\n\n\n\n<h2 class=\"wp-block-heading\" id=\"sobre\">Sobre o Minist\u00e9rio da Integra\u00e7\u00e3o e do Desenvolvimento<br \/>Regional (MIDR)<\/h2>\n\n\n\n<p>O <a href=\"https:\/\/www.gov.br\/mdr\/pt-br\" target=\"_blank\" rel=\"noreferrer noopener\">MIDR<\/a> foi criado em janeiro de 2019 com o desafio de integrar, numa \u00fanica Pasta, as diversas pol\u00edticas p\u00fablicas de infraestrutura urbana e de promo\u00e7\u00e3o do desenvolvimento regional e produtivo.<\/p>\n\n\n\n<p>As a\u00e7\u00f5es da Pasta visam apoiar os 5.570 munic\u00edpios brasileiros na melhoria da qualidade de vida da popula\u00e7\u00e3o. <\/p>\n\n\n\n<p>Foi estruturado a partir da jun\u00e7\u00e3o dos antigos Minist\u00e9rios das Cidades (MCid) e da Integra\u00e7\u00e3o Nacional (MI), com adapta\u00e7\u00f5es para otimizar a administra\u00e7\u00e3o de programas, recursos e financiamentos.<\/p>\n\n\n\n<h2 class=\"wp-block-heading\" id=\"cnu\">Concurso MDR: CNU 2025<\/h2>\n\n\n\n<h3 class=\"wp-block-heading\" id=\"h-cargos-e-vagas\">Cargos e vagas<\/h3>\n\n\n\n<figure class=\"wp-block-image aligncenter size-full\"><img loading=\"lazy\" decoding=\"async\" width=\"791\" height=\"115\" src=\"https:\/\/dhg1h5j42swfq.cloudfront.net\/2025\/06\/01152001\/concurso-mdr.png\" alt=\"Quadro de vagas do concurso MDR\" class=\"wp-image-1599934\" srcset=\"https:\/\/dhg1h5j42swfq.cloudfront.net\/2025\/06\/01152001\/concurso-mdr.png 791w, https:\/\/dhg1h5j42swfq.cloudfront.net\/2025\/06\/01152001\/concurso-mdr-300x44.png 300w, https:\/\/dhg1h5j42swfq.cloudfront.net\/2025\/06\/01152001\/concurso-mdr-768x112.png 768w, https:\/\/dhg1h5j42swfq.cloudfront.net\/2025\/06\/01152001\/concurso-mdr-150x22.png 150w\" sizes=\"auto, (max-width: 791px) 100vw, 791px\" \/><figcaption class=\"wp-element-caption\">Quadro de vagas do concurso MDR<\/figcaption><\/figure>\n\n\n\n<p><strong>Remunera\u00e7\u00e3o inicial na data do Edital: <\/strong>R$ 8.215,07, composta de R$ 3.576,67 de vencimento b\u00e1sico + R$ 4.638,40 de Gratifica\u00e7\u00e3o de Desempenho de Cargos Espec\u00edficos (GDACE) de 80 pontos. Ao ingressar, o novo servidor receber\u00e1 80 pontos de gratifica\u00e7\u00e3o at\u00e9 sua primeira avalia\u00e7\u00e3o, quando poder\u00e1 chegar aos 100 pontos e a remunera\u00e7\u00e3o atingir o valor de R$ 9.374,67.<\/p>\n\n\n\n<p><strong>Forma\u00e7\u00e3o Exigida: <\/strong>Diploma, devidamente registrado, ou certificado de conclus\u00e3o de curso de conclus\u00e3o de curso de Gradua\u00e7\u00e3o em Engenharia fornecido por institui\u00e7\u00e3o de ensino reconhecida pelo Minist\u00e9rio da Educa\u00e7\u00e3o (MEC), se houver, com registro profissional em conselho de classe competente.<\/p>\n\n\n\n<h3 class=\"wp-block-heading\" id=\"h-etapas-do-edital\">Etapas do edital<\/h3>\n\n\n\n<p>Os inscritos foram avaliados por meio das seguintes etapas do concurso p\u00fablico MDR:<\/p>\n\n\n\n<ul class=\"wp-block-list\">\n<li><strong>I \u2013 Primeira etapa, dividida nas seguintes fases:<\/strong>\n<ul class=\"wp-block-list\">\n<li><strong>a) Fase 1: Prova Objetiva<\/strong>, de car\u00e1ter eliminat\u00f3rio e classificat\u00f3rio;<\/li>\n\n\n\n<li><strong>b) Fase 2: Prova Discursiva<\/strong>, de car\u00e1ter eliminat\u00f3rio e classificat\u00f3rio;<\/li>\n\n\n\n<li><strong>d) Fase 4: <\/strong>\n<ul class=\"wp-block-list\">\n<li><strong>Procedimento de caracteriza\u00e7\u00e3o<\/strong>&nbsp;da defici\u00eancia das pessoas candidatas que optaram por concorrer \u00e0s vagas reservadas, bem como de aferi\u00e7\u00e3o da compatibilidade entre as atribui\u00e7\u00f5es do cargo e a defici\u00eancia apresentada por essas pessoas, na forma do item 6 deste Edital; e <\/li>\n\n\n\n<li><strong>Procedimento de confirma\u00e7\u00e3o\/verifica\u00e7\u00e3o complementar <\/strong>da autodeclara\u00e7\u00e3o para concorrer \u00e0s vagas reservadas \u00e0s pessoas candidatas negras, ind\u00edgenas e quilombolas, na forma do item 7 deste Edital;<\/li>\n<\/ul>\n<\/li>\n<\/ul>\n<\/li>\n<\/ul>\n\n\n\n<h4 class=\"wp-block-heading\" id=\"h-prova-objetiva\">Prova objetiva<\/h4>\n\n\n\n<p>A prova objetiva do concurso p\u00fablico MDR foi composta por quest\u00f5es de m\u00faltipla escolha com 5 alternativas e apenas uma correta.<\/p>\n\n\n\n<p>Para n\u00edvel superior, foram <strong>5 horas (13h \u00e0s 18h)&nbsp;<\/strong>para responder&nbsp;<strong>90 quest\u00f5es<\/strong>, sendo 30 de conhecimentos gerais e 60 de espec\u00edficos.<\/p>\n\n\n\n<figure class=\"wp-block-image aligncenter\"><img loading=\"lazy\" decoding=\"async\" width=\"633\" height=\"537\" src=\"https:\/\/dhg1h5j42swfq.cloudfront.net\/2025\/06\/30235617\/image-362.png\" alt=\"Informa\u00e7\u00f5es sobre as provas dos blocos tem\u00e1ticos de 1 a 7 do CNU 2025.\" class=\"wp-image-1599316\" srcset=\"https:\/\/dhg1h5j42swfq.cloudfront.net\/2025\/06\/30235617\/image-362.png 633w, https:\/\/dhg1h5j42swfq.cloudfront.net\/2025\/06\/30235617\/image-362-300x255.png 300w, https:\/\/dhg1h5j42swfq.cloudfront.net\/2025\/06\/30235617\/image-362-150x127.png 150w\" sizes=\"auto, (max-width: 633px) 100vw, 633px\" \/><\/figure>\n\n\n\n<p>A Nota Final das Provas Objetivas foi obtida por meio da soma da pontua\u00e7\u00e3o das quest\u00f5es de Conhecimentos Gerais e da pontua\u00e7\u00e3o ponderada das quest\u00f5es de Conhecimentos Espec\u00edficos, conforme os crit\u00e9rios estabelecidos a seguir:<\/p>\n\n\n\n<ul class=\"wp-block-list\">\n<li>a) A pontua\u00e7\u00e3o das quest\u00f5es de Conhecimentos Gerais foi calculada com base no n\u00famero de acertos nas 30 quest\u00f5es correspondentes, sendo atribu\u00eddo peso 1 (um) a cada quest\u00e3o. Assim, cada acerto valeu 1 (um) ponto, totalizando&nbsp;<strong>at\u00e9 30 pontos<\/strong>;<\/li>\n\n\n\n<li>b) A pontua\u00e7\u00e3o das quest\u00f5es de Conhecimentos Espec\u00edficos foi calculada com base no n\u00famero de acertos nas 60 quest\u00f5es correspondentes, distribu\u00eddas em 5 eixos tem\u00e1ticos, cada um contendo 12 quest\u00f5es ponderadas de acordo com os respectivos pesos atribu\u00eddos a cada eixo tem\u00e1tico.<\/li>\n<\/ul>\n\n\n\n<p>Os pesos atribu\u00eddos a cada eixo tem\u00e1tico variam de 1 a 5, totalizando, em conjunto, o valor de&nbsp;<strong>10<\/strong>&nbsp;<strong>pontos<\/strong>.<\/p>\n\n\n\n<p>A distribui\u00e7\u00e3o dos pesos por eixo tem\u00e1tico varia conforme \u00f3rg\u00e3o, cargo e especialidade escolhidos. A nota da Prova Objetiva atingiu o m\u00e1ximo de 150 pontos, assim distribu\u00eddos:<\/p>\n\n\n\n<ul class=\"wp-block-list\">\n<li>a) At\u00e9 30 pontos na parte de Conhecimentos Gerais.<\/li>\n\n\n\n<li>b) At\u00e9 120 pontos na parte de Conhecimentos Espec\u00edficos, com a aplica\u00e7\u00e3o dos respectivos pesos por eixo tem\u00e1tico.<\/li>\n<\/ul>\n\n\n\n<h4 class=\"wp-block-heading\" id=\"conteudo\">Conte\u00fado program\u00e1tico<\/h4>\n\n\n\n<ul class=\"wp-block-list\">\n<li><strong>Conhecimentos gerais:<\/strong>\n<ul class=\"wp-block-list\">\n<li>Desafios do estado de direito;<\/li>\n\n\n\n<li>Pol\u00edticas p\u00fablicas;<\/li>\n\n\n\n<li>\u00c9tica e integridade;<\/li>\n\n\n\n<li>Diversidade e inclus\u00e3o na sociedade;<\/li>\n\n\n\n<li>Administra\u00e7\u00e3o p\u00fablica federal;<\/li>\n\n\n\n<li>Trabalho e tecnologia.<\/li>\n<\/ul>\n<\/li>\n<\/ul>\n\n\n\n<h4 class=\"wp-block-heading\" id=\"h-prova-discursiva\">Prova discursiva<\/h4>\n\n\n\n<p>Para os cargos de&nbsp;<strong>N\u00edvel Superior<\/strong>, a<strong>&nbsp;Prova Discursiva foi composta por 2 quest\u00f5es<\/strong>, valendo 22,5 pontos cada, podendo totalizar 45 pontos.<\/p>\n\n\n\n<p>As Provas Discursivas tiveram que ser respondidas em at\u00e9 30 linhas. A avalia\u00e7\u00e3o considerou como crit\u00e9rios o dom\u00ednio dos Conhecimentos Espec\u00edficos, que correspondeu a&nbsp;<strong>50%<\/strong>&nbsp;da nota total, e o uso da L\u00edngua Portuguesa, que correspondeu aos&nbsp;<strong>50%<\/strong>&nbsp;restante para N\u00edvel Superior.<\/p>\n\n\n\n<hr class=\"wp-block-separator has-alpha-channel-opacity is-style-dots\"\/>\n\n\n\n<h2 class=\"wp-block-heading\" id=\"temporarios\">Concurso MDR: edital tempor\u00e1rios<\/h2>\n\n\n\n<h3 class=\"wp-block-heading\" id=\"cargos\">Cargos, vagas e sal\u00e1rios <\/h3>\n\n\n\n<figure class=\"wp-block-table is-style-stripes\"><table class=\"has-fixed-layout\"><thead><tr><th class=\"has-text-align-center\" data-align=\"center\">CARGOS<\/th><th class=\"has-text-align-center\" data-align=\"center\">VAGAS<\/th><th class=\"has-text-align-center\" data-align=\"center\">SAL\u00c1RIO<\/th><\/tr><\/thead><tbody><tr><td class=\"has-text-align-center\" data-align=\"center\">Engenheiro Civil<\/td><td class=\"has-text-align-center\" data-align=\"center\">30<\/td><td class=\"has-text-align-center\" data-align=\"center\">R$ 8.300,00<\/td><\/tr><tr><td class=\"has-text-align-center\" data-align=\"center\">Meteorologista<\/td><td class=\"has-text-align-center\" data-align=\"center\">05<\/td><td class=\"has-text-align-center\" data-align=\"center\">R$ 8.300,00<\/td><\/tr><tr><td class=\"has-text-align-center\" data-align=\"center\">Analista T\u00e9cnico Administrativo \u2013 1<\/td><td class=\"has-text-align-center\" data-align=\"center\">09<\/td><td class=\"has-text-align-center\" data-align=\"center\">R$ 6.130,00<\/td><\/tr><tr><td class=\"has-text-align-center\" data-align=\"center\">Analista T\u00e9cnico Administrativo \u2013 2<\/td><td class=\"has-text-align-center\" data-align=\"center\">15<\/td><td class=\"has-text-align-center\" data-align=\"center\">R$ 6.130,00<\/td><\/tr><\/tbody><\/table><\/figure>\n\n\n\n<p>Cargos, vagas e remunera\u00e7\u00f5es do edital MIDR Tempor\u00e1rios<\/p>\n\n\n\n<h3 class=\"wp-block-heading\" id=\"etapas\">Etapa de prova<\/h3>\n\n\n\n<p>Sob organiza\u00e7\u00e3o comiss\u00e3o pr\u00f3pria, os candidatos inscritos no edital do concurso MIDR Tempor\u00e1rios foram avaliados por meio da aplica\u00e7\u00e3o da seguinte etapa:<\/p>\n\n\n\n<ul class=\"wp-block-list\">\n<li><strong>Prova de T\u00edtulos<\/strong>&nbsp;\u2013 classificat\u00f3rio.<\/li>\n<\/ul>\n\n\n\n<p>Os candidatos foram avaliados por meio da etapa de avalia\u00e7\u00e3o de t\u00edtulos e da experi\u00eancia profissional, que teve car\u00e1ter classificat\u00f3rio.<\/p>\n\n\n\n<hr class=\"wp-block-separator has-css-opacity\"\/>\n\n\n\n<h2 class=\"wp-block-heading has-text-align-center\" id=\"assinatura-e-cursos\"><em>Assinaturas e cursos para o concurso MDR:<\/em><\/h2>\n\n\n\n<div class=\"container\" id=\"boxes\">\n  <div class=\"row\">\n\n    <div class=\"col-sm\">\n      <div class=\"banner-adm-ec\" id=\"box-assinatura\">\n        <h3 class=\"titulo-assinatura\">Cursos para o Concurso MIDR<\/h3>\n        <p class=\"subtitulo-assinatura\">Prepara\u00e7\u00e3o completa para a sua carreira no MIDR!<\/p>\n        <div class=\"box-botao\">\n          <a class=\"btn-assinatura\" target=\"_blank\" href=\"https:\/\/www.estrategiaconcursos.com.br\/cursosPorConcurso\/ministerio-da-integracao-e-do-desenvolvimento-regional-mrd\/\" role=\"button\" rel=\"noopener noreferrer\">VER CURSOS<\/a>\n        <\/div>\n      <\/div>\n     \n    <\/div>\n\n  <\/div>\n<\/div>\n\n\n\n<div class=\"container\" id=\"boxes\">\n  <div class=\"row\">\n\n    <div class=\"col-sm\">\n      <div class=\"estrategia\" id=\"box-assinatura\">\n        <h3 class=\"titulo-assinatura\">Assinatura Concursos<\/h3>\n        <p class=\"subtitulo-assinatura\">Assinatura de 1 ano ou 2 anos<\/p>\n        <div class=\"box-botao\">\n          <a class=\"btn-assinatura\" target=\"_blank\" href=\"https:\/\/www.estrategiaconcursos.com.br\/assinaturas\/\" role=\"button\" rel=\"noopener noreferrer\">ASSINE AGORA<\/a>\n        <\/div>\n      <\/div><\/div><\/div><\/div>\n\n\n\n<h2 class=\"wp-block-heading has-text-align-center\" id=\"h-quer-saber-tudo-sobre-concursos-previstos-confira-nossos-artigos\">Quer saber tudo sobre concursos previstos?<br \/>Confira nossos artigos!<\/h2>\n\n\n\n<ul class=\"wp-block-list\">\n<li><a href=\"https:\/\/www.estrategiaconcursos.com.br\/blog\/concursos-abertos\/\" target=\"_blank\" rel=\"noreferrer noopener\">Concursos Abertos<\/a><\/li>\n\n\n\n<li><a href=\"https:\/\/www.estrategiaconcursos.com.br\/blog\/concursos-federais\/\" target=\"_blank\" rel=\"noreferrer noopener\">Concursos Federais<\/a><\/li>\n\n\n\n<li><a href=\"https:\/\/www.estrategiaconcursos.com.br\/blog\/concursos-2026\/\" target=\"_blank\" rel=\"noreferrer noopener\">Concursos 2026<\/a><\/li>\n<\/ul>\n\n\n\n<figure class=\"wp-block-image size-large is-resized\"><img loading=\"lazy\" decoding=\"async\" width=\"1024\" height=\"632\" src=\"https:\/\/dhg1h5j42swfq.cloudfront.net\/2021\/07\/06093407\/ficha-tecnica-1-1024x632.png\" alt=\"Informa\u00e7\u00f5es do Concurso\u00a0MDR\" class=\"wp-image-788054\" style=\"width:298px;height:184px\" srcset=\"https:\/\/dhg1h5j42swfq.cloudfront.net\/2021\/07\/06093407\/ficha-tecnica-1-1024x632.png 1024w, https:\/\/dhg1h5j42swfq.cloudfront.net\/2021\/07\/06093407\/ficha-tecnica-1-300x185.png 300w, https:\/\/dhg1h5j42swfq.cloudfront.net\/2021\/07\/06093407\/ficha-tecnica-1-768x474.png 768w, https:\/\/dhg1h5j42swfq.cloudfront.net\/2021\/07\/06093407\/ficha-tecnica-1-1536x948.png 1536w, https:\/\/dhg1h5j42swfq.cloudfront.net\/2021\/07\/06093407\/ficha-tecnica-1-610x377.png 610w, https:\/\/dhg1h5j42swfq.cloudfront.net\/2021\/07\/06093407\/ficha-tecnica-1.png 1571w\" sizes=\"auto, (max-width: 1024px) 100vw, 1024px\" \/><\/figure>\n\n\n\n<h3 class=\"wp-block-heading\" id=\"ficha-tecnica\">Informa\u00e7\u00f5es do concurso&nbsp;MDR<\/h3>\n\n\n\n<ul class=\"wp-block-list\">\n<li><strong>Ano<\/strong>: 2025\/2026<\/li>\n\n\n\n<li><strong>Banca:<\/strong> FGV<\/li>\n\n\n\n<li><strong>Vagas:<\/strong>&nbsp;10<\/li>\n\n\n\n<li><strong>Cargo:<\/strong>&nbsp;Engenheiro<\/li>\n\n\n\n<li><strong>Escolaridade:<\/strong>&nbsp;n\u00edvel superior<\/li>\n\n\n\n<li><strong>Edital retificado:<\/strong> <a href=\"https:\/\/dhg1h5j42swfq.cloudfront.net\/2025\/07\/17084842\/edital-cnu-2025-retificado.pdf\" target=\"_blank\" rel=\"noreferrer noopener\">Edital CNU 2025<\/a> | <a href=\"https:\/\/dhg1h5j42swfq.cloudfront.net\/2025\/08\/05095935\/cnu-2025-bloco-4.pdf\" target=\"_blank\" rel=\"noreferrer noopener\">Bloco 4<\/a>&nbsp;<\/li>\n<\/ul>\n\n\n\n<h3 class=\"wp-block-heading\">Informa\u00e7\u00f5es da sele\u00e7\u00e3o tempor\u00e1ria&nbsp;MDR<\/h3>\n\n\n\n<ul class=\"wp-block-list\">\n<li><strong>Ano:<\/strong> 2024<\/li>\n\n\n\n<li><strong>Banca:<\/strong> comiss\u00e3o pr\u00f3pria<\/li>\n\n\n\n<li><strong>Vagas:<\/strong>&nbsp;59<\/li>\n\n\n\n<li><strong>Cargo:<\/strong>&nbsp;diversos<\/li>\n\n\n\n<li><strong>Escolaridade:<\/strong>&nbsp;n\u00edvel superior<\/li>\n\n\n\n<li><strong>Edital:<\/strong> <a href=\"https:\/\/dhg1h5j42swfq.cloudfront.net\/2024\/12\/30074609\/edital-midr-temporarios.pdf\" target=\"_blank\" rel=\"noreferrer noopener\">Pss MIDR<\/a><\/li>\n<\/ul>\n","protected":false},"excerpt":{"rendered":"<p>Foi publicada a homologa\u00e7\u00e3o do resultado final de aprovados no concurso MDR (Minist\u00e9rio da Integra\u00e7\u00e3o e do Desenvolvimento Regional), contemplado no CNU . A informa\u00e7\u00e3o foi publicada no Di\u00e1rio Oficial da Uni\u00e3o do dia 16 de mar\u00e7o. Inclusive, \u00e9 poss\u00edvel conferir as listas finais de classifica\u00e7\u00e3o para as vagas imediatas e banco de espera. Agora, [&hellip;]<\/p>\n","protected":false},"author":2018,"featured_media":1227505,"comment_status":"open","ping_status":"closed","sticky":false,"template":"","format":"standard","meta":{"post_tipo":"news_page","footnotes":""},"categories":[214992],"tags":[],"tax_estado":[219963],"class_list":["post-517926","post","type-post","status-publish","format-standard","has-post-thumbnail","hentry","category-concursos-administrativos","tax_estado-concursos-federais"],"acf":[],"yoast_head":"<!-- This site is optimized with the Yoast SEO Premium plugin v27.2 (Yoast SEO v27.2) - https:\/\/yoast.com\/product\/yoast-seo-premium-wordpress\/ -->\n<title>Concurso MDR: resultado final \u00e9 homologado!<\/title>\n<meta name=\"description\" content=\"Concurso MDR: saiu a homologa\u00e7\u00e3o do resultado final de aprovados! S\u00e3o vagas para Engenheiro e sal\u00e1rio de R$ 8.215,07.\" \/>\n<meta name=\"robots\" content=\"index, follow, max-snippet:-1, max-image-preview:large, max-video-preview:-1\" \/>\n<link rel=\"canonical\" href=\"https:\/\/www.estrategiaconcursos.com.br\/blog\/concurso-mdr\/\" \/>\n<meta property=\"og:locale\" content=\"pt_BR\" \/>\n<meta property=\"og:type\" content=\"article\" \/>\n<meta property=\"og:title\" content=\"Concurso MDR: resultado final \u00e9 homologado!\" \/>\n<meta property=\"og:description\" content=\"Concurso MDR: saiu a homologa\u00e7\u00e3o do resultado final de aprovados! S\u00e3o vagas para Engenheiro e sal\u00e1rio de R$ 8.215,07.\" \/>\n<meta property=\"og:url\" content=\"https:\/\/www.estrategiaconcursos.com.br\/blog\/concurso-mdr\/\" \/>\n<meta property=\"og:site_name\" content=\"Estrat\u00e9gia Concursos\" \/>\n<meta property=\"article:published_time\" content=\"2026-03-16T14:58:00+00:00\" \/>\n<meta property=\"article:modified_time\" content=\"2026-03-16T19:54:28+00:00\" \/>\n<meta property=\"og:image\" content=\"https:\/\/dhg1h5j42swfq.cloudfront.net\/2023\/05\/05082559\/mdr.jpg\" \/>\n\t<meta property=\"og:image:width\" content=\"768\" \/>\n\t<meta property=\"og:image:height\" content=\"432\" \/>\n\t<meta property=\"og:image:type\" content=\"image\/jpeg\" \/>\n<meta name=\"author\" content=\"B\u00e1rbara Carvalho Santos\" \/>\n<meta name=\"twitter:card\" content=\"summary_large_image\" \/>\n<meta name=\"twitter:creator\" content=\"@EstratConcursos\" \/>\n<meta name=\"twitter:site\" content=\"@EstratConcursos\" \/>\n<meta name=\"twitter:label1\" content=\"Escrito por\" \/>\n\t<meta name=\"twitter:data1\" content=\"B\u00e1rbara Carvalho Santos\" \/>\n\t<meta name=\"twitter:label2\" content=\"Est. tempo de leitura\" \/>\n\t<meta name=\"twitter:data2\" content=\"7 minutos\" \/>\n<script type=\"application\/ld+json\" class=\"yoast-schema-graph\">{\"@context\":\"https:\/\/schema.org\",\"@graph\":[{\"@type\":\"NewsArticle\",\"@id\":\"https:\/\/www.estrategiaconcursos.com.br\/blog\/concurso-mdr\/#article\",\"isPartOf\":{\"@id\":\"https:\/\/www.estrategiaconcursos.com.br\/blog\/concurso-mdr\/\"},\"author\":{\"name\":\"B\u00e1rbara Carvalho Santos\",\"@id\":\"https:\/\/www.estrategiaconcursos.com.br\/blog\/#\/schema\/person\/e3882259fa157d54c44c21f4ee4e0e60\"},\"headline\":\"Concurso MDR: resultado final \u00e9 homologado!\",\"datePublished\":\"2026-03-16T14:58:00+00:00\",\"dateModified\":\"2026-03-16T19:54:28+00:00\",\"mainEntityOfPage\":{\"@id\":\"https:\/\/www.estrategiaconcursos.com.br\/blog\/concurso-mdr\/\"},\"wordCount\":1256,\"commentCount\":0,\"publisher\":{\"@id\":\"https:\/\/www.estrategiaconcursos.com.br\/blog\/#organization\"},\"image\":{\"@id\":\"https:\/\/www.estrategiaconcursos.com.br\/blog\/concurso-mdr\/#primaryimage\"},\"thumbnailUrl\":\"https:\/\/dhg1h5j42swfq.cloudfront.net\/2023\/05\/05082559\/mdr.jpg\",\"articleSection\":[\"Executivo (Administrativa)\"],\"inLanguage\":\"pt-BR\",\"potentialAction\":[{\"@type\":\"CommentAction\",\"name\":\"Comment\",\"target\":[\"https:\/\/www.estrategiaconcursos.com.br\/blog\/concurso-mdr\/#respond\"]}],\"copyrightYear\":\"2026\",\"copyrightHolder\":{\"@id\":\"https:\/\/www.estrategiaconcursos.com.br\/blog\/#organization\"}},{\"@type\":\"WebPage\",\"@id\":\"https:\/\/www.estrategiaconcursos.com.br\/blog\/concurso-mdr\/\",\"url\":\"https:\/\/www.estrategiaconcursos.com.br\/blog\/concurso-mdr\/\",\"name\":\"Concurso MDR: resultado final \u00e9 homologado!\",\"isPartOf\":{\"@id\":\"https:\/\/www.estrategiaconcursos.com.br\/blog\/#website\"},\"primaryImageOfPage\":{\"@id\":\"https:\/\/www.estrategiaconcursos.com.br\/blog\/concurso-mdr\/#primaryimage\"},\"image\":{\"@id\":\"https:\/\/www.estrategiaconcursos.com.br\/blog\/concurso-mdr\/#primaryimage\"},\"thumbnailUrl\":\"https:\/\/dhg1h5j42swfq.cloudfront.net\/2023\/05\/05082559\/mdr.jpg\",\"datePublished\":\"2026-03-16T14:58:00+00:00\",\"dateModified\":\"2026-03-16T19:54:28+00:00\",\"description\":\"Concurso MDR: saiu a homologa\u00e7\u00e3o do resultado final de aprovados! S\u00e3o vagas para Engenheiro e sal\u00e1rio de R$ 8.215,07.\",\"breadcrumb\":{\"@id\":\"https:\/\/www.estrategiaconcursos.com.br\/blog\/concurso-mdr\/#breadcrumb\"},\"inLanguage\":\"pt-BR\",\"potentialAction\":[{\"@type\":\"ReadAction\",\"target\":[\"https:\/\/www.estrategiaconcursos.com.br\/blog\/concurso-mdr\/\"]}]},{\"@type\":\"ImageObject\",\"inLanguage\":\"pt-BR\",\"@id\":\"https:\/\/www.estrategiaconcursos.com.br\/blog\/concurso-mdr\/#primaryimage\",\"url\":\"https:\/\/dhg1h5j42swfq.cloudfront.net\/2023\/05\/05082559\/mdr.jpg\",\"contentUrl\":\"https:\/\/dhg1h5j42swfq.cloudfront.net\/2023\/05\/05082559\/mdr.jpg\",\"width\":768,\"height\":432},{\"@type\":\"BreadcrumbList\",\"@id\":\"https:\/\/www.estrategiaconcursos.com.br\/blog\/concurso-mdr\/#breadcrumb\",\"itemListElement\":[{\"@type\":\"ListItem\",\"position\":1,\"name\":\"In\u00edcio\",\"item\":\"https:\/\/www.estrategiaconcursos.com.br\/blog\/\"},{\"@type\":\"ListItem\",\"position\":2,\"name\":\"Concurso MDR: resultado final \u00e9 homologado!\"}]},{\"@type\":\"WebSite\",\"@id\":\"https:\/\/www.estrategiaconcursos.com.br\/blog\/#website\",\"url\":\"https:\/\/www.estrategiaconcursos.com.br\/blog\/\",\"name\":\"Estrat\u00e9gia Concursos\",\"description\":\"O blog da Estrat\u00e9gia Concursos traz not\u00edcias sobre concursos e artigos de professores oferecendo cursos para concursos (pdf + videaulas) no site.\",\"publisher\":{\"@id\":\"https:\/\/www.estrategiaconcursos.com.br\/blog\/#organization\"},\"potentialAction\":[{\"@type\":\"SearchAction\",\"target\":{\"@type\":\"EntryPoint\",\"urlTemplate\":\"https:\/\/www.estrategiaconcursos.com.br\/blog\/?s={search_term_string}\"},\"query-input\":{\"@type\":\"PropertyValueSpecification\",\"valueRequired\":true,\"valueName\":\"search_term_string\"}}],\"inLanguage\":\"pt-BR\"},{\"@type\":\"Organization\",\"@id\":\"https:\/\/www.estrategiaconcursos.com.br\/blog\/#organization\",\"name\":\"Estrat\u00e9gia Concursos\",\"url\":\"https:\/\/www.estrategiaconcursos.com.br\/blog\/\",\"logo\":{\"@type\":\"ImageObject\",\"inLanguage\":\"pt-BR\",\"@id\":\"https:\/\/www.estrategiaconcursos.com.br\/blog\/#\/schema\/logo\/image\/\",\"url\":\"https:\/\/dhg1h5j42swfq.cloudfront.net\/2025\/06\/03203428\/logo_concursos-1.jpg\",\"contentUrl\":\"https:\/\/dhg1h5j42swfq.cloudfront.net\/2025\/06\/03203428\/logo_concursos-1.jpg\",\"width\":230,\"height\":60,\"caption\":\"Estrat\u00e9gia Concursos\"},\"image\":{\"@id\":\"https:\/\/www.estrategiaconcursos.com.br\/blog\/#\/schema\/logo\/image\/\"},\"sameAs\":[\"https:\/\/x.com\/EstratConcursos\"]},{\"@type\":\"Person\",\"@id\":\"https:\/\/www.estrategiaconcursos.com.br\/blog\/#\/schema\/person\/e3882259fa157d54c44c21f4ee4e0e60\",\"name\":\"B\u00e1rbara Carvalho Santos\",\"image\":{\"@type\":\"ImageObject\",\"inLanguage\":\"pt-BR\",\"@id\":\"https:\/\/secure.gravatar.com\/avatar\/353300f73140f779692b9be2b39f434d1341e4e34c7f55bd5a990fe29ef352eb?s=96&d=mm&r=g\",\"url\":\"https:\/\/secure.gravatar.com\/avatar\/353300f73140f779692b9be2b39f434d1341e4e34c7f55bd5a990fe29ef352eb?s=96&d=mm&r=g\",\"contentUrl\":\"https:\/\/secure.gravatar.com\/avatar\/353300f73140f779692b9be2b39f434d1341e4e34c7f55bd5a990fe29ef352eb?s=96&d=mm&r=g\",\"caption\":\"B\u00e1rbara Carvalho Santos\"},\"description\":\"M\u00e3e e jornalista formada pela UNIP, possui ampla experi\u00eancia na cobertura de entretenimento em grandes ve\u00edculos, como o site da CNN, RedeTV! e Estrat\u00e9gia Educacional. Atuou tamb\u00e9m em ag\u00eancias de marketing, produtoras musicais e assessorias de imprensa, com foco especial no trabalho com personalidades p\u00fablicas. Atualmente, integra a equipe do Estrat\u00e9gia Concursos, onde \u00e9 respons\u00e1vel pela produ\u00e7\u00e3o de conte\u00fados estrat\u00e9gicos voltados para o setor de concursos p\u00fablicos, com destaque para a \u00e1rea fiscal, gest\u00e3o, controle, concursos administrativos e Minist\u00e9rios participantes do CNU, al\u00e9m de diversos \u00f3rg\u00e3os federais. Tem como miss\u00e3o transformar informa\u00e7\u00f5es complexas em conte\u00fados acess\u00edveis, relevantes e de alto valor para quem sonha com uma carreira no servi\u00e7o p\u00fablico.\",\"url\":\"https:\/\/www.estrategiaconcursos.com.br\/blog\/author\/barbara-santos\/\"}]}<\/script>\n<!-- \/ Yoast SEO Premium plugin. -->","yoast_head_json":{"title":"Concurso MDR: resultado final \u00e9 homologado!","description":"Concurso MDR: saiu a homologa\u00e7\u00e3o do resultado final de aprovados! S\u00e3o vagas para Engenheiro e sal\u00e1rio de R$ 8.215,07.","robots":{"index":"index","follow":"follow","max-snippet":"max-snippet:-1","max-image-preview":"max-image-preview:large","max-video-preview":"max-video-preview:-1"},"canonical":"https:\/\/www.estrategiaconcursos.com.br\/blog\/concurso-mdr\/","og_locale":"pt_BR","og_type":"article","og_title":"Concurso MDR: resultado final \u00e9 homologado!","og_description":"Concurso MDR: saiu a homologa\u00e7\u00e3o do resultado final de aprovados! S\u00e3o vagas para Engenheiro e sal\u00e1rio de R$ 8.215,07.","og_url":"https:\/\/www.estrategiaconcursos.com.br\/blog\/concurso-mdr\/","og_site_name":"Estrat\u00e9gia Concursos","article_published_time":"2026-03-16T14:58:00+00:00","article_modified_time":"2026-03-16T19:54:28+00:00","og_image":[{"width":768,"height":432,"url":"https:\/\/dhg1h5j42swfq.cloudfront.net\/2023\/05\/05082559\/mdr.jpg","type":"image\/jpeg"}],"author":"B\u00e1rbara Carvalho Santos","twitter_card":"summary_large_image","twitter_creator":"@EstratConcursos","twitter_site":"@EstratConcursos","twitter_misc":{"Escrito por":"B\u00e1rbara Carvalho Santos","Est. tempo de leitura":"7 minutos"},"schema":{"@context":"https:\/\/schema.org","@graph":[{"@type":"NewsArticle","@id":"https:\/\/www.estrategiaconcursos.com.br\/blog\/concurso-mdr\/#article","isPartOf":{"@id":"https:\/\/www.estrategiaconcursos.com.br\/blog\/concurso-mdr\/"},"author":{"name":"B\u00e1rbara Carvalho Santos","@id":"https:\/\/www.estrategiaconcursos.com.br\/blog\/#\/schema\/person\/e3882259fa157d54c44c21f4ee4e0e60"},"headline":"Concurso MDR: resultado final \u00e9 homologado!","datePublished":"2026-03-16T14:58:00+00:00","dateModified":"2026-03-16T19:54:28+00:00","mainEntityOfPage":{"@id":"https:\/\/www.estrategiaconcursos.com.br\/blog\/concurso-mdr\/"},"wordCount":1256,"commentCount":0,"publisher":{"@id":"https:\/\/www.estrategiaconcursos.com.br\/blog\/#organization"},"image":{"@id":"https:\/\/www.estrategiaconcursos.com.br\/blog\/concurso-mdr\/#primaryimage"},"thumbnailUrl":"https:\/\/dhg1h5j42swfq.cloudfront.net\/2023\/05\/05082559\/mdr.jpg","articleSection":["Executivo (Administrativa)"],"inLanguage":"pt-BR","potentialAction":[{"@type":"CommentAction","name":"Comment","target":["https:\/\/www.estrategiaconcursos.com.br\/blog\/concurso-mdr\/#respond"]}],"copyrightYear":"2026","copyrightHolder":{"@id":"https:\/\/www.estrategiaconcursos.com.br\/blog\/#organization"}},{"@type":"WebPage","@id":"https:\/\/www.estrategiaconcursos.com.br\/blog\/concurso-mdr\/","url":"https:\/\/www.estrategiaconcursos.com.br\/blog\/concurso-mdr\/","name":"Concurso MDR: resultado final \u00e9 homologado!","isPartOf":{"@id":"https:\/\/www.estrategiaconcursos.com.br\/blog\/#website"},"primaryImageOfPage":{"@id":"https:\/\/www.estrategiaconcursos.com.br\/blog\/concurso-mdr\/#primaryimage"},"image":{"@id":"https:\/\/www.estrategiaconcursos.com.br\/blog\/concurso-mdr\/#primaryimage"},"thumbnailUrl":"https:\/\/dhg1h5j42swfq.cloudfront.net\/2023\/05\/05082559\/mdr.jpg","datePublished":"2026-03-16T14:58:00+00:00","dateModified":"2026-03-16T19:54:28+00:00","description":"Concurso MDR: saiu a homologa\u00e7\u00e3o do resultado final de aprovados! S\u00e3o vagas para Engenheiro e sal\u00e1rio de R$ 8.215,07.","breadcrumb":{"@id":"https:\/\/www.estrategiaconcursos.com.br\/blog\/concurso-mdr\/#breadcrumb"},"inLanguage":"pt-BR","potentialAction":[{"@type":"ReadAction","target":["https:\/\/www.estrategiaconcursos.com.br\/blog\/concurso-mdr\/"]}]},{"@type":"ImageObject","inLanguage":"pt-BR","@id":"https:\/\/www.estrategiaconcursos.com.br\/blog\/concurso-mdr\/#primaryimage","url":"https:\/\/dhg1h5j42swfq.cloudfront.net\/2023\/05\/05082559\/mdr.jpg","contentUrl":"https:\/\/dhg1h5j42swfq.cloudfront.net\/2023\/05\/05082559\/mdr.jpg","width":768,"height":432},{"@type":"BreadcrumbList","@id":"https:\/\/www.estrategiaconcursos.com.br\/blog\/concurso-mdr\/#breadcrumb","itemListElement":[{"@type":"ListItem","position":1,"name":"In\u00edcio","item":"https:\/\/www.estrategiaconcursos.com.br\/blog\/"},{"@type":"ListItem","position":2,"name":"Concurso MDR: resultado final \u00e9 homologado!"}]},{"@type":"WebSite","@id":"https:\/\/www.estrategiaconcursos.com.br\/blog\/#website","url":"https:\/\/www.estrategiaconcursos.com.br\/blog\/","name":"Estrat\u00e9gia Concursos","description":"O blog da Estrat\u00e9gia Concursos traz not\u00edcias sobre concursos e artigos de professores oferecendo cursos para concursos (pdf + videaulas) no site.","publisher":{"@id":"https:\/\/www.estrategiaconcursos.com.br\/blog\/#organization"},"potentialAction":[{"@type":"SearchAction","target":{"@type":"EntryPoint","urlTemplate":"https:\/\/www.estrategiaconcursos.com.br\/blog\/?s={search_term_string}"},"query-input":{"@type":"PropertyValueSpecification","valueRequired":true,"valueName":"search_term_string"}}],"inLanguage":"pt-BR"},{"@type":"Organization","@id":"https:\/\/www.estrategiaconcursos.com.br\/blog\/#organization","name":"Estrat\u00e9gia Concursos","url":"https:\/\/www.estrategiaconcursos.com.br\/blog\/","logo":{"@type":"ImageObject","inLanguage":"pt-BR","@id":"https:\/\/www.estrategiaconcursos.com.br\/blog\/#\/schema\/logo\/image\/","url":"https:\/\/dhg1h5j42swfq.cloudfront.net\/2025\/06\/03203428\/logo_concursos-1.jpg","contentUrl":"https:\/\/dhg1h5j42swfq.cloudfront.net\/2025\/06\/03203428\/logo_concursos-1.jpg","width":230,"height":60,"caption":"Estrat\u00e9gia Concursos"},"image":{"@id":"https:\/\/www.estrategiaconcursos.com.br\/blog\/#\/schema\/logo\/image\/"},"sameAs":["https:\/\/x.com\/EstratConcursos"]},{"@type":"Person","@id":"https:\/\/www.estrategiaconcursos.com.br\/blog\/#\/schema\/person\/e3882259fa157d54c44c21f4ee4e0e60","name":"B\u00e1rbara Carvalho Santos","image":{"@type":"ImageObject","inLanguage":"pt-BR","@id":"https:\/\/secure.gravatar.com\/avatar\/353300f73140f779692b9be2b39f434d1341e4e34c7f55bd5a990fe29ef352eb?s=96&d=mm&r=g","url":"https:\/\/secure.gravatar.com\/avatar\/353300f73140f779692b9be2b39f434d1341e4e34c7f55bd5a990fe29ef352eb?s=96&d=mm&r=g","contentUrl":"https:\/\/secure.gravatar.com\/avatar\/353300f73140f779692b9be2b39f434d1341e4e34c7f55bd5a990fe29ef352eb?s=96&d=mm&r=g","caption":"B\u00e1rbara Carvalho Santos"},"description":"M\u00e3e e jornalista formada pela UNIP, possui ampla experi\u00eancia na cobertura de entretenimento em grandes ve\u00edculos, como o site da CNN, RedeTV! e Estrat\u00e9gia Educacional. Atuou tamb\u00e9m em ag\u00eancias de marketing, produtoras musicais e assessorias de imprensa, com foco especial no trabalho com personalidades p\u00fablicas. Atualmente, integra a equipe do Estrat\u00e9gia Concursos, onde \u00e9 respons\u00e1vel pela produ\u00e7\u00e3o de conte\u00fados estrat\u00e9gicos voltados para o setor de concursos p\u00fablicos, com destaque para a \u00e1rea fiscal, gest\u00e3o, controle, concursos administrativos e Minist\u00e9rios participantes do CNU, al\u00e9m de diversos \u00f3rg\u00e3os federais. Tem como miss\u00e3o transformar informa\u00e7\u00f5es complexas em conte\u00fados acess\u00edveis, relevantes e de alto valor para quem sonha com uma carreira no servi\u00e7o p\u00fablico.","url":"https:\/\/www.estrategiaconcursos.com.br\/blog\/author\/barbara-santos\/"}]}},"_links":{"self":[{"href":"https:\/\/www.estrategiaconcursos.com.br\/blog\/wp-json\/wp\/v2\/posts\/517926","targetHints":{"allow":["GET"]}}],"collection":[{"href":"https:\/\/www.estrategiaconcursos.com.br\/blog\/wp-json\/wp\/v2\/posts"}],"about":[{"href":"https:\/\/www.estrategiaconcursos.com.br\/blog\/wp-json\/wp\/v2\/types\/post"}],"author":[{"embeddable":true,"href":"https:\/\/www.estrategiaconcursos.com.br\/blog\/wp-json\/wp\/v2\/users\/2018"}],"replies":[{"embeddable":true,"href":"https:\/\/www.estrategiaconcursos.com.br\/blog\/wp-json\/wp\/v2\/comments?post=517926"}],"version-history":[{"count":86,"href":"https:\/\/www.estrategiaconcursos.com.br\/blog\/wp-json\/wp\/v2\/posts\/517926\/revisions"}],"predecessor-version":[{"id":1735519,"href":"https:\/\/www.estrategiaconcursos.com.br\/blog\/wp-json\/wp\/v2\/posts\/517926\/revisions\/1735519"}],"wp:featuredmedia":[{"embeddable":true,"href":"https:\/\/www.estrategiaconcursos.com.br\/blog\/wp-json\/wp\/v2\/media\/1227505"}],"wp:attachment":[{"href":"https:\/\/www.estrategiaconcursos.com.br\/blog\/wp-json\/wp\/v2\/media?parent=517926"}],"wp:term":[{"taxonomy":"category","embeddable":true,"href":"https:\/\/www.estrategiaconcursos.com.br\/blog\/wp-json\/wp\/v2\/categories?post=517926"},{"taxonomy":"post_tag","embeddable":true,"href":"https:\/\/www.estrategiaconcursos.com.br\/blog\/wp-json\/wp\/v2\/tags?post=517926"},{"taxonomy":"tax_estado","embeddable":true,"href":"https:\/\/www.estrategiaconcursos.com.br\/blog\/wp-json\/wp\/v2\/tax_estado?post=517926"}],"curies":[{"name":"wp","href":"https:\/\/api.w.org\/{rel}","templated":true}]}}