{"id":517873,"date":"2020-05-22T09:36:11","date_gmt":"2020-05-22T12:36:11","guid":{"rendered":"https:\/\/www.estrategiaconcursos.com.br\/blog\/?p=517873"},"modified":"2023-07-05T10:14:38","modified_gmt":"2023-07-05T13:14:38","slug":"processo-seletivo-secretaria-da-presidencia","status":"publish","type":"post","link":"https:\/\/www.estrategiaconcursos.com.br\/blog\/processo-seletivo-secretaria-da-presidencia\/","title":{"rendered":"Processo Seletivo Secretaria da Presid\u00eancia oferta 21 vagas"},"content":{"rendered":"\n<h2 class=\"wp-block-heading\"><em>Inscri\u00e7\u00f5es abertas at\u00e9 31 de maio<\/em><\/h2>\n\n\n\n<p>Foi publicado, no Di\u00e1rio Oficial da Uni\u00e3o, o edital do Processo Seletivo da Secretaria da Presid\u00eancia para candidatos ao exerc\u00edcio na Casa Civil da Presid\u00eancia da Rep\u00fablica.<\/p>\n\n\n\n<p>Segundo o documento, ser\u00e3o ofertadas 21 vagas distribu\u00eddas em diversos cargos. Os interessados em participar da sele\u00e7\u00e3o devem realizar as inscri\u00e7\u00f5es no per\u00edodo de<strong> 22 de maio a 31 de maio de 2020<\/strong> no site do Governo Federal (<a href=\"https:\/\/www.gov.br\/\">https:\/\/www.gov.br\/<\/a>).<\/p>\n\n\n\n<p>O candidato deve acessar o site do \u00f3rg\u00e3o e preencher dois formul\u00e1rios, o primeiro referente aos Dados Curriculares e o segundo aos Requisitos Espec\u00edficos.<\/p>\n\n\n\n<h2 class=\"wp-block-heading\">Principais datas<\/h2>\n\n\n\n<p class=\"has-very-light-gray-background-color has-background\"><strong>Inscri\u00e7\u00f5es<\/strong>: 22\/05 a 31\/05\/2020<br \/><strong>Avalia\u00e7\u00e3o Curricular<\/strong>: 01\/06 a 05\/06\/2020<br \/><strong>Candidatos Selecionados para a Entrevista<\/strong>: 08\/06\/2020<br \/><strong>Entrevistas<\/strong>: 09\/06 a 12\/06\/2020<\/p>\n\n\n\n<h2 class=\"wp-block-heading\" id=\"cargos-vagas\">Cargos e vagas<\/h2>\n\n\n\n<p>Os servidores selecionados ser\u00e3o requisitados e exercer\u00e3o atividades em \u00f3rg\u00e3o da Presid\u00eancia da Rep\u00fablica, segundo a distribui\u00e7\u00e3o de vagas e e fun\u00e7\u00f5es, descritas abaixo:<\/p>\n\n\n\n<ul class=\"wp-block-list\">\n<li>Assessoria Internacional &#8211; 01<\/li>\n\n\n\n<li>Articula\u00e7\u00f5es &#8211; 01<\/li>\n\n\n\n<li>Projetos (A) &#8211; 01<\/li>\n\n\n\n<li>Recursos e Parcerias &#8211; 01<\/li>\n\n\n\n<li>Parcerias 01 <\/li>\n\n\n\n<li>Projetos (B) &#8211; 01 <\/li>\n\n\n\n<li>Voluntariado &#8211; 01 <\/li>\n\n\n\n<li>Acessibilidade &#8211; 01 <\/li>\n\n\n\n<li>Administrativo &#8211; N\u00edvel Superior A &#8211; 02 <\/li>\n\n\n\n<li>Assessoria de Agenda &#8211; 04 <\/li>\n\n\n\n<li>Administrativo &#8211; (N\u00edvel M\u00e9dio) &#8211; 01<\/li>\n\n\n\n<li>Secretariado &#8211; 04<\/li>\n\n\n\n<li>Administrativo &#8211; N\u00edvel Superior B- 02<\/li>\n<\/ul>\n\n\n\n<p>Lembrando que os valores das gratifica\u00e7\u00f5es podem variar conforme o cargo desejado, entre R$ 774,04 a R$ 1.156,31.<\/p>\n\n\n\n<h2 class=\"wp-block-heading\" id=\"etapas\">Etapas do Processo Seletivo Secretaria da Presid\u00eancia<\/h2>\n\n\n\n<p>Os candidatos inscritos no Processo Seletivo da Secretaria Geral da Presid\u00eancia ser\u00e3o submetidos a uma Avalia\u00e7\u00e3o Curricular que ser\u00e1 realizada pela Comiss\u00e3o Avaliadora respons\u00e1vel nos dias 01 de junho a 05 de junho de 2020. <\/p>\n\n\n\n<p>Nesta etapa ser\u00e1 feito o ranqueamento dos candidatos com base nos curr\u00edculos, que necessariamente devem ser preenchidos.<\/p>\n\n\n\n<p>Al\u00e9m disso, somente ser\u00e3o convocados para a entrevista os tr\u00eas candidatos que obtiverem a maior pontua\u00e7\u00e3o no ranqueamento para a vaga<br \/>pleiteada. J\u00e1 os demais candidatos com nomes constantes no referido ranqueamento poder\u00e3o ser convocados oportunamente no interesse da Administra\u00e7\u00e3o.<\/p>\n\n\n\n<p>Ap\u00f3s essa etapa, os candidatos selecionados ser\u00e3o direcionados para a etapa de entrevista. A entrevista dos candidatos selecionados ser\u00e1 conduzida pelos membros da Comiss\u00e3o Avaliadora, representantes da Casa Civil da Presid\u00eancia da Rep\u00fablica.<\/p>\n\n\n\n<p>Importante frisar que a entrevista est\u00e1 prevista para os dias 09 de junho a 12 de junho de 2020. A mesma poder\u00e1 ocorrer atrav\u00e9s de videoconfer\u00eancia, caso a situa\u00e7\u00e3o no pa\u00eds em fun\u00e7\u00e3o do Coronav\u00edrus ainda n\u00e3o esteja normalizada. <\/p>\n\n\n\n<hr class=\"wp-block-separator has-css-opacity\"\/>\n\n\n\n<p class=\"has-text-align-center\"><em><strong>Assinatura Anual Ilimitada*<\/strong><\/em><\/p>\n\n\n\n<p><em>Prepare-se com o melhor material e com quem mais aprova em Concursos P\u00fablicos em todo o pa\u00eds. Assine agora a nossa Assinatura Anual e tenha acesso ilimitado* a todos os nossos cursos.<\/em><\/p>\n\n\n\n<p class=\"has-text-align-center has-light-green-cyan-background-color has-background\" style=\"font-size:clamp(14.642px, 0.915rem + ((1vw - 3.2px) * 0.721), 22px);px\"><strong>ASSINE AGORA<\/strong>&nbsp;\u2013&nbsp;<strong><a rel=\"noreferrer noopener\" href=\"https:\/\/www.estrategiaconcursos.com.br\/assinaturas\" target=\"_blank\">Assinatura Ilimitada<\/a><\/strong><\/p>\n\n\n\n<p class=\"has-text-align-center\"><strong><em>Fique por dentro de todos os concursos<\/em><\/strong><\/p>\n\n\n\n<p class=\"has-text-align-center has-pale-cyan-blue-background-color has-background\" style=\"font-size:clamp(14.642px, 0.915rem + ((1vw - 3.2px) * 0.721), 22px);px\"><a href=\"https:\/\/www.estrategiaconcursos.com.br\/blog\/concursos-abertos\/\" target=\"_blank\" rel=\"noreferrer noopener\"><strong>CONCURSOS ABERTOS<\/strong><\/a><\/p>\n\n\n\n<figure class=\"wp-block-image\"><img loading=\"lazy\" decoding=\"async\" width=\"300\" height=\"102\" src=\"https:\/\/dhg1h5j42swfq.cloudfront.net\/2017\/03\/28152500\/coruja-ficha-tecnica-300x102.png\" alt=\"\" class=\"wp-image-68542\"\/><\/figure>\n\n\n\n<h3 class=\"wp-block-heading\" id=\"ficha\"><strong>Informa\u00e7\u00f5es sobre o Processo Seletivo Secretaria da Presid\u00eancia<\/strong><\/h3>\n\n\n\n<p>\u25ba<strong>Inscri\u00e7\u00f5es<\/strong>: 22\/05 a 31\/05\/2020<br \/>\u25ba<strong>Provas<\/strong>: Avalia\u00e7\u00e3o curricular <br \/>\u25ba<strong>Vagas<\/strong>: 21<br \/>\u25ba<strong>Cargos<\/strong>: diversos<br \/>\u25ba<strong>Edital<\/strong>:&nbsp;<a rel=\"noreferrer noopener\" href=\"https:\/\/dhg1h5j42swfq.cloudfront.net\/2020\/05\/22092447\/SG_Presid%C3%AAncia__-_PSS_P%C3%A1tria_Volunt%C3%A1ria-2.pdf\" target=\"_blank\"><strong>PSS<\/strong> <strong>Secretaria Geral<\/strong><\/a><\/p>\n\n\n\n<p><em>Ascom Estrat\u00e9gia<\/em><br \/>ascomestrategia@gmail.com<\/p>\n","protected":false},"excerpt":{"rendered":"<p>Inscri\u00e7\u00f5es abertas at\u00e9 31 de maio Foi publicado, no Di\u00e1rio Oficial da Uni\u00e3o, o edital do Processo Seletivo da Secretaria da Presid\u00eancia para candidatos ao exerc\u00edcio na Casa Civil da Presid\u00eancia da Rep\u00fablica. Segundo o documento, ser\u00e3o ofertadas 21 vagas distribu\u00eddas em diversos cargos. Os interessados em participar da sele\u00e7\u00e3o devem realizar as inscri\u00e7\u00f5es no [&hellip;]<\/p>\n","protected":false},"author":1153,"featured_media":444275,"comment_status":"open","ping_status":"closed","sticky":false,"template":"","format":"standard","meta":{"post_tipo":"article","footnotes":""},"categories":[1],"tags":[],"tax_estado":[],"class_list":["post-517873","post","type-post","status-publish","format-standard","has-post-thumbnail","hentry","category-cursos-e-concursos"],"acf":[],"yoast_head":"<!-- This site is optimized with the Yoast SEO Premium plugin v27.2 (Yoast SEO v27.2) - https:\/\/yoast.com\/product\/yoast-seo-premium-wordpress\/ -->\n<title>Processo Seletivo Secretaria da Presid\u00eancia oferta 21 vagas<\/title>\n<meta name=\"description\" content=\"Processo Seletivo Secretaria Geral da Presid\u00eancia: edital oferta 20 vagas distribuidas em diversos cargos do \u00f3rg\u00e3o. Inscri\u00e7\u00f5es abertas!\" \/>\n<meta name=\"robots\" content=\"index, follow, max-snippet:-1, max-image-preview:large, max-video-preview:-1\" \/>\n<link rel=\"canonical\" href=\"https:\/\/www.estrategiaconcursos.com.br\/blog\/processo-seletivo-secretaria-da-presidencia\/\" \/>\n<meta property=\"og:locale\" content=\"pt_BR\" \/>\n<meta property=\"og:type\" content=\"article\" \/>\n<meta property=\"og:title\" content=\"Processo Seletivo Secretaria da Presid\u00eancia oferta 21 vagas\" \/>\n<meta property=\"og:description\" content=\"Processo Seletivo Secretaria Geral da Presid\u00eancia: edital oferta 20 vagas distribuidas em diversos cargos do \u00f3rg\u00e3o. Inscri\u00e7\u00f5es abertas!\" \/>\n<meta property=\"og:url\" content=\"https:\/\/www.estrategiaconcursos.com.br\/blog\/processo-seletivo-secretaria-da-presidencia\/\" \/>\n<meta property=\"og:site_name\" content=\"Estrat\u00e9gia Concursos\" \/>\n<meta property=\"article:published_time\" content=\"2020-05-22T12:36:11+00:00\" \/>\n<meta property=\"article:modified_time\" content=\"2023-07-05T13:14:38+00:00\" \/>\n<meta property=\"og:image\" content=\"https:\/\/dhg1h5j42swfq.cloudfront.net\/2019\/11\/05113847\/Saiu-Edital-6.png\" \/>\n\t<meta property=\"og:image:width\" content=\"1200\" \/>\n\t<meta property=\"og:image:height\" content=\"628\" \/>\n\t<meta property=\"og:image:type\" content=\"image\/png\" \/>\n<meta name=\"author\" content=\"Alessandro Sanchez\" \/>\n<meta name=\"twitter:card\" content=\"summary_large_image\" \/>\n<meta name=\"twitter:creator\" content=\"@EstratConcursos\" \/>\n<meta name=\"twitter:site\" content=\"@EstratConcursos\" \/>\n<meta name=\"twitter:label1\" content=\"Escrito por\" \/>\n\t<meta name=\"twitter:data1\" content=\"Alessandro Sanchez\" \/>\n\t<meta name=\"twitter:label2\" content=\"Est. tempo de leitura\" \/>\n\t<meta name=\"twitter:data2\" content=\"2 minutos\" \/>\n<script type=\"application\/ld+json\" class=\"yoast-schema-graph\">{\"@context\":\"https:\/\/schema.org\",\"@graph\":[{\"@type\":\"NewsArticle\",\"@id\":\"https:\/\/www.estrategiaconcursos.com.br\/blog\/processo-seletivo-secretaria-da-presidencia\/#article\",\"isPartOf\":{\"@id\":\"https:\/\/www.estrategiaconcursos.com.br\/blog\/processo-seletivo-secretaria-da-presidencia\/\"},\"author\":{\"name\":\"Alessandro Sanchez\",\"@id\":\"https:\/\/www.estrategiaconcursos.com.br\/blog\/#\/schema\/person\/1e69b7fe81f5649f20ef70b7bcf64bbc\"},\"headline\":\"Processo Seletivo Secretaria da Presid\u00eancia oferta 21 vagas\",\"datePublished\":\"2020-05-22T12:36:11+00:00\",\"dateModified\":\"2023-07-05T13:14:38+00:00\",\"mainEntityOfPage\":{\"@id\":\"https:\/\/www.estrategiaconcursos.com.br\/blog\/processo-seletivo-secretaria-da-presidencia\/\"},\"wordCount\":503,\"commentCount\":1,\"publisher\":{\"@id\":\"https:\/\/www.estrategiaconcursos.com.br\/blog\/#organization\"},\"image\":{\"@id\":\"https:\/\/www.estrategiaconcursos.com.br\/blog\/processo-seletivo-secretaria-da-presidencia\/#primaryimage\"},\"thumbnailUrl\":\"https:\/\/dhg1h5j42swfq.cloudfront.net\/2019\/11\/05113847\/Saiu-Edital-6.png\",\"articleSection\":[\"Concursos P\u00fablicos\"],\"inLanguage\":\"pt-BR\",\"potentialAction\":[{\"@type\":\"CommentAction\",\"name\":\"Comment\",\"target\":[\"https:\/\/www.estrategiaconcursos.com.br\/blog\/processo-seletivo-secretaria-da-presidencia\/#respond\"]}],\"copyrightYear\":\"2020\",\"copyrightHolder\":{\"@id\":\"https:\/\/www.estrategiaconcursos.com.br\/blog\/#organization\"}},{\"@type\":\"WebPage\",\"@id\":\"https:\/\/www.estrategiaconcursos.com.br\/blog\/processo-seletivo-secretaria-da-presidencia\/\",\"url\":\"https:\/\/www.estrategiaconcursos.com.br\/blog\/processo-seletivo-secretaria-da-presidencia\/\",\"name\":\"Processo Seletivo Secretaria da Presid\u00eancia oferta 21 vagas\",\"isPartOf\":{\"@id\":\"https:\/\/www.estrategiaconcursos.com.br\/blog\/#website\"},\"primaryImageOfPage\":{\"@id\":\"https:\/\/www.estrategiaconcursos.com.br\/blog\/processo-seletivo-secretaria-da-presidencia\/#primaryimage\"},\"image\":{\"@id\":\"https:\/\/www.estrategiaconcursos.com.br\/blog\/processo-seletivo-secretaria-da-presidencia\/#primaryimage\"},\"thumbnailUrl\":\"https:\/\/dhg1h5j42swfq.cloudfront.net\/2019\/11\/05113847\/Saiu-Edital-6.png\",\"datePublished\":\"2020-05-22T12:36:11+00:00\",\"dateModified\":\"2023-07-05T13:14:38+00:00\",\"description\":\"Processo Seletivo Secretaria Geral da Presid\u00eancia: edital oferta 20 vagas distribuidas em diversos cargos do \u00f3rg\u00e3o. Inscri\u00e7\u00f5es abertas!\",\"breadcrumb\":{\"@id\":\"https:\/\/www.estrategiaconcursos.com.br\/blog\/processo-seletivo-secretaria-da-presidencia\/#breadcrumb\"},\"inLanguage\":\"pt-BR\",\"potentialAction\":[{\"@type\":\"ReadAction\",\"target\":[\"https:\/\/www.estrategiaconcursos.com.br\/blog\/processo-seletivo-secretaria-da-presidencia\/\"]}]},{\"@type\":\"ImageObject\",\"inLanguage\":\"pt-BR\",\"@id\":\"https:\/\/www.estrategiaconcursos.com.br\/blog\/processo-seletivo-secretaria-da-presidencia\/#primaryimage\",\"url\":\"https:\/\/dhg1h5j42swfq.cloudfront.net\/2019\/11\/05113847\/Saiu-Edital-6.png\",\"contentUrl\":\"https:\/\/dhg1h5j42swfq.cloudfront.net\/2019\/11\/05113847\/Saiu-Edital-6.png\",\"width\":1200,\"height\":628,\"caption\":\"Concurso CRBM 14\"},{\"@type\":\"BreadcrumbList\",\"@id\":\"https:\/\/www.estrategiaconcursos.com.br\/blog\/processo-seletivo-secretaria-da-presidencia\/#breadcrumb\",\"itemListElement\":[{\"@type\":\"ListItem\",\"position\":1,\"name\":\"In\u00edcio\",\"item\":\"https:\/\/www.estrategiaconcursos.com.br\/blog\/\"},{\"@type\":\"ListItem\",\"position\":2,\"name\":\"Processo Seletivo Secretaria da Presid\u00eancia oferta 21 vagas\"}]},{\"@type\":\"WebSite\",\"@id\":\"https:\/\/www.estrategiaconcursos.com.br\/blog\/#website\",\"url\":\"https:\/\/www.estrategiaconcursos.com.br\/blog\/\",\"name\":\"Estrat\u00e9gia Concursos\",\"description\":\"O blog da Estrat\u00e9gia Concursos traz not\u00edcias sobre concursos e artigos de professores oferecendo cursos para concursos (pdf + videaulas) no site.\",\"publisher\":{\"@id\":\"https:\/\/www.estrategiaconcursos.com.br\/blog\/#organization\"},\"potentialAction\":[{\"@type\":\"SearchAction\",\"target\":{\"@type\":\"EntryPoint\",\"urlTemplate\":\"https:\/\/www.estrategiaconcursos.com.br\/blog\/?s={search_term_string}\"},\"query-input\":{\"@type\":\"PropertyValueSpecification\",\"valueRequired\":true,\"valueName\":\"search_term_string\"}}],\"inLanguage\":\"pt-BR\"},{\"@type\":\"Organization\",\"@id\":\"https:\/\/www.estrategiaconcursos.com.br\/blog\/#organization\",\"name\":\"Estrat\u00e9gia Concursos\",\"url\":\"https:\/\/www.estrategiaconcursos.com.br\/blog\/\",\"logo\":{\"@type\":\"ImageObject\",\"inLanguage\":\"pt-BR\",\"@id\":\"https:\/\/www.estrategiaconcursos.com.br\/blog\/#\/schema\/logo\/image\/\",\"url\":\"https:\/\/dhg1h5j42swfq.cloudfront.net\/2025\/06\/03203428\/logo_concursos-1.jpg\",\"contentUrl\":\"https:\/\/dhg1h5j42swfq.cloudfront.net\/2025\/06\/03203428\/logo_concursos-1.jpg\",\"width\":230,\"height\":60,\"caption\":\"Estrat\u00e9gia Concursos\"},\"image\":{\"@id\":\"https:\/\/www.estrategiaconcursos.com.br\/blog\/#\/schema\/logo\/image\/\"},\"sameAs\":[\"https:\/\/x.com\/EstratConcursos\"]},{\"@type\":\"Person\",\"@id\":\"https:\/\/www.estrategiaconcursos.com.br\/blog\/#\/schema\/person\/1e69b7fe81f5649f20ef70b7bcf64bbc\",\"name\":\"Alessandro Sanchez\",\"image\":{\"@type\":\"ImageObject\",\"inLanguage\":\"pt-BR\",\"@id\":\"https:\/\/secure.gravatar.com\/avatar\/79976a1950649a2b487377d773573de459294ff43e2ee4a1f30bce5167d5d6aa?s=96&d=mm&r=g\",\"url\":\"https:\/\/secure.gravatar.com\/avatar\/79976a1950649a2b487377d773573de459294ff43e2ee4a1f30bce5167d5d6aa?s=96&d=mm&r=g\",\"contentUrl\":\"https:\/\/secure.gravatar.com\/avatar\/79976a1950649a2b487377d773573de459294ff43e2ee4a1f30bce5167d5d6aa?s=96&d=mm&r=g\",\"caption\":\"Alessandro Sanchez\"},\"url\":\"https:\/\/www.estrategiaconcursos.com.br\/blog\/author\/alessandro-sanchezuol-com-br\/\"}]}<\/script>\n<!-- \/ Yoast SEO Premium plugin. -->","yoast_head_json":{"title":"Processo Seletivo Secretaria da Presid\u00eancia oferta 21 vagas","description":"Processo Seletivo Secretaria Geral da Presid\u00eancia: edital oferta 20 vagas distribuidas em diversos cargos do \u00f3rg\u00e3o. Inscri\u00e7\u00f5es abertas!","robots":{"index":"index","follow":"follow","max-snippet":"max-snippet:-1","max-image-preview":"max-image-preview:large","max-video-preview":"max-video-preview:-1"},"canonical":"https:\/\/www.estrategiaconcursos.com.br\/blog\/processo-seletivo-secretaria-da-presidencia\/","og_locale":"pt_BR","og_type":"article","og_title":"Processo Seletivo Secretaria da Presid\u00eancia oferta 21 vagas","og_description":"Processo Seletivo Secretaria Geral da Presid\u00eancia: edital oferta 20 vagas distribuidas em diversos cargos do \u00f3rg\u00e3o. Inscri\u00e7\u00f5es abertas!","og_url":"https:\/\/www.estrategiaconcursos.com.br\/blog\/processo-seletivo-secretaria-da-presidencia\/","og_site_name":"Estrat\u00e9gia Concursos","article_published_time":"2020-05-22T12:36:11+00:00","article_modified_time":"2023-07-05T13:14:38+00:00","og_image":[{"width":1200,"height":628,"url":"https:\/\/dhg1h5j42swfq.cloudfront.net\/2019\/11\/05113847\/Saiu-Edital-6.png","type":"image\/png"}],"author":"Alessandro Sanchez","twitter_card":"summary_large_image","twitter_creator":"@EstratConcursos","twitter_site":"@EstratConcursos","twitter_misc":{"Escrito por":"Alessandro Sanchez","Est. tempo de leitura":"2 minutos"},"schema":{"@context":"https:\/\/schema.org","@graph":[{"@type":"NewsArticle","@id":"https:\/\/www.estrategiaconcursos.com.br\/blog\/processo-seletivo-secretaria-da-presidencia\/#article","isPartOf":{"@id":"https:\/\/www.estrategiaconcursos.com.br\/blog\/processo-seletivo-secretaria-da-presidencia\/"},"author":{"name":"Alessandro Sanchez","@id":"https:\/\/www.estrategiaconcursos.com.br\/blog\/#\/schema\/person\/1e69b7fe81f5649f20ef70b7bcf64bbc"},"headline":"Processo Seletivo Secretaria da Presid\u00eancia oferta 21 vagas","datePublished":"2020-05-22T12:36:11+00:00","dateModified":"2023-07-05T13:14:38+00:00","mainEntityOfPage":{"@id":"https:\/\/www.estrategiaconcursos.com.br\/blog\/processo-seletivo-secretaria-da-presidencia\/"},"wordCount":503,"commentCount":1,"publisher":{"@id":"https:\/\/www.estrategiaconcursos.com.br\/blog\/#organization"},"image":{"@id":"https:\/\/www.estrategiaconcursos.com.br\/blog\/processo-seletivo-secretaria-da-presidencia\/#primaryimage"},"thumbnailUrl":"https:\/\/dhg1h5j42swfq.cloudfront.net\/2019\/11\/05113847\/Saiu-Edital-6.png","articleSection":["Concursos P\u00fablicos"],"inLanguage":"pt-BR","potentialAction":[{"@type":"CommentAction","name":"Comment","target":["https:\/\/www.estrategiaconcursos.com.br\/blog\/processo-seletivo-secretaria-da-presidencia\/#respond"]}],"copyrightYear":"2020","copyrightHolder":{"@id":"https:\/\/www.estrategiaconcursos.com.br\/blog\/#organization"}},{"@type":"WebPage","@id":"https:\/\/www.estrategiaconcursos.com.br\/blog\/processo-seletivo-secretaria-da-presidencia\/","url":"https:\/\/www.estrategiaconcursos.com.br\/blog\/processo-seletivo-secretaria-da-presidencia\/","name":"Processo Seletivo Secretaria da Presid\u00eancia oferta 21 vagas","isPartOf":{"@id":"https:\/\/www.estrategiaconcursos.com.br\/blog\/#website"},"primaryImageOfPage":{"@id":"https:\/\/www.estrategiaconcursos.com.br\/blog\/processo-seletivo-secretaria-da-presidencia\/#primaryimage"},"image":{"@id":"https:\/\/www.estrategiaconcursos.com.br\/blog\/processo-seletivo-secretaria-da-presidencia\/#primaryimage"},"thumbnailUrl":"https:\/\/dhg1h5j42swfq.cloudfront.net\/2019\/11\/05113847\/Saiu-Edital-6.png","datePublished":"2020-05-22T12:36:11+00:00","dateModified":"2023-07-05T13:14:38+00:00","description":"Processo Seletivo Secretaria Geral da Presid\u00eancia: edital oferta 20 vagas distribuidas em diversos cargos do \u00f3rg\u00e3o. Inscri\u00e7\u00f5es abertas!","breadcrumb":{"@id":"https:\/\/www.estrategiaconcursos.com.br\/blog\/processo-seletivo-secretaria-da-presidencia\/#breadcrumb"},"inLanguage":"pt-BR","potentialAction":[{"@type":"ReadAction","target":["https:\/\/www.estrategiaconcursos.com.br\/blog\/processo-seletivo-secretaria-da-presidencia\/"]}]},{"@type":"ImageObject","inLanguage":"pt-BR","@id":"https:\/\/www.estrategiaconcursos.com.br\/blog\/processo-seletivo-secretaria-da-presidencia\/#primaryimage","url":"https:\/\/dhg1h5j42swfq.cloudfront.net\/2019\/11\/05113847\/Saiu-Edital-6.png","contentUrl":"https:\/\/dhg1h5j42swfq.cloudfront.net\/2019\/11\/05113847\/Saiu-Edital-6.png","width":1200,"height":628,"caption":"Concurso CRBM 14"},{"@type":"BreadcrumbList","@id":"https:\/\/www.estrategiaconcursos.com.br\/blog\/processo-seletivo-secretaria-da-presidencia\/#breadcrumb","itemListElement":[{"@type":"ListItem","position":1,"name":"In\u00edcio","item":"https:\/\/www.estrategiaconcursos.com.br\/blog\/"},{"@type":"ListItem","position":2,"name":"Processo Seletivo Secretaria da Presid\u00eancia oferta 21 vagas"}]},{"@type":"WebSite","@id":"https:\/\/www.estrategiaconcursos.com.br\/blog\/#website","url":"https:\/\/www.estrategiaconcursos.com.br\/blog\/","name":"Estrat\u00e9gia Concursos","description":"O blog da Estrat\u00e9gia Concursos traz not\u00edcias sobre concursos e artigos de professores oferecendo cursos para concursos (pdf + videaulas) no site.","publisher":{"@id":"https:\/\/www.estrategiaconcursos.com.br\/blog\/#organization"},"potentialAction":[{"@type":"SearchAction","target":{"@type":"EntryPoint","urlTemplate":"https:\/\/www.estrategiaconcursos.com.br\/blog\/?s={search_term_string}"},"query-input":{"@type":"PropertyValueSpecification","valueRequired":true,"valueName":"search_term_string"}}],"inLanguage":"pt-BR"},{"@type":"Organization","@id":"https:\/\/www.estrategiaconcursos.com.br\/blog\/#organization","name":"Estrat\u00e9gia Concursos","url":"https:\/\/www.estrategiaconcursos.com.br\/blog\/","logo":{"@type":"ImageObject","inLanguage":"pt-BR","@id":"https:\/\/www.estrategiaconcursos.com.br\/blog\/#\/schema\/logo\/image\/","url":"https:\/\/dhg1h5j42swfq.cloudfront.net\/2025\/06\/03203428\/logo_concursos-1.jpg","contentUrl":"https:\/\/dhg1h5j42swfq.cloudfront.net\/2025\/06\/03203428\/logo_concursos-1.jpg","width":230,"height":60,"caption":"Estrat\u00e9gia Concursos"},"image":{"@id":"https:\/\/www.estrategiaconcursos.com.br\/blog\/#\/schema\/logo\/image\/"},"sameAs":["https:\/\/x.com\/EstratConcursos"]},{"@type":"Person","@id":"https:\/\/www.estrategiaconcursos.com.br\/blog\/#\/schema\/person\/1e69b7fe81f5649f20ef70b7bcf64bbc","name":"Alessandro Sanchez","image":{"@type":"ImageObject","inLanguage":"pt-BR","@id":"https:\/\/secure.gravatar.com\/avatar\/79976a1950649a2b487377d773573de459294ff43e2ee4a1f30bce5167d5d6aa?s=96&d=mm&r=g","url":"https:\/\/secure.gravatar.com\/avatar\/79976a1950649a2b487377d773573de459294ff43e2ee4a1f30bce5167d5d6aa?s=96&d=mm&r=g","contentUrl":"https:\/\/secure.gravatar.com\/avatar\/79976a1950649a2b487377d773573de459294ff43e2ee4a1f30bce5167d5d6aa?s=96&d=mm&r=g","caption":"Alessandro Sanchez"},"url":"https:\/\/www.estrategiaconcursos.com.br\/blog\/author\/alessandro-sanchezuol-com-br\/"}]}},"_links":{"self":[{"href":"https:\/\/www.estrategiaconcursos.com.br\/blog\/wp-json\/wp\/v2\/posts\/517873","targetHints":{"allow":["GET"]}}],"collection":[{"href":"https:\/\/www.estrategiaconcursos.com.br\/blog\/wp-json\/wp\/v2\/posts"}],"about":[{"href":"https:\/\/www.estrategiaconcursos.com.br\/blog\/wp-json\/wp\/v2\/types\/post"}],"author":[{"embeddable":true,"href":"https:\/\/www.estrategiaconcursos.com.br\/blog\/wp-json\/wp\/v2\/users\/1153"}],"replies":[{"embeddable":true,"href":"https:\/\/www.estrategiaconcursos.com.br\/blog\/wp-json\/wp\/v2\/comments?post=517873"}],"version-history":[{"count":8,"href":"https:\/\/www.estrategiaconcursos.com.br\/blog\/wp-json\/wp\/v2\/posts\/517873\/revisions"}],"predecessor-version":[{"id":1243645,"href":"https:\/\/www.estrategiaconcursos.com.br\/blog\/wp-json\/wp\/v2\/posts\/517873\/revisions\/1243645"}],"wp:featuredmedia":[{"embeddable":true,"href":"https:\/\/www.estrategiaconcursos.com.br\/blog\/wp-json\/wp\/v2\/media\/444275"}],"wp:attachment":[{"href":"https:\/\/www.estrategiaconcursos.com.br\/blog\/wp-json\/wp\/v2\/media?parent=517873"}],"wp:term":[{"taxonomy":"category","embeddable":true,"href":"https:\/\/www.estrategiaconcursos.com.br\/blog\/wp-json\/wp\/v2\/categories?post=517873"},{"taxonomy":"post_tag","embeddable":true,"href":"https:\/\/www.estrategiaconcursos.com.br\/blog\/wp-json\/wp\/v2\/tags?post=517873"},{"taxonomy":"tax_estado","embeddable":true,"href":"https:\/\/www.estrategiaconcursos.com.br\/blog\/wp-json\/wp\/v2\/tax_estado?post=517873"}],"curies":[{"name":"wp","href":"https:\/\/api.w.org\/{rel}","templated":true}]}}