{"id":517022,"date":"2020-05-19T19:14:36","date_gmt":"2020-05-19T22:14:36","guid":{"rendered":"https:\/\/www.estrategiaconcursos.com.br\/blog\/?p=517022"},"modified":"2020-05-22T09:41:38","modified_gmt":"2020-05-22T12:41:38","slug":"com-provas-adiadas-concurso-sao-goncalo-reabrira-inscricoes","status":"publish","type":"post","link":"https:\/\/www.estrategiaconcursos.com.br\/blog\/com-provas-adiadas-concurso-sao-goncalo-reabrira-inscricoes\/","title":{"rendered":"Com provas adiadas, concurso S\u00e3o Gon\u00e7alo reabrir\u00e1 inscri\u00e7\u00f5es"},"content":{"rendered":"\n<p>Foi divulgada uma nova retifica\u00e7\u00e3o do concurso p\u00fablico da Prefeitura de S\u00e3o Gon\u00e7alo, Rio de Janeiro. Desta vez, as <strong>altera\u00e7\u00f5es se d\u00e3o no cronograma<\/strong> do certame, que promoveu um novo prazo para inscri\u00e7\u00f5es e teve suas provas adiadas.<\/p>\n\n\n\n<p>Segundo o documento, os interessados ter\u00e3o uma nova chance de se candidatar no certame. O novo per\u00edodo de inscri\u00e7\u00e3o estar\u00e1 aberto entre os dias 22 de maio a 07 de setembro. O processo deve ser feito no site da banca organizadora, o <strong>Instituto Selecon<\/strong>.<\/p>\n\n\n\n<p>A isen\u00e7\u00e3o da taxa poder\u00e1 ser solicitada nos dias 20 e 21 de maio. Aqueles que n\u00e3o atenderem aos requisitos, devem efetuar o pagamento at\u00e9 08 de setembro. Os valores foram definidos em <strong>R$ 55 para n\u00edvel m\u00e9dio e R$ 80 para superior<\/strong>.<\/p>\n\n\n\n<p>J\u00e1 a aplica\u00e7\u00e3o das provas foi adiada para <strong>20 de setembro<\/strong>. Tais medidas foram tomadas em raz\u00e3o das atuais necessidades de isolamento para conten\u00e7\u00e3o da pandemia da COVID-19.<\/p>\n\n\n\n<p>O edital da Prefeitura de S\u00e3o Gon\u00e7alo oferta <strong>31 vagas imediatas mais 220 destinadas \u00e0 forma\u00e7\u00e3o de cadastro reserva<\/strong>. As oportunidades s\u00e3o para v\u00e1rios cargos, cujos sal\u00e1rios variam de R$ 2.435,05 a R$ 5.113,61.<\/p>\n\n\n\n<p class=\"has-background has-text-align-center has-medium-font-size has-very-light-gray-background-color\"><a href=\"https:\/\/dhg1h5j42swfq.cloudfront.net\/2020\/05\/19182204\/Retifica%C3%A7%C3%A3o-S%C3%A3o-Gon%C3%A7alo.pdf\" target=\"_blank\" rel=\"noreferrer noopener\"><strong>Retifica\u00e7\u00e3o<\/strong><\/a><\/p>\n\n\n\n<p style=\"font-size:22px\" class=\"has-background has-text-align-center has-very-light-gray-background-color\"><strong>Saiba mais: <a rel=\"noreferrer noopener\" href=\"https:\/\/www.estrategiaconcursos.com.br\/blog\/concurso-prefeitura-de-sao-goncalo\/\" target=\"_blank\">Concurso S\u00e3o Gon\u00e7alo<\/a><\/strong><\/p>\n\n\n\n<hr class=\"wp-block-separator\"\/>\n\n\n\n<p style=\"font-size:25px\" class=\"has-text-align-center\"><strong><a rel=\"noreferrer noopener\" href=\"https:\/\/www.estrategiaconcursos.com.br\/sistema-de-questoes#\/\" target=\"_blank\">O l\u00edder em aprova\u00e7\u00f5es lan\u00e7ou o maior Sistema de Quest\u00f5es!<\/a><\/strong><\/p>\n\n\n\n<p>Estrat\u00e9gia Quest\u00f5es nasceu maior do que todos os concorrentes, com mais quest\u00f5es cadastradas e mais solu\u00e7\u00f5es por professores. Clique no banner e aproveite os descontos e b\u00f4nus imperd\u00edveis!<\/p>\n\n\n\n<figure class=\"wp-block-image\"><a href=\"https:\/\/www.estrategiaconcursos.com.br\/sistema-de-questoes#\/\"><img loading=\"lazy\" decoding=\"async\" width=\"1024\" height=\"229\" src=\"https:\/\/dhg1h5j42swfq.cloudfront.net\/2020\/05\/18120730\/sq-1024x229.jpg\" alt=\"\" class=\"wp-image-515911\" srcset=\"https:\/\/dhg1h5j42swfq.cloudfront.net\/2020\/05\/18120730\/sq-1024x229.jpg 1024w, https:\/\/dhg1h5j42swfq.cloudfront.net\/2020\/05\/18120730\/sq-300x67.jpg 300w, https:\/\/dhg1h5j42swfq.cloudfront.net\/2020\/05\/18120730\/sq-768x172.jpg 768w, https:\/\/dhg1h5j42swfq.cloudfront.net\/2020\/05\/18120730\/sq-610x137.jpg 610w, https:\/\/dhg1h5j42swfq.cloudfront.net\/2020\/05\/18120730\/sq.jpg 1349w\" sizes=\"auto, (max-width: 1024px) 100vw, 1024px\" \/><\/a><\/figure>\n\n\n\n<p class=\"has-text-align-center has-medium-font-size\"><em><strong>Assinatura Anual Ilimitada*<\/strong><\/em><\/p>\n\n\n\n<p class=\"has-text-align-center\"><em>Prepare-se com o melhor material e com quem mais aprova em Concursos P\u00fablicos em todo o pa\u00eds. Assine agora a nossa Assinatura Anual e tenha acesso ilimitado* a todos os nossos cursos.<\/em><\/p>\n\n\n\n<p style=\"font-size:22px\" class=\"has-background has-text-align-center has-luminous-vivid-amber-background-color\"><strong>ASSINE AGORA<\/strong>&nbsp;\u2013&nbsp;<strong><a rel=\"noreferrer noopener\" href=\"https:\/\/www.estrategiaconcursos.com.br\/assinaturas\" target=\"_blank\">Assinatura Ilimitada<\/a><\/strong><\/p>\n\n\n\n<p style=\"font-size:22px\" class=\"has-background has-text-align-center has-light-green-cyan-background-color\"><strong><a href=\"https:\/\/www.estrategiaconcursos.com.br\/cursosPorConcurso\/prefeitura-municipal-de-sao-goncalo-rj\/\" target=\"_blank\" rel=\"noreferrer noopener\" aria-label=\"CURSO PREFEITURA DE S\u00c3O GON\u00c7ALO (abre numa nova aba)\">CURSO PREFEITURA DE S\u00c3O GON\u00c7ALO<\/a><\/strong><\/p>\n\n\n\n<p class=\"has-text-align-center has-medium-font-size\"><strong><em>Fique por dentro de todos os concursos<\/em><\/strong><\/p>\n\n\n\n<p style=\"font-size:22px\" class=\"has-background has-text-align-center has-pale-cyan-blue-background-color\"><a rel=\"noreferrer noopener\" href=\"https:\/\/www.estrategiaconcursos.com.br\/blog\/concursos-abertos\/\" target=\"_blank\"><strong>CONCURSOS ABERTOS<\/strong><\/a><\/p>\n\n\n\n<p style=\"font-size:22px\" class=\"has-background has-text-align-center has-pale-cyan-blue-background-color\"><a rel=\"noreferrer noopener\" href=\"https:\/\/www.estrategiaconcursos.com.br\/blog\/concursos-2020\/\" target=\"_blank\"><strong>CONCURSOS&nbsp;2020<\/strong><\/a><\/p>\n","protected":false},"excerpt":{"rendered":"<p>Foi divulgada uma nova retifica\u00e7\u00e3o do concurso p\u00fablico da Prefeitura de S\u00e3o Gon\u00e7alo, Rio de Janeiro. Desta vez, as altera\u00e7\u00f5es se d\u00e3o no cronograma do certame, que promoveu um novo prazo para inscri\u00e7\u00f5es e teve suas provas adiadas. Segundo o documento, os interessados ter\u00e3o uma nova chance de se candidatar no certame. O novo per\u00edodo [&hellip;]<\/p>\n","protected":false},"author":260,"featured_media":484199,"comment_status":"open","ping_status":"closed","sticky":false,"template":"","format":"standard","meta":{"post_tipo":"article","footnotes":""},"categories":[1],"tags":[],"tax_estado":[],"class_list":["post-517022","post","type-post","status-publish","format-standard","has-post-thumbnail","hentry","category-cursos-e-concursos"],"acf":[],"yoast_head":"<!-- This site is optimized with the Yoast SEO Premium plugin v27.2 (Yoast SEO v27.2) - https:\/\/yoast.com\/product\/yoast-seo-premium-wordpress\/ -->\n<title>Com provas adiadas, concurso S\u00e3o Gon\u00e7alo reabrir\u00e1 inscri\u00e7\u00f5es<\/title>\n<meta name=\"description\" content=\"Prefeitura de S\u00e3o Gon\u00e7alo reabrir\u00e1 inscri\u00e7\u00f5es de seu concurso entre os dias 22\/05 a 07\/09. Provas adiadas para 20\/09. Saiba mais!\" \/>\n<meta name=\"robots\" content=\"index, follow, max-snippet:-1, max-image-preview:large, max-video-preview:-1\" \/>\n<link rel=\"canonical\" href=\"https:\/\/www.estrategiaconcursos.com.br\/blog\/com-provas-adiadas-concurso-sao-goncalo-reabrira-inscricoes\/\" \/>\n<meta property=\"og:locale\" content=\"pt_BR\" \/>\n<meta property=\"og:type\" content=\"article\" \/>\n<meta property=\"og:title\" content=\"Com provas adiadas, concurso S\u00e3o Gon\u00e7alo reabrir\u00e1 inscri\u00e7\u00f5es\" \/>\n<meta property=\"og:description\" content=\"Prefeitura de S\u00e3o Gon\u00e7alo reabrir\u00e1 inscri\u00e7\u00f5es de seu concurso entre os dias 22\/05 a 07\/09. Provas adiadas para 20\/09. Saiba mais!\" \/>\n<meta property=\"og:url\" content=\"https:\/\/www.estrategiaconcursos.com.br\/blog\/com-provas-adiadas-concurso-sao-goncalo-reabrira-inscricoes\/\" \/>\n<meta property=\"og:site_name\" content=\"Estrat\u00e9gia Concursos\" \/>\n<meta property=\"article:published_time\" content=\"2020-05-19T22:14:36+00:00\" \/>\n<meta property=\"article:modified_time\" content=\"2020-05-22T12:41:38+00:00\" \/>\n<meta property=\"og:image\" content=\"https:\/\/dhg1h5j42swfq.cloudfront.net\/2020\/02\/20092534\/Prefeitura-S%C3%A3o-Gon%C3%A7alo-RJ.png\" \/>\n\t<meta property=\"og:image:width\" content=\"1200\" \/>\n\t<meta property=\"og:image:height\" content=\"628\" \/>\n\t<meta property=\"og:image:type\" content=\"image\/png\" \/>\n<meta name=\"author\" content=\"Diego Cerqueira Berbert Vasconcelos\" \/>\n<meta name=\"twitter:card\" content=\"summary_large_image\" \/>\n<meta name=\"twitter:creator\" content=\"@EstratConcursos\" \/>\n<meta name=\"twitter:site\" content=\"@EstratConcursos\" \/>\n<meta name=\"twitter:label1\" content=\"Escrito por\" \/>\n\t<meta name=\"twitter:data1\" content=\"Diego Cerqueira Berbert Vasconcelos\" \/>\n\t<meta name=\"twitter:label2\" content=\"Est. tempo de leitura\" \/>\n\t<meta name=\"twitter:data2\" content=\"2 minutos\" \/>\n<script type=\"application\/ld+json\" class=\"yoast-schema-graph\">{\"@context\":\"https:\/\/schema.org\",\"@graph\":[{\"@type\":\"NewsArticle\",\"@id\":\"https:\/\/www.estrategiaconcursos.com.br\/blog\/com-provas-adiadas-concurso-sao-goncalo-reabrira-inscricoes\/#article\",\"isPartOf\":{\"@id\":\"https:\/\/www.estrategiaconcursos.com.br\/blog\/com-provas-adiadas-concurso-sao-goncalo-reabrira-inscricoes\/\"},\"author\":{\"name\":\"Diego Cerqueira Berbert Vasconcelos\",\"@id\":\"https:\/\/www.estrategiaconcursos.com.br\/blog\/#\/schema\/person\/7fbf898fd336f5ce58a961518beff68c\"},\"headline\":\"Com provas adiadas, concurso S\u00e3o Gon\u00e7alo reabrir\u00e1 inscri\u00e7\u00f5es\",\"datePublished\":\"2020-05-19T22:14:36+00:00\",\"dateModified\":\"2020-05-22T12:41:38+00:00\",\"mainEntityOfPage\":{\"@id\":\"https:\/\/www.estrategiaconcursos.com.br\/blog\/com-provas-adiadas-concurso-sao-goncalo-reabrira-inscricoes\/\"},\"wordCount\":326,\"commentCount\":0,\"publisher\":{\"@id\":\"https:\/\/www.estrategiaconcursos.com.br\/blog\/#organization\"},\"image\":{\"@id\":\"https:\/\/www.estrategiaconcursos.com.br\/blog\/com-provas-adiadas-concurso-sao-goncalo-reabrira-inscricoes\/#primaryimage\"},\"thumbnailUrl\":\"https:\/\/dhg1h5j42swfq.cloudfront.net\/2020\/02\/20092534\/Prefeitura-S%C3%A3o-Gon%C3%A7alo-RJ.png\",\"articleSection\":[\"Concursos P\u00fablicos\"],\"inLanguage\":\"pt-BR\",\"potentialAction\":[{\"@type\":\"CommentAction\",\"name\":\"Comment\",\"target\":[\"https:\/\/www.estrategiaconcursos.com.br\/blog\/com-provas-adiadas-concurso-sao-goncalo-reabrira-inscricoes\/#respond\"]}],\"copyrightYear\":\"2020\",\"copyrightHolder\":{\"@id\":\"https:\/\/www.estrategiaconcursos.com.br\/blog\/#organization\"}},{\"@type\":\"WebPage\",\"@id\":\"https:\/\/www.estrategiaconcursos.com.br\/blog\/com-provas-adiadas-concurso-sao-goncalo-reabrira-inscricoes\/\",\"url\":\"https:\/\/www.estrategiaconcursos.com.br\/blog\/com-provas-adiadas-concurso-sao-goncalo-reabrira-inscricoes\/\",\"name\":\"Com provas adiadas, concurso S\u00e3o Gon\u00e7alo reabrir\u00e1 inscri\u00e7\u00f5es\",\"isPartOf\":{\"@id\":\"https:\/\/www.estrategiaconcursos.com.br\/blog\/#website\"},\"primaryImageOfPage\":{\"@id\":\"https:\/\/www.estrategiaconcursos.com.br\/blog\/com-provas-adiadas-concurso-sao-goncalo-reabrira-inscricoes\/#primaryimage\"},\"image\":{\"@id\":\"https:\/\/www.estrategiaconcursos.com.br\/blog\/com-provas-adiadas-concurso-sao-goncalo-reabrira-inscricoes\/#primaryimage\"},\"thumbnailUrl\":\"https:\/\/dhg1h5j42swfq.cloudfront.net\/2020\/02\/20092534\/Prefeitura-S%C3%A3o-Gon%C3%A7alo-RJ.png\",\"datePublished\":\"2020-05-19T22:14:36+00:00\",\"dateModified\":\"2020-05-22T12:41:38+00:00\",\"description\":\"Prefeitura de S\u00e3o Gon\u00e7alo reabrir\u00e1 inscri\u00e7\u00f5es de seu concurso entre os dias 22\/05 a 07\/09. Provas adiadas para 20\/09. Saiba mais!\",\"breadcrumb\":{\"@id\":\"https:\/\/www.estrategiaconcursos.com.br\/blog\/com-provas-adiadas-concurso-sao-goncalo-reabrira-inscricoes\/#breadcrumb\"},\"inLanguage\":\"pt-BR\",\"potentialAction\":[{\"@type\":\"ReadAction\",\"target\":[\"https:\/\/www.estrategiaconcursos.com.br\/blog\/com-provas-adiadas-concurso-sao-goncalo-reabrira-inscricoes\/\"]}]},{\"@type\":\"ImageObject\",\"inLanguage\":\"pt-BR\",\"@id\":\"https:\/\/www.estrategiaconcursos.com.br\/blog\/com-provas-adiadas-concurso-sao-goncalo-reabrira-inscricoes\/#primaryimage\",\"url\":\"https:\/\/dhg1h5j42swfq.cloudfront.net\/2020\/02\/20092534\/Prefeitura-S%C3%A3o-Gon%C3%A7alo-RJ.png\",\"contentUrl\":\"https:\/\/dhg1h5j42swfq.cloudfront.net\/2020\/02\/20092534\/Prefeitura-S%C3%A3o-Gon%C3%A7alo-RJ.png\",\"width\":1200,\"height\":628,\"caption\":\"Concursos Prefeitura de S\u00e3o Gon\u00e7alo\"},{\"@type\":\"BreadcrumbList\",\"@id\":\"https:\/\/www.estrategiaconcursos.com.br\/blog\/com-provas-adiadas-concurso-sao-goncalo-reabrira-inscricoes\/#breadcrumb\",\"itemListElement\":[{\"@type\":\"ListItem\",\"position\":1,\"name\":\"In\u00edcio\",\"item\":\"https:\/\/www.estrategiaconcursos.com.br\/blog\/\"},{\"@type\":\"ListItem\",\"position\":2,\"name\":\"Com provas adiadas, concurso S\u00e3o Gon\u00e7alo reabrir\u00e1 inscri\u00e7\u00f5es\"}]},{\"@type\":\"WebSite\",\"@id\":\"https:\/\/www.estrategiaconcursos.com.br\/blog\/#website\",\"url\":\"https:\/\/www.estrategiaconcursos.com.br\/blog\/\",\"name\":\"Estrat\u00e9gia Concursos\",\"description\":\"O blog da Estrat\u00e9gia Concursos traz not\u00edcias sobre concursos e artigos de professores oferecendo cursos para concursos (pdf + videaulas) no site.\",\"publisher\":{\"@id\":\"https:\/\/www.estrategiaconcursos.com.br\/blog\/#organization\"},\"potentialAction\":[{\"@type\":\"SearchAction\",\"target\":{\"@type\":\"EntryPoint\",\"urlTemplate\":\"https:\/\/www.estrategiaconcursos.com.br\/blog\/?s={search_term_string}\"},\"query-input\":{\"@type\":\"PropertyValueSpecification\",\"valueRequired\":true,\"valueName\":\"search_term_string\"}}],\"inLanguage\":\"pt-BR\"},{\"@type\":\"Organization\",\"@id\":\"https:\/\/www.estrategiaconcursos.com.br\/blog\/#organization\",\"name\":\"Estrat\u00e9gia Concursos\",\"url\":\"https:\/\/www.estrategiaconcursos.com.br\/blog\/\",\"logo\":{\"@type\":\"ImageObject\",\"inLanguage\":\"pt-BR\",\"@id\":\"https:\/\/www.estrategiaconcursos.com.br\/blog\/#\/schema\/logo\/image\/\",\"url\":\"https:\/\/dhg1h5j42swfq.cloudfront.net\/2025\/06\/03203428\/logo_concursos-1.jpg\",\"contentUrl\":\"https:\/\/dhg1h5j42swfq.cloudfront.net\/2025\/06\/03203428\/logo_concursos-1.jpg\",\"width\":230,\"height\":60,\"caption\":\"Estrat\u00e9gia Concursos\"},\"image\":{\"@id\":\"https:\/\/www.estrategiaconcursos.com.br\/blog\/#\/schema\/logo\/image\/\"},\"sameAs\":[\"https:\/\/x.com\/EstratConcursos\"]},{\"@type\":\"Person\",\"@id\":\"https:\/\/www.estrategiaconcursos.com.br\/blog\/#\/schema\/person\/7fbf898fd336f5ce58a961518beff68c\",\"name\":\"Diego Cerqueira Berbert Vasconcelos\",\"image\":{\"@type\":\"ImageObject\",\"inLanguage\":\"pt-BR\",\"@id\":\"https:\/\/secure.gravatar.com\/avatar\/ed2d045a7390980cad1a92d24dcc39d10ef55b88fcb9fb9c047979bf4ddeb1ce?s=96&d=mm&r=g\",\"url\":\"https:\/\/secure.gravatar.com\/avatar\/ed2d045a7390980cad1a92d24dcc39d10ef55b88fcb9fb9c047979bf4ddeb1ce?s=96&d=mm&r=g\",\"contentUrl\":\"https:\/\/secure.gravatar.com\/avatar\/ed2d045a7390980cad1a92d24dcc39d10ef55b88fcb9fb9c047979bf4ddeb1ce?s=96&d=mm&r=g\",\"caption\":\"Diego Cerqueira Berbert Vasconcelos\"},\"url\":\"https:\/\/www.estrategiaconcursos.com.br\/blog\/author\/diegocerqueiraestrategiaconcursos-com-br\/\"}]}<\/script>\n<!-- \/ Yoast SEO Premium plugin. -->","yoast_head_json":{"title":"Com provas adiadas, concurso S\u00e3o Gon\u00e7alo reabrir\u00e1 inscri\u00e7\u00f5es","description":"Prefeitura de S\u00e3o Gon\u00e7alo reabrir\u00e1 inscri\u00e7\u00f5es de seu concurso entre os dias 22\/05 a 07\/09. Provas adiadas para 20\/09. Saiba mais!","robots":{"index":"index","follow":"follow","max-snippet":"max-snippet:-1","max-image-preview":"max-image-preview:large","max-video-preview":"max-video-preview:-1"},"canonical":"https:\/\/www.estrategiaconcursos.com.br\/blog\/com-provas-adiadas-concurso-sao-goncalo-reabrira-inscricoes\/","og_locale":"pt_BR","og_type":"article","og_title":"Com provas adiadas, concurso S\u00e3o Gon\u00e7alo reabrir\u00e1 inscri\u00e7\u00f5es","og_description":"Prefeitura de S\u00e3o Gon\u00e7alo reabrir\u00e1 inscri\u00e7\u00f5es de seu concurso entre os dias 22\/05 a 07\/09. Provas adiadas para 20\/09. Saiba mais!","og_url":"https:\/\/www.estrategiaconcursos.com.br\/blog\/com-provas-adiadas-concurso-sao-goncalo-reabrira-inscricoes\/","og_site_name":"Estrat\u00e9gia Concursos","article_published_time":"2020-05-19T22:14:36+00:00","article_modified_time":"2020-05-22T12:41:38+00:00","og_image":[{"width":1200,"height":628,"url":"https:\/\/dhg1h5j42swfq.cloudfront.net\/2020\/02\/20092534\/Prefeitura-S%C3%A3o-Gon%C3%A7alo-RJ.png","type":"image\/png"}],"author":"Diego Cerqueira Berbert Vasconcelos","twitter_card":"summary_large_image","twitter_creator":"@EstratConcursos","twitter_site":"@EstratConcursos","twitter_misc":{"Escrito por":"Diego Cerqueira Berbert Vasconcelos","Est. tempo de leitura":"2 minutos"},"schema":{"@context":"https:\/\/schema.org","@graph":[{"@type":"NewsArticle","@id":"https:\/\/www.estrategiaconcursos.com.br\/blog\/com-provas-adiadas-concurso-sao-goncalo-reabrira-inscricoes\/#article","isPartOf":{"@id":"https:\/\/www.estrategiaconcursos.com.br\/blog\/com-provas-adiadas-concurso-sao-goncalo-reabrira-inscricoes\/"},"author":{"name":"Diego Cerqueira Berbert Vasconcelos","@id":"https:\/\/www.estrategiaconcursos.com.br\/blog\/#\/schema\/person\/7fbf898fd336f5ce58a961518beff68c"},"headline":"Com provas adiadas, concurso S\u00e3o Gon\u00e7alo reabrir\u00e1 inscri\u00e7\u00f5es","datePublished":"2020-05-19T22:14:36+00:00","dateModified":"2020-05-22T12:41:38+00:00","mainEntityOfPage":{"@id":"https:\/\/www.estrategiaconcursos.com.br\/blog\/com-provas-adiadas-concurso-sao-goncalo-reabrira-inscricoes\/"},"wordCount":326,"commentCount":0,"publisher":{"@id":"https:\/\/www.estrategiaconcursos.com.br\/blog\/#organization"},"image":{"@id":"https:\/\/www.estrategiaconcursos.com.br\/blog\/com-provas-adiadas-concurso-sao-goncalo-reabrira-inscricoes\/#primaryimage"},"thumbnailUrl":"https:\/\/dhg1h5j42swfq.cloudfront.net\/2020\/02\/20092534\/Prefeitura-S%C3%A3o-Gon%C3%A7alo-RJ.png","articleSection":["Concursos P\u00fablicos"],"inLanguage":"pt-BR","potentialAction":[{"@type":"CommentAction","name":"Comment","target":["https:\/\/www.estrategiaconcursos.com.br\/blog\/com-provas-adiadas-concurso-sao-goncalo-reabrira-inscricoes\/#respond"]}],"copyrightYear":"2020","copyrightHolder":{"@id":"https:\/\/www.estrategiaconcursos.com.br\/blog\/#organization"}},{"@type":"WebPage","@id":"https:\/\/www.estrategiaconcursos.com.br\/blog\/com-provas-adiadas-concurso-sao-goncalo-reabrira-inscricoes\/","url":"https:\/\/www.estrategiaconcursos.com.br\/blog\/com-provas-adiadas-concurso-sao-goncalo-reabrira-inscricoes\/","name":"Com provas adiadas, concurso S\u00e3o Gon\u00e7alo reabrir\u00e1 inscri\u00e7\u00f5es","isPartOf":{"@id":"https:\/\/www.estrategiaconcursos.com.br\/blog\/#website"},"primaryImageOfPage":{"@id":"https:\/\/www.estrategiaconcursos.com.br\/blog\/com-provas-adiadas-concurso-sao-goncalo-reabrira-inscricoes\/#primaryimage"},"image":{"@id":"https:\/\/www.estrategiaconcursos.com.br\/blog\/com-provas-adiadas-concurso-sao-goncalo-reabrira-inscricoes\/#primaryimage"},"thumbnailUrl":"https:\/\/dhg1h5j42swfq.cloudfront.net\/2020\/02\/20092534\/Prefeitura-S%C3%A3o-Gon%C3%A7alo-RJ.png","datePublished":"2020-05-19T22:14:36+00:00","dateModified":"2020-05-22T12:41:38+00:00","description":"Prefeitura de S\u00e3o Gon\u00e7alo reabrir\u00e1 inscri\u00e7\u00f5es de seu concurso entre os dias 22\/05 a 07\/09. Provas adiadas para 20\/09. Saiba mais!","breadcrumb":{"@id":"https:\/\/www.estrategiaconcursos.com.br\/blog\/com-provas-adiadas-concurso-sao-goncalo-reabrira-inscricoes\/#breadcrumb"},"inLanguage":"pt-BR","potentialAction":[{"@type":"ReadAction","target":["https:\/\/www.estrategiaconcursos.com.br\/blog\/com-provas-adiadas-concurso-sao-goncalo-reabrira-inscricoes\/"]}]},{"@type":"ImageObject","inLanguage":"pt-BR","@id":"https:\/\/www.estrategiaconcursos.com.br\/blog\/com-provas-adiadas-concurso-sao-goncalo-reabrira-inscricoes\/#primaryimage","url":"https:\/\/dhg1h5j42swfq.cloudfront.net\/2020\/02\/20092534\/Prefeitura-S%C3%A3o-Gon%C3%A7alo-RJ.png","contentUrl":"https:\/\/dhg1h5j42swfq.cloudfront.net\/2020\/02\/20092534\/Prefeitura-S%C3%A3o-Gon%C3%A7alo-RJ.png","width":1200,"height":628,"caption":"Concursos Prefeitura de S\u00e3o Gon\u00e7alo"},{"@type":"BreadcrumbList","@id":"https:\/\/www.estrategiaconcursos.com.br\/blog\/com-provas-adiadas-concurso-sao-goncalo-reabrira-inscricoes\/#breadcrumb","itemListElement":[{"@type":"ListItem","position":1,"name":"In\u00edcio","item":"https:\/\/www.estrategiaconcursos.com.br\/blog\/"},{"@type":"ListItem","position":2,"name":"Com provas adiadas, concurso S\u00e3o Gon\u00e7alo reabrir\u00e1 inscri\u00e7\u00f5es"}]},{"@type":"WebSite","@id":"https:\/\/www.estrategiaconcursos.com.br\/blog\/#website","url":"https:\/\/www.estrategiaconcursos.com.br\/blog\/","name":"Estrat\u00e9gia Concursos","description":"O blog da Estrat\u00e9gia Concursos traz not\u00edcias sobre concursos e artigos de professores oferecendo cursos para concursos (pdf + videaulas) no site.","publisher":{"@id":"https:\/\/www.estrategiaconcursos.com.br\/blog\/#organization"},"potentialAction":[{"@type":"SearchAction","target":{"@type":"EntryPoint","urlTemplate":"https:\/\/www.estrategiaconcursos.com.br\/blog\/?s={search_term_string}"},"query-input":{"@type":"PropertyValueSpecification","valueRequired":true,"valueName":"search_term_string"}}],"inLanguage":"pt-BR"},{"@type":"Organization","@id":"https:\/\/www.estrategiaconcursos.com.br\/blog\/#organization","name":"Estrat\u00e9gia Concursos","url":"https:\/\/www.estrategiaconcursos.com.br\/blog\/","logo":{"@type":"ImageObject","inLanguage":"pt-BR","@id":"https:\/\/www.estrategiaconcursos.com.br\/blog\/#\/schema\/logo\/image\/","url":"https:\/\/dhg1h5j42swfq.cloudfront.net\/2025\/06\/03203428\/logo_concursos-1.jpg","contentUrl":"https:\/\/dhg1h5j42swfq.cloudfront.net\/2025\/06\/03203428\/logo_concursos-1.jpg","width":230,"height":60,"caption":"Estrat\u00e9gia Concursos"},"image":{"@id":"https:\/\/www.estrategiaconcursos.com.br\/blog\/#\/schema\/logo\/image\/"},"sameAs":["https:\/\/x.com\/EstratConcursos"]},{"@type":"Person","@id":"https:\/\/www.estrategiaconcursos.com.br\/blog\/#\/schema\/person\/7fbf898fd336f5ce58a961518beff68c","name":"Diego Cerqueira Berbert Vasconcelos","image":{"@type":"ImageObject","inLanguage":"pt-BR","@id":"https:\/\/secure.gravatar.com\/avatar\/ed2d045a7390980cad1a92d24dcc39d10ef55b88fcb9fb9c047979bf4ddeb1ce?s=96&d=mm&r=g","url":"https:\/\/secure.gravatar.com\/avatar\/ed2d045a7390980cad1a92d24dcc39d10ef55b88fcb9fb9c047979bf4ddeb1ce?s=96&d=mm&r=g","contentUrl":"https:\/\/secure.gravatar.com\/avatar\/ed2d045a7390980cad1a92d24dcc39d10ef55b88fcb9fb9c047979bf4ddeb1ce?s=96&d=mm&r=g","caption":"Diego Cerqueira Berbert Vasconcelos"},"url":"https:\/\/www.estrategiaconcursos.com.br\/blog\/author\/diegocerqueiraestrategiaconcursos-com-br\/"}]}},"_links":{"self":[{"href":"https:\/\/www.estrategiaconcursos.com.br\/blog\/wp-json\/wp\/v2\/posts\/517022","targetHints":{"allow":["GET"]}}],"collection":[{"href":"https:\/\/www.estrategiaconcursos.com.br\/blog\/wp-json\/wp\/v2\/posts"}],"about":[{"href":"https:\/\/www.estrategiaconcursos.com.br\/blog\/wp-json\/wp\/v2\/types\/post"}],"author":[{"embeddable":true,"href":"https:\/\/www.estrategiaconcursos.com.br\/blog\/wp-json\/wp\/v2\/users\/260"}],"replies":[{"embeddable":true,"href":"https:\/\/www.estrategiaconcursos.com.br\/blog\/wp-json\/wp\/v2\/comments?post=517022"}],"version-history":[{"count":3,"href":"https:\/\/www.estrategiaconcursos.com.br\/blog\/wp-json\/wp\/v2\/posts\/517022\/revisions"}],"predecessor-version":[{"id":517919,"href":"https:\/\/www.estrategiaconcursos.com.br\/blog\/wp-json\/wp\/v2\/posts\/517022\/revisions\/517919"}],"wp:featuredmedia":[{"embeddable":true,"href":"https:\/\/www.estrategiaconcursos.com.br\/blog\/wp-json\/wp\/v2\/media\/484199"}],"wp:attachment":[{"href":"https:\/\/www.estrategiaconcursos.com.br\/blog\/wp-json\/wp\/v2\/media?parent=517022"}],"wp:term":[{"taxonomy":"category","embeddable":true,"href":"https:\/\/www.estrategiaconcursos.com.br\/blog\/wp-json\/wp\/v2\/categories?post=517022"},{"taxonomy":"post_tag","embeddable":true,"href":"https:\/\/www.estrategiaconcursos.com.br\/blog\/wp-json\/wp\/v2\/tags?post=517022"},{"taxonomy":"tax_estado","embeddable":true,"href":"https:\/\/www.estrategiaconcursos.com.br\/blog\/wp-json\/wp\/v2\/tax_estado?post=517022"}],"curies":[{"name":"wp","href":"https:\/\/api.w.org\/{rel}","templated":true}]}}