{"id":516868,"date":"2022-02-20T23:00:00","date_gmt":"2022-02-21T02:00:00","guid":{"rendered":"https:\/\/www.estrategiaconcursos.com.br\/blog\/?p=516868"},"modified":"2023-07-13T09:46:54","modified_gmt":"2023-07-13T12:46:54","slug":"edital-guarda-de-sao-goncalo-rj","status":"publish","type":"post","link":"https:\/\/www.estrategiaconcursos.com.br\/blog\/edital-guarda-de-sao-goncalo-rj\/","title":{"rendered":"Edital Guarda de S\u00e3o Gon\u00e7alo: inscri\u00e7\u00f5es est\u00e3o encerradas"},"content":{"rendered":"\n<p>Est\u00e3o encerradas as inscri\u00e7\u00f5es do <strong>edital Guarda de S\u00e3o Gon\u00e7alo<\/strong>! Os interessados puderam se candidatar at\u00e9 o dia 20 de fevereiro de 2022, pelo site do Instituto Selecon, ao custo de R$ 80,00. <\/p>\n\n\n\n<p>S\u00e3o ofertadas <strong>40 vagas imediatas<\/strong>, al\u00e9m de mais <strong>120 em cadastro reserva<\/strong>, para o cargo de Guarda Municipal, que exige forma\u00e7\u00e3o de n\u00edvel m\u00e9dio. O sal\u00e1rio inicial pode chegar a R$ 3.506,47.<\/p>\n\n\n\n<p>Ainda de acordo com o novo calend\u00e1rio, a aplica\u00e7\u00e3o da prova objetiva \u00e9 prevista para 03 de abril de 2022.<\/p>\n\n\n\n<ul class=\"has-very-light-gray-to-cyan-bluish-gray-gradient-background has-background wp-block-list\">\n<li><strong style=\"background-color: initial; color: initial;\">Banca<\/strong><span style=\"background-color: initial; color: initial;\">: Instituto Selecon<\/span><\/li>\n\n\n\n<li><strong>Vagas<\/strong>: 40 + 120 CR<\/li>\n\n\n\n<li><strong>Sal\u00e1rio<\/strong>: R$ 974,00 + gratifica\u00e7\u00f5es<\/li>\n\n\n\n<li><strong>Edital consolidado<\/strong>: <a href=\"https:\/\/dhg1h5j42swfq.cloudfront.net\/2021\/12\/20132954\/edital_003_2020-gm-sg_edital_consolidado.pdf\" target=\"_blank\" rel=\"noreferrer noopener nofollow\">GCM Guarda S\u00e3o Gon\u00e7alo<\/a><\/li>\n<\/ul>\n\n\n\n<h2 class=\"wp-block-heading\" id=\"datas\">Principais informa\u00e7\u00f5es e datas do Edital S\u00e3o Gon\u00e7alo RJ <\/h2>\n\n\n\n<ul class=\"wp-block-list\">\n<li><strong>Inscri\u00e7\u00f5es:<\/strong> <s>23 de dezembro de 2021 a 20 de fevereiro de 2022 <\/s><\/li>\n\n\n\n<li><strong>Isen\u00e7\u00e3o da taxa<\/strong>: <s>21 e 22 de dezembro de 2021<\/s><\/li>\n\n\n\n<li><strong>\u00daltimo dia para pagamento<\/strong>: 21 de fevereiro de 2022  <\/li>\n\n\n\n<li><strong>Taxas:<\/strong> R$ 80,00 <\/li>\n\n\n\n<li><strong>Prova:<\/strong> 03 de abril de 2022<\/li>\n<\/ul>\n\n\n\n<h2 class=\"wp-block-heading\" id=\"cargos\">Cargos, vagas e remunera\u00e7\u00f5es do Edital S\u00e3o Gon\u00e7alo RJ <\/h2>\n\n\n\n<h3 class=\"wp-block-heading\" id=\"nivel-medio\">N\u00edvel m\u00e9dio<\/h3>\n\n\n\n<figure class=\"wp-block-table is-style-stripes\"><table class=\"has-background has-fixed-layout\" style=\"background-color:#e7f5fe\"><tbody><tr><td class=\"has-text-align-center\" data-align=\"center\"><strong>Cargo<\/strong><\/td><td class=\"has-text-align-center\" data-align=\"center\"><strong>Vagas<\/strong><\/td><td class=\"has-text-align-center\" data-align=\"center\"><strong>Remunera\u00e7\u00e3o<\/strong><\/td><\/tr><tr><td class=\"has-text-align-center\" data-align=\"center\">Guarda Municipal<\/td><td class=\"has-text-align-center\" data-align=\"center\"> 40 imediatas + 120 CR <\/td><td class=\"has-text-align-center\" data-align=\"center\"> R$ 974,00 + gratifica\u00e7\u00f5es, podendo chegar a R$ 3.506,47<\/td><\/tr><\/tbody><\/table><\/figure>\n\n\n\n<h3 class=\"wp-block-heading\" id=\"atribui\u00e7\u00f5es\">Atribui\u00e7\u00f5es do cargo de Guarda municipal<\/h3>\n\n\n\n<ul class=\"wp-block-list\">\n<li>I &#8211; zelar pelos bens, equipamentos e pr\u00e9dios p\u00fablicos do Munic\u00edpio;<\/li>\n\n\n\n<li>II &#8211; prevenir e inibir, pela presen\u00e7a e vigil\u00e2ncia, bem como coibir, infra\u00e7\u00f5es penais ou administrativas e atos infracionais que atentem contra os bens, servi\u00e7os e instala\u00e7\u00f5es municipais;<\/li>\n\n\n\n<li>III &#8211; atuar, preventiva e permanentemente, no territ\u00f3rio do Munic\u00edpio, para a prote\u00e7\u00e3o sist\u00eamica da popula\u00e7\u00e3o que utiliza os bens, servi\u00e7os e instala\u00e7\u00f5es municipais;<\/li>\n\n\n\n<li>IV &#8211; colaborar, de forma integrada com os \u00f3rg\u00e3os de seguran\u00e7a p\u00fablica, em a\u00e7\u00f5es conjuntas que contribuam com a paz social;<\/li>\n\n\n\n<li>V &#8211; colaborar com a pacifica\u00e7\u00e3o de conflitos que seus integrantes presenciarem, atentando para o respeito aos direitos fundamentais das pessoas;<\/li>\n\n\n\n<li>VI &#8211; exercer as compet\u00eancias de tr\u00e2nsito que lhes s\u00e3o conferidas, nas vias e logradouros municipais, nos termos da Lei n\u00ba 9.503, de 23 de setembro de 1997 (C\u00f3digo de Tr\u00e2nsito Brasileiro), ou de forma concorrente, mediante conv\u00eanio celebrado com \u00f3rg\u00e3o de tr\u00e2nsito estadual ou municipal;<\/li>\n\n\n\n<li>VII &#8211; proteger o patrim\u00f4nio ecol\u00f3gico, hist\u00f3rico, cultural, arquitet\u00f4nico e ambiental do Munic\u00edpio, inclusive adotando medidas educativas e preventivas;<\/li>\n\n\n\n<li>VIII &#8211; cooperar com os demais \u00f3rg\u00e3os de defesa em suas atividades;<\/li>\n\n\n\n<li>IX \u2013 interagir com a sociedade para discuss\u00e3o de solu\u00e7\u00f5es de problemas e projetos locais voltados \u00e0 melhoria das condi\u00e7\u00f5es de seguran\u00e7a das comunidades;<\/li>\n\n\n\n<li>X &#8211; estabelecer parcerias com os \u00f3rg\u00e3os estaduais e da Uni\u00e3o, ou de Munic\u00edpios vizinhos, por meio da celebra\u00e7\u00e3o de conv\u00eanios ou cons\u00f3rcios, com vistas ao desenvolvimento de a\u00e7\u00f5es preventivas integradas;<\/li>\n\n\n\n<li>XI &#8211; articular-se com os \u00f3rg\u00e3os municipais de pol\u00edticas sociais, visando \u00e0 ado\u00e7\u00e3o de a\u00e7\u00f5es interdisciplinares de seguran\u00e7a no Munic\u00edpio;<\/li>\n\n\n\n<li>XII &#8211; integrar-se com os demais \u00f3rg\u00e3os de poder de pol\u00edcia administrativa, visando a contribuir para a normatiza\u00e7\u00e3o e a fiscaliza\u00e7\u00e3o das posturas e ordenamento urbano municipal;<\/li>\n\n\n\n<li>XIII &#8211; garantir o atendimento de ocorr\u00eancias emergenciais, ou prest\u00e1-lo direta e imediatamente quando deparar-se com elas;<\/li>\n\n\n\n<li>XIV &#8211; encaminhar ao delegado de pol\u00edcia, diante de flagrante delito, o autor da infra\u00e7\u00e3o, preservando o local do crime, quando poss\u00edvel e sempre que necess\u00e1rio;<\/li>\n\n\n\n<li>XV &#8211; contribuir no estudo de impacto na seguran\u00e7a local, conforme plano diretor municipal, por ocasi\u00e3o da constru\u00e7\u00e3o de empreendimentos de grande porte;<\/li>\n\n\n\n<li>XVI &#8211; desenvolver a\u00e7\u00f5es de preven\u00e7\u00e3o prim\u00e1ria \u00e0 viol\u00eancia, isoladamente ou em conjunto com os demais \u00f3rg\u00e3os da pr\u00f3pria municipalidade, de outros Munic\u00edpios ou das esferas estadual e federal;<\/li>\n\n\n\n<li>XVII &#8211; auxiliar na seguran\u00e7a de grandes eventos e na prote\u00e7\u00e3o de autoridades e dignat\u00e1rios; e<\/li>\n\n\n\n<li>XVIII &#8211; atuar mediante a\u00e7\u00f5es preventivas na seguran\u00e7a escolar, zelando pelo entorno e participando de a\u00e7\u00f5es educativas com o corpo discente e docente das unidades de ensino municipal, de forma a colaborar com a implanta\u00e7\u00e3o da cultura de paz na comunidade local.<\/li>\n<\/ul>\n\n\n\n<h2 class=\"wp-block-heading\" id=\"etapas\">Etapas do Edital Guarda de S\u00e3o Gon\u00e7alo RJ    <\/h2>\n\n\n\n<p>O edital Guarda de S\u00e3o Gon\u00e7alo RJ ser\u00e1 constitu\u00eddo por cinco etapas. Confira a seguir as principais etapas do certame: <\/p>\n\n\n\n<ul class=\"wp-block-list\">\n<li>1\u00aa Etapa: Prova Objetiva, de car\u00e1ter classificat\u00f3rio e eliminat\u00f3rio;<\/li>\n\n\n\n<li>2\u00aa Etapa: Exame de Aptid\u00e3o F\u00edsica &#8211; EAF, de car\u00e1ter eliminat\u00f3rio;<\/li>\n\n\n\n<li>3\u00aa Etapa: Avalia\u00e7\u00e3o Psicol\u00f3gica, de car\u00e1ter eliminat\u00f3rio;<\/li>\n\n\n\n<li>4\u00aa Etapa: Exame M\u00e9dico, de car\u00e1ter eliminat\u00f3rio;<\/li>\n\n\n\n<li>5\u00aa Etapa: Investiga\u00e7\u00e3o Social, de car\u00e1ter eliminat\u00f3rio.<\/li>\n<\/ul>\n\n\n\n<h3 class=\"wp-block-heading\" id=\"prova-objetiva\">Prova Objetiva<\/h3>\n\n\n\n<p>A Prova Objetiva ser\u00e1 do tipo m\u00faltipla escolha, com 80 quest\u00f5es de quatro alternativas cada, das quais apenas uma deve ser assinalada, sendo avaliada na escala de 0 a 100 pontos. A etapa, com dura\u00e7\u00e3o total de 3h30, ser\u00e1 eliminat\u00f3ria e classificat\u00f3ria, sendo constitu\u00edda da seguinte maneira:<\/p>\n\n\n\n<figure class=\"wp-block-image size-large\"><img loading=\"lazy\" decoding=\"async\" width=\"624\" height=\"219\" src=\"https:\/\/dhg1h5j42swfq.cloudfront.net\/2020\/05\/19154124\/image-228.png\" alt=\"\" class=\"wp-image-516900\" srcset=\"https:\/\/dhg1h5j42swfq.cloudfront.net\/2020\/05\/19154124\/image-228.png 624w, https:\/\/dhg1h5j42swfq.cloudfront.net\/2020\/05\/19154124\/image-228-300x105.png 300w, https:\/\/dhg1h5j42swfq.cloudfront.net\/2020\/05\/19154124\/image-228-610x214.png 610w\" sizes=\"auto, (max-width: 624px) 100vw, 624px\" \/><\/figure>\n\n\n\n<h3 class=\"wp-block-heading\" id=\"exame-de-aptidao-fisica\">Exame de Aptid\u00e3o F\u00edsica<\/h3>\n\n\n\n<p>O Exame de Aptid\u00e3o F\u00edsica do edital Guarda de S\u00e3o Gon\u00e7alo, de car\u00e1ter eliminat\u00f3rio, visa aferir a aptid\u00e3o e a capacidade do candidato para suportar f\u00edsica e organicamente as exig\u00eancias das atribui\u00e7\u00f5es do cargo.<\/p>\n\n\n\n<p>Para a realiza\u00e7\u00e3o do Exame de Aptid\u00e3o F\u00edsica, o candidato dever\u00e1 comparecer no dia, hora e local previamente designados, portando o original do documento de identifica\u00e7\u00e3o, utilizado para realiza\u00e7\u00e3o da inscri\u00e7\u00e3o e, ainda, com trajes adequados, a saber: cal\u00e7\u00e3o de gin\u00e1stica (ou malha, para o sexo feminino), t\u00eanis e camiseta. <\/p>\n\n\n\n<h3 class=\"wp-block-heading\" id=\"avaliacao-psicologica\">Avalia\u00e7\u00e3o Psicol\u00f3gica<\/h3>\n\n\n\n<p>Realizar\u00e3o essa etapa todos os candidatos ao cargo de Guarda Municipal considerados APTOS no Exame de Aptid\u00e3o F\u00edsica (EAF). <\/p>\n\n\n\n<p>A Avalia\u00e7\u00e3o Psicol\u00f3gica para fins de sele\u00e7\u00e3o de candidatos \u00e9 um processo realizado mediante o emprego de um conjunto de procedimentos objetivos e cient\u00edficos, que permite identificar se o candidato preenche os padr\u00f5es psicol\u00f3gicos exigidos e as caracter\u00edsticas para um melhor desempenho da fun\u00e7\u00e3o. <\/p>\n\n\n\n<p>Tais atividades submetem o indiv\u00edduo a fortes press\u00f5es externas e emocionais, a riscos diversos, al\u00e9m de responsabilidade, penal e administrativa.<\/p>\n\n\n\n<h2 class=\"wp-block-heading\" id=\"estrat\u00e9gico\">Edital Estrat\u00e9gico Guarda de S\u00e3o Gon\u00e7alo: baixe gratuitamente<\/h2>\n\n\n\n<p class=\"has-text-align-center has-very-light-gray-background-color has-background has-medium-font-size\"><strong><a href=\"https:\/\/dhg1h5j42swfq.cloudfront.net\/2020\/05\/20165003\/Edital-Estrat%C3%A9gico_PREFEITURA-DE-S%C3%83O-GON%C3%87ALO-RJ_GUARDA-MUNICIPAL.xlsx\" target=\"_blank\" rel=\"noreferrer noopener nofollow\">GCM S\u00e3o Gon\u00e7alo<\/a><\/strong><\/p>\n\n\n\n<p><strong>IMPORTANTE:&nbsp;<\/strong>Ao clicar no link acima, vai ser aberta uma janela do Google Drive que tentar\u00e1 carregar a visualiza\u00e7\u00e3o da planilha no seu navegador. N\u00e3o h\u00e1 necessidade de esperar essa visualiza\u00e7\u00e3o (talvez at\u00e9 nem carregue, j\u00e1 que os arquivos s\u00e3o pesados).<\/p>\n\n\n\n<p>Fa\u00e7a o download clicando na seta para baixo no canto superior direito da janela do Google Drive que vai ser aberta ao clicar nos links acima.<\/p>\n\n\n\n<p>Todos os arquivos foram testados em diferentes computadores e celulares e est\u00e3o ok. Talvez alguma incompatibilidade (ou mensagem de erro, como \u201carquivo inv\u00e1lido\u201d) ocorra em virtude do seu pr\u00f3prio computador ou do tamanho dos arquivos que possuem mais conte\u00fado.<\/p>\n\n\n\n<hr class=\"wp-block-separator has-css-opacity\"\/>\n\n\n\n<h2 class=\"wp-block-heading has-text-align-center\" id=\"h-quer-saber-tudo-sobre-concursos-previstos-confira-nossos-artigos\">Quer saber tudo sobre concursos previstos?<br \/>Confira nossos artigos!<\/h2>\n\n\n\n<ul class=\"wp-block-list\">\n<li><a href=\"https:\/\/www.estrategiaconcursos.com.br\/blog\/concursos-abertos\/\" target=\"_blank\" rel=\"noreferrer noopener\">Concursos abertos<\/a><\/li>\n\n\n\n<li><a href=\"https:\/\/www.estrategiaconcursos.com.br\/blog\/concursos-2022\/\" target=\"_blank\" rel=\"noreferrer noopener\">Concursos 2022<\/a><\/li>\n<\/ul>\n\n\n\n<h2 class=\"wp-block-heading has-text-align-center\" id=\"cursos-assinatura\">Quer estudar para o edital Guarda de S\u00e3o Gon\u00e7alo?<\/h2>\n\n\n\n<div class=\"container\" id=\"boxes\">\n  <div class=\"row\">\n\n    <div class=\"col-sm\">\n      <div class=\"banner-policial\" id=\"box-assinatura\">\n        <h3 class=\"titulo-assinatura\">Concurso Guarda de S\u00e3o Gon\u00e7alo<\/h3>\n        <p class=\"subtitulo-assinatura\">Conhe\u00e7a os cursos<\/p>\n        <div class=\"box-botao\">\n          <a class=\"btn-assinatura\" target=\"_blank\" href=\"https:\/\/www.estrategiaconcursos.com.br\/cursosPorConcurso\/cursos-para-concursos-policiais\/\" role=\"button\" rel=\"noopener noreferrer\">Conhe\u00e7a mais<\/a>\n        <\/div>\n      <\/div>\n     \n\n  <\/div>\n<\/div><\/div>\n\n\n\n<div class=\"container\" id=\"boxes\">\n  <div class=\"row\">\n\n    <div class=\"col-sm\">\n      <div class=\"estrategia\" id=\"box-assinatura\">\n        <h3 class=\"titulo-assinatura\">Assinatura de Concursos<\/h3>\n        <p class=\"subtitulo-assinatura\">Assinatura de 1 ano ou 2 anos<\/p>\n        <div class=\"box-botao\">\n          <a class=\"btn-assinatura\" target=\"_blank\" href=\"https:\/\/www.estrategiaconcursos.com.br\/assinaturas\/\" role=\"button\" rel=\"noopener noreferrer\">ASSINE AGORA<\/a>\n        <\/div>\n      <\/div>\n     \n    <\/div><\/div><\/div>\n\n\n\n<figure class=\"wp-block-image size-large is-resized\"><img loading=\"lazy\" decoding=\"async\" src=\"https:\/\/dhg1h5j42swfq.cloudfront.net\/2021\/05\/22093536\/ficha-tecnica-1-1024x632-1-16.png\" alt=\"Informa\u00e7\u00f5es do edital Guarda de S\u00e3o Gon\u00e7alo RJ \" class=\"wp-image-747949\" width=\"256\" height=\"158\" srcset=\"https:\/\/dhg1h5j42swfq.cloudfront.net\/2021\/05\/22093536\/ficha-tecnica-1-1024x632-1-16.png 1024w, https:\/\/dhg1h5j42swfq.cloudfront.net\/2021\/05\/22093536\/ficha-tecnica-1-1024x632-1-16-300x185.png 300w, https:\/\/dhg1h5j42swfq.cloudfront.net\/2021\/05\/22093536\/ficha-tecnica-1-1024x632-1-16-768x474.png 768w, https:\/\/dhg1h5j42swfq.cloudfront.net\/2021\/05\/22093536\/ficha-tecnica-1-1024x632-1-16-610x376.png 610w\" sizes=\"auto, (max-width: 256px) 100vw, 256px\" \/><\/figure>\n\n\n\n<h3 class=\"wp-block-heading\" id=\"ficha\">Informa\u00e7\u00f5es do edital Guarda de S\u00e3o Gon\u00e7alo RJ <\/h3>\n\n\n\n<p>\u25ba<strong>Prova:&nbsp;<\/strong>03\/04\/2022<br \/>\u25ba<strong>Vagas<\/strong>: 40 vagas + CR<br \/>\u25ba<strong>Cargos<\/strong>: Guarda Municipal<br \/>\u25ba<strong>Banca<\/strong>: Instituto Selecon<br \/>\u25ba<strong>Escolaridade<\/strong>: n\u00edvel m\u00e9dio <br \/>\u25ba<strong style=\"font-size: revert; color: initial;\">Edital retificado<\/strong><span style=\"font-size: revert; color: initial;\">: <\/span><a style=\"font-size: revert;\" href=\"https:\/\/dhg1h5j42swfq.cloudfront.net\/2021\/12\/20132954\/edital_003_2020-gm-sg_edital_consolidado.pdf\" target=\"_blank\" rel=\"noreferrer noopener nofollow\">GCM Guarda S\u00e3o Gon\u00e7alo<\/a> <\/p>\n","protected":false},"excerpt":{"rendered":"<p>Est\u00e3o encerradas as inscri\u00e7\u00f5es do edital Guarda de S\u00e3o Gon\u00e7alo! Os interessados puderam se candidatar at\u00e9 o dia 20 de fevereiro de 2022, pelo site do Instituto Selecon, ao custo de R$ 80,00. S\u00e3o ofertadas 40 vagas imediatas, al\u00e9m de mais 120 em cadastro reserva, para o cargo de Guarda Municipal, que exige forma\u00e7\u00e3o de [&hellip;]<\/p>\n","protected":false},"author":657,"featured_media":932945,"comment_status":"open","ping_status":"closed","sticky":false,"template":"","format":"standard","meta":{"post_tipo":"news","footnotes":""},"categories":[220189],"tags":[],"tax_estado":[219982],"class_list":["post-516868","post","type-post","status-publish","format-standard","has-post-thumbnail","hentry","category-policial-guarda-civis","tax_estado-rj"],"acf":[],"yoast_head":"<!-- This site is optimized with the Yoast SEO Premium plugin v27.2 (Yoast SEO v27.2) - https:\/\/yoast.com\/product\/yoast-seo-premium-wordpress\/ -->\n<title>Edital Guarda de S\u00e3o Gon\u00e7alo: inscri\u00e7\u00f5es est\u00e3o encerradas<\/title>\n<meta name=\"description\" content=\"Edital Guarda de S\u00e3o Gon\u00e7alo RJ oferta 40 vagas imediatas + 120 CR. Inscri\u00e7\u00f5es encerradas e provas em abril. Confira mais!\" \/>\n<meta name=\"robots\" content=\"index, follow, max-snippet:-1, max-image-preview:large, max-video-preview:-1\" \/>\n<link rel=\"canonical\" href=\"https:\/\/www.estrategiaconcursos.com.br\/blog\/edital-guarda-de-sao-goncalo-rj\/\" \/>\n<meta property=\"og:locale\" content=\"pt_BR\" \/>\n<meta property=\"og:type\" content=\"article\" \/>\n<meta property=\"og:title\" content=\"Edital Guarda de S\u00e3o Gon\u00e7alo: inscri\u00e7\u00f5es est\u00e3o encerradas\" \/>\n<meta property=\"og:description\" content=\"Edital Guarda de S\u00e3o Gon\u00e7alo RJ oferta 40 vagas imediatas + 120 CR. Inscri\u00e7\u00f5es encerradas e provas em abril. Confira mais!\" \/>\n<meta property=\"og:url\" content=\"https:\/\/www.estrategiaconcursos.com.br\/blog\/edital-guarda-de-sao-goncalo-rj\/\" \/>\n<meta property=\"og:site_name\" content=\"Estrat\u00e9gia Concursos\" \/>\n<meta property=\"article:published_time\" content=\"2022-02-21T02:00:00+00:00\" \/>\n<meta property=\"article:modified_time\" content=\"2023-07-13T12:46:54+00:00\" \/>\n<meta property=\"og:image\" content=\"https:\/\/dhg1h5j42swfq.cloudfront.net\/2021\/12\/20133914\/concurso-guarda-de-sao-goncalo.jpg\" \/>\n\t<meta property=\"og:image:width\" content=\"768\" \/>\n\t<meta property=\"og:image:height\" content=\"432\" \/>\n\t<meta property=\"og:image:type\" content=\"image\/jpeg\" \/>\n<meta name=\"author\" content=\"Nat\u00e1lia Scarano\" \/>\n<meta name=\"twitter:card\" content=\"summary_large_image\" \/>\n<meta name=\"twitter:creator\" content=\"@EstratConcursos\" \/>\n<meta name=\"twitter:site\" content=\"@EstratConcursos\" \/>\n<meta name=\"twitter:label1\" content=\"Escrito por\" \/>\n\t<meta name=\"twitter:data1\" content=\"Nat\u00e1lia Scarano\" \/>\n\t<meta name=\"twitter:label2\" content=\"Est. tempo de leitura\" \/>\n\t<meta name=\"twitter:data2\" content=\"7 minutos\" \/>\n<script type=\"application\/ld+json\" class=\"yoast-schema-graph\">{\"@context\":\"https:\/\/schema.org\",\"@graph\":[{\"@type\":\"NewsArticle\",\"@id\":\"https:\/\/www.estrategiaconcursos.com.br\/blog\/edital-guarda-de-sao-goncalo-rj\/#article\",\"isPartOf\":{\"@id\":\"https:\/\/www.estrategiaconcursos.com.br\/blog\/edital-guarda-de-sao-goncalo-rj\/\"},\"author\":{\"name\":\"Nat\u00e1lia Scarano\",\"@id\":\"https:\/\/www.estrategiaconcursos.com.br\/blog\/#\/schema\/person\/751aedf909a9d10cb23ce6ac527ce0f2\"},\"headline\":\"Edital Guarda de S\u00e3o Gon\u00e7alo: inscri\u00e7\u00f5es est\u00e3o encerradas\",\"datePublished\":\"2022-02-21T02:00:00+00:00\",\"dateModified\":\"2023-07-13T12:46:54+00:00\",\"mainEntityOfPage\":{\"@id\":\"https:\/\/www.estrategiaconcursos.com.br\/blog\/edital-guarda-de-sao-goncalo-rj\/\"},\"wordCount\":1267,\"commentCount\":0,\"publisher\":{\"@id\":\"https:\/\/www.estrategiaconcursos.com.br\/blog\/#organization\"},\"image\":{\"@id\":\"https:\/\/www.estrategiaconcursos.com.br\/blog\/edital-guarda-de-sao-goncalo-rj\/#primaryimage\"},\"thumbnailUrl\":\"https:\/\/dhg1h5j42swfq.cloudfront.net\/2021\/12\/20133914\/concurso-guarda-de-sao-goncalo.jpg\",\"articleSection\":[\"Policial (Guardas Civis)\"],\"inLanguage\":\"pt-BR\",\"potentialAction\":[{\"@type\":\"CommentAction\",\"name\":\"Comment\",\"target\":[\"https:\/\/www.estrategiaconcursos.com.br\/blog\/edital-guarda-de-sao-goncalo-rj\/#respond\"]}],\"copyrightYear\":\"2022\",\"copyrightHolder\":{\"@id\":\"https:\/\/www.estrategiaconcursos.com.br\/blog\/#organization\"}},{\"@type\":\"WebPage\",\"@id\":\"https:\/\/www.estrategiaconcursos.com.br\/blog\/edital-guarda-de-sao-goncalo-rj\/\",\"url\":\"https:\/\/www.estrategiaconcursos.com.br\/blog\/edital-guarda-de-sao-goncalo-rj\/\",\"name\":\"Edital Guarda de S\u00e3o Gon\u00e7alo: inscri\u00e7\u00f5es est\u00e3o encerradas\",\"isPartOf\":{\"@id\":\"https:\/\/www.estrategiaconcursos.com.br\/blog\/#website\"},\"primaryImageOfPage\":{\"@id\":\"https:\/\/www.estrategiaconcursos.com.br\/blog\/edital-guarda-de-sao-goncalo-rj\/#primaryimage\"},\"image\":{\"@id\":\"https:\/\/www.estrategiaconcursos.com.br\/blog\/edital-guarda-de-sao-goncalo-rj\/#primaryimage\"},\"thumbnailUrl\":\"https:\/\/dhg1h5j42swfq.cloudfront.net\/2021\/12\/20133914\/concurso-guarda-de-sao-goncalo.jpg\",\"datePublished\":\"2022-02-21T02:00:00+00:00\",\"dateModified\":\"2023-07-13T12:46:54+00:00\",\"description\":\"Edital Guarda de S\u00e3o Gon\u00e7alo RJ oferta 40 vagas imediatas + 120 CR. Inscri\u00e7\u00f5es encerradas e provas em abril. Confira mais!\",\"breadcrumb\":{\"@id\":\"https:\/\/www.estrategiaconcursos.com.br\/blog\/edital-guarda-de-sao-goncalo-rj\/#breadcrumb\"},\"inLanguage\":\"pt-BR\",\"potentialAction\":[{\"@type\":\"ReadAction\",\"target\":[\"https:\/\/www.estrategiaconcursos.com.br\/blog\/edital-guarda-de-sao-goncalo-rj\/\"]}]},{\"@type\":\"ImageObject\",\"inLanguage\":\"pt-BR\",\"@id\":\"https:\/\/www.estrategiaconcursos.com.br\/blog\/edital-guarda-de-sao-goncalo-rj\/#primaryimage\",\"url\":\"https:\/\/dhg1h5j42swfq.cloudfront.net\/2021\/12\/20133914\/concurso-guarda-de-sao-goncalo.jpg\",\"contentUrl\":\"https:\/\/dhg1h5j42swfq.cloudfront.net\/2021\/12\/20133914\/concurso-guarda-de-sao-goncalo.jpg\",\"width\":768,\"height\":432,\"caption\":\"Concurso Guarda de S\u00e3o Gon\u00e7alo\"},{\"@type\":\"BreadcrumbList\",\"@id\":\"https:\/\/www.estrategiaconcursos.com.br\/blog\/edital-guarda-de-sao-goncalo-rj\/#breadcrumb\",\"itemListElement\":[{\"@type\":\"ListItem\",\"position\":1,\"name\":\"In\u00edcio\",\"item\":\"https:\/\/www.estrategiaconcursos.com.br\/blog\/\"},{\"@type\":\"ListItem\",\"position\":2,\"name\":\"Edital Guarda de S\u00e3o Gon\u00e7alo: inscri\u00e7\u00f5es est\u00e3o encerradas\"}]},{\"@type\":\"WebSite\",\"@id\":\"https:\/\/www.estrategiaconcursos.com.br\/blog\/#website\",\"url\":\"https:\/\/www.estrategiaconcursos.com.br\/blog\/\",\"name\":\"Estrat\u00e9gia Concursos\",\"description\":\"O blog da Estrat\u00e9gia Concursos traz not\u00edcias sobre concursos e artigos de professores oferecendo cursos para concursos (pdf + videaulas) no site.\",\"publisher\":{\"@id\":\"https:\/\/www.estrategiaconcursos.com.br\/blog\/#organization\"},\"potentialAction\":[{\"@type\":\"SearchAction\",\"target\":{\"@type\":\"EntryPoint\",\"urlTemplate\":\"https:\/\/www.estrategiaconcursos.com.br\/blog\/?s={search_term_string}\"},\"query-input\":{\"@type\":\"PropertyValueSpecification\",\"valueRequired\":true,\"valueName\":\"search_term_string\"}}],\"inLanguage\":\"pt-BR\"},{\"@type\":\"Organization\",\"@id\":\"https:\/\/www.estrategiaconcursos.com.br\/blog\/#organization\",\"name\":\"Estrat\u00e9gia Concursos\",\"url\":\"https:\/\/www.estrategiaconcursos.com.br\/blog\/\",\"logo\":{\"@type\":\"ImageObject\",\"inLanguage\":\"pt-BR\",\"@id\":\"https:\/\/www.estrategiaconcursos.com.br\/blog\/#\/schema\/logo\/image\/\",\"url\":\"https:\/\/dhg1h5j42swfq.cloudfront.net\/2025\/06\/03203428\/logo_concursos-1.jpg\",\"contentUrl\":\"https:\/\/dhg1h5j42swfq.cloudfront.net\/2025\/06\/03203428\/logo_concursos-1.jpg\",\"width\":230,\"height\":60,\"caption\":\"Estrat\u00e9gia Concursos\"},\"image\":{\"@id\":\"https:\/\/www.estrategiaconcursos.com.br\/blog\/#\/schema\/logo\/image\/\"},\"sameAs\":[\"https:\/\/x.com\/EstratConcursos\"]},{\"@type\":\"Person\",\"@id\":\"https:\/\/www.estrategiaconcursos.com.br\/blog\/#\/schema\/person\/751aedf909a9d10cb23ce6ac527ce0f2\",\"name\":\"Nat\u00e1lia Scarano\",\"image\":{\"@type\":\"ImageObject\",\"inLanguage\":\"pt-BR\",\"@id\":\"https:\/\/secure.gravatar.com\/avatar\/8a889b8db3dbd227a1a78627357ec8fe64f5e99189d1889a270127828ab372ac?s=96&d=mm&r=g\",\"url\":\"https:\/\/secure.gravatar.com\/avatar\/8a889b8db3dbd227a1a78627357ec8fe64f5e99189d1889a270127828ab372ac?s=96&d=mm&r=g\",\"contentUrl\":\"https:\/\/secure.gravatar.com\/avatar\/8a889b8db3dbd227a1a78627357ec8fe64f5e99189d1889a270127828ab372ac?s=96&d=mm&r=g\",\"caption\":\"Nat\u00e1lia Scarano\"},\"description\":\"Jornalista, formada e p\u00f3s graduada pelo IESB, faz parte do time de jornalistas do Estrat\u00e9gia desde 2017. Possui familiaridade com as \u00e1reas de Tribunais, Defensorias, Procuradorias, Minist\u00e9rios P\u00fablicos, Conselhos, Educa\u00e7\u00e3o, \u00c1rea de Seguran\u00e7a, concursos de Carreiras Jur\u00eddicas e OAB. Experi\u00eancia em marketing digital, assessoria de comunica\u00e7\u00e3o e institucional na \u00e1rea privada e p\u00fablica, com atua\u00e7\u00e3o em \u00f3rg\u00e3os como CGU, Cofen e CNM.\",\"url\":\"https:\/\/www.estrategiaconcursos.com.br\/blog\/author\/natalia-scaranoestrategiaconcursos-com-br\/\"}]}<\/script>\n<!-- \/ Yoast SEO Premium plugin. -->","yoast_head_json":{"title":"Edital Guarda de S\u00e3o Gon\u00e7alo: inscri\u00e7\u00f5es est\u00e3o encerradas","description":"Edital Guarda de S\u00e3o Gon\u00e7alo RJ oferta 40 vagas imediatas + 120 CR. Inscri\u00e7\u00f5es encerradas e provas em abril. Confira mais!","robots":{"index":"index","follow":"follow","max-snippet":"max-snippet:-1","max-image-preview":"max-image-preview:large","max-video-preview":"max-video-preview:-1"},"canonical":"https:\/\/www.estrategiaconcursos.com.br\/blog\/edital-guarda-de-sao-goncalo-rj\/","og_locale":"pt_BR","og_type":"article","og_title":"Edital Guarda de S\u00e3o Gon\u00e7alo: inscri\u00e7\u00f5es est\u00e3o encerradas","og_description":"Edital Guarda de S\u00e3o Gon\u00e7alo RJ oferta 40 vagas imediatas + 120 CR. Inscri\u00e7\u00f5es encerradas e provas em abril. Confira mais!","og_url":"https:\/\/www.estrategiaconcursos.com.br\/blog\/edital-guarda-de-sao-goncalo-rj\/","og_site_name":"Estrat\u00e9gia Concursos","article_published_time":"2022-02-21T02:00:00+00:00","article_modified_time":"2023-07-13T12:46:54+00:00","og_image":[{"width":768,"height":432,"url":"https:\/\/dhg1h5j42swfq.cloudfront.net\/2021\/12\/20133914\/concurso-guarda-de-sao-goncalo.jpg","type":"image\/jpeg"}],"author":"Nat\u00e1lia Scarano","twitter_card":"summary_large_image","twitter_creator":"@EstratConcursos","twitter_site":"@EstratConcursos","twitter_misc":{"Escrito por":"Nat\u00e1lia Scarano","Est. tempo de leitura":"7 minutos"},"schema":{"@context":"https:\/\/schema.org","@graph":[{"@type":"NewsArticle","@id":"https:\/\/www.estrategiaconcursos.com.br\/blog\/edital-guarda-de-sao-goncalo-rj\/#article","isPartOf":{"@id":"https:\/\/www.estrategiaconcursos.com.br\/blog\/edital-guarda-de-sao-goncalo-rj\/"},"author":{"name":"Nat\u00e1lia Scarano","@id":"https:\/\/www.estrategiaconcursos.com.br\/blog\/#\/schema\/person\/751aedf909a9d10cb23ce6ac527ce0f2"},"headline":"Edital Guarda de S\u00e3o Gon\u00e7alo: inscri\u00e7\u00f5es est\u00e3o encerradas","datePublished":"2022-02-21T02:00:00+00:00","dateModified":"2023-07-13T12:46:54+00:00","mainEntityOfPage":{"@id":"https:\/\/www.estrategiaconcursos.com.br\/blog\/edital-guarda-de-sao-goncalo-rj\/"},"wordCount":1267,"commentCount":0,"publisher":{"@id":"https:\/\/www.estrategiaconcursos.com.br\/blog\/#organization"},"image":{"@id":"https:\/\/www.estrategiaconcursos.com.br\/blog\/edital-guarda-de-sao-goncalo-rj\/#primaryimage"},"thumbnailUrl":"https:\/\/dhg1h5j42swfq.cloudfront.net\/2021\/12\/20133914\/concurso-guarda-de-sao-goncalo.jpg","articleSection":["Policial (Guardas Civis)"],"inLanguage":"pt-BR","potentialAction":[{"@type":"CommentAction","name":"Comment","target":["https:\/\/www.estrategiaconcursos.com.br\/blog\/edital-guarda-de-sao-goncalo-rj\/#respond"]}],"copyrightYear":"2022","copyrightHolder":{"@id":"https:\/\/www.estrategiaconcursos.com.br\/blog\/#organization"}},{"@type":"WebPage","@id":"https:\/\/www.estrategiaconcursos.com.br\/blog\/edital-guarda-de-sao-goncalo-rj\/","url":"https:\/\/www.estrategiaconcursos.com.br\/blog\/edital-guarda-de-sao-goncalo-rj\/","name":"Edital Guarda de S\u00e3o Gon\u00e7alo: inscri\u00e7\u00f5es est\u00e3o encerradas","isPartOf":{"@id":"https:\/\/www.estrategiaconcursos.com.br\/blog\/#website"},"primaryImageOfPage":{"@id":"https:\/\/www.estrategiaconcursos.com.br\/blog\/edital-guarda-de-sao-goncalo-rj\/#primaryimage"},"image":{"@id":"https:\/\/www.estrategiaconcursos.com.br\/blog\/edital-guarda-de-sao-goncalo-rj\/#primaryimage"},"thumbnailUrl":"https:\/\/dhg1h5j42swfq.cloudfront.net\/2021\/12\/20133914\/concurso-guarda-de-sao-goncalo.jpg","datePublished":"2022-02-21T02:00:00+00:00","dateModified":"2023-07-13T12:46:54+00:00","description":"Edital Guarda de S\u00e3o Gon\u00e7alo RJ oferta 40 vagas imediatas + 120 CR. Inscri\u00e7\u00f5es encerradas e provas em abril. Confira mais!","breadcrumb":{"@id":"https:\/\/www.estrategiaconcursos.com.br\/blog\/edital-guarda-de-sao-goncalo-rj\/#breadcrumb"},"inLanguage":"pt-BR","potentialAction":[{"@type":"ReadAction","target":["https:\/\/www.estrategiaconcursos.com.br\/blog\/edital-guarda-de-sao-goncalo-rj\/"]}]},{"@type":"ImageObject","inLanguage":"pt-BR","@id":"https:\/\/www.estrategiaconcursos.com.br\/blog\/edital-guarda-de-sao-goncalo-rj\/#primaryimage","url":"https:\/\/dhg1h5j42swfq.cloudfront.net\/2021\/12\/20133914\/concurso-guarda-de-sao-goncalo.jpg","contentUrl":"https:\/\/dhg1h5j42swfq.cloudfront.net\/2021\/12\/20133914\/concurso-guarda-de-sao-goncalo.jpg","width":768,"height":432,"caption":"Concurso Guarda de S\u00e3o Gon\u00e7alo"},{"@type":"BreadcrumbList","@id":"https:\/\/www.estrategiaconcursos.com.br\/blog\/edital-guarda-de-sao-goncalo-rj\/#breadcrumb","itemListElement":[{"@type":"ListItem","position":1,"name":"In\u00edcio","item":"https:\/\/www.estrategiaconcursos.com.br\/blog\/"},{"@type":"ListItem","position":2,"name":"Edital Guarda de S\u00e3o Gon\u00e7alo: inscri\u00e7\u00f5es est\u00e3o encerradas"}]},{"@type":"WebSite","@id":"https:\/\/www.estrategiaconcursos.com.br\/blog\/#website","url":"https:\/\/www.estrategiaconcursos.com.br\/blog\/","name":"Estrat\u00e9gia Concursos","description":"O blog da Estrat\u00e9gia Concursos traz not\u00edcias sobre concursos e artigos de professores oferecendo cursos para concursos (pdf + videaulas) no site.","publisher":{"@id":"https:\/\/www.estrategiaconcursos.com.br\/blog\/#organization"},"potentialAction":[{"@type":"SearchAction","target":{"@type":"EntryPoint","urlTemplate":"https:\/\/www.estrategiaconcursos.com.br\/blog\/?s={search_term_string}"},"query-input":{"@type":"PropertyValueSpecification","valueRequired":true,"valueName":"search_term_string"}}],"inLanguage":"pt-BR"},{"@type":"Organization","@id":"https:\/\/www.estrategiaconcursos.com.br\/blog\/#organization","name":"Estrat\u00e9gia Concursos","url":"https:\/\/www.estrategiaconcursos.com.br\/blog\/","logo":{"@type":"ImageObject","inLanguage":"pt-BR","@id":"https:\/\/www.estrategiaconcursos.com.br\/blog\/#\/schema\/logo\/image\/","url":"https:\/\/dhg1h5j42swfq.cloudfront.net\/2025\/06\/03203428\/logo_concursos-1.jpg","contentUrl":"https:\/\/dhg1h5j42swfq.cloudfront.net\/2025\/06\/03203428\/logo_concursos-1.jpg","width":230,"height":60,"caption":"Estrat\u00e9gia Concursos"},"image":{"@id":"https:\/\/www.estrategiaconcursos.com.br\/blog\/#\/schema\/logo\/image\/"},"sameAs":["https:\/\/x.com\/EstratConcursos"]},{"@type":"Person","@id":"https:\/\/www.estrategiaconcursos.com.br\/blog\/#\/schema\/person\/751aedf909a9d10cb23ce6ac527ce0f2","name":"Nat\u00e1lia Scarano","image":{"@type":"ImageObject","inLanguage":"pt-BR","@id":"https:\/\/secure.gravatar.com\/avatar\/8a889b8db3dbd227a1a78627357ec8fe64f5e99189d1889a270127828ab372ac?s=96&d=mm&r=g","url":"https:\/\/secure.gravatar.com\/avatar\/8a889b8db3dbd227a1a78627357ec8fe64f5e99189d1889a270127828ab372ac?s=96&d=mm&r=g","contentUrl":"https:\/\/secure.gravatar.com\/avatar\/8a889b8db3dbd227a1a78627357ec8fe64f5e99189d1889a270127828ab372ac?s=96&d=mm&r=g","caption":"Nat\u00e1lia Scarano"},"description":"Jornalista, formada e p\u00f3s graduada pelo IESB, faz parte do time de jornalistas do Estrat\u00e9gia desde 2017. Possui familiaridade com as \u00e1reas de Tribunais, Defensorias, Procuradorias, Minist\u00e9rios P\u00fablicos, Conselhos, Educa\u00e7\u00e3o, \u00c1rea de Seguran\u00e7a, concursos de Carreiras Jur\u00eddicas e OAB. Experi\u00eancia em marketing digital, assessoria de comunica\u00e7\u00e3o e institucional na \u00e1rea privada e p\u00fablica, com atua\u00e7\u00e3o em \u00f3rg\u00e3os como CGU, Cofen e CNM.","url":"https:\/\/www.estrategiaconcursos.com.br\/blog\/author\/natalia-scaranoestrategiaconcursos-com-br\/"}]}},"_links":{"self":[{"href":"https:\/\/www.estrategiaconcursos.com.br\/blog\/wp-json\/wp\/v2\/posts\/516868","targetHints":{"allow":["GET"]}}],"collection":[{"href":"https:\/\/www.estrategiaconcursos.com.br\/blog\/wp-json\/wp\/v2\/posts"}],"about":[{"href":"https:\/\/www.estrategiaconcursos.com.br\/blog\/wp-json\/wp\/v2\/types\/post"}],"author":[{"embeddable":true,"href":"https:\/\/www.estrategiaconcursos.com.br\/blog\/wp-json\/wp\/v2\/users\/657"}],"replies":[{"embeddable":true,"href":"https:\/\/www.estrategiaconcursos.com.br\/blog\/wp-json\/wp\/v2\/comments?post=516868"}],"version-history":[{"count":18,"href":"https:\/\/www.estrategiaconcursos.com.br\/blog\/wp-json\/wp\/v2\/posts\/516868\/revisions"}],"predecessor-version":[{"id":1247787,"href":"https:\/\/www.estrategiaconcursos.com.br\/blog\/wp-json\/wp\/v2\/posts\/516868\/revisions\/1247787"}],"wp:featuredmedia":[{"embeddable":true,"href":"https:\/\/www.estrategiaconcursos.com.br\/blog\/wp-json\/wp\/v2\/media\/932945"}],"wp:attachment":[{"href":"https:\/\/www.estrategiaconcursos.com.br\/blog\/wp-json\/wp\/v2\/media?parent=516868"}],"wp:term":[{"taxonomy":"category","embeddable":true,"href":"https:\/\/www.estrategiaconcursos.com.br\/blog\/wp-json\/wp\/v2\/categories?post=516868"},{"taxonomy":"post_tag","embeddable":true,"href":"https:\/\/www.estrategiaconcursos.com.br\/blog\/wp-json\/wp\/v2\/tags?post=516868"},{"taxonomy":"tax_estado","embeddable":true,"href":"https:\/\/www.estrategiaconcursos.com.br\/blog\/wp-json\/wp\/v2\/tax_estado?post=516868"}],"curies":[{"name":"wp","href":"https:\/\/api.w.org\/{rel}","templated":true}]}}