{"id":51575,"date":"2016-10-06T09:51:07","date_gmt":"2016-10-06T12:51:07","guid":{"rendered":"https:\/\/www.estrategiaconcursos.com.br\/blog\/?p=51575"},"modified":"2016-10-06T09:51:07","modified_gmt":"2016-10-06T12:51:07","slug":"orientacao-de-estudo-analise-de-conteudo-de-portugues-fcc","status":"publish","type":"post","link":"https:\/\/www.estrategiaconcursos.com.br\/blog\/orientacao-de-estudo-analise-de-conteudo-de-portugues-fcc\/","title":{"rendered":"Orienta\u00e7\u00e3o de estudo: an\u00e1lise de conte\u00fado de Portugu\u00eas FCC"},"content":{"rendered":"<p><strong>Preparei para voc\u00ea\u00a0\u00a0uma\u00a0orienta\u00e7\u00e3o\u00a0de estudo: an\u00e1lise de conte\u00fado de Portugu\u00eas FCC!<\/strong><\/p>\n<p>Ol\u00e1, pessoal!<\/p>\n<p>Vou inserir abaixo o conte\u00fado program\u00e1tico dos dois concursos da FCC que est\u00e3o mais em evid\u00eancia e tirar deles o que mais a banca tem cobrado em suas provas:<\/p>\n<p><strong>Conte\u00fado program\u00e1tico previsto para o TRE-SP<\/strong>:<\/p>\n<p>Ortografia oficial. Acentua\u00e7\u00e3o gr\u00e1fica. Flex\u00e3o\u00a0nominal e verbal. Pronomes: emprego, formas de tratamento e coloca\u00e7\u00e3o. Adv\u00e9rbios. Conjun\u00e7\u00f5es\u00a0coordenativas e subordinativas. Emprego de tempos e modos verbais. Vozes do verbo. Concord\u00e2ncia<br \/>\nnominal e verbal. Reg\u00eancia nominal e verbal. Sintaxe. Ocorr\u00eancia de crase. Pontua\u00e7\u00e3o. Reda\u00e7\u00e3o (confronto\u00a0e reconhecimento de frases corretas e incorretas). Intelec\u00e7\u00e3o de texto.<\/p>\n<p><strong>Conte\u00fado program\u00e1tico previsto para o TRT\u00a020\u00aaR<\/strong>:<\/p>\n<p>Ortografia oficial. Acentua\u00e7\u00e3o gr\u00e1fica. Flex\u00e3o nominal e verbal. Pronomes: emprego, formas de tratamento e coloca\u00e7\u00e3o. Emprego de tempos, modos e aspectos verbais. Vozes do verbo. Classes de palavras: substantivo, adjetivo, artigo, numeral, pronome, verbo, adv\u00e9rbio, preposi\u00e7\u00e3o, conjun\u00e7\u00e3o: emprego e sentido que imprimem \u00e0s rela\u00e7\u00f5es que estabelecem. Concord\u00e2ncia nominal e verbal. Reg\u00eancia nominal e verbal. Ocorr\u00eancia de crase. Sintaxe: coordena\u00e7\u00e3o e subordina\u00e7\u00e3o. Pontua\u00e7\u00e3o. Reda\u00e7\u00e3o (confronto e reconhecimento de frases corretas e incorretas). Compreens\u00e3o e interpreta\u00e7\u00e3o de texto.<\/p>\n<p>Vamos detalhar aqui os assuntos mais cobrados, conforme a grada\u00e7\u00e3o do maior para o menor \u00edndice de ocorr\u00eancia nas provas de 2016, 2015\u00a0e\u00a02014:<\/p>\n<p><strong>1\u00ba Compreens\u00e3o e interpreta\u00e7\u00e3o de texto.\u00a0Intelec\u00e7\u00e3o de texto<\/strong>:<\/p>\n<p>Assunto muito importante, pois a banca FCC tem inserido dois ou tr\u00eas textos em suas provas, mas h\u00e1 formas de n\u00e3o perdermos tempo e sermos bem prof\u00edcuos em \u201cmatar\u201d a quest\u00e3o. Basicamente se cobra a interpreta\u00e7\u00e3o por infer\u00eancias, isto \u00e9, os dados do texto, quando somados, levam-nos a uma conclus\u00e3o a respeito da inten\u00e7\u00e3o do autor. Uma dica importante \u00e9 baixar as provas da FCC e realizar pelo menos as quest\u00f5es de interpreta\u00e7\u00e3o de texto (normalmente, as tr\u00eas primeiras). Voc\u00ea ver\u00e1 que n\u00e3o \u00e9 nada dif\u00edcil, basta ter paci\u00eancia\u00a0e\u00a0aten\u00e7\u00e3o. Sobre a interpreta\u00e7\u00e3o, fiz uma aula gratuita de interpreta\u00e7\u00e3o no seguinte link:<\/p>\n<div class=\"lyte-wrapper\" style=\"width:853px;max-width:100%;margin:5px;\"><div class=\"lyMe\" id=\"WYL_6lFopVUhNJA\"><div id=\"lyte_6lFopVUhNJA\" data-src=\"\/\/i.ytimg.com\/vi\/6lFopVUhNJA\/hqdefault.jpg\" class=\"pL\"><div class=\"tC\"><div class=\"tT\"><\/div><\/div><div class=\"play\"><\/div><div class=\"ctrl\"><div class=\"Lctrl\"><\/div><div class=\"Rctrl\"><\/div><\/div><\/div><noscript><a href=\"https:\/\/youtu.be\/6lFopVUhNJA\" rel=\"nofollow\"><img loading=\"lazy\" decoding=\"async\" src=\"https:\/\/i.ytimg.com\/vi\/6lFopVUhNJA\/0.jpg\" alt=\"YouTube video thumbnail\" width=\"853\" height=\"460\" \/><br \/>Assista a este v\u00eddeo no YouTube<\/a><\/noscript><\/div><\/div><div class=\"lL\" style=\"max-width:100%;width:853px;margin:5px;\"><\/div><\/p>\n<p><strong>2\u00ba Reda\u00e7\u00e3o (confronto e reconhecimento de frases corretas e incorretas)<\/strong>:<\/p>\n<p>Este assunto basicamente \u00e9 cobrado no seguinte pedido de quest\u00e3o: \u201c<em>Est\u00e1 clara e correta a <strong>reda\u00e7\u00e3o <\/strong>deste livre coment\u00e1rio sobre o texto<\/em>\u201d. Implicitamente, a banca cobra v\u00e1rios outros temas, como \u201creg\u00eancia\u201d, \u201ccrase\u201d, \u201cpontua\u00e7\u00e3o\u201d, \u201cconcord\u00e2ncia\u201d. Devemos ficar atentos, e normalmente s\u00e3o erros grosseiros, bobos mesmo: a banca quer apenas testar sua paci\u00eancia!!!!!<\/p>\n<p>Falaremos sobre esses detalhes na transmiss\u00e3o ao vivo que faremos hoje (dia 06\/10) aqui no Estrat\u00e9gia. Para tanto, basta se cadastrar no seguinte link:\u00a0<a href=\"https:\/\/www.estrategiaconcursos.com.br\/curso-intensivo-trt-20\/\">https:\/\/www.estrategiaconcursos.com.br\/curso-intensivo-trt-20\/<\/a><\/p>\n<p><strong>3\u00ba Emprego dos sinais de pontua\u00e7\u00e3o.<\/strong><\/p>\n<p>Assunto muito importante e h\u00e1 tr\u00eas formas mais importantes de ocorr\u00eancia na prova:<\/p>\n<ol>\n<li>mudan\u00e7a de sentido na inser\u00e7\u00e3o ou exclus\u00e3o de v\u00edrgulas em ora\u00e7\u00f5es adjetivas;<\/li>\n<li>sequ\u00eancia de uma mesma frase repetida em cada alternativa, em que \u00e9 inserido erro de v\u00edrgula entre sujeito e predicado, al\u00e9m de erro ao se inserir apenas uma v\u00edrgula na intercala\u00e7\u00e3o do adjunto adverbial;<\/li>\n<li>erro de pontua\u00e7\u00e3o entre sujeito e predicado ou apenas uma v\u00edrgula separando o adjunto adverbial intercalado na quest\u00e3o de <strong>Reda\u00e7\u00e3o (confronto e reconhecimento de frases corretas e incorretas)<\/strong>.<\/li>\n<\/ol>\n<p><strong>4\u00ba Emprego de tempos e modos verbais<\/strong>:<\/p>\n<p>A FCC cobra basicamente o reconhecimento do tempo verbal, normalmente o pret\u00e9rito imperfeito do indicativo. Al\u00e9m disso, cobra a correla\u00e7\u00e3o de modo e tempo verbal. H\u00e1 princ\u00edpios da correla\u00e7\u00e3o dos quais a banca n\u00e3o foge. Na aula demonstrativa dos meus cursos para <a href=\"https:\/\/www.estrategiaconcursos.com.br\/curso\/portugues-p-tre-sp-todos-os-cargos-com-videoaulas\/?pr=3399\">TRE SP<\/a> e <a href=\"https:\/\/www.estrategiaconcursos.com.br\/curso\/portugues-p-trt-20-regiao-todos-os-cargos-com-videoaulas\/?pr=3399\">TRT 20\u00aaR<\/a>, eu mostro isso! D\u00ea uma olhadinha l\u00e1!!!!!<\/p>\n<p><strong>5\u00ba Sintaxe.<\/strong><\/p>\n<p>Assunto muito importante, pois d\u00e1 base \u00e0 reg\u00eancia, \u00e0 concord\u00e2ncia, \u00e0 pontua\u00e7\u00e3o e \u00e0 reda\u00e7\u00e3o e confronto de frases.<\/p>\n<p><strong>6\u00ba Concord\u00e2ncia verbal e nominal<\/strong>. <strong>Vozes do verbo.<\/strong><\/p>\n<p>A banca FCC explora bastante o emprego da voz passiva sint\u00e9tica, isto \u00e9, o reconhecimento do pronome apassivador, o que for\u00e7a o verbo a concordar com o sujeito paciente, em constru\u00e7\u00f5es como \u201c<strong>Alugam-se casas<\/strong>\u201d. Tamb\u00e9m trabalha o valor de outro \u201cse\u201d: o \u00edndice de indetermina\u00e7\u00e3o do sujeito. Basicamente com o verbo \u201ctratar\u201d. Como eles gostam deste verbo!!!!! Ent\u00e3o, bateu o olho no verbo \u201ctratar\u201d, fique de olho, pois constru\u00e7\u00f5es como \u201c<strong>Tratam-se de problemas<\/strong>\u201d ou \u201c<strong>A reuni\u00e3o trata-se de problemas<\/strong>\u201d s\u00e3o viciosas e <a href=\"https:\/\/www.estrategiaconcursos.com.br\/curso-intensivo-trt-20\/\">em nossa transmiss\u00e3o ao vivo de hoje<\/a>\u00a0eu vou explicar por qu\u00ea. O correto \u00e9 \u201c<strong>Trata-se de problemas<\/strong>\u201d ou \u201c<strong>A reuni\u00e3o trata de problemas<\/strong>\u201d. Al\u00e9m disso, a banca cobra a concord\u00e2ncia com a express\u00e3o partitiva \u201ca maioria dos\u201d, \u201ca maior parte dos\u201d etc.<\/p>\n<p>Al\u00e9m disso, lembre-se de que o sujeito oracional for\u00e7a o verbo da ora\u00e7\u00e3o principal ao singular. Isso \u00e9 forte na FCC.<\/p>\n<p><strong>7\u00ba Pronomes: emprego, formas de tratamento e coloca\u00e7\u00e3o<\/strong>.<\/p>\n<p>O emprego do pronome tem ca\u00eddo sim, basicamente quando tamb\u00e9m se cobra reg\u00eancia. Basta se lembrar de que os pronomes obl\u00edquos \u00e1tonos \u201co\u201d, \u201ca\u201d, \u201cos\u201d, \u201cas\u201d ocupam a fun\u00e7\u00e3o de objeto direto e que \u201clhe\u201d, \u201clhes\u201d ocupam a fun\u00e7\u00e3o de objeto indireto e complemento nominal.<\/p>\n<p>As formas de tratamento e a coloca\u00e7\u00e3o pronominal t\u00eam pouqu\u00edssimas ocorr\u00eancias. Por\u00e9m, como s\u00e3o\u00a0previstas, \u00e9 bom ler a mat\u00e9ria, sem se ater demais nisso.<\/p>\n<p>Veja um v\u00eddeo gratuito sobre a coloca\u00e7\u00e3o pronominal:<\/p>\n<div class=\"lyte-wrapper\" style=\"width:853px;max-width:100%;margin:5px;\"><div class=\"lyMe\" id=\"WYL_pJwRHzBdQ5g\"><div id=\"lyte_pJwRHzBdQ5g\" data-src=\"\/\/i.ytimg.com\/vi\/pJwRHzBdQ5g\/hqdefault.jpg\" class=\"pL\"><div class=\"tC\"><div class=\"tT\"><\/div><\/div><div class=\"play\"><\/div><div class=\"ctrl\"><div class=\"Lctrl\"><\/div><div class=\"Rctrl\"><\/div><\/div><\/div><noscript><a href=\"https:\/\/youtu.be\/pJwRHzBdQ5g\" rel=\"nofollow\"><img loading=\"lazy\" decoding=\"async\" src=\"https:\/\/i.ytimg.com\/vi\/pJwRHzBdQ5g\/0.jpg\" alt=\"YouTube video thumbnail\" width=\"853\" height=\"460\" \/><br \/>Assista a este v\u00eddeo no YouTube<\/a><\/noscript><\/div><\/div><div class=\"lL\" style=\"max-width:100%;width:853px;margin:5px;\"><\/div><\/p>\n<p><strong>8\u00ba Reg\u00eancia verbal e nominal.<\/strong><\/p>\n<p>Quanto \u00e0 reg\u00eancia, basicamente ela \u00e9 cobrada dentro da funcionalidade do pronome relativo. <a href=\"https:\/\/www.estrategiaconcursos.com.br\/curso-intensivo-trt-20\/\">Resolveremos v\u00e1rias quest\u00f5es e vou apontar algumas pegadinhas nas quais n\u00e3o podemos cair<\/a>.<\/p>\n<p>&nbsp;<\/p>\n<p><strong>9\u00ba Flex\u00e3o nominal e verbal<\/strong>.<\/p>\n<p>A flex\u00e3o nominal cai pouqu\u00edssimo e muitas vezes voc\u00ea consegue matar a quest\u00e3o, mesmo sem ter percebido que cobraram tal tema. A flex\u00e3o verbal tamb\u00e9m tem ca\u00eddo pouco nos \u00faltimos anos e, quando cai, muitas vezes se encontra numa das alternativas de <strong>Reda\u00e7\u00e3o (confronto e reconhecimento de frases corretas e incorretas)<\/strong>.<\/p>\n<p><strong>10\u00ba Dom\u00ednio da ortografia oficial. Emprego da acentua\u00e7\u00e3o gr\u00e1fica.<\/strong><\/p>\n<p>Caem pouco nas provas da FCC e, quando caem, normalmente fazem parte de uma das alternativas da quest\u00e3o que cobra o assunto <strong>Reda\u00e7\u00e3o (confronto e reconhecimento de frases corretas e incorretas)<\/strong>.<\/p>\n<p>Bom, pessoal!<\/p>\n<p>Isso \u00e9 o que percebemos de acordo com os estudos que temos feito da banca FCC.<\/p>\n<p>Espero ter ajudado a todos com essa orienta\u00e7\u00e3o de estudo: an\u00e1lise de conte\u00fado de Portugu\u00eas FCC.<\/p>\n<p>Quer saber mais?<\/p>\n<p>Ent\u00e3o assista \u00e0 nossa transmiss\u00e3o ao vivo hoje na nossa programa\u00e7\u00e3o da Quinta com o Terror!<\/p>\n<div class=\"lyte-wrapper\" style=\"width:853px;max-width:100%;margin:5px;\"><div class=\"lyMe\" id=\"WYL_X70JgbLc6MQ\"><div id=\"lyte_X70JgbLc6MQ\" data-src=\"\/\/i.ytimg.com\/vi\/X70JgbLc6MQ\/hqdefault.jpg\" class=\"pL\"><div class=\"tC\"><div class=\"tT\"><\/div><\/div><div class=\"play\"><\/div><div class=\"ctrl\"><div class=\"Lctrl\"><\/div><div class=\"Rctrl\"><\/div><\/div><\/div><noscript><a href=\"https:\/\/youtu.be\/X70JgbLc6MQ\" rel=\"nofollow\"><img loading=\"lazy\" decoding=\"async\" src=\"https:\/\/i.ytimg.com\/vi\/X70JgbLc6MQ\/0.jpg\" alt=\"YouTube video thumbnail\" width=\"853\" height=\"460\" \/><br \/>Assista a este v\u00eddeo no YouTube<\/a><\/noscript><\/div><\/div><div class=\"lL\" style=\"max-width:100%;width:853px;margin:5px;\"><\/div><\/p>\n<p>Ser\u00e1 um prazer ter a sua presen\u00e7a!<\/p>\n<p>Grande abra\u00e7o a todos!<\/p>\n<p>D\u00e9cio Terror<\/p>\n","protected":false},"excerpt":{"rendered":"<p>Preparei para voc\u00ea\u00a0\u00a0uma\u00a0orienta\u00e7\u00e3o\u00a0de estudo: an\u00e1lise de conte\u00fado de Portugu\u00eas FCC! Ol\u00e1, pessoal! Vou inserir abaixo o conte\u00fado program\u00e1tico dos dois concursos da FCC que est\u00e3o mais em evid\u00eancia e tirar deles o que mais a banca tem cobrado em suas provas: Conte\u00fado program\u00e1tico previsto para o TRE-SP: Ortografia oficial. Acentua\u00e7\u00e3o gr\u00e1fica. Flex\u00e3o\u00a0nominal e verbal. Pronomes: [&hellip;]<\/p>\n","protected":false},"author":214,"featured_media":51602,"comment_status":"open","ping_status":"open","sticky":false,"template":"","format":"standard","meta":{"post_tipo":"article","footnotes":""},"categories":[1,1984],"tags":[1958,2232,1162],"tax_estado":[],"class_list":["post-51575","post","type-post","status-publish","format-standard","has-post-thumbnail","hentry","category-cursos-e-concursos","category-tribunais","tag-aula-gratuita","tag-orientacao-de-estudo","tag-portugues-fcc"],"acf":[],"yoast_head":"<!-- This site is optimized with the Yoast SEO Premium plugin v27.2 (Yoast SEO v27.2) - https:\/\/yoast.com\/product\/yoast-seo-premium-wordpress\/ -->\n<title>Orienta\u00e7\u00e3o de estudo: an\u00e1lise de conte\u00fado de Portugu\u00eas FCC<\/title>\n<meta name=\"robots\" content=\"index, follow, max-snippet:-1, max-image-preview:large, max-video-preview:-1\" \/>\n<link rel=\"canonical\" href=\"https:\/\/www.estrategiaconcursos.com.br\/blog\/orientacao-de-estudo-analise-de-conteudo-de-portugues-fcc\/\" \/>\n<meta property=\"og:locale\" content=\"pt_BR\" \/>\n<meta property=\"og:type\" content=\"article\" \/>\n<meta property=\"og:title\" content=\"Orienta\u00e7\u00e3o de estudo: an\u00e1lise de conte\u00fado de Portugu\u00eas FCC\" \/>\n<meta property=\"og:description\" content=\"Preparei para voc\u00ea\u00a0\u00a0uma\u00a0orienta\u00e7\u00e3o\u00a0de estudo: an\u00e1lise de conte\u00fado de Portugu\u00eas FCC! Ol\u00e1, pessoal! Vou inserir abaixo o conte\u00fado program\u00e1tico dos dois concursos da FCC que est\u00e3o mais em evid\u00eancia e tirar deles o que mais a banca tem cobrado em suas provas: Conte\u00fado program\u00e1tico previsto para o TRE-SP: Ortografia oficial. Acentua\u00e7\u00e3o gr\u00e1fica. Flex\u00e3o\u00a0nominal e verbal. Pronomes: [&hellip;]\" \/>\n<meta property=\"og:url\" content=\"https:\/\/www.estrategiaconcursos.com.br\/blog\/orientacao-de-estudo-analise-de-conteudo-de-portugues-fcc\/\" \/>\n<meta property=\"og:site_name\" content=\"Estrat\u00e9gia Concursos\" \/>\n<meta property=\"article:published_time\" content=\"2016-10-06T12:51:07+00:00\" \/>\n<meta property=\"og:image\" content=\"https:\/\/dhg1h5j42swfq.cloudfront.net\/2016\/10\/06094741\/Aul%C3%A3o-FCC.png\" \/>\n\t<meta property=\"og:image:width\" content=\"1068\" \/>\n\t<meta property=\"og:image:height\" content=\"754\" \/>\n\t<meta property=\"og:image:type\" content=\"image\/png\" \/>\n<meta name=\"author\" content=\"D\u00e9cio Terror Filho\" \/>\n<meta name=\"twitter:card\" content=\"summary_large_image\" \/>\n<meta name=\"twitter:creator\" content=\"@EstratConcursos\" \/>\n<meta name=\"twitter:site\" content=\"@EstratConcursos\" \/>\n<meta name=\"twitter:label1\" content=\"Escrito por\" \/>\n\t<meta name=\"twitter:data1\" content=\"D\u00e9cio Terror Filho\" \/>\n\t<meta name=\"twitter:label2\" content=\"Est. tempo de leitura\" \/>\n\t<meta name=\"twitter:data2\" content=\"6 minutos\" \/>\n<script type=\"application\/ld+json\" class=\"yoast-schema-graph\">{\"@context\":\"https:\/\/schema.org\",\"@graph\":[{\"@type\":\"NewsArticle\",\"@id\":\"https:\/\/www.estrategiaconcursos.com.br\/blog\/orientacao-de-estudo-analise-de-conteudo-de-portugues-fcc\/#article\",\"isPartOf\":{\"@id\":\"https:\/\/www.estrategiaconcursos.com.br\/blog\/orientacao-de-estudo-analise-de-conteudo-de-portugues-fcc\/\"},\"author\":{\"name\":\"D\u00e9cio Terror Filho\",\"@id\":\"https:\/\/www.estrategiaconcursos.com.br\/blog\/#\/schema\/person\/e8165364027a31208914fc77c3314727\"},\"headline\":\"Orienta\u00e7\u00e3o de estudo: an\u00e1lise de conte\u00fado de Portugu\u00eas FCC\",\"datePublished\":\"2016-10-06T12:51:07+00:00\",\"mainEntityOfPage\":{\"@id\":\"https:\/\/www.estrategiaconcursos.com.br\/blog\/orientacao-de-estudo-analise-de-conteudo-de-portugues-fcc\/\"},\"wordCount\":1185,\"commentCount\":0,\"publisher\":{\"@id\":\"https:\/\/www.estrategiaconcursos.com.br\/blog\/#organization\"},\"image\":{\"@id\":\"https:\/\/www.estrategiaconcursos.com.br\/blog\/orientacao-de-estudo-analise-de-conteudo-de-portugues-fcc\/#primaryimage\"},\"thumbnailUrl\":\"https:\/\/dhg1h5j42swfq.cloudfront.net\/2016\/10\/06094741\/Aul%C3%A3o-FCC.png\",\"keywords\":[\"aula gratuita\",\"Orienta\u00e7\u00e3o de estudo\",\"Portugu\u00eas FCC\"],\"articleSection\":[\"Concursos P\u00fablicos\",\"Tribunais\"],\"inLanguage\":\"pt-BR\",\"potentialAction\":[{\"@type\":\"CommentAction\",\"name\":\"Comment\",\"target\":[\"https:\/\/www.estrategiaconcursos.com.br\/blog\/orientacao-de-estudo-analise-de-conteudo-de-portugues-fcc\/#respond\"]}],\"copyrightYear\":\"2016\",\"copyrightHolder\":{\"@id\":\"https:\/\/www.estrategiaconcursos.com.br\/blog\/#organization\"}},{\"@type\":\"WebPage\",\"@id\":\"https:\/\/www.estrategiaconcursos.com.br\/blog\/orientacao-de-estudo-analise-de-conteudo-de-portugues-fcc\/\",\"url\":\"https:\/\/www.estrategiaconcursos.com.br\/blog\/orientacao-de-estudo-analise-de-conteudo-de-portugues-fcc\/\",\"name\":\"Orienta\u00e7\u00e3o de estudo: an\u00e1lise de conte\u00fado de Portugu\u00eas FCC\",\"isPartOf\":{\"@id\":\"https:\/\/www.estrategiaconcursos.com.br\/blog\/#website\"},\"primaryImageOfPage\":{\"@id\":\"https:\/\/www.estrategiaconcursos.com.br\/blog\/orientacao-de-estudo-analise-de-conteudo-de-portugues-fcc\/#primaryimage\"},\"image\":{\"@id\":\"https:\/\/www.estrategiaconcursos.com.br\/blog\/orientacao-de-estudo-analise-de-conteudo-de-portugues-fcc\/#primaryimage\"},\"thumbnailUrl\":\"https:\/\/dhg1h5j42swfq.cloudfront.net\/2016\/10\/06094741\/Aul%C3%A3o-FCC.png\",\"datePublished\":\"2016-10-06T12:51:07+00:00\",\"breadcrumb\":{\"@id\":\"https:\/\/www.estrategiaconcursos.com.br\/blog\/orientacao-de-estudo-analise-de-conteudo-de-portugues-fcc\/#breadcrumb\"},\"inLanguage\":\"pt-BR\",\"potentialAction\":[{\"@type\":\"ReadAction\",\"target\":[\"https:\/\/www.estrategiaconcursos.com.br\/blog\/orientacao-de-estudo-analise-de-conteudo-de-portugues-fcc\/\"]}]},{\"@type\":\"ImageObject\",\"inLanguage\":\"pt-BR\",\"@id\":\"https:\/\/www.estrategiaconcursos.com.br\/blog\/orientacao-de-estudo-analise-de-conteudo-de-portugues-fcc\/#primaryimage\",\"url\":\"https:\/\/dhg1h5j42swfq.cloudfront.net\/2016\/10\/06094741\/Aul%C3%A3o-FCC.png\",\"contentUrl\":\"https:\/\/dhg1h5j42swfq.cloudfront.net\/2016\/10\/06094741\/Aul%C3%A3o-FCC.png\",\"width\":1068,\"height\":754},{\"@type\":\"BreadcrumbList\",\"@id\":\"https:\/\/www.estrategiaconcursos.com.br\/blog\/orientacao-de-estudo-analise-de-conteudo-de-portugues-fcc\/#breadcrumb\",\"itemListElement\":[{\"@type\":\"ListItem\",\"position\":1,\"name\":\"In\u00edcio\",\"item\":\"https:\/\/www.estrategiaconcursos.com.br\/blog\/\"},{\"@type\":\"ListItem\",\"position\":2,\"name\":\"Orienta\u00e7\u00e3o de estudo: an\u00e1lise de conte\u00fado de Portugu\u00eas FCC\"}]},{\"@type\":\"WebSite\",\"@id\":\"https:\/\/www.estrategiaconcursos.com.br\/blog\/#website\",\"url\":\"https:\/\/www.estrategiaconcursos.com.br\/blog\/\",\"name\":\"Estrat\u00e9gia Concursos\",\"description\":\"O blog da Estrat\u00e9gia Concursos traz not\u00edcias sobre concursos e artigos de professores oferecendo cursos para concursos (pdf + videaulas) no site.\",\"publisher\":{\"@id\":\"https:\/\/www.estrategiaconcursos.com.br\/blog\/#organization\"},\"potentialAction\":[{\"@type\":\"SearchAction\",\"target\":{\"@type\":\"EntryPoint\",\"urlTemplate\":\"https:\/\/www.estrategiaconcursos.com.br\/blog\/?s={search_term_string}\"},\"query-input\":{\"@type\":\"PropertyValueSpecification\",\"valueRequired\":true,\"valueName\":\"search_term_string\"}}],\"inLanguage\":\"pt-BR\"},{\"@type\":\"Organization\",\"@id\":\"https:\/\/www.estrategiaconcursos.com.br\/blog\/#organization\",\"name\":\"Estrat\u00e9gia Concursos\",\"url\":\"https:\/\/www.estrategiaconcursos.com.br\/blog\/\",\"logo\":{\"@type\":\"ImageObject\",\"inLanguage\":\"pt-BR\",\"@id\":\"https:\/\/www.estrategiaconcursos.com.br\/blog\/#\/schema\/logo\/image\/\",\"url\":\"https:\/\/dhg1h5j42swfq.cloudfront.net\/2025\/06\/03203428\/logo_concursos-1.jpg\",\"contentUrl\":\"https:\/\/dhg1h5j42swfq.cloudfront.net\/2025\/06\/03203428\/logo_concursos-1.jpg\",\"width\":230,\"height\":60,\"caption\":\"Estrat\u00e9gia Concursos\"},\"image\":{\"@id\":\"https:\/\/www.estrategiaconcursos.com.br\/blog\/#\/schema\/logo\/image\/\"},\"sameAs\":[\"https:\/\/x.com\/EstratConcursos\"]},{\"@type\":\"Person\",\"@id\":\"https:\/\/www.estrategiaconcursos.com.br\/blog\/#\/schema\/person\/e8165364027a31208914fc77c3314727\",\"name\":\"D\u00e9cio Terror Filho\",\"image\":{\"@type\":\"ImageObject\",\"inLanguage\":\"pt-BR\",\"@id\":\"https:\/\/secure.gravatar.com\/avatar\/a5b78e734de7c6482e965926e78344deb81abbc34282a3c9536cbb1a59728a37?s=96&d=mm&r=g\",\"url\":\"https:\/\/secure.gravatar.com\/avatar\/a5b78e734de7c6482e965926e78344deb81abbc34282a3c9536cbb1a59728a37?s=96&d=mm&r=g\",\"contentUrl\":\"https:\/\/secure.gravatar.com\/avatar\/a5b78e734de7c6482e965926e78344deb81abbc34282a3c9536cbb1a59728a37?s=96&d=mm&r=g\",\"caption\":\"D\u00e9cio Terror Filho\"},\"url\":\"https:\/\/www.estrategiaconcursos.com.br\/blog\/author\/contatoterrorportugues-com-br\/\"}]}<\/script>\n<!-- \/ Yoast SEO Premium plugin. -->","yoast_head_json":{"title":"Orienta\u00e7\u00e3o de estudo: an\u00e1lise de conte\u00fado de Portugu\u00eas FCC","robots":{"index":"index","follow":"follow","max-snippet":"max-snippet:-1","max-image-preview":"max-image-preview:large","max-video-preview":"max-video-preview:-1"},"canonical":"https:\/\/www.estrategiaconcursos.com.br\/blog\/orientacao-de-estudo-analise-de-conteudo-de-portugues-fcc\/","og_locale":"pt_BR","og_type":"article","og_title":"Orienta\u00e7\u00e3o de estudo: an\u00e1lise de conte\u00fado de Portugu\u00eas FCC","og_description":"Preparei para voc\u00ea\u00a0\u00a0uma\u00a0orienta\u00e7\u00e3o\u00a0de estudo: an\u00e1lise de conte\u00fado de Portugu\u00eas FCC! Ol\u00e1, pessoal! Vou inserir abaixo o conte\u00fado program\u00e1tico dos dois concursos da FCC que est\u00e3o mais em evid\u00eancia e tirar deles o que mais a banca tem cobrado em suas provas: Conte\u00fado program\u00e1tico previsto para o TRE-SP: Ortografia oficial. Acentua\u00e7\u00e3o gr\u00e1fica. Flex\u00e3o\u00a0nominal e verbal. Pronomes: [&hellip;]","og_url":"https:\/\/www.estrategiaconcursos.com.br\/blog\/orientacao-de-estudo-analise-de-conteudo-de-portugues-fcc\/","og_site_name":"Estrat\u00e9gia Concursos","article_published_time":"2016-10-06T12:51:07+00:00","og_image":[{"width":1068,"height":754,"url":"https:\/\/dhg1h5j42swfq.cloudfront.net\/2016\/10\/06094741\/Aul%C3%A3o-FCC.png","type":"image\/png"}],"author":"D\u00e9cio Terror Filho","twitter_card":"summary_large_image","twitter_creator":"@EstratConcursos","twitter_site":"@EstratConcursos","twitter_misc":{"Escrito por":"D\u00e9cio Terror Filho","Est. tempo de leitura":"6 minutos"},"schema":{"@context":"https:\/\/schema.org","@graph":[{"@type":"NewsArticle","@id":"https:\/\/www.estrategiaconcursos.com.br\/blog\/orientacao-de-estudo-analise-de-conteudo-de-portugues-fcc\/#article","isPartOf":{"@id":"https:\/\/www.estrategiaconcursos.com.br\/blog\/orientacao-de-estudo-analise-de-conteudo-de-portugues-fcc\/"},"author":{"name":"D\u00e9cio Terror Filho","@id":"https:\/\/www.estrategiaconcursos.com.br\/blog\/#\/schema\/person\/e8165364027a31208914fc77c3314727"},"headline":"Orienta\u00e7\u00e3o de estudo: an\u00e1lise de conte\u00fado de Portugu\u00eas FCC","datePublished":"2016-10-06T12:51:07+00:00","mainEntityOfPage":{"@id":"https:\/\/www.estrategiaconcursos.com.br\/blog\/orientacao-de-estudo-analise-de-conteudo-de-portugues-fcc\/"},"wordCount":1185,"commentCount":0,"publisher":{"@id":"https:\/\/www.estrategiaconcursos.com.br\/blog\/#organization"},"image":{"@id":"https:\/\/www.estrategiaconcursos.com.br\/blog\/orientacao-de-estudo-analise-de-conteudo-de-portugues-fcc\/#primaryimage"},"thumbnailUrl":"https:\/\/dhg1h5j42swfq.cloudfront.net\/2016\/10\/06094741\/Aul%C3%A3o-FCC.png","keywords":["aula gratuita","Orienta\u00e7\u00e3o de estudo","Portugu\u00eas FCC"],"articleSection":["Concursos P\u00fablicos","Tribunais"],"inLanguage":"pt-BR","potentialAction":[{"@type":"CommentAction","name":"Comment","target":["https:\/\/www.estrategiaconcursos.com.br\/blog\/orientacao-de-estudo-analise-de-conteudo-de-portugues-fcc\/#respond"]}],"copyrightYear":"2016","copyrightHolder":{"@id":"https:\/\/www.estrategiaconcursos.com.br\/blog\/#organization"}},{"@type":"WebPage","@id":"https:\/\/www.estrategiaconcursos.com.br\/blog\/orientacao-de-estudo-analise-de-conteudo-de-portugues-fcc\/","url":"https:\/\/www.estrategiaconcursos.com.br\/blog\/orientacao-de-estudo-analise-de-conteudo-de-portugues-fcc\/","name":"Orienta\u00e7\u00e3o de estudo: an\u00e1lise de conte\u00fado de Portugu\u00eas FCC","isPartOf":{"@id":"https:\/\/www.estrategiaconcursos.com.br\/blog\/#website"},"primaryImageOfPage":{"@id":"https:\/\/www.estrategiaconcursos.com.br\/blog\/orientacao-de-estudo-analise-de-conteudo-de-portugues-fcc\/#primaryimage"},"image":{"@id":"https:\/\/www.estrategiaconcursos.com.br\/blog\/orientacao-de-estudo-analise-de-conteudo-de-portugues-fcc\/#primaryimage"},"thumbnailUrl":"https:\/\/dhg1h5j42swfq.cloudfront.net\/2016\/10\/06094741\/Aul%C3%A3o-FCC.png","datePublished":"2016-10-06T12:51:07+00:00","breadcrumb":{"@id":"https:\/\/www.estrategiaconcursos.com.br\/blog\/orientacao-de-estudo-analise-de-conteudo-de-portugues-fcc\/#breadcrumb"},"inLanguage":"pt-BR","potentialAction":[{"@type":"ReadAction","target":["https:\/\/www.estrategiaconcursos.com.br\/blog\/orientacao-de-estudo-analise-de-conteudo-de-portugues-fcc\/"]}]},{"@type":"ImageObject","inLanguage":"pt-BR","@id":"https:\/\/www.estrategiaconcursos.com.br\/blog\/orientacao-de-estudo-analise-de-conteudo-de-portugues-fcc\/#primaryimage","url":"https:\/\/dhg1h5j42swfq.cloudfront.net\/2016\/10\/06094741\/Aul%C3%A3o-FCC.png","contentUrl":"https:\/\/dhg1h5j42swfq.cloudfront.net\/2016\/10\/06094741\/Aul%C3%A3o-FCC.png","width":1068,"height":754},{"@type":"BreadcrumbList","@id":"https:\/\/www.estrategiaconcursos.com.br\/blog\/orientacao-de-estudo-analise-de-conteudo-de-portugues-fcc\/#breadcrumb","itemListElement":[{"@type":"ListItem","position":1,"name":"In\u00edcio","item":"https:\/\/www.estrategiaconcursos.com.br\/blog\/"},{"@type":"ListItem","position":2,"name":"Orienta\u00e7\u00e3o de estudo: an\u00e1lise de conte\u00fado de Portugu\u00eas FCC"}]},{"@type":"WebSite","@id":"https:\/\/www.estrategiaconcursos.com.br\/blog\/#website","url":"https:\/\/www.estrategiaconcursos.com.br\/blog\/","name":"Estrat\u00e9gia Concursos","description":"O blog da Estrat\u00e9gia Concursos traz not\u00edcias sobre concursos e artigos de professores oferecendo cursos para concursos (pdf + videaulas) no site.","publisher":{"@id":"https:\/\/www.estrategiaconcursos.com.br\/blog\/#organization"},"potentialAction":[{"@type":"SearchAction","target":{"@type":"EntryPoint","urlTemplate":"https:\/\/www.estrategiaconcursos.com.br\/blog\/?s={search_term_string}"},"query-input":{"@type":"PropertyValueSpecification","valueRequired":true,"valueName":"search_term_string"}}],"inLanguage":"pt-BR"},{"@type":"Organization","@id":"https:\/\/www.estrategiaconcursos.com.br\/blog\/#organization","name":"Estrat\u00e9gia Concursos","url":"https:\/\/www.estrategiaconcursos.com.br\/blog\/","logo":{"@type":"ImageObject","inLanguage":"pt-BR","@id":"https:\/\/www.estrategiaconcursos.com.br\/blog\/#\/schema\/logo\/image\/","url":"https:\/\/dhg1h5j42swfq.cloudfront.net\/2025\/06\/03203428\/logo_concursos-1.jpg","contentUrl":"https:\/\/dhg1h5j42swfq.cloudfront.net\/2025\/06\/03203428\/logo_concursos-1.jpg","width":230,"height":60,"caption":"Estrat\u00e9gia Concursos"},"image":{"@id":"https:\/\/www.estrategiaconcursos.com.br\/blog\/#\/schema\/logo\/image\/"},"sameAs":["https:\/\/x.com\/EstratConcursos"]},{"@type":"Person","@id":"https:\/\/www.estrategiaconcursos.com.br\/blog\/#\/schema\/person\/e8165364027a31208914fc77c3314727","name":"D\u00e9cio Terror Filho","image":{"@type":"ImageObject","inLanguage":"pt-BR","@id":"https:\/\/secure.gravatar.com\/avatar\/a5b78e734de7c6482e965926e78344deb81abbc34282a3c9536cbb1a59728a37?s=96&d=mm&r=g","url":"https:\/\/secure.gravatar.com\/avatar\/a5b78e734de7c6482e965926e78344deb81abbc34282a3c9536cbb1a59728a37?s=96&d=mm&r=g","contentUrl":"https:\/\/secure.gravatar.com\/avatar\/a5b78e734de7c6482e965926e78344deb81abbc34282a3c9536cbb1a59728a37?s=96&d=mm&r=g","caption":"D\u00e9cio Terror Filho"},"url":"https:\/\/www.estrategiaconcursos.com.br\/blog\/author\/contatoterrorportugues-com-br\/"}]}},"_links":{"self":[{"href":"https:\/\/www.estrategiaconcursos.com.br\/blog\/wp-json\/wp\/v2\/posts\/51575","targetHints":{"allow":["GET"]}}],"collection":[{"href":"https:\/\/www.estrategiaconcursos.com.br\/blog\/wp-json\/wp\/v2\/posts"}],"about":[{"href":"https:\/\/www.estrategiaconcursos.com.br\/blog\/wp-json\/wp\/v2\/types\/post"}],"author":[{"embeddable":true,"href":"https:\/\/www.estrategiaconcursos.com.br\/blog\/wp-json\/wp\/v2\/users\/214"}],"replies":[{"embeddable":true,"href":"https:\/\/www.estrategiaconcursos.com.br\/blog\/wp-json\/wp\/v2\/comments?post=51575"}],"version-history":[{"count":3,"href":"https:\/\/www.estrategiaconcursos.com.br\/blog\/wp-json\/wp\/v2\/posts\/51575\/revisions"}],"predecessor-version":[{"id":51606,"href":"https:\/\/www.estrategiaconcursos.com.br\/blog\/wp-json\/wp\/v2\/posts\/51575\/revisions\/51606"}],"wp:featuredmedia":[{"embeddable":true,"href":"https:\/\/www.estrategiaconcursos.com.br\/blog\/wp-json\/wp\/v2\/media\/51602"}],"wp:attachment":[{"href":"https:\/\/www.estrategiaconcursos.com.br\/blog\/wp-json\/wp\/v2\/media?parent=51575"}],"wp:term":[{"taxonomy":"category","embeddable":true,"href":"https:\/\/www.estrategiaconcursos.com.br\/blog\/wp-json\/wp\/v2\/categories?post=51575"},{"taxonomy":"post_tag","embeddable":true,"href":"https:\/\/www.estrategiaconcursos.com.br\/blog\/wp-json\/wp\/v2\/tags?post=51575"},{"taxonomy":"tax_estado","embeddable":true,"href":"https:\/\/www.estrategiaconcursos.com.br\/blog\/wp-json\/wp\/v2\/tax_estado?post=51575"}],"curies":[{"name":"wp","href":"https:\/\/api.w.org\/{rel}","templated":true}]}}