{"id":515530,"date":"2020-06-03T12:01:00","date_gmt":"2020-06-03T15:01:00","guid":{"rendered":"https:\/\/www.estrategiaconcursos.com.br\/blog\/?p=515530"},"modified":"2023-06-27T09:32:37","modified_gmt":"2023-06-27T12:32:37","slug":"esta-desempregado-saiba-as-oportunidades-de-concursos-no-curto-prazo","status":"publish","type":"post","link":"https:\/\/www.estrategiaconcursos.com.br\/blog\/esta-desempregado-saiba-as-oportunidades-de-concursos-no-curto-prazo\/","title":{"rendered":"Est\u00e1 desempregado? \u2013 Saiba as oportunidades de concursos no curto prazo"},"content":{"rendered":"\n<p class=\"has-medium-font-size\"><em>Est\u00e1 desempregado h\u00e1 um tempo, ou perdeu seu emprego recentemente, e busca uma nova oportunidade de concursos no <strong>curto prazo<\/strong> para voltar a ter renda? Ent\u00e3o voc\u00ea vai gostar desse artigo.<\/em><\/p>\n\n\n\n<figure class=\"wp-block-image aligncenter size-medium\"><img loading=\"lazy\" decoding=\"async\" width=\"300\" height=\"169\" src=\"https:\/\/dhg1h5j42swfq.cloudfront.net\/2020\/05\/16090653\/unnamed-1-300x169.jpg\" alt=\"concursos curto prazo\" class=\"wp-image-515536\" srcset=\"https:\/\/dhg1h5j42swfq.cloudfront.net\/2020\/05\/16090653\/unnamed-1-300x169.jpg 300w, https:\/\/dhg1h5j42swfq.cloudfront.net\/2020\/05\/16090653\/unnamed-1.jpg 512w\" sizes=\"auto, (max-width: 300px) 100vw, 300px\" \/><figcaption class=\"wp-element-caption\">Nunca \u00e9 tarde para recome\u00e7ar<\/figcaption><\/figure>\n\n\n\n<p>Ol\u00e1, estrategista, tudo certo?<\/p>\n\n\n\n<p>Momentos dif\u00edceis, n\u00e3o \u00e9 mesmo?! Ningu\u00e9m esperava por essa. Milh\u00f5es de brasileiros perdendo seus empregos, outros milh\u00f5es sem renda por terem seus contratos de trabalho suspensos, sem falar nos que sofreram pela redu\u00e7\u00e3o dos sal\u00e1rios \u2013 que j\u00e1 eram baixos \u2013 e daqueles tantos outros milh\u00f5es que j\u00e1 estavam desempregados antes da crise.<\/p>\n\n\n\n<p>Sei que \u00e9 dif\u00edcil, mas calma. Voc\u00ea n\u00e3o est\u00e1 sozinho! Ademais, se lamentar \u00e9 a pior alternativa, uma vez que isto <strong>n\u00e3o \u00e9 solu\u00e7\u00e3o para nenhum tipo de problema<\/strong>.<\/p>\n\n\n\n<p>\u00c9 justamente nas dificuldades que criamos as oportunidades. Ningu\u00e9m est\u00e1 dizendo que ser\u00e1 f\u00e1cil; mas se n\u00e3o plantarmos nada durante a crise, o que iremos colher quando ela passar? O tempo, assim como a crise, ir\u00e3o passar; <strong>queira voc\u00ea ou n\u00e3o<\/strong>! E ent\u00e3o, voc\u00ea preferir\u00e1 se lamentar ou se orgulhar de ter feito algo?<\/p>\n\n\n\n<p>Se por um lado, as empresas param, por falta de recursos ou de demanda, o governo n\u00e3o. O governo \u00e9, antes de tudo, formado por pessoas: servidores e empregados p\u00fablicos. Al\u00e9m disso, a cada m\u00eas que se passa, <strong>milhares desses servidores p\u00fablicos se aposentam<\/strong>.<\/p>\n\n\n\n<p>Em outras palavras, se o Estado n\u00e3o est\u00e1 sujeito \u00e0 fal\u00eancia, e as pessoas n\u00e3o param de se aposentar, a conclus\u00e3o \u00e9 uma s\u00f3: os concursos nunca ir\u00e3o acabar (sem pessoas n\u00e3o existe governo).<\/p>\n\n\n\n<p>N\u00e3o obstante, em nenhum momento da hist\u00f3ria, a estabilidade e a irredutibilidade da remunera\u00e7\u00e3o dos servidores p\u00fablicos foram t\u00e3o amea\u00e7adas. E adivinha? Nem a pior crise das \u00faltimas d\u00e9cadas foi capaz de perfurar estas garantias constitucionais.<\/p>\n\n\n\n<h2 class=\"wp-block-heading\" id=\"h-oportunidades-de-concursos-no-curto-prazo\">Oportunidades de Concursos no Curto Prazo<\/h2>\n\n\n\n<p>Certamente que quem deseja conquistar uma aprova\u00e7\u00e3o em concursos no curto prazo n\u00e3o poder\u00e1 escolher muito, mas sim atacar as op\u00e7\u00f5es dispon\u00edveis. Destaque vem para o novo Projeto de Lei n\u00ba 39 que estabelece:<\/p>\n\n\n\n<ul class=\"wp-block-list\">\n<li>proibi\u00e7\u00e3o de reajuste salarial e de benef\u00edcios at\u00e9 o in\u00edcio de 2022, salvo \u00e1rea da <strong>sa\u00fade<\/strong>, <strong>seguran\u00e7a p\u00fablica<\/strong> e <strong>For\u00e7as Armadas<\/strong>;<\/li>\n\n\n\n<li>a proibi\u00e7\u00e3o de contagem de tempo de servi\u00e7o at\u00e9 2020 para a concess\u00e3o de adicionais salariais, salvo \u00e1rea da <strong>sa\u00fade<\/strong>, <strong>seguran\u00e7a p\u00fablica<\/strong> e <strong>For\u00e7as Armadas<\/strong>;<\/li>\n\n\n\n<li>proibi\u00e7\u00e3o de contrata\u00e7\u00e3o, cria\u00e7\u00e3o de cargos e concurso para novas vagas,&nbsp;<strong>exceto vagas em aberto&nbsp;<\/strong>e da chefia e de trabalhadores tempor\u00e1rios para o combate \u00e0 Covid-19<\/li>\n<\/ul>\n\n\n\n<p>Como sabemos, o PL n\u00e3o muda muita coisa na pr\u00e1tica em rela\u00e7\u00e3o aos concursos p\u00fablicos, uma vez que a maior parte deles j\u00e1 s\u00e3o criados para suprir as <strong>vagas em aberto<\/strong>. Todavia, uma restri\u00e7\u00e3o \u00e9 certa: <strong>or\u00e7amento p\u00fablico<\/strong>.<\/p>\n\n\n\n<p>Portanto, para quem deseja uma aprova\u00e7\u00e3o em concursos no curto prazo, sugerimos fortemente as \u00e1reas de <strong>sa\u00fade, seguran\u00e7a p\u00fablica e For\u00e7as Armadas<\/strong>. Isto \u00e9, justamente aquelas excepcionadas pelo projeto de lei, e que ter\u00e3o um maior destaque no combate \u00e0 pandemia de COVID-19.<\/p>\n\n\n\n<p>Al\u00e9m disso, n\u00e3o basta apenas ser aprovado, mas tamb\u00e9m ser nomeado, para efetivamente come\u00e7ar a exercer as fun\u00e7\u00f5es do cargo e ser remunerado por isso. Essas \u00e1reas, ademais, s\u00e3o as que possuem as nomea\u00e7\u00f5es mais r\u00e1pidas, dentro de poucas semanas ou meses ap\u00f3s a homologa\u00e7\u00e3o do concurso.<\/p>\n\n\n\n<p>Veja ent\u00e3o as oportunidades de concursos no curto prazo para as \u00e1reas de sa\u00fade e seguran\u00e7a p\u00fablica.<\/p>\n\n\n\n<h2 class=\"wp-block-heading\" id=\"h-oportunidades-para-seguranca-publica-concursos-no-curto-prazo-carreira-policial\">Oportunidades para Seguran\u00e7a P\u00fablica (Concursos no Curto Prazo) \u2013 Carreira Policial<\/h2>\n\n\n\n<h3 class=\"wp-block-heading\" id=\"h-concurso-pc-sp-2-939-vagas\">Concurso PC SP (2.939 vagas)<\/h3>\n\n\n\n<p>O concurso PC SP, da Pol\u00edcia Civil de S\u00e3o Paulo, est\u00e1 cada dia mais pr\u00f3ximo de acontecer, isso porque foram formadas as comiss\u00f5es. O pr\u00f3ximo passo do certame \u00e9 escolher a banca organizadora! (<a href=\"https:\/\/www.estrategiaconcursos.com.br\/blog\/concurso-policia-civil-sp-2020\/\">Veja aqui mais detalhes<\/a>)<\/p>\n\n\n\n<h3 class=\"wp-block-heading\" id=\"h-concurso-pm-to-1-000-vagas\">Concurso PM TO (1.000 vagas)<\/h3>\n\n\n\n<p>A PM TO (Pol\u00edcia Militar do Tocantins) est\u00e1 em processo de busca da banca organizadora do pr\u00f3ximo concurso da institui\u00e7\u00e3o, segundo informa\u00e7\u00f5es da ASCOM PMTO (Assessoria de Comunica\u00e7\u00e3o da Pol\u00edcia Militar do Tocantins).<\/p>\n\n\n\n<p>O certame ofertar\u00e1 1.000 oportunidades para o cargo de soldado, de n\u00edvel m\u00e9dio, para homens e mulheres. (<a href=\"https:\/\/www.estrategiaconcursos.com.br\/blog\/concurso-pm-to\/\">Veja aqui mais detalhes<\/a>)<\/p>\n\n\n\n<h3 class=\"wp-block-heading\" id=\"h-guarda-municipal-de-betim-60-vagas-cr\">Guarda Municipal de Betim (60 vagas + CR)<\/h3>\n\n\n\n<p>A banca organizadora do pr\u00f3ximo concurso Guarda Municipal de Betim foi estabelecida. Agora, a publica\u00e7\u00e3o do edital se aproxima. (<a href=\"https:\/\/www.estrategiaconcursos.com.br\/blog\/concurso-guarda-municipal-betim\/\">Veja aqui mais detalhes<\/a>)<\/p>\n\n\n\n<h3 class=\"wp-block-heading\" id=\"h-concurso-pc-pa-1-495-vagas\">Concurso PC PA (1.495 vagas)<\/h3>\n\n\n\n<p>O Tribunal de Justi\u00e7a do Par\u00e1 determinou a continuidade do procedimento licitat\u00f3rio que visa escolher a empresa organizadora do pr\u00f3ximo concurso PC PA, da Pol\u00edcia Civil do Par\u00e1. (<a href=\"https:\/\/www.estrategiaconcursos.com.br\/blog\/concurso-policia-civil-para\/\">Veja aqui mais detalhes<\/a>)<\/p>\n\n\n\n<h3 class=\"wp-block-heading\" id=\"h-concurso-pm-pa-2-469-vagas\">Concurso PM PA (2.469 vagas)<\/h3>\n\n\n\n<p>O concurso PM PA, em fase de escolha da banca, teve o processo suspenso, ap\u00f3s decis\u00e3o liminar da 6\u00aa Vara do Juizado Especial C\u00edvel. A cerim\u00f4nia de abertura dos envelopes estava marcada para ocorrer no dia 19 de fevereiro. (<a href=\"https:\/\/www.estrategiaconcursos.com.br\/blog\/concurso-pm-pa\/\">Veja aqui mais detalhes)<\/a><\/p>\n\n\n\n<h3 class=\"wp-block-heading\" id=\"h-concurso-pmerj-2-000-vagas\">Concurso PMERJ &nbsp;(2.000 vagas)<\/h3>\n\n\n\n<p>O certame est\u00e1 autorizado e foi anunciado pelo governador com 2.000 vagas para soldado. (<a href=\"https:\/\/www.estrategiaconcursos.com.br\/blog\/concurso-pmerj\/\">Veja aqui mais detalhes<\/a>)<\/p>\n\n\n\n<h3 class=\"wp-block-heading\" id=\"h-concurso-prf-4-435-vagas\">Concurso PRF (4.435 vagas)<\/h3>\n\n\n\n<p>A PRF j\u00e1 solicitou a realiza\u00e7\u00e3o de um&nbsp;<strong>novo concurso<\/strong>&nbsp;em 2020 com&nbsp;<strong>4.435 vagas<\/strong><strong>. (<a href=\"https:\/\/www.estrategiaconcursos.com.br\/blog\/concurso-prf-3\/\">Veja aqui mais detalhes<\/a>)<\/strong><\/p>\n\n\n\n<h3 class=\"wp-block-heading\" id=\"h-concurso-pcdf-1-800-vagas\">Concurso PCDF (1.800 vagas)<\/h3>\n\n\n\n<p>Banca CEBRASPE foi definida para 1.800 vagas para Agente de Pol\u00edcia \u2013 Cebraspe. Dessas, 600 s\u00e3o imediatas e as outras 1.200 para cadastro de reserva. (<a href=\"https:\/\/www.estrategiaconcursos.com.br\/blog\/concurso-pcdf\/\">Veja aqui mais detalhes<\/a>)<\/p>\n\n\n\n<h3 class=\"wp-block-heading\" id=\"h-concurso-pc-rj-864-vagas\">Concurso PC RJ (864 vagas)<\/h3>\n\n\n\n<p>Secret\u00e1rio confirma editais para 2020; provas ap\u00f3s agosto. (<a href=\"https:\/\/www.estrategiaconcursos.com.br\/blog\/concurso-policia-civil-rj\/\">Veja aqui mais detalhes<\/a>)<\/p>\n\n\n\n<h3 class=\"wp-block-heading\" id=\"h-concurso-agepen-al-250-vagas\">Concurso Agepen AL (250 vagas)<\/h3>\n\n\n\n<p>Ap\u00f3s a\u00e7\u00e3o do MP, novo certame ser\u00e1 realizado em 2020. (<a href=\"https:\/\/www.estrategiaconcursos.com.br\/blog\/concurso-agepen-al\/\">Veja aqui mais detalhes<\/a>)<\/p>\n\n\n\n<h3 class=\"wp-block-heading\" id=\"h-concurso-pc-ce-1-500-vagas\">Concurso PC CE (1.500 vagas)<\/h3>\n\n\n\n<p>Por meio de uma transmiss\u00e3o ao vivo, em seu perfil oficial do Facebook, o Governador Camilo Filho anunciou o concurso Pol\u00edcia Civil CE que prev\u00ea a oferta de 1.500 vagas. (<a href=\"https:\/\/www.estrategiaconcursos.com.br\/blog\/concurso-policia-civil-ce\/\">Veja aqui mais detalhes<\/a>)<\/p>\n\n\n\n<h3 class=\"wp-block-heading\" id=\"h-concurso-pm-sp\">Concurso PM SP<\/h3>\n\n\n\n<p>Foi publicado um comunicado que suspende <strong>temporariamente<\/strong> as inscri\u00e7\u00f5es para o concurso Pol\u00edcia Militar de S\u00e3o Paulo (concurso PM SP) assim como as outras etapas do certame.<\/p>\n\n\n\n<p>A suspens\u00e3o durar\u00e1 enquanto perdurar o estado de calamidade no Estado de S\u00e3o Paulo. (<a href=\"https:\/\/www.estrategiaconcursos.com.br\/blog\/concurso-pm-sp-2020\/\">Veja aqui mais detalhes<\/a>)<\/p>\n\n\n\n<h2 class=\"wp-block-heading\" id=\"h-oportunidades-para-area-da-saude-curto-prazo\">Oportunidades para \u00c1rea da Sa\u00fade (Curto Prazo)<\/h2>\n\n\n\n<h3 class=\"wp-block-heading\" id=\"h-concurso-pmerj-saude-42-vagas-para-medico\">Concurso PMERJ \u2013 Sa\u00fade (42 vagas para m\u00e9dico)<\/h3>\n\n\n\n<p>O <strong>concurso PMERJ Sa\u00fade est\u00e1 autorizado e ofertar\u00e1 42 vagas para M\u00e9dico Oficial. <\/strong>Talvez, mais para frente podem ser autorizadas mais 25 vagas para Enfermeiro. (<a href=\"https:\/\/www.estrategiaconcursos.com.br\/blog\/concurso-pmerj-saude\/\">Veja aqui mais detalhes<\/a>)<\/p>\n\n\n\n<h3 class=\"wp-block-heading\" id=\"h-concurso-crbm-4\">Concurso CRBM 4<\/h3>\n\n\n\n<p>O Conselho Regional de Biomedicina da 4\u00aa regi\u00e3o j\u00e1 oficializou a escolha do Instituto Quadrix como organizadora do pr\u00f3ximo concurso p\u00fablico do \u00f3rg\u00e3o. Ser\u00e3o ofertadas vagas para cargos de n\u00edvel m\u00e9dio e superior. (<a href=\"https:\/\/www.estrategiaconcursos.com.br\/blog\/concurso-crbm-4\/\">Veja aqui mais detalhes<\/a>)<\/p>\n\n\n\n<h3 class=\"wp-block-heading\" id=\"h-concurso-crm-ms\">Concurso CRM MS<\/h3>\n\n\n\n<p>O concurso para provimento de vagas para n\u00edvel fundamental, m\u00e9dio e superior no Conselho Regional de Medicina do Mato Grosso do Sul j\u00e1 tem banca definida! (<a href=\"https:\/\/www.estrategiaconcursos.com.br\/blog\/concurso-crm-ms\/\">Veja aqui mais detalhes<\/a>)<\/p>\n\n\n\n<h3 class=\"wp-block-heading\" id=\"h-concurso-prefeitura-de-belo-horizonte-mg\">Concurso Prefeitura de Belo Horizonte (MG)<\/h3>\n\n\n\n<p>RBO \u00e9 banca para certame com vagas da Sa\u00fade. Banca em defini\u00e7\u00e3o para \u00e1rea da Educa\u00e7\u00e3o (213 vagas). Estudos solicitados para secretaria da Fazenda. (<a href=\"https:\/\/www.estrategiaconcursos.com.br\/blog\/concurso-belo-horizonte\/\">Veja aqui mais detalhes<\/a>)<\/p>\n\n\n\n<h3 class=\"wp-block-heading\" id=\"h-concurso-prefeitura-de-mendes-rj\">Concurso Prefeitura de Mendes (RJ)<\/h3>\n\n\n\n<p>INCP foi definido como banca organizadora. Est\u00e1 prevista a oferta de 316 vagas para todos os n\u00edveis de escolaridade para as \u00e1reas Administrativas, de Educa\u00e7\u00e3o e Sa\u00fade. (<a href=\"https:\/\/www.estrategiaconcursos.com.br\/blog\/concurso-prefeitura-de-mendes\/\">Veja aqui mais detalhes<\/a>)<\/p>\n\n\n\n<h3 class=\"wp-block-heading\" id=\"h-concurso-prefeitura-de-petropolis-rj\">Concurso Prefeitura de Petr\u00f3polis (RJ)<\/h3>\n\n\n\n<p>Concurso segue em fase de estudos e an\u00e1lise da demanda necess\u00e1ria. Edital est\u00e1 previsto para 2020, com vagas para \u00e1reas da Sa\u00fade, Educa\u00e7\u00e3o e Assist\u00eancia Social. (<a href=\"https:\/\/www.estrategiaconcursos.com.br\/blog\/concurso-prefeitura-de-petropolis-rj\/\">Veja aqui mais detalhes<\/a>)<\/p>\n\n\n\n<h3 class=\"wp-block-heading\" id=\"h-concurso-prefeitura-de-cabo-frio-rj\">Concurso Prefeitura de Cabo Frio (RJ)<\/h3>\n\n\n\n<p>Com o IBAM definido como organizador, ser\u00e3o 1.063 vagas para as \u00e1reas da educa\u00e7\u00e3o, sa\u00fade, fiscaliza\u00e7\u00e3o, administrativo, meio ambiente, economia, entre outras. Atividades do certame est\u00e3o suspensas temporariamente, em raz\u00e3o da COVID-19. (<a href=\"https:\/\/www.estrategiaconcursos.com.br\/blog\/concurso-prefeitura-de-cabo-frio-rj\/\">Veja aqui mais detalhes<\/a>)<\/p>\n\n\n\n<h3 class=\"wp-block-heading\" id=\"h-concurso-sms-bh\">Concurso SMS BH<\/h3>\n\n\n\n<p>O certame ser\u00e1 destinado a preencher vagas voltadas para cargos da carreira dos servidores da \u00c1rea da Sa\u00fade, mas os cargos e vagas ainda n\u00e3o foram divulgados. RBO foi a banca escolhida. (<a href=\"https:\/\/www.estrategiaconcursos.com.br\/blog\/concurso-sms-bh\/\">Veja aqui mais detalhes<\/a>)<\/p>\n\n\n\n<h2 class=\"wp-block-heading\" id=\"h-trilha-dos-desempregados\">Trilha dos Desempregados<\/h2>\n\n\n\n<p>Gostaria ainda de uma ajuda a mais? De modo a acelerar sua aprova\u00e7\u00e3o no curto prazo, aperfei\u00e7oar seu rendimento e efici\u00eancia nos estudos, e o melhor: <strong>TOTALMENTE GR\u00c1TIS<\/strong>. Conhe\u00e7a a Trilha dos Desempregados (<a href=\"https:\/\/www.estrategiaconcursos.com.br\/blog\/trilha-desempregados-2020-lancamento-curso-gratuito\/\">clique aqui<\/a>).<\/p>\n\n\n\n<p>Para \u201camparar aqueles que est\u00e3o passando por dificuldades financeiras (em fun\u00e7\u00e3o do desemprego), a maior plataforma EAD do Brasil disponibiliza um curso&nbsp;<strong>totalmente gratuito<\/strong>! Al\u00e9m de gratuito, o&nbsp;<a href=\"https:\/\/www.estrategiaconcursos.com.br\/curso\/pacote-estrategico-gratuito-para-desempregados-2020\/\" target=\"_blank\" rel=\"noreferrer noopener\">Pacote Desempregados 2020<\/a>&nbsp;\u00e9 um curso com toda a qualidade caracter\u00edstica de nossa marca. \u201d<\/p>\n\n\n\n<p>Para aqueles que n\u00e3o conhecem, a&nbsp;<em>Trilha Estrat\u00e9gica<\/em>&nbsp;veio para revolucionar a vida dos nossos alunos e facilitar a sua aprova\u00e7\u00e3o em Concursos P\u00fablicos;&nbsp;indicando sugest\u00f5es de estudo, por disciplina e ciclos de estudos, atrav\u00e9s de arquivos em&nbsp;<em>pdf<\/em>&nbsp;liberados semanalmente na \u00e1rea do aluno.<\/p>\n\n\n\n<h2 class=\"wp-block-heading\" id=\"h-finalizando\">Finalizando<\/h2>\n\n\n\n<p>Vamos em frente. O tempo n\u00e3o para, muito menos n\u00f3s.<\/p>\n\n\n\n<p>&#8220;Coragem para os inseguros, ousadia para os f\u00f3bicos, sensatez para os incautos&#8221; &#8211; O vendedor de sonhos.<\/p>\n\n\n\n<p>Um forte abra\u00e7o<\/p>\n\n\n\n<p>Leandro Ricardo M. Silveira<\/p>\n\n\n\n<p><strong>Instagram: <\/strong><a href=\"https:\/\/www.instagram.com\/leandro.rms12\/\">https:\/\/www.instagram.com\/leandro.rms12\/<\/a><\/p>\n\n\n\n<p class=\"has-text-align-center has-medium-font-size\"><em><strong>Assinatura Anual Ilimitada*<\/strong><\/em><\/p>\n\n\n\n<p class=\"has-text-align-center\"><em>Prepare-se com o melhor material e com quem mais aprova em Concursos P\u00fablicos em todo o pa\u00eds. Assine agora a nossa Assinatura Anual e tenha acesso ilimitado* a todos os nossos cursos.<\/em><\/p>\n\n\n\n<p class=\"has-text-align-center has-luminous-vivid-amber-background-color has-background\" style=\"font-size:clamp(14.642px, 0.915rem + ((1vw - 3.2px) * 0.721), 22px);px\"><strong>ASSINE AGORA<\/strong>&nbsp;\u2013&nbsp;<a rel=\"noreferrer noopener\" href=\"https:\/\/www.estrategiaconcursos.com.br\/assinaturas\" target=\"_blank\"><strong>Assinatura Ilimitada<\/strong><\/a><\/p>\n\n\n\n<p class=\"has-text-align-center has-medium-font-size\"><em><strong>Fique por dentro de todos os concursos<\/strong><\/em>:<\/p>\n\n\n\n<p class=\"has-text-align-center has-pale-cyan-blue-background-color has-background\" style=\"font-size:clamp(14.642px, 0.915rem + ((1vw - 3.2px) * 0.721), 22px);px\"><a href=\"https:\/\/www.estrategiaconcursos.com.br\/blog\/concursos-abertos\/\" target=\"_blank\" rel=\"noreferrer noopener\"><strong>Concursos abertos<\/strong><\/a><\/p>\n","protected":false},"excerpt":{"rendered":"<p>Est\u00e1 desempregado h\u00e1 um tempo, ou perdeu seu emprego recentemente, e busca uma nova oportunidade de concursos no curto prazo para voltar a ter renda? Ent\u00e3o voc\u00ea vai gostar desse artigo. Ol\u00e1, estrategista, tudo certo? Momentos dif\u00edceis, n\u00e3o \u00e9 mesmo?! Ningu\u00e9m esperava por essa. Milh\u00f5es de brasileiros perdendo seus empregos, outros milh\u00f5es sem renda por [&hellip;]<\/p>\n","protected":false},"author":1668,"featured_media":515536,"comment_status":"open","ping_status":"closed","sticky":false,"template":"","format":"standard","meta":{"post_tipo":"article","footnotes":""},"categories":[1],"tags":[179765,1222,781],"tax_estado":[219964,219965,219966,219967,219968,219969,219970,219971,219972,219973,219974,219975,219976],"class_list":["post-515530","post","type-post","status-publish","format-standard","has-post-thumbnail","hentry","category-cursos-e-concursos","tag-desemprego-2","tag-policial","tag-saude","tax_estado-ac","tax_estado-al","tax_estado-am","tax_estado-ap","tax_estado-ba","tax_estado-ce","tax_estado-df","tax_estado-es","tax_estado-go","tax_estado-ma","tax_estado-mg","tax_estado-ms","tax_estado-mt"],"acf":[],"yoast_head":"<!-- This site is optimized with the Yoast SEO Premium plugin v27.2 (Yoast SEO v27.2) - https:\/\/yoast.com\/product\/yoast-seo-premium-wordpress\/ -->\n<title>Est\u00e1 desempregado? \u2013 Veja oportunidades de concursos no curto prazo<\/title>\n<meta name=\"description\" content=\"Est\u00e1 sem renda? Saiba as oportunidades de concurso p\u00fablico, no curto prazo, para as \u00e1reas priorit\u00e1rias no combate \u00e0 COVID-19.\" \/>\n<meta name=\"robots\" content=\"index, follow, max-snippet:-1, max-image-preview:large, max-video-preview:-1\" \/>\n<link rel=\"canonical\" href=\"https:\/\/www.estrategiaconcursos.com.br\/blog\/esta-desempregado-saiba-as-oportunidades-de-concursos-no-curto-prazo\/\" \/>\n<meta property=\"og:locale\" content=\"pt_BR\" \/>\n<meta property=\"og:type\" content=\"article\" \/>\n<meta property=\"og:title\" content=\"Est\u00e1 desempregado? \u2013 Saiba as oportunidades de concursos no curto prazo\" \/>\n<meta property=\"og:description\" content=\"Est\u00e1 sem renda? Saiba as oportunidades de concurso p\u00fablico, no curto prazo, para as \u00e1reas priorit\u00e1rias no combate \u00e0 COVID-19.\" \/>\n<meta property=\"og:url\" content=\"https:\/\/www.estrategiaconcursos.com.br\/blog\/esta-desempregado-saiba-as-oportunidades-de-concursos-no-curto-prazo\/\" \/>\n<meta property=\"og:site_name\" content=\"Estrat\u00e9gia Concursos\" \/>\n<meta property=\"article:published_time\" content=\"2020-06-03T15:01:00+00:00\" \/>\n<meta property=\"article:modified_time\" content=\"2023-06-27T12:32:37+00:00\" \/>\n<meta property=\"og:image\" content=\"https:\/\/dhg1h5j42swfq.cloudfront.net\/2020\/05\/16090653\/unnamed-1.jpg\" \/>\n\t<meta property=\"og:image:width\" content=\"512\" \/>\n\t<meta property=\"og:image:height\" content=\"288\" \/>\n\t<meta property=\"og:image:type\" content=\"image\/jpeg\" \/>\n<meta name=\"author\" content=\"Leandro Ricardo Machado da Silveira\" \/>\n<meta name=\"twitter:card\" content=\"summary_large_image\" \/>\n<meta name=\"twitter:creator\" content=\"@EstratConcursos\" \/>\n<meta name=\"twitter:site\" content=\"@EstratConcursos\" \/>\n<meta name=\"twitter:label1\" content=\"Escrito por\" \/>\n\t<meta name=\"twitter:data1\" content=\"Leandro Ricardo Machado da Silveira\" \/>\n\t<meta name=\"twitter:label2\" content=\"Est. tempo de leitura\" \/>\n\t<meta name=\"twitter:data2\" content=\"8 minutos\" \/>\n<script type=\"application\/ld+json\" class=\"yoast-schema-graph\">{\"@context\":\"https:\/\/schema.org\",\"@graph\":[{\"@type\":\"NewsArticle\",\"@id\":\"https:\/\/www.estrategiaconcursos.com.br\/blog\/esta-desempregado-saiba-as-oportunidades-de-concursos-no-curto-prazo\/#article\",\"isPartOf\":{\"@id\":\"https:\/\/www.estrategiaconcursos.com.br\/blog\/esta-desempregado-saiba-as-oportunidades-de-concursos-no-curto-prazo\/\"},\"author\":{\"name\":\"Leandro Ricardo Machado da Silveira\",\"@id\":\"https:\/\/www.estrategiaconcursos.com.br\/blog\/#\/schema\/person\/c666a44fbce7e2e70009a9c13549267a\"},\"headline\":\"Est\u00e1 desempregado? \u2013 Saiba as oportunidades de concursos no curto prazo\",\"datePublished\":\"2020-06-03T15:01:00+00:00\",\"dateModified\":\"2023-06-27T12:32:37+00:00\",\"mainEntityOfPage\":{\"@id\":\"https:\/\/www.estrategiaconcursos.com.br\/blog\/esta-desempregado-saiba-as-oportunidades-de-concursos-no-curto-prazo\/\"},\"wordCount\":1645,\"commentCount\":0,\"publisher\":{\"@id\":\"https:\/\/www.estrategiaconcursos.com.br\/blog\/#organization\"},\"image\":{\"@id\":\"https:\/\/www.estrategiaconcursos.com.br\/blog\/esta-desempregado-saiba-as-oportunidades-de-concursos-no-curto-prazo\/#primaryimage\"},\"thumbnailUrl\":\"https:\/\/dhg1h5j42swfq.cloudfront.net\/2020\/05\/16090653\/unnamed-1.jpg\",\"keywords\":[\"desemprego\",\"policial\",\"Sa\u00fade\"],\"articleSection\":[\"Concursos P\u00fablicos\"],\"inLanguage\":\"pt-BR\",\"potentialAction\":[{\"@type\":\"CommentAction\",\"name\":\"Comment\",\"target\":[\"https:\/\/www.estrategiaconcursos.com.br\/blog\/esta-desempregado-saiba-as-oportunidades-de-concursos-no-curto-prazo\/#respond\"]}],\"copyrightYear\":\"2020\",\"copyrightHolder\":{\"@id\":\"https:\/\/www.estrategiaconcursos.com.br\/blog\/#organization\"}},{\"@type\":\"WebPage\",\"@id\":\"https:\/\/www.estrategiaconcursos.com.br\/blog\/esta-desempregado-saiba-as-oportunidades-de-concursos-no-curto-prazo\/\",\"url\":\"https:\/\/www.estrategiaconcursos.com.br\/blog\/esta-desempregado-saiba-as-oportunidades-de-concursos-no-curto-prazo\/\",\"name\":\"Est\u00e1 desempregado? \u2013 Veja oportunidades de concursos no curto prazo\",\"isPartOf\":{\"@id\":\"https:\/\/www.estrategiaconcursos.com.br\/blog\/#website\"},\"primaryImageOfPage\":{\"@id\":\"https:\/\/www.estrategiaconcursos.com.br\/blog\/esta-desempregado-saiba-as-oportunidades-de-concursos-no-curto-prazo\/#primaryimage\"},\"image\":{\"@id\":\"https:\/\/www.estrategiaconcursos.com.br\/blog\/esta-desempregado-saiba-as-oportunidades-de-concursos-no-curto-prazo\/#primaryimage\"},\"thumbnailUrl\":\"https:\/\/dhg1h5j42swfq.cloudfront.net\/2020\/05\/16090653\/unnamed-1.jpg\",\"datePublished\":\"2020-06-03T15:01:00+00:00\",\"dateModified\":\"2023-06-27T12:32:37+00:00\",\"description\":\"Est\u00e1 sem renda? Saiba as oportunidades de concurso p\u00fablico, no curto prazo, para as \u00e1reas priorit\u00e1rias no combate \u00e0 COVID-19.\",\"breadcrumb\":{\"@id\":\"https:\/\/www.estrategiaconcursos.com.br\/blog\/esta-desempregado-saiba-as-oportunidades-de-concursos-no-curto-prazo\/#breadcrumb\"},\"inLanguage\":\"pt-BR\",\"potentialAction\":[{\"@type\":\"ReadAction\",\"target\":[\"https:\/\/www.estrategiaconcursos.com.br\/blog\/esta-desempregado-saiba-as-oportunidades-de-concursos-no-curto-prazo\/\"]}]},{\"@type\":\"ImageObject\",\"inLanguage\":\"pt-BR\",\"@id\":\"https:\/\/www.estrategiaconcursos.com.br\/blog\/esta-desempregado-saiba-as-oportunidades-de-concursos-no-curto-prazo\/#primaryimage\",\"url\":\"https:\/\/dhg1h5j42swfq.cloudfront.net\/2020\/05\/16090653\/unnamed-1.jpg\",\"contentUrl\":\"https:\/\/dhg1h5j42swfq.cloudfront.net\/2020\/05\/16090653\/unnamed-1.jpg\",\"width\":512,\"height\":288},{\"@type\":\"BreadcrumbList\",\"@id\":\"https:\/\/www.estrategiaconcursos.com.br\/blog\/esta-desempregado-saiba-as-oportunidades-de-concursos-no-curto-prazo\/#breadcrumb\",\"itemListElement\":[{\"@type\":\"ListItem\",\"position\":1,\"name\":\"In\u00edcio\",\"item\":\"https:\/\/www.estrategiaconcursos.com.br\/blog\/\"},{\"@type\":\"ListItem\",\"position\":2,\"name\":\"Est\u00e1 desempregado? \u2013 Saiba as oportunidades de concursos no curto prazo\"}]},{\"@type\":\"WebSite\",\"@id\":\"https:\/\/www.estrategiaconcursos.com.br\/blog\/#website\",\"url\":\"https:\/\/www.estrategiaconcursos.com.br\/blog\/\",\"name\":\"Estrat\u00e9gia Concursos\",\"description\":\"O blog da Estrat\u00e9gia Concursos traz not\u00edcias sobre concursos e artigos de professores oferecendo cursos para concursos (pdf + videaulas) no site.\",\"publisher\":{\"@id\":\"https:\/\/www.estrategiaconcursos.com.br\/blog\/#organization\"},\"potentialAction\":[{\"@type\":\"SearchAction\",\"target\":{\"@type\":\"EntryPoint\",\"urlTemplate\":\"https:\/\/www.estrategiaconcursos.com.br\/blog\/?s={search_term_string}\"},\"query-input\":{\"@type\":\"PropertyValueSpecification\",\"valueRequired\":true,\"valueName\":\"search_term_string\"}}],\"inLanguage\":\"pt-BR\"},{\"@type\":\"Organization\",\"@id\":\"https:\/\/www.estrategiaconcursos.com.br\/blog\/#organization\",\"name\":\"Estrat\u00e9gia Concursos\",\"url\":\"https:\/\/www.estrategiaconcursos.com.br\/blog\/\",\"logo\":{\"@type\":\"ImageObject\",\"inLanguage\":\"pt-BR\",\"@id\":\"https:\/\/www.estrategiaconcursos.com.br\/blog\/#\/schema\/logo\/image\/\",\"url\":\"https:\/\/dhg1h5j42swfq.cloudfront.net\/2025\/06\/03203428\/logo_concursos-1.jpg\",\"contentUrl\":\"https:\/\/dhg1h5j42swfq.cloudfront.net\/2025\/06\/03203428\/logo_concursos-1.jpg\",\"width\":230,\"height\":60,\"caption\":\"Estrat\u00e9gia Concursos\"},\"image\":{\"@id\":\"https:\/\/www.estrategiaconcursos.com.br\/blog\/#\/schema\/logo\/image\/\"},\"sameAs\":[\"https:\/\/x.com\/EstratConcursos\"]},{\"@type\":\"Person\",\"@id\":\"https:\/\/www.estrategiaconcursos.com.br\/blog\/#\/schema\/person\/c666a44fbce7e2e70009a9c13549267a\",\"name\":\"Leandro Ricardo Machado da Silveira\",\"image\":{\"@type\":\"ImageObject\",\"inLanguage\":\"pt-BR\",\"@id\":\"https:\/\/secure.gravatar.com\/avatar\/6fb25994d16b9649838400aa459b16c1c83f558e0fd6ebebd16da0473908b291?s=96&d=mm&r=g\",\"url\":\"https:\/\/secure.gravatar.com\/avatar\/6fb25994d16b9649838400aa459b16c1c83f558e0fd6ebebd16da0473908b291?s=96&d=mm&r=g\",\"contentUrl\":\"https:\/\/secure.gravatar.com\/avatar\/6fb25994d16b9649838400aa459b16c1c83f558e0fd6ebebd16da0473908b291?s=96&d=mm&r=g\",\"caption\":\"Leandro Ricardo Machado da Silveira\"},\"description\":\"Engenheiro Aeron\u00e1utico, formado pela Universidade Federal de Uberl\u00e2ndia, possui MBA em Administra\u00e7\u00e3o e Finan\u00e7as Corporativas e aprovado nos concursos de Auditor Fiscal SEFAZ-SC e SEFAZ-GO.\",\"url\":\"https:\/\/www.estrategiaconcursos.com.br\/blog\/author\/leandro_vzthotmail-com\/\"}]}<\/script>\n<!-- \/ Yoast SEO Premium plugin. -->","yoast_head_json":{"title":"Est\u00e1 desempregado? \u2013 Veja oportunidades de concursos no curto prazo","description":"Est\u00e1 sem renda? Saiba as oportunidades de concurso p\u00fablico, no curto prazo, para as \u00e1reas priorit\u00e1rias no combate \u00e0 COVID-19.","robots":{"index":"index","follow":"follow","max-snippet":"max-snippet:-1","max-image-preview":"max-image-preview:large","max-video-preview":"max-video-preview:-1"},"canonical":"https:\/\/www.estrategiaconcursos.com.br\/blog\/esta-desempregado-saiba-as-oportunidades-de-concursos-no-curto-prazo\/","og_locale":"pt_BR","og_type":"article","og_title":"Est\u00e1 desempregado? \u2013 Saiba as oportunidades de concursos no curto prazo","og_description":"Est\u00e1 sem renda? Saiba as oportunidades de concurso p\u00fablico, no curto prazo, para as \u00e1reas priorit\u00e1rias no combate \u00e0 COVID-19.","og_url":"https:\/\/www.estrategiaconcursos.com.br\/blog\/esta-desempregado-saiba-as-oportunidades-de-concursos-no-curto-prazo\/","og_site_name":"Estrat\u00e9gia Concursos","article_published_time":"2020-06-03T15:01:00+00:00","article_modified_time":"2023-06-27T12:32:37+00:00","og_image":[{"width":512,"height":288,"url":"https:\/\/dhg1h5j42swfq.cloudfront.net\/2020\/05\/16090653\/unnamed-1.jpg","type":"image\/jpeg"}],"author":"Leandro Ricardo Machado da Silveira","twitter_card":"summary_large_image","twitter_creator":"@EstratConcursos","twitter_site":"@EstratConcursos","twitter_misc":{"Escrito por":"Leandro Ricardo Machado da Silveira","Est. tempo de leitura":"8 minutos"},"schema":{"@context":"https:\/\/schema.org","@graph":[{"@type":"NewsArticle","@id":"https:\/\/www.estrategiaconcursos.com.br\/blog\/esta-desempregado-saiba-as-oportunidades-de-concursos-no-curto-prazo\/#article","isPartOf":{"@id":"https:\/\/www.estrategiaconcursos.com.br\/blog\/esta-desempregado-saiba-as-oportunidades-de-concursos-no-curto-prazo\/"},"author":{"name":"Leandro Ricardo Machado da Silveira","@id":"https:\/\/www.estrategiaconcursos.com.br\/blog\/#\/schema\/person\/c666a44fbce7e2e70009a9c13549267a"},"headline":"Est\u00e1 desempregado? \u2013 Saiba as oportunidades de concursos no curto prazo","datePublished":"2020-06-03T15:01:00+00:00","dateModified":"2023-06-27T12:32:37+00:00","mainEntityOfPage":{"@id":"https:\/\/www.estrategiaconcursos.com.br\/blog\/esta-desempregado-saiba-as-oportunidades-de-concursos-no-curto-prazo\/"},"wordCount":1645,"commentCount":0,"publisher":{"@id":"https:\/\/www.estrategiaconcursos.com.br\/blog\/#organization"},"image":{"@id":"https:\/\/www.estrategiaconcursos.com.br\/blog\/esta-desempregado-saiba-as-oportunidades-de-concursos-no-curto-prazo\/#primaryimage"},"thumbnailUrl":"https:\/\/dhg1h5j42swfq.cloudfront.net\/2020\/05\/16090653\/unnamed-1.jpg","keywords":["desemprego","policial","Sa\u00fade"],"articleSection":["Concursos P\u00fablicos"],"inLanguage":"pt-BR","potentialAction":[{"@type":"CommentAction","name":"Comment","target":["https:\/\/www.estrategiaconcursos.com.br\/blog\/esta-desempregado-saiba-as-oportunidades-de-concursos-no-curto-prazo\/#respond"]}],"copyrightYear":"2020","copyrightHolder":{"@id":"https:\/\/www.estrategiaconcursos.com.br\/blog\/#organization"}},{"@type":"WebPage","@id":"https:\/\/www.estrategiaconcursos.com.br\/blog\/esta-desempregado-saiba-as-oportunidades-de-concursos-no-curto-prazo\/","url":"https:\/\/www.estrategiaconcursos.com.br\/blog\/esta-desempregado-saiba-as-oportunidades-de-concursos-no-curto-prazo\/","name":"Est\u00e1 desempregado? \u2013 Veja oportunidades de concursos no curto prazo","isPartOf":{"@id":"https:\/\/www.estrategiaconcursos.com.br\/blog\/#website"},"primaryImageOfPage":{"@id":"https:\/\/www.estrategiaconcursos.com.br\/blog\/esta-desempregado-saiba-as-oportunidades-de-concursos-no-curto-prazo\/#primaryimage"},"image":{"@id":"https:\/\/www.estrategiaconcursos.com.br\/blog\/esta-desempregado-saiba-as-oportunidades-de-concursos-no-curto-prazo\/#primaryimage"},"thumbnailUrl":"https:\/\/dhg1h5j42swfq.cloudfront.net\/2020\/05\/16090653\/unnamed-1.jpg","datePublished":"2020-06-03T15:01:00+00:00","dateModified":"2023-06-27T12:32:37+00:00","description":"Est\u00e1 sem renda? Saiba as oportunidades de concurso p\u00fablico, no curto prazo, para as \u00e1reas priorit\u00e1rias no combate \u00e0 COVID-19.","breadcrumb":{"@id":"https:\/\/www.estrategiaconcursos.com.br\/blog\/esta-desempregado-saiba-as-oportunidades-de-concursos-no-curto-prazo\/#breadcrumb"},"inLanguage":"pt-BR","potentialAction":[{"@type":"ReadAction","target":["https:\/\/www.estrategiaconcursos.com.br\/blog\/esta-desempregado-saiba-as-oportunidades-de-concursos-no-curto-prazo\/"]}]},{"@type":"ImageObject","inLanguage":"pt-BR","@id":"https:\/\/www.estrategiaconcursos.com.br\/blog\/esta-desempregado-saiba-as-oportunidades-de-concursos-no-curto-prazo\/#primaryimage","url":"https:\/\/dhg1h5j42swfq.cloudfront.net\/2020\/05\/16090653\/unnamed-1.jpg","contentUrl":"https:\/\/dhg1h5j42swfq.cloudfront.net\/2020\/05\/16090653\/unnamed-1.jpg","width":512,"height":288},{"@type":"BreadcrumbList","@id":"https:\/\/www.estrategiaconcursos.com.br\/blog\/esta-desempregado-saiba-as-oportunidades-de-concursos-no-curto-prazo\/#breadcrumb","itemListElement":[{"@type":"ListItem","position":1,"name":"In\u00edcio","item":"https:\/\/www.estrategiaconcursos.com.br\/blog\/"},{"@type":"ListItem","position":2,"name":"Est\u00e1 desempregado? \u2013 Saiba as oportunidades de concursos no curto prazo"}]},{"@type":"WebSite","@id":"https:\/\/www.estrategiaconcursos.com.br\/blog\/#website","url":"https:\/\/www.estrategiaconcursos.com.br\/blog\/","name":"Estrat\u00e9gia Concursos","description":"O blog da Estrat\u00e9gia Concursos traz not\u00edcias sobre concursos e artigos de professores oferecendo cursos para concursos (pdf + videaulas) no site.","publisher":{"@id":"https:\/\/www.estrategiaconcursos.com.br\/blog\/#organization"},"potentialAction":[{"@type":"SearchAction","target":{"@type":"EntryPoint","urlTemplate":"https:\/\/www.estrategiaconcursos.com.br\/blog\/?s={search_term_string}"},"query-input":{"@type":"PropertyValueSpecification","valueRequired":true,"valueName":"search_term_string"}}],"inLanguage":"pt-BR"},{"@type":"Organization","@id":"https:\/\/www.estrategiaconcursos.com.br\/blog\/#organization","name":"Estrat\u00e9gia Concursos","url":"https:\/\/www.estrategiaconcursos.com.br\/blog\/","logo":{"@type":"ImageObject","inLanguage":"pt-BR","@id":"https:\/\/www.estrategiaconcursos.com.br\/blog\/#\/schema\/logo\/image\/","url":"https:\/\/dhg1h5j42swfq.cloudfront.net\/2025\/06\/03203428\/logo_concursos-1.jpg","contentUrl":"https:\/\/dhg1h5j42swfq.cloudfront.net\/2025\/06\/03203428\/logo_concursos-1.jpg","width":230,"height":60,"caption":"Estrat\u00e9gia Concursos"},"image":{"@id":"https:\/\/www.estrategiaconcursos.com.br\/blog\/#\/schema\/logo\/image\/"},"sameAs":["https:\/\/x.com\/EstratConcursos"]},{"@type":"Person","@id":"https:\/\/www.estrategiaconcursos.com.br\/blog\/#\/schema\/person\/c666a44fbce7e2e70009a9c13549267a","name":"Leandro Ricardo Machado da Silveira","image":{"@type":"ImageObject","inLanguage":"pt-BR","@id":"https:\/\/secure.gravatar.com\/avatar\/6fb25994d16b9649838400aa459b16c1c83f558e0fd6ebebd16da0473908b291?s=96&d=mm&r=g","url":"https:\/\/secure.gravatar.com\/avatar\/6fb25994d16b9649838400aa459b16c1c83f558e0fd6ebebd16da0473908b291?s=96&d=mm&r=g","contentUrl":"https:\/\/secure.gravatar.com\/avatar\/6fb25994d16b9649838400aa459b16c1c83f558e0fd6ebebd16da0473908b291?s=96&d=mm&r=g","caption":"Leandro Ricardo Machado da Silveira"},"description":"Engenheiro Aeron\u00e1utico, formado pela Universidade Federal de Uberl\u00e2ndia, possui MBA em Administra\u00e7\u00e3o e Finan\u00e7as Corporativas e aprovado nos concursos de Auditor Fiscal SEFAZ-SC e SEFAZ-GO.","url":"https:\/\/www.estrategiaconcursos.com.br\/blog\/author\/leandro_vzthotmail-com\/"}]}},"_links":{"self":[{"href":"https:\/\/www.estrategiaconcursos.com.br\/blog\/wp-json\/wp\/v2\/posts\/515530","targetHints":{"allow":["GET"]}}],"collection":[{"href":"https:\/\/www.estrategiaconcursos.com.br\/blog\/wp-json\/wp\/v2\/posts"}],"about":[{"href":"https:\/\/www.estrategiaconcursos.com.br\/blog\/wp-json\/wp\/v2\/types\/post"}],"author":[{"embeddable":true,"href":"https:\/\/www.estrategiaconcursos.com.br\/blog\/wp-json\/wp\/v2\/users\/1668"}],"replies":[{"embeddable":true,"href":"https:\/\/www.estrategiaconcursos.com.br\/blog\/wp-json\/wp\/v2\/comments?post=515530"}],"version-history":[{"count":11,"href":"https:\/\/www.estrategiaconcursos.com.br\/blog\/wp-json\/wp\/v2\/posts\/515530\/revisions"}],"predecessor-version":[{"id":1239345,"href":"https:\/\/www.estrategiaconcursos.com.br\/blog\/wp-json\/wp\/v2\/posts\/515530\/revisions\/1239345"}],"wp:featuredmedia":[{"embeddable":true,"href":"https:\/\/www.estrategiaconcursos.com.br\/blog\/wp-json\/wp\/v2\/media\/515536"}],"wp:attachment":[{"href":"https:\/\/www.estrategiaconcursos.com.br\/blog\/wp-json\/wp\/v2\/media?parent=515530"}],"wp:term":[{"taxonomy":"category","embeddable":true,"href":"https:\/\/www.estrategiaconcursos.com.br\/blog\/wp-json\/wp\/v2\/categories?post=515530"},{"taxonomy":"post_tag","embeddable":true,"href":"https:\/\/www.estrategiaconcursos.com.br\/blog\/wp-json\/wp\/v2\/tags?post=515530"},{"taxonomy":"tax_estado","embeddable":true,"href":"https:\/\/www.estrategiaconcursos.com.br\/blog\/wp-json\/wp\/v2\/tax_estado?post=515530"}],"curies":[{"name":"wp","href":"https:\/\/api.w.org\/{rel}","templated":true}]}}