{"id":515277,"date":"2020-05-15T18:00:00","date_gmt":"2020-05-15T21:00:00","guid":{"rendered":"https:\/\/www.estrategiaconcursos.com.br\/blog\/?p=515277"},"modified":"2023-08-17T14:37:29","modified_gmt":"2023-08-17T17:37:29","slug":"plano-de-estudos-prefeitura-de-belem","status":"publish","type":"post","link":"https:\/\/www.estrategiaconcursos.com.br\/blog\/plano-de-estudos-prefeitura-de-belem\/","title":{"rendered":"Plano de Estudos dos concursos da Prefeitura de Bel\u00e9m"},"content":{"rendered":"\n<p>Ap\u00f3s terem seus editais publicados, os concursos p\u00fablicos da <strong>Secretaria Municipal de Administra\u00e7\u00e3o e da Secretaria Municipal de Educa\u00e7\u00e3o de Bel\u00e9m<\/strong> foram suspensos. A medida foi tomada em raz\u00e3o da pandemia do novo Coronav\u00edrus (COVID-19). <\/p>\n\n\n\n<p>No entanto, \u00e9 importante ressaltar que se trata de uma <strong>suspens\u00e3o tempor\u00e1ria<\/strong>. Sendo assim, os certames ser\u00e3o retomados, assim que a situa\u00e7\u00e3o no pa\u00eds for normalizada. <\/p>\n\n\n\n<p>Os interessados nas vagas dos concursos devem olhar essa pausa pelo lado positivo, levando em conta que ter\u00e3o mais tempo para revisar os conte\u00fados e refor\u00e7ar sua prepara\u00e7\u00e3o.  <\/p>\n\n\n\n<p>Para isso, \u00e9 necess\u00e1rio ter foco e disciplina para conseguir absorver e entender todo o conte\u00fado previsto no edital. E para te dar uma for\u00e7a, estaremos ao vivo em mais uma transmiss\u00e3o gratuita! Desta vez, para te ajudar a <strong>elaborar seu Plano de Estudos da Prefeitura de Bel\u00e9m<\/strong>.<\/p>\n\n\n\n<p>Nosso webin\u00e1rio \u00e9 nesta <strong>sexta-feira, 15 de maio, a partir das 19h<\/strong>, em nosso canal do Youtube. N\u00e3o perca!<\/p>\n\n\n\n<p class=\"has-text-align-center has-very-light-gray-background-color has-background has-medium-font-size\"><strong><a rel=\"noreferrer noopener\" href=\"https:\/\/www.estrategiaconcursos.com.br\/blog\/concurso-semad-belem\/\" target=\"_blank\">Concurso SEMAD Bel\u00e9m<\/a><\/strong> | <strong><a rel=\"noreferrer noopener\" href=\"https:\/\/www.estrategiaconcursos.com.br\/blog\/concurso-semec-belem\/\" target=\"_blank\">Concurso SEMEC Bel\u00e9m<\/a><\/strong><\/p>\n\n\n\n<hr class=\"wp-block-separator has-css-opacity\"\/>\n\n\n\n<p class=\"has-text-align-center\" style=\"font-size:clamp(16.293px, 1.018rem + ((1vw - 3.2px) * 0.854), 25px);px\"><strong><a rel=\"noreferrer noopener\" href=\"https:\/\/www.estrategiaconcursos.com.br\/sistema-de-questoes#\/\" target=\"_blank\">O l\u00edder em aprova\u00e7\u00f5es vai lan\u00e7ar o maior sistema de quest\u00f5es!<\/a><\/strong><\/p>\n\n\n\n<p>Estrat\u00e9gia Quest\u00f5es vai nascer maior do que todos os concorrentes, com mais quest\u00f5es cadastradas e mais solu\u00e7\u00f5es por professores. Acompanhe AO VIVO o lan\u00e7amento do maior sistema de quest\u00f5es do Brasil e aproveite os descontos e b\u00f4nus imperd\u00edveis!<\/p>\n\n\n\n<figure class=\"wp-block-image\"><a href=\"https:\/\/www.youtube.com\/watch?v=uPUGbXOPGqk\" target=\"_blank\" rel=\"noreferrer noopener\"><img loading=\"lazy\" decoding=\"async\" width=\"1024\" height=\"234\" src=\"https:\/\/dhg1h5j42swfq.cloudfront.net\/2020\/05\/07084827\/WhatsApp-Image-2020-05-07-at-08.43.59-1024x234.jpeg\" alt=\"\" class=\"wp-image-511530\" srcset=\"https:\/\/dhg1h5j42swfq.cloudfront.net\/2020\/05\/07084827\/WhatsApp-Image-2020-05-07-at-08.43.59-1024x234.jpeg 1024w, https:\/\/dhg1h5j42swfq.cloudfront.net\/2020\/05\/07084827\/WhatsApp-Image-2020-05-07-at-08.43.59-300x69.jpeg 300w, https:\/\/dhg1h5j42swfq.cloudfront.net\/2020\/05\/07084827\/WhatsApp-Image-2020-05-07-at-08.43.59-768x176.jpeg 768w, https:\/\/dhg1h5j42swfq.cloudfront.net\/2020\/05\/07084827\/WhatsApp-Image-2020-05-07-at-08.43.59-610x140.jpeg 610w, https:\/\/dhg1h5j42swfq.cloudfront.net\/2020\/05\/07084827\/WhatsApp-Image-2020-05-07-at-08.43.59.jpeg 1280w\" sizes=\"auto, (max-width: 1024px) 100vw, 1024px\" \/><\/a><\/figure>\n\n\n\n<p class=\"has-text-align-center has-medium-font-size\"><em><strong>Assinatura Anual Ilimitada*<\/strong><\/em><\/p>\n\n\n\n<p class=\"has-text-align-center\"><em>Prepare-se com o melhor material e com quem mais aprova em Concursos P\u00fablicos em todo o pa\u00eds. Assine agora a nossa Assinatura Anual e tenha acesso ilimitado* a todos os nossos cursos.<\/em><\/p>\n\n\n\n<p class=\"has-text-align-center has-luminous-vivid-amber-background-color has-background\" style=\"font-size:clamp(14.642px, 0.915rem + ((1vw - 3.2px) * 0.721), 22px);px\"><strong>ASSINE AGORA<\/strong>&nbsp;\u2013&nbsp;<strong><a rel=\"noreferrer noopener\" href=\"https:\/\/www.estrategiaconcursos.com.br\/assinaturas\" target=\"_blank\">Assinatura Ilimitada<\/a><\/strong><\/p>\n\n\n\n<p class=\"has-text-align-center\"><strong><em>Fique por dentro de todos os concursos<\/em><\/strong><\/p>\n\n\n\n<p class=\"has-text-align-center has-pale-cyan-blue-background-color has-background\" style=\"font-size:clamp(14.642px, 0.915rem + ((1vw - 3.2px) * 0.721), 22px);px\"><a href=\"https:\/\/www.estrategiaconcursos.com.br\/blog\/concursos-abertos\/\" target=\"_blank\" rel=\"noreferrer noopener\"><strong>CONCURSOS ABERTOS<\/strong><\/a><\/p>\n","protected":false},"excerpt":{"rendered":"<p>Ap\u00f3s terem seus editais publicados, os concursos p\u00fablicos da Secretaria Municipal de Administra\u00e7\u00e3o e da Secretaria Municipal de Educa\u00e7\u00e3o de Bel\u00e9m foram suspensos. A medida foi tomada em raz\u00e3o da pandemia do novo Coronav\u00edrus (COVID-19). No entanto, \u00e9 importante ressaltar que se trata de uma suspens\u00e3o tempor\u00e1ria. Sendo assim, os certames ser\u00e3o retomados, assim que [&hellip;]<\/p>\n","protected":false},"author":873,"featured_media":515281,"comment_status":"open","ping_status":"closed","sticky":false,"template":"","format":"standard","meta":{"post_tipo":"article","footnotes":""},"categories":[1],"tags":[],"tax_estado":[],"class_list":["post-515277","post","type-post","status-publish","format-standard","has-post-thumbnail","hentry","category-cursos-e-concursos"],"acf":[],"yoast_head":"<!-- This site is optimized with the Yoast SEO Premium plugin v27.2 (Yoast SEO v27.2) - https:\/\/yoast.com\/product\/yoast-seo-premium-wordpress\/ -->\n<title>Plano de Estudos dos concursos da Prefeitura de Bel\u00e9m<\/title>\n<meta name=\"robots\" content=\"index, follow, max-snippet:-1, max-image-preview:large, max-video-preview:-1\" \/>\n<link rel=\"canonical\" href=\"https:\/\/www.estrategiaconcursos.com.br\/blog\/plano-de-estudos-prefeitura-de-belem\/\" \/>\n<meta property=\"og:locale\" content=\"pt_BR\" \/>\n<meta property=\"og:type\" content=\"article\" \/>\n<meta property=\"og:title\" content=\"Plano de Estudos dos concursos da Prefeitura de Bel\u00e9m\" \/>\n<meta property=\"og:description\" content=\"Ap\u00f3s terem seus editais publicados, os concursos p\u00fablicos da Secretaria Municipal de Administra\u00e7\u00e3o e da Secretaria Municipal de Educa\u00e7\u00e3o de Bel\u00e9m foram suspensos. A medida foi tomada em raz\u00e3o da pandemia do novo Coronav\u00edrus (COVID-19). No entanto, \u00e9 importante ressaltar que se trata de uma suspens\u00e3o tempor\u00e1ria. Sendo assim, os certames ser\u00e3o retomados, assim que [&hellip;]\" \/>\n<meta property=\"og:url\" content=\"https:\/\/www.estrategiaconcursos.com.br\/blog\/plano-de-estudos-prefeitura-de-belem\/\" \/>\n<meta property=\"og:site_name\" content=\"Estrat\u00e9gia Concursos\" \/>\n<meta property=\"article:published_time\" content=\"2020-05-15T21:00:00+00:00\" \/>\n<meta property=\"article:modified_time\" content=\"2023-08-17T17:37:29+00:00\" \/>\n<meta property=\"og:image\" content=\"https:\/\/dhg1h5j42swfq.cloudfront.net\/2020\/05\/15154516\/YTB_PROFESSOR.jpg\" \/>\n\t<meta property=\"og:image:width\" content=\"1280\" \/>\n\t<meta property=\"og:image:height\" content=\"720\" \/>\n\t<meta property=\"og:image:type\" content=\"image\/jpeg\" \/>\n<meta name=\"author\" content=\"Renato Alonso\" \/>\n<meta name=\"twitter:card\" content=\"summary_large_image\" \/>\n<meta name=\"twitter:creator\" content=\"@EstratConcursos\" \/>\n<meta name=\"twitter:site\" content=\"@EstratConcursos\" \/>\n<meta name=\"twitter:label1\" content=\"Escrito por\" \/>\n\t<meta name=\"twitter:data1\" content=\"Renato Alonso\" \/>\n\t<meta name=\"twitter:label2\" content=\"Est. tempo de leitura\" \/>\n\t<meta name=\"twitter:data2\" content=\"1 minuto\" \/>\n<script type=\"application\/ld+json\" class=\"yoast-schema-graph\">{\"@context\":\"https:\/\/schema.org\",\"@graph\":[{\"@type\":\"NewsArticle\",\"@id\":\"https:\/\/www.estrategiaconcursos.com.br\/blog\/plano-de-estudos-prefeitura-de-belem\/#article\",\"isPartOf\":{\"@id\":\"https:\/\/www.estrategiaconcursos.com.br\/blog\/plano-de-estudos-prefeitura-de-belem\/\"},\"author\":{\"name\":\"Renato Alonso\",\"@id\":\"https:\/\/www.estrategiaconcursos.com.br\/blog\/#\/schema\/person\/6c30fc5077c07b77abad97e518519a91\"},\"headline\":\"Plano de Estudos dos concursos da Prefeitura de Bel\u00e9m\",\"datePublished\":\"2020-05-15T21:00:00+00:00\",\"dateModified\":\"2023-08-17T17:37:29+00:00\",\"mainEntityOfPage\":{\"@id\":\"https:\/\/www.estrategiaconcursos.com.br\/blog\/plano-de-estudos-prefeitura-de-belem\/\"},\"wordCount\":306,\"commentCount\":0,\"publisher\":{\"@id\":\"https:\/\/www.estrategiaconcursos.com.br\/blog\/#organization\"},\"image\":{\"@id\":\"https:\/\/www.estrategiaconcursos.com.br\/blog\/plano-de-estudos-prefeitura-de-belem\/#primaryimage\"},\"thumbnailUrl\":\"https:\/\/dhg1h5j42swfq.cloudfront.net\/2020\/05\/15154516\/YTB_PROFESSOR.jpg\",\"articleSection\":[\"Concursos P\u00fablicos\"],\"inLanguage\":\"pt-BR\",\"potentialAction\":[{\"@type\":\"CommentAction\",\"name\":\"Comment\",\"target\":[\"https:\/\/www.estrategiaconcursos.com.br\/blog\/plano-de-estudos-prefeitura-de-belem\/#respond\"]}],\"copyrightYear\":\"2020\",\"copyrightHolder\":{\"@id\":\"https:\/\/www.estrategiaconcursos.com.br\/blog\/#organization\"}},{\"@type\":\"WebPage\",\"@id\":\"https:\/\/www.estrategiaconcursos.com.br\/blog\/plano-de-estudos-prefeitura-de-belem\/\",\"url\":\"https:\/\/www.estrategiaconcursos.com.br\/blog\/plano-de-estudos-prefeitura-de-belem\/\",\"name\":\"Plano de Estudos dos concursos da Prefeitura de Bel\u00e9m\",\"isPartOf\":{\"@id\":\"https:\/\/www.estrategiaconcursos.com.br\/blog\/#website\"},\"primaryImageOfPage\":{\"@id\":\"https:\/\/www.estrategiaconcursos.com.br\/blog\/plano-de-estudos-prefeitura-de-belem\/#primaryimage\"},\"image\":{\"@id\":\"https:\/\/www.estrategiaconcursos.com.br\/blog\/plano-de-estudos-prefeitura-de-belem\/#primaryimage\"},\"thumbnailUrl\":\"https:\/\/dhg1h5j42swfq.cloudfront.net\/2020\/05\/15154516\/YTB_PROFESSOR.jpg\",\"datePublished\":\"2020-05-15T21:00:00+00:00\",\"dateModified\":\"2023-08-17T17:37:29+00:00\",\"breadcrumb\":{\"@id\":\"https:\/\/www.estrategiaconcursos.com.br\/blog\/plano-de-estudos-prefeitura-de-belem\/#breadcrumb\"},\"inLanguage\":\"pt-BR\",\"potentialAction\":[{\"@type\":\"ReadAction\",\"target\":[\"https:\/\/www.estrategiaconcursos.com.br\/blog\/plano-de-estudos-prefeitura-de-belem\/\"]}]},{\"@type\":\"ImageObject\",\"inLanguage\":\"pt-BR\",\"@id\":\"https:\/\/www.estrategiaconcursos.com.br\/blog\/plano-de-estudos-prefeitura-de-belem\/#primaryimage\",\"url\":\"https:\/\/dhg1h5j42swfq.cloudfront.net\/2020\/05\/15154516\/YTB_PROFESSOR.jpg\",\"contentUrl\":\"https:\/\/dhg1h5j42swfq.cloudfront.net\/2020\/05\/15154516\/YTB_PROFESSOR.jpg\",\"width\":1280,\"height\":720},{\"@type\":\"BreadcrumbList\",\"@id\":\"https:\/\/www.estrategiaconcursos.com.br\/blog\/plano-de-estudos-prefeitura-de-belem\/#breadcrumb\",\"itemListElement\":[{\"@type\":\"ListItem\",\"position\":1,\"name\":\"In\u00edcio\",\"item\":\"https:\/\/www.estrategiaconcursos.com.br\/blog\/\"},{\"@type\":\"ListItem\",\"position\":2,\"name\":\"Plano de Estudos dos concursos da Prefeitura de Bel\u00e9m\"}]},{\"@type\":\"WebSite\",\"@id\":\"https:\/\/www.estrategiaconcursos.com.br\/blog\/#website\",\"url\":\"https:\/\/www.estrategiaconcursos.com.br\/blog\/\",\"name\":\"Estrat\u00e9gia Concursos\",\"description\":\"O blog da Estrat\u00e9gia Concursos traz not\u00edcias sobre concursos e artigos de professores oferecendo cursos para concursos (pdf + videaulas) no site.\",\"publisher\":{\"@id\":\"https:\/\/www.estrategiaconcursos.com.br\/blog\/#organization\"},\"potentialAction\":[{\"@type\":\"SearchAction\",\"target\":{\"@type\":\"EntryPoint\",\"urlTemplate\":\"https:\/\/www.estrategiaconcursos.com.br\/blog\/?s={search_term_string}\"},\"query-input\":{\"@type\":\"PropertyValueSpecification\",\"valueRequired\":true,\"valueName\":\"search_term_string\"}}],\"inLanguage\":\"pt-BR\"},{\"@type\":\"Organization\",\"@id\":\"https:\/\/www.estrategiaconcursos.com.br\/blog\/#organization\",\"name\":\"Estrat\u00e9gia Concursos\",\"url\":\"https:\/\/www.estrategiaconcursos.com.br\/blog\/\",\"logo\":{\"@type\":\"ImageObject\",\"inLanguage\":\"pt-BR\",\"@id\":\"https:\/\/www.estrategiaconcursos.com.br\/blog\/#\/schema\/logo\/image\/\",\"url\":\"https:\/\/dhg1h5j42swfq.cloudfront.net\/2025\/06\/03203428\/logo_concursos-1.jpg\",\"contentUrl\":\"https:\/\/dhg1h5j42swfq.cloudfront.net\/2025\/06\/03203428\/logo_concursos-1.jpg\",\"width\":230,\"height\":60,\"caption\":\"Estrat\u00e9gia Concursos\"},\"image\":{\"@id\":\"https:\/\/www.estrategiaconcursos.com.br\/blog\/#\/schema\/logo\/image\/\"},\"sameAs\":[\"https:\/\/x.com\/EstratConcursos\"]},{\"@type\":\"Person\",\"@id\":\"https:\/\/www.estrategiaconcursos.com.br\/blog\/#\/schema\/person\/6c30fc5077c07b77abad97e518519a91\",\"name\":\"Renato Alonso\",\"image\":{\"@type\":\"ImageObject\",\"inLanguage\":\"pt-BR\",\"@id\":\"https:\/\/secure.gravatar.com\/avatar\/b7d3996055df04276647c0749e550841e4c9435398591318e5c5805376ea3251?s=96&d=mm&r=g\",\"url\":\"https:\/\/secure.gravatar.com\/avatar\/b7d3996055df04276647c0749e550841e4c9435398591318e5c5805376ea3251?s=96&d=mm&r=g\",\"contentUrl\":\"https:\/\/secure.gravatar.com\/avatar\/b7d3996055df04276647c0749e550841e4c9435398591318e5c5805376ea3251?s=96&d=mm&r=g\",\"caption\":\"Renato Alonso\"},\"url\":\"https:\/\/www.estrategiaconcursos.com.br\/blog\/author\/renato-mendesestrategiaconcursos-com-br\/\"}]}<\/script>\n<!-- \/ Yoast SEO Premium plugin. -->","yoast_head_json":{"title":"Plano de Estudos dos concursos da Prefeitura de Bel\u00e9m","robots":{"index":"index","follow":"follow","max-snippet":"max-snippet:-1","max-image-preview":"max-image-preview:large","max-video-preview":"max-video-preview:-1"},"canonical":"https:\/\/www.estrategiaconcursos.com.br\/blog\/plano-de-estudos-prefeitura-de-belem\/","og_locale":"pt_BR","og_type":"article","og_title":"Plano de Estudos dos concursos da Prefeitura de Bel\u00e9m","og_description":"Ap\u00f3s terem seus editais publicados, os concursos p\u00fablicos da Secretaria Municipal de Administra\u00e7\u00e3o e da Secretaria Municipal de Educa\u00e7\u00e3o de Bel\u00e9m foram suspensos. A medida foi tomada em raz\u00e3o da pandemia do novo Coronav\u00edrus (COVID-19). No entanto, \u00e9 importante ressaltar que se trata de uma suspens\u00e3o tempor\u00e1ria. Sendo assim, os certames ser\u00e3o retomados, assim que [&hellip;]","og_url":"https:\/\/www.estrategiaconcursos.com.br\/blog\/plano-de-estudos-prefeitura-de-belem\/","og_site_name":"Estrat\u00e9gia Concursos","article_published_time":"2020-05-15T21:00:00+00:00","article_modified_time":"2023-08-17T17:37:29+00:00","og_image":[{"width":1280,"height":720,"url":"https:\/\/dhg1h5j42swfq.cloudfront.net\/2020\/05\/15154516\/YTB_PROFESSOR.jpg","type":"image\/jpeg"}],"author":"Renato Alonso","twitter_card":"summary_large_image","twitter_creator":"@EstratConcursos","twitter_site":"@EstratConcursos","twitter_misc":{"Escrito por":"Renato Alonso","Est. tempo de leitura":"1 minuto"},"schema":{"@context":"https:\/\/schema.org","@graph":[{"@type":"NewsArticle","@id":"https:\/\/www.estrategiaconcursos.com.br\/blog\/plano-de-estudos-prefeitura-de-belem\/#article","isPartOf":{"@id":"https:\/\/www.estrategiaconcursos.com.br\/blog\/plano-de-estudos-prefeitura-de-belem\/"},"author":{"name":"Renato Alonso","@id":"https:\/\/www.estrategiaconcursos.com.br\/blog\/#\/schema\/person\/6c30fc5077c07b77abad97e518519a91"},"headline":"Plano de Estudos dos concursos da Prefeitura de Bel\u00e9m","datePublished":"2020-05-15T21:00:00+00:00","dateModified":"2023-08-17T17:37:29+00:00","mainEntityOfPage":{"@id":"https:\/\/www.estrategiaconcursos.com.br\/blog\/plano-de-estudos-prefeitura-de-belem\/"},"wordCount":306,"commentCount":0,"publisher":{"@id":"https:\/\/www.estrategiaconcursos.com.br\/blog\/#organization"},"image":{"@id":"https:\/\/www.estrategiaconcursos.com.br\/blog\/plano-de-estudos-prefeitura-de-belem\/#primaryimage"},"thumbnailUrl":"https:\/\/dhg1h5j42swfq.cloudfront.net\/2020\/05\/15154516\/YTB_PROFESSOR.jpg","articleSection":["Concursos P\u00fablicos"],"inLanguage":"pt-BR","potentialAction":[{"@type":"CommentAction","name":"Comment","target":["https:\/\/www.estrategiaconcursos.com.br\/blog\/plano-de-estudos-prefeitura-de-belem\/#respond"]}],"copyrightYear":"2020","copyrightHolder":{"@id":"https:\/\/www.estrategiaconcursos.com.br\/blog\/#organization"}},{"@type":"WebPage","@id":"https:\/\/www.estrategiaconcursos.com.br\/blog\/plano-de-estudos-prefeitura-de-belem\/","url":"https:\/\/www.estrategiaconcursos.com.br\/blog\/plano-de-estudos-prefeitura-de-belem\/","name":"Plano de Estudos dos concursos da Prefeitura de Bel\u00e9m","isPartOf":{"@id":"https:\/\/www.estrategiaconcursos.com.br\/blog\/#website"},"primaryImageOfPage":{"@id":"https:\/\/www.estrategiaconcursos.com.br\/blog\/plano-de-estudos-prefeitura-de-belem\/#primaryimage"},"image":{"@id":"https:\/\/www.estrategiaconcursos.com.br\/blog\/plano-de-estudos-prefeitura-de-belem\/#primaryimage"},"thumbnailUrl":"https:\/\/dhg1h5j42swfq.cloudfront.net\/2020\/05\/15154516\/YTB_PROFESSOR.jpg","datePublished":"2020-05-15T21:00:00+00:00","dateModified":"2023-08-17T17:37:29+00:00","breadcrumb":{"@id":"https:\/\/www.estrategiaconcursos.com.br\/blog\/plano-de-estudos-prefeitura-de-belem\/#breadcrumb"},"inLanguage":"pt-BR","potentialAction":[{"@type":"ReadAction","target":["https:\/\/www.estrategiaconcursos.com.br\/blog\/plano-de-estudos-prefeitura-de-belem\/"]}]},{"@type":"ImageObject","inLanguage":"pt-BR","@id":"https:\/\/www.estrategiaconcursos.com.br\/blog\/plano-de-estudos-prefeitura-de-belem\/#primaryimage","url":"https:\/\/dhg1h5j42swfq.cloudfront.net\/2020\/05\/15154516\/YTB_PROFESSOR.jpg","contentUrl":"https:\/\/dhg1h5j42swfq.cloudfront.net\/2020\/05\/15154516\/YTB_PROFESSOR.jpg","width":1280,"height":720},{"@type":"BreadcrumbList","@id":"https:\/\/www.estrategiaconcursos.com.br\/blog\/plano-de-estudos-prefeitura-de-belem\/#breadcrumb","itemListElement":[{"@type":"ListItem","position":1,"name":"In\u00edcio","item":"https:\/\/www.estrategiaconcursos.com.br\/blog\/"},{"@type":"ListItem","position":2,"name":"Plano de Estudos dos concursos da Prefeitura de Bel\u00e9m"}]},{"@type":"WebSite","@id":"https:\/\/www.estrategiaconcursos.com.br\/blog\/#website","url":"https:\/\/www.estrategiaconcursos.com.br\/blog\/","name":"Estrat\u00e9gia Concursos","description":"O blog da Estrat\u00e9gia Concursos traz not\u00edcias sobre concursos e artigos de professores oferecendo cursos para concursos (pdf + videaulas) no site.","publisher":{"@id":"https:\/\/www.estrategiaconcursos.com.br\/blog\/#organization"},"potentialAction":[{"@type":"SearchAction","target":{"@type":"EntryPoint","urlTemplate":"https:\/\/www.estrategiaconcursos.com.br\/blog\/?s={search_term_string}"},"query-input":{"@type":"PropertyValueSpecification","valueRequired":true,"valueName":"search_term_string"}}],"inLanguage":"pt-BR"},{"@type":"Organization","@id":"https:\/\/www.estrategiaconcursos.com.br\/blog\/#organization","name":"Estrat\u00e9gia Concursos","url":"https:\/\/www.estrategiaconcursos.com.br\/blog\/","logo":{"@type":"ImageObject","inLanguage":"pt-BR","@id":"https:\/\/www.estrategiaconcursos.com.br\/blog\/#\/schema\/logo\/image\/","url":"https:\/\/dhg1h5j42swfq.cloudfront.net\/2025\/06\/03203428\/logo_concursos-1.jpg","contentUrl":"https:\/\/dhg1h5j42swfq.cloudfront.net\/2025\/06\/03203428\/logo_concursos-1.jpg","width":230,"height":60,"caption":"Estrat\u00e9gia Concursos"},"image":{"@id":"https:\/\/www.estrategiaconcursos.com.br\/blog\/#\/schema\/logo\/image\/"},"sameAs":["https:\/\/x.com\/EstratConcursos"]},{"@type":"Person","@id":"https:\/\/www.estrategiaconcursos.com.br\/blog\/#\/schema\/person\/6c30fc5077c07b77abad97e518519a91","name":"Renato Alonso","image":{"@type":"ImageObject","inLanguage":"pt-BR","@id":"https:\/\/secure.gravatar.com\/avatar\/b7d3996055df04276647c0749e550841e4c9435398591318e5c5805376ea3251?s=96&d=mm&r=g","url":"https:\/\/secure.gravatar.com\/avatar\/b7d3996055df04276647c0749e550841e4c9435398591318e5c5805376ea3251?s=96&d=mm&r=g","contentUrl":"https:\/\/secure.gravatar.com\/avatar\/b7d3996055df04276647c0749e550841e4c9435398591318e5c5805376ea3251?s=96&d=mm&r=g","caption":"Renato Alonso"},"url":"https:\/\/www.estrategiaconcursos.com.br\/blog\/author\/renato-mendesestrategiaconcursos-com-br\/"}]}},"_links":{"self":[{"href":"https:\/\/www.estrategiaconcursos.com.br\/blog\/wp-json\/wp\/v2\/posts\/515277","targetHints":{"allow":["GET"]}}],"collection":[{"href":"https:\/\/www.estrategiaconcursos.com.br\/blog\/wp-json\/wp\/v2\/posts"}],"about":[{"href":"https:\/\/www.estrategiaconcursos.com.br\/blog\/wp-json\/wp\/v2\/types\/post"}],"author":[{"embeddable":true,"href":"https:\/\/www.estrategiaconcursos.com.br\/blog\/wp-json\/wp\/v2\/users\/873"}],"replies":[{"embeddable":true,"href":"https:\/\/www.estrategiaconcursos.com.br\/blog\/wp-json\/wp\/v2\/comments?post=515277"}],"version-history":[{"count":3,"href":"https:\/\/www.estrategiaconcursos.com.br\/blog\/wp-json\/wp\/v2\/posts\/515277\/revisions"}],"predecessor-version":[{"id":1265907,"href":"https:\/\/www.estrategiaconcursos.com.br\/blog\/wp-json\/wp\/v2\/posts\/515277\/revisions\/1265907"}],"wp:featuredmedia":[{"embeddable":true,"href":"https:\/\/www.estrategiaconcursos.com.br\/blog\/wp-json\/wp\/v2\/media\/515281"}],"wp:attachment":[{"href":"https:\/\/www.estrategiaconcursos.com.br\/blog\/wp-json\/wp\/v2\/media?parent=515277"}],"wp:term":[{"taxonomy":"category","embeddable":true,"href":"https:\/\/www.estrategiaconcursos.com.br\/blog\/wp-json\/wp\/v2\/categories?post=515277"},{"taxonomy":"post_tag","embeddable":true,"href":"https:\/\/www.estrategiaconcursos.com.br\/blog\/wp-json\/wp\/v2\/tags?post=515277"},{"taxonomy":"tax_estado","embeddable":true,"href":"https:\/\/www.estrategiaconcursos.com.br\/blog\/wp-json\/wp\/v2\/tax_estado?post=515277"}],"curies":[{"name":"wp","href":"https:\/\/api.w.org\/{rel}","templated":true}]}}