{"id":515270,"date":"2022-02-02T00:00:00","date_gmt":"2022-02-02T03:00:00","guid":{"rendered":"https:\/\/www.estrategiaconcursos.com.br\/blog\/?p=515270"},"modified":"2022-02-03T08:12:58","modified_gmt":"2022-02-03T11:12:58","slug":"edital-dpdf-2020","status":"publish","type":"post","link":"https:\/\/www.estrategiaconcursos.com.br\/blog\/edital-dpdf-2020\/","title":{"rendered":"Edital DPDF: confira aqui a convoca\u00e7\u00e3o para as provas!"},"content":{"rendered":"\n<p>A Defensoria do DF <a href=\"https:\/\/dhg1h5j42swfq.cloudfront.net\/2022\/02\/03080944\/dodf-024-03-02-2022-integra-62-63-1.pdf\" target=\"_blank\" rel=\"noreferrer noopener\">convocou<\/a> os candidatos para as<strong> etapas de provas que est\u00e3o previstas para o dia 13\/02\/2022<\/strong>. Os locais de provas j\u00e1 est\u00e3o dispon\u00edveis no site oficial do Cebraspe. <\/p>\n\n\n\n<ul class=\"has-pale-cyan-blue-background-color has-background wp-block-list\"><li><strong>Defensoria P\u00fablica do Distrito Federal<\/strong> &#8211;<strong> Analista de Apoio Assist\u00eancia Judici\u00e1ria <\/strong><\/li><li><strong>Status<\/strong>: Provas remarcadas &#8211; 13 de fevereiro de 2022 <\/li><li><strong>Vagas:<\/strong> 60 + CR<\/li><li><strong>Sal\u00e1rio inicial:<\/strong> R$ 5.241,22<\/li><li><a href=\"https:\/\/dhg1h5j42swfq.cloudfront.net\/2020\/07\/21160335\/ED_1_2020_DPDF_ANALISTA_ABERTURA.pdf\" target=\"_blank\" rel=\"noreferrer noopener nofollow\">Edital DPDF 2020<\/a> <\/li><\/ul>\n\n\n\n<p>O <strong>concurso DPDF<\/strong> oferta&nbsp;<strong>60 vagas&nbsp;imediatas mais cadastro de reserva para o cargo de&nbsp;Analista de Apoio \u00e0 Assist\u00eancia Judici\u00e1ria<\/strong>, com remunera\u00e7\u00e3o inicial de R$ 5.241,22. O cargo exige n\u00edvel Superior em \u00e1reas espec\u00edficas.<\/p>\n\n\n\n<div class=\"container\" id=\"boxes\">\n  <div class=\"row\">\n\n    <div class=\"col-sm\">\n      <div class=\"banner-tribunal\" id=\"box-assinatura\">\n        <h3 class=\"titulo-assinatura\">Cursos para DPDF<\/h3>\n        <p class=\"subtitulo-assinatura\">Conhe\u00e7a os cursos<\/p>\n        <div class=\"box-botao\">\n          <a class=\"btn-assinatura\" target=\"_blank\" href=\"https:\/\/www.estrategiaconcursos.com.br\/cursosPorConcurso\/dpdf-defensoria-publica-do-distrito-federal-diversos-cargos\/\" role=\"button\" rel=\"noopener noreferrer\">Conhe\u00e7a mais<\/a>\n        <\/div>\n      <\/div>\n      <p class=\"texto-auxiliar\">Prepare-se com o melhor material e com quem mais aprova em Concursos P\u00fablicos em todo o pa\u00eds.<\/p>\n    <\/div>\n\n  <\/div>\n<\/div>\n\n\n\n<h2 class=\"wp-block-heading\" id=\"edital-dpdf\">Concurso DPDF: situa\u00e7\u00e3o atual <\/h2>\n\n\n\n<p>O edital do <strong>concurso DPDF<\/strong> traz 60 oportunidades distribu\u00eddas entre 12 \u00e1reas de forma\u00e7\u00e3o de n\u00edvel superior.<\/p>\n\n\n\n<h4 class=\"wp-block-heading\" id=\"datas-dpdf\">Principais Datas <\/h4>\n\n\n\n<p class=\"has-background\" style=\"background-color:#eaeaea\"><strong>Inscri\u00e7\u00f5es:<\/strong><s><strong> <\/strong>15\/09 a 5\/10<\/s><br \/><strong>Pagamento:<\/strong> at\u00e9 7\/10<strong><br \/>Valor: <\/strong>R$101,87<strong><br \/>Isen\u00e7\u00e3o: <\/strong><s>11 a 20\/08\/2020<\/s><strong><br \/>Data da Prova Objetiva<\/strong> <strong>e Discursiva<\/strong>: <strong> <\/strong>13\/02\/2022<\/p>\n\n\n\n<h4 class=\"wp-block-heading\" id=\"cargos-vagos\">Cargos vagos de Analista <\/h4>\n\n\n\n<p>De acordo com os dados disponibilizados no Portal da Transpar\u00eancia da DPDF (concurso DPDF), e atualizados at\u00e9 junho de 2020, h\u00e1 muitas <strong>228 vac\u00e2ncias do cargo dentro do \u00f3rg\u00e3o<\/strong>. Veja abaixo:<\/p>\n\n\n\n<figure class=\"wp-block-table is-style-stripes\"><table class=\"has-background has-fixed-layout\" style=\"background-color:#fcf0ef\"><tbody><tr><td class=\"has-text-align-center\" data-align=\"center\"><strong>Cargos Ocupados<\/strong><\/td><td class=\"has-text-align-center\" data-align=\"center\"><strong>Cargos Vagos<\/strong><\/td><td class=\"has-text-align-center\" data-align=\"center\"><strong>Total de cargos <\/strong><\/td><\/tr><tr><td class=\"has-text-align-center\" data-align=\"center\">73<\/td><td class=\"has-text-align-center\" data-align=\"center\">228<\/td><td class=\"has-text-align-center\" data-align=\"center\">301<\/td><\/tr><\/tbody><\/table><figcaption>Cargos vagos e ocupados na Defensoria P\u00fablica do D.<\/figcaption><\/figure>\n\n\n\n<h2 class=\"wp-block-heading\" id=\"carreira\">Concurso DPDF: carreira<\/h2>\n\n\n\n<h4 class=\"wp-block-heading\" id=\"REQUISITOS\">Vagas e Requisitos do cargo de Analista <\/h4>\n\n\n\n<p>Para concorrer ao cargo de Analista de Apoio \u00e0 Assist\u00eancia Judici\u00e1rio, no concurso DPDF, o candidato dever\u00e1 portar diploma, devidamente registrado, de conclus\u00e3o de curso de gradua\u00e7\u00e3o de n\u00edvel superior em uma das 12 \u00e1reas espec\u00edficas ofertadas:<\/p>\n\n\n\n<figure class=\"wp-block-table is-style-stripes\"><table class=\"has-background\" style=\"background-color:#e7f5fe\"><tbody><tr><td class=\"has-text-align-center\" data-align=\"center\"><strong>Cargo\/\u00c1rea\/Especialidade<\/strong><\/td><td class=\"has-text-align-center\" data-align=\"center\"><strong>AC<\/strong><\/td><td class=\"has-text-align-center\" data-align=\"center\"><strong>PcD<\/strong><\/td><td class=\"has-text-align-center\" data-align=\"center\"><strong>Negros<\/strong><\/td><\/tr><tr><td class=\"has-text-align-center\" data-align=\"center\">Cargo 1: Analista de Apoio \u00e0 Assist\u00eancia Judici\u00e1ria \u2013 \u00c1rea: Direito e Legisla\u00e7\u00e3o<\/td><td class=\"has-text-align-center\" data-align=\"center\">18<\/td><td class=\"has-text-align-center\" data-align=\"center\">6<\/td><td class=\"has-text-align-center\" data-align=\"center\">6<\/td><\/tr><tr><td class=\"has-text-align-center\" data-align=\"center\">Cargo 2: Analista de Apoio \u00e0 Assist\u00eancia Judici\u00e1ria \u2013 \u00c1rea: Apoio Especializado \u2013 Especialidade: Administra\u00e7\u00e3o<\/td><td class=\"has-text-align-center\" data-align=\"center\">5<\/td><td class=\"has-text-align-center\" data-align=\"center\">1<\/td><td class=\"has-text-align-center\" data-align=\"center\">2<\/td><\/tr><tr><td class=\"has-text-align-center\" data-align=\"center\">Cargo 3: Analista de Apoio \u00e0 Assist\u00eancia Judici\u00e1ria \u2013 \u00c1rea: Apoio Especializado \u2013 Especialidade: Arquivologia<\/td><td class=\"has-text-align-center\" data-align=\"center\">1<\/td><td class=\"has-text-align-center\" data-align=\"center\">*<\/td><td class=\"has-text-align-center\" data-align=\"center\">*<\/td><\/tr><tr><td class=\"has-text-align-center\" data-align=\"center\">Cargo 4: Analista de Apoio \u00e0 Assist\u00eancia Judici\u00e1ria \u2013 \u00c1rea: Apoio Especializado \u2013 Especialidade: Arquitetura<\/td><td class=\"has-text-align-center\" data-align=\"center\">1<\/td><td class=\"has-text-align-center\" data-align=\"center\">1<\/td><td class=\"has-text-align-center\" data-align=\"center\">*<\/td><\/tr><tr><td class=\"has-text-align-center\" data-align=\"center\">Cargo 5: Analista de Apoio \u00e0 Assist\u00eancia Judici\u00e1ria \u2013 \u00c1rea: Apoio Especializado \u2013 Especialidade: Comunica\u00e7\u00e3o Social \u2013 Jornalismo<\/td><td class=\"has-text-align-center\" data-align=\"center\">1<\/td><td class=\"has-text-align-center\" data-align=\"center\">*<\/td><td class=\"has-text-align-center\" data-align=\"center\">*<\/td><\/tr><tr><td class=\"has-text-align-center\" data-align=\"center\">Cargo 6: Analista de Apoio \u00e0 Assist\u00eancia Judici\u00e1ria \u2013 \u00c1rea: Apoio Especializado \u2013 Especialidade: Contabilidade<\/td><td class=\"has-text-align-center\" data-align=\"center\">3<\/td><td class=\"has-text-align-center\" data-align=\"center\">1<\/td><td class=\"has-text-align-center\" data-align=\"center\">1<\/td><\/tr><tr><td class=\"has-text-align-center\" data-align=\"center\">Cargo 7: Analista de Apoio \u00e0 Assist\u00eancia Judici\u00e1ria \u2013 \u00c1rea: Apoio Especializado \u2013 Especialidade: Economia<\/td><td class=\"has-text-align-center\" data-align=\"center\">1<\/td><td class=\"has-text-align-center\" data-align=\"center\">*<\/td><td class=\"has-text-align-center\" data-align=\"center\">*<\/td><\/tr><tr><td class=\"has-text-align-center\" data-align=\"center\">Cargo 8: Analista de Apoio \u00e0 Assist\u00eancia Judici\u00e1ria \u2013 \u00c1rea: Apoio Especializado \u2013 Especialidade: Engenharia Civil<\/td><td class=\"has-text-align-center\" data-align=\"center\">1<\/td><td class=\"has-text-align-center\" data-align=\"center\">1<\/td><td class=\"has-text-align-center\" data-align=\"center\">*<\/td><\/tr><tr><td class=\"has-text-align-center\" data-align=\"center\">Cargo 9: Analista de Apoio \u00e0 Assist\u00eancia Judici\u00e1ria \u2013 \u00c1rea: Apoio Especializado \u2013 Especialidade: Inform\u00e1tica \u2013 Banco de Dados<\/td><td class=\"has-text-align-center\" data-align=\"center\">1<\/td><td class=\"has-text-align-center\" data-align=\"center\">*<\/td><td class=\"has-text-align-center\" data-align=\"center\">*<\/td><\/tr><tr><td class=\"has-text-align-center\" data-align=\"center\">Cargo 10: Analista de Apoio \u00e0 Assist\u00eancia Judici\u00e1ria \u2013 \u00c1rea: Apoio Especializado \u2013 Especialidade: Inform\u00e1tica \u2013 Desenvolvimento de Sistemas<\/td><td class=\"has-text-align-center\" data-align=\"center\">1<\/td><td class=\"has-text-align-center\" data-align=\"center\">1<\/td><td class=\"has-text-align-center\" data-align=\"center\">*<\/td><\/tr><tr><td class=\"has-text-align-center\" data-align=\"center\">Cargo 11: Analista de Apoio \u00e0 Assist\u00eancia Judici\u00e1ria \u2013 \u00c1rea: Apoio Especializado \u2013 Especialidade: Inform\u00e1tica \u2013 Redes<\/td><td class=\"has-text-align-center\" data-align=\"center\">1<\/td><td class=\"has-text-align-center\" data-align=\"center\">1<\/td><td class=\"has-text-align-center\" data-align=\"center\">1<\/td><\/tr><tr><td class=\"has-text-align-center\" data-align=\"center\">Cargo 12: Analista de Apoio \u00e0 Assist\u00eancia Judici\u00e1ria \u2013 \u00c1rea: Apoio Especializado \u2013 Especialidade: Psicologia<\/td><td class=\"has-text-align-center\" data-align=\"center\">1<\/td><td class=\"has-text-align-center\" data-align=\"center\">1<\/td><td class=\"has-text-align-center\" data-align=\"center\">*<\/td><\/tr><tr><td class=\"has-text-align-center\" data-align=\"center\">Cargo 13: Analista de Apoio \u00e0 Assist\u00eancia Judici\u00e1ria \u2013 \u00c1rea: Apoio Especializado \u2013 Especialidade: Servi\u00e7o Social<\/td><td class=\"has-text-align-center\" data-align=\"center\">1<\/td><td class=\"has-text-align-center\" data-align=\"center\">1<\/td><td class=\"has-text-align-center\" data-align=\"center\">*<\/td><\/tr><\/tbody><\/table><figcaption>Concurso DPDF: quadro de vagas.<\/figcaption><\/figure>\n\n\n\n<h2 class=\"wp-block-heading\" id=\"SALARIO-CONCURSO-DPDF\">Concurso DPDF: remunera\u00e7\u00e3o <\/h2>\n\n\n\n<p>A remunera\u00e7\u00e3o inicial do concurso DPDF fixada em lei \u00e9 de <strong><em>R$ 5.241,22<\/em><\/strong>, correspondentes a <strong><em>R$ 4.641,22<\/em><\/strong> de vencimento b\u00e1sico mais <strong><em>R$ 600,00<\/em><\/strong> de gratifica\u00e7\u00e3o judici\u00e1ria.<\/p>\n\n\n\n<h4 class=\"wp-block-heading\">DPDF &#8211; Terceira Classe<\/h4>\n\n\n\n<figure class=\"wp-block-table is-style-stripes\"><table><tbody><tr><td class=\"has-text-align-center\" data-align=\"center\"><strong>  Padr\u00e3o<\/strong><\/td><td class=\"has-text-align-center\" data-align=\"center\"><strong>   Vencimento b\u00e1sico<\/strong><\/td><\/tr><tr><td class=\"has-text-align-center\" data-align=\"center\">\n  IV\n  <\/td><td class=\"has-text-align-center\" data-align=\"center\">\n  5.069,20\n  <\/td><\/tr><tr><td class=\"has-text-align-center\" data-align=\"center\">\n  III\n  <\/td><td class=\"has-text-align-center\" data-align=\"center\">\n  4.926,43\n  <\/td><\/tr><tr><td class=\"has-text-align-center\" data-align=\"center\">\n  II\n  <\/td><td class=\"has-text-align-center\" data-align=\"center\">\n  4.784,05\n  <\/td><\/tr><tr><td class=\"has-text-align-center\" data-align=\"center\">\n  I\n  <\/td><td class=\"has-text-align-center\" data-align=\"center\">\n  4.641,22\n  <\/td><\/tr><\/tbody><\/table><\/figure>\n\n\n\n<h4 class=\"wp-block-heading\">DPDF &#8211; Segunda Classe<\/h4>\n\n\n\n<figure class=\"wp-block-table is-style-stripes\"><table><tbody><tr><td class=\"has-text-align-center\" data-align=\"center\"><strong>   Padr\u00e3o<\/strong><\/td><td class=\"has-text-align-center\" data-align=\"center\"><strong>  Vencimento b\u00e1sico<\/strong><\/td><\/tr><tr><td class=\"has-text-align-center\" data-align=\"center\">\n  VI\n  <\/td><td class=\"has-text-align-center\" data-align=\"center\">\n  5.924,47\n  <\/td><\/tr><tr><td class=\"has-text-align-center\" data-align=\"center\">\n  V\n  <\/td><td class=\"has-text-align-center\" data-align=\"center\">\n  5.781,90\n  <\/td><\/tr><tr><td class=\"has-text-align-center\" data-align=\"center\">\n  IV\n  <\/td><td class=\"has-text-align-center\" data-align=\"center\">\n  5.639,31\n  <\/td><\/tr><tr><td class=\"has-text-align-center\" data-align=\"center\">\n  III\n  <\/td><td class=\"has-text-align-center\" data-align=\"center\">\n  5.496,56\n  <\/td><\/tr><tr><td class=\"has-text-align-center\" data-align=\"center\">\n  II\n  <\/td><td class=\"has-text-align-center\" data-align=\"center\">\n  5.354,34\n  <\/td><\/tr><tr><td class=\"has-text-align-center\" data-align=\"center\">\n  I\n  <\/td><td class=\"has-text-align-center\" data-align=\"center\">\n  5.211,59\n  <\/td><\/tr><\/tbody><\/table><\/figure>\n\n\n\n<h4 class=\"wp-block-heading\">DPDF &#8211; Primeira  Classe<\/h4>\n\n\n\n<figure class=\"wp-block-table is-style-stripes\"><table><tbody><tr><td class=\"has-text-align-center\" data-align=\"center\">   <strong>Padr\u00e3o<\/strong><\/td><td class=\"has-text-align-center\" data-align=\"center\">  <strong>Vencimento b\u00e1sico<\/strong><\/td><\/tr><tr><td class=\"has-text-align-center\" data-align=\"center\">\n  VI\n  <\/td><td class=\"has-text-align-center\" data-align=\"center\">\n  6.779,56\n  <\/td><\/tr><tr><td class=\"has-text-align-center\" data-align=\"center\">\n  V\n  <\/td><td class=\"has-text-align-center\" data-align=\"center\">\n  6.637,16\n  <\/td><\/tr><tr><td class=\"has-text-align-center\" data-align=\"center\">\n  IV\n  <\/td><td class=\"has-text-align-center\" data-align=\"center\">\n  6.494,59\n  <\/td><\/tr><tr><td class=\"has-text-align-center\" data-align=\"center\">\n  III\n  <\/td><td class=\"has-text-align-center\" data-align=\"center\">\n  6.352,19\n  <\/td><\/tr><tr><td class=\"has-text-align-center\" data-align=\"center\">\n  II\n  <\/td><td class=\"has-text-align-center\" data-align=\"center\">\n  6.209,62\n  <\/td><\/tr><tr><td class=\"has-text-align-center\" data-align=\"center\">\n  I\n  <\/td><td class=\"has-text-align-center\" data-align=\"center\">\n  6.067,05\n  <\/td><\/tr><\/tbody><\/table><\/figure>\n\n\n\n<h4 class=\"wp-block-heading\">DPDF &#8211; Classe especial<\/h4>\n\n\n\n<figure class=\"wp-block-table is-style-stripes\"><table><tbody><tr><td class=\"has-text-align-center\" data-align=\"center\">\n  <strong>Padr\u00e3o<\/strong>\n  <\/td><td class=\"has-text-align-center\" data-align=\"center\">\n  <strong>Vencimento B\u00e1sico<\/strong>\n  <\/td><\/tr><tr><td class=\"has-text-align-center\" data-align=\"center\">\n  III\n  <\/td><td class=\"has-text-align-center\" data-align=\"center\">   7.207,26   <\/td><\/tr><tr><td class=\"has-text-align-center\" data-align=\"center\">\n  II\n  <\/td><td class=\"has-text-align-center\" data-align=\"center\">\n  7.064,35\n  <\/td><\/tr><tr><td class=\"has-text-align-center\" data-align=\"center\">\n  I\n  <\/td><td class=\"has-text-align-center\" data-align=\"center\">\n  6.921,96\n  <\/td><\/tr><\/tbody><\/table><\/figure>\n\n\n\n<h2 class=\"wp-block-heading\">Concurso DPDF: benef\u00edcios<\/h2>\n\n\n\n<p><strong><em>13\u00ba SAL\u00c1RIO:<\/em><\/strong> o d\u00e9cimo terceiro sal\u00e1rio \u00e9 pago no m\u00eas de anivers\u00e1rio do servidor ocupante de cargo de provimento efetivo, inclu\u00eddo o requisitado da administra\u00e7\u00e3o direta, aut\u00e1rquica ou fundacional de qualquer Poder do Distrito Federal, da Uni\u00e3o, de Estado ou Munic\u00edpio, no m\u00eas do seu anivers\u00e1rio, na propor\u00e7\u00e3o de 1\/12 (um doze avos) por m\u00eas de exerc\u00edcio, gerando diferen\u00e7a no m\u00eas de dezembro nos casos de varia\u00e7\u00e3o de remunera\u00e7\u00e3o ou no caso de exerc\u00edcio ap\u00f3s o m\u00eas de anivers\u00e1rio. No primeiro ano de trabalho ser\u00e1 considerada a proporcionalidade do pagamento, mesmo que este ocorra no ano subsequente<\/p>\n\n\n\n<p><strong><em>Adicional por tempo de Servi\u00e7o &#8211; ATS (anu\u00eanio):<\/em><\/strong> equivalente a 1% (um por cento), para cada ano de efetivo exerc\u00edcio, conforme o art. 88 &#8211; LC n\u00ba 840\/2011<\/p>\n\n\n\n<p><strong><em>Adicional por Servi\u00e7o Extraordin\u00e1rio (horas extras):<\/em><\/strong> acr\u00e9scimo de 50% (cinquenta por cento) no valor da hora contratual, conforme determina o art. 84 &#8211; LC n\u00ba 840\/2011<\/p>\n\n\n\n<p><strong><em>Aux\u00edlio Alimenta\u00e7\u00e3o:<\/em><\/strong> institu\u00eddo pela LC n\u00ba 840\/2011, no valor atual R$ 394,50.<\/p>\n\n\n\n<p><strong><em>Aux\u00edlio Transporte (Vale Transporte):<\/em><\/strong> conforme art. 107 a 110 da LC n\u00ba 840\/2011, com custeio (desconto) de 6% (seis por cento) sobre o vencimento e altera\u00e7\u00f5es conforme a Portaria n\u00b0 124 de 23 de mar\u00e7o de 2018 &#8211; SEPLAG<\/p>\n\n\n\n<p><strong><em>Aux\u00edlio Natalidade:<\/em><\/strong> benef\u00edcio devido \u00e0 servidora por motivo de nascimento de filho, inclusive no caso de natimorto, ou ao c\u00f4njuge ou companheiro servidor p\u00fablico, quando a parturiente n\u00e3o for servidora p\u00fablica distrital, em valor equivalente ao menor vencimento do servi\u00e7o p\u00fablico do Distrito Federal, Art. 96 &#8211; LC n\u00ba 840\/2011<\/p>\n\n\n\n<p><strong><em>Aux\u00edlio Funeral:<\/em><\/strong> disposto nos artigos 97 a 99 &#8211; LC n\u00ba 840\/2011, devido \u00e0 fam\u00edlia do servidor falecido ou a terceiro se tiver custeado o funeral, em valor equivalente a \u00faltima remunera\u00e7\u00e3o ou provento<\/p>\n\n\n\n<p><strong><em>Aux\u00edlio Creche:<\/em><\/strong> institu\u00eddo pela Lei n\u00ba 792\/1994 e regulamentado pelo Decreto n\u00ba 16.409\/1995, o referido benef\u00edcio \u00e9 destinado aos dependentes dos servidores que se encontrem na faixa et\u00e1ria de 0 (zero) a 6 (seis) anos, no valor de R$ 95,00 (noventa e cinco reais) por filho. A cota-parte do servidor ser\u00e1 de 5% (cinco por cento) a 25% (vinte e cinco por cento) e proporcional ao n\u00edvel de remunera\u00e7\u00e3o. De acordo com a Portaria n\u00b0. 63, de 11 de mar\u00e7o de 2016, o benef\u00edcio em quest\u00e3o n\u00e3o ser\u00e1 concedido: I- cumulativamente ao servidor que exer\u00e7a mais de um cargo na Administra\u00e7\u00e3o P\u00fablica; II &#8211; simultaneamente ao servidor e c\u00f4njuge, ou companheiro(a), e; III &#8211; cumulativamente ao servidor que tenha o dependente assistido em creche ou pr\u00e9-escola ou mantida pelo poder p\u00fablico<\/p>\n\n\n\n<p><strong><em>F\u00c9RIAS:<\/em><\/strong> O servidor ocupante de cargo efetivo ou em comiss\u00e3o faz jus a 30 (trinta) dias de f\u00e9rias, consecutivas ou parceladas, ap\u00f3s doze meses de efetivo exerc\u00edcio. As f\u00e9rias poder\u00e3o ser gozadas em at\u00e9 3 (tr\u00eas) per\u00edodos, nenhum inferior a 10 (dez) dias, a crit\u00e9rio da Administra\u00e7\u00e3o. Por ocasi\u00e3o das f\u00e9rias, ser\u00e1 pago ao servidor:<\/p>\n\n\n\n<p>\u2713 O adicional de f\u00e9rias (obrigat\u00f3rio), que corresponde a 1\/3 (um ter\u00e7o) da remunera\u00e7\u00e3o do m\u00eas em que as f\u00e9rias forem iniciadas.<\/p>\n\n\n\n<p>\u2713 O abono pecuni\u00e1rio, se deferido, ap\u00f3s op\u00e7\u00e3o de recebimento.<\/p>\n\n\n\n<p><strong><em>Abono de ponto:<\/em><\/strong> em conformidade com o art. 151, LC n\u00ba 840\/2011, ter\u00e1 direito a 5 (cinco) abonos de ponto anuais, concedidos ao servidor que n\u00e3o tenha tido faltas no per\u00edodo anterior, compreendido entre 1\u00ba de janeiro e 31 de dezembro. Ocorrendo a investidura ap\u00f3s 1\u00ba de janeiro do per\u00edodo aquisitivo, o servidor faz jus a um dia de abono de ponto por bimestre de efetivo exerc\u00edcio, at\u00e9 o limite de cinco dias<\/p>\n\n\n\n<p><strong><em>Licen\u00e7a pr\u00eamio por assiduidade: <\/em><\/strong>disposto nos art. 139 a 143, LC n\u00ba 840\/2011. Corresponde a 3 (tr\u00eas) meses para cada quinqu\u00eanio (cinco anos) de efetivo exerc\u00edcio.<\/p>\n\n\n\n<h2 class=\"wp-block-heading\" id=\"etapas-concurso=dpdf\">Concurso DPDF: etapas de provas<\/h2>\n\n\n\n<p>O certame da Defensoria P\u00fablica do DF conta com as seguintes etapas:<\/p>\n\n\n\n<ul class=\"wp-block-list\"><li><strong>Prova objetiva<\/strong>: car\u00e1ter eliminat\u00f3rio e classificat\u00f3rio;<\/li><li><strong>Prova dissertativa<\/strong>: car\u00e1ter eliminat\u00f3rio e classificat\u00f3rio.<\/li><li><strong>Avalia\u00e7\u00e3o de t\u00edtulos<\/strong>, de car\u00e1ter classificat\u00f3rio.<\/li><\/ul>\n\n\n\n<h4 class=\"wp-block-heading\" id=\"objetiva\"><strong>Prova Objetiva<\/strong><\/h4>\n\n\n\n<p>A prova objetiva ser\u00e1 composta por&nbsp;<strong>120 itens<\/strong>&nbsp;para julgamento como \u201ccerto\u201d ou \u201cerrado\u201d, e ter\u00e1 dura\u00e7\u00e3o de 3h30<strong>:<\/strong><\/p>\n\n\n\n<figure class=\"wp-block-table is-style-stripes\"><table class=\"has-background\" style=\"background-color:#e9fbe5\"><tbody><tr><td class=\"has-text-align-center\" data-align=\"center\"><strong>\u00c1rea<\/strong><\/td><td class=\"has-text-align-center\" data-align=\"center\"><strong>Itens<\/strong><\/td><\/tr><tr><td class=\"has-text-align-center\" data-align=\"center\">Conhecimentos b\u00e1sicos<\/td><td class=\"has-text-align-center\" data-align=\"center\">50<\/td><\/tr><tr><td class=\"has-text-align-center\" data-align=\"center\">Conhecimentos especializados<\/td><td class=\"has-text-align-center\" data-align=\"center\">70<\/td><\/tr><\/tbody><\/table><\/figure>\n\n\n\n<h4 class=\"wp-block-heading\">Notas m\u00ednimas<\/h4>\n\n\n\n<ul class=\"wp-block-list\"><li><strong>Conhecimentos b\u00e1sicos<\/strong>: 10,00<ul><li>L\u00edngua Portuguesa<\/li><li>Conhecimentos sobre o Distrito Federal<\/li><li>Legisla\u00e7\u00e3o<\/li><\/ul><\/li><li><strong>Conhecimentos espec\u00edficos<\/strong> <strong>de cada \u00e1rea: <\/strong>21,00<\/li><li><strong>Total da prova<\/strong>: m\u00ednimo de 36,00<\/li><\/ul>\n\n\n\n<h4 class=\"wp-block-heading\" id=\"DISCURSIVA\">Prova Discursiva <\/h4>\n\n\n\n<p>A prova discursiva ser\u00e1 aplicada no mesmo dia da prova objetiva, no turno da tarde, e valer\u00e1 50,00 pontos. Ser\u00e1 necess\u00e1rio:<\/p>\n\n\n\n<ul class=\"wp-block-list\"><li>uma disserta\u00e7\u00e3o acerca de tema de atualidade, a ser respondida em at\u00e9 30 linhas, com o valor de 20,00 pontos; e<\/li><li>tr\u00eas quest\u00f5es a respeito dos objetos de avalia\u00e7\u00e3o de conhecimentos especializados de cada cargo\/\u00e1rea\/especialidade, a serem respondidas em at\u00e9 20 linhas cada, com o valor de 10,00 pontos cada \u2013 totalizando 30,00 pontos<\/li><\/ul>\n\n\n\n<h4 class=\"wp-block-heading\" id=\"h-notas-minimas\"><strong>Notas m\u00ednimas<\/strong><\/h4>\n\n\n\n<ul class=\"wp-block-list\"><li><strong>Disserta\u00e7\u00e3o<\/strong>: 10 pontos<\/li><li><strong>Quest\u00f5es<\/strong>: 20 pontos.<\/li><\/ul>\n\n\n\n<h4 class=\"wp-block-heading\" id=\"t\u00edtulo\">Avalia\u00e7\u00e3o de T\u00edtulos<\/h4>\n\n\n\n<p>Ser\u00e3o convocados para a avalia\u00e7\u00e3o de t\u00edtulos todos os candidatos aprovados na prova discursiva.<\/p>\n\n\n\n<p>A avalia\u00e7\u00e3o de t\u00edtulos valer\u00e1 10,00 pontos, ainda que a soma dos valores dos t\u00edtulos apresentados seja superior a esse valor.<\/p>\n\n\n\n<p>Somente ser\u00e3o aceitos os t\u00edtulos abaixo relacionados, expedidos at\u00e9 a data do envio, observados os limites de pontos do quadro a seguir:<\/p>\n\n\n\n<figure class=\"wp-block-table is-style-stripes\"><table><tbody><tr><td class=\"has-text-align-center\" data-align=\"center\"><strong>T\u00cdTULO<\/strong><\/td><td class=\"has-text-align-center\" data-align=\"center\"><strong>VALOR UNIT\u00c1RIO<\/strong><\/td><td class=\"has-text-align-center\" data-align=\"center\"><strong>VALOR M\u00c1XIMO<\/strong><\/td><\/tr><tr><td class=\"has-text-align-center\" data-align=\"center\">Diploma de curso de p\u00f3s-gradua\u00e7\u00e3o em n\u00edvel de doutorado (t\u00edtulo de doutor) na \u00e1rea\/especialidade a que concorre. Tamb\u00e9m ser\u00e1 aceito certificado\/declara\u00e7\u00e3o de conclus\u00e3o de curso de Doutorado na \u00e1rea\/especialidade a que concorre, desde que acompanhado de hist\u00f3rico escolar.<\/td><td class=\"has-text-align-center\" data-align=\"center\">2,50<\/td><td class=\"has-text-align-center\" data-align=\"center\">2,50<\/td><\/tr><tr><td class=\"has-text-align-center\" data-align=\"center\">Diploma de curso de p\u00f3s-gradua\u00e7\u00e3o em n\u00edvel de mestrado (t\u00edtulo de mestre) na \u00e1rea\/especialidade a que concorre. Tamb\u00e9m ser\u00e1 aceito certificado\/declara\u00e7\u00e3o de conclus\u00e3o de curso de Mestrado na \u00e1rea\/especialidade a que concorre, desde que acompanhado de hist\u00f3rico escolar.<\/td><td class=\"has-text-align-center\" data-align=\"center\">1,50<\/td><td class=\"has-text-align-center\" data-align=\"center\">1,50<\/td><\/tr><tr><td class=\"has-text-align-center\" data-align=\"center\">Certificado de curso de p\u00f3s-gradua\u00e7\u00e3o em n\u00edvel de especializa\u00e7\u00e3o, com carga hor\u00e1ria m\u00ednima de 360 h\/a na \u00e1rea\/especialidade a que concorre. Tamb\u00e9m ser\u00e1 aceita a declara\u00e7\u00e3o de conclus\u00e3o de p\u00f3s-gradua\u00e7\u00e3o em n\u00edvel de especializa\u00e7\u00e3o na \u00e1rea\/especialidade a que concorre, desde que acompanhada de hist\u00f3rico escolar.<\/td><td class=\"has-text-align-center\" data-align=\"center\">0,60<\/td><td class=\"has-text-align-center\" data-align=\"center\">1,20<\/td><\/tr><tr><td class=\"has-text-align-center\" data-align=\"center\">Aprova\u00e7\u00e3o em concurso p\u00fablico na Administra\u00e7\u00e3o P\u00fablica ou na iniciativa privada, para empregos\/cargos na \u00e1rea\/especialidade a que concorre, desde que n\u00e3o tenha sido utilizada na pontua\u00e7\u00e3o prevista na al\u00ednea E.<\/td><td class=\"has-text-align-center\" data-align=\"center\">0,30<\/td><td class=\"has-text-align-center\" data-align=\"center\">0,60<\/td><\/tr><tr><td class=\"has-text-align-center\" data-align=\"center\">Exerc\u00edcio de atividade aut\u00f4noma e(ou) profissional de n\u00edvel superior na Administra\u00e7\u00e3o P\u00fablica ou na iniciativa privada, em empregos\/cargos\/fun\u00e7\u00f5es na \u00e1rea\/especialidade a que concorre.<\/td><td class=\"has-text-align-center\" data-align=\"center\">0,60 p\/ano completo, sem sobreposi\u00e7\u00e3o de tempo<\/td><td class=\"has-text-align-center\" data-align=\"center\">4,20<\/td><\/tr><tr><td class=\"has-text-align-center\" data-align=\"center\"><strong>TOTAL M\u00c1XIMO DE PONTOS<\/strong><\/td><td class=\"has-text-align-center\" data-align=\"center\">&nbsp;<\/td><td class=\"has-text-align-center\" data-align=\"center\"><strong>10,00<\/strong><\/td><\/tr><\/tbody><\/table><\/figure>\n\n\n\n<h4 class=\"wp-block-heading\" id=\"disciplinas\">Mat\u00e9rias cobradas<\/h4>\n\n\n\n<p><strong>Conhecimentos b\u00e1sicos (todos os cargos)<\/strong><\/p>\n\n\n\n<ul class=\"wp-block-list\"><li>L\u00edngua Portuguesa<\/li><li>Conhecimentos sobre o DF<\/li><li>Legisla\u00e7\u00e3o<\/li><\/ul>\n\n\n\n<p><strong>Conhecimentos especializados: Analista DPDF &#8211; Direito e Legisla\u00e7\u00e3o<\/strong><\/p>\n\n\n\n<ul class=\"wp-block-list\"><li>Direito Administrativo<\/li><li>Direito Constitucional<\/li><li>Criminologia<\/li><li>Direito Processual Penal<\/li><li>Direito Civil<\/li><li>Direito Processual Civil<\/li><li>Direito da Crian\u00e7a e do Adolescente<\/li><li>Direito do Consumidor<\/li><li>Direitos Difusos e Coletivos<\/li><li>Direitos Humanos<\/li><li>Hist\u00f3ria, organiza\u00e7\u00e3o, princ\u00edpios e normas institucionais da DPDF<\/li><li><em>Direito Penal \u2013 Lei n\u00ba 13.869\/2019 e suas altera\u00e7\u00f5es; Leis n\u00ba 6.766\/1979 e suas altera\u00e7\u00f5es e n\u00ba 13.913\/2019.<\/em><\/li><\/ul>\n\n\n\n<p><strong>Conhecimentos especializados: Analista DPDF &#8211; Administra\u00e7\u00e3o<\/strong><\/p>\n\n\n\n<ul class=\"wp-block-list\"><li>Administra\u00e7\u00e3o Geral<\/li><li>Administra\u00e7\u00e3o P\u00fablica<\/li><li>AFO<\/li><li>Legisla\u00e7\u00e3o<\/li><\/ul>\n\n\n\n<p><strong>Conhecimentos especializados: Analista DPDF &#8211; Arquivologia<\/strong><\/p>\n\n\n\n<ul class=\"wp-block-list\"><li>Arquivologia<\/li><\/ul>\n\n\n\n<p><strong>Conhecimentos especializados:  Analista DPDF -Arquitetura<\/strong><\/p>\n\n\n\n<ul class=\"wp-block-list\"><li><em>Representa\u00e7\u00e3o, m\u00e9todos e t\u00e9cnicas de desenho; Tipos de representa\u00e7\u00e3o do projeto de arquitetura: ABNT NBR 16636-1:2017 e ABNT NBR 16636-2:2017; Perspectiva c\u00f4nica e desenhos isom\u00e9tricos; Geometria descritiva b\u00e1sica: os diedros, as tr\u00eas proje\u00e7\u00f5es e os cortes; Croquis \u00e0 m\u00e3o e sketch-up; Desenho t\u00e9cnico e AutoCAD e AutoCAD 3D; Revit; Desenho t\u00e9cnico: NBR n\u00ba 8.403:1984, NBR n\u00ba 8.404:1984, ABNT NBR 16752:2020, NBR n\u00ba 6.492:1994, NBR n\u00ba 10.067:1995, NBR n\u00ba 10.126:1987 (vers\u00e3o corrigida em 1998).&nbsp;<\/em><\/li><\/ul>\n\n\n\n<p><strong>Conhecimentos especializados: Analista DPDF &#8211; Jornalismo<\/strong><\/p>\n\n\n\n<ul class=\"wp-block-list\"><li>Comunica\u00e7\u00e3o<\/li><\/ul>\n\n\n\n<p><strong>Conhecimentos especializados: Analista DPDF &#8211; Contabilidade<\/strong><\/p>\n\n\n\n<ul class=\"wp-block-list\"><li>Contabilidade Geral<\/li><li>Contabilidade P\u00fablica<\/li><li>Auditoria e Per\u00edcia Cont\u00e1bil<\/li><\/ul>\n\n\n\n<p><strong>Conhecimentos especlializados: Analista DPDF &#8211; Economia<\/strong><\/p>\n\n\n\n<ul class=\"wp-block-list\"><li>AFO<\/li><li>An\u00e1lise de Informa\u00e7\u00e3o<\/li><li>Auditoria Governamental, Compliance, Gest\u00e3o de Risco e Governan\u00e7a<\/li><li>Economia <em>\u2013 Aspectos gerais do comportamento recente da economia brasileira e das pol\u00edticas econ\u00f4micas adotadas pelos \u00faltimos governos.&nbsp;<\/em><\/li><\/ul>\n\n\n\n<p><strong>Conhecimentos espec\u00edializados: Analista DPDF &#8211; Engenharia Civil<\/strong><\/p>\n\n\n\n<ul class=\"wp-block-list\"><li>Obras (Planejamento, Normas, Fiscaliza\u00e7\u00e3o e Legisla\u00e7\u00e3o)<\/li><li>Obras de Edifica\u00e7\u00f5es<\/li><li>Obras H\u00eddricas<\/li><li>Obras Rodovi\u00e1rias<\/li><\/ul>\n\n\n\n<p><strong>Conhecimentos especializados: Analista DPDF &#8211;<\/strong> <strong>Inform\u00e1tica &#8211; Banco de Dados<\/strong><\/p>\n\n\n\n<ul class=\"wp-block-list\"><li>Banco de dados<\/li><li>Arquitetura de Software<\/li><\/ul>\n\n\n\n<p><strong>Conhecimentos especializados: Analista DPDF &#8211; Inform\u00e1tica &#8211; Desenvolvimento de Sistemas<\/strong><\/p>\n\n\n\n<ul class=\"wp-block-list\"><li>Desenvolvimento de Sistemas de Computa\u00e7\u00e3o<\/li><li>Gest\u00e3o e Governan\u00e7a de TI<\/li><li>Fiscaliza\u00e7\u00e3o de Contratos de TI<\/li><\/ul>\n\n\n\n<p><strong>Conhecimentos especializados:  Analista DPDF &#8211;<\/strong> <strong>Inform\u00e1tica &#8211; Redes<\/strong><\/p>\n\n\n\n<ul class=\"wp-block-list\"><li>An\u00e1lise de Sistema (Suporte e Infraestrutura)<\/li><li>Fiscaliza\u00e7\u00e3o de Contratos de TI<\/li><\/ul>\n\n\n\n<p><strong>Conhecimentos especializados: Analista DPDF &#8211;<\/strong> <strong> Psicologia<\/strong><\/p>\n\n\n\n<ul class=\"wp-block-list\"><li>Psicologia Cl\u00ednica<\/li><li>Psicologia Organizacional<\/li><\/ul>\n\n\n\n<p><strong>Conhecimentos especializados: Analista DPDF &#8211;<\/strong> <strong>Servi\u00e7o Social<\/strong><\/p>\n\n\n\n<ul class=\"wp-block-list\"><li>Servi\u00e7o Social<\/li><\/ul>\n\n\n\n<h2 class=\"wp-block-heading\" id=\"prazo-nomeacoes\">Concurso DPDF: prazo para nomea\u00e7\u00f5es<\/h2>\n\n\n\n<p>A nomea\u00e7\u00e3o dos candidatos obedecer\u00e1 ao seguinte cronograma, que poder\u00e1 ser modificado, a qualquer tempo, para adaptar-se \u00e0s disposi\u00e7\u00f5es constantes da Lei Complementar 173\/2020 e da Portaria 168, de 10 de junho de 2020 (DPDF), bem como \u00e0s condi\u00e7\u00f5es econ\u00f4micas e financeiras da Administra\u00e7\u00e3o:<\/p>\n\n\n\n<p>a) no m\u00ednimo 25% das vagas previstas neste edital ser\u00e3o preenchidas no segundo semestre de 2021;<\/p>\n\n\n\n<p>b) no m\u00ednimo 25% das vagas previstas neste edital ser\u00e3o preenchidas no primeiro semestre de 2022;<\/p>\n\n\n\n<p>c) no m\u00ednimo 25% das vagas previstas neste edital ser\u00e3o preenchidas no segundo semestre de 2022;<\/p>\n\n\n\n<p>d) o restante das vagas previstas neste edital ser\u00e1 preenchido no primeiro semestre de 2023.<\/p>\n\n\n\n<h2 class=\"wp-block-heading\" id=\"ULTIMO\">Concurso DPDF: \u00faltima edi\u00e7\u00e3o<\/h2>\n\n\n\n<p>O <a href=\"https:\/\/dhg1h5j42swfq.cloudfront.net\/2018\/09\/05163305\/edital_dpdf_14_03_17.pdf\" target=\"_blank\" rel=\"noreferrer noopener\">\u00faltimo concurso<\/a> DPDF para provimento de cargos de Analista de Apoio Judici\u00e1rio da DPDF foi realizado em 2014 e ofereceu 15 vagas. O certame teve&nbsp;8994 candidatos inscritos e foi organizado pela&nbsp;<strong>FGV. <\/strong><\/p>\n\n\n\n<h3 class=\"wp-block-heading\" id=\"ULTIMA-PROVA\">\u00daltima prova<\/h3>\n\n\n\n<ul class=\"wp-block-list\"><li><a rel=\"noreferrer noopener\" href=\"https:\/\/dhg1h5j42swfq.cloudfront.net\/2020\/04\/06133617\/fgv-2014-dpe-df-analista-assistencia-judiciaria-prova.pdf\" target=\"_blank\">Prova FGV &#8211; 2014 &#8211; DP-DF &#8211; Analista &#8211; Assist\u00eancia Judici\u00e1ria<\/a> \/ <a rel=\"noreferrer noopener\" href=\"https:\/\/dhg1h5j42swfq.cloudfront.net\/2020\/04\/06133714\/fgv-2014-dpe-df-analista-assistencia-judiciaria-gabarito.pdf\" target=\"_blank\">Gabarito<\/a><\/li><\/ul>\n\n\n\n<h3 class=\"wp-block-heading\" id=\"nomeacoes\">Nomea\u00e7\u00f5es do \u00faltimo concurso <\/h3>\n\n\n\n<p>De acordo com informa\u00e7\u00f5es obtidas pela equipe de jornalismo do Estrat\u00e9gia Concursos junto ao \u00f3rg\u00e3o, apesar de terem sido ofertadas apenas 15 vagas para Analista de Apoio Judici\u00e1rio, foram <strong>nomeados 307 candidatos para ampla concorr\u00eancia<\/strong> e <strong>17 candidatos <\/strong>classificados na per\u00edcia m\u00e9dica como<strong> pessoas com defici\u00eancia.<\/strong> <\/p>\n\n\n\n<h3 class=\"wp-block-heading\" id=\"estrategico\">Edital Estrat\u00e9gico DPDF: baixe gratuitamente<\/h3>\n\n\n\n<p>A partir das informa\u00e7\u00f5es preenchidas pelo aluno, uma \u201caba\u201d do Edital Estrat\u00e9gico DPDF ir\u00e1 demonstrar a progress\u00e3o em cada tarefa e assunto. A edi\u00e7\u00e3o poder\u00e1 ser realizada apenas na 3\u00aa aba, relativa ao preenchimento do progresso nas disciplinas. Caso voc\u00ea queira fazer outras modifica\u00e7\u00f5es no arquivo, \u00e9 s\u00f3 usar a senha \u201cadmin\u201d na op\u00e7\u00e3o desproteger planilha do Excel.<\/p>\n\n\n\n<p>IMPORTANTE: Ao clicar no link acima, vai ser aberta uma janela do Google Drive que tentar\u00e1 carregar a visualiza\u00e7\u00e3o da planilha no seu navegador. N\u00e3o h\u00e1 necessidade de esperar essa visualiza\u00e7\u00e3o (talvez at\u00e9 nem carregue, j\u00e1 que os arquivos s\u00e3o pesados).<\/p>\n\n\n\n<p>Fa\u00e7a o download clicando na seta para baixo no canto superior direito da janela do Google Drive que vai ser aberta ao clicar nos links acima.<\/p>\n\n\n\n<p>Todos os arquivos foram testados em diferentes computadores e celulares e est\u00e3o ok. Talvez alguma incompatibilidade (ou mensagem de erro, como \u201carquivo inv\u00e1lido\u201d) ocorra em virtude do seu pr\u00f3prio computador ou do tamanho dos arquivos que possuem mais conte\u00fado.<\/p>\n\n\n\n<p>Confira abaixo os links do Edital Estrat\u00e9gico DPDF:<\/p>\n\n\n\n<ul class=\"wp-block-list\"><li><a href=\"https:\/\/drive.google.com\/file\/d\/1BApm3uxEJT_LvlVoK8FNZwfJEzsL4cGv\/view?usp=sharing\" target=\"_blank\" rel=\"noreferrer noopener\">Analista \u2013 Direito e Legisla\u00e7\u00e3o<\/a><\/li><li><a href=\"https:\/\/drive.google.com\/file\/d\/12FDq4XwOohEMqjtP64vG1fT-dfUzePjT\/view?usp=sharing\" target=\"_blank\" rel=\"noreferrer noopener\">Analista \u2013 Contabilidade<\/a><\/li><li><a href=\"https:\/\/drive.google.com\/file\/d\/1qlyz86a8SHQ1BZXWGLRava0if4cH4YoT\/view?usp=sharing\" target=\"_blank\" rel=\"noreferrer noopener\">Analista \u2013 Inform\u00e1tica\/Desenvolvimento de Sistemas<\/a><\/li><li><a href=\"https:\/\/drive.google.com\/file\/d\/1nv9CuzkTlt8BmP4T2rclpF4Eiofhnym5\/view?usp=sharing\" target=\"_blank\" rel=\"noreferrer noopener\">Analista \u2013 Inform\u00e1tica\/Banco de Dados<\/a><\/li><li><a href=\"https:\/\/drive.google.com\/file\/d\/1kdd4x-PnfzSxM4wPjF9V6yi8rCmzcMxl\/view?usp=sharing\" target=\"_blank\" rel=\"noreferrer noopener\">Analista \u2013 Arquitetura<\/a><\/li><li><a href=\"https:\/\/drive.google.com\/file\/d\/1Zrbg0IT-bosZjN8OmmRthY_xJGKWcopg\/view?usp=sharing\" target=\"_blank\" rel=\"noreferrer noopener\">Analista \u2013 Psicologia<\/a><\/li><li><a href=\"https:\/\/drive.google.com\/file\/d\/1Zrbg0IT-bosZjN8OmmRthY_xJGKWcopg\/view?usp=sharing\" target=\"_blank\" rel=\"noreferrer noopener\">Analista \u2013 Jornalismo<\/a><\/li><li><a href=\"https:\/\/drive.google.com\/file\/d\/1Yv3M5AtkPNTOOix_45NSmarzkoDH8xkG\/view?usp=sharing\" target=\"_blank\" rel=\"noreferrer noopener\">Analista \u2013 Inform\u00e1tica\/Redes<\/a><\/li><li><a href=\"https:\/\/drive.google.com\/file\/d\/1Vw8mdLgL7ePvu54miFGrRjFr6CgdEHUi\/view?usp=sharing\" target=\"_blank\" rel=\"noreferrer noopener\">Analista \u2013 Arquivologia<\/a><\/li><li><a href=\"https:\/\/drive.google.com\/file\/d\/1JTmFWuYizqEjpvUWN3lwoizVqpnxqJY9\/view?usp=sharing\" target=\"_blank\" rel=\"noreferrer noopener\">Analista \u2013 Economia<\/a><\/li><li><a href=\"https:\/\/drive.google.com\/file\/d\/1Hq9CMf_KERHwUds-Y4GWrcC3jgqYG6wj\/view?usp=sharing\" target=\"_blank\" rel=\"noreferrer noopener\">Analista \u2013 Engenharia Civil<\/a><\/li><li><a href=\"https:\/\/drive.google.com\/file\/d\/1GWJjpxSCjzjbGmk4qavdzyrbTkiB6-cY\/view?usp=sharing\" target=\"_blank\" rel=\"noreferrer noopener\">Analista \u2013 Servi\u00e7o Social<\/a><\/li><li><a href=\"https:\/\/drive.google.com\/file\/d\/1CUYJAC-AZwpXIF4M6u1WKiIkCx8V6M3S\/view?usp=sharing\" target=\"_blank\" rel=\"noreferrer noopener\">Analista \u2013 Administra\u00e7\u00e3o<\/a><\/li><\/ul>\n\n\n\n<h3 class=\"has-text-align-center wp-block-heading\" id=\"guia-de-estudos\">Guia de Estudos para DPDF<\/h3>\n\n\n\n<p class=\"has-text-align-center has-cyan-bluish-gray-background-color has-background\" style=\"font-size:clamp(16.293px, 1.018rem + ((1vw - 3.2px) * 0.854), 25px);px\"><strong>ACESSE: <a href=\"https:\/\/www.estrategiaconcursos.com.br\/blog\/guia-de-estudos-para-dpdf\/\" target=\"_blank\" rel=\"noreferrer noopener\">GUIA DE ESTUDOS PARA DPDF<\/a><\/strong><\/p>\n\n\n\n<h2 class=\"has-text-align-center wp-block-heading\" id=\"cursos\">Quer saber tudo sobre concursos previstos? <br \/>Confira nossos artigos!<\/h2>\n\n\n\n<ul class=\"wp-block-list\"><li><a href=\"https:\/\/www.estrategiaconcursos.com.br\/blog\/concursos-abertos\/\">Concursos abertos<\/a><\/li><li><a href=\"https:\/\/www.estrategiaconcursos.com.br\/blog\/concursos-2022\/\">Concursos 2022<\/a><\/li><\/ul>\n\n\n\n<h3 class=\"has-text-align-center wp-block-heading\" id=\"CURSO\">Cursos DPDF<\/h3>\n\n\n\n<div class=\"container\" id=\"boxes\">\n  <div class=\"row\">\n\n    <div class=\"col-sm\">\n      <div class=\"banner-tribunal\" id=\"box-assinatura\">\n        <h3 class=\"titulo-assinatura\">Cursos para DPDF<\/h3>\n        <p class=\"subtitulo-assinatura\">Conhe\u00e7a os cursos<\/p>\n        <div class=\"box-botao\">\n          <a class=\"btn-assinatura\" target=\"_blank\" href=\"https:\/\/www.estrategiaconcursos.com.br\/cursosPorConcurso\/dpdf-defensoria-publica-do-distrito-federal-diversos-cargos\/\" role=\"button\" rel=\"noopener noreferrer\">Conhe\u00e7a mais<\/a>\n        <\/div>\n      <\/div>\n      <p class=\"texto-auxiliar\">Prepare-se com o melhor material e com quem mais aprova em Concursos P\u00fablicos em todo o pa\u00eds.<\/p>\n    <\/div>\n\n  <\/div>\n<\/div>\n\n\n\n<div class=\"container\" id=\"boxes\">\n  <div class=\"row\">\n\n    <div class=\"col-sm\">\n      <div class=\"estrategia\" id=\"box-assinatura\">\n        <h3 class=\"titulo-assinatura\">Assinatura Ilimitada<\/h3>\n        <p class=\"subtitulo-assinatura\">Assinatura Anual Ilimitada*<\/p>\n        <div class=\"box-botao\">\n          <a class=\"btn-assinatura\" target=\"_blank\" href=\"https:\/\/www.estrategiaconcursos.com.br\/assinaturas\/\" role=\"button\" rel=\"noopener noreferrer\">ASSINE AGORA<\/a>\n        <\/div>\n      <\/div>\n      <p class=\"texto-auxiliar\">Prepare-se com o melhor material e com quem mais aprova em Concursos P\u00fablicos em todo o pa\u00eds. Assine agora a nossa Assinatura Anual e tenha acesso ilimitado* a todos os nossos cursos.<\/p>\n    <\/div><\/div><\/div>\n\n\n\n<figure class=\"wp-block-image size-large is-resized\"><img loading=\"lazy\" decoding=\"async\" src=\"https:\/\/dhg1h5j42swfq.cloudfront.net\/2021\/04\/07140116\/ficha-tecnica-106-1024x632.png\" alt=\"\" class=\"wp-image-709447\" width=\"169\" height=\"103\" srcset=\"https:\/\/dhg1h5j42swfq.cloudfront.net\/2021\/04\/07140116\/ficha-tecnica-106-1024x632.png 1024w, https:\/\/dhg1h5j42swfq.cloudfront.net\/2021\/04\/07140116\/ficha-tecnica-106-300x185.png 300w, https:\/\/dhg1h5j42swfq.cloudfront.net\/2021\/04\/07140116\/ficha-tecnica-106-768x474.png 768w, https:\/\/dhg1h5j42swfq.cloudfront.net\/2021\/04\/07140116\/ficha-tecnica-106-1536x948.png 1536w, https:\/\/dhg1h5j42swfq.cloudfront.net\/2021\/04\/07140116\/ficha-tecnica-106-610x377.png 610w, https:\/\/dhg1h5j42swfq.cloudfront.net\/2021\/04\/07140116\/ficha-tecnica-106.png 1571w\" sizes=\"auto, (max-width: 169px) 100vw, 169px\" \/><\/figure>\n\n\n\n<h4 class=\"wp-block-heading\" id=\"FICHA-TECNICA-CONCURSO-DPDF\"><strong>Informa\u00e7\u00f5es sobre o concurso<\/strong> DPDF 2020<\/h4>\n\n\n\n<p>\u25ba<strong> <\/strong><strong>Data prevista para prova<\/strong>: <strong> <span style=\"font-size: revert; color: initial;\">13 de fevereiro de 2022<\/span><\/strong> <br \/>\u25ba<strong>Vagas<\/strong>: 60 + CR<br \/>\u25ba<strong>Cargos<\/strong>: Analista de Apoio \u00e0 Assist\u00eancia Judici\u00e1ria <br \/>\u25ba<strong>Lota\u00e7\u00f5es<\/strong>: Distrito Federal<br \/>\u25ba<strong>Banca<\/strong>:Cebraspe<br \/>\u25ba<strong>Escolaridade<\/strong>: N\u00edvel Superior em v\u00e1rias \u00e1reas<br \/>\u25ba<strong>Edital<\/strong> <strong>2020:<\/strong> <a href=\"https:\/\/dhg1h5j42swfq.cloudfront.net\/2020\/07\/21160335\/ED_1_2020_DPDF_ANALISTA_ABERTURA.pdf\" target=\"_blank\" rel=\"noreferrer noopener nofollow\">Edital DPDF 2020<\/a><\/p>\n","protected":false},"excerpt":{"rendered":"<p>A Defensoria do DF convocou os candidatos para as etapas de provas que est\u00e3o previstas para o dia 13\/02\/2022. Os locais de provas j\u00e1 est\u00e3o dispon\u00edveis no site oficial do Cebraspe. Defensoria P\u00fablica do Distrito Federal &#8211; Analista de Apoio Assist\u00eancia Judici\u00e1ria Status: Provas remarcadas &#8211; 13 de fevereiro de 2022 Vagas: 60 + CR [&hellip;]<\/p>\n","protected":false},"author":317,"featured_media":572116,"comment_status":"open","ping_status":"closed","sticky":false,"template":"","format":"standard","meta":{"post_tipo":"news","footnotes":""},"categories":[1984],"tags":[],"tax_estado":[219970],"class_list":["post-515270","post","type-post","status-publish","format-standard","has-post-thumbnail","hentry","category-tribunais","tax_estado-df"],"acf":[],"yoast_head":"<!-- This site is optimized with the Yoast SEO Premium plugin v27.2 (Yoast SEO v27.2) - https:\/\/yoast.com\/product\/yoast-seo-premium-wordpress\/ -->\n<title>Edital DPDF: confira aqui a convoca\u00e7\u00e3o para as provas!<\/title>\n<meta name=\"description\" content=\"Edital DPDF: candidatos convocados para as provas! Sele\u00e7\u00e3o oferta 60 vagas para o cargo de Analista de Apoio \u00e0 Assist\u00eancia Judici\u00e1ria.\" \/>\n<meta name=\"robots\" content=\"index, follow, max-snippet:-1, max-image-preview:large, max-video-preview:-1\" \/>\n<link rel=\"canonical\" href=\"https:\/\/www.estrategiaconcursos.com.br\/blog\/edital-dpdf-2020\/\" \/>\n<meta property=\"og:locale\" content=\"pt_BR\" \/>\n<meta property=\"og:type\" content=\"article\" \/>\n<meta property=\"og:title\" content=\"Edital DPDF: confira aqui a convoca\u00e7\u00e3o para as provas!\" \/>\n<meta property=\"og:description\" content=\"Edital DPDF: candidatos convocados para as provas! Sele\u00e7\u00e3o oferta 60 vagas para o cargo de Analista de Apoio \u00e0 Assist\u00eancia Judici\u00e1ria.\" \/>\n<meta property=\"og:url\" content=\"https:\/\/www.estrategiaconcursos.com.br\/blog\/edital-dpdf-2020\/\" \/>\n<meta property=\"og:site_name\" content=\"Estrat\u00e9gia Concursos\" \/>\n<meta property=\"article:author\" content=\"https:\/\/www.facebook.com\/igor.maciel.1420\" \/>\n<meta property=\"article:published_time\" content=\"2022-02-02T03:00:00+00:00\" \/>\n<meta property=\"article:modified_time\" content=\"2022-02-03T11:12:58+00:00\" \/>\n<meta property=\"og:image\" content=\"https:\/\/dhg1h5j42swfq.cloudfront.net\/2020\/07\/15091720\/DP_DF.jpg\" \/>\n\t<meta property=\"og:image:width\" content=\"1200\" \/>\n\t<meta property=\"og:image:height\" content=\"628\" \/>\n\t<meta property=\"og:image:type\" content=\"image\/jpeg\" \/>\n<meta name=\"author\" content=\"Igor Maciel\" \/>\n<meta name=\"twitter:card\" content=\"summary_large_image\" \/>\n<meta name=\"twitter:creator\" content=\"@EstratConcursos\" \/>\n<meta name=\"twitter:site\" content=\"@EstratConcursos\" \/>\n<meta name=\"twitter:label1\" content=\"Escrito por\" \/>\n\t<meta name=\"twitter:data1\" content=\"Igor Maciel\" \/>\n\t<meta name=\"twitter:label2\" content=\"Est. tempo de leitura\" \/>\n\t<meta name=\"twitter:data2\" content=\"14 minutos\" \/>\n<script type=\"application\/ld+json\" class=\"yoast-schema-graph\">{\"@context\":\"https:\/\/schema.org\",\"@graph\":[{\"@type\":\"NewsArticle\",\"@id\":\"https:\/\/www.estrategiaconcursos.com.br\/blog\/edital-dpdf-2020\/#article\",\"isPartOf\":{\"@id\":\"https:\/\/www.estrategiaconcursos.com.br\/blog\/edital-dpdf-2020\/\"},\"author\":{\"name\":\"Igor Maciel\",\"@id\":\"https:\/\/www.estrategiaconcursos.com.br\/blog\/#\/schema\/person\/024d26d5efb06d95dfc04025d7301591\"},\"headline\":\"Edital DPDF: confira aqui a convoca\u00e7\u00e3o para as provas!\",\"datePublished\":\"2022-02-02T03:00:00+00:00\",\"dateModified\":\"2022-02-03T11:12:58+00:00\",\"mainEntityOfPage\":{\"@id\":\"https:\/\/www.estrategiaconcursos.com.br\/blog\/edital-dpdf-2020\/\"},\"wordCount\":2698,\"commentCount\":2,\"publisher\":{\"@id\":\"https:\/\/www.estrategiaconcursos.com.br\/blog\/#organization\"},\"image\":{\"@id\":\"https:\/\/www.estrategiaconcursos.com.br\/blog\/edital-dpdf-2020\/#primaryimage\"},\"thumbnailUrl\":\"https:\/\/dhg1h5j42swfq.cloudfront.net\/2020\/07\/15091720\/DP_DF.jpg\",\"articleSection\":[\"Tribunais\"],\"inLanguage\":\"pt-BR\",\"potentialAction\":[{\"@type\":\"CommentAction\",\"name\":\"Comment\",\"target\":[\"https:\/\/www.estrategiaconcursos.com.br\/blog\/edital-dpdf-2020\/#respond\"]}],\"copyrightYear\":\"2022\",\"copyrightHolder\":{\"@id\":\"https:\/\/www.estrategiaconcursos.com.br\/blog\/#organization\"}},{\"@type\":\"WebPage\",\"@id\":\"https:\/\/www.estrategiaconcursos.com.br\/blog\/edital-dpdf-2020\/\",\"url\":\"https:\/\/www.estrategiaconcursos.com.br\/blog\/edital-dpdf-2020\/\",\"name\":\"Edital DPDF: confira aqui a convoca\u00e7\u00e3o para as provas!\",\"isPartOf\":{\"@id\":\"https:\/\/www.estrategiaconcursos.com.br\/blog\/#website\"},\"primaryImageOfPage\":{\"@id\":\"https:\/\/www.estrategiaconcursos.com.br\/blog\/edital-dpdf-2020\/#primaryimage\"},\"image\":{\"@id\":\"https:\/\/www.estrategiaconcursos.com.br\/blog\/edital-dpdf-2020\/#primaryimage\"},\"thumbnailUrl\":\"https:\/\/dhg1h5j42swfq.cloudfront.net\/2020\/07\/15091720\/DP_DF.jpg\",\"datePublished\":\"2022-02-02T03:00:00+00:00\",\"dateModified\":\"2022-02-03T11:12:58+00:00\",\"description\":\"Edital DPDF: candidatos convocados para as provas! Sele\u00e7\u00e3o oferta 60 vagas para o cargo de Analista de Apoio \u00e0 Assist\u00eancia Judici\u00e1ria.\",\"breadcrumb\":{\"@id\":\"https:\/\/www.estrategiaconcursos.com.br\/blog\/edital-dpdf-2020\/#breadcrumb\"},\"inLanguage\":\"pt-BR\",\"potentialAction\":[{\"@type\":\"ReadAction\",\"target\":[\"https:\/\/www.estrategiaconcursos.com.br\/blog\/edital-dpdf-2020\/\"]}]},{\"@type\":\"ImageObject\",\"inLanguage\":\"pt-BR\",\"@id\":\"https:\/\/www.estrategiaconcursos.com.br\/blog\/edital-dpdf-2020\/#primaryimage\",\"url\":\"https:\/\/dhg1h5j42swfq.cloudfront.net\/2020\/07\/15091720\/DP_DF.jpg\",\"contentUrl\":\"https:\/\/dhg1h5j42swfq.cloudfront.net\/2020\/07\/15091720\/DP_DF.jpg\",\"width\":1200,\"height\":628,\"caption\":\"edital DPDF\"},{\"@type\":\"BreadcrumbList\",\"@id\":\"https:\/\/www.estrategiaconcursos.com.br\/blog\/edital-dpdf-2020\/#breadcrumb\",\"itemListElement\":[{\"@type\":\"ListItem\",\"position\":1,\"name\":\"In\u00edcio\",\"item\":\"https:\/\/www.estrategiaconcursos.com.br\/blog\/\"},{\"@type\":\"ListItem\",\"position\":2,\"name\":\"Edital DPDF: confira aqui a convoca\u00e7\u00e3o para as provas!\"}]},{\"@type\":\"WebSite\",\"@id\":\"https:\/\/www.estrategiaconcursos.com.br\/blog\/#website\",\"url\":\"https:\/\/www.estrategiaconcursos.com.br\/blog\/\",\"name\":\"Estrat\u00e9gia Concursos\",\"description\":\"O blog da Estrat\u00e9gia Concursos traz not\u00edcias sobre concursos e artigos de professores oferecendo cursos para concursos (pdf + videaulas) no site.\",\"publisher\":{\"@id\":\"https:\/\/www.estrategiaconcursos.com.br\/blog\/#organization\"},\"potentialAction\":[{\"@type\":\"SearchAction\",\"target\":{\"@type\":\"EntryPoint\",\"urlTemplate\":\"https:\/\/www.estrategiaconcursos.com.br\/blog\/?s={search_term_string}\"},\"query-input\":{\"@type\":\"PropertyValueSpecification\",\"valueRequired\":true,\"valueName\":\"search_term_string\"}}],\"inLanguage\":\"pt-BR\"},{\"@type\":\"Organization\",\"@id\":\"https:\/\/www.estrategiaconcursos.com.br\/blog\/#organization\",\"name\":\"Estrat\u00e9gia Concursos\",\"url\":\"https:\/\/www.estrategiaconcursos.com.br\/blog\/\",\"logo\":{\"@type\":\"ImageObject\",\"inLanguage\":\"pt-BR\",\"@id\":\"https:\/\/www.estrategiaconcursos.com.br\/blog\/#\/schema\/logo\/image\/\",\"url\":\"https:\/\/dhg1h5j42swfq.cloudfront.net\/2025\/06\/03203428\/logo_concursos-1.jpg\",\"contentUrl\":\"https:\/\/dhg1h5j42swfq.cloudfront.net\/2025\/06\/03203428\/logo_concursos-1.jpg\",\"width\":230,\"height\":60,\"caption\":\"Estrat\u00e9gia Concursos\"},\"image\":{\"@id\":\"https:\/\/www.estrategiaconcursos.com.br\/blog\/#\/schema\/logo\/image\/\"},\"sameAs\":[\"https:\/\/x.com\/EstratConcursos\"]},{\"@type\":\"Person\",\"@id\":\"https:\/\/www.estrategiaconcursos.com.br\/blog\/#\/schema\/person\/024d26d5efb06d95dfc04025d7301591\",\"name\":\"Igor Maciel\",\"image\":{\"@type\":\"ImageObject\",\"inLanguage\":\"pt-BR\",\"@id\":\"https:\/\/secure.gravatar.com\/avatar\/e983a676af6facf4aebcb2989d49e3bf61b718712d5e7a4b3f355b7fe651bc2f?s=96&d=mm&r=g\",\"url\":\"https:\/\/secure.gravatar.com\/avatar\/e983a676af6facf4aebcb2989d49e3bf61b718712d5e7a4b3f355b7fe651bc2f?s=96&d=mm&r=g\",\"contentUrl\":\"https:\/\/secure.gravatar.com\/avatar\/e983a676af6facf4aebcb2989d49e3bf61b718712d5e7a4b3f355b7fe651bc2f?s=96&d=mm&r=g\",\"caption\":\"Igor Maciel\"},\"description\":\"Graduado na Universidade Federal de Pernambuco, com extens\u00e3o na Universidade de Coimbra\/Portugal. Especialista LLM em Direito Corporativo pelo IBMEC\/RJ. Mestrando em Direito e Pol\u00edticas P\u00fablicas pelo UNICEUB\/DF. Advogado com atua\u00e7\u00e3o profissional centrada no Direito Tribut\u00e1rio e no Direito Administrativo, especialmente na defesa de servidores p\u00fablicos.\",\"sameAs\":[\"http:\/\/www.imaciel.com.br\",\"https:\/\/www.facebook.com\/igor.maciel.1420\"],\"url\":\"https:\/\/www.estrategiaconcursos.com.br\/blog\/author\/contatoimaciel-com-br\/\"}]}<\/script>\n<!-- \/ Yoast SEO Premium plugin. -->","yoast_head_json":{"title":"Edital DPDF: confira aqui a convoca\u00e7\u00e3o para as provas!","description":"Edital DPDF: candidatos convocados para as provas! Sele\u00e7\u00e3o oferta 60 vagas para o cargo de Analista de Apoio \u00e0 Assist\u00eancia Judici\u00e1ria.","robots":{"index":"index","follow":"follow","max-snippet":"max-snippet:-1","max-image-preview":"max-image-preview:large","max-video-preview":"max-video-preview:-1"},"canonical":"https:\/\/www.estrategiaconcursos.com.br\/blog\/edital-dpdf-2020\/","og_locale":"pt_BR","og_type":"article","og_title":"Edital DPDF: confira aqui a convoca\u00e7\u00e3o para as provas!","og_description":"Edital DPDF: candidatos convocados para as provas! Sele\u00e7\u00e3o oferta 60 vagas para o cargo de Analista de Apoio \u00e0 Assist\u00eancia Judici\u00e1ria.","og_url":"https:\/\/www.estrategiaconcursos.com.br\/blog\/edital-dpdf-2020\/","og_site_name":"Estrat\u00e9gia Concursos","article_author":"https:\/\/www.facebook.com\/igor.maciel.1420","article_published_time":"2022-02-02T03:00:00+00:00","article_modified_time":"2022-02-03T11:12:58+00:00","og_image":[{"width":1200,"height":628,"url":"https:\/\/dhg1h5j42swfq.cloudfront.net\/2020\/07\/15091720\/DP_DF.jpg","type":"image\/jpeg"}],"author":"Igor Maciel","twitter_card":"summary_large_image","twitter_creator":"@EstratConcursos","twitter_site":"@EstratConcursos","twitter_misc":{"Escrito por":"Igor Maciel","Est. tempo de leitura":"14 minutos"},"schema":{"@context":"https:\/\/schema.org","@graph":[{"@type":"NewsArticle","@id":"https:\/\/www.estrategiaconcursos.com.br\/blog\/edital-dpdf-2020\/#article","isPartOf":{"@id":"https:\/\/www.estrategiaconcursos.com.br\/blog\/edital-dpdf-2020\/"},"author":{"name":"Igor Maciel","@id":"https:\/\/www.estrategiaconcursos.com.br\/blog\/#\/schema\/person\/024d26d5efb06d95dfc04025d7301591"},"headline":"Edital DPDF: confira aqui a convoca\u00e7\u00e3o para as provas!","datePublished":"2022-02-02T03:00:00+00:00","dateModified":"2022-02-03T11:12:58+00:00","mainEntityOfPage":{"@id":"https:\/\/www.estrategiaconcursos.com.br\/blog\/edital-dpdf-2020\/"},"wordCount":2698,"commentCount":2,"publisher":{"@id":"https:\/\/www.estrategiaconcursos.com.br\/blog\/#organization"},"image":{"@id":"https:\/\/www.estrategiaconcursos.com.br\/blog\/edital-dpdf-2020\/#primaryimage"},"thumbnailUrl":"https:\/\/dhg1h5j42swfq.cloudfront.net\/2020\/07\/15091720\/DP_DF.jpg","articleSection":["Tribunais"],"inLanguage":"pt-BR","potentialAction":[{"@type":"CommentAction","name":"Comment","target":["https:\/\/www.estrategiaconcursos.com.br\/blog\/edital-dpdf-2020\/#respond"]}],"copyrightYear":"2022","copyrightHolder":{"@id":"https:\/\/www.estrategiaconcursos.com.br\/blog\/#organization"}},{"@type":"WebPage","@id":"https:\/\/www.estrategiaconcursos.com.br\/blog\/edital-dpdf-2020\/","url":"https:\/\/www.estrategiaconcursos.com.br\/blog\/edital-dpdf-2020\/","name":"Edital DPDF: confira aqui a convoca\u00e7\u00e3o para as provas!","isPartOf":{"@id":"https:\/\/www.estrategiaconcursos.com.br\/blog\/#website"},"primaryImageOfPage":{"@id":"https:\/\/www.estrategiaconcursos.com.br\/blog\/edital-dpdf-2020\/#primaryimage"},"image":{"@id":"https:\/\/www.estrategiaconcursos.com.br\/blog\/edital-dpdf-2020\/#primaryimage"},"thumbnailUrl":"https:\/\/dhg1h5j42swfq.cloudfront.net\/2020\/07\/15091720\/DP_DF.jpg","datePublished":"2022-02-02T03:00:00+00:00","dateModified":"2022-02-03T11:12:58+00:00","description":"Edital DPDF: candidatos convocados para as provas! Sele\u00e7\u00e3o oferta 60 vagas para o cargo de Analista de Apoio \u00e0 Assist\u00eancia Judici\u00e1ria.","breadcrumb":{"@id":"https:\/\/www.estrategiaconcursos.com.br\/blog\/edital-dpdf-2020\/#breadcrumb"},"inLanguage":"pt-BR","potentialAction":[{"@type":"ReadAction","target":["https:\/\/www.estrategiaconcursos.com.br\/blog\/edital-dpdf-2020\/"]}]},{"@type":"ImageObject","inLanguage":"pt-BR","@id":"https:\/\/www.estrategiaconcursos.com.br\/blog\/edital-dpdf-2020\/#primaryimage","url":"https:\/\/dhg1h5j42swfq.cloudfront.net\/2020\/07\/15091720\/DP_DF.jpg","contentUrl":"https:\/\/dhg1h5j42swfq.cloudfront.net\/2020\/07\/15091720\/DP_DF.jpg","width":1200,"height":628,"caption":"edital DPDF"},{"@type":"BreadcrumbList","@id":"https:\/\/www.estrategiaconcursos.com.br\/blog\/edital-dpdf-2020\/#breadcrumb","itemListElement":[{"@type":"ListItem","position":1,"name":"In\u00edcio","item":"https:\/\/www.estrategiaconcursos.com.br\/blog\/"},{"@type":"ListItem","position":2,"name":"Edital DPDF: confira aqui a convoca\u00e7\u00e3o para as provas!"}]},{"@type":"WebSite","@id":"https:\/\/www.estrategiaconcursos.com.br\/blog\/#website","url":"https:\/\/www.estrategiaconcursos.com.br\/blog\/","name":"Estrat\u00e9gia Concursos","description":"O blog da Estrat\u00e9gia Concursos traz not\u00edcias sobre concursos e artigos de professores oferecendo cursos para concursos (pdf + videaulas) no site.","publisher":{"@id":"https:\/\/www.estrategiaconcursos.com.br\/blog\/#organization"},"potentialAction":[{"@type":"SearchAction","target":{"@type":"EntryPoint","urlTemplate":"https:\/\/www.estrategiaconcursos.com.br\/blog\/?s={search_term_string}"},"query-input":{"@type":"PropertyValueSpecification","valueRequired":true,"valueName":"search_term_string"}}],"inLanguage":"pt-BR"},{"@type":"Organization","@id":"https:\/\/www.estrategiaconcursos.com.br\/blog\/#organization","name":"Estrat\u00e9gia Concursos","url":"https:\/\/www.estrategiaconcursos.com.br\/blog\/","logo":{"@type":"ImageObject","inLanguage":"pt-BR","@id":"https:\/\/www.estrategiaconcursos.com.br\/blog\/#\/schema\/logo\/image\/","url":"https:\/\/dhg1h5j42swfq.cloudfront.net\/2025\/06\/03203428\/logo_concursos-1.jpg","contentUrl":"https:\/\/dhg1h5j42swfq.cloudfront.net\/2025\/06\/03203428\/logo_concursos-1.jpg","width":230,"height":60,"caption":"Estrat\u00e9gia Concursos"},"image":{"@id":"https:\/\/www.estrategiaconcursos.com.br\/blog\/#\/schema\/logo\/image\/"},"sameAs":["https:\/\/x.com\/EstratConcursos"]},{"@type":"Person","@id":"https:\/\/www.estrategiaconcursos.com.br\/blog\/#\/schema\/person\/024d26d5efb06d95dfc04025d7301591","name":"Igor Maciel","image":{"@type":"ImageObject","inLanguage":"pt-BR","@id":"https:\/\/secure.gravatar.com\/avatar\/e983a676af6facf4aebcb2989d49e3bf61b718712d5e7a4b3f355b7fe651bc2f?s=96&d=mm&r=g","url":"https:\/\/secure.gravatar.com\/avatar\/e983a676af6facf4aebcb2989d49e3bf61b718712d5e7a4b3f355b7fe651bc2f?s=96&d=mm&r=g","contentUrl":"https:\/\/secure.gravatar.com\/avatar\/e983a676af6facf4aebcb2989d49e3bf61b718712d5e7a4b3f355b7fe651bc2f?s=96&d=mm&r=g","caption":"Igor Maciel"},"description":"Graduado na Universidade Federal de Pernambuco, com extens\u00e3o na Universidade de Coimbra\/Portugal. Especialista LLM em Direito Corporativo pelo IBMEC\/RJ. Mestrando em Direito e Pol\u00edticas P\u00fablicas pelo UNICEUB\/DF. Advogado com atua\u00e7\u00e3o profissional centrada no Direito Tribut\u00e1rio e no Direito Administrativo, especialmente na defesa de servidores p\u00fablicos.","sameAs":["http:\/\/www.imaciel.com.br","https:\/\/www.facebook.com\/igor.maciel.1420"],"url":"https:\/\/www.estrategiaconcursos.com.br\/blog\/author\/contatoimaciel-com-br\/"}]}},"_links":{"self":[{"href":"https:\/\/www.estrategiaconcursos.com.br\/blog\/wp-json\/wp\/v2\/posts\/515270","targetHints":{"allow":["GET"]}}],"collection":[{"href":"https:\/\/www.estrategiaconcursos.com.br\/blog\/wp-json\/wp\/v2\/posts"}],"about":[{"href":"https:\/\/www.estrategiaconcursos.com.br\/blog\/wp-json\/wp\/v2\/types\/post"}],"author":[{"embeddable":true,"href":"https:\/\/www.estrategiaconcursos.com.br\/blog\/wp-json\/wp\/v2\/users\/317"}],"replies":[{"embeddable":true,"href":"https:\/\/www.estrategiaconcursos.com.br\/blog\/wp-json\/wp\/v2\/comments?post=515270"}],"version-history":[{"count":50,"href":"https:\/\/www.estrategiaconcursos.com.br\/blog\/wp-json\/wp\/v2\/posts\/515270\/revisions"}],"predecessor-version":[{"id":960608,"href":"https:\/\/www.estrategiaconcursos.com.br\/blog\/wp-json\/wp\/v2\/posts\/515270\/revisions\/960608"}],"wp:featuredmedia":[{"embeddable":true,"href":"https:\/\/www.estrategiaconcursos.com.br\/blog\/wp-json\/wp\/v2\/media\/572116"}],"wp:attachment":[{"href":"https:\/\/www.estrategiaconcursos.com.br\/blog\/wp-json\/wp\/v2\/media?parent=515270"}],"wp:term":[{"taxonomy":"category","embeddable":true,"href":"https:\/\/www.estrategiaconcursos.com.br\/blog\/wp-json\/wp\/v2\/categories?post=515270"},{"taxonomy":"post_tag","embeddable":true,"href":"https:\/\/www.estrategiaconcursos.com.br\/blog\/wp-json\/wp\/v2\/tags?post=515270"},{"taxonomy":"tax_estado","embeddable":true,"href":"https:\/\/www.estrategiaconcursos.com.br\/blog\/wp-json\/wp\/v2\/tax_estado?post=515270"}],"curies":[{"name":"wp","href":"https:\/\/api.w.org\/{rel}","templated":true}]}}