{"id":515173,"date":"2020-05-15T12:51:49","date_gmt":"2020-05-15T15:51:49","guid":{"rendered":"https:\/\/www.estrategiaconcursos.com.br\/blog\/?p=515173"},"modified":"2023-06-19T10:23:39","modified_gmt":"2023-06-19T13:23:39","slug":"concurso-ministerio-da-justica-edital-retificado","status":"publish","type":"post","link":"https:\/\/www.estrategiaconcursos.com.br\/blog\/concurso-ministerio-da-justica-edital-retificado\/","title":{"rendered":"Edital do concurso Minist\u00e9rio da Justi\u00e7a \u00e9 retificado!"},"content":{"rendered":"\n<p>Foi publicado o primeiro termo de retifica\u00e7\u00e3o do <strong>processo seletivo simplificado do Minist\u00e9rio da Justi\u00e7a e Seguran\u00e7a P\u00fablica<\/strong>. As altera\u00e7\u00f5es se d\u00e3o em dois itens do edital, que disp\u00f5em sobre as leis de trabalho, que passam a valer da seguinte maneira: <\/p>\n\n\n\n<p><strong>1.2 <\/strong>O Processo Seletivo Simplificado destina-se ao preenchimento de 35 (trinta e cinco) vagas existentes, nos termos da Lei n\u00ba 8.745, de 9 de dezembro de 1993, no quadro de profissionais do Minist\u00e9rio da Justi\u00e7a e Seguran\u00e7a P\u00fablica, com lota\u00e7\u00e3o exclusivamente na cidade de Bras\u00edlia\/DF, de acordo com a Tabela 2.1 deste Edital e tem prazo de validade de 02 (dois) anos a contar da data de homologa\u00e7\u00e3o do certame, podendo ser prorrogado, conforme o Decreto n\u00ba 9.739 de 28 de mar\u00e7o de 2019.<\/p>\n\n\n\n<p><strong>19.1<\/strong> As contrata\u00e7\u00f5es ser\u00e3o efetuadas por prazo determinado, nos termos da Lei n\u00ba 8.745, de 9 de dezembro de 1993 e n\u00e3o envolvem, em qualquer hip\u00f3tese, a estabilidade prevista no argo 41 da Constitui\u00e7\u00e3o Federal. As contrata\u00e7\u00f5es obedecer\u00e3o \u00e0 ordem de classifica\u00e7\u00e3o dos candidatos aprovados. Demais documentos que se fizerem necess\u00e1rios ser\u00e3o posteriormente informados pelo Minist\u00e9rio da Justi\u00e7a e Seguran\u00e7a P\u00fablica.<\/p>\n\n\n\n<h3 class=\"wp-block-heading\">Vagas e inscri\u00e7\u00f5es<\/h3>\n\n\n\n<p>O Minist\u00e9rio da Justi\u00e7a e Seguran\u00e7a P\u00fablica oferta <strong>35 vagas tempor\u00e1rias<\/strong> em seu processo seletivo. As oportunidades s\u00e3o para a \u00e1rea de Tecnologia de Informa\u00e7\u00e3o, aos cargos de Analista de Governan\u00e7a de Dados (Big Data), Cientista de Dados (Big Data) e Engenheiro de Dados (Big Data).<\/p>\n\n\n\n<p>Os servidores ter\u00e3o remunera\u00e7\u00e3o de R$ 8.300,00, devendo possuir forma\u00e7\u00e3o espec\u00edfica de n\u00edvel superior. A lota\u00e7\u00e3o ser\u00e1 exclusivamente na cidade de Bras\u00edlia\/DF.<\/p>\n\n\n\n<p>Com inscri\u00e7\u00f5es abertas, os interessados em garantir sua candidatura devem acessar o site da banca organizadora, o <strong>Instituto AOCP<\/strong>, at\u00e9 o dia 15 de junho, al\u00e9m de pagar a taxa fixada no valor de R$ 60,00. A aplica\u00e7\u00e3o das provas est\u00e1 prevista para 02 de agosto.<\/p>\n\n\n\n<p class=\"has-text-align-center has-very-light-gray-background-color has-background\" style=\"font-size:clamp(14.642px, 0.915rem + ((1vw - 3.2px) * 0.721), 22px);px\"><strong>Saiba mais: <a href=\"https:\/\/www.estrategiaconcursos.com.br\/blog\/concurso-ministerio-da-justica\/\" target=\"_blank\" rel=\"noreferrer noopener\">Concurso Minist\u00e9rio da Justi\u00e7a<\/a><\/strong><\/p>\n\n\n\n<p class=\"has-text-align-center\"><em><strong>Assinatura Anual Ilimitada*<\/strong><\/em><\/p>\n\n\n\n<p class=\"has-text-align-center\"><em>Prepare-se com o melhor material e com quem mais aprova em Concursos P\u00fablicos em todo o pa\u00eds. Assine agora a nossa Assinatura Anual e tenha acesso ilimitado a todos os nossos cursos.<\/em><\/p>\n\n\n\n<p class=\"has-text-align-center has-luminous-vivid-amber-background-color has-background\" style=\"font-size:clamp(14.642px, 0.915rem + ((1vw - 3.2px) * 0.721), 22px);px\"><strong>ASSINE AGORA<\/strong>&nbsp;\u2013&nbsp;<a rel=\"noreferrer noopener\" href=\"https:\/\/www.estrategiaconcursos.com.br\/assinaturas\" target=\"_blank\"><strong>Assinatura Ilimitada<\/strong><\/a><\/p>\n\n\n\n<p class=\"has-text-align-center has-light-green-cyan-background-color has-background\" style=\"font-size:clamp(14.642px, 0.915rem + ((1vw - 3.2px) * 0.721), 22px);px\"><strong><a rel=\"noreferrer noopener\" href=\"https:\/\/www.estrategiaconcursos.com.br\/cursosPorConcurso\/promocao-pacotes-para-ministerio-da-justica-e-seguranca-publica-mjsp-r\/\" target=\"_blank\">Curso Minist\u00e9rio da Justi\u00e7a<\/a><\/strong><\/p>\n\n\n\n<p class=\"has-text-align-center has-medium-font-size\"><strong><em><strong>Sistema de Quest\u00f5es<\/strong><\/em><\/strong><\/p>\n\n\n\n<p class=\"has-text-align-center\"><em>Estrat\u00e9gia Quest\u00f5es nasceu maior do que todos os concorrentes, com mais quest\u00f5es cadastradas e mais solu\u00e7\u00f5es por professores. Clique no link e aproveite os descontos e b\u00f4nus imperd\u00edveis!<\/em><\/p>\n\n\n\n<p class=\"has-text-align-center has-vivid-green-cyan-background-color has-background\" style=\"font-size:clamp(14.642px, 0.915rem + ((1vw - 3.2px) * 0.721), 22px);px\"><strong>ASSINE AGORA \u2013&nbsp;<a rel=\"noreferrer noopener\" href=\"https:\/\/www.estrategiaconcursos.com.br\/cursosPorConcurso\/sistema-de-questoes\/#\/\" target=\"_blank\">Sistema de Quest\u00f5es<\/a><\/strong><\/p>\n\n\n\n<p class=\"has-text-align-center has-medium-font-size\"><em><strong>Fique por dentro de todos os concursos<\/strong><\/em>:<\/p>\n\n\n\n<p class=\"has-text-align-center has-pale-cyan-blue-background-color has-background\" style=\"font-size:clamp(14.642px, 0.915rem + ((1vw - 3.2px) * 0.721), 22px);px\"><a href=\"https:\/\/www.estrategiaconcursos.com.br\/blog\/concursos-abertos\/\" target=\"_blank\" rel=\"noreferrer noopener\"><strong>Concursos abertos<\/strong><\/a><\/p>\n","protected":false},"excerpt":{"rendered":"<p>Foi publicado o primeiro termo de retifica\u00e7\u00e3o do processo seletivo simplificado do Minist\u00e9rio da Justi\u00e7a e Seguran\u00e7a P\u00fablica. As altera\u00e7\u00f5es se d\u00e3o em dois itens do edital, que disp\u00f5em sobre as leis de trabalho, que passam a valer da seguinte maneira: 1.2 O Processo Seletivo Simplificado destina-se ao preenchimento de 35 (trinta e cinco) vagas [&hellip;]<\/p>\n","protected":false},"author":215,"featured_media":0,"comment_status":"open","ping_status":"closed","sticky":false,"template":"","format":"standard","meta":{"post_tipo":"article","footnotes":""},"categories":[1],"tags":[],"tax_estado":[],"class_list":["post-515173","post","type-post","status-publish","format-standard","hentry","category-cursos-e-concursos"],"acf":[],"yoast_head":"<!-- This site is optimized with the Yoast SEO Premium plugin v27.2 (Yoast SEO v27.2) - https:\/\/yoast.com\/product\/yoast-seo-premium-wordpress\/ -->\n<title>Edital do concurso Minist\u00e9rio da Justi\u00e7a \u00e9 retificado!<\/title>\n<meta name=\"description\" content=\"Concuro Minist\u00e9rio da Justi\u00e7a: Publicada primeira retifica\u00e7\u00e3o do edital. Inscri\u00e7\u00f5es abertas para 35 vagas tempor\u00e1rias. CONFIRA!\" \/>\n<meta name=\"robots\" content=\"index, follow, max-snippet:-1, max-image-preview:large, max-video-preview:-1\" \/>\n<link rel=\"canonical\" href=\"https:\/\/www.estrategiaconcursos.com.br\/blog\/concurso-ministerio-da-justica-edital-retificado\/\" \/>\n<meta property=\"og:locale\" content=\"pt_BR\" \/>\n<meta property=\"og:type\" content=\"article\" \/>\n<meta property=\"og:title\" content=\"Edital do concurso Minist\u00e9rio da Justi\u00e7a \u00e9 retificado!\" \/>\n<meta property=\"og:description\" content=\"Concuro Minist\u00e9rio da Justi\u00e7a: Publicada primeira retifica\u00e7\u00e3o do edital. Inscri\u00e7\u00f5es abertas para 35 vagas tempor\u00e1rias. CONFIRA!\" \/>\n<meta property=\"og:url\" content=\"https:\/\/www.estrategiaconcursos.com.br\/blog\/concurso-ministerio-da-justica-edital-retificado\/\" \/>\n<meta property=\"og:site_name\" content=\"Estrat\u00e9gia Concursos\" \/>\n<meta property=\"article:published_time\" content=\"2020-05-15T15:51:49+00:00\" \/>\n<meta property=\"article:modified_time\" content=\"2023-06-19T13:23:39+00:00\" \/>\n<meta name=\"author\" content=\"Thiago Rodrigues Cavalcanti\" \/>\n<meta name=\"twitter:card\" content=\"summary_large_image\" \/>\n<meta name=\"twitter:creator\" content=\"@EstratConcursos\" \/>\n<meta name=\"twitter:site\" content=\"@EstratConcursos\" \/>\n<meta name=\"twitter:label1\" content=\"Escrito por\" \/>\n\t<meta name=\"twitter:data1\" content=\"Thiago Rodrigues Cavalcanti\" \/>\n\t<meta name=\"twitter:label2\" content=\"Est. tempo de leitura\" \/>\n\t<meta name=\"twitter:data2\" content=\"2 minutos\" \/>\n<script type=\"application\/ld+json\" class=\"yoast-schema-graph\">{\"@context\":\"https:\/\/schema.org\",\"@graph\":[{\"@type\":\"NewsArticle\",\"@id\":\"https:\/\/www.estrategiaconcursos.com.br\/blog\/concurso-ministerio-da-justica-edital-retificado\/#article\",\"isPartOf\":{\"@id\":\"https:\/\/www.estrategiaconcursos.com.br\/blog\/concurso-ministerio-da-justica-edital-retificado\/\"},\"author\":{\"name\":\"Thiago Rodrigues Cavalcanti\",\"@id\":\"https:\/\/www.estrategiaconcursos.com.br\/blog\/#\/schema\/person\/fcaf7747a784c860b8a4feb3dd2c528e\"},\"headline\":\"Edital do concurso Minist\u00e9rio da Justi\u00e7a \u00e9 retificado!\",\"datePublished\":\"2020-05-15T15:51:49+00:00\",\"dateModified\":\"2023-06-19T13:23:39+00:00\",\"mainEntityOfPage\":{\"@id\":\"https:\/\/www.estrategiaconcursos.com.br\/blog\/concurso-ministerio-da-justica-edital-retificado\/\"},\"wordCount\":453,\"commentCount\":0,\"publisher\":{\"@id\":\"https:\/\/www.estrategiaconcursos.com.br\/blog\/#organization\"},\"articleSection\":[\"Concursos P\u00fablicos\"],\"inLanguage\":\"pt-BR\",\"potentialAction\":[{\"@type\":\"CommentAction\",\"name\":\"Comment\",\"target\":[\"https:\/\/www.estrategiaconcursos.com.br\/blog\/concurso-ministerio-da-justica-edital-retificado\/#respond\"]}],\"copyrightYear\":\"2020\",\"copyrightHolder\":{\"@id\":\"https:\/\/www.estrategiaconcursos.com.br\/blog\/#organization\"}},{\"@type\":\"WebPage\",\"@id\":\"https:\/\/www.estrategiaconcursos.com.br\/blog\/concurso-ministerio-da-justica-edital-retificado\/\",\"url\":\"https:\/\/www.estrategiaconcursos.com.br\/blog\/concurso-ministerio-da-justica-edital-retificado\/\",\"name\":\"Edital do concurso Minist\u00e9rio da Justi\u00e7a \u00e9 retificado!\",\"isPartOf\":{\"@id\":\"https:\/\/www.estrategiaconcursos.com.br\/blog\/#website\"},\"datePublished\":\"2020-05-15T15:51:49+00:00\",\"dateModified\":\"2023-06-19T13:23:39+00:00\",\"description\":\"Concuro Minist\u00e9rio da Justi\u00e7a: Publicada primeira retifica\u00e7\u00e3o do edital. Inscri\u00e7\u00f5es abertas para 35 vagas tempor\u00e1rias. CONFIRA!\",\"breadcrumb\":{\"@id\":\"https:\/\/www.estrategiaconcursos.com.br\/blog\/concurso-ministerio-da-justica-edital-retificado\/#breadcrumb\"},\"inLanguage\":\"pt-BR\",\"potentialAction\":[{\"@type\":\"ReadAction\",\"target\":[\"https:\/\/www.estrategiaconcursos.com.br\/blog\/concurso-ministerio-da-justica-edital-retificado\/\"]}]},{\"@type\":\"BreadcrumbList\",\"@id\":\"https:\/\/www.estrategiaconcursos.com.br\/blog\/concurso-ministerio-da-justica-edital-retificado\/#breadcrumb\",\"itemListElement\":[{\"@type\":\"ListItem\",\"position\":1,\"name\":\"In\u00edcio\",\"item\":\"https:\/\/www.estrategiaconcursos.com.br\/blog\/\"},{\"@type\":\"ListItem\",\"position\":2,\"name\":\"Edital do concurso Minist\u00e9rio da Justi\u00e7a \u00e9 retificado!\"}]},{\"@type\":\"WebSite\",\"@id\":\"https:\/\/www.estrategiaconcursos.com.br\/blog\/#website\",\"url\":\"https:\/\/www.estrategiaconcursos.com.br\/blog\/\",\"name\":\"Estrat\u00e9gia Concursos\",\"description\":\"O blog da Estrat\u00e9gia Concursos traz not\u00edcias sobre concursos e artigos de professores oferecendo cursos para concursos (pdf + videaulas) no site.\",\"publisher\":{\"@id\":\"https:\/\/www.estrategiaconcursos.com.br\/blog\/#organization\"},\"potentialAction\":[{\"@type\":\"SearchAction\",\"target\":{\"@type\":\"EntryPoint\",\"urlTemplate\":\"https:\/\/www.estrategiaconcursos.com.br\/blog\/?s={search_term_string}\"},\"query-input\":{\"@type\":\"PropertyValueSpecification\",\"valueRequired\":true,\"valueName\":\"search_term_string\"}}],\"inLanguage\":\"pt-BR\"},{\"@type\":\"Organization\",\"@id\":\"https:\/\/www.estrategiaconcursos.com.br\/blog\/#organization\",\"name\":\"Estrat\u00e9gia Concursos\",\"url\":\"https:\/\/www.estrategiaconcursos.com.br\/blog\/\",\"logo\":{\"@type\":\"ImageObject\",\"inLanguage\":\"pt-BR\",\"@id\":\"https:\/\/www.estrategiaconcursos.com.br\/blog\/#\/schema\/logo\/image\/\",\"url\":\"https:\/\/dhg1h5j42swfq.cloudfront.net\/2025\/06\/03203428\/logo_concursos-1.jpg\",\"contentUrl\":\"https:\/\/dhg1h5j42swfq.cloudfront.net\/2025\/06\/03203428\/logo_concursos-1.jpg\",\"width\":230,\"height\":60,\"caption\":\"Estrat\u00e9gia Concursos\"},\"image\":{\"@id\":\"https:\/\/www.estrategiaconcursos.com.br\/blog\/#\/schema\/logo\/image\/\"},\"sameAs\":[\"https:\/\/x.com\/EstratConcursos\"]},{\"@type\":\"Person\",\"@id\":\"https:\/\/www.estrategiaconcursos.com.br\/blog\/#\/schema\/person\/fcaf7747a784c860b8a4feb3dd2c528e\",\"name\":\"Thiago Rodrigues Cavalcanti\",\"image\":{\"@type\":\"ImageObject\",\"inLanguage\":\"pt-BR\",\"@id\":\"https:\/\/secure.gravatar.com\/avatar\/08e6c519fe84ceb0618b23307f2dee18afb2b5dce83a93b6a66dfdd007a08564?s=96&d=mm&r=g\",\"url\":\"https:\/\/secure.gravatar.com\/avatar\/08e6c519fe84ceb0618b23307f2dee18afb2b5dce83a93b6a66dfdd007a08564?s=96&d=mm&r=g\",\"contentUrl\":\"https:\/\/secure.gravatar.com\/avatar\/08e6c519fe84ceb0618b23307f2dee18afb2b5dce83a93b6a66dfdd007a08564?s=96&d=mm&r=g\",\"caption\":\"Thiago Rodrigues Cavalcanti\"},\"url\":\"https:\/\/www.estrategiaconcursos.com.br\/blog\/author\/rcthiagogmail-com\/\"}]}<\/script>\n<!-- \/ Yoast SEO Premium plugin. -->","yoast_head_json":{"title":"Edital do concurso Minist\u00e9rio da Justi\u00e7a \u00e9 retificado!","description":"Concuro Minist\u00e9rio da Justi\u00e7a: Publicada primeira retifica\u00e7\u00e3o do edital. Inscri\u00e7\u00f5es abertas para 35 vagas tempor\u00e1rias. CONFIRA!","robots":{"index":"index","follow":"follow","max-snippet":"max-snippet:-1","max-image-preview":"max-image-preview:large","max-video-preview":"max-video-preview:-1"},"canonical":"https:\/\/www.estrategiaconcursos.com.br\/blog\/concurso-ministerio-da-justica-edital-retificado\/","og_locale":"pt_BR","og_type":"article","og_title":"Edital do concurso Minist\u00e9rio da Justi\u00e7a \u00e9 retificado!","og_description":"Concuro Minist\u00e9rio da Justi\u00e7a: Publicada primeira retifica\u00e7\u00e3o do edital. Inscri\u00e7\u00f5es abertas para 35 vagas tempor\u00e1rias. CONFIRA!","og_url":"https:\/\/www.estrategiaconcursos.com.br\/blog\/concurso-ministerio-da-justica-edital-retificado\/","og_site_name":"Estrat\u00e9gia Concursos","article_published_time":"2020-05-15T15:51:49+00:00","article_modified_time":"2023-06-19T13:23:39+00:00","author":"Thiago Rodrigues Cavalcanti","twitter_card":"summary_large_image","twitter_creator":"@EstratConcursos","twitter_site":"@EstratConcursos","twitter_misc":{"Escrito por":"Thiago Rodrigues Cavalcanti","Est. tempo de leitura":"2 minutos"},"schema":{"@context":"https:\/\/schema.org","@graph":[{"@type":"NewsArticle","@id":"https:\/\/www.estrategiaconcursos.com.br\/blog\/concurso-ministerio-da-justica-edital-retificado\/#article","isPartOf":{"@id":"https:\/\/www.estrategiaconcursos.com.br\/blog\/concurso-ministerio-da-justica-edital-retificado\/"},"author":{"name":"Thiago Rodrigues Cavalcanti","@id":"https:\/\/www.estrategiaconcursos.com.br\/blog\/#\/schema\/person\/fcaf7747a784c860b8a4feb3dd2c528e"},"headline":"Edital do concurso Minist\u00e9rio da Justi\u00e7a \u00e9 retificado!","datePublished":"2020-05-15T15:51:49+00:00","dateModified":"2023-06-19T13:23:39+00:00","mainEntityOfPage":{"@id":"https:\/\/www.estrategiaconcursos.com.br\/blog\/concurso-ministerio-da-justica-edital-retificado\/"},"wordCount":453,"commentCount":0,"publisher":{"@id":"https:\/\/www.estrategiaconcursos.com.br\/blog\/#organization"},"articleSection":["Concursos P\u00fablicos"],"inLanguage":"pt-BR","potentialAction":[{"@type":"CommentAction","name":"Comment","target":["https:\/\/www.estrategiaconcursos.com.br\/blog\/concurso-ministerio-da-justica-edital-retificado\/#respond"]}],"copyrightYear":"2020","copyrightHolder":{"@id":"https:\/\/www.estrategiaconcursos.com.br\/blog\/#organization"}},{"@type":"WebPage","@id":"https:\/\/www.estrategiaconcursos.com.br\/blog\/concurso-ministerio-da-justica-edital-retificado\/","url":"https:\/\/www.estrategiaconcursos.com.br\/blog\/concurso-ministerio-da-justica-edital-retificado\/","name":"Edital do concurso Minist\u00e9rio da Justi\u00e7a \u00e9 retificado!","isPartOf":{"@id":"https:\/\/www.estrategiaconcursos.com.br\/blog\/#website"},"datePublished":"2020-05-15T15:51:49+00:00","dateModified":"2023-06-19T13:23:39+00:00","description":"Concuro Minist\u00e9rio da Justi\u00e7a: Publicada primeira retifica\u00e7\u00e3o do edital. Inscri\u00e7\u00f5es abertas para 35 vagas tempor\u00e1rias. CONFIRA!","breadcrumb":{"@id":"https:\/\/www.estrategiaconcursos.com.br\/blog\/concurso-ministerio-da-justica-edital-retificado\/#breadcrumb"},"inLanguage":"pt-BR","potentialAction":[{"@type":"ReadAction","target":["https:\/\/www.estrategiaconcursos.com.br\/blog\/concurso-ministerio-da-justica-edital-retificado\/"]}]},{"@type":"BreadcrumbList","@id":"https:\/\/www.estrategiaconcursos.com.br\/blog\/concurso-ministerio-da-justica-edital-retificado\/#breadcrumb","itemListElement":[{"@type":"ListItem","position":1,"name":"In\u00edcio","item":"https:\/\/www.estrategiaconcursos.com.br\/blog\/"},{"@type":"ListItem","position":2,"name":"Edital do concurso Minist\u00e9rio da Justi\u00e7a \u00e9 retificado!"}]},{"@type":"WebSite","@id":"https:\/\/www.estrategiaconcursos.com.br\/blog\/#website","url":"https:\/\/www.estrategiaconcursos.com.br\/blog\/","name":"Estrat\u00e9gia Concursos","description":"O blog da Estrat\u00e9gia Concursos traz not\u00edcias sobre concursos e artigos de professores oferecendo cursos para concursos (pdf + videaulas) no site.","publisher":{"@id":"https:\/\/www.estrategiaconcursos.com.br\/blog\/#organization"},"potentialAction":[{"@type":"SearchAction","target":{"@type":"EntryPoint","urlTemplate":"https:\/\/www.estrategiaconcursos.com.br\/blog\/?s={search_term_string}"},"query-input":{"@type":"PropertyValueSpecification","valueRequired":true,"valueName":"search_term_string"}}],"inLanguage":"pt-BR"},{"@type":"Organization","@id":"https:\/\/www.estrategiaconcursos.com.br\/blog\/#organization","name":"Estrat\u00e9gia Concursos","url":"https:\/\/www.estrategiaconcursos.com.br\/blog\/","logo":{"@type":"ImageObject","inLanguage":"pt-BR","@id":"https:\/\/www.estrategiaconcursos.com.br\/blog\/#\/schema\/logo\/image\/","url":"https:\/\/dhg1h5j42swfq.cloudfront.net\/2025\/06\/03203428\/logo_concursos-1.jpg","contentUrl":"https:\/\/dhg1h5j42swfq.cloudfront.net\/2025\/06\/03203428\/logo_concursos-1.jpg","width":230,"height":60,"caption":"Estrat\u00e9gia Concursos"},"image":{"@id":"https:\/\/www.estrategiaconcursos.com.br\/blog\/#\/schema\/logo\/image\/"},"sameAs":["https:\/\/x.com\/EstratConcursos"]},{"@type":"Person","@id":"https:\/\/www.estrategiaconcursos.com.br\/blog\/#\/schema\/person\/fcaf7747a784c860b8a4feb3dd2c528e","name":"Thiago Rodrigues Cavalcanti","image":{"@type":"ImageObject","inLanguage":"pt-BR","@id":"https:\/\/secure.gravatar.com\/avatar\/08e6c519fe84ceb0618b23307f2dee18afb2b5dce83a93b6a66dfdd007a08564?s=96&d=mm&r=g","url":"https:\/\/secure.gravatar.com\/avatar\/08e6c519fe84ceb0618b23307f2dee18afb2b5dce83a93b6a66dfdd007a08564?s=96&d=mm&r=g","contentUrl":"https:\/\/secure.gravatar.com\/avatar\/08e6c519fe84ceb0618b23307f2dee18afb2b5dce83a93b6a66dfdd007a08564?s=96&d=mm&r=g","caption":"Thiago Rodrigues Cavalcanti"},"url":"https:\/\/www.estrategiaconcursos.com.br\/blog\/author\/rcthiagogmail-com\/"}]}},"_links":{"self":[{"href":"https:\/\/www.estrategiaconcursos.com.br\/blog\/wp-json\/wp\/v2\/posts\/515173","targetHints":{"allow":["GET"]}}],"collection":[{"href":"https:\/\/www.estrategiaconcursos.com.br\/blog\/wp-json\/wp\/v2\/posts"}],"about":[{"href":"https:\/\/www.estrategiaconcursos.com.br\/blog\/wp-json\/wp\/v2\/types\/post"}],"author":[{"embeddable":true,"href":"https:\/\/www.estrategiaconcursos.com.br\/blog\/wp-json\/wp\/v2\/users\/215"}],"replies":[{"embeddable":true,"href":"https:\/\/www.estrategiaconcursos.com.br\/blog\/wp-json\/wp\/v2\/comments?post=515173"}],"version-history":[{"count":5,"href":"https:\/\/www.estrategiaconcursos.com.br\/blog\/wp-json\/wp\/v2\/posts\/515173\/revisions"}],"predecessor-version":[{"id":1234451,"href":"https:\/\/www.estrategiaconcursos.com.br\/blog\/wp-json\/wp\/v2\/posts\/515173\/revisions\/1234451"}],"wp:attachment":[{"href":"https:\/\/www.estrategiaconcursos.com.br\/blog\/wp-json\/wp\/v2\/media?parent=515173"}],"wp:term":[{"taxonomy":"category","embeddable":true,"href":"https:\/\/www.estrategiaconcursos.com.br\/blog\/wp-json\/wp\/v2\/categories?post=515173"},{"taxonomy":"post_tag","embeddable":true,"href":"https:\/\/www.estrategiaconcursos.com.br\/blog\/wp-json\/wp\/v2\/tags?post=515173"},{"taxonomy":"tax_estado","embeddable":true,"href":"https:\/\/www.estrategiaconcursos.com.br\/blog\/wp-json\/wp\/v2\/tax_estado?post=515173"}],"curies":[{"name":"wp","href":"https:\/\/api.w.org\/{rel}","templated":true}]}}