{"id":515118,"date":"2020-05-15T12:51:03","date_gmt":"2020-05-15T15:51:03","guid":{"rendered":"https:\/\/www.estrategiaconcursos.com.br\/blog\/?p=515118"},"modified":"2020-08-26T09:38:26","modified_gmt":"2020-08-26T12:38:26","slug":"concurso-dpu-stf-indefere-ado-proposta-pela-carreira","status":"publish","type":"post","link":"https:\/\/www.estrategiaconcursos.com.br\/blog\/concurso-dpu-stf-indefere-ado-proposta-pela-carreira\/","title":{"rendered":"Concurso DPU: STF indefere ADO proposta pela carreira"},"content":{"rendered":"\n<p>O Supremo Tribunal Federal (STF)  julgou improcedente o pedido da A\u00e7\u00e3o Direta de Inconstitucionalidade por Omiss\u00e3o n.\u00ba 138856 proposta pela Associa\u00e7\u00e3o de Defensores P\u00fablicos da Uni\u00e3o. A decis\u00e3o foi publicada no Di\u00e1rio Oficial da Uni\u00e3o nesta sexta-feira, 15 de maio. <\/p>\n\n\n\n<p>A a\u00e7\u00e3o inicial foi proposta em 2005, como <a href=\"http:\/\/portal.stf.jus.br\/processos\/detalhe.asp?incidente=2341878\" target=\"_blank\" rel=\"noreferrer noopener\">A\u00e7\u00e3o Direta de Inconstitucionalidade n.\u00ba 3622<\/a> que, em 2008, foi convertida em ADO, j\u00e1 que seu pedido alegava a <em>aus\u00eancia de implanta\u00e7\u00e3o efetiva do \u00f3rg\u00e3o<\/em> por<strong> <em>omiss\u00e3o<\/em><\/strong><em> <\/em>legislativa e administrativa, e requeria a cria\u00e7\u00e3o de novos cargos e prerrogativas na carreira. <\/p>\n\n\n\n<p class=\"has-background has-very-light-gray-background-color\">De acordo com a decis\u00e3o, no caso espec\u00edfico da Defensoria P\u00fablica da Uni\u00e3o n\u00e3o h\u00e1 comprova\u00e7\u00e3o de que o Poder P\u00fablico tenha sido inerte quanto \u00e0 sua estrutura\u00e7\u00e3o, tendo em vista a exist\u00eancia de esfor\u00e7os legislativos e administrativos na implanta\u00e7\u00e3o da institui\u00e7\u00e3o em \u00e2mbito nacional. <\/p>\n\n\n\n<p>Isso porque, segundo ela, a EC 80\/2014 incluiu o artigo 98 no Ato das Disposi\u00e7\u00f5es Constitucionais Transit\u00f3rias da Constitui\u00e7\u00e3o Federal, estabelecendo a proporcionalidade do n\u00famero de defensores p\u00fablicos em rela\u00e7\u00e3o \u00e0 demanda pelo servi\u00e7o; \u00e0 densidade populacional e aos \u00edndices de exclus\u00e3o social das unidades jurisdicionais, e estabelecendo que, em 8 anos, todos os entes da Federa\u00e7\u00e3o deveriam contar com defensores p\u00fablicos.<\/p>\n\n\n\n<p>A decis\u00e3o aponta tamb\u00e9m que a Defensoria P\u00fablica Federal realizou concursos p\u00fablicos em 2001, 2004, 2007, 2010, 2014 e 2017, havendo, ainda, a previs\u00e3o de cria\u00e7\u00e3o de novos cargos efetivos no atual Projeto de Lei Or\u00e7ament\u00e1ria de 2020. E que, dada a escassez dos recursos estatais, h\u00e1 um descompasso entre as demandas da sociedade e as capacidades jur\u00eddico-administrativas do Estado, obrigando o gestor p\u00fablico a realizar <em>escolhas alocativas tr\u00e1gicas<\/em>.<\/p>\n\n\n\n<p>Como fundamentos foram citados, ainda, os artigos\u00a0134 e 168\u00a0da CF\/88 que, respectivamente, garantem \u00e0 Defensoria P\u00fablica autonomia funcional e administrativa, bem como a iniciativa de sua proposta or\u00e7ament\u00e1ria; e determinam o repasse dos recursos correspondentes \u00e0s dota\u00e7\u00f5es or\u00e7ament\u00e1rias dos \u00f3rg\u00e3os da Defensoria P\u00fablica at\u00e9 o dia 20 de cada m\u00eas.<\/p>\n\n\n\n<p>Por esses argumentos, a Corte entendeu n\u00e3o existirem elementos indicadores da imprestabilidade das pol\u00edticas p\u00fablicas em desenvolvimento ou de omiss\u00e3o inconstitucional, j\u00e1 que uma pol\u00edtica p\u00fablica do porte de implementar um servi\u00e7o de defesa p\u00fablica federal em todo o territ\u00f3rio nacional n\u00e3o nasceria<em> pronta e acabada. <\/em><\/p>\n\n\n\n<p class=\"has-background has-very-light-gray-background-color\">A decis\u00e3o finaliza, por\u00e9m, afirmando que a aus\u00eancia da omiss\u00e3o alegada <strong>n\u00e3o se confunde com toler\u00e2ncia a retrocessos<\/strong>, e que, havendo comprovada estagna\u00e7\u00e3o, frustra\u00e7\u00e3o ou vilip\u00eandio contra a institui\u00e7\u00e3o, ser\u00e1 poss\u00edvel o reconhecimento da omiss\u00e3o dos Poderes Constitu\u00eddos.<\/p>\n\n\n\n<p class=\"has-text-align-center\"><a href=\"https:\/\/dhg1h5j42swfq.cloudfront.net\/2020\/05\/15125038\/ADO_-_DPU.pdf\" target=\"_blank\" rel=\"noreferrer noopener\">Clique aqui<\/a> e leia a decis\u00e3o na \u00edntegra. <\/p>\n\n\n\n<p style=\"font-size:22px\" class=\"has-background has-text-align-center has-light-green-cyan-background-color\"><strong><em>Mais informa\u00e7\u00f5es: <\/em><a rel=\"noreferrer noopener\" href=\"https:\/\/www.estrategiaconcursos.com.br\/blog\/concurso-dpu-2\" target=\"_blank\"><em>Concurso DPU<\/em><\/a><\/strong><\/p>\n\n\n\n<h2 class=\"has-text-align-center assinatura-e-cursos wp-block-heading\"> Cursos para o concurso DPU<\/h2>\n\n\n\n<p style=\"font-size:25px\" class=\"has-background has-text-align-center has-luminous-vivid-amber-background-color\"><u><strong><a rel=\"noreferrer noopener\" aria-label=\"CURSOS PARA DPU - SERVIDORES (opens in a new tab)\" href=\"https:\/\/www.estrategiaconcursos.com.br\/cursosPorConcurso\/defensor-publico-federal-dpu-servidores\/\" target=\"_blank\">CURSO DPU<\/a><\/strong><\/u><\/p>\n\n\n\n<h2 class=\"wp-block-heading\"><a href=\"https:\/\/www.estrategiaconcursos.com.br\/sistema-de-questoes#\/\" target=\"_blank\" rel=\"noreferrer noopener\">O l\u00edder em aprova\u00e7\u00f5es vai lan\u00e7ar o maior sistema de quest\u00f5es<\/a><\/h2>\n\n\n\n<p>Estrat\u00e9gia Quest\u00f5es vai nascer maior do que todos os concorrentes, com mais quest\u00f5es cadastradas e mais solu\u00e7\u00f5es por professores.<\/p>\n\n\n\n<p>Acompanhe AO VIVO o lan\u00e7amento do maior sistema de quest\u00f5es do Brasil e aproveite os descontos e b\u00f4nus imperd\u00edveis!<\/p>\n\n\n\n<figure class=\"wp-block-image\"><a href=\"https:\/\/www.youtube.com\/watch?v=uPUGbXOPGqk\" target=\"_blank\" rel=\"noopener noreferrer\"><img decoding=\"async\" src=\"https:\/\/dhg1h5j42swfq.cloudfront.net\/2020\/05\/07084459\/banner-1024x235.jpg\" alt=\"O atributo alt desta imagem est\u00e1 vazio. O nome do arquivo \u00e9 banner-1024x235.jpg\"\/><\/a><\/figure>\n\n\n\n<p style=\"font-size:25px\" class=\"has-text-align-center\"><em><strong>Assinatura Anual Ilimitada*<\/strong><\/em><\/p>\n\n\n\n<p class=\"has-text-align-center\"><em>Prepare-se com o melhor material e com quem mais aprova em Concursos P\u00fablicos em todo o pa\u00eds. Assine agora a nossa Assinatura Anual e tenha acesso ilimitado* a todos os nossos cursos.<\/em><\/p>\n\n\n\n<p style=\"font-size:25px\" class=\"has-background has-text-align-center has-light-green-cyan-background-color\"><strong>ASSINE AGORA<\/strong>&nbsp;\u2013&nbsp;<a rel=\"noreferrer noopener\" href=\"https:\/\/www.estrategiaconcursos.com.br\/assinaturas\" target=\"_blank\">Assinatura Ilimitada<\/a><\/p>\n\n\n\n<p class=\"has-text-align-center\"><strong><em>Fique por dentro dos concursos vigentes:<\/em><\/strong><\/p>\n\n\n\n<p class=\"has-background has-text-align-center has-medium-font-size has-pale-cyan-blue-background-color\"><strong><a href=\"https:\/\/www.estrategiaconcursos.com.br\/blog\/concursos-abertos\/\" target=\"_blank\" rel=\"noreferrer noopener\">CONCURSOS ABERTOS<\/a><\/strong><\/p>\n\n\n\n<p class=\"has-background has-text-align-center has-medium-font-size has-pale-cyan-blue-background-color\"><strong><a href=\"https:\/\/www.estrategiaconcursos.com.br\/blog\/concursos-2020\/\" target=\"_blank\" rel=\"noreferrer noopener\">CONCURSOS&nbsp;2020<\/a><\/strong><\/p>\n","protected":false},"excerpt":{"rendered":"<p>O Supremo Tribunal Federal (STF) julgou improcedente o pedido da A\u00e7\u00e3o Direta de Inconstitucionalidade por Omiss\u00e3o n.\u00ba 138856 proposta pela Associa\u00e7\u00e3o de Defensores P\u00fablicos da Uni\u00e3o. A decis\u00e3o foi publicada no Di\u00e1rio Oficial da Uni\u00e3o nesta sexta-feira, 15 de maio. A a\u00e7\u00e3o inicial foi proposta em 2005, como A\u00e7\u00e3o Direta de Inconstitucionalidade n.\u00ba 3622 que, [&hellip;]<\/p>\n","protected":false},"author":180,"featured_media":0,"comment_status":"open","ping_status":"closed","sticky":false,"template":"","format":"standard","meta":{"post_tipo":"article","footnotes":""},"categories":[1],"tags":[],"tax_estado":[],"class_list":["post-515118","post","type-post","status-publish","format-standard","hentry","category-cursos-e-concursos"],"acf":[],"yoast_head":"<!-- This site is optimized with the Yoast SEO Premium plugin v27.2 (Yoast SEO v27.2) - https:\/\/yoast.com\/product\/yoast-seo-premium-wordpress\/ -->\n<title>Concurso DPU: STF indefere ADO proposta pela carreira<\/title>\n<meta name=\"robots\" content=\"index, follow, max-snippet:-1, max-image-preview:large, max-video-preview:-1\" \/>\n<link rel=\"canonical\" href=\"https:\/\/www.estrategiaconcursos.com.br\/blog\/concurso-dpu-stf-indefere-ado-proposta-pela-carreira\/\" \/>\n<meta property=\"og:locale\" content=\"pt_BR\" \/>\n<meta property=\"og:type\" content=\"article\" \/>\n<meta property=\"og:title\" content=\"Concurso DPU: STF indefere ADO proposta pela carreira\" \/>\n<meta property=\"og:description\" content=\"O Supremo Tribunal Federal (STF) julgou improcedente o pedido da A\u00e7\u00e3o Direta de Inconstitucionalidade por Omiss\u00e3o n.\u00ba 138856 proposta pela Associa\u00e7\u00e3o de Defensores P\u00fablicos da Uni\u00e3o. A decis\u00e3o foi publicada no Di\u00e1rio Oficial da Uni\u00e3o nesta sexta-feira, 15 de maio. A a\u00e7\u00e3o inicial foi proposta em 2005, como A\u00e7\u00e3o Direta de Inconstitucionalidade n.\u00ba 3622 que, [&hellip;]\" \/>\n<meta property=\"og:url\" content=\"https:\/\/www.estrategiaconcursos.com.br\/blog\/concurso-dpu-stf-indefere-ado-proposta-pela-carreira\/\" \/>\n<meta property=\"og:site_name\" content=\"Estrat\u00e9gia Concursos\" \/>\n<meta property=\"article:author\" content=\"https:\/\/www.facebook.com\/ricardo.s.torques\" \/>\n<meta property=\"article:published_time\" content=\"2020-05-15T15:51:03+00:00\" \/>\n<meta property=\"article:modified_time\" content=\"2020-08-26T12:38:26+00:00\" \/>\n<meta property=\"og:image\" content=\"https:\/\/www.estrategiaconcursos.com.br\/blog\/wp-content\/uploads\/2020\/05\/banner-1024x235.jpg\" \/>\n<meta name=\"author\" content=\"Ricardo Torques\" \/>\n<meta name=\"twitter:card\" content=\"summary_large_image\" \/>\n<meta name=\"twitter:creator\" content=\"@EstratConcursos\" \/>\n<meta name=\"twitter:site\" content=\"@EstratConcursos\" \/>\n<meta name=\"twitter:label1\" content=\"Escrito por\" \/>\n\t<meta name=\"twitter:data1\" content=\"Ricardo Torques\" \/>\n\t<meta name=\"twitter:label2\" content=\"Est. tempo de leitura\" \/>\n\t<meta name=\"twitter:data2\" content=\"3 minutos\" \/>\n<script type=\"application\/ld+json\" class=\"yoast-schema-graph\">{\"@context\":\"https:\/\/schema.org\",\"@graph\":[{\"@type\":\"NewsArticle\",\"@id\":\"https:\/\/www.estrategiaconcursos.com.br\/blog\/concurso-dpu-stf-indefere-ado-proposta-pela-carreira\/#article\",\"isPartOf\":{\"@id\":\"https:\/\/www.estrategiaconcursos.com.br\/blog\/concurso-dpu-stf-indefere-ado-proposta-pela-carreira\/\"},\"author\":{\"name\":\"Ricardo Torques\",\"@id\":\"https:\/\/www.estrategiaconcursos.com.br\/blog\/#\/schema\/person\/aa39cf5ddb518e5bdce27c35788405e2\"},\"headline\":\"Concurso DPU: STF indefere ADO proposta pela carreira\",\"datePublished\":\"2020-05-15T15:51:03+00:00\",\"dateModified\":\"2020-08-26T12:38:26+00:00\",\"mainEntityOfPage\":{\"@id\":\"https:\/\/www.estrategiaconcursos.com.br\/blog\/concurso-dpu-stf-indefere-ado-proposta-pela-carreira\/\"},\"wordCount\":602,\"commentCount\":0,\"publisher\":{\"@id\":\"https:\/\/www.estrategiaconcursos.com.br\/blog\/#organization\"},\"image\":{\"@id\":\"https:\/\/www.estrategiaconcursos.com.br\/blog\/concurso-dpu-stf-indefere-ado-proposta-pela-carreira\/#primaryimage\"},\"thumbnailUrl\":\"https:\/\/www.estrategiaconcursos.com.br\/blog\/wp-content\/uploads\/2020\/05\/banner-1024x235.jpg\",\"articleSection\":[\"Concursos P\u00fablicos\"],\"inLanguage\":\"pt-BR\",\"potentialAction\":[{\"@type\":\"CommentAction\",\"name\":\"Comment\",\"target\":[\"https:\/\/www.estrategiaconcursos.com.br\/blog\/concurso-dpu-stf-indefere-ado-proposta-pela-carreira\/#respond\"]}],\"copyrightYear\":\"2020\",\"copyrightHolder\":{\"@id\":\"https:\/\/www.estrategiaconcursos.com.br\/blog\/#organization\"}},{\"@type\":\"WebPage\",\"@id\":\"https:\/\/www.estrategiaconcursos.com.br\/blog\/concurso-dpu-stf-indefere-ado-proposta-pela-carreira\/\",\"url\":\"https:\/\/www.estrategiaconcursos.com.br\/blog\/concurso-dpu-stf-indefere-ado-proposta-pela-carreira\/\",\"name\":\"Concurso DPU: STF indefere ADO proposta pela carreira\",\"isPartOf\":{\"@id\":\"https:\/\/www.estrategiaconcursos.com.br\/blog\/#website\"},\"primaryImageOfPage\":{\"@id\":\"https:\/\/www.estrategiaconcursos.com.br\/blog\/concurso-dpu-stf-indefere-ado-proposta-pela-carreira\/#primaryimage\"},\"image\":{\"@id\":\"https:\/\/www.estrategiaconcursos.com.br\/blog\/concurso-dpu-stf-indefere-ado-proposta-pela-carreira\/#primaryimage\"},\"thumbnailUrl\":\"https:\/\/www.estrategiaconcursos.com.br\/blog\/wp-content\/uploads\/2020\/05\/banner-1024x235.jpg\",\"datePublished\":\"2020-05-15T15:51:03+00:00\",\"dateModified\":\"2020-08-26T12:38:26+00:00\",\"breadcrumb\":{\"@id\":\"https:\/\/www.estrategiaconcursos.com.br\/blog\/concurso-dpu-stf-indefere-ado-proposta-pela-carreira\/#breadcrumb\"},\"inLanguage\":\"pt-BR\",\"potentialAction\":[{\"@type\":\"ReadAction\",\"target\":[\"https:\/\/www.estrategiaconcursos.com.br\/blog\/concurso-dpu-stf-indefere-ado-proposta-pela-carreira\/\"]}]},{\"@type\":\"ImageObject\",\"inLanguage\":\"pt-BR\",\"@id\":\"https:\/\/www.estrategiaconcursos.com.br\/blog\/concurso-dpu-stf-indefere-ado-proposta-pela-carreira\/#primaryimage\",\"url\":\"https:\/\/dhg1h5j42swfq.cloudfront.net\/2020\/05\/07084459\/banner.jpg\",\"contentUrl\":\"https:\/\/dhg1h5j42swfq.cloudfront.net\/2020\/05\/07084459\/banner.jpg\",\"width\":1894,\"height\":435},{\"@type\":\"BreadcrumbList\",\"@id\":\"https:\/\/www.estrategiaconcursos.com.br\/blog\/concurso-dpu-stf-indefere-ado-proposta-pela-carreira\/#breadcrumb\",\"itemListElement\":[{\"@type\":\"ListItem\",\"position\":1,\"name\":\"In\u00edcio\",\"item\":\"https:\/\/www.estrategiaconcursos.com.br\/blog\/\"},{\"@type\":\"ListItem\",\"position\":2,\"name\":\"Concurso DPU: STF indefere ADO proposta pela carreira\"}]},{\"@type\":\"WebSite\",\"@id\":\"https:\/\/www.estrategiaconcursos.com.br\/blog\/#website\",\"url\":\"https:\/\/www.estrategiaconcursos.com.br\/blog\/\",\"name\":\"Estrat\u00e9gia Concursos\",\"description\":\"O blog da Estrat\u00e9gia Concursos traz not\u00edcias sobre concursos e artigos de professores oferecendo cursos para concursos (pdf + videaulas) no site.\",\"publisher\":{\"@id\":\"https:\/\/www.estrategiaconcursos.com.br\/blog\/#organization\"},\"potentialAction\":[{\"@type\":\"SearchAction\",\"target\":{\"@type\":\"EntryPoint\",\"urlTemplate\":\"https:\/\/www.estrategiaconcursos.com.br\/blog\/?s={search_term_string}\"},\"query-input\":{\"@type\":\"PropertyValueSpecification\",\"valueRequired\":true,\"valueName\":\"search_term_string\"}}],\"inLanguage\":\"pt-BR\"},{\"@type\":\"Organization\",\"@id\":\"https:\/\/www.estrategiaconcursos.com.br\/blog\/#organization\",\"name\":\"Estrat\u00e9gia Concursos\",\"url\":\"https:\/\/www.estrategiaconcursos.com.br\/blog\/\",\"logo\":{\"@type\":\"ImageObject\",\"inLanguage\":\"pt-BR\",\"@id\":\"https:\/\/www.estrategiaconcursos.com.br\/blog\/#\/schema\/logo\/image\/\",\"url\":\"https:\/\/dhg1h5j42swfq.cloudfront.net\/2025\/06\/03203428\/logo_concursos-1.jpg\",\"contentUrl\":\"https:\/\/dhg1h5j42swfq.cloudfront.net\/2025\/06\/03203428\/logo_concursos-1.jpg\",\"width\":230,\"height\":60,\"caption\":\"Estrat\u00e9gia Concursos\"},\"image\":{\"@id\":\"https:\/\/www.estrategiaconcursos.com.br\/blog\/#\/schema\/logo\/image\/\"},\"sameAs\":[\"https:\/\/x.com\/EstratConcursos\"]},{\"@type\":\"Person\",\"@id\":\"https:\/\/www.estrategiaconcursos.com.br\/blog\/#\/schema\/person\/aa39cf5ddb518e5bdce27c35788405e2\",\"name\":\"Ricardo Torques\",\"image\":{\"@type\":\"ImageObject\",\"inLanguage\":\"pt-BR\",\"@id\":\"https:\/\/secure.gravatar.com\/avatar\/ce9ac6c3cff25fe86d15ed568ebc64d1724baf5c0693133bcb1f6073f712f92a?s=96&d=mm&r=g\",\"url\":\"https:\/\/secure.gravatar.com\/avatar\/ce9ac6c3cff25fe86d15ed568ebc64d1724baf5c0693133bcb1f6073f712f92a?s=96&d=mm&r=g\",\"contentUrl\":\"https:\/\/secure.gravatar.com\/avatar\/ce9ac6c3cff25fe86d15ed568ebc64d1724baf5c0693133bcb1f6073f712f92a?s=96&d=mm&r=g\",\"caption\":\"Ricardo Torques\"},\"sameAs\":[\"https:\/\/www.facebook.com\/ricardo.s.torques\"],\"url\":\"https:\/\/www.estrategiaconcursos.com.br\/blog\/author\/ricardotorquesestrategiaconcursos-com-br\/\"}]}<\/script>\n<!-- \/ Yoast SEO Premium plugin. -->","yoast_head_json":{"title":"Concurso DPU: STF indefere ADO proposta pela carreira","robots":{"index":"index","follow":"follow","max-snippet":"max-snippet:-1","max-image-preview":"max-image-preview:large","max-video-preview":"max-video-preview:-1"},"canonical":"https:\/\/www.estrategiaconcursos.com.br\/blog\/concurso-dpu-stf-indefere-ado-proposta-pela-carreira\/","og_locale":"pt_BR","og_type":"article","og_title":"Concurso DPU: STF indefere ADO proposta pela carreira","og_description":"O Supremo Tribunal Federal (STF) julgou improcedente o pedido da A\u00e7\u00e3o Direta de Inconstitucionalidade por Omiss\u00e3o n.\u00ba 138856 proposta pela Associa\u00e7\u00e3o de Defensores P\u00fablicos da Uni\u00e3o. A decis\u00e3o foi publicada no Di\u00e1rio Oficial da Uni\u00e3o nesta sexta-feira, 15 de maio. A a\u00e7\u00e3o inicial foi proposta em 2005, como A\u00e7\u00e3o Direta de Inconstitucionalidade n.\u00ba 3622 que, [&hellip;]","og_url":"https:\/\/www.estrategiaconcursos.com.br\/blog\/concurso-dpu-stf-indefere-ado-proposta-pela-carreira\/","og_site_name":"Estrat\u00e9gia Concursos","article_author":"https:\/\/www.facebook.com\/ricardo.s.torques","article_published_time":"2020-05-15T15:51:03+00:00","article_modified_time":"2020-08-26T12:38:26+00:00","og_image":[{"url":"https:\/\/www.estrategiaconcursos.com.br\/blog\/wp-content\/uploads\/2020\/05\/banner-1024x235.jpg","type":"","width":"","height":""}],"author":"Ricardo Torques","twitter_card":"summary_large_image","twitter_creator":"@EstratConcursos","twitter_site":"@EstratConcursos","twitter_misc":{"Escrito por":"Ricardo Torques","Est. tempo de leitura":"3 minutos"},"schema":{"@context":"https:\/\/schema.org","@graph":[{"@type":"NewsArticle","@id":"https:\/\/www.estrategiaconcursos.com.br\/blog\/concurso-dpu-stf-indefere-ado-proposta-pela-carreira\/#article","isPartOf":{"@id":"https:\/\/www.estrategiaconcursos.com.br\/blog\/concurso-dpu-stf-indefere-ado-proposta-pela-carreira\/"},"author":{"name":"Ricardo Torques","@id":"https:\/\/www.estrategiaconcursos.com.br\/blog\/#\/schema\/person\/aa39cf5ddb518e5bdce27c35788405e2"},"headline":"Concurso DPU: STF indefere ADO proposta pela carreira","datePublished":"2020-05-15T15:51:03+00:00","dateModified":"2020-08-26T12:38:26+00:00","mainEntityOfPage":{"@id":"https:\/\/www.estrategiaconcursos.com.br\/blog\/concurso-dpu-stf-indefere-ado-proposta-pela-carreira\/"},"wordCount":602,"commentCount":0,"publisher":{"@id":"https:\/\/www.estrategiaconcursos.com.br\/blog\/#organization"},"image":{"@id":"https:\/\/www.estrategiaconcursos.com.br\/blog\/concurso-dpu-stf-indefere-ado-proposta-pela-carreira\/#primaryimage"},"thumbnailUrl":"https:\/\/www.estrategiaconcursos.com.br\/blog\/wp-content\/uploads\/2020\/05\/banner-1024x235.jpg","articleSection":["Concursos P\u00fablicos"],"inLanguage":"pt-BR","potentialAction":[{"@type":"CommentAction","name":"Comment","target":["https:\/\/www.estrategiaconcursos.com.br\/blog\/concurso-dpu-stf-indefere-ado-proposta-pela-carreira\/#respond"]}],"copyrightYear":"2020","copyrightHolder":{"@id":"https:\/\/www.estrategiaconcursos.com.br\/blog\/#organization"}},{"@type":"WebPage","@id":"https:\/\/www.estrategiaconcursos.com.br\/blog\/concurso-dpu-stf-indefere-ado-proposta-pela-carreira\/","url":"https:\/\/www.estrategiaconcursos.com.br\/blog\/concurso-dpu-stf-indefere-ado-proposta-pela-carreira\/","name":"Concurso DPU: STF indefere ADO proposta pela carreira","isPartOf":{"@id":"https:\/\/www.estrategiaconcursos.com.br\/blog\/#website"},"primaryImageOfPage":{"@id":"https:\/\/www.estrategiaconcursos.com.br\/blog\/concurso-dpu-stf-indefere-ado-proposta-pela-carreira\/#primaryimage"},"image":{"@id":"https:\/\/www.estrategiaconcursos.com.br\/blog\/concurso-dpu-stf-indefere-ado-proposta-pela-carreira\/#primaryimage"},"thumbnailUrl":"https:\/\/www.estrategiaconcursos.com.br\/blog\/wp-content\/uploads\/2020\/05\/banner-1024x235.jpg","datePublished":"2020-05-15T15:51:03+00:00","dateModified":"2020-08-26T12:38:26+00:00","breadcrumb":{"@id":"https:\/\/www.estrategiaconcursos.com.br\/blog\/concurso-dpu-stf-indefere-ado-proposta-pela-carreira\/#breadcrumb"},"inLanguage":"pt-BR","potentialAction":[{"@type":"ReadAction","target":["https:\/\/www.estrategiaconcursos.com.br\/blog\/concurso-dpu-stf-indefere-ado-proposta-pela-carreira\/"]}]},{"@type":"ImageObject","inLanguage":"pt-BR","@id":"https:\/\/www.estrategiaconcursos.com.br\/blog\/concurso-dpu-stf-indefere-ado-proposta-pela-carreira\/#primaryimage","url":"https:\/\/dhg1h5j42swfq.cloudfront.net\/2020\/05\/07084459\/banner.jpg","contentUrl":"https:\/\/dhg1h5j42swfq.cloudfront.net\/2020\/05\/07084459\/banner.jpg","width":1894,"height":435},{"@type":"BreadcrumbList","@id":"https:\/\/www.estrategiaconcursos.com.br\/blog\/concurso-dpu-stf-indefere-ado-proposta-pela-carreira\/#breadcrumb","itemListElement":[{"@type":"ListItem","position":1,"name":"In\u00edcio","item":"https:\/\/www.estrategiaconcursos.com.br\/blog\/"},{"@type":"ListItem","position":2,"name":"Concurso DPU: STF indefere ADO proposta pela carreira"}]},{"@type":"WebSite","@id":"https:\/\/www.estrategiaconcursos.com.br\/blog\/#website","url":"https:\/\/www.estrategiaconcursos.com.br\/blog\/","name":"Estrat\u00e9gia Concursos","description":"O blog da Estrat\u00e9gia Concursos traz not\u00edcias sobre concursos e artigos de professores oferecendo cursos para concursos (pdf + videaulas) no site.","publisher":{"@id":"https:\/\/www.estrategiaconcursos.com.br\/blog\/#organization"},"potentialAction":[{"@type":"SearchAction","target":{"@type":"EntryPoint","urlTemplate":"https:\/\/www.estrategiaconcursos.com.br\/blog\/?s={search_term_string}"},"query-input":{"@type":"PropertyValueSpecification","valueRequired":true,"valueName":"search_term_string"}}],"inLanguage":"pt-BR"},{"@type":"Organization","@id":"https:\/\/www.estrategiaconcursos.com.br\/blog\/#organization","name":"Estrat\u00e9gia Concursos","url":"https:\/\/www.estrategiaconcursos.com.br\/blog\/","logo":{"@type":"ImageObject","inLanguage":"pt-BR","@id":"https:\/\/www.estrategiaconcursos.com.br\/blog\/#\/schema\/logo\/image\/","url":"https:\/\/dhg1h5j42swfq.cloudfront.net\/2025\/06\/03203428\/logo_concursos-1.jpg","contentUrl":"https:\/\/dhg1h5j42swfq.cloudfront.net\/2025\/06\/03203428\/logo_concursos-1.jpg","width":230,"height":60,"caption":"Estrat\u00e9gia Concursos"},"image":{"@id":"https:\/\/www.estrategiaconcursos.com.br\/blog\/#\/schema\/logo\/image\/"},"sameAs":["https:\/\/x.com\/EstratConcursos"]},{"@type":"Person","@id":"https:\/\/www.estrategiaconcursos.com.br\/blog\/#\/schema\/person\/aa39cf5ddb518e5bdce27c35788405e2","name":"Ricardo Torques","image":{"@type":"ImageObject","inLanguage":"pt-BR","@id":"https:\/\/secure.gravatar.com\/avatar\/ce9ac6c3cff25fe86d15ed568ebc64d1724baf5c0693133bcb1f6073f712f92a?s=96&d=mm&r=g","url":"https:\/\/secure.gravatar.com\/avatar\/ce9ac6c3cff25fe86d15ed568ebc64d1724baf5c0693133bcb1f6073f712f92a?s=96&d=mm&r=g","contentUrl":"https:\/\/secure.gravatar.com\/avatar\/ce9ac6c3cff25fe86d15ed568ebc64d1724baf5c0693133bcb1f6073f712f92a?s=96&d=mm&r=g","caption":"Ricardo Torques"},"sameAs":["https:\/\/www.facebook.com\/ricardo.s.torques"],"url":"https:\/\/www.estrategiaconcursos.com.br\/blog\/author\/ricardotorquesestrategiaconcursos-com-br\/"}]}},"_links":{"self":[{"href":"https:\/\/www.estrategiaconcursos.com.br\/blog\/wp-json\/wp\/v2\/posts\/515118","targetHints":{"allow":["GET"]}}],"collection":[{"href":"https:\/\/www.estrategiaconcursos.com.br\/blog\/wp-json\/wp\/v2\/posts"}],"about":[{"href":"https:\/\/www.estrategiaconcursos.com.br\/blog\/wp-json\/wp\/v2\/types\/post"}],"author":[{"embeddable":true,"href":"https:\/\/www.estrategiaconcursos.com.br\/blog\/wp-json\/wp\/v2\/users\/180"}],"replies":[{"embeddable":true,"href":"https:\/\/www.estrategiaconcursos.com.br\/blog\/wp-json\/wp\/v2\/comments?post=515118"}],"version-history":[{"count":4,"href":"https:\/\/www.estrategiaconcursos.com.br\/blog\/wp-json\/wp\/v2\/posts\/515118\/revisions"}],"predecessor-version":[{"id":515186,"href":"https:\/\/www.estrategiaconcursos.com.br\/blog\/wp-json\/wp\/v2\/posts\/515118\/revisions\/515186"}],"wp:attachment":[{"href":"https:\/\/www.estrategiaconcursos.com.br\/blog\/wp-json\/wp\/v2\/media?parent=515118"}],"wp:term":[{"taxonomy":"category","embeddable":true,"href":"https:\/\/www.estrategiaconcursos.com.br\/blog\/wp-json\/wp\/v2\/categories?post=515118"},{"taxonomy":"post_tag","embeddable":true,"href":"https:\/\/www.estrategiaconcursos.com.br\/blog\/wp-json\/wp\/v2\/tags?post=515118"},{"taxonomy":"tax_estado","embeddable":true,"href":"https:\/\/www.estrategiaconcursos.com.br\/blog\/wp-json\/wp\/v2\/tax_estado?post=515118"}],"curies":[{"name":"wp","href":"https:\/\/api.w.org\/{rel}","templated":true}]}}