{"id":514974,"date":"2020-05-15T09:28:25","date_gmt":"2020-05-15T12:28:25","guid":{"rendered":"https:\/\/www.estrategiaconcursos.com.br\/blog\/?p=514974"},"modified":"2023-06-20T13:44:19","modified_gmt":"2023-06-20T16:44:19","slug":"concurso-secult-df-novo-prazo","status":"publish","type":"post","link":"https:\/\/www.estrategiaconcursos.com.br\/blog\/concurso-secult-df-novo-prazo\/","title":{"rendered":"Novo prazo \u00e9 estipulado ao grupo de trabalho do concurso SECULT DF"},"content":{"rendered":"\n<p>Foi publicada no Di\u00e1rio Oficial do Distrito Federal uma Portaria que prorroga o prazo de validade dos estudos do grupo de trabalho do concurso da Secretaria de Estado de Cultura e Economia Criativo do Distrito Federal.<\/p>\n\n\n\n<p>Segundo o documento divulgado, o grupo ter\u00e1 mais 90 dias, a contar da do dia 17 de maio, para concluir os trabalhos direcionados ao levantamento de cargos e vagas para o pr\u00f3ximo certame. <\/p>\n\n\n\n<p>Vale ressaltar que fazem parte desse grupo de trabalho tr\u00eas servidores respons\u00e1veis pela an\u00e1lise das especialidades e cargos da Carreira de Atividades Culturais. <\/p>\n\n\n\n<p>A expectativa \u00e9 que o grupo conclua os trabalhos o mais breve poss\u00edvel para  que a banca do certame possa ser contratada e posteriormente o edital publicado. Isso porque existe uma necessidade imediata de concurso para a SECULT DF. <\/p>\n\n\n\n<p>Atualmente existem cerca de <strong>721 cargos vagos<\/strong>&nbsp;no \u00f3rg\u00e3o, sendo que o cargo com maior d\u00e9ficit \u00e9 o de T\u00e9cnico de Atividades Culturais que deve entrar na lista de cargos ofertados no pr\u00f3ximo concurso.<\/p>\n\n\n\n<p><strong><em>Quer saber mais informa\u00e7\u00f5es a respeito do concurso SECULT DF? Acesse o link abaixo e veja tudo na \u00edntegra! <\/em><\/strong><\/p>\n\n\n\n<p class=\"has-text-align-center has-very-light-gray-background-color has-background\" style=\"font-size:clamp(14.642px, 0.915rem + ((1vw - 3.2px) * 0.721), 22px);px\"><strong>Saiba mais: <a rel=\"noreferrer noopener\" href=\"https:\/\/www.estrategiaconcursos.com.br\/blog\/concurso-secult-df\/\" target=\"_blank\">Concurso Secult DF<\/a><\/strong><\/p>\n\n\n\n<p class=\"has-text-align-center\" style=\"font-size:clamp(16.293px, 1.018rem + ((1vw - 3.2px) * 0.854), 25px);px\"><strong><a rel=\"noreferrer noopener\" href=\"https:\/\/www.estrategiaconcursos.com.br\/sistema-de-questoes#\/\" target=\"_blank\">O l\u00edder em aprova\u00e7\u00f5es lan\u00e7ou o maior Sistema de Quest\u00f5es!<\/a><\/strong><\/p>\n\n\n\n<p>Estrat\u00e9gia Quest\u00f5es nasceu maior do que todos os concorrentes, com mais quest\u00f5es cadastradas e mais solu\u00e7\u00f5es por professores. <\/p>\n\n\n\n<p class=\"has-text-align-center\"><em><strong>Assinatura Anual Ilimitada*<\/strong><\/em><\/p>\n\n\n\n<p><em>Prepare-se com o melhor material e com quem mais aprova em&nbsp;Concursos P\u00fablicos de todo o pa\u00eds. Assine agora a nossa Assinatura Anual e tenha acesso ilimitado* a todos os nossos cursos.<\/em><\/p>\n\n\n\n<p class=\"has-text-align-center has-light-green-cyan-background-color has-background\" style=\"font-size:clamp(14.642px, 0.915rem + ((1vw - 3.2px) * 0.721), 22px);px\"><strong>ASSINE AGORA<\/strong>&nbsp;\u2013&nbsp;<strong><a rel=\"noreferrer noopener\" href=\"https:\/\/www.estrategiaconcursos.com.br\/assinaturas\" target=\"_blank\">Assinatura Ilimitada<\/a><\/strong><\/p>\n\n\n\n<p class=\"has-text-align-center has-pale-cyan-blue-background-color has-background\" style=\"font-size:clamp(14.642px, 0.915rem + ((1vw - 3.2px) * 0.721), 22px);px\"><strong><a href=\"https:\/\/www.estrategiaconcursos.com.br\/blog\/concursos-abertos\/\">CONCURSOS ABERTO<\/a><\/strong><\/p>\n","protected":false},"excerpt":{"rendered":"<p>Foi publicada no Di\u00e1rio Oficial do Distrito Federal uma Portaria que prorroga o prazo de validade dos estudos do grupo de trabalho do concurso da Secretaria de Estado de Cultura e Economia Criativo do Distrito Federal. Segundo o documento divulgado, o grupo ter\u00e1 mais 90 dias, a contar da do dia 17 de maio, para [&hellip;]<\/p>\n","protected":false},"author":1153,"featured_media":514986,"comment_status":"open","ping_status":"closed","sticky":false,"template":"","format":"standard","meta":{"post_tipo":"article","footnotes":""},"categories":[1],"tags":[],"tax_estado":[],"class_list":["post-514974","post","type-post","status-publish","format-standard","has-post-thumbnail","hentry","category-cursos-e-concursos"],"acf":[],"yoast_head":"<!-- This site is optimized with the Yoast SEO Premium plugin v27.2 (Yoast SEO v27.2) - https:\/\/yoast.com\/product\/yoast-seo-premium-wordpress\/ -->\n<title>Novo prazo \u00e9 estipulado ao grupo de trabalho do concurso SECULT DF<\/title>\n<meta name=\"description\" content=\"Novo prazo para que o Grupo finalize as an\u00e1lises e estudos do concurso SECULT DF foi prorrogado por mais 90 dias. Confira!\" \/>\n<meta name=\"robots\" content=\"index, follow, max-snippet:-1, max-image-preview:large, max-video-preview:-1\" \/>\n<link rel=\"canonical\" href=\"https:\/\/www.estrategiaconcursos.com.br\/blog\/concurso-secult-df-novo-prazo\/\" \/>\n<meta property=\"og:locale\" content=\"pt_BR\" \/>\n<meta property=\"og:type\" content=\"article\" \/>\n<meta property=\"og:title\" content=\"Novo prazo \u00e9 estipulado ao grupo de trabalho do concurso SECULT DF\" \/>\n<meta property=\"og:description\" content=\"Novo prazo para que o Grupo finalize as an\u00e1lises e estudos do concurso SECULT DF foi prorrogado por mais 90 dias. Confira!\" \/>\n<meta property=\"og:url\" content=\"https:\/\/www.estrategiaconcursos.com.br\/blog\/concurso-secult-df-novo-prazo\/\" \/>\n<meta property=\"og:site_name\" content=\"Estrat\u00e9gia Concursos\" \/>\n<meta property=\"article:published_time\" content=\"2020-05-15T12:28:25+00:00\" \/>\n<meta property=\"article:modified_time\" content=\"2023-06-20T16:44:19+00:00\" \/>\n<meta property=\"og:image\" content=\"https:\/\/dhg1h5j42swfq.cloudfront.net\/2020\/05\/15092742\/secult.jpg\" \/>\n\t<meta property=\"og:image:width\" content=\"1280\" \/>\n\t<meta property=\"og:image:height\" content=\"720\" \/>\n\t<meta property=\"og:image:type\" content=\"image\/jpeg\" \/>\n<meta name=\"author\" content=\"Alessandro Sanchez\" \/>\n<meta name=\"twitter:card\" content=\"summary_large_image\" \/>\n<meta name=\"twitter:creator\" content=\"@EstratConcursos\" \/>\n<meta name=\"twitter:site\" content=\"@EstratConcursos\" \/>\n<meta name=\"twitter:label1\" content=\"Escrito por\" \/>\n\t<meta name=\"twitter:data1\" content=\"Alessandro Sanchez\" \/>\n\t<meta name=\"twitter:label2\" content=\"Est. tempo de leitura\" \/>\n\t<meta name=\"twitter:data2\" content=\"1 minuto\" \/>\n<script type=\"application\/ld+json\" class=\"yoast-schema-graph\">{\"@context\":\"https:\/\/schema.org\",\"@graph\":[{\"@type\":\"NewsArticle\",\"@id\":\"https:\/\/www.estrategiaconcursos.com.br\/blog\/concurso-secult-df-novo-prazo\/#article\",\"isPartOf\":{\"@id\":\"https:\/\/www.estrategiaconcursos.com.br\/blog\/concurso-secult-df-novo-prazo\/\"},\"author\":{\"name\":\"Alessandro Sanchez\",\"@id\":\"https:\/\/www.estrategiaconcursos.com.br\/blog\/#\/schema\/person\/1e69b7fe81f5649f20ef70b7bcf64bbc\"},\"headline\":\"Novo prazo \u00e9 estipulado ao grupo de trabalho do concurso SECULT DF\",\"datePublished\":\"2020-05-15T12:28:25+00:00\",\"dateModified\":\"2023-06-20T16:44:19+00:00\",\"mainEntityOfPage\":{\"@id\":\"https:\/\/www.estrategiaconcursos.com.br\/blog\/concurso-secult-df-novo-prazo\/\"},\"wordCount\":289,\"commentCount\":0,\"publisher\":{\"@id\":\"https:\/\/www.estrategiaconcursos.com.br\/blog\/#organization\"},\"image\":{\"@id\":\"https:\/\/www.estrategiaconcursos.com.br\/blog\/concurso-secult-df-novo-prazo\/#primaryimage\"},\"thumbnailUrl\":\"https:\/\/dhg1h5j42swfq.cloudfront.net\/2020\/05\/15092742\/secult.jpg\",\"articleSection\":[\"Concursos P\u00fablicos\"],\"inLanguage\":\"pt-BR\",\"potentialAction\":[{\"@type\":\"CommentAction\",\"name\":\"Comment\",\"target\":[\"https:\/\/www.estrategiaconcursos.com.br\/blog\/concurso-secult-df-novo-prazo\/#respond\"]}],\"copyrightYear\":\"2020\",\"copyrightHolder\":{\"@id\":\"https:\/\/www.estrategiaconcursos.com.br\/blog\/#organization\"}},{\"@type\":\"WebPage\",\"@id\":\"https:\/\/www.estrategiaconcursos.com.br\/blog\/concurso-secult-df-novo-prazo\/\",\"url\":\"https:\/\/www.estrategiaconcursos.com.br\/blog\/concurso-secult-df-novo-prazo\/\",\"name\":\"Novo prazo \u00e9 estipulado ao grupo de trabalho do concurso SECULT DF\",\"isPartOf\":{\"@id\":\"https:\/\/www.estrategiaconcursos.com.br\/blog\/#website\"},\"primaryImageOfPage\":{\"@id\":\"https:\/\/www.estrategiaconcursos.com.br\/blog\/concurso-secult-df-novo-prazo\/#primaryimage\"},\"image\":{\"@id\":\"https:\/\/www.estrategiaconcursos.com.br\/blog\/concurso-secult-df-novo-prazo\/#primaryimage\"},\"thumbnailUrl\":\"https:\/\/dhg1h5j42swfq.cloudfront.net\/2020\/05\/15092742\/secult.jpg\",\"datePublished\":\"2020-05-15T12:28:25+00:00\",\"dateModified\":\"2023-06-20T16:44:19+00:00\",\"description\":\"Novo prazo para que o Grupo finalize as an\u00e1lises e estudos do concurso SECULT DF foi prorrogado por mais 90 dias. Confira!\",\"breadcrumb\":{\"@id\":\"https:\/\/www.estrategiaconcursos.com.br\/blog\/concurso-secult-df-novo-prazo\/#breadcrumb\"},\"inLanguage\":\"pt-BR\",\"potentialAction\":[{\"@type\":\"ReadAction\",\"target\":[\"https:\/\/www.estrategiaconcursos.com.br\/blog\/concurso-secult-df-novo-prazo\/\"]}]},{\"@type\":\"ImageObject\",\"inLanguage\":\"pt-BR\",\"@id\":\"https:\/\/www.estrategiaconcursos.com.br\/blog\/concurso-secult-df-novo-prazo\/#primaryimage\",\"url\":\"https:\/\/dhg1h5j42swfq.cloudfront.net\/2020\/05\/15092742\/secult.jpg\",\"contentUrl\":\"https:\/\/dhg1h5j42swfq.cloudfront.net\/2020\/05\/15092742\/secult.jpg\",\"width\":1280,\"height\":720,\"caption\":\"SECULT DF\"},{\"@type\":\"BreadcrumbList\",\"@id\":\"https:\/\/www.estrategiaconcursos.com.br\/blog\/concurso-secult-df-novo-prazo\/#breadcrumb\",\"itemListElement\":[{\"@type\":\"ListItem\",\"position\":1,\"name\":\"In\u00edcio\",\"item\":\"https:\/\/www.estrategiaconcursos.com.br\/blog\/\"},{\"@type\":\"ListItem\",\"position\":2,\"name\":\"Novo prazo \u00e9 estipulado ao grupo de trabalho do concurso SECULT DF\"}]},{\"@type\":\"WebSite\",\"@id\":\"https:\/\/www.estrategiaconcursos.com.br\/blog\/#website\",\"url\":\"https:\/\/www.estrategiaconcursos.com.br\/blog\/\",\"name\":\"Estrat\u00e9gia Concursos\",\"description\":\"O blog da Estrat\u00e9gia Concursos traz not\u00edcias sobre concursos e artigos de professores oferecendo cursos para concursos (pdf + videaulas) no site.\",\"publisher\":{\"@id\":\"https:\/\/www.estrategiaconcursos.com.br\/blog\/#organization\"},\"potentialAction\":[{\"@type\":\"SearchAction\",\"target\":{\"@type\":\"EntryPoint\",\"urlTemplate\":\"https:\/\/www.estrategiaconcursos.com.br\/blog\/?s={search_term_string}\"},\"query-input\":{\"@type\":\"PropertyValueSpecification\",\"valueRequired\":true,\"valueName\":\"search_term_string\"}}],\"inLanguage\":\"pt-BR\"},{\"@type\":\"Organization\",\"@id\":\"https:\/\/www.estrategiaconcursos.com.br\/blog\/#organization\",\"name\":\"Estrat\u00e9gia Concursos\",\"url\":\"https:\/\/www.estrategiaconcursos.com.br\/blog\/\",\"logo\":{\"@type\":\"ImageObject\",\"inLanguage\":\"pt-BR\",\"@id\":\"https:\/\/www.estrategiaconcursos.com.br\/blog\/#\/schema\/logo\/image\/\",\"url\":\"https:\/\/dhg1h5j42swfq.cloudfront.net\/2025\/06\/03203428\/logo_concursos-1.jpg\",\"contentUrl\":\"https:\/\/dhg1h5j42swfq.cloudfront.net\/2025\/06\/03203428\/logo_concursos-1.jpg\",\"width\":230,\"height\":60,\"caption\":\"Estrat\u00e9gia Concursos\"},\"image\":{\"@id\":\"https:\/\/www.estrategiaconcursos.com.br\/blog\/#\/schema\/logo\/image\/\"},\"sameAs\":[\"https:\/\/x.com\/EstratConcursos\"]},{\"@type\":\"Person\",\"@id\":\"https:\/\/www.estrategiaconcursos.com.br\/blog\/#\/schema\/person\/1e69b7fe81f5649f20ef70b7bcf64bbc\",\"name\":\"Alessandro Sanchez\",\"image\":{\"@type\":\"ImageObject\",\"inLanguage\":\"pt-BR\",\"@id\":\"https:\/\/secure.gravatar.com\/avatar\/79976a1950649a2b487377d773573de459294ff43e2ee4a1f30bce5167d5d6aa?s=96&d=mm&r=g\",\"url\":\"https:\/\/secure.gravatar.com\/avatar\/79976a1950649a2b487377d773573de459294ff43e2ee4a1f30bce5167d5d6aa?s=96&d=mm&r=g\",\"contentUrl\":\"https:\/\/secure.gravatar.com\/avatar\/79976a1950649a2b487377d773573de459294ff43e2ee4a1f30bce5167d5d6aa?s=96&d=mm&r=g\",\"caption\":\"Alessandro Sanchez\"},\"url\":\"https:\/\/www.estrategiaconcursos.com.br\/blog\/author\/alessandro-sanchezuol-com-br\/\"}]}<\/script>\n<!-- \/ Yoast SEO Premium plugin. -->","yoast_head_json":{"title":"Novo prazo \u00e9 estipulado ao grupo de trabalho do concurso SECULT DF","description":"Novo prazo para que o Grupo finalize as an\u00e1lises e estudos do concurso SECULT DF foi prorrogado por mais 90 dias. Confira!","robots":{"index":"index","follow":"follow","max-snippet":"max-snippet:-1","max-image-preview":"max-image-preview:large","max-video-preview":"max-video-preview:-1"},"canonical":"https:\/\/www.estrategiaconcursos.com.br\/blog\/concurso-secult-df-novo-prazo\/","og_locale":"pt_BR","og_type":"article","og_title":"Novo prazo \u00e9 estipulado ao grupo de trabalho do concurso SECULT DF","og_description":"Novo prazo para que o Grupo finalize as an\u00e1lises e estudos do concurso SECULT DF foi prorrogado por mais 90 dias. Confira!","og_url":"https:\/\/www.estrategiaconcursos.com.br\/blog\/concurso-secult-df-novo-prazo\/","og_site_name":"Estrat\u00e9gia Concursos","article_published_time":"2020-05-15T12:28:25+00:00","article_modified_time":"2023-06-20T16:44:19+00:00","og_image":[{"width":1280,"height":720,"url":"https:\/\/dhg1h5j42swfq.cloudfront.net\/2020\/05\/15092742\/secult.jpg","type":"image\/jpeg"}],"author":"Alessandro Sanchez","twitter_card":"summary_large_image","twitter_creator":"@EstratConcursos","twitter_site":"@EstratConcursos","twitter_misc":{"Escrito por":"Alessandro Sanchez","Est. tempo de leitura":"1 minuto"},"schema":{"@context":"https:\/\/schema.org","@graph":[{"@type":"NewsArticle","@id":"https:\/\/www.estrategiaconcursos.com.br\/blog\/concurso-secult-df-novo-prazo\/#article","isPartOf":{"@id":"https:\/\/www.estrategiaconcursos.com.br\/blog\/concurso-secult-df-novo-prazo\/"},"author":{"name":"Alessandro Sanchez","@id":"https:\/\/www.estrategiaconcursos.com.br\/blog\/#\/schema\/person\/1e69b7fe81f5649f20ef70b7bcf64bbc"},"headline":"Novo prazo \u00e9 estipulado ao grupo de trabalho do concurso SECULT DF","datePublished":"2020-05-15T12:28:25+00:00","dateModified":"2023-06-20T16:44:19+00:00","mainEntityOfPage":{"@id":"https:\/\/www.estrategiaconcursos.com.br\/blog\/concurso-secult-df-novo-prazo\/"},"wordCount":289,"commentCount":0,"publisher":{"@id":"https:\/\/www.estrategiaconcursos.com.br\/blog\/#organization"},"image":{"@id":"https:\/\/www.estrategiaconcursos.com.br\/blog\/concurso-secult-df-novo-prazo\/#primaryimage"},"thumbnailUrl":"https:\/\/dhg1h5j42swfq.cloudfront.net\/2020\/05\/15092742\/secult.jpg","articleSection":["Concursos P\u00fablicos"],"inLanguage":"pt-BR","potentialAction":[{"@type":"CommentAction","name":"Comment","target":["https:\/\/www.estrategiaconcursos.com.br\/blog\/concurso-secult-df-novo-prazo\/#respond"]}],"copyrightYear":"2020","copyrightHolder":{"@id":"https:\/\/www.estrategiaconcursos.com.br\/blog\/#organization"}},{"@type":"WebPage","@id":"https:\/\/www.estrategiaconcursos.com.br\/blog\/concurso-secult-df-novo-prazo\/","url":"https:\/\/www.estrategiaconcursos.com.br\/blog\/concurso-secult-df-novo-prazo\/","name":"Novo prazo \u00e9 estipulado ao grupo de trabalho do concurso SECULT DF","isPartOf":{"@id":"https:\/\/www.estrategiaconcursos.com.br\/blog\/#website"},"primaryImageOfPage":{"@id":"https:\/\/www.estrategiaconcursos.com.br\/blog\/concurso-secult-df-novo-prazo\/#primaryimage"},"image":{"@id":"https:\/\/www.estrategiaconcursos.com.br\/blog\/concurso-secult-df-novo-prazo\/#primaryimage"},"thumbnailUrl":"https:\/\/dhg1h5j42swfq.cloudfront.net\/2020\/05\/15092742\/secult.jpg","datePublished":"2020-05-15T12:28:25+00:00","dateModified":"2023-06-20T16:44:19+00:00","description":"Novo prazo para que o Grupo finalize as an\u00e1lises e estudos do concurso SECULT DF foi prorrogado por mais 90 dias. Confira!","breadcrumb":{"@id":"https:\/\/www.estrategiaconcursos.com.br\/blog\/concurso-secult-df-novo-prazo\/#breadcrumb"},"inLanguage":"pt-BR","potentialAction":[{"@type":"ReadAction","target":["https:\/\/www.estrategiaconcursos.com.br\/blog\/concurso-secult-df-novo-prazo\/"]}]},{"@type":"ImageObject","inLanguage":"pt-BR","@id":"https:\/\/www.estrategiaconcursos.com.br\/blog\/concurso-secult-df-novo-prazo\/#primaryimage","url":"https:\/\/dhg1h5j42swfq.cloudfront.net\/2020\/05\/15092742\/secult.jpg","contentUrl":"https:\/\/dhg1h5j42swfq.cloudfront.net\/2020\/05\/15092742\/secult.jpg","width":1280,"height":720,"caption":"SECULT DF"},{"@type":"BreadcrumbList","@id":"https:\/\/www.estrategiaconcursos.com.br\/blog\/concurso-secult-df-novo-prazo\/#breadcrumb","itemListElement":[{"@type":"ListItem","position":1,"name":"In\u00edcio","item":"https:\/\/www.estrategiaconcursos.com.br\/blog\/"},{"@type":"ListItem","position":2,"name":"Novo prazo \u00e9 estipulado ao grupo de trabalho do concurso SECULT DF"}]},{"@type":"WebSite","@id":"https:\/\/www.estrategiaconcursos.com.br\/blog\/#website","url":"https:\/\/www.estrategiaconcursos.com.br\/blog\/","name":"Estrat\u00e9gia Concursos","description":"O blog da Estrat\u00e9gia Concursos traz not\u00edcias sobre concursos e artigos de professores oferecendo cursos para concursos (pdf + videaulas) no site.","publisher":{"@id":"https:\/\/www.estrategiaconcursos.com.br\/blog\/#organization"},"potentialAction":[{"@type":"SearchAction","target":{"@type":"EntryPoint","urlTemplate":"https:\/\/www.estrategiaconcursos.com.br\/blog\/?s={search_term_string}"},"query-input":{"@type":"PropertyValueSpecification","valueRequired":true,"valueName":"search_term_string"}}],"inLanguage":"pt-BR"},{"@type":"Organization","@id":"https:\/\/www.estrategiaconcursos.com.br\/blog\/#organization","name":"Estrat\u00e9gia Concursos","url":"https:\/\/www.estrategiaconcursos.com.br\/blog\/","logo":{"@type":"ImageObject","inLanguage":"pt-BR","@id":"https:\/\/www.estrategiaconcursos.com.br\/blog\/#\/schema\/logo\/image\/","url":"https:\/\/dhg1h5j42swfq.cloudfront.net\/2025\/06\/03203428\/logo_concursos-1.jpg","contentUrl":"https:\/\/dhg1h5j42swfq.cloudfront.net\/2025\/06\/03203428\/logo_concursos-1.jpg","width":230,"height":60,"caption":"Estrat\u00e9gia Concursos"},"image":{"@id":"https:\/\/www.estrategiaconcursos.com.br\/blog\/#\/schema\/logo\/image\/"},"sameAs":["https:\/\/x.com\/EstratConcursos"]},{"@type":"Person","@id":"https:\/\/www.estrategiaconcursos.com.br\/blog\/#\/schema\/person\/1e69b7fe81f5649f20ef70b7bcf64bbc","name":"Alessandro Sanchez","image":{"@type":"ImageObject","inLanguage":"pt-BR","@id":"https:\/\/secure.gravatar.com\/avatar\/79976a1950649a2b487377d773573de459294ff43e2ee4a1f30bce5167d5d6aa?s=96&d=mm&r=g","url":"https:\/\/secure.gravatar.com\/avatar\/79976a1950649a2b487377d773573de459294ff43e2ee4a1f30bce5167d5d6aa?s=96&d=mm&r=g","contentUrl":"https:\/\/secure.gravatar.com\/avatar\/79976a1950649a2b487377d773573de459294ff43e2ee4a1f30bce5167d5d6aa?s=96&d=mm&r=g","caption":"Alessandro Sanchez"},"url":"https:\/\/www.estrategiaconcursos.com.br\/blog\/author\/alessandro-sanchezuol-com-br\/"}]}},"_links":{"self":[{"href":"https:\/\/www.estrategiaconcursos.com.br\/blog\/wp-json\/wp\/v2\/posts\/514974","targetHints":{"allow":["GET"]}}],"collection":[{"href":"https:\/\/www.estrategiaconcursos.com.br\/blog\/wp-json\/wp\/v2\/posts"}],"about":[{"href":"https:\/\/www.estrategiaconcursos.com.br\/blog\/wp-json\/wp\/v2\/types\/post"}],"author":[{"embeddable":true,"href":"https:\/\/www.estrategiaconcursos.com.br\/blog\/wp-json\/wp\/v2\/users\/1153"}],"replies":[{"embeddable":true,"href":"https:\/\/www.estrategiaconcursos.com.br\/blog\/wp-json\/wp\/v2\/comments?post=514974"}],"version-history":[{"count":3,"href":"https:\/\/www.estrategiaconcursos.com.br\/blog\/wp-json\/wp\/v2\/posts\/514974\/revisions"}],"predecessor-version":[{"id":1235652,"href":"https:\/\/www.estrategiaconcursos.com.br\/blog\/wp-json\/wp\/v2\/posts\/514974\/revisions\/1235652"}],"wp:featuredmedia":[{"embeddable":true,"href":"https:\/\/www.estrategiaconcursos.com.br\/blog\/wp-json\/wp\/v2\/media\/514986"}],"wp:attachment":[{"href":"https:\/\/www.estrategiaconcursos.com.br\/blog\/wp-json\/wp\/v2\/media?parent=514974"}],"wp:term":[{"taxonomy":"category","embeddable":true,"href":"https:\/\/www.estrategiaconcursos.com.br\/blog\/wp-json\/wp\/v2\/categories?post=514974"},{"taxonomy":"post_tag","embeddable":true,"href":"https:\/\/www.estrategiaconcursos.com.br\/blog\/wp-json\/wp\/v2\/tags?post=514974"},{"taxonomy":"tax_estado","embeddable":true,"href":"https:\/\/www.estrategiaconcursos.com.br\/blog\/wp-json\/wp\/v2\/tax_estado?post=514974"}],"curies":[{"name":"wp","href":"https:\/\/api.w.org\/{rel}","templated":true}]}}