{"id":514803,"date":"2020-05-14T17:02:39","date_gmt":"2020-05-14T20:02:39","guid":{"rendered":"https:\/\/www.estrategiaconcursos.com.br\/blog\/?p=514803"},"modified":"2020-05-14T17:50:36","modified_gmt":"2020-05-14T20:50:36","slug":"prefeitura-cabedelo-saude","status":"publish","type":"post","link":"https:\/\/www.estrategiaconcursos.com.br\/blog\/prefeitura-cabedelo-saude\/","title":{"rendered":"Prefeitura de Cabedelo PB  abre sele\u00e7\u00e3o para a \u00e1rea da sa\u00fade; 60 vagas"},"content":{"rendered":"\n<p>A Prefeitura de Cabedelo, munic\u00edpio da Para\u00edba, publicou edital de um novo processo seletivo, com 60 oportunidades no total, de n\u00edveis m\u00e9dio, t\u00e9cnico e superior. <\/p>\n\n\n\n<p>As contrata\u00e7\u00f5es emergenciais visam ampliar o combate local \u00e0 pandemia da Covid-19 (novo Coronav\u00edrus), e os profissionais selecionados atuar\u00e3o nas unidades de sa\u00fade do munic\u00edpio.  <\/p>\n\n\n\n<h2 class=\"wp-block-heading\">Cargos, vagas e remunera\u00e7\u00f5es<\/h2>\n\n\n\n<figure class=\"wp-block-image size-large\"><img loading=\"lazy\" decoding=\"async\" width=\"672\" height=\"218\" src=\"https:\/\/dhg1h5j42swfq.cloudfront.net\/2020\/05\/14165345\/image-151.png\" alt=\"\" class=\"wp-image-514839\" srcset=\"https:\/\/dhg1h5j42swfq.cloudfront.net\/2020\/05\/14165345\/image-151.png 672w, https:\/\/dhg1h5j42swfq.cloudfront.net\/2020\/05\/14165345\/image-151-300x97.png 300w, https:\/\/dhg1h5j42swfq.cloudfront.net\/2020\/05\/14165345\/image-151-610x198.png 610w\" sizes=\"auto, (max-width: 672px) 100vw, 672px\" \/><\/figure>\n\n\n\n<figure class=\"wp-block-image size-large\"><img loading=\"lazy\" decoding=\"async\" width=\"661\" height=\"315\" src=\"https:\/\/dhg1h5j42swfq.cloudfront.net\/2020\/05\/14165519\/image-152.png\" alt=\"\" class=\"wp-image-514841\" srcset=\"https:\/\/dhg1h5j42swfq.cloudfront.net\/2020\/05\/14165519\/image-152.png 661w, https:\/\/dhg1h5j42swfq.cloudfront.net\/2020\/05\/14165519\/image-152-300x143.png 300w, https:\/\/dhg1h5j42swfq.cloudfront.net\/2020\/05\/14165519\/image-152-610x291.png 610w\" sizes=\"auto, (max-width: 661px) 100vw, 661px\" \/><\/figure>\n\n\n\n<p>O Contrato de Trabalho ter\u00e1 validade de 06 (seis) meses, podendo ser prorrogado, uma \u00fanica vez, por igual per\u00edodo, a contar da data da assinatura do Contrato Individual, a crit\u00e9rio da necessidade da<br \/>Administra\u00e7\u00e3o P\u00fablica.<\/p>\n\n\n\n<p>A sele\u00e7\u00e3o dos classificados ser\u00e1 feita mediante an\u00e1lise curricular, comprova\u00e7\u00e3o de experi\u00eancia na \u00e1rea e entrevista. Os candidatos interessados nas vagas do processo seletivo devem se inscrever <a href=\"http:\/\/cabedelo.pb.gov.br\/\">NESTE SITE<\/a> at\u00e9 o dia 15 de maio. <\/p>\n\n\n\n<p>Para mais informa\u00e7\u00f5es, baixe o edital abaixo:<\/p>\n\n\n\n<p style=\"font-size:25px\" class=\"has-background has-text-align-center has-very-light-gray-background-color\"><a href=\"https:\/\/dhg1h5j42swfq.cloudfront.net\/2020\/05\/14165905\/edital-pss-cabedelo-pb-01-2020-coronavirus.pdf\" target=\"_blank\" rel=\"noreferrer noopener\">Edital Prefeitura de Cabedelo<\/a><\/p>\n\n\n\n<h2 class=\"has-text-align-center wp-block-heading\"><strong><a href=\"https:\/\/www.estrategiaconcursos.com.br\/sistema-de-questoes#\/\" target=\"_blank\" rel=\"noreferrer noopener\">O l\u00edder em aprova\u00e7\u00f5es vai lan\u00e7ar o maior sistema de quest\u00f5es<\/a><\/strong><\/h2>\n\n\n\n<p class=\"has-text-align-center\"><strong>Estrat\u00e9gia Quest\u00f5es vai nascer maior do que todos os concorrentes, com mais quest\u00f5es cadastradas e mais solu\u00e7\u00f5es por professores.<\/strong><\/p>\n\n\n\n<p class=\"has-text-align-center\"><strong>Acompanhe AO VIVO o lan\u00e7amento do maior sistema de quest\u00f5es do Brasil e aproveite os descontos e b\u00f4nus imperd\u00edveis!<\/strong><\/p>\n\n\n\n<figure class=\"wp-block-image\"><a href=\"https:\/\/www.youtube.com\/watch?v=uPUGbXOPGqk\" target=\"_blank\" rel=\"noreferrer noopener\"><img loading=\"lazy\" decoding=\"async\" width=\"1024\" height=\"235\" src=\"https:\/\/dhg1h5j42swfq.cloudfront.net\/2020\/05\/07090143\/banner-2-1024x235.jpg\" alt=\"\" class=\"wp-image-511542\" srcset=\"https:\/\/dhg1h5j42swfq.cloudfront.net\/2020\/05\/07090143\/banner-2-1024x235.jpg 1024w, https:\/\/dhg1h5j42swfq.cloudfront.net\/2020\/05\/07090143\/banner-2-300x69.jpg 300w, https:\/\/dhg1h5j42swfq.cloudfront.net\/2020\/05\/07090143\/banner-2-768x176.jpg 768w, https:\/\/dhg1h5j42swfq.cloudfront.net\/2020\/05\/07090143\/banner-2-1536x353.jpg 1536w, https:\/\/dhg1h5j42swfq.cloudfront.net\/2020\/05\/07090143\/banner-2-610x140.jpg 610w, https:\/\/dhg1h5j42swfq.cloudfront.net\/2020\/05\/07090143\/banner-2.jpg 1894w\" sizes=\"auto, (max-width: 1024px) 100vw, 1024px\" \/><\/a><\/figure>\n\n\n\n<p class=\"has-text-align-center\"><em><strong>Assinatura Anual Ilimitada*<\/strong><\/em><\/p>\n\n\n\n<p class=\"has-text-align-center\"><em>Prepare-se com o melhor material e com quem mais aprova em Concursos P\u00fablicos em todo o pa\u00eds. Assine agora a nossa Assinatura Anual e tenha acesso ilimitado* a todos os nossos cursos.<\/em><\/p>\n\n\n\n<p class=\"has-background has-text-align-center has-light-green-cyan-background-color\"><strong>ASSINE AGORA<\/strong>&nbsp;\u2013&nbsp;<a rel=\"noreferrer noopener\" href=\"https:\/\/www.estrategiaconcursos.com.br\/assinaturas\" target=\"_blank\"><strong>Assinatura Ilimitada<\/strong><\/a><\/p>\n\n\n\n<p class=\"has-background has-text-align-center has-pale-cyan-blue-background-color\"><strong><a href=\"https:\/\/www.estrategiaconcursos.com.br\/blog\/concursos-abertos\/\" target=\"_blank\" rel=\"noreferrer noopener\">Concursos abertos<\/a><\/strong><\/p>\n\n\n\n<p class=\"has-background has-text-align-center has-pale-cyan-blue-background-color\"><a rel=\"noreferrer noopener\" href=\"https:\/\/www.estrategiaconcursos.com.br\/blog\/concursos-2020\/\" target=\"_blank\"><strong>Concursos 2020<\/strong><\/a><\/p>\n","protected":false},"excerpt":{"rendered":"<p>A Prefeitura de Cabedelo, munic\u00edpio da Para\u00edba, publicou edital de um novo processo seletivo, com 60 oportunidades no total, de n\u00edveis m\u00e9dio, t\u00e9cnico e superior. As contrata\u00e7\u00f5es emergenciais visam ampliar o combate local \u00e0 pandemia da Covid-19 (novo Coronav\u00edrus), e os profissionais selecionados atuar\u00e3o nas unidades de sa\u00fade do munic\u00edpio. Cargos, vagas e remunera\u00e7\u00f5es O [&hellip;]<\/p>\n","protected":false},"author":561,"featured_media":0,"comment_status":"open","ping_status":"closed","sticky":false,"template":"","format":"standard","meta":{"post_tipo":"article","footnotes":""},"categories":[1],"tags":[],"tax_estado":[],"class_list":["post-514803","post","type-post","status-publish","format-standard","hentry","category-cursos-e-concursos"],"acf":[],"yoast_head":"<!-- This site is optimized with the Yoast SEO Premium plugin v27.2 (Yoast SEO v27.2) - https:\/\/yoast.com\/product\/yoast-seo-premium-wordpress\/ -->\n<title>Prefeitura de Cabedelo PB abre sele\u00e7\u00e3o para a \u00e1rea da sa\u00fade; 60 vagas<\/title>\n<meta name=\"robots\" content=\"index, follow, max-snippet:-1, max-image-preview:large, max-video-preview:-1\" \/>\n<link rel=\"canonical\" href=\"https:\/\/www.estrategiaconcursos.com.br\/blog\/prefeitura-cabedelo-saude\/\" \/>\n<meta property=\"og:locale\" content=\"pt_BR\" \/>\n<meta property=\"og:type\" content=\"article\" \/>\n<meta property=\"og:title\" content=\"Prefeitura de Cabedelo PB abre sele\u00e7\u00e3o para a \u00e1rea da sa\u00fade; 60 vagas\" \/>\n<meta property=\"og:description\" content=\"A Prefeitura de Cabedelo, munic\u00edpio da Para\u00edba, publicou edital de um novo processo seletivo, com 60 oportunidades no total, de n\u00edveis m\u00e9dio, t\u00e9cnico e superior. As contrata\u00e7\u00f5es emergenciais visam ampliar o combate local \u00e0 pandemia da Covid-19 (novo Coronav\u00edrus), e os profissionais selecionados atuar\u00e3o nas unidades de sa\u00fade do munic\u00edpio. Cargos, vagas e remunera\u00e7\u00f5es O [&hellip;]\" \/>\n<meta property=\"og:url\" content=\"https:\/\/www.estrategiaconcursos.com.br\/blog\/prefeitura-cabedelo-saude\/\" \/>\n<meta property=\"og:site_name\" content=\"Estrat\u00e9gia Concursos\" \/>\n<meta property=\"article:published_time\" content=\"2020-05-14T20:02:39+00:00\" \/>\n<meta property=\"article:modified_time\" content=\"2020-05-14T20:50:36+00:00\" \/>\n<meta property=\"og:image\" content=\"https:\/\/www.estrategiaconcursos.com.br\/blog\/wp-content\/uploads\/2020\/05\/image-151.png\" \/>\n<meta name=\"author\" content=\"Ligia Carvalheiro Fernandes\" \/>\n<meta name=\"twitter:card\" content=\"summary_large_image\" \/>\n<meta name=\"twitter:creator\" content=\"@EstratConcursos\" \/>\n<meta name=\"twitter:site\" content=\"@EstratConcursos\" \/>\n<meta name=\"twitter:label1\" content=\"Escrito por\" \/>\n\t<meta name=\"twitter:data1\" content=\"Ligia Carvalheiro Fernandes\" \/>\n\t<meta name=\"twitter:label2\" content=\"Est. tempo de leitura\" \/>\n\t<meta name=\"twitter:data2\" content=\"1 minuto\" \/>\n<script type=\"application\/ld+json\" class=\"yoast-schema-graph\">{\"@context\":\"https:\/\/schema.org\",\"@graph\":[{\"@type\":\"NewsArticle\",\"@id\":\"https:\/\/www.estrategiaconcursos.com.br\/blog\/prefeitura-cabedelo-saude\/#article\",\"isPartOf\":{\"@id\":\"https:\/\/www.estrategiaconcursos.com.br\/blog\/prefeitura-cabedelo-saude\/\"},\"author\":{\"name\":\"Ligia Carvalheiro Fernandes\",\"@id\":\"https:\/\/www.estrategiaconcursos.com.br\/blog\/#\/schema\/person\/cc76e9dac392d5e35e7d00c493eee792\"},\"headline\":\"Prefeitura de Cabedelo PB abre sele\u00e7\u00e3o para a \u00e1rea da sa\u00fade; 60 vagas\",\"datePublished\":\"2020-05-14T20:02:39+00:00\",\"dateModified\":\"2020-05-14T20:50:36+00:00\",\"mainEntityOfPage\":{\"@id\":\"https:\/\/www.estrategiaconcursos.com.br\/blog\/prefeitura-cabedelo-saude\/\"},\"wordCount\":271,\"commentCount\":0,\"publisher\":{\"@id\":\"https:\/\/www.estrategiaconcursos.com.br\/blog\/#organization\"},\"image\":{\"@id\":\"https:\/\/www.estrategiaconcursos.com.br\/blog\/prefeitura-cabedelo-saude\/#primaryimage\"},\"thumbnailUrl\":\"https:\/\/www.estrategiaconcursos.com.br\/blog\/wp-content\/uploads\/2020\/05\/image-151.png\",\"articleSection\":[\"Concursos P\u00fablicos\"],\"inLanguage\":\"pt-BR\",\"potentialAction\":[{\"@type\":\"CommentAction\",\"name\":\"Comment\",\"target\":[\"https:\/\/www.estrategiaconcursos.com.br\/blog\/prefeitura-cabedelo-saude\/#respond\"]}],\"copyrightYear\":\"2020\",\"copyrightHolder\":{\"@id\":\"https:\/\/www.estrategiaconcursos.com.br\/blog\/#organization\"}},{\"@type\":\"WebPage\",\"@id\":\"https:\/\/www.estrategiaconcursos.com.br\/blog\/prefeitura-cabedelo-saude\/\",\"url\":\"https:\/\/www.estrategiaconcursos.com.br\/blog\/prefeitura-cabedelo-saude\/\",\"name\":\"Prefeitura de Cabedelo PB abre sele\u00e7\u00e3o para a \u00e1rea da sa\u00fade; 60 vagas\",\"isPartOf\":{\"@id\":\"https:\/\/www.estrategiaconcursos.com.br\/blog\/#website\"},\"primaryImageOfPage\":{\"@id\":\"https:\/\/www.estrategiaconcursos.com.br\/blog\/prefeitura-cabedelo-saude\/#primaryimage\"},\"image\":{\"@id\":\"https:\/\/www.estrategiaconcursos.com.br\/blog\/prefeitura-cabedelo-saude\/#primaryimage\"},\"thumbnailUrl\":\"https:\/\/www.estrategiaconcursos.com.br\/blog\/wp-content\/uploads\/2020\/05\/image-151.png\",\"datePublished\":\"2020-05-14T20:02:39+00:00\",\"dateModified\":\"2020-05-14T20:50:36+00:00\",\"breadcrumb\":{\"@id\":\"https:\/\/www.estrategiaconcursos.com.br\/blog\/prefeitura-cabedelo-saude\/#breadcrumb\"},\"inLanguage\":\"pt-BR\",\"potentialAction\":[{\"@type\":\"ReadAction\",\"target\":[\"https:\/\/www.estrategiaconcursos.com.br\/blog\/prefeitura-cabedelo-saude\/\"]}]},{\"@type\":\"ImageObject\",\"inLanguage\":\"pt-BR\",\"@id\":\"https:\/\/www.estrategiaconcursos.com.br\/blog\/prefeitura-cabedelo-saude\/#primaryimage\",\"url\":\"https:\/\/dhg1h5j42swfq.cloudfront.net\/2020\/05\/14165345\/image-151.png\",\"contentUrl\":\"https:\/\/dhg1h5j42swfq.cloudfront.net\/2020\/05\/14165345\/image-151.png\",\"width\":672,\"height\":218},{\"@type\":\"BreadcrumbList\",\"@id\":\"https:\/\/www.estrategiaconcursos.com.br\/blog\/prefeitura-cabedelo-saude\/#breadcrumb\",\"itemListElement\":[{\"@type\":\"ListItem\",\"position\":1,\"name\":\"In\u00edcio\",\"item\":\"https:\/\/www.estrategiaconcursos.com.br\/blog\/\"},{\"@type\":\"ListItem\",\"position\":2,\"name\":\"Prefeitura de Cabedelo PB abre sele\u00e7\u00e3o para a \u00e1rea da sa\u00fade; 60 vagas\"}]},{\"@type\":\"WebSite\",\"@id\":\"https:\/\/www.estrategiaconcursos.com.br\/blog\/#website\",\"url\":\"https:\/\/www.estrategiaconcursos.com.br\/blog\/\",\"name\":\"Estrat\u00e9gia Concursos\",\"description\":\"O blog da Estrat\u00e9gia Concursos traz not\u00edcias sobre concursos e artigos de professores oferecendo cursos para concursos (pdf + videaulas) no site.\",\"publisher\":{\"@id\":\"https:\/\/www.estrategiaconcursos.com.br\/blog\/#organization\"},\"potentialAction\":[{\"@type\":\"SearchAction\",\"target\":{\"@type\":\"EntryPoint\",\"urlTemplate\":\"https:\/\/www.estrategiaconcursos.com.br\/blog\/?s={search_term_string}\"},\"query-input\":{\"@type\":\"PropertyValueSpecification\",\"valueRequired\":true,\"valueName\":\"search_term_string\"}}],\"inLanguage\":\"pt-BR\"},{\"@type\":\"Organization\",\"@id\":\"https:\/\/www.estrategiaconcursos.com.br\/blog\/#organization\",\"name\":\"Estrat\u00e9gia Concursos\",\"url\":\"https:\/\/www.estrategiaconcursos.com.br\/blog\/\",\"logo\":{\"@type\":\"ImageObject\",\"inLanguage\":\"pt-BR\",\"@id\":\"https:\/\/www.estrategiaconcursos.com.br\/blog\/#\/schema\/logo\/image\/\",\"url\":\"https:\/\/dhg1h5j42swfq.cloudfront.net\/2025\/06\/03203428\/logo_concursos-1.jpg\",\"contentUrl\":\"https:\/\/dhg1h5j42swfq.cloudfront.net\/2025\/06\/03203428\/logo_concursos-1.jpg\",\"width\":230,\"height\":60,\"caption\":\"Estrat\u00e9gia Concursos\"},\"image\":{\"@id\":\"https:\/\/www.estrategiaconcursos.com.br\/blog\/#\/schema\/logo\/image\/\"},\"sameAs\":[\"https:\/\/x.com\/EstratConcursos\"]},{\"@type\":\"Person\",\"@id\":\"https:\/\/www.estrategiaconcursos.com.br\/blog\/#\/schema\/person\/cc76e9dac392d5e35e7d00c493eee792\",\"name\":\"Ligia Carvalheiro Fernandes\",\"image\":{\"@type\":\"ImageObject\",\"inLanguage\":\"pt-BR\",\"@id\":\"https:\/\/secure.gravatar.com\/avatar\/26e4636c44dabc043eaf634f767ecd1d80505b210d3981d4ebd176a3f373e3ec?s=96&d=mm&r=g\",\"url\":\"https:\/\/secure.gravatar.com\/avatar\/26e4636c44dabc043eaf634f767ecd1d80505b210d3981d4ebd176a3f373e3ec?s=96&d=mm&r=g\",\"contentUrl\":\"https:\/\/secure.gravatar.com\/avatar\/26e4636c44dabc043eaf634f767ecd1d80505b210d3981d4ebd176a3f373e3ec?s=96&d=mm&r=g\",\"caption\":\"Ligia Carvalheiro Fernandes\"},\"url\":\"https:\/\/www.estrategiaconcursos.com.br\/blog\/author\/licarfegmail-com\/\"}]}<\/script>\n<!-- \/ Yoast SEO Premium plugin. -->","yoast_head_json":{"title":"Prefeitura de Cabedelo PB abre sele\u00e7\u00e3o para a \u00e1rea da sa\u00fade; 60 vagas","robots":{"index":"index","follow":"follow","max-snippet":"max-snippet:-1","max-image-preview":"max-image-preview:large","max-video-preview":"max-video-preview:-1"},"canonical":"https:\/\/www.estrategiaconcursos.com.br\/blog\/prefeitura-cabedelo-saude\/","og_locale":"pt_BR","og_type":"article","og_title":"Prefeitura de Cabedelo PB abre sele\u00e7\u00e3o para a \u00e1rea da sa\u00fade; 60 vagas","og_description":"A Prefeitura de Cabedelo, munic\u00edpio da Para\u00edba, publicou edital de um novo processo seletivo, com 60 oportunidades no total, de n\u00edveis m\u00e9dio, t\u00e9cnico e superior. As contrata\u00e7\u00f5es emergenciais visam ampliar o combate local \u00e0 pandemia da Covid-19 (novo Coronav\u00edrus), e os profissionais selecionados atuar\u00e3o nas unidades de sa\u00fade do munic\u00edpio. Cargos, vagas e remunera\u00e7\u00f5es O [&hellip;]","og_url":"https:\/\/www.estrategiaconcursos.com.br\/blog\/prefeitura-cabedelo-saude\/","og_site_name":"Estrat\u00e9gia Concursos","article_published_time":"2020-05-14T20:02:39+00:00","article_modified_time":"2020-05-14T20:50:36+00:00","og_image":[{"url":"https:\/\/www.estrategiaconcursos.com.br\/blog\/wp-content\/uploads\/2020\/05\/image-151.png","type":"","width":"","height":""}],"author":"Ligia Carvalheiro Fernandes","twitter_card":"summary_large_image","twitter_creator":"@EstratConcursos","twitter_site":"@EstratConcursos","twitter_misc":{"Escrito por":"Ligia Carvalheiro Fernandes","Est. tempo de leitura":"1 minuto"},"schema":{"@context":"https:\/\/schema.org","@graph":[{"@type":"NewsArticle","@id":"https:\/\/www.estrategiaconcursos.com.br\/blog\/prefeitura-cabedelo-saude\/#article","isPartOf":{"@id":"https:\/\/www.estrategiaconcursos.com.br\/blog\/prefeitura-cabedelo-saude\/"},"author":{"name":"Ligia Carvalheiro Fernandes","@id":"https:\/\/www.estrategiaconcursos.com.br\/blog\/#\/schema\/person\/cc76e9dac392d5e35e7d00c493eee792"},"headline":"Prefeitura de Cabedelo PB abre sele\u00e7\u00e3o para a \u00e1rea da sa\u00fade; 60 vagas","datePublished":"2020-05-14T20:02:39+00:00","dateModified":"2020-05-14T20:50:36+00:00","mainEntityOfPage":{"@id":"https:\/\/www.estrategiaconcursos.com.br\/blog\/prefeitura-cabedelo-saude\/"},"wordCount":271,"commentCount":0,"publisher":{"@id":"https:\/\/www.estrategiaconcursos.com.br\/blog\/#organization"},"image":{"@id":"https:\/\/www.estrategiaconcursos.com.br\/blog\/prefeitura-cabedelo-saude\/#primaryimage"},"thumbnailUrl":"https:\/\/www.estrategiaconcursos.com.br\/blog\/wp-content\/uploads\/2020\/05\/image-151.png","articleSection":["Concursos P\u00fablicos"],"inLanguage":"pt-BR","potentialAction":[{"@type":"CommentAction","name":"Comment","target":["https:\/\/www.estrategiaconcursos.com.br\/blog\/prefeitura-cabedelo-saude\/#respond"]}],"copyrightYear":"2020","copyrightHolder":{"@id":"https:\/\/www.estrategiaconcursos.com.br\/blog\/#organization"}},{"@type":"WebPage","@id":"https:\/\/www.estrategiaconcursos.com.br\/blog\/prefeitura-cabedelo-saude\/","url":"https:\/\/www.estrategiaconcursos.com.br\/blog\/prefeitura-cabedelo-saude\/","name":"Prefeitura de Cabedelo PB abre sele\u00e7\u00e3o para a \u00e1rea da sa\u00fade; 60 vagas","isPartOf":{"@id":"https:\/\/www.estrategiaconcursos.com.br\/blog\/#website"},"primaryImageOfPage":{"@id":"https:\/\/www.estrategiaconcursos.com.br\/blog\/prefeitura-cabedelo-saude\/#primaryimage"},"image":{"@id":"https:\/\/www.estrategiaconcursos.com.br\/blog\/prefeitura-cabedelo-saude\/#primaryimage"},"thumbnailUrl":"https:\/\/www.estrategiaconcursos.com.br\/blog\/wp-content\/uploads\/2020\/05\/image-151.png","datePublished":"2020-05-14T20:02:39+00:00","dateModified":"2020-05-14T20:50:36+00:00","breadcrumb":{"@id":"https:\/\/www.estrategiaconcursos.com.br\/blog\/prefeitura-cabedelo-saude\/#breadcrumb"},"inLanguage":"pt-BR","potentialAction":[{"@type":"ReadAction","target":["https:\/\/www.estrategiaconcursos.com.br\/blog\/prefeitura-cabedelo-saude\/"]}]},{"@type":"ImageObject","inLanguage":"pt-BR","@id":"https:\/\/www.estrategiaconcursos.com.br\/blog\/prefeitura-cabedelo-saude\/#primaryimage","url":"https:\/\/dhg1h5j42swfq.cloudfront.net\/2020\/05\/14165345\/image-151.png","contentUrl":"https:\/\/dhg1h5j42swfq.cloudfront.net\/2020\/05\/14165345\/image-151.png","width":672,"height":218},{"@type":"BreadcrumbList","@id":"https:\/\/www.estrategiaconcursos.com.br\/blog\/prefeitura-cabedelo-saude\/#breadcrumb","itemListElement":[{"@type":"ListItem","position":1,"name":"In\u00edcio","item":"https:\/\/www.estrategiaconcursos.com.br\/blog\/"},{"@type":"ListItem","position":2,"name":"Prefeitura de Cabedelo PB abre sele\u00e7\u00e3o para a \u00e1rea da sa\u00fade; 60 vagas"}]},{"@type":"WebSite","@id":"https:\/\/www.estrategiaconcursos.com.br\/blog\/#website","url":"https:\/\/www.estrategiaconcursos.com.br\/blog\/","name":"Estrat\u00e9gia Concursos","description":"O blog da Estrat\u00e9gia Concursos traz not\u00edcias sobre concursos e artigos de professores oferecendo cursos para concursos (pdf + videaulas) no site.","publisher":{"@id":"https:\/\/www.estrategiaconcursos.com.br\/blog\/#organization"},"potentialAction":[{"@type":"SearchAction","target":{"@type":"EntryPoint","urlTemplate":"https:\/\/www.estrategiaconcursos.com.br\/blog\/?s={search_term_string}"},"query-input":{"@type":"PropertyValueSpecification","valueRequired":true,"valueName":"search_term_string"}}],"inLanguage":"pt-BR"},{"@type":"Organization","@id":"https:\/\/www.estrategiaconcursos.com.br\/blog\/#organization","name":"Estrat\u00e9gia Concursos","url":"https:\/\/www.estrategiaconcursos.com.br\/blog\/","logo":{"@type":"ImageObject","inLanguage":"pt-BR","@id":"https:\/\/www.estrategiaconcursos.com.br\/blog\/#\/schema\/logo\/image\/","url":"https:\/\/dhg1h5j42swfq.cloudfront.net\/2025\/06\/03203428\/logo_concursos-1.jpg","contentUrl":"https:\/\/dhg1h5j42swfq.cloudfront.net\/2025\/06\/03203428\/logo_concursos-1.jpg","width":230,"height":60,"caption":"Estrat\u00e9gia Concursos"},"image":{"@id":"https:\/\/www.estrategiaconcursos.com.br\/blog\/#\/schema\/logo\/image\/"},"sameAs":["https:\/\/x.com\/EstratConcursos"]},{"@type":"Person","@id":"https:\/\/www.estrategiaconcursos.com.br\/blog\/#\/schema\/person\/cc76e9dac392d5e35e7d00c493eee792","name":"Ligia Carvalheiro Fernandes","image":{"@type":"ImageObject","inLanguage":"pt-BR","@id":"https:\/\/secure.gravatar.com\/avatar\/26e4636c44dabc043eaf634f767ecd1d80505b210d3981d4ebd176a3f373e3ec?s=96&d=mm&r=g","url":"https:\/\/secure.gravatar.com\/avatar\/26e4636c44dabc043eaf634f767ecd1d80505b210d3981d4ebd176a3f373e3ec?s=96&d=mm&r=g","contentUrl":"https:\/\/secure.gravatar.com\/avatar\/26e4636c44dabc043eaf634f767ecd1d80505b210d3981d4ebd176a3f373e3ec?s=96&d=mm&r=g","caption":"Ligia Carvalheiro Fernandes"},"url":"https:\/\/www.estrategiaconcursos.com.br\/blog\/author\/licarfegmail-com\/"}]}},"_links":{"self":[{"href":"https:\/\/www.estrategiaconcursos.com.br\/blog\/wp-json\/wp\/v2\/posts\/514803","targetHints":{"allow":["GET"]}}],"collection":[{"href":"https:\/\/www.estrategiaconcursos.com.br\/blog\/wp-json\/wp\/v2\/posts"}],"about":[{"href":"https:\/\/www.estrategiaconcursos.com.br\/blog\/wp-json\/wp\/v2\/types\/post"}],"author":[{"embeddable":true,"href":"https:\/\/www.estrategiaconcursos.com.br\/blog\/wp-json\/wp\/v2\/users\/561"}],"replies":[{"embeddable":true,"href":"https:\/\/www.estrategiaconcursos.com.br\/blog\/wp-json\/wp\/v2\/comments?post=514803"}],"version-history":[{"count":2,"href":"https:\/\/www.estrategiaconcursos.com.br\/blog\/wp-json\/wp\/v2\/posts\/514803\/revisions"}],"predecessor-version":[{"id":514851,"href":"https:\/\/www.estrategiaconcursos.com.br\/blog\/wp-json\/wp\/v2\/posts\/514803\/revisions\/514851"}],"wp:attachment":[{"href":"https:\/\/www.estrategiaconcursos.com.br\/blog\/wp-json\/wp\/v2\/media?parent=514803"}],"wp:term":[{"taxonomy":"category","embeddable":true,"href":"https:\/\/www.estrategiaconcursos.com.br\/blog\/wp-json\/wp\/v2\/categories?post=514803"},{"taxonomy":"post_tag","embeddable":true,"href":"https:\/\/www.estrategiaconcursos.com.br\/blog\/wp-json\/wp\/v2\/tags?post=514803"},{"taxonomy":"tax_estado","embeddable":true,"href":"https:\/\/www.estrategiaconcursos.com.br\/blog\/wp-json\/wp\/v2\/tax_estado?post=514803"}],"curies":[{"name":"wp","href":"https:\/\/api.w.org\/{rel}","templated":true}]}}