{"id":514586,"date":"2020-05-14T12:57:56","date_gmt":"2020-05-14T15:57:56","guid":{"rendered":"https:\/\/www.estrategiaconcursos.com.br\/blog\/?p=514586"},"modified":"2020-05-18T12:30:10","modified_gmt":"2020-05-18T15:30:10","slug":"projetos-de-lei-dispoe-sobre-concursos-rj","status":"publish","type":"post","link":"https:\/\/www.estrategiaconcursos.com.br\/blog\/projetos-de-lei-dispoe-sobre-concursos-rj\/","title":{"rendered":"Projetos de Lei disp\u00f5e sobre concursos RJ; CONFIRA!"},"content":{"rendered":"\n<p>Foram publicados, no Di\u00e1rio Oficial da Assembleia Legislativa do Rio de Janeiro, v\u00e1rios <strong>Projetos de Lei que disp\u00f5em sobre a convoca\u00e7\u00e3o de aprovados<\/strong> de alguns concursos p\u00fablicos no Estado. Os respons\u00e1veis pelos documentos s\u00e3o os deputados estaduais Rodrigo Amorim e Bruno Dauaire.<\/p>\n\n\n\n<p>Al\u00e9m disso, tamb\u00e9m foi encaminhado outro <strong>Projeto que busca barrar a realiza\u00e7\u00e3o de novo certames, enquanto houver anteriores v\u00e1lidos ou com candidatos classificados aguardando chamada<\/strong>. Os textos agora devem seguir para vota\u00e7\u00e3o na Casa Legislativa.<\/p>\n\n\n\n<p>Ao todo, s\u00e3o <strong>12 Projetos de Lei abrangendo diferentes sele\u00e7\u00f5es p\u00fablicas no Rio de Janeiro, entre os anos de 2003 a 2018<\/strong>. Vale ressaltar que os projetos n\u00e3o atingem os concursos em andamento do Rio de Janeiro, como o Tribunal de Justi\u00e7a, Pol\u00edcia Civil, Tribunal de Contas (Estadual e Municipal) e Secretaria Municipal de Fazenda.<\/p>\n\n\n\n<p>Abaixo, listamos cada Projeto de Lei, bem como seus objetivos e justificativas. Confira!<\/p>\n\n\n\n<h3 class=\"wp-block-heading\">Projeto de Lei n\u00ba 2614\/2020<\/h3>\n\n\n\n<p>O Projeto solicita a autoriza\u00e7\u00e3o para convocar todos os aprovados no concurso p\u00fablico da <strong>Pol\u00edcia Militar do Estado do Rio de Janeiro<\/strong>, realizado em 2014, para admiss\u00e3o ao Curso de Forma\u00e7\u00e3o de Soldados.<\/p>\n\n\n\n<p>A justificativa visa assegurar aos aprovados que todos sejam convocados, visto que muitos aguardam o chamamento h\u00e1 anos. Al\u00e9m disso, \u00e9 lembrado que o Estado sofre com o d\u00e9ficit de servidores no \u00e2mbito da seguran\u00e7a e a convoca\u00e7\u00e3o sanaria a defici\u00eancia.<\/p>\n\n\n\n<h3 class=\"wp-block-heading\">Projeto de Lei n\u00ba 2615\/2020<\/h3>\n\n\n\n<p>Tal Projeto autoriza a convoca\u00e7\u00e3o dos aprovados aos cargos de n\u00edvel m\u00e9dio, m\u00e9dio\/t\u00e9cnico e superior&nbsp;do concurso, de 2014, da <strong>Funda\u00e7\u00e3o Santa Cabrini<\/strong>, ligada \u00e0 Administra\u00e7\u00e3o Penitenci\u00e1ria.<\/p>\n\n\n\n<p>Na justificativa \u00e9 tratado o longo tempo de espera dos candidatos admitidos. Al\u00e9m de destacar a movimenta\u00e7\u00e3o da m\u00e1quina p\u00fablica para realiza\u00e7\u00e3o dos concursos p\u00fablicos, n\u00e3o sendo cab\u00edvel a execu\u00e7\u00e3o de novos certames.<\/p>\n\n\n\n<h3 class=\"wp-block-heading\">Projeto de Lei n\u00ba 2616\/2020<\/h3>\n\n\n\n<p>Para este, ficam autorizadas as convoca\u00e7\u00f5es de todos os aprovados nos certames da <strong>Secretaria de Estado de Administra\u00e7\u00e3o Penitenci\u00e1ria do Estado do Rio de Janeiro<\/strong> (SEAP), realizados nos anos de 2003, 2006 e 2012.<\/p>\n\n\n\n<p>Existem aprovados aguardando h\u00e1 anos a convoca\u00e7\u00e3o para in\u00edcio na carreira na seguran\u00e7a p\u00fablica. Os deputados consideram se tratar de um tema muito caro para a Administra\u00e7\u00e3o P\u00fablica, visto o momento or\u00e7ament\u00e1rio e fiscal que o Estado vive.<\/p>\n\n\n\n<h3 class=\"wp-block-heading\">Projeto de Lei n\u00ba 2617\/2020<\/h3>\n\n\n\n<p>Os aprovados ao cargo de <strong>Soldado Bombeiro Militar<\/strong>, em todas as fases, aptos a iniciar o Curso de Forma\u00e7\u00e3o, devem ser convocados. Os que aguardam convoca\u00e7\u00e3o para outras etapas do concurso, tamb\u00e9m devem ser chamados.<\/p>\n\n\n\n<p>Assim, fica vedada a realiza\u00e7\u00e3o de novos certames ao cargo, uma vez que existem aprovados aguardando. Al\u00e9m disso, \u00e9 solicitado que sigam as regras de preenchimento das vagas, validade e prorroga\u00e7\u00f5es previstas nos editais.<\/p>\n\n\n\n<h3 class=\"wp-block-heading\">Projeto de Lei n\u00ba 2618\/2020<\/h3>\n\n\n\n<p>Os deputados tamb\u00e9m solicitam o chamamento dos classificados aos cargos de <strong>Soldado Bombeiro Militar Combatente, T\u00e9cnico de Enfermagem e cadastro de reservas<\/strong> do Estado do Rio de Janeiro, de 2014.<\/p>\n\n\n\n<p>Seguindo as justificativas anteriores, \u00e9 destacada a atual situa\u00e7\u00e3o fiscal do Estado, n\u00e3o sendo cr\u00edvel realizar novo concurso nesta \u00e1rea. Deve ser levado em conta o tempo de espera e expectativa dos aprovados que aguardam convoca\u00e7\u00e3o.<\/p>\n\n\n\n<h3 class=\"wp-block-heading\">Projeto de Lei n\u00ba 2619\/2020<\/h3>\n\n\n\n<p>Neste caso, s\u00e3o solicitadas as convoca\u00e7\u00f5es dos aprovados no certame aos cargos de <strong>Professor Docente I<\/strong> (16h e 30h semanais) do quadro permanente do magist\u00e9rio da <strong>Secretaria de Estado de Educa\u00e7\u00e3o<\/strong>, realizado no ano de 2014.<\/p>\n\n\n\n<p>J\u00e1 que existem aprovados aguardando o chamamento, n\u00e3o h\u00e1 necessidade de gerar mais custos com realiza\u00e7\u00e3o de outros concursos. Aqueles aptos em assumir seus respetivos postos, devem ser convocados.<\/p>\n\n\n\n<h3 class=\"wp-block-heading\">Projeto de Lei n\u00ba 2620\/2020<\/h3>\n\n\n\n<p>Ficam autorizadas as convoca\u00e7\u00f5es de todos os aprovados no concurso para o cargo de <strong>Soldado Bombeiro Militar Guarda-Vidas<\/strong> e forma\u00e7\u00e3o de cadastro de reservas do Estado do Rio de Janeiro, realizado no ano de 2015.<\/p>\n\n\n\n<p>Fica reconhecida a prorroga\u00e7\u00e3o do prazo de validade e homologa\u00e7\u00e3o do resultado final do certame. Sendo assim, todos os candidatos aptos a iniciar o Curso de Forma\u00e7\u00e3o devem ser convocados.<\/p>\n\n\n\n<h3 class=\"wp-block-heading\">Projeto de Lei n\u00ba 2621\/2020<\/h3>\n\n\n\n<p>O Poder Executivo fica autorizado a chamar todos os aprovados na sele\u00e7\u00e3o para o cargo de <strong>Piloto Policial Classe Singular <\/strong>da carreira da <strong>Pol\u00edcia Civil do Estado do Rio de Janeiro<\/strong> e cadastro de reserva, ocorrido em 2011.<\/p>\n\n\n\n<p>O pessoal aprovado, apto a iniciar o Curso de Forma\u00e7\u00e3o, deve ser convocado. Assim como aqueles que aguardam o chamamento para cumprir outras etapas do certame, previstas no edital.<\/p>\n\n\n\n<h3 class=\"wp-block-heading\">Projeto de Lei n\u00ba 2622\/2020<\/h3>\n\n\n\n<p>O <strong>Departamento Geral de A\u00e7\u00f5es Socioeducativas (DEGASE)<\/strong> realizou certame em 2011. Os candidatos aos cargos efetivos de n\u00edveis superior, m\u00e9dio\/t\u00e9cnico e m\u00e9dio, admitidos em todas as fases, devem ser convocados para iniciar o Curso de Forma\u00e7\u00e3o.<\/p>\n\n\n\n<p>Levando em conta a atual situa\u00e7\u00e3o fiscal e or\u00e7ament\u00e1ria, em raz\u00e3o da pandemia da COVID-19, o Estado deve evitar gastos desnecess\u00e1rios. \u00c9 o caso de novos concursos p\u00fablicos. Com isso, at\u00e9 findar a validade, todos os aprovados devem ser chamados.<\/p>\n\n\n\n<h3 class=\"wp-block-heading\">Projeto de Lei n\u00ba 2623\/2020<\/h3>\n\n\n\n<p>Para este Projeto, solicitam o chamamento dos classificados no certame para o cargo de <strong>T\u00e9cnico Universit\u00e1rio II &#8211; T\u00e9cnico de Enfermagem<\/strong> e forma\u00e7\u00e3o de cadastro de reserva no \u00e2mbito da <strong>Universidade Estadual do Rio de Janeiro<\/strong>, realizado no ano de 2018.<\/p>\n\n\n\n<p>Reconhecendo a prorroga\u00e7\u00e3o do prazo de validade e homologa\u00e7\u00e3o do resultado final da sele\u00e7\u00e3o, os aprovados devem ser convocados para suprir o d\u00e9ficit atual. Sendo vedada a realiza\u00e7\u00e3o de novo processo, enquanto este estiver v\u00e1lido.<\/p>\n\n\n\n<h3 class=\"wp-block-heading\">Projeto de Lei n\u00ba 2624\/2020<\/h3>\n\n\n\n<p>Fica estabelecida a autoriza\u00e7\u00e3o da convoca\u00e7\u00e3o de todos os aprovados no certame para o cargo de n\u00edvel m\u00e9dio\/t\u00e9cnico da <strong>Defensoria P\u00fablica da Universidade Estadual do Rio de Janeiro<\/strong>, realizado em 2018.<\/p>\n\n\n\n<p>Assim como em todos os outros projetos, na justificativa, os deputados consideram o alto gasto na realiza\u00e7\u00e3o de novo concurso, n\u00e3o sendo cab\u00edvel tal a\u00e7\u00e3o, visto o grande n\u00famero de pessoas que aguardam o chamamento.<\/p>\n\n\n\n<h3 class=\"wp-block-heading\">Projeto de Lei n\u00ba 2627\/2020<\/h3>\n\n\n\n<p>E o \u00faltimo, mas n\u00e3o menos importante, disp\u00f5e sobre o veto na realiza\u00e7\u00e3o de novos concursos p\u00fablicos, no \u00e2mbito do Estado do Rio de Janeiro, enquanto houver certames anteriores v\u00e1lidos ou candidatos classificados aguardando chamada.<\/p>\n\n\n\n<p>Este resume em geral todos os anteriores. Na justificativa, \u00e9 levado em considera\u00e7\u00e3o todo o trabalho e esfor\u00e7o dos candidatos aprovados. Os autores n\u00e3o acham justa a n\u00e3o convoca\u00e7\u00e3o, quando h\u00e1 o merecimento. Al\u00e9m de citar o valor que ser\u00e1 gasto com novos processos, visando o mesmo objetivo do concurso anterior.<\/p>\n\n\n\n<blockquote class=\"wp-block-quote is-layout-flow wp-block-quote-is-layout-flow\"><p><em>&#8220;Pela \u00f3tica da administra\u00e7\u00e3o p\u00fablica, d\u00e1-se a realiza\u00e7\u00e3o de uma despesa sem o correspondente resultado para a qualidade do servi\u00e7o prestado aos cidad\u00e3os e, em seguida, \u00e9 realizado novo gasto com o mesmo objetivo, comprometendo a economicidade que deve nortear as a\u00e7\u00f5es p\u00fablicas, bem como a efici\u00eancia, a efic\u00e1cia e a efetividade do referido gasto.&#8221;<\/em><\/p><\/blockquote>\n\n\n\n<p style=\"font-size:22px\" class=\"has-background has-text-align-center has-light-green-cyan-background-color\"><a href=\"https:\/\/dhg1h5j42swfq.cloudfront.net\/2020\/05\/14132105\/Projetos-de-Lei-concursos-RJ.pdf\" target=\"_blank\" rel=\"noreferrer noopener\"><strong>Projetos de Lei &#8211; Concursos RJ<\/strong><\/a><\/p>\n\n\n\n<hr class=\"wp-block-separator\"\/>\n\n\n\n<p style=\"font-size:25px\" class=\"has-text-align-center\"><strong><a rel=\"noreferrer noopener\" href=\"https:\/\/www.estrategiaconcursos.com.br\/sistema-de-questoes#\/\" target=\"_blank\">O l\u00edder em aprova\u00e7\u00f5es lan\u00e7ou o maior Sistema de Quest\u00f5es!<\/a><\/strong><\/p>\n\n\n\n<p>Estrat\u00e9gia Quest\u00f5es nasceu maior do que todos os concorrentes, com mais quest\u00f5es cadastradas e mais solu\u00e7\u00f5es por professores. Clique no banner e aproveite os descontos e b\u00f4nus imperd\u00edveis!<\/p>\n\n\n\n<div class=\"wp-block-image\"><figure class=\"aligncenter size-large\"><a href=\"https:\/\/www.estrategiaconcursos.com.br\/sistema-de-questoes#\/\" target=\"_blank\" rel=\"noopener noreferrer\"><img loading=\"lazy\" decoding=\"async\" width=\"1024\" height=\"229\" src=\"https:\/\/dhg1h5j42swfq.cloudfront.net\/2020\/05\/18120735\/sq-1-1024x229.jpg\" alt=\"\" class=\"wp-image-515912\" srcset=\"https:\/\/dhg1h5j42swfq.cloudfront.net\/2020\/05\/18120735\/sq-1-1024x229.jpg 1024w, https:\/\/dhg1h5j42swfq.cloudfront.net\/2020\/05\/18120735\/sq-1-300x67.jpg 300w, https:\/\/dhg1h5j42swfq.cloudfront.net\/2020\/05\/18120735\/sq-1-768x172.jpg 768w, https:\/\/dhg1h5j42swfq.cloudfront.net\/2020\/05\/18120735\/sq-1-610x137.jpg 610w, https:\/\/dhg1h5j42swfq.cloudfront.net\/2020\/05\/18120735\/sq-1.jpg 1349w\" sizes=\"auto, (max-width: 1024px) 100vw, 1024px\" \/><\/a><\/figure><\/div>\n\n\n\n<p class=\"has-text-align-center has-medium-font-size\"><em><strong>Assinatura Anual Ilimitada*<\/strong><\/em><\/p>\n\n\n\n<p class=\"has-text-align-center\"><em>Prepare-se com o melhor material e com quem mais aprova em Concursos P\u00fablicos em todo o pa\u00eds. Assine agora a nossa Assinatura Anual e tenha acesso ilimitado* a todos os nossos cursos.<\/em><\/p>\n\n\n\n<p style=\"font-size:22px\" class=\"has-background has-text-align-center has-luminous-vivid-amber-background-color\"><strong>ASSINE AGORA<\/strong>&nbsp;\u2013&nbsp;<strong><a rel=\"noreferrer noopener\" href=\"https:\/\/www.estrategiaconcursos.com.br\/assinaturas\" target=\"_blank\">Assinatura Ilimitada<\/a><\/strong><\/p>\n\n\n\n<p class=\"has-text-align-center has-medium-font-size\"><strong><em>Fique por dentro de todos os concursos<\/em><\/strong><\/p>\n\n\n\n<p style=\"font-size:22px\" class=\"has-background has-text-align-center has-pale-cyan-blue-background-color\"><a rel=\"noreferrer noopener\" href=\"https:\/\/www.estrategiaconcursos.com.br\/blog\/concursos-rj-2\/\" target=\"_blank\"><strong>CONCURSOS RJ<\/strong><\/a><\/p>\n\n\n\n<p style=\"font-size:22px\" class=\"has-background has-text-align-center has-pale-cyan-blue-background-color\"><a rel=\"noreferrer noopener\" href=\"https:\/\/www.estrategiaconcursos.com.br\/blog\/concursos-sudeste\/\" target=\"_blank\"><strong>CONCURSOS SUDESTE<\/strong><\/a><\/p>\n\n\n\n<p style=\"font-size:22px\" class=\"has-background has-text-align-center has-pale-cyan-blue-background-color\"><a rel=\"noreferrer noopener\" href=\"https:\/\/www.estrategiaconcursos.com.br\/blog\/concursos-abertos\/\" target=\"_blank\"><strong>CONCURSOS ABERTOS<\/strong><\/a><\/p>\n\n\n\n<p style=\"font-size:22px\" class=\"has-background has-text-align-center has-pale-cyan-blue-background-color\"><a rel=\"noreferrer noopener\" href=\"https:\/\/www.estrategiaconcursos.com.br\/blog\/concursos-2020\/\" target=\"_blank\"><strong>CONCURSOS&nbsp;2020<\/strong><\/a><\/p>\n","protected":false},"excerpt":{"rendered":"<p>Foram publicados, no Di\u00e1rio Oficial da Assembleia Legislativa do Rio de Janeiro, v\u00e1rios Projetos de Lei que disp\u00f5em sobre a convoca\u00e7\u00e3o de aprovados de alguns concursos p\u00fablicos no Estado. Os respons\u00e1veis pelos documentos s\u00e3o os deputados estaduais Rodrigo Amorim e Bruno Dauaire. Al\u00e9m disso, tamb\u00e9m foi encaminhado outro Projeto que busca barrar a realiza\u00e7\u00e3o de [&hellip;]<\/p>\n","protected":false},"author":1276,"featured_media":76777,"comment_status":"open","ping_status":"closed","sticky":false,"template":"","format":"standard","meta":{"post_tipo":"article","footnotes":""},"categories":[1],"tags":[],"tax_estado":[],"class_list":["post-514586","post","type-post","status-publish","format-standard","has-post-thumbnail","hentry","category-cursos-e-concursos"],"acf":[],"yoast_head":"<!-- This site is optimized with the Yoast SEO Premium plugin v27.2 (Yoast SEO v27.2) - https:\/\/yoast.com\/product\/yoast-seo-premium-wordpress\/ -->\n<title>Projetos de Lei disp\u00f5e sobre concursos RJ; CONFIRA!<\/title>\n<meta name=\"robots\" content=\"index, follow, max-snippet:-1, max-image-preview:large, max-video-preview:-1\" \/>\n<link rel=\"canonical\" href=\"https:\/\/www.estrategiaconcursos.com.br\/blog\/projetos-de-lei-dispoe-sobre-concursos-rj\/\" \/>\n<meta property=\"og:locale\" content=\"pt_BR\" \/>\n<meta property=\"og:type\" content=\"article\" \/>\n<meta property=\"og:title\" content=\"Projetos de Lei disp\u00f5e sobre concursos RJ; CONFIRA!\" \/>\n<meta property=\"og:description\" content=\"Foram publicados, no Di\u00e1rio Oficial da Assembleia Legislativa do Rio de Janeiro, v\u00e1rios Projetos de Lei que disp\u00f5em sobre a convoca\u00e7\u00e3o de aprovados de alguns concursos p\u00fablicos no Estado. Os respons\u00e1veis pelos documentos s\u00e3o os deputados estaduais Rodrigo Amorim e Bruno Dauaire. Al\u00e9m disso, tamb\u00e9m foi encaminhado outro Projeto que busca barrar a realiza\u00e7\u00e3o de [&hellip;]\" \/>\n<meta property=\"og:url\" content=\"https:\/\/www.estrategiaconcursos.com.br\/blog\/projetos-de-lei-dispoe-sobre-concursos-rj\/\" \/>\n<meta property=\"og:site_name\" content=\"Estrat\u00e9gia Concursos\" \/>\n<meta property=\"article:published_time\" content=\"2020-05-14T15:57:56+00:00\" \/>\n<meta property=\"article:modified_time\" content=\"2020-05-18T15:30:10+00:00\" \/>\n<meta property=\"og:image\" content=\"https:\/\/dhg1h5j42swfq.cloudfront.net\/2017\/06\/07135854\/CONC-RJ-e1496854747249.jpg\" \/>\n\t<meta property=\"og:image:width\" content=\"400\" \/>\n\t<meta property=\"og:image:height\" content=\"209\" \/>\n\t<meta property=\"og:image:type\" content=\"image\/jpeg\" \/>\n<meta name=\"author\" content=\"Victor Shinichi Tanaka\" \/>\n<meta name=\"twitter:card\" content=\"summary_large_image\" \/>\n<meta name=\"twitter:creator\" content=\"@EstratConcursos\" \/>\n<meta name=\"twitter:site\" content=\"@EstratConcursos\" \/>\n<meta name=\"twitter:label1\" content=\"Escrito por\" \/>\n\t<meta name=\"twitter:data1\" content=\"Victor Shinichi Tanaka\" \/>\n\t<meta name=\"twitter:label2\" content=\"Est. tempo de leitura\" \/>\n\t<meta name=\"twitter:data2\" content=\"7 minutos\" \/>\n<script type=\"application\/ld+json\" class=\"yoast-schema-graph\">{\"@context\":\"https:\/\/schema.org\",\"@graph\":[{\"@type\":\"NewsArticle\",\"@id\":\"https:\/\/www.estrategiaconcursos.com.br\/blog\/projetos-de-lei-dispoe-sobre-concursos-rj\/#article\",\"isPartOf\":{\"@id\":\"https:\/\/www.estrategiaconcursos.com.br\/blog\/projetos-de-lei-dispoe-sobre-concursos-rj\/\"},\"author\":{\"name\":\"Victor Shinichi Tanaka\",\"@id\":\"https:\/\/www.estrategiaconcursos.com.br\/blog\/#\/schema\/person\/602a4eaf2bed921c107675da3a65b0e0\"},\"headline\":\"Projetos de Lei disp\u00f5e sobre concursos RJ; CONFIRA!\",\"datePublished\":\"2020-05-14T15:57:56+00:00\",\"dateModified\":\"2020-05-18T15:30:10+00:00\",\"mainEntityOfPage\":{\"@id\":\"https:\/\/www.estrategiaconcursos.com.br\/blog\/projetos-de-lei-dispoe-sobre-concursos-rj\/\"},\"wordCount\":1328,\"commentCount\":0,\"publisher\":{\"@id\":\"https:\/\/www.estrategiaconcursos.com.br\/blog\/#organization\"},\"image\":{\"@id\":\"https:\/\/www.estrategiaconcursos.com.br\/blog\/projetos-de-lei-dispoe-sobre-concursos-rj\/#primaryimage\"},\"thumbnailUrl\":\"https:\/\/dhg1h5j42swfq.cloudfront.net\/2017\/06\/07135854\/CONC-RJ-e1496854747249.jpg\",\"articleSection\":[\"Concursos P\u00fablicos\"],\"inLanguage\":\"pt-BR\",\"potentialAction\":[{\"@type\":\"CommentAction\",\"name\":\"Comment\",\"target\":[\"https:\/\/www.estrategiaconcursos.com.br\/blog\/projetos-de-lei-dispoe-sobre-concursos-rj\/#respond\"]}],\"copyrightYear\":\"2020\",\"copyrightHolder\":{\"@id\":\"https:\/\/www.estrategiaconcursos.com.br\/blog\/#organization\"}},{\"@type\":\"WebPage\",\"@id\":\"https:\/\/www.estrategiaconcursos.com.br\/blog\/projetos-de-lei-dispoe-sobre-concursos-rj\/\",\"url\":\"https:\/\/www.estrategiaconcursos.com.br\/blog\/projetos-de-lei-dispoe-sobre-concursos-rj\/\",\"name\":\"Projetos de Lei disp\u00f5e sobre concursos RJ; CONFIRA!\",\"isPartOf\":{\"@id\":\"https:\/\/www.estrategiaconcursos.com.br\/blog\/#website\"},\"primaryImageOfPage\":{\"@id\":\"https:\/\/www.estrategiaconcursos.com.br\/blog\/projetos-de-lei-dispoe-sobre-concursos-rj\/#primaryimage\"},\"image\":{\"@id\":\"https:\/\/www.estrategiaconcursos.com.br\/blog\/projetos-de-lei-dispoe-sobre-concursos-rj\/#primaryimage\"},\"thumbnailUrl\":\"https:\/\/dhg1h5j42swfq.cloudfront.net\/2017\/06\/07135854\/CONC-RJ-e1496854747249.jpg\",\"datePublished\":\"2020-05-14T15:57:56+00:00\",\"dateModified\":\"2020-05-18T15:30:10+00:00\",\"breadcrumb\":{\"@id\":\"https:\/\/www.estrategiaconcursos.com.br\/blog\/projetos-de-lei-dispoe-sobre-concursos-rj\/#breadcrumb\"},\"inLanguage\":\"pt-BR\",\"potentialAction\":[{\"@type\":\"ReadAction\",\"target\":[\"https:\/\/www.estrategiaconcursos.com.br\/blog\/projetos-de-lei-dispoe-sobre-concursos-rj\/\"]}]},{\"@type\":\"ImageObject\",\"inLanguage\":\"pt-BR\",\"@id\":\"https:\/\/www.estrategiaconcursos.com.br\/blog\/projetos-de-lei-dispoe-sobre-concursos-rj\/#primaryimage\",\"url\":\"https:\/\/dhg1h5j42swfq.cloudfront.net\/2017\/06\/07135854\/CONC-RJ-e1496854747249.jpg\",\"contentUrl\":\"https:\/\/dhg1h5j42swfq.cloudfront.net\/2017\/06\/07135854\/CONC-RJ-e1496854747249.jpg\",\"width\":400,\"height\":209,\"caption\":\"SMS RJ\"},{\"@type\":\"BreadcrumbList\",\"@id\":\"https:\/\/www.estrategiaconcursos.com.br\/blog\/projetos-de-lei-dispoe-sobre-concursos-rj\/#breadcrumb\",\"itemListElement\":[{\"@type\":\"ListItem\",\"position\":1,\"name\":\"In\u00edcio\",\"item\":\"https:\/\/www.estrategiaconcursos.com.br\/blog\/\"},{\"@type\":\"ListItem\",\"position\":2,\"name\":\"Projetos de Lei disp\u00f5e sobre concursos RJ; CONFIRA!\"}]},{\"@type\":\"WebSite\",\"@id\":\"https:\/\/www.estrategiaconcursos.com.br\/blog\/#website\",\"url\":\"https:\/\/www.estrategiaconcursos.com.br\/blog\/\",\"name\":\"Estrat\u00e9gia Concursos\",\"description\":\"O blog da Estrat\u00e9gia Concursos traz not\u00edcias sobre concursos e artigos de professores oferecendo cursos para concursos (pdf + videaulas) no site.\",\"publisher\":{\"@id\":\"https:\/\/www.estrategiaconcursos.com.br\/blog\/#organization\"},\"potentialAction\":[{\"@type\":\"SearchAction\",\"target\":{\"@type\":\"EntryPoint\",\"urlTemplate\":\"https:\/\/www.estrategiaconcursos.com.br\/blog\/?s={search_term_string}\"},\"query-input\":{\"@type\":\"PropertyValueSpecification\",\"valueRequired\":true,\"valueName\":\"search_term_string\"}}],\"inLanguage\":\"pt-BR\"},{\"@type\":\"Organization\",\"@id\":\"https:\/\/www.estrategiaconcursos.com.br\/blog\/#organization\",\"name\":\"Estrat\u00e9gia Concursos\",\"url\":\"https:\/\/www.estrategiaconcursos.com.br\/blog\/\",\"logo\":{\"@type\":\"ImageObject\",\"inLanguage\":\"pt-BR\",\"@id\":\"https:\/\/www.estrategiaconcursos.com.br\/blog\/#\/schema\/logo\/image\/\",\"url\":\"https:\/\/dhg1h5j42swfq.cloudfront.net\/2025\/06\/03203428\/logo_concursos-1.jpg\",\"contentUrl\":\"https:\/\/dhg1h5j42swfq.cloudfront.net\/2025\/06\/03203428\/logo_concursos-1.jpg\",\"width\":230,\"height\":60,\"caption\":\"Estrat\u00e9gia Concursos\"},\"image\":{\"@id\":\"https:\/\/www.estrategiaconcursos.com.br\/blog\/#\/schema\/logo\/image\/\"},\"sameAs\":[\"https:\/\/x.com\/EstratConcursos\"]},{\"@type\":\"Person\",\"@id\":\"https:\/\/www.estrategiaconcursos.com.br\/blog\/#\/schema\/person\/602a4eaf2bed921c107675da3a65b0e0\",\"name\":\"Victor Shinichi Tanaka\",\"image\":{\"@type\":\"ImageObject\",\"inLanguage\":\"pt-BR\",\"@id\":\"https:\/\/secure.gravatar.com\/avatar\/3772723eea77b2e6a2231e357d6339c6c129c6fb65cda4d02d0f3ca700221333?s=96&d=mm&r=g\",\"url\":\"https:\/\/secure.gravatar.com\/avatar\/3772723eea77b2e6a2231e357d6339c6c129c6fb65cda4d02d0f3ca700221333?s=96&d=mm&r=g\",\"contentUrl\":\"https:\/\/secure.gravatar.com\/avatar\/3772723eea77b2e6a2231e357d6339c6c129c6fb65cda4d02d0f3ca700221333?s=96&d=mm&r=g\",\"caption\":\"Victor Shinichi Tanaka\"},\"url\":\"https:\/\/www.estrategiaconcursos.com.br\/blog\/author\/victorstanakagmail-com\/\"}]}<\/script>\n<!-- \/ Yoast SEO Premium plugin. -->","yoast_head_json":{"title":"Projetos de Lei disp\u00f5e sobre concursos RJ; CONFIRA!","robots":{"index":"index","follow":"follow","max-snippet":"max-snippet:-1","max-image-preview":"max-image-preview:large","max-video-preview":"max-video-preview:-1"},"canonical":"https:\/\/www.estrategiaconcursos.com.br\/blog\/projetos-de-lei-dispoe-sobre-concursos-rj\/","og_locale":"pt_BR","og_type":"article","og_title":"Projetos de Lei disp\u00f5e sobre concursos RJ; CONFIRA!","og_description":"Foram publicados, no Di\u00e1rio Oficial da Assembleia Legislativa do Rio de Janeiro, v\u00e1rios Projetos de Lei que disp\u00f5em sobre a convoca\u00e7\u00e3o de aprovados de alguns concursos p\u00fablicos no Estado. Os respons\u00e1veis pelos documentos s\u00e3o os deputados estaduais Rodrigo Amorim e Bruno Dauaire. Al\u00e9m disso, tamb\u00e9m foi encaminhado outro Projeto que busca barrar a realiza\u00e7\u00e3o de [&hellip;]","og_url":"https:\/\/www.estrategiaconcursos.com.br\/blog\/projetos-de-lei-dispoe-sobre-concursos-rj\/","og_site_name":"Estrat\u00e9gia Concursos","article_published_time":"2020-05-14T15:57:56+00:00","article_modified_time":"2020-05-18T15:30:10+00:00","og_image":[{"width":400,"height":209,"url":"https:\/\/dhg1h5j42swfq.cloudfront.net\/2017\/06\/07135854\/CONC-RJ-e1496854747249.jpg","type":"image\/jpeg"}],"author":"Victor Shinichi Tanaka","twitter_card":"summary_large_image","twitter_creator":"@EstratConcursos","twitter_site":"@EstratConcursos","twitter_misc":{"Escrito por":"Victor Shinichi Tanaka","Est. tempo de leitura":"7 minutos"},"schema":{"@context":"https:\/\/schema.org","@graph":[{"@type":"NewsArticle","@id":"https:\/\/www.estrategiaconcursos.com.br\/blog\/projetos-de-lei-dispoe-sobre-concursos-rj\/#article","isPartOf":{"@id":"https:\/\/www.estrategiaconcursos.com.br\/blog\/projetos-de-lei-dispoe-sobre-concursos-rj\/"},"author":{"name":"Victor Shinichi Tanaka","@id":"https:\/\/www.estrategiaconcursos.com.br\/blog\/#\/schema\/person\/602a4eaf2bed921c107675da3a65b0e0"},"headline":"Projetos de Lei disp\u00f5e sobre concursos RJ; CONFIRA!","datePublished":"2020-05-14T15:57:56+00:00","dateModified":"2020-05-18T15:30:10+00:00","mainEntityOfPage":{"@id":"https:\/\/www.estrategiaconcursos.com.br\/blog\/projetos-de-lei-dispoe-sobre-concursos-rj\/"},"wordCount":1328,"commentCount":0,"publisher":{"@id":"https:\/\/www.estrategiaconcursos.com.br\/blog\/#organization"},"image":{"@id":"https:\/\/www.estrategiaconcursos.com.br\/blog\/projetos-de-lei-dispoe-sobre-concursos-rj\/#primaryimage"},"thumbnailUrl":"https:\/\/dhg1h5j42swfq.cloudfront.net\/2017\/06\/07135854\/CONC-RJ-e1496854747249.jpg","articleSection":["Concursos P\u00fablicos"],"inLanguage":"pt-BR","potentialAction":[{"@type":"CommentAction","name":"Comment","target":["https:\/\/www.estrategiaconcursos.com.br\/blog\/projetos-de-lei-dispoe-sobre-concursos-rj\/#respond"]}],"copyrightYear":"2020","copyrightHolder":{"@id":"https:\/\/www.estrategiaconcursos.com.br\/blog\/#organization"}},{"@type":"WebPage","@id":"https:\/\/www.estrategiaconcursos.com.br\/blog\/projetos-de-lei-dispoe-sobre-concursos-rj\/","url":"https:\/\/www.estrategiaconcursos.com.br\/blog\/projetos-de-lei-dispoe-sobre-concursos-rj\/","name":"Projetos de Lei disp\u00f5e sobre concursos RJ; CONFIRA!","isPartOf":{"@id":"https:\/\/www.estrategiaconcursos.com.br\/blog\/#website"},"primaryImageOfPage":{"@id":"https:\/\/www.estrategiaconcursos.com.br\/blog\/projetos-de-lei-dispoe-sobre-concursos-rj\/#primaryimage"},"image":{"@id":"https:\/\/www.estrategiaconcursos.com.br\/blog\/projetos-de-lei-dispoe-sobre-concursos-rj\/#primaryimage"},"thumbnailUrl":"https:\/\/dhg1h5j42swfq.cloudfront.net\/2017\/06\/07135854\/CONC-RJ-e1496854747249.jpg","datePublished":"2020-05-14T15:57:56+00:00","dateModified":"2020-05-18T15:30:10+00:00","breadcrumb":{"@id":"https:\/\/www.estrategiaconcursos.com.br\/blog\/projetos-de-lei-dispoe-sobre-concursos-rj\/#breadcrumb"},"inLanguage":"pt-BR","potentialAction":[{"@type":"ReadAction","target":["https:\/\/www.estrategiaconcursos.com.br\/blog\/projetos-de-lei-dispoe-sobre-concursos-rj\/"]}]},{"@type":"ImageObject","inLanguage":"pt-BR","@id":"https:\/\/www.estrategiaconcursos.com.br\/blog\/projetos-de-lei-dispoe-sobre-concursos-rj\/#primaryimage","url":"https:\/\/dhg1h5j42swfq.cloudfront.net\/2017\/06\/07135854\/CONC-RJ-e1496854747249.jpg","contentUrl":"https:\/\/dhg1h5j42swfq.cloudfront.net\/2017\/06\/07135854\/CONC-RJ-e1496854747249.jpg","width":400,"height":209,"caption":"SMS RJ"},{"@type":"BreadcrumbList","@id":"https:\/\/www.estrategiaconcursos.com.br\/blog\/projetos-de-lei-dispoe-sobre-concursos-rj\/#breadcrumb","itemListElement":[{"@type":"ListItem","position":1,"name":"In\u00edcio","item":"https:\/\/www.estrategiaconcursos.com.br\/blog\/"},{"@type":"ListItem","position":2,"name":"Projetos de Lei disp\u00f5e sobre concursos RJ; CONFIRA!"}]},{"@type":"WebSite","@id":"https:\/\/www.estrategiaconcursos.com.br\/blog\/#website","url":"https:\/\/www.estrategiaconcursos.com.br\/blog\/","name":"Estrat\u00e9gia Concursos","description":"O blog da Estrat\u00e9gia Concursos traz not\u00edcias sobre concursos e artigos de professores oferecendo cursos para concursos (pdf + videaulas) no site.","publisher":{"@id":"https:\/\/www.estrategiaconcursos.com.br\/blog\/#organization"},"potentialAction":[{"@type":"SearchAction","target":{"@type":"EntryPoint","urlTemplate":"https:\/\/www.estrategiaconcursos.com.br\/blog\/?s={search_term_string}"},"query-input":{"@type":"PropertyValueSpecification","valueRequired":true,"valueName":"search_term_string"}}],"inLanguage":"pt-BR"},{"@type":"Organization","@id":"https:\/\/www.estrategiaconcursos.com.br\/blog\/#organization","name":"Estrat\u00e9gia Concursos","url":"https:\/\/www.estrategiaconcursos.com.br\/blog\/","logo":{"@type":"ImageObject","inLanguage":"pt-BR","@id":"https:\/\/www.estrategiaconcursos.com.br\/blog\/#\/schema\/logo\/image\/","url":"https:\/\/dhg1h5j42swfq.cloudfront.net\/2025\/06\/03203428\/logo_concursos-1.jpg","contentUrl":"https:\/\/dhg1h5j42swfq.cloudfront.net\/2025\/06\/03203428\/logo_concursos-1.jpg","width":230,"height":60,"caption":"Estrat\u00e9gia Concursos"},"image":{"@id":"https:\/\/www.estrategiaconcursos.com.br\/blog\/#\/schema\/logo\/image\/"},"sameAs":["https:\/\/x.com\/EstratConcursos"]},{"@type":"Person","@id":"https:\/\/www.estrategiaconcursos.com.br\/blog\/#\/schema\/person\/602a4eaf2bed921c107675da3a65b0e0","name":"Victor Shinichi Tanaka","image":{"@type":"ImageObject","inLanguage":"pt-BR","@id":"https:\/\/secure.gravatar.com\/avatar\/3772723eea77b2e6a2231e357d6339c6c129c6fb65cda4d02d0f3ca700221333?s=96&d=mm&r=g","url":"https:\/\/secure.gravatar.com\/avatar\/3772723eea77b2e6a2231e357d6339c6c129c6fb65cda4d02d0f3ca700221333?s=96&d=mm&r=g","contentUrl":"https:\/\/secure.gravatar.com\/avatar\/3772723eea77b2e6a2231e357d6339c6c129c6fb65cda4d02d0f3ca700221333?s=96&d=mm&r=g","caption":"Victor Shinichi Tanaka"},"url":"https:\/\/www.estrategiaconcursos.com.br\/blog\/author\/victorstanakagmail-com\/"}]}},"_links":{"self":[{"href":"https:\/\/www.estrategiaconcursos.com.br\/blog\/wp-json\/wp\/v2\/posts\/514586","targetHints":{"allow":["GET"]}}],"collection":[{"href":"https:\/\/www.estrategiaconcursos.com.br\/blog\/wp-json\/wp\/v2\/posts"}],"about":[{"href":"https:\/\/www.estrategiaconcursos.com.br\/blog\/wp-json\/wp\/v2\/types\/post"}],"author":[{"embeddable":true,"href":"https:\/\/www.estrategiaconcursos.com.br\/blog\/wp-json\/wp\/v2\/users\/1276"}],"replies":[{"embeddable":true,"href":"https:\/\/www.estrategiaconcursos.com.br\/blog\/wp-json\/wp\/v2\/comments?post=514586"}],"version-history":[{"count":19,"href":"https:\/\/www.estrategiaconcursos.com.br\/blog\/wp-json\/wp\/v2\/posts\/514586\/revisions"}],"predecessor-version":[{"id":515945,"href":"https:\/\/www.estrategiaconcursos.com.br\/blog\/wp-json\/wp\/v2\/posts\/514586\/revisions\/515945"}],"wp:featuredmedia":[{"embeddable":true,"href":"https:\/\/www.estrategiaconcursos.com.br\/blog\/wp-json\/wp\/v2\/media\/76777"}],"wp:attachment":[{"href":"https:\/\/www.estrategiaconcursos.com.br\/blog\/wp-json\/wp\/v2\/media?parent=514586"}],"wp:term":[{"taxonomy":"category","embeddable":true,"href":"https:\/\/www.estrategiaconcursos.com.br\/blog\/wp-json\/wp\/v2\/categories?post=514586"},{"taxonomy":"post_tag","embeddable":true,"href":"https:\/\/www.estrategiaconcursos.com.br\/blog\/wp-json\/wp\/v2\/tags?post=514586"},{"taxonomy":"tax_estado","embeddable":true,"href":"https:\/\/www.estrategiaconcursos.com.br\/blog\/wp-json\/wp\/v2\/tax_estado?post=514586"}],"curies":[{"name":"wp","href":"https:\/\/api.w.org\/{rel}","templated":true}]}}