{"id":513816,"date":"2020-05-14T17:53:00","date_gmt":"2020-05-14T20:53:00","guid":{"rendered":"https:\/\/www.estrategiaconcursos.com.br\/blog\/?p=513816"},"modified":"2023-06-20T14:43:30","modified_gmt":"2023-06-20T17:43:30","slug":"oab-covid-universitarios-direitos","status":"publish","type":"post","link":"https:\/\/www.estrategiaconcursos.com.br\/blog\/oab-covid-universitarios-direitos\/","title":{"rendered":"OAB, COVID e Universit\u00e1rios: Descubra quais s\u00e3o os seus direitos!"},"content":{"rendered":"\n<p>O resultado definitivo da 1.\u00aa fase do XXXI Exame de Ordem, aplicada em 09 de fevereiro foi publicado na quinta-feira, 12 de mar\u00e7o. N\u00e3o houve nenhuma anula\u00e7\u00e3o de quest\u00f5es na Prova Objetiva.<\/p>\n\n\n\n<p>Por\u00e9m, em obedi\u00eancia \u00e0s recomenda\u00e7\u00f5es emitidas pela Organiza\u00e7\u00e3o Mundial de Sa\u00fade, em raz\u00e3o da caracteriza\u00e7\u00e3o do coronav\u00edrus (COVID-19) como uma pandemia, a Coordena\u00e7\u00e3o Nacional do Exame de Ordem Unificado decidiu adiar a realiza\u00e7\u00e3o da 2.\u00aa Fase para o dia<strong> <\/strong>31 de maio.<\/p>\n\n\n\n<p>Posteriormente, e a fim de auxiliar na diminui\u00e7\u00e3o da ainda crescente propaga\u00e7\u00e3o do coronav\u00edrus (COVID-19), e na prote\u00e7\u00e3o da sa\u00fade dos inscritos na prova, a OAB resolveu redefinir a data prov\u00e1vel para a aplica\u00e7\u00e3o da prova pr\u00e1tico-profissional do XXXI Exame de Ordem para o dia <strong>28 de junho de 2020<\/strong>.<\/p>\n\n\n\n<p>Em raz\u00e3o dessas altera\u00e7\u00f5es, os cronogramas dos pr\u00f3ximos dois Exames de Ordem previstos para 2020, as edi\u00e7\u00f5es XXXII e XXXIII, foram suspensos. Isso porque, com o atraso do cronograma do XXXI Exame, as datas dos demais seriam impactadas, sem que ainda existam certezas ou perspectivas. <\/p>\n\n\n\n<p>Sem a menor d\u00favida essas decis\u00f5es impactaram a vida de muitos universit\u00e1rios, seja os que j\u00e1 haviam realizado a primeira fase do XXXI Exame, ou participavam da repescagem e estavam prestes a fazer a 2.\u00aa Fase, seja aqueles que planejavam prestar um dos outros dois Exames seguintes.<\/p>\n\n\n\n<p>Se voc\u00ea \u00e9 um desses universit\u00e1rios prestes a encerrar a gradua\u00e7\u00e3o ou j\u00e1 formado, que necessitava desta aprova\u00e7\u00e3o para poder exercer sua profiss\u00e3o e\/ou teve algum direito atingido em raz\u00e3o da situa\u00e7\u00e3o, n\u00e3o perca o evento exclusivo que o Estrat\u00e9gia OAB preparou sobre este tema!<\/p>\n\n\n\n<p>O evento ser\u00e1 transmitido nesta<em><strong> quinta-feira, 14 de maio, a partir das 19 horas, pelo professor Paulo Sousa, diretamente do canal do Estrat\u00e9gia OAB no Youtube<\/strong><\/em>.<\/p>\n\n\n\n<h2 class=\"wp-block-heading\" id=\"h-o-lider-em-aprovacoes-vai-lancar-o-maior-sistema-de-questoes\"><a rel=\"noreferrer noopener\" href=\"https:\/\/www.estrategiaconcursos.com.br\/sistema-de-questoes#\/\" target=\"_blank\">O l\u00edder em aprova\u00e7\u00f5es vai lan\u00e7ar o maior sistema de quest\u00f5es<\/a><\/h2>\n\n\n\n<p>Estrat\u00e9gia Quest\u00f5es vai nascer maior do que todos os concorrentes, com mais quest\u00f5es cadastradas e mais solu\u00e7\u00f5es por professores.<\/p>\n\n\n\n<p>Acompanhe AO VIVO o lan\u00e7amento do maior sistema de quest\u00f5es do Brasil e aproveite os descontos e b\u00f4nus imperd\u00edveis!<\/p>\n\n\n\n<h2 class=\"wp-block-heading\" id=\"h-nossas-redes-sociais\">Nossas redes sociais<\/h2>\n\n\n\n<p class=\"has-text-align-center has-very-light-gray-background-color has-background\" style=\"font-size:clamp(14.642px, 0.915rem + ((1vw - 3.2px) * 0.721), 22px);px\"><a href=\"https:\/\/www.instagram.com\/estrategiaoab\/\" target=\"_blank\" rel=\"noreferrer noopener\">Instagram Estrat\u00e9gia OAB<\/a><\/p>\n\n\n\n<p class=\"has-text-align-center has-very-light-gray-background-color has-background\" style=\"font-size:clamp(14.642px, 0.915rem + ((1vw - 3.2px) * 0.721), 22px);px\"><a rel=\"noreferrer noopener\" href=\"https:\/\/www.youtube.com\/channel\/UC7rgrKTSF5aOrBGWOw60ovw\" target=\"_blank\">YouTube do Estrat\u00e9gia OAB<\/a><\/p>\n\n\n\n<h2 class=\"wp-block-heading\" id=\"h-grupo-de-telegram-para-a-oab\">Grupo de Telegram para a OAB<\/h2>\n\n\n\n<p class=\"has-text-align-center has-light-green-cyan-background-color has-background\" style=\"font-size:clamp(14.642px, 0.915rem + ((1vw - 3.2px) * 0.721), 22px);px\"><a href=\"http:\/\/bit.ly\/TelegramOAB\"><strong>Inscreva-se no nosso grupo do Telegram<\/strong><\/a><\/p>\n\n\n\n<h2 class=\"wp-block-heading\" id=\"h-cursos-para-o-exame-de-ordem\">Cursos para o Exame de Ordem<\/h2>\n\n\n\n<p class=\"has-text-align-center has-pale-cyan-blue-background-color has-background\" style=\"font-size:clamp(16.293px, 1.018rem + ((1vw - 3.2px) * 0.854), 25px);px\"><strong><a rel=\"noreferrer noopener\" href=\"https:\/\/www.estrategiaconcursos.com.br\/cursosPorConcurso\/exame-de-ordem-oab-1-fase\/\" target=\"_blank\">Curso OAB 1\u00aa Fase<\/a><\/strong><\/p>\n\n\n\n<p class=\"has-text-align-center has-pale-cyan-blue-background-color has-background\" style=\"font-size:clamp(16.293px, 1.018rem + ((1vw - 3.2px) * 0.854), 25px);px\"><strong><a href=\"https:\/\/www.estrategiaconcursos.com.br\/cursosPorConcurso\/oab-2-fase-192\/\" target=\"_blank\" rel=\"noreferrer noopener\">Curso OAB 2\u00aa Fase<\/a><\/strong><\/p>\n","protected":false},"excerpt":{"rendered":"<p>O resultado definitivo da 1.\u00aa fase do XXXI Exame de Ordem, aplicada em 09 de fevereiro foi publicado na quinta-feira, 12 de mar\u00e7o. N\u00e3o houve nenhuma anula\u00e7\u00e3o de quest\u00f5es na Prova Objetiva. Por\u00e9m, em obedi\u00eancia \u00e0s recomenda\u00e7\u00f5es emitidas pela Organiza\u00e7\u00e3o Mundial de Sa\u00fade, em raz\u00e3o da caracteriza\u00e7\u00e3o do coronav\u00edrus (COVID-19) como uma pandemia, a Coordena\u00e7\u00e3o [&hellip;]<\/p>\n","protected":false},"author":180,"featured_media":514343,"comment_status":"open","ping_status":"closed","sticky":false,"template":"","format":"standard","meta":{"post_tipo":"article","footnotes":""},"categories":[1],"tags":[],"tax_estado":[],"class_list":["post-513816","post","type-post","status-publish","format-standard","has-post-thumbnail","hentry","category-cursos-e-concursos"],"acf":[],"yoast_head":"<!-- This site is optimized with the Yoast SEO Premium plugin v27.2 (Yoast SEO v27.2) - https:\/\/yoast.com\/product\/yoast-seo-premium-wordpress\/ -->\n<title>OAB, COVID e Universit\u00e1rios: Descubra quais s\u00e3o os seus direitos!<\/title>\n<meta name=\"description\" content=\"Veja como se defender dos impactos causados pela pandemia de coronav\u00edrus na 2.\u00aa Fase do XXXI Exame de Ordem e no cronograma dos demais exames de 2020.\" \/>\n<meta name=\"robots\" content=\"index, follow, max-snippet:-1, max-image-preview:large, max-video-preview:-1\" \/>\n<link rel=\"canonical\" href=\"https:\/\/www.estrategiaconcursos.com.br\/blog\/oab-covid-universitarios-direitos\/\" \/>\n<meta property=\"og:locale\" content=\"pt_BR\" \/>\n<meta property=\"og:type\" content=\"article\" \/>\n<meta property=\"og:title\" content=\"OAB, COVID e Universit\u00e1rios: Descubra quais s\u00e3o os seus direitos!\" \/>\n<meta property=\"og:description\" content=\"Veja como se defender dos impactos causados pela pandemia de coronav\u00edrus na 2.\u00aa Fase do XXXI Exame de Ordem e no cronograma dos demais exames de 2020.\" \/>\n<meta property=\"og:url\" content=\"https:\/\/www.estrategiaconcursos.com.br\/blog\/oab-covid-universitarios-direitos\/\" \/>\n<meta property=\"og:site_name\" content=\"Estrat\u00e9gia Concursos\" \/>\n<meta property=\"article:author\" content=\"https:\/\/www.facebook.com\/ricardo.s.torques\" \/>\n<meta property=\"article:published_time\" content=\"2020-05-14T20:53:00+00:00\" \/>\n<meta property=\"article:modified_time\" content=\"2023-06-20T17:43:30+00:00\" \/>\n<meta property=\"og:image\" content=\"https:\/\/dhg1h5j42swfq.cloudfront.net\/2020\/05\/13162703\/668efa60-7e3c-4378-b6e7-cd649a41590c.jpg\" \/>\n\t<meta property=\"og:image:width\" content=\"1080\" \/>\n\t<meta property=\"og:image:height\" content=\"1350\" \/>\n\t<meta property=\"og:image:type\" content=\"image\/jpeg\" \/>\n<meta name=\"author\" content=\"Ricardo Torques\" \/>\n<meta name=\"twitter:card\" content=\"summary_large_image\" \/>\n<meta name=\"twitter:creator\" content=\"@EstratConcursos\" \/>\n<meta name=\"twitter:site\" content=\"@EstratConcursos\" \/>\n<meta name=\"twitter:label1\" content=\"Escrito por\" \/>\n\t<meta name=\"twitter:data1\" content=\"Ricardo Torques\" \/>\n\t<meta name=\"twitter:label2\" content=\"Est. tempo de leitura\" \/>\n\t<meta name=\"twitter:data2\" content=\"2 minutos\" \/>\n<script type=\"application\/ld+json\" class=\"yoast-schema-graph\">{\"@context\":\"https:\/\/schema.org\",\"@graph\":[{\"@type\":\"NewsArticle\",\"@id\":\"https:\/\/www.estrategiaconcursos.com.br\/blog\/oab-covid-universitarios-direitos\/#article\",\"isPartOf\":{\"@id\":\"https:\/\/www.estrategiaconcursos.com.br\/blog\/oab-covid-universitarios-direitos\/\"},\"author\":{\"name\":\"Ricardo Torques\",\"@id\":\"https:\/\/www.estrategiaconcursos.com.br\/blog\/#\/schema\/person\/aa39cf5ddb518e5bdce27c35788405e2\"},\"headline\":\"OAB, COVID e Universit\u00e1rios: Descubra quais s\u00e3o os seus direitos!\",\"datePublished\":\"2020-05-14T20:53:00+00:00\",\"dateModified\":\"2023-06-20T17:43:30+00:00\",\"mainEntityOfPage\":{\"@id\":\"https:\/\/www.estrategiaconcursos.com.br\/blog\/oab-covid-universitarios-direitos\/\"},\"wordCount\":423,\"commentCount\":0,\"publisher\":{\"@id\":\"https:\/\/www.estrategiaconcursos.com.br\/blog\/#organization\"},\"image\":{\"@id\":\"https:\/\/www.estrategiaconcursos.com.br\/blog\/oab-covid-universitarios-direitos\/#primaryimage\"},\"thumbnailUrl\":\"https:\/\/dhg1h5j42swfq.cloudfront.net\/2020\/05\/13162703\/668efa60-7e3c-4378-b6e7-cd649a41590c.jpg\",\"articleSection\":[\"Concursos P\u00fablicos\"],\"inLanguage\":\"pt-BR\",\"potentialAction\":[{\"@type\":\"CommentAction\",\"name\":\"Comment\",\"target\":[\"https:\/\/www.estrategiaconcursos.com.br\/blog\/oab-covid-universitarios-direitos\/#respond\"]}],\"copyrightYear\":\"2020\",\"copyrightHolder\":{\"@id\":\"https:\/\/www.estrategiaconcursos.com.br\/blog\/#organization\"}},{\"@type\":\"WebPage\",\"@id\":\"https:\/\/www.estrategiaconcursos.com.br\/blog\/oab-covid-universitarios-direitos\/\",\"url\":\"https:\/\/www.estrategiaconcursos.com.br\/blog\/oab-covid-universitarios-direitos\/\",\"name\":\"OAB, COVID e Universit\u00e1rios: Descubra quais s\u00e3o os seus direitos!\",\"isPartOf\":{\"@id\":\"https:\/\/www.estrategiaconcursos.com.br\/blog\/#website\"},\"primaryImageOfPage\":{\"@id\":\"https:\/\/www.estrategiaconcursos.com.br\/blog\/oab-covid-universitarios-direitos\/#primaryimage\"},\"image\":{\"@id\":\"https:\/\/www.estrategiaconcursos.com.br\/blog\/oab-covid-universitarios-direitos\/#primaryimage\"},\"thumbnailUrl\":\"https:\/\/dhg1h5j42swfq.cloudfront.net\/2020\/05\/13162703\/668efa60-7e3c-4378-b6e7-cd649a41590c.jpg\",\"datePublished\":\"2020-05-14T20:53:00+00:00\",\"dateModified\":\"2023-06-20T17:43:30+00:00\",\"description\":\"Veja como se defender dos impactos causados pela pandemia de coronav\u00edrus na 2.\u00aa Fase do XXXI Exame de Ordem e no cronograma dos demais exames de 2020.\",\"breadcrumb\":{\"@id\":\"https:\/\/www.estrategiaconcursos.com.br\/blog\/oab-covid-universitarios-direitos\/#breadcrumb\"},\"inLanguage\":\"pt-BR\",\"potentialAction\":[{\"@type\":\"ReadAction\",\"target\":[\"https:\/\/www.estrategiaconcursos.com.br\/blog\/oab-covid-universitarios-direitos\/\"]}]},{\"@type\":\"ImageObject\",\"inLanguage\":\"pt-BR\",\"@id\":\"https:\/\/www.estrategiaconcursos.com.br\/blog\/oab-covid-universitarios-direitos\/#primaryimage\",\"url\":\"https:\/\/dhg1h5j42swfq.cloudfront.net\/2020\/05\/13162703\/668efa60-7e3c-4378-b6e7-cd649a41590c.jpg\",\"contentUrl\":\"https:\/\/dhg1h5j42swfq.cloudfront.net\/2020\/05\/13162703\/668efa60-7e3c-4378-b6e7-cd649a41590c.jpg\",\"width\":1080,\"height\":1350},{\"@type\":\"BreadcrumbList\",\"@id\":\"https:\/\/www.estrategiaconcursos.com.br\/blog\/oab-covid-universitarios-direitos\/#breadcrumb\",\"itemListElement\":[{\"@type\":\"ListItem\",\"position\":1,\"name\":\"In\u00edcio\",\"item\":\"https:\/\/www.estrategiaconcursos.com.br\/blog\/\"},{\"@type\":\"ListItem\",\"position\":2,\"name\":\"OAB, COVID e Universit\u00e1rios: Descubra quais s\u00e3o os seus direitos!\"}]},{\"@type\":\"WebSite\",\"@id\":\"https:\/\/www.estrategiaconcursos.com.br\/blog\/#website\",\"url\":\"https:\/\/www.estrategiaconcursos.com.br\/blog\/\",\"name\":\"Estrat\u00e9gia Concursos\",\"description\":\"O blog da Estrat\u00e9gia Concursos traz not\u00edcias sobre concursos e artigos de professores oferecendo cursos para concursos (pdf + videaulas) no site.\",\"publisher\":{\"@id\":\"https:\/\/www.estrategiaconcursos.com.br\/blog\/#organization\"},\"potentialAction\":[{\"@type\":\"SearchAction\",\"target\":{\"@type\":\"EntryPoint\",\"urlTemplate\":\"https:\/\/www.estrategiaconcursos.com.br\/blog\/?s={search_term_string}\"},\"query-input\":{\"@type\":\"PropertyValueSpecification\",\"valueRequired\":true,\"valueName\":\"search_term_string\"}}],\"inLanguage\":\"pt-BR\"},{\"@type\":\"Organization\",\"@id\":\"https:\/\/www.estrategiaconcursos.com.br\/blog\/#organization\",\"name\":\"Estrat\u00e9gia Concursos\",\"url\":\"https:\/\/www.estrategiaconcursos.com.br\/blog\/\",\"logo\":{\"@type\":\"ImageObject\",\"inLanguage\":\"pt-BR\",\"@id\":\"https:\/\/www.estrategiaconcursos.com.br\/blog\/#\/schema\/logo\/image\/\",\"url\":\"https:\/\/dhg1h5j42swfq.cloudfront.net\/2025\/06\/03203428\/logo_concursos-1.jpg\",\"contentUrl\":\"https:\/\/dhg1h5j42swfq.cloudfront.net\/2025\/06\/03203428\/logo_concursos-1.jpg\",\"width\":230,\"height\":60,\"caption\":\"Estrat\u00e9gia Concursos\"},\"image\":{\"@id\":\"https:\/\/www.estrategiaconcursos.com.br\/blog\/#\/schema\/logo\/image\/\"},\"sameAs\":[\"https:\/\/x.com\/EstratConcursos\"]},{\"@type\":\"Person\",\"@id\":\"https:\/\/www.estrategiaconcursos.com.br\/blog\/#\/schema\/person\/aa39cf5ddb518e5bdce27c35788405e2\",\"name\":\"Ricardo Torques\",\"image\":{\"@type\":\"ImageObject\",\"inLanguage\":\"pt-BR\",\"@id\":\"https:\/\/secure.gravatar.com\/avatar\/ce9ac6c3cff25fe86d15ed568ebc64d1724baf5c0693133bcb1f6073f712f92a?s=96&d=mm&r=g\",\"url\":\"https:\/\/secure.gravatar.com\/avatar\/ce9ac6c3cff25fe86d15ed568ebc64d1724baf5c0693133bcb1f6073f712f92a?s=96&d=mm&r=g\",\"contentUrl\":\"https:\/\/secure.gravatar.com\/avatar\/ce9ac6c3cff25fe86d15ed568ebc64d1724baf5c0693133bcb1f6073f712f92a?s=96&d=mm&r=g\",\"caption\":\"Ricardo Torques\"},\"sameAs\":[\"https:\/\/www.facebook.com\/ricardo.s.torques\"],\"url\":\"https:\/\/www.estrategiaconcursos.com.br\/blog\/author\/ricardotorquesestrategiaconcursos-com-br\/\"}]}<\/script>\n<!-- \/ Yoast SEO Premium plugin. -->","yoast_head_json":{"title":"OAB, COVID e Universit\u00e1rios: Descubra quais s\u00e3o os seus direitos!","description":"Veja como se defender dos impactos causados pela pandemia de coronav\u00edrus na 2.\u00aa Fase do XXXI Exame de Ordem e no cronograma dos demais exames de 2020.","robots":{"index":"index","follow":"follow","max-snippet":"max-snippet:-1","max-image-preview":"max-image-preview:large","max-video-preview":"max-video-preview:-1"},"canonical":"https:\/\/www.estrategiaconcursos.com.br\/blog\/oab-covid-universitarios-direitos\/","og_locale":"pt_BR","og_type":"article","og_title":"OAB, COVID e Universit\u00e1rios: Descubra quais s\u00e3o os seus direitos!","og_description":"Veja como se defender dos impactos causados pela pandemia de coronav\u00edrus na 2.\u00aa Fase do XXXI Exame de Ordem e no cronograma dos demais exames de 2020.","og_url":"https:\/\/www.estrategiaconcursos.com.br\/blog\/oab-covid-universitarios-direitos\/","og_site_name":"Estrat\u00e9gia Concursos","article_author":"https:\/\/www.facebook.com\/ricardo.s.torques","article_published_time":"2020-05-14T20:53:00+00:00","article_modified_time":"2023-06-20T17:43:30+00:00","og_image":[{"width":1080,"height":1350,"url":"https:\/\/dhg1h5j42swfq.cloudfront.net\/2020\/05\/13162703\/668efa60-7e3c-4378-b6e7-cd649a41590c.jpg","type":"image\/jpeg"}],"author":"Ricardo Torques","twitter_card":"summary_large_image","twitter_creator":"@EstratConcursos","twitter_site":"@EstratConcursos","twitter_misc":{"Escrito por":"Ricardo Torques","Est. tempo de leitura":"2 minutos"},"schema":{"@context":"https:\/\/schema.org","@graph":[{"@type":"NewsArticle","@id":"https:\/\/www.estrategiaconcursos.com.br\/blog\/oab-covid-universitarios-direitos\/#article","isPartOf":{"@id":"https:\/\/www.estrategiaconcursos.com.br\/blog\/oab-covid-universitarios-direitos\/"},"author":{"name":"Ricardo Torques","@id":"https:\/\/www.estrategiaconcursos.com.br\/blog\/#\/schema\/person\/aa39cf5ddb518e5bdce27c35788405e2"},"headline":"OAB, COVID e Universit\u00e1rios: Descubra quais s\u00e3o os seus direitos!","datePublished":"2020-05-14T20:53:00+00:00","dateModified":"2023-06-20T17:43:30+00:00","mainEntityOfPage":{"@id":"https:\/\/www.estrategiaconcursos.com.br\/blog\/oab-covid-universitarios-direitos\/"},"wordCount":423,"commentCount":0,"publisher":{"@id":"https:\/\/www.estrategiaconcursos.com.br\/blog\/#organization"},"image":{"@id":"https:\/\/www.estrategiaconcursos.com.br\/blog\/oab-covid-universitarios-direitos\/#primaryimage"},"thumbnailUrl":"https:\/\/dhg1h5j42swfq.cloudfront.net\/2020\/05\/13162703\/668efa60-7e3c-4378-b6e7-cd649a41590c.jpg","articleSection":["Concursos P\u00fablicos"],"inLanguage":"pt-BR","potentialAction":[{"@type":"CommentAction","name":"Comment","target":["https:\/\/www.estrategiaconcursos.com.br\/blog\/oab-covid-universitarios-direitos\/#respond"]}],"copyrightYear":"2020","copyrightHolder":{"@id":"https:\/\/www.estrategiaconcursos.com.br\/blog\/#organization"}},{"@type":"WebPage","@id":"https:\/\/www.estrategiaconcursos.com.br\/blog\/oab-covid-universitarios-direitos\/","url":"https:\/\/www.estrategiaconcursos.com.br\/blog\/oab-covid-universitarios-direitos\/","name":"OAB, COVID e Universit\u00e1rios: Descubra quais s\u00e3o os seus direitos!","isPartOf":{"@id":"https:\/\/www.estrategiaconcursos.com.br\/blog\/#website"},"primaryImageOfPage":{"@id":"https:\/\/www.estrategiaconcursos.com.br\/blog\/oab-covid-universitarios-direitos\/#primaryimage"},"image":{"@id":"https:\/\/www.estrategiaconcursos.com.br\/blog\/oab-covid-universitarios-direitos\/#primaryimage"},"thumbnailUrl":"https:\/\/dhg1h5j42swfq.cloudfront.net\/2020\/05\/13162703\/668efa60-7e3c-4378-b6e7-cd649a41590c.jpg","datePublished":"2020-05-14T20:53:00+00:00","dateModified":"2023-06-20T17:43:30+00:00","description":"Veja como se defender dos impactos causados pela pandemia de coronav\u00edrus na 2.\u00aa Fase do XXXI Exame de Ordem e no cronograma dos demais exames de 2020.","breadcrumb":{"@id":"https:\/\/www.estrategiaconcursos.com.br\/blog\/oab-covid-universitarios-direitos\/#breadcrumb"},"inLanguage":"pt-BR","potentialAction":[{"@type":"ReadAction","target":["https:\/\/www.estrategiaconcursos.com.br\/blog\/oab-covid-universitarios-direitos\/"]}]},{"@type":"ImageObject","inLanguage":"pt-BR","@id":"https:\/\/www.estrategiaconcursos.com.br\/blog\/oab-covid-universitarios-direitos\/#primaryimage","url":"https:\/\/dhg1h5j42swfq.cloudfront.net\/2020\/05\/13162703\/668efa60-7e3c-4378-b6e7-cd649a41590c.jpg","contentUrl":"https:\/\/dhg1h5j42swfq.cloudfront.net\/2020\/05\/13162703\/668efa60-7e3c-4378-b6e7-cd649a41590c.jpg","width":1080,"height":1350},{"@type":"BreadcrumbList","@id":"https:\/\/www.estrategiaconcursos.com.br\/blog\/oab-covid-universitarios-direitos\/#breadcrumb","itemListElement":[{"@type":"ListItem","position":1,"name":"In\u00edcio","item":"https:\/\/www.estrategiaconcursos.com.br\/blog\/"},{"@type":"ListItem","position":2,"name":"OAB, COVID e Universit\u00e1rios: Descubra quais s\u00e3o os seus direitos!"}]},{"@type":"WebSite","@id":"https:\/\/www.estrategiaconcursos.com.br\/blog\/#website","url":"https:\/\/www.estrategiaconcursos.com.br\/blog\/","name":"Estrat\u00e9gia Concursos","description":"O blog da Estrat\u00e9gia Concursos traz not\u00edcias sobre concursos e artigos de professores oferecendo cursos para concursos (pdf + videaulas) no site.","publisher":{"@id":"https:\/\/www.estrategiaconcursos.com.br\/blog\/#organization"},"potentialAction":[{"@type":"SearchAction","target":{"@type":"EntryPoint","urlTemplate":"https:\/\/www.estrategiaconcursos.com.br\/blog\/?s={search_term_string}"},"query-input":{"@type":"PropertyValueSpecification","valueRequired":true,"valueName":"search_term_string"}}],"inLanguage":"pt-BR"},{"@type":"Organization","@id":"https:\/\/www.estrategiaconcursos.com.br\/blog\/#organization","name":"Estrat\u00e9gia Concursos","url":"https:\/\/www.estrategiaconcursos.com.br\/blog\/","logo":{"@type":"ImageObject","inLanguage":"pt-BR","@id":"https:\/\/www.estrategiaconcursos.com.br\/blog\/#\/schema\/logo\/image\/","url":"https:\/\/dhg1h5j42swfq.cloudfront.net\/2025\/06\/03203428\/logo_concursos-1.jpg","contentUrl":"https:\/\/dhg1h5j42swfq.cloudfront.net\/2025\/06\/03203428\/logo_concursos-1.jpg","width":230,"height":60,"caption":"Estrat\u00e9gia Concursos"},"image":{"@id":"https:\/\/www.estrategiaconcursos.com.br\/blog\/#\/schema\/logo\/image\/"},"sameAs":["https:\/\/x.com\/EstratConcursos"]},{"@type":"Person","@id":"https:\/\/www.estrategiaconcursos.com.br\/blog\/#\/schema\/person\/aa39cf5ddb518e5bdce27c35788405e2","name":"Ricardo Torques","image":{"@type":"ImageObject","inLanguage":"pt-BR","@id":"https:\/\/secure.gravatar.com\/avatar\/ce9ac6c3cff25fe86d15ed568ebc64d1724baf5c0693133bcb1f6073f712f92a?s=96&d=mm&r=g","url":"https:\/\/secure.gravatar.com\/avatar\/ce9ac6c3cff25fe86d15ed568ebc64d1724baf5c0693133bcb1f6073f712f92a?s=96&d=mm&r=g","contentUrl":"https:\/\/secure.gravatar.com\/avatar\/ce9ac6c3cff25fe86d15ed568ebc64d1724baf5c0693133bcb1f6073f712f92a?s=96&d=mm&r=g","caption":"Ricardo Torques"},"sameAs":["https:\/\/www.facebook.com\/ricardo.s.torques"],"url":"https:\/\/www.estrategiaconcursos.com.br\/blog\/author\/ricardotorquesestrategiaconcursos-com-br\/"}]}},"_links":{"self":[{"href":"https:\/\/www.estrategiaconcursos.com.br\/blog\/wp-json\/wp\/v2\/posts\/513816","targetHints":{"allow":["GET"]}}],"collection":[{"href":"https:\/\/www.estrategiaconcursos.com.br\/blog\/wp-json\/wp\/v2\/posts"}],"about":[{"href":"https:\/\/www.estrategiaconcursos.com.br\/blog\/wp-json\/wp\/v2\/types\/post"}],"author":[{"embeddable":true,"href":"https:\/\/www.estrategiaconcursos.com.br\/blog\/wp-json\/wp\/v2\/users\/180"}],"replies":[{"embeddable":true,"href":"https:\/\/www.estrategiaconcursos.com.br\/blog\/wp-json\/wp\/v2\/comments?post=513816"}],"version-history":[{"count":4,"href":"https:\/\/www.estrategiaconcursos.com.br\/blog\/wp-json\/wp\/v2\/posts\/513816\/revisions"}],"predecessor-version":[{"id":1235751,"href":"https:\/\/www.estrategiaconcursos.com.br\/blog\/wp-json\/wp\/v2\/posts\/513816\/revisions\/1235751"}],"wp:featuredmedia":[{"embeddable":true,"href":"https:\/\/www.estrategiaconcursos.com.br\/blog\/wp-json\/wp\/v2\/media\/514343"}],"wp:attachment":[{"href":"https:\/\/www.estrategiaconcursos.com.br\/blog\/wp-json\/wp\/v2\/media?parent=513816"}],"wp:term":[{"taxonomy":"category","embeddable":true,"href":"https:\/\/www.estrategiaconcursos.com.br\/blog\/wp-json\/wp\/v2\/categories?post=513816"},{"taxonomy":"post_tag","embeddable":true,"href":"https:\/\/www.estrategiaconcursos.com.br\/blog\/wp-json\/wp\/v2\/tags?post=513816"},{"taxonomy":"tax_estado","embeddable":true,"href":"https:\/\/www.estrategiaconcursos.com.br\/blog\/wp-json\/wp\/v2\/tax_estado?post=513816"}],"curies":[{"name":"wp","href":"https:\/\/api.w.org\/{rel}","templated":true}]}}