{"id":51377,"date":"2016-10-19T16:01:27","date_gmt":"2016-10-19T19:01:27","guid":{"rendered":"https:\/\/www.estrategiaconcursos.com.br\/blog\/?p=51377"},"modified":"2016-10-20T21:29:02","modified_gmt":"2016-10-21T00:29:02","slug":"reforma-do-ensino-medio-medida-provisoria-no-7462016","status":"publish","type":"post","link":"https:\/\/www.estrategiaconcursos.com.br\/blog\/reforma-do-ensino-medio-medida-provisoria-no-7462016\/","title":{"rendered":"SEDF &#8211; Reforma do ensino m\u00e9dio &#8211; Medida Provis\u00f3ria n\u00ba 746\/2016"},"content":{"rendered":"<p><span style=\"color: #000000\">Ol\u00e1 pessoal, tudo bem?<\/span><\/p>\n<p>&nbsp;<\/p>\n<p><span style=\"color: #000000\">Em fun\u00e7\u00e3o de,<\/span> <span style=\"color: #ff0000\"><strong>no momento, j\u00e1 termos definidas as datas\u00a0para realiza\u00e7\u00e3o das provas aos cargos da SEDF<\/strong><\/span>, <span style=\"color: #000000\">atualizo o meu posicionamento quanto \u00e0 necessidade do estudo da recente atualiza\u00e7\u00e3o da LDB &#8211; o que me comprometi a realizar, conforme indicasse a publica\u00e7\u00e3o do edital SEDF 2016 -, por meio da <strong>Medida Provis\u00f3ria n\u00ba 746, de 22\/09\/2016<\/strong>,\u00a0que normatiza a denominada\u00a0<strong>&#8220;reforma do ensino m\u00e9dio&#8221;,<\/strong>\u00a0decorrente\u00a0da <em>Pol\u00edtica de Fomento \u00e0 Implementa\u00e7\u00e3o de Escolas de Ensino M\u00e9dio em Tempo Integral, <\/em>efetivada pela altera\u00e7\u00e3o de determinados trechos da <strong>Lei n\u00ba 9.394\/1996 (LDB)<\/strong> e da <strong>Lei n\u00ba 11.494\/2007<\/strong>, que regulamenta o FUNDEB.<\/span><\/p>\n<p>&nbsp;<\/p>\n<p><span style=\"color: #000000\">Conforme alertei anteriormente,<strong> por enquanto, temos a seguinte situa\u00e7\u00e3o:<\/strong> este tema estava em an\u00e1lise nas comiss\u00f5es tem\u00e1ticas do Congresso Nacional, onde se discute um projeto de lei a respeito. Todavia, o Presidente da Rep\u00fablica decidiu emitir uma <span style=\"text-decoration: underline\"><strong>Medida Provis\u00f3ria, que embora tenha vig\u00eancia moment\u00e2nea, depende de convers\u00e3o por meio de Lei aprovada pelo Congresso Nacional<\/strong> <\/span><\/span><span style=\"color: #0000ff\"><strong>em at\u00e9 60 dias, prorrog\u00e1veis por mais 60 dias.<\/strong><\/span><\/p>\n<p>&nbsp;<\/p>\n<p><span style=\"color: #000000\">Segundo a <strong>CF\/88:<\/strong><\/span><\/p>\n<p>=====================<\/p>\n<p><em><span style=\"font-family: Arial;font-size: small\"><span style=\"color: #000000\">Art. 62. Em caso de relev\u00e2ncia e urg\u00eancia, o Presidente da Rep\u00fablica poder\u00e1 adotar <strong>medidas provis\u00f3rias<\/strong>,<\/span> <span style=\"color: #0000ff\"><strong>com for\u00e7a de lei<\/strong><\/span>, <span style=\"color: #000000\">devendo submet\u00ea-las de imediato ao Congresso Nacional.<\/span><\/span><\/em><\/p>\n<p align=\"JUSTIFY\"><em><span style=\"font-family: Arial;font-size: small\"><span style=\"color: #000000\">\u00a7 3\u00ba As medidas provis\u00f3rias, ressalvado o disposto nos \u00a7\u00a7 11 e 12 <strong>perder\u00e3o efic\u00e1cia, desde a <\/strong>edi\u00e7\u00e3o,<\/span> <span style=\"color: #0000ff\"><strong>se n\u00e3o forem convertidas em lei no prazo de sessenta dias, prorrog\u00e1vel, nos termos do \u00a7 7\u00ba, uma vez por igual per\u00edodo<\/strong><\/span>, <span style=\"color: #000000\">devendo o Congresso Nacional disciplinar, por decreto legislativo, as rela\u00e7\u00f5es jur\u00eddicas delas decorrentes.<\/span> <\/span><\/em><\/p>\n<p align=\"JUSTIFY\"><em><span style=\"font-family: Arial;font-size: small\"><span style=\"color: #000000\">\u00a7 4\u00ba O <strong>prazo<\/strong> a que se refere o \u00a7 3\u00ba <span style=\"text-decoration: underline\"><strong>contar-se-\u00e1 da publica\u00e7\u00e3o da medida provis\u00f3ria<\/strong><\/span>,<\/span> <span style=\"color: #ff0000\"><strong>suspendendo-se durante os per\u00edodos de recesso do Congresso Nacional.<\/strong><\/span><\/span><\/em><\/p>\n<p align=\"JUSTIFY\">=====================<\/p>\n<p align=\"JUSTIFY\"><span style=\"color: #000000\">Ordinariamente, o<\/span> <span style=\"color: #ff0000\"><strong>recesso de final de ano do Congresso Nacional<\/strong> <\/span><span style=\"color: #000000\">perdura dentre <span style=\"text-decoration: underline\"><strong>22 de dezembro a 2 de fevereiro<\/strong> <\/span>(CF\/88, art. 57).<\/span><\/p>\n<p align=\"JUSTIFY\"><span style=\"color: #000000\">Conforme o edital SEDF 2016 (CESPE), \u00a0<strong>as provas<\/strong> aos cargos da SEDF ser\u00e3o aplicadas no <strong>dia 22\/01\/2016\u00a0e no dia 29\/01\/2016<\/strong>.<\/span><\/p>\n<p align=\"JUSTIFY\"><span style=\"color: #000000\"><span style=\"text-decoration: underline\">Considerando o recesso do Congresso Nacional e a prorroga\u00e7\u00e3o da vig\u00eancia da MP por mais 60 dias<\/span> (prorroga\u00e7\u00e3o autom\u00e1tica, caso sua\u00a0vota\u00e7\u00e3o n\u00e3o tenha sido encerrada nas duas casas do Congresso Nacional:<span style=\"font-family: Arial;font-size: small\">\u00a0CF\/88, art. 62, \u00a7 7\u00ba),\u00a0<\/span>a <\/span><strong><span style=\"color: #000000\">Medida Provis\u00f3ria n\u00ba 746,\u00a0que foi publicada no dia\u00a022\/09\/2016 &#8211; in\u00edcio da contagem -,<\/span> <span style=\"color: #ff0000\">ordinariamente<\/span>, <span style=\"color: #0000ff\">possuir\u00e1 vig\u00eancia at\u00e9 o dia 1 de mar\u00e7o de 2017.<\/span><\/strong><\/p>\n<p align=\"JUSTIFY\"><span style=\"color: #000000\">Desta forma, <span style=\"text-decoration: underline\">caso as datas das provas n\u00e3o sejam adiadas para datas posteriores a 1\/03\/2017<\/span>,<\/span> <span style=\"color: #0000ff\"><strong>o conte\u00fado da &#8220;reforma do ensino m\u00e9dio&#8221; (MP 746\/2016) PODER\u00c1 ser exigido na prova pelo CESPE<\/strong><\/span>.<\/p>\n<p align=\"JUSTIFY\"><span style=\"color: #000000\">Vale ressaltar a grande repercuss\u00e3o deste tema.<\/span><\/p>\n<p align=\"JUSTIFY\"><span style=\"color: #000000\">N\u00e3o se preocupe, pois nos cursos de Legisla\u00e7\u00e3o Educacional aos cargos da SEDF 2016,<\/span> <span style=\"color: #ff0000\"><strong>ministrarei o conte\u00fado da LDB\u00a0considerando, detalhadamente, a referida &#8220;reforma do ensino m\u00e9dio&#8221;.<\/strong><\/span><\/p>\n<p><span style=\"color: #000000\">Permane\u00e7o atento \u00e0 situa\u00e7\u00e3o.<\/span><\/p>\n<p><span style=\"color: #000000\">Bons estudos!<\/span><\/p>\n<p><span style=\"color: #000000\">*A Medida Provis\u00f3ria n\u00ba 746, de 22\/09\/2016 pode ser acessada no seguinte link:\u00a0<\/span> <a href=\"http:\/\/pesquisa.in.gov.br\/imprensa\/jsp\/visualiza\/index.jsp?jornal=1000&amp;pagina=1&amp;data=23\/09\/2016\"><u>http:\/\/pesquisa.in.gov.br\/imprensa\/jsp\/visualiza\/index.jsp?jornal=1000&amp;pagina=1&amp;data=23\/09\/2016<\/u><\/a><\/p>\n<p>&nbsp;<\/p>\n","protected":false},"excerpt":{"rendered":"<p>Ol\u00e1 pessoal, tudo bem? &nbsp; Em fun\u00e7\u00e3o de, no momento, j\u00e1 termos definidas as datas\u00a0para realiza\u00e7\u00e3o das provas aos cargos da SEDF, atualizo o meu posicionamento quanto \u00e0 necessidade do estudo da recente atualiza\u00e7\u00e3o da LDB &#8211; o que me comprometi a realizar, conforme indicasse a publica\u00e7\u00e3o do edital SEDF 2016 -, por meio da [&hellip;]<\/p>\n","protected":false},"author":1,"featured_media":0,"comment_status":"open","ping_status":"open","sticky":false,"template":"","format":"standard","meta":{"post_tipo":"news","footnotes":""},"categories":[1],"tags":[],"tax_estado":[],"class_list":["post-51377","post","type-post","status-publish","format-standard","hentry","category-cursos-e-concursos"],"acf":[],"yoast_head":"<!-- This site is optimized with the Yoast SEO Premium plugin v27.2 (Yoast SEO v27.2) - https:\/\/yoast.com\/product\/yoast-seo-premium-wordpress\/ -->\n<title>SEDF - Reforma do ensino m\u00e9dio - Medida Provis\u00f3ria n\u00ba 746\/2016<\/title>\n<meta name=\"robots\" content=\"index, follow, max-snippet:-1, max-image-preview:large, max-video-preview:-1\" \/>\n<link rel=\"canonical\" href=\"https:\/\/www.estrategiaconcursos.com.br\/blog\/reforma-do-ensino-medio-medida-provisoria-no-7462016\/\" \/>\n<meta property=\"og:locale\" content=\"pt_BR\" \/>\n<meta property=\"og:type\" content=\"article\" \/>\n<meta property=\"og:title\" content=\"SEDF - Reforma do ensino m\u00e9dio - Medida Provis\u00f3ria n\u00ba 746\/2016\" \/>\n<meta property=\"og:description\" content=\"Ol\u00e1 pessoal, tudo bem? &nbsp; Em fun\u00e7\u00e3o de, no momento, j\u00e1 termos definidas as datas\u00a0para realiza\u00e7\u00e3o das provas aos cargos da SEDF, atualizo o meu posicionamento quanto \u00e0 necessidade do estudo da recente atualiza\u00e7\u00e3o da LDB &#8211; o que me comprometi a realizar, conforme indicasse a publica\u00e7\u00e3o do edital SEDF 2016 -, por meio da [&hellip;]\" \/>\n<meta property=\"og:url\" content=\"https:\/\/www.estrategiaconcursos.com.br\/blog\/reforma-do-ensino-medio-medida-provisoria-no-7462016\/\" \/>\n<meta property=\"og:site_name\" content=\"Estrat\u00e9gia Concursos\" \/>\n<meta property=\"article:author\" content=\"https:\/\/www.facebook.com\/EstrategiaConcursos\" \/>\n<meta property=\"article:published_time\" content=\"2016-10-19T19:01:27+00:00\" \/>\n<meta property=\"article:modified_time\" content=\"2016-10-21T00:29:02+00:00\" \/>\n<meta name=\"author\" content=\"Coordena\u00e7\u00e3o\" \/>\n<meta name=\"twitter:card\" content=\"summary_large_image\" \/>\n<meta name=\"twitter:creator\" content=\"@EstratConcursos\" \/>\n<meta name=\"twitter:site\" content=\"@EstratConcursos\" \/>\n<meta name=\"twitter:label1\" content=\"Escrito por\" \/>\n\t<meta name=\"twitter:data1\" content=\"Coordena\u00e7\u00e3o\" \/>\n\t<meta name=\"twitter:label2\" content=\"Est. tempo de leitura\" \/>\n\t<meta name=\"twitter:data2\" content=\"3 minutos\" \/>\n<script type=\"application\/ld+json\" class=\"yoast-schema-graph\">{\"@context\":\"https:\/\/schema.org\",\"@graph\":[{\"@type\":\"NewsArticle\",\"@id\":\"https:\/\/www.estrategiaconcursos.com.br\/blog\/reforma-do-ensino-medio-medida-provisoria-no-7462016\/#article\",\"isPartOf\":{\"@id\":\"https:\/\/www.estrategiaconcursos.com.br\/blog\/reforma-do-ensino-medio-medida-provisoria-no-7462016\/\"},\"author\":{\"name\":\"Coordena\u00e7\u00e3o\",\"@id\":\"https:\/\/www.estrategiaconcursos.com.br\/blog\/#\/schema\/person\/b4a388c97673c5f483d72185668afa1f\"},\"headline\":\"SEDF &#8211; Reforma do ensino m\u00e9dio &#8211; Medida Provis\u00f3ria n\u00ba 746\/2016\",\"datePublished\":\"2016-10-19T19:01:27+00:00\",\"dateModified\":\"2016-10-21T00:29:02+00:00\",\"mainEntityOfPage\":{\"@id\":\"https:\/\/www.estrategiaconcursos.com.br\/blog\/reforma-do-ensino-medio-medida-provisoria-no-7462016\/\"},\"wordCount\":518,\"commentCount\":2,\"publisher\":{\"@id\":\"https:\/\/www.estrategiaconcursos.com.br\/blog\/#organization\"},\"articleSection\":[\"Concursos P\u00fablicos\"],\"inLanguage\":\"pt-BR\",\"potentialAction\":[{\"@type\":\"CommentAction\",\"name\":\"Comment\",\"target\":[\"https:\/\/www.estrategiaconcursos.com.br\/blog\/reforma-do-ensino-medio-medida-provisoria-no-7462016\/#respond\"]}],\"copyrightYear\":\"2016\",\"copyrightHolder\":{\"@id\":\"https:\/\/www.estrategiaconcursos.com.br\/blog\/#organization\"}},{\"@type\":\"WebPage\",\"@id\":\"https:\/\/www.estrategiaconcursos.com.br\/blog\/reforma-do-ensino-medio-medida-provisoria-no-7462016\/\",\"url\":\"https:\/\/www.estrategiaconcursos.com.br\/blog\/reforma-do-ensino-medio-medida-provisoria-no-7462016\/\",\"name\":\"SEDF - Reforma do ensino m\u00e9dio - Medida Provis\u00f3ria n\u00ba 746\/2016\",\"isPartOf\":{\"@id\":\"https:\/\/www.estrategiaconcursos.com.br\/blog\/#website\"},\"datePublished\":\"2016-10-19T19:01:27+00:00\",\"dateModified\":\"2016-10-21T00:29:02+00:00\",\"breadcrumb\":{\"@id\":\"https:\/\/www.estrategiaconcursos.com.br\/blog\/reforma-do-ensino-medio-medida-provisoria-no-7462016\/#breadcrumb\"},\"inLanguage\":\"pt-BR\",\"potentialAction\":[{\"@type\":\"ReadAction\",\"target\":[\"https:\/\/www.estrategiaconcursos.com.br\/blog\/reforma-do-ensino-medio-medida-provisoria-no-7462016\/\"]}]},{\"@type\":\"BreadcrumbList\",\"@id\":\"https:\/\/www.estrategiaconcursos.com.br\/blog\/reforma-do-ensino-medio-medida-provisoria-no-7462016\/#breadcrumb\",\"itemListElement\":[{\"@type\":\"ListItem\",\"position\":1,\"name\":\"In\u00edcio\",\"item\":\"https:\/\/www.estrategiaconcursos.com.br\/blog\/\"},{\"@type\":\"ListItem\",\"position\":2,\"name\":\"SEDF &#8211; Reforma do ensino m\u00e9dio &#8211; Medida Provis\u00f3ria n\u00ba 746\/2016\"}]},{\"@type\":\"WebSite\",\"@id\":\"https:\/\/www.estrategiaconcursos.com.br\/blog\/#website\",\"url\":\"https:\/\/www.estrategiaconcursos.com.br\/blog\/\",\"name\":\"Estrat\u00e9gia Concursos\",\"description\":\"O blog da Estrat\u00e9gia Concursos traz not\u00edcias sobre concursos e artigos de professores oferecendo cursos para concursos (pdf + videaulas) no site.\",\"publisher\":{\"@id\":\"https:\/\/www.estrategiaconcursos.com.br\/blog\/#organization\"},\"potentialAction\":[{\"@type\":\"SearchAction\",\"target\":{\"@type\":\"EntryPoint\",\"urlTemplate\":\"https:\/\/www.estrategiaconcursos.com.br\/blog\/?s={search_term_string}\"},\"query-input\":{\"@type\":\"PropertyValueSpecification\",\"valueRequired\":true,\"valueName\":\"search_term_string\"}}],\"inLanguage\":\"pt-BR\"},{\"@type\":\"Organization\",\"@id\":\"https:\/\/www.estrategiaconcursos.com.br\/blog\/#organization\",\"name\":\"Estrat\u00e9gia Concursos\",\"url\":\"https:\/\/www.estrategiaconcursos.com.br\/blog\/\",\"logo\":{\"@type\":\"ImageObject\",\"inLanguage\":\"pt-BR\",\"@id\":\"https:\/\/www.estrategiaconcursos.com.br\/blog\/#\/schema\/logo\/image\/\",\"url\":\"https:\/\/dhg1h5j42swfq.cloudfront.net\/2025\/06\/03203428\/logo_concursos-1.jpg\",\"contentUrl\":\"https:\/\/dhg1h5j42swfq.cloudfront.net\/2025\/06\/03203428\/logo_concursos-1.jpg\",\"width\":230,\"height\":60,\"caption\":\"Estrat\u00e9gia Concursos\"},\"image\":{\"@id\":\"https:\/\/www.estrategiaconcursos.com.br\/blog\/#\/schema\/logo\/image\/\"},\"sameAs\":[\"https:\/\/x.com\/EstratConcursos\"]},{\"@type\":\"Person\",\"@id\":\"https:\/\/www.estrategiaconcursos.com.br\/blog\/#\/schema\/person\/b4a388c97673c5f483d72185668afa1f\",\"name\":\"Coordena\u00e7\u00e3o\",\"image\":{\"@type\":\"ImageObject\",\"inLanguage\":\"pt-BR\",\"@id\":\"https:\/\/secure.gravatar.com\/avatar\/b720319e4c9a967eb58678d110f4fe35452fc5d5f97b202bac7b8acceb18c6ad?s=96&d=mm&r=g\",\"url\":\"https:\/\/secure.gravatar.com\/avatar\/b720319e4c9a967eb58678d110f4fe35452fc5d5f97b202bac7b8acceb18c6ad?s=96&d=mm&r=g\",\"contentUrl\":\"https:\/\/secure.gravatar.com\/avatar\/b720319e4c9a967eb58678d110f4fe35452fc5d5f97b202bac7b8acceb18c6ad?s=96&d=mm&r=g\",\"caption\":\"Coordena\u00e7\u00e3o\"},\"sameAs\":[\"https:\/\/www.facebook.com\/EstrategiaConcursos\",\"https:\/\/x.com\/EstratConcursos\"],\"url\":\"https:\/\/www.estrategiaconcursos.com.br\/blog\/author\/estrategia2013\/\"}]}<\/script>\n<!-- \/ Yoast SEO Premium plugin. -->","yoast_head_json":{"title":"SEDF - Reforma do ensino m\u00e9dio - Medida Provis\u00f3ria n\u00ba 746\/2016","robots":{"index":"index","follow":"follow","max-snippet":"max-snippet:-1","max-image-preview":"max-image-preview:large","max-video-preview":"max-video-preview:-1"},"canonical":"https:\/\/www.estrategiaconcursos.com.br\/blog\/reforma-do-ensino-medio-medida-provisoria-no-7462016\/","og_locale":"pt_BR","og_type":"article","og_title":"SEDF - Reforma do ensino m\u00e9dio - Medida Provis\u00f3ria n\u00ba 746\/2016","og_description":"Ol\u00e1 pessoal, tudo bem? &nbsp; Em fun\u00e7\u00e3o de, no momento, j\u00e1 termos definidas as datas\u00a0para realiza\u00e7\u00e3o das provas aos cargos da SEDF, atualizo o meu posicionamento quanto \u00e0 necessidade do estudo da recente atualiza\u00e7\u00e3o da LDB &#8211; o que me comprometi a realizar, conforme indicasse a publica\u00e7\u00e3o do edital SEDF 2016 -, por meio da [&hellip;]","og_url":"https:\/\/www.estrategiaconcursos.com.br\/blog\/reforma-do-ensino-medio-medida-provisoria-no-7462016\/","og_site_name":"Estrat\u00e9gia Concursos","article_author":"https:\/\/www.facebook.com\/EstrategiaConcursos","article_published_time":"2016-10-19T19:01:27+00:00","article_modified_time":"2016-10-21T00:29:02+00:00","author":"Coordena\u00e7\u00e3o","twitter_card":"summary_large_image","twitter_creator":"@EstratConcursos","twitter_site":"@EstratConcursos","twitter_misc":{"Escrito por":"Coordena\u00e7\u00e3o","Est. tempo de leitura":"3 minutos"},"schema":{"@context":"https:\/\/schema.org","@graph":[{"@type":"NewsArticle","@id":"https:\/\/www.estrategiaconcursos.com.br\/blog\/reforma-do-ensino-medio-medida-provisoria-no-7462016\/#article","isPartOf":{"@id":"https:\/\/www.estrategiaconcursos.com.br\/blog\/reforma-do-ensino-medio-medida-provisoria-no-7462016\/"},"author":{"name":"Coordena\u00e7\u00e3o","@id":"https:\/\/www.estrategiaconcursos.com.br\/blog\/#\/schema\/person\/b4a388c97673c5f483d72185668afa1f"},"headline":"SEDF &#8211; Reforma do ensino m\u00e9dio &#8211; Medida Provis\u00f3ria n\u00ba 746\/2016","datePublished":"2016-10-19T19:01:27+00:00","dateModified":"2016-10-21T00:29:02+00:00","mainEntityOfPage":{"@id":"https:\/\/www.estrategiaconcursos.com.br\/blog\/reforma-do-ensino-medio-medida-provisoria-no-7462016\/"},"wordCount":518,"commentCount":2,"publisher":{"@id":"https:\/\/www.estrategiaconcursos.com.br\/blog\/#organization"},"articleSection":["Concursos P\u00fablicos"],"inLanguage":"pt-BR","potentialAction":[{"@type":"CommentAction","name":"Comment","target":["https:\/\/www.estrategiaconcursos.com.br\/blog\/reforma-do-ensino-medio-medida-provisoria-no-7462016\/#respond"]}],"copyrightYear":"2016","copyrightHolder":{"@id":"https:\/\/www.estrategiaconcursos.com.br\/blog\/#organization"}},{"@type":"WebPage","@id":"https:\/\/www.estrategiaconcursos.com.br\/blog\/reforma-do-ensino-medio-medida-provisoria-no-7462016\/","url":"https:\/\/www.estrategiaconcursos.com.br\/blog\/reforma-do-ensino-medio-medida-provisoria-no-7462016\/","name":"SEDF - Reforma do ensino m\u00e9dio - Medida Provis\u00f3ria n\u00ba 746\/2016","isPartOf":{"@id":"https:\/\/www.estrategiaconcursos.com.br\/blog\/#website"},"datePublished":"2016-10-19T19:01:27+00:00","dateModified":"2016-10-21T00:29:02+00:00","breadcrumb":{"@id":"https:\/\/www.estrategiaconcursos.com.br\/blog\/reforma-do-ensino-medio-medida-provisoria-no-7462016\/#breadcrumb"},"inLanguage":"pt-BR","potentialAction":[{"@type":"ReadAction","target":["https:\/\/www.estrategiaconcursos.com.br\/blog\/reforma-do-ensino-medio-medida-provisoria-no-7462016\/"]}]},{"@type":"BreadcrumbList","@id":"https:\/\/www.estrategiaconcursos.com.br\/blog\/reforma-do-ensino-medio-medida-provisoria-no-7462016\/#breadcrumb","itemListElement":[{"@type":"ListItem","position":1,"name":"In\u00edcio","item":"https:\/\/www.estrategiaconcursos.com.br\/blog\/"},{"@type":"ListItem","position":2,"name":"SEDF &#8211; Reforma do ensino m\u00e9dio &#8211; Medida Provis\u00f3ria n\u00ba 746\/2016"}]},{"@type":"WebSite","@id":"https:\/\/www.estrategiaconcursos.com.br\/blog\/#website","url":"https:\/\/www.estrategiaconcursos.com.br\/blog\/","name":"Estrat\u00e9gia Concursos","description":"O blog da Estrat\u00e9gia Concursos traz not\u00edcias sobre concursos e artigos de professores oferecendo cursos para concursos (pdf + videaulas) no site.","publisher":{"@id":"https:\/\/www.estrategiaconcursos.com.br\/blog\/#organization"},"potentialAction":[{"@type":"SearchAction","target":{"@type":"EntryPoint","urlTemplate":"https:\/\/www.estrategiaconcursos.com.br\/blog\/?s={search_term_string}"},"query-input":{"@type":"PropertyValueSpecification","valueRequired":true,"valueName":"search_term_string"}}],"inLanguage":"pt-BR"},{"@type":"Organization","@id":"https:\/\/www.estrategiaconcursos.com.br\/blog\/#organization","name":"Estrat\u00e9gia Concursos","url":"https:\/\/www.estrategiaconcursos.com.br\/blog\/","logo":{"@type":"ImageObject","inLanguage":"pt-BR","@id":"https:\/\/www.estrategiaconcursos.com.br\/blog\/#\/schema\/logo\/image\/","url":"https:\/\/dhg1h5j42swfq.cloudfront.net\/2025\/06\/03203428\/logo_concursos-1.jpg","contentUrl":"https:\/\/dhg1h5j42swfq.cloudfront.net\/2025\/06\/03203428\/logo_concursos-1.jpg","width":230,"height":60,"caption":"Estrat\u00e9gia Concursos"},"image":{"@id":"https:\/\/www.estrategiaconcursos.com.br\/blog\/#\/schema\/logo\/image\/"},"sameAs":["https:\/\/x.com\/EstratConcursos"]},{"@type":"Person","@id":"https:\/\/www.estrategiaconcursos.com.br\/blog\/#\/schema\/person\/b4a388c97673c5f483d72185668afa1f","name":"Coordena\u00e7\u00e3o","image":{"@type":"ImageObject","inLanguage":"pt-BR","@id":"https:\/\/secure.gravatar.com\/avatar\/b720319e4c9a967eb58678d110f4fe35452fc5d5f97b202bac7b8acceb18c6ad?s=96&d=mm&r=g","url":"https:\/\/secure.gravatar.com\/avatar\/b720319e4c9a967eb58678d110f4fe35452fc5d5f97b202bac7b8acceb18c6ad?s=96&d=mm&r=g","contentUrl":"https:\/\/secure.gravatar.com\/avatar\/b720319e4c9a967eb58678d110f4fe35452fc5d5f97b202bac7b8acceb18c6ad?s=96&d=mm&r=g","caption":"Coordena\u00e7\u00e3o"},"sameAs":["https:\/\/www.facebook.com\/EstrategiaConcursos","https:\/\/x.com\/EstratConcursos"],"url":"https:\/\/www.estrategiaconcursos.com.br\/blog\/author\/estrategia2013\/"}]}},"_links":{"self":[{"href":"https:\/\/www.estrategiaconcursos.com.br\/blog\/wp-json\/wp\/v2\/posts\/51377","targetHints":{"allow":["GET"]}}],"collection":[{"href":"https:\/\/www.estrategiaconcursos.com.br\/blog\/wp-json\/wp\/v2\/posts"}],"about":[{"href":"https:\/\/www.estrategiaconcursos.com.br\/blog\/wp-json\/wp\/v2\/types\/post"}],"author":[{"embeddable":true,"href":"https:\/\/www.estrategiaconcursos.com.br\/blog\/wp-json\/wp\/v2\/users\/1"}],"replies":[{"embeddable":true,"href":"https:\/\/www.estrategiaconcursos.com.br\/blog\/wp-json\/wp\/v2\/comments?post=51377"}],"version-history":[{"count":10,"href":"https:\/\/www.estrategiaconcursos.com.br\/blog\/wp-json\/wp\/v2\/posts\/51377\/revisions"}],"predecessor-version":[{"id":53137,"href":"https:\/\/www.estrategiaconcursos.com.br\/blog\/wp-json\/wp\/v2\/posts\/51377\/revisions\/53137"}],"wp:attachment":[{"href":"https:\/\/www.estrategiaconcursos.com.br\/blog\/wp-json\/wp\/v2\/media?parent=51377"}],"wp:term":[{"taxonomy":"category","embeddable":true,"href":"https:\/\/www.estrategiaconcursos.com.br\/blog\/wp-json\/wp\/v2\/categories?post=51377"},{"taxonomy":"post_tag","embeddable":true,"href":"https:\/\/www.estrategiaconcursos.com.br\/blog\/wp-json\/wp\/v2\/tags?post=51377"},{"taxonomy":"tax_estado","embeddable":true,"href":"https:\/\/www.estrategiaconcursos.com.br\/blog\/wp-json\/wp\/v2\/tax_estado?post=51377"}],"curies":[{"name":"wp","href":"https:\/\/api.w.org\/{rel}","templated":true}]}}