{"id":513537,"date":"2020-05-11T00:00:00","date_gmt":"2020-05-11T03:00:00","guid":{"rendered":"https:\/\/www.estrategiaconcursos.com.br\/blog\/?p=513537"},"modified":"2020-05-11T16:51:02","modified_gmt":"2020-05-11T19:51:02","slug":"criacao-do-trf-6-votacao","status":"publish","type":"post","link":"https:\/\/www.estrategiaconcursos.com.br\/blog\/criacao-do-trf-6-votacao\/","title":{"rendered":"Cria\u00e7\u00e3o do TRF da 6\u00aa Regi\u00e3o deve ser votada nesta semana"},"content":{"rendered":"\n<p>A C\u00e2mara dos Deputados deve votar nesta semana a cria\u00e7\u00e3o do <strong>Tribunal Regional Federal da 6\u00aa Regi\u00e3o.<\/strong> De autoria do presidente do STJ, Jo\u00e3o Ot\u00e1vio de Noronha, a proposi\u00e7\u00e3o foi inclu\u00edda na pauta de vota\u00e7\u00f5es da quarta-feira (14).<\/p>\n\n\n\n<p>Tramitando desde 2019 na C\u00e2mara dos Deputados, o projeto deve ter avan\u00e7os importantes nos pr\u00f3ximos dias. De acordo com o vice-presidente da casa, Marcos Pereira (Republicanos &#8211; SP), existe um compromisso com o Presidente da C\u00e2mara, Rodrigo Maia (DEM- RJ), para que a vota\u00e7\u00e3o seja feita. <\/p>\n\n\n\n<p>Embora atualmente os deputados estejam focando em vota\u00e7\u00f5es relacionadas \u00e0 pandemia do novo coronav\u00edrus (COVID-19), os deputados da bancada de Minas Gerais insistiram pela inclus\u00e3o do projeto na pauta de vota\u00e7\u00f5es. Segundo o jornal O Estado de S\u00e3o Paulo, o Pal\u00e1cio do Planalto apoia a cria\u00e7\u00e3o do novo TRF<\/p>\n\n\n\n<p>Defendida pelo presidente do STJ, a cria\u00e7\u00e3o do TRF 6\u00aa &#8220;<em>melhora a estrutura da justi\u00e7a pra poder enfrentar as quest\u00f5es jur\u00eddicas ajuizadas em consequ\u00eancia da pandemia<\/em>&#8220;.  <\/p>\n\n\n\n<p>Atualmente o Brasil possui cinco TRFs, sediados em: Bras\u00edlia (TRF 1\u00aa), Rio de Janeiro (TRF 2\u00aa), S\u00e3o Paulo (TRF 3\u00aa), Porto Alegre (TRF 4\u00aa) e Recife (TRF 5\u00aa). <\/p>\n\n\n\n<p class=\"has-background has-text-align-center has-very-light-gray-background-color\"><em><a href=\"https:\/\/www.camara.leg.br\/proposicoesWeb\/fichadetramitacao?idProposicao=2228978\" target=\"_blank\" rel=\"noreferrer noopener\" aria-label=\"Acesse aqui a \u00edntegra do PL 5919\/2019 (abre numa nova aba)\">Acesse aqui a \u00edntegra do PL 5919\/2019<\/a><\/em><\/p>\n\n\n\n<h2 class=\"wp-block-heading\">Como fica a estrutura do novo TRF 6<\/h2>\n\n\n\n<h3 class=\"wp-block-heading\">Cargos de servidores<\/h3>\n\n\n\n<figure class=\"wp-block-table is-style-stripes\"><table><tbody><tr><td><strong>Denomina\u00e7\u00e3o<\/strong><\/td><td><strong>1\u00ba Grau<\/strong><\/td><td><strong>2\u00ba Grau<\/strong><\/td><td><strong>Total<\/strong><\/td><\/tr><tr><td>Analista Judici\u00e1rio<\/td><td>622<\/td><td>199<\/td><td>821<\/td><\/tr><tr><td>T\u00e9cnico Judici\u00e1rio<\/td><td>903<\/td><td>168<\/td><td>1.071<\/td><\/tr><tr><td>Auxiliar Judici\u00e1rio<\/td><td>0<\/td><td>10<\/td><td>10<\/td><\/tr><tr><td><strong>Total<\/strong><\/td><td>1.525<\/td><td>377<\/td><td>1.902<\/td><\/tr><\/tbody><\/table><\/figure>\n\n\n\n<h3 class=\"wp-block-heading\">Membros da Magistratura<\/h3>\n\n\n\n<figure class=\"wp-block-table is-style-stripes\"><table><tbody><tr><td><strong>Denomina\u00e7\u00e3o<\/strong><\/td><td><strong>1\u00ba Grau<\/strong><\/td><td><strong>2\u00ba Grau<\/strong><\/td><td><strong>Total<\/strong><\/td><\/tr><tr><td>Juiz de Tribunal Regional Federal<\/td><td><\/td><td>18<\/td><td>18<\/td><\/tr><tr><td>Juiz Federal<\/td><td>101<\/td><td><\/td><td>101<\/td><\/tr><tr><td>Juiz Federal Substituto<\/td><td>83<\/td><td><\/td><td>83<\/td><\/tr><tr><td><strong>Total<\/strong><\/td><td>184<\/td><td>18<\/td><td>202<\/td><\/tr><\/tbody><\/table><\/figure>\n\n\n\n<hr class=\"wp-block-separator\"\/>\n\n\n\n<h2 class=\"wp-block-heading\"><strong><a href=\"https:\/\/www.estrategiaconcursos.com.br\/sistema-de-questoes#\/\" target=\"_blank\" rel=\"noreferrer noopener\">O l\u00edder em aprova\u00e7\u00f5es vai lan\u00e7ar o maior sistema de quest\u00f5es!<\/a><\/strong><\/h2>\n\n\n\n<p class=\"has-text-align-center\">Estrat\u00e9gia Quest\u00f5es vai nascer maior do que todos os concorrentes, com mais quest\u00f5es cadastradas e mais solu\u00e7\u00f5es por professores.<\/p>\n\n\n\n<p class=\"has-text-align-center\">Acompanhe AO VIVO o lan\u00e7amento do maior sistema de quest\u00f5es do Brasil e aproveite os descontos e b\u00f4nus imperd\u00edveis!<\/p>\n\n\n\n<figure class=\"wp-block-image\"><a href=\"https:\/\/www.youtube.com\/watch?v=uPUGbXOPGqk\" target=\"_blank\" rel=\"noreferrer noopener\"><img loading=\"lazy\" decoding=\"async\" width=\"1024\" height=\"234\" src=\"https:\/\/dhg1h5j42swfq.cloudfront.net\/2020\/05\/07084827\/WhatsApp-Image-2020-05-07-at-08.43.59-1024x234.jpeg\" alt=\"\" class=\"wp-image-511530\" srcset=\"https:\/\/dhg1h5j42swfq.cloudfront.net\/2020\/05\/07084827\/WhatsApp-Image-2020-05-07-at-08.43.59-1024x234.jpeg 1024w, https:\/\/dhg1h5j42swfq.cloudfront.net\/2020\/05\/07084827\/WhatsApp-Image-2020-05-07-at-08.43.59-300x69.jpeg 300w, https:\/\/dhg1h5j42swfq.cloudfront.net\/2020\/05\/07084827\/WhatsApp-Image-2020-05-07-at-08.43.59-768x176.jpeg 768w, https:\/\/dhg1h5j42swfq.cloudfront.net\/2020\/05\/07084827\/WhatsApp-Image-2020-05-07-at-08.43.59-610x140.jpeg 610w, https:\/\/dhg1h5j42swfq.cloudfront.net\/2020\/05\/07084827\/WhatsApp-Image-2020-05-07-at-08.43.59.jpeg 1280w\" sizes=\"auto, (max-width: 1024px) 100vw, 1024px\" \/><\/a><\/figure>\n\n\n\n<p style=\"font-size:25px\" class=\"has-text-color has-background has-text-align-center has-vivid-cyan-blue-color has-luminous-vivid-amber-background-color\"><strong><a href=\"https:\/\/www.estrategiaconcursos.com.br\/cursos\/concurso\/\" target=\"_blank\" rel=\"noreferrer noopener\">Curso para concurso<\/a><\/strong><\/p>\n\n\n\n<p style=\"font-size:25px\" class=\"has-text-align-center\"><em><strong>Assinatura Anual Ilimitada*<\/strong><\/em><\/p>\n\n\n\n<p class=\"has-text-align-center\"><em>Prepare-se com o melhor material e com quem mais aprova em Concursos P\u00fablicos em todo o pa\u00eds. Assine agora a nossa Assinatura Anual e tenha acesso ilimitado* a todos os nossos cursos.<\/em><\/p>\n\n\n\n<p class=\"has-background has-text-align-center has-light-green-cyan-background-color\"><strong>ASSINE AGORA<\/strong>&nbsp;\u2013&nbsp;<a rel=\"noreferrer noopener\" href=\"https:\/\/www.estrategiaconcursos.com.br\/assinaturas\" target=\"_blank\"><strong>Assinatura Ilimitada<\/strong><\/a><\/p>\n\n\n\n<p class=\"has-text-align-center\"><strong><em>Fique por dentro dos concursos vigentes:<\/em><\/strong><\/p>\n\n\n\n<p class=\"has-background has-text-align-center has-medium-font-size has-pale-cyan-blue-background-color\"><a href=\"https:\/\/www.estrategiaconcursos.com.br\/blog\/concursos-abertos\/\" target=\"_blank\" rel=\"noreferrer noopener\"><strong>CONCURSOS ABERTOS<\/strong><\/a><\/p>\n\n\n\n<p class=\"has-background has-text-align-center has-medium-font-size has-pale-cyan-blue-background-color\"><a href=\"https:\/\/www.estrategiaconcursos.com.br\/blog\/concursos-2020\/\" target=\"_blank\" rel=\"noreferrer noopener\"><strong>CONCURSOS&nbsp;2020<\/strong><\/a><\/p>\n","protected":false},"excerpt":{"rendered":"<p>A C\u00e2mara dos Deputados deve votar nesta semana a cria\u00e7\u00e3o do Tribunal Regional Federal da 6\u00aa Regi\u00e3o. De autoria do presidente do STJ, Jo\u00e3o Ot\u00e1vio de Noronha, a proposi\u00e7\u00e3o foi inclu\u00edda na pauta de vota\u00e7\u00f5es da quarta-feira (14). Tramitando desde 2019 na C\u00e2mara dos Deputados, o projeto deve ter avan\u00e7os importantes nos pr\u00f3ximos dias. De [&hellip;]<\/p>\n","protected":false},"author":1,"featured_media":513577,"comment_status":"open","ping_status":"closed","sticky":false,"template":"","format":"standard","meta":{"post_tipo":"news","footnotes":""},"categories":[1,1984],"tags":[],"tax_estado":[],"class_list":["post-513537","post","type-post","status-publish","format-standard","has-post-thumbnail","hentry","category-cursos-e-concursos","category-tribunais"],"acf":[],"yoast_head":"<!-- This site is optimized with the Yoast SEO Premium plugin v27.2 (Yoast SEO v27.2) - https:\/\/yoast.com\/product\/yoast-seo-premium-wordpress\/ -->\n<title>Cria\u00e7\u00e3o do TRF da 6\u00aa Regi\u00e3o deve ser votada nesta semana<\/title>\n<meta name=\"description\" content=\"A C\u00e2mara dos Deputados deve votar nesta quata-feira (13) o projeto de cria\u00e7\u00e3o do Tribunal Regional Federal da 6\u00aa Regi\u00e3o, a ser sediado em Minas Gerais.\" \/>\n<meta name=\"robots\" content=\"index, follow, max-snippet:-1, max-image-preview:large, max-video-preview:-1\" \/>\n<link rel=\"canonical\" href=\"https:\/\/www.estrategiaconcursos.com.br\/blog\/criacao-do-trf-6-votacao\/\" \/>\n<meta property=\"og:locale\" content=\"pt_BR\" \/>\n<meta property=\"og:type\" content=\"article\" \/>\n<meta property=\"og:title\" content=\"Cria\u00e7\u00e3o do TRF da 6\u00aa Regi\u00e3o deve ser votada nesta semana\" \/>\n<meta property=\"og:description\" content=\"A C\u00e2mara dos Deputados deve votar nesta quata-feira (13) o projeto de cria\u00e7\u00e3o do Tribunal Regional Federal da 6\u00aa Regi\u00e3o, a ser sediado em Minas Gerais.\" \/>\n<meta property=\"og:url\" content=\"https:\/\/www.estrategiaconcursos.com.br\/blog\/criacao-do-trf-6-votacao\/\" \/>\n<meta property=\"og:site_name\" content=\"Estrat\u00e9gia Concursos\" \/>\n<meta property=\"article:author\" content=\"https:\/\/www.facebook.com\/EstrategiaConcursos\" \/>\n<meta property=\"article:published_time\" content=\"2020-05-11T03:00:00+00:00\" \/>\n<meta property=\"article:modified_time\" content=\"2020-05-11T19:51:02+00:00\" \/>\n<meta property=\"og:image\" content=\"https:\/\/dhg1h5j42swfq.cloudfront.net\/2020\/05\/11164845\/Justi%C3%A7a_Federal_Belo_Horizonte.jpg\" \/>\n\t<meta property=\"og:image:width\" content=\"2048\" \/>\n\t<meta property=\"og:image:height\" content=\"1536\" \/>\n\t<meta property=\"og:image:type\" content=\"image\/jpeg\" \/>\n<meta name=\"author\" content=\"Coordena\u00e7\u00e3o\" \/>\n<meta name=\"twitter:card\" content=\"summary_large_image\" \/>\n<meta name=\"twitter:creator\" content=\"@EstratConcursos\" \/>\n<meta name=\"twitter:site\" content=\"@EstratConcursos\" \/>\n<meta name=\"twitter:label1\" content=\"Escrito por\" \/>\n\t<meta name=\"twitter:data1\" content=\"Coordena\u00e7\u00e3o\" \/>\n\t<meta name=\"twitter:label2\" content=\"Est. tempo de leitura\" \/>\n\t<meta name=\"twitter:data2\" content=\"2 minutos\" \/>\n<script type=\"application\/ld+json\" class=\"yoast-schema-graph\">{\"@context\":\"https:\/\/schema.org\",\"@graph\":[{\"@type\":\"NewsArticle\",\"@id\":\"https:\/\/www.estrategiaconcursos.com.br\/blog\/criacao-do-trf-6-votacao\/#article\",\"isPartOf\":{\"@id\":\"https:\/\/www.estrategiaconcursos.com.br\/blog\/criacao-do-trf-6-votacao\/\"},\"author\":{\"name\":\"Coordena\u00e7\u00e3o\",\"@id\":\"https:\/\/www.estrategiaconcursos.com.br\/blog\/#\/schema\/person\/b4a388c97673c5f483d72185668afa1f\"},\"headline\":\"Cria\u00e7\u00e3o do TRF da 6\u00aa Regi\u00e3o deve ser votada nesta semana\",\"datePublished\":\"2020-05-11T03:00:00+00:00\",\"dateModified\":\"2020-05-11T19:51:02+00:00\",\"mainEntityOfPage\":{\"@id\":\"https:\/\/www.estrategiaconcursos.com.br\/blog\/criacao-do-trf-6-votacao\/\"},\"wordCount\":384,\"commentCount\":0,\"publisher\":{\"@id\":\"https:\/\/www.estrategiaconcursos.com.br\/blog\/#organization\"},\"image\":{\"@id\":\"https:\/\/www.estrategiaconcursos.com.br\/blog\/criacao-do-trf-6-votacao\/#primaryimage\"},\"thumbnailUrl\":\"https:\/\/dhg1h5j42swfq.cloudfront.net\/2020\/05\/11164845\/Justi%C3%A7a_Federal_Belo_Horizonte.jpg\",\"articleSection\":[\"Concursos P\u00fablicos\",\"Tribunais\"],\"inLanguage\":\"pt-BR\",\"potentialAction\":[{\"@type\":\"CommentAction\",\"name\":\"Comment\",\"target\":[\"https:\/\/www.estrategiaconcursos.com.br\/blog\/criacao-do-trf-6-votacao\/#respond\"]}],\"copyrightYear\":\"2020\",\"copyrightHolder\":{\"@id\":\"https:\/\/www.estrategiaconcursos.com.br\/blog\/#organization\"}},{\"@type\":\"WebPage\",\"@id\":\"https:\/\/www.estrategiaconcursos.com.br\/blog\/criacao-do-trf-6-votacao\/\",\"url\":\"https:\/\/www.estrategiaconcursos.com.br\/blog\/criacao-do-trf-6-votacao\/\",\"name\":\"Cria\u00e7\u00e3o do TRF da 6\u00aa Regi\u00e3o deve ser votada nesta semana\",\"isPartOf\":{\"@id\":\"https:\/\/www.estrategiaconcursos.com.br\/blog\/#website\"},\"primaryImageOfPage\":{\"@id\":\"https:\/\/www.estrategiaconcursos.com.br\/blog\/criacao-do-trf-6-votacao\/#primaryimage\"},\"image\":{\"@id\":\"https:\/\/www.estrategiaconcursos.com.br\/blog\/criacao-do-trf-6-votacao\/#primaryimage\"},\"thumbnailUrl\":\"https:\/\/dhg1h5j42swfq.cloudfront.net\/2020\/05\/11164845\/Justi%C3%A7a_Federal_Belo_Horizonte.jpg\",\"datePublished\":\"2020-05-11T03:00:00+00:00\",\"dateModified\":\"2020-05-11T19:51:02+00:00\",\"description\":\"A C\u00e2mara dos Deputados deve votar nesta quata-feira (13) o projeto de cria\u00e7\u00e3o do Tribunal Regional Federal da 6\u00aa Regi\u00e3o, a ser sediado em Minas Gerais.\",\"breadcrumb\":{\"@id\":\"https:\/\/www.estrategiaconcursos.com.br\/blog\/criacao-do-trf-6-votacao\/#breadcrumb\"},\"inLanguage\":\"pt-BR\",\"potentialAction\":[{\"@type\":\"ReadAction\",\"target\":[\"https:\/\/www.estrategiaconcursos.com.br\/blog\/criacao-do-trf-6-votacao\/\"]}]},{\"@type\":\"ImageObject\",\"inLanguage\":\"pt-BR\",\"@id\":\"https:\/\/www.estrategiaconcursos.com.br\/blog\/criacao-do-trf-6-votacao\/#primaryimage\",\"url\":\"https:\/\/dhg1h5j42swfq.cloudfront.net\/2020\/05\/11164845\/Justi%C3%A7a_Federal_Belo_Horizonte.jpg\",\"contentUrl\":\"https:\/\/dhg1h5j42swfq.cloudfront.net\/2020\/05\/11164845\/Justi%C3%A7a_Federal_Belo_Horizonte.jpg\",\"width\":2048,\"height\":1536},{\"@type\":\"BreadcrumbList\",\"@id\":\"https:\/\/www.estrategiaconcursos.com.br\/blog\/criacao-do-trf-6-votacao\/#breadcrumb\",\"itemListElement\":[{\"@type\":\"ListItem\",\"position\":1,\"name\":\"In\u00edcio\",\"item\":\"https:\/\/www.estrategiaconcursos.com.br\/blog\/\"},{\"@type\":\"ListItem\",\"position\":2,\"name\":\"Cria\u00e7\u00e3o do TRF da 6\u00aa Regi\u00e3o deve ser votada nesta semana\"}]},{\"@type\":\"WebSite\",\"@id\":\"https:\/\/www.estrategiaconcursos.com.br\/blog\/#website\",\"url\":\"https:\/\/www.estrategiaconcursos.com.br\/blog\/\",\"name\":\"Estrat\u00e9gia Concursos\",\"description\":\"O blog da Estrat\u00e9gia Concursos traz not\u00edcias sobre concursos e artigos de professores oferecendo cursos para concursos (pdf + videaulas) no site.\",\"publisher\":{\"@id\":\"https:\/\/www.estrategiaconcursos.com.br\/blog\/#organization\"},\"potentialAction\":[{\"@type\":\"SearchAction\",\"target\":{\"@type\":\"EntryPoint\",\"urlTemplate\":\"https:\/\/www.estrategiaconcursos.com.br\/blog\/?s={search_term_string}\"},\"query-input\":{\"@type\":\"PropertyValueSpecification\",\"valueRequired\":true,\"valueName\":\"search_term_string\"}}],\"inLanguage\":\"pt-BR\"},{\"@type\":\"Organization\",\"@id\":\"https:\/\/www.estrategiaconcursos.com.br\/blog\/#organization\",\"name\":\"Estrat\u00e9gia Concursos\",\"url\":\"https:\/\/www.estrategiaconcursos.com.br\/blog\/\",\"logo\":{\"@type\":\"ImageObject\",\"inLanguage\":\"pt-BR\",\"@id\":\"https:\/\/www.estrategiaconcursos.com.br\/blog\/#\/schema\/logo\/image\/\",\"url\":\"https:\/\/dhg1h5j42swfq.cloudfront.net\/2025\/06\/03203428\/logo_concursos-1.jpg\",\"contentUrl\":\"https:\/\/dhg1h5j42swfq.cloudfront.net\/2025\/06\/03203428\/logo_concursos-1.jpg\",\"width\":230,\"height\":60,\"caption\":\"Estrat\u00e9gia Concursos\"},\"image\":{\"@id\":\"https:\/\/www.estrategiaconcursos.com.br\/blog\/#\/schema\/logo\/image\/\"},\"sameAs\":[\"https:\/\/x.com\/EstratConcursos\"]},{\"@type\":\"Person\",\"@id\":\"https:\/\/www.estrategiaconcursos.com.br\/blog\/#\/schema\/person\/b4a388c97673c5f483d72185668afa1f\",\"name\":\"Coordena\u00e7\u00e3o\",\"image\":{\"@type\":\"ImageObject\",\"inLanguage\":\"pt-BR\",\"@id\":\"https:\/\/secure.gravatar.com\/avatar\/b720319e4c9a967eb58678d110f4fe35452fc5d5f97b202bac7b8acceb18c6ad?s=96&d=mm&r=g\",\"url\":\"https:\/\/secure.gravatar.com\/avatar\/b720319e4c9a967eb58678d110f4fe35452fc5d5f97b202bac7b8acceb18c6ad?s=96&d=mm&r=g\",\"contentUrl\":\"https:\/\/secure.gravatar.com\/avatar\/b720319e4c9a967eb58678d110f4fe35452fc5d5f97b202bac7b8acceb18c6ad?s=96&d=mm&r=g\",\"caption\":\"Coordena\u00e7\u00e3o\"},\"sameAs\":[\"https:\/\/www.facebook.com\/EstrategiaConcursos\",\"https:\/\/x.com\/EstratConcursos\"],\"url\":\"https:\/\/www.estrategiaconcursos.com.br\/blog\/author\/estrategia2013\/\"}]}<\/script>\n<!-- \/ Yoast SEO Premium plugin. -->","yoast_head_json":{"title":"Cria\u00e7\u00e3o do TRF da 6\u00aa Regi\u00e3o deve ser votada nesta semana","description":"A C\u00e2mara dos Deputados deve votar nesta quata-feira (13) o projeto de cria\u00e7\u00e3o do Tribunal Regional Federal da 6\u00aa Regi\u00e3o, a ser sediado em Minas Gerais.","robots":{"index":"index","follow":"follow","max-snippet":"max-snippet:-1","max-image-preview":"max-image-preview:large","max-video-preview":"max-video-preview:-1"},"canonical":"https:\/\/www.estrategiaconcursos.com.br\/blog\/criacao-do-trf-6-votacao\/","og_locale":"pt_BR","og_type":"article","og_title":"Cria\u00e7\u00e3o do TRF da 6\u00aa Regi\u00e3o deve ser votada nesta semana","og_description":"A C\u00e2mara dos Deputados deve votar nesta quata-feira (13) o projeto de cria\u00e7\u00e3o do Tribunal Regional Federal da 6\u00aa Regi\u00e3o, a ser sediado em Minas Gerais.","og_url":"https:\/\/www.estrategiaconcursos.com.br\/blog\/criacao-do-trf-6-votacao\/","og_site_name":"Estrat\u00e9gia Concursos","article_author":"https:\/\/www.facebook.com\/EstrategiaConcursos","article_published_time":"2020-05-11T03:00:00+00:00","article_modified_time":"2020-05-11T19:51:02+00:00","og_image":[{"width":2048,"height":1536,"url":"https:\/\/dhg1h5j42swfq.cloudfront.net\/2020\/05\/11164845\/Justi%C3%A7a_Federal_Belo_Horizonte.jpg","type":"image\/jpeg"}],"author":"Coordena\u00e7\u00e3o","twitter_card":"summary_large_image","twitter_creator":"@EstratConcursos","twitter_site":"@EstratConcursos","twitter_misc":{"Escrito por":"Coordena\u00e7\u00e3o","Est. tempo de leitura":"2 minutos"},"schema":{"@context":"https:\/\/schema.org","@graph":[{"@type":"NewsArticle","@id":"https:\/\/www.estrategiaconcursos.com.br\/blog\/criacao-do-trf-6-votacao\/#article","isPartOf":{"@id":"https:\/\/www.estrategiaconcursos.com.br\/blog\/criacao-do-trf-6-votacao\/"},"author":{"name":"Coordena\u00e7\u00e3o","@id":"https:\/\/www.estrategiaconcursos.com.br\/blog\/#\/schema\/person\/b4a388c97673c5f483d72185668afa1f"},"headline":"Cria\u00e7\u00e3o do TRF da 6\u00aa Regi\u00e3o deve ser votada nesta semana","datePublished":"2020-05-11T03:00:00+00:00","dateModified":"2020-05-11T19:51:02+00:00","mainEntityOfPage":{"@id":"https:\/\/www.estrategiaconcursos.com.br\/blog\/criacao-do-trf-6-votacao\/"},"wordCount":384,"commentCount":0,"publisher":{"@id":"https:\/\/www.estrategiaconcursos.com.br\/blog\/#organization"},"image":{"@id":"https:\/\/www.estrategiaconcursos.com.br\/blog\/criacao-do-trf-6-votacao\/#primaryimage"},"thumbnailUrl":"https:\/\/dhg1h5j42swfq.cloudfront.net\/2020\/05\/11164845\/Justi%C3%A7a_Federal_Belo_Horizonte.jpg","articleSection":["Concursos P\u00fablicos","Tribunais"],"inLanguage":"pt-BR","potentialAction":[{"@type":"CommentAction","name":"Comment","target":["https:\/\/www.estrategiaconcursos.com.br\/blog\/criacao-do-trf-6-votacao\/#respond"]}],"copyrightYear":"2020","copyrightHolder":{"@id":"https:\/\/www.estrategiaconcursos.com.br\/blog\/#organization"}},{"@type":"WebPage","@id":"https:\/\/www.estrategiaconcursos.com.br\/blog\/criacao-do-trf-6-votacao\/","url":"https:\/\/www.estrategiaconcursos.com.br\/blog\/criacao-do-trf-6-votacao\/","name":"Cria\u00e7\u00e3o do TRF da 6\u00aa Regi\u00e3o deve ser votada nesta semana","isPartOf":{"@id":"https:\/\/www.estrategiaconcursos.com.br\/blog\/#website"},"primaryImageOfPage":{"@id":"https:\/\/www.estrategiaconcursos.com.br\/blog\/criacao-do-trf-6-votacao\/#primaryimage"},"image":{"@id":"https:\/\/www.estrategiaconcursos.com.br\/blog\/criacao-do-trf-6-votacao\/#primaryimage"},"thumbnailUrl":"https:\/\/dhg1h5j42swfq.cloudfront.net\/2020\/05\/11164845\/Justi%C3%A7a_Federal_Belo_Horizonte.jpg","datePublished":"2020-05-11T03:00:00+00:00","dateModified":"2020-05-11T19:51:02+00:00","description":"A C\u00e2mara dos Deputados deve votar nesta quata-feira (13) o projeto de cria\u00e7\u00e3o do Tribunal Regional Federal da 6\u00aa Regi\u00e3o, a ser sediado em Minas Gerais.","breadcrumb":{"@id":"https:\/\/www.estrategiaconcursos.com.br\/blog\/criacao-do-trf-6-votacao\/#breadcrumb"},"inLanguage":"pt-BR","potentialAction":[{"@type":"ReadAction","target":["https:\/\/www.estrategiaconcursos.com.br\/blog\/criacao-do-trf-6-votacao\/"]}]},{"@type":"ImageObject","inLanguage":"pt-BR","@id":"https:\/\/www.estrategiaconcursos.com.br\/blog\/criacao-do-trf-6-votacao\/#primaryimage","url":"https:\/\/dhg1h5j42swfq.cloudfront.net\/2020\/05\/11164845\/Justi%C3%A7a_Federal_Belo_Horizonte.jpg","contentUrl":"https:\/\/dhg1h5j42swfq.cloudfront.net\/2020\/05\/11164845\/Justi%C3%A7a_Federal_Belo_Horizonte.jpg","width":2048,"height":1536},{"@type":"BreadcrumbList","@id":"https:\/\/www.estrategiaconcursos.com.br\/blog\/criacao-do-trf-6-votacao\/#breadcrumb","itemListElement":[{"@type":"ListItem","position":1,"name":"In\u00edcio","item":"https:\/\/www.estrategiaconcursos.com.br\/blog\/"},{"@type":"ListItem","position":2,"name":"Cria\u00e7\u00e3o do TRF da 6\u00aa Regi\u00e3o deve ser votada nesta semana"}]},{"@type":"WebSite","@id":"https:\/\/www.estrategiaconcursos.com.br\/blog\/#website","url":"https:\/\/www.estrategiaconcursos.com.br\/blog\/","name":"Estrat\u00e9gia Concursos","description":"O blog da Estrat\u00e9gia Concursos traz not\u00edcias sobre concursos e artigos de professores oferecendo cursos para concursos (pdf + videaulas) no site.","publisher":{"@id":"https:\/\/www.estrategiaconcursos.com.br\/blog\/#organization"},"potentialAction":[{"@type":"SearchAction","target":{"@type":"EntryPoint","urlTemplate":"https:\/\/www.estrategiaconcursos.com.br\/blog\/?s={search_term_string}"},"query-input":{"@type":"PropertyValueSpecification","valueRequired":true,"valueName":"search_term_string"}}],"inLanguage":"pt-BR"},{"@type":"Organization","@id":"https:\/\/www.estrategiaconcursos.com.br\/blog\/#organization","name":"Estrat\u00e9gia Concursos","url":"https:\/\/www.estrategiaconcursos.com.br\/blog\/","logo":{"@type":"ImageObject","inLanguage":"pt-BR","@id":"https:\/\/www.estrategiaconcursos.com.br\/blog\/#\/schema\/logo\/image\/","url":"https:\/\/dhg1h5j42swfq.cloudfront.net\/2025\/06\/03203428\/logo_concursos-1.jpg","contentUrl":"https:\/\/dhg1h5j42swfq.cloudfront.net\/2025\/06\/03203428\/logo_concursos-1.jpg","width":230,"height":60,"caption":"Estrat\u00e9gia Concursos"},"image":{"@id":"https:\/\/www.estrategiaconcursos.com.br\/blog\/#\/schema\/logo\/image\/"},"sameAs":["https:\/\/x.com\/EstratConcursos"]},{"@type":"Person","@id":"https:\/\/www.estrategiaconcursos.com.br\/blog\/#\/schema\/person\/b4a388c97673c5f483d72185668afa1f","name":"Coordena\u00e7\u00e3o","image":{"@type":"ImageObject","inLanguage":"pt-BR","@id":"https:\/\/secure.gravatar.com\/avatar\/b720319e4c9a967eb58678d110f4fe35452fc5d5f97b202bac7b8acceb18c6ad?s=96&d=mm&r=g","url":"https:\/\/secure.gravatar.com\/avatar\/b720319e4c9a967eb58678d110f4fe35452fc5d5f97b202bac7b8acceb18c6ad?s=96&d=mm&r=g","contentUrl":"https:\/\/secure.gravatar.com\/avatar\/b720319e4c9a967eb58678d110f4fe35452fc5d5f97b202bac7b8acceb18c6ad?s=96&d=mm&r=g","caption":"Coordena\u00e7\u00e3o"},"sameAs":["https:\/\/www.facebook.com\/EstrategiaConcursos","https:\/\/x.com\/EstratConcursos"],"url":"https:\/\/www.estrategiaconcursos.com.br\/blog\/author\/estrategia2013\/"}]}},"_links":{"self":[{"href":"https:\/\/www.estrategiaconcursos.com.br\/blog\/wp-json\/wp\/v2\/posts\/513537","targetHints":{"allow":["GET"]}}],"collection":[{"href":"https:\/\/www.estrategiaconcursos.com.br\/blog\/wp-json\/wp\/v2\/posts"}],"about":[{"href":"https:\/\/www.estrategiaconcursos.com.br\/blog\/wp-json\/wp\/v2\/types\/post"}],"author":[{"embeddable":true,"href":"https:\/\/www.estrategiaconcursos.com.br\/blog\/wp-json\/wp\/v2\/users\/1"}],"replies":[{"embeddable":true,"href":"https:\/\/www.estrategiaconcursos.com.br\/blog\/wp-json\/wp\/v2\/comments?post=513537"}],"version-history":[{"count":7,"href":"https:\/\/www.estrategiaconcursos.com.br\/blog\/wp-json\/wp\/v2\/posts\/513537\/revisions"}],"predecessor-version":[{"id":513580,"href":"https:\/\/www.estrategiaconcursos.com.br\/blog\/wp-json\/wp\/v2\/posts\/513537\/revisions\/513580"}],"wp:featuredmedia":[{"embeddable":true,"href":"https:\/\/www.estrategiaconcursos.com.br\/blog\/wp-json\/wp\/v2\/media\/513577"}],"wp:attachment":[{"href":"https:\/\/www.estrategiaconcursos.com.br\/blog\/wp-json\/wp\/v2\/media?parent=513537"}],"wp:term":[{"taxonomy":"category","embeddable":true,"href":"https:\/\/www.estrategiaconcursos.com.br\/blog\/wp-json\/wp\/v2\/categories?post=513537"},{"taxonomy":"post_tag","embeddable":true,"href":"https:\/\/www.estrategiaconcursos.com.br\/blog\/wp-json\/wp\/v2\/tags?post=513537"},{"taxonomy":"tax_estado","embeddable":true,"href":"https:\/\/www.estrategiaconcursos.com.br\/blog\/wp-json\/wp\/v2\/tax_estado?post=513537"}],"curies":[{"name":"wp","href":"https:\/\/api.w.org\/{rel}","templated":true}]}}