{"id":513244,"date":"2021-09-29T10:00:00","date_gmt":"2021-09-29T13:00:00","guid":{"rendered":"https:\/\/www.estrategiaconcursos.com.br\/blog\/?p=513244"},"modified":"2024-01-11T17:02:39","modified_gmt":"2024-01-11T20:02:39","slug":"concurso-prefeitura-rio-azul","status":"publish","type":"post","link":"https:\/\/www.estrategiaconcursos.com.br\/blog\/concurso-prefeitura-rio-azul\/","title":{"rendered":"Concurso Prefeitura de Rio Azul: provas adiadas!"},"content":{"rendered":"\n<p><a href=\"https:\/\/dhg1h5j42swfq.cloudfront.net\/2020\/12\/02085811\/publicado_74201_2020-12-01_f34806baacb3630c8c45fe8a8a0198fb-1_203.pdf\" target=\"_blank\" rel=\"noreferrer noopener nofollow\">Suspenso<\/a> durante um longo per\u00edodo por conta da pandemia de Covid-19, o concurso p\u00fablico da <strong>Prefeitura de Rio Azul<\/strong>, localizada no estado do Paran\u00e1, foi <strong><a href=\"https:\/\/dhg1h5j42swfq.cloudfront.net\/2021\/08\/20084741\/retomada-rio-azul-1.pdf\" target=\"_blank\" rel=\"noreferrer noopener nofollow\">retomado<\/a><\/strong>. Contudo, o cronograma foi modificado e provas foram adiadas.<\/p>\n\n\n\n<p>Agora, de acordo com os comunicados divulgados, aplica\u00e7\u00e3o das avalia\u00e7\u00f5es acontecer\u00e1 no dia <strong>17 de outubro de 2021<\/strong>. Abaixo, confira os hor\u00e1rios e locais para cada cargo pretendido:<\/p>\n\n\n\n<p class=\"has-text-align-center has-background\" style=\"background-color:#cbd8e2\"><strong><a href=\"https:\/\/dhg1h5j42swfq.cloudfront.net\/2021\/09\/29113759\/rio_azul_ep_ed_02_2020_pub_14_2021_ensalamento.pdf\" target=\"_blank\" rel=\"noreferrer noopener nofollow\">Novo cronograma I<\/a> | <a href=\"https:\/\/dhg1h5j42swfq.cloudfront.net\/2021\/09\/29113941\/rio_azul_cp_ed_01_2020_pub_17_2021_ensalamento.pdf\" target=\"_blank\" rel=\"noreferrer noopener nofollow\">Novo cronograma II<\/a><\/strong><\/p>\n\n\n\n<p>Considerando a necessidade de que sejam cumpridas medidas de enfrentamento ao Coronav\u00edrus durante a realiza\u00e7\u00e3o das avalia\u00e7\u00f5es, todos os protocolos de biosseguran\u00e7a ser\u00e3o respeitados. <\/p>\n\n\n\n<ul class=\"has-background wp-block-list\" style=\"background-color:#dbd1e5\"><li><strong>Prefeitura de Rio Azul &#8211; diversos cargos<\/strong><\/li><li><strong>Status: <\/strong>Concurso Retomado<\/li><li><strong>Banca:<\/strong> FAUEL<\/li><li><strong>Vagas:<\/strong> 18 + CR<\/li><li><strong>Sal\u00e1rio inicial:<\/strong> R$ 1.258,91 a R$ 16.338,38<\/li><\/ul>\n\n\n\n<p>Com dois editais publicados e sob organiza\u00e7\u00e3o da <strong><a href=\"https:\/\/www.fauel.org.br\/listagemconcursos.php\" target=\"_blank\" rel=\"noreferrer noopener\">FAUEL<\/a><\/strong>, s\u00e3o ofertadas <strong>18 vagas <\/strong>imediatas mais forma\u00e7\u00e3o de cadastro reserva, distribu\u00eddas entre cargos de n\u00edveis fundamental, m\u00e9dio e superior.<\/p>\n\n\n\n<p>Confira neste artigo as principais informa\u00e7\u00f5es e novidades do concurso Prefeitura de Rio Azul. Acompanhe os t\u00f3picos abaixo e n\u00e3o perca nenhum detalhe:<\/p>\n\n\n\n<ul class=\"wp-block-list\" id=\"indice\"><li><a href=\"#atual\">Situa\u00e7\u00e3o atual<\/a><ul><li><a href=\"#datas\">Principais datas<\/a><\/li><li><a href=\"#retificacoes\">Retifica\u00e7\u00f5es<\/a><\/li><\/ul><\/li><li><a href=\"#cargos-vagas\">Cargos e vagas<\/a><ul><li><a href=\"#edital-1\">Edital 1<\/a><\/li><li><a href=\"#edital-2\">Edital 2<\/a><\/li><\/ul><\/li><li><a href=\"#etapas\">Etapas e provas<\/a><ul><li><a href=\"#objetiva\">Prova Objetiva<\/a><\/li><li><a href=\"#redacao\">Prova de Reda\u00e7\u00e3o<\/a><\/li><li><a href=\"#pratica\">Prova Pr\u00e1tica<\/a><\/li><li><a href=\"#titulos\">Prova de T\u00edtulos<\/a><\/li><\/ul><\/li><li><a href=\"#cursos-assinatura\">Cursos e assinatura<\/a><\/li><li><a href=\"#ficha\">Ficha t\u00e9cnica<\/a><\/li><\/ul>\n\n\n\n<div class=\"container\" id=\"boxes\">\n  <div class=\"row\">\n\n    <div class=\"col-sm\">\n      <div class=\"banner-estrategia\" id=\"box-assinatura\">\n        <h3 class=\"titulo-assinatura\">Prefeitura de Rio Azul<\/h3>\n        <p class=\"subtitulo-assinatura\">Conhe\u00e7a nossos cursos<\/p>\n        <div class=\"box-botao\">\n          <a class=\"btn-assinatura\" target=\"_blank\" href=\"https:\/\/www.estrategiaconcursos.com.br\/cursos\/\" role=\"button\" rel=\"noopener noreferrer\">Conhe\u00e7a mais<\/a>\n        <\/div>\n      <\/div>\n      \n    <\/div>\n\n  <\/div>\n<\/div>\n\n\n\n<h2 class=\"wp-block-heading\" id=\"atual\">Situa\u00e7\u00e3o atual do concurso Prefeitura de Rio Azul<\/h2>\n\n\n\n<h3 class=\"wp-block-heading\" id=\"datas\">Principais datas <\/h3>\n\n\n\n<p class=\"has-very-light-gray-background-color has-background\"><strong>Inscri\u00e7\u00f5es<\/strong>: <s>22 de maio a 21 de agosto<\/s><br \/><strong>Isen\u00e7\u00e3o da taxa<\/strong>: <s>19 a 21 de maio<\/s><br \/><strong>\u00daltimo dia para pagamento<\/strong>: <s>21 de agosto<\/s><br \/><strong>Prova<\/strong>: 17 de outubro de 2021 (<em>Retomada<\/em>)<\/p>\n\n\n\n<h2 class=\"wp-block-heading\" id=\"retificacoes\">Retifica\u00e7\u00f5es <\/h2>\n\n\n\n<p><a href=\"https:\/\/dhg1h5j42swfq.cloudfront.net\/2020\/06\/03084548\/Rio_Azul_EP_ED_02_2020_Pub_02_2020_Retificacao_Valor_Inscricao-2.pdf\" target=\"_blank\" rel=\"noreferrer noopener nofollow\"><strong><em>Retifica\u00e7\u00e3o 1<\/em><\/strong><\/a><\/p>\n\n\n\n<p>A primeira altera\u00e7\u00e3o se deu para os cargo de Agente Comunit\u00e1rio de Sa\u00fade e Agente de Endemias, de n\u00edvel fundamental. A taxa de inscri\u00e7\u00e3o foi corrigida de R$ 100,00 para <strong>R$ 60,00<\/strong>.<\/p>\n\n\n\n<p><strong><em><a href=\"https:\/\/dhg1h5j42swfq.cloudfront.net\/2020\/06\/03084607\/Rio_Azul_CP_ED_01_2020_Pub_002_Retifica_Requisitos-1.pdf\" target=\"_blank\" rel=\"noreferrer noopener nofollow\">Retifica\u00e7\u00e3o 2<\/a><\/em><\/strong><\/p>\n\n\n\n<p>Para os cargos de Auxiliar de Servi\u00e7os Gerais e Assistente Operacional, passa a ser exigido o n\u00edvel fundamental <strong>incompleto<\/strong>.<\/p>\n\n\n\n<p>Para os cargos de Mec\u00e2nico, Mec\u00e2nico Eletricista e Operador de M\u00e1quinas, foram alteradas as <strong>categorias da CNH<\/strong>, sendo:<\/p>\n\n\n\n<ul class=\"wp-block-list\"><li>Mec\u00e2nico: CNH Categoria \u201cB\u201d<\/li><li>Mec\u00e2nico Eletricista: CNH Categoria \u201cB\u201d<\/li><li>Operador de M\u00e1quinas: CNH Categoria \u201cC\u201d<\/li><\/ul>\n\n\n\n<p><strong><em><a href=\"https:\/\/dhg1h5j42swfq.cloudfront.net\/2020\/07\/09143129\/Rio_Azul_EP_ED_02_2020_Pub_06_2020_Suspensao_Cirurgiao_Dentista.pdf\" target=\"_blank\" rel=\"noreferrer noopener nofollow\">Retifica\u00e7\u00e3o 3<\/a><\/em><\/strong><\/p>\n\n\n\n<p>Suspens\u00e3o do concurso ao emprego p\u00fablico de <strong>Cirurgi\u00e3o Dentista<\/strong>, at\u00e9 ulterior decis\u00e3o, considerando a liminar concedida nos autos n\u00ba 5000933-42.2020.4.04.7014\/PR.<\/p>\n\n\n\n<p><a href=\"https:\/\/dhg1h5j42swfq.cloudfront.net\/2020\/08\/06110938\/Edital-Rio-Azul.1.pdf\" target=\"_blank\" rel=\"noreferrer noopener nofollow\"><em><strong>Retifica\u00e7\u00e3o 4<\/strong><\/em><\/a><\/p>\n\n\n\n<p>Alterada forma de entrega dos t\u00edtulos para os cargos de n\u00edvel superior do edital 01. Inicialmente, os documentos deveriam ser entregues presencialmente, agora, os candidatos poder\u00e3o enviar por meio eletr\u00f4nico, em data a ser divulgada.<\/p>\n\n\n\n<h2 class=\"wp-block-heading\" id=\"cargos-vagas\">Cargos e vagas do concurso Prefeitura de Rio Azul<\/h2>\n\n\n\n<p>Os candidatos aos cargos do edital 01 ser\u00e3o submetidos ao regime estatu\u00e1rio. J\u00e1 os candidatos aos cargos do edital 02, ser\u00e3o submetidos ao regime celetista &#8211; CLT.<\/p>\n\n\n\n<h3 class=\"wp-block-heading\" id=\"edital-1\">Edital 01<\/h3>\n\n\n\n<h4 class=\"wp-block-heading\">N\u00edvel fundamental<\/h4>\n\n\n\n<figure class=\"wp-block-table is-style-stripes\"><table class=\"has-background has-fixed-layout\" style=\"background-color:#e7f5fe\"><tbody><tr><td class=\"has-text-align-center\" data-align=\"center\"><strong>CARGO<\/strong><\/td><td class=\"has-text-align-center\" data-align=\"center\"><strong>VAGAS<\/strong><\/td><td class=\"has-text-align-center\" data-align=\"center\"><strong>REMUNERA\u00c7\u00c3O<\/strong><\/td><\/tr><tr><td class=\"has-text-align-center\" data-align=\"center\">Assistente Operacional<\/td><td class=\"has-text-align-center\" data-align=\"center\">02<\/td><td class=\"has-text-align-center\" data-align=\"center\">R$ 1.258,91<\/td><\/tr><tr><td class=\"has-text-align-center\" data-align=\"center\">Auxiliar de Servi\u00e7os Gerais<\/td><td class=\"has-text-align-center\" data-align=\"center\">02<\/td><td class=\"has-text-align-center\" data-align=\"center\">R$ 1.258,91<\/td><\/tr><tr><td class=\"has-text-align-center\" data-align=\"center\">Mec\u00e2nico<\/td><td class=\"has-text-align-center\" data-align=\"center\">01<\/td><td class=\"has-text-align-center\" data-align=\"center\">R$ 1.868,49<\/td><\/tr><tr><td class=\"has-text-align-center\" data-align=\"center\">Mec\u00e2nico Eletricista<\/td><td class=\"has-text-align-center\" data-align=\"center\">03<\/td><td class=\"has-text-align-center\" data-align=\"center\">R$ 1.868,49<\/td><\/tr><tr><td class=\"has-text-align-center\" data-align=\"center\">Motorista<\/td><td class=\"has-text-align-center\" data-align=\"center\">02<\/td><td class=\"has-text-align-center\" data-align=\"center\">R$ 1.310,50<\/td><\/tr><tr><td class=\"has-text-align-center\" data-align=\"center\">Operador de M\u00e1quinas<\/td><td class=\"has-text-align-center\" data-align=\"center\">01<\/td><td class=\"has-text-align-center\" data-align=\"center\">R$ 1.310,50<\/td><\/tr><\/tbody><\/table><\/figure>\n\n\n\n<h4 class=\"wp-block-heading\">N\u00edvel m\u00e9dio<\/h4>\n\n\n\n<figure class=\"wp-block-table is-style-stripes\"><table class=\"has-background has-fixed-layout\" style=\"background-color:#e7f5fe\"><tbody><tr><td class=\"has-text-align-center\" data-align=\"center\"><strong>CARGO<\/strong><\/td><td class=\"has-text-align-center\" data-align=\"center\"><strong>VAGAS<\/strong><\/td><td class=\"has-text-align-center\" data-align=\"center\"><strong>REMUNERA\u00c7\u00c3O<\/strong><\/td><\/tr><tr><td class=\"has-text-align-center\" data-align=\"center\">Assistente Administrativo<\/td><td class=\"has-text-align-center\" data-align=\"center\">CR<\/td><td class=\"has-text-align-center\" data-align=\"center\">R$ 1.868,49<\/td><\/tr><tr><td class=\"has-text-align-center\" data-align=\"center\">T\u00e9cnico em Enfermagem<\/td><td class=\"has-text-align-center\" data-align=\"center\">CR<\/td><td class=\"has-text-align-center\" data-align=\"center\">R$ 1.868,49<\/td><\/tr><\/tbody><\/table><\/figure>\n\n\n\n<h4 class=\"wp-block-heading\">N\u00edvel superior<\/h4>\n\n\n\n<figure class=\"wp-block-table is-style-stripes\"><table class=\"has-background has-fixed-layout\" style=\"background-color:#e7f5fe\"><tbody><tr><td class=\"has-text-align-center\" data-align=\"center\"><strong>CARGO<\/strong><\/td><td class=\"has-text-align-center\" data-align=\"center\"><strong>VAGAS<\/strong><\/td><td class=\"has-text-align-center\" data-align=\"center\"><strong>REMUNERA\u00c7\u00c3O<\/strong><\/td><\/tr><tr><td class=\"has-text-align-center\" data-align=\"center\">Assistente Social<\/td><td class=\"has-text-align-center\" data-align=\"center\">CR<\/td><td class=\"has-text-align-center\" data-align=\"center\">R$ 3.798,31<\/td><\/tr><tr><td class=\"has-text-align-center\" data-align=\"center\">Contador<\/td><td class=\"has-text-align-center\" data-align=\"center\">CR<\/td><td class=\"has-text-align-center\" data-align=\"center\">R$ 3.798,31<\/td><\/tr><tr><td class=\"has-text-align-center\" data-align=\"center\">Farmac\u00eautico<\/td><td class=\"has-text-align-center\" data-align=\"center\">CR<\/td><td class=\"has-text-align-center\" data-align=\"center\">R$ 3.798,31<\/td><\/tr><tr><td class=\"has-text-align-center\" data-align=\"center\">Fisioterapeuta<\/td><td class=\"has-text-align-center\" data-align=\"center\">CR<\/td><td class=\"has-text-align-center\" data-align=\"center\">R$ 3.798,31<\/td><\/tr><tr><td class=\"has-text-align-center\" data-align=\"center\">Fonoaudi\u00f3logo<\/td><td class=\"has-text-align-center\" data-align=\"center\">CR<\/td><td class=\"has-text-align-center\" data-align=\"center\">R$ 3.798,31<\/td><\/tr><tr><td class=\"has-text-align-center\" data-align=\"center\">M\u00e9dico Veterin\u00e1rio<\/td><td class=\"has-text-align-center\" data-align=\"center\">CR<\/td><td class=\"has-text-align-center\" data-align=\"center\">R$ 2.664,04<\/td><\/tr><tr><td class=\"has-text-align-center\" data-align=\"center\">Nutricionista<\/td><td class=\"has-text-align-center\" data-align=\"center\">CR<\/td><td class=\"has-text-align-center\" data-align=\"center\">R$ 3.798,31<\/td><\/tr><tr><td class=\"has-text-align-center\" data-align=\"center\">Professor<\/td><td class=\"has-text-align-center\" data-align=\"center\">CR<\/td><td class=\"has-text-align-center\" data-align=\"center\">R$ 1.443,12<\/td><\/tr><tr><td class=\"has-text-align-center\" data-align=\"center\">Psic\u00f3logo<\/td><td class=\"has-text-align-center\" data-align=\"center\">CR<\/td><td class=\"has-text-align-center\" data-align=\"center\">R$ 3.798,31<\/td><\/tr><tr><td class=\"has-text-align-center\" data-align=\"center\">Secret\u00e1rio Executivo<\/td><td class=\"has-text-align-center\" data-align=\"center\">CR<\/td><td class=\"has-text-align-center\" data-align=\"center\">R$ 3.798,31<\/td><\/tr><\/tbody><\/table><\/figure>\n\n\n\n<h3 class=\"wp-block-heading\" id=\"edital-2\">Edital 02<\/h3>\n\n\n\n<h4 class=\"wp-block-heading\">N\u00edvel fundamental<\/h4>\n\n\n\n<figure class=\"wp-block-table is-style-stripes\"><table class=\"has-background has-fixed-layout\" style=\"background-color:#e7f5fe\"><tbody><tr><td class=\"has-text-align-center\" data-align=\"center\"><strong>CARGO<\/strong><\/td><td class=\"has-text-align-center\" data-align=\"center\"><strong>VAGAS<\/strong><\/td><td class=\"has-text-align-center\" data-align=\"center\"><strong>REMUNERA\u00c7\u00c3O<\/strong><\/td><\/tr><tr><td class=\"has-text-align-center\" data-align=\"center\">Agente Comunit\u00e1rio de Sa\u00fade<\/td><td class=\"has-text-align-center\" data-align=\"center\">01 + CR<\/td><td class=\"has-text-align-center\" data-align=\"center\">R$ 1.400,00<\/td><\/tr><tr><td class=\"has-text-align-center\" data-align=\"center\">Agente de Endemias<\/td><td class=\"has-text-align-center\" data-align=\"center\">03<\/td><td class=\"has-text-align-center\" data-align=\"center\">R$ 1.400,00<\/td><\/tr><\/tbody><\/table><\/figure>\n\n\n\n<h4 class=\"wp-block-heading\">N\u00edvel m\u00e9dio<\/h4>\n\n\n\n<figure class=\"wp-block-table is-style-stripes\"><table class=\"has-background has-fixed-layout\" style=\"background-color:#e7f5fe\"><tbody><tr><td class=\"has-text-align-center\" data-align=\"center\"><strong>CARGO<\/strong><\/td><td class=\"has-text-align-center\" data-align=\"center\"><strong>VAGAS<\/strong><\/td><td class=\"has-text-align-center\" data-align=\"center\"><strong>REMUNERA\u00c7\u00c3O<\/strong><\/td><\/tr><tr><td class=\"has-text-align-center\" data-align=\"center\">T\u00e9cnico em Higiene Dental<\/td><td class=\"has-text-align-center\" data-align=\"center\">CR<\/td><td class=\"has-text-align-center\" data-align=\"center\">R$ 1.529,86<\/td><\/tr><\/tbody><\/table><\/figure>\n\n\n\n<h4 class=\"wp-block-heading\">N\u00edvel superior<\/h4>\n\n\n\n<figure class=\"wp-block-table is-style-stripes\"><table class=\"has-background has-fixed-layout\" style=\"background-color:#e7f5fe\"><tbody><tr><td class=\"has-text-align-center\" data-align=\"center\"><strong>CARGO<\/strong><\/td><td class=\"has-text-align-center\" data-align=\"center\"><strong>VAGAS<\/strong><\/td><td class=\"has-text-align-center\" data-align=\"center\"><strong>REMUNERA\u00c7\u00c3O<\/strong><\/td><\/tr><tr><td class=\"has-text-align-center\" data-align=\"center\"><s>Cirurgi\u00e3o Dentista<\/s> SUSPENSO<\/td><td class=\"has-text-align-center\" data-align=\"center\"><s>01<\/s><\/td><td class=\"has-text-align-center\" data-align=\"center\"><s>R$ 4.844,02<\/s><\/td><\/tr><tr><td class=\"has-text-align-center\" data-align=\"center\">Enfermeiro<\/td><td class=\"has-text-align-center\" data-align=\"center\">01<\/td><td class=\"has-text-align-center\" data-align=\"center\">R$ 4.169,38<\/td><\/tr><tr><td class=\"has-text-align-center\" data-align=\"center\">M\u00e9dico<\/td><td class=\"has-text-align-center\" data-align=\"center\">02<\/td><td class=\"has-text-align-center\" data-align=\"center\">R$ 16.338,38<\/td><\/tr><\/tbody><\/table><\/figure>\n\n\n\n<h2 class=\"wp-block-heading\" id=\"etapas\">Etapas e provas do concurso Prefeitura de Rio Azul<\/h2>\n\n\n\n<p>O concurso Prefeitura de Rio Azul constar\u00e1 das seguintes etapas:<\/p>\n\n\n\n<ol class=\"wp-block-list\"><li><strong>Prova Escrita Objetiva<\/strong> de m\u00faltipla escolha para todos os cargos, de car\u00e1ter eliminat\u00f3rio e classificat\u00f3rio;<\/li><li><strong>Prova de Reda\u00e7\u00e3o<\/strong> de car\u00e1ter eliminat\u00f3rio e classificat\u00f3rio para os cargos de Assistente Administrativo, Assistente Social, Contador, Farmac\u00eautico, Fisioterapeuta, Fonoaudi\u00f3logo, M\u00e9dico Veterin\u00e1rio, Nutricionista, Professor, Psic\u00f3logo e Secret\u00e1rio Executivo;<\/li><li><strong>Teste Pr\u00e1tico<\/strong> de car\u00e1ter eliminat\u00f3rio e classificat\u00f3rio, para os cargos de Mec\u00e2nico, Mec\u00e2nico Eletricista, Motorista e Operador de M\u00e1quinas;<\/li><li><strong>Avalia\u00e7\u00e3o de T\u00edtulos<\/strong> de car\u00e1ter classificat\u00f3rio, para os cargos de n\u00edvel superior do edital 01;<\/li><li><strong>Per\u00edcias M\u00e9dicas e Procedimentos Admissionais<\/strong> para todos os cargos, de car\u00e1ter eliminat\u00f3rio.<\/li><\/ol>\n\n\n\n<h3 class=\"wp-block-heading\" id=\"objetiva\">Prova Objetiva<\/h3>\n\n\n\n<p>As quest\u00f5es da prova objetiva ser\u00e3o de m\u00faltipla escolha, com 04 alternativas (a, b, c, d) e apenas uma alternativa correta. <\/p>\n\n\n\n<p>As provas objetivas ser\u00e3o avaliadas na escala de 0 a 100 pontos, devendo o candidato, para ser considerado aprovado, obter, no m\u00ednimo, 50% do total de pontos previstos.<\/p>\n\n\n\n<ul class=\"wp-block-list\"><li><strong>N\u00edvel fundamental:<\/strong><ul><li><em>L\u00edngua Portuguesa &#8211; 5 quest\u00f5es (peso 3,00)<\/em><\/li><li><em>Matem\u00e1tica &#8211; 5 quest\u00f5es (peso 3,00)<\/em><\/li><li><em>Conhecimentos Gerais &#8211; 10 quest\u00f5es (peso 3,00)<\/em><\/li><li><em>Conhecimentos Espec\u00edficos &#8211; 10 quest\u00f5es (peso 4,00)<\/em><\/li><\/ul><\/li><\/ul>\n\n\n\n<ul class=\"wp-block-list\"><li><strong>N\u00edvel m\u00e9dio e superior:<\/strong><ul><li><em>L\u00edngua Portuguesa &#8211; 5 quest\u00f5es (peso 3,00)<\/em><\/li><li><em>Matem\u00e1tica &#8211; 5 quest\u00f5es (peso 2,50)<\/em><\/li><li><em>Conhecimentos Gerais &#8211; 5 quest\u00f5es (peso 2,50)<\/em><\/li><li><em>Conhecimentos Espec\u00edficos &#8211; 15 quest\u00f5es (peso 4,00)<\/em><\/li><\/ul><\/li><\/ul>\n\n\n\n<h3 class=\"wp-block-heading\" id=\"redacao\">Prova de Reda\u00e7\u00e3o<\/h3>\n\n\n\n<p>A prova de reda\u00e7\u00e3o ser\u00e1 aplicada na mesma data e hor\u00e1rio da prova objetiva. Esta etapa ser\u00e1 realizada simultaneamente para todos os candidatos aos cargos, os quais ter\u00e3o o tempo m\u00e1ximo de 4 horas para realizar a prova objetiva e prova discursiva conjuntamente.<\/p>\n\n\n\n<p>Esta etapa ser\u00e1 constitu\u00edda de 01 reda\u00e7\u00e3o discursiva, de no m\u00ednimo 15 linhas e no m\u00e1ximo 25 linhas, abordando um tema da atualidade, na qual ser\u00e1 avaliada a capacidade de express\u00e3o e argumenta\u00e7\u00e3o, bem como conhecimentos da L\u00edngua Portuguesa e respeito \u00e0 norma culta. <\/p>\n\n\n\n<h3 class=\"wp-block-heading\" id=\"pratica\">Prova Pr\u00e1tica<\/h3>\n\n\n\n<p>Somente ser\u00e1 convocado para participar desta fase do certame o candidato que for aprovado na prova objetiva e classificar-se at\u00e9 o limite disposto na tabela abaixo, al\u00e9m de n\u00e3o ser eliminado por outros crit\u00e9rios estabelecidos neste Edital:<\/p>\n\n\n\n<figure class=\"wp-block-table is-style-stripes\"><table class=\"has-background has-fixed-layout\" style=\"background-color:#e7f5fe\"><thead><tr><th class=\"has-text-align-center\" data-align=\"center\">CARGO<\/th><th class=\"has-text-align-center\" data-align=\"center\">AC<\/th><th class=\"has-text-align-center\" data-align=\"center\">PCD<\/th><th class=\"has-text-align-center\" data-align=\"center\">TOTAL<\/th><\/tr><\/thead><tbody><tr><td class=\"has-text-align-center\" data-align=\"center\">Mec\u00e2nico<\/td><td class=\"has-text-align-center\" data-align=\"center\">17<\/td><td class=\"has-text-align-center\" data-align=\"center\">03<\/td><td class=\"has-text-align-center\" data-align=\"center\">20\u00aa<\/td><\/tr><tr><td class=\"has-text-align-center\" data-align=\"center\">Mec\u00e2nico Eletricista<\/td><td class=\"has-text-align-center\" data-align=\"center\">17<\/td><td class=\"has-text-align-center\" data-align=\"center\">03<\/td><td class=\"has-text-align-center\" data-align=\"center\">20\u00aa<\/td><\/tr><tr><td class=\"has-text-align-center\" data-align=\"center\">Motorista<\/td><td class=\"has-text-align-center\" data-align=\"center\">34<\/td><td class=\"has-text-align-center\" data-align=\"center\">06<\/td><td class=\"has-text-align-center\" data-align=\"center\">40\u00aa<\/td><\/tr><tr><td class=\"has-text-align-center\" data-align=\"center\">Operador de M\u00e1quinas<\/td><td class=\"has-text-align-center\" data-align=\"center\">17<\/td><td class=\"has-text-align-center\" data-align=\"center\">03<\/td><td class=\"has-text-align-center\" data-align=\"center\">20\u00aa<\/td><\/tr><\/tbody><\/table><\/figure>\n\n\n\n<h3 class=\"wp-block-heading\" id=\"titulos\">Prova de T\u00edtulos<\/h3>\n\n\n\n<p>A prova de t\u00edtulos ter\u00e1 car\u00e1ter classificat\u00f3rio e ser\u00e1 avaliada por Banca Examinadora da FAUEL, por interm\u00e9dio da an\u00e1lise e pontua\u00e7\u00e3o dos t\u00edtulos apresentados pelos candidatos. Ser\u00e3o considerados como t\u00edtulos h\u00e1beis \u00e0 pontua\u00e7\u00e3o somente os especificados no quadro a seguir:<\/p>\n\n\n\n<figure class=\"wp-block-table is-style-stripes\"><table class=\"has-background has-fixed-layout\" style=\"background-color:#e7f5fe\"><thead><tr><th class=\"has-text-align-center\" data-align=\"center\">T\u00edtulo<\/th><th class=\"has-text-align-center\" data-align=\"center\">Pontua\u00e7\u00e3o Individual<\/th><th class=\"has-text-align-center\" data-align=\"center\">M\u00e1ximo de Pontos<\/th><\/tr><\/thead><tbody><tr><td class=\"has-text-align-center\" data-align=\"center\">Doutorado<\/td><td class=\"has-text-align-center\" data-align=\"center\">4,00 pontos<\/td><td class=\"has-text-align-center\" data-align=\"center\">4,00 pontos<\/td><\/tr><tr><td class=\"has-text-align-center\" data-align=\"center\">Mestrado<\/td><td class=\"has-text-align-center\" data-align=\"center\">3,00 pontos<\/td><td class=\"has-text-align-center\" data-align=\"center\">3,00 pontos<\/td><\/tr><tr><td class=\"has-text-align-center\" data-align=\"center\">Especializa\u00e7\u00e3o\/P\u00f3s-Gradua\u00e7\u00e3o<\/td><td class=\"has-text-align-center\" data-align=\"center\">1,00 ponto<\/td><td class=\"has-text-align-center\" data-align=\"center\">3,00 pontos<\/td><\/tr><tr><td class=\"has-text-align-center\" data-align=\"center\"><strong>TOTAL<\/strong><\/td><td class=\"has-text-align-center\" data-align=\"center\">&#8211;<\/td><td class=\"has-text-align-center\" data-align=\"center\"><strong>10,00<\/strong><\/td><\/tr><\/tbody><\/table><\/figure>\n\n\n\n<hr class=\"wp-block-separator\"\/>\n\n\n\n<h2 class=\"has-text-align-center wp-block-heading\" id=\"cursos-assinatura\">Quer estudar para o concurso Prefeitura de Rio Azul?<\/h2>\n\n\n\n<div class=\"container\" id=\"boxes\">\n  <div class=\"row\">\n\n    <div class=\"col-sm\">\n      <div class=\"banner-estrategia\" id=\"box-assinatura\">\n        <h3 class=\"titulo-assinatura\">Prefeitura de Rio Azul<\/h3>\n        <p class=\"subtitulo-assinatura\">Conhe\u00e7a nossos cursos<\/p>\n        <div class=\"box-botao\">\n          <a class=\"btn-assinatura\" target=\"_blank\" href=\"https:\/\/www.estrategiaconcursos.com.br\/cursos\/\" role=\"button\" rel=\"noopener noreferrer\">Conhe\u00e7a mais<\/a>\n        <\/div>\n      <\/div>\n      \n    <\/div>\n\n  <\/div>\n<\/div>\n\n\n\n<div class=\"container\" id=\"boxes\">\n  <div class=\"row\">\n\n    <div class=\"col-sm\">\n      <div class=\"estrategia\" id=\"box-assinatura\">\n        <h3 class=\"titulo-assinatura\"> Concursos P\u00fablicos\n        <p class=\"subtitulo-assinatura\">Assinatura de 1 ano ou 2 anos<\/p>\n        <div class=\"box-botao\">\n          <a class=\"btn-assinatura\" target=\"_blank\" href=\"https:\/\/www.estrategiaconcursos.com.br\/assinaturas\/\" role=\"button\" rel=\"noopener noreferrer\">ASSINE AGORA<\/a>\n        <\/div>\n      <\/h3><\/div><\/div><\/div><\/div>\n\n\n\n<div class=\"container\" id=\"boxes\">\n  <div class=\"row\">\n\n    <div class=\"col-sm\" id=\"boxes-concursos\">\n      <div style=\"background-color: #005DAD;\" class=\"conteudo-concursos\" id=\"box-concursos\">\n        <h3 class=\"titulo-assinatura\">Concursos Abertos<\/h3>\n        <p class=\"subtitulo-assinatura\">Confira os editais publicados<\/p>\n        <div class=\"box-botao\">\n          <a class=\"btn-assinatura\" target=\"_blank\" href=\"https:\/\/www.estrategiaconcursos.com.br\/blog\/concursos-abertos\/\" role=\"button\" rel=\"noopener noreferrer\">Conhe\u00e7a Agora<\/a>\n        <\/div>\n      <\/div>\n    <\/div>\n\n    <div class=\"col-sm\" id=\"boxes-concursos\">\n      <div style=\"background-color: #1A7ED5;\" class=\"conteudo-concursos\" id=\"box-concursos\">\n        <h3 class=\"titulo-assinatura\">Concursos 2021<\/h3>\n        <p class=\"subtitulo-assinatura\">As oportunidades previstas<\/p>\n        <div class=\"box-botao\">\n          <a class=\"btn-assinatura\" target=\"_blank\" href=\"https:\/\/www.estrategiaconcursos.com.br\/blog\/concursos-2021\/\" role=\"button\" rel=\"noopener noreferrer\">Conhe\u00e7a Agora<\/a>\n        <\/div>\n      <\/div>\n    <\/div>\n\n    <div class=\"col-sm\" id=\"boxes-concursos\">\n      <div style=\"background-color: #419FF0;\" class=\"conteudo-concursos\" id=\"box-concursos\">\n        <h3 class=\"titulo-assinatura\">Concursos 2022<\/h3>\n        <p class=\"subtitulo-assinatura\">Vagas para o pr\u00f3ximo ano<\/p>\n        <div class=\"box-botao\">\n          <a class=\"btn-assinatura\" target=\"_blank\" href=\"https:\/\/www.estrategiaconcursos.com.br\/blog\/concursos-2022\/\" role=\"button\" rel=\"noopener noreferrer\">Conhe\u00e7a Agora<\/a>\n        <\/div>\n      <\/div>\n    <\/div>\n\n  <\/div>\n<\/div>\n\n\n\n<figure class=\"wp-block-image size-large is-resized\"><img loading=\"lazy\" decoding=\"async\" src=\"https:\/\/dhg1h5j42swfq.cloudfront.net\/2021\/07\/05112101\/ficha-tecnica-1024x632.png\" alt=\"\" class=\"wp-image-786986\" width=\"206\" height=\"127\" srcset=\"https:\/\/dhg1h5j42swfq.cloudfront.net\/2021\/07\/05112101\/ficha-tecnica-1024x632.png 1024w, https:\/\/dhg1h5j42swfq.cloudfront.net\/2021\/07\/05112101\/ficha-tecnica-300x185.png 300w, https:\/\/dhg1h5j42swfq.cloudfront.net\/2021\/07\/05112101\/ficha-tecnica-768x474.png 768w, https:\/\/dhg1h5j42swfq.cloudfront.net\/2021\/07\/05112101\/ficha-tecnica-1536x948.png 1536w, https:\/\/dhg1h5j42swfq.cloudfront.net\/2021\/07\/05112101\/ficha-tecnica-610x377.png 610w, https:\/\/dhg1h5j42swfq.cloudfront.net\/2021\/07\/05112101\/ficha-tecnica.png 1571w\" sizes=\"auto, (max-width: 206px) 100vw, 206px\" \/><\/figure>\n\n\n\n<h3 class=\"wp-block-heading\" id=\"ficha\"><strong>Informa\u00e7\u00f5es do c<\/strong>oncurso Prefeitura de Rio Azul-PR<\/h3>\n\n\n\n<ul class=\"wp-block-list\"><li><strong>Provas<\/strong>: 17\/10\/2021<\/li><li><strong>Vagas<\/strong>: 18 + CR<\/li><li><strong>Cargos<\/strong>: V\u00e1rios<\/li><li><strong>Banca<\/strong>: FAUEL<\/li><li><strong>Escolaridade<\/strong>: N\u00edveis fundamental, m\u00e9dio e superior<\/li><li><strong>Edital<\/strong>:&nbsp;<a href=\"https:\/\/dhg1h5j42swfq.cloudfront.net\/2020\/05\/11105359\/Edital-Rio-Azul.1.pdf\" target=\"_blank\" rel=\"noreferrer noopener nofollow\">Edital.1 &#8211; Rio Azul<\/a> | <a href=\"https:\/\/dhg1h5j42swfq.cloudfront.net\/2020\/05\/11105406\/Edital-Rio-Azul.2.pdf\" target=\"_blank\" rel=\"noreferrer noopener nofollow\">Edital.2 &#8211; Rio Azul<\/a><\/li><\/ul>\n","protected":false},"excerpt":{"rendered":"<p>Suspenso durante um longo per\u00edodo por conta da pandemia de Covid-19, o concurso p\u00fablico da Prefeitura de Rio Azul, localizada no estado do Paran\u00e1, foi retomado. Contudo, o cronograma foi modificado e provas foram adiadas. Agora, de acordo com os comunicados divulgados, aplica\u00e7\u00e3o das avalia\u00e7\u00f5es acontecer\u00e1 no dia 17 de outubro de 2021. Abaixo, confira [&hellip;]<\/p>\n","protected":false},"author":1,"featured_media":851662,"comment_status":"open","ping_status":"closed","sticky":false,"template":"","format":"standard","meta":{"post_tipo":"news_page","footnotes":""},"categories":[214992],"tags":[],"tax_estado":[219981],"class_list":["post-513244","post","type-post","status-publish","format-standard","has-post-thumbnail","hentry","category-concursos-administrativos","tax_estado-pr"],"acf":[],"yoast_head":"<!-- This site is optimized with the Yoast SEO Premium plugin v27.2 (Yoast SEO v27.2) - https:\/\/yoast.com\/product\/yoast-seo-premium-wordpress\/ -->\n<title>Concurso Prefeitura de Rio Azul: provas adiadas!<\/title>\n<meta name=\"description\" content=\"Concurso Prefeitura de Rio Azul PR: com inscri\u00e7\u00f5es encerradas, certame \u00e9 retomado! Provas ser\u00e3o aplicadas em outubro. Saiba mais.\" \/>\n<meta name=\"robots\" content=\"index, follow, max-snippet:-1, max-image-preview:large, max-video-preview:-1\" \/>\n<link rel=\"canonical\" href=\"https:\/\/www.estrategiaconcursos.com.br\/blog\/concurso-prefeitura-rio-azul\/\" \/>\n<meta property=\"og:locale\" content=\"pt_BR\" \/>\n<meta property=\"og:type\" content=\"article\" \/>\n<meta property=\"og:title\" content=\"Concurso Prefeitura de Rio Azul: provas adiadas!\" \/>\n<meta property=\"og:description\" content=\"Concurso Prefeitura de Rio Azul PR: com inscri\u00e7\u00f5es encerradas, certame \u00e9 retomado! Provas ser\u00e3o aplicadas em outubro. Saiba mais.\" \/>\n<meta property=\"og:url\" content=\"https:\/\/www.estrategiaconcursos.com.br\/blog\/concurso-prefeitura-rio-azul\/\" \/>\n<meta property=\"og:site_name\" content=\"Estrat\u00e9gia Concursos\" \/>\n<meta property=\"article:author\" content=\"https:\/\/www.facebook.com\/EstrategiaConcursos\" \/>\n<meta property=\"article:published_time\" content=\"2021-09-29T13:00:00+00:00\" \/>\n<meta property=\"article:modified_time\" content=\"2024-01-11T20:02:39+00:00\" \/>\n<meta property=\"og:image\" content=\"https:\/\/dhg1h5j42swfq.cloudfront.net\/2021\/08\/01180959\/prefeitura-de-rio-azul.jpg\" \/>\n\t<meta property=\"og:image:width\" content=\"764\" \/>\n\t<meta property=\"og:image:height\" content=\"425\" \/>\n\t<meta property=\"og:image:type\" content=\"image\/jpeg\" \/>\n<meta name=\"author\" content=\"Coordena\u00e7\u00e3o\" \/>\n<meta name=\"twitter:card\" content=\"summary_large_image\" \/>\n<meta name=\"twitter:creator\" content=\"@EstratConcursos\" \/>\n<meta name=\"twitter:site\" content=\"@EstratConcursos\" \/>\n<meta name=\"twitter:label1\" content=\"Escrito por\" \/>\n\t<meta name=\"twitter:data1\" content=\"Coordena\u00e7\u00e3o\" \/>\n\t<meta name=\"twitter:label2\" content=\"Est. tempo de leitura\" \/>\n\t<meta name=\"twitter:data2\" content=\"6 minutos\" \/>\n<script type=\"application\/ld+json\" class=\"yoast-schema-graph\">{\"@context\":\"https:\/\/schema.org\",\"@graph\":[{\"@type\":\"NewsArticle\",\"@id\":\"https:\/\/www.estrategiaconcursos.com.br\/blog\/concurso-prefeitura-rio-azul\/#article\",\"isPartOf\":{\"@id\":\"https:\/\/www.estrategiaconcursos.com.br\/blog\/concurso-prefeitura-rio-azul\/\"},\"author\":{\"name\":\"Coordena\u00e7\u00e3o\",\"@id\":\"https:\/\/www.estrategiaconcursos.com.br\/blog\/#\/schema\/person\/b4a388c97673c5f483d72185668afa1f\"},\"headline\":\"Concurso Prefeitura de Rio Azul: provas adiadas!\",\"datePublished\":\"2021-09-29T13:00:00+00:00\",\"dateModified\":\"2024-01-11T20:02:39+00:00\",\"mainEntityOfPage\":{\"@id\":\"https:\/\/www.estrategiaconcursos.com.br\/blog\/concurso-prefeitura-rio-azul\/\"},\"wordCount\":1192,\"commentCount\":0,\"publisher\":{\"@id\":\"https:\/\/www.estrategiaconcursos.com.br\/blog\/#organization\"},\"image\":{\"@id\":\"https:\/\/www.estrategiaconcursos.com.br\/blog\/concurso-prefeitura-rio-azul\/#primaryimage\"},\"thumbnailUrl\":\"https:\/\/dhg1h5j42swfq.cloudfront.net\/2021\/08\/01180959\/prefeitura-de-rio-azul.jpg\",\"articleSection\":[\"Executivo (Administrativa)\"],\"inLanguage\":\"pt-BR\",\"potentialAction\":[{\"@type\":\"CommentAction\",\"name\":\"Comment\",\"target\":[\"https:\/\/www.estrategiaconcursos.com.br\/blog\/concurso-prefeitura-rio-azul\/#respond\"]}],\"copyrightYear\":\"2021\",\"copyrightHolder\":{\"@id\":\"https:\/\/www.estrategiaconcursos.com.br\/blog\/#organization\"}},{\"@type\":\"WebPage\",\"@id\":\"https:\/\/www.estrategiaconcursos.com.br\/blog\/concurso-prefeitura-rio-azul\/\",\"url\":\"https:\/\/www.estrategiaconcursos.com.br\/blog\/concurso-prefeitura-rio-azul\/\",\"name\":\"Concurso Prefeitura de Rio Azul: provas adiadas!\",\"isPartOf\":{\"@id\":\"https:\/\/www.estrategiaconcursos.com.br\/blog\/#website\"},\"primaryImageOfPage\":{\"@id\":\"https:\/\/www.estrategiaconcursos.com.br\/blog\/concurso-prefeitura-rio-azul\/#primaryimage\"},\"image\":{\"@id\":\"https:\/\/www.estrategiaconcursos.com.br\/blog\/concurso-prefeitura-rio-azul\/#primaryimage\"},\"thumbnailUrl\":\"https:\/\/dhg1h5j42swfq.cloudfront.net\/2021\/08\/01180959\/prefeitura-de-rio-azul.jpg\",\"datePublished\":\"2021-09-29T13:00:00+00:00\",\"dateModified\":\"2024-01-11T20:02:39+00:00\",\"description\":\"Concurso Prefeitura de Rio Azul PR: com inscri\u00e7\u00f5es encerradas, certame \u00e9 retomado! Provas ser\u00e3o aplicadas em outubro. Saiba mais.\",\"breadcrumb\":{\"@id\":\"https:\/\/www.estrategiaconcursos.com.br\/blog\/concurso-prefeitura-rio-azul\/#breadcrumb\"},\"inLanguage\":\"pt-BR\",\"potentialAction\":[{\"@type\":\"ReadAction\",\"target\":[\"https:\/\/www.estrategiaconcursos.com.br\/blog\/concurso-prefeitura-rio-azul\/\"]}]},{\"@type\":\"ImageObject\",\"inLanguage\":\"pt-BR\",\"@id\":\"https:\/\/www.estrategiaconcursos.com.br\/blog\/concurso-prefeitura-rio-azul\/#primaryimage\",\"url\":\"https:\/\/dhg1h5j42swfq.cloudfront.net\/2021\/08\/01180959\/prefeitura-de-rio-azul.jpg\",\"contentUrl\":\"https:\/\/dhg1h5j42swfq.cloudfront.net\/2021\/08\/01180959\/prefeitura-de-rio-azul.jpg\",\"width\":764,\"height\":425,\"caption\":\"concurso prefeitura de rio azul\"},{\"@type\":\"BreadcrumbList\",\"@id\":\"https:\/\/www.estrategiaconcursos.com.br\/blog\/concurso-prefeitura-rio-azul\/#breadcrumb\",\"itemListElement\":[{\"@type\":\"ListItem\",\"position\":1,\"name\":\"In\u00edcio\",\"item\":\"https:\/\/www.estrategiaconcursos.com.br\/blog\/\"},{\"@type\":\"ListItem\",\"position\":2,\"name\":\"Concurso Prefeitura de Rio Azul: provas adiadas!\"}]},{\"@type\":\"WebSite\",\"@id\":\"https:\/\/www.estrategiaconcursos.com.br\/blog\/#website\",\"url\":\"https:\/\/www.estrategiaconcursos.com.br\/blog\/\",\"name\":\"Estrat\u00e9gia Concursos\",\"description\":\"O blog da Estrat\u00e9gia Concursos traz not\u00edcias sobre concursos e artigos de professores oferecendo cursos para concursos (pdf + videaulas) no site.\",\"publisher\":{\"@id\":\"https:\/\/www.estrategiaconcursos.com.br\/blog\/#organization\"},\"potentialAction\":[{\"@type\":\"SearchAction\",\"target\":{\"@type\":\"EntryPoint\",\"urlTemplate\":\"https:\/\/www.estrategiaconcursos.com.br\/blog\/?s={search_term_string}\"},\"query-input\":{\"@type\":\"PropertyValueSpecification\",\"valueRequired\":true,\"valueName\":\"search_term_string\"}}],\"inLanguage\":\"pt-BR\"},{\"@type\":\"Organization\",\"@id\":\"https:\/\/www.estrategiaconcursos.com.br\/blog\/#organization\",\"name\":\"Estrat\u00e9gia Concursos\",\"url\":\"https:\/\/www.estrategiaconcursos.com.br\/blog\/\",\"logo\":{\"@type\":\"ImageObject\",\"inLanguage\":\"pt-BR\",\"@id\":\"https:\/\/www.estrategiaconcursos.com.br\/blog\/#\/schema\/logo\/image\/\",\"url\":\"https:\/\/dhg1h5j42swfq.cloudfront.net\/2025\/06\/03203428\/logo_concursos-1.jpg\",\"contentUrl\":\"https:\/\/dhg1h5j42swfq.cloudfront.net\/2025\/06\/03203428\/logo_concursos-1.jpg\",\"width\":230,\"height\":60,\"caption\":\"Estrat\u00e9gia Concursos\"},\"image\":{\"@id\":\"https:\/\/www.estrategiaconcursos.com.br\/blog\/#\/schema\/logo\/image\/\"},\"sameAs\":[\"https:\/\/x.com\/EstratConcursos\"]},{\"@type\":\"Person\",\"@id\":\"https:\/\/www.estrategiaconcursos.com.br\/blog\/#\/schema\/person\/b4a388c97673c5f483d72185668afa1f\",\"name\":\"Coordena\u00e7\u00e3o\",\"image\":{\"@type\":\"ImageObject\",\"inLanguage\":\"pt-BR\",\"@id\":\"https:\/\/secure.gravatar.com\/avatar\/b720319e4c9a967eb58678d110f4fe35452fc5d5f97b202bac7b8acceb18c6ad?s=96&d=mm&r=g\",\"url\":\"https:\/\/secure.gravatar.com\/avatar\/b720319e4c9a967eb58678d110f4fe35452fc5d5f97b202bac7b8acceb18c6ad?s=96&d=mm&r=g\",\"contentUrl\":\"https:\/\/secure.gravatar.com\/avatar\/b720319e4c9a967eb58678d110f4fe35452fc5d5f97b202bac7b8acceb18c6ad?s=96&d=mm&r=g\",\"caption\":\"Coordena\u00e7\u00e3o\"},\"sameAs\":[\"https:\/\/www.facebook.com\/EstrategiaConcursos\",\"https:\/\/x.com\/EstratConcursos\"],\"url\":\"https:\/\/www.estrategiaconcursos.com.br\/blog\/author\/estrategia2013\/\"}]}<\/script>\n<!-- \/ Yoast SEO Premium plugin. -->","yoast_head_json":{"title":"Concurso Prefeitura de Rio Azul: provas adiadas!","description":"Concurso Prefeitura de Rio Azul PR: com inscri\u00e7\u00f5es encerradas, certame \u00e9 retomado! Provas ser\u00e3o aplicadas em outubro. Saiba mais.","robots":{"index":"index","follow":"follow","max-snippet":"max-snippet:-1","max-image-preview":"max-image-preview:large","max-video-preview":"max-video-preview:-1"},"canonical":"https:\/\/www.estrategiaconcursos.com.br\/blog\/concurso-prefeitura-rio-azul\/","og_locale":"pt_BR","og_type":"article","og_title":"Concurso Prefeitura de Rio Azul: provas adiadas!","og_description":"Concurso Prefeitura de Rio Azul PR: com inscri\u00e7\u00f5es encerradas, certame \u00e9 retomado! Provas ser\u00e3o aplicadas em outubro. Saiba mais.","og_url":"https:\/\/www.estrategiaconcursos.com.br\/blog\/concurso-prefeitura-rio-azul\/","og_site_name":"Estrat\u00e9gia Concursos","article_author":"https:\/\/www.facebook.com\/EstrategiaConcursos","article_published_time":"2021-09-29T13:00:00+00:00","article_modified_time":"2024-01-11T20:02:39+00:00","og_image":[{"width":764,"height":425,"url":"https:\/\/dhg1h5j42swfq.cloudfront.net\/2021\/08\/01180959\/prefeitura-de-rio-azul.jpg","type":"image\/jpeg"}],"author":"Coordena\u00e7\u00e3o","twitter_card":"summary_large_image","twitter_creator":"@EstratConcursos","twitter_site":"@EstratConcursos","twitter_misc":{"Escrito por":"Coordena\u00e7\u00e3o","Est. tempo de leitura":"6 minutos"},"schema":{"@context":"https:\/\/schema.org","@graph":[{"@type":"NewsArticle","@id":"https:\/\/www.estrategiaconcursos.com.br\/blog\/concurso-prefeitura-rio-azul\/#article","isPartOf":{"@id":"https:\/\/www.estrategiaconcursos.com.br\/blog\/concurso-prefeitura-rio-azul\/"},"author":{"name":"Coordena\u00e7\u00e3o","@id":"https:\/\/www.estrategiaconcursos.com.br\/blog\/#\/schema\/person\/b4a388c97673c5f483d72185668afa1f"},"headline":"Concurso Prefeitura de Rio Azul: provas adiadas!","datePublished":"2021-09-29T13:00:00+00:00","dateModified":"2024-01-11T20:02:39+00:00","mainEntityOfPage":{"@id":"https:\/\/www.estrategiaconcursos.com.br\/blog\/concurso-prefeitura-rio-azul\/"},"wordCount":1192,"commentCount":0,"publisher":{"@id":"https:\/\/www.estrategiaconcursos.com.br\/blog\/#organization"},"image":{"@id":"https:\/\/www.estrategiaconcursos.com.br\/blog\/concurso-prefeitura-rio-azul\/#primaryimage"},"thumbnailUrl":"https:\/\/dhg1h5j42swfq.cloudfront.net\/2021\/08\/01180959\/prefeitura-de-rio-azul.jpg","articleSection":["Executivo (Administrativa)"],"inLanguage":"pt-BR","potentialAction":[{"@type":"CommentAction","name":"Comment","target":["https:\/\/www.estrategiaconcursos.com.br\/blog\/concurso-prefeitura-rio-azul\/#respond"]}],"copyrightYear":"2021","copyrightHolder":{"@id":"https:\/\/www.estrategiaconcursos.com.br\/blog\/#organization"}},{"@type":"WebPage","@id":"https:\/\/www.estrategiaconcursos.com.br\/blog\/concurso-prefeitura-rio-azul\/","url":"https:\/\/www.estrategiaconcursos.com.br\/blog\/concurso-prefeitura-rio-azul\/","name":"Concurso Prefeitura de Rio Azul: provas adiadas!","isPartOf":{"@id":"https:\/\/www.estrategiaconcursos.com.br\/blog\/#website"},"primaryImageOfPage":{"@id":"https:\/\/www.estrategiaconcursos.com.br\/blog\/concurso-prefeitura-rio-azul\/#primaryimage"},"image":{"@id":"https:\/\/www.estrategiaconcursos.com.br\/blog\/concurso-prefeitura-rio-azul\/#primaryimage"},"thumbnailUrl":"https:\/\/dhg1h5j42swfq.cloudfront.net\/2021\/08\/01180959\/prefeitura-de-rio-azul.jpg","datePublished":"2021-09-29T13:00:00+00:00","dateModified":"2024-01-11T20:02:39+00:00","description":"Concurso Prefeitura de Rio Azul PR: com inscri\u00e7\u00f5es encerradas, certame \u00e9 retomado! Provas ser\u00e3o aplicadas em outubro. Saiba mais.","breadcrumb":{"@id":"https:\/\/www.estrategiaconcursos.com.br\/blog\/concurso-prefeitura-rio-azul\/#breadcrumb"},"inLanguage":"pt-BR","potentialAction":[{"@type":"ReadAction","target":["https:\/\/www.estrategiaconcursos.com.br\/blog\/concurso-prefeitura-rio-azul\/"]}]},{"@type":"ImageObject","inLanguage":"pt-BR","@id":"https:\/\/www.estrategiaconcursos.com.br\/blog\/concurso-prefeitura-rio-azul\/#primaryimage","url":"https:\/\/dhg1h5j42swfq.cloudfront.net\/2021\/08\/01180959\/prefeitura-de-rio-azul.jpg","contentUrl":"https:\/\/dhg1h5j42swfq.cloudfront.net\/2021\/08\/01180959\/prefeitura-de-rio-azul.jpg","width":764,"height":425,"caption":"concurso prefeitura de rio azul"},{"@type":"BreadcrumbList","@id":"https:\/\/www.estrategiaconcursos.com.br\/blog\/concurso-prefeitura-rio-azul\/#breadcrumb","itemListElement":[{"@type":"ListItem","position":1,"name":"In\u00edcio","item":"https:\/\/www.estrategiaconcursos.com.br\/blog\/"},{"@type":"ListItem","position":2,"name":"Concurso Prefeitura de Rio Azul: provas adiadas!"}]},{"@type":"WebSite","@id":"https:\/\/www.estrategiaconcursos.com.br\/blog\/#website","url":"https:\/\/www.estrategiaconcursos.com.br\/blog\/","name":"Estrat\u00e9gia Concursos","description":"O blog da Estrat\u00e9gia Concursos traz not\u00edcias sobre concursos e artigos de professores oferecendo cursos para concursos (pdf + videaulas) no site.","publisher":{"@id":"https:\/\/www.estrategiaconcursos.com.br\/blog\/#organization"},"potentialAction":[{"@type":"SearchAction","target":{"@type":"EntryPoint","urlTemplate":"https:\/\/www.estrategiaconcursos.com.br\/blog\/?s={search_term_string}"},"query-input":{"@type":"PropertyValueSpecification","valueRequired":true,"valueName":"search_term_string"}}],"inLanguage":"pt-BR"},{"@type":"Organization","@id":"https:\/\/www.estrategiaconcursos.com.br\/blog\/#organization","name":"Estrat\u00e9gia Concursos","url":"https:\/\/www.estrategiaconcursos.com.br\/blog\/","logo":{"@type":"ImageObject","inLanguage":"pt-BR","@id":"https:\/\/www.estrategiaconcursos.com.br\/blog\/#\/schema\/logo\/image\/","url":"https:\/\/dhg1h5j42swfq.cloudfront.net\/2025\/06\/03203428\/logo_concursos-1.jpg","contentUrl":"https:\/\/dhg1h5j42swfq.cloudfront.net\/2025\/06\/03203428\/logo_concursos-1.jpg","width":230,"height":60,"caption":"Estrat\u00e9gia Concursos"},"image":{"@id":"https:\/\/www.estrategiaconcursos.com.br\/blog\/#\/schema\/logo\/image\/"},"sameAs":["https:\/\/x.com\/EstratConcursos"]},{"@type":"Person","@id":"https:\/\/www.estrategiaconcursos.com.br\/blog\/#\/schema\/person\/b4a388c97673c5f483d72185668afa1f","name":"Coordena\u00e7\u00e3o","image":{"@type":"ImageObject","inLanguage":"pt-BR","@id":"https:\/\/secure.gravatar.com\/avatar\/b720319e4c9a967eb58678d110f4fe35452fc5d5f97b202bac7b8acceb18c6ad?s=96&d=mm&r=g","url":"https:\/\/secure.gravatar.com\/avatar\/b720319e4c9a967eb58678d110f4fe35452fc5d5f97b202bac7b8acceb18c6ad?s=96&d=mm&r=g","contentUrl":"https:\/\/secure.gravatar.com\/avatar\/b720319e4c9a967eb58678d110f4fe35452fc5d5f97b202bac7b8acceb18c6ad?s=96&d=mm&r=g","caption":"Coordena\u00e7\u00e3o"},"sameAs":["https:\/\/www.facebook.com\/EstrategiaConcursos","https:\/\/x.com\/EstratConcursos"],"url":"https:\/\/www.estrategiaconcursos.com.br\/blog\/author\/estrategia2013\/"}]}},"_links":{"self":[{"href":"https:\/\/www.estrategiaconcursos.com.br\/blog\/wp-json\/wp\/v2\/posts\/513244","targetHints":{"allow":["GET"]}}],"collection":[{"href":"https:\/\/www.estrategiaconcursos.com.br\/blog\/wp-json\/wp\/v2\/posts"}],"about":[{"href":"https:\/\/www.estrategiaconcursos.com.br\/blog\/wp-json\/wp\/v2\/types\/post"}],"author":[{"embeddable":true,"href":"https:\/\/www.estrategiaconcursos.com.br\/blog\/wp-json\/wp\/v2\/users\/1"}],"replies":[{"embeddable":true,"href":"https:\/\/www.estrategiaconcursos.com.br\/blog\/wp-json\/wp\/v2\/comments?post=513244"}],"version-history":[{"count":44,"href":"https:\/\/www.estrategiaconcursos.com.br\/blog\/wp-json\/wp\/v2\/posts\/513244\/revisions"}],"predecessor-version":[{"id":876046,"href":"https:\/\/www.estrategiaconcursos.com.br\/blog\/wp-json\/wp\/v2\/posts\/513244\/revisions\/876046"}],"wp:featuredmedia":[{"embeddable":true,"href":"https:\/\/www.estrategiaconcursos.com.br\/blog\/wp-json\/wp\/v2\/media\/851662"}],"wp:attachment":[{"href":"https:\/\/www.estrategiaconcursos.com.br\/blog\/wp-json\/wp\/v2\/media?parent=513244"}],"wp:term":[{"taxonomy":"category","embeddable":true,"href":"https:\/\/www.estrategiaconcursos.com.br\/blog\/wp-json\/wp\/v2\/categories?post=513244"},{"taxonomy":"post_tag","embeddable":true,"href":"https:\/\/www.estrategiaconcursos.com.br\/blog\/wp-json\/wp\/v2\/tags?post=513244"},{"taxonomy":"tax_estado","embeddable":true,"href":"https:\/\/www.estrategiaconcursos.com.br\/blog\/wp-json\/wp\/v2\/tax_estado?post=513244"}],"curies":[{"name":"wp","href":"https:\/\/api.w.org\/{rel}","templated":true}]}}