{"id":513242,"date":"2020-07-16T10:00:00","date_gmt":"2020-07-16T13:00:00","guid":{"rendered":"https:\/\/www.estrategiaconcursos.com.br\/blog\/?p=513242"},"modified":"2021-05-26T16:00:11","modified_gmt":"2021-05-26T19:00:11","slug":"edital-ministerio-da-justica-publicado","status":"publish","type":"post","link":"https:\/\/www.estrategiaconcursos.com.br\/blog\/edital-ministerio-da-justica-publicado\/","title":{"rendered":"Edital Minist\u00e9rio da Justi\u00e7a: provas s\u00e3o adidas para setembro"},"content":{"rendered":"\n<p>As provas do Processo Seletivo Simplificado do Minist\u00e9rio da Justi\u00e7a foram adiadas. Prevista inicialmente pra 02 de agosto, a etapa precisou ser remarcada para <strong>13 de setembro<\/strong>.<\/p>\n\n\n\n<p>O certame oferta vagas tempor\u00e1rias para atividades inerentes ao Projeto SINESP Big Data e Intelig\u00eancia Artificial. Ao todo, s\u00e3o<strong> 35 vagas <\/strong>distribu\u00eddas entre os cargos de Analista de Governan\u00e7a, Cientista e Engenheiro de Dados.<\/p>\n\n\n\n<p>Do total de vagas, 10 ser\u00e3o destinados a Engenheiro de Dados (Big Data), 13 para Analista de Governan\u00e7a de Dados e 12 para Cientista de Dados. A remunera\u00e7\u00e3o, como prevista por lei, ser\u00e1 de&nbsp;<strong>R$ 8.300,00<\/strong>.<\/p>\n\n\n\n<p>Com<strong> inscri\u00e7\u00f5es encerradas<\/strong>, os interessados em participar do concurso puderam acessar o site da banca organizadora, o <strong>Instituto AOCP<\/strong>, e garantir sua candidatura at\u00e9 o dia 29 de junho. <\/p>\n\n\n\n<h2 class=\"wp-block-heading\">Principais datas:<\/h2>\n\n\n\n<p class=\"has-very-light-gray-background-color has-background\"><strong>Inscri\u00e7\u00f5es<\/strong>: <s>11\/05 a 29\/06\/2020<\/s><br \/><strong>Pagamento da taxa: <\/strong><s>at\u00e9 30\/06\/2020<\/s><br \/><strong>Prazo para solicitar a isen\u00e7\u00e3o da taxa<\/strong>: <s>11\/05 a 13\/05\/2020<\/s><br \/><strong>Provas<\/strong>: 13\/09\/2020<\/p>\n\n\n\n<h2 class=\"wp-block-heading\">Cargos e vagas do edital Minist\u00e9rio da Justi\u00e7a <\/h2>\n\n\n\n<p>Ao todo, o edital do Minist\u00e9rio da Justi\u00e7a oferta 35 vagas tempor\u00e1rias para cargos do Projeto SINESP Big Data e Intelig\u00eancia Artificial. Confira abaixo os respectivos cargos e vagas do certame:<\/p>\n\n\n\n<figure class=\"wp-block-table is-style-stripes\"><table class=\"has-subtle-pale-blue-background-color has-fixed-layout has-background\"><tbody><tr><td><strong>Fun\u00e7\u00e3o<\/strong><\/td><td><strong>Ampla Concorr\u00eancia <\/strong><\/td><td><strong>PCD<\/strong><\/td><td><strong>Negros<\/strong><\/td><\/tr><tr><td>Analista de<br \/>Governan\u00e7a de<br \/>Dados (Big Data)<\/td><td>09<\/td><td>01<\/td><td>03<\/td><\/tr><tr><td>Cienstista de<br \/>Dados (Big Data)<\/td><td>09<\/td><td>01<\/td><td>02<\/td><\/tr><tr><td>Engenheiro de<br \/>Dados (Big Data)<\/td><td>07<\/td><td>01<\/td><td>02<\/td><\/tr><\/tbody><\/table><\/figure>\n\n\n\n<h2 class=\"wp-block-heading\">Etapas do edital Minist\u00e9rio da Justi\u00e7a<\/h2>\n\n\n\n<p>O processo seletivo ser\u00e1 composto por duas etapas, sendo a primeira de Prova Objetiva e a segunda de Avalia\u00e7\u00e3o de T\u00edtulos. A objetiva ser\u00e1 aplicada no dia 13 de setembro de 2020, na cidade Bras\u00edlia\/DF. <\/p>\n\n\n\n<p>A Prova Objetiva ser\u00e1 composta de 60 quest\u00f5es em todas as fun\u00e7\u00f5es, distribu\u00eddas por \u00e1reas de conhecimento. Cada quest\u00e3o da Prova Objetiva ter\u00e1 cinco alternavas, sendo que cada quest\u00e3o ter\u00e1 apenas uma alternava.<\/p>\n\n\n\n<p>O candidato dever\u00e1 acertar no m\u00ednimo uma quest\u00e3o em cada \u00e1rea de conhecimento, e obter 40% ou mais do total de pontos previstos para Conhecimentos Espec\u00edficos de Inform\u00e1tica, e 30% ou mais do total de pontos previstos para o conjunto das demais \u00e1reas de conhecimento, para n\u00e3o ser eliminado.<\/p>\n\n\n\n<p><strong>Confira mais detalhes sobre a prova objetiva atrav\u00e9s do quadro abaixo:<\/strong><\/p>\n\n\n\n<div class=\"wp-block-image\"><figure class=\"aligncenter size-large is-resized\"><img loading=\"lazy\" decoding=\"async\" src=\"https:\/\/dhg1h5j42swfq.cloudfront.net\/2020\/05\/11105436\/image-111.png\" alt=\"\" class=\"wp-image-513263\" width=\"597\" height=\"390\" srcset=\"https:\/\/dhg1h5j42swfq.cloudfront.net\/2020\/05\/11105436\/image-111.png 788w, https:\/\/dhg1h5j42swfq.cloudfront.net\/2020\/05\/11105436\/image-111-300x196.png 300w, https:\/\/dhg1h5j42swfq.cloudfront.net\/2020\/05\/11105436\/image-111-768x502.png 768w, https:\/\/dhg1h5j42swfq.cloudfront.net\/2020\/05\/11105436\/image-111-610x399.png 610w\" sizes=\"auto, (max-width: 597px) 100vw, 597px\" \/><\/figure><\/div>\n\n\n\n<p>J\u00e1 a Prova de T\u00edtulos ser\u00e1 de car\u00e1ter classificat\u00f3rio, aplicada para todas as fun\u00e7\u00f5es. Somente poder\u00e1 participar desta fase do certame que for classificado na Prova Objetiva. <\/p>\n\n\n\n<div class=\"wp-block-image\"><figure class=\"aligncenter size-large\"><img loading=\"lazy\" decoding=\"async\" width=\"716\" height=\"285\" src=\"https:\/\/dhg1h5j42swfq.cloudfront.net\/2020\/05\/11105902\/image-112.png\" alt=\"\" class=\"wp-image-513271\" srcset=\"https:\/\/dhg1h5j42swfq.cloudfront.net\/2020\/05\/11105902\/image-112.png 716w, https:\/\/dhg1h5j42swfq.cloudfront.net\/2020\/05\/11105902\/image-112-300x119.png 300w, https:\/\/dhg1h5j42swfq.cloudfront.net\/2020\/05\/11105902\/image-112-610x243.png 610w\" sizes=\"auto, (max-width: 716px) 100vw, 716px\" \/><\/figure><\/div>\n\n\n\n<p class=\"has-text-align-center\"><em><strong>Quer saber mais detalhes sobre o edital do Minist\u00e9rio da Justi\u00e7a? Acesse o link abaixo e veja tudo na \u00edntegra!!<\/strong><\/em><\/p>\n\n\n\n<p class=\"has-text-align-center has-very-light-gray-background-color has-background\" style=\"font-size:clamp(14.642px, 0.915rem + ((1vw - 3.2px) * 0.721), 22px);px\"><strong>Saiba mais: <a rel=\"noreferrer noopener\" href=\"https:\/\/www.estrategiaconcursos.com.br\/blog\/concurso-ministerio-da-justica\/\" target=\"_blank\">Concurso Minist\u00e9rio da Justi\u00e7a<\/a><\/strong><\/p>\n\n\n\n<h2 class=\"has-text-align-center wp-block-heading\" id=\"assinatura-e-cursos\"><em><strong>Cursos e Assinatura Ilimitada<\/strong><\/em><\/h2>\n\n\n\n<p class=\"has-background has-text-align-center has-luminous-vivid-amber-background-color\" style=\"font-size:clamp(16.293px, 1.018rem + ((1vw - 3.2px) * 0.854), 25px);px\"><strong><a rel=\"noreferrer noopener\" href=\"https:\/\/www.estrategiaconcursos.com.br\/cursosPorConcurso\/iss-fortaleza\/\" target=\"_blank\"><strong><\/strong><\/a><\/strong><strong><a rel=\"noreferrer noopener\" href=\"https:\/\/www.estrategiaconcursos.com.br\/cursosPorConcurso\/promocao-pacotes-para-ministerio-da-justica-e-seguranca-publica-mjsp-r\/\" target=\"_blank\">Curso Minist\u00e9rio da Justi\u00e7a<\/a><\/strong><\/p>\n\n\n\n<p class=\"has-text-align-center\"><em><strong>Assinatura Anual Ilimitada*<\/strong><\/em><\/p>\n\n\n\n<p class=\"has-text-align-center\"><em>Prepare-se com o melhor material e com quem mais aprova em Concursos P\u00fablicos em todo o pa\u00eds. Assine agora a nossa Assinatura Anual e tenha acesso ilimitado a todos os nossos cursos.<\/em><\/p>\n\n\n\n<p class=\"has-text-align-center has-light-green-cyan-background-color has-background\" style=\"font-size:clamp(14.642px, 0.915rem + ((1vw - 3.2px) * 0.721), 22px);px\"><strong>ASSINE AGORA<\/strong>&nbsp;\u2013&nbsp;<a rel=\"noreferrer noopener\" href=\"https:\/\/www.estrategiaconcursos.com.br\/assinaturas\" target=\"_blank\"><strong>Assinatura Ilimitada<\/strong><\/a><\/p>\n\n\n\n<p class=\"has-text-align-center has-medium-font-size\"><strong><em><strong>Sistema de Quest\u00f5es<\/strong><\/em><\/strong><\/p>\n\n\n\n<p class=\"has-text-align-center\"><em>Estrat\u00e9gia Quest\u00f5es nasceu maior do que todos os concorrentes, com mais quest\u00f5es cadastradas e mais solu\u00e7\u00f5es por professores. Clique no link e aproveite os descontos e b\u00f4nus imperd\u00edveis!<\/em><\/p>\n\n\n\n<p class=\"has-text-align-center has-vivid-green-cyan-background-color has-background\" style=\"font-size:clamp(14.642px, 0.915rem + ((1vw - 3.2px) * 0.721), 22px);px\"><strong>ASSINE AGORA \u2013&nbsp;<a href=\"https:\/\/www.estrategiaconcursos.com.br\/cursosPorConcurso\/sistema-de-questoes\/#\/\" target=\"_blank\" rel=\"noreferrer noopener\">Sistema de Quest\u00f5es<\/a><\/strong><\/p>\n\n\n\n<p class=\"has-text-align-center has-medium-font-size\"><strong><em>Fique por dentro de todos os concursos<\/em><\/strong><\/p>\n\n\n\n<p class=\"has-text-align-center has-pale-cyan-blue-background-color has-background\" style=\"font-size:clamp(14.642px, 0.915rem + ((1vw - 3.2px) * 0.721), 22px);px\"><a rel=\"noreferrer noopener\" href=\"https:\/\/www.estrategiaconcursos.com.br\/blog\/concursos-abertos\/\" target=\"_blank\"><strong>CONCURSOS ABERTOS<\/strong><\/a><\/p>\n\n\n\n<p class=\"has-text-align-center has-pale-cyan-blue-background-color has-background\" style=\"font-size:clamp(14.642px, 0.915rem + ((1vw - 3.2px) * 0.721), 22px);px\"><a rel=\"noreferrer noopener\" href=\"https:\/\/www.estrategiaconcursos.com.br\/blog\/concursos-2020\/\" target=\"_blank\"><strong>CONCURSOS&nbsp;2020<\/strong><\/a><\/p>\n\n\n\n<p class=\"has-text-align-center has-pale-cyan-blue-background-color has-background\" style=\"font-size:clamp(14.642px, 0.915rem + ((1vw - 3.2px) * 0.721), 22px);px\"><a href=\"https:\/\/www.estrategiaconcursos.com.br\/blog\/concursos-2021\/\" target=\"_blank\" rel=\"noreferrer noopener\"><strong>CONCURSOS 2021<\/strong><\/a><\/p>\n\n\n\n<figure class=\"wp-block-image\"><img decoding=\"async\" src=\"https:\/\/dhg1h5j42swfq.cloudfront.net\/2017\/03\/28152500\/coruja-ficha-tecnica-300x102.png\" alt=\"Ficha t\u00e9cnica PSS Minist\u00e9rio da Justi\u00e7a\"\/><\/figure>\n\n\n\n<h4 class=\"wp-block-heading\"><strong>Informa\u00e7\u00f5es do edital Minist\u00e9rio da Justi\u00e7a<\/strong><\/h4>\n\n\n\n<p>\u25ba<strong>Data<\/strong>&nbsp;<strong>da prova:<\/strong>&nbsp;13\/09\/2020<br \/>\u25ba<strong>Vagas<\/strong>: 35<br \/>\u25ba<strong>Cargos<\/strong>: Analista de Governan\u00e7a de Dados, Cientista de Dados e Engenheiro de Dados<br \/>\u25ba<strong>Banca<\/strong>: Instituto AOCP<br \/>\u25ba<strong>Escolaridade<\/strong>: N\u00edvel superior<br \/>\u25ba<strong>Edital<\/strong>:&nbsp;<a rel=\"noreferrer noopener\" href=\"https:\/\/dhg1h5j42swfq.cloudfront.net\/2020\/05\/11100447\/ed_abertura_pss_mjsp_2020.pdf\" target=\"_blank\">Edital MDJ 2020<\/a> | <a rel=\"noreferrer noopener\" href=\"https:\/\/dhg1h5j42swfq.cloudfront.net\/2020\/05\/15121710\/retificacao_ed_mjsp.pdf\" target=\"_blank\">Retifica\u00e7\u00e3o<\/a> |<a rel=\"noreferrer noopener\" href=\"https:\/\/dhg1h5j42swfq.cloudfront.net\/2020\/07\/16102112\/2_termo_ret_mjsp-1.pdf\" target=\"_blank\">Cronograma retificado<\/a><\/p>\n\n\n\n<p><br \/><em>Ascom Estrat\u00e9gia<\/em><br \/>ascomestrategia@gmail.com<\/p>\n","protected":false},"excerpt":{"rendered":"<p>As provas do Processo Seletivo Simplificado do Minist\u00e9rio da Justi\u00e7a foram adiadas. Prevista inicialmente pra 02 de agosto, a etapa precisou ser remarcada para 13 de setembro. O certame oferta vagas tempor\u00e1rias para atividades inerentes ao Projeto SINESP Big Data e Intelig\u00eancia Artificial. Ao todo, s\u00e3o 35 vagas distribu\u00eddas entre os cargos de Analista de [&hellip;]<\/p>\n","protected":false},"author":1,"featured_media":444278,"comment_status":"open","ping_status":"closed","sticky":false,"template":"","format":"standard","meta":{"post_tipo":"news","footnotes":""},"categories":[214992],"tags":[],"tax_estado":[219963],"class_list":["post-513242","post","type-post","status-publish","format-standard","has-post-thumbnail","hentry","category-concursos-administrativos","tax_estado-concursos-federais"],"acf":[],"yoast_head":"<!-- This site is optimized with the Yoast SEO Premium plugin v27.2 (Yoast SEO v27.2) - https:\/\/yoast.com\/product\/yoast-seo-premium-wordpress\/ -->\n<title>Edital Minist\u00e9rio da Justi\u00e7a: provas s\u00e3o adidas para setembro<\/title>\n<meta name=\"description\" content=\"Edital Minist\u00e9rio da Justi\u00e7a: PUBLICADO com oferta de 35 vagas tempor\u00e1rias com remunera\u00e7\u00f5es de R$ 8.300,00. CONFIRA AQUI!\" \/>\n<meta name=\"robots\" content=\"index, follow, max-snippet:-1, max-image-preview:large, max-video-preview:-1\" \/>\n<link rel=\"canonical\" href=\"https:\/\/www.estrategiaconcursos.com.br\/blog\/edital-ministerio-da-justica-publicado\/\" \/>\n<meta property=\"og:locale\" content=\"pt_BR\" \/>\n<meta property=\"og:type\" content=\"article\" \/>\n<meta property=\"og:title\" content=\"Edital Minist\u00e9rio da Justi\u00e7a: provas s\u00e3o adidas para setembro\" \/>\n<meta property=\"og:description\" content=\"Edital Minist\u00e9rio da Justi\u00e7a: PUBLICADO com oferta de 35 vagas tempor\u00e1rias com remunera\u00e7\u00f5es de R$ 8.300,00. CONFIRA AQUI!\" \/>\n<meta property=\"og:url\" content=\"https:\/\/www.estrategiaconcursos.com.br\/blog\/edital-ministerio-da-justica-publicado\/\" \/>\n<meta property=\"og:site_name\" content=\"Estrat\u00e9gia Concursos\" \/>\n<meta property=\"article:author\" content=\"https:\/\/www.facebook.com\/EstrategiaConcursos\" \/>\n<meta property=\"article:published_time\" content=\"2020-07-16T13:00:00+00:00\" \/>\n<meta property=\"article:modified_time\" content=\"2021-05-26T19:00:11+00:00\" \/>\n<meta property=\"og:image\" content=\"https:\/\/dhg1h5j42swfq.cloudfront.net\/2019\/11\/05113900\/SAIU-EDITAL1.jpg\" \/>\n\t<meta property=\"og:image:width\" content=\"1200\" \/>\n\t<meta property=\"og:image:height\" content=\"628\" \/>\n\t<meta property=\"og:image:type\" content=\"image\/jpeg\" \/>\n<meta name=\"author\" content=\"Coordena\u00e7\u00e3o\" \/>\n<meta name=\"twitter:card\" content=\"summary_large_image\" \/>\n<meta name=\"twitter:creator\" content=\"@EstratConcursos\" \/>\n<meta name=\"twitter:site\" content=\"@EstratConcursos\" \/>\n<meta name=\"twitter:label1\" content=\"Escrito por\" \/>\n\t<meta name=\"twitter:data1\" content=\"Coordena\u00e7\u00e3o\" \/>\n\t<meta name=\"twitter:label2\" content=\"Est. tempo de leitura\" \/>\n\t<meta name=\"twitter:data2\" content=\"4 minutos\" \/>\n<script type=\"application\/ld+json\" class=\"yoast-schema-graph\">{\"@context\":\"https:\/\/schema.org\",\"@graph\":[{\"@type\":\"NewsArticle\",\"@id\":\"https:\/\/www.estrategiaconcursos.com.br\/blog\/edital-ministerio-da-justica-publicado\/#article\",\"isPartOf\":{\"@id\":\"https:\/\/www.estrategiaconcursos.com.br\/blog\/edital-ministerio-da-justica-publicado\/\"},\"author\":{\"name\":\"Coordena\u00e7\u00e3o\",\"@id\":\"https:\/\/www.estrategiaconcursos.com.br\/blog\/#\/schema\/person\/b4a388c97673c5f483d72185668afa1f\"},\"headline\":\"Edital Minist\u00e9rio da Justi\u00e7a: provas s\u00e3o adidas para setembro\",\"datePublished\":\"2020-07-16T13:00:00+00:00\",\"dateModified\":\"2021-05-26T19:00:11+00:00\",\"mainEntityOfPage\":{\"@id\":\"https:\/\/www.estrategiaconcursos.com.br\/blog\/edital-ministerio-da-justica-publicado\/\"},\"wordCount\":593,\"commentCount\":1,\"publisher\":{\"@id\":\"https:\/\/www.estrategiaconcursos.com.br\/blog\/#organization\"},\"image\":{\"@id\":\"https:\/\/www.estrategiaconcursos.com.br\/blog\/edital-ministerio-da-justica-publicado\/#primaryimage\"},\"thumbnailUrl\":\"https:\/\/dhg1h5j42swfq.cloudfront.net\/2019\/11\/05113900\/SAIU-EDITAL1.jpg\",\"articleSection\":[\"Executivo (Administrativa)\"],\"inLanguage\":\"pt-BR\",\"potentialAction\":[{\"@type\":\"CommentAction\",\"name\":\"Comment\",\"target\":[\"https:\/\/www.estrategiaconcursos.com.br\/blog\/edital-ministerio-da-justica-publicado\/#respond\"]}],\"copyrightYear\":\"2020\",\"copyrightHolder\":{\"@id\":\"https:\/\/www.estrategiaconcursos.com.br\/blog\/#organization\"}},{\"@type\":\"WebPage\",\"@id\":\"https:\/\/www.estrategiaconcursos.com.br\/blog\/edital-ministerio-da-justica-publicado\/\",\"url\":\"https:\/\/www.estrategiaconcursos.com.br\/blog\/edital-ministerio-da-justica-publicado\/\",\"name\":\"Edital Minist\u00e9rio da Justi\u00e7a: provas s\u00e3o adidas para setembro\",\"isPartOf\":{\"@id\":\"https:\/\/www.estrategiaconcursos.com.br\/blog\/#website\"},\"primaryImageOfPage\":{\"@id\":\"https:\/\/www.estrategiaconcursos.com.br\/blog\/edital-ministerio-da-justica-publicado\/#primaryimage\"},\"image\":{\"@id\":\"https:\/\/www.estrategiaconcursos.com.br\/blog\/edital-ministerio-da-justica-publicado\/#primaryimage\"},\"thumbnailUrl\":\"https:\/\/dhg1h5j42swfq.cloudfront.net\/2019\/11\/05113900\/SAIU-EDITAL1.jpg\",\"datePublished\":\"2020-07-16T13:00:00+00:00\",\"dateModified\":\"2021-05-26T19:00:11+00:00\",\"description\":\"Edital Minist\u00e9rio da Justi\u00e7a: PUBLICADO com oferta de 35 vagas tempor\u00e1rias com remunera\u00e7\u00f5es de R$ 8.300,00. CONFIRA AQUI!\",\"breadcrumb\":{\"@id\":\"https:\/\/www.estrategiaconcursos.com.br\/blog\/edital-ministerio-da-justica-publicado\/#breadcrumb\"},\"inLanguage\":\"pt-BR\",\"potentialAction\":[{\"@type\":\"ReadAction\",\"target\":[\"https:\/\/www.estrategiaconcursos.com.br\/blog\/edital-ministerio-da-justica-publicado\/\"]}]},{\"@type\":\"ImageObject\",\"inLanguage\":\"pt-BR\",\"@id\":\"https:\/\/www.estrategiaconcursos.com.br\/blog\/edital-ministerio-da-justica-publicado\/#primaryimage\",\"url\":\"https:\/\/dhg1h5j42swfq.cloudfront.net\/2019\/11\/05113900\/SAIU-EDITAL1.jpg\",\"contentUrl\":\"https:\/\/dhg1h5j42swfq.cloudfront.net\/2019\/11\/05113900\/SAIU-EDITAL1.jpg\",\"width\":1200,\"height\":628,\"caption\":\"Concurso PGM Barra do Bugres\"},{\"@type\":\"BreadcrumbList\",\"@id\":\"https:\/\/www.estrategiaconcursos.com.br\/blog\/edital-ministerio-da-justica-publicado\/#breadcrumb\",\"itemListElement\":[{\"@type\":\"ListItem\",\"position\":1,\"name\":\"In\u00edcio\",\"item\":\"https:\/\/www.estrategiaconcursos.com.br\/blog\/\"},{\"@type\":\"ListItem\",\"position\":2,\"name\":\"Edital Minist\u00e9rio da Justi\u00e7a: provas s\u00e3o adidas para setembro\"}]},{\"@type\":\"WebSite\",\"@id\":\"https:\/\/www.estrategiaconcursos.com.br\/blog\/#website\",\"url\":\"https:\/\/www.estrategiaconcursos.com.br\/blog\/\",\"name\":\"Estrat\u00e9gia Concursos\",\"description\":\"O blog da Estrat\u00e9gia Concursos traz not\u00edcias sobre concursos e artigos de professores oferecendo cursos para concursos (pdf + videaulas) no site.\",\"publisher\":{\"@id\":\"https:\/\/www.estrategiaconcursos.com.br\/blog\/#organization\"},\"potentialAction\":[{\"@type\":\"SearchAction\",\"target\":{\"@type\":\"EntryPoint\",\"urlTemplate\":\"https:\/\/www.estrategiaconcursos.com.br\/blog\/?s={search_term_string}\"},\"query-input\":{\"@type\":\"PropertyValueSpecification\",\"valueRequired\":true,\"valueName\":\"search_term_string\"}}],\"inLanguage\":\"pt-BR\"},{\"@type\":\"Organization\",\"@id\":\"https:\/\/www.estrategiaconcursos.com.br\/blog\/#organization\",\"name\":\"Estrat\u00e9gia Concursos\",\"url\":\"https:\/\/www.estrategiaconcursos.com.br\/blog\/\",\"logo\":{\"@type\":\"ImageObject\",\"inLanguage\":\"pt-BR\",\"@id\":\"https:\/\/www.estrategiaconcursos.com.br\/blog\/#\/schema\/logo\/image\/\",\"url\":\"https:\/\/dhg1h5j42swfq.cloudfront.net\/2025\/06\/03203428\/logo_concursos-1.jpg\",\"contentUrl\":\"https:\/\/dhg1h5j42swfq.cloudfront.net\/2025\/06\/03203428\/logo_concursos-1.jpg\",\"width\":230,\"height\":60,\"caption\":\"Estrat\u00e9gia Concursos\"},\"image\":{\"@id\":\"https:\/\/www.estrategiaconcursos.com.br\/blog\/#\/schema\/logo\/image\/\"},\"sameAs\":[\"https:\/\/x.com\/EstratConcursos\"]},{\"@type\":\"Person\",\"@id\":\"https:\/\/www.estrategiaconcursos.com.br\/blog\/#\/schema\/person\/b4a388c97673c5f483d72185668afa1f\",\"name\":\"Coordena\u00e7\u00e3o\",\"image\":{\"@type\":\"ImageObject\",\"inLanguage\":\"pt-BR\",\"@id\":\"https:\/\/secure.gravatar.com\/avatar\/b720319e4c9a967eb58678d110f4fe35452fc5d5f97b202bac7b8acceb18c6ad?s=96&d=mm&r=g\",\"url\":\"https:\/\/secure.gravatar.com\/avatar\/b720319e4c9a967eb58678d110f4fe35452fc5d5f97b202bac7b8acceb18c6ad?s=96&d=mm&r=g\",\"contentUrl\":\"https:\/\/secure.gravatar.com\/avatar\/b720319e4c9a967eb58678d110f4fe35452fc5d5f97b202bac7b8acceb18c6ad?s=96&d=mm&r=g\",\"caption\":\"Coordena\u00e7\u00e3o\"},\"sameAs\":[\"https:\/\/www.facebook.com\/EstrategiaConcursos\",\"https:\/\/x.com\/EstratConcursos\"],\"url\":\"https:\/\/www.estrategiaconcursos.com.br\/blog\/author\/estrategia2013\/\"}]}<\/script>\n<!-- \/ Yoast SEO Premium plugin. -->","yoast_head_json":{"title":"Edital Minist\u00e9rio da Justi\u00e7a: provas s\u00e3o adidas para setembro","description":"Edital Minist\u00e9rio da Justi\u00e7a: PUBLICADO com oferta de 35 vagas tempor\u00e1rias com remunera\u00e7\u00f5es de R$ 8.300,00. CONFIRA AQUI!","robots":{"index":"index","follow":"follow","max-snippet":"max-snippet:-1","max-image-preview":"max-image-preview:large","max-video-preview":"max-video-preview:-1"},"canonical":"https:\/\/www.estrategiaconcursos.com.br\/blog\/edital-ministerio-da-justica-publicado\/","og_locale":"pt_BR","og_type":"article","og_title":"Edital Minist\u00e9rio da Justi\u00e7a: provas s\u00e3o adidas para setembro","og_description":"Edital Minist\u00e9rio da Justi\u00e7a: PUBLICADO com oferta de 35 vagas tempor\u00e1rias com remunera\u00e7\u00f5es de R$ 8.300,00. CONFIRA AQUI!","og_url":"https:\/\/www.estrategiaconcursos.com.br\/blog\/edital-ministerio-da-justica-publicado\/","og_site_name":"Estrat\u00e9gia Concursos","article_author":"https:\/\/www.facebook.com\/EstrategiaConcursos","article_published_time":"2020-07-16T13:00:00+00:00","article_modified_time":"2021-05-26T19:00:11+00:00","og_image":[{"width":1200,"height":628,"url":"https:\/\/dhg1h5j42swfq.cloudfront.net\/2019\/11\/05113900\/SAIU-EDITAL1.jpg","type":"image\/jpeg"}],"author":"Coordena\u00e7\u00e3o","twitter_card":"summary_large_image","twitter_creator":"@EstratConcursos","twitter_site":"@EstratConcursos","twitter_misc":{"Escrito por":"Coordena\u00e7\u00e3o","Est. tempo de leitura":"4 minutos"},"schema":{"@context":"https:\/\/schema.org","@graph":[{"@type":"NewsArticle","@id":"https:\/\/www.estrategiaconcursos.com.br\/blog\/edital-ministerio-da-justica-publicado\/#article","isPartOf":{"@id":"https:\/\/www.estrategiaconcursos.com.br\/blog\/edital-ministerio-da-justica-publicado\/"},"author":{"name":"Coordena\u00e7\u00e3o","@id":"https:\/\/www.estrategiaconcursos.com.br\/blog\/#\/schema\/person\/b4a388c97673c5f483d72185668afa1f"},"headline":"Edital Minist\u00e9rio da Justi\u00e7a: provas s\u00e3o adidas para setembro","datePublished":"2020-07-16T13:00:00+00:00","dateModified":"2021-05-26T19:00:11+00:00","mainEntityOfPage":{"@id":"https:\/\/www.estrategiaconcursos.com.br\/blog\/edital-ministerio-da-justica-publicado\/"},"wordCount":593,"commentCount":1,"publisher":{"@id":"https:\/\/www.estrategiaconcursos.com.br\/blog\/#organization"},"image":{"@id":"https:\/\/www.estrategiaconcursos.com.br\/blog\/edital-ministerio-da-justica-publicado\/#primaryimage"},"thumbnailUrl":"https:\/\/dhg1h5j42swfq.cloudfront.net\/2019\/11\/05113900\/SAIU-EDITAL1.jpg","articleSection":["Executivo (Administrativa)"],"inLanguage":"pt-BR","potentialAction":[{"@type":"CommentAction","name":"Comment","target":["https:\/\/www.estrategiaconcursos.com.br\/blog\/edital-ministerio-da-justica-publicado\/#respond"]}],"copyrightYear":"2020","copyrightHolder":{"@id":"https:\/\/www.estrategiaconcursos.com.br\/blog\/#organization"}},{"@type":"WebPage","@id":"https:\/\/www.estrategiaconcursos.com.br\/blog\/edital-ministerio-da-justica-publicado\/","url":"https:\/\/www.estrategiaconcursos.com.br\/blog\/edital-ministerio-da-justica-publicado\/","name":"Edital Minist\u00e9rio da Justi\u00e7a: provas s\u00e3o adidas para setembro","isPartOf":{"@id":"https:\/\/www.estrategiaconcursos.com.br\/blog\/#website"},"primaryImageOfPage":{"@id":"https:\/\/www.estrategiaconcursos.com.br\/blog\/edital-ministerio-da-justica-publicado\/#primaryimage"},"image":{"@id":"https:\/\/www.estrategiaconcursos.com.br\/blog\/edital-ministerio-da-justica-publicado\/#primaryimage"},"thumbnailUrl":"https:\/\/dhg1h5j42swfq.cloudfront.net\/2019\/11\/05113900\/SAIU-EDITAL1.jpg","datePublished":"2020-07-16T13:00:00+00:00","dateModified":"2021-05-26T19:00:11+00:00","description":"Edital Minist\u00e9rio da Justi\u00e7a: PUBLICADO com oferta de 35 vagas tempor\u00e1rias com remunera\u00e7\u00f5es de R$ 8.300,00. CONFIRA AQUI!","breadcrumb":{"@id":"https:\/\/www.estrategiaconcursos.com.br\/blog\/edital-ministerio-da-justica-publicado\/#breadcrumb"},"inLanguage":"pt-BR","potentialAction":[{"@type":"ReadAction","target":["https:\/\/www.estrategiaconcursos.com.br\/blog\/edital-ministerio-da-justica-publicado\/"]}]},{"@type":"ImageObject","inLanguage":"pt-BR","@id":"https:\/\/www.estrategiaconcursos.com.br\/blog\/edital-ministerio-da-justica-publicado\/#primaryimage","url":"https:\/\/dhg1h5j42swfq.cloudfront.net\/2019\/11\/05113900\/SAIU-EDITAL1.jpg","contentUrl":"https:\/\/dhg1h5j42swfq.cloudfront.net\/2019\/11\/05113900\/SAIU-EDITAL1.jpg","width":1200,"height":628,"caption":"Concurso PGM Barra do Bugres"},{"@type":"BreadcrumbList","@id":"https:\/\/www.estrategiaconcursos.com.br\/blog\/edital-ministerio-da-justica-publicado\/#breadcrumb","itemListElement":[{"@type":"ListItem","position":1,"name":"In\u00edcio","item":"https:\/\/www.estrategiaconcursos.com.br\/blog\/"},{"@type":"ListItem","position":2,"name":"Edital Minist\u00e9rio da Justi\u00e7a: provas s\u00e3o adidas para setembro"}]},{"@type":"WebSite","@id":"https:\/\/www.estrategiaconcursos.com.br\/blog\/#website","url":"https:\/\/www.estrategiaconcursos.com.br\/blog\/","name":"Estrat\u00e9gia Concursos","description":"O blog da Estrat\u00e9gia Concursos traz not\u00edcias sobre concursos e artigos de professores oferecendo cursos para concursos (pdf + videaulas) no site.","publisher":{"@id":"https:\/\/www.estrategiaconcursos.com.br\/blog\/#organization"},"potentialAction":[{"@type":"SearchAction","target":{"@type":"EntryPoint","urlTemplate":"https:\/\/www.estrategiaconcursos.com.br\/blog\/?s={search_term_string}"},"query-input":{"@type":"PropertyValueSpecification","valueRequired":true,"valueName":"search_term_string"}}],"inLanguage":"pt-BR"},{"@type":"Organization","@id":"https:\/\/www.estrategiaconcursos.com.br\/blog\/#organization","name":"Estrat\u00e9gia Concursos","url":"https:\/\/www.estrategiaconcursos.com.br\/blog\/","logo":{"@type":"ImageObject","inLanguage":"pt-BR","@id":"https:\/\/www.estrategiaconcursos.com.br\/blog\/#\/schema\/logo\/image\/","url":"https:\/\/dhg1h5j42swfq.cloudfront.net\/2025\/06\/03203428\/logo_concursos-1.jpg","contentUrl":"https:\/\/dhg1h5j42swfq.cloudfront.net\/2025\/06\/03203428\/logo_concursos-1.jpg","width":230,"height":60,"caption":"Estrat\u00e9gia Concursos"},"image":{"@id":"https:\/\/www.estrategiaconcursos.com.br\/blog\/#\/schema\/logo\/image\/"},"sameAs":["https:\/\/x.com\/EstratConcursos"]},{"@type":"Person","@id":"https:\/\/www.estrategiaconcursos.com.br\/blog\/#\/schema\/person\/b4a388c97673c5f483d72185668afa1f","name":"Coordena\u00e7\u00e3o","image":{"@type":"ImageObject","inLanguage":"pt-BR","@id":"https:\/\/secure.gravatar.com\/avatar\/b720319e4c9a967eb58678d110f4fe35452fc5d5f97b202bac7b8acceb18c6ad?s=96&d=mm&r=g","url":"https:\/\/secure.gravatar.com\/avatar\/b720319e4c9a967eb58678d110f4fe35452fc5d5f97b202bac7b8acceb18c6ad?s=96&d=mm&r=g","contentUrl":"https:\/\/secure.gravatar.com\/avatar\/b720319e4c9a967eb58678d110f4fe35452fc5d5f97b202bac7b8acceb18c6ad?s=96&d=mm&r=g","caption":"Coordena\u00e7\u00e3o"},"sameAs":["https:\/\/www.facebook.com\/EstrategiaConcursos","https:\/\/x.com\/EstratConcursos"],"url":"https:\/\/www.estrategiaconcursos.com.br\/blog\/author\/estrategia2013\/"}]}},"_links":{"self":[{"href":"https:\/\/www.estrategiaconcursos.com.br\/blog\/wp-json\/wp\/v2\/posts\/513242","targetHints":{"allow":["GET"]}}],"collection":[{"href":"https:\/\/www.estrategiaconcursos.com.br\/blog\/wp-json\/wp\/v2\/posts"}],"about":[{"href":"https:\/\/www.estrategiaconcursos.com.br\/blog\/wp-json\/wp\/v2\/types\/post"}],"author":[{"embeddable":true,"href":"https:\/\/www.estrategiaconcursos.com.br\/blog\/wp-json\/wp\/v2\/users\/1"}],"replies":[{"embeddable":true,"href":"https:\/\/www.estrategiaconcursos.com.br\/blog\/wp-json\/wp\/v2\/comments?post=513242"}],"version-history":[{"count":16,"href":"https:\/\/www.estrategiaconcursos.com.br\/blog\/wp-json\/wp\/v2\/posts\/513242\/revisions"}],"predecessor-version":[{"id":752340,"href":"https:\/\/www.estrategiaconcursos.com.br\/blog\/wp-json\/wp\/v2\/posts\/513242\/revisions\/752340"}],"wp:featuredmedia":[{"embeddable":true,"href":"https:\/\/www.estrategiaconcursos.com.br\/blog\/wp-json\/wp\/v2\/media\/444278"}],"wp:attachment":[{"href":"https:\/\/www.estrategiaconcursos.com.br\/blog\/wp-json\/wp\/v2\/media?parent=513242"}],"wp:term":[{"taxonomy":"category","embeddable":true,"href":"https:\/\/www.estrategiaconcursos.com.br\/blog\/wp-json\/wp\/v2\/categories?post=513242"},{"taxonomy":"post_tag","embeddable":true,"href":"https:\/\/www.estrategiaconcursos.com.br\/blog\/wp-json\/wp\/v2\/tags?post=513242"},{"taxonomy":"tax_estado","embeddable":true,"href":"https:\/\/www.estrategiaconcursos.com.br\/blog\/wp-json\/wp\/v2\/tax_estado?post=513242"}],"curies":[{"name":"wp","href":"https:\/\/api.w.org\/{rel}","templated":true}]}}