{"id":513208,"date":"2020-05-11T10:07:29","date_gmt":"2020-05-11T13:07:29","guid":{"rendered":"https:\/\/www.estrategiaconcursos.com.br\/blog\/?p=513208"},"modified":"2023-06-14T09:19:56","modified_gmt":"2023-06-14T12:19:56","slug":"concurso-amazul-resultado-definitivo-isencao","status":"publish","type":"post","link":"https:\/\/www.estrategiaconcursos.com.br\/blog\/concurso-amazul-resultado-definitivo-isencao\/","title":{"rendered":"Saiu o resultado dos pedidos de isen\u00e7\u00e3o do concurso Amazul"},"content":{"rendered":"\n<p>Foi publicado atrav\u00e9s do site da banca organizadora, <strong>Idecan<\/strong>, o resultado definitivo da an\u00e1lise dos pedidos de isen\u00e7\u00e3o para Assistente Administrativo do concurso Amaz\u00f4nia Azul Tecnologias de Defesa S.A.<\/p>\n\n\n\n<p>O candidato, cujo pedido de isen\u00e7\u00e3o da taxa de inscri\u00e7\u00e3o for indeferido, dever\u00e1, para efetivar a sua inscri\u00e7\u00e3o no certame, acessar o site da banca e imprimir o boleto de cobran\u00e7a, por meio da p\u00e1gina de acompanhamento, para fins de pagamento e efetiva\u00e7\u00e3o de sua inscri\u00e7\u00e3o.<\/p>\n\n\n\n<p>Os interessados em adquirir a isen\u00e7\u00e3o dos valores tiveram entre os dias 27 e 28 de abril para preencher o formul\u00e1rio de requerimento. O resultado preliminar foi divulgado no dia 04 de abril de 2020.<\/p>\n\n\n\n<p>Vale ressaltar que o certame oferta 67 vagas imediatas mais 2.310 destinadas a cadastro de reserva para cargos de n\u00edvel m\u00e9dio e superior do quadro tempor\u00e1rio da&nbsp;<strong>AMAZUL<\/strong>, em diversas especialidades.<\/p>\n\n\n\n<p>Confira os resultados definitivos dos pedidos de isen\u00e7\u00e3o do concurso AMAZUL no site da Banca.<\/p>\n\n\n\n<p class=\"has-text-align-center\"><em><strong>Assinatura Anual Ilimitada*<\/strong><\/em><\/p>\n\n\n\n<p class=\"has-text-align-center\"><em>Prepare-se com o melhor material e com quem mais aprova em Concursos P\u00fablicos em todo o pa\u00eds. Assine agora a nossa Assinatura Anual e tenha acesso ilimitado* a todos os nossos cursos.<\/em><\/p>\n\n\n\n<p class=\"has-text-align-center has-light-green-cyan-background-color has-background\" style=\"font-size:clamp(14.642px, 0.915rem + ((1vw - 3.2px) * 0.721), 22px);px\"><strong>ASSINE AGORA<\/strong>&nbsp;\u2013&nbsp;<a rel=\"noreferrer noopener\" href=\"https:\/\/www.estrategiaconcursos.com.br\/assinaturas\" target=\"_blank\"><strong>Assinatura Ilimitada<\/strong><\/a><\/p>\n\n\n\n<p class=\"has-text-align-center\"><em><strong>Fique por dentro de todos os concursos<\/strong><\/em>:<\/p>\n\n\n\n<p class=\"has-text-align-center has-pale-cyan-blue-background-color has-background\" style=\"font-size:clamp(14.642px, 0.915rem + ((1vw - 3.2px) * 0.721), 22px);px\"><strong><a href=\"https:\/\/www.estrategiaconcursos.com.br\/blog\/concursos-abertos\/\" target=\"_blank\" rel=\"noreferrer noopener\">Concursos abertos<\/a><\/strong><\/p>\n","protected":false},"excerpt":{"rendered":"<p>Foi publicado atrav\u00e9s do site da banca organizadora, Idecan, o resultado definitivo da an\u00e1lise dos pedidos de isen\u00e7\u00e3o para Assistente Administrativo do concurso Amaz\u00f4nia Azul Tecnologias de Defesa S.A. O candidato, cujo pedido de isen\u00e7\u00e3o da taxa de inscri\u00e7\u00e3o for indeferido, dever\u00e1, para efetivar a sua inscri\u00e7\u00e3o no certame, acessar o site da banca e [&hellip;]<\/p>\n","protected":false},"author":1211,"featured_media":506991,"comment_status":"open","ping_status":"closed","sticky":false,"template":"","format":"standard","meta":{"post_tipo":"article","footnotes":""},"categories":[1],"tags":[],"tax_estado":[],"class_list":["post-513208","post","type-post","status-publish","format-standard","has-post-thumbnail","hentry","category-cursos-e-concursos"],"acf":[],"yoast_head":"<!-- This site is optimized with the Yoast SEO Premium plugin v27.2 (Yoast SEO v27.2) - https:\/\/yoast.com\/product\/yoast-seo-premium-wordpress\/ -->\n<title>Saiu o resultado dos pedidos de isen\u00e7\u00e3o do concurso Amazul<\/title>\n<meta name=\"description\" content=\"Divulgado o resultado final dos pedidos de isen\u00e7\u00e3o para o cargo de assistente administrativo do concurso Amazul. Confira aqui!\" \/>\n<meta name=\"robots\" content=\"index, follow, max-snippet:-1, max-image-preview:large, max-video-preview:-1\" \/>\n<link rel=\"canonical\" href=\"https:\/\/www.estrategiaconcursos.com.br\/blog\/concurso-amazul-resultado-definitivo-isencao\/\" \/>\n<meta property=\"og:locale\" content=\"pt_BR\" \/>\n<meta property=\"og:type\" content=\"article\" \/>\n<meta property=\"og:title\" content=\"Saiu o resultado dos pedidos de isen\u00e7\u00e3o do concurso Amazul\" \/>\n<meta property=\"og:description\" content=\"Divulgado o resultado final dos pedidos de isen\u00e7\u00e3o para o cargo de assistente administrativo do concurso Amazul. Confira aqui!\" \/>\n<meta property=\"og:url\" content=\"https:\/\/www.estrategiaconcursos.com.br\/blog\/concurso-amazul-resultado-definitivo-isencao\/\" \/>\n<meta property=\"og:site_name\" content=\"Estrat\u00e9gia Concursos\" \/>\n<meta property=\"article:published_time\" content=\"2020-05-11T13:07:29+00:00\" \/>\n<meta property=\"article:modified_time\" content=\"2023-06-14T12:19:56+00:00\" \/>\n<meta property=\"og:image\" content=\"https:\/\/dhg1h5j42swfq.cloudfront.net\/2020\/04\/24125019\/AMAZUL-2.jpg\" \/>\n\t<meta property=\"og:image:width\" content=\"1200\" \/>\n\t<meta property=\"og:image:height\" content=\"628\" \/>\n\t<meta property=\"og:image:type\" content=\"image\/jpeg\" \/>\n<meta name=\"author\" content=\"Douglas Schneider\" \/>\n<meta name=\"twitter:card\" content=\"summary_large_image\" \/>\n<meta name=\"twitter:creator\" content=\"@AEm1minuto\" \/>\n<meta name=\"twitter:site\" content=\"@EstratConcursos\" \/>\n<meta name=\"twitter:label1\" content=\"Escrito por\" \/>\n\t<meta name=\"twitter:data1\" content=\"Douglas Schneider\" \/>\n\t<meta name=\"twitter:label2\" content=\"Est. tempo de leitura\" \/>\n\t<meta name=\"twitter:data2\" content=\"1 minuto\" \/>\n<script type=\"application\/ld+json\" class=\"yoast-schema-graph\">{\"@context\":\"https:\/\/schema.org\",\"@graph\":[{\"@type\":\"NewsArticle\",\"@id\":\"https:\/\/www.estrategiaconcursos.com.br\/blog\/concurso-amazul-resultado-definitivo-isencao\/#article\",\"isPartOf\":{\"@id\":\"https:\/\/www.estrategiaconcursos.com.br\/blog\/concurso-amazul-resultado-definitivo-isencao\/\"},\"author\":{\"name\":\"Douglas Schneider\",\"@id\":\"https:\/\/www.estrategiaconcursos.com.br\/blog\/#\/schema\/person\/dd3af62dfb13d529e307a21c1e1844ce\"},\"headline\":\"Saiu o resultado dos pedidos de isen\u00e7\u00e3o do concurso Amazul\",\"datePublished\":\"2020-05-11T13:07:29+00:00\",\"dateModified\":\"2023-06-14T12:19:56+00:00\",\"mainEntityOfPage\":{\"@id\":\"https:\/\/www.estrategiaconcursos.com.br\/blog\/concurso-amazul-resultado-definitivo-isencao\/\"},\"wordCount\":232,\"commentCount\":0,\"publisher\":{\"@id\":\"https:\/\/www.estrategiaconcursos.com.br\/blog\/#organization\"},\"image\":{\"@id\":\"https:\/\/www.estrategiaconcursos.com.br\/blog\/concurso-amazul-resultado-definitivo-isencao\/#primaryimage\"},\"thumbnailUrl\":\"https:\/\/dhg1h5j42swfq.cloudfront.net\/2020\/04\/24125019\/AMAZUL-2.jpg\",\"articleSection\":[\"Concursos P\u00fablicos\"],\"inLanguage\":\"pt-BR\",\"potentialAction\":[{\"@type\":\"CommentAction\",\"name\":\"Comment\",\"target\":[\"https:\/\/www.estrategiaconcursos.com.br\/blog\/concurso-amazul-resultado-definitivo-isencao\/#respond\"]}],\"copyrightYear\":\"2020\",\"copyrightHolder\":{\"@id\":\"https:\/\/www.estrategiaconcursos.com.br\/blog\/#organization\"}},{\"@type\":\"WebPage\",\"@id\":\"https:\/\/www.estrategiaconcursos.com.br\/blog\/concurso-amazul-resultado-definitivo-isencao\/\",\"url\":\"https:\/\/www.estrategiaconcursos.com.br\/blog\/concurso-amazul-resultado-definitivo-isencao\/\",\"name\":\"Saiu o resultado dos pedidos de isen\u00e7\u00e3o do concurso Amazul\",\"isPartOf\":{\"@id\":\"https:\/\/www.estrategiaconcursos.com.br\/blog\/#website\"},\"primaryImageOfPage\":{\"@id\":\"https:\/\/www.estrategiaconcursos.com.br\/blog\/concurso-amazul-resultado-definitivo-isencao\/#primaryimage\"},\"image\":{\"@id\":\"https:\/\/www.estrategiaconcursos.com.br\/blog\/concurso-amazul-resultado-definitivo-isencao\/#primaryimage\"},\"thumbnailUrl\":\"https:\/\/dhg1h5j42swfq.cloudfront.net\/2020\/04\/24125019\/AMAZUL-2.jpg\",\"datePublished\":\"2020-05-11T13:07:29+00:00\",\"dateModified\":\"2023-06-14T12:19:56+00:00\",\"description\":\"Divulgado o resultado final dos pedidos de isen\u00e7\u00e3o para o cargo de assistente administrativo do concurso Amazul. Confira aqui!\",\"breadcrumb\":{\"@id\":\"https:\/\/www.estrategiaconcursos.com.br\/blog\/concurso-amazul-resultado-definitivo-isencao\/#breadcrumb\"},\"inLanguage\":\"pt-BR\",\"potentialAction\":[{\"@type\":\"ReadAction\",\"target\":[\"https:\/\/www.estrategiaconcursos.com.br\/blog\/concurso-amazul-resultado-definitivo-isencao\/\"]}]},{\"@type\":\"ImageObject\",\"inLanguage\":\"pt-BR\",\"@id\":\"https:\/\/www.estrategiaconcursos.com.br\/blog\/concurso-amazul-resultado-definitivo-isencao\/#primaryimage\",\"url\":\"https:\/\/dhg1h5j42swfq.cloudfront.net\/2020\/04\/24125019\/AMAZUL-2.jpg\",\"contentUrl\":\"https:\/\/dhg1h5j42swfq.cloudfront.net\/2020\/04\/24125019\/AMAZUL-2.jpg\",\"width\":1200,\"height\":628,\"caption\":\"Amazul\"},{\"@type\":\"BreadcrumbList\",\"@id\":\"https:\/\/www.estrategiaconcursos.com.br\/blog\/concurso-amazul-resultado-definitivo-isencao\/#breadcrumb\",\"itemListElement\":[{\"@type\":\"ListItem\",\"position\":1,\"name\":\"In\u00edcio\",\"item\":\"https:\/\/www.estrategiaconcursos.com.br\/blog\/\"},{\"@type\":\"ListItem\",\"position\":2,\"name\":\"Saiu o resultado dos pedidos de isen\u00e7\u00e3o do concurso Amazul\"}]},{\"@type\":\"WebSite\",\"@id\":\"https:\/\/www.estrategiaconcursos.com.br\/blog\/#website\",\"url\":\"https:\/\/www.estrategiaconcursos.com.br\/blog\/\",\"name\":\"Estrat\u00e9gia Concursos\",\"description\":\"O blog da Estrat\u00e9gia Concursos traz not\u00edcias sobre concursos e artigos de professores oferecendo cursos para concursos (pdf + videaulas) no site.\",\"publisher\":{\"@id\":\"https:\/\/www.estrategiaconcursos.com.br\/blog\/#organization\"},\"potentialAction\":[{\"@type\":\"SearchAction\",\"target\":{\"@type\":\"EntryPoint\",\"urlTemplate\":\"https:\/\/www.estrategiaconcursos.com.br\/blog\/?s={search_term_string}\"},\"query-input\":{\"@type\":\"PropertyValueSpecification\",\"valueRequired\":true,\"valueName\":\"search_term_string\"}}],\"inLanguage\":\"pt-BR\"},{\"@type\":\"Organization\",\"@id\":\"https:\/\/www.estrategiaconcursos.com.br\/blog\/#organization\",\"name\":\"Estrat\u00e9gia Concursos\",\"url\":\"https:\/\/www.estrategiaconcursos.com.br\/blog\/\",\"logo\":{\"@type\":\"ImageObject\",\"inLanguage\":\"pt-BR\",\"@id\":\"https:\/\/www.estrategiaconcursos.com.br\/blog\/#\/schema\/logo\/image\/\",\"url\":\"https:\/\/dhg1h5j42swfq.cloudfront.net\/2025\/06\/03203428\/logo_concursos-1.jpg\",\"contentUrl\":\"https:\/\/dhg1h5j42swfq.cloudfront.net\/2025\/06\/03203428\/logo_concursos-1.jpg\",\"width\":230,\"height\":60,\"caption\":\"Estrat\u00e9gia Concursos\"},\"image\":{\"@id\":\"https:\/\/www.estrategiaconcursos.com.br\/blog\/#\/schema\/logo\/image\/\"},\"sameAs\":[\"https:\/\/x.com\/EstratConcursos\"]},{\"@type\":\"Person\",\"@id\":\"https:\/\/www.estrategiaconcursos.com.br\/blog\/#\/schema\/person\/dd3af62dfb13d529e307a21c1e1844ce\",\"name\":\"Douglas Schneider\",\"image\":{\"@type\":\"ImageObject\",\"inLanguage\":\"pt-BR\",\"@id\":\"https:\/\/secure.gravatar.com\/avatar\/b94b88d512fc2167e937b3c5222864ea56109e46ed8add375526883e821cf9b8?s=96&d=mm&r=g\",\"url\":\"https:\/\/secure.gravatar.com\/avatar\/b94b88d512fc2167e937b3c5222864ea56109e46ed8add375526883e821cf9b8?s=96&d=mm&r=g\",\"contentUrl\":\"https:\/\/secure.gravatar.com\/avatar\/b94b88d512fc2167e937b3c5222864ea56109e46ed8add375526883e821cf9b8?s=96&d=mm&r=g\",\"caption\":\"Douglas Schneider\"},\"description\":\"Professor de Administra\u00e7\u00e3o Geral e P\u00fablica Analista no IPHAN - Planejamento e Gest\u00e3o Graduado em Administra\u00e7\u00e3o e Mestre em Administra\u00e7\u00e3o P\u00fablica pela Universidade de Bras\u00edlia (UnB)\",\"sameAs\":[\"https:\/\/www.instagram.com\/adm.em1minuto\/\",\"https:\/\/x.com\/AEm1minuto\"],\"url\":\"https:\/\/www.estrategiaconcursos.com.br\/blog\/author\/douglas-friesgmail-com\/\"}]}<\/script>\n<!-- \/ Yoast SEO Premium plugin. -->","yoast_head_json":{"title":"Saiu o resultado dos pedidos de isen\u00e7\u00e3o do concurso Amazul","description":"Divulgado o resultado final dos pedidos de isen\u00e7\u00e3o para o cargo de assistente administrativo do concurso Amazul. Confira aqui!","robots":{"index":"index","follow":"follow","max-snippet":"max-snippet:-1","max-image-preview":"max-image-preview:large","max-video-preview":"max-video-preview:-1"},"canonical":"https:\/\/www.estrategiaconcursos.com.br\/blog\/concurso-amazul-resultado-definitivo-isencao\/","og_locale":"pt_BR","og_type":"article","og_title":"Saiu o resultado dos pedidos de isen\u00e7\u00e3o do concurso Amazul","og_description":"Divulgado o resultado final dos pedidos de isen\u00e7\u00e3o para o cargo de assistente administrativo do concurso Amazul. Confira aqui!","og_url":"https:\/\/www.estrategiaconcursos.com.br\/blog\/concurso-amazul-resultado-definitivo-isencao\/","og_site_name":"Estrat\u00e9gia Concursos","article_published_time":"2020-05-11T13:07:29+00:00","article_modified_time":"2023-06-14T12:19:56+00:00","og_image":[{"width":1200,"height":628,"url":"https:\/\/dhg1h5j42swfq.cloudfront.net\/2020\/04\/24125019\/AMAZUL-2.jpg","type":"image\/jpeg"}],"author":"Douglas Schneider","twitter_card":"summary_large_image","twitter_creator":"@AEm1minuto","twitter_site":"@EstratConcursos","twitter_misc":{"Escrito por":"Douglas Schneider","Est. tempo de leitura":"1 minuto"},"schema":{"@context":"https:\/\/schema.org","@graph":[{"@type":"NewsArticle","@id":"https:\/\/www.estrategiaconcursos.com.br\/blog\/concurso-amazul-resultado-definitivo-isencao\/#article","isPartOf":{"@id":"https:\/\/www.estrategiaconcursos.com.br\/blog\/concurso-amazul-resultado-definitivo-isencao\/"},"author":{"name":"Douglas Schneider","@id":"https:\/\/www.estrategiaconcursos.com.br\/blog\/#\/schema\/person\/dd3af62dfb13d529e307a21c1e1844ce"},"headline":"Saiu o resultado dos pedidos de isen\u00e7\u00e3o do concurso Amazul","datePublished":"2020-05-11T13:07:29+00:00","dateModified":"2023-06-14T12:19:56+00:00","mainEntityOfPage":{"@id":"https:\/\/www.estrategiaconcursos.com.br\/blog\/concurso-amazul-resultado-definitivo-isencao\/"},"wordCount":232,"commentCount":0,"publisher":{"@id":"https:\/\/www.estrategiaconcursos.com.br\/blog\/#organization"},"image":{"@id":"https:\/\/www.estrategiaconcursos.com.br\/blog\/concurso-amazul-resultado-definitivo-isencao\/#primaryimage"},"thumbnailUrl":"https:\/\/dhg1h5j42swfq.cloudfront.net\/2020\/04\/24125019\/AMAZUL-2.jpg","articleSection":["Concursos P\u00fablicos"],"inLanguage":"pt-BR","potentialAction":[{"@type":"CommentAction","name":"Comment","target":["https:\/\/www.estrategiaconcursos.com.br\/blog\/concurso-amazul-resultado-definitivo-isencao\/#respond"]}],"copyrightYear":"2020","copyrightHolder":{"@id":"https:\/\/www.estrategiaconcursos.com.br\/blog\/#organization"}},{"@type":"WebPage","@id":"https:\/\/www.estrategiaconcursos.com.br\/blog\/concurso-amazul-resultado-definitivo-isencao\/","url":"https:\/\/www.estrategiaconcursos.com.br\/blog\/concurso-amazul-resultado-definitivo-isencao\/","name":"Saiu o resultado dos pedidos de isen\u00e7\u00e3o do concurso Amazul","isPartOf":{"@id":"https:\/\/www.estrategiaconcursos.com.br\/blog\/#website"},"primaryImageOfPage":{"@id":"https:\/\/www.estrategiaconcursos.com.br\/blog\/concurso-amazul-resultado-definitivo-isencao\/#primaryimage"},"image":{"@id":"https:\/\/www.estrategiaconcursos.com.br\/blog\/concurso-amazul-resultado-definitivo-isencao\/#primaryimage"},"thumbnailUrl":"https:\/\/dhg1h5j42swfq.cloudfront.net\/2020\/04\/24125019\/AMAZUL-2.jpg","datePublished":"2020-05-11T13:07:29+00:00","dateModified":"2023-06-14T12:19:56+00:00","description":"Divulgado o resultado final dos pedidos de isen\u00e7\u00e3o para o cargo de assistente administrativo do concurso Amazul. Confira aqui!","breadcrumb":{"@id":"https:\/\/www.estrategiaconcursos.com.br\/blog\/concurso-amazul-resultado-definitivo-isencao\/#breadcrumb"},"inLanguage":"pt-BR","potentialAction":[{"@type":"ReadAction","target":["https:\/\/www.estrategiaconcursos.com.br\/blog\/concurso-amazul-resultado-definitivo-isencao\/"]}]},{"@type":"ImageObject","inLanguage":"pt-BR","@id":"https:\/\/www.estrategiaconcursos.com.br\/blog\/concurso-amazul-resultado-definitivo-isencao\/#primaryimage","url":"https:\/\/dhg1h5j42swfq.cloudfront.net\/2020\/04\/24125019\/AMAZUL-2.jpg","contentUrl":"https:\/\/dhg1h5j42swfq.cloudfront.net\/2020\/04\/24125019\/AMAZUL-2.jpg","width":1200,"height":628,"caption":"Amazul"},{"@type":"BreadcrumbList","@id":"https:\/\/www.estrategiaconcursos.com.br\/blog\/concurso-amazul-resultado-definitivo-isencao\/#breadcrumb","itemListElement":[{"@type":"ListItem","position":1,"name":"In\u00edcio","item":"https:\/\/www.estrategiaconcursos.com.br\/blog\/"},{"@type":"ListItem","position":2,"name":"Saiu o resultado dos pedidos de isen\u00e7\u00e3o do concurso Amazul"}]},{"@type":"WebSite","@id":"https:\/\/www.estrategiaconcursos.com.br\/blog\/#website","url":"https:\/\/www.estrategiaconcursos.com.br\/blog\/","name":"Estrat\u00e9gia Concursos","description":"O blog da Estrat\u00e9gia Concursos traz not\u00edcias sobre concursos e artigos de professores oferecendo cursos para concursos (pdf + videaulas) no site.","publisher":{"@id":"https:\/\/www.estrategiaconcursos.com.br\/blog\/#organization"},"potentialAction":[{"@type":"SearchAction","target":{"@type":"EntryPoint","urlTemplate":"https:\/\/www.estrategiaconcursos.com.br\/blog\/?s={search_term_string}"},"query-input":{"@type":"PropertyValueSpecification","valueRequired":true,"valueName":"search_term_string"}}],"inLanguage":"pt-BR"},{"@type":"Organization","@id":"https:\/\/www.estrategiaconcursos.com.br\/blog\/#organization","name":"Estrat\u00e9gia Concursos","url":"https:\/\/www.estrategiaconcursos.com.br\/blog\/","logo":{"@type":"ImageObject","inLanguage":"pt-BR","@id":"https:\/\/www.estrategiaconcursos.com.br\/blog\/#\/schema\/logo\/image\/","url":"https:\/\/dhg1h5j42swfq.cloudfront.net\/2025\/06\/03203428\/logo_concursos-1.jpg","contentUrl":"https:\/\/dhg1h5j42swfq.cloudfront.net\/2025\/06\/03203428\/logo_concursos-1.jpg","width":230,"height":60,"caption":"Estrat\u00e9gia Concursos"},"image":{"@id":"https:\/\/www.estrategiaconcursos.com.br\/blog\/#\/schema\/logo\/image\/"},"sameAs":["https:\/\/x.com\/EstratConcursos"]},{"@type":"Person","@id":"https:\/\/www.estrategiaconcursos.com.br\/blog\/#\/schema\/person\/dd3af62dfb13d529e307a21c1e1844ce","name":"Douglas Schneider","image":{"@type":"ImageObject","inLanguage":"pt-BR","@id":"https:\/\/secure.gravatar.com\/avatar\/b94b88d512fc2167e937b3c5222864ea56109e46ed8add375526883e821cf9b8?s=96&d=mm&r=g","url":"https:\/\/secure.gravatar.com\/avatar\/b94b88d512fc2167e937b3c5222864ea56109e46ed8add375526883e821cf9b8?s=96&d=mm&r=g","contentUrl":"https:\/\/secure.gravatar.com\/avatar\/b94b88d512fc2167e937b3c5222864ea56109e46ed8add375526883e821cf9b8?s=96&d=mm&r=g","caption":"Douglas Schneider"},"description":"Professor de Administra\u00e7\u00e3o Geral e P\u00fablica Analista no IPHAN - Planejamento e Gest\u00e3o Graduado em Administra\u00e7\u00e3o e Mestre em Administra\u00e7\u00e3o P\u00fablica pela Universidade de Bras\u00edlia (UnB)","sameAs":["https:\/\/www.instagram.com\/adm.em1minuto\/","https:\/\/x.com\/AEm1minuto"],"url":"https:\/\/www.estrategiaconcursos.com.br\/blog\/author\/douglas-friesgmail-com\/"}]}},"_links":{"self":[{"href":"https:\/\/www.estrategiaconcursos.com.br\/blog\/wp-json\/wp\/v2\/posts\/513208","targetHints":{"allow":["GET"]}}],"collection":[{"href":"https:\/\/www.estrategiaconcursos.com.br\/blog\/wp-json\/wp\/v2\/posts"}],"about":[{"href":"https:\/\/www.estrategiaconcursos.com.br\/blog\/wp-json\/wp\/v2\/types\/post"}],"author":[{"embeddable":true,"href":"https:\/\/www.estrategiaconcursos.com.br\/blog\/wp-json\/wp\/v2\/users\/1211"}],"replies":[{"embeddable":true,"href":"https:\/\/www.estrategiaconcursos.com.br\/blog\/wp-json\/wp\/v2\/comments?post=513208"}],"version-history":[{"count":8,"href":"https:\/\/www.estrategiaconcursos.com.br\/blog\/wp-json\/wp\/v2\/posts\/513208\/revisions"}],"predecessor-version":[{"id":1231833,"href":"https:\/\/www.estrategiaconcursos.com.br\/blog\/wp-json\/wp\/v2\/posts\/513208\/revisions\/1231833"}],"wp:featuredmedia":[{"embeddable":true,"href":"https:\/\/www.estrategiaconcursos.com.br\/blog\/wp-json\/wp\/v2\/media\/506991"}],"wp:attachment":[{"href":"https:\/\/www.estrategiaconcursos.com.br\/blog\/wp-json\/wp\/v2\/media?parent=513208"}],"wp:term":[{"taxonomy":"category","embeddable":true,"href":"https:\/\/www.estrategiaconcursos.com.br\/blog\/wp-json\/wp\/v2\/categories?post=513208"},{"taxonomy":"post_tag","embeddable":true,"href":"https:\/\/www.estrategiaconcursos.com.br\/blog\/wp-json\/wp\/v2\/tags?post=513208"},{"taxonomy":"tax_estado","embeddable":true,"href":"https:\/\/www.estrategiaconcursos.com.br\/blog\/wp-json\/wp\/v2\/tax_estado?post=513208"}],"curies":[{"name":"wp","href":"https:\/\/api.w.org\/{rel}","templated":true}]}}