{"id":512782,"date":"2020-05-08T17:23:23","date_gmt":"2020-05-08T20:23:23","guid":{"rendered":"https:\/\/www.estrategiaconcursos.com.br\/blog\/?p=512782"},"modified":"2022-11-22T13:12:16","modified_gmt":"2022-11-22T16:12:16","slug":"caminho-das-pedras-dia-6","status":"publish","type":"post","link":"https:\/\/www.estrategiaconcursos.com.br\/blog\/caminho-das-pedras-dia-6\/","title":{"rendered":"DIA 6 da 1\u00aa Semana do Caminho das Pedras: Conhe\u00e7a o Estrat\u00e9gia Concursos!"},"content":{"rendered":"\n<p><strong>1\u00aa Semana do Caminho das Pedras: <\/strong>inicie os estudos com Estrat\u00e9gia!<\/p>\n\n\n\n<p><strong>DIA 6 da 1\u00aa Semana do Caminho das Pedras<\/strong><strong>:<\/strong> Conhe\u00e7a o Estrat\u00e9gia Concursos!<\/p>\n\n\n\n<p>Fala, pessoal!<\/p>\n\n\n\n<p>Para quem n\u00e3o sabe do que se trata esse artigo, d\u00e1 uma olhada no <strong><a href=\"https:\/\/www.estrategiaconcursos.com.br\/blog\/caminho-das-pedras-dia-1\/\" target=\"_blank\" rel=\"noreferrer noopener\">DIA 1 da 1\u00aa Semana do Caminho das Pedras: O que \u00e9 concurso p\u00fablico? Quais as suas fases?<\/a><\/strong><\/p>\n\n\n\n<p>Desde o in\u00edcio da semana j\u00e1 vimos:<\/p>\n\n\n\n<ul class=\"wp-block-list\"><li>O que \u00e9 concurso p\u00fablico;<\/li><\/ul>\n\n\n\n<ul class=\"wp-block-list\"><li>Por quais fases o concurseiro ir\u00e1 passar durante os seus estudos;<\/li><\/ul>\n\n\n\n<ul class=\"wp-block-list\"><li>Passos para decidir qual \u00e9 o seu cargo p\u00fablico ideal;<\/li><\/ul>\n\n\n\n<ul class=\"wp-block-list\"><li>Quais as principais carreiras para concurso p\u00fablico;<\/li><\/ul>\n\n\n\n<ul class=\"wp-block-list\"><li>Dicas de como iniciar seus estudos;<\/li><\/ul>\n\n\n\n<ul class=\"wp-block-list\"><li>Aprofundamento na \u00e1rea de estudo escolhida;<\/li><\/ul>\n\n\n\n<ul class=\"wp-block-list\"><li>Principais dicas e t\u00e9cnicas de estudo;<\/li><\/ul>\n\n\n\n<ul class=\"wp-block-list\"><li>Como montar a sua planilha de estudos.<\/li><\/ul>\n\n\n\n<p>J\u00e1 vimos <strong>bastante<\/strong> assunto!<\/p>\n\n\n\n<p>Al\u00e9m de tudo disso, voc\u00ea mesmo(a) montou a sua planilha de estudos!<\/p>\n\n\n\n<p>Estamos quase chegando ao fim da nossa <strong>1\u00aa Semana do Caminho das Pedras<\/strong> (s\u00f3 falta mais 1 dia).<\/p>\n\n\n\n<p>Nesse sexto dia, voc\u00ea vai se aprofundar em todas as ferramentas dispon\u00edveis no <strong>Estrat\u00e9gia Concursos<\/strong> para que voc\u00ea alcance a sua aprova\u00e7\u00e3o.<\/p>\n\n\n\n<p>N\u00e3o tenho d\u00favida de que o <strong>Estrat\u00e9gia Concursos<\/strong> \u00e9 a \u00fanica plataforma necess\u00e1ria nos seus estudos.<\/p>\n\n\n\n<figure class=\"wp-block-image size-large\"><img loading=\"lazy\" decoding=\"async\" width=\"1024\" height=\"767\" src=\"https:\/\/dhg1h5j42swfq.cloudfront.net\/2020\/05\/08171344\/martin-reisch-6DivtP_WRYs-unsplash-1024x767.jpg\" alt=\"\" class=\"wp-image-512791\" srcset=\"https:\/\/dhg1h5j42swfq.cloudfront.net\/2020\/05\/08171344\/martin-reisch-6DivtP_WRYs-unsplash-1024x767.jpg 1024w, https:\/\/dhg1h5j42swfq.cloudfront.net\/2020\/05\/08171344\/martin-reisch-6DivtP_WRYs-unsplash-300x225.jpg 300w, https:\/\/dhg1h5j42swfq.cloudfront.net\/2020\/05\/08171344\/martin-reisch-6DivtP_WRYs-unsplash-768x576.jpg 768w, https:\/\/dhg1h5j42swfq.cloudfront.net\/2020\/05\/08171344\/martin-reisch-6DivtP_WRYs-unsplash-1536x1151.jpg 1536w, https:\/\/dhg1h5j42swfq.cloudfront.net\/2020\/05\/08171344\/martin-reisch-6DivtP_WRYs-unsplash-2048x1535.jpg 2048w, https:\/\/dhg1h5j42swfq.cloudfront.net\/2020\/05\/08171344\/martin-reisch-6DivtP_WRYs-unsplash-610x457.jpg 610w\" sizes=\"auto, (max-width: 1024px) 100vw, 1024px\" \/><\/figure>\n\n\n\n<p>Falo por experi\u00eancia: estudei exclusivamente pelos cursos em pdf do Estrat\u00e9gia!<\/p>\n\n\n\n<p>Sem mais delongas, seguem as tarefas:<\/p>\n\n\n\n<p><strong>Tarefa 17:<\/strong> Ler o artigo <strong><a href=\"https:\/\/www.estrategiaconcursos.com.br\/blog\/como-utilizar-o-estrategia-concursos-a-unica-plataforma-necessaria-para-a-sua-aprovacao\/\" target=\"_blank\" rel=\"noreferrer noopener\">Como utilizar o Estrat\u00e9gia Concursos, a \u00fanica plataforma necess\u00e1ria para a sua aprova\u00e7\u00e3o?<\/a><\/strong><\/p>\n\n\n\n<p><strong>Tarefa 18:<\/strong> Assistir ao v\u00eddeo \u201cComo utilizar o Estrat\u00e9gia Concursos\u201d<\/p>\n\n\n\n<p><strong>Tarefa 19:<\/strong> Buscar o curso mais adequado a sua realidade!<\/p>\n\n\n\n<p>Qualquer d\u00favida, manda uma mensagem para <a href=\"https:\/\/www.instagram.com\/prof.rodolfoqueiroz\/\" target=\"_blank\" rel=\"noreferrer noopener\">@prof.rodolfoqueiroz<\/a>.<\/p>\n\n\n\n<p>Amanh\u00e3 tem mais!<\/p>\n\n\n\n<p>Espero que tenham gostado.<\/p>\n\n\n\n<p><strong>Rodolfo Queiroz<\/strong><\/p>\n\n\n\n<p>J\u00e1 terminou o 6\u00ba dia? Vai para o  <a href=\"https:\/\/www.estrategiaconcursos.com.br\/blog\/caminho-das-pedras-dia-7\/\">DIA 7 da 1\u00aa Semana do Caminho das Pedras: ESTUDE!<\/a><\/p>\n","protected":false},"excerpt":{"rendered":"<p>1\u00aa Semana do Caminho das Pedras: inicie os estudos com Estrat\u00e9gia! DIA 6 da 1\u00aa Semana do Caminho das Pedras: Conhe\u00e7a o Estrat\u00e9gia Concursos! Fala, pessoal! Para quem n\u00e3o sabe do que se trata esse artigo, d\u00e1 uma olhada no DIA 1 da 1\u00aa Semana do Caminho das Pedras: O que \u00e9 concurso p\u00fablico? Quais [&hellip;]<\/p>\n","protected":false},"author":1084,"featured_media":0,"comment_status":"open","ping_status":"closed","sticky":false,"template":"","format":"standard","meta":{"post_tipo":"article","footnotes":""},"categories":[1],"tags":[],"tax_estado":[],"class_list":["post-512782","post","type-post","status-publish","format-standard","hentry","category-cursos-e-concursos"],"acf":[],"yoast_head":"<!-- This site is optimized with the Yoast SEO Premium plugin v27.2 (Yoast SEO v27.2) - https:\/\/yoast.com\/product\/yoast-seo-premium-wordpress\/ -->\n<title>DIA 6 da 1\u00aa Semana do Caminho das Pedras: Conhe\u00e7a o Estrat\u00e9gia Concursos!<\/title>\n<meta name=\"description\" content=\"Nesse sexto dia, voc\u00ea vai se aprofundar em todas as ferramentas dispon\u00edveis no Estrat\u00e9gia Concursos para que voc\u00ea alcance a sua aprova\u00e7\u00e3o.\" \/>\n<meta name=\"robots\" content=\"index, follow, max-snippet:-1, max-image-preview:large, max-video-preview:-1\" \/>\n<link rel=\"canonical\" href=\"https:\/\/www.estrategiaconcursos.com.br\/blog\/caminho-das-pedras-dia-6\/\" \/>\n<meta property=\"og:locale\" content=\"pt_BR\" \/>\n<meta property=\"og:type\" content=\"article\" \/>\n<meta property=\"og:title\" content=\"DIA 6 da 1\u00aa Semana do Caminho das Pedras: Conhe\u00e7a o Estrat\u00e9gia Concursos!\" \/>\n<meta property=\"og:description\" content=\"Nesse sexto dia, voc\u00ea vai se aprofundar em todas as ferramentas dispon\u00edveis no Estrat\u00e9gia Concursos para que voc\u00ea alcance a sua aprova\u00e7\u00e3o.\" \/>\n<meta property=\"og:url\" content=\"https:\/\/www.estrategiaconcursos.com.br\/blog\/caminho-das-pedras-dia-6\/\" \/>\n<meta property=\"og:site_name\" content=\"Estrat\u00e9gia Concursos\" \/>\n<meta property=\"article:published_time\" content=\"2020-05-08T20:23:23+00:00\" \/>\n<meta property=\"article:modified_time\" content=\"2022-11-22T16:12:16+00:00\" \/>\n<meta property=\"og:image\" content=\"https:\/\/www.estrategiaconcursos.com.br\/blog\/wp-content\/uploads\/2020\/05\/martin-reisch-6DivtP_WRYs-unsplash-1024x767.jpg\" \/>\n<meta name=\"author\" content=\"Rodolfo Queiroz\" \/>\n<meta name=\"twitter:card\" content=\"summary_large_image\" \/>\n<meta name=\"twitter:creator\" content=\"@EstratConcursos\" \/>\n<meta name=\"twitter:site\" content=\"@EstratConcursos\" \/>\n<meta name=\"twitter:label1\" content=\"Escrito por\" \/>\n\t<meta name=\"twitter:data1\" content=\"Rodolfo Queiroz\" \/>\n\t<meta name=\"twitter:label2\" content=\"Est. tempo de leitura\" \/>\n\t<meta name=\"twitter:data2\" content=\"1 minuto\" \/>\n<script type=\"application\/ld+json\" class=\"yoast-schema-graph\">{\"@context\":\"https:\/\/schema.org\",\"@graph\":[{\"@type\":\"NewsArticle\",\"@id\":\"https:\/\/www.estrategiaconcursos.com.br\/blog\/caminho-das-pedras-dia-6\/#article\",\"isPartOf\":{\"@id\":\"https:\/\/www.estrategiaconcursos.com.br\/blog\/caminho-das-pedras-dia-6\/\"},\"author\":{\"name\":\"Rodolfo Queiroz\",\"@id\":\"https:\/\/www.estrategiaconcursos.com.br\/blog\/#\/schema\/person\/71c6849b8bf28e03aabb82ca72a794a5\"},\"headline\":\"DIA 6 da 1\u00aa Semana do Caminho das Pedras: Conhe\u00e7a o Estrat\u00e9gia Concursos!\",\"datePublished\":\"2020-05-08T20:23:23+00:00\",\"dateModified\":\"2022-11-22T16:12:16+00:00\",\"mainEntityOfPage\":{\"@id\":\"https:\/\/www.estrategiaconcursos.com.br\/blog\/caminho-das-pedras-dia-6\/\"},\"wordCount\":308,\"commentCount\":0,\"publisher\":{\"@id\":\"https:\/\/www.estrategiaconcursos.com.br\/blog\/#organization\"},\"image\":{\"@id\":\"https:\/\/www.estrategiaconcursos.com.br\/blog\/caminho-das-pedras-dia-6\/#primaryimage\"},\"thumbnailUrl\":\"https:\/\/www.estrategiaconcursos.com.br\/blog\/wp-content\/uploads\/2020\/05\/martin-reisch-6DivtP_WRYs-unsplash-1024x767.jpg\",\"articleSection\":[\"Concursos P\u00fablicos\"],\"inLanguage\":\"pt-BR\",\"potentialAction\":[{\"@type\":\"CommentAction\",\"name\":\"Comment\",\"target\":[\"https:\/\/www.estrategiaconcursos.com.br\/blog\/caminho-das-pedras-dia-6\/#respond\"]}],\"copyrightYear\":\"2020\",\"copyrightHolder\":{\"@id\":\"https:\/\/www.estrategiaconcursos.com.br\/blog\/#organization\"}},{\"@type\":\"WebPage\",\"@id\":\"https:\/\/www.estrategiaconcursos.com.br\/blog\/caminho-das-pedras-dia-6\/\",\"url\":\"https:\/\/www.estrategiaconcursos.com.br\/blog\/caminho-das-pedras-dia-6\/\",\"name\":\"DIA 6 da 1\u00aa Semana do Caminho das Pedras: Conhe\u00e7a o Estrat\u00e9gia Concursos!\",\"isPartOf\":{\"@id\":\"https:\/\/www.estrategiaconcursos.com.br\/blog\/#website\"},\"primaryImageOfPage\":{\"@id\":\"https:\/\/www.estrategiaconcursos.com.br\/blog\/caminho-das-pedras-dia-6\/#primaryimage\"},\"image\":{\"@id\":\"https:\/\/www.estrategiaconcursos.com.br\/blog\/caminho-das-pedras-dia-6\/#primaryimage\"},\"thumbnailUrl\":\"https:\/\/www.estrategiaconcursos.com.br\/blog\/wp-content\/uploads\/2020\/05\/martin-reisch-6DivtP_WRYs-unsplash-1024x767.jpg\",\"datePublished\":\"2020-05-08T20:23:23+00:00\",\"dateModified\":\"2022-11-22T16:12:16+00:00\",\"description\":\"Nesse sexto dia, voc\u00ea vai se aprofundar em todas as ferramentas dispon\u00edveis no Estrat\u00e9gia Concursos para que voc\u00ea alcance a sua aprova\u00e7\u00e3o.\",\"breadcrumb\":{\"@id\":\"https:\/\/www.estrategiaconcursos.com.br\/blog\/caminho-das-pedras-dia-6\/#breadcrumb\"},\"inLanguage\":\"pt-BR\",\"potentialAction\":[{\"@type\":\"ReadAction\",\"target\":[\"https:\/\/www.estrategiaconcursos.com.br\/blog\/caminho-das-pedras-dia-6\/\"]}]},{\"@type\":\"ImageObject\",\"inLanguage\":\"pt-BR\",\"@id\":\"https:\/\/www.estrategiaconcursos.com.br\/blog\/caminho-das-pedras-dia-6\/#primaryimage\",\"url\":\"https:\/\/dhg1h5j42swfq.cloudfront.net\/2020\/05\/08171344\/martin-reisch-6DivtP_WRYs-unsplash-scaled.jpg\",\"contentUrl\":\"https:\/\/dhg1h5j42swfq.cloudfront.net\/2020\/05\/08171344\/martin-reisch-6DivtP_WRYs-unsplash-scaled.jpg\",\"width\":2560,\"height\":1919},{\"@type\":\"BreadcrumbList\",\"@id\":\"https:\/\/www.estrategiaconcursos.com.br\/blog\/caminho-das-pedras-dia-6\/#breadcrumb\",\"itemListElement\":[{\"@type\":\"ListItem\",\"position\":1,\"name\":\"In\u00edcio\",\"item\":\"https:\/\/www.estrategiaconcursos.com.br\/blog\/\"},{\"@type\":\"ListItem\",\"position\":2,\"name\":\"DIA 6 da 1\u00aa Semana do Caminho das Pedras: Conhe\u00e7a o Estrat\u00e9gia Concursos!\"}]},{\"@type\":\"WebSite\",\"@id\":\"https:\/\/www.estrategiaconcursos.com.br\/blog\/#website\",\"url\":\"https:\/\/www.estrategiaconcursos.com.br\/blog\/\",\"name\":\"Estrat\u00e9gia Concursos\",\"description\":\"O blog da Estrat\u00e9gia Concursos traz not\u00edcias sobre concursos e artigos de professores oferecendo cursos para concursos (pdf + videaulas) no site.\",\"publisher\":{\"@id\":\"https:\/\/www.estrategiaconcursos.com.br\/blog\/#organization\"},\"potentialAction\":[{\"@type\":\"SearchAction\",\"target\":{\"@type\":\"EntryPoint\",\"urlTemplate\":\"https:\/\/www.estrategiaconcursos.com.br\/blog\/?s={search_term_string}\"},\"query-input\":{\"@type\":\"PropertyValueSpecification\",\"valueRequired\":true,\"valueName\":\"search_term_string\"}}],\"inLanguage\":\"pt-BR\"},{\"@type\":\"Organization\",\"@id\":\"https:\/\/www.estrategiaconcursos.com.br\/blog\/#organization\",\"name\":\"Estrat\u00e9gia Concursos\",\"url\":\"https:\/\/www.estrategiaconcursos.com.br\/blog\/\",\"logo\":{\"@type\":\"ImageObject\",\"inLanguage\":\"pt-BR\",\"@id\":\"https:\/\/www.estrategiaconcursos.com.br\/blog\/#\/schema\/logo\/image\/\",\"url\":\"https:\/\/dhg1h5j42swfq.cloudfront.net\/2025\/06\/03203428\/logo_concursos-1.jpg\",\"contentUrl\":\"https:\/\/dhg1h5j42swfq.cloudfront.net\/2025\/06\/03203428\/logo_concursos-1.jpg\",\"width\":230,\"height\":60,\"caption\":\"Estrat\u00e9gia Concursos\"},\"image\":{\"@id\":\"https:\/\/www.estrategiaconcursos.com.br\/blog\/#\/schema\/logo\/image\/\"},\"sameAs\":[\"https:\/\/x.com\/EstratConcursos\"]},{\"@type\":\"Person\",\"@id\":\"https:\/\/www.estrategiaconcursos.com.br\/blog\/#\/schema\/person\/71c6849b8bf28e03aabb82ca72a794a5\",\"name\":\"Rodolfo Queiroz\",\"image\":{\"@type\":\"ImageObject\",\"inLanguage\":\"pt-BR\",\"@id\":\"https:\/\/secure.gravatar.com\/avatar\/5f08a279f12fef20e95e2592261b86004f5c49356bef3034af370d317393c44f?s=96&d=mm&r=g\",\"url\":\"https:\/\/secure.gravatar.com\/avatar\/5f08a279f12fef20e95e2592261b86004f5c49356bef3034af370d317393c44f?s=96&d=mm&r=g\",\"contentUrl\":\"https:\/\/secure.gravatar.com\/avatar\/5f08a279f12fef20e95e2592261b86004f5c49356bef3034af370d317393c44f?s=96&d=mm&r=g\",\"caption\":\"Rodolfo Queiroz\"},\"url\":\"https:\/\/www.estrategiaconcursos.com.br\/blog\/author\/rodolfo-f-c-l-qgmail-com\/\"}]}<\/script>\n<!-- \/ Yoast SEO Premium plugin. -->","yoast_head_json":{"title":"DIA 6 da 1\u00aa Semana do Caminho das Pedras: Conhe\u00e7a o Estrat\u00e9gia Concursos!","description":"Nesse sexto dia, voc\u00ea vai se aprofundar em todas as ferramentas dispon\u00edveis no Estrat\u00e9gia Concursos para que voc\u00ea alcance a sua aprova\u00e7\u00e3o.","robots":{"index":"index","follow":"follow","max-snippet":"max-snippet:-1","max-image-preview":"max-image-preview:large","max-video-preview":"max-video-preview:-1"},"canonical":"https:\/\/www.estrategiaconcursos.com.br\/blog\/caminho-das-pedras-dia-6\/","og_locale":"pt_BR","og_type":"article","og_title":"DIA 6 da 1\u00aa Semana do Caminho das Pedras: Conhe\u00e7a o Estrat\u00e9gia Concursos!","og_description":"Nesse sexto dia, voc\u00ea vai se aprofundar em todas as ferramentas dispon\u00edveis no Estrat\u00e9gia Concursos para que voc\u00ea alcance a sua aprova\u00e7\u00e3o.","og_url":"https:\/\/www.estrategiaconcursos.com.br\/blog\/caminho-das-pedras-dia-6\/","og_site_name":"Estrat\u00e9gia Concursos","article_published_time":"2020-05-08T20:23:23+00:00","article_modified_time":"2022-11-22T16:12:16+00:00","og_image":[{"url":"https:\/\/www.estrategiaconcursos.com.br\/blog\/wp-content\/uploads\/2020\/05\/martin-reisch-6DivtP_WRYs-unsplash-1024x767.jpg","type":"","width":"","height":""}],"author":"Rodolfo Queiroz","twitter_card":"summary_large_image","twitter_creator":"@EstratConcursos","twitter_site":"@EstratConcursos","twitter_misc":{"Escrito por":"Rodolfo Queiroz","Est. tempo de leitura":"1 minuto"},"schema":{"@context":"https:\/\/schema.org","@graph":[{"@type":"NewsArticle","@id":"https:\/\/www.estrategiaconcursos.com.br\/blog\/caminho-das-pedras-dia-6\/#article","isPartOf":{"@id":"https:\/\/www.estrategiaconcursos.com.br\/blog\/caminho-das-pedras-dia-6\/"},"author":{"name":"Rodolfo Queiroz","@id":"https:\/\/www.estrategiaconcursos.com.br\/blog\/#\/schema\/person\/71c6849b8bf28e03aabb82ca72a794a5"},"headline":"DIA 6 da 1\u00aa Semana do Caminho das Pedras: Conhe\u00e7a o Estrat\u00e9gia Concursos!","datePublished":"2020-05-08T20:23:23+00:00","dateModified":"2022-11-22T16:12:16+00:00","mainEntityOfPage":{"@id":"https:\/\/www.estrategiaconcursos.com.br\/blog\/caminho-das-pedras-dia-6\/"},"wordCount":308,"commentCount":0,"publisher":{"@id":"https:\/\/www.estrategiaconcursos.com.br\/blog\/#organization"},"image":{"@id":"https:\/\/www.estrategiaconcursos.com.br\/blog\/caminho-das-pedras-dia-6\/#primaryimage"},"thumbnailUrl":"https:\/\/www.estrategiaconcursos.com.br\/blog\/wp-content\/uploads\/2020\/05\/martin-reisch-6DivtP_WRYs-unsplash-1024x767.jpg","articleSection":["Concursos P\u00fablicos"],"inLanguage":"pt-BR","potentialAction":[{"@type":"CommentAction","name":"Comment","target":["https:\/\/www.estrategiaconcursos.com.br\/blog\/caminho-das-pedras-dia-6\/#respond"]}],"copyrightYear":"2020","copyrightHolder":{"@id":"https:\/\/www.estrategiaconcursos.com.br\/blog\/#organization"}},{"@type":"WebPage","@id":"https:\/\/www.estrategiaconcursos.com.br\/blog\/caminho-das-pedras-dia-6\/","url":"https:\/\/www.estrategiaconcursos.com.br\/blog\/caminho-das-pedras-dia-6\/","name":"DIA 6 da 1\u00aa Semana do Caminho das Pedras: Conhe\u00e7a o Estrat\u00e9gia Concursos!","isPartOf":{"@id":"https:\/\/www.estrategiaconcursos.com.br\/blog\/#website"},"primaryImageOfPage":{"@id":"https:\/\/www.estrategiaconcursos.com.br\/blog\/caminho-das-pedras-dia-6\/#primaryimage"},"image":{"@id":"https:\/\/www.estrategiaconcursos.com.br\/blog\/caminho-das-pedras-dia-6\/#primaryimage"},"thumbnailUrl":"https:\/\/www.estrategiaconcursos.com.br\/blog\/wp-content\/uploads\/2020\/05\/martin-reisch-6DivtP_WRYs-unsplash-1024x767.jpg","datePublished":"2020-05-08T20:23:23+00:00","dateModified":"2022-11-22T16:12:16+00:00","description":"Nesse sexto dia, voc\u00ea vai se aprofundar em todas as ferramentas dispon\u00edveis no Estrat\u00e9gia Concursos para que voc\u00ea alcance a sua aprova\u00e7\u00e3o.","breadcrumb":{"@id":"https:\/\/www.estrategiaconcursos.com.br\/blog\/caminho-das-pedras-dia-6\/#breadcrumb"},"inLanguage":"pt-BR","potentialAction":[{"@type":"ReadAction","target":["https:\/\/www.estrategiaconcursos.com.br\/blog\/caminho-das-pedras-dia-6\/"]}]},{"@type":"ImageObject","inLanguage":"pt-BR","@id":"https:\/\/www.estrategiaconcursos.com.br\/blog\/caminho-das-pedras-dia-6\/#primaryimage","url":"https:\/\/dhg1h5j42swfq.cloudfront.net\/2020\/05\/08171344\/martin-reisch-6DivtP_WRYs-unsplash-scaled.jpg","contentUrl":"https:\/\/dhg1h5j42swfq.cloudfront.net\/2020\/05\/08171344\/martin-reisch-6DivtP_WRYs-unsplash-scaled.jpg","width":2560,"height":1919},{"@type":"BreadcrumbList","@id":"https:\/\/www.estrategiaconcursos.com.br\/blog\/caminho-das-pedras-dia-6\/#breadcrumb","itemListElement":[{"@type":"ListItem","position":1,"name":"In\u00edcio","item":"https:\/\/www.estrategiaconcursos.com.br\/blog\/"},{"@type":"ListItem","position":2,"name":"DIA 6 da 1\u00aa Semana do Caminho das Pedras: Conhe\u00e7a o Estrat\u00e9gia Concursos!"}]},{"@type":"WebSite","@id":"https:\/\/www.estrategiaconcursos.com.br\/blog\/#website","url":"https:\/\/www.estrategiaconcursos.com.br\/blog\/","name":"Estrat\u00e9gia Concursos","description":"O blog da Estrat\u00e9gia Concursos traz not\u00edcias sobre concursos e artigos de professores oferecendo cursos para concursos (pdf + videaulas) no site.","publisher":{"@id":"https:\/\/www.estrategiaconcursos.com.br\/blog\/#organization"},"potentialAction":[{"@type":"SearchAction","target":{"@type":"EntryPoint","urlTemplate":"https:\/\/www.estrategiaconcursos.com.br\/blog\/?s={search_term_string}"},"query-input":{"@type":"PropertyValueSpecification","valueRequired":true,"valueName":"search_term_string"}}],"inLanguage":"pt-BR"},{"@type":"Organization","@id":"https:\/\/www.estrategiaconcursos.com.br\/blog\/#organization","name":"Estrat\u00e9gia Concursos","url":"https:\/\/www.estrategiaconcursos.com.br\/blog\/","logo":{"@type":"ImageObject","inLanguage":"pt-BR","@id":"https:\/\/www.estrategiaconcursos.com.br\/blog\/#\/schema\/logo\/image\/","url":"https:\/\/dhg1h5j42swfq.cloudfront.net\/2025\/06\/03203428\/logo_concursos-1.jpg","contentUrl":"https:\/\/dhg1h5j42swfq.cloudfront.net\/2025\/06\/03203428\/logo_concursos-1.jpg","width":230,"height":60,"caption":"Estrat\u00e9gia Concursos"},"image":{"@id":"https:\/\/www.estrategiaconcursos.com.br\/blog\/#\/schema\/logo\/image\/"},"sameAs":["https:\/\/x.com\/EstratConcursos"]},{"@type":"Person","@id":"https:\/\/www.estrategiaconcursos.com.br\/blog\/#\/schema\/person\/71c6849b8bf28e03aabb82ca72a794a5","name":"Rodolfo Queiroz","image":{"@type":"ImageObject","inLanguage":"pt-BR","@id":"https:\/\/secure.gravatar.com\/avatar\/5f08a279f12fef20e95e2592261b86004f5c49356bef3034af370d317393c44f?s=96&d=mm&r=g","url":"https:\/\/secure.gravatar.com\/avatar\/5f08a279f12fef20e95e2592261b86004f5c49356bef3034af370d317393c44f?s=96&d=mm&r=g","contentUrl":"https:\/\/secure.gravatar.com\/avatar\/5f08a279f12fef20e95e2592261b86004f5c49356bef3034af370d317393c44f?s=96&d=mm&r=g","caption":"Rodolfo Queiroz"},"url":"https:\/\/www.estrategiaconcursos.com.br\/blog\/author\/rodolfo-f-c-l-qgmail-com\/"}]}},"_links":{"self":[{"href":"https:\/\/www.estrategiaconcursos.com.br\/blog\/wp-json\/wp\/v2\/posts\/512782","targetHints":{"allow":["GET"]}}],"collection":[{"href":"https:\/\/www.estrategiaconcursos.com.br\/blog\/wp-json\/wp\/v2\/posts"}],"about":[{"href":"https:\/\/www.estrategiaconcursos.com.br\/blog\/wp-json\/wp\/v2\/types\/post"}],"author":[{"embeddable":true,"href":"https:\/\/www.estrategiaconcursos.com.br\/blog\/wp-json\/wp\/v2\/users\/1084"}],"replies":[{"embeddable":true,"href":"https:\/\/www.estrategiaconcursos.com.br\/blog\/wp-json\/wp\/v2\/comments?post=512782"}],"version-history":[{"count":4,"href":"https:\/\/www.estrategiaconcursos.com.br\/blog\/wp-json\/wp\/v2\/posts\/512782\/revisions"}],"predecessor-version":[{"id":1127785,"href":"https:\/\/www.estrategiaconcursos.com.br\/blog\/wp-json\/wp\/v2\/posts\/512782\/revisions\/1127785"}],"wp:attachment":[{"href":"https:\/\/www.estrategiaconcursos.com.br\/blog\/wp-json\/wp\/v2\/media?parent=512782"}],"wp:term":[{"taxonomy":"category","embeddable":true,"href":"https:\/\/www.estrategiaconcursos.com.br\/blog\/wp-json\/wp\/v2\/categories?post=512782"},{"taxonomy":"post_tag","embeddable":true,"href":"https:\/\/www.estrategiaconcursos.com.br\/blog\/wp-json\/wp\/v2\/tags?post=512782"},{"taxonomy":"tax_estado","embeddable":true,"href":"https:\/\/www.estrategiaconcursos.com.br\/blog\/wp-json\/wp\/v2\/tax_estado?post=512782"}],"curies":[{"name":"wp","href":"https:\/\/api.w.org\/{rel}","templated":true}]}}