{"id":512494,"date":"2021-01-12T17:49:00","date_gmt":"2021-01-12T20:49:00","guid":{"rendered":"https:\/\/www.estrategiaconcursos.com.br\/blog\/?p=512494"},"modified":"2024-01-16T15:55:06","modified_gmt":"2024-01-16T18:55:06","slug":"concurso-prefeitura-itamarandiba","status":"publish","type":"post","link":"https:\/\/www.estrategiaconcursos.com.br\/blog\/concurso-prefeitura-itamarandiba\/","title":{"rendered":"Concurso Itamarandiba: Prefeitura anuncia suspens\u00e3o!"},"content":{"rendered":"\n<p>O concurso p\u00fablico da Prefeitura de Itamarandiba, munic\u00edpio de Minas Gerais, foi <a href=\"https:\/\/dhg1h5j42swfq.cloudfront.net\/2025\/06\/12174654\/suspensao-itamarandiba-mg.pdf\" target=\"_blank\" rel=\"noreferrer noopener\">suspenso<\/a>, por tempo indeterminado. A decis\u00e3o foi assinada pelo prefeito da cidade, Luiz Fernando Alves.<\/p>\n\n\n\n<p>A medida foi tomada por diversos fatores a fim de conter e preservar a sa\u00fade p\u00fablica, diante da atual situa\u00e7\u00e3o de pandemia. Dentre eles, est\u00e1 a prorroga\u00e7\u00e3o do estado de Calamidade P\u00fablica em Minas Gerais, at\u00e9 30 de janeiro de 2021.<\/p>\n\n\n\n<p>Ap\u00f3s retifica\u00e7\u00e3o que <a href=\"https:\/\/dhg1h5j42swfq.cloudfront.net\/2021\/01\/06090607\/1ae01229-4d39-4eae-9334-162293f85652.jpg\" target=\"_blank\" rel=\"noreferrer noopener\">excluiu o cargo de Odont\u00f3logo<\/a>, a sele\u00e7\u00e3o passou a ofertar <strong>118 vagas<\/strong> para os n\u00edveis alfabetizado, fundamental, m\u00e9dio, m\u00e9dio\/t\u00e9cnico e superior. Os sal\u00e1rios variam de R$ 1.045,00 a R$ 12.504,56.<\/p>\n\n\n\n<p>Em breve, ser\u00e3o divulgadas novas informa\u00e7\u00f5es sobre restitui\u00e7\u00e3o do valor da taxa de inscri\u00e7\u00e3o para aqueles candidatos que se inscreveram ao cargo. <\/p>\n\n\n\n<h2 class=\"wp-block-heading\" id=\"datas\">Principais datas do concurso Itamarandiba<\/h2>\n\n\n\n<ul class=\"wp-block-list\"><li><strong>Inscri\u00e7\u00f5es<\/strong>: <s>20\/07 a 19\/08\/2020<\/s><\/li><li><strong>Isen\u00e7\u00e3o da taxa<\/strong>: <s>20 a 22\/07\/2020<\/s><\/li><li><strong>\u00daltimo dia para pagamento<\/strong>: <s>20\/08\/2020<\/s><\/li><li><strong>Prova<\/strong>: <s>31\/01\/2021<\/s> Suspensa<\/li><\/ul>\n\n\n\n<p class=\"has-text-align-center has-very-light-gray-background-color has-background has-medium-font-size\"><strong><em><a href=\"https:\/\/dhg1h5j42swfq.cloudfront.net\/2025\/06\/12174654\/suspensao-itamarandiba-mg.pdf\" target=\"_blank\" rel=\"noreferrer noopener\">Decreto de suspens\u00e3o<\/a><\/em><\/strong><\/p>\n\n\n\n<h2 class=\"wp-block-heading\" id=\"cargos-vagas\">Cargos, vagas e remunera\u00e7\u00f5es do concurso Itamarandiba<\/h2>\n\n\n\n<p>O concurso Itamarandiba oferta, ao todo, 118 vagas para ampla concorr\u00eancia e PCD, distribu\u00eddas entre cargos de n\u00edvel alfabetizado, fundamental, m\u00e9dio, m\u00e9dio\/t\u00e9cnico e superior. <\/p>\n\n\n\n<p>Vale ressaltar que as jornadas de trabalho ser\u00e3o de 20 a 40 horas semanais. J\u00e1 os sal\u00e1rios variam de R$ 1.045,00 a R$ 12.504,56, conforme o cargo pretendido. Confira abaixo os detalhes:<\/p>\n\n\n\n<h3 class=\"wp-block-heading\">Alfabetizado<\/h3>\n\n\n\n<figure class=\"wp-block-table is-style-stripes\"><table class=\"has-subtle-pale-blue-background-color has-fixed-layout has-background\"><tbody><tr><td class=\"has-text-align-center\" data-align=\"center\"><strong>CARGO<\/strong><\/td><td class=\"has-text-align-center\" data-align=\"center\"><strong>VAGAS<\/strong><\/td><td class=\"has-text-align-center\" data-align=\"center\"><strong>REMUNERA\u00c7\u00c3O<\/strong> (R$)<\/td><\/tr><tr><td class=\"has-text-align-center\" data-align=\"center\">AUXILIAR DE SERVI\u00c7OS GERAIS I <\/td><td class=\"has-text-align-center\" data-align=\"center\">2<\/td><td class=\"has-text-align-center\" data-align=\"center\">1.045,00<\/td><\/tr><tr><td class=\"has-text-align-center\" data-align=\"center\">PEDREIRO<\/td><td class=\"has-text-align-center\" data-align=\"center\">1<\/td><td class=\"has-text-align-center\" data-align=\"center\">1.170,40<\/td><\/tr><tr><td class=\"has-text-align-center\" data-align=\"center\">SOLDADOR<\/td><td class=\"has-text-align-center\" data-align=\"center\">1<\/td><td class=\"has-text-align-center\" data-align=\"center\">1.170,40<\/td><\/tr><tr><td class=\"has-text-align-center\" data-align=\"center\">SERVENTE ESCOLAR I<\/td><td class=\"has-text-align-center\" data-align=\"center\">4 + 1 PCD<\/td><td class=\"has-text-align-center\" data-align=\"center\">1.045,00<\/td><\/tr><\/tbody><\/table><\/figure>\n\n\n\n<h3 class=\"wp-block-heading\">N\u00edvel fundamental<\/h3>\n\n\n\n<figure class=\"wp-block-table is-style-stripes\"><table class=\"has-subtle-pale-blue-background-color has-fixed-layout has-background\"><tbody><tr><td class=\"has-text-align-center\" data-align=\"center\"><strong>CARGO<\/strong><\/td><td class=\"has-text-align-center\" data-align=\"center\"><strong>VAGAS<\/strong><\/td><td class=\"has-text-align-center\" data-align=\"center\"><strong>REMUNERA\u00c7\u00c3O<\/strong> (R$)<\/td><\/tr><tr><td class=\"has-text-align-center\" data-align=\"center\">ASSISTENTE ADMINISTRATIVO I<\/td><td class=\"has-text-align-center\" data-align=\"center\">4 + 1 PCD<\/td><td class=\"has-text-align-center\" data-align=\"center\">1.170,40<\/td><\/tr><tr><td class=\"has-text-align-center\" data-align=\"center\">MOTORISTA CNH \u201cD\u201d<\/td><td class=\"has-text-align-center\" data-align=\"center\">4 + 1 PCD<\/td><td class=\"has-text-align-center\" data-align=\"center\">1.170,40<\/td><\/tr><tr><td class=\"has-text-align-center\" data-align=\"center\">OPERADOR DE M\u00c1QUINAS<\/td><td class=\"has-text-align-center\" data-align=\"center\">2<\/td><td class=\"has-text-align-center\" data-align=\"center\">1.170,40<\/td><\/tr><\/tbody><\/table><\/figure>\n\n\n\n<h3 class=\"wp-block-heading\">N\u00edvel m\u00e9dio<\/h3>\n\n\n\n<figure class=\"wp-block-table is-style-stripes\"><table class=\"has-subtle-pale-blue-background-color has-fixed-layout has-background\"><tbody><tr><td class=\"has-text-align-center\" data-align=\"center\"><strong>CARGO<\/strong><\/td><td class=\"has-text-align-center\" data-align=\"center\"><strong>VAGAS<\/strong><\/td><td class=\"has-text-align-center\" data-align=\"center\"><strong>REMUNERA\u00c7\u00c3O<\/strong> (R$)<\/td><\/tr><tr><td class=\"has-text-align-center\" data-align=\"center\">AUXILIAR CONSULT\u00d3RIO ODONT\u00d3LOGO<\/td><td class=\"has-text-align-center\" data-align=\"center\">4 + 1 PCD<\/td><td class=\"has-text-align-center\" data-align=\"center\">1.170,40<\/td><\/tr><tr><td class=\"has-text-align-center\" data-align=\"center\">AUXILIAR DE LABORAT\u00d3RIO<\/td><td class=\"has-text-align-center\" data-align=\"center\">2<\/td><td class=\"has-text-align-center\" data-align=\"center\">1.170,40<\/td><\/tr><tr><td class=\"has-text-align-center\" data-align=\"center\">CUIDADOR SOCIAL I<\/td><td class=\"has-text-align-center\" data-align=\"center\">4<\/td><td class=\"has-text-align-center\" data-align=\"center\">1.045,00<\/td><\/tr><tr><td class=\"has-text-align-center\" data-align=\"center\">ESCRITUR\u00c1RIO I<\/td><td class=\"has-text-align-center\" data-align=\"center\">7 + 1 PCD<\/td><td class=\"has-text-align-center\" data-align=\"center\">1.478,40<\/td><\/tr><tr><td class=\"has-text-align-center\" data-align=\"center\">FISCAL DE OBRAS E POSTURAS I<\/td><td class=\"has-text-align-center\" data-align=\"center\">1<\/td><td class=\"has-text-align-center\" data-align=\"center\">1.170,40<\/td><\/tr><tr><td class=\"has-text-align-center\" data-align=\"center\">FISCAL DE TRIBUTOS I<\/td><td class=\"has-text-align-center\" data-align=\"center\">1<\/td><td class=\"has-text-align-center\" data-align=\"center\">1.170,40<\/td><\/tr><tr><td class=\"has-text-align-center\" data-align=\"center\">GUARDA MUNICIPAL<\/td><td class=\"has-text-align-center\" data-align=\"center\">11 + 1 PCD<\/td><td class=\"has-text-align-center\" data-align=\"center\">1.250,00<\/td><\/tr><tr><td class=\"has-text-align-center\" data-align=\"center\">MEC\u00c2NICO<\/td><td class=\"has-text-align-center\" data-align=\"center\">1<\/td><td class=\"has-text-align-center\" data-align=\"center\">1.170,40<\/td><\/tr><\/tbody><\/table><\/figure>\n\n\n\n<h3 class=\"wp-block-heading\">N\u00edvel t\u00e9cnico<\/h3>\n\n\n\n<figure class=\"wp-block-table is-style-stripes\"><table class=\"has-subtle-pale-blue-background-color has-fixed-layout has-background\"><tbody><tr><td class=\"has-text-align-center\" data-align=\"center\"><strong>CARGO<\/strong><\/td><td class=\"has-text-align-center\" data-align=\"center\"><strong>VAGAS<\/strong><\/td><td class=\"has-text-align-center\" data-align=\"center\"><strong>REMUNERA\u00c7\u00c3O<\/strong> (R$)<\/td><\/tr><tr><td class=\"has-text-align-center\" data-align=\"center\">T\u00c9CNICO DE ENFERMAGEM<\/td><td class=\"has-text-align-center\" data-align=\"center\">9 + 1 PCD<\/td><td class=\"has-text-align-center\" data-align=\"center\">1.320,40<\/td><\/tr><tr><td class=\"has-text-align-center\" data-align=\"center\">T\u00c9CNICO EM AGROPECU\u00c1RIA<\/td><td class=\"has-text-align-center\" data-align=\"center\">1<\/td><td class=\"has-text-align-center\" data-align=\"center\">1.170,40<\/td><\/tr><tr><td class=\"has-text-align-center\" data-align=\"center\">T\u00c9CNICO EM RADIOLOGIA M\u00c9DICA I<\/td><td class=\"has-text-align-center\" data-align=\"center\">2<\/td><td class=\"has-text-align-center\" data-align=\"center\">1.170,40<\/td><\/tr><\/tbody><\/table><\/figure>\n\n\n\n<h3 class=\"wp-block-heading\">N\u00edvel superior<\/h3>\n\n\n\n<figure class=\"wp-block-table is-style-stripes\"><table class=\"has-subtle-pale-blue-background-color has-fixed-layout has-background\"><tbody><tr><td class=\"has-text-align-center\" data-align=\"center\"><strong>CARGO<\/strong><\/td><td class=\"has-text-align-center\" data-align=\"center\"><strong>VAGAS<\/strong><\/td><td class=\"has-text-align-center\" data-align=\"center\"><strong>REMUNERA\u00c7\u00c3O<\/strong> (R$)<\/td><\/tr><tr><td class=\"has-text-align-center\" data-align=\"center\">ESPECIALISTA EM EDUCA\u00c7\u00c3O<\/td><td class=\"has-text-align-center\" data-align=\"center\">1<\/td><td class=\"has-text-align-center\" data-align=\"center\">2.886,24<\/td><\/tr><tr><td class=\"has-text-align-center\" data-align=\"center\">PROFESSOR DA EDUCA\u00c7\u00c3O B\u00c1SICA (EDUCA\u00c7\u00c3O INFANTIL) \u2013 PEB<\/td><td class=\"has-text-align-center\" data-align=\"center\">15 + 1 PCD<\/td><td class=\"has-text-align-center\" data-align=\"center\">1.731,74<\/td><\/tr><tr><td class=\"has-text-align-center\" data-align=\"center\">PROFESSOR DA EDUCA\u00c7\u00c3O B\u00c1SICA (1\u00ba AO 5\u00ba ANO) \u2013 PEB II<\/td><td class=\"has-text-align-center\" data-align=\"center\">9 + 1 PCD<\/td><td class=\"has-text-align-center\" data-align=\"center\">1.731,74<\/td><\/tr><tr><td class=\"has-text-align-center\" data-align=\"center\">PROFESSOR DA EDUCA\u00c7\u00c3O B\u00c1SICA (6\u00ba AO 9\u00ba ANO) \u2013 PEB III \/ EDUCADOR F\u00cdSICO<\/td><td class=\"has-text-align-center\" data-align=\"center\">1<\/td><td class=\"has-text-align-center\" data-align=\"center\">1.731,74<\/td><\/tr><tr><td class=\"has-text-align-center\" data-align=\"center\">EDUCADOR F\u00cdSICO I<\/td><td class=\"has-text-align-center\" data-align=\"center\">1<\/td><td class=\"has-text-align-center\" data-align=\"center\">2.408,36<\/td><\/tr><tr><td class=\"has-text-align-center\" data-align=\"center\">ENFERMEIRO I<\/td><td class=\"has-text-align-center\" data-align=\"center\">4<\/td><td class=\"has-text-align-center\" data-align=\"center\">2.608,36<\/td><\/tr><tr><td class=\"has-text-align-center\" data-align=\"center\">FARMAC\u00caUTICO BIOQU\u00cdMICO I<\/td><td class=\"has-text-align-center\" data-align=\"center\">1<\/td><td class=\"has-text-align-center\" data-align=\"center\">2.608,36<\/td><\/tr><tr><td class=\"has-text-align-center\" data-align=\"center\">FISIOTERAPEUTA I<\/td><td class=\"has-text-align-center\" data-align=\"center\">2<\/td><td class=\"has-text-align-center\" data-align=\"center\">2.608,36<\/td><\/tr><tr><td class=\"has-text-align-center\" data-align=\"center\">FONOAUDI\u00d3LOGO I<\/td><td class=\"has-text-align-center\" data-align=\"center\">1<\/td><td class=\"has-text-align-center\" data-align=\"center\">2.608,36<\/td><\/tr><tr><td class=\"has-text-align-center\" data-align=\"center\">NUTRICIONISTA<\/td><td class=\"has-text-align-center\" data-align=\"center\">1<\/td><td class=\"has-text-align-center\" data-align=\"center\">2.408,36<\/td><\/tr><tr><td class=\"has-text-align-center\" data-align=\"center\"><s><strong>ODONT\u00d3LOGO I<\/strong><\/s><\/td><td class=\"has-text-align-center\" data-align=\"center\"><s><strong>3<\/strong><\/s><\/td><td class=\"has-text-align-center\" data-align=\"center\"><s><strong>2.608,36<\/strong><\/s><\/td><\/tr><tr><td class=\"has-text-align-center\" data-align=\"center\">PSIC\u00d3LOGO I<\/td><td class=\"has-text-align-center\" data-align=\"center\">2<\/td><td class=\"has-text-align-center\" data-align=\"center\">2.608,36<\/td><\/tr><tr><td class=\"has-text-align-center\" data-align=\"center\">PEDAGOGO SOCIAL<\/td><td class=\"has-text-align-center\" data-align=\"center\">1<\/td><td class=\"has-text-align-center\" data-align=\"center\">2.408,36<\/td><\/tr><tr><td class=\"has-text-align-center\" data-align=\"center\">ASSISTENTE SOCIAL I<\/td><td class=\"has-text-align-center\" data-align=\"center\">2<\/td><td class=\"has-text-align-center\" data-align=\"center\">2.408,36<\/td><\/tr><tr><td class=\"has-text-align-center\" data-align=\"center\">M\u00c9DICO I \u2013 CARDIOLOGISTA<\/td><td class=\"has-text-align-center\" data-align=\"center\">1<\/td><td class=\"has-text-align-center\" data-align=\"center\">12.504,56<\/td><\/tr><tr><td class=\"has-text-align-center\" data-align=\"center\">M\u00c9DICO I \u2013GINECOLOGISTA \/ OBSTETR\u00cdCIA<\/td><td class=\"has-text-align-center\" data-align=\"center\">1<\/td><td class=\"has-text-align-center\" data-align=\"center\">12.504,56<\/td><\/tr><tr><td class=\"has-text-align-center\" data-align=\"center\">M\u00c9DICO I \u2013 M\u00c9DICO CL\u00cdNICO GERAL<\/td><td class=\"has-text-align-center\" data-align=\"center\">4<\/td><td class=\"has-text-align-center\" data-align=\"center\">12.504,56<\/td><\/tr><tr><td class=\"has-text-align-center\" data-align=\"center\">M\u00c9DICO I \u2013 PEDIATRA<\/td><td class=\"has-text-align-center\" data-align=\"center\">1<\/td><td class=\"has-text-align-center\" data-align=\"center\">12.504,56<\/td><\/tr><\/tbody><\/table><\/figure>\n\n\n\n<h2 class=\"wp-block-heading\" id=\"etapas\">Etapas e provas do concurso Itamarandiba<\/h2>\n\n\n\n<p>O concurso Itamarandiba constar\u00e1 das seguintes etapas:<\/p>\n\n\n\n<ul class=\"wp-block-list\"><li><strong>Provas Objetivas<\/strong> de M\u00faltipla Escolha;<\/li><li><strong>Avalia\u00e7\u00e3o de T\u00edtulos<\/strong>;<\/li><li><strong>Prova Pr\u00e1tica<\/strong>;<\/li><li><strong>Prova de Aptid\u00e3o F\u00edsica<\/strong>;<\/li><li><strong>Avalia\u00e7\u00e3o Psicol\u00f3gica<\/strong>.<\/li><\/ul>\n\n\n\n<h3 class=\"wp-block-heading\">Provas Objetivas<\/h3>\n\n\n\n<p>A<strong> <\/strong>Prova Objetiva constar\u00e1 de quest\u00f5es de m\u00faltipla escolha, de car\u00e1ter eliminat\u00f3rio e classificat\u00f3rio, sendo realizada por todos os candidatos. Com dura\u00e7\u00e3o de tr\u00eas horas, o exame segue com sua aplica\u00e7\u00e3o suspensa.<\/p>\n\n\n\n<p>Valendo o m\u00e1ximo de 100 pontos, ser\u00e1 considerado aprovado o candidato que obtiver, no m\u00ednimo, 60% do total de pontos. <\/p>\n\n\n\n<ul class=\"wp-block-list\"><li><strong>Assistente Administrativo, Escritur\u00e1rio, Fiscal de Obras e Posturas, Fiscal de Tributos:<\/strong><ul><li><em>Portugu\u00eas &#8211; 10<\/em><\/li><li><em>Conhecimentos Gerais &#8211; 10<\/em><\/li><li><em>Inform\u00e1tica &#8211; 10<\/em><\/li><\/ul><\/li><\/ul>\n\n\n\n<ul class=\"wp-block-list\"><li><strong>Auxiliar de Consult\u00f3rio, Auxiliar de Laborat\u00f3rio, T\u00e9cnico em Enfermagem, Educador F\u00edsico, Enfermeiro, Farmac\u00eautico, Fisioterapeuta, Fonoaudi\u00f3logo, Nutricionista, Psic\u00f3logo, M\u00e9dicos, T\u00e9cnico em Radiologia:<\/strong><ul><li><em>Portugu\u00eas &#8211; 10<\/em><\/li><li><em>No\u00e7\u00f5es em Sa\u00fade P\u00fablica &#8211; 10<\/em><\/li><li><em>Espec\u00edfica &#8211; 10<\/em><\/li><\/ul><\/li><\/ul>\n\n\n\n<ul class=\"wp-block-list\"><li><strong>Auxiliar de Servi\u00e7os Gerais, Servente Escolar:<\/strong><ul><li><em>Portugu\u00eas &#8211; 10<\/em><\/li><li><em>Conhecimentos Gerais &#8211; 10<\/em><\/li><li><em>Racioc\u00ednio L\u00f3gico &#8211; 10<\/em><\/li><\/ul><\/li><\/ul>\n\n\n\n<ul class=\"wp-block-list\"><li><strong>Cuidador Social, Especialista em Educa\u00e7\u00e3o, Mec\u00e2nico, Pedreiro, Soldador, Professor, Pedagogo, Assistente Social:<\/strong><ul><li><em>Portugu\u00eas &#8211; 10<\/em><\/li><li><em>Conhecimentos Gerais &#8211; 10<\/em><\/li><li><em>Espec\u00edfica &#8211; 10<\/em><\/li><\/ul><\/li><\/ul>\n\n\n\n<ul class=\"wp-block-list\"><li><strong>Guarda Municipal, Motorista, Operador de M\u00e1quinas:<\/strong><ul><li><em>Portugu\u00eas &#8211; 10<\/em><\/li><li><em>Conhecimentos Gerais &#8211; 10<\/em><\/li><li><em>Legisla\u00e7\u00e3o &#8211; 10<\/em><\/li><\/ul><\/li><\/ul>\n\n\n\n<h3 class=\"wp-block-heading\">Avalia\u00e7\u00e3o de T\u00edtulos<\/h3>\n\n\n\n<p>A Prova de T\u00edtulos do concurso Prefeitura de Itamarandiba, de car\u00e1ter classificat\u00f3rio, ser\u00e1 aplicada somente aos candidatos inscritos nos cargos de Professor.<\/p>\n\n\n\n<div class=\"wp-block-image\"><figure class=\"aligncenter size-large\"><img loading=\"lazy\" decoding=\"async\" width=\"729\" height=\"618\" src=\"https:\/\/dhg1h5j42swfq.cloudfront.net\/2020\/09\/24125517\/image-205.png\" alt=\"\" class=\"wp-image-577404\" srcset=\"https:\/\/dhg1h5j42swfq.cloudfront.net\/2020\/09\/24125517\/image-205.png 729w, https:\/\/dhg1h5j42swfq.cloudfront.net\/2020\/09\/24125517\/image-205-300x254.png 300w, https:\/\/dhg1h5j42swfq.cloudfront.net\/2020\/09\/24125517\/image-205-610x517.png 610w\" sizes=\"auto, (max-width: 729px) 100vw, 729px\" \/><\/figure><\/div>\n\n\n\n<h3 class=\"wp-block-heading\">Prova Pr\u00e1tica<\/h3>\n\n\n\n<p>A Prova Pr\u00e1tica, de car\u00e1ter eliminat\u00f3rio, ser\u00e1 aplicada somente aos candidatos inscritos nos cargos de Pedreiro e Operador de M\u00e1quinas Pesadas, aprovados na Prova Objetiva, e valer\u00e1 100 pontos. <\/p>\n\n\n\n<p>Ser\u00e1 considerado APTO o candidato que obtiver nota igual ou superior a 60 pontos.<\/p>\n\n\n\n<p>Nesta etapa, ser\u00e1 avaliada a capacidade, aten\u00e7\u00e3o e percep\u00e7\u00e3o dos candidatos no trato das quest\u00f5es ligadas \u00e0 sua categoria profissional, a habilidade no manuseio de equipamentos, bem como o conhecimento de normas de seguran\u00e7a no trabalho.<\/p>\n\n\n\n<h3 class=\"wp-block-heading\">Prova de Aptid\u00e3o F\u00edsica<\/h3>\n\n\n\n<p>A <strong>Prova de Aptid\u00e3o F\u00edsica<\/strong>, de car\u00e1ter eliminat\u00f3rio e classificat\u00f3rio, ser\u00e1 aplicada somente aos candidatos inscritos no cargo de Guarda Municipal, aprovados na Prova Objetiva, sendo composta dos seguintes testes<\/p>\n\n\n\n<ul class=\"wp-block-list\"><li><strong>Para homens<\/strong>: for\u00e7a muscular (flex\u00e3o abdominal), resist\u00eancia aer\u00f3bica (corrida de 2.400 metros) e barra horizontal;<\/li><li><strong>Para mulheres<\/strong>: for\u00e7a muscular (flex\u00e3o abdominal), resist\u00eancia aer\u00f3bica (corrida de 2.400 metros) e barra horizontal est\u00e1tica.<\/li><\/ul>\n\n\n\n<h3 class=\"wp-block-heading\">Avalia\u00e7\u00e3o Psicol\u00f3gica<\/h3>\n\n\n\n<p>A <strong>Avalia\u00e7\u00e3o Psicol\u00f3gica<\/strong>, de car\u00e1ter eliminat\u00f3rio, ser\u00e1 aplicada somente aos candidatos inscritos no cargo de Guarda Municipal, aprovados nas etapas anteriores.<\/p>\n\n\n\n<hr class=\"wp-block-separator\"\/>\n\n\n\n<h2 class=\"has-text-align-center wp-block-heading\" id=\"cursos-assinatura\">Quer estudar para o concurso Prefeitura de Itamarandiba?<\/h2>\n\n\n\n<div class=\"container\" id=\"boxes\">\n  <div class=\"row\">\n\n    <div class=\"col-sm\">\n      <div class=\"banner-estrategia\" id=\"box-assinatura\">\n        <h3 class=\"titulo-assinatura\">Concurso Prefeitura de itamarandiba<\/h3>\n        <p class=\"subtitulo-assinatura\">Estude conosco<\/p>\n        <div class=\"box-botao\">\n          <a class=\"btn-assinatura\" target=\"_blank\" href=\"https:\/\/www.estrategiaconcursos.com.br\/cursos\/\" role=\"button\" rel=\"noopener noreferrer\">Conhe\u00e7a os cursos<\/a>\n        <\/div>\n      <\/div>\n   \n    <\/div>\n\n  <\/div>\n<\/div>\n\n\n\n<div class=\"container\" id=\"boxes\">\n  <div class=\"row\">\n\n    <div class=\"col-sm\">\n      <div class=\"estrategia\" id=\"box-assinatura\">\n        <h3 class=\"titulo-assinatura\">Assinatura Ilimitada<\/h3>\n        <p class=\"subtitulo-assinatura\">Assinatura Anual Ilimitada*<\/p>\n        <div class=\"box-botao\">\n          <a class=\"btn-assinatura\" target=\"_blank\" href=\"https:\/\/www.estrategiaconcursos.com.br\/assinaturas\/\" role=\"button\" rel=\"noopener noreferrer\">ASSINE AGORA<\/a>\n        <\/div>\n      <\/div>\n      <p class=\"texto-auxiliar\">Prepare-se com o melhor material e com quem mais aprova em Concursos P\u00fablicos em todo o pa\u00eds. Assine agora a nossa Assinatura Anual e tenha acesso ilimitado* a todos os nossos cursos.<\/p>\n    <\/div>\n\n    <div class=\"col-sm\">\n      <div class=\"questoes\" id=\"box-assinatura\">\n        <h3 class=\"titulo-assinatura\">Sistema de Quest\u00f5es<\/h3>\n        <p class=\"subtitulo-assinatura\">Assinatura Ilimitada*\n<\/p>\n        <div class=\"box-botao\">\n          <a class=\"btn-assinatura\" target=\"_blank\" href=\"https:\/\/questoes.estrategiaconcursos.com.br\/\" role=\"button\" rel=\"noopener noreferrer\">ASSINE AGORA<\/a>\n        <\/div>\n      <\/div>\n      <p class=\"texto-auxiliar\">Estrat\u00e9gia Quest\u00f5es nasceu maior do que todos os concorrentes, com mais quest\u00f5es cadastradas e mais solu\u00e7\u00f5es por professores. Clique no link e aproveite os descontos e b\u00f4nus imperd\u00edveis!<\/p>\n    <\/div>\n  <\/div>\n<\/div>\n\n\n\n<div class=\"container\" id=\"boxes\">\n  <div class=\"row\">\n\n    <div class=\"col-sm\" id=\"boxes-concursos\">\n      <div style=\"background-color: #005DAD;\" class=\"conteudo-concursos\" id=\"box-concursos\">\n        <h3 class=\"titulo-assinatura\">Concursos Abertos<\/h3>\n        <p class=\"subtitulo-assinatura\">mais de 15 mil vagas<\/p>\n        <div class=\"box-botao\">\n          <a class=\"btn-assinatura\" target=\"_blank\" href=\"https:\/\/www.estrategiaconcursos.com.br\/blog\/concursos-abertos\/\" role=\"button\" rel=\"noopener noreferrer\">Conhe\u00e7a Agora<\/a>\n        <\/div>\n      <\/div>\n    <\/div>\n\n    <div class=\"col-sm\" id=\"boxes-concursos\">\n      <div style=\"background-color: #419FF0;\" class=\"conteudo-concursos\" id=\"box-concursos\">\n        <h3 class=\"titulo-assinatura\">Concursos 2021<\/h3>\n        <p class=\"subtitulo-assinatura\">mais de 50 mil vagas<\/p>\n        <div class=\"box-botao\">\n          <a class=\"btn-assinatura\" target=\"_blank\" href=\"https:\/\/www.estrategiaconcursos.com.br\/blog\/concursos-2021\/\" role=\"button\" rel=\"noopener noreferrer\">Conhe\u00e7a Agora<\/a>\n        <\/div>\n      <\/div>\n    <\/div>\n\n  <\/div>\n<\/div>\n\n\n\n<figure class=\"wp-block-image\"><img loading=\"lazy\" decoding=\"async\" width=\"300\" height=\"102\" src=\"https:\/\/dhg1h5j42swfq.cloudfront.net\/2017\/03\/28152500\/coruja-ficha-tecnica-300x102.png\" alt=\"Ficha t\u00e9cnica do concurso Itamarandiba\" class=\"wp-image-68542\"\/><\/figure>\n\n\n\n<h3 class=\"wp-block-heading\" id=\"ficha\"><strong>Informa\u00e7\u00f5es do <\/strong>concurso Prefeitura de Itamarandiba-MG<\/h3>\n\n\n\n<ul class=\"wp-block-list\"><li><strong>Provas<\/strong>: Suspensas<\/li><li><strong>Vagas<\/strong>: 118<\/li><li><strong>Cargos<\/strong>: Diversos<\/li><li><strong>Escolaridade<\/strong>: Alfabetizado, fundamental, m\u00e9dio, t\u00e9cnico e superior<\/li><li><strong>Banca<\/strong>: Exame Auditores &amp; Consultores<\/li><li><strong>Edital<\/strong> <strong>retificado<\/strong>: <a rel=\"noreferrer noopener\" href=\"https:\/\/dhg1h5j42swfq.cloudfront.net\/2020\/09\/24120950\/PREFEITURA-MUNICIPAL-DE-ITAMARANDIBA.pdf\" target=\"_blank\">Prefeitura de Itamarandiba<\/a> | <a href=\"https:\/\/dhg1h5j42swfq.cloudfront.net\/2025\/06\/12174654\/suspensao-itamarandiba-mg.pdf\" target=\"_blank\" rel=\"noreferrer noopener\">Suspens\u00e3o<\/a><\/li><\/ul>\n","protected":false},"excerpt":{"rendered":"<p>O concurso p\u00fablico da Prefeitura de Itamarandiba, munic\u00edpio de Minas Gerais, foi suspenso, por tempo indeterminado. A decis\u00e3o foi assinada pelo prefeito da cidade, Luiz Fernando Alves. A medida foi tomada por diversos fatores a fim de conter e preservar a sa\u00fade p\u00fablica, diante da atual situa\u00e7\u00e3o de pandemia. Dentre eles, est\u00e1 a prorroga\u00e7\u00e3o do [&hellip;]<\/p>\n","protected":false},"author":1,"featured_media":577369,"comment_status":"open","ping_status":"closed","sticky":false,"template":"","format":"standard","meta":{"post_tipo":"news_page","footnotes":""},"categories":[1],"tags":[],"tax_estado":[219974],"class_list":["post-512494","post","type-post","status-publish","format-standard","has-post-thumbnail","hentry","category-cursos-e-concursos","tax_estado-mg"],"acf":[],"yoast_head":"<!-- This site is optimized with the Yoast SEO Premium plugin v27.2 (Yoast SEO v27.2) - https:\/\/yoast.com\/product\/yoast-seo-premium-wordpress\/ -->\n<title>Concurso Itamarandiba: Prefeitura anuncia suspens\u00e3o!<\/title>\n<meta name=\"description\" content=\"Concurso Itamarandiba - MG: Prefeitura anuncia nova suspens\u00e3o das provas. Edital oferta 118 vagas para diversos cargos. Confira!\" \/>\n<meta name=\"robots\" content=\"index, follow, max-snippet:-1, max-image-preview:large, max-video-preview:-1\" \/>\n<link rel=\"canonical\" href=\"https:\/\/www.estrategiaconcursos.com.br\/blog\/concurso-prefeitura-itamarandiba\/\" \/>\n<meta property=\"og:locale\" content=\"pt_BR\" \/>\n<meta property=\"og:type\" content=\"article\" \/>\n<meta property=\"og:title\" content=\"Concurso Itamarandiba: Prefeitura anuncia suspens\u00e3o!\" \/>\n<meta property=\"og:description\" content=\"Concurso Itamarandiba - MG: Prefeitura anuncia nova suspens\u00e3o das provas. Edital oferta 118 vagas para diversos cargos. Confira!\" \/>\n<meta property=\"og:url\" content=\"https:\/\/www.estrategiaconcursos.com.br\/blog\/concurso-prefeitura-itamarandiba\/\" \/>\n<meta property=\"og:site_name\" content=\"Estrat\u00e9gia Concursos\" \/>\n<meta property=\"article:author\" content=\"https:\/\/www.facebook.com\/EstrategiaConcursos\" \/>\n<meta property=\"article:published_time\" content=\"2021-01-12T20:49:00+00:00\" \/>\n<meta property=\"article:modified_time\" content=\"2024-01-16T18:55:06+00:00\" \/>\n<meta property=\"og:image\" content=\"https:\/\/dhg1h5j42swfq.cloudfront.net\/2020\/08\/24121300\/Prefeitura-de-Itamarandiba.jpg\" \/>\n\t<meta property=\"og:image:width\" content=\"1200\" \/>\n\t<meta property=\"og:image:height\" content=\"628\" \/>\n\t<meta property=\"og:image:type\" content=\"image\/jpeg\" \/>\n<meta name=\"author\" content=\"Coordena\u00e7\u00e3o\" \/>\n<meta name=\"twitter:card\" content=\"summary_large_image\" \/>\n<meta name=\"twitter:creator\" content=\"@EstratConcursos\" \/>\n<meta name=\"twitter:site\" content=\"@EstratConcursos\" \/>\n<meta name=\"twitter:label1\" content=\"Escrito por\" \/>\n\t<meta name=\"twitter:data1\" content=\"Coordena\u00e7\u00e3o\" \/>\n\t<meta name=\"twitter:label2\" content=\"Est. tempo de leitura\" \/>\n\t<meta name=\"twitter:data2\" content=\"5 minutos\" \/>\n<script type=\"application\/ld+json\" class=\"yoast-schema-graph\">{\"@context\":\"https:\/\/schema.org\",\"@graph\":[{\"@type\":\"NewsArticle\",\"@id\":\"https:\/\/www.estrategiaconcursos.com.br\/blog\/concurso-prefeitura-itamarandiba\/#article\",\"isPartOf\":{\"@id\":\"https:\/\/www.estrategiaconcursos.com.br\/blog\/concurso-prefeitura-itamarandiba\/\"},\"author\":{\"name\":\"Coordena\u00e7\u00e3o\",\"@id\":\"https:\/\/www.estrategiaconcursos.com.br\/blog\/#\/schema\/person\/b4a388c97673c5f483d72185668afa1f\"},\"headline\":\"Concurso Itamarandiba: Prefeitura anuncia suspens\u00e3o!\",\"datePublished\":\"2021-01-12T20:49:00+00:00\",\"dateModified\":\"2024-01-16T18:55:06+00:00\",\"mainEntityOfPage\":{\"@id\":\"https:\/\/www.estrategiaconcursos.com.br\/blog\/concurso-prefeitura-itamarandiba\/\"},\"wordCount\":1036,\"commentCount\":0,\"publisher\":{\"@id\":\"https:\/\/www.estrategiaconcursos.com.br\/blog\/#organization\"},\"image\":{\"@id\":\"https:\/\/www.estrategiaconcursos.com.br\/blog\/concurso-prefeitura-itamarandiba\/#primaryimage\"},\"thumbnailUrl\":\"https:\/\/dhg1h5j42swfq.cloudfront.net\/2020\/08\/24121300\/Prefeitura-de-Itamarandiba.jpg\",\"articleSection\":[\"Concursos P\u00fablicos\"],\"inLanguage\":\"pt-BR\",\"potentialAction\":[{\"@type\":\"CommentAction\",\"name\":\"Comment\",\"target\":[\"https:\/\/www.estrategiaconcursos.com.br\/blog\/concurso-prefeitura-itamarandiba\/#respond\"]}],\"copyrightYear\":\"2021\",\"copyrightHolder\":{\"@id\":\"https:\/\/www.estrategiaconcursos.com.br\/blog\/#organization\"}},{\"@type\":\"WebPage\",\"@id\":\"https:\/\/www.estrategiaconcursos.com.br\/blog\/concurso-prefeitura-itamarandiba\/\",\"url\":\"https:\/\/www.estrategiaconcursos.com.br\/blog\/concurso-prefeitura-itamarandiba\/\",\"name\":\"Concurso Itamarandiba: Prefeitura anuncia suspens\u00e3o!\",\"isPartOf\":{\"@id\":\"https:\/\/www.estrategiaconcursos.com.br\/blog\/#website\"},\"primaryImageOfPage\":{\"@id\":\"https:\/\/www.estrategiaconcursos.com.br\/blog\/concurso-prefeitura-itamarandiba\/#primaryimage\"},\"image\":{\"@id\":\"https:\/\/www.estrategiaconcursos.com.br\/blog\/concurso-prefeitura-itamarandiba\/#primaryimage\"},\"thumbnailUrl\":\"https:\/\/dhg1h5j42swfq.cloudfront.net\/2020\/08\/24121300\/Prefeitura-de-Itamarandiba.jpg\",\"datePublished\":\"2021-01-12T20:49:00+00:00\",\"dateModified\":\"2024-01-16T18:55:06+00:00\",\"description\":\"Concurso Itamarandiba - MG: Prefeitura anuncia nova suspens\u00e3o das provas. Edital oferta 118 vagas para diversos cargos. Confira!\",\"breadcrumb\":{\"@id\":\"https:\/\/www.estrategiaconcursos.com.br\/blog\/concurso-prefeitura-itamarandiba\/#breadcrumb\"},\"inLanguage\":\"pt-BR\",\"potentialAction\":[{\"@type\":\"ReadAction\",\"target\":[\"https:\/\/www.estrategiaconcursos.com.br\/blog\/concurso-prefeitura-itamarandiba\/\"]}]},{\"@type\":\"ImageObject\",\"inLanguage\":\"pt-BR\",\"@id\":\"https:\/\/www.estrategiaconcursos.com.br\/blog\/concurso-prefeitura-itamarandiba\/#primaryimage\",\"url\":\"https:\/\/dhg1h5j42swfq.cloudfront.net\/2020\/08\/24121300\/Prefeitura-de-Itamarandiba.jpg\",\"contentUrl\":\"https:\/\/dhg1h5j42swfq.cloudfront.net\/2020\/08\/24121300\/Prefeitura-de-Itamarandiba.jpg\",\"width\":1200,\"height\":628,\"caption\":\"Prefeitura de Itamarandiba\"},{\"@type\":\"BreadcrumbList\",\"@id\":\"https:\/\/www.estrategiaconcursos.com.br\/blog\/concurso-prefeitura-itamarandiba\/#breadcrumb\",\"itemListElement\":[{\"@type\":\"ListItem\",\"position\":1,\"name\":\"In\u00edcio\",\"item\":\"https:\/\/www.estrategiaconcursos.com.br\/blog\/\"},{\"@type\":\"ListItem\",\"position\":2,\"name\":\"Concurso Itamarandiba: Prefeitura anuncia suspens\u00e3o!\"}]},{\"@type\":\"WebSite\",\"@id\":\"https:\/\/www.estrategiaconcursos.com.br\/blog\/#website\",\"url\":\"https:\/\/www.estrategiaconcursos.com.br\/blog\/\",\"name\":\"Estrat\u00e9gia Concursos\",\"description\":\"O blog da Estrat\u00e9gia Concursos traz not\u00edcias sobre concursos e artigos de professores oferecendo cursos para concursos (pdf + videaulas) no site.\",\"publisher\":{\"@id\":\"https:\/\/www.estrategiaconcursos.com.br\/blog\/#organization\"},\"potentialAction\":[{\"@type\":\"SearchAction\",\"target\":{\"@type\":\"EntryPoint\",\"urlTemplate\":\"https:\/\/www.estrategiaconcursos.com.br\/blog\/?s={search_term_string}\"},\"query-input\":{\"@type\":\"PropertyValueSpecification\",\"valueRequired\":true,\"valueName\":\"search_term_string\"}}],\"inLanguage\":\"pt-BR\"},{\"@type\":\"Organization\",\"@id\":\"https:\/\/www.estrategiaconcursos.com.br\/blog\/#organization\",\"name\":\"Estrat\u00e9gia Concursos\",\"url\":\"https:\/\/www.estrategiaconcursos.com.br\/blog\/\",\"logo\":{\"@type\":\"ImageObject\",\"inLanguage\":\"pt-BR\",\"@id\":\"https:\/\/www.estrategiaconcursos.com.br\/blog\/#\/schema\/logo\/image\/\",\"url\":\"https:\/\/dhg1h5j42swfq.cloudfront.net\/2025\/06\/03203428\/logo_concursos-1.jpg\",\"contentUrl\":\"https:\/\/dhg1h5j42swfq.cloudfront.net\/2025\/06\/03203428\/logo_concursos-1.jpg\",\"width\":230,\"height\":60,\"caption\":\"Estrat\u00e9gia Concursos\"},\"image\":{\"@id\":\"https:\/\/www.estrategiaconcursos.com.br\/blog\/#\/schema\/logo\/image\/\"},\"sameAs\":[\"https:\/\/x.com\/EstratConcursos\"]},{\"@type\":\"Person\",\"@id\":\"https:\/\/www.estrategiaconcursos.com.br\/blog\/#\/schema\/person\/b4a388c97673c5f483d72185668afa1f\",\"name\":\"Coordena\u00e7\u00e3o\",\"image\":{\"@type\":\"ImageObject\",\"inLanguage\":\"pt-BR\",\"@id\":\"https:\/\/secure.gravatar.com\/avatar\/b720319e4c9a967eb58678d110f4fe35452fc5d5f97b202bac7b8acceb18c6ad?s=96&d=mm&r=g\",\"url\":\"https:\/\/secure.gravatar.com\/avatar\/b720319e4c9a967eb58678d110f4fe35452fc5d5f97b202bac7b8acceb18c6ad?s=96&d=mm&r=g\",\"contentUrl\":\"https:\/\/secure.gravatar.com\/avatar\/b720319e4c9a967eb58678d110f4fe35452fc5d5f97b202bac7b8acceb18c6ad?s=96&d=mm&r=g\",\"caption\":\"Coordena\u00e7\u00e3o\"},\"sameAs\":[\"https:\/\/www.facebook.com\/EstrategiaConcursos\",\"https:\/\/x.com\/EstratConcursos\"],\"url\":\"https:\/\/www.estrategiaconcursos.com.br\/blog\/author\/estrategia2013\/\"}]}<\/script>\n<!-- \/ Yoast SEO Premium plugin. -->","yoast_head_json":{"title":"Concurso Itamarandiba: Prefeitura anuncia suspens\u00e3o!","description":"Concurso Itamarandiba - MG: Prefeitura anuncia nova suspens\u00e3o das provas. Edital oferta 118 vagas para diversos cargos. Confira!","robots":{"index":"index","follow":"follow","max-snippet":"max-snippet:-1","max-image-preview":"max-image-preview:large","max-video-preview":"max-video-preview:-1"},"canonical":"https:\/\/www.estrategiaconcursos.com.br\/blog\/concurso-prefeitura-itamarandiba\/","og_locale":"pt_BR","og_type":"article","og_title":"Concurso Itamarandiba: Prefeitura anuncia suspens\u00e3o!","og_description":"Concurso Itamarandiba - MG: Prefeitura anuncia nova suspens\u00e3o das provas. Edital oferta 118 vagas para diversos cargos. Confira!","og_url":"https:\/\/www.estrategiaconcursos.com.br\/blog\/concurso-prefeitura-itamarandiba\/","og_site_name":"Estrat\u00e9gia Concursos","article_author":"https:\/\/www.facebook.com\/EstrategiaConcursos","article_published_time":"2021-01-12T20:49:00+00:00","article_modified_time":"2024-01-16T18:55:06+00:00","og_image":[{"width":1200,"height":628,"url":"https:\/\/dhg1h5j42swfq.cloudfront.net\/2020\/08\/24121300\/Prefeitura-de-Itamarandiba.jpg","type":"image\/jpeg"}],"author":"Coordena\u00e7\u00e3o","twitter_card":"summary_large_image","twitter_creator":"@EstratConcursos","twitter_site":"@EstratConcursos","twitter_misc":{"Escrito por":"Coordena\u00e7\u00e3o","Est. tempo de leitura":"5 minutos"},"schema":{"@context":"https:\/\/schema.org","@graph":[{"@type":"NewsArticle","@id":"https:\/\/www.estrategiaconcursos.com.br\/blog\/concurso-prefeitura-itamarandiba\/#article","isPartOf":{"@id":"https:\/\/www.estrategiaconcursos.com.br\/blog\/concurso-prefeitura-itamarandiba\/"},"author":{"name":"Coordena\u00e7\u00e3o","@id":"https:\/\/www.estrategiaconcursos.com.br\/blog\/#\/schema\/person\/b4a388c97673c5f483d72185668afa1f"},"headline":"Concurso Itamarandiba: Prefeitura anuncia suspens\u00e3o!","datePublished":"2021-01-12T20:49:00+00:00","dateModified":"2024-01-16T18:55:06+00:00","mainEntityOfPage":{"@id":"https:\/\/www.estrategiaconcursos.com.br\/blog\/concurso-prefeitura-itamarandiba\/"},"wordCount":1036,"commentCount":0,"publisher":{"@id":"https:\/\/www.estrategiaconcursos.com.br\/blog\/#organization"},"image":{"@id":"https:\/\/www.estrategiaconcursos.com.br\/blog\/concurso-prefeitura-itamarandiba\/#primaryimage"},"thumbnailUrl":"https:\/\/dhg1h5j42swfq.cloudfront.net\/2020\/08\/24121300\/Prefeitura-de-Itamarandiba.jpg","articleSection":["Concursos P\u00fablicos"],"inLanguage":"pt-BR","potentialAction":[{"@type":"CommentAction","name":"Comment","target":["https:\/\/www.estrategiaconcursos.com.br\/blog\/concurso-prefeitura-itamarandiba\/#respond"]}],"copyrightYear":"2021","copyrightHolder":{"@id":"https:\/\/www.estrategiaconcursos.com.br\/blog\/#organization"}},{"@type":"WebPage","@id":"https:\/\/www.estrategiaconcursos.com.br\/blog\/concurso-prefeitura-itamarandiba\/","url":"https:\/\/www.estrategiaconcursos.com.br\/blog\/concurso-prefeitura-itamarandiba\/","name":"Concurso Itamarandiba: Prefeitura anuncia suspens\u00e3o!","isPartOf":{"@id":"https:\/\/www.estrategiaconcursos.com.br\/blog\/#website"},"primaryImageOfPage":{"@id":"https:\/\/www.estrategiaconcursos.com.br\/blog\/concurso-prefeitura-itamarandiba\/#primaryimage"},"image":{"@id":"https:\/\/www.estrategiaconcursos.com.br\/blog\/concurso-prefeitura-itamarandiba\/#primaryimage"},"thumbnailUrl":"https:\/\/dhg1h5j42swfq.cloudfront.net\/2020\/08\/24121300\/Prefeitura-de-Itamarandiba.jpg","datePublished":"2021-01-12T20:49:00+00:00","dateModified":"2024-01-16T18:55:06+00:00","description":"Concurso Itamarandiba - MG: Prefeitura anuncia nova suspens\u00e3o das provas. Edital oferta 118 vagas para diversos cargos. Confira!","breadcrumb":{"@id":"https:\/\/www.estrategiaconcursos.com.br\/blog\/concurso-prefeitura-itamarandiba\/#breadcrumb"},"inLanguage":"pt-BR","potentialAction":[{"@type":"ReadAction","target":["https:\/\/www.estrategiaconcursos.com.br\/blog\/concurso-prefeitura-itamarandiba\/"]}]},{"@type":"ImageObject","inLanguage":"pt-BR","@id":"https:\/\/www.estrategiaconcursos.com.br\/blog\/concurso-prefeitura-itamarandiba\/#primaryimage","url":"https:\/\/dhg1h5j42swfq.cloudfront.net\/2020\/08\/24121300\/Prefeitura-de-Itamarandiba.jpg","contentUrl":"https:\/\/dhg1h5j42swfq.cloudfront.net\/2020\/08\/24121300\/Prefeitura-de-Itamarandiba.jpg","width":1200,"height":628,"caption":"Prefeitura de Itamarandiba"},{"@type":"BreadcrumbList","@id":"https:\/\/www.estrategiaconcursos.com.br\/blog\/concurso-prefeitura-itamarandiba\/#breadcrumb","itemListElement":[{"@type":"ListItem","position":1,"name":"In\u00edcio","item":"https:\/\/www.estrategiaconcursos.com.br\/blog\/"},{"@type":"ListItem","position":2,"name":"Concurso Itamarandiba: Prefeitura anuncia suspens\u00e3o!"}]},{"@type":"WebSite","@id":"https:\/\/www.estrategiaconcursos.com.br\/blog\/#website","url":"https:\/\/www.estrategiaconcursos.com.br\/blog\/","name":"Estrat\u00e9gia Concursos","description":"O blog da Estrat\u00e9gia Concursos traz not\u00edcias sobre concursos e artigos de professores oferecendo cursos para concursos (pdf + videaulas) no site.","publisher":{"@id":"https:\/\/www.estrategiaconcursos.com.br\/blog\/#organization"},"potentialAction":[{"@type":"SearchAction","target":{"@type":"EntryPoint","urlTemplate":"https:\/\/www.estrategiaconcursos.com.br\/blog\/?s={search_term_string}"},"query-input":{"@type":"PropertyValueSpecification","valueRequired":true,"valueName":"search_term_string"}}],"inLanguage":"pt-BR"},{"@type":"Organization","@id":"https:\/\/www.estrategiaconcursos.com.br\/blog\/#organization","name":"Estrat\u00e9gia Concursos","url":"https:\/\/www.estrategiaconcursos.com.br\/blog\/","logo":{"@type":"ImageObject","inLanguage":"pt-BR","@id":"https:\/\/www.estrategiaconcursos.com.br\/blog\/#\/schema\/logo\/image\/","url":"https:\/\/dhg1h5j42swfq.cloudfront.net\/2025\/06\/03203428\/logo_concursos-1.jpg","contentUrl":"https:\/\/dhg1h5j42swfq.cloudfront.net\/2025\/06\/03203428\/logo_concursos-1.jpg","width":230,"height":60,"caption":"Estrat\u00e9gia Concursos"},"image":{"@id":"https:\/\/www.estrategiaconcursos.com.br\/blog\/#\/schema\/logo\/image\/"},"sameAs":["https:\/\/x.com\/EstratConcursos"]},{"@type":"Person","@id":"https:\/\/www.estrategiaconcursos.com.br\/blog\/#\/schema\/person\/b4a388c97673c5f483d72185668afa1f","name":"Coordena\u00e7\u00e3o","image":{"@type":"ImageObject","inLanguage":"pt-BR","@id":"https:\/\/secure.gravatar.com\/avatar\/b720319e4c9a967eb58678d110f4fe35452fc5d5f97b202bac7b8acceb18c6ad?s=96&d=mm&r=g","url":"https:\/\/secure.gravatar.com\/avatar\/b720319e4c9a967eb58678d110f4fe35452fc5d5f97b202bac7b8acceb18c6ad?s=96&d=mm&r=g","contentUrl":"https:\/\/secure.gravatar.com\/avatar\/b720319e4c9a967eb58678d110f4fe35452fc5d5f97b202bac7b8acceb18c6ad?s=96&d=mm&r=g","caption":"Coordena\u00e7\u00e3o"},"sameAs":["https:\/\/www.facebook.com\/EstrategiaConcursos","https:\/\/x.com\/EstratConcursos"],"url":"https:\/\/www.estrategiaconcursos.com.br\/blog\/author\/estrategia2013\/"}]}},"_links":{"self":[{"href":"https:\/\/www.estrategiaconcursos.com.br\/blog\/wp-json\/wp\/v2\/posts\/512494","targetHints":{"allow":["GET"]}}],"collection":[{"href":"https:\/\/www.estrategiaconcursos.com.br\/blog\/wp-json\/wp\/v2\/posts"}],"about":[{"href":"https:\/\/www.estrategiaconcursos.com.br\/blog\/wp-json\/wp\/v2\/types\/post"}],"author":[{"embeddable":true,"href":"https:\/\/www.estrategiaconcursos.com.br\/blog\/wp-json\/wp\/v2\/users\/1"}],"replies":[{"embeddable":true,"href":"https:\/\/www.estrategiaconcursos.com.br\/blog\/wp-json\/wp\/v2\/comments?post=512494"}],"version-history":[{"count":26,"href":"https:\/\/www.estrategiaconcursos.com.br\/blog\/wp-json\/wp\/v2\/posts\/512494\/revisions"}],"predecessor-version":[{"id":649529,"href":"https:\/\/www.estrategiaconcursos.com.br\/blog\/wp-json\/wp\/v2\/posts\/512494\/revisions\/649529"}],"wp:featuredmedia":[{"embeddable":true,"href":"https:\/\/www.estrategiaconcursos.com.br\/blog\/wp-json\/wp\/v2\/media\/577369"}],"wp:attachment":[{"href":"https:\/\/www.estrategiaconcursos.com.br\/blog\/wp-json\/wp\/v2\/media?parent=512494"}],"wp:term":[{"taxonomy":"category","embeddable":true,"href":"https:\/\/www.estrategiaconcursos.com.br\/blog\/wp-json\/wp\/v2\/categories?post=512494"},{"taxonomy":"post_tag","embeddable":true,"href":"https:\/\/www.estrategiaconcursos.com.br\/blog\/wp-json\/wp\/v2\/tags?post=512494"},{"taxonomy":"tax_estado","embeddable":true,"href":"https:\/\/www.estrategiaconcursos.com.br\/blog\/wp-json\/wp\/v2\/tax_estado?post=512494"}],"curies":[{"name":"wp","href":"https:\/\/api.w.org\/{rel}","templated":true}]}}