{"id":51249,"date":"2016-10-02T20:02:32","date_gmt":"2016-10-02T23:02:32","guid":{"rendered":"https:\/\/www.estrategiaconcursos.com.br\/blog\/?p=51249"},"modified":"2016-10-02T20:04:16","modified_gmt":"2016-10-02T23:04:16","slug":"sim-o-pensamento-cria","status":"publish","type":"post","link":"https:\/\/www.estrategiaconcursos.com.br\/blog\/sim-o-pensamento-cria\/","title":{"rendered":"Sim! O pensamento cria."},"content":{"rendered":"<p>O que eu mais gosto de fazer \u00e9 meditar.<\/p>\n<p>Eu ainda n\u00e3o tenho a tradicional t\u00e9cnica que muitos utilizam, com concentra\u00e7\u00e3o, respira\u00e7\u00e3o e mente vazia.<\/p>\n<p>Ainda n\u00e3o.<\/p>\n<p>Mas, mesmo assim, medito muito. Penso demais sobre a minha vida e de como estou at\u00e9 aqui.<\/p>\n<p>Agrade\u00e7o e tenho medo.<\/p>\n<p>Agrade\u00e7o, pois muito do que sou, s\u00e3o desejos que tive l\u00e1 atr\u00e1s. N\u00e3o digo 2 ou 3 anos, mas coisa de 10 ou 15, e at\u00e9 mais do que isso.<\/p>\n<p>Quando percebo que todos aqueles pedidos t\u00eam sido realizados, agrade\u00e7o.<\/p>\n<p>Agrade\u00e7o e tenho medo.<\/p>\n<p>Medo, pois nem todos os pedidos eram t\u00e3o bons ou t\u00e3o nobres.<\/p>\n<p>Mas isso, n\u00e3o por eu ser uma pessoa m\u00e1. Nada disso.<\/p>\n<p>Certa vez, uma amiga me disse que ao ler o Apanhador no Campo de Centeios, teve certeza de que o protagonista tinha sido inspirado em mim.<\/p>\n<p>Quem conhece minha risada, sabe que soltei um sonoro R\u00c1!!!!!<\/p>\n<p>Um R\u00e1, um tanto mais nervoso do que verdadeiramente engra\u00e7ado. Confesso.<\/p>\n<p>Pra quem leu o livro, o protagonista \u00e9 um mala. R\u00c1! Reclama demais. Sobre tudo, racionaliza. \u00c9 um turbilh\u00e3o de ideias.<\/p>\n<p>Por isso, passei por aqui, para que voc\u00ea tente deixar de reclamar durante a jornada que est\u00e1 enfrentando, para que este tempo de estudos seja o mais leve poss\u00edvel.<\/p>\n<p>Afinal, tenha a certeza de que daqui a 10 ou 15 anos, voc\u00ea ser\u00e1 muito do que desejou hoje.<\/p>\n<p><a href=\"https:\/\/dhg1h5j42swfq.cloudfront.net\/2016\/10\/02195903\/Desejos.jpg\"><img loading=\"lazy\" decoding=\"async\" class=\"alignnone size-medium wp-image-51252\" src=\"https:\/\/dhg1h5j42swfq.cloudfront.net\/2016\/10\/02195903\/Desejos-300x297.jpg\" alt=\"Desejos\" width=\"300\" height=\"297\" srcset=\"https:\/\/dhg1h5j42swfq.cloudfront.net\/2016\/10\/02195903\/Desejos.jpg 300w, https:\/\/dhg1h5j42swfq.cloudfront.net\/2016\/10\/02195903\/Desejos.jpg 150w, https:\/\/dhg1h5j42swfq.cloudfront.net\/2016\/10\/02195903\/Desejos.jpg 303w, https:\/\/dhg1h5j42swfq.cloudfront.net\/2016\/10\/02195903\/Desejos.jpg 545w\" sizes=\"auto, (max-width: 300px) 100vw, 300px\" \/><\/a><\/p>\n<p>&nbsp;<\/p>\n<p><a href=\"https:\/\/www.facebook.com\/profjoaomauricio\">https:\/\/www.facebook.com\/profjoaomauricio<\/a><\/p>\n<p><a href=\"https:\/\/www.youtube.com\/channel\/UCpl7AUn4B_2BR2dGneYk3WQ\">https:\/\/www.youtube.com\/channel\/UCpl7AUn4B_2BR2dGneYk3WQ<\/a><\/p>\n","protected":false},"excerpt":{"rendered":"<p>O que eu mais gosto de fazer \u00e9 meditar. Eu ainda n\u00e3o tenho a tradicional t\u00e9cnica que muitos utilizam, com concentra\u00e7\u00e3o, respira\u00e7\u00e3o e mente vazia. Ainda n\u00e3o. Mas, mesmo assim, medito muito. Penso demais sobre a minha vida e de como estou at\u00e9 aqui. Agrade\u00e7o e tenho medo. Agrade\u00e7o, pois muito do que sou, s\u00e3o [&hellip;]<\/p>\n","protected":false},"author":1,"featured_media":0,"comment_status":"open","ping_status":"open","sticky":false,"template":"","format":"standard","meta":{"post_tipo":"news","footnotes":""},"categories":[1],"tags":[],"tax_estado":[],"class_list":["post-51249","post","type-post","status-publish","format-standard","hentry","category-cursos-e-concursos"],"acf":[],"yoast_head":"<!-- This site is optimized with the Yoast SEO Premium plugin v27.2 (Yoast SEO v27.2) - https:\/\/yoast.com\/product\/yoast-seo-premium-wordpress\/ -->\n<title>Sim! O pensamento cria.<\/title>\n<meta name=\"robots\" content=\"index, follow, max-snippet:-1, max-image-preview:large, max-video-preview:-1\" \/>\n<link rel=\"canonical\" href=\"https:\/\/www.estrategiaconcursos.com.br\/blog\/sim-o-pensamento-cria\/\" \/>\n<meta property=\"og:locale\" content=\"pt_BR\" \/>\n<meta property=\"og:type\" content=\"article\" \/>\n<meta property=\"og:title\" content=\"Sim! O pensamento cria.\" \/>\n<meta property=\"og:description\" content=\"O que eu mais gosto de fazer \u00e9 meditar. Eu ainda n\u00e3o tenho a tradicional t\u00e9cnica que muitos utilizam, com concentra\u00e7\u00e3o, respira\u00e7\u00e3o e mente vazia. Ainda n\u00e3o. Mas, mesmo assim, medito muito. Penso demais sobre a minha vida e de como estou at\u00e9 aqui. Agrade\u00e7o e tenho medo. Agrade\u00e7o, pois muito do que sou, s\u00e3o [&hellip;]\" \/>\n<meta property=\"og:url\" content=\"https:\/\/www.estrategiaconcursos.com.br\/blog\/sim-o-pensamento-cria\/\" \/>\n<meta property=\"og:site_name\" content=\"Estrat\u00e9gia Concursos\" \/>\n<meta property=\"article:author\" content=\"https:\/\/www.facebook.com\/EstrategiaConcursos\" \/>\n<meta property=\"article:published_time\" content=\"2016-10-02T23:02:32+00:00\" \/>\n<meta property=\"article:modified_time\" content=\"2016-10-02T23:04:16+00:00\" \/>\n<meta property=\"og:image\" content=\"https:\/\/dhg1h5j42swfq.cloudfront.net\/2016\/10\/02195903\/Desejos-300x297.jpg\" \/>\n<meta name=\"author\" content=\"Coordena\u00e7\u00e3o\" \/>\n<meta name=\"twitter:card\" content=\"summary_large_image\" \/>\n<meta name=\"twitter:creator\" content=\"@EstratConcursos\" \/>\n<meta name=\"twitter:site\" content=\"@EstratConcursos\" \/>\n<meta name=\"twitter:label1\" content=\"Escrito por\" \/>\n\t<meta name=\"twitter:data1\" content=\"Coordena\u00e7\u00e3o\" \/>\n\t<meta name=\"twitter:label2\" content=\"Est. tempo de leitura\" \/>\n\t<meta name=\"twitter:data2\" content=\"1 minuto\" \/>\n<script type=\"application\/ld+json\" class=\"yoast-schema-graph\">{\"@context\":\"https:\/\/schema.org\",\"@graph\":[{\"@type\":\"NewsArticle\",\"@id\":\"https:\/\/www.estrategiaconcursos.com.br\/blog\/sim-o-pensamento-cria\/#article\",\"isPartOf\":{\"@id\":\"https:\/\/www.estrategiaconcursos.com.br\/blog\/sim-o-pensamento-cria\/\"},\"author\":{\"name\":\"Coordena\u00e7\u00e3o\",\"@id\":\"https:\/\/www.estrategiaconcursos.com.br\/blog\/#\/schema\/person\/b4a388c97673c5f483d72185668afa1f\"},\"headline\":\"Sim! O pensamento cria.\",\"datePublished\":\"2016-10-02T23:02:32+00:00\",\"dateModified\":\"2016-10-02T23:04:16+00:00\",\"mainEntityOfPage\":{\"@id\":\"https:\/\/www.estrategiaconcursos.com.br\/blog\/sim-o-pensamento-cria\/\"},\"wordCount\":262,\"commentCount\":6,\"publisher\":{\"@id\":\"https:\/\/www.estrategiaconcursos.com.br\/blog\/#organization\"},\"image\":{\"@id\":\"https:\/\/www.estrategiaconcursos.com.br\/blog\/sim-o-pensamento-cria\/#primaryimage\"},\"thumbnailUrl\":\"https:\/\/dhg1h5j42swfq.cloudfront.net\/2016\/10\/02195903\/Desejos-300x297.jpg\",\"articleSection\":[\"Concursos P\u00fablicos\"],\"inLanguage\":\"pt-BR\",\"potentialAction\":[{\"@type\":\"CommentAction\",\"name\":\"Comment\",\"target\":[\"https:\/\/www.estrategiaconcursos.com.br\/blog\/sim-o-pensamento-cria\/#respond\"]}],\"copyrightYear\":\"2016\",\"copyrightHolder\":{\"@id\":\"https:\/\/www.estrategiaconcursos.com.br\/blog\/#organization\"}},{\"@type\":\"WebPage\",\"@id\":\"https:\/\/www.estrategiaconcursos.com.br\/blog\/sim-o-pensamento-cria\/\",\"url\":\"https:\/\/www.estrategiaconcursos.com.br\/blog\/sim-o-pensamento-cria\/\",\"name\":\"Sim! O pensamento cria.\",\"isPartOf\":{\"@id\":\"https:\/\/www.estrategiaconcursos.com.br\/blog\/#website\"},\"primaryImageOfPage\":{\"@id\":\"https:\/\/www.estrategiaconcursos.com.br\/blog\/sim-o-pensamento-cria\/#primaryimage\"},\"image\":{\"@id\":\"https:\/\/www.estrategiaconcursos.com.br\/blog\/sim-o-pensamento-cria\/#primaryimage\"},\"thumbnailUrl\":\"https:\/\/dhg1h5j42swfq.cloudfront.net\/2016\/10\/02195903\/Desejos-300x297.jpg\",\"datePublished\":\"2016-10-02T23:02:32+00:00\",\"dateModified\":\"2016-10-02T23:04:16+00:00\",\"breadcrumb\":{\"@id\":\"https:\/\/www.estrategiaconcursos.com.br\/blog\/sim-o-pensamento-cria\/#breadcrumb\"},\"inLanguage\":\"pt-BR\",\"potentialAction\":[{\"@type\":\"ReadAction\",\"target\":[\"https:\/\/www.estrategiaconcursos.com.br\/blog\/sim-o-pensamento-cria\/\"]}]},{\"@type\":\"ImageObject\",\"inLanguage\":\"pt-BR\",\"@id\":\"https:\/\/www.estrategiaconcursos.com.br\/blog\/sim-o-pensamento-cria\/#primaryimage\",\"url\":\"https:\/\/dhg1h5j42swfq.cloudfront.net\/2016\/10\/02195903\/Desejos-300x297.jpg\",\"contentUrl\":\"https:\/\/dhg1h5j42swfq.cloudfront.net\/2016\/10\/02195903\/Desejos-300x297.jpg\"},{\"@type\":\"BreadcrumbList\",\"@id\":\"https:\/\/www.estrategiaconcursos.com.br\/blog\/sim-o-pensamento-cria\/#breadcrumb\",\"itemListElement\":[{\"@type\":\"ListItem\",\"position\":1,\"name\":\"In\u00edcio\",\"item\":\"https:\/\/www.estrategiaconcursos.com.br\/blog\/\"},{\"@type\":\"ListItem\",\"position\":2,\"name\":\"Sim! O pensamento cria.\"}]},{\"@type\":\"WebSite\",\"@id\":\"https:\/\/www.estrategiaconcursos.com.br\/blog\/#website\",\"url\":\"https:\/\/www.estrategiaconcursos.com.br\/blog\/\",\"name\":\"Estrat\u00e9gia Concursos\",\"description\":\"O blog da Estrat\u00e9gia Concursos traz not\u00edcias sobre concursos e artigos de professores oferecendo cursos para concursos (pdf + videaulas) no site.\",\"publisher\":{\"@id\":\"https:\/\/www.estrategiaconcursos.com.br\/blog\/#organization\"},\"potentialAction\":[{\"@type\":\"SearchAction\",\"target\":{\"@type\":\"EntryPoint\",\"urlTemplate\":\"https:\/\/www.estrategiaconcursos.com.br\/blog\/?s={search_term_string}\"},\"query-input\":{\"@type\":\"PropertyValueSpecification\",\"valueRequired\":true,\"valueName\":\"search_term_string\"}}],\"inLanguage\":\"pt-BR\"},{\"@type\":\"Organization\",\"@id\":\"https:\/\/www.estrategiaconcursos.com.br\/blog\/#organization\",\"name\":\"Estrat\u00e9gia Concursos\",\"url\":\"https:\/\/www.estrategiaconcursos.com.br\/blog\/\",\"logo\":{\"@type\":\"ImageObject\",\"inLanguage\":\"pt-BR\",\"@id\":\"https:\/\/www.estrategiaconcursos.com.br\/blog\/#\/schema\/logo\/image\/\",\"url\":\"https:\/\/dhg1h5j42swfq.cloudfront.net\/2025\/06\/03203428\/logo_concursos-1.jpg\",\"contentUrl\":\"https:\/\/dhg1h5j42swfq.cloudfront.net\/2025\/06\/03203428\/logo_concursos-1.jpg\",\"width\":230,\"height\":60,\"caption\":\"Estrat\u00e9gia Concursos\"},\"image\":{\"@id\":\"https:\/\/www.estrategiaconcursos.com.br\/blog\/#\/schema\/logo\/image\/\"},\"sameAs\":[\"https:\/\/x.com\/EstratConcursos\"]},{\"@type\":\"Person\",\"@id\":\"https:\/\/www.estrategiaconcursos.com.br\/blog\/#\/schema\/person\/b4a388c97673c5f483d72185668afa1f\",\"name\":\"Coordena\u00e7\u00e3o\",\"image\":{\"@type\":\"ImageObject\",\"inLanguage\":\"pt-BR\",\"@id\":\"https:\/\/secure.gravatar.com\/avatar\/b720319e4c9a967eb58678d110f4fe35452fc5d5f97b202bac7b8acceb18c6ad?s=96&d=mm&r=g\",\"url\":\"https:\/\/secure.gravatar.com\/avatar\/b720319e4c9a967eb58678d110f4fe35452fc5d5f97b202bac7b8acceb18c6ad?s=96&d=mm&r=g\",\"contentUrl\":\"https:\/\/secure.gravatar.com\/avatar\/b720319e4c9a967eb58678d110f4fe35452fc5d5f97b202bac7b8acceb18c6ad?s=96&d=mm&r=g\",\"caption\":\"Coordena\u00e7\u00e3o\"},\"sameAs\":[\"https:\/\/www.facebook.com\/EstrategiaConcursos\",\"https:\/\/x.com\/EstratConcursos\"],\"url\":\"https:\/\/www.estrategiaconcursos.com.br\/blog\/author\/estrategia2013\/\"}]}<\/script>\n<!-- \/ Yoast SEO Premium plugin. -->","yoast_head_json":{"title":"Sim! O pensamento cria.","robots":{"index":"index","follow":"follow","max-snippet":"max-snippet:-1","max-image-preview":"max-image-preview:large","max-video-preview":"max-video-preview:-1"},"canonical":"https:\/\/www.estrategiaconcursos.com.br\/blog\/sim-o-pensamento-cria\/","og_locale":"pt_BR","og_type":"article","og_title":"Sim! O pensamento cria.","og_description":"O que eu mais gosto de fazer \u00e9 meditar. Eu ainda n\u00e3o tenho a tradicional t\u00e9cnica que muitos utilizam, com concentra\u00e7\u00e3o, respira\u00e7\u00e3o e mente vazia. Ainda n\u00e3o. Mas, mesmo assim, medito muito. Penso demais sobre a minha vida e de como estou at\u00e9 aqui. Agrade\u00e7o e tenho medo. Agrade\u00e7o, pois muito do que sou, s\u00e3o [&hellip;]","og_url":"https:\/\/www.estrategiaconcursos.com.br\/blog\/sim-o-pensamento-cria\/","og_site_name":"Estrat\u00e9gia Concursos","article_author":"https:\/\/www.facebook.com\/EstrategiaConcursos","article_published_time":"2016-10-02T23:02:32+00:00","article_modified_time":"2016-10-02T23:04:16+00:00","og_image":[{"url":"https:\/\/dhg1h5j42swfq.cloudfront.net\/2016\/10\/02195903\/Desejos-300x297.jpg","type":"","width":"","height":""}],"author":"Coordena\u00e7\u00e3o","twitter_card":"summary_large_image","twitter_creator":"@EstratConcursos","twitter_site":"@EstratConcursos","twitter_misc":{"Escrito por":"Coordena\u00e7\u00e3o","Est. tempo de leitura":"1 minuto"},"schema":{"@context":"https:\/\/schema.org","@graph":[{"@type":"NewsArticle","@id":"https:\/\/www.estrategiaconcursos.com.br\/blog\/sim-o-pensamento-cria\/#article","isPartOf":{"@id":"https:\/\/www.estrategiaconcursos.com.br\/blog\/sim-o-pensamento-cria\/"},"author":{"name":"Coordena\u00e7\u00e3o","@id":"https:\/\/www.estrategiaconcursos.com.br\/blog\/#\/schema\/person\/b4a388c97673c5f483d72185668afa1f"},"headline":"Sim! O pensamento cria.","datePublished":"2016-10-02T23:02:32+00:00","dateModified":"2016-10-02T23:04:16+00:00","mainEntityOfPage":{"@id":"https:\/\/www.estrategiaconcursos.com.br\/blog\/sim-o-pensamento-cria\/"},"wordCount":262,"commentCount":6,"publisher":{"@id":"https:\/\/www.estrategiaconcursos.com.br\/blog\/#organization"},"image":{"@id":"https:\/\/www.estrategiaconcursos.com.br\/blog\/sim-o-pensamento-cria\/#primaryimage"},"thumbnailUrl":"https:\/\/dhg1h5j42swfq.cloudfront.net\/2016\/10\/02195903\/Desejos-300x297.jpg","articleSection":["Concursos P\u00fablicos"],"inLanguage":"pt-BR","potentialAction":[{"@type":"CommentAction","name":"Comment","target":["https:\/\/www.estrategiaconcursos.com.br\/blog\/sim-o-pensamento-cria\/#respond"]}],"copyrightYear":"2016","copyrightHolder":{"@id":"https:\/\/www.estrategiaconcursos.com.br\/blog\/#organization"}},{"@type":"WebPage","@id":"https:\/\/www.estrategiaconcursos.com.br\/blog\/sim-o-pensamento-cria\/","url":"https:\/\/www.estrategiaconcursos.com.br\/blog\/sim-o-pensamento-cria\/","name":"Sim! O pensamento cria.","isPartOf":{"@id":"https:\/\/www.estrategiaconcursos.com.br\/blog\/#website"},"primaryImageOfPage":{"@id":"https:\/\/www.estrategiaconcursos.com.br\/blog\/sim-o-pensamento-cria\/#primaryimage"},"image":{"@id":"https:\/\/www.estrategiaconcursos.com.br\/blog\/sim-o-pensamento-cria\/#primaryimage"},"thumbnailUrl":"https:\/\/dhg1h5j42swfq.cloudfront.net\/2016\/10\/02195903\/Desejos-300x297.jpg","datePublished":"2016-10-02T23:02:32+00:00","dateModified":"2016-10-02T23:04:16+00:00","breadcrumb":{"@id":"https:\/\/www.estrategiaconcursos.com.br\/blog\/sim-o-pensamento-cria\/#breadcrumb"},"inLanguage":"pt-BR","potentialAction":[{"@type":"ReadAction","target":["https:\/\/www.estrategiaconcursos.com.br\/blog\/sim-o-pensamento-cria\/"]}]},{"@type":"ImageObject","inLanguage":"pt-BR","@id":"https:\/\/www.estrategiaconcursos.com.br\/blog\/sim-o-pensamento-cria\/#primaryimage","url":"https:\/\/dhg1h5j42swfq.cloudfront.net\/2016\/10\/02195903\/Desejos-300x297.jpg","contentUrl":"https:\/\/dhg1h5j42swfq.cloudfront.net\/2016\/10\/02195903\/Desejos-300x297.jpg"},{"@type":"BreadcrumbList","@id":"https:\/\/www.estrategiaconcursos.com.br\/blog\/sim-o-pensamento-cria\/#breadcrumb","itemListElement":[{"@type":"ListItem","position":1,"name":"In\u00edcio","item":"https:\/\/www.estrategiaconcursos.com.br\/blog\/"},{"@type":"ListItem","position":2,"name":"Sim! O pensamento cria."}]},{"@type":"WebSite","@id":"https:\/\/www.estrategiaconcursos.com.br\/blog\/#website","url":"https:\/\/www.estrategiaconcursos.com.br\/blog\/","name":"Estrat\u00e9gia Concursos","description":"O blog da Estrat\u00e9gia Concursos traz not\u00edcias sobre concursos e artigos de professores oferecendo cursos para concursos (pdf + videaulas) no site.","publisher":{"@id":"https:\/\/www.estrategiaconcursos.com.br\/blog\/#organization"},"potentialAction":[{"@type":"SearchAction","target":{"@type":"EntryPoint","urlTemplate":"https:\/\/www.estrategiaconcursos.com.br\/blog\/?s={search_term_string}"},"query-input":{"@type":"PropertyValueSpecification","valueRequired":true,"valueName":"search_term_string"}}],"inLanguage":"pt-BR"},{"@type":"Organization","@id":"https:\/\/www.estrategiaconcursos.com.br\/blog\/#organization","name":"Estrat\u00e9gia Concursos","url":"https:\/\/www.estrategiaconcursos.com.br\/blog\/","logo":{"@type":"ImageObject","inLanguage":"pt-BR","@id":"https:\/\/www.estrategiaconcursos.com.br\/blog\/#\/schema\/logo\/image\/","url":"https:\/\/dhg1h5j42swfq.cloudfront.net\/2025\/06\/03203428\/logo_concursos-1.jpg","contentUrl":"https:\/\/dhg1h5j42swfq.cloudfront.net\/2025\/06\/03203428\/logo_concursos-1.jpg","width":230,"height":60,"caption":"Estrat\u00e9gia Concursos"},"image":{"@id":"https:\/\/www.estrategiaconcursos.com.br\/blog\/#\/schema\/logo\/image\/"},"sameAs":["https:\/\/x.com\/EstratConcursos"]},{"@type":"Person","@id":"https:\/\/www.estrategiaconcursos.com.br\/blog\/#\/schema\/person\/b4a388c97673c5f483d72185668afa1f","name":"Coordena\u00e7\u00e3o","image":{"@type":"ImageObject","inLanguage":"pt-BR","@id":"https:\/\/secure.gravatar.com\/avatar\/b720319e4c9a967eb58678d110f4fe35452fc5d5f97b202bac7b8acceb18c6ad?s=96&d=mm&r=g","url":"https:\/\/secure.gravatar.com\/avatar\/b720319e4c9a967eb58678d110f4fe35452fc5d5f97b202bac7b8acceb18c6ad?s=96&d=mm&r=g","contentUrl":"https:\/\/secure.gravatar.com\/avatar\/b720319e4c9a967eb58678d110f4fe35452fc5d5f97b202bac7b8acceb18c6ad?s=96&d=mm&r=g","caption":"Coordena\u00e7\u00e3o"},"sameAs":["https:\/\/www.facebook.com\/EstrategiaConcursos","https:\/\/x.com\/EstratConcursos"],"url":"https:\/\/www.estrategiaconcursos.com.br\/blog\/author\/estrategia2013\/"}]}},"_links":{"self":[{"href":"https:\/\/www.estrategiaconcursos.com.br\/blog\/wp-json\/wp\/v2\/posts\/51249","targetHints":{"allow":["GET"]}}],"collection":[{"href":"https:\/\/www.estrategiaconcursos.com.br\/blog\/wp-json\/wp\/v2\/posts"}],"about":[{"href":"https:\/\/www.estrategiaconcursos.com.br\/blog\/wp-json\/wp\/v2\/types\/post"}],"author":[{"embeddable":true,"href":"https:\/\/www.estrategiaconcursos.com.br\/blog\/wp-json\/wp\/v2\/users\/1"}],"replies":[{"embeddable":true,"href":"https:\/\/www.estrategiaconcursos.com.br\/blog\/wp-json\/wp\/v2\/comments?post=51249"}],"version-history":[{"count":3,"href":"https:\/\/www.estrategiaconcursos.com.br\/blog\/wp-json\/wp\/v2\/posts\/51249\/revisions"}],"predecessor-version":[{"id":51254,"href":"https:\/\/www.estrategiaconcursos.com.br\/blog\/wp-json\/wp\/v2\/posts\/51249\/revisions\/51254"}],"wp:attachment":[{"href":"https:\/\/www.estrategiaconcursos.com.br\/blog\/wp-json\/wp\/v2\/media?parent=51249"}],"wp:term":[{"taxonomy":"category","embeddable":true,"href":"https:\/\/www.estrategiaconcursos.com.br\/blog\/wp-json\/wp\/v2\/categories?post=51249"},{"taxonomy":"post_tag","embeddable":true,"href":"https:\/\/www.estrategiaconcursos.com.br\/blog\/wp-json\/wp\/v2\/tags?post=51249"},{"taxonomy":"tax_estado","embeddable":true,"href":"https:\/\/www.estrategiaconcursos.com.br\/blog\/wp-json\/wp\/v2\/tax_estado?post=51249"}],"curies":[{"name":"wp","href":"https:\/\/api.w.org\/{rel}","templated":true}]}}