{"id":512487,"date":"2020-05-08T10:17:50","date_gmt":"2020-05-08T13:17:50","guid":{"rendered":"https:\/\/www.estrategiaconcursos.com.br\/blog\/?p=512487"},"modified":"2020-05-08T11:37:21","modified_gmt":"2020-05-08T14:37:21","slug":"concurso-mp-mt-promotor-retomado","status":"publish","type":"post","link":"https:\/\/www.estrategiaconcursos.com.br\/blog\/concurso-mp-mt-promotor-retomado\/","title":{"rendered":"Concurso MP MT Promotor ser\u00e1 retomado; conhe\u00e7a o cronograma"},"content":{"rendered":"\n<p>O <strong>Minist\u00e9rio P\u00fablico do Mato Grosso<\/strong> anunciou na quinta-feira (08) a <strong>retomada<\/strong> das atividade do concurso para <strong>Promotor de Justi\u00e7a<\/strong>, suspenso desde o in\u00edcio do m\u00eas de abril. <\/p>\n\n\n\n<p>A suspens\u00e3o de atividades fez parte de uma s\u00e9rie de medidas anunciadas pelos \u00f3rg\u00e3os p\u00fablicos mato-grossenses para mitigar a dissemina\u00e7\u00e3o do novo coronav\u00edrus (COVID-19) no territ\u00f3rio estadual.<\/p>\n\n\n\n<p>De acordo com o comunicado da comiss\u00e3o do certame, a aplica\u00e7\u00e3o da <strong>prova oral<\/strong> ser\u00e1 realizada entre os dias <strong>15 e 23 de julho de 2020<\/strong>.  O \u00f3rg\u00e3o asseverou que monitora com aten\u00e7\u00e3o os riscos de contamina\u00e7\u00e3o e que, caso necess\u00e1rio, ser\u00e3o buscadas alternativas para a realiza\u00e7\u00e3o desta fase do certame.<\/p>\n\n\n\n<p>O comunicado foi divulgado nos portais oficiais do MP MT e da Funda\u00e7\u00e3o Carlos Chagas, banca organizadora do certame. A Comiss\u00e3o do Concurso tamb\u00e9m implementar\u00e1 uma s\u00e9rie de medidas preventivas para a aplica\u00e7\u00e3o da prova oral. <a href=\"https:\/\/dhg1h5j42swfq.cloudfront.net\/2020\/05\/08101412\/assinado_comunicado_n0_10.2020_1-1.pdf\" target=\"_blank\" rel=\"noreferrer noopener\">Clique aqui para acessar a \u00edntegra do comunicado<\/a>.<\/p>\n\n\n\n<p> <\/p>\n\n\n\n<h2 class=\"wp-block-heading\"><a href=\"https:\/\/www.estrategiaconcursos.com.br\/sistema-de-questoes#\/\" target=\"_blank\" rel=\"noreferrer noopener\">O l\u00edder em aprova\u00e7\u00f5es vai lan\u00e7ar o maior sistema de quest\u00f5es<\/a><\/h2>\n\n\n\n<p>Estrat\u00e9gia Quest\u00f5es vai nascer maior do que todos os concorrentes, com mais quest\u00f5es cadastradas e mais solu\u00e7\u00f5es por professores.<\/p>\n\n\n\n<p>Acompanhe AO VIVO o lan\u00e7amento do maior sistema de quest\u00f5es do Brasil e aproveite os descontos e b\u00f4nus imperd\u00edveis!<\/p>\n\n\n\n<figure class=\"wp-block-image\"><a href=\"https:\/\/www.youtube.com\/watch?v=uPUGbXOPGqk\" target=\"_blank\" rel=\"noopener noreferrer\"><img decoding=\"async\" src=\"https:\/\/dhg1h5j42swfq.cloudfront.net\/2020\/05\/07084459\/banner-1024x235.jpg\" alt=\"O atributo alt desta imagem est\u00e1 vazio. O nome do arquivo \u00e9 banner-1024x235.jpg\"\/><\/a><\/figure>\n\n\n\n<p><\/p>\n\n\n\n<p class=\"has-text-color has-background has-text-align-center has-medium-font-size has-very-dark-gray-color has-cyan-bluish-gray-background-color\"><strong>Mais informa\u00e7\u00f5es<\/strong>: <a href=\"https:\/\/www.estrategiaconcursos.com.br\/blog\/concurso-mp-mt-promotor\/\" target=\"_blank\" rel=\"noreferrer noopener\">Concurso MP MT Promotor<\/a><\/p>\n\n\n\n<p style=\"font-size:23px\" class=\"has-background has-text-align-center has-luminous-vivid-amber-background-color\"><a href=\"https:\/\/www.estrategiaconcursos.com.br\/cursosPorConcurso\/mp-mt-ministerio-publico-do-mato-grosso-promotor\/\">CURSOS CONCURSO MP MT PROMOTOR<\/a><\/p>\n\n\n\n<p class=\"has-text-align-center\"><strong><em>Fique por dentro dos concursos vigentes:<\/em><\/strong><\/p>\n\n\n\n<p style=\"font-size:23px\" class=\"has-background has-text-align-center has-pale-cyan-blue-background-color\"><strong><a href=\"https:\/\/www.estrategiaconcursos.com.br\/blog\/concursos-abertos\/\" target=\"_blank\" rel=\"noreferrer noopener\">CONCURSOS ABERTOS<\/a><\/strong><\/p>\n\n\n\n<p style=\"font-size:23px\" class=\"has-background has-text-align-center has-pale-cyan-blue-background-color\"><strong><a rel=\"noreferrer noopener\" href=\"https:\/\/www.estrategiaconcursos.com.br\/blog\/concursos-2020\/\" target=\"_blank\">CONCURSOS&nbsp;2020<\/a><\/strong><\/p>\n\n\n\n<p style=\"font-size:23px\" class=\"has-background has-text-align-center has-pale-cyan-blue-background-color\"><strong><a href=\"https:\/\/www.estrategiaconcursos.com.br\/blog\/concursos-de-direito\/\">CONCURSOS DE DIREITO<\/a><\/strong><\/p>\n","protected":false},"excerpt":{"rendered":"<p>O Minist\u00e9rio P\u00fablico do Mato Grosso anunciou na quinta-feira (08) a retomada das atividade do concurso para Promotor de Justi\u00e7a, suspenso desde o in\u00edcio do m\u00eas de abril. A suspens\u00e3o de atividades fez parte de uma s\u00e9rie de medidas anunciadas pelos \u00f3rg\u00e3os p\u00fablicos mato-grossenses para mitigar a dissemina\u00e7\u00e3o do novo coronav\u00edrus (COVID-19) no territ\u00f3rio estadual. [&hellip;]<\/p>\n","protected":false},"author":180,"featured_media":172795,"comment_status":"open","ping_status":"closed","sticky":false,"template":"","format":"standard","meta":{"post_tipo":"article","footnotes":""},"categories":[1,2185],"tags":[],"tax_estado":[],"class_list":["post-512487","post","type-post","status-publish","format-standard","has-post-thumbnail","hentry","category-cursos-e-concursos","category-carreiras-juridicas"],"acf":[],"yoast_head":"<!-- This site is optimized with the Yoast SEO Premium plugin v27.2 (Yoast SEO v27.2) - https:\/\/yoast.com\/product\/yoast-seo-premium-wordpress\/ -->\n<title>Concurso MP MT Promotor ser\u00e1 retomado; conhe\u00e7a o cronograma<\/title>\n<meta name=\"description\" content=\"Concurso MP MT Promotor ser\u00e1 retomado, com provas orais previstas para julho de 2020. Concurso \u00e9 organizado pela FCC e oferta 3 vagas imediatas.\" \/>\n<meta name=\"robots\" content=\"index, follow, max-snippet:-1, max-image-preview:large, max-video-preview:-1\" \/>\n<link rel=\"canonical\" href=\"https:\/\/www.estrategiaconcursos.com.br\/blog\/concurso-mp-mt-promotor-retomado\/\" \/>\n<meta property=\"og:locale\" content=\"pt_BR\" \/>\n<meta property=\"og:type\" content=\"article\" \/>\n<meta property=\"og:title\" content=\"Concurso MP MT Promotor ser\u00e1 retomado; conhe\u00e7a o cronograma\" \/>\n<meta property=\"og:description\" content=\"Concurso MP MT Promotor ser\u00e1 retomado, com provas orais previstas para julho de 2020. Concurso \u00e9 organizado pela FCC e oferta 3 vagas imediatas.\" \/>\n<meta property=\"og:url\" content=\"https:\/\/www.estrategiaconcursos.com.br\/blog\/concurso-mp-mt-promotor-retomado\/\" \/>\n<meta property=\"og:site_name\" content=\"Estrat\u00e9gia Concursos\" \/>\n<meta property=\"article:author\" content=\"https:\/\/www.facebook.com\/ricardo.s.torques\" \/>\n<meta property=\"article:published_time\" content=\"2020-05-08T13:17:50+00:00\" \/>\n<meta property=\"article:modified_time\" content=\"2020-05-08T14:37:21+00:00\" \/>\n<meta property=\"og:image\" content=\"https:\/\/dhg1h5j42swfq.cloudfront.net\/2019\/03\/20103518\/concurso-mp-mt.png\" \/>\n\t<meta property=\"og:image:width\" content=\"400\" \/>\n\t<meta property=\"og:image:height\" content=\"209\" \/>\n\t<meta property=\"og:image:type\" content=\"image\/png\" \/>\n<meta name=\"author\" content=\"Ricardo Torques\" \/>\n<meta name=\"twitter:card\" content=\"summary_large_image\" \/>\n<meta name=\"twitter:creator\" content=\"@EstratConcursos\" \/>\n<meta name=\"twitter:site\" content=\"@EstratConcursos\" \/>\n<meta name=\"twitter:label1\" content=\"Escrito por\" \/>\n\t<meta name=\"twitter:data1\" content=\"Ricardo Torques\" \/>\n\t<meta name=\"twitter:label2\" content=\"Est. tempo de leitura\" \/>\n\t<meta name=\"twitter:data2\" content=\"1 minuto\" \/>\n<script type=\"application\/ld+json\" class=\"yoast-schema-graph\">{\"@context\":\"https:\/\/schema.org\",\"@graph\":[{\"@type\":\"NewsArticle\",\"@id\":\"https:\/\/www.estrategiaconcursos.com.br\/blog\/concurso-mp-mt-promotor-retomado\/#article\",\"isPartOf\":{\"@id\":\"https:\/\/www.estrategiaconcursos.com.br\/blog\/concurso-mp-mt-promotor-retomado\/\"},\"author\":{\"name\":\"Ricardo Torques\",\"@id\":\"https:\/\/www.estrategiaconcursos.com.br\/blog\/#\/schema\/person\/aa39cf5ddb518e5bdce27c35788405e2\"},\"headline\":\"Concurso MP MT Promotor ser\u00e1 retomado; conhe\u00e7a o cronograma\",\"datePublished\":\"2020-05-08T13:17:50+00:00\",\"dateModified\":\"2020-05-08T14:37:21+00:00\",\"mainEntityOfPage\":{\"@id\":\"https:\/\/www.estrategiaconcursos.com.br\/blog\/concurso-mp-mt-promotor-retomado\/\"},\"wordCount\":267,\"commentCount\":0,\"publisher\":{\"@id\":\"https:\/\/www.estrategiaconcursos.com.br\/blog\/#organization\"},\"image\":{\"@id\":\"https:\/\/www.estrategiaconcursos.com.br\/blog\/concurso-mp-mt-promotor-retomado\/#primaryimage\"},\"thumbnailUrl\":\"https:\/\/dhg1h5j42swfq.cloudfront.net\/2019\/03\/20103518\/concurso-mp-mt.png\",\"articleSection\":[\"Concursos P\u00fablicos\",\"Jur\u00eddico\"],\"inLanguage\":\"pt-BR\",\"potentialAction\":[{\"@type\":\"CommentAction\",\"name\":\"Comment\",\"target\":[\"https:\/\/www.estrategiaconcursos.com.br\/blog\/concurso-mp-mt-promotor-retomado\/#respond\"]}],\"copyrightYear\":\"2020\",\"copyrightHolder\":{\"@id\":\"https:\/\/www.estrategiaconcursos.com.br\/blog\/#organization\"}},{\"@type\":\"WebPage\",\"@id\":\"https:\/\/www.estrategiaconcursos.com.br\/blog\/concurso-mp-mt-promotor-retomado\/\",\"url\":\"https:\/\/www.estrategiaconcursos.com.br\/blog\/concurso-mp-mt-promotor-retomado\/\",\"name\":\"Concurso MP MT Promotor ser\u00e1 retomado; conhe\u00e7a o cronograma\",\"isPartOf\":{\"@id\":\"https:\/\/www.estrategiaconcursos.com.br\/blog\/#website\"},\"primaryImageOfPage\":{\"@id\":\"https:\/\/www.estrategiaconcursos.com.br\/blog\/concurso-mp-mt-promotor-retomado\/#primaryimage\"},\"image\":{\"@id\":\"https:\/\/www.estrategiaconcursos.com.br\/blog\/concurso-mp-mt-promotor-retomado\/#primaryimage\"},\"thumbnailUrl\":\"https:\/\/dhg1h5j42swfq.cloudfront.net\/2019\/03\/20103518\/concurso-mp-mt.png\",\"datePublished\":\"2020-05-08T13:17:50+00:00\",\"dateModified\":\"2020-05-08T14:37:21+00:00\",\"description\":\"Concurso MP MT Promotor ser\u00e1 retomado, com provas orais previstas para julho de 2020. Concurso \u00e9 organizado pela FCC e oferta 3 vagas imediatas.\",\"breadcrumb\":{\"@id\":\"https:\/\/www.estrategiaconcursos.com.br\/blog\/concurso-mp-mt-promotor-retomado\/#breadcrumb\"},\"inLanguage\":\"pt-BR\",\"potentialAction\":[{\"@type\":\"ReadAction\",\"target\":[\"https:\/\/www.estrategiaconcursos.com.br\/blog\/concurso-mp-mt-promotor-retomado\/\"]}]},{\"@type\":\"ImageObject\",\"inLanguage\":\"pt-BR\",\"@id\":\"https:\/\/www.estrategiaconcursos.com.br\/blog\/concurso-mp-mt-promotor-retomado\/#primaryimage\",\"url\":\"https:\/\/dhg1h5j42swfq.cloudfront.net\/2019\/03\/20103518\/concurso-mp-mt.png\",\"contentUrl\":\"https:\/\/dhg1h5j42swfq.cloudfront.net\/2019\/03\/20103518\/concurso-mp-mt.png\",\"width\":400,\"height\":209,\"caption\":\"concurso mp mt promotor\"},{\"@type\":\"BreadcrumbList\",\"@id\":\"https:\/\/www.estrategiaconcursos.com.br\/blog\/concurso-mp-mt-promotor-retomado\/#breadcrumb\",\"itemListElement\":[{\"@type\":\"ListItem\",\"position\":1,\"name\":\"In\u00edcio\",\"item\":\"https:\/\/www.estrategiaconcursos.com.br\/blog\/\"},{\"@type\":\"ListItem\",\"position\":2,\"name\":\"Concurso MP MT Promotor ser\u00e1 retomado; conhe\u00e7a o cronograma\"}]},{\"@type\":\"WebSite\",\"@id\":\"https:\/\/www.estrategiaconcursos.com.br\/blog\/#website\",\"url\":\"https:\/\/www.estrategiaconcursos.com.br\/blog\/\",\"name\":\"Estrat\u00e9gia Concursos\",\"description\":\"O blog da Estrat\u00e9gia Concursos traz not\u00edcias sobre concursos e artigos de professores oferecendo cursos para concursos (pdf + videaulas) no site.\",\"publisher\":{\"@id\":\"https:\/\/www.estrategiaconcursos.com.br\/blog\/#organization\"},\"potentialAction\":[{\"@type\":\"SearchAction\",\"target\":{\"@type\":\"EntryPoint\",\"urlTemplate\":\"https:\/\/www.estrategiaconcursos.com.br\/blog\/?s={search_term_string}\"},\"query-input\":{\"@type\":\"PropertyValueSpecification\",\"valueRequired\":true,\"valueName\":\"search_term_string\"}}],\"inLanguage\":\"pt-BR\"},{\"@type\":\"Organization\",\"@id\":\"https:\/\/www.estrategiaconcursos.com.br\/blog\/#organization\",\"name\":\"Estrat\u00e9gia Concursos\",\"url\":\"https:\/\/www.estrategiaconcursos.com.br\/blog\/\",\"logo\":{\"@type\":\"ImageObject\",\"inLanguage\":\"pt-BR\",\"@id\":\"https:\/\/www.estrategiaconcursos.com.br\/blog\/#\/schema\/logo\/image\/\",\"url\":\"https:\/\/dhg1h5j42swfq.cloudfront.net\/2025\/06\/03203428\/logo_concursos-1.jpg\",\"contentUrl\":\"https:\/\/dhg1h5j42swfq.cloudfront.net\/2025\/06\/03203428\/logo_concursos-1.jpg\",\"width\":230,\"height\":60,\"caption\":\"Estrat\u00e9gia Concursos\"},\"image\":{\"@id\":\"https:\/\/www.estrategiaconcursos.com.br\/blog\/#\/schema\/logo\/image\/\"},\"sameAs\":[\"https:\/\/x.com\/EstratConcursos\"]},{\"@type\":\"Person\",\"@id\":\"https:\/\/www.estrategiaconcursos.com.br\/blog\/#\/schema\/person\/aa39cf5ddb518e5bdce27c35788405e2\",\"name\":\"Ricardo Torques\",\"image\":{\"@type\":\"ImageObject\",\"inLanguage\":\"pt-BR\",\"@id\":\"https:\/\/secure.gravatar.com\/avatar\/ce9ac6c3cff25fe86d15ed568ebc64d1724baf5c0693133bcb1f6073f712f92a?s=96&d=mm&r=g\",\"url\":\"https:\/\/secure.gravatar.com\/avatar\/ce9ac6c3cff25fe86d15ed568ebc64d1724baf5c0693133bcb1f6073f712f92a?s=96&d=mm&r=g\",\"contentUrl\":\"https:\/\/secure.gravatar.com\/avatar\/ce9ac6c3cff25fe86d15ed568ebc64d1724baf5c0693133bcb1f6073f712f92a?s=96&d=mm&r=g\",\"caption\":\"Ricardo Torques\"},\"sameAs\":[\"https:\/\/www.facebook.com\/ricardo.s.torques\"],\"url\":\"https:\/\/www.estrategiaconcursos.com.br\/blog\/author\/ricardotorquesestrategiaconcursos-com-br\/\"}]}<\/script>\n<!-- \/ Yoast SEO Premium plugin. -->","yoast_head_json":{"title":"Concurso MP MT Promotor ser\u00e1 retomado; conhe\u00e7a o cronograma","description":"Concurso MP MT Promotor ser\u00e1 retomado, com provas orais previstas para julho de 2020. Concurso \u00e9 organizado pela FCC e oferta 3 vagas imediatas.","robots":{"index":"index","follow":"follow","max-snippet":"max-snippet:-1","max-image-preview":"max-image-preview:large","max-video-preview":"max-video-preview:-1"},"canonical":"https:\/\/www.estrategiaconcursos.com.br\/blog\/concurso-mp-mt-promotor-retomado\/","og_locale":"pt_BR","og_type":"article","og_title":"Concurso MP MT Promotor ser\u00e1 retomado; conhe\u00e7a o cronograma","og_description":"Concurso MP MT Promotor ser\u00e1 retomado, com provas orais previstas para julho de 2020. Concurso \u00e9 organizado pela FCC e oferta 3 vagas imediatas.","og_url":"https:\/\/www.estrategiaconcursos.com.br\/blog\/concurso-mp-mt-promotor-retomado\/","og_site_name":"Estrat\u00e9gia Concursos","article_author":"https:\/\/www.facebook.com\/ricardo.s.torques","article_published_time":"2020-05-08T13:17:50+00:00","article_modified_time":"2020-05-08T14:37:21+00:00","og_image":[{"width":400,"height":209,"url":"https:\/\/dhg1h5j42swfq.cloudfront.net\/2019\/03\/20103518\/concurso-mp-mt.png","type":"image\/png"}],"author":"Ricardo Torques","twitter_card":"summary_large_image","twitter_creator":"@EstratConcursos","twitter_site":"@EstratConcursos","twitter_misc":{"Escrito por":"Ricardo Torques","Est. tempo de leitura":"1 minuto"},"schema":{"@context":"https:\/\/schema.org","@graph":[{"@type":"NewsArticle","@id":"https:\/\/www.estrategiaconcursos.com.br\/blog\/concurso-mp-mt-promotor-retomado\/#article","isPartOf":{"@id":"https:\/\/www.estrategiaconcursos.com.br\/blog\/concurso-mp-mt-promotor-retomado\/"},"author":{"name":"Ricardo Torques","@id":"https:\/\/www.estrategiaconcursos.com.br\/blog\/#\/schema\/person\/aa39cf5ddb518e5bdce27c35788405e2"},"headline":"Concurso MP MT Promotor ser\u00e1 retomado; conhe\u00e7a o cronograma","datePublished":"2020-05-08T13:17:50+00:00","dateModified":"2020-05-08T14:37:21+00:00","mainEntityOfPage":{"@id":"https:\/\/www.estrategiaconcursos.com.br\/blog\/concurso-mp-mt-promotor-retomado\/"},"wordCount":267,"commentCount":0,"publisher":{"@id":"https:\/\/www.estrategiaconcursos.com.br\/blog\/#organization"},"image":{"@id":"https:\/\/www.estrategiaconcursos.com.br\/blog\/concurso-mp-mt-promotor-retomado\/#primaryimage"},"thumbnailUrl":"https:\/\/dhg1h5j42swfq.cloudfront.net\/2019\/03\/20103518\/concurso-mp-mt.png","articleSection":["Concursos P\u00fablicos","Jur\u00eddico"],"inLanguage":"pt-BR","potentialAction":[{"@type":"CommentAction","name":"Comment","target":["https:\/\/www.estrategiaconcursos.com.br\/blog\/concurso-mp-mt-promotor-retomado\/#respond"]}],"copyrightYear":"2020","copyrightHolder":{"@id":"https:\/\/www.estrategiaconcursos.com.br\/blog\/#organization"}},{"@type":"WebPage","@id":"https:\/\/www.estrategiaconcursos.com.br\/blog\/concurso-mp-mt-promotor-retomado\/","url":"https:\/\/www.estrategiaconcursos.com.br\/blog\/concurso-mp-mt-promotor-retomado\/","name":"Concurso MP MT Promotor ser\u00e1 retomado; conhe\u00e7a o cronograma","isPartOf":{"@id":"https:\/\/www.estrategiaconcursos.com.br\/blog\/#website"},"primaryImageOfPage":{"@id":"https:\/\/www.estrategiaconcursos.com.br\/blog\/concurso-mp-mt-promotor-retomado\/#primaryimage"},"image":{"@id":"https:\/\/www.estrategiaconcursos.com.br\/blog\/concurso-mp-mt-promotor-retomado\/#primaryimage"},"thumbnailUrl":"https:\/\/dhg1h5j42swfq.cloudfront.net\/2019\/03\/20103518\/concurso-mp-mt.png","datePublished":"2020-05-08T13:17:50+00:00","dateModified":"2020-05-08T14:37:21+00:00","description":"Concurso MP MT Promotor ser\u00e1 retomado, com provas orais previstas para julho de 2020. Concurso \u00e9 organizado pela FCC e oferta 3 vagas imediatas.","breadcrumb":{"@id":"https:\/\/www.estrategiaconcursos.com.br\/blog\/concurso-mp-mt-promotor-retomado\/#breadcrumb"},"inLanguage":"pt-BR","potentialAction":[{"@type":"ReadAction","target":["https:\/\/www.estrategiaconcursos.com.br\/blog\/concurso-mp-mt-promotor-retomado\/"]}]},{"@type":"ImageObject","inLanguage":"pt-BR","@id":"https:\/\/www.estrategiaconcursos.com.br\/blog\/concurso-mp-mt-promotor-retomado\/#primaryimage","url":"https:\/\/dhg1h5j42swfq.cloudfront.net\/2019\/03\/20103518\/concurso-mp-mt.png","contentUrl":"https:\/\/dhg1h5j42swfq.cloudfront.net\/2019\/03\/20103518\/concurso-mp-mt.png","width":400,"height":209,"caption":"concurso mp mt promotor"},{"@type":"BreadcrumbList","@id":"https:\/\/www.estrategiaconcursos.com.br\/blog\/concurso-mp-mt-promotor-retomado\/#breadcrumb","itemListElement":[{"@type":"ListItem","position":1,"name":"In\u00edcio","item":"https:\/\/www.estrategiaconcursos.com.br\/blog\/"},{"@type":"ListItem","position":2,"name":"Concurso MP MT Promotor ser\u00e1 retomado; conhe\u00e7a o cronograma"}]},{"@type":"WebSite","@id":"https:\/\/www.estrategiaconcursos.com.br\/blog\/#website","url":"https:\/\/www.estrategiaconcursos.com.br\/blog\/","name":"Estrat\u00e9gia Concursos","description":"O blog da Estrat\u00e9gia Concursos traz not\u00edcias sobre concursos e artigos de professores oferecendo cursos para concursos (pdf + videaulas) no site.","publisher":{"@id":"https:\/\/www.estrategiaconcursos.com.br\/blog\/#organization"},"potentialAction":[{"@type":"SearchAction","target":{"@type":"EntryPoint","urlTemplate":"https:\/\/www.estrategiaconcursos.com.br\/blog\/?s={search_term_string}"},"query-input":{"@type":"PropertyValueSpecification","valueRequired":true,"valueName":"search_term_string"}}],"inLanguage":"pt-BR"},{"@type":"Organization","@id":"https:\/\/www.estrategiaconcursos.com.br\/blog\/#organization","name":"Estrat\u00e9gia Concursos","url":"https:\/\/www.estrategiaconcursos.com.br\/blog\/","logo":{"@type":"ImageObject","inLanguage":"pt-BR","@id":"https:\/\/www.estrategiaconcursos.com.br\/blog\/#\/schema\/logo\/image\/","url":"https:\/\/dhg1h5j42swfq.cloudfront.net\/2025\/06\/03203428\/logo_concursos-1.jpg","contentUrl":"https:\/\/dhg1h5j42swfq.cloudfront.net\/2025\/06\/03203428\/logo_concursos-1.jpg","width":230,"height":60,"caption":"Estrat\u00e9gia Concursos"},"image":{"@id":"https:\/\/www.estrategiaconcursos.com.br\/blog\/#\/schema\/logo\/image\/"},"sameAs":["https:\/\/x.com\/EstratConcursos"]},{"@type":"Person","@id":"https:\/\/www.estrategiaconcursos.com.br\/blog\/#\/schema\/person\/aa39cf5ddb518e5bdce27c35788405e2","name":"Ricardo Torques","image":{"@type":"ImageObject","inLanguage":"pt-BR","@id":"https:\/\/secure.gravatar.com\/avatar\/ce9ac6c3cff25fe86d15ed568ebc64d1724baf5c0693133bcb1f6073f712f92a?s=96&d=mm&r=g","url":"https:\/\/secure.gravatar.com\/avatar\/ce9ac6c3cff25fe86d15ed568ebc64d1724baf5c0693133bcb1f6073f712f92a?s=96&d=mm&r=g","contentUrl":"https:\/\/secure.gravatar.com\/avatar\/ce9ac6c3cff25fe86d15ed568ebc64d1724baf5c0693133bcb1f6073f712f92a?s=96&d=mm&r=g","caption":"Ricardo Torques"},"sameAs":["https:\/\/www.facebook.com\/ricardo.s.torques"],"url":"https:\/\/www.estrategiaconcursos.com.br\/blog\/author\/ricardotorquesestrategiaconcursos-com-br\/"}]}},"_links":{"self":[{"href":"https:\/\/www.estrategiaconcursos.com.br\/blog\/wp-json\/wp\/v2\/posts\/512487","targetHints":{"allow":["GET"]}}],"collection":[{"href":"https:\/\/www.estrategiaconcursos.com.br\/blog\/wp-json\/wp\/v2\/posts"}],"about":[{"href":"https:\/\/www.estrategiaconcursos.com.br\/blog\/wp-json\/wp\/v2\/types\/post"}],"author":[{"embeddable":true,"href":"https:\/\/www.estrategiaconcursos.com.br\/blog\/wp-json\/wp\/v2\/users\/180"}],"replies":[{"embeddable":true,"href":"https:\/\/www.estrategiaconcursos.com.br\/blog\/wp-json\/wp\/v2\/comments?post=512487"}],"version-history":[{"count":2,"href":"https:\/\/www.estrategiaconcursos.com.br\/blog\/wp-json\/wp\/v2\/posts\/512487\/revisions"}],"predecessor-version":[{"id":512578,"href":"https:\/\/www.estrategiaconcursos.com.br\/blog\/wp-json\/wp\/v2\/posts\/512487\/revisions\/512578"}],"wp:featuredmedia":[{"embeddable":true,"href":"https:\/\/www.estrategiaconcursos.com.br\/blog\/wp-json\/wp\/v2\/media\/172795"}],"wp:attachment":[{"href":"https:\/\/www.estrategiaconcursos.com.br\/blog\/wp-json\/wp\/v2\/media?parent=512487"}],"wp:term":[{"taxonomy":"category","embeddable":true,"href":"https:\/\/www.estrategiaconcursos.com.br\/blog\/wp-json\/wp\/v2\/categories?post=512487"},{"taxonomy":"post_tag","embeddable":true,"href":"https:\/\/www.estrategiaconcursos.com.br\/blog\/wp-json\/wp\/v2\/tags?post=512487"},{"taxonomy":"tax_estado","embeddable":true,"href":"https:\/\/www.estrategiaconcursos.com.br\/blog\/wp-json\/wp\/v2\/tax_estado?post=512487"}],"curies":[{"name":"wp","href":"https:\/\/api.w.org\/{rel}","templated":true}]}}