{"id":512266,"date":"2020-05-07T18:57:25","date_gmt":"2020-05-07T21:57:25","guid":{"rendered":"https:\/\/www.estrategiaconcursos.com.br\/blog\/?p=512266"},"modified":"2020-05-08T17:25:09","modified_gmt":"2020-05-08T20:25:09","slug":"caminho-das-pedras-dia-5","status":"publish","type":"post","link":"https:\/\/www.estrategiaconcursos.com.br\/blog\/caminho-das-pedras-dia-5\/","title":{"rendered":"DIA 5 da 1\u00aa Semana do Caminho das Pedras: Monte o seu CICLO DE ESTUDOS, fa\u00e7a o seu PLANEJAMENTO!"},"content":{"rendered":"\n<p><strong>1\u00aa Semana do Caminho das Pedras: <\/strong>inicie os estudos com Estrat\u00e9gia!<\/p>\n\n\n\n<p><strong>DIA 5 da 1\u00aa Semana do Caminho das Pedras<\/strong><strong>:<\/strong> Monte o seu CICLO DE ESTUDOS, fa\u00e7a o seu PLANEJAMENTO!<\/p>\n\n\n\n<p>Fala, pessoal!<\/p>\n\n\n\n<p>Para quem n\u00e3o sabe do que se trata esse artigo, d\u00e1 uma olhada no <a href=\"https:\/\/www.estrategiaconcursos.com.br\/blog\/caminho-das-pedras-dia-1\/\" target=\"_blank\" rel=\"noreferrer noopener\"><strong>DIA 1 da 1\u00aa Semana do Caminho das Pedras: O que \u00e9 concurso p\u00fablico? Quais as suas fases?<\/strong><\/a><\/p>\n\n\n\n<p>Desde o in\u00edcio da semana j\u00e1 vimos:<\/p>\n\n\n\n<ul class=\"wp-block-list\"><li>O que \u00e9 concurso p\u00fablico;<\/li><\/ul>\n\n\n\n<ul class=\"wp-block-list\"><li>Por quais fases o concurseiro ir\u00e1 passar durante os seus estudos;<\/li><\/ul>\n\n\n\n<ul class=\"wp-block-list\"><li>Passos para decidir qual \u00e9 o seu cargo p\u00fablico ideal;<\/li><\/ul>\n\n\n\n<ul class=\"wp-block-list\"><li>Quais as principais carreiras para concurso p\u00fablico;<\/li><\/ul>\n\n\n\n<ul class=\"wp-block-list\"><li>Dicas de como iniciar seus estudos;<\/li><\/ul>\n\n\n\n<ul class=\"wp-block-list\"><li>Aprofundamento na \u00e1rea de estudo escolhida;<\/li><\/ul>\n\n\n\n<ul class=\"wp-block-list\"><li>Principais dicas e t\u00e9cnicas de estudo.<\/li><\/ul>\n\n\n\n<p>J\u00e1 vimos bastante assunto!<\/p>\n\n\n\n<p>Estamos quase chegando ao fim da nossa <strong>1\u00aa Semana do Caminho das Pedras<\/strong> (faltam mais 2 dias).<\/p>\n\n\n\n<p>Conforme combinado, nesse quinto dia <strong>VOC\u00ca<\/strong> vai colocar a <strong>m\u00e3o na massa<\/strong> e fazer o seu pr\u00f3prio <strong>planejamento<\/strong>, montando a sua <strong>planilha de estudos<\/strong> baseada no material que vou te passar.<\/p>\n\n\n\n<figure class=\"wp-block-image size-large\"><img loading=\"lazy\" decoding=\"async\" width=\"1024\" height=\"681\" src=\"https:\/\/dhg1h5j42swfq.cloudfront.net\/2020\/05\/07185235\/felipe-furtado-2zDXqgTzEFE-unsplash-1024x681.jpg\" alt=\"\" class=\"wp-image-512273\" srcset=\"https:\/\/dhg1h5j42swfq.cloudfront.net\/2020\/05\/07185235\/felipe-furtado-2zDXqgTzEFE-unsplash-1024x681.jpg 1024w, https:\/\/dhg1h5j42swfq.cloudfront.net\/2020\/05\/07185235\/felipe-furtado-2zDXqgTzEFE-unsplash-300x199.jpg 300w, https:\/\/dhg1h5j42swfq.cloudfront.net\/2020\/05\/07185235\/felipe-furtado-2zDXqgTzEFE-unsplash-768x511.jpg 768w, https:\/\/dhg1h5j42swfq.cloudfront.net\/2020\/05\/07185235\/felipe-furtado-2zDXqgTzEFE-unsplash-1536x1021.jpg 1536w, https:\/\/dhg1h5j42swfq.cloudfront.net\/2020\/05\/07185235\/felipe-furtado-2zDXqgTzEFE-unsplash-2048x1362.jpg 2048w, https:\/\/dhg1h5j42swfq.cloudfront.net\/2020\/05\/07185235\/felipe-furtado-2zDXqgTzEFE-unsplash-610x406.jpg 610w\" sizes=\"auto, (max-width: 1024px) 100vw, 1024px\" \/><\/figure>\n\n\n\n<p>Sem mais delongas, seguem as tarefas:<\/p>\n\n\n\n<p><strong>Tarefa 15:<\/strong> Assistir ao v\u00eddeo \u201cPlanejamento Inicial e Ciclos de Estudos de Alto Rendimento\u201d<\/p>\n\n\n\n<p>Nessa primeira tarefa, voc\u00ea vai se aprofundar nessa poderosa ferramenta que \u00e9 o ciclo de estudos, para que, na tarefa seguinte, voc\u00ea esteja h\u00e1bil a montar o seu.<\/p>\n\n\n<figure class=\"wp-block-embed-youtube wp-block-embed is-type-video is-provider-youtube wp-embed-aspect-16-9 wp-has-aspect-ratio\"><div class=\"lyte-wrapper\" style=\"width:853px;max-width:100%;margin:5px;\"><div class=\"lyMe\" id=\"WYL_hopOMQa_8Qo\"><div id=\"lyte_hopOMQa_8Qo\" data-src=\"\/\/i.ytimg.com\/vi\/hopOMQa_8Qo\/hqdefault.jpg\" class=\"pL\"><div class=\"tC\"><div class=\"tT\"><\/div><\/div><div class=\"play\"><\/div><div class=\"ctrl\"><div class=\"Lctrl\"><\/div><div class=\"Rctrl\"><\/div><\/div><\/div><noscript><a href=\"https:\/\/youtu.be\/hopOMQa_8Qo\" rel=\"nofollow\"><img loading=\"lazy\" decoding=\"async\" src=\"https:\/\/i.ytimg.com\/vi\/hopOMQa_8Qo\/0.jpg\" alt=\"YouTube video thumbnail\" width=\"853\" height=\"460\" \/><br \/>Assista a este v\u00eddeo no YouTube<\/a><\/noscript><\/div><\/div><div class=\"lL\" style=\"max-width:100%;width:853px;margin:5px;\"><\/div><figcaption><\/figcaption><\/figure>\n\n\n<p><strong>Tarefa 16: Montar a sua Planilha de Estudos<\/strong><\/p>\n\n\n\n<p><strong>Tarefa 16.1:<\/strong> Baixar a planilha do artigo <a href=\"https:\/\/www.estrategiaconcursos.com.br\/blog\/planilha-de-estudos-intermediaria-para-download\/\" target=\"_blank\" rel=\"noreferrer noopener\"><strong>Planilha de Estudos \u201cIntermedi\u00e1ria\u201d para Download<\/strong><\/a><\/p>\n\n\n\n<p>O Luis Eduardo, Coach dos Coaches, disponibilizou uma brilhante planilha montada pelo Coach Renan Fineto para que voc\u00ea fa\u00e7a o seu pr\u00f3prio planejamento! No artigo ele te d\u00e1 as dicas finais para que voc\u00ea coloque a m\u00e3o na massa!<\/p>\n\n\n\n<figure class=\"wp-block-embed-wordpress wp-block-embed is-type-wp-embed is-provider-estrategia-concursos\"><div class=\"wp-block-embed__wrapper\">\n<blockquote class=\"wp-embedded-content\" data-secret=\"47hbdwPCs4\"><a href=\"https:\/\/www.estrategiaconcursos.com.br\/blog\/planilha-de-estudos-intermediaria-para-download\/\">Planilha de Estudos &#8220;Intermedi\u00e1ria&#8221; para Download<\/a><\/blockquote><iframe loading=\"lazy\" class=\"wp-embedded-content\" sandbox=\"allow-scripts\" security=\"restricted\" style=\"position: absolute; clip: rect(1px, 1px, 1px, 1px);\" title=\"&#8220;Planilha de Estudos &#8220;Intermedi\u00e1ria&#8221; para Download&#8221; &#8212; Estrat\u00e9gia Concursos\" src=\"https:\/\/www.estrategiaconcursos.com.br\/blog\/planilha-de-estudos-intermediaria-para-download\/embed\/#?secret=Bod4I4Ipb3#?secret=47hbdwPCs4\" data-secret=\"47hbdwPCs4\" width=\"500\" height=\"282\" frameborder=\"0\" marginwidth=\"0\" marginheight=\"0\" scrolling=\"no\"><\/iframe>\n<\/div><\/figure>\n\n\n\n<p><strong>Tarefa 16.2:<\/strong> Montar a planilha de estudos<\/p>\n\n\n\n<p><strong>Agora \u00e9 a sua vez!<\/strong> Monte a sua planilha se baseando em todo o conte\u00fado que voc\u00ea viu at\u00e9 agora.<\/p>\n\n\n\n<figure class=\"wp-block-image size-large\"><img loading=\"lazy\" decoding=\"async\" width=\"683\" height=\"1024\" src=\"https:\/\/dhg1h5j42swfq.cloudfront.net\/2020\/05\/07185342\/arron-choi-fYD54gVXFGM-unsplash-683x1024.jpg\" alt=\"\" class=\"wp-image-512275\" srcset=\"https:\/\/dhg1h5j42swfq.cloudfront.net\/2020\/05\/07185342\/arron-choi-fYD54gVXFGM-unsplash-683x1024.jpg 683w, https:\/\/dhg1h5j42swfq.cloudfront.net\/2020\/05\/07185342\/arron-choi-fYD54gVXFGM-unsplash-200x300.jpg 200w, https:\/\/dhg1h5j42swfq.cloudfront.net\/2020\/05\/07185342\/arron-choi-fYD54gVXFGM-unsplash-768x1152.jpg 768w, https:\/\/dhg1h5j42swfq.cloudfront.net\/2020\/05\/07185342\/arron-choi-fYD54gVXFGM-unsplash-1024x1536.jpg 1024w, https:\/\/dhg1h5j42swfq.cloudfront.net\/2020\/05\/07185342\/arron-choi-fYD54gVXFGM-unsplash-1365x2048.jpg 1365w, https:\/\/dhg1h5j42swfq.cloudfront.net\/2020\/05\/07185342\/arron-choi-fYD54gVXFGM-unsplash-610x915.jpg 610w, https:\/\/dhg1h5j42swfq.cloudfront.net\/2020\/05\/07185342\/arron-choi-fYD54gVXFGM-unsplash-scaled.jpg 1707w\" sizes=\"auto, (max-width: 683px) 100vw, 683px\" \/><\/figure>\n\n\n\n<p>Qualquer d\u00favida, manda uma mensagem para <a href=\"https:\/\/www.instagram.com\/prof.rodolfoqueiroz\/\" target=\"_blank\" rel=\"noreferrer noopener\">@prof.rodolfoqueiroz<\/a>.<\/p>\n\n\n\n<p>Amanh\u00e3 tem mais!<\/p>\n\n\n\n<p>Espero que tenham gostado.<\/p>\n\n\n\n<p><strong>Rodolfo Queiroz<\/strong><\/p>\n\n\n\n<p>J\u00e1 terminou o 5\u00ba dia? Vai para o <a href=\"https:\/\/www.estrategiaconcursos.com.br\/blog\/dia-6-da-1a-semana-do-caminho-das-pedras-conheca-o-estrategia-concursos\/\">DIA 6 da 1\u00aa Semana do Caminho das Pedras: Conhe\u00e7a o Estrat\u00e9gia Concursos!<\/a><\/p>\n","protected":false},"excerpt":{"rendered":"<p>1\u00aa Semana do Caminho das Pedras: inicie os estudos com Estrat\u00e9gia! DIA 5 da 1\u00aa Semana do Caminho das Pedras: Monte o seu CICLO DE ESTUDOS, fa\u00e7a o seu PLANEJAMENTO! Fala, pessoal! Para quem n\u00e3o sabe do que se trata esse artigo, d\u00e1 uma olhada no DIA 1 da 1\u00aa Semana do Caminho das Pedras: [&hellip;]<\/p>\n","protected":false},"author":1084,"featured_media":0,"comment_status":"open","ping_status":"closed","sticky":false,"template":"","format":"standard","meta":{"post_tipo":"article","footnotes":""},"categories":[1],"tags":[],"tax_estado":[],"class_list":["post-512266","post","type-post","status-publish","format-standard","hentry","category-cursos-e-concursos"],"acf":[],"yoast_head":"<!-- This site is optimized with the Yoast SEO Premium plugin v27.2 (Yoast SEO v27.2) - https:\/\/yoast.com\/product\/yoast-seo-premium-wordpress\/ -->\n<title>DIA 5 da 1\u00aa Semana do Caminho das Pedras: Monte o seu CICLO DE ESTUDOS, fa\u00e7a o seu PLANEJAMENTO!<\/title>\n<meta name=\"description\" content=\"Nesse quinto dia VOC\u00ca vai colocar a m\u00e3o na massa e fazer o seu pr\u00f3prio planejamento, montando a sua planilha de estudos.\" \/>\n<meta name=\"robots\" content=\"index, follow, max-snippet:-1, max-image-preview:large, max-video-preview:-1\" \/>\n<link rel=\"canonical\" href=\"https:\/\/www.estrategiaconcursos.com.br\/blog\/caminho-das-pedras-dia-5\/\" \/>\n<meta property=\"og:locale\" content=\"pt_BR\" \/>\n<meta property=\"og:type\" content=\"article\" \/>\n<meta property=\"og:title\" content=\"DIA 5 da 1\u00aa Semana do Caminho das Pedras: Monte o seu CICLO DE ESTUDOS, fa\u00e7a o seu PLANEJAMENTO!\" \/>\n<meta property=\"og:description\" content=\"Nesse quinto dia VOC\u00ca vai colocar a m\u00e3o na massa e fazer o seu pr\u00f3prio planejamento, montando a sua planilha de estudos.\" \/>\n<meta property=\"og:url\" content=\"https:\/\/www.estrategiaconcursos.com.br\/blog\/caminho-das-pedras-dia-5\/\" \/>\n<meta property=\"og:site_name\" content=\"Estrat\u00e9gia Concursos\" \/>\n<meta property=\"article:published_time\" content=\"2020-05-07T21:57:25+00:00\" \/>\n<meta property=\"article:modified_time\" content=\"2020-05-08T20:25:09+00:00\" \/>\n<meta property=\"og:image\" content=\"https:\/\/www.estrategiaconcursos.com.br\/blog\/wp-content\/uploads\/2020\/05\/felipe-furtado-2zDXqgTzEFE-unsplash-1024x681.jpg\" \/>\n<meta name=\"author\" content=\"Rodolfo Queiroz\" \/>\n<meta name=\"twitter:card\" content=\"summary_large_image\" \/>\n<meta name=\"twitter:creator\" content=\"@EstratConcursos\" \/>\n<meta name=\"twitter:site\" content=\"@EstratConcursos\" \/>\n<meta name=\"twitter:label1\" content=\"Escrito por\" \/>\n\t<meta name=\"twitter:data1\" content=\"Rodolfo Queiroz\" \/>\n\t<meta name=\"twitter:label2\" content=\"Est. tempo de leitura\" \/>\n\t<meta name=\"twitter:data2\" content=\"2 minutos\" \/>\n<script type=\"application\/ld+json\" class=\"yoast-schema-graph\">{\"@context\":\"https:\/\/schema.org\",\"@graph\":[{\"@type\":\"NewsArticle\",\"@id\":\"https:\/\/www.estrategiaconcursos.com.br\/blog\/caminho-das-pedras-dia-5\/#article\",\"isPartOf\":{\"@id\":\"https:\/\/www.estrategiaconcursos.com.br\/blog\/caminho-das-pedras-dia-5\/\"},\"author\":{\"name\":\"Rodolfo Queiroz\",\"@id\":\"https:\/\/www.estrategiaconcursos.com.br\/blog\/#\/schema\/person\/71c6849b8bf28e03aabb82ca72a794a5\"},\"headline\":\"DIA 5 da 1\u00aa Semana do Caminho das Pedras: Monte o seu CICLO DE ESTUDOS, fa\u00e7a o seu PLANEJAMENTO!\",\"datePublished\":\"2020-05-07T21:57:25+00:00\",\"dateModified\":\"2020-05-08T20:25:09+00:00\",\"mainEntityOfPage\":{\"@id\":\"https:\/\/www.estrategiaconcursos.com.br\/blog\/caminho-das-pedras-dia-5\/\"},\"wordCount\":382,\"commentCount\":0,\"publisher\":{\"@id\":\"https:\/\/www.estrategiaconcursos.com.br\/blog\/#organization\"},\"image\":{\"@id\":\"https:\/\/www.estrategiaconcursos.com.br\/blog\/caminho-das-pedras-dia-5\/#primaryimage\"},\"thumbnailUrl\":\"https:\/\/www.estrategiaconcursos.com.br\/blog\/wp-content\/uploads\/2020\/05\/felipe-furtado-2zDXqgTzEFE-unsplash-1024x681.jpg\",\"articleSection\":[\"Concursos P\u00fablicos\"],\"inLanguage\":\"pt-BR\",\"potentialAction\":[{\"@type\":\"CommentAction\",\"name\":\"Comment\",\"target\":[\"https:\/\/www.estrategiaconcursos.com.br\/blog\/caminho-das-pedras-dia-5\/#respond\"]}],\"copyrightYear\":\"2020\",\"copyrightHolder\":{\"@id\":\"https:\/\/www.estrategiaconcursos.com.br\/blog\/#organization\"}},{\"@type\":\"WebPage\",\"@id\":\"https:\/\/www.estrategiaconcursos.com.br\/blog\/caminho-das-pedras-dia-5\/\",\"url\":\"https:\/\/www.estrategiaconcursos.com.br\/blog\/caminho-das-pedras-dia-5\/\",\"name\":\"DIA 5 da 1\u00aa Semana do Caminho das Pedras: Monte o seu CICLO DE ESTUDOS, fa\u00e7a o seu PLANEJAMENTO!\",\"isPartOf\":{\"@id\":\"https:\/\/www.estrategiaconcursos.com.br\/blog\/#website\"},\"primaryImageOfPage\":{\"@id\":\"https:\/\/www.estrategiaconcursos.com.br\/blog\/caminho-das-pedras-dia-5\/#primaryimage\"},\"image\":{\"@id\":\"https:\/\/www.estrategiaconcursos.com.br\/blog\/caminho-das-pedras-dia-5\/#primaryimage\"},\"thumbnailUrl\":\"https:\/\/www.estrategiaconcursos.com.br\/blog\/wp-content\/uploads\/2020\/05\/felipe-furtado-2zDXqgTzEFE-unsplash-1024x681.jpg\",\"datePublished\":\"2020-05-07T21:57:25+00:00\",\"dateModified\":\"2020-05-08T20:25:09+00:00\",\"description\":\"Nesse quinto dia VOC\u00ca vai colocar a m\u00e3o na massa e fazer o seu pr\u00f3prio planejamento, montando a sua planilha de estudos.\",\"breadcrumb\":{\"@id\":\"https:\/\/www.estrategiaconcursos.com.br\/blog\/caminho-das-pedras-dia-5\/#breadcrumb\"},\"inLanguage\":\"pt-BR\",\"potentialAction\":[{\"@type\":\"ReadAction\",\"target\":[\"https:\/\/www.estrategiaconcursos.com.br\/blog\/caminho-das-pedras-dia-5\/\"]}]},{\"@type\":\"ImageObject\",\"inLanguage\":\"pt-BR\",\"@id\":\"https:\/\/www.estrategiaconcursos.com.br\/blog\/caminho-das-pedras-dia-5\/#primaryimage\",\"url\":\"https:\/\/dhg1h5j42swfq.cloudfront.net\/2020\/05\/07185235\/felipe-furtado-2zDXqgTzEFE-unsplash-scaled.jpg\",\"contentUrl\":\"https:\/\/dhg1h5j42swfq.cloudfront.net\/2020\/05\/07185235\/felipe-furtado-2zDXqgTzEFE-unsplash-scaled.jpg\",\"width\":2560,\"height\":1702},{\"@type\":\"BreadcrumbList\",\"@id\":\"https:\/\/www.estrategiaconcursos.com.br\/blog\/caminho-das-pedras-dia-5\/#breadcrumb\",\"itemListElement\":[{\"@type\":\"ListItem\",\"position\":1,\"name\":\"In\u00edcio\",\"item\":\"https:\/\/www.estrategiaconcursos.com.br\/blog\/\"},{\"@type\":\"ListItem\",\"position\":2,\"name\":\"DIA 5 da 1\u00aa Semana do Caminho das Pedras: Monte o seu CICLO DE ESTUDOS, fa\u00e7a o seu PLANEJAMENTO!\"}]},{\"@type\":\"WebSite\",\"@id\":\"https:\/\/www.estrategiaconcursos.com.br\/blog\/#website\",\"url\":\"https:\/\/www.estrategiaconcursos.com.br\/blog\/\",\"name\":\"Estrat\u00e9gia Concursos\",\"description\":\"O blog da Estrat\u00e9gia Concursos traz not\u00edcias sobre concursos e artigos de professores oferecendo cursos para concursos (pdf + videaulas) no site.\",\"publisher\":{\"@id\":\"https:\/\/www.estrategiaconcursos.com.br\/blog\/#organization\"},\"potentialAction\":[{\"@type\":\"SearchAction\",\"target\":{\"@type\":\"EntryPoint\",\"urlTemplate\":\"https:\/\/www.estrategiaconcursos.com.br\/blog\/?s={search_term_string}\"},\"query-input\":{\"@type\":\"PropertyValueSpecification\",\"valueRequired\":true,\"valueName\":\"search_term_string\"}}],\"inLanguage\":\"pt-BR\"},{\"@type\":\"Organization\",\"@id\":\"https:\/\/www.estrategiaconcursos.com.br\/blog\/#organization\",\"name\":\"Estrat\u00e9gia Concursos\",\"url\":\"https:\/\/www.estrategiaconcursos.com.br\/blog\/\",\"logo\":{\"@type\":\"ImageObject\",\"inLanguage\":\"pt-BR\",\"@id\":\"https:\/\/www.estrategiaconcursos.com.br\/blog\/#\/schema\/logo\/image\/\",\"url\":\"https:\/\/dhg1h5j42swfq.cloudfront.net\/2025\/06\/03203428\/logo_concursos-1.jpg\",\"contentUrl\":\"https:\/\/dhg1h5j42swfq.cloudfront.net\/2025\/06\/03203428\/logo_concursos-1.jpg\",\"width\":230,\"height\":60,\"caption\":\"Estrat\u00e9gia Concursos\"},\"image\":{\"@id\":\"https:\/\/www.estrategiaconcursos.com.br\/blog\/#\/schema\/logo\/image\/\"},\"sameAs\":[\"https:\/\/x.com\/EstratConcursos\"]},{\"@type\":\"Person\",\"@id\":\"https:\/\/www.estrategiaconcursos.com.br\/blog\/#\/schema\/person\/71c6849b8bf28e03aabb82ca72a794a5\",\"name\":\"Rodolfo Queiroz\",\"image\":{\"@type\":\"ImageObject\",\"inLanguage\":\"pt-BR\",\"@id\":\"https:\/\/secure.gravatar.com\/avatar\/5f08a279f12fef20e95e2592261b86004f5c49356bef3034af370d317393c44f?s=96&d=mm&r=g\",\"url\":\"https:\/\/secure.gravatar.com\/avatar\/5f08a279f12fef20e95e2592261b86004f5c49356bef3034af370d317393c44f?s=96&d=mm&r=g\",\"contentUrl\":\"https:\/\/secure.gravatar.com\/avatar\/5f08a279f12fef20e95e2592261b86004f5c49356bef3034af370d317393c44f?s=96&d=mm&r=g\",\"caption\":\"Rodolfo Queiroz\"},\"url\":\"https:\/\/www.estrategiaconcursos.com.br\/blog\/author\/rodolfo-f-c-l-qgmail-com\/\"}]}<\/script>\n<!-- \/ Yoast SEO Premium plugin. -->","yoast_head_json":{"title":"DIA 5 da 1\u00aa Semana do Caminho das Pedras: Monte o seu CICLO DE ESTUDOS, fa\u00e7a o seu PLANEJAMENTO!","description":"Nesse quinto dia VOC\u00ca vai colocar a m\u00e3o na massa e fazer o seu pr\u00f3prio planejamento, montando a sua planilha de estudos.","robots":{"index":"index","follow":"follow","max-snippet":"max-snippet:-1","max-image-preview":"max-image-preview:large","max-video-preview":"max-video-preview:-1"},"canonical":"https:\/\/www.estrategiaconcursos.com.br\/blog\/caminho-das-pedras-dia-5\/","og_locale":"pt_BR","og_type":"article","og_title":"DIA 5 da 1\u00aa Semana do Caminho das Pedras: Monte o seu CICLO DE ESTUDOS, fa\u00e7a o seu PLANEJAMENTO!","og_description":"Nesse quinto dia VOC\u00ca vai colocar a m\u00e3o na massa e fazer o seu pr\u00f3prio planejamento, montando a sua planilha de estudos.","og_url":"https:\/\/www.estrategiaconcursos.com.br\/blog\/caminho-das-pedras-dia-5\/","og_site_name":"Estrat\u00e9gia Concursos","article_published_time":"2020-05-07T21:57:25+00:00","article_modified_time":"2020-05-08T20:25:09+00:00","og_image":[{"url":"https:\/\/www.estrategiaconcursos.com.br\/blog\/wp-content\/uploads\/2020\/05\/felipe-furtado-2zDXqgTzEFE-unsplash-1024x681.jpg","type":"","width":"","height":""}],"author":"Rodolfo Queiroz","twitter_card":"summary_large_image","twitter_creator":"@EstratConcursos","twitter_site":"@EstratConcursos","twitter_misc":{"Escrito por":"Rodolfo Queiroz","Est. tempo de leitura":"2 minutos"},"schema":{"@context":"https:\/\/schema.org","@graph":[{"@type":"NewsArticle","@id":"https:\/\/www.estrategiaconcursos.com.br\/blog\/caminho-das-pedras-dia-5\/#article","isPartOf":{"@id":"https:\/\/www.estrategiaconcursos.com.br\/blog\/caminho-das-pedras-dia-5\/"},"author":{"name":"Rodolfo Queiroz","@id":"https:\/\/www.estrategiaconcursos.com.br\/blog\/#\/schema\/person\/71c6849b8bf28e03aabb82ca72a794a5"},"headline":"DIA 5 da 1\u00aa Semana do Caminho das Pedras: Monte o seu CICLO DE ESTUDOS, fa\u00e7a o seu PLANEJAMENTO!","datePublished":"2020-05-07T21:57:25+00:00","dateModified":"2020-05-08T20:25:09+00:00","mainEntityOfPage":{"@id":"https:\/\/www.estrategiaconcursos.com.br\/blog\/caminho-das-pedras-dia-5\/"},"wordCount":382,"commentCount":0,"publisher":{"@id":"https:\/\/www.estrategiaconcursos.com.br\/blog\/#organization"},"image":{"@id":"https:\/\/www.estrategiaconcursos.com.br\/blog\/caminho-das-pedras-dia-5\/#primaryimage"},"thumbnailUrl":"https:\/\/www.estrategiaconcursos.com.br\/blog\/wp-content\/uploads\/2020\/05\/felipe-furtado-2zDXqgTzEFE-unsplash-1024x681.jpg","articleSection":["Concursos P\u00fablicos"],"inLanguage":"pt-BR","potentialAction":[{"@type":"CommentAction","name":"Comment","target":["https:\/\/www.estrategiaconcursos.com.br\/blog\/caminho-das-pedras-dia-5\/#respond"]}],"copyrightYear":"2020","copyrightHolder":{"@id":"https:\/\/www.estrategiaconcursos.com.br\/blog\/#organization"}},{"@type":"WebPage","@id":"https:\/\/www.estrategiaconcursos.com.br\/blog\/caminho-das-pedras-dia-5\/","url":"https:\/\/www.estrategiaconcursos.com.br\/blog\/caminho-das-pedras-dia-5\/","name":"DIA 5 da 1\u00aa Semana do Caminho das Pedras: Monte o seu CICLO DE ESTUDOS, fa\u00e7a o seu PLANEJAMENTO!","isPartOf":{"@id":"https:\/\/www.estrategiaconcursos.com.br\/blog\/#website"},"primaryImageOfPage":{"@id":"https:\/\/www.estrategiaconcursos.com.br\/blog\/caminho-das-pedras-dia-5\/#primaryimage"},"image":{"@id":"https:\/\/www.estrategiaconcursos.com.br\/blog\/caminho-das-pedras-dia-5\/#primaryimage"},"thumbnailUrl":"https:\/\/www.estrategiaconcursos.com.br\/blog\/wp-content\/uploads\/2020\/05\/felipe-furtado-2zDXqgTzEFE-unsplash-1024x681.jpg","datePublished":"2020-05-07T21:57:25+00:00","dateModified":"2020-05-08T20:25:09+00:00","description":"Nesse quinto dia VOC\u00ca vai colocar a m\u00e3o na massa e fazer o seu pr\u00f3prio planejamento, montando a sua planilha de estudos.","breadcrumb":{"@id":"https:\/\/www.estrategiaconcursos.com.br\/blog\/caminho-das-pedras-dia-5\/#breadcrumb"},"inLanguage":"pt-BR","potentialAction":[{"@type":"ReadAction","target":["https:\/\/www.estrategiaconcursos.com.br\/blog\/caminho-das-pedras-dia-5\/"]}]},{"@type":"ImageObject","inLanguage":"pt-BR","@id":"https:\/\/www.estrategiaconcursos.com.br\/blog\/caminho-das-pedras-dia-5\/#primaryimage","url":"https:\/\/dhg1h5j42swfq.cloudfront.net\/2020\/05\/07185235\/felipe-furtado-2zDXqgTzEFE-unsplash-scaled.jpg","contentUrl":"https:\/\/dhg1h5j42swfq.cloudfront.net\/2020\/05\/07185235\/felipe-furtado-2zDXqgTzEFE-unsplash-scaled.jpg","width":2560,"height":1702},{"@type":"BreadcrumbList","@id":"https:\/\/www.estrategiaconcursos.com.br\/blog\/caminho-das-pedras-dia-5\/#breadcrumb","itemListElement":[{"@type":"ListItem","position":1,"name":"In\u00edcio","item":"https:\/\/www.estrategiaconcursos.com.br\/blog\/"},{"@type":"ListItem","position":2,"name":"DIA 5 da 1\u00aa Semana do Caminho das Pedras: Monte o seu CICLO DE ESTUDOS, fa\u00e7a o seu PLANEJAMENTO!"}]},{"@type":"WebSite","@id":"https:\/\/www.estrategiaconcursos.com.br\/blog\/#website","url":"https:\/\/www.estrategiaconcursos.com.br\/blog\/","name":"Estrat\u00e9gia Concursos","description":"O blog da Estrat\u00e9gia Concursos traz not\u00edcias sobre concursos e artigos de professores oferecendo cursos para concursos (pdf + videaulas) no site.","publisher":{"@id":"https:\/\/www.estrategiaconcursos.com.br\/blog\/#organization"},"potentialAction":[{"@type":"SearchAction","target":{"@type":"EntryPoint","urlTemplate":"https:\/\/www.estrategiaconcursos.com.br\/blog\/?s={search_term_string}"},"query-input":{"@type":"PropertyValueSpecification","valueRequired":true,"valueName":"search_term_string"}}],"inLanguage":"pt-BR"},{"@type":"Organization","@id":"https:\/\/www.estrategiaconcursos.com.br\/blog\/#organization","name":"Estrat\u00e9gia Concursos","url":"https:\/\/www.estrategiaconcursos.com.br\/blog\/","logo":{"@type":"ImageObject","inLanguage":"pt-BR","@id":"https:\/\/www.estrategiaconcursos.com.br\/blog\/#\/schema\/logo\/image\/","url":"https:\/\/dhg1h5j42swfq.cloudfront.net\/2025\/06\/03203428\/logo_concursos-1.jpg","contentUrl":"https:\/\/dhg1h5j42swfq.cloudfront.net\/2025\/06\/03203428\/logo_concursos-1.jpg","width":230,"height":60,"caption":"Estrat\u00e9gia Concursos"},"image":{"@id":"https:\/\/www.estrategiaconcursos.com.br\/blog\/#\/schema\/logo\/image\/"},"sameAs":["https:\/\/x.com\/EstratConcursos"]},{"@type":"Person","@id":"https:\/\/www.estrategiaconcursos.com.br\/blog\/#\/schema\/person\/71c6849b8bf28e03aabb82ca72a794a5","name":"Rodolfo Queiroz","image":{"@type":"ImageObject","inLanguage":"pt-BR","@id":"https:\/\/secure.gravatar.com\/avatar\/5f08a279f12fef20e95e2592261b86004f5c49356bef3034af370d317393c44f?s=96&d=mm&r=g","url":"https:\/\/secure.gravatar.com\/avatar\/5f08a279f12fef20e95e2592261b86004f5c49356bef3034af370d317393c44f?s=96&d=mm&r=g","contentUrl":"https:\/\/secure.gravatar.com\/avatar\/5f08a279f12fef20e95e2592261b86004f5c49356bef3034af370d317393c44f?s=96&d=mm&r=g","caption":"Rodolfo Queiroz"},"url":"https:\/\/www.estrategiaconcursos.com.br\/blog\/author\/rodolfo-f-c-l-qgmail-com\/"}]}},"_links":{"self":[{"href":"https:\/\/www.estrategiaconcursos.com.br\/blog\/wp-json\/wp\/v2\/posts\/512266","targetHints":{"allow":["GET"]}}],"collection":[{"href":"https:\/\/www.estrategiaconcursos.com.br\/blog\/wp-json\/wp\/v2\/posts"}],"about":[{"href":"https:\/\/www.estrategiaconcursos.com.br\/blog\/wp-json\/wp\/v2\/types\/post"}],"author":[{"embeddable":true,"href":"https:\/\/www.estrategiaconcursos.com.br\/blog\/wp-json\/wp\/v2\/users\/1084"}],"replies":[{"embeddable":true,"href":"https:\/\/www.estrategiaconcursos.com.br\/blog\/wp-json\/wp\/v2\/comments?post=512266"}],"version-history":[{"count":3,"href":"https:\/\/www.estrategiaconcursos.com.br\/blog\/wp-json\/wp\/v2\/posts\/512266\/revisions"}],"predecessor-version":[{"id":596325,"href":"https:\/\/www.estrategiaconcursos.com.br\/blog\/wp-json\/wp\/v2\/posts\/512266\/revisions\/596325"}],"wp:attachment":[{"href":"https:\/\/www.estrategiaconcursos.com.br\/blog\/wp-json\/wp\/v2\/media?parent=512266"}],"wp:term":[{"taxonomy":"category","embeddable":true,"href":"https:\/\/www.estrategiaconcursos.com.br\/blog\/wp-json\/wp\/v2\/categories?post=512266"},{"taxonomy":"post_tag","embeddable":true,"href":"https:\/\/www.estrategiaconcursos.com.br\/blog\/wp-json\/wp\/v2\/tags?post=512266"},{"taxonomy":"tax_estado","embeddable":true,"href":"https:\/\/www.estrategiaconcursos.com.br\/blog\/wp-json\/wp\/v2\/tax_estado?post=512266"}],"curies":[{"name":"wp","href":"https:\/\/api.w.org\/{rel}","templated":true}]}}