{"id":512152,"date":"2020-05-09T07:24:00","date_gmt":"2020-05-09T10:24:00","guid":{"rendered":"https:\/\/www.estrategiaconcursos.com.br\/blog\/?p=512152"},"modified":"2023-08-29T10:27:34","modified_gmt":"2023-08-29T13:27:34","slug":"3a-maratona-depen-agente-federal-de-execucao-penal","status":"publish","type":"post","link":"https:\/\/www.estrategiaconcursos.com.br\/blog\/3a-maratona-depen-agente-federal-de-execucao-penal\/","title":{"rendered":"3\u00aa Maratona DEPEN &#8211; Agente Federal de Execu\u00e7\u00e3o Penal: Foco total!"},"content":{"rendered":"\n<p>O Concurso DEPEN (Departamento Penitenci\u00e1rio Nacional) est\u00e1 na pra\u00e7a e o  CEBRASPE ser\u00e1 respons\u00e1vel pelo certame que traz a oferta de <strong>309 vagas<\/strong>, distribu\u00eddas entre cargos de n\u00edvel m\u00e9dio e superior: <\/p>\n\n\n\n<ul class=\"wp-block-list\">\n<li><strong>294 vagas<\/strong> &#8211; Agente Federal de Execu\u00e7\u00e3o Penal (n\u00edvel m\u00e9dio)<\/li>\n\n\n\n<li><strong>15 vagas<\/strong> &#8211;  Especialista Federal em Assist\u00eancia \u00e0 Execu\u00e7\u00e3o Penal (n\u00edvel superior) <\/li>\n<\/ul>\n\n\n\n<p>Para voc\u00ea que est\u00e1 interessado em prestar o concurso, a melhor dica agora \u00e9 FOCO TOTAL nos estudos!<br \/><br \/>Pensando nisso, o Estrat\u00e9gia Concursos vai realizar neste s\u00e1bado, 09 de maio de 2020, a partir das 8h (hor\u00e1rio de Bras\u00edlia), a 3\u00aa Maratona DEPEN, com aulas te\u00f3ricas e exerc\u00edcios para ajudar voc\u00ea a conquistar a t\u00e3o sonhada vaga neste certame.<\/p>\n\n\n\n<p><strong>Confira abaixo a programa\u00e7\u00e3o e organize seu dia!<\/strong><\/p>\n\n\n\n<figure class=\"wp-block-table is-style-stripes\"><table><tbody><tr><td class=\"has-text-align-center\" data-align=\"center\"><strong>Hor\u00e1rio<\/strong><\/td><td class=\"has-text-align-center\" data-align=\"center\"><strong>Disciplina<\/strong><\/td><td class=\"has-text-align-center\" data-align=\"center\"><strong>Professor<\/strong><\/td><\/tr><tr><td class=\"has-text-align-center\" data-align=\"center\">08:00 &#8211; 09:0<\/td><td class=\"has-text-align-center\" data-align=\"center\">Direito Administrativo<\/td><td class=\"has-text-align-center\" data-align=\"center\">Thallius Moraes<\/td><\/tr><tr><td class=\"has-text-align-center\" data-align=\"center\">09:00 &#8211; 10:00<\/td><td class=\"has-text-align-center\" data-align=\"center\">Portugu\u00eas<\/td><td class=\"has-text-align-center\" data-align=\"center\">Suellen Borges<\/td><\/tr><tr><td class=\"has-text-align-center\" data-align=\"center\">10:00 &#8211; 11:0<\/td><td class=\"has-text-align-center\" data-align=\"center\">Direito Penal<\/td><td class=\"has-text-align-center\" data-align=\"center\">Ant\u00f4nio Pequeno<\/td><\/tr><tr><td class=\"has-text-align-center\" data-align=\"center\">11:00 &#8211; 12:00<\/td><td class=\"has-text-align-center\" data-align=\"center\">Direito Constitucional<\/td><td class=\"has-text-align-center\" data-align=\"center\">Adriane Fauth<\/td><\/tr><tr><td class=\"has-text-align-center\" data-align=\"center\">13:00 &#8211; 14:00<\/td><td class=\"has-text-align-center\" data-align=\"center\">Direitos Humanos<\/td><td class=\"has-text-align-center\" data-align=\"center\">Lilian Novakovski<\/td><\/tr><tr><td class=\"has-text-align-center\" data-align=\"center\">14:00 &#8211; 15:00<\/td><td class=\"has-text-align-center\" data-align=\"center\">Execu\u00e7\u00e3o Penal<\/td><td class=\"has-text-align-center\" data-align=\"center\">Ant\u00f4nio Pequeno<\/td><\/tr><tr><td class=\"has-text-align-center\" data-align=\"center\">15:00 &#8211; 16:00<\/td><td class=\"has-text-align-center\" data-align=\"center\">Direito Processual Penal<\/td><td class=\"has-text-align-center\" data-align=\"center\">Fernando Bezerra<\/td><\/tr><tr><td class=\"has-text-align-center\" data-align=\"center\">16:00 &#8211; 17:00<\/td><td class=\"has-text-align-center\" data-align=\"center\">Inform\u00e1tica<\/td><td class=\"has-text-align-center\" data-align=\"center\">Rani Passos<\/td><\/tr><tr><td class=\"has-text-align-center\" data-align=\"center\">17:00 &#8211; 18:00<\/td><td class=\"has-text-align-center\" data-align=\"center\">Racioc\u00ednio L\u00f3gico<\/td><td class=\"has-text-align-center\" data-align=\"center\">Carlos Henrique<\/td><\/tr><\/tbody><\/table><\/figure>\n\n\n\n<p class=\"has-text-align-center\"><strong>Assista no canal do Estrat\u00e9gia Concursos no YouTube<\/strong><\/p>\n\n\n\n<h2 class=\"wp-block-heading has-text-align-center\" id=\"h-o-lider-em-aprovacoes-vai-lancar-o-maior-sistema-de-questoes\"><strong><a href=\"https:\/\/www.estrategiaconcursos.com.br\/sistema-de-questoes#\/\" target=\"_blank\" rel=\"noreferrer noopener\">O l\u00edder em aprova\u00e7\u00f5es vai lan\u00e7ar o maior sistema de quest\u00f5es<\/a><\/strong><\/h2>\n\n\n\n<p class=\"has-text-align-center\"><strong><br \/>Estrat\u00e9gia Quest\u00f5es vai nascer maior do que todos os concorrentes, com mais quest\u00f5es cadastradas e mais solu\u00e7\u00f5es por professores.<\/strong><\/p>\n\n\n\n<p class=\"has-text-align-center\"><strong>Acompanhe AO VIVO o lan\u00e7amento do maior sistema de quest\u00f5es do Brasil e aproveite os descontos e b\u00f4nus imperd\u00edveis!<\/strong><\/p>\n\n\n\n<figure class=\"wp-block-image size-large\"><a href=\"https:\/\/www.youtube.com\/watch?v=uPUGbXOPGqk\" target=\"_blank\" rel=\"noopener noreferrer\"><img loading=\"lazy\" decoding=\"async\" width=\"1024\" height=\"235\" src=\"https:\/\/dhg1h5j42swfq.cloudfront.net\/2020\/05\/07090143\/banner-2-1024x235.jpg\" alt=\"\" class=\"wp-image-511542\" srcset=\"https:\/\/dhg1h5j42swfq.cloudfront.net\/2020\/05\/07090143\/banner-2-1024x235.jpg 1024w, https:\/\/dhg1h5j42swfq.cloudfront.net\/2020\/05\/07090143\/banner-2-300x69.jpg 300w, https:\/\/dhg1h5j42swfq.cloudfront.net\/2020\/05\/07090143\/banner-2-768x176.jpg 768w, https:\/\/dhg1h5j42swfq.cloudfront.net\/2020\/05\/07090143\/banner-2-1536x353.jpg 1536w, https:\/\/dhg1h5j42swfq.cloudfront.net\/2020\/05\/07090143\/banner-2-610x140.jpg 610w, https:\/\/dhg1h5j42swfq.cloudfront.net\/2020\/05\/07090143\/banner-2.jpg 1894w\" sizes=\"auto, (max-width: 1024px) 100vw, 1024px\" \/><\/a><\/figure>\n\n\n\n<h2 class=\"wp-block-heading has-text-align-center\" id=\"h-quer-estudar-para-concurso-depen\"><strong><em>Quer estudar para Concurso DEPEN?<\/em><\/strong><\/h2>\n\n\n\n<p class=\"has-text-align-center\"><em><strong>Gostou desta oportunidade e deseja come\u00e7ar se preparar agora mesmo? Ent\u00e3o, confira os nossos cursos e comece a estudar para DEPEN:<\/strong><\/em><\/p>\n\n\n\n<p class=\"has-background has-text-align-center has-luminous-vivid-amber-background-color has-medium-font-size\"><a href=\"https:\/\/www.estrategiaconcursos.com.br\/cursosPorConcurso\/departamento-penitenciario-nacional-depen\/\" target=\"_blank\" rel=\"noreferrer noopener\" aria-label=\"Curso Depen (abre numa nova aba)\"><strong><em>Curso Depen<\/em><\/strong><\/a><\/p>\n\n\n\n<p class=\"has-text-align-center\"><em><strong>Assinatura Anual Ilimitada*<\/strong><\/em><\/p>\n\n\n\n<p class=\"has-text-align-center\"><em>Prepare-se com o melhor material e com quem mais aprova em Concursos P\u00fablicos em todo o pa\u00eds. Assine agora a nossa Assinatura Anual e tenha acesso ilimitado* a todos os nossos cursos.<\/em><\/p>\n\n\n\n<p class=\"has-text-align-center has-background has-light-green-cyan-background-color has-medium-font-size\"><strong>ASSINE AGORA<\/strong>&nbsp;\u2013&nbsp;<a href=\"https:\/\/www.estrategiaconcursos.com.br\/assinaturas\" target=\"_blank\" rel=\"noreferrer noopener\"><strong>Assinatura Ilimitada<\/strong><\/a><\/p>\n\n\n\n<p class=\"has-text-color has-background has-text-align-center has-very-dark-gray-color has-pale-cyan-blue-background-color has-medium-font-size\"><strong><a href=\"https:\/\/www.estrategiaconcursos.com.br\/blog\/concursos-abertos\/\">CONCURSOS ABERTOS<\/a><\/strong><\/p>\n","protected":false},"excerpt":{"rendered":"<p>O Concurso DEPEN (Departamento Penitenci\u00e1rio Nacional) est\u00e1 na pra\u00e7a e o CEBRASPE ser\u00e1 respons\u00e1vel pelo certame que traz a oferta de 309 vagas, distribu\u00eddas entre cargos de n\u00edvel m\u00e9dio e superior: Para voc\u00ea que est\u00e1 interessado em prestar o concurso, a melhor dica agora \u00e9 FOCO TOTAL nos estudos! Pensando nisso, o Estrat\u00e9gia Concursos vai [&hellip;]<\/p>\n","protected":false},"author":1212,"featured_media":85228,"comment_status":"open","ping_status":"closed","sticky":false,"template":"","format":"standard","meta":{"post_tipo":"article","footnotes":""},"categories":[1],"tags":[],"tax_estado":[],"class_list":["post-512152","post","type-post","status-publish","format-standard","has-post-thumbnail","hentry","category-cursos-e-concursos"],"acf":[],"yoast_head":"<!-- This site is optimized with the Yoast SEO Premium plugin v27.2 (Yoast SEO v27.2) - https:\/\/yoast.com\/product\/yoast-seo-premium-wordpress\/ -->\n<title>3\u00aa Maratona DEPEN - Agente Federal de Execu\u00e7\u00e3o Penal: Foco total!<\/title>\n<meta name=\"robots\" content=\"index, follow, max-snippet:-1, max-image-preview:large, max-video-preview:-1\" \/>\n<link rel=\"canonical\" href=\"https:\/\/www.estrategiaconcursos.com.br\/blog\/3a-maratona-depen-agente-federal-de-execucao-penal\/\" \/>\n<meta property=\"og:locale\" content=\"pt_BR\" \/>\n<meta property=\"og:type\" content=\"article\" \/>\n<meta property=\"og:title\" content=\"3\u00aa Maratona DEPEN - Agente Federal de Execu\u00e7\u00e3o Penal: Foco total!\" \/>\n<meta property=\"og:description\" content=\"O Concurso DEPEN (Departamento Penitenci\u00e1rio Nacional) est\u00e1 na pra\u00e7a e o CEBRASPE ser\u00e1 respons\u00e1vel pelo certame que traz a oferta de 309 vagas, distribu\u00eddas entre cargos de n\u00edvel m\u00e9dio e superior: Para voc\u00ea que est\u00e1 interessado em prestar o concurso, a melhor dica agora \u00e9 FOCO TOTAL nos estudos! Pensando nisso, o Estrat\u00e9gia Concursos vai [&hellip;]\" \/>\n<meta property=\"og:url\" content=\"https:\/\/www.estrategiaconcursos.com.br\/blog\/3a-maratona-depen-agente-federal-de-execucao-penal\/\" \/>\n<meta property=\"og:site_name\" content=\"Estrat\u00e9gia Concursos\" \/>\n<meta property=\"article:published_time\" content=\"2020-05-09T10:24:00+00:00\" \/>\n<meta property=\"article:modified_time\" content=\"2023-08-29T13:27:34+00:00\" \/>\n<meta property=\"og:image\" content=\"https:\/\/dhg1h5j42swfq.cloudfront.net\/2015\/05\/15102809\/DEPEN6-e1502803696603.jpg\" \/>\n\t<meta property=\"og:image:width\" content=\"400\" \/>\n\t<meta property=\"og:image:height\" content=\"209\" \/>\n\t<meta property=\"og:image:type\" content=\"image\/jpeg\" \/>\n<meta name=\"author\" content=\"Carlos Henrique Alves\" \/>\n<meta name=\"twitter:card\" content=\"summary_large_image\" \/>\n<meta name=\"twitter:creator\" content=\"@EstratConcursos\" \/>\n<meta name=\"twitter:site\" content=\"@EstratConcursos\" \/>\n<meta name=\"twitter:label1\" content=\"Escrito por\" \/>\n\t<meta name=\"twitter:data1\" content=\"Carlos Henrique Alves\" \/>\n\t<meta name=\"twitter:label2\" content=\"Est. tempo de leitura\" \/>\n\t<meta name=\"twitter:data2\" content=\"2 minutos\" \/>\n<script type=\"application\/ld+json\" class=\"yoast-schema-graph\">{\"@context\":\"https:\/\/schema.org\",\"@graph\":[{\"@type\":\"NewsArticle\",\"@id\":\"https:\/\/www.estrategiaconcursos.com.br\/blog\/3a-maratona-depen-agente-federal-de-execucao-penal\/#article\",\"isPartOf\":{\"@id\":\"https:\/\/www.estrategiaconcursos.com.br\/blog\/3a-maratona-depen-agente-federal-de-execucao-penal\/\"},\"author\":{\"name\":\"Carlos Henrique Alves\",\"@id\":\"https:\/\/www.estrategiaconcursos.com.br\/blog\/#\/schema\/person\/47e7b672a9023de73dcd7145e6273de4\"},\"headline\":\"3\u00aa Maratona DEPEN &#8211; Agente Federal de Execu\u00e7\u00e3o Penal: Foco total!\",\"datePublished\":\"2020-05-09T10:24:00+00:00\",\"dateModified\":\"2023-08-29T13:27:34+00:00\",\"mainEntityOfPage\":{\"@id\":\"https:\/\/www.estrategiaconcursos.com.br\/blog\/3a-maratona-depen-agente-federal-de-execucao-penal\/\"},\"wordCount\":343,\"commentCount\":0,\"publisher\":{\"@id\":\"https:\/\/www.estrategiaconcursos.com.br\/blog\/#organization\"},\"image\":{\"@id\":\"https:\/\/www.estrategiaconcursos.com.br\/blog\/3a-maratona-depen-agente-federal-de-execucao-penal\/#primaryimage\"},\"thumbnailUrl\":\"https:\/\/dhg1h5j42swfq.cloudfront.net\/2015\/05\/15102809\/DEPEN6-e1502803696603.jpg\",\"articleSection\":[\"Concursos P\u00fablicos\"],\"inLanguage\":\"pt-BR\",\"potentialAction\":[{\"@type\":\"CommentAction\",\"name\":\"Comment\",\"target\":[\"https:\/\/www.estrategiaconcursos.com.br\/blog\/3a-maratona-depen-agente-federal-de-execucao-penal\/#respond\"]}],\"copyrightYear\":\"2020\",\"copyrightHolder\":{\"@id\":\"https:\/\/www.estrategiaconcursos.com.br\/blog\/#organization\"}},{\"@type\":\"WebPage\",\"@id\":\"https:\/\/www.estrategiaconcursos.com.br\/blog\/3a-maratona-depen-agente-federal-de-execucao-penal\/\",\"url\":\"https:\/\/www.estrategiaconcursos.com.br\/blog\/3a-maratona-depen-agente-federal-de-execucao-penal\/\",\"name\":\"3\u00aa Maratona DEPEN - Agente Federal de Execu\u00e7\u00e3o Penal: Foco total!\",\"isPartOf\":{\"@id\":\"https:\/\/www.estrategiaconcursos.com.br\/blog\/#website\"},\"primaryImageOfPage\":{\"@id\":\"https:\/\/www.estrategiaconcursos.com.br\/blog\/3a-maratona-depen-agente-federal-de-execucao-penal\/#primaryimage\"},\"image\":{\"@id\":\"https:\/\/www.estrategiaconcursos.com.br\/blog\/3a-maratona-depen-agente-federal-de-execucao-penal\/#primaryimage\"},\"thumbnailUrl\":\"https:\/\/dhg1h5j42swfq.cloudfront.net\/2015\/05\/15102809\/DEPEN6-e1502803696603.jpg\",\"datePublished\":\"2020-05-09T10:24:00+00:00\",\"dateModified\":\"2023-08-29T13:27:34+00:00\",\"breadcrumb\":{\"@id\":\"https:\/\/www.estrategiaconcursos.com.br\/blog\/3a-maratona-depen-agente-federal-de-execucao-penal\/#breadcrumb\"},\"inLanguage\":\"pt-BR\",\"potentialAction\":[{\"@type\":\"ReadAction\",\"target\":[\"https:\/\/www.estrategiaconcursos.com.br\/blog\/3a-maratona-depen-agente-federal-de-execucao-penal\/\"]}]},{\"@type\":\"ImageObject\",\"inLanguage\":\"pt-BR\",\"@id\":\"https:\/\/www.estrategiaconcursos.com.br\/blog\/3a-maratona-depen-agente-federal-de-execucao-penal\/#primaryimage\",\"url\":\"https:\/\/dhg1h5j42swfq.cloudfront.net\/2015\/05\/15102809\/DEPEN6-e1502803696603.jpg\",\"contentUrl\":\"https:\/\/dhg1h5j42swfq.cloudfront.net\/2015\/05\/15102809\/DEPEN6-e1502803696603.jpg\",\"width\":400,\"height\":209,\"caption\":\"Concurso Depen\"},{\"@type\":\"BreadcrumbList\",\"@id\":\"https:\/\/www.estrategiaconcursos.com.br\/blog\/3a-maratona-depen-agente-federal-de-execucao-penal\/#breadcrumb\",\"itemListElement\":[{\"@type\":\"ListItem\",\"position\":1,\"name\":\"In\u00edcio\",\"item\":\"https:\/\/www.estrategiaconcursos.com.br\/blog\/\"},{\"@type\":\"ListItem\",\"position\":2,\"name\":\"3\u00aa Maratona DEPEN &#8211; Agente Federal de Execu\u00e7\u00e3o Penal: Foco total!\"}]},{\"@type\":\"WebSite\",\"@id\":\"https:\/\/www.estrategiaconcursos.com.br\/blog\/#website\",\"url\":\"https:\/\/www.estrategiaconcursos.com.br\/blog\/\",\"name\":\"Estrat\u00e9gia Concursos\",\"description\":\"O blog da Estrat\u00e9gia Concursos traz not\u00edcias sobre concursos e artigos de professores oferecendo cursos para concursos (pdf + videaulas) no site.\",\"publisher\":{\"@id\":\"https:\/\/www.estrategiaconcursos.com.br\/blog\/#organization\"},\"potentialAction\":[{\"@type\":\"SearchAction\",\"target\":{\"@type\":\"EntryPoint\",\"urlTemplate\":\"https:\/\/www.estrategiaconcursos.com.br\/blog\/?s={search_term_string}\"},\"query-input\":{\"@type\":\"PropertyValueSpecification\",\"valueRequired\":true,\"valueName\":\"search_term_string\"}}],\"inLanguage\":\"pt-BR\"},{\"@type\":\"Organization\",\"@id\":\"https:\/\/www.estrategiaconcursos.com.br\/blog\/#organization\",\"name\":\"Estrat\u00e9gia Concursos\",\"url\":\"https:\/\/www.estrategiaconcursos.com.br\/blog\/\",\"logo\":{\"@type\":\"ImageObject\",\"inLanguage\":\"pt-BR\",\"@id\":\"https:\/\/www.estrategiaconcursos.com.br\/blog\/#\/schema\/logo\/image\/\",\"url\":\"https:\/\/dhg1h5j42swfq.cloudfront.net\/2025\/06\/03203428\/logo_concursos-1.jpg\",\"contentUrl\":\"https:\/\/dhg1h5j42swfq.cloudfront.net\/2025\/06\/03203428\/logo_concursos-1.jpg\",\"width\":230,\"height\":60,\"caption\":\"Estrat\u00e9gia Concursos\"},\"image\":{\"@id\":\"https:\/\/www.estrategiaconcursos.com.br\/blog\/#\/schema\/logo\/image\/\"},\"sameAs\":[\"https:\/\/x.com\/EstratConcursos\"]},{\"@type\":\"Person\",\"@id\":\"https:\/\/www.estrategiaconcursos.com.br\/blog\/#\/schema\/person\/47e7b672a9023de73dcd7145e6273de4\",\"name\":\"Carlos Henrique Alves\",\"image\":{\"@type\":\"ImageObject\",\"inLanguage\":\"pt-BR\",\"@id\":\"https:\/\/secure.gravatar.com\/avatar\/cdfa0011f5323fd4c51b434dc40404b658e9f87dadec1048de18c5a2ed6117f0?s=96&d=mm&r=g\",\"url\":\"https:\/\/secure.gravatar.com\/avatar\/cdfa0011f5323fd4c51b434dc40404b658e9f87dadec1048de18c5a2ed6117f0?s=96&d=mm&r=g\",\"contentUrl\":\"https:\/\/secure.gravatar.com\/avatar\/cdfa0011f5323fd4c51b434dc40404b658e9f87dadec1048de18c5a2ed6117f0?s=96&d=mm&r=g\",\"caption\":\"Carlos Henrique Alves\"},\"url\":\"https:\/\/www.estrategiaconcursos.com.br\/blog\/author\/carlos-alvesestrategiaconcursos-com-br\/\"}]}<\/script>\n<!-- \/ Yoast SEO Premium plugin. -->","yoast_head_json":{"title":"3\u00aa Maratona DEPEN - Agente Federal de Execu\u00e7\u00e3o Penal: Foco total!","robots":{"index":"index","follow":"follow","max-snippet":"max-snippet:-1","max-image-preview":"max-image-preview:large","max-video-preview":"max-video-preview:-1"},"canonical":"https:\/\/www.estrategiaconcursos.com.br\/blog\/3a-maratona-depen-agente-federal-de-execucao-penal\/","og_locale":"pt_BR","og_type":"article","og_title":"3\u00aa Maratona DEPEN - Agente Federal de Execu\u00e7\u00e3o Penal: Foco total!","og_description":"O Concurso DEPEN (Departamento Penitenci\u00e1rio Nacional) est\u00e1 na pra\u00e7a e o CEBRASPE ser\u00e1 respons\u00e1vel pelo certame que traz a oferta de 309 vagas, distribu\u00eddas entre cargos de n\u00edvel m\u00e9dio e superior: Para voc\u00ea que est\u00e1 interessado em prestar o concurso, a melhor dica agora \u00e9 FOCO TOTAL nos estudos! Pensando nisso, o Estrat\u00e9gia Concursos vai [&hellip;]","og_url":"https:\/\/www.estrategiaconcursos.com.br\/blog\/3a-maratona-depen-agente-federal-de-execucao-penal\/","og_site_name":"Estrat\u00e9gia Concursos","article_published_time":"2020-05-09T10:24:00+00:00","article_modified_time":"2023-08-29T13:27:34+00:00","og_image":[{"width":400,"height":209,"url":"https:\/\/dhg1h5j42swfq.cloudfront.net\/2015\/05\/15102809\/DEPEN6-e1502803696603.jpg","type":"image\/jpeg"}],"author":"Carlos Henrique Alves","twitter_card":"summary_large_image","twitter_creator":"@EstratConcursos","twitter_site":"@EstratConcursos","twitter_misc":{"Escrito por":"Carlos Henrique Alves","Est. tempo de leitura":"2 minutos"},"schema":{"@context":"https:\/\/schema.org","@graph":[{"@type":"NewsArticle","@id":"https:\/\/www.estrategiaconcursos.com.br\/blog\/3a-maratona-depen-agente-federal-de-execucao-penal\/#article","isPartOf":{"@id":"https:\/\/www.estrategiaconcursos.com.br\/blog\/3a-maratona-depen-agente-federal-de-execucao-penal\/"},"author":{"name":"Carlos Henrique Alves","@id":"https:\/\/www.estrategiaconcursos.com.br\/blog\/#\/schema\/person\/47e7b672a9023de73dcd7145e6273de4"},"headline":"3\u00aa Maratona DEPEN &#8211; Agente Federal de Execu\u00e7\u00e3o Penal: Foco total!","datePublished":"2020-05-09T10:24:00+00:00","dateModified":"2023-08-29T13:27:34+00:00","mainEntityOfPage":{"@id":"https:\/\/www.estrategiaconcursos.com.br\/blog\/3a-maratona-depen-agente-federal-de-execucao-penal\/"},"wordCount":343,"commentCount":0,"publisher":{"@id":"https:\/\/www.estrategiaconcursos.com.br\/blog\/#organization"},"image":{"@id":"https:\/\/www.estrategiaconcursos.com.br\/blog\/3a-maratona-depen-agente-federal-de-execucao-penal\/#primaryimage"},"thumbnailUrl":"https:\/\/dhg1h5j42swfq.cloudfront.net\/2015\/05\/15102809\/DEPEN6-e1502803696603.jpg","articleSection":["Concursos P\u00fablicos"],"inLanguage":"pt-BR","potentialAction":[{"@type":"CommentAction","name":"Comment","target":["https:\/\/www.estrategiaconcursos.com.br\/blog\/3a-maratona-depen-agente-federal-de-execucao-penal\/#respond"]}],"copyrightYear":"2020","copyrightHolder":{"@id":"https:\/\/www.estrategiaconcursos.com.br\/blog\/#organization"}},{"@type":"WebPage","@id":"https:\/\/www.estrategiaconcursos.com.br\/blog\/3a-maratona-depen-agente-federal-de-execucao-penal\/","url":"https:\/\/www.estrategiaconcursos.com.br\/blog\/3a-maratona-depen-agente-federal-de-execucao-penal\/","name":"3\u00aa Maratona DEPEN - Agente Federal de Execu\u00e7\u00e3o Penal: Foco total!","isPartOf":{"@id":"https:\/\/www.estrategiaconcursos.com.br\/blog\/#website"},"primaryImageOfPage":{"@id":"https:\/\/www.estrategiaconcursos.com.br\/blog\/3a-maratona-depen-agente-federal-de-execucao-penal\/#primaryimage"},"image":{"@id":"https:\/\/www.estrategiaconcursos.com.br\/blog\/3a-maratona-depen-agente-federal-de-execucao-penal\/#primaryimage"},"thumbnailUrl":"https:\/\/dhg1h5j42swfq.cloudfront.net\/2015\/05\/15102809\/DEPEN6-e1502803696603.jpg","datePublished":"2020-05-09T10:24:00+00:00","dateModified":"2023-08-29T13:27:34+00:00","breadcrumb":{"@id":"https:\/\/www.estrategiaconcursos.com.br\/blog\/3a-maratona-depen-agente-federal-de-execucao-penal\/#breadcrumb"},"inLanguage":"pt-BR","potentialAction":[{"@type":"ReadAction","target":["https:\/\/www.estrategiaconcursos.com.br\/blog\/3a-maratona-depen-agente-federal-de-execucao-penal\/"]}]},{"@type":"ImageObject","inLanguage":"pt-BR","@id":"https:\/\/www.estrategiaconcursos.com.br\/blog\/3a-maratona-depen-agente-federal-de-execucao-penal\/#primaryimage","url":"https:\/\/dhg1h5j42swfq.cloudfront.net\/2015\/05\/15102809\/DEPEN6-e1502803696603.jpg","contentUrl":"https:\/\/dhg1h5j42swfq.cloudfront.net\/2015\/05\/15102809\/DEPEN6-e1502803696603.jpg","width":400,"height":209,"caption":"Concurso Depen"},{"@type":"BreadcrumbList","@id":"https:\/\/www.estrategiaconcursos.com.br\/blog\/3a-maratona-depen-agente-federal-de-execucao-penal\/#breadcrumb","itemListElement":[{"@type":"ListItem","position":1,"name":"In\u00edcio","item":"https:\/\/www.estrategiaconcursos.com.br\/blog\/"},{"@type":"ListItem","position":2,"name":"3\u00aa Maratona DEPEN &#8211; Agente Federal de Execu\u00e7\u00e3o Penal: Foco total!"}]},{"@type":"WebSite","@id":"https:\/\/www.estrategiaconcursos.com.br\/blog\/#website","url":"https:\/\/www.estrategiaconcursos.com.br\/blog\/","name":"Estrat\u00e9gia Concursos","description":"O blog da Estrat\u00e9gia Concursos traz not\u00edcias sobre concursos e artigos de professores oferecendo cursos para concursos (pdf + videaulas) no site.","publisher":{"@id":"https:\/\/www.estrategiaconcursos.com.br\/blog\/#organization"},"potentialAction":[{"@type":"SearchAction","target":{"@type":"EntryPoint","urlTemplate":"https:\/\/www.estrategiaconcursos.com.br\/blog\/?s={search_term_string}"},"query-input":{"@type":"PropertyValueSpecification","valueRequired":true,"valueName":"search_term_string"}}],"inLanguage":"pt-BR"},{"@type":"Organization","@id":"https:\/\/www.estrategiaconcursos.com.br\/blog\/#organization","name":"Estrat\u00e9gia Concursos","url":"https:\/\/www.estrategiaconcursos.com.br\/blog\/","logo":{"@type":"ImageObject","inLanguage":"pt-BR","@id":"https:\/\/www.estrategiaconcursos.com.br\/blog\/#\/schema\/logo\/image\/","url":"https:\/\/dhg1h5j42swfq.cloudfront.net\/2025\/06\/03203428\/logo_concursos-1.jpg","contentUrl":"https:\/\/dhg1h5j42swfq.cloudfront.net\/2025\/06\/03203428\/logo_concursos-1.jpg","width":230,"height":60,"caption":"Estrat\u00e9gia Concursos"},"image":{"@id":"https:\/\/www.estrategiaconcursos.com.br\/blog\/#\/schema\/logo\/image\/"},"sameAs":["https:\/\/x.com\/EstratConcursos"]},{"@type":"Person","@id":"https:\/\/www.estrategiaconcursos.com.br\/blog\/#\/schema\/person\/47e7b672a9023de73dcd7145e6273de4","name":"Carlos Henrique Alves","image":{"@type":"ImageObject","inLanguage":"pt-BR","@id":"https:\/\/secure.gravatar.com\/avatar\/cdfa0011f5323fd4c51b434dc40404b658e9f87dadec1048de18c5a2ed6117f0?s=96&d=mm&r=g","url":"https:\/\/secure.gravatar.com\/avatar\/cdfa0011f5323fd4c51b434dc40404b658e9f87dadec1048de18c5a2ed6117f0?s=96&d=mm&r=g","contentUrl":"https:\/\/secure.gravatar.com\/avatar\/cdfa0011f5323fd4c51b434dc40404b658e9f87dadec1048de18c5a2ed6117f0?s=96&d=mm&r=g","caption":"Carlos Henrique Alves"},"url":"https:\/\/www.estrategiaconcursos.com.br\/blog\/author\/carlos-alvesestrategiaconcursos-com-br\/"}]}},"_links":{"self":[{"href":"https:\/\/www.estrategiaconcursos.com.br\/blog\/wp-json\/wp\/v2\/posts\/512152","targetHints":{"allow":["GET"]}}],"collection":[{"href":"https:\/\/www.estrategiaconcursos.com.br\/blog\/wp-json\/wp\/v2\/posts"}],"about":[{"href":"https:\/\/www.estrategiaconcursos.com.br\/blog\/wp-json\/wp\/v2\/types\/post"}],"author":[{"embeddable":true,"href":"https:\/\/www.estrategiaconcursos.com.br\/blog\/wp-json\/wp\/v2\/users\/1212"}],"replies":[{"embeddable":true,"href":"https:\/\/www.estrategiaconcursos.com.br\/blog\/wp-json\/wp\/v2\/comments?post=512152"}],"version-history":[{"count":4,"href":"https:\/\/www.estrategiaconcursos.com.br\/blog\/wp-json\/wp\/v2\/posts\/512152\/revisions"}],"predecessor-version":[{"id":1270664,"href":"https:\/\/www.estrategiaconcursos.com.br\/blog\/wp-json\/wp\/v2\/posts\/512152\/revisions\/1270664"}],"wp:featuredmedia":[{"embeddable":true,"href":"https:\/\/www.estrategiaconcursos.com.br\/blog\/wp-json\/wp\/v2\/media\/85228"}],"wp:attachment":[{"href":"https:\/\/www.estrategiaconcursos.com.br\/blog\/wp-json\/wp\/v2\/media?parent=512152"}],"wp:term":[{"taxonomy":"category","embeddable":true,"href":"https:\/\/www.estrategiaconcursos.com.br\/blog\/wp-json\/wp\/v2\/categories?post=512152"},{"taxonomy":"post_tag","embeddable":true,"href":"https:\/\/www.estrategiaconcursos.com.br\/blog\/wp-json\/wp\/v2\/tags?post=512152"},{"taxonomy":"tax_estado","embeddable":true,"href":"https:\/\/www.estrategiaconcursos.com.br\/blog\/wp-json\/wp\/v2\/tax_estado?post=512152"}],"curies":[{"name":"wp","href":"https:\/\/api.w.org\/{rel}","templated":true}]}}