{"id":511362,"date":"2020-05-06T16:34:15","date_gmt":"2020-05-06T19:34:15","guid":{"rendered":"https:\/\/www.estrategiaconcursos.com.br\/blog\/?p=511362"},"modified":"2020-05-06T16:34:17","modified_gmt":"2020-05-06T19:34:17","slug":"semus-sao-luis-ma-abre-selecao-emergencial-por-covid-19","status":"publish","type":"post","link":"https:\/\/www.estrategiaconcursos.com.br\/blog\/semus-sao-luis-ma-abre-selecao-emergencial-por-covid-19\/","title":{"rendered":"SEMUS S\u00e3o Lu\u00eds MA abre sele\u00e7\u00e3o emergencial por Covid-19"},"content":{"rendered":"\n<p>A SEMUS S\u00e3o Lu\u00eds (Secretaria Municipal de Sa\u00fade de S\u00e3o Lu\u00eds), capital do estado do Maranh\u00e3o, publicou edital de um novo Processo Seletivo Simplificado, visando a contrata\u00e7\u00e3o de profissionais da sa\u00fade, de n\u00edveis t\u00e9cnico e superior.<\/p>\n\n\n\n<p>As contrata\u00e7\u00f5es, realizadas em car\u00e1ter emergencial, ser\u00e3o para atua\u00e7\u00e3o nas unidades hospitalares do munic\u00edpio e visam refor\u00e7ar o enfrentamento \u00e0 Covid-19 (novo Coronav\u00edrus). Confira abaixo a rela\u00e7\u00e3o de cargos e remunera\u00e7\u00f5es:<\/p>\n\n\n\n<h2 class=\"wp-block-heading\">Cargos, vagas e remunera\u00e7\u00f5es<\/h2>\n\n\n\n<figure class=\"wp-block-image size-large\"><img loading=\"lazy\" decoding=\"async\" width=\"458\" height=\"512\" src=\"https:\/\/dhg1h5j42swfq.cloudfront.net\/2020\/05\/06161323\/image-67.png\" alt=\"\" class=\"wp-image-511379\" srcset=\"https:\/\/dhg1h5j42swfq.cloudfront.net\/2020\/05\/06161323\/image-67.png 458w, https:\/\/dhg1h5j42swfq.cloudfront.net\/2020\/05\/06161323\/image-67-268x300.png 268w\" sizes=\"auto, (max-width: 458px) 100vw, 458px\" \/><\/figure>\n\n\n\n<figure class=\"wp-block-image size-large\"><img loading=\"lazy\" decoding=\"async\" width=\"454\" height=\"262\" src=\"https:\/\/dhg1h5j42swfq.cloudfront.net\/2020\/05\/06161400\/image-68.png\" alt=\"\" class=\"wp-image-511380\" srcset=\"https:\/\/dhg1h5j42swfq.cloudfront.net\/2020\/05\/06161400\/image-68.png 454w, https:\/\/dhg1h5j42swfq.cloudfront.net\/2020\/05\/06161400\/image-68-300x173.png 300w\" sizes=\"auto, (max-width: 454px) 100vw, 454px\" \/><\/figure>\n\n\n\n<figure class=\"wp-block-image size-large\"><img loading=\"lazy\" decoding=\"async\" width=\"457\" height=\"229\" src=\"https:\/\/dhg1h5j42swfq.cloudfront.net\/2020\/05\/06161433\/image-69.png\" alt=\"\" class=\"wp-image-511381\" srcset=\"https:\/\/dhg1h5j42swfq.cloudfront.net\/2020\/05\/06161433\/image-69.png 457w, https:\/\/dhg1h5j42swfq.cloudfront.net\/2020\/05\/06161433\/image-69-300x150.png 300w\" sizes=\"auto, (max-width: 457px) 100vw, 457px\" \/><\/figure>\n\n\n\n<figure class=\"wp-block-image size-large\"><img loading=\"lazy\" decoding=\"async\" width=\"456\" height=\"159\" src=\"https:\/\/dhg1h5j42swfq.cloudfront.net\/2020\/05\/06161516\/image-70.png\" alt=\"\" class=\"wp-image-511382\" srcset=\"https:\/\/dhg1h5j42swfq.cloudfront.net\/2020\/05\/06161516\/image-70.png 456w, https:\/\/dhg1h5j42swfq.cloudfront.net\/2020\/05\/06161516\/image-70-300x105.png 300w\" sizes=\"auto, (max-width: 456px) 100vw, 456px\" \/><\/figure>\n\n\n\n<figure class=\"wp-block-image size-large\"><img loading=\"lazy\" decoding=\"async\" width=\"453\" height=\"199\" src=\"https:\/\/dhg1h5j42swfq.cloudfront.net\/2020\/05\/06161542\/image-71.png\" alt=\"\" class=\"wp-image-511383\" srcset=\"https:\/\/dhg1h5j42swfq.cloudfront.net\/2020\/05\/06161542\/image-71.png 453w, https:\/\/dhg1h5j42swfq.cloudfront.net\/2020\/05\/06161542\/image-71-300x132.png 300w\" sizes=\"auto, (max-width: 453px) 100vw, 453px\" \/><\/figure>\n\n\n\n<figure class=\"wp-block-image size-large\"><img loading=\"lazy\" decoding=\"async\" width=\"459\" height=\"145\" src=\"https:\/\/dhg1h5j42swfq.cloudfront.net\/2020\/05\/06161606\/image-72.png\" alt=\"\" class=\"wp-image-511384\" srcset=\"https:\/\/dhg1h5j42swfq.cloudfront.net\/2020\/05\/06161606\/image-72.png 459w, https:\/\/dhg1h5j42swfq.cloudfront.net\/2020\/05\/06161606\/image-72-300x95.png 300w\" sizes=\"auto, (max-width: 459px) 100vw, 459px\" \/><\/figure>\n\n\n\n<p>O Processo Seletivo Simplificado Emergencial tem por objetivo a forma\u00e7\u00e3o de cadastro de profissionais de n\u00edvel superior e t\u00e9cnico para triagem e atendimento direto ou indireto aos pacientes confirmados ou suspeitos de COVID-19, para contrata\u00e7\u00e3o tempor\u00e1ria pelo per\u00edodo inicial de 03 (tr\u00eas) meses, podendo ser prorrogada por igual per\u00edodo.<\/p>\n\n\n\n<p>Os interessados nas vagas do processo seletivo, que ser\u00e1 realizado por meio de An\u00e1lise Curricular, dever\u00e3o acessar <a href=\"http:\/\/seletivo.semus.saoluis.ma.gov.br\/\">ESTE LINK<\/a> at\u00e9 o dia 07 de maio de 2020. <\/p>\n\n\n\n<p>Para mais informa\u00e7\u00f5es, baixe o edital abaixo:<\/p>\n\n\n\n<p style=\"font-size:22px\" class=\"has-text-align-center\"><strong><a href=\"https:\/\/dhg1h5j42swfq.cloudfront.net\/2020\/05\/06162313\/Edital_Semus_Sao_Luis_MA_2020.pdf\">Edital SEMUS S\u00e3o Lu\u00eds<\/a><\/strong><\/p>\n","protected":false},"excerpt":{"rendered":"<p>A SEMUS S\u00e3o Lu\u00eds (Secretaria Municipal de Sa\u00fade de S\u00e3o Lu\u00eds), capital do estado do Maranh\u00e3o, publicou edital de um novo Processo Seletivo Simplificado, visando a contrata\u00e7\u00e3o de profissionais da sa\u00fade, de n\u00edveis t\u00e9cnico e superior. As contrata\u00e7\u00f5es, realizadas em car\u00e1ter emergencial, ser\u00e3o para atua\u00e7\u00e3o nas unidades hospitalares do munic\u00edpio e visam refor\u00e7ar o enfrentamento [&hellip;]<\/p>\n","protected":false},"author":561,"featured_media":0,"comment_status":"open","ping_status":"closed","sticky":false,"template":"","format":"standard","meta":{"post_tipo":"article","footnotes":""},"categories":[1],"tags":[],"tax_estado":[],"class_list":["post-511362","post","type-post","status-publish","format-standard","hentry","category-cursos-e-concursos"],"acf":[],"yoast_head":"<!-- This site is optimized with the Yoast SEO Premium plugin v27.2 (Yoast SEO v27.2) - https:\/\/yoast.com\/product\/yoast-seo-premium-wordpress\/ -->\n<title>SEMUS S\u00e3o Lu\u00eds MA abre sele\u00e7\u00e3o emergencial por Covid-19<\/title>\n<meta name=\"description\" content=\"Secretaria Municipal de Sa\u00fade de S\u00e3o Lu\u00eds publica edital de processo seletivo focado na sa\u00fade, para refor\u00e7ar o combate \u00e0 pandemia. Confira no site!\" \/>\n<meta name=\"robots\" content=\"index, follow, max-snippet:-1, max-image-preview:large, max-video-preview:-1\" \/>\n<link rel=\"canonical\" href=\"https:\/\/www.estrategiaconcursos.com.br\/blog\/semus-sao-luis-ma-abre-selecao-emergencial-por-covid-19\/\" \/>\n<meta property=\"og:locale\" content=\"pt_BR\" \/>\n<meta property=\"og:type\" content=\"article\" \/>\n<meta property=\"og:title\" content=\"SEMUS S\u00e3o Lu\u00eds MA abre sele\u00e7\u00e3o emergencial por Covid-19\" \/>\n<meta property=\"og:description\" content=\"Secretaria Municipal de Sa\u00fade de S\u00e3o Lu\u00eds publica edital de processo seletivo focado na sa\u00fade, para refor\u00e7ar o combate \u00e0 pandemia. Confira no site!\" \/>\n<meta property=\"og:url\" content=\"https:\/\/www.estrategiaconcursos.com.br\/blog\/semus-sao-luis-ma-abre-selecao-emergencial-por-covid-19\/\" \/>\n<meta property=\"og:site_name\" content=\"Estrat\u00e9gia Concursos\" \/>\n<meta property=\"article:published_time\" content=\"2020-05-06T19:34:15+00:00\" \/>\n<meta property=\"article:modified_time\" content=\"2020-05-06T19:34:17+00:00\" \/>\n<meta property=\"og:image\" content=\"https:\/\/www.estrategiaconcursos.com.br\/blog\/wp-content\/uploads\/2020\/05\/image-67.png\" \/>\n<meta name=\"author\" content=\"Ligia Carvalheiro Fernandes\" \/>\n<meta name=\"twitter:card\" content=\"summary_large_image\" \/>\n<meta name=\"twitter:creator\" content=\"@EstratConcursos\" \/>\n<meta name=\"twitter:site\" content=\"@EstratConcursos\" \/>\n<meta name=\"twitter:label1\" content=\"Escrito por\" \/>\n\t<meta name=\"twitter:data1\" content=\"Ligia Carvalheiro Fernandes\" \/>\n\t<meta name=\"twitter:label2\" content=\"Est. tempo de leitura\" \/>\n\t<meta name=\"twitter:data2\" content=\"1 minuto\" \/>\n<script type=\"application\/ld+json\" class=\"yoast-schema-graph\">{\"@context\":\"https:\/\/schema.org\",\"@graph\":[{\"@type\":\"NewsArticle\",\"@id\":\"https:\/\/www.estrategiaconcursos.com.br\/blog\/semus-sao-luis-ma-abre-selecao-emergencial-por-covid-19\/#article\",\"isPartOf\":{\"@id\":\"https:\/\/www.estrategiaconcursos.com.br\/blog\/semus-sao-luis-ma-abre-selecao-emergencial-por-covid-19\/\"},\"author\":{\"name\":\"Ligia Carvalheiro Fernandes\",\"@id\":\"https:\/\/www.estrategiaconcursos.com.br\/blog\/#\/schema\/person\/cc76e9dac392d5e35e7d00c493eee792\"},\"headline\":\"SEMUS S\u00e3o Lu\u00eds MA abre sele\u00e7\u00e3o emergencial por Covid-19\",\"datePublished\":\"2020-05-06T19:34:15+00:00\",\"dateModified\":\"2020-05-06T19:34:17+00:00\",\"mainEntityOfPage\":{\"@id\":\"https:\/\/www.estrategiaconcursos.com.br\/blog\/semus-sao-luis-ma-abre-selecao-emergencial-por-covid-19\/\"},\"wordCount\":199,\"commentCount\":2,\"publisher\":{\"@id\":\"https:\/\/www.estrategiaconcursos.com.br\/blog\/#organization\"},\"image\":{\"@id\":\"https:\/\/www.estrategiaconcursos.com.br\/blog\/semus-sao-luis-ma-abre-selecao-emergencial-por-covid-19\/#primaryimage\"},\"thumbnailUrl\":\"https:\/\/www.estrategiaconcursos.com.br\/blog\/wp-content\/uploads\/2020\/05\/image-67.png\",\"articleSection\":[\"Concursos P\u00fablicos\"],\"inLanguage\":\"pt-BR\",\"potentialAction\":[{\"@type\":\"CommentAction\",\"name\":\"Comment\",\"target\":[\"https:\/\/www.estrategiaconcursos.com.br\/blog\/semus-sao-luis-ma-abre-selecao-emergencial-por-covid-19\/#respond\"]}],\"copyrightYear\":\"2020\",\"copyrightHolder\":{\"@id\":\"https:\/\/www.estrategiaconcursos.com.br\/blog\/#organization\"}},{\"@type\":\"WebPage\",\"@id\":\"https:\/\/www.estrategiaconcursos.com.br\/blog\/semus-sao-luis-ma-abre-selecao-emergencial-por-covid-19\/\",\"url\":\"https:\/\/www.estrategiaconcursos.com.br\/blog\/semus-sao-luis-ma-abre-selecao-emergencial-por-covid-19\/\",\"name\":\"SEMUS S\u00e3o Lu\u00eds MA abre sele\u00e7\u00e3o emergencial por Covid-19\",\"isPartOf\":{\"@id\":\"https:\/\/www.estrategiaconcursos.com.br\/blog\/#website\"},\"primaryImageOfPage\":{\"@id\":\"https:\/\/www.estrategiaconcursos.com.br\/blog\/semus-sao-luis-ma-abre-selecao-emergencial-por-covid-19\/#primaryimage\"},\"image\":{\"@id\":\"https:\/\/www.estrategiaconcursos.com.br\/blog\/semus-sao-luis-ma-abre-selecao-emergencial-por-covid-19\/#primaryimage\"},\"thumbnailUrl\":\"https:\/\/www.estrategiaconcursos.com.br\/blog\/wp-content\/uploads\/2020\/05\/image-67.png\",\"datePublished\":\"2020-05-06T19:34:15+00:00\",\"dateModified\":\"2020-05-06T19:34:17+00:00\",\"description\":\"Secretaria Municipal de Sa\u00fade de S\u00e3o Lu\u00eds publica edital de processo seletivo focado na sa\u00fade, para refor\u00e7ar o combate \u00e0 pandemia. Confira no site!\",\"breadcrumb\":{\"@id\":\"https:\/\/www.estrategiaconcursos.com.br\/blog\/semus-sao-luis-ma-abre-selecao-emergencial-por-covid-19\/#breadcrumb\"},\"inLanguage\":\"pt-BR\",\"potentialAction\":[{\"@type\":\"ReadAction\",\"target\":[\"https:\/\/www.estrategiaconcursos.com.br\/blog\/semus-sao-luis-ma-abre-selecao-emergencial-por-covid-19\/\"]}]},{\"@type\":\"ImageObject\",\"inLanguage\":\"pt-BR\",\"@id\":\"https:\/\/www.estrategiaconcursos.com.br\/blog\/semus-sao-luis-ma-abre-selecao-emergencial-por-covid-19\/#primaryimage\",\"url\":\"https:\/\/dhg1h5j42swfq.cloudfront.net\/2020\/05\/06161323\/image-67.png\",\"contentUrl\":\"https:\/\/dhg1h5j42swfq.cloudfront.net\/2020\/05\/06161323\/image-67.png\",\"width\":458,\"height\":512},{\"@type\":\"BreadcrumbList\",\"@id\":\"https:\/\/www.estrategiaconcursos.com.br\/blog\/semus-sao-luis-ma-abre-selecao-emergencial-por-covid-19\/#breadcrumb\",\"itemListElement\":[{\"@type\":\"ListItem\",\"position\":1,\"name\":\"In\u00edcio\",\"item\":\"https:\/\/www.estrategiaconcursos.com.br\/blog\/\"},{\"@type\":\"ListItem\",\"position\":2,\"name\":\"SEMUS S\u00e3o Lu\u00eds MA abre sele\u00e7\u00e3o emergencial por Covid-19\"}]},{\"@type\":\"WebSite\",\"@id\":\"https:\/\/www.estrategiaconcursos.com.br\/blog\/#website\",\"url\":\"https:\/\/www.estrategiaconcursos.com.br\/blog\/\",\"name\":\"Estrat\u00e9gia Concursos\",\"description\":\"O blog da Estrat\u00e9gia Concursos traz not\u00edcias sobre concursos e artigos de professores oferecendo cursos para concursos (pdf + videaulas) no site.\",\"publisher\":{\"@id\":\"https:\/\/www.estrategiaconcursos.com.br\/blog\/#organization\"},\"potentialAction\":[{\"@type\":\"SearchAction\",\"target\":{\"@type\":\"EntryPoint\",\"urlTemplate\":\"https:\/\/www.estrategiaconcursos.com.br\/blog\/?s={search_term_string}\"},\"query-input\":{\"@type\":\"PropertyValueSpecification\",\"valueRequired\":true,\"valueName\":\"search_term_string\"}}],\"inLanguage\":\"pt-BR\"},{\"@type\":\"Organization\",\"@id\":\"https:\/\/www.estrategiaconcursos.com.br\/blog\/#organization\",\"name\":\"Estrat\u00e9gia Concursos\",\"url\":\"https:\/\/www.estrategiaconcursos.com.br\/blog\/\",\"logo\":{\"@type\":\"ImageObject\",\"inLanguage\":\"pt-BR\",\"@id\":\"https:\/\/www.estrategiaconcursos.com.br\/blog\/#\/schema\/logo\/image\/\",\"url\":\"https:\/\/dhg1h5j42swfq.cloudfront.net\/2025\/06\/03203428\/logo_concursos-1.jpg\",\"contentUrl\":\"https:\/\/dhg1h5j42swfq.cloudfront.net\/2025\/06\/03203428\/logo_concursos-1.jpg\",\"width\":230,\"height\":60,\"caption\":\"Estrat\u00e9gia Concursos\"},\"image\":{\"@id\":\"https:\/\/www.estrategiaconcursos.com.br\/blog\/#\/schema\/logo\/image\/\"},\"sameAs\":[\"https:\/\/x.com\/EstratConcursos\"]},{\"@type\":\"Person\",\"@id\":\"https:\/\/www.estrategiaconcursos.com.br\/blog\/#\/schema\/person\/cc76e9dac392d5e35e7d00c493eee792\",\"name\":\"Ligia Carvalheiro Fernandes\",\"image\":{\"@type\":\"ImageObject\",\"inLanguage\":\"pt-BR\",\"@id\":\"https:\/\/secure.gravatar.com\/avatar\/26e4636c44dabc043eaf634f767ecd1d80505b210d3981d4ebd176a3f373e3ec?s=96&d=mm&r=g\",\"url\":\"https:\/\/secure.gravatar.com\/avatar\/26e4636c44dabc043eaf634f767ecd1d80505b210d3981d4ebd176a3f373e3ec?s=96&d=mm&r=g\",\"contentUrl\":\"https:\/\/secure.gravatar.com\/avatar\/26e4636c44dabc043eaf634f767ecd1d80505b210d3981d4ebd176a3f373e3ec?s=96&d=mm&r=g\",\"caption\":\"Ligia Carvalheiro Fernandes\"},\"url\":\"https:\/\/www.estrategiaconcursos.com.br\/blog\/author\/licarfegmail-com\/\"}]}<\/script>\n<!-- \/ Yoast SEO Premium plugin. -->","yoast_head_json":{"title":"SEMUS S\u00e3o Lu\u00eds MA abre sele\u00e7\u00e3o emergencial por Covid-19","description":"Secretaria Municipal de Sa\u00fade de S\u00e3o Lu\u00eds publica edital de processo seletivo focado na sa\u00fade, para refor\u00e7ar o combate \u00e0 pandemia. Confira no site!","robots":{"index":"index","follow":"follow","max-snippet":"max-snippet:-1","max-image-preview":"max-image-preview:large","max-video-preview":"max-video-preview:-1"},"canonical":"https:\/\/www.estrategiaconcursos.com.br\/blog\/semus-sao-luis-ma-abre-selecao-emergencial-por-covid-19\/","og_locale":"pt_BR","og_type":"article","og_title":"SEMUS S\u00e3o Lu\u00eds MA abre sele\u00e7\u00e3o emergencial por Covid-19","og_description":"Secretaria Municipal de Sa\u00fade de S\u00e3o Lu\u00eds publica edital de processo seletivo focado na sa\u00fade, para refor\u00e7ar o combate \u00e0 pandemia. Confira no site!","og_url":"https:\/\/www.estrategiaconcursos.com.br\/blog\/semus-sao-luis-ma-abre-selecao-emergencial-por-covid-19\/","og_site_name":"Estrat\u00e9gia Concursos","article_published_time":"2020-05-06T19:34:15+00:00","article_modified_time":"2020-05-06T19:34:17+00:00","og_image":[{"url":"https:\/\/www.estrategiaconcursos.com.br\/blog\/wp-content\/uploads\/2020\/05\/image-67.png","type":"","width":"","height":""}],"author":"Ligia Carvalheiro Fernandes","twitter_card":"summary_large_image","twitter_creator":"@EstratConcursos","twitter_site":"@EstratConcursos","twitter_misc":{"Escrito por":"Ligia Carvalheiro Fernandes","Est. tempo de leitura":"1 minuto"},"schema":{"@context":"https:\/\/schema.org","@graph":[{"@type":"NewsArticle","@id":"https:\/\/www.estrategiaconcursos.com.br\/blog\/semus-sao-luis-ma-abre-selecao-emergencial-por-covid-19\/#article","isPartOf":{"@id":"https:\/\/www.estrategiaconcursos.com.br\/blog\/semus-sao-luis-ma-abre-selecao-emergencial-por-covid-19\/"},"author":{"name":"Ligia Carvalheiro Fernandes","@id":"https:\/\/www.estrategiaconcursos.com.br\/blog\/#\/schema\/person\/cc76e9dac392d5e35e7d00c493eee792"},"headline":"SEMUS S\u00e3o Lu\u00eds MA abre sele\u00e7\u00e3o emergencial por Covid-19","datePublished":"2020-05-06T19:34:15+00:00","dateModified":"2020-05-06T19:34:17+00:00","mainEntityOfPage":{"@id":"https:\/\/www.estrategiaconcursos.com.br\/blog\/semus-sao-luis-ma-abre-selecao-emergencial-por-covid-19\/"},"wordCount":199,"commentCount":2,"publisher":{"@id":"https:\/\/www.estrategiaconcursos.com.br\/blog\/#organization"},"image":{"@id":"https:\/\/www.estrategiaconcursos.com.br\/blog\/semus-sao-luis-ma-abre-selecao-emergencial-por-covid-19\/#primaryimage"},"thumbnailUrl":"https:\/\/www.estrategiaconcursos.com.br\/blog\/wp-content\/uploads\/2020\/05\/image-67.png","articleSection":["Concursos P\u00fablicos"],"inLanguage":"pt-BR","potentialAction":[{"@type":"CommentAction","name":"Comment","target":["https:\/\/www.estrategiaconcursos.com.br\/blog\/semus-sao-luis-ma-abre-selecao-emergencial-por-covid-19\/#respond"]}],"copyrightYear":"2020","copyrightHolder":{"@id":"https:\/\/www.estrategiaconcursos.com.br\/blog\/#organization"}},{"@type":"WebPage","@id":"https:\/\/www.estrategiaconcursos.com.br\/blog\/semus-sao-luis-ma-abre-selecao-emergencial-por-covid-19\/","url":"https:\/\/www.estrategiaconcursos.com.br\/blog\/semus-sao-luis-ma-abre-selecao-emergencial-por-covid-19\/","name":"SEMUS S\u00e3o Lu\u00eds MA abre sele\u00e7\u00e3o emergencial por Covid-19","isPartOf":{"@id":"https:\/\/www.estrategiaconcursos.com.br\/blog\/#website"},"primaryImageOfPage":{"@id":"https:\/\/www.estrategiaconcursos.com.br\/blog\/semus-sao-luis-ma-abre-selecao-emergencial-por-covid-19\/#primaryimage"},"image":{"@id":"https:\/\/www.estrategiaconcursos.com.br\/blog\/semus-sao-luis-ma-abre-selecao-emergencial-por-covid-19\/#primaryimage"},"thumbnailUrl":"https:\/\/www.estrategiaconcursos.com.br\/blog\/wp-content\/uploads\/2020\/05\/image-67.png","datePublished":"2020-05-06T19:34:15+00:00","dateModified":"2020-05-06T19:34:17+00:00","description":"Secretaria Municipal de Sa\u00fade de S\u00e3o Lu\u00eds publica edital de processo seletivo focado na sa\u00fade, para refor\u00e7ar o combate \u00e0 pandemia. Confira no site!","breadcrumb":{"@id":"https:\/\/www.estrategiaconcursos.com.br\/blog\/semus-sao-luis-ma-abre-selecao-emergencial-por-covid-19\/#breadcrumb"},"inLanguage":"pt-BR","potentialAction":[{"@type":"ReadAction","target":["https:\/\/www.estrategiaconcursos.com.br\/blog\/semus-sao-luis-ma-abre-selecao-emergencial-por-covid-19\/"]}]},{"@type":"ImageObject","inLanguage":"pt-BR","@id":"https:\/\/www.estrategiaconcursos.com.br\/blog\/semus-sao-luis-ma-abre-selecao-emergencial-por-covid-19\/#primaryimage","url":"https:\/\/dhg1h5j42swfq.cloudfront.net\/2020\/05\/06161323\/image-67.png","contentUrl":"https:\/\/dhg1h5j42swfq.cloudfront.net\/2020\/05\/06161323\/image-67.png","width":458,"height":512},{"@type":"BreadcrumbList","@id":"https:\/\/www.estrategiaconcursos.com.br\/blog\/semus-sao-luis-ma-abre-selecao-emergencial-por-covid-19\/#breadcrumb","itemListElement":[{"@type":"ListItem","position":1,"name":"In\u00edcio","item":"https:\/\/www.estrategiaconcursos.com.br\/blog\/"},{"@type":"ListItem","position":2,"name":"SEMUS S\u00e3o Lu\u00eds MA abre sele\u00e7\u00e3o emergencial por Covid-19"}]},{"@type":"WebSite","@id":"https:\/\/www.estrategiaconcursos.com.br\/blog\/#website","url":"https:\/\/www.estrategiaconcursos.com.br\/blog\/","name":"Estrat\u00e9gia Concursos","description":"O blog da Estrat\u00e9gia Concursos traz not\u00edcias sobre concursos e artigos de professores oferecendo cursos para concursos (pdf + videaulas) no site.","publisher":{"@id":"https:\/\/www.estrategiaconcursos.com.br\/blog\/#organization"},"potentialAction":[{"@type":"SearchAction","target":{"@type":"EntryPoint","urlTemplate":"https:\/\/www.estrategiaconcursos.com.br\/blog\/?s={search_term_string}"},"query-input":{"@type":"PropertyValueSpecification","valueRequired":true,"valueName":"search_term_string"}}],"inLanguage":"pt-BR"},{"@type":"Organization","@id":"https:\/\/www.estrategiaconcursos.com.br\/blog\/#organization","name":"Estrat\u00e9gia Concursos","url":"https:\/\/www.estrategiaconcursos.com.br\/blog\/","logo":{"@type":"ImageObject","inLanguage":"pt-BR","@id":"https:\/\/www.estrategiaconcursos.com.br\/blog\/#\/schema\/logo\/image\/","url":"https:\/\/dhg1h5j42swfq.cloudfront.net\/2025\/06\/03203428\/logo_concursos-1.jpg","contentUrl":"https:\/\/dhg1h5j42swfq.cloudfront.net\/2025\/06\/03203428\/logo_concursos-1.jpg","width":230,"height":60,"caption":"Estrat\u00e9gia Concursos"},"image":{"@id":"https:\/\/www.estrategiaconcursos.com.br\/blog\/#\/schema\/logo\/image\/"},"sameAs":["https:\/\/x.com\/EstratConcursos"]},{"@type":"Person","@id":"https:\/\/www.estrategiaconcursos.com.br\/blog\/#\/schema\/person\/cc76e9dac392d5e35e7d00c493eee792","name":"Ligia Carvalheiro Fernandes","image":{"@type":"ImageObject","inLanguage":"pt-BR","@id":"https:\/\/secure.gravatar.com\/avatar\/26e4636c44dabc043eaf634f767ecd1d80505b210d3981d4ebd176a3f373e3ec?s=96&d=mm&r=g","url":"https:\/\/secure.gravatar.com\/avatar\/26e4636c44dabc043eaf634f767ecd1d80505b210d3981d4ebd176a3f373e3ec?s=96&d=mm&r=g","contentUrl":"https:\/\/secure.gravatar.com\/avatar\/26e4636c44dabc043eaf634f767ecd1d80505b210d3981d4ebd176a3f373e3ec?s=96&d=mm&r=g","caption":"Ligia Carvalheiro Fernandes"},"url":"https:\/\/www.estrategiaconcursos.com.br\/blog\/author\/licarfegmail-com\/"}]}},"_links":{"self":[{"href":"https:\/\/www.estrategiaconcursos.com.br\/blog\/wp-json\/wp\/v2\/posts\/511362","targetHints":{"allow":["GET"]}}],"collection":[{"href":"https:\/\/www.estrategiaconcursos.com.br\/blog\/wp-json\/wp\/v2\/posts"}],"about":[{"href":"https:\/\/www.estrategiaconcursos.com.br\/blog\/wp-json\/wp\/v2\/types\/post"}],"author":[{"embeddable":true,"href":"https:\/\/www.estrategiaconcursos.com.br\/blog\/wp-json\/wp\/v2\/users\/561"}],"replies":[{"embeddable":true,"href":"https:\/\/www.estrategiaconcursos.com.br\/blog\/wp-json\/wp\/v2\/comments?post=511362"}],"version-history":[{"count":1,"href":"https:\/\/www.estrategiaconcursos.com.br\/blog\/wp-json\/wp\/v2\/posts\/511362\/revisions"}],"predecessor-version":[{"id":511395,"href":"https:\/\/www.estrategiaconcursos.com.br\/blog\/wp-json\/wp\/v2\/posts\/511362\/revisions\/511395"}],"wp:attachment":[{"href":"https:\/\/www.estrategiaconcursos.com.br\/blog\/wp-json\/wp\/v2\/media?parent=511362"}],"wp:term":[{"taxonomy":"category","embeddable":true,"href":"https:\/\/www.estrategiaconcursos.com.br\/blog\/wp-json\/wp\/v2\/categories?post=511362"},{"taxonomy":"post_tag","embeddable":true,"href":"https:\/\/www.estrategiaconcursos.com.br\/blog\/wp-json\/wp\/v2\/tags?post=511362"},{"taxonomy":"tax_estado","embeddable":true,"href":"https:\/\/www.estrategiaconcursos.com.br\/blog\/wp-json\/wp\/v2\/tax_estado?post=511362"}],"curies":[{"name":"wp","href":"https:\/\/api.w.org\/{rel}","templated":true}]}}