{"id":511214,"date":"2020-05-06T14:04:59","date_gmt":"2020-05-06T17:04:59","guid":{"rendered":"https:\/\/www.estrategiaconcursos.com.br\/blog\/?p=511214"},"modified":"2020-05-06T14:05:01","modified_gmt":"2020-05-06T17:05:01","slug":"sesa-sp-selecao-saude","status":"publish","type":"post","link":"https:\/\/www.estrategiaconcursos.com.br\/blog\/sesa-sp-selecao-saude\/","title":{"rendered":"Sesa SP abre sele\u00e7\u00e3o com 537 vagas para a \u00e1rea da sa\u00fade"},"content":{"rendered":"\n<p>A Sesa SP (Secretaria de Estado da Sa\u00fade de S\u00e3o Paulo), por meio da Comiss\u00e3o Especial de Contrata\u00e7\u00e3o por Tempo Determinado, publicou edital de um novo Processo Seletivo Simplificado na \u00faltima ter\u00e7a-feira, 05 de maio de 2020, para a contrata\u00e7\u00e3o de 537 profissionais da sa\u00fade, de n\u00edveis m\u00e9dio t\u00e9cnico e superior.<\/p>\n\n\n\n<p>Os crit\u00e9rios estabelecidos no presente edital sofreram altera\u00e7\u00f5es em rela\u00e7\u00e3o a outro j\u00e1 publicado, de n.\u00ba 001\/2020, em decorr\u00eancia dos resultados obtidos, que culminaram com a inabilita\u00e7\u00e3o de 92% dos candidatos inscritos. <\/p>\n\n\n\n<p>As contrata\u00e7\u00f5es, realizadas em car\u00e1ter emergencial, ser\u00e3o para atua\u00e7\u00e3o nas unidades hospitalares do estado de S\u00e3o Paulo e visam refor\u00e7ar o enfrentamento \u00e0 Covid-19 (novo Coronav\u00edrus). Confira abaixo a rela\u00e7\u00e3o de vagas:<\/p>\n\n\n\n<h2 class=\"wp-block-heading\">Cargos, vagas e remunera\u00e7\u00f5es<\/h2>\n\n\n\n<h4 class=\"wp-block-heading\">M\u00e9dio T\u00e9cnico<\/h4>\n\n\n\n<p><strong>T\u00e9cnico de Enfermagem<\/strong> &#8211; 356 total (338 ampla concorr\u00eancia e 18 PcD)<\/p>\n\n\n\n<p>Os candidatos aprovados no processo seletivo receber\u00e3o <strong>R$ 1.200,00<\/strong> e vantagens pecuni\u00e1rias de acordo com a unidade, acrescido de PR\u00caMIO DE INCENTIVO no valor de AT\u00c9 <strong>R$ 623,00<\/strong>, conforme legisla\u00e7\u00e3o vigente.<\/p>\n\n\n\n<h4 class=\"wp-block-heading\">Requisitos b\u00e1sicos<\/h4>\n\n\n\n<ul class=\"wp-block-list\"><li>Ensino M\u00e9dio Completo;<\/li><li>Forma\u00e7\u00e3o profissional como T\u00e9cnico de Enfermagem;<\/li><li>Registro como T\u00e9cnico de Enfermagem no Conselho Regional de Enfermagem \u2013 COREN.<\/li><li>Possuir os demais pr\u00e9-requisitos necess\u00e1rios, especificados em Cap\u00edtulo III deste Edital.<\/li><\/ul>\n\n\n\n<h4 class=\"wp-block-heading\">Superior<\/h4>\n\n\n\n<p><strong>M\u00e9dico I<\/strong> &#8211; 181 total (172 ampla concorr\u00eancia e 09 PcD)<\/p>\n\n\n\n<p>Os candidatos aprovados no processo seletivo receber\u00e3o <strong>R$ 3.291,30<\/strong> e vantagens pecuni\u00e1rias de acordo com a unidade, acrescido de PR\u00caMIO DE INCENTIVO no valor de AT\u00c9 <strong>R$ 4.160,70<\/strong>, conforme legisla\u00e7\u00e3o vigente.<\/p>\n\n\n\n<h4 class=\"wp-block-heading\">Requisitos b\u00e1sicos<\/h4>\n\n\n\n<ul class=\"wp-block-list\"><li>Gradua\u00e7\u00e3o em Medicina;<\/li><li>Registro no Conselho Regional de Medicina do Estado de S\u00e3o Paulo &#8211; CREMESP;<\/li><li>Possuir os demais pr\u00e9-requisitos necess\u00e1rios, especificados em Cap\u00edtulo III deste Edital.<\/li><\/ul>\n\n\n\n<p>Os interessados nas vagas do processo seletivo, que ser\u00e1 realizado por meio de Avalia\u00e7\u00e3o de T\u00edtulos, dever\u00e3o acessar o <a href=\"https:\/\/www.vunesp.com.br\/\">site da Vunesp<\/a> se inscrever entre 12 e 14 de maio de 2020.  <\/p>\n\n\n\n<p>Para mais informa\u00e7\u00f5es, baixe o edital abaixo:<\/p>\n\n\n\n<p style=\"font-size:25px\" class=\"has-background has-text-align-center has-very-light-gray-background-color\"><a href=\"https:\/\/dhg1h5j42swfq.cloudfront.net\/2020\/05\/06135544\/Sesasp.pdf\">Edital Sesa SP<\/a><\/p>\n","protected":false},"excerpt":{"rendered":"<p>A Sesa SP (Secretaria de Estado da Sa\u00fade de S\u00e3o Paulo), por meio da Comiss\u00e3o Especial de Contrata\u00e7\u00e3o por Tempo Determinado, publicou edital de um novo Processo Seletivo Simplificado na \u00faltima ter\u00e7a-feira, 05 de maio de 2020, para a contrata\u00e7\u00e3o de 537 profissionais da sa\u00fade, de n\u00edveis m\u00e9dio t\u00e9cnico e superior. Os crit\u00e9rios estabelecidos no [&hellip;]<\/p>\n","protected":false},"author":561,"featured_media":0,"comment_status":"open","ping_status":"closed","sticky":false,"template":"","format":"standard","meta":{"post_tipo":"article","footnotes":""},"categories":[1],"tags":[],"tax_estado":[],"class_list":["post-511214","post","type-post","status-publish","format-standard","hentry","category-cursos-e-concursos"],"acf":[],"yoast_head":"<!-- This site is optimized with the Yoast SEO Premium plugin v27.2 (Yoast SEO v27.2) - https:\/\/yoast.com\/product\/yoast-seo-premium-wordpress\/ -->\n<title>Sesa SP abre sele\u00e7\u00e3o com 537 vagas para a \u00e1rea da sa\u00fade<\/title>\n<meta name=\"description\" content=\"Sesa SP publica edital de Processo Seletivo, para a contrata\u00e7\u00e3o de 537 profissionais da sa\u00fade, de n\u00edveis m\u00e9dio t\u00e9cnico e superior. Confira!\" \/>\n<meta name=\"robots\" content=\"index, follow, max-snippet:-1, max-image-preview:large, max-video-preview:-1\" \/>\n<link rel=\"canonical\" href=\"https:\/\/www.estrategiaconcursos.com.br\/blog\/sesa-sp-selecao-saude\/\" \/>\n<meta property=\"og:locale\" content=\"pt_BR\" \/>\n<meta property=\"og:type\" content=\"article\" \/>\n<meta property=\"og:title\" content=\"Sesa SP abre sele\u00e7\u00e3o com 537 vagas para a \u00e1rea da sa\u00fade\" \/>\n<meta property=\"og:description\" content=\"Sesa SP publica edital de Processo Seletivo, para a contrata\u00e7\u00e3o de 537 profissionais da sa\u00fade, de n\u00edveis m\u00e9dio t\u00e9cnico e superior. Confira!\" \/>\n<meta property=\"og:url\" content=\"https:\/\/www.estrategiaconcursos.com.br\/blog\/sesa-sp-selecao-saude\/\" \/>\n<meta property=\"og:site_name\" content=\"Estrat\u00e9gia Concursos\" \/>\n<meta property=\"article:published_time\" content=\"2020-05-06T17:04:59+00:00\" \/>\n<meta property=\"article:modified_time\" content=\"2020-05-06T17:05:01+00:00\" \/>\n<meta name=\"author\" content=\"Ligia Carvalheiro Fernandes\" \/>\n<meta name=\"twitter:card\" content=\"summary_large_image\" \/>\n<meta name=\"twitter:creator\" content=\"@EstratConcursos\" \/>\n<meta name=\"twitter:site\" content=\"@EstratConcursos\" \/>\n<meta name=\"twitter:label1\" content=\"Escrito por\" \/>\n\t<meta name=\"twitter:data1\" content=\"Ligia Carvalheiro Fernandes\" \/>\n\t<meta name=\"twitter:label2\" content=\"Est. tempo de leitura\" \/>\n\t<meta name=\"twitter:data2\" content=\"2 minutos\" \/>\n<script type=\"application\/ld+json\" class=\"yoast-schema-graph\">{\"@context\":\"https:\/\/schema.org\",\"@graph\":[{\"@type\":\"NewsArticle\",\"@id\":\"https:\/\/www.estrategiaconcursos.com.br\/blog\/sesa-sp-selecao-saude\/#article\",\"isPartOf\":{\"@id\":\"https:\/\/www.estrategiaconcursos.com.br\/blog\/sesa-sp-selecao-saude\/\"},\"author\":{\"name\":\"Ligia Carvalheiro Fernandes\",\"@id\":\"https:\/\/www.estrategiaconcursos.com.br\/blog\/#\/schema\/person\/cc76e9dac392d5e35e7d00c493eee792\"},\"headline\":\"Sesa SP abre sele\u00e7\u00e3o com 537 vagas para a \u00e1rea da sa\u00fade\",\"datePublished\":\"2020-05-06T17:04:59+00:00\",\"dateModified\":\"2020-05-06T17:05:01+00:00\",\"mainEntityOfPage\":{\"@id\":\"https:\/\/www.estrategiaconcursos.com.br\/blog\/sesa-sp-selecao-saude\/\"},\"wordCount\":361,\"commentCount\":0,\"publisher\":{\"@id\":\"https:\/\/www.estrategiaconcursos.com.br\/blog\/#organization\"},\"articleSection\":[\"Concursos P\u00fablicos\"],\"inLanguage\":\"pt-BR\",\"potentialAction\":[{\"@type\":\"CommentAction\",\"name\":\"Comment\",\"target\":[\"https:\/\/www.estrategiaconcursos.com.br\/blog\/sesa-sp-selecao-saude\/#respond\"]}],\"copyrightYear\":\"2020\",\"copyrightHolder\":{\"@id\":\"https:\/\/www.estrategiaconcursos.com.br\/blog\/#organization\"}},{\"@type\":\"WebPage\",\"@id\":\"https:\/\/www.estrategiaconcursos.com.br\/blog\/sesa-sp-selecao-saude\/\",\"url\":\"https:\/\/www.estrategiaconcursos.com.br\/blog\/sesa-sp-selecao-saude\/\",\"name\":\"Sesa SP abre sele\u00e7\u00e3o com 537 vagas para a \u00e1rea da sa\u00fade\",\"isPartOf\":{\"@id\":\"https:\/\/www.estrategiaconcursos.com.br\/blog\/#website\"},\"datePublished\":\"2020-05-06T17:04:59+00:00\",\"dateModified\":\"2020-05-06T17:05:01+00:00\",\"description\":\"Sesa SP publica edital de Processo Seletivo, para a contrata\u00e7\u00e3o de 537 profissionais da sa\u00fade, de n\u00edveis m\u00e9dio t\u00e9cnico e superior. Confira!\",\"breadcrumb\":{\"@id\":\"https:\/\/www.estrategiaconcursos.com.br\/blog\/sesa-sp-selecao-saude\/#breadcrumb\"},\"inLanguage\":\"pt-BR\",\"potentialAction\":[{\"@type\":\"ReadAction\",\"target\":[\"https:\/\/www.estrategiaconcursos.com.br\/blog\/sesa-sp-selecao-saude\/\"]}]},{\"@type\":\"BreadcrumbList\",\"@id\":\"https:\/\/www.estrategiaconcursos.com.br\/blog\/sesa-sp-selecao-saude\/#breadcrumb\",\"itemListElement\":[{\"@type\":\"ListItem\",\"position\":1,\"name\":\"In\u00edcio\",\"item\":\"https:\/\/www.estrategiaconcursos.com.br\/blog\/\"},{\"@type\":\"ListItem\",\"position\":2,\"name\":\"Sesa SP abre sele\u00e7\u00e3o com 537 vagas para a \u00e1rea da sa\u00fade\"}]},{\"@type\":\"WebSite\",\"@id\":\"https:\/\/www.estrategiaconcursos.com.br\/blog\/#website\",\"url\":\"https:\/\/www.estrategiaconcursos.com.br\/blog\/\",\"name\":\"Estrat\u00e9gia Concursos\",\"description\":\"O blog da Estrat\u00e9gia Concursos traz not\u00edcias sobre concursos e artigos de professores oferecendo cursos para concursos (pdf + videaulas) no site.\",\"publisher\":{\"@id\":\"https:\/\/www.estrategiaconcursos.com.br\/blog\/#organization\"},\"potentialAction\":[{\"@type\":\"SearchAction\",\"target\":{\"@type\":\"EntryPoint\",\"urlTemplate\":\"https:\/\/www.estrategiaconcursos.com.br\/blog\/?s={search_term_string}\"},\"query-input\":{\"@type\":\"PropertyValueSpecification\",\"valueRequired\":true,\"valueName\":\"search_term_string\"}}],\"inLanguage\":\"pt-BR\"},{\"@type\":\"Organization\",\"@id\":\"https:\/\/www.estrategiaconcursos.com.br\/blog\/#organization\",\"name\":\"Estrat\u00e9gia Concursos\",\"url\":\"https:\/\/www.estrategiaconcursos.com.br\/blog\/\",\"logo\":{\"@type\":\"ImageObject\",\"inLanguage\":\"pt-BR\",\"@id\":\"https:\/\/www.estrategiaconcursos.com.br\/blog\/#\/schema\/logo\/image\/\",\"url\":\"https:\/\/dhg1h5j42swfq.cloudfront.net\/2025\/06\/03203428\/logo_concursos-1.jpg\",\"contentUrl\":\"https:\/\/dhg1h5j42swfq.cloudfront.net\/2025\/06\/03203428\/logo_concursos-1.jpg\",\"width\":230,\"height\":60,\"caption\":\"Estrat\u00e9gia Concursos\"},\"image\":{\"@id\":\"https:\/\/www.estrategiaconcursos.com.br\/blog\/#\/schema\/logo\/image\/\"},\"sameAs\":[\"https:\/\/x.com\/EstratConcursos\"]},{\"@type\":\"Person\",\"@id\":\"https:\/\/www.estrategiaconcursos.com.br\/blog\/#\/schema\/person\/cc76e9dac392d5e35e7d00c493eee792\",\"name\":\"Ligia Carvalheiro Fernandes\",\"image\":{\"@type\":\"ImageObject\",\"inLanguage\":\"pt-BR\",\"@id\":\"https:\/\/secure.gravatar.com\/avatar\/26e4636c44dabc043eaf634f767ecd1d80505b210d3981d4ebd176a3f373e3ec?s=96&d=mm&r=g\",\"url\":\"https:\/\/secure.gravatar.com\/avatar\/26e4636c44dabc043eaf634f767ecd1d80505b210d3981d4ebd176a3f373e3ec?s=96&d=mm&r=g\",\"contentUrl\":\"https:\/\/secure.gravatar.com\/avatar\/26e4636c44dabc043eaf634f767ecd1d80505b210d3981d4ebd176a3f373e3ec?s=96&d=mm&r=g\",\"caption\":\"Ligia Carvalheiro Fernandes\"},\"url\":\"https:\/\/www.estrategiaconcursos.com.br\/blog\/author\/licarfegmail-com\/\"}]}<\/script>\n<!-- \/ Yoast SEO Premium plugin. -->","yoast_head_json":{"title":"Sesa SP abre sele\u00e7\u00e3o com 537 vagas para a \u00e1rea da sa\u00fade","description":"Sesa SP publica edital de Processo Seletivo, para a contrata\u00e7\u00e3o de 537 profissionais da sa\u00fade, de n\u00edveis m\u00e9dio t\u00e9cnico e superior. Confira!","robots":{"index":"index","follow":"follow","max-snippet":"max-snippet:-1","max-image-preview":"max-image-preview:large","max-video-preview":"max-video-preview:-1"},"canonical":"https:\/\/www.estrategiaconcursos.com.br\/blog\/sesa-sp-selecao-saude\/","og_locale":"pt_BR","og_type":"article","og_title":"Sesa SP abre sele\u00e7\u00e3o com 537 vagas para a \u00e1rea da sa\u00fade","og_description":"Sesa SP publica edital de Processo Seletivo, para a contrata\u00e7\u00e3o de 537 profissionais da sa\u00fade, de n\u00edveis m\u00e9dio t\u00e9cnico e superior. Confira!","og_url":"https:\/\/www.estrategiaconcursos.com.br\/blog\/sesa-sp-selecao-saude\/","og_site_name":"Estrat\u00e9gia Concursos","article_published_time":"2020-05-06T17:04:59+00:00","article_modified_time":"2020-05-06T17:05:01+00:00","author":"Ligia Carvalheiro Fernandes","twitter_card":"summary_large_image","twitter_creator":"@EstratConcursos","twitter_site":"@EstratConcursos","twitter_misc":{"Escrito por":"Ligia Carvalheiro Fernandes","Est. tempo de leitura":"2 minutos"},"schema":{"@context":"https:\/\/schema.org","@graph":[{"@type":"NewsArticle","@id":"https:\/\/www.estrategiaconcursos.com.br\/blog\/sesa-sp-selecao-saude\/#article","isPartOf":{"@id":"https:\/\/www.estrategiaconcursos.com.br\/blog\/sesa-sp-selecao-saude\/"},"author":{"name":"Ligia Carvalheiro Fernandes","@id":"https:\/\/www.estrategiaconcursos.com.br\/blog\/#\/schema\/person\/cc76e9dac392d5e35e7d00c493eee792"},"headline":"Sesa SP abre sele\u00e7\u00e3o com 537 vagas para a \u00e1rea da sa\u00fade","datePublished":"2020-05-06T17:04:59+00:00","dateModified":"2020-05-06T17:05:01+00:00","mainEntityOfPage":{"@id":"https:\/\/www.estrategiaconcursos.com.br\/blog\/sesa-sp-selecao-saude\/"},"wordCount":361,"commentCount":0,"publisher":{"@id":"https:\/\/www.estrategiaconcursos.com.br\/blog\/#organization"},"articleSection":["Concursos P\u00fablicos"],"inLanguage":"pt-BR","potentialAction":[{"@type":"CommentAction","name":"Comment","target":["https:\/\/www.estrategiaconcursos.com.br\/blog\/sesa-sp-selecao-saude\/#respond"]}],"copyrightYear":"2020","copyrightHolder":{"@id":"https:\/\/www.estrategiaconcursos.com.br\/blog\/#organization"}},{"@type":"WebPage","@id":"https:\/\/www.estrategiaconcursos.com.br\/blog\/sesa-sp-selecao-saude\/","url":"https:\/\/www.estrategiaconcursos.com.br\/blog\/sesa-sp-selecao-saude\/","name":"Sesa SP abre sele\u00e7\u00e3o com 537 vagas para a \u00e1rea da sa\u00fade","isPartOf":{"@id":"https:\/\/www.estrategiaconcursos.com.br\/blog\/#website"},"datePublished":"2020-05-06T17:04:59+00:00","dateModified":"2020-05-06T17:05:01+00:00","description":"Sesa SP publica edital de Processo Seletivo, para a contrata\u00e7\u00e3o de 537 profissionais da sa\u00fade, de n\u00edveis m\u00e9dio t\u00e9cnico e superior. Confira!","breadcrumb":{"@id":"https:\/\/www.estrategiaconcursos.com.br\/blog\/sesa-sp-selecao-saude\/#breadcrumb"},"inLanguage":"pt-BR","potentialAction":[{"@type":"ReadAction","target":["https:\/\/www.estrategiaconcursos.com.br\/blog\/sesa-sp-selecao-saude\/"]}]},{"@type":"BreadcrumbList","@id":"https:\/\/www.estrategiaconcursos.com.br\/blog\/sesa-sp-selecao-saude\/#breadcrumb","itemListElement":[{"@type":"ListItem","position":1,"name":"In\u00edcio","item":"https:\/\/www.estrategiaconcursos.com.br\/blog\/"},{"@type":"ListItem","position":2,"name":"Sesa SP abre sele\u00e7\u00e3o com 537 vagas para a \u00e1rea da sa\u00fade"}]},{"@type":"WebSite","@id":"https:\/\/www.estrategiaconcursos.com.br\/blog\/#website","url":"https:\/\/www.estrategiaconcursos.com.br\/blog\/","name":"Estrat\u00e9gia Concursos","description":"O blog da Estrat\u00e9gia Concursos traz not\u00edcias sobre concursos e artigos de professores oferecendo cursos para concursos (pdf + videaulas) no site.","publisher":{"@id":"https:\/\/www.estrategiaconcursos.com.br\/blog\/#organization"},"potentialAction":[{"@type":"SearchAction","target":{"@type":"EntryPoint","urlTemplate":"https:\/\/www.estrategiaconcursos.com.br\/blog\/?s={search_term_string}"},"query-input":{"@type":"PropertyValueSpecification","valueRequired":true,"valueName":"search_term_string"}}],"inLanguage":"pt-BR"},{"@type":"Organization","@id":"https:\/\/www.estrategiaconcursos.com.br\/blog\/#organization","name":"Estrat\u00e9gia Concursos","url":"https:\/\/www.estrategiaconcursos.com.br\/blog\/","logo":{"@type":"ImageObject","inLanguage":"pt-BR","@id":"https:\/\/www.estrategiaconcursos.com.br\/blog\/#\/schema\/logo\/image\/","url":"https:\/\/dhg1h5j42swfq.cloudfront.net\/2025\/06\/03203428\/logo_concursos-1.jpg","contentUrl":"https:\/\/dhg1h5j42swfq.cloudfront.net\/2025\/06\/03203428\/logo_concursos-1.jpg","width":230,"height":60,"caption":"Estrat\u00e9gia Concursos"},"image":{"@id":"https:\/\/www.estrategiaconcursos.com.br\/blog\/#\/schema\/logo\/image\/"},"sameAs":["https:\/\/x.com\/EstratConcursos"]},{"@type":"Person","@id":"https:\/\/www.estrategiaconcursos.com.br\/blog\/#\/schema\/person\/cc76e9dac392d5e35e7d00c493eee792","name":"Ligia Carvalheiro Fernandes","image":{"@type":"ImageObject","inLanguage":"pt-BR","@id":"https:\/\/secure.gravatar.com\/avatar\/26e4636c44dabc043eaf634f767ecd1d80505b210d3981d4ebd176a3f373e3ec?s=96&d=mm&r=g","url":"https:\/\/secure.gravatar.com\/avatar\/26e4636c44dabc043eaf634f767ecd1d80505b210d3981d4ebd176a3f373e3ec?s=96&d=mm&r=g","contentUrl":"https:\/\/secure.gravatar.com\/avatar\/26e4636c44dabc043eaf634f767ecd1d80505b210d3981d4ebd176a3f373e3ec?s=96&d=mm&r=g","caption":"Ligia Carvalheiro Fernandes"},"url":"https:\/\/www.estrategiaconcursos.com.br\/blog\/author\/licarfegmail-com\/"}]}},"_links":{"self":[{"href":"https:\/\/www.estrategiaconcursos.com.br\/blog\/wp-json\/wp\/v2\/posts\/511214","targetHints":{"allow":["GET"]}}],"collection":[{"href":"https:\/\/www.estrategiaconcursos.com.br\/blog\/wp-json\/wp\/v2\/posts"}],"about":[{"href":"https:\/\/www.estrategiaconcursos.com.br\/blog\/wp-json\/wp\/v2\/types\/post"}],"author":[{"embeddable":true,"href":"https:\/\/www.estrategiaconcursos.com.br\/blog\/wp-json\/wp\/v2\/users\/561"}],"replies":[{"embeddable":true,"href":"https:\/\/www.estrategiaconcursos.com.br\/blog\/wp-json\/wp\/v2\/comments?post=511214"}],"version-history":[{"count":1,"href":"https:\/\/www.estrategiaconcursos.com.br\/blog\/wp-json\/wp\/v2\/posts\/511214\/revisions"}],"predecessor-version":[{"id":511233,"href":"https:\/\/www.estrategiaconcursos.com.br\/blog\/wp-json\/wp\/v2\/posts\/511214\/revisions\/511233"}],"wp:attachment":[{"href":"https:\/\/www.estrategiaconcursos.com.br\/blog\/wp-json\/wp\/v2\/media?parent=511214"}],"wp:term":[{"taxonomy":"category","embeddable":true,"href":"https:\/\/www.estrategiaconcursos.com.br\/blog\/wp-json\/wp\/v2\/categories?post=511214"},{"taxonomy":"post_tag","embeddable":true,"href":"https:\/\/www.estrategiaconcursos.com.br\/blog\/wp-json\/wp\/v2\/tags?post=511214"},{"taxonomy":"tax_estado","embeddable":true,"href":"https:\/\/www.estrategiaconcursos.com.br\/blog\/wp-json\/wp\/v2\/tax_estado?post=511214"}],"curies":[{"name":"wp","href":"https:\/\/api.w.org\/{rel}","templated":true}]}}