{"id":51113,"date":"2016-10-05T07:25:16","date_gmt":"2016-10-05T10:25:16","guid":{"rendered":"https:\/\/www.estrategiaconcursos.com.br\/blog\/?p=51113"},"modified":"2022-09-16T17:57:49","modified_gmt":"2022-09-16T20:57:49","slug":"benfeitoria-bem-publico","status":"publish","type":"post","link":"https:\/\/www.estrategiaconcursos.com.br\/blog\/benfeitoria-bem-publico\/","title":{"rendered":"V\u00eddeo Gr\u00e1tis &#8211; Benfeitoria em Bem P\u00fablico ocupado irregularmente."},"content":{"rendered":"<h3 style=\"text-align: center;\"><strong>O tema \u00e9: Benfeitoria Bem P\u00fablico.<\/strong><\/h3>\n<h3 style=\"text-align: center;\"><strong>Benfeitoria em bem p\u00fablico ocupado irregularmente: tem o particular direito a indeniza\u00e7\u00e3o?<\/strong><\/h3>\n<div id=\"attachment_51123\" style=\"width: 310px\" class=\"wp-caption aligncenter\"><a href=\"https:\/\/dhg1h5j42swfq.cloudfront.net\/2016\/09\/29112725\/benfeitoria-bem-publico.jpg\"><img loading=\"lazy\" decoding=\"async\" aria-describedby=\"caption-attachment-51123\" class=\"wp-image-51123 size-medium\" src=\"https:\/\/dhg1h5j42swfq.cloudfront.net\/2016\/09\/29112725\/benfeitoria-bem-publico.jpg\" alt=\"Benfeitoria Bem P\u00fablico\" width=\"300\" height=\"200\" srcset=\"https:\/\/dhg1h5j42swfq.cloudfront.net\/2016\/09\/29112725\/benfeitoria-bem-publico.jpg 570w, https:\/\/dhg1h5j42swfq.cloudfront.net\/2016\/09\/29112725\/benfeitoria-bem-publico.jpg 300w, https:\/\/dhg1h5j42swfq.cloudfront.net\/2016\/09\/29112725\/benfeitoria-bem-publico.jpg 450w\" sizes=\"auto, (max-width: 300px) 100vw, 300px\" \/><\/a><p id=\"caption-attachment-51123\" class=\"wp-caption-text\">Benfeitoria Bem P\u00fablico<\/p><\/div>\n<p style=\"text-align: justify;\">De acordo com o artigo 1.219 do C\u00f3digo Civil, o <strong><u>possuidor<\/u><\/strong> de boa-f\u00e9 tem direito \u00e0 indeniza\u00e7\u00e3o das benfeitorias necess\u00e1rias e \u00fateis, restando consolidado o entendimento pelo STJ que tal direito de reten\u00e7\u00e3o abrange tamb\u00e9m as acess\u00f5es (constru\u00e7\u00f5es e planta\u00e7\u00f5es) nas mesmas circunst\u00e2ncias.<\/p>\n<p style=\"text-align: justify; padding-left: 90px;\">Art. 1.219. O possuidor de boa-f\u00e9 tem direito \u00e0 indeniza\u00e7\u00e3o das benfeitorias necess\u00e1rias e \u00fateis, bem como, quanto \u00e0s voluptu\u00e1rias, se n\u00e3o lhe forem pagas, a levant\u00e1-las, quando o puder sem detrimento da coisa, e poder\u00e1 exercer o direito de reten\u00e7\u00e3o pelo valor das benfeitorias necess\u00e1rias e \u00fateis.<\/p>\n<p style=\"text-align: justify;\">Ocorre que, para o STJ, nos casos em que o bem p\u00fablico foi ocupado irregularmente, a pessoa n\u00e3o tem direito de ser indenizada pelas acess\u00f5es feitas, assim como n\u00e3o tem direito \u00e0 reten\u00e7\u00e3o pelas benfeitorias realizadas, <strong>mesmo que fique provado que a pessoa estava de boa-f\u00e9.<\/strong><\/p>\n<p style=\"text-align: justify;\">\u00c9 que a ocupa\u00e7\u00e3o irregular de bem p\u00fablico n\u00e3o pode ser classificada como posse, mas mera deten\u00e7\u00e3o, possuindo, portanto, natureza prec\u00e1ria.<\/p>\n<p style=\"text-align: justify;\">Segundo consolidou o STJ, a posse \u00e9 o direito reconhecido a quem se comporta como propriet\u00e1rio, n\u00e3o havendo como reconhecer a posse a quem, por proibi\u00e7\u00e3o legal, n\u00e3o possa ser propriet\u00e1rio. Assim, a ocupa\u00e7\u00e3o de \u00e1rea p\u00fablica, quando irregular, n\u00e3o pode ser reconhecida como posse, mas como mera deten\u00e7\u00e3o.<\/p>\n<p style=\"text-align: justify;\"><a href=\"http:\/\/www.stj.jus.br\/SCON\/jurisprudencia\/toc.jsp?livre=benfeitoria+bem+publico&amp;&amp;tipo_visualizacao=RESUMO&amp;b=ACOR&amp;thesaurus=JURIDICO&amp;p=true\" target=\"_blank\" rel=\"noopener\">Neste sentido, h\u00e1 in\u00fameros julgados recentes:<\/a><\/p>\n<p style=\"padding-left: 90px; text-align: justify;\">CIVIL E PROCESSUAL CIVIL. AGRAVO REGIMENTAL NO AGRAVO EM RECURSO ESPECIAL. OMISS\u00c3O NO AC\u00d3RD\u00c3O RECORRIDO. INEXIST\u00caNCIA. TERRACAP. BENS P\u00daBLICOS. INDENIZA\u00c7\u00c3O POR BENFEITORIAS. INAPLICABILIDADE. MERA DETEN\u00c7\u00c3O. DECIS\u00c3O MANTIDA.<br \/>\n1. Inexiste afronta ao art. 535 do CPC\/1973 quando o ac\u00f3rd\u00e3o recorrido pronunciou-se, de forma clara e suficiente, acerca das quest\u00f5es suscitadas nos autos, manifestando-se sobre todos os argumentos que, em tese, poderiam infirmar a conclus\u00e3o adotada pelo Ju\u00edzo.<br \/>\n2. &#8220;Os im\u00f3veis administrados pela Companhia Imobili\u00e1ria de Bras\u00edlia (TERRACAP) s\u00e3o p\u00fablicos&#8221; (EREsp n. 695.928\/DF, Relator Ministro JOS\u00c9 DELGADO, CORTE ESPECIAL, julgado em 18\/10\/2006, DJ 18\/12\/2006, p.<br \/>\n278).<br \/>\n3. A indevida ocupa\u00e7\u00e3o de bem p\u00fablico descaracteriza a posse, qualificando a mera deten\u00e7\u00e3o, de natureza prec\u00e1ria, que inviabiliza a pretendida indeniza\u00e7\u00e3o por benfeitorias. Precedentes.<br \/>\n4. Agravo regimental a que se nega provimento.<br \/>\n(AgRg no AREsp 762.197\/DF, Rel. Ministro ANTONIO CARLOS FERREIRA, QUARTA TURMA, julgado em 01\/09\/2016, DJe 06\/09\/2016)<\/p>\n<p style=\"text-align: justify;\">Ademais, eventual in\u00e9rcia ou omiss\u00e3o da Administra\u00e7\u00e3o n\u00e3o tem o efeito de afastar ou distorcer a aplica\u00e7\u00e3o da lei. O im\u00f3vel p\u00fablico \u00e9 indispon\u00edvel, de modo que eventual omiss\u00e3o dos governos implica responsabilidade de seus agentes, nunca vantagem de indiv\u00edduos \u00e0s custas da coletividade.<\/p>\n<p style=\"text-align: justify;\">Por fim, n\u00e3o se pode afirmar que tal ato configurar\u00e1 enriquecimento sem causa da Administra\u00e7\u00e3o, eis que esta provavelmente ter\u00e1 um custo para demolir a constru\u00e7\u00e3o feita ou, no m\u00e1ximo regulariz\u00e1-la para adequ\u00e1-la \u00e0 legisla\u00e7\u00e3o vigente, dada a prov\u00e1vel inutilidade do im\u00f3vel, sendo incoerente tal afirma\u00e7\u00e3o.<\/p>\n<p style=\"text-align: justify;\">Sou professor aqui da casa de Processo Coletivo e de Aspectos de Direito Processual Civil aplicados \u00e0 Fazenda P\u00fablica.<\/p>\n<p style=\"text-align: justify;\">Quaisquer d\u00favidas, entrem em contato.<\/p>\n<p style=\"text-align: justify;\">Se quiserem conferir meus cursos \u00e9 s\u00f3 <a href=\"https:\/\/www.estrategiaconcursos.com.br\/cursosPorProfessor\/igor-maciel-3494\/\" target=\"_blank\" rel=\"noopener\">clicar aqui<\/a>.<\/p>\n<p style=\"text-align: justify;\"><strong>Lembro que o Estrat\u00e9gia Concursos lan\u00e7ou cursos espec\u00edficos para\u00a0a <a href=\"https:\/\/www.estrategiaconcursos.com.br\/curso\/pacote-completo-p-pge-sp-procurador-do-estado\/\" target=\"_blank\" rel=\"noopener\">PGE\/SP<\/a>, <a href=\"https:\/\/www.estrategiaconcursos.com.br\/curso\/pacote-completo-p-pge-ms-procurador-do-estado-com-videoaulas\/\" target=\"_blank\" rel=\"noopener\">PGE\/MS<\/a>, <a href=\"https:\/\/www.estrategiaconcursos.com.br\/curso\/pacote-completo-p-pge-se-procurador-do-estado\/\" target=\"_blank\" rel=\"noopener\">PGE\/SE<\/a> e <a href=\"https:\/\/www.estrategiaconcursos.com.br\/curso\/pacote-completo-p-pge-am-procurador-do-estado\/\" target=\"_blank\" rel=\"noopener\">PGE\/AM<\/a>.<\/strong><\/p>\n<p style=\"text-align: justify;\">Al\u00e9m disso, acaso voc\u00ea esteja come\u00e7ando a se preparar para concursos de Advocacia P\u00fablica, vale a pena dar uma lida em nosso outro artigo:\u00a0<a href=\"https:\/\/www.estrategiaconcursos.com.br\/blog\/concurso-procurador\/\" target=\"_blank\" rel=\"noopener\">Concurso Procurador: voc\u00ea sabe como estudar pra essa carreira?<\/a><\/p>\n<p style=\"text-align: justify;\">Grande abra\u00e7o a todos.<\/p>\n<p style=\"text-align: justify;\"><a href=\"https:\/\/www.facebook.com\/igor.maciel.1420\" target=\"_blank\" rel=\"noopener\">Igor Maciel<\/a><\/p>\n","protected":false},"excerpt":{"rendered":"<p>O tema \u00e9: Benfeitoria Bem P\u00fablico. Benfeitoria em bem p\u00fablico ocupado irregularmente: tem o particular direito a indeniza\u00e7\u00e3o? De acordo com o artigo 1.219 do C\u00f3digo Civil, o possuidor de boa-f\u00e9 tem direito \u00e0 indeniza\u00e7\u00e3o das benfeitorias necess\u00e1rias e \u00fateis, restando consolidado o entendimento pelo STJ que tal direito de reten\u00e7\u00e3o abrange tamb\u00e9m as acess\u00f5es [&hellip;]<\/p>\n","protected":false},"author":317,"featured_media":0,"comment_status":"open","ping_status":"open","sticky":false,"template":"","format":"standard","meta":{"post_tipo":"article","footnotes":""},"categories":[1],"tags":[],"tax_estado":[],"class_list":["post-51113","post","type-post","status-publish","format-standard","hentry","category-cursos-e-concursos"],"acf":[],"yoast_head":"<!-- This site is optimized with the Yoast SEO Premium plugin v27.2 (Yoast SEO v27.2) - https:\/\/yoast.com\/product\/yoast-seo-premium-wordpress\/ -->\n<title>Benfeitoria Bem P\u00fablico irregularmente ocupado. Mera deten\u00e7\u00e3o.<\/title>\n<meta name=\"description\" content=\"Benfeitoria Bem p\u00fablico irregularmente ocupado. Mera deten\u00e7\u00e3o. Inexist\u00eancia de posse. Car\u00e1ter prec\u00e1rio. N\u00e3o h\u00e1 direito a indeniza\u00e7\u00e3o ao particular.\" \/>\n<meta name=\"robots\" content=\"index, follow, max-snippet:-1, max-image-preview:large, max-video-preview:-1\" \/>\n<link rel=\"canonical\" href=\"https:\/\/www.estrategiaconcursos.com.br\/blog\/benfeitoria-bem-publico\/\" \/>\n<meta property=\"og:locale\" content=\"pt_BR\" \/>\n<meta property=\"og:type\" content=\"article\" \/>\n<meta property=\"og:title\" content=\"V\u00eddeo Gr\u00e1tis - Benfeitoria em Bem P\u00fablico ocupado irregularmente.\" \/>\n<meta property=\"og:description\" content=\"Benfeitoria Bem p\u00fablico irregularmente ocupado. Mera deten\u00e7\u00e3o. Inexist\u00eancia de posse. Car\u00e1ter prec\u00e1rio. N\u00e3o h\u00e1 direito a indeniza\u00e7\u00e3o ao particular.\" \/>\n<meta property=\"og:url\" content=\"https:\/\/www.estrategiaconcursos.com.br\/blog\/benfeitoria-bem-publico\/\" \/>\n<meta property=\"og:site_name\" content=\"Estrat\u00e9gia Concursos\" \/>\n<meta property=\"article:author\" content=\"https:\/\/www.facebook.com\/igor.maciel.1420\" \/>\n<meta property=\"article:published_time\" content=\"2016-10-05T10:25:16+00:00\" \/>\n<meta property=\"article:modified_time\" content=\"2022-09-16T20:57:49+00:00\" \/>\n<meta property=\"og:image\" content=\"https:\/\/www.estrategiaconcursos.com.br\/blog\/wp-content\/uploads\/2016\/09\/benfeitoria-bem-publico-300x200.jpg\" \/>\n<meta name=\"author\" content=\"Igor Maciel\" \/>\n<meta name=\"twitter:card\" content=\"summary_large_image\" \/>\n<meta name=\"twitter:creator\" content=\"@EstratConcursos\" \/>\n<meta name=\"twitter:site\" content=\"@EstratConcursos\" \/>\n<meta name=\"twitter:label1\" content=\"Escrito por\" \/>\n\t<meta name=\"twitter:data1\" content=\"Igor Maciel\" \/>\n\t<meta name=\"twitter:label2\" content=\"Est. tempo de leitura\" \/>\n\t<meta name=\"twitter:data2\" content=\"3 minutos\" \/>\n<script type=\"application\/ld+json\" class=\"yoast-schema-graph\">{\"@context\":\"https:\/\/schema.org\",\"@graph\":[{\"@type\":\"NewsArticle\",\"@id\":\"https:\/\/www.estrategiaconcursos.com.br\/blog\/benfeitoria-bem-publico\/#article\",\"isPartOf\":{\"@id\":\"https:\/\/www.estrategiaconcursos.com.br\/blog\/benfeitoria-bem-publico\/\"},\"author\":{\"name\":\"Igor Maciel\",\"@id\":\"https:\/\/www.estrategiaconcursos.com.br\/blog\/#\/schema\/person\/024d26d5efb06d95dfc04025d7301591\"},\"headline\":\"V\u00eddeo Gr\u00e1tis &#8211; Benfeitoria em Bem P\u00fablico ocupado irregularmente.\",\"datePublished\":\"2016-10-05T10:25:16+00:00\",\"dateModified\":\"2022-09-16T20:57:49+00:00\",\"mainEntityOfPage\":{\"@id\":\"https:\/\/www.estrategiaconcursos.com.br\/blog\/benfeitoria-bem-publico\/\"},\"wordCount\":647,\"commentCount\":1,\"publisher\":{\"@id\":\"https:\/\/www.estrategiaconcursos.com.br\/blog\/#organization\"},\"image\":{\"@id\":\"https:\/\/www.estrategiaconcursos.com.br\/blog\/benfeitoria-bem-publico\/#primaryimage\"},\"thumbnailUrl\":\"https:\/\/www.estrategiaconcursos.com.br\/blog\/wp-content\/uploads\/2016\/09\/benfeitoria-bem-publico-300x200.jpg\",\"articleSection\":[\"Concursos P\u00fablicos\"],\"inLanguage\":\"pt-BR\",\"potentialAction\":[{\"@type\":\"CommentAction\",\"name\":\"Comment\",\"target\":[\"https:\/\/www.estrategiaconcursos.com.br\/blog\/benfeitoria-bem-publico\/#respond\"]}],\"copyrightYear\":\"2016\",\"copyrightHolder\":{\"@id\":\"https:\/\/www.estrategiaconcursos.com.br\/blog\/#organization\"}},{\"@type\":\"WebPage\",\"@id\":\"https:\/\/www.estrategiaconcursos.com.br\/blog\/benfeitoria-bem-publico\/\",\"url\":\"https:\/\/www.estrategiaconcursos.com.br\/blog\/benfeitoria-bem-publico\/\",\"name\":\"Benfeitoria Bem P\u00fablico irregularmente ocupado. Mera deten\u00e7\u00e3o.\",\"isPartOf\":{\"@id\":\"https:\/\/www.estrategiaconcursos.com.br\/blog\/#website\"},\"primaryImageOfPage\":{\"@id\":\"https:\/\/www.estrategiaconcursos.com.br\/blog\/benfeitoria-bem-publico\/#primaryimage\"},\"image\":{\"@id\":\"https:\/\/www.estrategiaconcursos.com.br\/blog\/benfeitoria-bem-publico\/#primaryimage\"},\"thumbnailUrl\":\"https:\/\/www.estrategiaconcursos.com.br\/blog\/wp-content\/uploads\/2016\/09\/benfeitoria-bem-publico-300x200.jpg\",\"datePublished\":\"2016-10-05T10:25:16+00:00\",\"dateModified\":\"2022-09-16T20:57:49+00:00\",\"description\":\"Benfeitoria Bem p\u00fablico irregularmente ocupado. Mera deten\u00e7\u00e3o. Inexist\u00eancia de posse. Car\u00e1ter prec\u00e1rio. N\u00e3o h\u00e1 direito a indeniza\u00e7\u00e3o ao particular.\",\"breadcrumb\":{\"@id\":\"https:\/\/www.estrategiaconcursos.com.br\/blog\/benfeitoria-bem-publico\/#breadcrumb\"},\"inLanguage\":\"pt-BR\",\"potentialAction\":[{\"@type\":\"ReadAction\",\"target\":[\"https:\/\/www.estrategiaconcursos.com.br\/blog\/benfeitoria-bem-publico\/\"]}]},{\"@type\":\"ImageObject\",\"inLanguage\":\"pt-BR\",\"@id\":\"https:\/\/www.estrategiaconcursos.com.br\/blog\/benfeitoria-bem-publico\/#primaryimage\",\"url\":\"https:\/\/dhg1h5j42swfq.cloudfront.net\/2016\/09\/29112725\/benfeitoria-bem-publico.jpg\",\"contentUrl\":\"https:\/\/dhg1h5j42swfq.cloudfront.net\/2016\/09\/29112725\/benfeitoria-bem-publico.jpg\",\"width\":570,\"height\":380,\"caption\":\"Benfeitoria Bem P\u00fablico\"},{\"@type\":\"BreadcrumbList\",\"@id\":\"https:\/\/www.estrategiaconcursos.com.br\/blog\/benfeitoria-bem-publico\/#breadcrumb\",\"itemListElement\":[{\"@type\":\"ListItem\",\"position\":1,\"name\":\"In\u00edcio\",\"item\":\"https:\/\/www.estrategiaconcursos.com.br\/blog\/\"},{\"@type\":\"ListItem\",\"position\":2,\"name\":\"V\u00eddeo Gr\u00e1tis &#8211; Benfeitoria em Bem P\u00fablico ocupado irregularmente.\"}]},{\"@type\":\"WebSite\",\"@id\":\"https:\/\/www.estrategiaconcursos.com.br\/blog\/#website\",\"url\":\"https:\/\/www.estrategiaconcursos.com.br\/blog\/\",\"name\":\"Estrat\u00e9gia Concursos\",\"description\":\"O blog da Estrat\u00e9gia Concursos traz not\u00edcias sobre concursos e artigos de professores oferecendo cursos para concursos (pdf + videaulas) no site.\",\"publisher\":{\"@id\":\"https:\/\/www.estrategiaconcursos.com.br\/blog\/#organization\"},\"potentialAction\":[{\"@type\":\"SearchAction\",\"target\":{\"@type\":\"EntryPoint\",\"urlTemplate\":\"https:\/\/www.estrategiaconcursos.com.br\/blog\/?s={search_term_string}\"},\"query-input\":{\"@type\":\"PropertyValueSpecification\",\"valueRequired\":true,\"valueName\":\"search_term_string\"}}],\"inLanguage\":\"pt-BR\"},{\"@type\":\"Organization\",\"@id\":\"https:\/\/www.estrategiaconcursos.com.br\/blog\/#organization\",\"name\":\"Estrat\u00e9gia Concursos\",\"url\":\"https:\/\/www.estrategiaconcursos.com.br\/blog\/\",\"logo\":{\"@type\":\"ImageObject\",\"inLanguage\":\"pt-BR\",\"@id\":\"https:\/\/www.estrategiaconcursos.com.br\/blog\/#\/schema\/logo\/image\/\",\"url\":\"https:\/\/dhg1h5j42swfq.cloudfront.net\/2025\/06\/03203428\/logo_concursos-1.jpg\",\"contentUrl\":\"https:\/\/dhg1h5j42swfq.cloudfront.net\/2025\/06\/03203428\/logo_concursos-1.jpg\",\"width\":230,\"height\":60,\"caption\":\"Estrat\u00e9gia Concursos\"},\"image\":{\"@id\":\"https:\/\/www.estrategiaconcursos.com.br\/blog\/#\/schema\/logo\/image\/\"},\"sameAs\":[\"https:\/\/x.com\/EstratConcursos\"]},{\"@type\":\"Person\",\"@id\":\"https:\/\/www.estrategiaconcursos.com.br\/blog\/#\/schema\/person\/024d26d5efb06d95dfc04025d7301591\",\"name\":\"Igor Maciel\",\"image\":{\"@type\":\"ImageObject\",\"inLanguage\":\"pt-BR\",\"@id\":\"https:\/\/secure.gravatar.com\/avatar\/e983a676af6facf4aebcb2989d49e3bf61b718712d5e7a4b3f355b7fe651bc2f?s=96&d=mm&r=g\",\"url\":\"https:\/\/secure.gravatar.com\/avatar\/e983a676af6facf4aebcb2989d49e3bf61b718712d5e7a4b3f355b7fe651bc2f?s=96&d=mm&r=g\",\"contentUrl\":\"https:\/\/secure.gravatar.com\/avatar\/e983a676af6facf4aebcb2989d49e3bf61b718712d5e7a4b3f355b7fe651bc2f?s=96&d=mm&r=g\",\"caption\":\"Igor Maciel\"},\"description\":\"Graduado na Universidade Federal de Pernambuco, com extens\u00e3o na Universidade de Coimbra\/Portugal. Especialista LLM em Direito Corporativo pelo IBMEC\/RJ. Mestrando em Direito e Pol\u00edticas P\u00fablicas pelo UNICEUB\/DF. Advogado com atua\u00e7\u00e3o profissional centrada no Direito Tribut\u00e1rio e no Direito Administrativo, especialmente na defesa de servidores p\u00fablicos.\",\"sameAs\":[\"http:\/\/www.imaciel.com.br\",\"https:\/\/www.facebook.com\/igor.maciel.1420\"],\"url\":\"https:\/\/www.estrategiaconcursos.com.br\/blog\/author\/contatoimaciel-com-br\/\"}]}<\/script>\n<!-- \/ Yoast SEO Premium plugin. -->","yoast_head_json":{"title":"Benfeitoria Bem P\u00fablico irregularmente ocupado. Mera deten\u00e7\u00e3o.","description":"Benfeitoria Bem p\u00fablico irregularmente ocupado. Mera deten\u00e7\u00e3o. Inexist\u00eancia de posse. Car\u00e1ter prec\u00e1rio. N\u00e3o h\u00e1 direito a indeniza\u00e7\u00e3o ao particular.","robots":{"index":"index","follow":"follow","max-snippet":"max-snippet:-1","max-image-preview":"max-image-preview:large","max-video-preview":"max-video-preview:-1"},"canonical":"https:\/\/www.estrategiaconcursos.com.br\/blog\/benfeitoria-bem-publico\/","og_locale":"pt_BR","og_type":"article","og_title":"V\u00eddeo Gr\u00e1tis - Benfeitoria em Bem P\u00fablico ocupado irregularmente.","og_description":"Benfeitoria Bem p\u00fablico irregularmente ocupado. Mera deten\u00e7\u00e3o. Inexist\u00eancia de posse. Car\u00e1ter prec\u00e1rio. N\u00e3o h\u00e1 direito a indeniza\u00e7\u00e3o ao particular.","og_url":"https:\/\/www.estrategiaconcursos.com.br\/blog\/benfeitoria-bem-publico\/","og_site_name":"Estrat\u00e9gia Concursos","article_author":"https:\/\/www.facebook.com\/igor.maciel.1420","article_published_time":"2016-10-05T10:25:16+00:00","article_modified_time":"2022-09-16T20:57:49+00:00","og_image":[{"url":"https:\/\/www.estrategiaconcursos.com.br\/blog\/wp-content\/uploads\/2016\/09\/benfeitoria-bem-publico-300x200.jpg","type":"","width":"","height":""}],"author":"Igor Maciel","twitter_card":"summary_large_image","twitter_creator":"@EstratConcursos","twitter_site":"@EstratConcursos","twitter_misc":{"Escrito por":"Igor Maciel","Est. tempo de leitura":"3 minutos"},"schema":{"@context":"https:\/\/schema.org","@graph":[{"@type":"NewsArticle","@id":"https:\/\/www.estrategiaconcursos.com.br\/blog\/benfeitoria-bem-publico\/#article","isPartOf":{"@id":"https:\/\/www.estrategiaconcursos.com.br\/blog\/benfeitoria-bem-publico\/"},"author":{"name":"Igor Maciel","@id":"https:\/\/www.estrategiaconcursos.com.br\/blog\/#\/schema\/person\/024d26d5efb06d95dfc04025d7301591"},"headline":"V\u00eddeo Gr\u00e1tis &#8211; Benfeitoria em Bem P\u00fablico ocupado irregularmente.","datePublished":"2016-10-05T10:25:16+00:00","dateModified":"2022-09-16T20:57:49+00:00","mainEntityOfPage":{"@id":"https:\/\/www.estrategiaconcursos.com.br\/blog\/benfeitoria-bem-publico\/"},"wordCount":647,"commentCount":1,"publisher":{"@id":"https:\/\/www.estrategiaconcursos.com.br\/blog\/#organization"},"image":{"@id":"https:\/\/www.estrategiaconcursos.com.br\/blog\/benfeitoria-bem-publico\/#primaryimage"},"thumbnailUrl":"https:\/\/www.estrategiaconcursos.com.br\/blog\/wp-content\/uploads\/2016\/09\/benfeitoria-bem-publico-300x200.jpg","articleSection":["Concursos P\u00fablicos"],"inLanguage":"pt-BR","potentialAction":[{"@type":"CommentAction","name":"Comment","target":["https:\/\/www.estrategiaconcursos.com.br\/blog\/benfeitoria-bem-publico\/#respond"]}],"copyrightYear":"2016","copyrightHolder":{"@id":"https:\/\/www.estrategiaconcursos.com.br\/blog\/#organization"}},{"@type":"WebPage","@id":"https:\/\/www.estrategiaconcursos.com.br\/blog\/benfeitoria-bem-publico\/","url":"https:\/\/www.estrategiaconcursos.com.br\/blog\/benfeitoria-bem-publico\/","name":"Benfeitoria Bem P\u00fablico irregularmente ocupado. Mera deten\u00e7\u00e3o.","isPartOf":{"@id":"https:\/\/www.estrategiaconcursos.com.br\/blog\/#website"},"primaryImageOfPage":{"@id":"https:\/\/www.estrategiaconcursos.com.br\/blog\/benfeitoria-bem-publico\/#primaryimage"},"image":{"@id":"https:\/\/www.estrategiaconcursos.com.br\/blog\/benfeitoria-bem-publico\/#primaryimage"},"thumbnailUrl":"https:\/\/www.estrategiaconcursos.com.br\/blog\/wp-content\/uploads\/2016\/09\/benfeitoria-bem-publico-300x200.jpg","datePublished":"2016-10-05T10:25:16+00:00","dateModified":"2022-09-16T20:57:49+00:00","description":"Benfeitoria Bem p\u00fablico irregularmente ocupado. Mera deten\u00e7\u00e3o. Inexist\u00eancia de posse. Car\u00e1ter prec\u00e1rio. N\u00e3o h\u00e1 direito a indeniza\u00e7\u00e3o ao particular.","breadcrumb":{"@id":"https:\/\/www.estrategiaconcursos.com.br\/blog\/benfeitoria-bem-publico\/#breadcrumb"},"inLanguage":"pt-BR","potentialAction":[{"@type":"ReadAction","target":["https:\/\/www.estrategiaconcursos.com.br\/blog\/benfeitoria-bem-publico\/"]}]},{"@type":"ImageObject","inLanguage":"pt-BR","@id":"https:\/\/www.estrategiaconcursos.com.br\/blog\/benfeitoria-bem-publico\/#primaryimage","url":"https:\/\/dhg1h5j42swfq.cloudfront.net\/2016\/09\/29112725\/benfeitoria-bem-publico.jpg","contentUrl":"https:\/\/dhg1h5j42swfq.cloudfront.net\/2016\/09\/29112725\/benfeitoria-bem-publico.jpg","width":570,"height":380,"caption":"Benfeitoria Bem P\u00fablico"},{"@type":"BreadcrumbList","@id":"https:\/\/www.estrategiaconcursos.com.br\/blog\/benfeitoria-bem-publico\/#breadcrumb","itemListElement":[{"@type":"ListItem","position":1,"name":"In\u00edcio","item":"https:\/\/www.estrategiaconcursos.com.br\/blog\/"},{"@type":"ListItem","position":2,"name":"V\u00eddeo Gr\u00e1tis &#8211; Benfeitoria em Bem P\u00fablico ocupado irregularmente."}]},{"@type":"WebSite","@id":"https:\/\/www.estrategiaconcursos.com.br\/blog\/#website","url":"https:\/\/www.estrategiaconcursos.com.br\/blog\/","name":"Estrat\u00e9gia Concursos","description":"O blog da Estrat\u00e9gia Concursos traz not\u00edcias sobre concursos e artigos de professores oferecendo cursos para concursos (pdf + videaulas) no site.","publisher":{"@id":"https:\/\/www.estrategiaconcursos.com.br\/blog\/#organization"},"potentialAction":[{"@type":"SearchAction","target":{"@type":"EntryPoint","urlTemplate":"https:\/\/www.estrategiaconcursos.com.br\/blog\/?s={search_term_string}"},"query-input":{"@type":"PropertyValueSpecification","valueRequired":true,"valueName":"search_term_string"}}],"inLanguage":"pt-BR"},{"@type":"Organization","@id":"https:\/\/www.estrategiaconcursos.com.br\/blog\/#organization","name":"Estrat\u00e9gia Concursos","url":"https:\/\/www.estrategiaconcursos.com.br\/blog\/","logo":{"@type":"ImageObject","inLanguage":"pt-BR","@id":"https:\/\/www.estrategiaconcursos.com.br\/blog\/#\/schema\/logo\/image\/","url":"https:\/\/dhg1h5j42swfq.cloudfront.net\/2025\/06\/03203428\/logo_concursos-1.jpg","contentUrl":"https:\/\/dhg1h5j42swfq.cloudfront.net\/2025\/06\/03203428\/logo_concursos-1.jpg","width":230,"height":60,"caption":"Estrat\u00e9gia Concursos"},"image":{"@id":"https:\/\/www.estrategiaconcursos.com.br\/blog\/#\/schema\/logo\/image\/"},"sameAs":["https:\/\/x.com\/EstratConcursos"]},{"@type":"Person","@id":"https:\/\/www.estrategiaconcursos.com.br\/blog\/#\/schema\/person\/024d26d5efb06d95dfc04025d7301591","name":"Igor Maciel","image":{"@type":"ImageObject","inLanguage":"pt-BR","@id":"https:\/\/secure.gravatar.com\/avatar\/e983a676af6facf4aebcb2989d49e3bf61b718712d5e7a4b3f355b7fe651bc2f?s=96&d=mm&r=g","url":"https:\/\/secure.gravatar.com\/avatar\/e983a676af6facf4aebcb2989d49e3bf61b718712d5e7a4b3f355b7fe651bc2f?s=96&d=mm&r=g","contentUrl":"https:\/\/secure.gravatar.com\/avatar\/e983a676af6facf4aebcb2989d49e3bf61b718712d5e7a4b3f355b7fe651bc2f?s=96&d=mm&r=g","caption":"Igor Maciel"},"description":"Graduado na Universidade Federal de Pernambuco, com extens\u00e3o na Universidade de Coimbra\/Portugal. Especialista LLM em Direito Corporativo pelo IBMEC\/RJ. Mestrando em Direito e Pol\u00edticas P\u00fablicas pelo UNICEUB\/DF. Advogado com atua\u00e7\u00e3o profissional centrada no Direito Tribut\u00e1rio e no Direito Administrativo, especialmente na defesa de servidores p\u00fablicos.","sameAs":["http:\/\/www.imaciel.com.br","https:\/\/www.facebook.com\/igor.maciel.1420"],"url":"https:\/\/www.estrategiaconcursos.com.br\/blog\/author\/contatoimaciel-com-br\/"}]}},"_links":{"self":[{"href":"https:\/\/www.estrategiaconcursos.com.br\/blog\/wp-json\/wp\/v2\/posts\/51113","targetHints":{"allow":["GET"]}}],"collection":[{"href":"https:\/\/www.estrategiaconcursos.com.br\/blog\/wp-json\/wp\/v2\/posts"}],"about":[{"href":"https:\/\/www.estrategiaconcursos.com.br\/blog\/wp-json\/wp\/v2\/types\/post"}],"author":[{"embeddable":true,"href":"https:\/\/www.estrategiaconcursos.com.br\/blog\/wp-json\/wp\/v2\/users\/317"}],"replies":[{"embeddable":true,"href":"https:\/\/www.estrategiaconcursos.com.br\/blog\/wp-json\/wp\/v2\/comments?post=51113"}],"version-history":[{"count":14,"href":"https:\/\/www.estrategiaconcursos.com.br\/blog\/wp-json\/wp\/v2\/posts\/51113\/revisions"}],"predecessor-version":[{"id":1096445,"href":"https:\/\/www.estrategiaconcursos.com.br\/blog\/wp-json\/wp\/v2\/posts\/51113\/revisions\/1096445"}],"wp:attachment":[{"href":"https:\/\/www.estrategiaconcursos.com.br\/blog\/wp-json\/wp\/v2\/media?parent=51113"}],"wp:term":[{"taxonomy":"category","embeddable":true,"href":"https:\/\/www.estrategiaconcursos.com.br\/blog\/wp-json\/wp\/v2\/categories?post=51113"},{"taxonomy":"post_tag","embeddable":true,"href":"https:\/\/www.estrategiaconcursos.com.br\/blog\/wp-json\/wp\/v2\/tags?post=51113"},{"taxonomy":"tax_estado","embeddable":true,"href":"https:\/\/www.estrategiaconcursos.com.br\/blog\/wp-json\/wp\/v2\/tax_estado?post=51113"}],"curies":[{"name":"wp","href":"https:\/\/api.w.org\/{rel}","templated":true}]}}