{"id":510943,"date":"2020-05-05T17:55:01","date_gmt":"2020-05-05T20:55:01","guid":{"rendered":"https:\/\/www.estrategiaconcursos.com.br\/blog\/?p=510943"},"modified":"2023-01-10T11:28:57","modified_gmt":"2023-01-10T14:28:57","slug":"caminho-das-pedras-dia-3","status":"publish","type":"post","link":"https:\/\/www.estrategiaconcursos.com.br\/blog\/caminho-das-pedras-dia-3\/","title":{"rendered":"DIA 3 da 1\u00aa Semana do Caminho das Pedras: Aprofunde-se na \u00e1rea escolhida!"},"content":{"rendered":"\n<p><strong>1\u00aa Semana do Caminho das Pedras: <\/strong>inicie os estudos com Estrat\u00e9gia!<\/p>\n\n\n\n<p><strong>DIA 3 da 1\u00aa Semana do Caminho das Pedras<\/strong><strong>:<\/strong> Aprofunde-se na \u00e1rea escolhida!<\/p>\n\n\n\n<p>Fala, pessoal!<\/p>\n\n\n\n<p>Para quem n\u00e3o sabe do que se trata esse artigo, d\u00e1 uma olhada no <a href=\"https:\/\/www.estrategiaconcursos.com.br\/blog\/caminho-das-pedras-dia-1\/\" target=\"_blank\" rel=\"noreferrer noopener\">DIA 1 da 1\u00aa Semana do Caminho das Pedras: O que \u00e9 concurso p\u00fablico? Quais as suas fases?<\/a><\/p>\n\n\n\n<p>Desde o in\u00edcio da semana j\u00e1 vimos:<\/p>\n\n\n\n<ul class=\"wp-block-list\"><li>O que \u00e9 concurso p\u00fablico;<\/li><\/ul>\n\n\n\n<ul class=\"wp-block-list\"><li>Por quais fases o concurseiro ir\u00e1 passar durante os seus estudos;<\/li><\/ul>\n\n\n\n<ul class=\"wp-block-list\"><li>Passos para decidir qual \u00e9 o seu cargo p\u00fablico ideal;<\/li><\/ul>\n\n\n\n<ul class=\"wp-block-list\"><li>Quais as principais carreiras para concurso p\u00fablico;<\/li><\/ul>\n\n\n\n<ul class=\"wp-block-list\"><li>Dicas de como iniciar seus estudos.<\/li><\/ul>\n\n\n\n<p>Nesse terceiro dia voc\u00ea ir\u00e1 se aprofundar na \u00e1rea de estudo escolhida, assistindo a alguns v\u00eddeos da sua \u00e1rea.<\/p>\n\n\n\n<p><em>Fa\u00e7a as tarefas espec\u00edficas para a sua \u00e1rea escolhida. Caso ainda esteja em d\u00favida quanto a \u00e1rea de estudo, sinta-se livre para ver todo o material.<\/em><\/p>\n\n\n\n<p>O primeiro v\u00eddeo te dar\u00e1 um panorama geral da \u00e1rea falando sobre as suas especificidades, as principais disciplinas cobradas, sugest\u00f5es de ciclo de estudos e possibilidades de concurso.<\/p>\n\n\n\n<p><strong>Aprofundar-se na \u00e1rea escolhida \u00e9 imprescind\u00edvel!<\/strong><\/p>\n\n\n\n<p>\u00c9 importante entender o que mais cai nas provas, o n\u00edvel exigido de profundidade nas mat\u00e9rias, as principais bancas examinadoras da \u00e1rea, hist\u00f3rico de vagas, notas de corte, nomea\u00e7\u00f5es, periodicidade e const\u00e2ncia de certames, etc., para que voc\u00ea esteja preparado(a) e se planeje da melhor forma poss\u00edvel.<\/p>\n\n\n\n<p>Os v\u00eddeos seguintes ser\u00e3o de entrevistas com aprovados na \u00e1rea \u2013 o que eles fizeram de certo que garantiram a aprova\u00e7\u00e3o e quais erros poderiam ter evitado em suas prepara\u00e7\u00f5es.<\/p>\n\n\n\n<p>Conhecer a realidade do aprovado \u00e9 um bom ponto de partida nos estudos: voc\u00ea ver\u00e1 que \u00e9 uma pessoa COMUM, que passa por dificuldades, ansiedades e medo, mas que persevera, se mantem firme e fiel ao seu planejamento, e que, apesar de TUDO, VENCE.<\/p>\n\n\n\n<figure class=\"wp-block-image size-large\"><img loading=\"lazy\" decoding=\"async\" width=\"684\" height=\"1024\" src=\"https:\/\/dhg1h5j42swfq.cloudfront.net\/2020\/05\/05180125\/ryoji-iwata-X53e51WfjlE-unsplash-1-684x1024.jpg\" alt=\"\" class=\"wp-image-510973\" srcset=\"https:\/\/dhg1h5j42swfq.cloudfront.net\/2020\/05\/05180125\/ryoji-iwata-X53e51WfjlE-unsplash-1-684x1024.jpg 684w, https:\/\/dhg1h5j42swfq.cloudfront.net\/2020\/05\/05180125\/ryoji-iwata-X53e51WfjlE-unsplash-1-200x300.jpg 200w, https:\/\/dhg1h5j42swfq.cloudfront.net\/2020\/05\/05180125\/ryoji-iwata-X53e51WfjlE-unsplash-1-768x1150.jpg 768w, https:\/\/dhg1h5j42swfq.cloudfront.net\/2020\/05\/05180125\/ryoji-iwata-X53e51WfjlE-unsplash-1-1025x1536.jpg 1025w, https:\/\/dhg1h5j42swfq.cloudfront.net\/2020\/05\/05180125\/ryoji-iwata-X53e51WfjlE-unsplash-1-1367x2048.jpg 1367w, https:\/\/dhg1h5j42swfq.cloudfront.net\/2020\/05\/05180125\/ryoji-iwata-X53e51WfjlE-unsplash-1-610x914.jpg 610w, https:\/\/dhg1h5j42swfq.cloudfront.net\/2020\/05\/05180125\/ryoji-iwata-X53e51WfjlE-unsplash-1-scaled.jpg 1709w\" sizes=\"auto, (max-width: 684px) 100vw, 684px\" \/><\/figure>\n\n\n\n<p><strong>Tarefa 9.1: <\/strong>Assistir ao panorama geral da \u00e1rea<\/p>\n\n\n\n<p><strong>Tarefa 9.2:<\/strong> Assistir a entrevistas com aprovados<\/p>\n\n\n\n<p>Laura Amorim &#8211; SEFAZ-GO:<\/p>\n\n\n\n<p>Ot\u00e1vio Augusto &#8211; SEFAZ-RS:<\/p>\n\n\n\n<h3 class=\"wp-block-heading\" id=\"h-area-de-controle-e-gestao\">\u00c1REA DE CONTROLE E GEST\u00c3O<\/h3>\n\n\n\n<p><strong>Tarefa 9.1:<\/strong> Assistir ao panorama geral da \u00e1rea<\/p>\n\n\n\n<p><strong>Tarefa 9.2: <\/strong>Assistir a entrevistas com aprovados<\/p>\n\n\n\n<p>Jonas Vale \u2013 TCE-MG:<\/p>\n\n\n\n<p>Maria Antonizete &#8211; CGE-CE:<\/p>\n\n\n\n<h3 class=\"wp-block-heading\" id=\"h-area-policial\">\u00c1REA POLICIAL<\/h3>\n\n\n\n<p><strong>Tarefa 9.1:<\/strong> Assistir ao panorama geral da \u00e1rea<\/p>\n\n\n\n<p><strong>Tarefa 9.2:<\/strong> Assistir a entrevistas com aprovados<\/p>\n\n\n\n<p>Delegada PC-SP:<\/p>\n\n\n\n<p>Luiz Henrique Monteiro &#8211; PRF:<\/p>\n\n\n\n<h3 class=\"wp-block-heading\" id=\"h-area-de-tribunais\">\u00c1REA DE TRIBUNAIS<\/h3>\n\n\n\n<p><strong>Tarefa 9.1: <\/strong>Assistir ao panorama geral da \u00e1rea<\/p>\n\n\n\n<p><strong>Tarefa 9.2: <\/strong>Assistir a entrevistas com aprovados<\/p>\n\n\n\n<p>J\u00falia Mello &#8211; TRF-3:<\/p>\n\n\n\n<p>Ana Flavia Britto &#8211; TRF-4:<\/p>\n\n\n\n<h3 class=\"wp-block-heading\" id=\"h-carreiras-juridicas\">CARREIRAS JUR\u00cdDICAS<\/h3>\n\n\n\n<p><strong>Tarefa 9.1: <\/strong>Assistir ao panorama geral da \u00e1rea<\/p>\n\n\n\n<p><strong>Tarefa 9.2: <\/strong>Assistir a entrevistas com aprovados<\/p>\n\n\n\n<p>Rodolfo Penna &#8211; Procurador PGE-SP:<\/p>\n\n\n\n<p>Renato Maia &#8211; Juiz Substituto TJ-SP:<\/p>\n\n\n\n<p>M\u00e1rcio Ribeiro &#8211; Procurador do Trabalho MPT:<\/p>\n\n\n\n<h3 class=\"wp-block-heading\" id=\"h-concursos-legislativos\">CONCURSOS LEGISLATIVOS<\/h3>\n\n\n\n<p><strong>Tarefa 9.1: <\/strong>Assistir ao panorama geral da \u00e1rea<\/p>\n\n\n\n<p><strong>Tarefa 9.2: <\/strong>Assistir a entrevistas com aprovados<\/p>\n\n\n\n<p>Fabiele Fritzen &#8211; CLDF:<\/p>\n\n\n\n<p>Lorena Rezende &#8211; CLDF:<\/p>\n\n\n\n<h3 class=\"wp-block-heading\" id=\"h-concursos-bancarios\">CONCURSOS BANC\u00c1RIOS<\/h3>\n\n\n\n<p><strong>Tarefa 9.1: <\/strong>Assistir ao panorama geral da \u00e1rea<\/p>\n\n\n\n<p><strong>Tarefa 9.2: <\/strong>Assistir a entrevistas com aprovados<\/p>\n\n\n\n<p>Gabriela Guimar\u00e3es &#8211; BACEN:<\/p>\n\n\n\n<p>Gustavo Garcia &#8211; Banco do Brasil:<\/p>\n\n\n\n<h3 class=\"wp-block-heading\" id=\"h-area-de-engenharia\">\u00c1REA DE ENGENHARIA<\/h3>\n\n\n\n<p><strong>Tarefa 9.1: <\/strong>Assistir ao panorama geral da \u00e1rea<\/p>\n\n\n\n<p><strong>Tarefa 9.2: <\/strong>Assistir a entrevistas com aprovados<\/p>\n\n\n\n<p>Edson Braga &#8211; Petrobras:<\/p>\n\n\n\n<h3 class=\"wp-block-heading\" id=\"h-area-de-saude\">\u00c1REA DE SA\u00daDE<\/h3>\n\n\n\n<p><strong>Tarefa 9.1: <\/strong>Assistir ao panorama geral da \u00e1rea<\/p>\n\n\n\n<p><strong>Tarefa 9.2: <\/strong>Assistir a entrevistas com aprovados<\/p>\n\n\n\n<p>Alanda Rodrigues &#8211; EBSERH:<\/p>\n\n\n\n<p>Nat\u00e1lia Rinco &#8211; ANVISA:<\/p>\n\n\n\n<p>Qualquer d\u00favida, manda uma mensagem para <a rel=\"noreferrer noopener\" href=\"https:\/\/www.instagram.com\/prof.rodolfoqueiroz\/\" target=\"_blank\">@prof.rodolfoqueiroz<\/a>.<\/p>\n\n\n\n<p>Amanh\u00e3 tem mais!<\/p>\n\n\n\n<p>Espero que tenham gostado.<\/p>\n\n\n\n<p><strong>Rodolfo Queiroz<\/strong><\/p>\n\n\n\n<p>J\u00e1 terminou o 3\u00ba dia? Vai para o <a href=\"https:\/\/www.estrategiaconcursos.com.br\/blog\/caminho-das-pedras-dia-4\/\">DIA 4 da 1\u00aa Semana do Caminho das Pedras: Conhe\u00e7a as principais t\u00e9cnicas de estudo!<\/a><\/p>\n","protected":false},"excerpt":{"rendered":"<p>1\u00aa Semana do Caminho das Pedras: inicie os estudos com Estrat\u00e9gia! DIA 3 da 1\u00aa Semana do Caminho das Pedras: Aprofunde-se na \u00e1rea escolhida! Fala, pessoal! Para quem n\u00e3o sabe do que se trata esse artigo, d\u00e1 uma olhada no DIA 1 da 1\u00aa Semana do Caminho das Pedras: O que \u00e9 concurso p\u00fablico? Quais [&hellip;]<\/p>\n","protected":false},"author":1084,"featured_media":0,"comment_status":"open","ping_status":"closed","sticky":false,"template":"","format":"standard","meta":{"post_tipo":"article","footnotes":""},"categories":[1],"tags":[],"tax_estado":[],"class_list":["post-510943","post","type-post","status-publish","format-standard","hentry","category-cursos-e-concursos"],"acf":[],"yoast_head":"<!-- This site is optimized with the Yoast SEO Premium plugin v27.2 (Yoast SEO v27.2) - https:\/\/yoast.com\/product\/yoast-seo-premium-wordpress\/ -->\n<title>DIA 3 da 1\u00aa Semana do Caminho das Pedras: Aprofunde-se na \u00e1rea escolhida!<\/title>\n<meta name=\"description\" content=\"Nesse terceiro dia voc\u00ea ir\u00e1 se aprofundar na \u00e1rea de estudo escolhida, assistindo a alguns v\u00eddeos da sua \u00e1rea.\" \/>\n<meta name=\"robots\" content=\"index, follow, max-snippet:-1, max-image-preview:large, max-video-preview:-1\" \/>\n<link rel=\"canonical\" href=\"https:\/\/www.estrategiaconcursos.com.br\/blog\/caminho-das-pedras-dia-3\/\" \/>\n<meta property=\"og:locale\" content=\"pt_BR\" \/>\n<meta property=\"og:type\" content=\"article\" \/>\n<meta property=\"og:title\" content=\"DIA 3 da 1\u00aa Semana do Caminho das Pedras: Aprofunde-se na \u00e1rea escolhida!\" \/>\n<meta property=\"og:description\" content=\"Nesse terceiro dia voc\u00ea ir\u00e1 se aprofundar na \u00e1rea de estudo escolhida, assistindo a alguns v\u00eddeos da sua \u00e1rea.\" \/>\n<meta property=\"og:url\" content=\"https:\/\/www.estrategiaconcursos.com.br\/blog\/caminho-das-pedras-dia-3\/\" \/>\n<meta property=\"og:site_name\" content=\"Estrat\u00e9gia Concursos\" \/>\n<meta property=\"article:published_time\" content=\"2020-05-05T20:55:01+00:00\" \/>\n<meta property=\"article:modified_time\" content=\"2023-01-10T14:28:57+00:00\" \/>\n<meta property=\"og:image\" content=\"https:\/\/www.estrategiaconcursos.com.br\/blog\/wp-content\/uploads\/2020\/05\/ryoji-iwata-X53e51WfjlE-unsplash-1-684x1024.jpg\" \/>\n<meta name=\"author\" content=\"Rodolfo Queiroz\" \/>\n<meta name=\"twitter:card\" content=\"summary_large_image\" \/>\n<meta name=\"twitter:creator\" content=\"@EstratConcursos\" \/>\n<meta name=\"twitter:site\" content=\"@EstratConcursos\" \/>\n<meta name=\"twitter:label1\" content=\"Escrito por\" \/>\n\t<meta name=\"twitter:data1\" content=\"Rodolfo Queiroz\" \/>\n\t<meta name=\"twitter:label2\" content=\"Est. tempo de leitura\" \/>\n\t<meta name=\"twitter:data2\" content=\"3 minutos\" \/>\n<script type=\"application\/ld+json\" class=\"yoast-schema-graph\">{\"@context\":\"https:\/\/schema.org\",\"@graph\":[{\"@type\":\"NewsArticle\",\"@id\":\"https:\/\/www.estrategiaconcursos.com.br\/blog\/caminho-das-pedras-dia-3\/#article\",\"isPartOf\":{\"@id\":\"https:\/\/www.estrategiaconcursos.com.br\/blog\/caminho-das-pedras-dia-3\/\"},\"author\":{\"name\":\"Rodolfo Queiroz\",\"@id\":\"https:\/\/www.estrategiaconcursos.com.br\/blog\/#\/schema\/person\/71c6849b8bf28e03aabb82ca72a794a5\"},\"headline\":\"DIA 3 da 1\u00aa Semana do Caminho das Pedras: Aprofunde-se na \u00e1rea escolhida!\",\"datePublished\":\"2020-05-05T20:55:01+00:00\",\"dateModified\":\"2023-01-10T14:28:57+00:00\",\"mainEntityOfPage\":{\"@id\":\"https:\/\/www.estrategiaconcursos.com.br\/blog\/caminho-das-pedras-dia-3\/\"},\"wordCount\":594,\"commentCount\":0,\"publisher\":{\"@id\":\"https:\/\/www.estrategiaconcursos.com.br\/blog\/#organization\"},\"image\":{\"@id\":\"https:\/\/www.estrategiaconcursos.com.br\/blog\/caminho-das-pedras-dia-3\/#primaryimage\"},\"thumbnailUrl\":\"https:\/\/www.estrategiaconcursos.com.br\/blog\/wp-content\/uploads\/2020\/05\/ryoji-iwata-X53e51WfjlE-unsplash-1-684x1024.jpg\",\"articleSection\":[\"Concursos P\u00fablicos\"],\"inLanguage\":\"pt-BR\",\"potentialAction\":[{\"@type\":\"CommentAction\",\"name\":\"Comment\",\"target\":[\"https:\/\/www.estrategiaconcursos.com.br\/blog\/caminho-das-pedras-dia-3\/#respond\"]}],\"copyrightYear\":\"2020\",\"copyrightHolder\":{\"@id\":\"https:\/\/www.estrategiaconcursos.com.br\/blog\/#organization\"}},{\"@type\":\"WebPage\",\"@id\":\"https:\/\/www.estrategiaconcursos.com.br\/blog\/caminho-das-pedras-dia-3\/\",\"url\":\"https:\/\/www.estrategiaconcursos.com.br\/blog\/caminho-das-pedras-dia-3\/\",\"name\":\"DIA 3 da 1\u00aa Semana do Caminho das Pedras: Aprofunde-se na \u00e1rea escolhida!\",\"isPartOf\":{\"@id\":\"https:\/\/www.estrategiaconcursos.com.br\/blog\/#website\"},\"primaryImageOfPage\":{\"@id\":\"https:\/\/www.estrategiaconcursos.com.br\/blog\/caminho-das-pedras-dia-3\/#primaryimage\"},\"image\":{\"@id\":\"https:\/\/www.estrategiaconcursos.com.br\/blog\/caminho-das-pedras-dia-3\/#primaryimage\"},\"thumbnailUrl\":\"https:\/\/www.estrategiaconcursos.com.br\/blog\/wp-content\/uploads\/2020\/05\/ryoji-iwata-X53e51WfjlE-unsplash-1-684x1024.jpg\",\"datePublished\":\"2020-05-05T20:55:01+00:00\",\"dateModified\":\"2023-01-10T14:28:57+00:00\",\"description\":\"Nesse terceiro dia voc\u00ea ir\u00e1 se aprofundar na \u00e1rea de estudo escolhida, assistindo a alguns v\u00eddeos da sua \u00e1rea.\",\"breadcrumb\":{\"@id\":\"https:\/\/www.estrategiaconcursos.com.br\/blog\/caminho-das-pedras-dia-3\/#breadcrumb\"},\"inLanguage\":\"pt-BR\",\"potentialAction\":[{\"@type\":\"ReadAction\",\"target\":[\"https:\/\/www.estrategiaconcursos.com.br\/blog\/caminho-das-pedras-dia-3\/\"]}]},{\"@type\":\"ImageObject\",\"inLanguage\":\"pt-BR\",\"@id\":\"https:\/\/www.estrategiaconcursos.com.br\/blog\/caminho-das-pedras-dia-3\/#primaryimage\",\"url\":\"https:\/\/dhg1h5j42swfq.cloudfront.net\/2020\/05\/05180125\/ryoji-iwata-X53e51WfjlE-unsplash-1-scaled.jpg\",\"contentUrl\":\"https:\/\/dhg1h5j42swfq.cloudfront.net\/2020\/05\/05180125\/ryoji-iwata-X53e51WfjlE-unsplash-1-scaled.jpg\",\"width\":1709,\"height\":2560},{\"@type\":\"BreadcrumbList\",\"@id\":\"https:\/\/www.estrategiaconcursos.com.br\/blog\/caminho-das-pedras-dia-3\/#breadcrumb\",\"itemListElement\":[{\"@type\":\"ListItem\",\"position\":1,\"name\":\"In\u00edcio\",\"item\":\"https:\/\/www.estrategiaconcursos.com.br\/blog\/\"},{\"@type\":\"ListItem\",\"position\":2,\"name\":\"DIA 3 da 1\u00aa Semana do Caminho das Pedras: Aprofunde-se na \u00e1rea escolhida!\"}]},{\"@type\":\"WebSite\",\"@id\":\"https:\/\/www.estrategiaconcursos.com.br\/blog\/#website\",\"url\":\"https:\/\/www.estrategiaconcursos.com.br\/blog\/\",\"name\":\"Estrat\u00e9gia Concursos\",\"description\":\"O blog da Estrat\u00e9gia Concursos traz not\u00edcias sobre concursos e artigos de professores oferecendo cursos para concursos (pdf + videaulas) no site.\",\"publisher\":{\"@id\":\"https:\/\/www.estrategiaconcursos.com.br\/blog\/#organization\"},\"potentialAction\":[{\"@type\":\"SearchAction\",\"target\":{\"@type\":\"EntryPoint\",\"urlTemplate\":\"https:\/\/www.estrategiaconcursos.com.br\/blog\/?s={search_term_string}\"},\"query-input\":{\"@type\":\"PropertyValueSpecification\",\"valueRequired\":true,\"valueName\":\"search_term_string\"}}],\"inLanguage\":\"pt-BR\"},{\"@type\":\"Organization\",\"@id\":\"https:\/\/www.estrategiaconcursos.com.br\/blog\/#organization\",\"name\":\"Estrat\u00e9gia Concursos\",\"url\":\"https:\/\/www.estrategiaconcursos.com.br\/blog\/\",\"logo\":{\"@type\":\"ImageObject\",\"inLanguage\":\"pt-BR\",\"@id\":\"https:\/\/www.estrategiaconcursos.com.br\/blog\/#\/schema\/logo\/image\/\",\"url\":\"https:\/\/dhg1h5j42swfq.cloudfront.net\/2025\/06\/03203428\/logo_concursos-1.jpg\",\"contentUrl\":\"https:\/\/dhg1h5j42swfq.cloudfront.net\/2025\/06\/03203428\/logo_concursos-1.jpg\",\"width\":230,\"height\":60,\"caption\":\"Estrat\u00e9gia Concursos\"},\"image\":{\"@id\":\"https:\/\/www.estrategiaconcursos.com.br\/blog\/#\/schema\/logo\/image\/\"},\"sameAs\":[\"https:\/\/x.com\/EstratConcursos\"]},{\"@type\":\"Person\",\"@id\":\"https:\/\/www.estrategiaconcursos.com.br\/blog\/#\/schema\/person\/71c6849b8bf28e03aabb82ca72a794a5\",\"name\":\"Rodolfo Queiroz\",\"image\":{\"@type\":\"ImageObject\",\"inLanguage\":\"pt-BR\",\"@id\":\"https:\/\/secure.gravatar.com\/avatar\/5f08a279f12fef20e95e2592261b86004f5c49356bef3034af370d317393c44f?s=96&d=mm&r=g\",\"url\":\"https:\/\/secure.gravatar.com\/avatar\/5f08a279f12fef20e95e2592261b86004f5c49356bef3034af370d317393c44f?s=96&d=mm&r=g\",\"contentUrl\":\"https:\/\/secure.gravatar.com\/avatar\/5f08a279f12fef20e95e2592261b86004f5c49356bef3034af370d317393c44f?s=96&d=mm&r=g\",\"caption\":\"Rodolfo Queiroz\"},\"url\":\"https:\/\/www.estrategiaconcursos.com.br\/blog\/author\/rodolfo-f-c-l-qgmail-com\/\"}]}<\/script>\n<!-- \/ Yoast SEO Premium plugin. -->","yoast_head_json":{"title":"DIA 3 da 1\u00aa Semana do Caminho das Pedras: Aprofunde-se na \u00e1rea escolhida!","description":"Nesse terceiro dia voc\u00ea ir\u00e1 se aprofundar na \u00e1rea de estudo escolhida, assistindo a alguns v\u00eddeos da sua \u00e1rea.","robots":{"index":"index","follow":"follow","max-snippet":"max-snippet:-1","max-image-preview":"max-image-preview:large","max-video-preview":"max-video-preview:-1"},"canonical":"https:\/\/www.estrategiaconcursos.com.br\/blog\/caminho-das-pedras-dia-3\/","og_locale":"pt_BR","og_type":"article","og_title":"DIA 3 da 1\u00aa Semana do Caminho das Pedras: Aprofunde-se na \u00e1rea escolhida!","og_description":"Nesse terceiro dia voc\u00ea ir\u00e1 se aprofundar na \u00e1rea de estudo escolhida, assistindo a alguns v\u00eddeos da sua \u00e1rea.","og_url":"https:\/\/www.estrategiaconcursos.com.br\/blog\/caminho-das-pedras-dia-3\/","og_site_name":"Estrat\u00e9gia Concursos","article_published_time":"2020-05-05T20:55:01+00:00","article_modified_time":"2023-01-10T14:28:57+00:00","og_image":[{"url":"https:\/\/www.estrategiaconcursos.com.br\/blog\/wp-content\/uploads\/2020\/05\/ryoji-iwata-X53e51WfjlE-unsplash-1-684x1024.jpg","type":"","width":"","height":""}],"author":"Rodolfo Queiroz","twitter_card":"summary_large_image","twitter_creator":"@EstratConcursos","twitter_site":"@EstratConcursos","twitter_misc":{"Escrito por":"Rodolfo Queiroz","Est. tempo de leitura":"3 minutos"},"schema":{"@context":"https:\/\/schema.org","@graph":[{"@type":"NewsArticle","@id":"https:\/\/www.estrategiaconcursos.com.br\/blog\/caminho-das-pedras-dia-3\/#article","isPartOf":{"@id":"https:\/\/www.estrategiaconcursos.com.br\/blog\/caminho-das-pedras-dia-3\/"},"author":{"name":"Rodolfo Queiroz","@id":"https:\/\/www.estrategiaconcursos.com.br\/blog\/#\/schema\/person\/71c6849b8bf28e03aabb82ca72a794a5"},"headline":"DIA 3 da 1\u00aa Semana do Caminho das Pedras: Aprofunde-se na \u00e1rea escolhida!","datePublished":"2020-05-05T20:55:01+00:00","dateModified":"2023-01-10T14:28:57+00:00","mainEntityOfPage":{"@id":"https:\/\/www.estrategiaconcursos.com.br\/blog\/caminho-das-pedras-dia-3\/"},"wordCount":594,"commentCount":0,"publisher":{"@id":"https:\/\/www.estrategiaconcursos.com.br\/blog\/#organization"},"image":{"@id":"https:\/\/www.estrategiaconcursos.com.br\/blog\/caminho-das-pedras-dia-3\/#primaryimage"},"thumbnailUrl":"https:\/\/www.estrategiaconcursos.com.br\/blog\/wp-content\/uploads\/2020\/05\/ryoji-iwata-X53e51WfjlE-unsplash-1-684x1024.jpg","articleSection":["Concursos P\u00fablicos"],"inLanguage":"pt-BR","potentialAction":[{"@type":"CommentAction","name":"Comment","target":["https:\/\/www.estrategiaconcursos.com.br\/blog\/caminho-das-pedras-dia-3\/#respond"]}],"copyrightYear":"2020","copyrightHolder":{"@id":"https:\/\/www.estrategiaconcursos.com.br\/blog\/#organization"}},{"@type":"WebPage","@id":"https:\/\/www.estrategiaconcursos.com.br\/blog\/caminho-das-pedras-dia-3\/","url":"https:\/\/www.estrategiaconcursos.com.br\/blog\/caminho-das-pedras-dia-3\/","name":"DIA 3 da 1\u00aa Semana do Caminho das Pedras: Aprofunde-se na \u00e1rea escolhida!","isPartOf":{"@id":"https:\/\/www.estrategiaconcursos.com.br\/blog\/#website"},"primaryImageOfPage":{"@id":"https:\/\/www.estrategiaconcursos.com.br\/blog\/caminho-das-pedras-dia-3\/#primaryimage"},"image":{"@id":"https:\/\/www.estrategiaconcursos.com.br\/blog\/caminho-das-pedras-dia-3\/#primaryimage"},"thumbnailUrl":"https:\/\/www.estrategiaconcursos.com.br\/blog\/wp-content\/uploads\/2020\/05\/ryoji-iwata-X53e51WfjlE-unsplash-1-684x1024.jpg","datePublished":"2020-05-05T20:55:01+00:00","dateModified":"2023-01-10T14:28:57+00:00","description":"Nesse terceiro dia voc\u00ea ir\u00e1 se aprofundar na \u00e1rea de estudo escolhida, assistindo a alguns v\u00eddeos da sua \u00e1rea.","breadcrumb":{"@id":"https:\/\/www.estrategiaconcursos.com.br\/blog\/caminho-das-pedras-dia-3\/#breadcrumb"},"inLanguage":"pt-BR","potentialAction":[{"@type":"ReadAction","target":["https:\/\/www.estrategiaconcursos.com.br\/blog\/caminho-das-pedras-dia-3\/"]}]},{"@type":"ImageObject","inLanguage":"pt-BR","@id":"https:\/\/www.estrategiaconcursos.com.br\/blog\/caminho-das-pedras-dia-3\/#primaryimage","url":"https:\/\/dhg1h5j42swfq.cloudfront.net\/2020\/05\/05180125\/ryoji-iwata-X53e51WfjlE-unsplash-1-scaled.jpg","contentUrl":"https:\/\/dhg1h5j42swfq.cloudfront.net\/2020\/05\/05180125\/ryoji-iwata-X53e51WfjlE-unsplash-1-scaled.jpg","width":1709,"height":2560},{"@type":"BreadcrumbList","@id":"https:\/\/www.estrategiaconcursos.com.br\/blog\/caminho-das-pedras-dia-3\/#breadcrumb","itemListElement":[{"@type":"ListItem","position":1,"name":"In\u00edcio","item":"https:\/\/www.estrategiaconcursos.com.br\/blog\/"},{"@type":"ListItem","position":2,"name":"DIA 3 da 1\u00aa Semana do Caminho das Pedras: Aprofunde-se na \u00e1rea escolhida!"}]},{"@type":"WebSite","@id":"https:\/\/www.estrategiaconcursos.com.br\/blog\/#website","url":"https:\/\/www.estrategiaconcursos.com.br\/blog\/","name":"Estrat\u00e9gia Concursos","description":"O blog da Estrat\u00e9gia Concursos traz not\u00edcias sobre concursos e artigos de professores oferecendo cursos para concursos (pdf + videaulas) no site.","publisher":{"@id":"https:\/\/www.estrategiaconcursos.com.br\/blog\/#organization"},"potentialAction":[{"@type":"SearchAction","target":{"@type":"EntryPoint","urlTemplate":"https:\/\/www.estrategiaconcursos.com.br\/blog\/?s={search_term_string}"},"query-input":{"@type":"PropertyValueSpecification","valueRequired":true,"valueName":"search_term_string"}}],"inLanguage":"pt-BR"},{"@type":"Organization","@id":"https:\/\/www.estrategiaconcursos.com.br\/blog\/#organization","name":"Estrat\u00e9gia Concursos","url":"https:\/\/www.estrategiaconcursos.com.br\/blog\/","logo":{"@type":"ImageObject","inLanguage":"pt-BR","@id":"https:\/\/www.estrategiaconcursos.com.br\/blog\/#\/schema\/logo\/image\/","url":"https:\/\/dhg1h5j42swfq.cloudfront.net\/2025\/06\/03203428\/logo_concursos-1.jpg","contentUrl":"https:\/\/dhg1h5j42swfq.cloudfront.net\/2025\/06\/03203428\/logo_concursos-1.jpg","width":230,"height":60,"caption":"Estrat\u00e9gia Concursos"},"image":{"@id":"https:\/\/www.estrategiaconcursos.com.br\/blog\/#\/schema\/logo\/image\/"},"sameAs":["https:\/\/x.com\/EstratConcursos"]},{"@type":"Person","@id":"https:\/\/www.estrategiaconcursos.com.br\/blog\/#\/schema\/person\/71c6849b8bf28e03aabb82ca72a794a5","name":"Rodolfo Queiroz","image":{"@type":"ImageObject","inLanguage":"pt-BR","@id":"https:\/\/secure.gravatar.com\/avatar\/5f08a279f12fef20e95e2592261b86004f5c49356bef3034af370d317393c44f?s=96&d=mm&r=g","url":"https:\/\/secure.gravatar.com\/avatar\/5f08a279f12fef20e95e2592261b86004f5c49356bef3034af370d317393c44f?s=96&d=mm&r=g","contentUrl":"https:\/\/secure.gravatar.com\/avatar\/5f08a279f12fef20e95e2592261b86004f5c49356bef3034af370d317393c44f?s=96&d=mm&r=g","caption":"Rodolfo Queiroz"},"url":"https:\/\/www.estrategiaconcursos.com.br\/blog\/author\/rodolfo-f-c-l-qgmail-com\/"}]}},"_links":{"self":[{"href":"https:\/\/www.estrategiaconcursos.com.br\/blog\/wp-json\/wp\/v2\/posts\/510943","targetHints":{"allow":["GET"]}}],"collection":[{"href":"https:\/\/www.estrategiaconcursos.com.br\/blog\/wp-json\/wp\/v2\/posts"}],"about":[{"href":"https:\/\/www.estrategiaconcursos.com.br\/blog\/wp-json\/wp\/v2\/types\/post"}],"author":[{"embeddable":true,"href":"https:\/\/www.estrategiaconcursos.com.br\/blog\/wp-json\/wp\/v2\/users\/1084"}],"replies":[{"embeddable":true,"href":"https:\/\/www.estrategiaconcursos.com.br\/blog\/wp-json\/wp\/v2\/comments?post=510943"}],"version-history":[{"count":5,"href":"https:\/\/www.estrategiaconcursos.com.br\/blog\/wp-json\/wp\/v2\/posts\/510943\/revisions"}],"predecessor-version":[{"id":1150168,"href":"https:\/\/www.estrategiaconcursos.com.br\/blog\/wp-json\/wp\/v2\/posts\/510943\/revisions\/1150168"}],"wp:attachment":[{"href":"https:\/\/www.estrategiaconcursos.com.br\/blog\/wp-json\/wp\/v2\/media?parent=510943"}],"wp:term":[{"taxonomy":"category","embeddable":true,"href":"https:\/\/www.estrategiaconcursos.com.br\/blog\/wp-json\/wp\/v2\/categories?post=510943"},{"taxonomy":"post_tag","embeddable":true,"href":"https:\/\/www.estrategiaconcursos.com.br\/blog\/wp-json\/wp\/v2\/tags?post=510943"},{"taxonomy":"tax_estado","embeddable":true,"href":"https:\/\/www.estrategiaconcursos.com.br\/blog\/wp-json\/wp\/v2\/tax_estado?post=510943"}],"curies":[{"name":"wp","href":"https:\/\/api.w.org\/{rel}","templated":true}]}}