{"id":510779,"date":"2020-05-11T11:51:54","date_gmt":"2020-05-11T14:51:54","guid":{"rendered":"https:\/\/www.estrategiaconcursos.com.br\/blog\/?p=510779"},"modified":"2022-10-11T10:27:26","modified_gmt":"2022-10-11T13:27:26","slug":"conheca-a-carreira-de-agente-federal-do-depen","status":"publish","type":"post","link":"https:\/\/www.estrategiaconcursos.com.br\/blog\/conheca-a-carreira-de-agente-federal-do-depen\/","title":{"rendered":"Conhe\u00e7a a Carreira de Agente Federal do DEPEN!"},"content":{"rendered":"\n<p><strong><em>Nesse artigo, abordaremos os principais aspectos acerca da carreira de Agente Federal do DEPEN.<\/em><\/strong><\/p>\n\n\n\n<p>Ol\u00e1, futuros concursados desse Brasil!<\/p>\n\n\n\n<p>No dia 04 de maio, foi publicado o edital do concurso do DEPEN (Departamento Penitenci\u00e1rio Nacional). O concurso ser\u00e1 realizado pelo <strong>Cebraspe<\/strong>, com aplica\u00e7\u00e3o de provas prevista para o dia <strong>06\/09.<\/strong><\/p>\n\n\n\n<p>Muito aguardado por muitos concurseiros da \u00c1rea Policial, o edital oferta <strong>309 vagas <\/strong>e prev\u00ea a realiza\u00e7\u00e3o de provas para diversos cargos, tanto de n\u00edvel m\u00e9dio quanto superior.<\/p>\n\n\n\n<p>Dentre as vagas ofertadas, <strong>s\u00e3o 294 vagas para o cargo de Agente<\/strong> Federal de Execu\u00e7\u00e3o Penal, cargo de n\u00edvel m\u00e9dio, e 15 vagas para Especialista Federal em Assist\u00eancia \u00e0 Execu\u00e7\u00e3o Penal, cargo de n\u00edvel superior. O cargo de Especialista \u00e9 dividido, ainda, em diversas especialidades.<\/p>\n\n\n\n<p>Uma vez que se espera que o cargo de Agente apresente uma grande procura, iremos abordar, no presente artigo, os seguintes t\u00f3picos:<\/p>\n\n\n\n<ul class=\"wp-block-list\"><li><em>Carreira:<\/em> requisitos e atribui\u00e7\u00f5es<\/li><li>Remunera\u00e7\u00e3o e benef\u00edcios<\/li><li>Unidades de Lota\u00e7\u00e3o<\/li><\/ul>\n\n\n\n<h2 class=\"wp-block-heading\" id=\"h-carreira-de-agente-federal-do-depen-requisitos-e-atribuicoes\">Carreira de Agente Federal do DEPEN: requisitos e atribui\u00e7\u00f5es<\/h2>\n\n\n\n<h3 class=\"wp-block-heading\" id=\"h-requisitos\">Requisitos<\/h3>\n\n\n\n<ul class=\"wp-block-list\"><li><strong>Certificado de conclus\u00e3o de curso de n\u00edvel m\u00e9dio<\/strong>, fornecido por institui\u00e7\u00e3o de ensino reconhecida pelo \u00f3rg\u00e3o competente, e<\/li><li><strong>Carteira Nacional de Habilita\u00e7\u00e3o (CNH) ou permiss\u00e3o<\/strong> para conduzir ve\u00edculos automotores de, no m\u00ednimo, <strong>categoria &#8220;B&#8221;<\/strong>, v\u00e1lida e sem impedimentos.<\/li><\/ul>\n\n\n\n<p>Al\u00e9m disso, o edital exige que a CNH n\u00e3o preveja observa\u00e7\u00e3o de adapta\u00e7\u00e3o de ve\u00edculo ou restri\u00e7\u00e3o de locais e\/ou hor\u00e1rio para dirigir.<\/p>\n\n\n\n<h3 class=\"wp-block-heading\" id=\"h-atribuicoes\">Atribui\u00e7\u00f5es<\/h3>\n\n\n\n<p>O Agente de Execu\u00e7\u00e3o Penal \u00e9 respons\u00e1vel por prestar um servi\u00e7o p\u00fablico que, embora seja caracterizado como de alto risco, \u00e9 de extrema import\u00e2ncia. Os agentes salvaguardam a sociedade civil, de forma a mant\u00ea-la em seguran\u00e7a.<\/p>\n\n\n\n<p>Conforme consta no edital, s\u00e3o as seguintes as atribui\u00e7\u00f5es previstas para o cargo:<\/p>\n\n\n\n<p class=\"has-text-align-left\">O Agente Federal dever\u00e1 exercer <strong>atividades de atendimento, vigil\u00e2ncia, cust\u00f3dia, guarda, escolta, assist\u00eancia e orienta\u00e7\u00e3o de pessoas <\/strong>recolhidas aos estabelecimentos penais e de internamento federais, e das atividades de natureza t\u00e9cnica, administrava e de apoio a elas relacionadas.<\/p>\n\n\n\n<p>Primeiramente, para que possamos entender melhor as atribui\u00e7\u00f5es do cargo, \u00e9 importante sabermos a natureza do DEPEN. O Departamento Penitenci\u00e1rio Nacional \u00e9 um \u00f3rg\u00e3o do Poder Executivo, que tem a responsabilidade de fiscaliza\u00e7\u00e3o e execu\u00e7\u00e3o penal, obedecendo \u00e0 Lei de Execu\u00e7\u00e3o Penal e \u00e0s diretrizes da Pol\u00edtica Penitenci\u00e1ria Nacional, assim como a Tratados Internacionais dos quais o Brasil seja parte.<\/p>\n\n\n\n<p>Entre os principais objetivos do \u00f3rg\u00e3o, est\u00e3o o isolamento de lideran\u00e7as do crime organizado e a cust\u00f3dia de presos, seja a pris\u00e3o provis\u00f3ria ou definitiva.<\/p>\n\n\n\n<p>Dessa forma, o candidato poder\u00e1 ser exercer tanto atividades-fim, como a vigil\u00e2ncia e cust\u00f3dia de presos, quanto atividades-meio, de natureza administrativa.<\/p>\n\n\n\n<p>Entre as atividades-fim, est\u00e3o a de acompanhar e fiscalizar a movimenta\u00e7\u00e3o de presos ou internados no interior da unidade; acompanhar presos em deslocamentos diversos; realizar revistas e confer\u00eancias peri\u00f3dicas de presos.<\/p>\n\n\n\n<h4 class=\"wp-block-heading\" id=\"h-jornada-de-trabalho\">Jornada de trabalho<\/h4>\n\n\n\n<p>O Agente poder\u00e1 trabalhar em regime de plant\u00e3o (24 horas de trabalho a cada 72 horas de descanso), quando designado para a atividade-fim do \u00f3rg\u00e3o, ou em hor\u00e1rio comercial, sendo a carga hor\u00e1ria semanal de 40 horas.<\/p>\n\n\n\n<p>Al\u00e9m disso, a carreira prev\u00ea a realiza\u00e7\u00e3o de 1 hora de atividade f\u00edsica, que \u00e9 computada como uma hora de efetivo exerc\u00edcio.<\/p>\n\n\n\n<h2 class=\"wp-block-heading\" id=\"h-remuneracao-e-beneficios-da-carreira-de-agente-do-depen\">Remunera\u00e7\u00e3o e benef\u00edcios da carreira de Agente do DEPEN<\/h2>\n\n\n\n<p>A remunera\u00e7\u00e3o inicial prevista para a carreira de Agente Federal do DEPEN \u00e9 de <strong>R$ 6.030,23<\/strong>.<\/p>\n\n\n\n<p>Desse montante, R$ 4.170.63 s\u00e3o referentes ao vencimento b\u00e1sico,  R$ 1.401,60 referentes \u00e0 Gratifica\u00e7\u00e3o de Desempenho de Atividade de Agente Federal de Execu\u00e7\u00e3o Penal e R$ 458,00 referentes ao aux\u00edlio-alimenta\u00e7\u00e3o.<\/p>\n\n\n\n<figure class=\"wp-block-image\"><img decoding=\"async\" src=\"https:\/\/dhg1h5j42swfq.cloudfront.net\/2019\/03\/09202748\/Captura-de-Tela-2019-03-09-a%CC%80s-20.27.18.png\" alt=\"Estrutura remunerat\u00f3ria da carreira de Agente Federal do DEPEN\"\/><figcaption>Remunera\u00e7\u00e3o da carreira de Agente Federal do DEPEN no ano de 2018<\/figcaption><\/figure>\n\n\n\n<p>J\u00e1 a remunera\u00e7\u00e3o final chega a passar de R$10.000, o que \u00e9 bastante atrativo para os concurseiros.<\/p>\n\n\n\n<h2 class=\"wp-block-heading\" id=\"h-unidades-de-lotacao\">Unidades de Lota\u00e7\u00e3o<\/h2>\n\n\n\n<p>O candidato aprovado no concurso ter\u00e1 a sua lota\u00e7\u00e3o determinada <strong>de acordo com o interesse do \u00f3rg\u00e3o<\/strong>, podendo ser:<\/p>\n\n\n\n<ul class=\"wp-block-list\"><li>Na sede do DEPEN, em Bras\u00edlia\/DF, ou<\/li><li>Em uma das 5 penitenci\u00e1rias federais, localizadas em:<ul><li>Bras\u00edlia\/DF;<\/li><li>Campo Grande\/MS;<\/li><li>Catanduvas\/PR;<\/li><li>Mossor\u00f3\/RN; e<\/li><li>Porto Velho\/RO.<\/li><\/ul><\/li><\/ul>\n\n\n\n<h2 class=\"wp-block-heading\" id=\"h-conclusao\">Conclus\u00e3o<\/h2>\n\n\n\n<p>Trata-se de uma grande oportunidade, visto que h\u00e1 uma grande oferta de vagas. Sendo assim, estimamos que haver\u00e1 uma grande demanda em rela\u00e7\u00e3o ao cargo, com um alto n\u00famero de inscri\u00e7\u00f5es.<\/p>\n\n\n\n<p class=\"has-text-align-center\"><em>Prepare-se com o melhor material e com quem mais aprova em Concursos P\u00fablicos em todo o pa\u00eds. Assine agora a nossa Assinatura Anual e tenha acesso ilimitado* a todos os nossos cursos.<\/em><\/p>\n\n\n\n<p class=\"has-text-align-center has-vivid-green-cyan-background-color has-background\"><strong>ASSINE AGORA<\/strong>&nbsp;\u2013&nbsp;<a rel=\"noreferrer noopener\" href=\"https:\/\/www.estrategiaconcursos.com.br\/assinaturas\" target=\"_blank\"><strong>Assinatura Ilimitada<\/strong><\/a><\/p>\n\n\n\n<p class=\"has-text-align-center has-pale-cyan-blue-background-color has-background has-medium-font-size\"><strong><a href=\"https:\/\/www.estrategiaconcursos.com.br\/blog\/concursos-abertos\/\">CONCURSOS ABERTOS<\/a><\/strong><\/p>\n\n\n\n<p class=\"has-text-align-center has-pale-cyan-blue-background-color has-background has-medium-font-size\"><a href=\"https:\/\/www.estrategiaconcursos.com.br\/blog\/concursos-2020\/\"><strong>CONCURSOS<\/strong><\/a><strong><a href=\"https:\/\/www.estrategiaconcursos.com.br\/blog\/concursos-2020\/\">&nbsp;2020<\/a><\/strong><\/p>\n","protected":false},"excerpt":{"rendered":"<p>Nesse artigo, abordaremos os principais aspectos acerca da carreira de Agente Federal do DEPEN. Ol\u00e1, futuros concursados desse Brasil! No dia 04 de maio, foi publicado o edital do concurso do DEPEN (Departamento Penitenci\u00e1rio Nacional). O concurso ser\u00e1 realizado pelo Cebraspe, com aplica\u00e7\u00e3o de provas prevista para o dia 06\/09. Muito aguardado por muitos concurseiros [&hellip;]<\/p>\n","protected":false},"author":1665,"featured_media":121791,"comment_status":"open","ping_status":"closed","sticky":false,"template":"","format":"standard","meta":{"post_tipo":"article","footnotes":""},"categories":[1988],"tags":[186074,3364,641],"tax_estado":[],"class_list":["post-510779","post","type-post","status-publish","format-standard","has-post-thumbnail","hentry","category-policia","tag-agente-federal-de-execucao-penal","tag-area-policial","tag-depen"],"acf":[],"yoast_head":"<!-- This site is optimized with the Yoast SEO Premium plugin v27.2 (Yoast SEO v27.2) - https:\/\/yoast.com\/product\/yoast-seo-premium-wordpress\/ -->\n<title>Conhe\u00e7a a Carreira de Agente Federal do DEPEN!<\/title>\n<meta name=\"description\" content=\"Nesse artigo, abordamos os aspectos mais relevantes em rela\u00e7\u00e3o \u00e0 carreira de Agente Federal de Execu\u00e7\u00e3o Penal do DEPEN, que tem edital publicado\" \/>\n<meta name=\"robots\" content=\"index, follow, max-snippet:-1, max-image-preview:large, max-video-preview:-1\" \/>\n<link rel=\"canonical\" href=\"https:\/\/www.estrategiaconcursos.com.br\/blog\/conheca-a-carreira-de-agente-federal-do-depen\/\" \/>\n<meta property=\"og:locale\" content=\"pt_BR\" \/>\n<meta property=\"og:type\" content=\"article\" \/>\n<meta property=\"og:title\" content=\"Conhe\u00e7a a Carreira de Agente Federal do DEPEN!\" \/>\n<meta property=\"og:description\" content=\"Nesse artigo, abordamos os aspectos mais relevantes em rela\u00e7\u00e3o \u00e0 carreira de Agente Federal de Execu\u00e7\u00e3o Penal do DEPEN, que tem edital publicado\" \/>\n<meta property=\"og:url\" content=\"https:\/\/www.estrategiaconcursos.com.br\/blog\/conheca-a-carreira-de-agente-federal-do-depen\/\" \/>\n<meta property=\"og:site_name\" content=\"Estrat\u00e9gia Concursos\" \/>\n<meta property=\"article:published_time\" content=\"2020-05-11T14:51:54+00:00\" \/>\n<meta property=\"article:modified_time\" content=\"2022-10-11T13:27:26+00:00\" \/>\n<meta property=\"og:image\" content=\"https:\/\/dhg1h5j42swfq.cloudfront.net\/2018\/05\/18173406\/5-e1589575533851.jpg\" \/>\n\t<meta property=\"og:image:width\" content=\"1200\" \/>\n\t<meta property=\"og:image:height\" content=\"555\" \/>\n\t<meta property=\"og:image:type\" content=\"image\/jpeg\" \/>\n<meta name=\"author\" content=\"Julia Soares de Moura Figueira de Mello\" \/>\n<meta name=\"twitter:card\" content=\"summary_large_image\" \/>\n<meta name=\"twitter:creator\" content=\"@EstratConcursos\" \/>\n<meta name=\"twitter:site\" content=\"@EstratConcursos\" \/>\n<meta name=\"twitter:label1\" content=\"Escrito por\" \/>\n\t<meta name=\"twitter:data1\" content=\"Julia Soares de Moura Figueira de Mello\" \/>\n\t<meta name=\"twitter:label2\" content=\"Est. tempo de leitura\" \/>\n\t<meta name=\"twitter:data2\" content=\"4 minutos\" \/>\n<script type=\"application\/ld+json\" class=\"yoast-schema-graph\">{\"@context\":\"https:\/\/schema.org\",\"@graph\":[{\"@type\":\"NewsArticle\",\"@id\":\"https:\/\/www.estrategiaconcursos.com.br\/blog\/conheca-a-carreira-de-agente-federal-do-depen\/#article\",\"isPartOf\":{\"@id\":\"https:\/\/www.estrategiaconcursos.com.br\/blog\/conheca-a-carreira-de-agente-federal-do-depen\/\"},\"author\":{\"name\":\"Julia Soares de Moura Figueira de Mello\",\"@id\":\"https:\/\/www.estrategiaconcursos.com.br\/blog\/#\/schema\/person\/e519d9d6b4f0c774885b1c112e74e778\"},\"headline\":\"Conhe\u00e7a a Carreira de Agente Federal do DEPEN!\",\"datePublished\":\"2020-05-11T14:51:54+00:00\",\"dateModified\":\"2022-10-11T13:27:26+00:00\",\"mainEntityOfPage\":{\"@id\":\"https:\/\/www.estrategiaconcursos.com.br\/blog\/conheca-a-carreira-de-agente-federal-do-depen\/\"},\"wordCount\":807,\"commentCount\":1,\"publisher\":{\"@id\":\"https:\/\/www.estrategiaconcursos.com.br\/blog\/#organization\"},\"image\":{\"@id\":\"https:\/\/www.estrategiaconcursos.com.br\/blog\/conheca-a-carreira-de-agente-federal-do-depen\/#primaryimage\"},\"thumbnailUrl\":\"https:\/\/dhg1h5j42swfq.cloudfront.net\/2018\/05\/18173406\/5-e1589575533851.jpg\",\"keywords\":[\"agente federal de execu\u00e7\u00e3o penal\",\"\u00e1rea policial\",\"DEPEN\"],\"articleSection\":[\"Policial (Agente, Escriv\u00e3o e Investigador)\"],\"inLanguage\":\"pt-BR\",\"potentialAction\":[{\"@type\":\"CommentAction\",\"name\":\"Comment\",\"target\":[\"https:\/\/www.estrategiaconcursos.com.br\/blog\/conheca-a-carreira-de-agente-federal-do-depen\/#respond\"]}],\"copyrightYear\":\"2020\",\"copyrightHolder\":{\"@id\":\"https:\/\/www.estrategiaconcursos.com.br\/blog\/#organization\"}},{\"@type\":\"WebPage\",\"@id\":\"https:\/\/www.estrategiaconcursos.com.br\/blog\/conheca-a-carreira-de-agente-federal-do-depen\/\",\"url\":\"https:\/\/www.estrategiaconcursos.com.br\/blog\/conheca-a-carreira-de-agente-federal-do-depen\/\",\"name\":\"Conhe\u00e7a a Carreira de Agente Federal do DEPEN!\",\"isPartOf\":{\"@id\":\"https:\/\/www.estrategiaconcursos.com.br\/blog\/#website\"},\"primaryImageOfPage\":{\"@id\":\"https:\/\/www.estrategiaconcursos.com.br\/blog\/conheca-a-carreira-de-agente-federal-do-depen\/#primaryimage\"},\"image\":{\"@id\":\"https:\/\/www.estrategiaconcursos.com.br\/blog\/conheca-a-carreira-de-agente-federal-do-depen\/#primaryimage\"},\"thumbnailUrl\":\"https:\/\/dhg1h5j42swfq.cloudfront.net\/2018\/05\/18173406\/5-e1589575533851.jpg\",\"datePublished\":\"2020-05-11T14:51:54+00:00\",\"dateModified\":\"2022-10-11T13:27:26+00:00\",\"description\":\"Nesse artigo, abordamos os aspectos mais relevantes em rela\u00e7\u00e3o \u00e0 carreira de Agente Federal de Execu\u00e7\u00e3o Penal do DEPEN, que tem edital publicado\",\"breadcrumb\":{\"@id\":\"https:\/\/www.estrategiaconcursos.com.br\/blog\/conheca-a-carreira-de-agente-federal-do-depen\/#breadcrumb\"},\"inLanguage\":\"pt-BR\",\"potentialAction\":[{\"@type\":\"ReadAction\",\"target\":[\"https:\/\/www.estrategiaconcursos.com.br\/blog\/conheca-a-carreira-de-agente-federal-do-depen\/\"]}]},{\"@type\":\"ImageObject\",\"inLanguage\":\"pt-BR\",\"@id\":\"https:\/\/www.estrategiaconcursos.com.br\/blog\/conheca-a-carreira-de-agente-federal-do-depen\/#primaryimage\",\"url\":\"https:\/\/dhg1h5j42swfq.cloudfront.net\/2018\/05\/18173406\/5-e1589575533851.jpg\",\"contentUrl\":\"https:\/\/dhg1h5j42swfq.cloudfront.net\/2018\/05\/18173406\/5-e1589575533851.jpg\",\"width\":1200,\"height\":555,\"caption\":\"concurso depen\"},{\"@type\":\"BreadcrumbList\",\"@id\":\"https:\/\/www.estrategiaconcursos.com.br\/blog\/conheca-a-carreira-de-agente-federal-do-depen\/#breadcrumb\",\"itemListElement\":[{\"@type\":\"ListItem\",\"position\":1,\"name\":\"In\u00edcio\",\"item\":\"https:\/\/www.estrategiaconcursos.com.br\/blog\/\"},{\"@type\":\"ListItem\",\"position\":2,\"name\":\"Conhe\u00e7a a Carreira de Agente Federal do DEPEN!\"}]},{\"@type\":\"WebSite\",\"@id\":\"https:\/\/www.estrategiaconcursos.com.br\/blog\/#website\",\"url\":\"https:\/\/www.estrategiaconcursos.com.br\/blog\/\",\"name\":\"Estrat\u00e9gia Concursos\",\"description\":\"O blog da Estrat\u00e9gia Concursos traz not\u00edcias sobre concursos e artigos de professores oferecendo cursos para concursos (pdf + videaulas) no site.\",\"publisher\":{\"@id\":\"https:\/\/www.estrategiaconcursos.com.br\/blog\/#organization\"},\"potentialAction\":[{\"@type\":\"SearchAction\",\"target\":{\"@type\":\"EntryPoint\",\"urlTemplate\":\"https:\/\/www.estrategiaconcursos.com.br\/blog\/?s={search_term_string}\"},\"query-input\":{\"@type\":\"PropertyValueSpecification\",\"valueRequired\":true,\"valueName\":\"search_term_string\"}}],\"inLanguage\":\"pt-BR\"},{\"@type\":\"Organization\",\"@id\":\"https:\/\/www.estrategiaconcursos.com.br\/blog\/#organization\",\"name\":\"Estrat\u00e9gia Concursos\",\"url\":\"https:\/\/www.estrategiaconcursos.com.br\/blog\/\",\"logo\":{\"@type\":\"ImageObject\",\"inLanguage\":\"pt-BR\",\"@id\":\"https:\/\/www.estrategiaconcursos.com.br\/blog\/#\/schema\/logo\/image\/\",\"url\":\"https:\/\/dhg1h5j42swfq.cloudfront.net\/2025\/06\/03203428\/logo_concursos-1.jpg\",\"contentUrl\":\"https:\/\/dhg1h5j42swfq.cloudfront.net\/2025\/06\/03203428\/logo_concursos-1.jpg\",\"width\":230,\"height\":60,\"caption\":\"Estrat\u00e9gia Concursos\"},\"image\":{\"@id\":\"https:\/\/www.estrategiaconcursos.com.br\/blog\/#\/schema\/logo\/image\/\"},\"sameAs\":[\"https:\/\/x.com\/EstratConcursos\"]},{\"@type\":\"Person\",\"@id\":\"https:\/\/www.estrategiaconcursos.com.br\/blog\/#\/schema\/person\/e519d9d6b4f0c774885b1c112e74e778\",\"name\":\"Julia Soares de Moura Figueira de Mello\",\"image\":{\"@type\":\"ImageObject\",\"inLanguage\":\"pt-BR\",\"@id\":\"https:\/\/secure.gravatar.com\/avatar\/3758e24b00ebe7fc702fe3c12bc5c846a1a73a782161f87a34d6d3f9f3cadb77?s=96&d=mm&r=g\",\"url\":\"https:\/\/secure.gravatar.com\/avatar\/3758e24b00ebe7fc702fe3c12bc5c846a1a73a782161f87a34d6d3f9f3cadb77?s=96&d=mm&r=g\",\"contentUrl\":\"https:\/\/secure.gravatar.com\/avatar\/3758e24b00ebe7fc702fe3c12bc5c846a1a73a782161f87a34d6d3f9f3cadb77?s=96&d=mm&r=g\",\"caption\":\"Julia Soares de Moura Figueira de Mello\"},\"description\":\"Graduada em Ci\u00eancias Biol\u00f3gicas pela Universidade do Estado do Rio de Janeiro (UERJ), em 2018. Aprovada em 2\u00b0 lugar no concurso do TRF da 3a Regi\u00e3o, para o cargo de T\u00e9cnico Judici\u00e1rio.\",\"url\":\"https:\/\/www.estrategiaconcursos.com.br\/blog\/author\/julia_mello_21hotmail-com\/\"}]}<\/script>\n<!-- \/ Yoast SEO Premium plugin. -->","yoast_head_json":{"title":"Conhe\u00e7a a Carreira de Agente Federal do DEPEN!","description":"Nesse artigo, abordamos os aspectos mais relevantes em rela\u00e7\u00e3o \u00e0 carreira de Agente Federal de Execu\u00e7\u00e3o Penal do DEPEN, que tem edital publicado","robots":{"index":"index","follow":"follow","max-snippet":"max-snippet:-1","max-image-preview":"max-image-preview:large","max-video-preview":"max-video-preview:-1"},"canonical":"https:\/\/www.estrategiaconcursos.com.br\/blog\/conheca-a-carreira-de-agente-federal-do-depen\/","og_locale":"pt_BR","og_type":"article","og_title":"Conhe\u00e7a a Carreira de Agente Federal do DEPEN!","og_description":"Nesse artigo, abordamos os aspectos mais relevantes em rela\u00e7\u00e3o \u00e0 carreira de Agente Federal de Execu\u00e7\u00e3o Penal do DEPEN, que tem edital publicado","og_url":"https:\/\/www.estrategiaconcursos.com.br\/blog\/conheca-a-carreira-de-agente-federal-do-depen\/","og_site_name":"Estrat\u00e9gia Concursos","article_published_time":"2020-05-11T14:51:54+00:00","article_modified_time":"2022-10-11T13:27:26+00:00","og_image":[{"width":1200,"height":555,"url":"https:\/\/dhg1h5j42swfq.cloudfront.net\/2018\/05\/18173406\/5-e1589575533851.jpg","type":"image\/jpeg"}],"author":"Julia Soares de Moura Figueira de Mello","twitter_card":"summary_large_image","twitter_creator":"@EstratConcursos","twitter_site":"@EstratConcursos","twitter_misc":{"Escrito por":"Julia Soares de Moura Figueira de Mello","Est. tempo de leitura":"4 minutos"},"schema":{"@context":"https:\/\/schema.org","@graph":[{"@type":"NewsArticle","@id":"https:\/\/www.estrategiaconcursos.com.br\/blog\/conheca-a-carreira-de-agente-federal-do-depen\/#article","isPartOf":{"@id":"https:\/\/www.estrategiaconcursos.com.br\/blog\/conheca-a-carreira-de-agente-federal-do-depen\/"},"author":{"name":"Julia Soares de Moura Figueira de Mello","@id":"https:\/\/www.estrategiaconcursos.com.br\/blog\/#\/schema\/person\/e519d9d6b4f0c774885b1c112e74e778"},"headline":"Conhe\u00e7a a Carreira de Agente Federal do DEPEN!","datePublished":"2020-05-11T14:51:54+00:00","dateModified":"2022-10-11T13:27:26+00:00","mainEntityOfPage":{"@id":"https:\/\/www.estrategiaconcursos.com.br\/blog\/conheca-a-carreira-de-agente-federal-do-depen\/"},"wordCount":807,"commentCount":1,"publisher":{"@id":"https:\/\/www.estrategiaconcursos.com.br\/blog\/#organization"},"image":{"@id":"https:\/\/www.estrategiaconcursos.com.br\/blog\/conheca-a-carreira-de-agente-federal-do-depen\/#primaryimage"},"thumbnailUrl":"https:\/\/dhg1h5j42swfq.cloudfront.net\/2018\/05\/18173406\/5-e1589575533851.jpg","keywords":["agente federal de execu\u00e7\u00e3o penal","\u00e1rea policial","DEPEN"],"articleSection":["Policial (Agente, Escriv\u00e3o e Investigador)"],"inLanguage":"pt-BR","potentialAction":[{"@type":"CommentAction","name":"Comment","target":["https:\/\/www.estrategiaconcursos.com.br\/blog\/conheca-a-carreira-de-agente-federal-do-depen\/#respond"]}],"copyrightYear":"2020","copyrightHolder":{"@id":"https:\/\/www.estrategiaconcursos.com.br\/blog\/#organization"}},{"@type":"WebPage","@id":"https:\/\/www.estrategiaconcursos.com.br\/blog\/conheca-a-carreira-de-agente-federal-do-depen\/","url":"https:\/\/www.estrategiaconcursos.com.br\/blog\/conheca-a-carreira-de-agente-federal-do-depen\/","name":"Conhe\u00e7a a Carreira de Agente Federal do DEPEN!","isPartOf":{"@id":"https:\/\/www.estrategiaconcursos.com.br\/blog\/#website"},"primaryImageOfPage":{"@id":"https:\/\/www.estrategiaconcursos.com.br\/blog\/conheca-a-carreira-de-agente-federal-do-depen\/#primaryimage"},"image":{"@id":"https:\/\/www.estrategiaconcursos.com.br\/blog\/conheca-a-carreira-de-agente-federal-do-depen\/#primaryimage"},"thumbnailUrl":"https:\/\/dhg1h5j42swfq.cloudfront.net\/2018\/05\/18173406\/5-e1589575533851.jpg","datePublished":"2020-05-11T14:51:54+00:00","dateModified":"2022-10-11T13:27:26+00:00","description":"Nesse artigo, abordamos os aspectos mais relevantes em rela\u00e7\u00e3o \u00e0 carreira de Agente Federal de Execu\u00e7\u00e3o Penal do DEPEN, que tem edital publicado","breadcrumb":{"@id":"https:\/\/www.estrategiaconcursos.com.br\/blog\/conheca-a-carreira-de-agente-federal-do-depen\/#breadcrumb"},"inLanguage":"pt-BR","potentialAction":[{"@type":"ReadAction","target":["https:\/\/www.estrategiaconcursos.com.br\/blog\/conheca-a-carreira-de-agente-federal-do-depen\/"]}]},{"@type":"ImageObject","inLanguage":"pt-BR","@id":"https:\/\/www.estrategiaconcursos.com.br\/blog\/conheca-a-carreira-de-agente-federal-do-depen\/#primaryimage","url":"https:\/\/dhg1h5j42swfq.cloudfront.net\/2018\/05\/18173406\/5-e1589575533851.jpg","contentUrl":"https:\/\/dhg1h5j42swfq.cloudfront.net\/2018\/05\/18173406\/5-e1589575533851.jpg","width":1200,"height":555,"caption":"concurso depen"},{"@type":"BreadcrumbList","@id":"https:\/\/www.estrategiaconcursos.com.br\/blog\/conheca-a-carreira-de-agente-federal-do-depen\/#breadcrumb","itemListElement":[{"@type":"ListItem","position":1,"name":"In\u00edcio","item":"https:\/\/www.estrategiaconcursos.com.br\/blog\/"},{"@type":"ListItem","position":2,"name":"Conhe\u00e7a a Carreira de Agente Federal do DEPEN!"}]},{"@type":"WebSite","@id":"https:\/\/www.estrategiaconcursos.com.br\/blog\/#website","url":"https:\/\/www.estrategiaconcursos.com.br\/blog\/","name":"Estrat\u00e9gia Concursos","description":"O blog da Estrat\u00e9gia Concursos traz not\u00edcias sobre concursos e artigos de professores oferecendo cursos para concursos (pdf + videaulas) no site.","publisher":{"@id":"https:\/\/www.estrategiaconcursos.com.br\/blog\/#organization"},"potentialAction":[{"@type":"SearchAction","target":{"@type":"EntryPoint","urlTemplate":"https:\/\/www.estrategiaconcursos.com.br\/blog\/?s={search_term_string}"},"query-input":{"@type":"PropertyValueSpecification","valueRequired":true,"valueName":"search_term_string"}}],"inLanguage":"pt-BR"},{"@type":"Organization","@id":"https:\/\/www.estrategiaconcursos.com.br\/blog\/#organization","name":"Estrat\u00e9gia Concursos","url":"https:\/\/www.estrategiaconcursos.com.br\/blog\/","logo":{"@type":"ImageObject","inLanguage":"pt-BR","@id":"https:\/\/www.estrategiaconcursos.com.br\/blog\/#\/schema\/logo\/image\/","url":"https:\/\/dhg1h5j42swfq.cloudfront.net\/2025\/06\/03203428\/logo_concursos-1.jpg","contentUrl":"https:\/\/dhg1h5j42swfq.cloudfront.net\/2025\/06\/03203428\/logo_concursos-1.jpg","width":230,"height":60,"caption":"Estrat\u00e9gia Concursos"},"image":{"@id":"https:\/\/www.estrategiaconcursos.com.br\/blog\/#\/schema\/logo\/image\/"},"sameAs":["https:\/\/x.com\/EstratConcursos"]},{"@type":"Person","@id":"https:\/\/www.estrategiaconcursos.com.br\/blog\/#\/schema\/person\/e519d9d6b4f0c774885b1c112e74e778","name":"Julia Soares de Moura Figueira de Mello","image":{"@type":"ImageObject","inLanguage":"pt-BR","@id":"https:\/\/secure.gravatar.com\/avatar\/3758e24b00ebe7fc702fe3c12bc5c846a1a73a782161f87a34d6d3f9f3cadb77?s=96&d=mm&r=g","url":"https:\/\/secure.gravatar.com\/avatar\/3758e24b00ebe7fc702fe3c12bc5c846a1a73a782161f87a34d6d3f9f3cadb77?s=96&d=mm&r=g","contentUrl":"https:\/\/secure.gravatar.com\/avatar\/3758e24b00ebe7fc702fe3c12bc5c846a1a73a782161f87a34d6d3f9f3cadb77?s=96&d=mm&r=g","caption":"Julia Soares de Moura Figueira de Mello"},"description":"Graduada em Ci\u00eancias Biol\u00f3gicas pela Universidade do Estado do Rio de Janeiro (UERJ), em 2018. Aprovada em 2\u00b0 lugar no concurso do TRF da 3a Regi\u00e3o, para o cargo de T\u00e9cnico Judici\u00e1rio.","url":"https:\/\/www.estrategiaconcursos.com.br\/blog\/author\/julia_mello_21hotmail-com\/"}]}},"_links":{"self":[{"href":"https:\/\/www.estrategiaconcursos.com.br\/blog\/wp-json\/wp\/v2\/posts\/510779","targetHints":{"allow":["GET"]}}],"collection":[{"href":"https:\/\/www.estrategiaconcursos.com.br\/blog\/wp-json\/wp\/v2\/posts"}],"about":[{"href":"https:\/\/www.estrategiaconcursos.com.br\/blog\/wp-json\/wp\/v2\/types\/post"}],"author":[{"embeddable":true,"href":"https:\/\/www.estrategiaconcursos.com.br\/blog\/wp-json\/wp\/v2\/users\/1665"}],"replies":[{"embeddable":true,"href":"https:\/\/www.estrategiaconcursos.com.br\/blog\/wp-json\/wp\/v2\/comments?post=510779"}],"version-history":[{"count":15,"href":"https:\/\/www.estrategiaconcursos.com.br\/blog\/wp-json\/wp\/v2\/posts\/510779\/revisions"}],"predecessor-version":[{"id":1108035,"href":"https:\/\/www.estrategiaconcursos.com.br\/blog\/wp-json\/wp\/v2\/posts\/510779\/revisions\/1108035"}],"wp:featuredmedia":[{"embeddable":true,"href":"https:\/\/www.estrategiaconcursos.com.br\/blog\/wp-json\/wp\/v2\/media\/121791"}],"wp:attachment":[{"href":"https:\/\/www.estrategiaconcursos.com.br\/blog\/wp-json\/wp\/v2\/media?parent=510779"}],"wp:term":[{"taxonomy":"category","embeddable":true,"href":"https:\/\/www.estrategiaconcursos.com.br\/blog\/wp-json\/wp\/v2\/categories?post=510779"},{"taxonomy":"post_tag","embeddable":true,"href":"https:\/\/www.estrategiaconcursos.com.br\/blog\/wp-json\/wp\/v2\/tags?post=510779"},{"taxonomy":"tax_estado","embeddable":true,"href":"https:\/\/www.estrategiaconcursos.com.br\/blog\/wp-json\/wp\/v2\/tax_estado?post=510779"}],"curies":[{"name":"wp","href":"https:\/\/api.w.org\/{rel}","templated":true}]}}