{"id":510355,"date":"2020-05-09T00:15:00","date_gmt":"2020-05-09T03:15:00","guid":{"rendered":"https:\/\/www.estrategiaconcursos.com.br\/blog\/?p=510355"},"modified":"2022-11-16T19:04:00","modified_gmt":"2022-11-16T22:04:00","slug":"edital-depen","status":"publish","type":"post","link":"https:\/\/www.estrategiaconcursos.com.br\/blog\/edital-depen\/","title":{"rendered":"Edital DEPEN: Provas suspensas! S\u00e3o 309 vagas para m\u00e9dio e superior!"},"content":{"rendered":"\n<p style=\"font-size:clamp(16.293px, 1.018rem + ((1vw - 3.2px) * 0.854), 25px);px\"><em>Edital Depen ter\u00e1 provas realizadas em 06 de setembro de 2020<\/em><\/p>\n\n\n\n<p>Foi publicado em 05 de maio de 2020, um novo edital Depen, com oferta de <strong>309 vagas imediatas<\/strong>, para os cargos de Agente Federal de Execu\u00e7\u00e3o Penal (m\u00e9dio) e Especialista Federal em Assist\u00eancia \u00e0 Execu\u00e7\u00e3o Penal (superior).<\/p>\n\n\n\n<p>As provas estavam previstas para 06 de setembro, mas devido a pandemia de Covid-19, o Departamento decidiu por suspender a realiza\u00e7\u00e3o da etapa.<\/p>\n\n\n\n<p>Os candidatos interessados no Edital Depen puderam se inscrever por meio do site do <strong>Cebraspe<\/strong>, banca organizadora do concurso, entre os dias 15 de maio e 05 de junho de 2020, ao custo de <strong>R$ 120,00 <\/strong>(n\u00edvel m\u00e9dio) e <strong>R$ 130,00<\/strong> (n\u00edvel superior)<strong>.<\/strong><\/p>\n\n\n\n<p>Neste artigo voc\u00ea encontrar\u00e1 tudo o que precisa saber sobre o edital do concurso Depen. Nosso objetivo \u00e9 deixar voc\u00ea&nbsp;<strong><em>100% atualizado<\/em><\/strong>. Acompanhe pelos t\u00f3picos a seguir:<\/p>\n\n\n\n<ul class=\"wp-block-list\"><li><a href=\"#analise-depen\"><strong><em>An\u00e1lise Edital:<\/em><\/strong><\/a><\/li><li><em><strong><a href=\"#datas\">Principais datas:<\/a>   <\/strong><\/em><\/li><li><em><strong><a href=\"#cargos\">Cargos, vagas e remunera\u00e7\u00f5es:<\/a><\/strong><\/em><\/li><li><em><strong><a href=\"#etapas\">Etapas do concurso:<\/a><\/strong><\/em><\/li><li><strong><em><a href=\"#edital\">Edital Estrat\u00e9gico:<\/a><\/em><\/strong><em><strong>  <\/strong><\/em><\/li><li><a href=\"#ficha\"><em><strong>Ficha t\u00e9cnica<\/strong><\/em>:<\/a><\/li><\/ul>\n\n\n\n<h2 class=\"wp-block-heading\" id=\"datas\">Principais informa\u00e7\u00f5es e datas do Edital DEPEN<\/h2>\n\n\n\n<p class=\"has-very-light-gray-background-color has-background\"><strong>Inscri\u00e7\u00f5es:<\/strong> <s>15 de maio a 05 de junho de 2020<\/s><br \/><strong>Isen\u00e7\u00e3o:<\/strong> <s>15 de maio a 05 de junho<\/s><br \/><strong>Taxas:<\/strong> R$ 120,00 e R$ 130,00<br \/><strong>Prova:<\/strong> <s>06 de setembro de 2020<\/s> SUSPENSO<\/p>\n\n\n\n<h2 class=\"wp-block-heading\" id=\"cargos\">Cargos, vagas e remunera\u00e7\u00f5es do Edital DEPEN<\/h2>\n\n\n\n<figure class=\"wp-block-table is-style-stripes\"><table class=\"has-background\" style=\"background-color:#e9fbe5\"><tbody><tr><td><strong>Cargo\/\u00e1rea<\/strong><\/td><td><strong>AC<\/strong><\/td><td><strong>Negros<\/strong><\/td><td><strong>PcD<\/strong><\/td><td><strong>Total<\/strong><\/td><\/tr><tr><td>Cargo 1: Especialista Federal em Assist\u00eancia \u00e0 Execu\u00e7\u00e3o Penal &#8211; \u00c1rea: Enfermagem<\/td><td>6<\/td><td>2<\/td><td>1<\/td><td>9<\/td><\/tr><tr><td>Cargo 2: Especialista Federal em Assist\u00eancia \u00e0 Execu\u00e7\u00e3o Penal &#8211; \u00c1rea: M\u00e9dico Cl\u00ednico<\/td><td>1<\/td><td>*<\/td><td>**<\/td><td>1<\/td><\/tr><tr><td>Cargo 3: Especialista Federal em Assist\u00eancia \u00e0 Execu\u00e7\u00e3o Penal &#8211; \u00c1rea: M\u00e9dico Psiquiatra<\/td><td>1<\/td><td>*<\/td><td>**<\/td><td>1<\/td><\/tr><tr><td>Cargo 4: Especialista Federal em Assist\u00eancia \u00e0 Execu\u00e7\u00e3o Penal &#8211; \u00c1rea: Odontologia<\/td><td>1<\/td><td>*<\/td><td>**<\/td><td>1<\/td><\/tr><tr><td>Cargo 5: Especialista Federal em Assist\u00eancia \u00e0 Execu\u00e7\u00e3o Penal &#8211; \u00c1rea: Psicologia<\/td><td>1<\/td><td>*<\/td><td>**<\/td><td>1<\/td><\/tr><tr><td>Cargo 6: Especialista Federal em Assist\u00eancia \u00e0 Execu\u00e7\u00e3o Penal &#8211; \u00c1rea: Servi\u00e7o Social<\/td><td>1<\/td><td>*<\/td><td>**<\/td><td>1<\/td><\/tr><tr><td>Cargo 7: Especialista Federal em Assist\u00eancia \u00e0 Execu\u00e7\u00e3o Penal &#8211; \u00c1rea: Terapia Ocupacional<\/td><td>1<\/td><td>*<\/td><td>**<\/td><td>1<\/td><\/tr><tr><td>Cargo 8: Agente Federal de Execu\u00e7\u00e3o Penal<\/td><td>220<\/td><td>59<\/td><td>15<\/td><td>294<\/td><\/tr><\/tbody><\/table><\/figure>\n\n\n\n<figure class=\"wp-block-table is-style-stripes\"><table class=\"has-background\" style=\"background-color:#e7f5fe\"><tbody><tr><td class=\"has-text-align-center\" data-align=\"center\"><strong>Cargo<\/strong><\/td><td class=\"has-text-align-center\" data-align=\"center\"><strong>Vagas<\/strong><\/td><td class=\"has-text-align-center\" data-align=\"center\"><strong>Remunera\u00e7\u00e3o<\/strong><\/td><td class=\"has-text-align-center\" data-align=\"center\"><strong>Requisitos b\u00e1sicos<\/strong><\/td><\/tr><tr><td class=\"has-text-align-center\" data-align=\"center\">Agente Federal de Execu\u00e7\u00e3o Penal<\/td><td class=\"has-text-align-center\" data-align=\"center\">294 vagas<\/td><td class=\"has-text-align-center\" data-align=\"center\"> R$ 6.030,23 (R$ 4.170.63 referentes ao vencimento b\u00e1sico, acrescida de R$ 1.401,60 referentes \u00e0 Gratifica\u00e7\u00e3o de Desempenho de Atividade de Agente<br \/>Federal de Execu\u00e7\u00e3o Penal, de que trata a de que trata a Lei n\u00ba 11.907, de 2009 e de R$ 458,00 referentes ao aux\u00edlio- alimenta\u00e7\u00e3o). <\/td><td class=\"has-text-align-center\" data-align=\"center\">Certificado, devidamente registrado, de conclus\u00e3o de curso de n\u00edvel m\u00e9dio, fornecido por institui\u00e7\u00e3o de ensino reconhecida pelo \u00f3rg\u00e3o competente, e Carteira<br \/>Nacional de Habilita\u00e7\u00e3o ou permiss\u00e3o para conduzir ve\u00edculos automotores de, no m\u00ednimo, categoria &#8220;B&#8221;, v\u00e1lida e sem impedimentos, e que n\u00e3o possua observa\u00e7\u00e3o de adapta\u00e7\u00e3o veicular<br \/>ou restri\u00e7\u00e3o de locais e(ou) hor\u00e1rio para dirigir<\/td><\/tr><tr><td class=\"has-text-align-center\" data-align=\"center\">Especialista Federal em Assist\u00eancia \u00e0 Execu\u00e7\u00e3o Penal (diversas especialidades)<\/td><td class=\"has-text-align-center\" data-align=\"center\">15 vagas<\/td><td class=\"has-text-align-center\" data-align=\"center\"> R$ 5.865,70 (R$ 4.361,30 referentes ao vencimento b\u00e1sico,<br \/>acrescido de R$ 1.046,40 referentes \u00e0 Gratifica\u00e7\u00e3o de Desempenho de Atividade de<br \/>Assist\u00eancia Especializada, de que trata a Lei n\u00ba 11.907\/2009, e de R$ 458,00 referentes ao<br \/>aux\u00edlio-alimenta\u00e7\u00e3o)<\/td><td class=\"has-text-align-center\" data-align=\"center\">Diploma, devidamente registrado e  fornecido por institui\u00e7\u00e3o de ensino superior reconhecida pelo<br \/>MEC, e registro no respectivo \u00f3rg\u00e3o de classe<\/td><\/tr><\/tbody><\/table><\/figure>\n\n\n\n<h2 class=\"wp-block-heading\">Lota\u00e7\u00e3o <\/h2>\n\n\n\n<p>Logo depois, os candidatos ser\u00e3o lotados na Sede do DEPEN, em Bras\u00edlia\/DF, ou em uma das cinco penitenci\u00e1rias federais, localizadas nas cidades de Bras\u00edlia\/DF, Campo Grande\/MS, Catanduvas\/PR, Mossor\u00f3\/RN e Porto Velho\/RO, de acordo com o interesse e a necessidade da administra\u00e7\u00e3o.<\/p>\n\n\n\n<h2 class=\"wp-block-heading\" id=\"etapas\">Etapas do Edital DEPEN<\/h2>\n\n\n\n<p>O concurso Depen,  Departamento Penitenci\u00e1rio Nacional, ser\u00e1 constitu\u00eddo por 2 fases e <strong>8 <\/strong>etapas: <\/p>\n\n\n\n<p><strong>Fase 1 &#8211;<\/strong> Prova Objetiva, Prova Discursiva, TAF, Avalia\u00e7\u00e3o M\u00e9dica, Avalia\u00e7\u00e3o Psicol\u00f3gica e Investiga\u00e7\u00e3o Social. <\/p>\n\n\n\n<p><strong>Fase 2 &#8211;<\/strong> Curso de Forma\u00e7\u00e3o<\/p>\n\n\n\n<p>Confira a seguir os detalhes das principais etapas do certame.<\/p>\n\n\n\n<h3 class=\"wp-block-heading\">Prova Objetiva e Discursiva<\/h3>\n\n\n\n<p>As Provas Objetiva e Discursiva ter\u00e3o dura\u00e7\u00e3o de 4 horas e 30 minutos e ser\u00e3o aplicadas na data prov\u00e1vel de 06 de setembro de 2020. <\/p>\n\n\n\n<p>De car\u00e1ter eliminat\u00f3rio e classificat\u00f3rio, a etapa valer\u00e1 120,00 pontos, sendo constitu\u00edda por quest\u00f5es do tipo CERTO ou ERRADO. O campo designado com o c\u00f3digo C dever\u00e1 ser preenchido pelo candidato, caso julgue o item CERTO, e o campo designado com o c\u00f3digo E dever\u00e1 ser preenchido pelo candidato, caso julgue o item ERRADO.<\/p>\n\n\n\n<h4 class=\"wp-block-heading\">Especialista Federal em Assist\u00eancia \u00e0 Execu\u00e7\u00e3o Penal <\/h4>\n\n\n\n<figure class=\"wp-block-table is-style-stripes\"><table><tbody><tr><\/tr><tr><td><strong>Etapa<\/strong><\/td><td><strong>Prova\/tipo<\/strong><\/td><td><strong>N\u00famero de itens<\/strong><\/td><td><strong>Car\u00e1ter<\/strong><\/td><\/tr><tr><td><strong>Primeira etapa<\/strong><\/td><td>(P1) Objetiva<\/td><td>Conhecimentos b\u00e1sicos<\/td><td>40<\/td><td>Eliminat\u00f3rio e classificat\u00f3rio<\/td><\/tr><tr><td>&nbsp;<\/td><td>(P2) Objetiva<\/td><td>Conhecimentos espec\u00edficos<\/td><td>50<\/td><td>&nbsp;<\/td><\/tr><tr><td>&nbsp;<\/td><td>(P3) Objetiva<\/td><td>Conhecimentos Complementares<\/td><td>30<\/td><td>&nbsp;<\/td><\/tr><tr><td>&nbsp;<\/td><td>(P4) Discursiva<\/td><td>Texto dissertativo de at\u00e9 30 linhas<\/td><td>&nbsp;<\/td><\/tr><tr><td>&nbsp;<\/td><td>Exame de aptid\u00e3o f\u00edsica<\/td><td>&#8211;<\/td><td>Eliminat\u00f3rio<\/td><\/tr><tr><td>&nbsp;<\/td><td>Avalia\u00e7\u00e3o de sa\u00fade<\/td><td>&#8211;<\/td><td>Eliminat\u00f3rio<\/td><\/tr><tr><td>&nbsp;<\/td><td>Avalia\u00e7\u00e3o psicol\u00f3gica<\/td><td>&#8211;<\/td><td>Eliminat\u00f3rio<\/td><\/tr><tr><td>&nbsp;<\/td><td>Investiga\u00e7\u00e3o social<\/td><td>&#8211;<\/td><td>Eliminat\u00f3rio<\/td><\/tr><tr><td><strong>Segunda etapa<\/strong><\/td><td>Curso de forma\u00e7\u00e3o profissional<\/td><td>&#8211;<\/td><td>Eliminat\u00f3rio e classificat\u00f3rio<\/td><\/tr><\/tbody><\/table><\/figure>\n\n\n\n<h4 class=\"wp-block-heading\">Agente Federal de Execu\u00e7\u00e3o Penal<\/h4>\n\n\n\n<figure class=\"wp-block-table is-style-stripes\"><table><tbody><tr><\/tr><tr><td><strong><\/strong><strong>Etapa<\/strong><\/td><td><strong>Prova\/tipo<\/strong><\/td><td><strong>N\u00famero de itens<\/strong><\/td><td><strong>Car\u00e1ter<\/strong><\/td><\/tr><tr><td><strong>Primeira etapa<\/strong><\/td><td>(P1) Objetiva<\/td><td>Conhecimentos b\u00e1sicos<\/td><td>30<\/td><td>Eliminat\u00f3rio e classificat\u00f3rio<\/td><\/tr><tr><td>&nbsp;<\/td><td>(P2) Objetiva<\/td><td>Conhecimentos espec\u00edficos<\/td><td>50<\/td><td>&nbsp;<\/td><\/tr><tr><td>&nbsp;<\/td><td>(P3) Objetiva<\/td><td>Conhecimentos Complementares<\/td><td>40<\/td><td>&nbsp;<\/td><\/tr><tr><td>&nbsp;<\/td><td>(P4) Discursiva<\/td><td>Texto dissertativo de at\u00e9 30 linhas<\/td><td>&nbsp;<\/td><\/tr><tr><td>&nbsp;<\/td><td>Exame de aptid\u00e3o f\u00edsica<\/td><td>&#8211;<\/td><td>Eliminat\u00f3rio<\/td><\/tr><tr><td>&nbsp;<\/td><td>Avalia\u00e7\u00e3o de sa\u00fade<\/td><td>&#8211;<\/td><td>Eliminat\u00f3rio<\/td><\/tr><tr><td>&nbsp;<\/td><td>Avalia\u00e7\u00e3o psicol\u00f3gica<\/td><td>&#8211;<\/td><td>Eliminat\u00f3rio<\/td><\/tr><tr><td>&nbsp;<\/td><td>Investiga\u00e7\u00e3o social<\/td><td>&#8211;<\/td><td>Eliminat\u00f3rio<\/td><\/tr><tr><td><strong>Segunda etapa<\/strong><\/td><td>Curso de forma\u00e7\u00e3o profissional<\/td><td>&#8211;<\/td><td>Eliminat\u00f3rio e classificat\u00f3rio<\/td><\/tr><\/tbody><\/table><\/figure>\n\n\n\n<h2 class=\"wp-block-heading\">Disciplinas<\/h2>\n\n\n\n<h4 class=\"wp-block-heading\"><strong>Para o cargo de Especialista<\/strong><\/h4>\n\n\n\n<figure class=\"wp-block-table is-style-stripes\"><table><tbody><tr><td><strong>Conhecimentos b\u00e1sicos<\/strong><\/td><\/tr><tr><td>L\u00edngua Portuguesa<\/td><\/tr><tr><td>\u00c9tica no Servi\u00e7o P\u00fablico<\/td><\/tr><tr><td>No\u00e7\u00f5es de Direito Constitucional<\/td><\/tr><tr><td>No\u00e7\u00f5es de Direito Administrativo<\/td><\/tr><tr><td>No\u00e7\u00f5es de Direitos Humanos e Participa\u00e7\u00e3o Social<\/td><\/tr><\/tbody><\/table><\/figure>\n\n\n\n<figure class=\"wp-block-table is-style-stripes\"><table><tbody><tr><td><strong>Conhecimentos espec\u00edficos<\/strong><\/td><\/tr><tr><td><a href=\"https:\/\/dhg1h5j42swfq.cloudfront.net\/2020\/05\/05014617\/Edital-depen-Estrat%C3%A9gia-1.pdf\">(Conforme a \u00e1rea)<\/a><\/td><\/tr><\/tbody><\/table><\/figure>\n\n\n\n<figure class=\"wp-block-table is-style-stripes\"><table><tbody><tr><td><strong>Conhecimentos complementares<\/strong><\/td><\/tr><tr><td>Execu\u00e7\u00e3o Penal<\/td><\/tr><tr><td>Departamento Penitenci\u00e1rio Nacional<\/td><\/tr><\/tbody><\/table><\/figure>\n\n\n\n<h4 class=\"wp-block-heading\"><strong>Para o cargo de Agente<\/strong><\/h4>\n\n\n\n<figure class=\"wp-block-table is-style-stripes\"><table><tbody><tr><td><strong>Conhecimentos b\u00e1sicos<\/strong><\/td><\/tr><tr><td>L\u00edngua Portuguesa<\/td><\/tr><tr><td>\u00c9tica no Servi\u00e7o P\u00fablico<\/td><\/tr><tr><td>Racioc\u00ednio L\u00f3gico<\/td><\/tr><tr><td>Inform\u00e1tica<\/td><\/tr><\/tbody><\/table><\/figure>\n\n\n\n<figure class=\"wp-block-table is-style-stripes\"><table><tbody><tr><td><strong>Conhecimentos espec\u00edficos<\/strong><\/td><\/tr><tr><td>No\u00e7\u00f5es de Direito Constitucional<\/td><\/tr><tr><td>No\u00e7\u00f5es de Direito Administrativo<\/td><\/tr><tr><td>No\u00e7\u00f5es de Direito Penal<\/td><\/tr><tr><td>No\u00e7\u00f5es de Direito Processual Penal<\/td><\/tr><tr><td>No\u00e7\u00f5es de Direitos Humanos e Participa\u00e7\u00e3o Social<\/td><\/tr><tr><td>Legisla\u00e7\u00e3o Especial<\/td><\/tr><\/tbody><\/table><\/figure>\n\n\n\n<figure class=\"wp-block-table is-style-stripes\"><table><tbody><tr><td><strong>Conhecimentos complementares<\/strong><\/td><\/tr><tr><td>Execu\u00e7\u00e3o Penal<\/td><\/tr><tr><td>Departamento Penitenci\u00e1rio Nacional<\/td><\/tr><\/tbody><\/table><\/figure>\n\n\n\n<h3 class=\"wp-block-heading\">Prova Discursiva &#8211; Provas corrigidas<\/h3>\n\n\n\n<figure class=\"wp-block-table is-style-stripes\"><table><tbody><tr><td><strong>Cargo\/\u00e1rea<\/strong><\/td><td><strong>AC<\/strong><\/td><td><strong>Negros<\/strong><\/td><td><strong>PcD<\/strong><\/td><\/tr><tr><td>Cargo 1: Especialista Federal em Assist\u00eancia \u00e0 Execu\u00e7\u00e3o Penal &#8211; \u00c1rea: Enfermagem<\/td><td>675\u00aa<\/td><td>180\u00aa<\/td><td>45\u00aa<\/td><\/tr><tr><td>Cargo 2: Especialista Federal em Assist\u00eancia \u00e0 Execu\u00e7\u00e3o Penal &#8211; \u00c1rea: M\u00e9dico Cl\u00ednico<\/td><td>75\u00aa<\/td><td>20\u00aa<\/td><td>5\u00aa<\/td><\/tr><tr><td>Cargo 3: Especialista Federal em Assist\u00eancia \u00e0 Execu\u00e7\u00e3o Penal &#8211; \u00c1rea: M\u00e9dico Psiquiatra<\/td><td>75\u00aa<\/td><td>20\u00aa<\/td><td>5\u00aa<\/td><\/tr><tr><td>Cargo 4: Especialista Federal em Assist\u00eancia \u00e0 Execu\u00e7\u00e3o Penal &#8211; \u00c1rea: Odontologia<\/td><td>75\u00aa<\/td><td>20\u00aa<\/td><td>5\u00aa<\/td><\/tr><tr><td>Cargo 5: Especialista Federal em Assist\u00eancia \u00e0 Execu\u00e7\u00e3o Penal &#8211; \u00c1rea: Psicologia<\/td><td>75\u00aa<\/td><td>20\u00aa<\/td><td>5\u00aa<\/td><\/tr><tr><td>Cargo 6: Especialista Federal em Assist\u00eancia \u00e0 Execu\u00e7\u00e3o Penal &#8211; \u00c1rea: Servi\u00e7o Social<\/td><td>75\u00aa<\/td><td>20\u00aa<\/td><td>5\u00aa<\/td><\/tr><tr><td>Cargo 7: Especialista Federal em Assist\u00eancia \u00e0 Execu\u00e7\u00e3o Penal &#8211; \u00c1rea: Terapia Ocupacional<\/td><td>75\u00aa<\/td><td>20\u00aa<\/td><td>5\u00aa<\/td><\/tr><tr><td>Cargo 8: Agente Federal de Execu\u00e7\u00e3o Penal<\/td><td>2205\u00aa<\/td><td>588\u00aa<\/td><td>147\u00aa<\/td><\/tr><\/tbody><\/table><\/figure>\n\n\n\n<h3 class=\"wp-block-heading\">Dos Crit\u00e9rios de avalia\u00e7\u00e3o da Prova Discursiva<\/h3>\n\n\n\n<p>A prova discursiva valer\u00e1 20,00 pontos e consistir\u00e1 da reda\u00e7\u00e3o de texto dissertativo, de at\u00e9 30 linhas. <\/p>\n\n\n\n<p>A etapa avaliar\u00e1 o conte\u00fado (conhecimento do tema), a capacidade de express\u00e3o na modalidade escrita e o uso das normas do registro formal culto da L\u00edngua Portuguesa. Assim, o candidato dever\u00e1 produzir, conforme comando formulado pela banca examinadora, texto dissertativo, primando pela coer\u00eancia e pela coes\u00e3o.<\/p>\n\n\n\n<p>A prova discursiva de cada candidato ser\u00e1 submetida a duas avalia\u00e7\u00f5es: uma avalia\u00e7\u00e3o de conte\u00fado e uma avalia\u00e7\u00e3o do dom\u00ednio da modalidade escrita da L\u00edngua Portuguesa.<\/p>\n\n\n\n<p>O texto definitivo da prova discursiva dever\u00e1 ser manuscrito, em letra leg\u00edvel, sem assinaturas, rubricas ou marca\u00e7\u00f5es que identifiquem o candidato.<\/p>\n\n\n\n<h3 class=\"wp-block-heading\">TAF<\/h3>\n\n\n\n<p>O exame de aptid\u00e3o f\u00edsica, de car\u00e1ter eliminat\u00f3rio, consiste nos testes f\u00edsicos descritos abaixo: <\/p>\n\n\n\n<p>I &#8211; para o cargo de Agente Federal de Execu\u00e7\u00e3o Penal:<br \/>a) teste de flex\u00e3o em barra fixa &#8211; teste din\u00e2mico de barra fixa, como primeira avalia\u00e7\u00e3o para candidatos do sexo masculino, e teste est\u00e1tico de barra fixa, como primeira avalia\u00e7\u00e3o para candidatas do sexo feminino;<br \/>b) teste de flex\u00e3o abdominal, como segunda avalia\u00e7\u00e3o;<br \/>c) teste de impuls\u00e3o horizontal, como terceira avalia\u00e7\u00e3o; e<br \/>d) teste de corrida de 12 minutos, como quarta e \u00faltima avalia\u00e7\u00e3o.<br \/>II &#8211; para o cargo de Especialista Federal em Assist\u00eancia \u00e0 Execu\u00e7\u00e3o Penal:<br \/>a) teste de flex\u00e3o abdominal, como primeira avalia\u00e7\u00e3o;<br \/>b) teste de corrida de 12 minutos, como segunda e \u00faltima avalia\u00e7\u00e3o.<\/p>\n\n\n\n<h2 class=\"wp-block-heading\">O Curso de Forma\u00e7\u00e3o do Edital Depen<\/h2>\n\n\n\n<p>Logo depois ocorrer\u00e1 o Curso de Forma\u00e7\u00e3o Profissional, de car\u00e1ter eliminat\u00f3rio e classificat\u00f3rio, valer\u00e1 60,00 pontos e ser\u00e1 realizado em local a ser definido pelo DEPEN, em instala\u00e7\u00e3o e em data a serem divulgadas posteriormente, em regime de tempo integral, com atividades que poder\u00e3o ocorrer inclusive aos s\u00e1bados, domingos e feriados.<\/p>\n\n\n\n<p>Os candidatos matriculados no Curso de Forma\u00e7\u00e3o Profissional far\u00e3o jus, durante o curso, a aux\u00edlio financeiro correspondente a 50% da remunera\u00e7\u00e3o inicial mensal do cargo, sobre a qual incidir\u00e3o os descontos legais, ressalvado o direito de op\u00e7\u00e3o pela percep\u00e7\u00e3o do vencimento e das vantagens do cargo efetivo de servidor p\u00fablico federal, nos termos do art. 14 da Lei n\u00ba 9.624, de 2 de abril de 1998.<\/p>\n\n\n\n<p>Ser\u00e3o convocados para participar do Curso de Forma\u00e7\u00e3o Profissional os candidatos aprovados e classificados na primeira fase do concurso p\u00fablico, dentro do n\u00famero de vagas oferecidas no concurso p\u00fablico.<\/p>\n\n\n\n<p>O Curso de Forma\u00e7\u00e3o Profissional ser\u00e1 ministrado em uma ou mais turmas, e a convoca\u00e7\u00e3o para o preenchimento de cada uma destas se dar\u00e1 seguindo a estrita ordem de classifica\u00e7\u00e3o da primeira fase do concurso p\u00fablico, em fun\u00e7\u00e3o do n\u00famero de vagas oferecido para cada turma.<\/p>\n\n\n\n<h2 class=\"wp-block-heading\" id=\"edital\">Edital Estrat\u00e9gico: baixe gratuitamente<\/h2>\n\n\n\n<p>Dando um espa\u00e7o para o Edital Estrat\u00e9gico entrar em sua rotina de estudos, ser\u00e1 poss\u00edvel acompanhar seu desempenho atrav\u00e9s de gr\u00e1ficos, garantindo uma vis\u00e3o completa das mat\u00e9rias que necessitam de mais revis\u00f5es.<\/p>\n\n\n\n<p>O registro de cada tarefa ser\u00e1 feito para cada assunto exigido no conte\u00fado program\u00e1tico do edital. No caso dos Editais Estrat\u00e9gicos de concursos que n\u00e3o est\u00e3o com \u201c<em>edital na pra\u00e7a<\/em>\u201d (ou seja, com inscri\u00e7\u00f5es abertas). A divis\u00e3o dos assuntos ser\u00e1 feita com base no edital.<\/p>\n\n\n\n<p>A partir das informa\u00e7\u00f5es preenchidas pelo aluno, uma \u201caba\u201d do Edital Estrat\u00e9gico ir\u00e1 demonstrar a progress\u00e3o em cada tarefa e assunto. A edi\u00e7\u00e3o poder\u00e1 ser realizada apenas na 3\u00aa aba, relativa ao preenchimento do progresso nas disciplinas. Caso voc\u00ea queira fazer outras modifica\u00e7\u00f5es no arquivo, \u00e9 s\u00f3 usar a&nbsp;senha \u201cadmin\u201d&nbsp;na op\u00e7\u00e3o&nbsp;<em><strong>desproteger<\/strong><\/em>&nbsp;planilha do Excel.<\/p>\n\n\n\n<h4 class=\"wp-block-heading\">Baixe os os Editais Estrat\u00e9gicos:<\/h4>\n\n\n\n<p><strong><a href=\"https:\/\/dhg1h5j42swfq.cloudfront.net\/2020\/05\/06143326\/Edital-Estrat%C3%A9gico_DEPEN_AGENTE-FEDERAL-DE-EXECU%C3%87%C3%83O-PENAL.xlsx\">Agente<\/a><\/strong><\/p>\n\n\n\n<p>Cargo de <strong>Especialista:<\/strong><\/p>\n\n\n\n<p><strong><br \/><a href=\"https:\/\/dhg1h5j42swfq.cloudfront.net\/2020\/05\/06143436\/Edital-Estrat%C3%A9gico_DEPEN_ESPECIALISTA-FEDERAL-EM-ASSIST%C3%8ANCIA-%C3%80-EXECU%C3%87%C3%83O-PENAL_ODONTOLOGIA.xlsx\"> Odontologia<\/a><br \/><a href=\"https:\/\/dhg1h5j42swfq.cloudfront.net\/2020\/05\/06143632\/Edital-Estrat%C3%A9gico_DEPEN_ESPECIALISTA-FEDERAL-EM-ASSIST%C3%8ANCIA-%C3%80-EXECU%C3%87%C3%83O-PENAL_TERAPIA-OCUPACIONAL.xlsx\"> Terapia Ocupacional<\/a><br \/><a href=\"https:\/\/dhg1h5j42swfq.cloudfront.net\/2020\/05\/06143751\/Edital-Estrat%C3%A9gico_DEPEN_ESPECIALISTA-FEDERAL-EM-ASSIST%C3%8ANCIA-%C3%80-EXECU%C3%87%C3%83O-PENAL_SERVI%C3%87O-SOCIAL.xlsx\"> Servi\u00e7o Social<\/a><br \/><a href=\"https:\/\/dhg1h5j42swfq.cloudfront.net\/2020\/05\/06143857\/Edital-Estrat%C3%A9gico_DEPEN_ESPECIALISTA-FEDERAL-EM-ASSIST%C3%8ANCIA-%C3%80-EXECU%C3%87%C3%83O-PENAL_M%C3%89DICO-CL%C3%8DNICO.xlsx\"> M\u00e9dico Cl\u00ednico<\/a><br \/><a href=\"https:\/\/dhg1h5j42swfq.cloudfront.net\/2020\/05\/06144258\/Edital-Estrat%C3%A9gico_DEPEN_ESPECIALISTA-FEDERAL-EM-ASSIST%C3%8ANCIA-%C3%80-EXECU%C3%87%C3%83O-PENAL_M%C3%89DICO-PSIQUIATRA.xlsx\">M\u00e9dico Psiquiatra<\/a><a href=\"https:\/\/dhg1h5j42swfq.cloudfront.net\/2020\/05\/06144353\/Edital-Estrat%C3%A9gico_DEPEN_ESPECIALISTA-FEDERAL-EM-ASSIST%C3%8ANCIA-%C3%80-EXECU%C3%87%C3%83O-PENAL_ENFERMAGEM.xlsx\">Especialista \u2013 Enfermagem<\/a><br \/><a href=\"https:\/\/dhg1h5j42swfq.cloudfront.net\/2020\/05\/06144520\/Edital-Estrat%C3%A9gico_DEPEN_ESPECIALISTA-FEDERAL-EM-ASSIST%C3%8ANCIA-%C3%80-EXECU%C3%87%C3%83O-PENAL_PSICOLOGIA.xlsx\">Psicologia<\/a><\/strong><\/p>\n\n\n\n<p><strong>IMPORTANTE:&nbsp;<\/strong>Ao clicar no link acima, vai ser aberta uma janela do Google Drive que tentar\u00e1 carregar a visualiza\u00e7\u00e3o da planilha no seu navegador. N\u00e3o h\u00e1 necessidade de esperar essa visualiza\u00e7\u00e3o (talvez at\u00e9 nem carregue, j\u00e1 que os arquivos s\u00e3o pesados).<\/p>\n\n\n\n<p>Fa\u00e7a o download clicando na seta para baixo no canto superior direito da janela do Google Drive que vai ser aberta ao clicar nos links acima.<\/p>\n\n\n\n<p>Todos os arquivos foram testados em diferentes computadores e celulares e est\u00e3o ok. Talvez alguma incompatibilidade (ou mensagem de erro, como \u201carquivo inv\u00e1lido\u201d) ocorra em virtude do seu pr\u00f3prio computador ou do tamanho dos arquivos que possuem mais conte\u00fado.<\/p>\n\n\n\n<p>A partir das informa\u00e7\u00f5es preenchidas pelo aluno, uma \u201caba\u201d do Edital Estrat\u00e9gico ir\u00e1 demonstrar a progress\u00e3o em cada tarefa e assunto. A edi\u00e7\u00e3o poder\u00e1 ser realizada apenas na 3\u00aa aba, relativa ao preenchimento do progresso nas disciplinas. Caso voc\u00ea queira fazer outras modifica\u00e7\u00f5es no arquivo, \u00e9 s\u00f3 usar a&nbsp;senha \u201cadmin\u201d&nbsp;na op\u00e7\u00e3o&nbsp;<em><strong>desproteger<\/strong><\/em>&nbsp;planilha do Excel.<\/p>\n\n\n\n<p class=\"has-text-align-center has-light-green-cyan-background-color has-background has-medium-font-size\"><a href=\"https:\/\/dhg1h5j42swfq.cloudfront.net\/2020\/05\/05014617\/Edital-depen-Estrat%C3%A9gia-1.pdf\" target=\"_blank\" rel=\"noreferrer noopener\"><strong>Baixe o Edital DEPEN completo!<\/strong><\/a><\/p>\n\n\n\n<p class=\"has-text-align-center has-very-light-gray-background-color has-background\"><strong>Saiba mais: <a href=\"https:\/\/www.estrategiaconcursos.com.br\/blog\/concurso-depen\/\">Concurso DEPEN<\/a><\/strong><\/p>\n\n\n\n<p class=\"has-text-align-center\"><strong><em>Quer estudar para Concurso DEPEN?<\/em><\/strong><\/p>\n\n\n\n<p class=\"has-text-align-center\"><em><strong>Gostou desta oportunidade e deseja come\u00e7ar se preparar agora mesmo? Ent\u00e3o, confira os nossos cursos e comece a estudar para DEPEN:<\/strong><\/em><br \/><\/p>\n\n\n\n<p class=\"has-text-align-center has-luminous-vivid-amber-background-color has-background\" style=\"font-size:clamp(16.293px, 1.018rem + ((1vw - 3.2px) * 0.854), 25px);px\"><span style=\"text-decoration: underline;\"><a aria-label=\"Curso Depen (abre numa nova aba)\" href=\"https:\/\/www.estrategiaconcursos.com.br\/cursosPorConcurso\/departamento-penitenciario-nacional-depen\/\" target=\"_blank\" rel=\"noreferrer noopener\"><strong><em>Curso Depen<\/em><\/strong><\/a><\/span><\/p>\n\n\n\n<p class=\"has-text-align-center\"><em><strong>Assinatura Anual Ilimitada*<\/strong><\/em><\/p>\n\n\n\n<p class=\"has-text-align-center\"><em>Prepare-se com o melhor material e com quem mais aprova em Concursos P\u00fablicos em todo o pa\u00eds. Assine agora a nossa Assinatura Anual e tenha acesso ilimitado* a todos os nossos cursos.<\/em><\/p>\n\n\n\n<p class=\"has-text-align-center has-light-green-cyan-background-color has-background has-medium-font-size\"><strong>ASSINE AGORA<\/strong>&nbsp;\u2013&nbsp;<a href=\"https:\/\/www.estrategiaconcursos.com.br\/assinaturas\" target=\"_blank\" rel=\"noreferrer noopener\"><strong>Assinatura Ilimitada<\/strong><\/a><\/p>\n\n\n\n<p class=\"has-text-align-center has-very-dark-gray-color has-pale-cyan-blue-background-color has-text-color has-background has-medium-font-size\"><strong><a href=\"https:\/\/www.estrategiaconcursos.com.br\/blog\/concursos-abertos\/\">CONCURSOS ABERTOS<\/a><\/strong><\/p>\n\n\n\n<p class=\"has-text-align-center has-very-dark-gray-color has-pale-cyan-blue-background-color has-text-color has-background has-medium-font-size\"><a href=\"https:\/\/www.estrategiaconcursos.com.br\/blog\/concursos-2020\/\"><strong>CONCURSOS<\/strong><\/a><strong><a href=\"https:\/\/www.estrategiaconcursos.com.br\/blog\/concursos-2020\/\">&nbsp;2020<\/a><\/strong><\/p>\n\n\n\n<figure class=\"wp-block-image alignleft\"><img loading=\"lazy\" decoding=\"async\" width=\"300\" height=\"102\" src=\"https:\/\/dhg1h5j42swfq.cloudfront.net\/2017\/03\/28152500\/coruja-ficha-tecnica-300x102.png\" alt=\"Ficha t\u00e9cnica concurso depen\" class=\"wp-image-68542\"\/><\/figure>\n\n\n\n<p><\/p>\n\n\n\n<p><\/p>\n\n\n\n<p><strong>\u2666Informa\u00e7\u00f5es do pr\u00f3ximo Concurso&nbsp;Depen 2020<\/strong><\/p>\n\n\n\n<p><strong>\u25baData prevista da prova:<\/strong>&nbsp;<s>06 de setembro de 202<\/s>0 SUSPENSO<br \/><strong>\u25baVagas:<\/strong>&nbsp;309 <br \/><strong>\u25baCargos:<\/strong>&nbsp;Agente e Especialista<br \/><strong>\u25baBanca:<\/strong>&nbsp;Cebraspe<br \/><strong>\u25baEdital:<\/strong>&nbsp;<a rel=\"noreferrer noopener\" href=\"https:\/\/dhg1h5j42swfq.cloudfront.net\/2020\/05\/05014617\/Edital-depen-Estrat%C3%A9gia-1.pdf\" target=\"_blank\">Concurso Depen<\/a><\/p>\n","protected":false},"excerpt":{"rendered":"<p>Edital Depen ter\u00e1 provas realizadas em 06 de setembro de 2020 Foi publicado em 05 de maio de 2020, um novo edital Depen, com oferta de 309 vagas imediatas, para os cargos de Agente Federal de Execu\u00e7\u00e3o Penal (m\u00e9dio) e Especialista Federal em Assist\u00eancia \u00e0 Execu\u00e7\u00e3o Penal (superior). As provas estavam previstas para 06 de [&hellip;]<\/p>\n","protected":false},"author":1,"featured_media":538735,"comment_status":"open","ping_status":"closed","sticky":false,"template":"","format":"standard","meta":{"post_tipo":"news","footnotes":""},"categories":[1988],"tags":[],"tax_estado":[],"class_list":["post-510355","post","type-post","status-publish","format-standard","has-post-thumbnail","hentry","category-policia"],"acf":[],"yoast_head":"<!-- This site is optimized with the Yoast SEO Premium plugin v27.2 (Yoast SEO v27.2) - https:\/\/yoast.com\/product\/yoast-seo-premium-wordpress\/ -->\n<title>Edital DEPEN: Provas suspensas! S\u00e3o 309 vagas para m\u00e9dio e superior!<\/title>\n<meta name=\"description\" content=\"Edital Depen segue suspenso! S\u00e3o 309 vagas para n\u00edvel m\u00e9dio e superior com iniciais de at\u00e9 R$10 mil. Confira tudo sobre essa oportunidade!\" \/>\n<meta name=\"robots\" content=\"index, follow, max-snippet:-1, max-image-preview:large, max-video-preview:-1\" \/>\n<link rel=\"canonical\" href=\"https:\/\/www.estrategiaconcursos.com.br\/blog\/edital-depen\/\" \/>\n<meta property=\"og:locale\" content=\"pt_BR\" \/>\n<meta property=\"og:type\" content=\"article\" \/>\n<meta property=\"og:title\" content=\"Edital DEPEN: Provas suspensas! S\u00e3o 309 vagas para m\u00e9dio e superior!\" \/>\n<meta property=\"og:description\" content=\"Edital Depen segue suspenso! S\u00e3o 309 vagas para n\u00edvel m\u00e9dio e superior com iniciais de at\u00e9 R$10 mil. Confira tudo sobre essa oportunidade!\" \/>\n<meta property=\"og:url\" content=\"https:\/\/www.estrategiaconcursos.com.br\/blog\/edital-depen\/\" \/>\n<meta property=\"og:site_name\" content=\"Estrat\u00e9gia Concursos\" \/>\n<meta property=\"article:author\" content=\"https:\/\/www.facebook.com\/EstrategiaConcursos\" \/>\n<meta property=\"article:published_time\" content=\"2020-05-09T03:15:00+00:00\" \/>\n<meta property=\"article:modified_time\" content=\"2022-11-16T22:04:00+00:00\" \/>\n<meta property=\"og:image\" content=\"https:\/\/dhg1h5j42swfq.cloudfront.net\/2020\/07\/07101601\/depen.jpg\" \/>\n\t<meta property=\"og:image:width\" content=\"1200\" \/>\n\t<meta property=\"og:image:height\" content=\"628\" \/>\n\t<meta property=\"og:image:type\" content=\"image\/jpeg\" \/>\n<meta name=\"author\" content=\"Coordena\u00e7\u00e3o\" \/>\n<meta name=\"twitter:card\" content=\"summary_large_image\" \/>\n<meta name=\"twitter:creator\" content=\"@EstratConcursos\" \/>\n<meta name=\"twitter:site\" content=\"@EstratConcursos\" \/>\n<meta name=\"twitter:label1\" content=\"Escrito por\" \/>\n\t<meta name=\"twitter:data1\" content=\"Coordena\u00e7\u00e3o\" \/>\n\t<meta name=\"twitter:label2\" content=\"Est. tempo de leitura\" \/>\n\t<meta name=\"twitter:data2\" content=\"10 minutos\" \/>\n<script type=\"application\/ld+json\" class=\"yoast-schema-graph\">{\"@context\":\"https:\/\/schema.org\",\"@graph\":[{\"@type\":\"NewsArticle\",\"@id\":\"https:\/\/www.estrategiaconcursos.com.br\/blog\/edital-depen\/#article\",\"isPartOf\":{\"@id\":\"https:\/\/www.estrategiaconcursos.com.br\/blog\/edital-depen\/\"},\"author\":{\"name\":\"Coordena\u00e7\u00e3o\",\"@id\":\"https:\/\/www.estrategiaconcursos.com.br\/blog\/#\/schema\/person\/b4a388c97673c5f483d72185668afa1f\"},\"headline\":\"Edital DEPEN: Provas suspensas! S\u00e3o 309 vagas para m\u00e9dio e superior!\",\"datePublished\":\"2020-05-09T03:15:00+00:00\",\"dateModified\":\"2022-11-16T22:04:00+00:00\",\"mainEntityOfPage\":{\"@id\":\"https:\/\/www.estrategiaconcursos.com.br\/blog\/edital-depen\/\"},\"wordCount\":2101,\"commentCount\":16,\"publisher\":{\"@id\":\"https:\/\/www.estrategiaconcursos.com.br\/blog\/#organization\"},\"image\":{\"@id\":\"https:\/\/www.estrategiaconcursos.com.br\/blog\/edital-depen\/#primaryimage\"},\"thumbnailUrl\":\"https:\/\/dhg1h5j42swfq.cloudfront.net\/2020\/07\/07101601\/depen.jpg\",\"articleSection\":[\"Policial (Agente, Escriv\u00e3o e Investigador)\"],\"inLanguage\":\"pt-BR\",\"potentialAction\":[{\"@type\":\"CommentAction\",\"name\":\"Comment\",\"target\":[\"https:\/\/www.estrategiaconcursos.com.br\/blog\/edital-depen\/#respond\"]}],\"copyrightYear\":\"2020\",\"copyrightHolder\":{\"@id\":\"https:\/\/www.estrategiaconcursos.com.br\/blog\/#organization\"}},{\"@type\":\"WebPage\",\"@id\":\"https:\/\/www.estrategiaconcursos.com.br\/blog\/edital-depen\/\",\"url\":\"https:\/\/www.estrategiaconcursos.com.br\/blog\/edital-depen\/\",\"name\":\"Edital DEPEN: Provas suspensas! S\u00e3o 309 vagas para m\u00e9dio e superior!\",\"isPartOf\":{\"@id\":\"https:\/\/www.estrategiaconcursos.com.br\/blog\/#website\"},\"primaryImageOfPage\":{\"@id\":\"https:\/\/www.estrategiaconcursos.com.br\/blog\/edital-depen\/#primaryimage\"},\"image\":{\"@id\":\"https:\/\/www.estrategiaconcursos.com.br\/blog\/edital-depen\/#primaryimage\"},\"thumbnailUrl\":\"https:\/\/dhg1h5j42swfq.cloudfront.net\/2020\/07\/07101601\/depen.jpg\",\"datePublished\":\"2020-05-09T03:15:00+00:00\",\"dateModified\":\"2022-11-16T22:04:00+00:00\",\"description\":\"Edital Depen segue suspenso! S\u00e3o 309 vagas para n\u00edvel m\u00e9dio e superior com iniciais de at\u00e9 R$10 mil. Confira tudo sobre essa oportunidade!\",\"breadcrumb\":{\"@id\":\"https:\/\/www.estrategiaconcursos.com.br\/blog\/edital-depen\/#breadcrumb\"},\"inLanguage\":\"pt-BR\",\"potentialAction\":[{\"@type\":\"ReadAction\",\"target\":[\"https:\/\/www.estrategiaconcursos.com.br\/blog\/edital-depen\/\"]}]},{\"@type\":\"ImageObject\",\"inLanguage\":\"pt-BR\",\"@id\":\"https:\/\/www.estrategiaconcursos.com.br\/blog\/edital-depen\/#primaryimage\",\"url\":\"https:\/\/dhg1h5j42swfq.cloudfront.net\/2020\/07\/07101601\/depen.jpg\",\"contentUrl\":\"https:\/\/dhg1h5j42swfq.cloudfront.net\/2020\/07\/07101601\/depen.jpg\",\"width\":1200,\"height\":628,\"caption\":\"Depen\"},{\"@type\":\"BreadcrumbList\",\"@id\":\"https:\/\/www.estrategiaconcursos.com.br\/blog\/edital-depen\/#breadcrumb\",\"itemListElement\":[{\"@type\":\"ListItem\",\"position\":1,\"name\":\"In\u00edcio\",\"item\":\"https:\/\/www.estrategiaconcursos.com.br\/blog\/\"},{\"@type\":\"ListItem\",\"position\":2,\"name\":\"Edital DEPEN: Provas suspensas! S\u00e3o 309 vagas para m\u00e9dio e superior!\"}]},{\"@type\":\"WebSite\",\"@id\":\"https:\/\/www.estrategiaconcursos.com.br\/blog\/#website\",\"url\":\"https:\/\/www.estrategiaconcursos.com.br\/blog\/\",\"name\":\"Estrat\u00e9gia Concursos\",\"description\":\"O blog da Estrat\u00e9gia Concursos traz not\u00edcias sobre concursos e artigos de professores oferecendo cursos para concursos (pdf + videaulas) no site.\",\"publisher\":{\"@id\":\"https:\/\/www.estrategiaconcursos.com.br\/blog\/#organization\"},\"potentialAction\":[{\"@type\":\"SearchAction\",\"target\":{\"@type\":\"EntryPoint\",\"urlTemplate\":\"https:\/\/www.estrategiaconcursos.com.br\/blog\/?s={search_term_string}\"},\"query-input\":{\"@type\":\"PropertyValueSpecification\",\"valueRequired\":true,\"valueName\":\"search_term_string\"}}],\"inLanguage\":\"pt-BR\"},{\"@type\":\"Organization\",\"@id\":\"https:\/\/www.estrategiaconcursos.com.br\/blog\/#organization\",\"name\":\"Estrat\u00e9gia Concursos\",\"url\":\"https:\/\/www.estrategiaconcursos.com.br\/blog\/\",\"logo\":{\"@type\":\"ImageObject\",\"inLanguage\":\"pt-BR\",\"@id\":\"https:\/\/www.estrategiaconcursos.com.br\/blog\/#\/schema\/logo\/image\/\",\"url\":\"https:\/\/dhg1h5j42swfq.cloudfront.net\/2025\/06\/03203428\/logo_concursos-1.jpg\",\"contentUrl\":\"https:\/\/dhg1h5j42swfq.cloudfront.net\/2025\/06\/03203428\/logo_concursos-1.jpg\",\"width\":230,\"height\":60,\"caption\":\"Estrat\u00e9gia Concursos\"},\"image\":{\"@id\":\"https:\/\/www.estrategiaconcursos.com.br\/blog\/#\/schema\/logo\/image\/\"},\"sameAs\":[\"https:\/\/x.com\/EstratConcursos\"]},{\"@type\":\"Person\",\"@id\":\"https:\/\/www.estrategiaconcursos.com.br\/blog\/#\/schema\/person\/b4a388c97673c5f483d72185668afa1f\",\"name\":\"Coordena\u00e7\u00e3o\",\"image\":{\"@type\":\"ImageObject\",\"inLanguage\":\"pt-BR\",\"@id\":\"https:\/\/secure.gravatar.com\/avatar\/b720319e4c9a967eb58678d110f4fe35452fc5d5f97b202bac7b8acceb18c6ad?s=96&d=mm&r=g\",\"url\":\"https:\/\/secure.gravatar.com\/avatar\/b720319e4c9a967eb58678d110f4fe35452fc5d5f97b202bac7b8acceb18c6ad?s=96&d=mm&r=g\",\"contentUrl\":\"https:\/\/secure.gravatar.com\/avatar\/b720319e4c9a967eb58678d110f4fe35452fc5d5f97b202bac7b8acceb18c6ad?s=96&d=mm&r=g\",\"caption\":\"Coordena\u00e7\u00e3o\"},\"sameAs\":[\"https:\/\/www.facebook.com\/EstrategiaConcursos\",\"https:\/\/x.com\/EstratConcursos\"],\"url\":\"https:\/\/www.estrategiaconcursos.com.br\/blog\/author\/estrategia2013\/\"}]}<\/script>\n<!-- \/ Yoast SEO Premium plugin. -->","yoast_head_json":{"title":"Edital DEPEN: Provas suspensas! S\u00e3o 309 vagas para m\u00e9dio e superior!","description":"Edital Depen segue suspenso! S\u00e3o 309 vagas para n\u00edvel m\u00e9dio e superior com iniciais de at\u00e9 R$10 mil. Confira tudo sobre essa oportunidade!","robots":{"index":"index","follow":"follow","max-snippet":"max-snippet:-1","max-image-preview":"max-image-preview:large","max-video-preview":"max-video-preview:-1"},"canonical":"https:\/\/www.estrategiaconcursos.com.br\/blog\/edital-depen\/","og_locale":"pt_BR","og_type":"article","og_title":"Edital DEPEN: Provas suspensas! S\u00e3o 309 vagas para m\u00e9dio e superior!","og_description":"Edital Depen segue suspenso! S\u00e3o 309 vagas para n\u00edvel m\u00e9dio e superior com iniciais de at\u00e9 R$10 mil. Confira tudo sobre essa oportunidade!","og_url":"https:\/\/www.estrategiaconcursos.com.br\/blog\/edital-depen\/","og_site_name":"Estrat\u00e9gia Concursos","article_author":"https:\/\/www.facebook.com\/EstrategiaConcursos","article_published_time":"2020-05-09T03:15:00+00:00","article_modified_time":"2022-11-16T22:04:00+00:00","og_image":[{"width":1200,"height":628,"url":"https:\/\/dhg1h5j42swfq.cloudfront.net\/2020\/07\/07101601\/depen.jpg","type":"image\/jpeg"}],"author":"Coordena\u00e7\u00e3o","twitter_card":"summary_large_image","twitter_creator":"@EstratConcursos","twitter_site":"@EstratConcursos","twitter_misc":{"Escrito por":"Coordena\u00e7\u00e3o","Est. tempo de leitura":"10 minutos"},"schema":{"@context":"https:\/\/schema.org","@graph":[{"@type":"NewsArticle","@id":"https:\/\/www.estrategiaconcursos.com.br\/blog\/edital-depen\/#article","isPartOf":{"@id":"https:\/\/www.estrategiaconcursos.com.br\/blog\/edital-depen\/"},"author":{"name":"Coordena\u00e7\u00e3o","@id":"https:\/\/www.estrategiaconcursos.com.br\/blog\/#\/schema\/person\/b4a388c97673c5f483d72185668afa1f"},"headline":"Edital DEPEN: Provas suspensas! S\u00e3o 309 vagas para m\u00e9dio e superior!","datePublished":"2020-05-09T03:15:00+00:00","dateModified":"2022-11-16T22:04:00+00:00","mainEntityOfPage":{"@id":"https:\/\/www.estrategiaconcursos.com.br\/blog\/edital-depen\/"},"wordCount":2101,"commentCount":16,"publisher":{"@id":"https:\/\/www.estrategiaconcursos.com.br\/blog\/#organization"},"image":{"@id":"https:\/\/www.estrategiaconcursos.com.br\/blog\/edital-depen\/#primaryimage"},"thumbnailUrl":"https:\/\/dhg1h5j42swfq.cloudfront.net\/2020\/07\/07101601\/depen.jpg","articleSection":["Policial (Agente, Escriv\u00e3o e Investigador)"],"inLanguage":"pt-BR","potentialAction":[{"@type":"CommentAction","name":"Comment","target":["https:\/\/www.estrategiaconcursos.com.br\/blog\/edital-depen\/#respond"]}],"copyrightYear":"2020","copyrightHolder":{"@id":"https:\/\/www.estrategiaconcursos.com.br\/blog\/#organization"}},{"@type":"WebPage","@id":"https:\/\/www.estrategiaconcursos.com.br\/blog\/edital-depen\/","url":"https:\/\/www.estrategiaconcursos.com.br\/blog\/edital-depen\/","name":"Edital DEPEN: Provas suspensas! S\u00e3o 309 vagas para m\u00e9dio e superior!","isPartOf":{"@id":"https:\/\/www.estrategiaconcursos.com.br\/blog\/#website"},"primaryImageOfPage":{"@id":"https:\/\/www.estrategiaconcursos.com.br\/blog\/edital-depen\/#primaryimage"},"image":{"@id":"https:\/\/www.estrategiaconcursos.com.br\/blog\/edital-depen\/#primaryimage"},"thumbnailUrl":"https:\/\/dhg1h5j42swfq.cloudfront.net\/2020\/07\/07101601\/depen.jpg","datePublished":"2020-05-09T03:15:00+00:00","dateModified":"2022-11-16T22:04:00+00:00","description":"Edital Depen segue suspenso! S\u00e3o 309 vagas para n\u00edvel m\u00e9dio e superior com iniciais de at\u00e9 R$10 mil. Confira tudo sobre essa oportunidade!","breadcrumb":{"@id":"https:\/\/www.estrategiaconcursos.com.br\/blog\/edital-depen\/#breadcrumb"},"inLanguage":"pt-BR","potentialAction":[{"@type":"ReadAction","target":["https:\/\/www.estrategiaconcursos.com.br\/blog\/edital-depen\/"]}]},{"@type":"ImageObject","inLanguage":"pt-BR","@id":"https:\/\/www.estrategiaconcursos.com.br\/blog\/edital-depen\/#primaryimage","url":"https:\/\/dhg1h5j42swfq.cloudfront.net\/2020\/07\/07101601\/depen.jpg","contentUrl":"https:\/\/dhg1h5j42swfq.cloudfront.net\/2020\/07\/07101601\/depen.jpg","width":1200,"height":628,"caption":"Depen"},{"@type":"BreadcrumbList","@id":"https:\/\/www.estrategiaconcursos.com.br\/blog\/edital-depen\/#breadcrumb","itemListElement":[{"@type":"ListItem","position":1,"name":"In\u00edcio","item":"https:\/\/www.estrategiaconcursos.com.br\/blog\/"},{"@type":"ListItem","position":2,"name":"Edital DEPEN: Provas suspensas! S\u00e3o 309 vagas para m\u00e9dio e superior!"}]},{"@type":"WebSite","@id":"https:\/\/www.estrategiaconcursos.com.br\/blog\/#website","url":"https:\/\/www.estrategiaconcursos.com.br\/blog\/","name":"Estrat\u00e9gia Concursos","description":"O blog da Estrat\u00e9gia Concursos traz not\u00edcias sobre concursos e artigos de professores oferecendo cursos para concursos (pdf + videaulas) no site.","publisher":{"@id":"https:\/\/www.estrategiaconcursos.com.br\/blog\/#organization"},"potentialAction":[{"@type":"SearchAction","target":{"@type":"EntryPoint","urlTemplate":"https:\/\/www.estrategiaconcursos.com.br\/blog\/?s={search_term_string}"},"query-input":{"@type":"PropertyValueSpecification","valueRequired":true,"valueName":"search_term_string"}}],"inLanguage":"pt-BR"},{"@type":"Organization","@id":"https:\/\/www.estrategiaconcursos.com.br\/blog\/#organization","name":"Estrat\u00e9gia Concursos","url":"https:\/\/www.estrategiaconcursos.com.br\/blog\/","logo":{"@type":"ImageObject","inLanguage":"pt-BR","@id":"https:\/\/www.estrategiaconcursos.com.br\/blog\/#\/schema\/logo\/image\/","url":"https:\/\/dhg1h5j42swfq.cloudfront.net\/2025\/06\/03203428\/logo_concursos-1.jpg","contentUrl":"https:\/\/dhg1h5j42swfq.cloudfront.net\/2025\/06\/03203428\/logo_concursos-1.jpg","width":230,"height":60,"caption":"Estrat\u00e9gia Concursos"},"image":{"@id":"https:\/\/www.estrategiaconcursos.com.br\/blog\/#\/schema\/logo\/image\/"},"sameAs":["https:\/\/x.com\/EstratConcursos"]},{"@type":"Person","@id":"https:\/\/www.estrategiaconcursos.com.br\/blog\/#\/schema\/person\/b4a388c97673c5f483d72185668afa1f","name":"Coordena\u00e7\u00e3o","image":{"@type":"ImageObject","inLanguage":"pt-BR","@id":"https:\/\/secure.gravatar.com\/avatar\/b720319e4c9a967eb58678d110f4fe35452fc5d5f97b202bac7b8acceb18c6ad?s=96&d=mm&r=g","url":"https:\/\/secure.gravatar.com\/avatar\/b720319e4c9a967eb58678d110f4fe35452fc5d5f97b202bac7b8acceb18c6ad?s=96&d=mm&r=g","contentUrl":"https:\/\/secure.gravatar.com\/avatar\/b720319e4c9a967eb58678d110f4fe35452fc5d5f97b202bac7b8acceb18c6ad?s=96&d=mm&r=g","caption":"Coordena\u00e7\u00e3o"},"sameAs":["https:\/\/www.facebook.com\/EstrategiaConcursos","https:\/\/x.com\/EstratConcursos"],"url":"https:\/\/www.estrategiaconcursos.com.br\/blog\/author\/estrategia2013\/"}]}},"_links":{"self":[{"href":"https:\/\/www.estrategiaconcursos.com.br\/blog\/wp-json\/wp\/v2\/posts\/510355","targetHints":{"allow":["GET"]}}],"collection":[{"href":"https:\/\/www.estrategiaconcursos.com.br\/blog\/wp-json\/wp\/v2\/posts"}],"about":[{"href":"https:\/\/www.estrategiaconcursos.com.br\/blog\/wp-json\/wp\/v2\/types\/post"}],"author":[{"embeddable":true,"href":"https:\/\/www.estrategiaconcursos.com.br\/blog\/wp-json\/wp\/v2\/users\/1"}],"replies":[{"embeddable":true,"href":"https:\/\/www.estrategiaconcursos.com.br\/blog\/wp-json\/wp\/v2\/comments?post=510355"}],"version-history":[{"count":33,"href":"https:\/\/www.estrategiaconcursos.com.br\/blog\/wp-json\/wp\/v2\/posts\/510355\/revisions"}],"predecessor-version":[{"id":1125242,"href":"https:\/\/www.estrategiaconcursos.com.br\/blog\/wp-json\/wp\/v2\/posts\/510355\/revisions\/1125242"}],"wp:featuredmedia":[{"embeddable":true,"href":"https:\/\/www.estrategiaconcursos.com.br\/blog\/wp-json\/wp\/v2\/media\/538735"}],"wp:attachment":[{"href":"https:\/\/www.estrategiaconcursos.com.br\/blog\/wp-json\/wp\/v2\/media?parent=510355"}],"wp:term":[{"taxonomy":"category","embeddable":true,"href":"https:\/\/www.estrategiaconcursos.com.br\/blog\/wp-json\/wp\/v2\/categories?post=510355"},{"taxonomy":"post_tag","embeddable":true,"href":"https:\/\/www.estrategiaconcursos.com.br\/blog\/wp-json\/wp\/v2\/tags?post=510355"},{"taxonomy":"tax_estado","embeddable":true,"href":"https:\/\/www.estrategiaconcursos.com.br\/blog\/wp-json\/wp\/v2\/tax_estado?post=510355"}],"curies":[{"name":"wp","href":"https:\/\/api.w.org\/{rel}","templated":true}]}}