{"id":510311,"date":"2020-05-04T17:14:32","date_gmt":"2020-05-04T20:14:32","guid":{"rendered":"https:\/\/www.estrategiaconcursos.com.br\/blog\/?p=510311"},"modified":"2023-02-10T15:50:35","modified_gmt":"2023-02-10T18:50:35","slug":"caminho-das-pedras-dia-2","status":"publish","type":"post","link":"https:\/\/www.estrategiaconcursos.com.br\/blog\/caminho-das-pedras-dia-2\/","title":{"rendered":"DIA 2 da 1\u00aa Semana do Caminho das Pedras: Escolha a sua \u00e1rea!"},"content":{"rendered":"\n<p><strong>1\u00aa Semana do Caminho das Pedras:<\/strong> inicie os estudos com Estrat\u00e9gia!<\/p>\n\n\n\n<p><strong>DIA 2 da 1\u00aa Semana do Caminho das Pedras:<\/strong> Escolha a sua \u00e1rea!<\/p>\n\n\n\n<p>Fala, pessoal!<\/p>\n\n\n\n<p>Para quem n\u00e3o sabe do que se trata esse artigo, d\u00e1 uma olhada no <a href=\"https:\/\/www.estrategiaconcursos.com.br\/blog\/caminho-das-pedras-dia-1\/\" target=\"_blank\" rel=\"noreferrer noopener\">DIA 1 da 1\u00aa Semana do Caminho das Pedras: O que \u00e9 concurso p\u00fablico? Quais as suas fases?<\/a><\/p>\n\n\n\n<p>Desde o in\u00edcio da semana j\u00e1 vimos:<\/p>\n\n\n\n<ul class=\"wp-block-list\">\n<li>O que \u00e9 concurso p\u00fablico;<\/li>\n<\/ul>\n\n\n\n<ul class=\"wp-block-list\">\n<li>Por quais fases o concurseiro ir\u00e1 passar durante os seus estudos.<\/li>\n<\/ul>\n\n\n\n<p>Nesse segundo dia voc\u00ea ir\u00e1 conhecer os passos para decidir qual \u00e9 o seu cargo p\u00fablico ideal, quais as principais carreiras para concurso p\u00fablico, qual \u00e1rea escolher e dicas de como iniciar seus estudos.<\/p>\n\n\n\n<figure class=\"wp-block-image size-large\"><img loading=\"lazy\" decoding=\"async\" width=\"768\" height=\"1024\" src=\"https:\/\/dhg1h5j42swfq.cloudfront.net\/2020\/05\/04165854\/fahrul-azmi-cFUZ-6i83vs-unsplash-768x1024.jpg\" alt=\"\" class=\"wp-image-510315\" srcset=\"https:\/\/dhg1h5j42swfq.cloudfront.net\/2020\/05\/04165854\/fahrul-azmi-cFUZ-6i83vs-unsplash-768x1024.jpg 768w, https:\/\/dhg1h5j42swfq.cloudfront.net\/2020\/05\/04165854\/fahrul-azmi-cFUZ-6i83vs-unsplash-225x300.jpg 225w, https:\/\/dhg1h5j42swfq.cloudfront.net\/2020\/05\/04165854\/fahrul-azmi-cFUZ-6i83vs-unsplash-1152x1536.jpg 1152w, https:\/\/dhg1h5j42swfq.cloudfront.net\/2020\/05\/04165854\/fahrul-azmi-cFUZ-6i83vs-unsplash-1536x2048.jpg 1536w, https:\/\/dhg1h5j42swfq.cloudfront.net\/2020\/05\/04165854\/fahrul-azmi-cFUZ-6i83vs-unsplash-610x814.jpg 610w, https:\/\/dhg1h5j42swfq.cloudfront.net\/2020\/05\/04165854\/fahrul-azmi-cFUZ-6i83vs-unsplash-scaled.jpg 1920w\" sizes=\"auto, (max-width: 768px) 100vw, 768px\" \/><\/figure>\n\n\n\n<p>Sem mais delongas, seguem as tarefas:<\/p>\n\n\n\n<p><strong>Tarefa 3:<\/strong> Assistir ao v\u00eddeo <em>\u201c<a href=\"https:\/\/www.youtube.com\/watch?v=Y0gnKgrsPAI\" target=\"_blank\" rel=\"noreferrer noopener\">3 Passos para voc\u00ea decidir qual \u00e9 o seu cargo p\u00fablico ideal<\/a>\u201d<\/em><\/p>\n\n\n\n<p>Entenda como se conhecer, como entender seu perfil e como buscar o cargo ideal com estes 3 passos do <strong>Prof. Ricardo Vale<\/strong>.<\/p>\n\n\n\n<p><strong>Tarefa 4:<\/strong> Assistir ao v\u00eddeo \u201c<em>As 12 principais carreiras para concurso p\u00fablico\u201d<\/em><\/p>\n\n\n\n<p>Para te ajudar a ter foco e n\u00e3o estudar para diversos concursos ou apenas para um, o <strong>Prof. S\u00e9rgio Mendes<\/strong> conversa sobre algumas das mais importantes carreiras, separando entre grupos como: policiais, fiscais, jur\u00eddicas, entre outras.<\/p>\n\n\n\n<p><strong>Tarefa 5:<\/strong> Ler o artigo <a href=\"https:\/\/www.estrategiaconcursos.com.br\/blog\/qual-area-escolher-fiscal-x-controle-x-juridica-x-planejamento-x\/\" target=\"_blank\" rel=\"noreferrer noopener\">Qual \u00c1rea Escolher? Fiscal x Controle x Jur\u00eddica x Planejamento x \u2026<\/a><\/p>\n\n\n\n<p>O <strong>Coach Ernani Junior<\/strong> te faz refletir, em um breve artigo, quanto \u00e0 escolha da sua \u00e1rea de concurso.<\/p>\n\n\n\n<p><strong>Tarefa Extra <em>(apenas para quem pensa em estudar para a \u00e1rea fiscal)<\/em>:<\/strong> Ler o artigo <a href=\"https:\/\/www.estrategiaconcursos.com.br\/blog\/10-coisas-que-voce-precisa-saber-sobre-concursos-para-auditores-fiscais\/\" target=\"_blank\" rel=\"noreferrer noopener\">10 coisas que voc\u00ea precisa saber sobre concursos para auditores fiscais<\/a><\/p>\n\n\n\n<p>O <strong>Coach Thiago Cabral<\/strong>, Auditor Fiscal do Estado de Santa Catarina (ICMS-SC), traz algumas informa\u00e7\u00f5es para aqueles que sonham com a \u00e1rea fiscal.<\/p>\n\n\n\n<p><strong>Tarefa Extra <em>(apenas para quem n\u00e3o conhece a \u00e1rea de controle ou est\u00e1 em d\u00favida entre fiscal x controle)<\/em>:<\/strong> Ler o artigo <a href=\"https:\/\/www.estrategiaconcursos.com.br\/blog\/area-fiscal-x-area-de-controle-externo-o-que-eu-preciso-saber\/\" target=\"_blank\" rel=\"noreferrer noopener\">\u00c1rea Fiscal x \u00c1rea de Controle (Externo) \u2013 O que eu preciso saber?<\/a><\/p>\n\n\n\n<p>O <strong>Coach Renan Fineto<\/strong>, aprovado em concursos de ambas as \u00e1reas, mastiga a prepara\u00e7\u00e3o e a escolha para quem tem d\u00favidas entre as \u00e1reas fiscal e de controle.<\/p>\n\n\n\n<p><strong>Tarefa 8:<\/strong> Ler o artigo <a href=\"https:\/\/www.estrategiaconcursos.com.br\/blog\/como-comecar-a-estudar-para-concurso-2\/\" target=\"_blank\" rel=\"noreferrer noopener\">Como come\u00e7ar a estudar para Concurso P\u00fablico: SEIS PASSOS<\/a> e assistir ao v\u00eddeo <em>\u201cComo Come\u00e7ar Seus Estudos para Concursos e ser Aprovado em 2020?\u201d<\/em><\/p>\n\n\n\n<p>O <strong>Coach dos Coaches Luis Eduardo<\/strong> sintetiza as informa\u00e7\u00f5es que voc\u00eas j\u00e1 viram nesses dois primeiros dias e <a href=\"https:\/\/www.youtube.com\/watch?v=IjcsVxRLfZc\" target=\"_blank\" rel=\"noreferrer noopener\">te prepara para o que iremos ver nos pr\u00f3ximos dias<\/a>.<\/p>\n\n\n\n<p>Qualquer d\u00favida, manda uma mensagem para <a href=\"https:\/\/www.instagram.com\/prof.rodolfoqueiroz\/\" target=\"_blank\" rel=\"noreferrer noopener\">@prof.rodolfoqueiroz<\/a>.<\/p>\n\n\n\n<p>Amanh\u00e3 tem mais!<\/p>\n\n\n\n<p>Espero que tenham gostado.<\/p>\n\n\n\n<p><strong>Rodolfo Queiroz<\/strong><\/p>\n\n\n\n<p>J\u00e1 terminou o 2\u00ba dia? Vai para o <a rel=\"noreferrer noopener\" href=\"https:\/\/www.estrategiaconcursos.com.br\/blog\/caminho-das-pedras-dia-3\/\" target=\"_blank\">DIA 3 da 1\u00aa Semana do Caminho das Pedras: Aprofunde-se na \u00e1rea escolhida!<\/a><\/p>\n","protected":false},"excerpt":{"rendered":"<p>1\u00aa Semana do Caminho das Pedras: inicie os estudos com Estrat\u00e9gia! DIA 2 da 1\u00aa Semana do Caminho das Pedras: Escolha a sua \u00e1rea! Fala, pessoal! Para quem n\u00e3o sabe do que se trata esse artigo, d\u00e1 uma olhada no DIA 1 da 1\u00aa Semana do Caminho das Pedras: O que \u00e9 concurso p\u00fablico? Quais [&hellip;]<\/p>\n","protected":false},"author":1084,"featured_media":0,"comment_status":"open","ping_status":"closed","sticky":false,"template":"","format":"standard","meta":{"post_tipo":"article","footnotes":""},"categories":[1],"tags":[],"tax_estado":[],"class_list":["post-510311","post","type-post","status-publish","format-standard","hentry","category-cursos-e-concursos"],"acf":[],"yoast_head":"<!-- This site is optimized with the Yoast SEO Premium plugin v27.2 (Yoast SEO v27.2) - https:\/\/yoast.com\/product\/yoast-seo-premium-wordpress\/ -->\n<title>DIA 2 da 1\u00aa Semana do Caminho das Pedras: Escolha a sua \u00e1rea!<\/title>\n<meta name=\"description\" content=\"Nesse 2\u00ba dia voc\u00ea ir\u00e1 conhecer os passos para decidir qual \u00e9 o seu cargo ideal, quais as principais carreiras, qual \u00e1rea escolher e dicas de como iniciar.\" \/>\n<meta name=\"robots\" content=\"index, follow, max-snippet:-1, max-image-preview:large, max-video-preview:-1\" \/>\n<link rel=\"canonical\" href=\"https:\/\/www.estrategiaconcursos.com.br\/blog\/caminho-das-pedras-dia-2\/\" \/>\n<meta property=\"og:locale\" content=\"pt_BR\" \/>\n<meta property=\"og:type\" content=\"article\" \/>\n<meta property=\"og:title\" content=\"DIA 2 da 1\u00aa Semana do Caminho das Pedras: Escolha a sua \u00e1rea!\" \/>\n<meta property=\"og:description\" content=\"Nesse 2\u00ba dia voc\u00ea ir\u00e1 conhecer os passos para decidir qual \u00e9 o seu cargo ideal, quais as principais carreiras, qual \u00e1rea escolher e dicas de como iniciar.\" \/>\n<meta property=\"og:url\" content=\"https:\/\/www.estrategiaconcursos.com.br\/blog\/caminho-das-pedras-dia-2\/\" \/>\n<meta property=\"og:site_name\" content=\"Estrat\u00e9gia Concursos\" \/>\n<meta property=\"article:published_time\" content=\"2020-05-04T20:14:32+00:00\" \/>\n<meta property=\"article:modified_time\" content=\"2023-02-10T18:50:35+00:00\" \/>\n<meta property=\"og:image\" content=\"https:\/\/www.estrategiaconcursos.com.br\/blog\/wp-content\/uploads\/2020\/05\/fahrul-azmi-cFUZ-6i83vs-unsplash-768x1024.jpg\" \/>\n<meta name=\"author\" content=\"Rodolfo Queiroz\" \/>\n<meta name=\"twitter:card\" content=\"summary_large_image\" \/>\n<meta name=\"twitter:creator\" content=\"@EstratConcursos\" \/>\n<meta name=\"twitter:site\" content=\"@EstratConcursos\" \/>\n<meta name=\"twitter:label1\" content=\"Escrito por\" \/>\n\t<meta name=\"twitter:data1\" content=\"Rodolfo Queiroz\" \/>\n\t<meta name=\"twitter:label2\" content=\"Est. tempo de leitura\" \/>\n\t<meta name=\"twitter:data2\" content=\"2 minutos\" \/>\n<script type=\"application\/ld+json\" class=\"yoast-schema-graph\">{\"@context\":\"https:\/\/schema.org\",\"@graph\":[{\"@type\":\"NewsArticle\",\"@id\":\"https:\/\/www.estrategiaconcursos.com.br\/blog\/caminho-das-pedras-dia-2\/#article\",\"isPartOf\":{\"@id\":\"https:\/\/www.estrategiaconcursos.com.br\/blog\/caminho-das-pedras-dia-2\/\"},\"author\":{\"name\":\"Rodolfo Queiroz\",\"@id\":\"https:\/\/www.estrategiaconcursos.com.br\/blog\/#\/schema\/person\/71c6849b8bf28e03aabb82ca72a794a5\"},\"headline\":\"DIA 2 da 1\u00aa Semana do Caminho das Pedras: Escolha a sua \u00e1rea!\",\"datePublished\":\"2020-05-04T20:14:32+00:00\",\"dateModified\":\"2023-02-10T18:50:35+00:00\",\"mainEntityOfPage\":{\"@id\":\"https:\/\/www.estrategiaconcursos.com.br\/blog\/caminho-das-pedras-dia-2\/\"},\"wordCount\":466,\"commentCount\":0,\"publisher\":{\"@id\":\"https:\/\/www.estrategiaconcursos.com.br\/blog\/#organization\"},\"image\":{\"@id\":\"https:\/\/www.estrategiaconcursos.com.br\/blog\/caminho-das-pedras-dia-2\/#primaryimage\"},\"thumbnailUrl\":\"https:\/\/www.estrategiaconcursos.com.br\/blog\/wp-content\/uploads\/2020\/05\/fahrul-azmi-cFUZ-6i83vs-unsplash-768x1024.jpg\",\"articleSection\":[\"Concursos P\u00fablicos\"],\"inLanguage\":\"pt-BR\",\"potentialAction\":[{\"@type\":\"CommentAction\",\"name\":\"Comment\",\"target\":[\"https:\/\/www.estrategiaconcursos.com.br\/blog\/caminho-das-pedras-dia-2\/#respond\"]}],\"copyrightYear\":\"2020\",\"copyrightHolder\":{\"@id\":\"https:\/\/www.estrategiaconcursos.com.br\/blog\/#organization\"}},{\"@type\":\"WebPage\",\"@id\":\"https:\/\/www.estrategiaconcursos.com.br\/blog\/caminho-das-pedras-dia-2\/\",\"url\":\"https:\/\/www.estrategiaconcursos.com.br\/blog\/caminho-das-pedras-dia-2\/\",\"name\":\"DIA 2 da 1\u00aa Semana do Caminho das Pedras: Escolha a sua \u00e1rea!\",\"isPartOf\":{\"@id\":\"https:\/\/www.estrategiaconcursos.com.br\/blog\/#website\"},\"primaryImageOfPage\":{\"@id\":\"https:\/\/www.estrategiaconcursos.com.br\/blog\/caminho-das-pedras-dia-2\/#primaryimage\"},\"image\":{\"@id\":\"https:\/\/www.estrategiaconcursos.com.br\/blog\/caminho-das-pedras-dia-2\/#primaryimage\"},\"thumbnailUrl\":\"https:\/\/www.estrategiaconcursos.com.br\/blog\/wp-content\/uploads\/2020\/05\/fahrul-azmi-cFUZ-6i83vs-unsplash-768x1024.jpg\",\"datePublished\":\"2020-05-04T20:14:32+00:00\",\"dateModified\":\"2023-02-10T18:50:35+00:00\",\"description\":\"Nesse 2\u00ba dia voc\u00ea ir\u00e1 conhecer os passos para decidir qual \u00e9 o seu cargo ideal, quais as principais carreiras, qual \u00e1rea escolher e dicas de como iniciar.\",\"breadcrumb\":{\"@id\":\"https:\/\/www.estrategiaconcursos.com.br\/blog\/caminho-das-pedras-dia-2\/#breadcrumb\"},\"inLanguage\":\"pt-BR\",\"potentialAction\":[{\"@type\":\"ReadAction\",\"target\":[\"https:\/\/www.estrategiaconcursos.com.br\/blog\/caminho-das-pedras-dia-2\/\"]}]},{\"@type\":\"ImageObject\",\"inLanguage\":\"pt-BR\",\"@id\":\"https:\/\/www.estrategiaconcursos.com.br\/blog\/caminho-das-pedras-dia-2\/#primaryimage\",\"url\":\"https:\/\/dhg1h5j42swfq.cloudfront.net\/2020\/05\/04165854\/fahrul-azmi-cFUZ-6i83vs-unsplash-scaled.jpg\",\"contentUrl\":\"https:\/\/dhg1h5j42swfq.cloudfront.net\/2020\/05\/04165854\/fahrul-azmi-cFUZ-6i83vs-unsplash-scaled.jpg\",\"width\":1920,\"height\":2560},{\"@type\":\"BreadcrumbList\",\"@id\":\"https:\/\/www.estrategiaconcursos.com.br\/blog\/caminho-das-pedras-dia-2\/#breadcrumb\",\"itemListElement\":[{\"@type\":\"ListItem\",\"position\":1,\"name\":\"In\u00edcio\",\"item\":\"https:\/\/www.estrategiaconcursos.com.br\/blog\/\"},{\"@type\":\"ListItem\",\"position\":2,\"name\":\"DIA 2 da 1\u00aa Semana do Caminho das Pedras: Escolha a sua \u00e1rea!\"}]},{\"@type\":\"WebSite\",\"@id\":\"https:\/\/www.estrategiaconcursos.com.br\/blog\/#website\",\"url\":\"https:\/\/www.estrategiaconcursos.com.br\/blog\/\",\"name\":\"Estrat\u00e9gia Concursos\",\"description\":\"O blog da Estrat\u00e9gia Concursos traz not\u00edcias sobre concursos e artigos de professores oferecendo cursos para concursos (pdf + videaulas) no site.\",\"publisher\":{\"@id\":\"https:\/\/www.estrategiaconcursos.com.br\/blog\/#organization\"},\"potentialAction\":[{\"@type\":\"SearchAction\",\"target\":{\"@type\":\"EntryPoint\",\"urlTemplate\":\"https:\/\/www.estrategiaconcursos.com.br\/blog\/?s={search_term_string}\"},\"query-input\":{\"@type\":\"PropertyValueSpecification\",\"valueRequired\":true,\"valueName\":\"search_term_string\"}}],\"inLanguage\":\"pt-BR\"},{\"@type\":\"Organization\",\"@id\":\"https:\/\/www.estrategiaconcursos.com.br\/blog\/#organization\",\"name\":\"Estrat\u00e9gia Concursos\",\"url\":\"https:\/\/www.estrategiaconcursos.com.br\/blog\/\",\"logo\":{\"@type\":\"ImageObject\",\"inLanguage\":\"pt-BR\",\"@id\":\"https:\/\/www.estrategiaconcursos.com.br\/blog\/#\/schema\/logo\/image\/\",\"url\":\"https:\/\/dhg1h5j42swfq.cloudfront.net\/2025\/06\/03203428\/logo_concursos-1.jpg\",\"contentUrl\":\"https:\/\/dhg1h5j42swfq.cloudfront.net\/2025\/06\/03203428\/logo_concursos-1.jpg\",\"width\":230,\"height\":60,\"caption\":\"Estrat\u00e9gia Concursos\"},\"image\":{\"@id\":\"https:\/\/www.estrategiaconcursos.com.br\/blog\/#\/schema\/logo\/image\/\"},\"sameAs\":[\"https:\/\/x.com\/EstratConcursos\"]},{\"@type\":\"Person\",\"@id\":\"https:\/\/www.estrategiaconcursos.com.br\/blog\/#\/schema\/person\/71c6849b8bf28e03aabb82ca72a794a5\",\"name\":\"Rodolfo Queiroz\",\"image\":{\"@type\":\"ImageObject\",\"inLanguage\":\"pt-BR\",\"@id\":\"https:\/\/secure.gravatar.com\/avatar\/5f08a279f12fef20e95e2592261b86004f5c49356bef3034af370d317393c44f?s=96&d=mm&r=g\",\"url\":\"https:\/\/secure.gravatar.com\/avatar\/5f08a279f12fef20e95e2592261b86004f5c49356bef3034af370d317393c44f?s=96&d=mm&r=g\",\"contentUrl\":\"https:\/\/secure.gravatar.com\/avatar\/5f08a279f12fef20e95e2592261b86004f5c49356bef3034af370d317393c44f?s=96&d=mm&r=g\",\"caption\":\"Rodolfo Queiroz\"},\"url\":\"https:\/\/www.estrategiaconcursos.com.br\/blog\/author\/rodolfo-f-c-l-qgmail-com\/\"}]}<\/script>\n<!-- \/ Yoast SEO Premium plugin. -->","yoast_head_json":{"title":"DIA 2 da 1\u00aa Semana do Caminho das Pedras: Escolha a sua \u00e1rea!","description":"Nesse 2\u00ba dia voc\u00ea ir\u00e1 conhecer os passos para decidir qual \u00e9 o seu cargo ideal, quais as principais carreiras, qual \u00e1rea escolher e dicas de como iniciar.","robots":{"index":"index","follow":"follow","max-snippet":"max-snippet:-1","max-image-preview":"max-image-preview:large","max-video-preview":"max-video-preview:-1"},"canonical":"https:\/\/www.estrategiaconcursos.com.br\/blog\/caminho-das-pedras-dia-2\/","og_locale":"pt_BR","og_type":"article","og_title":"DIA 2 da 1\u00aa Semana do Caminho das Pedras: Escolha a sua \u00e1rea!","og_description":"Nesse 2\u00ba dia voc\u00ea ir\u00e1 conhecer os passos para decidir qual \u00e9 o seu cargo ideal, quais as principais carreiras, qual \u00e1rea escolher e dicas de como iniciar.","og_url":"https:\/\/www.estrategiaconcursos.com.br\/blog\/caminho-das-pedras-dia-2\/","og_site_name":"Estrat\u00e9gia Concursos","article_published_time":"2020-05-04T20:14:32+00:00","article_modified_time":"2023-02-10T18:50:35+00:00","og_image":[{"url":"https:\/\/www.estrategiaconcursos.com.br\/blog\/wp-content\/uploads\/2020\/05\/fahrul-azmi-cFUZ-6i83vs-unsplash-768x1024.jpg","type":"","width":"","height":""}],"author":"Rodolfo Queiroz","twitter_card":"summary_large_image","twitter_creator":"@EstratConcursos","twitter_site":"@EstratConcursos","twitter_misc":{"Escrito por":"Rodolfo Queiroz","Est. tempo de leitura":"2 minutos"},"schema":{"@context":"https:\/\/schema.org","@graph":[{"@type":"NewsArticle","@id":"https:\/\/www.estrategiaconcursos.com.br\/blog\/caminho-das-pedras-dia-2\/#article","isPartOf":{"@id":"https:\/\/www.estrategiaconcursos.com.br\/blog\/caminho-das-pedras-dia-2\/"},"author":{"name":"Rodolfo Queiroz","@id":"https:\/\/www.estrategiaconcursos.com.br\/blog\/#\/schema\/person\/71c6849b8bf28e03aabb82ca72a794a5"},"headline":"DIA 2 da 1\u00aa Semana do Caminho das Pedras: Escolha a sua \u00e1rea!","datePublished":"2020-05-04T20:14:32+00:00","dateModified":"2023-02-10T18:50:35+00:00","mainEntityOfPage":{"@id":"https:\/\/www.estrategiaconcursos.com.br\/blog\/caminho-das-pedras-dia-2\/"},"wordCount":466,"commentCount":0,"publisher":{"@id":"https:\/\/www.estrategiaconcursos.com.br\/blog\/#organization"},"image":{"@id":"https:\/\/www.estrategiaconcursos.com.br\/blog\/caminho-das-pedras-dia-2\/#primaryimage"},"thumbnailUrl":"https:\/\/www.estrategiaconcursos.com.br\/blog\/wp-content\/uploads\/2020\/05\/fahrul-azmi-cFUZ-6i83vs-unsplash-768x1024.jpg","articleSection":["Concursos P\u00fablicos"],"inLanguage":"pt-BR","potentialAction":[{"@type":"CommentAction","name":"Comment","target":["https:\/\/www.estrategiaconcursos.com.br\/blog\/caminho-das-pedras-dia-2\/#respond"]}],"copyrightYear":"2020","copyrightHolder":{"@id":"https:\/\/www.estrategiaconcursos.com.br\/blog\/#organization"}},{"@type":"WebPage","@id":"https:\/\/www.estrategiaconcursos.com.br\/blog\/caminho-das-pedras-dia-2\/","url":"https:\/\/www.estrategiaconcursos.com.br\/blog\/caminho-das-pedras-dia-2\/","name":"DIA 2 da 1\u00aa Semana do Caminho das Pedras: Escolha a sua \u00e1rea!","isPartOf":{"@id":"https:\/\/www.estrategiaconcursos.com.br\/blog\/#website"},"primaryImageOfPage":{"@id":"https:\/\/www.estrategiaconcursos.com.br\/blog\/caminho-das-pedras-dia-2\/#primaryimage"},"image":{"@id":"https:\/\/www.estrategiaconcursos.com.br\/blog\/caminho-das-pedras-dia-2\/#primaryimage"},"thumbnailUrl":"https:\/\/www.estrategiaconcursos.com.br\/blog\/wp-content\/uploads\/2020\/05\/fahrul-azmi-cFUZ-6i83vs-unsplash-768x1024.jpg","datePublished":"2020-05-04T20:14:32+00:00","dateModified":"2023-02-10T18:50:35+00:00","description":"Nesse 2\u00ba dia voc\u00ea ir\u00e1 conhecer os passos para decidir qual \u00e9 o seu cargo ideal, quais as principais carreiras, qual \u00e1rea escolher e dicas de como iniciar.","breadcrumb":{"@id":"https:\/\/www.estrategiaconcursos.com.br\/blog\/caminho-das-pedras-dia-2\/#breadcrumb"},"inLanguage":"pt-BR","potentialAction":[{"@type":"ReadAction","target":["https:\/\/www.estrategiaconcursos.com.br\/blog\/caminho-das-pedras-dia-2\/"]}]},{"@type":"ImageObject","inLanguage":"pt-BR","@id":"https:\/\/www.estrategiaconcursos.com.br\/blog\/caminho-das-pedras-dia-2\/#primaryimage","url":"https:\/\/dhg1h5j42swfq.cloudfront.net\/2020\/05\/04165854\/fahrul-azmi-cFUZ-6i83vs-unsplash-scaled.jpg","contentUrl":"https:\/\/dhg1h5j42swfq.cloudfront.net\/2020\/05\/04165854\/fahrul-azmi-cFUZ-6i83vs-unsplash-scaled.jpg","width":1920,"height":2560},{"@type":"BreadcrumbList","@id":"https:\/\/www.estrategiaconcursos.com.br\/blog\/caminho-das-pedras-dia-2\/#breadcrumb","itemListElement":[{"@type":"ListItem","position":1,"name":"In\u00edcio","item":"https:\/\/www.estrategiaconcursos.com.br\/blog\/"},{"@type":"ListItem","position":2,"name":"DIA 2 da 1\u00aa Semana do Caminho das Pedras: Escolha a sua \u00e1rea!"}]},{"@type":"WebSite","@id":"https:\/\/www.estrategiaconcursos.com.br\/blog\/#website","url":"https:\/\/www.estrategiaconcursos.com.br\/blog\/","name":"Estrat\u00e9gia Concursos","description":"O blog da Estrat\u00e9gia Concursos traz not\u00edcias sobre concursos e artigos de professores oferecendo cursos para concursos (pdf + videaulas) no site.","publisher":{"@id":"https:\/\/www.estrategiaconcursos.com.br\/blog\/#organization"},"potentialAction":[{"@type":"SearchAction","target":{"@type":"EntryPoint","urlTemplate":"https:\/\/www.estrategiaconcursos.com.br\/blog\/?s={search_term_string}"},"query-input":{"@type":"PropertyValueSpecification","valueRequired":true,"valueName":"search_term_string"}}],"inLanguage":"pt-BR"},{"@type":"Organization","@id":"https:\/\/www.estrategiaconcursos.com.br\/blog\/#organization","name":"Estrat\u00e9gia Concursos","url":"https:\/\/www.estrategiaconcursos.com.br\/blog\/","logo":{"@type":"ImageObject","inLanguage":"pt-BR","@id":"https:\/\/www.estrategiaconcursos.com.br\/blog\/#\/schema\/logo\/image\/","url":"https:\/\/dhg1h5j42swfq.cloudfront.net\/2025\/06\/03203428\/logo_concursos-1.jpg","contentUrl":"https:\/\/dhg1h5j42swfq.cloudfront.net\/2025\/06\/03203428\/logo_concursos-1.jpg","width":230,"height":60,"caption":"Estrat\u00e9gia Concursos"},"image":{"@id":"https:\/\/www.estrategiaconcursos.com.br\/blog\/#\/schema\/logo\/image\/"},"sameAs":["https:\/\/x.com\/EstratConcursos"]},{"@type":"Person","@id":"https:\/\/www.estrategiaconcursos.com.br\/blog\/#\/schema\/person\/71c6849b8bf28e03aabb82ca72a794a5","name":"Rodolfo Queiroz","image":{"@type":"ImageObject","inLanguage":"pt-BR","@id":"https:\/\/secure.gravatar.com\/avatar\/5f08a279f12fef20e95e2592261b86004f5c49356bef3034af370d317393c44f?s=96&d=mm&r=g","url":"https:\/\/secure.gravatar.com\/avatar\/5f08a279f12fef20e95e2592261b86004f5c49356bef3034af370d317393c44f?s=96&d=mm&r=g","contentUrl":"https:\/\/secure.gravatar.com\/avatar\/5f08a279f12fef20e95e2592261b86004f5c49356bef3034af370d317393c44f?s=96&d=mm&r=g","caption":"Rodolfo Queiroz"},"url":"https:\/\/www.estrategiaconcursos.com.br\/blog\/author\/rodolfo-f-c-l-qgmail-com\/"}]}},"_links":{"self":[{"href":"https:\/\/www.estrategiaconcursos.com.br\/blog\/wp-json\/wp\/v2\/posts\/510311","targetHints":{"allow":["GET"]}}],"collection":[{"href":"https:\/\/www.estrategiaconcursos.com.br\/blog\/wp-json\/wp\/v2\/posts"}],"about":[{"href":"https:\/\/www.estrategiaconcursos.com.br\/blog\/wp-json\/wp\/v2\/types\/post"}],"author":[{"embeddable":true,"href":"https:\/\/www.estrategiaconcursos.com.br\/blog\/wp-json\/wp\/v2\/users\/1084"}],"replies":[{"embeddable":true,"href":"https:\/\/www.estrategiaconcursos.com.br\/blog\/wp-json\/wp\/v2\/comments?post=510311"}],"version-history":[{"count":5,"href":"https:\/\/www.estrategiaconcursos.com.br\/blog\/wp-json\/wp\/v2\/posts\/510311\/revisions"}],"predecessor-version":[{"id":1169390,"href":"https:\/\/www.estrategiaconcursos.com.br\/blog\/wp-json\/wp\/v2\/posts\/510311\/revisions\/1169390"}],"wp:attachment":[{"href":"https:\/\/www.estrategiaconcursos.com.br\/blog\/wp-json\/wp\/v2\/media?parent=510311"}],"wp:term":[{"taxonomy":"category","embeddable":true,"href":"https:\/\/www.estrategiaconcursos.com.br\/blog\/wp-json\/wp\/v2\/categories?post=510311"},{"taxonomy":"post_tag","embeddable":true,"href":"https:\/\/www.estrategiaconcursos.com.br\/blog\/wp-json\/wp\/v2\/tags?post=510311"},{"taxonomy":"tax_estado","embeddable":true,"href":"https:\/\/www.estrategiaconcursos.com.br\/blog\/wp-json\/wp\/v2\/tax_estado?post=510311"}],"curies":[{"name":"wp","href":"https:\/\/api.w.org\/{rel}","templated":true}]}}